{"id":9907,"date":"2019-12-24T12:06:46","date_gmt":"2019-12-24T11:06:46","guid":{"rendered":"https:\/\/prod.bymycar.fr\/webzine\/?p=9907"},"modified":"2020-01-30T15:38:40","modified_gmt":"2020-01-30T14:38:40","slug":"nouveau-renault-captur","status":"publish","type":"post","link":"https:\/\/www.bymycar.fr\/webzine\/nouveau-renault-captur\/","title":{"rendered":"Nouveau Renault Captur"},"content":{"rendered":"","protected":false},"excerpt":{"rendered":"","protected":false},"author":9,"featured_media":9909,"comment_status":"closed","ping_status":"open","sticky":false,"template":"","format":"standard","meta":{"_acf_changed":false,"footnotes":""},"categories":[2],"tags":[],"class_list":["post-9907","post","type-post","status-publish","format-standard","has-post-thumbnail","hentry","category-lactu-des-marques"],"acf":{"template":"classique","introduction":"<p style=\"text-align: justify;\">Pr\u00e9curseur sur le march\u00e9 des <strong>SUV urbains<\/strong>, <strong>Nouveau Renault CAPTUR<\/strong> s&rsquo;am\u00e9liore en proposant de multiples nouveaut\u00e9s, tout en gardant l&rsquo;esprit de la pr\u00e9c\u00e9dente g\u00e9n\u00e9ration, qui a garanti son succ\u00e8s. Ainsi, la nouvelle auto fran\u00e7aise, disponible en quatre versions (Life, Zen, Intens et Initiale Paris) pr\u00e9sente un aspect ext\u00e9rieur transform\u00e9, notamment gr\u00e2ce \u00e0 un design repens\u00e9 et des finitions soign\u00e9es. Par exemple, l&rsquo;un des nouveaux d\u00e9tails esth\u00e9tiques marquants est la signature lumineuse en forme de \u00ab C \u00bb (rappelant Captur) gr\u00e2ce \u00e0 un \u00e9clairage 100 % LED. Plusieurs changements ont \u00e9t\u00e9 op\u00e9r\u00e9s sur ce nouveau mod\u00e8le et c&rsquo;est principalement au niveau int\u00e9rieur, de l&rsquo;habitacle donc, que l&rsquo;on constate de v\u00e9ritables innovations.<\/p>\n","strates":[{"type_strate":"texte-simple","ancre":"","contenu":"<p><img loading=\"lazy\" decoding=\"async\" class=\"aligncenter size-large wp-image-9909\" src=\"https:\/\/cdn.bymycar.eu\/fr-webzine\/wp-content\/uploads\/medias\/2019\/12\/captur-compressor-1024x683.jpg\" alt=\"Nouveau Renault Captur\" width=\"1024\" height=\"683\" srcset=\"https:\/\/cdn.bymycar.eu\/fr-webzine\/wp-content\/uploads\/medias\/2019\/12\/captur-compressor.jpg 1024w, https:\/\/cdn.bymycar.eu\/fr-webzine\/wp-content\/uploads\/medias\/2019\/12\/captur-compressor.jpg 300w, https:\/\/cdn.bymycar.eu\/fr-webzine\/wp-content\/uploads\/medias\/2019\/12\/captur-compressor.jpg 768w, https:\/\/cdn.bymycar.eu\/fr-webzine\/wp-content\/uploads\/medias\/2019\/12\/captur-compressor.jpg 270w\" sizes=\"(max-width: 1024px) 100vw, 1024px\" \/><\/p>\n<p style=\"text-align: justify;\">En effet, ce SUV est \u00e9quip\u00e9 des derni\u00e8res technologies de pointe. Un virage r\u00e9solument num\u00e9rique choisi par le constructeur qui vise \u00e0 garantir une assistance et un confort optimum aux passagers ainsi qu\u2019un conducteur. A ce titre, un \u00e9cran multim\u00e9dia tactile vertical de 9,3 pouces faisant office de tableau de bord y est int\u00e9gr\u00e9, comptant parmi le plus grand dans sa cat\u00e9gorie. Plus commun\u00e9ment appel\u00e9 \u00ab smart cockpit \u00bb, ce dernier a \u00e9t\u00e9 pens\u00e9 de fa\u00e7on \u00e0 \u00eatre ultra ergonomique et moderne. Ainsi pour revenir \u00e0 l\u2019aspect technologique, profitez d\u2019un nouveau syst\u00e8me multim\u00e9dia \u00ab easy link \u00bb. Gr\u00e2ce \u00e0 l\u2019\u00e9cran tactile mentionn\u00e9 pr\u00e9c\u00e9demment, il est notamment possible d\u2019acc\u00e9der aux applications contenues dans votre smartphone \u00e0 l\u2019aide des technologies int\u00e9gr\u00e9es \u00ab Android Auto \u00bb et \u00ab Apple CarPlay \u00bb. Ce n\u2019est pas tout, Renault a souhait\u00e9 allier s\u00e9curit\u00e9 et \u00e9quipements multim\u00e9dias. Ainsi, Nouveau Captur se focalise \u00e9galement sur les aides apport\u00e9es lors de la conduite, afin de garantir un maximum de confiance et de s\u00e9r\u00e9nit\u00e9. En tant que conducteur, outre le fameux syst\u00e8me \u00ab easy park assist \u00bb, profitez de l\u2019assistance autoroute &amp; trafic, tr\u00e8s utile lorsque vous vous trouvez sur l\u2019autoroute ou bien dans les embouteillages. Autre exemple, gr\u00e2ce \u00e0 la 4G disponible au sein de l\u2019habitacle, il est d\u00e9sormais possible de d\u00e9clencher un appel d\u2019urgence en cas d\u2019accident. Enfin, le choix d\u2019un syst\u00e8me audio Bose (9 haut-parleurs) vient \u00e9galement parfaire la qualit\u00e9 propos\u00e9e.<\/p>\n<p style=\"text-align: justify;\">En ce qui concerne l\u2019aspect visuel int\u00e9rieur, cela ressemble \u00e0 un v\u00e9ritable cocon dans lequel on se sent tr\u00e8s vite \u00e0 son aise. Les changements de rev\u00eatements et les finitions apport\u00e9s sur certains \u00e9quipements (rev\u00eatements mousses, cuir, bois etc) t\u00e9moignent d\u2019une mont\u00e9e en gamme certaine, tout en combinant une fois encore esth\u00e9tique et confort. En t\u00e9moigne par exemple les si\u00e8ges et le volant chauffants.<br \/>\nA propos de la banquette arri\u00e8re coulissante, v\u00e9ritable atout permettant de se d\u00e9marquer de ses concurrents et ayant s\u00e9duit de nombreuses personnes, Nouveau Captur a non seulement gard\u00e9 l\u2019id\u00e9e, mais l\u2019a \u00e9galement am\u00e9lior\u00e9e. En effet, ce nouveau mod\u00e8le \u00e9tant plus grand de 11 cm compar\u00e9 au pr\u00e9c\u00e9dent (pour une longueur de 4,23 m\u00e8tres), cela offre plus d\u2019espace \u00e0 l\u2019arri\u00e8re, et permet de rabattre la banquette sur 16 cm. Ainsi, gr\u00e2ce \u00e0 cette innovation, la capacit\u00e9 du coffre est comprise entre 422 et 536 litres, un record dans cette cat\u00e9gorie de SUV (comptez jusque 1275 litres lorsque la banquette est rabattue enti\u00e8rement !).<\/p>\n<p style=\"text-align: justify;\">Concernant la partie technique, la gamme diesel est compos\u00e9e de deux motorisations : deux Blue dCi de 95 et 115 chevaux. La gamme essence comporte elle trois types de motorisation, que sont : TCE 100, 130 et 155 chevaux. Ce dernier moteur, plus puissant, est sup\u00e9rieur de 5 chevaux compar\u00e9 au mod\u00e8le pr\u00e9c\u00e9dent et n\u2019est disponible que pour les versions Intens et Initiale Paris (les plus pouss\u00e9es). De ce fait, comptez une transmission \u00e0 double rapport EDC \u00e0 sept rapports, contre six auparavant (donc bo\u00eete manuelle).<br \/>\nCes diff\u00e9rents motorisations, alli\u00e9es \u00e0 des jantes en alliage 18 pouces permettent \u00e0 ce SUV urbain de garantir une excellente tenue de route, ainsi qu\u2019un maintien constant de la trajectoire notamment lors d\u2019un freinage actif d\u2019urgence.<\/p>\n<p style=\"text-align: justify;\">Enfin, n\u2019h\u00e9sitez pas \u00e0 comparer toutes les fonctionnalit\u00e9s et options disponibles (allumage automatique des phares avec capteur de luminosit\u00e9, allumage automatique des essuie-glaces, r\u00e9gulateur de vitesse, freinage automatique d\u2019urgence etc) selon le mod\u00e8le (Life, Zen, Intens, Initiale Paris), afin d\u2019effectuer le meilleur choix !<\/p>\n","titre":"","image":false,"image_libre":false,"image_800x500":false,"legende":"","zoom":false,"texte":"","articles":false,"categorie_droite":false,"images":false,"elements_comparatif":false,"texte_1":"","texte_2":"","image_1":false,"image_1_563x400":false,"image_1_332x332":false,"image_2":false,"image_2_333x240":false,"image_2_563x400":false,"image_3":false,"image_3_333x240":false,"image_3_332x450":false,"image_4":false,"image_4_332x332":false,"image_4_563x400":false,"code_embed":"","legende_video":"","photo":false,"photo_100x100":false,"nom":"","fonction":"","elements_timeline":false,"entetes_colonnes":false,"entetes_lignes":false,"lignes":false,"introduction":"","formulaire":false,"question":"","reponse":"","libelle_bouton_lien":"","url_lien":"","questions":false,"conclusions":false,"pays":false,"region":false,"marque":false,"marqueConcessions":false,"modele":false,"ptvente":false,"typeV":false,"collection":false,"nombre_maximum_elements":10,"lien_fin_carousel":"","texte_lien_fin_carousel":"","trier_par":false}],"is_old_post":false,"image":{"ID":9909,"id":9909,"title":"captur-compressor","filename":"captur-compressor.jpg","filesize":1,"url":"https:\/\/cdn.bymycar.eu\/fr-webzine\/wp-content\/uploads\/medias\/2019\/12\/captur-compressor.jpg","link":"https:\/\/www.bymycar.fr\/webzine\/nouveau-renault-captur\/captur-compressor\/","alt":"Nouveau Renault Captur","author":"9","description":"","caption":"","name":"captur-compressor","status":"inherit","uploaded_to":9907,"date":"2019-12-24 11:02:48","modified":"2019-12-24 11:03:03","menu_order":0,"mime_type":"image\/jpeg","type":"image","subtype":"jpeg","icon":"https:\/\/www.bymycar.fr\/webzine\/wp-includes\/images\/media\/default.png","width":4000,"height":2667,"sizes":{"thumbnail":"https:\/\/cdn.bymycar.eu\/fr-webzine\/wp-content\/uploads\/medias\/2019\/12\/captur-compressor-150x150.jpg","thumbnail-width":150,"thumbnail-height":150,"medium":"https:\/\/cdn.bymycar.eu\/fr-webzine\/wp-content\/uploads\/medias\/2019\/12\/captur-compressor-300x200.jpg","medium-width":300,"medium-height":200,"medium_large":"https:\/\/cdn.bymycar.eu\/fr-webzine\/wp-content\/uploads\/medias\/2019\/12\/captur-compressor-768x512.jpg","medium_large-width":768,"medium_large-height":512,"large":"https:\/\/cdn.bymycar.eu\/fr-webzine\/wp-content\/uploads\/medias\/2019\/12\/captur-compressor-1024x683.jpg","large-width":1024,"large-height":683,"1536x1536":"https:\/\/cdn.bymycar.eu\/fr-webzine\/wp-content\/uploads\/medias\/2019\/12\/captur-compressor.jpg","1536x1536-width":1536,"1536x1536-height":1024,"2048x2048":"https:\/\/cdn.bymycar.eu\/fr-webzine\/wp-content\/uploads\/medias\/2019\/12\/captur-compressor.jpg","2048x2048-width":2048,"2048x2048-height":1366}},"page_content":{"block_content":[{"acf_fc_layout":"text-simple","--nav":{"-withNav":false,"-ancre":""},"--group":{"-text":"<p><img loading=\"lazy\" decoding=\"async\" class=\"aligncenter size-large wp-image-9909\" src=\"https:\/\/cdn.bymycar.eu\/fr-webzine\/wp-content\/uploads\/medias\/2019\/12\/captur-compressor-1024x683.jpg\" alt=\"Nouveau Renault Captur\" width=\"1024\" height=\"683\" srcset=\"https:\/\/cdn.bymycar.eu\/fr-webzine\/wp-content\/uploads\/medias\/2019\/12\/captur-compressor-1024x683.jpg 1024w, https:\/\/cdn.bymycar.eu\/fr-webzine\/wp-content\/uploads\/medias\/2019\/12\/captur-compressor-300x200.jpg 300w, https:\/\/cdn.bymycar.eu\/fr-webzine\/wp-content\/uploads\/medias\/2019\/12\/captur-compressor-768x512.jpg 768w, https:\/\/cdn.bymycar.eu\/fr-webzine\/wp-content\/uploads\/medias\/2019\/12\/captur-compressor-270x180.jpg 270w\" sizes=\"(max-width: 1024px) 100vw, 1024px\" \/><\/p>\n<p style=\"text-align: justify;\">En effet, ce SUV est \u00e9quip\u00e9 des derni\u00e8res technologies de pointe. Un virage r\u00e9solument num\u00e9rique choisi par le constructeur qui vise \u00e0 garantir une assistance et un confort optimum aux passagers ainsi qu\u2019un conducteur. A ce titre, un \u00e9cran multim\u00e9dia tactile vertical de 9,3 pouces faisant office de tableau de bord y est int\u00e9gr\u00e9, comptant parmi le plus grand dans sa cat\u00e9gorie. Plus commun\u00e9ment appel\u00e9 \u00ab smart cockpit \u00bb, ce dernier a \u00e9t\u00e9 pens\u00e9 de fa\u00e7on \u00e0 \u00eatre ultra ergonomique et moderne. Ainsi pour revenir \u00e0 l\u2019aspect technologique, profitez d\u2019un nouveau syst\u00e8me multim\u00e9dia \u00ab easy link \u00bb. Gr\u00e2ce \u00e0 l\u2019\u00e9cran tactile mentionn\u00e9 pr\u00e9c\u00e9demment, il est notamment possible d\u2019acc\u00e9der aux applications contenues dans votre smartphone \u00e0 l\u2019aide des technologies int\u00e9gr\u00e9es \u00ab Android Auto \u00bb et \u00ab Apple CarPlay \u00bb. Ce n\u2019est pas tout, Renault a souhait\u00e9 allier s\u00e9curit\u00e9 et \u00e9quipements multim\u00e9dias. Ainsi, Nouveau Captur se focalise \u00e9galement sur les aides apport\u00e9es lors de la conduite, afin de garantir un maximum de confiance et de s\u00e9r\u00e9nit\u00e9. En tant que conducteur, outre le fameux syst\u00e8me \u00ab easy park assist \u00bb, profitez de l\u2019assistance autoroute &amp; trafic, tr\u00e8s utile lorsque vous vous trouvez sur l\u2019autoroute ou bien dans les embouteillages. Autre exemple, gr\u00e2ce \u00e0 la 4G disponible au sein de l\u2019habitacle, il est d\u00e9sormais possible de d\u00e9clencher un appel d\u2019urgence en cas d\u2019accident. Enfin, le choix d\u2019un syst\u00e8me audio Bose (9 haut-parleurs) vient \u00e9galement parfaire la qualit\u00e9 propos\u00e9e.<\/p>\n<p style=\"text-align: justify;\">En ce qui concerne l\u2019aspect visuel int\u00e9rieur, cela ressemble \u00e0 un v\u00e9ritable cocon dans lequel on se sent tr\u00e8s vite \u00e0 son aise. Les changements de rev\u00eatements et les finitions apport\u00e9s sur certains \u00e9quipements (rev\u00eatements mousses, cuir, bois etc) t\u00e9moignent d\u2019une mont\u00e9e en gamme certaine, tout en combinant une fois encore esth\u00e9tique et confort. En t\u00e9moigne par exemple les si\u00e8ges et le volant chauffants.<br \/>\nA propos de la banquette arri\u00e8re coulissante, v\u00e9ritable atout permettant de se d\u00e9marquer de ses concurrents et ayant s\u00e9duit de nombreuses personnes, Nouveau Captur a non seulement gard\u00e9 l\u2019id\u00e9e, mais l\u2019a \u00e9galement am\u00e9lior\u00e9e. En effet, ce nouveau mod\u00e8le \u00e9tant plus grand de 11 cm compar\u00e9 au pr\u00e9c\u00e9dent (pour une longueur de 4,23 m\u00e8tres), cela offre plus d\u2019espace \u00e0 l\u2019arri\u00e8re, et permet de rabattre la banquette sur 16 cm. Ainsi, gr\u00e2ce \u00e0 cette innovation, la capacit\u00e9 du coffre est comprise entre 422 et 536 litres, un record dans cette cat\u00e9gorie de SUV (comptez jusque 1275 litres lorsque la banquette est rabattue enti\u00e8rement !).<\/p>\n<p style=\"text-align: justify;\">Concernant la partie technique, la gamme diesel est compos\u00e9e de deux motorisations : deux Blue dCi de 95 et 115 chevaux. La gamme essence comporte elle trois types de motorisation, que sont : TCE 100, 130 et 155 chevaux. Ce dernier moteur, plus puissant, est sup\u00e9rieur de 5 chevaux compar\u00e9 au mod\u00e8le pr\u00e9c\u00e9dent et n\u2019est disponible que pour les versions Intens et Initiale Paris (les plus pouss\u00e9es). De ce fait, comptez une transmission \u00e0 double rapport EDC \u00e0 sept rapports, contre six auparavant (donc bo\u00eete manuelle).<br \/>\nCes diff\u00e9rents motorisations, alli\u00e9es \u00e0 des jantes en alliage 18 pouces permettent \u00e0 ce SUV urbain de garantir une excellente tenue de route, ainsi qu\u2019un maintien constant de la trajectoire notamment lors d\u2019un freinage actif d\u2019urgence.<\/p>\n<p style=\"text-align: justify;\">Enfin, n\u2019h\u00e9sitez pas \u00e0 comparer toutes les fonctionnalit\u00e9s et options disponibles (allumage automatique des phares avec capteur de luminosit\u00e9, allumage automatique des essuie-glaces, r\u00e9gulateur de vitesse, freinage automatique d\u2019urgence etc) selon le mod\u00e8le (Life, Zen, Intens, Initiale Paris), afin d\u2019effectuer le meilleur choix !<\/p>\n"}}]},"add-carousel-to-footer":true},"yoast_head":"<!-- This site is optimized with the Yoast SEO Premium plugin v26.4 (Yoast SEO v26.4) - https:\/\/yoast.com\/wordpress\/plugins\/seo\/ -->\n<title>Nouveau Renault Captur : nouveau design, toujours autant de plaisir<\/title>\n<meta name=\"description\" content=\"D\u00e9couvrez le Nouveau Renault Captur dans les concessions automobiles connect\u00e9es BYmyCAR. Le SUV urbain incontournable est de retour !\" \/>\n<meta name=\"robots\" content=\"index, follow, max-snippet:-1, max-image-preview:large, max-video-preview:-1\" \/>\n<link rel=\"canonical\" href=\"https:\/\/www.bymycar.fr\/webzine\/nouveau-renault-captur\/\" \/>\n<meta property=\"og:locale\" content=\"fr_FR\" \/>\n<meta property=\"og:type\" content=\"article\" \/>\n<meta property=\"og:title\" content=\"Nouveau Renault Captur\" \/>\n<meta property=\"og:description\" content=\"D\u00e9couvrez le Nouveau Renault Captur dans les concessions automobiles connect\u00e9es BYmyCAR. Le SUV urbain incontournable est de retour !\" \/>\n<meta property=\"og:url\" content=\"https:\/\/www.bymycar.fr\/webzine\/nouveau-renault-captur\/\" \/>\n<meta property=\"og:site_name\" content=\"Webzine auto BYmyCAR\" \/>\n<meta property=\"article:published_time\" content=\"2019-12-24T11:06:46+00:00\" \/>\n<meta property=\"article:modified_time\" content=\"2020-01-30T14:38:40+00:00\" \/>\n<meta property=\"og:image\" content=\"https:\/\/cdn.bymycar.eu\/fr-webzine\/wp-content\/uploads\/medias\/2019\/12\/captur-compressor.jpg\" \/>\n\t<meta property=\"og:image:width\" content=\"4000\" \/>\n\t<meta property=\"og:image:height\" content=\"2667\" \/>\n\t<meta property=\"og:image:type\" content=\"image\/jpeg\" \/>\n<meta name=\"author\" content=\"Gregoire LE BIHAN\" \/>\n<meta name=\"twitter:card\" content=\"summary_large_image\" \/>\n<meta name=\"twitter:label1\" content=\"\u00c9crit par\" \/>\n\t<meta name=\"twitter:data1\" content=\"Gregoire LE BIHAN\" \/>\n<script type=\"application\/ld+json\" class=\"yoast-schema-graph\">{\"@context\":\"https:\/\/schema.org\",\"@graph\":[{\"@type\":\"Article\",\"@id\":\"https:\/\/www.bymycar.fr\/webzine\/nouveau-renault-captur\/#article\",\"isPartOf\":{\"@id\":\"https:\/\/www.bymycar.fr\/webzine\/nouveau-renault-captur\/\"},\"author\":{\"name\":\"Gregoire LE BIHAN\",\"@id\":\"https:\/\/www.bymycar.fr\/webzine\/#\/schema\/person\/8c56906440ec126868bd40232b3445f0\"},\"headline\":\"Nouveau Renault Captur\",\"datePublished\":\"2019-12-24T11:06:46+00:00\",\"dateModified\":\"2020-01-30T14:38:40+00:00\",\"mainEntityOfPage\":{\"@id\":\"https:\/\/www.bymycar.fr\/webzine\/nouveau-renault-captur\/\"},\"wordCount\":3,\"publisher\":{\"@id\":\"https:\/\/www.bymycar.fr\/webzine\/#organization\"},\"image\":{\"@id\":\"https:\/\/www.bymycar.fr\/webzine\/nouveau-renault-captur\/#primaryimage\"},\"thumbnailUrl\":\"https:\/\/cdn.bymycar.eu\/fr-webzine\/wp-content\/uploads\/medias\/2019\/12\/captur-compressor.jpg\",\"articleSection\":[\"L'actu des marques\"],\"inLanguage\":\"fr-FR\"},{\"@type\":\"WebPage\",\"@id\":\"https:\/\/www.bymycar.fr\/webzine\/nouveau-renault-captur\/\",\"url\":\"https:\/\/www.bymycar.fr\/webzine\/nouveau-renault-captur\/\",\"name\":\"Nouveau Renault Captur : nouveau design, toujours autant de plaisir\",\"isPartOf\":{\"@id\":\"https:\/\/www.bymycar.fr\/webzine\/#website\"},\"primaryImageOfPage\":{\"@id\":\"https:\/\/www.bymycar.fr\/webzine\/nouveau-renault-captur\/#primaryimage\"},\"image\":{\"@id\":\"https:\/\/www.bymycar.fr\/webzine\/nouveau-renault-captur\/#primaryimage\"},\"thumbnailUrl\":\"https:\/\/cdn.bymycar.eu\/fr-webzine\/wp-content\/uploads\/medias\/2019\/12\/captur-compressor.jpg\",\"datePublished\":\"2019-12-24T11:06:46+00:00\",\"dateModified\":\"2020-01-30T14:38:40+00:00\",\"description\":\"D\u00e9couvrez le Nouveau Renault Captur dans les concessions automobiles connect\u00e9es BYmyCAR. Le SUV urbain incontournable est de retour !\",\"breadcrumb\":{\"@id\":\"https:\/\/www.bymycar.fr\/webzine\/nouveau-renault-captur\/#breadcrumb\"},\"inLanguage\":\"fr-FR\",\"potentialAction\":[{\"@type\":\"ReadAction\",\"target\":[\"https:\/\/www.bymycar.fr\/webzine\/nouveau-renault-captur\/\"]}]},{\"@type\":\"ImageObject\",\"inLanguage\":\"fr-FR\",\"@id\":\"https:\/\/www.bymycar.fr\/webzine\/nouveau-renault-captur\/#primaryimage\",\"url\":\"https:\/\/cdn.bymycar.eu\/fr-webzine\/wp-content\/uploads\/medias\/2019\/12\/captur-compressor.jpg\",\"contentUrl\":\"https:\/\/cdn.bymycar.eu\/fr-webzine\/wp-content\/uploads\/medias\/2019\/12\/captur-compressor.jpg\",\"width\":4000,\"height\":2667,\"caption\":\"Nouveau Renault Captur\"},{\"@type\":\"BreadcrumbList\",\"@id\":\"https:\/\/www.bymycar.fr\/webzine\/nouveau-renault-captur\/#breadcrumb\",\"itemListElement\":[{\"@type\":\"ListItem\",\"position\":1,\"name\":\"Accueil\",\"item\":\"https:\/\/www.bymycar.fr\/webzine\/\"},{\"@type\":\"ListItem\",\"position\":2,\"name\":\"Nouveau Renault Captur\"}]},{\"@type\":\"WebSite\",\"@id\":\"https:\/\/www.bymycar.fr\/webzine\/#website\",\"url\":\"https:\/\/www.bymycar.fr\/webzine\/\",\"name\":\"Webzine auto BYmyCAR\",\"description\":\"La magazine auto de BYmyCAR\",\"publisher\":{\"@id\":\"https:\/\/www.bymycar.fr\/webzine\/#organization\"},\"potentialAction\":[{\"@type\":\"SearchAction\",\"target\":{\"@type\":\"EntryPoint\",\"urlTemplate\":\"https:\/\/www.bymycar.fr\/webzine\/?s={search_term_string}\"},\"query-input\":{\"@type\":\"PropertyValueSpecification\",\"valueRequired\":true,\"valueName\":\"search_term_string\"}}],\"inLanguage\":\"fr-FR\"},{\"@type\":\"Organization\",\"@id\":\"https:\/\/www.bymycar.fr\/webzine\/#organization\",\"name\":\"BYmyCAR\",\"url\":\"https:\/\/www.bymycar.fr\/webzine\/\",\"logo\":{\"@type\":\"ImageObject\",\"inLanguage\":\"fr-FR\",\"@id\":\"https:\/\/www.bymycar.fr\/webzine\/#\/schema\/logo\/image\/\",\"url\":\"https:\/\/cdn.bymycar.eu\/fr-webzine\/wp-content\/uploads\/medias\/2017\/08\/logo_DEALER_00000406_001.png\",\"contentUrl\":\"https:\/\/cdn.bymycar.eu\/fr-webzine\/wp-content\/uploads\/medias\/2017\/08\/logo_DEALER_00000406_001.png\",\"width\":2132,\"height\":720,\"caption\":\"BYmyCAR\"},\"image\":{\"@id\":\"https:\/\/www.bymycar.fr\/webzine\/#\/schema\/logo\/image\/\"}},{\"@type\":\"Person\",\"@id\":\"https:\/\/www.bymycar.fr\/webzine\/#\/schema\/person\/8c56906440ec126868bd40232b3445f0\",\"name\":\"Gregoire LE BIHAN\",\"image\":{\"@type\":\"ImageObject\",\"inLanguage\":\"fr-FR\",\"@id\":\"https:\/\/www.bymycar.fr\/webzine\/#\/schema\/person\/image\/\",\"url\":\"https:\/\/secure.gravatar.com\/avatar\/1356d71f3c6eed50de358ba425c9944b742a0d35f88e0d5f8afe88fdac525492?s=96&d=mm&r=g\",\"contentUrl\":\"https:\/\/secure.gravatar.com\/avatar\/1356d71f3c6eed50de358ba425c9944b742a0d35f88e0d5f8afe88fdac525492?s=96&d=mm&r=g\",\"caption\":\"Gregoire LE BIHAN\"}}]}<\/script>\n<!-- \/ Yoast SEO Premium plugin. -->","yoast_head_json":{"title":"Nouveau Renault Captur : nouveau design, toujours autant de plaisir","description":"D\u00e9couvrez le Nouveau Renault Captur dans les concessions automobiles connect\u00e9es BYmyCAR. Le SUV urbain incontournable est de retour !","robots":{"index":"index","follow":"follow","max-snippet":"max-snippet:-1","max-image-preview":"max-image-preview:large","max-video-preview":"max-video-preview:-1"},"canonical":"https:\/\/www.bymycar.fr\/webzine\/nouveau-renault-captur\/","og_locale":"fr_FR","og_type":"article","og_title":"Nouveau Renault Captur","og_description":"D\u00e9couvrez le Nouveau Renault Captur dans les concessions automobiles connect\u00e9es BYmyCAR. Le SUV urbain incontournable est de retour !","og_url":"https:\/\/www.bymycar.fr\/webzine\/nouveau-renault-captur\/","og_site_name":"Webzine auto BYmyCAR","article_published_time":"2019-12-24T11:06:46+00:00","article_modified_time":"2020-01-30T14:38:40+00:00","og_image":[{"width":4000,"height":2667,"url":"https:\/\/cdn.bymycar.eu\/fr-webzine\/wp-content\/uploads\/medias\/2019\/12\/captur-compressor.jpg","type":"image\/jpeg"}],"author":"Gregoire LE BIHAN","twitter_card":"summary_large_image","twitter_misc":{"\u00c9crit par":"Gregoire LE BIHAN"},"schema":{"@context":"https:\/\/schema.org","@graph":[{"@type":"Article","@id":"https:\/\/www.bymycar.fr\/webzine\/nouveau-renault-captur\/#article","isPartOf":{"@id":"https:\/\/www.bymycar.fr\/webzine\/nouveau-renault-captur\/"},"author":{"name":"Gregoire LE BIHAN","@id":"https:\/\/www.bymycar.fr\/webzine\/#\/schema\/person\/8c56906440ec126868bd40232b3445f0"},"headline":"Nouveau Renault Captur","datePublished":"2019-12-24T11:06:46+00:00","dateModified":"2020-01-30T14:38:40+00:00","mainEntityOfPage":{"@id":"https:\/\/www.bymycar.fr\/webzine\/nouveau-renault-captur\/"},"wordCount":3,"publisher":{"@id":"https:\/\/www.bymycar.fr\/webzine\/#organization"},"image":{"@id":"https:\/\/www.bymycar.fr\/webzine\/nouveau-renault-captur\/#primaryimage"},"thumbnailUrl":"https:\/\/cdn.bymycar.eu\/fr-webzine\/wp-content\/uploads\/medias\/2019\/12\/captur-compressor.jpg","articleSection":["L'actu des marques"],"inLanguage":"fr-FR"},{"@type":"WebPage","@id":"https:\/\/www.bymycar.fr\/webzine\/nouveau-renault-captur\/","url":"https:\/\/www.bymycar.fr\/webzine\/nouveau-renault-captur\/","name":"Nouveau Renault Captur : nouveau design, toujours autant de plaisir","isPartOf":{"@id":"https:\/\/www.bymycar.fr\/webzine\/#website"},"primaryImageOfPage":{"@id":"https:\/\/www.bymycar.fr\/webzine\/nouveau-renault-captur\/#primaryimage"},"image":{"@id":"https:\/\/www.bymycar.fr\/webzine\/nouveau-renault-captur\/#primaryimage"},"thumbnailUrl":"https:\/\/cdn.bymycar.eu\/fr-webzine\/wp-content\/uploads\/medias\/2019\/12\/captur-compressor.jpg","datePublished":"2019-12-24T11:06:46+00:00","dateModified":"2020-01-30T14:38:40+00:00","description":"D\u00e9couvrez le Nouveau Renault Captur dans les concessions automobiles connect\u00e9es BYmyCAR. Le SUV urbain incontournable est de retour !","breadcrumb":{"@id":"https:\/\/www.bymycar.fr\/webzine\/nouveau-renault-captur\/#breadcrumb"},"inLanguage":"fr-FR","potentialAction":[{"@type":"ReadAction","target":["https:\/\/www.bymycar.fr\/webzine\/nouveau-renault-captur\/"]}]},{"@type":"ImageObject","inLanguage":"fr-FR","@id":"https:\/\/www.bymycar.fr\/webzine\/nouveau-renault-captur\/#primaryimage","url":"https:\/\/cdn.bymycar.eu\/fr-webzine\/wp-content\/uploads\/medias\/2019\/12\/captur-compressor.jpg","contentUrl":"https:\/\/cdn.bymycar.eu\/fr-webzine\/wp-content\/uploads\/medias\/2019\/12\/captur-compressor.jpg","width":4000,"height":2667,"caption":"Nouveau Renault Captur"},{"@type":"BreadcrumbList","@id":"https:\/\/www.bymycar.fr\/webzine\/nouveau-renault-captur\/#breadcrumb","itemListElement":[{"@type":"ListItem","position":1,"name":"Accueil","item":"https:\/\/www.bymycar.fr\/webzine\/"},{"@type":"ListItem","position":2,"name":"Nouveau Renault Captur"}]},{"@type":"WebSite","@id":"https:\/\/www.bymycar.fr\/webzine\/#website","url":"https:\/\/www.bymycar.fr\/webzine\/","name":"Webzine auto BYmyCAR","description":"La magazine auto de BYmyCAR","publisher":{"@id":"https:\/\/www.bymycar.fr\/webzine\/#organization"},"potentialAction":[{"@type":"SearchAction","target":{"@type":"EntryPoint","urlTemplate":"https:\/\/www.bymycar.fr\/webzine\/?s={search_term_string}"},"query-input":{"@type":"PropertyValueSpecification","valueRequired":true,"valueName":"search_term_string"}}],"inLanguage":"fr-FR"},{"@type":"Organization","@id":"https:\/\/www.bymycar.fr\/webzine\/#organization","name":"BYmyCAR","url":"https:\/\/www.bymycar.fr\/webzine\/","logo":{"@type":"ImageObject","inLanguage":"fr-FR","@id":"https:\/\/www.bymycar.fr\/webzine\/#\/schema\/logo\/image\/","url":"https:\/\/cdn.bymycar.eu\/fr-webzine\/wp-content\/uploads\/medias\/2017\/08\/logo_DEALER_00000406_001.png","contentUrl":"https:\/\/cdn.bymycar.eu\/fr-webzine\/wp-content\/uploads\/medias\/2017\/08\/logo_DEALER_00000406_001.png","width":2132,"height":720,"caption":"BYmyCAR"},"image":{"@id":"https:\/\/www.bymycar.fr\/webzine\/#\/schema\/logo\/image\/"}},{"@type":"Person","@id":"https:\/\/www.bymycar.fr\/webzine\/#\/schema\/person\/8c56906440ec126868bd40232b3445f0","name":"Gregoire LE BIHAN","image":{"@type":"ImageObject","inLanguage":"fr-FR","@id":"https:\/\/www.bymycar.fr\/webzine\/#\/schema\/person\/image\/","url":"https:\/\/secure.gravatar.com\/avatar\/1356d71f3c6eed50de358ba425c9944b742a0d35f88e0d5f8afe88fdac525492?s=96&d=mm&r=g","contentUrl":"https:\/\/secure.gravatar.com\/avatar\/1356d71f3c6eed50de358ba425c9944b742a0d35f88e0d5f8afe88fdac525492?s=96&d=mm&r=g","caption":"Gregoire LE BIHAN"}}]}},"_links":{"self":[{"href":"https:\/\/www.bymycar.fr\/webzine\/wp-json\/wp\/v2\/posts\/9907","targetHints":{"allow":["GET"]}}],"collection":[{"href":"https:\/\/www.bymycar.fr\/webzine\/wp-json\/wp\/v2\/posts"}],"about":[{"href":"https:\/\/www.bymycar.fr\/webzine\/wp-json\/wp\/v2\/types\/post"}],"author":[{"embeddable":true,"href":"https:\/\/www.bymycar.fr\/webzine\/wp-json\/wp\/v2\/users\/9"}],"replies":[{"embeddable":true,"href":"https:\/\/www.bymycar.fr\/webzine\/wp-json\/wp\/v2\/comments?post=9907"}],"version-history":[{"count":1,"href":"https:\/\/www.bymycar.fr\/webzine\/wp-json\/wp\/v2\/posts\/9907\/revisions"}],"predecessor-version":[{"id":9910,"href":"https:\/\/www.bymycar.fr\/webzine\/wp-json\/wp\/v2\/posts\/9907\/revisions\/9910"}],"wp:featuredmedia":[{"embeddable":true,"href":"https:\/\/www.bymycar.fr\/webzine\/wp-json\/wp\/v2\/media\/9909"}],"wp:attachment":[{"href":"https:\/\/www.bymycar.fr\/webzine\/wp-json\/wp\/v2\/media?parent=9907"}],"wp:term":[{"taxonomy":"category","embeddable":true,"href":"https:\/\/www.bymycar.fr\/webzine\/wp-json\/wp\/v2\/categories?post=9907"},{"taxonomy":"post_tag","embeddable":true,"href":"https:\/\/www.bymycar.fr\/webzine\/wp-json\/wp\/v2\/tags?post=9907"}],"curies":[{"name":"wp","href":"https:\/\/api.w.org\/{rel}","templated":true}]}}