{"id":64275,"date":"2026-01-20T15:43:40","date_gmt":"2026-01-20T14:43:40","guid":{"rendered":"https:\/\/www.bymycar.fr\/webzine\/?p=64275"},"modified":"2026-01-20T15:43:40","modified_gmt":"2026-01-20T14:43:40","slug":"mercedes-cla-electrique-elue-voiture-de-lannee-2026","status":"publish","type":"post","link":"https:\/\/www.bymycar.fr\/webzine\/mercedes-cla-electrique-elue-voiture-de-lannee-2026\/","title":{"rendered":"Mercedes CLA \u00e9lectrique \u00e9lue Voiture de l\u2019Ann\u00e9e 2026"},"content":{"rendered":"","protected":false},"excerpt":{"rendered":"","protected":false},"author":88,"featured_media":64284,"comment_status":"closed","ping_status":"closed","sticky":false,"template":"","format":"standard","meta":{"_acf_changed":false,"footnotes":""},"categories":[9014,8149,2,135,4002,12,7,3,6,8150],"tags":[],"class_list":["post-64275","post","type-post","status-publish","format-standard","has-post-thumbnail","hentry","category-actualites-concessions-bymycar","category-electrique-et-hybride","category-lactu-des-marques","category-mercedes","category-mercedes-actualites","category-nos-marques","category-nouvelles-technos","category-sorties-de-la-semaine","category-tendances-design","category-voiture-electrique","type_articles-news"],"acf":{"image":{"ID":64278,"id":64278,"title":"BANNER-WEBZINE-1600X500","filename":"BANNER-WEBZINE-1600X500.webp","filesize":723606,"url":"https:\/\/cdn.bymycar.eu\/fr-webzine\/wp-content\/uploads\/medias\/BANNER-WEBZINE-1600X500.webp","link":"https:\/\/www.bymycar.fr\/webzine\/mercedes-cla-electrique-elue-voiture-de-lannee-2026\/banner-webzine-1600x500\/","alt":"","author":"88","description":"","caption":"","name":"banner-webzine-1600x500","status":"inherit","uploaded_to":64275,"date":"2026-01-20 14:32:12","modified":"2026-01-20 14:32:12","menu_order":0,"mime_type":"image\/webp","type":"image","subtype":"webp","icon":"https:\/\/www.bymycar.fr\/webzine\/wp-includes\/images\/media\/default.png","width":1600,"height":500,"sizes":{"thumbnail":"https:\/\/cdn.bymycar.eu\/fr-webzine\/wp-content\/uploads\/medias\/BANNER-WEBZINE-1600X500-150x150.webp","thumbnail-width":150,"thumbnail-height":150,"medium":"https:\/\/cdn.bymycar.eu\/fr-webzine\/wp-content\/uploads\/medias\/BANNER-WEBZINE-1600X500-300x94.webp","medium-width":300,"medium-height":94,"medium_large":"https:\/\/cdn.bymycar.eu\/fr-webzine\/wp-content\/uploads\/medias\/BANNER-WEBZINE-1600X500-768x240.webp","medium_large-width":768,"medium_large-height":240,"large":"https:\/\/cdn.bymycar.eu\/fr-webzine\/wp-content\/uploads\/medias\/BANNER-WEBZINE-1600X500-1024x320.webp","large-width":1024,"large-height":320,"1536x1536":"https:\/\/cdn.bymycar.eu\/fr-webzine\/wp-content\/uploads\/medias\/BANNER-WEBZINE-1600X500-1536x480.webp","1536x1536-width":1536,"1536x1536-height":480,"2048x2048":"https:\/\/cdn.bymycar.eu\/fr-webzine\/wp-content\/uploads\/medias\/BANNER-WEBZINE-1600X500.webp","2048x2048-width":1600,"2048x2048-height":500}},"introduction":"<p><span style=\"font-weight: 400\">C\u2019est lors du <\/span><b>Salon de l\u2019automobile de Bruxelles<\/b><span style=\"font-weight: 400\">, ce vendredi 9 janvier 2026, que le <\/span><b>nouveau Mercedes CLA \u00e9lectrique<\/b><span style=\"font-weight: 400\"> s\u2019est vu d\u00e9cerner l\u2019un des titres les plus convoit\u00e9s de l\u2019industrie automobile, celui de <\/span><b>Voiture de l\u2019Ann\u00e9e 2026<\/b><span style=\"font-weight: 400\">.<\/span><span style=\"font-weight: 400\"><br \/>\n<\/span><span style=\"font-weight: 400\">Cette distinction a \u00e9t\u00e9 attribu\u00e9e par un <\/span><b>jury international compos\u00e9 de 59 journalistes automobiles<\/b><span style=\"font-weight: 400\">, repr\u00e9sentant 22 pays europ\u00e9ens, reconnus pour leur expertise et leur ind\u00e9pendance.<\/span><\/p>\n<p><span style=\"font-weight: 400\">Plus qu\u2019un simple troph\u00e9e, cette r\u00e9compense vient consacrer une vision. Celle d\u2019un v\u00e9hicule qui marque une rupture technologique et red\u00e9finit les standards de la berline \u00e9lectrique premium, tant par son intelligence embarqu\u00e9e que par son efficience et son confort d\u2019utilisation.<\/span><\/p>\n","add-to-bo":false,"page_content":{"block_content":[{"acf_fc_layout":"text-simple","--nav":{"-withNav":false,"-ancre":""},"--group":{"-text":"<h2><b>Pourquoi le Mercedes CLA \u00e9lectrique a \u00e9t\u00e9 \u00e9lu Voiture de l\u2019Ann\u00e9e<\/b><\/h2>\n<p><span style=\"font-weight: 400\">Si le Mercedes CLA \u00e9lectrique s\u2019est impos\u00e9 face \u00e0 une concurrence particuli\u00e8rement relev\u00e9e, c\u2019est avant tout pour la <\/span><b>coh\u00e9rence globale de son concept<\/b><span style=\"font-weight: 400\">. Le jury a salu\u00e9 un mod\u00e8le capable de r\u00e9unir innovation, usage r\u00e9el et plaisir de conduite, sans compromis.<\/span><\/p>\n<p><span style=\"font-weight: 400\">Parmi les crit\u00e8res d\u00e9terminants figurent :<\/span><\/p>\n<ul>\n<li style=\"font-weight: 400\"><span style=\"font-weight: 400\">une <\/span><b>efficience \u00e9lectrique de r\u00e9f\u00e9rence<\/b><span style=\"font-weight: 400\">, avec une autonomie annonc\u00e9e pouvant atteindre <\/span><b>jusqu\u2019\u00e0 792 kilom\u00e8tres<\/b><span style=\"font-weight: 400\"> selon le cycle WLTP,<\/span><\/li>\n<li style=\"font-weight: 400\"><span style=\"font-weight: 400\">une <\/span><b>technologie de recharge avanc\u00e9e<\/b><span style=\"font-weight: 400\">, gr\u00e2ce \u00e0 une architecture 800 V permettant de r\u00e9cup\u00e9rer jusqu\u2019\u00e0 <\/span><b>325 kilom\u00e8tres d\u2019autonomie en une dizaine de minutes<\/b><span style=\"font-weight: 400\">,<\/span><\/li>\n<li style=\"font-weight: 400\"><span style=\"font-weight: 400\">une <\/span><b>exp\u00e9rience utilisateur profond\u00e9ment repens\u00e9e<\/b><span style=\"font-weight: 400\">, pla\u00e7ant l\u2019intelligence artificielle au c\u0153ur de la relation entre le conducteur et le v\u00e9hicule.<\/span><\/li>\n<\/ul>\n<p><span style=\"font-weight: 400\">Le CLA n\u2019a pas \u00e9t\u00e9 r\u00e9compens\u00e9 pour une seule innovation, mais pour sa capacit\u00e9 \u00e0 proposer une exp\u00e9rience compl\u00e8te, fluide et imm\u00e9diatement compr\u00e9hensible.<\/span><\/p>\n"}},{"acf_fc_layout":"images-mosaique-x3","--nav":{"-withNav":false,"-ancre":""},"--group":{"-title":"","-images":[{"ID":64279,"id":64279,"title":"WEBZINE-MOSAIQUE-3-332X332","filename":"WEBZINE-MOSAIQUE-3-332X332.webp","filesize":135298,"url":"https:\/\/cdn.bymycar.eu\/fr-webzine\/wp-content\/uploads\/medias\/WEBZINE-MOSAIQUE-3-332X332.webp","link":"https:\/\/www.bymycar.fr\/webzine\/mercedes-cla-electrique-elue-voiture-de-lannee-2026\/webzine-mosaique-3-332x332\/","alt":"","author":"88","description":"","caption":"","name":"webzine-mosaique-3-332x332","status":"inherit","uploaded_to":64275,"date":"2026-01-20 14:32:15","modified":"2026-01-20 14:32:15","menu_order":0,"mime_type":"image\/webp","type":"image","subtype":"webp","icon":"https:\/\/www.bymycar.fr\/webzine\/wp-includes\/images\/media\/default.png","width":332,"height":332,"sizes":{"thumbnail":"https:\/\/cdn.bymycar.eu\/fr-webzine\/wp-content\/uploads\/medias\/WEBZINE-MOSAIQUE-3-332X332-150x150.webp","thumbnail-width":150,"thumbnail-height":150,"medium":"https:\/\/cdn.bymycar.eu\/fr-webzine\/wp-content\/uploads\/medias\/WEBZINE-MOSAIQUE-3-332X332-300x300.webp","medium-width":300,"medium-height":300,"medium_large":"https:\/\/cdn.bymycar.eu\/fr-webzine\/wp-content\/uploads\/medias\/WEBZINE-MOSAIQUE-3-332X332.webp","medium_large-width":332,"medium_large-height":332,"large":"https:\/\/cdn.bymycar.eu\/fr-webzine\/wp-content\/uploads\/medias\/WEBZINE-MOSAIQUE-3-332X332.webp","large-width":332,"large-height":332,"1536x1536":"https:\/\/cdn.bymycar.eu\/fr-webzine\/wp-content\/uploads\/medias\/WEBZINE-MOSAIQUE-3-332X332.webp","1536x1536-width":332,"1536x1536-height":332,"2048x2048":"https:\/\/cdn.bymycar.eu\/fr-webzine\/wp-content\/uploads\/medias\/WEBZINE-MOSAIQUE-3-332X332.webp","2048x2048-width":332,"2048x2048-height":332}},{"ID":64280,"id":64280,"title":"WEBZINE-MOSAIQUE-3-332X450px","filename":"WEBZINE-MOSAIQUE-3-332X450px.webp","filesize":158866,"url":"https:\/\/cdn.bymycar.eu\/fr-webzine\/wp-content\/uploads\/medias\/WEBZINE-MOSAIQUE-3-332X450px.webp","link":"https:\/\/www.bymycar.fr\/webzine\/mercedes-cla-electrique-elue-voiture-de-lannee-2026\/webzine-mosaique-3-332x450px\/","alt":"","author":"88","description":"","caption":"","name":"webzine-mosaique-3-332x450px","status":"inherit","uploaded_to":64275,"date":"2026-01-20 14:32:16","modified":"2026-01-20 14:32:16","menu_order":0,"mime_type":"image\/webp","type":"image","subtype":"webp","icon":"https:\/\/www.bymycar.fr\/webzine\/wp-includes\/images\/media\/default.png","width":332,"height":450,"sizes":{"thumbnail":"https:\/\/cdn.bymycar.eu\/fr-webzine\/wp-content\/uploads\/medias\/WEBZINE-MOSAIQUE-3-332X450px-150x150.webp","thumbnail-width":150,"thumbnail-height":150,"medium":"https:\/\/cdn.bymycar.eu\/fr-webzine\/wp-content\/uploads\/medias\/WEBZINE-MOSAIQUE-3-332X450px-221x300.webp","medium-width":221,"medium-height":300,"medium_large":"https:\/\/cdn.bymycar.eu\/fr-webzine\/wp-content\/uploads\/medias\/WEBZINE-MOSAIQUE-3-332X450px.webp","medium_large-width":332,"medium_large-height":450,"large":"https:\/\/cdn.bymycar.eu\/fr-webzine\/wp-content\/uploads\/medias\/WEBZINE-MOSAIQUE-3-332X450px.webp","large-width":332,"large-height":450,"1536x1536":"https:\/\/cdn.bymycar.eu\/fr-webzine\/wp-content\/uploads\/medias\/WEBZINE-MOSAIQUE-3-332X450px.webp","1536x1536-width":332,"1536x1536-height":450,"2048x2048":"https:\/\/cdn.bymycar.eu\/fr-webzine\/wp-content\/uploads\/medias\/WEBZINE-MOSAIQUE-3-332X450px.webp","2048x2048-width":332,"2048x2048-height":450}},{"ID":64281,"id":64281,"title":"WEBZINE-MOSAIQUE-3-563X400px","filename":"WEBZINE-MOSAIQUE-3-563X400px.webp","filesize":233912,"url":"https:\/\/cdn.bymycar.eu\/fr-webzine\/wp-content\/uploads\/medias\/WEBZINE-MOSAIQUE-3-563X400px.webp","link":"https:\/\/www.bymycar.fr\/webzine\/mercedes-cla-electrique-elue-voiture-de-lannee-2026\/webzine-mosaique-3-563x400px\/","alt":"","author":"88","description":"","caption":"","name":"webzine-mosaique-3-563x400px","status":"inherit","uploaded_to":64275,"date":"2026-01-20 14:32:18","modified":"2026-01-20 14:32:41","menu_order":0,"mime_type":"image\/webp","type":"image","subtype":"webp","icon":"https:\/\/www.bymycar.fr\/webzine\/wp-includes\/images\/media\/default.png","width":563,"height":400,"sizes":{"thumbnail":"https:\/\/cdn.bymycar.eu\/fr-webzine\/wp-content\/uploads\/medias\/WEBZINE-MOSAIQUE-3-563X400px-150x150.webp","thumbnail-width":150,"thumbnail-height":150,"medium":"https:\/\/cdn.bymycar.eu\/fr-webzine\/wp-content\/uploads\/medias\/WEBZINE-MOSAIQUE-3-563X400px-300x213.webp","medium-width":300,"medium-height":213,"medium_large":"https:\/\/cdn.bymycar.eu\/fr-webzine\/wp-content\/uploads\/medias\/WEBZINE-MOSAIQUE-3-563X400px.webp","medium_large-width":563,"medium_large-height":400,"large":"https:\/\/cdn.bymycar.eu\/fr-webzine\/wp-content\/uploads\/medias\/WEBZINE-MOSAIQUE-3-563X400px.webp","large-width":563,"large-height":400,"1536x1536":"https:\/\/cdn.bymycar.eu\/fr-webzine\/wp-content\/uploads\/medias\/WEBZINE-MOSAIQUE-3-563X400px.webp","1536x1536-width":563,"1536x1536-height":400,"2048x2048":"https:\/\/cdn.bymycar.eu\/fr-webzine\/wp-content\/uploads\/medias\/WEBZINE-MOSAIQUE-3-563X400px.webp","2048x2048-width":563,"2048x2048-height":400}}],"-title-2":"Le nouveau CLA \u00e9lectrique"}},{"acf_fc_layout":"text-simple","--nav":{"-withNav":false,"-ancre":""},"--group":{"-text":"<h2><b>Une nouvelle r\u00e9f\u00e9rence technologique sign\u00e9e Mercedes<\/b><\/h2>\n<p><span style=\"font-weight: 400\">Le Mercedes CLA \u00e9lectrique inaugure le nouveau syst\u00e8me d\u2019exploitation <\/span><b>MB.OS<\/b><span style=\"font-weight: 400\">, associ\u00e9 \u00e0 un <\/span><b>MBUX de nouvelle g\u00e9n\u00e9ration<\/b><span style=\"font-weight: 400\">, int\u00e9grant l\u2019intelligence artificielle de mani\u00e8re concr\u00e8te et utile.<\/span><span style=\"font-weight: 400\"><br \/>\n<\/span><span style=\"font-weight: 400\">L\u2019interface apprend, anticipe et s\u2019adapte aux habitudes du conducteur, rendant chaque interaction plus naturelle et chaque trajet plus intuitif.<\/span><\/p>\n<p><span style=\"font-weight: 400\">La conduite se veut fluide, silencieuse et apaisante. Mercedes a cherch\u00e9 \u00e0 recr\u00e9er un <\/span><b>sentiment de continuit\u00e9 et de confort<\/b><span style=\"font-weight: 400\">, proche de celui que l\u2019on ressent dans un environnement familier, presque domestique. Une approche qui a particuli\u00e8rement s\u00e9duit le jury, dans un contexte o\u00f9 la technologie doit d\u00e9sormais se faire oublier pour mieux accompagner.<\/span><\/p>\n"}},{"acf_fc_layout":"text-image","--nav":{"-withNav":false,"-ancre":""},"--group":{"-image":{"ID":64283,"id":64283,"title":"WEBZINE IMGTEXT 800x500px","filename":"WEBZINE-IMGTEXT-800x500px.webp","filesize":105452,"url":"https:\/\/cdn.bymycar.eu\/fr-webzine\/wp-content\/uploads\/medias\/WEBZINE-IMGTEXT-800x500px.webp","link":"https:\/\/www.bymycar.fr\/webzine\/mercedes-cla-electrique-elue-voiture-de-lannee-2026\/webzine-imgtext-800x500px\/","alt":"","author":"88","description":"","caption":"","name":"webzine-imgtext-800x500px","status":"inherit","uploaded_to":64275,"date":"2026-01-20 14:38:30","modified":"2026-01-20 14:38:30","menu_order":0,"mime_type":"image\/webp","type":"image","subtype":"webp","icon":"https:\/\/www.bymycar.fr\/webzine\/wp-includes\/images\/media\/default.png","width":800,"height":500,"sizes":{"thumbnail":"https:\/\/cdn.bymycar.eu\/fr-webzine\/wp-content\/uploads\/medias\/WEBZINE-IMGTEXT-800x500px-150x150.webp","thumbnail-width":150,"thumbnail-height":150,"medium":"https:\/\/cdn.bymycar.eu\/fr-webzine\/wp-content\/uploads\/medias\/WEBZINE-IMGTEXT-800x500px-300x188.webp","medium-width":300,"medium-height":188,"medium_large":"https:\/\/cdn.bymycar.eu\/fr-webzine\/wp-content\/uploads\/medias\/WEBZINE-IMGTEXT-800x500px-768x480.webp","medium_large-width":768,"medium_large-height":480,"large":"https:\/\/cdn.bymycar.eu\/fr-webzine\/wp-content\/uploads\/medias\/WEBZINE-IMGTEXT-800x500px.webp","large-width":800,"large-height":500,"1536x1536":"https:\/\/cdn.bymycar.eu\/fr-webzine\/wp-content\/uploads\/medias\/WEBZINE-IMGTEXT-800x500px.webp","1536x1536-width":800,"1536x1536-height":500,"2048x2048":"https:\/\/cdn.bymycar.eu\/fr-webzine\/wp-content\/uploads\/medias\/WEBZINE-IMGTEXT-800x500px.webp","2048x2048-width":800,"2048x2048-height":500}},"-title":"Autonomie et recharge, un changement de paradigme","-text":"<p><span style=\"font-weight: 400\">L\u2019un des points majeurs soulign\u00e9s par les journalistes concerne la capacit\u00e9 du CLA \u00e9lectrique \u00e0 lever les freins traditionnels li\u00e9s \u00e0 la mobilit\u00e9 \u00e9lectrique.<\/span><span style=\"font-weight: 400\"><br \/>\n<\/span><span style=\"font-weight: 400\">Avec son autonomie \u00e9tendue et sa recharge ultra rapide, le CLA permet d\u2019envisager les longs trajets avec une s\u00e9r\u00e9nit\u00e9 nouvelle, sans modifier profond\u00e9ment ses habitudes de conduite.<\/span><\/p>\n<p><span style=\"font-weight: 400\">Cette combinaison autonomie, rapidit\u00e9 de recharge et efficience place le Mercedes CLA \u00e9lectrique comme <\/span><b>une alternative cr\u00e9dible et mature<\/b><span style=\"font-weight: 400\"> aux mod\u00e8les thermiques, y compris pour des usages intensifs.<\/span><\/p>\n<a href=\"https:\/\/cloud.bymycar.site\/mc-2026_local_Prix_CLA_Mercedes_CDA_VAR_VN?utm_source=marketing+cloud\" target=\"_blank\" class=\"css-button css-button--gold\" >\n                Je m\u2019en procure une\n        <\/a>\n"}},{"acf_fc_layout":"text-simple","--nav":{"-withNav":false,"-ancre":""},"--group":{"-text":"<h2><b>Un design et un confort \u00e0 la hauteur du titre<\/b><\/h2>\n<p><span style=\"font-weight: 400\">Le titre de Voiture de l\u2019Ann\u00e9e 2026 r\u00e9compense \u00e9galement le travail r\u00e9alis\u00e9 sur le design et l\u2019habitacle. Le Mercedes CLA \u00e9lectrique conserve une silhouette \u00e9l\u00e9gante et dynamique, tout en optimisant l\u2019a\u00e9rodynamisme au service de l\u2019autonomie.<\/span><\/p>\n<p><span style=\"font-weight: 400\">\u00c0 l\u2019int\u00e9rieur, l\u2019attention port\u00e9e aux mat\u00e9riaux, \u00e0 l\u2019ergonomie et \u00e0 l\u2019ambiance g\u00e9n\u00e9rale contribue \u00e0 une exp\u00e9rience haut de gamme, fid\u00e8le \u00e0 l\u2019ADN de <\/span><b>Mercedes-Benz<\/b><span style=\"font-weight: 400\">, mais tourn\u00e9e vers une nouvelle g\u00e9n\u00e9ration d\u2019usages.<\/span><\/p>\n<p>&nbsp;<\/p>\n<h2><b>Le Mercedes CLA \u00e9lectrique \u00e0 d\u00e9couvrir chez Mercedes BYmyCAR C\u00f4te d\u2019Azur<\/b><\/h2>\n<p><span style=\"font-weight: 400\">Le Mercedes CLA \u00e9lectrique, \u00e9lu <\/span><b>Voiture de l\u2019Ann\u00e9e 2026<\/b><span style=\"font-weight: 400\">, est \u00e0 d\u00e9couvrir dans les \u00e9tablissements <\/span><b>Mercedes BYmyCAR C\u00f4te d\u2019Azur<\/b><span style=\"font-weight: 400\">, \u00e0 Villeneuve-Loubet, Cannes, Roquebrune-sur-Argens et Toulon.<\/span><\/p>\n<p><span style=\"font-weight: 400\">Ces \u00e9tablissements permettent de d\u00e9couvrir le mod\u00e8le, d\u2019\u00e9changer avec l\u2019\u00e9quipe sur ses technologies et de se projeter concr\u00e8tement dans cette nouvelle vision de la mobilit\u00e9 \u00e9lectrique.<\/span><\/p>\n<p>&nbsp;<\/p>\n<p><span style=\"font-weight: 400\">\u00c9lu <\/span><b>Voiture de l\u2019Ann\u00e9e 2026<\/b><span style=\"font-weight: 400\">, le Mercedes CLA \u00e9lectrique ouvre une nouvelle page de l\u2019histoire automobile.<\/span><span style=\"font-weight: 400\"><br \/>\n<\/span><span style=\"font-weight: 400\">Pour d\u00e9couvrir ce mod\u00e8le d\u2019exception et comprendre pourquoi il a s\u00e9duit un jury international, <\/span><b>prenez rendez-vous d\u00e8s maintenant<\/b><span style=\"font-weight: 400\"> dans l\u2019un des \u00e9tablissements Mercedes BYmyCAR C\u00f4te d\u2019Azur.<\/span><\/p>\n<a href=\"https:\/\/cloud.bymycar.site\/mc-2026_local_Prix_CLA_Mercedes_CDA_VAR_VN?utm_source=marketing+cloud\" target=\"_blank\" class=\"css-button css-button--gold\" >\n                Prendre rendez-vous\n        <\/a>\n"}}]},"add-carousel-to-footer":true},"yoast_head":"<!-- This site is optimized with the Yoast SEO Premium plugin v26.4 (Yoast SEO v26.4) - https:\/\/yoast.com\/wordpress\/plugins\/seo\/ -->\n<title>Mercedes CLA \u00e9lectrique \u00e9lue Voiture de l\u2019Ann\u00e9e 2026<\/title>\n<meta name=\"description\" content=\"La Mercedes CLA \u00e9lectrique remporte le titre de Voiture de l\u2019Ann\u00e9e 2026. Apprenez-en plus sur ses caract\u00e9ristiques exceptionnelles.\" \/>\n<meta name=\"robots\" content=\"index, follow, max-snippet:-1, max-image-preview:large, max-video-preview:-1\" \/>\n<link rel=\"canonical\" href=\"https:\/\/www.bymycar.fr\/webzine\/mercedes-cla-electrique-elue-voiture-de-lannee-2026\/\" \/>\n<meta property=\"og:locale\" content=\"fr_FR\" \/>\n<meta property=\"og:type\" content=\"article\" \/>\n<meta property=\"og:title\" content=\"Mercedes CLA \u00e9lectrique \u00e9lue Voiture de l\u2019Ann\u00e9e 2026\" \/>\n<meta property=\"og:description\" content=\"La Mercedes CLA \u00e9lectrique remporte le titre de Voiture de l\u2019Ann\u00e9e 2026. Apprenez-en plus sur ses caract\u00e9ristiques exceptionnelles.\" \/>\n<meta property=\"og:url\" content=\"https:\/\/www.bymycar.fr\/webzine\/mercedes-cla-electrique-elue-voiture-de-lannee-2026\/\" \/>\n<meta property=\"og:site_name\" content=\"Webzine auto BYmyCAR\" \/>\n<meta property=\"article:published_time\" content=\"2026-01-20T14:43:40+00:00\" \/>\n<meta property=\"og:image\" content=\"https:\/\/cdn.bymycar.eu\/fr-webzine\/wp-content\/uploads\/medias\/WEBZINE-MISE-EN-AVANT-400x400px.webp\" \/>\n\t<meta property=\"og:image:width\" content=\"400\" \/>\n\t<meta property=\"og:image:height\" content=\"400\" \/>\n\t<meta property=\"og:image:type\" content=\"image\/webp\" \/>\n<meta name=\"author\" content=\"La R\u00e9daction BYmyCAR\" \/>\n<meta name=\"twitter:card\" content=\"summary_large_image\" \/>\n<meta name=\"twitter:label1\" content=\"\u00c9crit par\" \/>\n\t<meta name=\"twitter:data1\" content=\"La R\u00e9daction BYmyCAR\" \/>\n\t<meta name=\"twitter:label2\" content=\"Dur\u00e9e de lecture estim\u00e9e\" \/>\n\t<meta name=\"twitter:data2\" content=\"1 minute\" \/>\n<script type=\"application\/ld+json\" class=\"yoast-schema-graph\">{\"@context\":\"https:\/\/schema.org\",\"@graph\":[{\"@type\":\"Article\",\"@id\":\"https:\/\/www.bymycar.fr\/webzine\/mercedes-cla-electrique-elue-voiture-de-lannee-2026\/#article\",\"isPartOf\":{\"@id\":\"https:\/\/www.bymycar.fr\/webzine\/mercedes-cla-electrique-elue-voiture-de-lannee-2026\/\"},\"author\":{\"name\":\"La R\u00e9daction BYmyCAR\",\"@id\":\"https:\/\/www.bymycar.fr\/webzine\/#\/schema\/person\/8d570fe11eb8929f06c1e6d00f4d9689\"},\"headline\":\"Mercedes CLA \u00e9lectrique \u00e9lue Voiture de l\u2019Ann\u00e9e 2026\",\"datePublished\":\"2026-01-20T14:43:40+00:00\",\"mainEntityOfPage\":{\"@id\":\"https:\/\/www.bymycar.fr\/webzine\/mercedes-cla-electrique-elue-voiture-de-lannee-2026\/\"},\"wordCount\":9,\"publisher\":{\"@id\":\"https:\/\/www.bymycar.fr\/webzine\/#organization\"},\"image\":{\"@id\":\"https:\/\/www.bymycar.fr\/webzine\/mercedes-cla-electrique-elue-voiture-de-lannee-2026\/#primaryimage\"},\"thumbnailUrl\":\"https:\/\/cdn.bymycar.eu\/fr-webzine\/wp-content\/uploads\/medias\/WEBZINE-MISE-EN-AVANT-400x400px.webp\",\"articleSection\":[\"Actualit\u00e9s des concessions\",\"Electrique et hybride\",\"L'actu des marques\",\"Mercedes\",\"Mercedes\",\"Nos Marques\",\"Nouvelles technos\",\"Sorties de la semaine\",\"Tendances &amp; design\",\"Voiture \u00e9lectrique\"],\"inLanguage\":\"fr-FR\"},{\"@type\":\"WebPage\",\"@id\":\"https:\/\/www.bymycar.fr\/webzine\/mercedes-cla-electrique-elue-voiture-de-lannee-2026\/\",\"url\":\"https:\/\/www.bymycar.fr\/webzine\/mercedes-cla-electrique-elue-voiture-de-lannee-2026\/\",\"name\":\"Mercedes CLA \u00e9lectrique \u00e9lue Voiture de l\u2019Ann\u00e9e 2026\",\"isPartOf\":{\"@id\":\"https:\/\/www.bymycar.fr\/webzine\/#website\"},\"primaryImageOfPage\":{\"@id\":\"https:\/\/www.bymycar.fr\/webzine\/mercedes-cla-electrique-elue-voiture-de-lannee-2026\/#primaryimage\"},\"image\":{\"@id\":\"https:\/\/www.bymycar.fr\/webzine\/mercedes-cla-electrique-elue-voiture-de-lannee-2026\/#primaryimage\"},\"thumbnailUrl\":\"https:\/\/cdn.bymycar.eu\/fr-webzine\/wp-content\/uploads\/medias\/WEBZINE-MISE-EN-AVANT-400x400px.webp\",\"datePublished\":\"2026-01-20T14:43:40+00:00\",\"description\":\"La Mercedes CLA \u00e9lectrique remporte le titre de Voiture de l\u2019Ann\u00e9e 2026. Apprenez-en plus sur ses caract\u00e9ristiques exceptionnelles.\",\"breadcrumb\":{\"@id\":\"https:\/\/www.bymycar.fr\/webzine\/mercedes-cla-electrique-elue-voiture-de-lannee-2026\/#breadcrumb\"},\"inLanguage\":\"fr-FR\",\"potentialAction\":[{\"@type\":\"ReadAction\",\"target\":[\"https:\/\/www.bymycar.fr\/webzine\/mercedes-cla-electrique-elue-voiture-de-lannee-2026\/\"]}]},{\"@type\":\"ImageObject\",\"inLanguage\":\"fr-FR\",\"@id\":\"https:\/\/www.bymycar.fr\/webzine\/mercedes-cla-electrique-elue-voiture-de-lannee-2026\/#primaryimage\",\"url\":\"https:\/\/cdn.bymycar.eu\/fr-webzine\/wp-content\/uploads\/medias\/WEBZINE-MISE-EN-AVANT-400x400px.webp\",\"contentUrl\":\"https:\/\/cdn.bymycar.eu\/fr-webzine\/wp-content\/uploads\/medias\/WEBZINE-MISE-EN-AVANT-400x400px.webp\",\"width\":400,\"height\":400},{\"@type\":\"BreadcrumbList\",\"@id\":\"https:\/\/www.bymycar.fr\/webzine\/mercedes-cla-electrique-elue-voiture-de-lannee-2026\/#breadcrumb\",\"itemListElement\":[{\"@type\":\"ListItem\",\"position\":1,\"name\":\"Accueil\",\"item\":\"https:\/\/www.bymycar.fr\/webzine\/\"},{\"@type\":\"ListItem\",\"position\":2,\"name\":\"Mercedes CLA \u00e9lectrique \u00e9lue Voiture de l\u2019Ann\u00e9e 2026\"}]},{\"@type\":\"WebSite\",\"@id\":\"https:\/\/www.bymycar.fr\/webzine\/#website\",\"url\":\"https:\/\/www.bymycar.fr\/webzine\/\",\"name\":\"Webzine auto BYmyCAR\",\"description\":\"La magazine auto de BYmyCAR\",\"publisher\":{\"@id\":\"https:\/\/www.bymycar.fr\/webzine\/#organization\"},\"potentialAction\":[{\"@type\":\"SearchAction\",\"target\":{\"@type\":\"EntryPoint\",\"urlTemplate\":\"https:\/\/www.bymycar.fr\/webzine\/?s={search_term_string}\"},\"query-input\":{\"@type\":\"PropertyValueSpecification\",\"valueRequired\":true,\"valueName\":\"search_term_string\"}}],\"inLanguage\":\"fr-FR\"},{\"@type\":\"Organization\",\"@id\":\"https:\/\/www.bymycar.fr\/webzine\/#organization\",\"name\":\"BYmyCAR\",\"url\":\"https:\/\/www.bymycar.fr\/webzine\/\",\"logo\":{\"@type\":\"ImageObject\",\"inLanguage\":\"fr-FR\",\"@id\":\"https:\/\/www.bymycar.fr\/webzine\/#\/schema\/logo\/image\/\",\"url\":\"https:\/\/cdn.bymycar.eu\/fr-webzine\/wp-content\/uploads\/medias\/2017\/08\/logo_DEALER_00000406_001.png\",\"contentUrl\":\"https:\/\/cdn.bymycar.eu\/fr-webzine\/wp-content\/uploads\/medias\/2017\/08\/logo_DEALER_00000406_001.png\",\"width\":2132,\"height\":720,\"caption\":\"BYmyCAR\"},\"image\":{\"@id\":\"https:\/\/www.bymycar.fr\/webzine\/#\/schema\/logo\/image\/\"}},{\"@type\":\"Person\",\"@id\":\"https:\/\/www.bymycar.fr\/webzine\/#\/schema\/person\/8d570fe11eb8929f06c1e6d00f4d9689\",\"name\":\"La R\u00e9daction BYmyCAR\",\"image\":{\"@type\":\"ImageObject\",\"inLanguage\":\"fr-FR\",\"@id\":\"https:\/\/www.bymycar.fr\/webzine\/#\/schema\/person\/image\/\",\"url\":\"https:\/\/secure.gravatar.com\/avatar\/1aa6b039d0ce106989923af4e2d0f2a0c82bb070d5e449f1b9adf082a5863900?s=96&d=mm&r=g\",\"contentUrl\":\"https:\/\/secure.gravatar.com\/avatar\/1aa6b039d0ce106989923af4e2d0f2a0c82bb070d5e449f1b9adf082a5863900?s=96&d=mm&r=g\",\"caption\":\"La R\u00e9daction BYmyCAR\"},\"sameAs\":[\"https:\/\/www.bymycar.fr\/\"]}]}<\/script>\n<!-- \/ Yoast SEO Premium plugin. -->","yoast_head_json":{"title":"Mercedes CLA \u00e9lectrique \u00e9lue Voiture de l\u2019Ann\u00e9e 2026","description":"La Mercedes CLA \u00e9lectrique remporte le titre de Voiture de l\u2019Ann\u00e9e 2026. Apprenez-en plus sur ses caract\u00e9ristiques exceptionnelles.","robots":{"index":"index","follow":"follow","max-snippet":"max-snippet:-1","max-image-preview":"max-image-preview:large","max-video-preview":"max-video-preview:-1"},"canonical":"https:\/\/www.bymycar.fr\/webzine\/mercedes-cla-electrique-elue-voiture-de-lannee-2026\/","og_locale":"fr_FR","og_type":"article","og_title":"Mercedes CLA \u00e9lectrique \u00e9lue Voiture de l\u2019Ann\u00e9e 2026","og_description":"La Mercedes CLA \u00e9lectrique remporte le titre de Voiture de l\u2019Ann\u00e9e 2026. Apprenez-en plus sur ses caract\u00e9ristiques exceptionnelles.","og_url":"https:\/\/www.bymycar.fr\/webzine\/mercedes-cla-electrique-elue-voiture-de-lannee-2026\/","og_site_name":"Webzine auto BYmyCAR","article_published_time":"2026-01-20T14:43:40+00:00","og_image":[{"width":400,"height":400,"url":"https:\/\/cdn.bymycar.eu\/fr-webzine\/wp-content\/uploads\/medias\/WEBZINE-MISE-EN-AVANT-400x400px.webp","type":"image\/webp"}],"author":"La R\u00e9daction BYmyCAR","twitter_card":"summary_large_image","twitter_misc":{"\u00c9crit par":"La R\u00e9daction BYmyCAR","Dur\u00e9e de lecture estim\u00e9e":"1 minute"},"schema":{"@context":"https:\/\/schema.org","@graph":[{"@type":"Article","@id":"https:\/\/www.bymycar.fr\/webzine\/mercedes-cla-electrique-elue-voiture-de-lannee-2026\/#article","isPartOf":{"@id":"https:\/\/www.bymycar.fr\/webzine\/mercedes-cla-electrique-elue-voiture-de-lannee-2026\/"},"author":{"name":"La R\u00e9daction BYmyCAR","@id":"https:\/\/www.bymycar.fr\/webzine\/#\/schema\/person\/8d570fe11eb8929f06c1e6d00f4d9689"},"headline":"Mercedes CLA \u00e9lectrique \u00e9lue Voiture de l\u2019Ann\u00e9e 2026","datePublished":"2026-01-20T14:43:40+00:00","mainEntityOfPage":{"@id":"https:\/\/www.bymycar.fr\/webzine\/mercedes-cla-electrique-elue-voiture-de-lannee-2026\/"},"wordCount":9,"publisher":{"@id":"https:\/\/www.bymycar.fr\/webzine\/#organization"},"image":{"@id":"https:\/\/www.bymycar.fr\/webzine\/mercedes-cla-electrique-elue-voiture-de-lannee-2026\/#primaryimage"},"thumbnailUrl":"https:\/\/cdn.bymycar.eu\/fr-webzine\/wp-content\/uploads\/medias\/WEBZINE-MISE-EN-AVANT-400x400px.webp","articleSection":["Actualit\u00e9s des concessions","Electrique et hybride","L'actu des marques","Mercedes","Mercedes","Nos Marques","Nouvelles technos","Sorties de la semaine","Tendances &amp; design","Voiture \u00e9lectrique"],"inLanguage":"fr-FR"},{"@type":"WebPage","@id":"https:\/\/www.bymycar.fr\/webzine\/mercedes-cla-electrique-elue-voiture-de-lannee-2026\/","url":"https:\/\/www.bymycar.fr\/webzine\/mercedes-cla-electrique-elue-voiture-de-lannee-2026\/","name":"Mercedes CLA \u00e9lectrique \u00e9lue Voiture de l\u2019Ann\u00e9e 2026","isPartOf":{"@id":"https:\/\/www.bymycar.fr\/webzine\/#website"},"primaryImageOfPage":{"@id":"https:\/\/www.bymycar.fr\/webzine\/mercedes-cla-electrique-elue-voiture-de-lannee-2026\/#primaryimage"},"image":{"@id":"https:\/\/www.bymycar.fr\/webzine\/mercedes-cla-electrique-elue-voiture-de-lannee-2026\/#primaryimage"},"thumbnailUrl":"https:\/\/cdn.bymycar.eu\/fr-webzine\/wp-content\/uploads\/medias\/WEBZINE-MISE-EN-AVANT-400x400px.webp","datePublished":"2026-01-20T14:43:40+00:00","description":"La Mercedes CLA \u00e9lectrique remporte le titre de Voiture de l\u2019Ann\u00e9e 2026. Apprenez-en plus sur ses caract\u00e9ristiques exceptionnelles.","breadcrumb":{"@id":"https:\/\/www.bymycar.fr\/webzine\/mercedes-cla-electrique-elue-voiture-de-lannee-2026\/#breadcrumb"},"inLanguage":"fr-FR","potentialAction":[{"@type":"ReadAction","target":["https:\/\/www.bymycar.fr\/webzine\/mercedes-cla-electrique-elue-voiture-de-lannee-2026\/"]}]},{"@type":"ImageObject","inLanguage":"fr-FR","@id":"https:\/\/www.bymycar.fr\/webzine\/mercedes-cla-electrique-elue-voiture-de-lannee-2026\/#primaryimage","url":"https:\/\/cdn.bymycar.eu\/fr-webzine\/wp-content\/uploads\/medias\/WEBZINE-MISE-EN-AVANT-400x400px.webp","contentUrl":"https:\/\/cdn.bymycar.eu\/fr-webzine\/wp-content\/uploads\/medias\/WEBZINE-MISE-EN-AVANT-400x400px.webp","width":400,"height":400},{"@type":"BreadcrumbList","@id":"https:\/\/www.bymycar.fr\/webzine\/mercedes-cla-electrique-elue-voiture-de-lannee-2026\/#breadcrumb","itemListElement":[{"@type":"ListItem","position":1,"name":"Accueil","item":"https:\/\/www.bymycar.fr\/webzine\/"},{"@type":"ListItem","position":2,"name":"Mercedes CLA \u00e9lectrique \u00e9lue Voiture de l\u2019Ann\u00e9e 2026"}]},{"@type":"WebSite","@id":"https:\/\/www.bymycar.fr\/webzine\/#website","url":"https:\/\/www.bymycar.fr\/webzine\/","name":"Webzine auto BYmyCAR","description":"La magazine auto de BYmyCAR","publisher":{"@id":"https:\/\/www.bymycar.fr\/webzine\/#organization"},"potentialAction":[{"@type":"SearchAction","target":{"@type":"EntryPoint","urlTemplate":"https:\/\/www.bymycar.fr\/webzine\/?s={search_term_string}"},"query-input":{"@type":"PropertyValueSpecification","valueRequired":true,"valueName":"search_term_string"}}],"inLanguage":"fr-FR"},{"@type":"Organization","@id":"https:\/\/www.bymycar.fr\/webzine\/#organization","name":"BYmyCAR","url":"https:\/\/www.bymycar.fr\/webzine\/","logo":{"@type":"ImageObject","inLanguage":"fr-FR","@id":"https:\/\/www.bymycar.fr\/webzine\/#\/schema\/logo\/image\/","url":"https:\/\/cdn.bymycar.eu\/fr-webzine\/wp-content\/uploads\/medias\/2017\/08\/logo_DEALER_00000406_001.png","contentUrl":"https:\/\/cdn.bymycar.eu\/fr-webzine\/wp-content\/uploads\/medias\/2017\/08\/logo_DEALER_00000406_001.png","width":2132,"height":720,"caption":"BYmyCAR"},"image":{"@id":"https:\/\/www.bymycar.fr\/webzine\/#\/schema\/logo\/image\/"}},{"@type":"Person","@id":"https:\/\/www.bymycar.fr\/webzine\/#\/schema\/person\/8d570fe11eb8929f06c1e6d00f4d9689","name":"La R\u00e9daction BYmyCAR","image":{"@type":"ImageObject","inLanguage":"fr-FR","@id":"https:\/\/www.bymycar.fr\/webzine\/#\/schema\/person\/image\/","url":"https:\/\/secure.gravatar.com\/avatar\/1aa6b039d0ce106989923af4e2d0f2a0c82bb070d5e449f1b9adf082a5863900?s=96&d=mm&r=g","contentUrl":"https:\/\/secure.gravatar.com\/avatar\/1aa6b039d0ce106989923af4e2d0f2a0c82bb070d5e449f1b9adf082a5863900?s=96&d=mm&r=g","caption":"La R\u00e9daction BYmyCAR"},"sameAs":["https:\/\/www.bymycar.fr\/"]}]}},"_links":{"self":[{"href":"https:\/\/www.bymycar.fr\/webzine\/wp-json\/wp\/v2\/posts\/64275","targetHints":{"allow":["GET"]}}],"collection":[{"href":"https:\/\/www.bymycar.fr\/webzine\/wp-json\/wp\/v2\/posts"}],"about":[{"href":"https:\/\/www.bymycar.fr\/webzine\/wp-json\/wp\/v2\/types\/post"}],"author":[{"embeddable":true,"href":"https:\/\/www.bymycar.fr\/webzine\/wp-json\/wp\/v2\/users\/88"}],"replies":[{"embeddable":true,"href":"https:\/\/www.bymycar.fr\/webzine\/wp-json\/wp\/v2\/comments?post=64275"}],"version-history":[{"count":4,"href":"https:\/\/www.bymycar.fr\/webzine\/wp-json\/wp\/v2\/posts\/64275\/revisions"}],"predecessor-version":[{"id":64285,"href":"https:\/\/www.bymycar.fr\/webzine\/wp-json\/wp\/v2\/posts\/64275\/revisions\/64285"}],"wp:featuredmedia":[{"embeddable":true,"href":"https:\/\/www.bymycar.fr\/webzine\/wp-json\/wp\/v2\/media\/64284"}],"wp:attachment":[{"href":"https:\/\/www.bymycar.fr\/webzine\/wp-json\/wp\/v2\/media?parent=64275"}],"wp:term":[{"taxonomy":"category","embeddable":true,"href":"https:\/\/www.bymycar.fr\/webzine\/wp-json\/wp\/v2\/categories?post=64275"},{"taxonomy":"post_tag","embeddable":true,"href":"https:\/\/www.bymycar.fr\/webzine\/wp-json\/wp\/v2\/tags?post=64275"}],"curies":[{"name":"wp","href":"https:\/\/api.w.org\/{rel}","templated":true}]}}