{"id":64218,"date":"2026-01-17T15:51:09","date_gmt":"2026-01-17T14:51:09","guid":{"rendered":"https:\/\/www.bymycar.fr\/webzine\/?p=64218"},"modified":"2026-01-17T15:53:45","modified_gmt":"2026-01-17T14:53:45","slug":"les-offres-du-moment-chez-mercedes-bymycar-classe-a-star-edition-eqa-amg-line-et-gla-amg-line","status":"publish","type":"post","link":"https:\/\/www.bymycar.fr\/webzine\/les-offres-du-moment-chez-mercedes-bymycar-classe-a-star-edition-eqa-amg-line-et-gla-amg-line\/","title":{"rendered":"Les offres du moment chez Mercedes BYmyCAR : Classe A Star Edition, EQA AMG Line et GLA AMG Line"},"content":{"rendered":"","protected":false},"excerpt":{"rendered":"","protected":false},"author":88,"featured_media":64219,"comment_status":"closed","ping_status":"closed","sticky":false,"template":"","format":"standard","meta":{"_acf_changed":false,"footnotes":""},"categories":[2,135,4],"tags":[],"class_list":["post-64218","post","type-post","status-publish","format-standard","has-post-thumbnail","hentry","category-lactu-des-marques","category-mercedes","category-offres-et-bons-plans","type_articles-gondolahead","type_articles-news"],"acf":{"image":{"ID":64233,"id":64233,"title":"Mercedes_Classe_A_Star_Edition","filename":"Header_D.jpg","filesize":1,"url":"https:\/\/cdn.bymycar.eu\/fr-webzine\/wp-content\/uploads\/medias\/Header_D.jpg","link":"https:\/\/www.bymycar.fr\/webzine\/les-offres-du-moment-chez-mercedes-bymycar-classe-a-star-edition-eqa-amg-line-et-gla-amg-line\/header_d\/","alt":"Mercedes_Classe_A_Star_Edition","author":"88","description":"","caption":"","name":"header_d","status":"inherit","uploaded_to":64218,"date":"2026-01-17 14:33:16","modified":"2026-01-17 14:39:42","menu_order":0,"mime_type":"image\/jpeg","type":"image","subtype":"jpeg","icon":"https:\/\/www.bymycar.fr\/webzine\/wp-includes\/images\/media\/default.png","width":1280,"height":733,"sizes":{"thumbnail":"https:\/\/cdn.bymycar.eu\/fr-webzine\/wp-content\/uploads\/medias\/Header_D-150x150.jpg","thumbnail-width":150,"thumbnail-height":150,"medium":"https:\/\/cdn.bymycar.eu\/fr-webzine\/wp-content\/uploads\/medias\/Header_D-300x172.jpg","medium-width":300,"medium-height":172,"medium_large":"https:\/\/cdn.bymycar.eu\/fr-webzine\/wp-content\/uploads\/medias\/Header_D-768x440.jpg","medium_large-width":768,"medium_large-height":440,"large":"https:\/\/cdn.bymycar.eu\/fr-webzine\/wp-content\/uploads\/medias\/Header_D-1024x586.jpg","large-width":1024,"large-height":586,"1536x1536":"https:\/\/cdn.bymycar.eu\/fr-webzine\/wp-content\/uploads\/medias\/Header_D.jpg","1536x1536-width":1280,"1536x1536-height":733,"2048x2048":"https:\/\/cdn.bymycar.eu\/fr-webzine\/wp-content\/uploads\/medias\/Header_D.jpg","2048x2048-width":1280,"2048x2048-height":733}},"introduction":"<p><span style=\"font-weight: 400\">Mercedes incarne bien plus qu\u2019un simple moyen de transport. C\u2019est une signature, une exigence de confort, de design et de technologie, pens\u00e9e pour accompagner chaque instant de conduite avec \u00e9l\u00e9gance et s\u00e9r\u00e9nit\u00e9.<\/span><\/p>\n<p><span style=\"font-weight: 400\">La marque met actuellement en avant trois mod\u00e8les particuli\u00e8rement appr\u00e9ci\u00e9s, propos\u00e9s dans des conditions attractives <\/span><b>jusqu\u2019au 31 mars 2026<\/b><span style=\"font-weight: 400\"> : la <\/span><b>Classe A Star Edition<\/b><span style=\"font-weight: 400\">, le <\/span><b>Mercedes EQA AMG Line<\/b><span style=\"font-weight: 400\"> et le <\/span><b>Mercedes GLA AMG Line<\/b><span style=\"font-weight: 400\">.<\/span><span style=\"font-weight: 400\"><br \/>\n<\/span><span style=\"font-weight: 400\">Trois v\u00e9hicules, trois personnalit\u00e9s, mais une m\u00eame philosophie port\u00e9e par <\/span><b>Mercedes-Benz<\/b><span style=\"font-weight: 400\"> : offrir une exp\u00e9rience de conduite \u00e0 la fois intuitive, confortable et valorisante.<\/span><\/p>\n<p><span style=\"font-weight: 400\">Ces mod\u00e8les peuvent \u00eatre d\u00e9couverts et essay\u00e9s d\u00e8s maintenant dans les \u00e9tablissements <a href=\"https:\/\/www.bymycar.fr\/concessions\/mercedes\/cote-d-azur\">Mercedes BYmyCAR Villeneuve-Loubet, Cannes<\/a>, <a href=\"https:\/\/www.bymycar.fr\/concessions\/mercedes\/var\">Roquebrune-sur-Argens et Toulon<\/a>.<\/span><\/p>\n","add-to-bo":true,"page_content":{"block_content":[{"acf_fc_layout":"text-simple","--nav":{"-withNav":false,"-ancre":""},"--group":{"-text":"<h2><b>L\u2019\u00e9l\u00e9gance compacte au quotidien : la Mercedes Classe A Star Edition<\/b><\/h2>\n<p><span style=\"font-weight: 400\">La <\/span><b>Mercedes Classe A Star Edition<\/b><span style=\"font-weight: 400\"> s\u00e9duit par sa capacit\u00e9 \u00e0 conjuguer <\/span><b>format compact<\/b><span style=\"font-weight: 400\">, <\/span><b>raffinement premium<\/b><span style=\"font-weight: 400\"> et <\/span><b>technologies embarqu\u00e9es<\/b><span style=\"font-weight: 400\">. Elle s\u2019int\u00e8gre naturellement dans un quotidien urbain ou p\u00e9riurbain, tout en offrant un confort et une qualit\u00e9 per\u00e7ue dignes des segments sup\u00e9rieurs. La Star Edition est une \u00e9dition sp\u00e9ciale sur\u00e9quip\u00e9e, puisqu\u2019elle reprend les finitions AMG Line int\u00e9rieures et ext\u00e9rieures, avec inclus : le toit ouvrant, les si\u00e8ges \u00e9lectriques et les phares adaptatifs <a href=\"https:\/\/www.mercedes-benz.lu\/fr\/passengercars\/services\/faq.html\/vehicle-usage\/technical-support\/what-are-mercedes-benz-multibeam-led-headlamps\">MULTIBEAM LED<\/a>.\u00a0<\/span><\/p>\n"}},{"acf_fc_layout":"text-image","--nav":{"-withNav":false,"-ancre":""},"--group":{"-image":{"ID":64233,"id":64233,"title":"Mercedes_Classe_A_Star_Edition","filename":"Header_D.jpg","filesize":1,"url":"https:\/\/cdn.bymycar.eu\/fr-webzine\/wp-content\/uploads\/medias\/Header_D.jpg","link":"https:\/\/www.bymycar.fr\/webzine\/les-offres-du-moment-chez-mercedes-bymycar-classe-a-star-edition-eqa-amg-line-et-gla-amg-line\/header_d\/","alt":"Mercedes_Classe_A_Star_Edition","author":"88","description":"","caption":"","name":"header_d","status":"inherit","uploaded_to":64218,"date":"2026-01-17 14:33:16","modified":"2026-01-17 14:39:42","menu_order":0,"mime_type":"image\/jpeg","type":"image","subtype":"jpeg","icon":"https:\/\/www.bymycar.fr\/webzine\/wp-includes\/images\/media\/default.png","width":1280,"height":733,"sizes":{"thumbnail":"https:\/\/cdn.bymycar.eu\/fr-webzine\/wp-content\/uploads\/medias\/Header_D-150x150.jpg","thumbnail-width":150,"thumbnail-height":150,"medium":"https:\/\/cdn.bymycar.eu\/fr-webzine\/wp-content\/uploads\/medias\/Header_D-300x172.jpg","medium-width":300,"medium-height":172,"medium_large":"https:\/\/cdn.bymycar.eu\/fr-webzine\/wp-content\/uploads\/medias\/Header_D-768x440.jpg","medium_large-width":768,"medium_large-height":440,"large":"https:\/\/cdn.bymycar.eu\/fr-webzine\/wp-content\/uploads\/medias\/Header_D-1024x586.jpg","large-width":1024,"large-height":586,"1536x1536":"https:\/\/cdn.bymycar.eu\/fr-webzine\/wp-content\/uploads\/medias\/Header_D.jpg","1536x1536-width":1280,"1536x1536-height":733,"2048x2048":"https:\/\/cdn.bymycar.eu\/fr-webzine\/wp-content\/uploads\/medias\/Header_D.jpg","2048x2048-width":1280,"2048x2048-height":733}},"-title":"","-text":"<p>\u00c0 bord, l\u2019exp\u00e9rience est r\u00e9solument moderne : syst\u00e8me MBUX, affichage num\u00e9rique, aides \u00e0 la conduite intelligentes et finitions soign\u00e9es cr\u00e9ent un environnement \u00e0 la fois fluide et rassurant. Cette \u00e9dition sp\u00e9ciale, richement \u00e9quip\u00e9e, renforce l\u2019attrait du mod\u00e8le par un niveau de dotation particuli\u00e8rement coh\u00e9rent.<br \/>\nPropos\u00e9e en ce moment \u00e0 partir de 350 \u20ac\/mois*[1] sans apport, avec 2 entretiens inclus via ServiceCare*[2], la Classe A Star Edition constitue une porte d\u2019entr\u00e9e dans l\u2019univers Mercedes, sans compromis sur le standing ni sur le confort.<br \/>\nUn choix pertinent pour celles et ceux qui recherchent une Mercedes accessible, \u00e9l\u00e9gante et parfaitement adapt\u00e9e \u00e0 un usage quotidien.<\/p>\n<a href=\"https:\/\/bit.ly\/49lnA4k\" target=\"_blank\" class=\"css-button css-button--gold\" >\n                D\u00e9couvrir\n        <\/a>\n"}},{"acf_fc_layout":"text-simple","--nav":{"-withNav":false,"-ancre":""},"--group":{"-text":"<h2><b>Une nouvelle mani\u00e8re de rouler : l\u2019EQA AMG Line<\/b><\/h2>\n<p><span style=\"font-weight: 400\">La <\/span><b>Mercedes EQA AMG Line<\/b><span style=\"font-weight: 400\"> incarne la transition vers l\u2019\u00e9lectrique selon Mercedes : fluide, silencieuse et sans rupture avec l\u2019univers premium de la marque.<\/span><span style=\"font-weight: 400\"><br \/>\n<\/span><span style=\"font-weight: 400\">Son design a\u00e9rodynamique, soulign\u00e9 par le <\/span><b>pack AMG Line<\/b><span style=\"font-weight: 400\">, lui conf\u00e8re une allure plus sportive gr\u00e2ce \u00e0 des boucliers sp\u00e9cifiques, des jantes au dessin affirm\u00e9 et une pr\u00e9sentation int\u00e9rieure plus dynamique.<\/span><\/p>\n"}},{"acf_fc_layout":"text-image","--nav":{"-withNav":false,"-ancre":""},"--group":{"-image":{"ID":64234,"id":64234,"title":"Mercedes_EQA_AMG_Line","filename":"Header_D-1.jpg","filesize":371581,"url":"https:\/\/cdn.bymycar.eu\/fr-webzine\/wp-content\/uploads\/medias\/Header_D-1.jpg","link":"https:\/\/www.bymycar.fr\/webzine\/les-offres-du-moment-chez-mercedes-bymycar-classe-a-star-edition-eqa-amg-line-et-gla-amg-line\/header_d-2\/","alt":"Mercedes_EQA_AMG_Line","author":"88","description":"","caption":"","name":"header_d-2","status":"inherit","uploaded_to":64218,"date":"2026-01-17 14:34:36","modified":"2026-01-17 14:51:47","menu_order":0,"mime_type":"image\/jpeg","type":"image","subtype":"jpeg","icon":"https:\/\/www.bymycar.fr\/webzine\/wp-includes\/images\/media\/default.png","width":1280,"height":733,"sizes":{"thumbnail":"https:\/\/cdn.bymycar.eu\/fr-webzine\/wp-content\/uploads\/medias\/Header_D-1-150x150.jpg","thumbnail-width":150,"thumbnail-height":150,"medium":"https:\/\/cdn.bymycar.eu\/fr-webzine\/wp-content\/uploads\/medias\/Header_D-1-300x172.jpg","medium-width":300,"medium-height":172,"medium_large":"https:\/\/cdn.bymycar.eu\/fr-webzine\/wp-content\/uploads\/medias\/Header_D-1-768x440.jpg","medium_large-width":768,"medium_large-height":440,"large":"https:\/\/cdn.bymycar.eu\/fr-webzine\/wp-content\/uploads\/medias\/Header_D-1-1024x586.jpg","large-width":1024,"large-height":586,"1536x1536":"https:\/\/cdn.bymycar.eu\/fr-webzine\/wp-content\/uploads\/medias\/Header_D-1.jpg","1536x1536-width":1280,"1536x1536-height":733,"2048x2048":"https:\/\/cdn.bymycar.eu\/fr-webzine\/wp-content\/uploads\/medias\/Header_D-1.jpg","2048x2048-width":1280,"2048x2048-height":733}},"-title":"","-text":"<p><span style=\"font-weight: 400\">Pens\u00e9e pour un usage r\u00e9el, la Mercedes EQA offre une conduite souple et apaisante, id\u00e9ale pour les trajets quotidiens comme pour les d\u00e9placements plus longs sur la C\u00f4te d\u2019Azur. Les technologies de gestion de l\u2019\u00e9nergie, la r\u00e9cup\u00e9ration au freinage et les aides \u00e0 la conduite renforcent le confort et la s\u00e9r\u00e9nit\u00e9 au volant.<\/span><\/p>\n<p><span style=\"font-weight: 400\">La <\/span><b>Mercedes EQA AMG Line est propos\u00e9e en ce moment \u00e0 partir de 450 \u20ac\/mois*[3]<\/b><span style=\"font-weight: 400\">.<\/span><span style=\"font-weight: 400\"><br \/>\n<\/span><span style=\"font-weight: 400\">Elle s\u2019adresse \u00e0 celles et ceux qui souhaitent adopter l\u2019\u00e9lectrique tout en conservant un <\/span><b>niveau de finition, de style et de plaisir de conduite fid\u00e8le \u00e0 l\u2019ADN Mercedes<\/b><span style=\"font-weight: 400\">.<\/span><\/p>\n<a href=\"https:\/\/bit.ly\/49lnA4k\" target=\"_blank\" class=\"css-button css-button--gold\" >\n                Plus d'infos\n        <\/a>\n"}},{"acf_fc_layout":"text-simple","--nav":{"-withNav":false,"-ancre":""},"--group":{"-text":"<h2><b>Le juste \u00e9quilibre entre dynamisme et polyvalence : le GLA AMG Line<\/b><\/h2>\n<p><span style=\"font-weight: 400\">Le <\/span><b>Mercedes GLA AMG Line<\/b><span style=\"font-weight: 400\"> s\u2019impose par sa polyvalence naturelle. SUV compact, mais g\u00e9n\u00e9reux dans son habitabilit\u00e9, il offre une position de conduite sur\u00e9lev\u00e9e appr\u00e9ci\u00e9e, tout en conservant un comportement routier \u00e9quilibr\u00e9 et rassurant.<\/span><\/p>\n"}},{"acf_fc_layout":"text-image","--nav":{"-withNav":false,"-ancre":""},"--group":{"-image":{"ID":64235,"id":64235,"title":"Mercedes_GLA_AMG_Line","filename":"Header_D-2.jpg","filesize":450873,"url":"https:\/\/cdn.bymycar.eu\/fr-webzine\/wp-content\/uploads\/medias\/Header_D-2.jpg","link":"https:\/\/www.bymycar.fr\/webzine\/les-offres-du-moment-chez-mercedes-bymycar-classe-a-star-edition-eqa-amg-line-et-gla-amg-line\/header_d-3\/","alt":"Mercedes_GLA_AMG_Line","author":"88","description":"","caption":"","name":"header_d-3","status":"inherit","uploaded_to":64218,"date":"2026-01-17 14:34:55","modified":"2026-01-17 14:51:55","menu_order":0,"mime_type":"image\/jpeg","type":"image","subtype":"jpeg","icon":"https:\/\/www.bymycar.fr\/webzine\/wp-includes\/images\/media\/default.png","width":1280,"height":733,"sizes":{"thumbnail":"https:\/\/cdn.bymycar.eu\/fr-webzine\/wp-content\/uploads\/medias\/Header_D-2-150x150.jpg","thumbnail-width":150,"thumbnail-height":150,"medium":"https:\/\/cdn.bymycar.eu\/fr-webzine\/wp-content\/uploads\/medias\/Header_D-2-300x172.jpg","medium-width":300,"medium-height":172,"medium_large":"https:\/\/cdn.bymycar.eu\/fr-webzine\/wp-content\/uploads\/medias\/Header_D-2-768x440.jpg","medium_large-width":768,"medium_large-height":440,"large":"https:\/\/cdn.bymycar.eu\/fr-webzine\/wp-content\/uploads\/medias\/Header_D-2-1024x586.jpg","large-width":1024,"large-height":586,"1536x1536":"https:\/\/cdn.bymycar.eu\/fr-webzine\/wp-content\/uploads\/medias\/Header_D-2.jpg","1536x1536-width":1280,"1536x1536-height":733,"2048x2048":"https:\/\/cdn.bymycar.eu\/fr-webzine\/wp-content\/uploads\/medias\/Header_D-2.jpg","2048x2048-width":1280,"2048x2048-height":733}},"-title":"","-text":"<p><span style=\"font-weight: 400\">La finition <\/span><b>AMG Line<\/b><span style=\"font-weight: 400\"> apporte une touche plus expressive au mod\u00e8le : \u00e9l\u00e9ments de design sp\u00e9cifiques, ambiance int\u00e9rieure sportive et d\u00e9tails soign\u00e9s renforcent son caract\u00e8re sans exc\u00e8s. Le GLA sait se montrer aussi \u00e0 l\u2019aise en ville que sur les axes plus rapides, ce qui en fait un compagnon de route polyvalent.<\/span><\/p>\n<p><span style=\"font-weight: 400\">Le <\/span><b>Mercedes GLA AMG Line est propos\u00e9 en ce moment \u00e0 partir de 490 \u20ac\/mois*[4] sans apport<\/b><span style=\"font-weight: 400\">, avec <\/span><b>2 entretiens inclus via ServiceCare*[2]<\/b><span style=\"font-weight: 400\">.<\/span><span style=\"font-weight: 400\"><br \/>\n<\/span><span style=\"font-weight: 400\">Ce programme permet d\u2019anticiper l\u2019entretien du v\u00e9hicule tout en profitant de l\u2019expertise Mercedes, un avantage appr\u00e9ciable pour une utilisation sereine dans le temps.<\/span><\/p>\n<p><span style=\"font-weight: 400\">Un choix \u00e9vident pour celles et ceux qui recherchent un SUV premium, valorisant et confortable, capable de s\u2019adapter \u00e0 tous les rythmes de vie.<\/span><\/p>\n<a href=\"https:\/\/bit.ly\/49lnA4k\" target=\"_blank\" class=\"css-button css-button--gold\" >\n                Je profite de l'offre\n        <\/a>\n"}},{"acf_fc_layout":"text-simple","--nav":{"-withNav":false,"-ancre":""},"--group":{"-text":"<p><span style=\"font-weight: 400\">Jusqu\u2019au <\/span><b>31 mars 2026<\/b><span style=\"font-weight: 400\">, la <\/span><b>Classe A Star Edition<\/b><span style=\"font-weight: 400\">, l\u2019<\/span><b>EQA AMG Line<\/b><span style=\"font-weight: 400\"> et le <\/span><b>GLA AMG Line<\/b><span style=\"font-weight: 400\"> se pr\u00e9sentent comme trois interpr\u00e9tations compl\u00e9mentaires de l\u2019univers Mercedes, chacune offrant une mani\u00e8re diff\u00e9rente d\u2019aborder la route, le confort et le plaisir de conduite.<\/span><\/p>\n<p><span style=\"font-weight: 400\">Ces mod\u00e8les sont visibles et peuvent \u00eatre essay\u00e9s d\u00e8s maintenant dans les \u00e9tablissements <\/span><b>Mercedes BYmyCAR de la C\u00f4te d\u2019Azur et du Var<\/b><span style=\"font-weight: 400\"> : Villeneuve-Loubet, Cannes, Roquebrune-sur-Argens et Toulon. Prendre place \u00e0 bord, ressentir l\u2019ambiance int\u00e9rieure, appr\u00e9cier la position de conduite\u2026 c\u2019est souvent \u00e0 ce moment-l\u00e0 que le choix prend tout son sens.<\/span><\/p>\n<p><span style=\"font-weight: 400\">Choisir l\u2019une de ces Mercedes aujourd\u2019hui, c\u2019est s\u2019offrir une parenth\u00e8se de confort et de ma\u00eetrise, parfaitement en phase avec l\u2019art de vivre de la C\u00f4te d\u2019Azur.<\/span><\/p>\n<p>&nbsp;<\/p>\n<hr \/>\n<p data-start=\"1729\" data-end=\"1999\"><strong data-start=\"1729\" data-end=\"1811\">Quelles sont les offres disponibles en ce moment chez Mercedes BYmyCAR C\u00f4te d&rsquo;Azur ?<\/strong><br data-start=\"1811\" data-end=\"1814\" \/>Les \u00e9tablissements Mercedes BYmyCAR proposent actuellement des offres sur la Classe A Star Edition, le Mercedes EQA AMG Line et le Mercedes GLA AMG Line, valables jusqu\u2019au 31 mars 2026.<\/p>\n<p data-start=\"2001\" data-end=\"2219\"><strong data-start=\"2001\" data-end=\"2053\">Que comprend le programme ServiceCare Mercedes ?<\/strong><br data-start=\"2053\" data-end=\"2056\" \/>ServiceCare permet d\u2019inclure \u00e0 l\u2019avance les entretiens pr\u00e9vus par le constructeur, afin de ma\u00eetriser son budget et de b\u00e9n\u00e9ficier de l\u2019expertise du r\u00e9seau Mercedes.<\/p>\n<p data-start=\"2221\" data-end=\"2415\"><strong data-start=\"2221\" data-end=\"2281\">Peut-on essayer les v\u00e9hicules avant de faire son choix ?<\/strong><br data-start=\"2281\" data-end=\"2284\" \/>Oui, des essais sont possibles dans les \u00e9tablissements Mercedes BYmyCAR Villeneuve-Loubet, Cannes, Roquebrune-sur-Argens et Toulon.<\/p>\n<p data-start=\"2417\" data-end=\"2591\"><strong data-start=\"2417\" data-end=\"2482\">Les offres Mercedes sont-elles propos\u00e9es en financement LLD ?<\/strong><br data-start=\"2482\" data-end=\"2485\" \/>Oui, les offres pr\u00e9sent\u00e9es sont accessibles en location longue dur\u00e9e, avec ou sans apport selon le mod\u00e8le. D\u00e9couvrez les conditions en \u00e9tablissement Mercedes BYmyCAR.<\/p>\n<hr \/>\n<p><span style=\"color: #d9d9d9\"><em><span style=\"font-weight: 400\">*[1]Location Longue Dur\u00e9e : Classe A 180 Star Edition, 45 000 km, sans apport, 37 loyers mensuels de 350 \u20ac.<\/span><\/em><\/span><\/p>\n<p><span style=\"color: #d9d9d9\"><em><span style=\"font-weight: 400\">Mod\u00e8le pr\u00e9sent\u00e9 : Classe A 180 Star Edition, avec peinture Argent High-Tech, 45\u202f000 km, 37 loyers mensuels de 359 \u20ac. Offre au prix tarif remis\u00e9 du 01\/01\/26, valable dans la limite des stocks disponibles pour toute commande d\u2019un v\u00e9hicule neuf du 01\/01\/26 au 31\/03\/26 et livraison avant le 30\/09\/26 chez les distributeurs participants, sous r\u00e9serve d\u2019acceptation du dossier par Mercedes-Benz Financial Services SA, 7 av. Niepce, 78180 Montigny. RCS Versailles 304 974 249, N\u00b0 ORIAS 07009177, N\u00b0 ICS FR77ZZZ149071.\u00a0<\/span><\/em><\/span><\/p>\n<h2><\/h2>\n<p><span style=\"color: #d9d9d9\"><em><span style=\"font-weight: 400\">*[2]Contrat ServiceCare 2 entretiens, valable en France m\u00e9tropolitaine et Monaco, pour toute commande d\u2019une Classe A chez les distributeurs participants du 01\/01\/26 au 31\/03\/26 et livraison avant le 30\/09\/26. Hors v\u00e9hicules AMG, v\u00e9hicules de secours ou de comp\u00e9tition, v\u00e9hicules de courtoisie, auto-\u00e9coles et loueurs courte dur\u00e9e. Mercedes-Benz France, SAS au capital de 75.516.000\u202f\u20ac. SIREN 622\u202f044\u202f287 R.C.S Versailles.\u00a0<\/span><\/em><\/span><\/p>\n<h2><\/h2>\n<p><span style=\"color: #d9d9d9\"><em><span style=\"font-weight: 400\">*[3]Location Longue Dur\u00e9e 45 000 km : EQA 250+ Pack AMG Line, 1er loyer major\u00e9 de 3 550 \u20ac, puis 36 loyers de 450 \u20ac.\u00a0<\/span><\/em><\/span><\/p>\n<p><span style=\"color: #d9d9d9\"><em><span style=\"font-weight: 400\">Mod\u00e8le pr\u00e9sent\u00e9 : EQA 250+ Pack AMG Line avec peinture Blanc polaire, 1er loyer major\u00e9 de 3 555 \u20ac, puis 36 loyers de 455 \u20ac. Offre r\u00e9serv\u00e9e aux particuliers, au tarif remis\u00e9 du 01\/01\/26, valable dans la limite des stocks disponibles pour toute commande d\u2019un v\u00e9hicule neuf avant le 31\/03\/26 et livraison avant le 30\/09\/26 chez les distributeurs participants, sous r\u00e9serve d\u2019acceptation du dossier par Mercedes-Benz Financial Services SA, 7 av. Niepce, 78180 Montigny. RCS Versailles 304 974 249, N\u00b0 ORIAS 07009177.<\/span><\/em><\/span><\/p>\n<h2><\/h2>\n<p><span style=\"color: #d9d9d9\"><em><span style=\"font-weight: 400\">*[4]Location Longue Dur\u00e9e : GLA 180 AMG Line, 45 000 km, sans apport, 37 loyers mensuels de 490 \u20ac. Mod\u00e8le pr\u00e9sent\u00e9 : GLA 180 AMG Line, avec peinture Argent Hight-Tech, Projecteur Multibeam LED, Toit panoramique et Pack Sport Black, 45\u202f000km, 37 loyers mensuels de 525 \u20ac. Offre au prix tarif remis\u00e9 du 01\/01\/26, valable dans la limite des stocks disponibles pour toute commande d\u2019un v\u00e9hicule neuf du 01\/01\/26 au 31\/03\/26 et livraison avant le 30\/09\/26 chez les distributeurs participants, sous r\u00e9serve d\u2019acceptation du dossier par Mercedes-Benz Financial Services SA, 7 av. Niepce, 78180 Montigny. RCS Versailles 304 974 249, N\u00b0 ORIAS 07009177, N\u00b0 ICS FR77ZZZ149071.<\/span><\/em><\/span><\/p>\n"}}]},"meta-BMC":{"select--meta--region":["13124","13116"],"select--meta--marque":["13109"],"select--meta--concession":[],"type":{"term_id":13087,"name":"gondolaHead","slug":"gondolahead","term_group":0,"term_taxonomy_id":13087,"taxonomy":"type_articles","description":"","parent":0,"count":2,"filter":"raw"}},"add-carousel-to-footer":true},"yoast_head":"<!-- This site is optimized with the Yoast SEO Premium plugin v26.4 (Yoast SEO v26.4) - https:\/\/yoast.com\/wordpress\/plugins\/seo\/ -->\n<title>Offres Mercedes Classe A \u00e0 ne pas manquer<\/title>\n<meta name=\"description\" content=\"D\u00e9couvrez les meilleures offres pour la Mercedes Classe A, l&#039;EQA AMG Line et le GLA AMG Line et profitez de la qualit\u00e9 de ce v\u00e9hicule unique.\" \/>\n<meta name=\"robots\" content=\"index, follow, max-snippet:-1, max-image-preview:large, max-video-preview:-1\" \/>\n<link rel=\"canonical\" href=\"https:\/\/www.bymycar.fr\/webzine\/les-offres-du-moment-chez-mercedes-bymycar-classe-a-star-edition-eqa-amg-line-et-gla-amg-line\/\" \/>\n<meta property=\"og:locale\" content=\"fr_FR\" \/>\n<meta property=\"og:type\" content=\"article\" \/>\n<meta property=\"og:title\" content=\"Les offres du moment chez Mercedes BYmyCAR : Classe A Star Edition, EQA AMG Line et GLA AMG Line\" \/>\n<meta property=\"og:description\" content=\"D\u00e9couvrez les meilleures offres pour la Mercedes Classe A, l&#039;EQA AMG Line et le GLA AMG Line et profitez de la qualit\u00e9 de ce v\u00e9hicule unique.\" \/>\n<meta property=\"og:url\" content=\"https:\/\/www.bymycar.fr\/webzine\/les-offres-du-moment-chez-mercedes-bymycar-classe-a-star-edition-eqa-amg-line-et-gla-amg-line\/\" \/>\n<meta property=\"og:site_name\" content=\"Webzine auto BYmyCAR\" \/>\n<meta property=\"article:published_time\" content=\"2026-01-17T14:51:09+00:00\" \/>\n<meta property=\"article:modified_time\" content=\"2026-01-17T14:53:45+00:00\" \/>\n<meta property=\"og:image\" content=\"https:\/\/cdn.bymycar.eu\/fr-webzine\/wp-content\/uploads\/medias\/600x600_CLASSEA.jpg\" \/>\n\t<meta property=\"og:image:width\" content=\"600\" \/>\n\t<meta property=\"og:image:height\" content=\"600\" \/>\n\t<meta property=\"og:image:type\" content=\"image\/jpeg\" \/>\n<meta name=\"author\" content=\"La R\u00e9daction BYmyCAR\" \/>\n<meta name=\"twitter:card\" content=\"summary_large_image\" \/>\n<meta name=\"twitter:label1\" content=\"\u00c9crit par\" \/>\n\t<meta name=\"twitter:data1\" content=\"La R\u00e9daction BYmyCAR\" \/>\n\t<meta name=\"twitter:label2\" content=\"Dur\u00e9e de lecture estim\u00e9e\" \/>\n\t<meta name=\"twitter:data2\" content=\"1 minute\" \/>\n<script type=\"application\/ld+json\" class=\"yoast-schema-graph\">{\"@context\":\"https:\/\/schema.org\",\"@graph\":[{\"@type\":\"Article\",\"@id\":\"https:\/\/www.bymycar.fr\/webzine\/les-offres-du-moment-chez-mercedes-bymycar-classe-a-star-edition-eqa-amg-line-et-gla-amg-line\/#article\",\"isPartOf\":{\"@id\":\"https:\/\/www.bymycar.fr\/webzine\/les-offres-du-moment-chez-mercedes-bymycar-classe-a-star-edition-eqa-amg-line-et-gla-amg-line\/\"},\"author\":{\"name\":\"La R\u00e9daction BYmyCAR\",\"@id\":\"https:\/\/www.bymycar.fr\/webzine\/#\/schema\/person\/8d570fe11eb8929f06c1e6d00f4d9689\"},\"headline\":\"Les offres du moment chez Mercedes BYmyCAR : Classe A Star Edition, EQA AMG Line et GLA AMG Line\",\"datePublished\":\"2026-01-17T14:51:09+00:00\",\"dateModified\":\"2026-01-17T14:53:45+00:00\",\"mainEntityOfPage\":{\"@id\":\"https:\/\/www.bymycar.fr\/webzine\/les-offres-du-moment-chez-mercedes-bymycar-classe-a-star-edition-eqa-amg-line-et-gla-amg-line\/\"},\"wordCount\":18,\"publisher\":{\"@id\":\"https:\/\/www.bymycar.fr\/webzine\/#organization\"},\"image\":{\"@id\":\"https:\/\/www.bymycar.fr\/webzine\/les-offres-du-moment-chez-mercedes-bymycar-classe-a-star-edition-eqa-amg-line-et-gla-amg-line\/#primaryimage\"},\"thumbnailUrl\":\"https:\/\/cdn.bymycar.eu\/fr-webzine\/wp-content\/uploads\/medias\/600x600_CLASSEA.jpg\",\"articleSection\":[\"L'actu des marques\",\"Mercedes\",\"Offres et bons plans\"],\"inLanguage\":\"fr-FR\"},{\"@type\":\"WebPage\",\"@id\":\"https:\/\/www.bymycar.fr\/webzine\/les-offres-du-moment-chez-mercedes-bymycar-classe-a-star-edition-eqa-amg-line-et-gla-amg-line\/\",\"url\":\"https:\/\/www.bymycar.fr\/webzine\/les-offres-du-moment-chez-mercedes-bymycar-classe-a-star-edition-eqa-amg-line-et-gla-amg-line\/\",\"name\":\"Offres Mercedes Classe A \u00e0 ne pas manquer\",\"isPartOf\":{\"@id\":\"https:\/\/www.bymycar.fr\/webzine\/#website\"},\"primaryImageOfPage\":{\"@id\":\"https:\/\/www.bymycar.fr\/webzine\/les-offres-du-moment-chez-mercedes-bymycar-classe-a-star-edition-eqa-amg-line-et-gla-amg-line\/#primaryimage\"},\"image\":{\"@id\":\"https:\/\/www.bymycar.fr\/webzine\/les-offres-du-moment-chez-mercedes-bymycar-classe-a-star-edition-eqa-amg-line-et-gla-amg-line\/#primaryimage\"},\"thumbnailUrl\":\"https:\/\/cdn.bymycar.eu\/fr-webzine\/wp-content\/uploads\/medias\/600x600_CLASSEA.jpg\",\"datePublished\":\"2026-01-17T14:51:09+00:00\",\"dateModified\":\"2026-01-17T14:53:45+00:00\",\"description\":\"D\u00e9couvrez les meilleures offres pour la Mercedes Classe A, l'EQA AMG Line et le GLA AMG Line et profitez de la qualit\u00e9 de ce v\u00e9hicule unique.\",\"breadcrumb\":{\"@id\":\"https:\/\/www.bymycar.fr\/webzine\/les-offres-du-moment-chez-mercedes-bymycar-classe-a-star-edition-eqa-amg-line-et-gla-amg-line\/#breadcrumb\"},\"inLanguage\":\"fr-FR\",\"potentialAction\":[{\"@type\":\"ReadAction\",\"target\":[\"https:\/\/www.bymycar.fr\/webzine\/les-offres-du-moment-chez-mercedes-bymycar-classe-a-star-edition-eqa-amg-line-et-gla-amg-line\/\"]}]},{\"@type\":\"ImageObject\",\"inLanguage\":\"fr-FR\",\"@id\":\"https:\/\/www.bymycar.fr\/webzine\/les-offres-du-moment-chez-mercedes-bymycar-classe-a-star-edition-eqa-amg-line-et-gla-amg-line\/#primaryimage\",\"url\":\"https:\/\/cdn.bymycar.eu\/fr-webzine\/wp-content\/uploads\/medias\/600x600_CLASSEA.jpg\",\"contentUrl\":\"https:\/\/cdn.bymycar.eu\/fr-webzine\/wp-content\/uploads\/medias\/600x600_CLASSEA.jpg\",\"width\":600,\"height\":600},{\"@type\":\"BreadcrumbList\",\"@id\":\"https:\/\/www.bymycar.fr\/webzine\/les-offres-du-moment-chez-mercedes-bymycar-classe-a-star-edition-eqa-amg-line-et-gla-amg-line\/#breadcrumb\",\"itemListElement\":[{\"@type\":\"ListItem\",\"position\":1,\"name\":\"Accueil\",\"item\":\"https:\/\/www.bymycar.fr\/webzine\/\"},{\"@type\":\"ListItem\",\"position\":2,\"name\":\"Les offres du moment chez Mercedes BYmyCAR : Classe A Star Edition, EQA AMG Line et GLA AMG Line\"}]},{\"@type\":\"WebSite\",\"@id\":\"https:\/\/www.bymycar.fr\/webzine\/#website\",\"url\":\"https:\/\/www.bymycar.fr\/webzine\/\",\"name\":\"Webzine auto BYmyCAR\",\"description\":\"La magazine auto de BYmyCAR\",\"publisher\":{\"@id\":\"https:\/\/www.bymycar.fr\/webzine\/#organization\"},\"potentialAction\":[{\"@type\":\"SearchAction\",\"target\":{\"@type\":\"EntryPoint\",\"urlTemplate\":\"https:\/\/www.bymycar.fr\/webzine\/?s={search_term_string}\"},\"query-input\":{\"@type\":\"PropertyValueSpecification\",\"valueRequired\":true,\"valueName\":\"search_term_string\"}}],\"inLanguage\":\"fr-FR\"},{\"@type\":\"Organization\",\"@id\":\"https:\/\/www.bymycar.fr\/webzine\/#organization\",\"name\":\"BYmyCAR\",\"url\":\"https:\/\/www.bymycar.fr\/webzine\/\",\"logo\":{\"@type\":\"ImageObject\",\"inLanguage\":\"fr-FR\",\"@id\":\"https:\/\/www.bymycar.fr\/webzine\/#\/schema\/logo\/image\/\",\"url\":\"https:\/\/cdn.bymycar.eu\/fr-webzine\/wp-content\/uploads\/medias\/2017\/08\/logo_DEALER_00000406_001.png\",\"contentUrl\":\"https:\/\/cdn.bymycar.eu\/fr-webzine\/wp-content\/uploads\/medias\/2017\/08\/logo_DEALER_00000406_001.png\",\"width\":2132,\"height\":720,\"caption\":\"BYmyCAR\"},\"image\":{\"@id\":\"https:\/\/www.bymycar.fr\/webzine\/#\/schema\/logo\/image\/\"}},{\"@type\":\"Person\",\"@id\":\"https:\/\/www.bymycar.fr\/webzine\/#\/schema\/person\/8d570fe11eb8929f06c1e6d00f4d9689\",\"name\":\"La R\u00e9daction BYmyCAR\",\"image\":{\"@type\":\"ImageObject\",\"inLanguage\":\"fr-FR\",\"@id\":\"https:\/\/www.bymycar.fr\/webzine\/#\/schema\/person\/image\/\",\"url\":\"https:\/\/secure.gravatar.com\/avatar\/1aa6b039d0ce106989923af4e2d0f2a0c82bb070d5e449f1b9adf082a5863900?s=96&d=mm&r=g\",\"contentUrl\":\"https:\/\/secure.gravatar.com\/avatar\/1aa6b039d0ce106989923af4e2d0f2a0c82bb070d5e449f1b9adf082a5863900?s=96&d=mm&r=g\",\"caption\":\"La R\u00e9daction BYmyCAR\"},\"sameAs\":[\"https:\/\/www.bymycar.fr\/\"]}]}<\/script>\n<!-- \/ Yoast SEO Premium plugin. -->","yoast_head_json":{"title":"Offres Mercedes Classe A \u00e0 ne pas manquer","description":"D\u00e9couvrez les meilleures offres pour la Mercedes Classe A, l'EQA AMG Line et le GLA AMG Line et profitez de la qualit\u00e9 de ce v\u00e9hicule unique.","robots":{"index":"index","follow":"follow","max-snippet":"max-snippet:-1","max-image-preview":"max-image-preview:large","max-video-preview":"max-video-preview:-1"},"canonical":"https:\/\/www.bymycar.fr\/webzine\/les-offres-du-moment-chez-mercedes-bymycar-classe-a-star-edition-eqa-amg-line-et-gla-amg-line\/","og_locale":"fr_FR","og_type":"article","og_title":"Les offres du moment chez Mercedes BYmyCAR : Classe A Star Edition, EQA AMG Line et GLA AMG Line","og_description":"D\u00e9couvrez les meilleures offres pour la Mercedes Classe A, l'EQA AMG Line et le GLA AMG Line et profitez de la qualit\u00e9 de ce v\u00e9hicule unique.","og_url":"https:\/\/www.bymycar.fr\/webzine\/les-offres-du-moment-chez-mercedes-bymycar-classe-a-star-edition-eqa-amg-line-et-gla-amg-line\/","og_site_name":"Webzine auto BYmyCAR","article_published_time":"2026-01-17T14:51:09+00:00","article_modified_time":"2026-01-17T14:53:45+00:00","og_image":[{"width":600,"height":600,"url":"https:\/\/cdn.bymycar.eu\/fr-webzine\/wp-content\/uploads\/medias\/600x600_CLASSEA.jpg","type":"image\/jpeg"}],"author":"La R\u00e9daction BYmyCAR","twitter_card":"summary_large_image","twitter_misc":{"\u00c9crit par":"La R\u00e9daction BYmyCAR","Dur\u00e9e de lecture estim\u00e9e":"1 minute"},"schema":{"@context":"https:\/\/schema.org","@graph":[{"@type":"Article","@id":"https:\/\/www.bymycar.fr\/webzine\/les-offres-du-moment-chez-mercedes-bymycar-classe-a-star-edition-eqa-amg-line-et-gla-amg-line\/#article","isPartOf":{"@id":"https:\/\/www.bymycar.fr\/webzine\/les-offres-du-moment-chez-mercedes-bymycar-classe-a-star-edition-eqa-amg-line-et-gla-amg-line\/"},"author":{"name":"La R\u00e9daction BYmyCAR","@id":"https:\/\/www.bymycar.fr\/webzine\/#\/schema\/person\/8d570fe11eb8929f06c1e6d00f4d9689"},"headline":"Les offres du moment chez Mercedes BYmyCAR : Classe A Star Edition, EQA AMG Line et GLA AMG Line","datePublished":"2026-01-17T14:51:09+00:00","dateModified":"2026-01-17T14:53:45+00:00","mainEntityOfPage":{"@id":"https:\/\/www.bymycar.fr\/webzine\/les-offres-du-moment-chez-mercedes-bymycar-classe-a-star-edition-eqa-amg-line-et-gla-amg-line\/"},"wordCount":18,"publisher":{"@id":"https:\/\/www.bymycar.fr\/webzine\/#organization"},"image":{"@id":"https:\/\/www.bymycar.fr\/webzine\/les-offres-du-moment-chez-mercedes-bymycar-classe-a-star-edition-eqa-amg-line-et-gla-amg-line\/#primaryimage"},"thumbnailUrl":"https:\/\/cdn.bymycar.eu\/fr-webzine\/wp-content\/uploads\/medias\/600x600_CLASSEA.jpg","articleSection":["L'actu des marques","Mercedes","Offres et bons plans"],"inLanguage":"fr-FR"},{"@type":"WebPage","@id":"https:\/\/www.bymycar.fr\/webzine\/les-offres-du-moment-chez-mercedes-bymycar-classe-a-star-edition-eqa-amg-line-et-gla-amg-line\/","url":"https:\/\/www.bymycar.fr\/webzine\/les-offres-du-moment-chez-mercedes-bymycar-classe-a-star-edition-eqa-amg-line-et-gla-amg-line\/","name":"Offres Mercedes Classe A \u00e0 ne pas manquer","isPartOf":{"@id":"https:\/\/www.bymycar.fr\/webzine\/#website"},"primaryImageOfPage":{"@id":"https:\/\/www.bymycar.fr\/webzine\/les-offres-du-moment-chez-mercedes-bymycar-classe-a-star-edition-eqa-amg-line-et-gla-amg-line\/#primaryimage"},"image":{"@id":"https:\/\/www.bymycar.fr\/webzine\/les-offres-du-moment-chez-mercedes-bymycar-classe-a-star-edition-eqa-amg-line-et-gla-amg-line\/#primaryimage"},"thumbnailUrl":"https:\/\/cdn.bymycar.eu\/fr-webzine\/wp-content\/uploads\/medias\/600x600_CLASSEA.jpg","datePublished":"2026-01-17T14:51:09+00:00","dateModified":"2026-01-17T14:53:45+00:00","description":"D\u00e9couvrez les meilleures offres pour la Mercedes Classe A, l'EQA AMG Line et le GLA AMG Line et profitez de la qualit\u00e9 de ce v\u00e9hicule unique.","breadcrumb":{"@id":"https:\/\/www.bymycar.fr\/webzine\/les-offres-du-moment-chez-mercedes-bymycar-classe-a-star-edition-eqa-amg-line-et-gla-amg-line\/#breadcrumb"},"inLanguage":"fr-FR","potentialAction":[{"@type":"ReadAction","target":["https:\/\/www.bymycar.fr\/webzine\/les-offres-du-moment-chez-mercedes-bymycar-classe-a-star-edition-eqa-amg-line-et-gla-amg-line\/"]}]},{"@type":"ImageObject","inLanguage":"fr-FR","@id":"https:\/\/www.bymycar.fr\/webzine\/les-offres-du-moment-chez-mercedes-bymycar-classe-a-star-edition-eqa-amg-line-et-gla-amg-line\/#primaryimage","url":"https:\/\/cdn.bymycar.eu\/fr-webzine\/wp-content\/uploads\/medias\/600x600_CLASSEA.jpg","contentUrl":"https:\/\/cdn.bymycar.eu\/fr-webzine\/wp-content\/uploads\/medias\/600x600_CLASSEA.jpg","width":600,"height":600},{"@type":"BreadcrumbList","@id":"https:\/\/www.bymycar.fr\/webzine\/les-offres-du-moment-chez-mercedes-bymycar-classe-a-star-edition-eqa-amg-line-et-gla-amg-line\/#breadcrumb","itemListElement":[{"@type":"ListItem","position":1,"name":"Accueil","item":"https:\/\/www.bymycar.fr\/webzine\/"},{"@type":"ListItem","position":2,"name":"Les offres du moment chez Mercedes BYmyCAR : Classe A Star Edition, EQA AMG Line et GLA AMG Line"}]},{"@type":"WebSite","@id":"https:\/\/www.bymycar.fr\/webzine\/#website","url":"https:\/\/www.bymycar.fr\/webzine\/","name":"Webzine auto BYmyCAR","description":"La magazine auto de BYmyCAR","publisher":{"@id":"https:\/\/www.bymycar.fr\/webzine\/#organization"},"potentialAction":[{"@type":"SearchAction","target":{"@type":"EntryPoint","urlTemplate":"https:\/\/www.bymycar.fr\/webzine\/?s={search_term_string}"},"query-input":{"@type":"PropertyValueSpecification","valueRequired":true,"valueName":"search_term_string"}}],"inLanguage":"fr-FR"},{"@type":"Organization","@id":"https:\/\/www.bymycar.fr\/webzine\/#organization","name":"BYmyCAR","url":"https:\/\/www.bymycar.fr\/webzine\/","logo":{"@type":"ImageObject","inLanguage":"fr-FR","@id":"https:\/\/www.bymycar.fr\/webzine\/#\/schema\/logo\/image\/","url":"https:\/\/cdn.bymycar.eu\/fr-webzine\/wp-content\/uploads\/medias\/2017\/08\/logo_DEALER_00000406_001.png","contentUrl":"https:\/\/cdn.bymycar.eu\/fr-webzine\/wp-content\/uploads\/medias\/2017\/08\/logo_DEALER_00000406_001.png","width":2132,"height":720,"caption":"BYmyCAR"},"image":{"@id":"https:\/\/www.bymycar.fr\/webzine\/#\/schema\/logo\/image\/"}},{"@type":"Person","@id":"https:\/\/www.bymycar.fr\/webzine\/#\/schema\/person\/8d570fe11eb8929f06c1e6d00f4d9689","name":"La R\u00e9daction BYmyCAR","image":{"@type":"ImageObject","inLanguage":"fr-FR","@id":"https:\/\/www.bymycar.fr\/webzine\/#\/schema\/person\/image\/","url":"https:\/\/secure.gravatar.com\/avatar\/1aa6b039d0ce106989923af4e2d0f2a0c82bb070d5e449f1b9adf082a5863900?s=96&d=mm&r=g","contentUrl":"https:\/\/secure.gravatar.com\/avatar\/1aa6b039d0ce106989923af4e2d0f2a0c82bb070d5e449f1b9adf082a5863900?s=96&d=mm&r=g","caption":"La R\u00e9daction BYmyCAR"},"sameAs":["https:\/\/www.bymycar.fr\/"]}]}},"_links":{"self":[{"href":"https:\/\/www.bymycar.fr\/webzine\/wp-json\/wp\/v2\/posts\/64218","targetHints":{"allow":["GET"]}}],"collection":[{"href":"https:\/\/www.bymycar.fr\/webzine\/wp-json\/wp\/v2\/posts"}],"about":[{"href":"https:\/\/www.bymycar.fr\/webzine\/wp-json\/wp\/v2\/types\/post"}],"author":[{"embeddable":true,"href":"https:\/\/www.bymycar.fr\/webzine\/wp-json\/wp\/v2\/users\/88"}],"replies":[{"embeddable":true,"href":"https:\/\/www.bymycar.fr\/webzine\/wp-json\/wp\/v2\/comments?post=64218"}],"version-history":[{"count":18,"href":"https:\/\/www.bymycar.fr\/webzine\/wp-json\/wp\/v2\/posts\/64218\/revisions"}],"predecessor-version":[{"id":64241,"href":"https:\/\/www.bymycar.fr\/webzine\/wp-json\/wp\/v2\/posts\/64218\/revisions\/64241"}],"wp:featuredmedia":[{"embeddable":true,"href":"https:\/\/www.bymycar.fr\/webzine\/wp-json\/wp\/v2\/media\/64219"}],"wp:attachment":[{"href":"https:\/\/www.bymycar.fr\/webzine\/wp-json\/wp\/v2\/media?parent=64218"}],"wp:term":[{"taxonomy":"category","embeddable":true,"href":"https:\/\/www.bymycar.fr\/webzine\/wp-json\/wp\/v2\/categories?post=64218"},{"taxonomy":"post_tag","embeddable":true,"href":"https:\/\/www.bymycar.fr\/webzine\/wp-json\/wp\/v2\/tags?post=64218"}],"curies":[{"name":"wp","href":"https:\/\/api.w.org\/{rel}","templated":true}]}}