{"id":63840,"date":"2026-01-11T00:00:00","date_gmt":"2026-01-11T00:00:00","guid":{"rendered":"https:\/\/www.bymycar.fr\/webzine\/?p=63840"},"modified":"2026-01-12T09:12:29","modified_gmt":"2026-01-12T08:12:29","slug":"dimension-et-confort-interieur-de-la-fiat-600","status":"publish","type":"post","link":"https:\/\/www.bymycar.fr\/webzine\/dimension-et-confort-interieur-de-la-fiat-600\/","title":{"rendered":"Dimension et confort int\u00e9rieur de la Fiat 600"},"content":{"rendered":"","protected":false},"excerpt":{"rendered":"","protected":false},"author":88,"featured_media":0,"comment_status":"closed","ping_status":"open","sticky":false,"template":"","format":"standard","meta":{"_acf_changed":false,"footnotes":""},"categories":[12907],"tags":[],"class_list":["post-63840","post","type-post","status-publish","format-standard","hentry","category-guide-dachat-fiat"],"acf":{"page_content":{"block_content":[{"acf_fc_layout":"text-simple","--nav":{"-withNav":false,"-ancre":""},"--group":{"-text":"<h2>Ce qu&rsquo;il faut retenir<\/h2>\n<p>Les points essentiels \u00e0 retenir sur les dimensions et le confort int\u00e9rieur de la Fiat 600 :<\/p>\n<ul>\n<li><strong>Dimensions optimales<\/strong> : avec ses 4,17 m de long et 1,78 m de large, la Fiat 600 offre un parfait \u00e9quilibre entre compacit\u00e9 urbaine et habitabilit\u00e9 g\u00e9n\u00e9reuse pour cinq personnes ;<\/li>\n<li><strong>Volume de chargement g\u00e9n\u00e9reux<\/strong> : le coffre propose 385 litres (version hybride) ou 360 litres (version \u00e9lectrique), extensible \u00e0 plus de 1 200 litres banquette rabattue, compl\u00e9t\u00e9 par 15 litres de rangements int\u00e9rieurs ;<\/li>\n<li><strong>Confort premium<\/strong> : l&rsquo;habitacle b\u00e9n\u00e9ficie d&rsquo;\u00e9quipements haut de gamme comme le si\u00e8ge conducteur \u00e9lectrique avec massage, la chromoth\u00e9rapie personnalisable et des mat\u00e9riaux soft touch dans le Pack Confort.<\/li>\n<\/ul>\n<p>Cette combinaison fait de la Fiat 600 un SUV urbain particuli\u00e8rement polyvalent, adapt\u00e9 aussi bien \u00e0 vos trajets quotidiens qu&rsquo;\u00e0 vos escapades familiales.<\/p>\n<h2>Quelles sont les dimensions ext\u00e9rieures de la Fiat 600 ?<\/h2>\n<h3>Tableau r\u00e9capitulatif des cotes (longueur, largeur, hauteur)<\/h3>\n<table>\n<thead>\n<tr>\n<th>Dimension<\/th>\n<th>Mesure<\/th>\n<\/tr>\n<\/thead>\n<tbody>\n<tr>\n<td>Longueur<\/td>\n<td>4 178 mm<\/td>\n<\/tr>\n<tr>\n<td>Largeur (r\u00e9troviseurs rabattus)<\/td>\n<td>1 781 mm<\/td>\n<\/tr>\n<tr>\n<td>Largeur (r\u00e9troviseurs d\u00e9ploy\u00e9s)<\/td>\n<td>1 981 mm<\/td>\n<\/tr>\n<tr>\n<td>Hauteur<\/td>\n<td>1 525 mm<\/td>\n<\/tr>\n<tr>\n<td>Empattement<\/td>\n<td>2 560 mm<\/td>\n<\/tr>\n<\/tbody>\n<\/table>\n<h3>Maniabilit\u00e9 et mobilit\u00e9 urbaine<\/h3>\n<p>Avec ses 4,17 m de long, la Fiat 600 se positionne id\u00e9alement pour la mobilit\u00e9 urbaine. Son gabarit compact, associ\u00e9 \u00e0 un excellent rayon de braquage de seulement 10,5 m, lui conf\u00e8re une agilit\u00e9 exceptionnelle dans les rues \u00e9troites et lors des man\u0153uvres de stationnement. La hauteur de conduite sur\u00e9lev\u00e9e typique des SUV vous offre une meilleure visibilit\u00e9 dans le trafic, tandis que sa largeur contenue facilite le passage dans les ruelles resserr\u00e9es des centres-villes. Malgr\u00e9 ses dimensions urbaines, la Fiat 600 pr\u00e9serve un espace int\u00e9rieur g\u00e9n\u00e9reux, vous permettant de concilier praticit\u00e9 quotidienne et confort.<\/p>\n<h2>Habitabilit\u00e9 et volume de coffre : que vaut la Fiat 600 au quotidien ?<\/h2>\n<h3>Espace pour les passagers<\/h3>\n<p>La Fiat 600 offre une habitabilit\u00e9 exceptionnelle pour un v\u00e9hicule de ce gabarit. \u00c0 l&rsquo;avant, les si\u00e8ges assurent un excellent maintien lat\u00e9ral, avec m\u00eame une fonction massage sur certaines versions. L&rsquo;espace aux jambes a \u00e9t\u00e9 optimis\u00e9 gr\u00e2ce au repositionnement des points H, permettant de gagner environ 30 mm pour les genoux. La hauteur sous pavillon satisfaisante et les 15 litres d&rsquo;espaces de rangement int\u00e9rieurs contribuent au confort quotidien des passagers.<\/p>\n<h3>Volume de coffre et modularit\u00e9<\/h3>\n<p>Le coffre de la Fiat 600 impressionne avec un volume de 385 litres en version hybride et 360 litres pour la version \u00e9lectrique, pla\u00e7ant ce SUV urbain parmi les plus g\u00e9n\u00e9reux de sa cat\u00e9gorie. La banquette arri\u00e8re rabattable 60\/40 permet d&rsquo;atteindre plus de 1 200 litres une fois repli\u00e9e, cr\u00e9ant un plancher quasiment plat. Cette modularit\u00e9 fait de la Fiat 600 un v\u00e9hicule polyvalent, capable de s&rsquo;adapter aussi bien aux courses quotidiennes qu&rsquo;aux escapades en famille.<\/p>\n<h2>Confort int\u00e9rieur et technologies embarqu\u00e9es (Pack Confort)<\/h2>\n<h3>Ambiance \u00e0 bord et mat\u00e9riaux<\/h3>\n<p>L&rsquo;int\u00e9rieur de la <a data-mce-href=\"https:\/\/www.bymycar.fr\/marques\/fiat\" href=\"https:\/\/www.bymycar.fr\/marques\/fiat\">Fiat<\/a> 600 se distingue par une ambiance lumineuse et accueillante, particuli\u00e8rement mise en valeur par ses selleries claires disponibles sur certaines finitions. La version Pack Confort propose une sellerie sp\u00e9cifique mixant 50 % de tissu et 50 % de mat\u00e9riaux soft touch pour un toucher agr\u00e9able et une durabilit\u00e9 accrue. L&rsquo;\u00e9clairage LED int\u00e9rieur, coupl\u00e9 \u00e0 un syst\u00e8me de chromoth\u00e9rapie, permet de personnaliser l&rsquo;ambiance lumineuse selon vos pr\u00e9f\u00e9rences. Cette technologie offre jusqu&rsquo;\u00e0 64 combinaisons possibles, cr\u00e9ant une atmosph\u00e8re unique qui s&rsquo;adapte \u00e0 votre humeur et renforce le sentiment d&rsquo;espace \u00e0 bord.<\/p>\n<h3>Pack Confort : les \u00e9quipements cl\u00e9s<\/h3>\n<p>Le Pack Confort de la Fiat 600 rassemble plusieurs \u00e9quipements premium qui am\u00e9liorent consid\u00e9rablement l&rsquo;exp\u00e9rience \u00e0 bord :<\/p>\n<ul>\n<li><strong>Si\u00e8ge conducteur \u00e9lectrique avec massage<\/strong> : un r\u00e9glage \u00e9lectrique et une fonction de massage dorsal pour un confort optimal sur les longs trajets ;<\/li>\n<li><strong>Syst\u00e8mes d&rsquo;assistance avanc\u00e9s<\/strong> : des dispositifs de s\u00e9curit\u00e9 de derni\u00e8re g\u00e9n\u00e9ration incluant les capteurs de stationnement et l&rsquo;avertisseur d&rsquo;angle mort ;<\/li>\n<li><strong>Syst\u00e8me d&rsquo;appels d&rsquo;urgence int\u00e9gr\u00e9<\/strong> : plac\u00e9 au plafonnier pour une s\u00e9curit\u00e9 renforc\u00e9e ;<\/li>\n<li><strong>Interface homme-machine intuitive<\/strong> : un \u00e9cran tactile de 10,25 pouces compatible Apple CarPlay et Android Auto sans fil.<\/li>\n<\/ul>\n<p>Ces \u00e9quipements transforment chaque trajet en une exp\u00e9rience confortable et s\u00e9curisante, tout en vous offrant une connectivit\u00e9 optimale.<\/p>\n<h2>Motorisations hybride et \u00e9lectrique : autonomie et agr\u00e9ment de conduite<\/h2>\n<h3>Fiat 600 Hybrid : efficacit\u00e9 et douceur<\/h3>\n<p>La Fiat 600 Hybrid est \u00e9quip\u00e9e d&rsquo;une motorisation hybride performante associant un moteur T-Gen 3 1.2 Turbo de 110 ch \u00e0 une bo\u00eete \u00e0 double embrayage \u00e0 6 rapports. Ce syst\u00e8me int\u00e8gre un moteur \u00e9lectrique de 48V aliment\u00e9 par une batterie lithium-ion, offrant une r\u00e9ponse vive \u00e0 bas r\u00e9gime particuli\u00e8rement appr\u00e9ciable en conduite urbaine. La gestion fluide et r\u00e9active de la bo\u00eete automatique contribue \u00e0 l&rsquo;agr\u00e9ment de conduite tout en optimisant la consommation de carburant. Une version plus puissante de 136 ch est \u00e9galement disponible pour ceux qui recherchent davantage de dynamisme.<\/p>\n<h3>Fiat 600e : autonomie et recharge<\/h3>\n<p>La version \u00e9lectrique Fiat 600e s&rsquo;appuie sur des batteries lithium-ion d&rsquo;une capacit\u00e9 de 54 kWh (51 kWh utiles), offrant une autonomie de 409 km en cycle mixte WLTP et jusqu&rsquo;\u00e0 604 km en cycle urbain. Pour faciliter les longs trajets, elle est dot\u00e9e d&rsquo;un syst\u00e8me de charge rapide de 100 kW permettant de passer de 20 % \u00e0 80 % de charge en seulement 27 minutes. La recharge compl\u00e8te \u00e0 domicile s&rsquo;effectue en moins de 6 heures gr\u00e2ce au chargeur embarqu\u00e9 de 11 kW, tandis que son moteur de 156 ch assure des performances convaincantes avec un 0 \u00e0 100 km\/h en 9 secondes.<\/p>\n<h2>Fiat 600 : comment conna\u00eetre son prix et ses finitions ?<\/h2>\n<p>La Fiat 600 se d\u00e9cline en plusieurs niveaux de finition, chacun proposant des \u00e9quipements et une exp\u00e9rience de conduite diff\u00e9rents. Des versions Pop, Icone, La Prima et Sport sont disponibles, avec des motorisations \u00e9lectriques ou hybrides selon vos pr\u00e9f\u00e9rences. Pour conna\u00eetre les tarifs pr\u00e9cis adapt\u00e9s \u00e0 votre configuration id\u00e9ale, nous vous invitons \u00e0 contacter nos conseillers BYmyCAR qui vous proposeront un devis personnalis\u00e9 et vous guideront dans le choix de votre Fiat 600.<\/p>\n<h2>FAQ Fiat 600<\/h2>\n<h3>Quelle est l&rsquo;autonomie de la Fiat 600 \u00e9lectrique ?<\/h3>\n<p>La Fiat 600e offre une autonomie impressionnante de 409 km en cycle mixte WLTP gr\u00e2ce \u00e0 sa batterie lithium-ion de 54 kWh. Cette capacit\u00e9 \u00e9nerg\u00e9tique monte jusqu&rsquo;\u00e0 604 km en cycle urbain, faisant de ce SUV \u00e9lectrique un choix id\u00e9al pour vos d\u00e9placements quotidiens comme pour vos escapades du week-end.<\/p>\n<h3>Quel est le volume de coffre de la Fiat 600 ?<\/h3>\n<p>Le volume de coffre de la Fiat 600 varie selon la motorisation : 385 litres pour la version hybride et 360 litres pour la version \u00e9lectrique. Cette capacit\u00e9 de chargement g\u00e9n\u00e9reuse vous permet d&#8217;emporter tous vos bagages lors de vos voyages, tout en b\u00e9n\u00e9ficiant d&rsquo;une modularit\u00e9 optimale gr\u00e2ce au plancher ajustable disponible sur certaines finitions.<\/p>\n<h3>La Fiat 600 existe-t-elle en version hybride ?<\/h3>\n<p>Oui, la Fiat 600 est disponible en version hybride avec deux motorisations au choix. Elle propose un moteur T-Gen 3 1.2 Hybrid Turbo de 110 ch coupl\u00e9 \u00e0 une bo\u00eete automatique \u00e0 6 rapports int\u00e9grant un moteur \u00e9lectrique de 48V. Une version plus puissante de 145 ch est \u00e9galement propos\u00e9e pour ceux qui recherchent davantage de performances.<\/p>\n<h3>Combien mesure la longueur de la Fiat 600 ?<\/h3>\n<p>La Fiat 600 affiche une longueur de 4,17 m\u00e8tres, ce qui la positionne id\u00e9alement dans la cat\u00e9gorie des SUV urbains compacts. Ces dimensions ext\u00e9rieures ma\u00eetris\u00e9es, associ\u00e9es \u00e0 un empattement bien proportionn\u00e9 de 2,56 m\u00e8tres, lui conf\u00e8rent une excellente maniabilit\u00e9 en ville tout en pr\u00e9servant un espace int\u00e9rieur g\u00e9n\u00e9reux.<\/p>\n<h2>Pour en savoir plus<\/h2>\n<h3>Sources :<\/h3>\n<p><\/p>\n<ul>\n<li><a href=\"https:\/\/www.fiat.fr\/modeles\/fiat-600\/caracteristiques-techniques\" data-mce-href=\"https:\/\/www.fiat.fr\/modeles\/fiat-600\/caracteristiques-techniques\">Fiat 600e &#8211; D\u00e9tails techniques | SUV \u00e9lectrique | Fiat FR<\/a><\/li>\n<li><a href=\"https:\/\/www.fiat.fr\/univers-fiat\/actualites\/nouvelle-fiat-600-electrique\" data-mce-href=\"https:\/\/www.fiat.fr\/univers-fiat\/actualites\/nouvelle-fiat-600-electrique\">Nouvelle Fiat 600e \u00e9lectrique | Actualit\u00e9s | Fiat FR<\/a><\/li>\n<li><a href=\"https:\/\/www.media.stellantis.com\/fr-fr\/fiat\/press\/new-fiat-600e-fiat-s-electric-comeback-to-the-b-segment-1\" data-mce-href=\"https:\/\/www.media.stellantis.com\/fr-fr\/fiat\/press\/new-fiat-600e-fiat-s-electric-comeback-to-the-b-segment-1\">Nouvelle Fiat 600e : Le retour, de FIAT sur le segment B, en \u00e9lectrique | Fiat | Stellantis Media<\/a><\/li>\n<\/ul>\n"}}]},"introduction":"<p>La nouvelle <a data-mce-href=\"https:\/\/www.bymycar.fr\/v\/fiat-600\" href=\"https:\/\/www.bymycar.fr\/v\/fiat-600\">Fiat 600<\/a> s&rsquo;impose dans le segment B avec un \u00e9quilibre parfait entre compacit\u00e9 urbaine et polyvalence familiale. Avec ses 4,17 m\u00e8tres de long et 1,78 m\u00e8tre de large, ce <a data-mce-href=\"https:\/\/www.bymycar.fr\/v\/suv\" href=\"https:\/\/www.bymycar.fr\/v\/suv\">SUV<\/a> compact offre une habitabilit\u00e9 g\u00e9n\u00e9reuse pour cinq personnes, un coffre allant jusqu&rsquo;\u00e0 385 litres et 15 litres de rangements int\u00e9rieurs. Sa position de conduite sur\u00e9lev\u00e9e, ses si\u00e8ges confortables et son empattement de 2,56 m\u00e8tres vous garantissent une exp\u00e9rience de conduite agr\u00e9able, que ce soit pour vos trajets quotidiens ou vos escapades du week-end.<\/p>\n","add-carousel-to-footer":true},"yoast_head":"<!-- This site is optimized with the Yoast SEO Premium plugin v26.4 (Yoast SEO v26.4) - https:\/\/yoast.com\/wordpress\/plugins\/seo\/ -->\n<title>Dimension et confort int\u00e9rieur de la Fiat 600<\/title>\n<meta name=\"description\" content=\"Dimensions, habitabilit\u00e9, confort et motorisations de la Fiat 600 : d\u00e9couvrez tout ce qu&#039;il faut savoir sur ce SUV urbain.\" \/>\n<meta name=\"robots\" content=\"index, follow, max-snippet:-1, max-image-preview:large, max-video-preview:-1\" \/>\n<link rel=\"canonical\" href=\"https:\/\/www.bymycar.fr\/webzine\/dimension-et-confort-interieur-de-la-fiat-600\/\" \/>\n<meta property=\"og:locale\" content=\"fr_FR\" \/>\n<meta property=\"og:type\" content=\"article\" \/>\n<meta property=\"og:title\" content=\"Dimension et confort int\u00e9rieur de la Fiat 600\" \/>\n<meta property=\"og:description\" content=\"Dimensions, habitabilit\u00e9, confort et motorisations de la Fiat 600 : d\u00e9couvrez tout ce qu&#039;il faut savoir sur ce SUV urbain.\" \/>\n<meta property=\"og:url\" content=\"https:\/\/www.bymycar.fr\/webzine\/dimension-et-confort-interieur-de-la-fiat-600\/\" \/>\n<meta property=\"og:site_name\" content=\"Webzine auto BYmyCAR\" \/>\n<meta property=\"article:published_time\" content=\"2026-01-11T00:00:00+00:00\" \/>\n<meta property=\"article:modified_time\" content=\"2026-01-12T08:12:29+00:00\" \/>\n<meta name=\"author\" content=\"La R\u00e9daction BYmyCAR\" \/>\n<meta name=\"twitter:card\" content=\"summary_large_image\" \/>\n<meta name=\"twitter:label1\" content=\"\u00c9crit par\" \/>\n\t<meta name=\"twitter:data1\" content=\"La R\u00e9daction BYmyCAR\" \/>\n<script type=\"application\/ld+json\" class=\"yoast-schema-graph\">{\"@context\":\"https:\/\/schema.org\",\"@graph\":[{\"@type\":\"Article\",\"@id\":\"https:\/\/www.bymycar.fr\/webzine\/dimension-et-confort-interieur-de-la-fiat-600\/#article\",\"isPartOf\":{\"@id\":\"https:\/\/www.bymycar.fr\/webzine\/dimension-et-confort-interieur-de-la-fiat-600\/\"},\"author\":{\"name\":\"La R\u00e9daction BYmyCAR\",\"@id\":\"https:\/\/www.bymycar.fr\/webzine\/#\/schema\/person\/8d570fe11eb8929f06c1e6d00f4d9689\"},\"headline\":\"Dimension et confort int\u00e9rieur de la Fiat 600\",\"datePublished\":\"2026-01-11T00:00:00+00:00\",\"dateModified\":\"2026-01-12T08:12:29+00:00\",\"mainEntityOfPage\":{\"@id\":\"https:\/\/www.bymycar.fr\/webzine\/dimension-et-confort-interieur-de-la-fiat-600\/\"},\"wordCount\":8,\"publisher\":{\"@id\":\"https:\/\/www.bymycar.fr\/webzine\/#organization\"},\"articleSection\":[\"Guide d'achat Fiat\"],\"inLanguage\":\"fr-FR\"},{\"@type\":\"WebPage\",\"@id\":\"https:\/\/www.bymycar.fr\/webzine\/dimension-et-confort-interieur-de-la-fiat-600\/\",\"url\":\"https:\/\/www.bymycar.fr\/webzine\/dimension-et-confort-interieur-de-la-fiat-600\/\",\"name\":\"Dimension et confort int\u00e9rieur de la Fiat 600\",\"isPartOf\":{\"@id\":\"https:\/\/www.bymycar.fr\/webzine\/#website\"},\"datePublished\":\"2026-01-11T00:00:00+00:00\",\"dateModified\":\"2026-01-12T08:12:29+00:00\",\"description\":\"Dimensions, habitabilit\u00e9, confort et motorisations de la Fiat 600 : d\u00e9couvrez tout ce qu'il faut savoir sur ce SUV urbain.\",\"breadcrumb\":{\"@id\":\"https:\/\/www.bymycar.fr\/webzine\/dimension-et-confort-interieur-de-la-fiat-600\/#breadcrumb\"},\"inLanguage\":\"fr-FR\",\"potentialAction\":[{\"@type\":\"ReadAction\",\"target\":[\"https:\/\/www.bymycar.fr\/webzine\/dimension-et-confort-interieur-de-la-fiat-600\/\"]}]},{\"@type\":\"BreadcrumbList\",\"@id\":\"https:\/\/www.bymycar.fr\/webzine\/dimension-et-confort-interieur-de-la-fiat-600\/#breadcrumb\",\"itemListElement\":[{\"@type\":\"ListItem\",\"position\":1,\"name\":\"Accueil\",\"item\":\"https:\/\/www.bymycar.fr\/webzine\/\"},{\"@type\":\"ListItem\",\"position\":2,\"name\":\"Dimension et confort int\u00e9rieur de la Fiat 600\"}]},{\"@type\":\"WebSite\",\"@id\":\"https:\/\/www.bymycar.fr\/webzine\/#website\",\"url\":\"https:\/\/www.bymycar.fr\/webzine\/\",\"name\":\"Webzine auto BYmyCAR\",\"description\":\"La magazine auto de BYmyCAR\",\"publisher\":{\"@id\":\"https:\/\/www.bymycar.fr\/webzine\/#organization\"},\"potentialAction\":[{\"@type\":\"SearchAction\",\"target\":{\"@type\":\"EntryPoint\",\"urlTemplate\":\"https:\/\/www.bymycar.fr\/webzine\/?s={search_term_string}\"},\"query-input\":{\"@type\":\"PropertyValueSpecification\",\"valueRequired\":true,\"valueName\":\"search_term_string\"}}],\"inLanguage\":\"fr-FR\"},{\"@type\":\"Organization\",\"@id\":\"https:\/\/www.bymycar.fr\/webzine\/#organization\",\"name\":\"BYmyCAR\",\"url\":\"https:\/\/www.bymycar.fr\/webzine\/\",\"logo\":{\"@type\":\"ImageObject\",\"inLanguage\":\"fr-FR\",\"@id\":\"https:\/\/www.bymycar.fr\/webzine\/#\/schema\/logo\/image\/\",\"url\":\"https:\/\/cdn.bymycar.eu\/fr-webzine\/wp-content\/uploads\/medias\/2017\/08\/logo_DEALER_00000406_001.png\",\"contentUrl\":\"https:\/\/cdn.bymycar.eu\/fr-webzine\/wp-content\/uploads\/medias\/2017\/08\/logo_DEALER_00000406_001.png\",\"width\":2132,\"height\":720,\"caption\":\"BYmyCAR\"},\"image\":{\"@id\":\"https:\/\/www.bymycar.fr\/webzine\/#\/schema\/logo\/image\/\"}},{\"@type\":\"Person\",\"@id\":\"https:\/\/www.bymycar.fr\/webzine\/#\/schema\/person\/8d570fe11eb8929f06c1e6d00f4d9689\",\"name\":\"La R\u00e9daction BYmyCAR\",\"image\":{\"@type\":\"ImageObject\",\"inLanguage\":\"fr-FR\",\"@id\":\"https:\/\/www.bymycar.fr\/webzine\/#\/schema\/person\/image\/\",\"url\":\"https:\/\/secure.gravatar.com\/avatar\/1aa6b039d0ce106989923af4e2d0f2a0c82bb070d5e449f1b9adf082a5863900?s=96&d=mm&r=g\",\"contentUrl\":\"https:\/\/secure.gravatar.com\/avatar\/1aa6b039d0ce106989923af4e2d0f2a0c82bb070d5e449f1b9adf082a5863900?s=96&d=mm&r=g\",\"caption\":\"La R\u00e9daction BYmyCAR\"},\"sameAs\":[\"https:\/\/www.bymycar.fr\/\"]}]}<\/script>\n<!-- \/ Yoast SEO Premium plugin. -->","yoast_head_json":{"title":"Dimension et confort int\u00e9rieur de la Fiat 600","description":"Dimensions, habitabilit\u00e9, confort et motorisations de la Fiat 600 : d\u00e9couvrez tout ce qu'il faut savoir sur ce SUV urbain.","robots":{"index":"index","follow":"follow","max-snippet":"max-snippet:-1","max-image-preview":"max-image-preview:large","max-video-preview":"max-video-preview:-1"},"canonical":"https:\/\/www.bymycar.fr\/webzine\/dimension-et-confort-interieur-de-la-fiat-600\/","og_locale":"fr_FR","og_type":"article","og_title":"Dimension et confort int\u00e9rieur de la Fiat 600","og_description":"Dimensions, habitabilit\u00e9, confort et motorisations de la Fiat 600 : d\u00e9couvrez tout ce qu'il faut savoir sur ce SUV urbain.","og_url":"https:\/\/www.bymycar.fr\/webzine\/dimension-et-confort-interieur-de-la-fiat-600\/","og_site_name":"Webzine auto BYmyCAR","article_published_time":"2026-01-11T00:00:00+00:00","article_modified_time":"2026-01-12T08:12:29+00:00","author":"La R\u00e9daction BYmyCAR","twitter_card":"summary_large_image","twitter_misc":{"\u00c9crit par":"La R\u00e9daction BYmyCAR"},"schema":{"@context":"https:\/\/schema.org","@graph":[{"@type":"Article","@id":"https:\/\/www.bymycar.fr\/webzine\/dimension-et-confort-interieur-de-la-fiat-600\/#article","isPartOf":{"@id":"https:\/\/www.bymycar.fr\/webzine\/dimension-et-confort-interieur-de-la-fiat-600\/"},"author":{"name":"La R\u00e9daction BYmyCAR","@id":"https:\/\/www.bymycar.fr\/webzine\/#\/schema\/person\/8d570fe11eb8929f06c1e6d00f4d9689"},"headline":"Dimension et confort int\u00e9rieur de la Fiat 600","datePublished":"2026-01-11T00:00:00+00:00","dateModified":"2026-01-12T08:12:29+00:00","mainEntityOfPage":{"@id":"https:\/\/www.bymycar.fr\/webzine\/dimension-et-confort-interieur-de-la-fiat-600\/"},"wordCount":8,"publisher":{"@id":"https:\/\/www.bymycar.fr\/webzine\/#organization"},"articleSection":["Guide d'achat Fiat"],"inLanguage":"fr-FR"},{"@type":"WebPage","@id":"https:\/\/www.bymycar.fr\/webzine\/dimension-et-confort-interieur-de-la-fiat-600\/","url":"https:\/\/www.bymycar.fr\/webzine\/dimension-et-confort-interieur-de-la-fiat-600\/","name":"Dimension et confort int\u00e9rieur de la Fiat 600","isPartOf":{"@id":"https:\/\/www.bymycar.fr\/webzine\/#website"},"datePublished":"2026-01-11T00:00:00+00:00","dateModified":"2026-01-12T08:12:29+00:00","description":"Dimensions, habitabilit\u00e9, confort et motorisations de la Fiat 600 : d\u00e9couvrez tout ce qu'il faut savoir sur ce SUV urbain.","breadcrumb":{"@id":"https:\/\/www.bymycar.fr\/webzine\/dimension-et-confort-interieur-de-la-fiat-600\/#breadcrumb"},"inLanguage":"fr-FR","potentialAction":[{"@type":"ReadAction","target":["https:\/\/www.bymycar.fr\/webzine\/dimension-et-confort-interieur-de-la-fiat-600\/"]}]},{"@type":"BreadcrumbList","@id":"https:\/\/www.bymycar.fr\/webzine\/dimension-et-confort-interieur-de-la-fiat-600\/#breadcrumb","itemListElement":[{"@type":"ListItem","position":1,"name":"Accueil","item":"https:\/\/www.bymycar.fr\/webzine\/"},{"@type":"ListItem","position":2,"name":"Dimension et confort int\u00e9rieur de la Fiat 600"}]},{"@type":"WebSite","@id":"https:\/\/www.bymycar.fr\/webzine\/#website","url":"https:\/\/www.bymycar.fr\/webzine\/","name":"Webzine auto BYmyCAR","description":"La magazine auto de BYmyCAR","publisher":{"@id":"https:\/\/www.bymycar.fr\/webzine\/#organization"},"potentialAction":[{"@type":"SearchAction","target":{"@type":"EntryPoint","urlTemplate":"https:\/\/www.bymycar.fr\/webzine\/?s={search_term_string}"},"query-input":{"@type":"PropertyValueSpecification","valueRequired":true,"valueName":"search_term_string"}}],"inLanguage":"fr-FR"},{"@type":"Organization","@id":"https:\/\/www.bymycar.fr\/webzine\/#organization","name":"BYmyCAR","url":"https:\/\/www.bymycar.fr\/webzine\/","logo":{"@type":"ImageObject","inLanguage":"fr-FR","@id":"https:\/\/www.bymycar.fr\/webzine\/#\/schema\/logo\/image\/","url":"https:\/\/cdn.bymycar.eu\/fr-webzine\/wp-content\/uploads\/medias\/2017\/08\/logo_DEALER_00000406_001.png","contentUrl":"https:\/\/cdn.bymycar.eu\/fr-webzine\/wp-content\/uploads\/medias\/2017\/08\/logo_DEALER_00000406_001.png","width":2132,"height":720,"caption":"BYmyCAR"},"image":{"@id":"https:\/\/www.bymycar.fr\/webzine\/#\/schema\/logo\/image\/"}},{"@type":"Person","@id":"https:\/\/www.bymycar.fr\/webzine\/#\/schema\/person\/8d570fe11eb8929f06c1e6d00f4d9689","name":"La R\u00e9daction BYmyCAR","image":{"@type":"ImageObject","inLanguage":"fr-FR","@id":"https:\/\/www.bymycar.fr\/webzine\/#\/schema\/person\/image\/","url":"https:\/\/secure.gravatar.com\/avatar\/1aa6b039d0ce106989923af4e2d0f2a0c82bb070d5e449f1b9adf082a5863900?s=96&d=mm&r=g","contentUrl":"https:\/\/secure.gravatar.com\/avatar\/1aa6b039d0ce106989923af4e2d0f2a0c82bb070d5e449f1b9adf082a5863900?s=96&d=mm&r=g","caption":"La R\u00e9daction BYmyCAR"},"sameAs":["https:\/\/www.bymycar.fr\/"]}]}},"_links":{"self":[{"href":"https:\/\/www.bymycar.fr\/webzine\/wp-json\/wp\/v2\/posts\/63840","targetHints":{"allow":["GET"]}}],"collection":[{"href":"https:\/\/www.bymycar.fr\/webzine\/wp-json\/wp\/v2\/posts"}],"about":[{"href":"https:\/\/www.bymycar.fr\/webzine\/wp-json\/wp\/v2\/types\/post"}],"author":[{"embeddable":true,"href":"https:\/\/www.bymycar.fr\/webzine\/wp-json\/wp\/v2\/users\/88"}],"replies":[{"embeddable":true,"href":"https:\/\/www.bymycar.fr\/webzine\/wp-json\/wp\/v2\/comments?post=63840"}],"version-history":[{"count":1,"href":"https:\/\/www.bymycar.fr\/webzine\/wp-json\/wp\/v2\/posts\/63840\/revisions"}],"predecessor-version":[{"id":63942,"href":"https:\/\/www.bymycar.fr\/webzine\/wp-json\/wp\/v2\/posts\/63840\/revisions\/63942"}],"wp:attachment":[{"href":"https:\/\/www.bymycar.fr\/webzine\/wp-json\/wp\/v2\/media?parent=63840"}],"wp:term":[{"taxonomy":"category","embeddable":true,"href":"https:\/\/www.bymycar.fr\/webzine\/wp-json\/wp\/v2\/categories?post=63840"},{"taxonomy":"post_tag","embeddable":true,"href":"https:\/\/www.bymycar.fr\/webzine\/wp-json\/wp\/v2\/tags?post=63840"}],"curies":[{"name":"wp","href":"https:\/\/api.w.org\/{rel}","templated":true}]}}