{"id":63833,"date":"2026-01-10T00:00:00","date_gmt":"2026-01-10T00:00:00","guid":{"rendered":"https:\/\/www.bymycar.fr\/webzine\/?p=63833"},"modified":"2026-01-12T09:14:29","modified_gmt":"2026-01-12T08:14:29","slug":"comment-choisir-la-finition-de-mon-opel-frontera","status":"publish","type":"post","link":"https:\/\/www.bymycar.fr\/webzine\/comment-choisir-la-finition-de-mon-opel-frontera\/","title":{"rendered":"Comment choisir la finition de mon Opel Frontera ?"},"content":{"rendered":"","protected":false},"excerpt":{"rendered":"","protected":false},"author":88,"featured_media":0,"comment_status":"closed","ping_status":"open","sticky":false,"template":"","format":"standard","meta":{"_acf_changed":false,"footnotes":""},"categories":[12919],"tags":[],"class_list":["post-63833","post","type-post","status-publish","format-standard","hentry","category-guide-dachat-opel"],"acf":{"page_content":{"block_content":[{"acf_fc_layout":"text-simple","--nav":{"-withNav":false,"-ancre":""},"--group":{"-text":"<h2>Ce qu&rsquo;il faut retenir<\/h2>\n<p>Voici les points essentiels pour choisir la finition de votre Opel Frontera :<\/p>\n<ul>\n<li><strong>Deux finitions adapt\u00e9es \u00e0 vos besoins<\/strong> : Edition pour l&rsquo;essentiel \u00e0 tarif accessible, GS pour plus d&rsquo;\u00e9quipements et de confort avec climatisation automatique, cam\u00e9ra de recul et si\u00e8ges ergonomiques ;<\/li>\n<li><strong>Crit\u00e8res de choix selon votre usage<\/strong> : privil\u00e9giez Edition pour un usage urbain quotidien, optez pour GS si vous effectuez de longs trajets ou recherchez l&rsquo;option 7 places (hybride uniquement) ;<\/li>\n<li><strong>Accompagnement personnalis\u00e9<\/strong> : nos conseillers BYmyCAR vous orientent vers la finition id\u00e9ale selon votre budget, vos besoins d&rsquo;espace et vos pr\u00e9f\u00e9rences technologiques.<\/li>\n<\/ul>\n<p>Quelle que soit votre finition, le Frontera vous offre le choix entre motorisation hybride 48 V et version 100 % \u00e9lectrique pour une mobilit\u00e9 moderne et efficace.<\/p>\n<h2>Nouveau Opel Frontera : comprendre la base<\/h2>\n<h3>Dimensions et capacit\u00e9 de coffre<\/h3>\n<p>Le nouveau Opel Frontera se pr\u00e9sente comme un <a data-mce-href=\"https:\/\/www.bymycar.fr\/v\/suv\" href=\"https:\/\/www.bymycar.fr\/v\/suv\">SUV<\/a> compact familial \u00e0 l&rsquo;allure robuste, affichant des dimensions optimis\u00e9es avec une longueur de 4,39 m, une largeur de 1,85 m (r\u00e9troviseurs rabattus) et une hauteur de 1,64 m. Ce gabarit \u00e9quilibr\u00e9 lui permet de rester maniable en ville tout en offrant un espace int\u00e9rieur g\u00e9n\u00e9reux. C\u00f4t\u00e9 coffre, le Frontera impressionne avec une capacit\u00e9 de 460 litres en configuration standard, pouvant atteindre jusqu&rsquo;\u00e0 1 600 litres une fois la banquette arri\u00e8re rabattue en configuration 60\/40. Le seuil de chargement positionn\u00e9 \u00e0 environ 77 cm facilite grandement l&rsquo;acc\u00e8s \u00e0 cet espace polyvalent, id\u00e9al pour les familles comme pour un usage professionnel.<\/p>\n<h3>Habitabilit\u00e9 et espace int\u00e9rieur<\/h3>\n<p>L&rsquo;habitacle spacieux du nouveau Opel Frontera se distingue par son design moderne et sa modularit\u00e9 exemplaire. Le tableau de bord \u00e9pur\u00e9 s&rsquo;accompagne d&rsquo;\u00e9quipements technologiques comme la connectivit\u00e9 Android Auto pour rester connect\u00e9 en permanence. <\/p>\n<p>Les principaux atouts de cet int\u00e9rieur sont :<\/p>\n<ul>\n<li>Les si\u00e8ges ergonomiques Intelli-Seats inspir\u00e9s des selles de v\u00e9lo, r\u00e9duisant la pression sur la colonne vert\u00e9brale ;<\/li>\n<li>La banquette arri\u00e8re modulable en configuration 60\/40 pour s&rsquo;adapter \u00e0 vos besoins ;<\/li>\n<li>Le plancher de chargement plat facilitant le transport d&rsquo;objets volumineux ;<\/li>\n<li>La possibilit\u00e9 d&rsquo;opter pour une version 7 places sur la finition GS (en hybride uniquement).<\/li>\n<\/ul>\n<p>Ces caract\u00e9ristiques, associ\u00e9es \u00e0 une longueur de chargement pouvant atteindre 1,95 m une fois les si\u00e8ges rabattus, font du Frontera un v\u00e9hicule particuli\u00e8rement polyvalent pour toutes vos aventures du quotidien.<\/p>\n<h2>Motorisations hybride et \u00e9lectrique de l&rsquo;Opel Frontera<\/h2>\n<h3>Version hybride 48 V<\/h3>\n<p>L&rsquo;Opel Frontera propose une technologie d&rsquo;hybridation l\u00e9g\u00e8re 48 V qui allie performance et \u00e9conomie de carburant. Le moteur 1.2 Turbo Hybrid est disponible en plusieurs niveaux de puissance (100 ch, 110 ch ou 136 ch) selon les finitions. Cette motorisation est coupl\u00e9e \u00e0 une bo\u00eete de vitesses automatique \u00e0 double embrayage e-DCT6, qui optimise le rendement \u00e9nerg\u00e9tique tout en offrant une conduite souple. Le syst\u00e8me hybride comprend un petit moteur \u00e9lectrique qui assiste le moteur thermique et r\u00e9cup\u00e8re l&rsquo;\u00e9nergie lors des phases de d\u00e9c\u00e9l\u00e9ration pour recharger la batterie 48 V. Cette version hybride affiche une consommation mixte contenue entre 5,2 et 5,3 l\/100 km selon le cycle WLTP, avec des \u00e9missions de CO2 comprises entre 118 et 123 g\/km.<\/p>\n<h3>Version 100 % \u00e9lectrique<\/h3>\n<p>La version \u00e9lectrique du Frontera est \u00e9quip\u00e9e d&rsquo;un moteur de 113 ch (83 kW) d\u00e9livrant un couple de 220 Nm pour une conduite dynamique et silencieuse. Sa batterie de 44 kWh lui conf\u00e8re une autonomie de 305 km selon le cycle WLTP, id\u00e9ale pour les trajets urbains et p\u00e9riurbains quotidiens. Une version \u00e0 autonomie \u00e9tendue sera \u00e9galement disponible, offrant jusqu&rsquo;\u00e0 411 km d&rsquo;autonomie \u00e9lectrique pour les conducteurs recherchant plus de polyvalence. Le temps de recharge sur une borne rapide permet de r\u00e9cup\u00e9rer une grande partie de l&rsquo;autonomie en moins d&rsquo;une heure, tandis que le silence de fonctionnement et l&rsquo;absence de vibrations garantissent un confort de conduite optimal.<\/p>\n<table>\n<thead>\n<tr>\n<th><strong>Caract\u00e9ristiques<\/strong><\/th>\n<th><strong>Hybride 48 V<\/strong><\/th>\n<th><strong>\u00c9lectrique<\/strong><\/th>\n<\/tr>\n<\/thead>\n<tbody>\n<tr>\n<td>Puissance<\/td>\n<td>100 \u00e0 136 ch<\/td>\n<td>113 ch<\/td>\n<\/tr>\n<tr>\n<td>Autonomie<\/td>\n<td>Usage mixte<\/td>\n<td>305 \u00e0 411 km<\/td>\n<\/tr>\n<tr>\n<td>Consommation<\/td>\n<td>5,2-5,3 l\/100 km<\/td>\n<td>\u2013<\/td>\n<\/tr>\n<tr>\n<td>Usage id\u00e9al<\/td>\n<td>Ville\/route<\/td>\n<td>Urbain\/p\u00e9riurbain<\/td>\n<\/tr>\n<tr>\n<td>Recharge<\/td>\n<td>Automatique<\/td>\n<td>Borne ou prise<\/td>\n<\/tr>\n<\/tbody>\n<\/table>\n<p>La version hybride s&rsquo;adresse aux conducteurs ayant des besoins polyvalents, tandis que la batterie \u00e9lectrique convient parfaitement aux trajets quotidiens en zone urbaine et p\u00e9riurbaine, avec l&rsquo;avantage d&rsquo;une conduite z\u00e9ro \u00e9mission.<\/p>\n<h2>Opel Frontera GS et Edition : logique des finitions<\/h2>\n<p>L&rsquo;Opel Frontera propose deux niveaux de finition qui s&rsquo;adaptent \u00e0 vos besoins et pr\u00e9f\u00e9rences. Chaque niveau de finition offre une solution intelligente pour r\u00e9pondre \u00e0 vos attentes en mati\u00e8re d&rsquo;\u00e9quipement, de confort et de technologie. D\u00e9couvrons ensemble les sp\u00e9cificit\u00e9s de chaque version.<\/p>\n<h3>Finition Edition<\/h3>\n<p>La finition Edition repr\u00e9sente l&rsquo;entr\u00e9e de gamme du Frontera, mais reste g\u00e9n\u00e9reusement \u00e9quip\u00e9e pour un usage quotidien. <\/p>\n<p>Elle se distingue par une approche pragmatique et fonctionnelle :<\/p>\n<ul>\n<li>Un \u00e9cran d&rsquo;instrumentation num\u00e9rique de 10 pouces pour une conduite inform\u00e9e ;<\/li>\n<li>Une station d&rsquo;accueil pour smartphone avec connectivit\u00e9 Bluetooth ;<\/li>\n<li>Un r\u00e9gulateur et limiteur de vitesse pour plus de s\u00e9r\u00e9nit\u00e9 sur route ;<\/li>\n<li>La reconnaissance des panneaux de signalisation ;<\/li>\n<li>Des phares Eco LED pour une visibilit\u00e9 optimale ;<\/li>\n<li>Des enjoliveurs de 16 pouces.<\/li>\n<\/ul>\n<p>Cette entr\u00e9e de gamme Edition r\u00e9pond parfaitement aux besoins des conducteurs urbains recherchant l&rsquo;essentiel avec un rapport qualit\u00e9-prix avantageux.<\/p>\n<h3>Finition GS<\/h3>\n<p>La finition GS enrichit l&rsquo;exp\u00e9rience de conduite avec un \u00e9quipement plus complet et un design plus dynamique. <\/p>\n<p>Elle ajoute aux \u00e9quipements de la version Edition :<\/p>\n<ul>\n<li>Un \u00e9cran tactile central de 10 pouces compatible avec Android Auto et Apple CarPlay sans fil ;<\/li>\n<li>Une cam\u00e9ra de recul \u00e0 180\u00b0 facilitant les man\u0153uvres ;<\/li>\n<li>Une climatisation automatique pour un confort optimal ;<\/li>\n<li>Des si\u00e8ges avant Intelli-Seats plus confortables ;<\/li>\n<li>Des r\u00e9troviseurs chauffants et rabattables \u00e9lectriquement ;<\/li>\n<li>Des vitres surteint\u00e9es et un toit noir \u00e9l\u00e9gant ;<\/li>\n<li>Des jantes alliage de 17 pouces diamant\u00e9es ;<\/li>\n<li>Une option 7 places disponible sur la version hybride.<\/li>\n<\/ul>\n<p>Cette finition interm\u00e9diaire repr\u00e9sente le c\u0153ur de gamme du Frontera, offrant un excellent \u00e9quilibre entre \u00e9quipement et technologie de pointe.<\/p>\n<table>\n<thead>\n<tr>\n<th><strong>\u00c9quipements<\/strong><\/th>\n<th><strong>Edition<\/strong><\/th>\n<th><strong>GS<\/strong><\/th>\n<\/tr>\n<\/thead>\n<tbody>\n<tr>\n<td><strong>Aides \u00e0 la conduite<\/strong><\/td>\n<td>R\u00e9gulateur\/limiteur de vitesse, reconnaissance des panneaux<\/td>\n<td>Cam\u00e9ra de recul 180\u00b0, aide au stationnement<\/td>\n<\/tr>\n<tr>\n<td><strong>Connectivit\u00e9<\/strong><\/td>\n<td>Station d&rsquo;accueil smartphone, Bluetooth<\/td>\n<td>\u00c9cran tactile 10&Prime;, Android Auto\/Apple CarPlay sans fil<\/td>\n<\/tr>\n<tr>\n<td><strong>Si\u00e8ges<\/strong><\/td>\n<td>Si\u00e8ges standard<\/td>\n<td>Intelli-Seats avec confort am\u00e9lior\u00e9<\/td>\n<\/tr>\n<tr>\n<td><strong>Design ext\u00e9rieur<\/strong><\/td>\n<td>Enjoliveurs 16&Prime;, phares Eco LED<\/td>\n<td>Jantes alliage 17&Prime; diamant\u00e9es, toit noir<\/td>\n<\/tr>\n<tr>\n<td><strong>Options<\/strong><\/td>\n<td>Options limit\u00e9es<\/td>\n<td>Pack 7 places (hybride), peinture m\u00e9tallis\u00e9e<\/td>\n<\/tr>\n<\/tbody>\n<\/table>\n<p>Quel que soit votre choix, chaque niveau de finition du Frontera offre une exp\u00e9rience de conduite <a data-mce-href=\"https:\/\/www.bymycar.fr\/marques\/opel\" href=\"https:\/\/www.bymycar.fr\/marques\/opel\">Opel<\/a> authentique, alliant praticit\u00e9, confort et technologie.<\/p>\n<h2>Crit\u00e8res pratiques pour choisir la finition selon vos usages<\/h2>\n<h3>D\u00e9finir vos usages quotidiens<\/h3>\n<p>Votre utilisation principale du v\u00e9hicule d\u00e9termine largement la finition id\u00e9ale de votre Opel Frontera. Pour un usage essentiellement urbain avec des trajets courts, la finition d&rsquo;entr\u00e9e de gamme Edition avec une motorisation hybride ou \u00e9lectrique 113 ch sera parfaitement adapt\u00e9e. Elle offre d\u00e9j\u00e0 les \u00e9quipements essentiels pour la conduite en ville.<\/p>\n<p>Si vous effectuez r\u00e9guli\u00e8rement des longs trajets sur autoroute ou si vous voyagez charg\u00e9, la finition interm\u00e9diaire GS apporte un meilleur confort routier avec des si\u00e8ges plus enveloppants et des aides \u00e0 la conduite avanc\u00e9es qui r\u00e9duisent la fatigue. Cette finition s&rsquo;accompagne souvent d&rsquo;une motorisation plus puissante, id\u00e9ale pour les d\u00e9passements et les mont\u00e9es en r\u00e9gime fr\u00e9quentes.<\/p>\n<h3>Optimiser le confort<\/h3>\n<p>Le niveau de confort varie significativement selon les finitions du Frontera. La version GS propose une climatisation automatique plus pr\u00e9cise que la climatisation manuelle de l&rsquo;entr\u00e9e de gamme, permettant de maintenir une temp\u00e9rature id\u00e9ale quelle que soit la m\u00e9t\u00e9o ext\u00e9rieure. Les si\u00e8ges ergonomiques Intelli-Seats, con\u00e7us pour soulager la pression sur le coccyx, constituent un atout majeur pour les longs trajets.<\/p>\n<p>Les finitions sup\u00e9rieures incluent \u00e9galement des r\u00e9troviseurs chauffants qui am\u00e9liorent la visibilit\u00e9 par temps froid ou humide. Ces \u00e9quipements de confort, qui peuvent sembler secondaires, deviennent essentiels lors d&rsquo;une utilisation quotidienne intensive.<\/p>\n<h3>Maximiser l&rsquo;espace de chargement<\/h3>\n<p>Avec un volume de coffre atteignant 460 litres en configuration standard et jusqu&rsquo;\u00e0 1 600 litres banquette rabattue, le Frontera offre une capacit\u00e9 de chargement impressionnante. Pour exploiter pleinement cette modularit\u00e9, privil\u00e9giez une finition \u00e9quip\u00e9e d&rsquo;un plancher de coffre modulable qui permet d&rsquo;ajuster la hauteur selon vos besoins.<\/p>\n<p>La banquette arri\u00e8re 60\/40 de s\u00e9rie facilite le transport d&rsquo;objets longs tout en conservant une place passager. Le seuil de chargement bas (environ 77 cm) et la largeur g\u00e9n\u00e9reuse du coffre (937 mm) permettent de charger facilement des objets volumineux ou lourds. Pour les familles nombreuses, la version 7 places disponible sur la finition GS en hybride constitue une option \u00e0 consid\u00e9rer.<\/p>\n<p>Pour bien choisir votre finition, posez-vous ces questions essentielles :<\/p>\n<ul>\n<li>Quelle distance parcourez-vous quotidiennement et sur quels types de routes ?<\/li>\n<li>Transportez-vous r\u00e9guli\u00e8rement des objets volumineux n\u00e9cessitant un plancher de coffre modulable ?<\/li>\n<li>Les \u00e9quipements de confort comme la climatisation automatique sont-ils importants pour vous ?<\/li>\n<li>Votre budget permet-il d&rsquo;opter pour une finition sup\u00e9rieure offrant un meilleur rapport \u00e9quipement-prix \u00e0 long terme ?<\/li>\n<\/ul>\n<p>N&rsquo;h\u00e9sitez pas \u00e0 consulter nos conseillers BYmyCAR qui pourront vous orienter vers la finition la plus adapt\u00e9e \u00e0 vos besoins sp\u00e9cifiques et vous proposer un essai pour confirmer votre choix.<\/p>\n<h2>Budget, LOA et revente du Opel Frontera<\/h2>\n<h3>Investissement initial et LOA<\/h3>\n<p>Les finitions sup\u00e9rieures du Frontera repr\u00e9sentent un investissement plus cons\u00e9quent \u00e0 l&rsquo;achat, mais offrent un rapport \u00e9quipement-prix avantageux pour ceux qui valorisent les technologies avanc\u00e9es et le confort. Pour faciliter cet acc\u00e8s aux versions mieux \u00e9quip\u00e9es, Opel propose des solutions de financement en Location avec Option d&rsquo;Achat (LOA) particuli\u00e8rement attractives. Cette formule vous permet d&rsquo;adapter le montant des loyers \u00e0 vos capacit\u00e9s de remboursement tout en b\u00e9n\u00e9ficiant d&rsquo;un droit de r\u00e9tractation. Au terme du contrat, vous pourrez choisir entre restituer votre Frontera, en devenir propri\u00e9taire en r\u00e9glant la valeur r\u00e9siduelle, ou opter pour un nouveau mod\u00e8le Opel.<\/p>\n<h3>Valeur de revente et garanties<\/h3>\n<p>L&rsquo;Opel Frontera b\u00e9n\u00e9ficie de la \u00ab Garantie Sp\u00e9ciale Opel \u00bb pouvant s&rsquo;\u00e9tendre jusqu&rsquo;\u00e0 8 ans ou 160 000 km, un atout majeur lors de la revente. Cette garantie couvre le remplacement des pi\u00e8ces m\u00e9caniques et \u00e9lectriques, y compris les composants majeurs comme le moteur ou le chargeur embarqu\u00e9 pour les versions \u00e9lectriques. Elle est automatiquement prolong\u00e9e \u00e0 chaque entretien r\u00e9alis\u00e9 dans le r\u00e9seau agr\u00e9\u00e9 Opel, ce qui renforce consid\u00e9rablement la valeur r\u00e9siduelle du v\u00e9hicule. Sur le march\u00e9 de l&rsquo;occasion, les finitions interm\u00e9diaires du Frontera, comme pour les autres mod\u00e8les Opel (Astra, Grandland, Mokka), restent les plus recherch\u00e9es, offrant le meilleur \u00e9quilibre entre \u00e9quipements et prix. Un entretien r\u00e9gulier et rigoureux chez BYmyCAR garantit \u00e9galement le maintien des performances optimales de votre Frontera et pr\u00e9serve sa valeur \u00e0 long terme.<\/p>\n<h2>Comparatif des finitions Opel Frontera : Edition vs GS<\/h2>\n<h3>Tableau comparatif des \u00e9quipements<\/h3>\n<table>\n<thead>\n<tr>\n<th><strong>\u00c9quipements<\/strong><\/th>\n<th><strong>Edition<\/strong><\/th>\n<th><strong>GS<\/strong><\/th>\n<\/tr>\n<\/thead>\n<tbody>\n<tr>\n<td><strong>Si\u00e8ges<\/strong><\/td>\n<td>Standards<\/td>\n<td>Intelli-Seats ergonomiques<\/td>\n<\/tr>\n<tr>\n<td><strong>Cam\u00e9ra de recul<\/strong><\/td>\n<td>Non<\/td>\n<td>Oui (grand angle 180\u00b0)<\/td>\n<\/tr>\n<tr>\n<td><strong>Climatisation automatique<\/strong><\/td>\n<td>Non (manuelle)<\/td>\n<td>Oui<\/td>\n<\/tr>\n<tr>\n<td><strong>Android Auto\/Apple CarPlay<\/strong><\/td>\n<td>Oui (filaire)<\/td>\n<td>Oui (sans fil)<\/td>\n<\/tr>\n<tr>\n<td><strong>Boutons physiques<\/strong><\/td>\n<td>Oui (climatisation)<\/td>\n<td>Oui (climatisation et multim\u00e9dia)<\/td>\n<\/tr>\n<tr>\n<td><strong>Aide au stationnement<\/strong><\/td>\n<td>Arri\u00e8re uniquement<\/td>\n<td>Avant et arri\u00e8re<\/td>\n<\/tr>\n<\/tbody>\n<\/table>\n<h3>Quels crit\u00e8res privil\u00e9gier ?<\/h3>\n<p>Le choix de votre finition Opel Frontera doit avant tout s&rsquo;aligner sur votre usage quotidien et vos priorit\u00e9s en mati\u00e8re de confort. Pour les conducteurs urbains qui effectuent principalement de courts trajets, la finition Edition offre l&rsquo;essentiel \u00e0 un tarif plus accessible, avec des boutons physiques pour la climatisation qui facilitent l&rsquo;utilisation en conduite.<\/p>\n<p>Si vous parcourez r\u00e9guli\u00e8rement de longues distances ou circulez souvent en milieu urbain dense, la finition GS repr\u00e9sente un excellent compromis. Sa cam\u00e9ra de recul \u00e0 grand angle de 180\u00b0 transforme vos man\u0153uvres de stationnement, tandis que la climatisation automatique augmente significativement votre confort au quotidien. Les si\u00e8ges ergonomiques Intelli-Seats sont particuli\u00e8rement appr\u00e9ciables pour les longs trajets, r\u00e9duisant la fatigue et les tensions musculaires.<\/p>\n<p>La finition GS conserve \u00e9galement l&rsquo;ergonomie des boutons physiques pour les fonctions essentielles, un atout que les conducteurs appr\u00e9cient particuli\u00e8rement pour rester concentr\u00e9s sur la route. Cette attention port\u00e9e \u00e0 l&rsquo;ergonomie fait toute la diff\u00e9rence lors d&rsquo;une utilisation quotidienne intensive.<\/p>\n<h2>Opel Frontera : int\u00e9rieur et technologies embarqu\u00e9es<\/h2>\n<p>L&rsquo;int\u00e9rieur de l&rsquo;Opel Frontera se distingue par une approche moderne qui allie praticit\u00e9 et technologies connect\u00e9es. L&rsquo;habitacle a \u00e9t\u00e9 con\u00e7u pour offrir une exp\u00e9rience \u00e0 la fois intuitive et confortable, avec une attention particuli\u00e8re port\u00e9e aux finitions et \u00e0 l&rsquo;ergonomie.<\/p>\n<h3>Design du tableau de bord<\/h3>\n<p>Le tableau de bord du Frontera adopte une ligne \u00e9pur\u00e9e et fonctionnelle, caract\u00e9ristique de la philosophie Opel. La finition GS se d\u00e9marque par une instrumentation num\u00e9rique compl\u00e8te qui permet au conducteur d&rsquo;acc\u00e9der facilement \u00e0 toutes les informations essentielles. L&rsquo;agencement du tableau de bord privil\u00e9gie l&rsquo;accessibilit\u00e9 avec des boutons physiques judicieusement plac\u00e9s pour les fonctions les plus utilis\u00e9es, \u00e9vitant ainsi de naviguer dans des menus complexes pendant la conduite. Cette approche pragmatique est compl\u00e9t\u00e9e par des mat\u00e9riaux de qualit\u00e9 et des finitions soign\u00e9es qui rehaussent l&rsquo;ambiance int\u00e9rieure, particuli\u00e8rement dans la version GS qui b\u00e9n\u00e9ficie d&rsquo;\u00e9l\u00e9ments d\u00e9coratifs sp\u00e9cifiques.<\/p>\n<h3>Connectivit\u00e9 et aides \u00e0 la conduite<\/h3>\n<p>Le Frontera propose une connectivit\u00e9 compl\u00e8te avec un \u00e9cran tactile central de 10 pouces sur la finition GS, compatible avec Android Auto et Apple CarPlay sans fil, permettant une int\u00e9gration transparente de votre smartphone. La version Edition, plus accessible, dispose d&rsquo;une station d&rsquo;accueil pour smartphone avec connectivit\u00e9 Bluetooth. C\u00f4t\u00e9 s\u00e9curit\u00e9 et confort, l&rsquo;Opel Frontera est \u00e9quip\u00e9 d&rsquo;une gamme d&rsquo;aides \u00e0 la conduite incluant une cam\u00e9ra de recul panoramique \u00e0 180\u00b0 qui facilite grandement les man\u0153uvres. L&rsquo;aide au stationnement avant et arri\u00e8re, disponible selon les finitions, utilise des capteurs pour d\u00e9tecter les obstacles et guider le conducteur lors des man\u0153uvres d\u00e9licates. Ces technologies s&rsquo;accompagnent \u00e9galement d&rsquo;un syst\u00e8me de reconnaissance des panneaux de signalisation et d&rsquo;un r\u00e9gulateur de vitesse sur toutes les versions.<\/p>\n<h2>Dimensions, modularit\u00e9 et option 7 places du Opel Frontera<\/h2>\n<h3>Dimensions ext\u00e9rieures et int\u00e9rieures<\/h3>\n<p>Le nouvel Opel Frontera se distingue par ses proportions \u00e9quilibr\u00e9es avec une longueur de 4,39 m, une largeur de 1,85 m et une hauteur de 1,64 m. Son empattement g\u00e9n\u00e9reux de 2,67 m constitue l&rsquo;un des principaux atouts de ce SUV compact, offrant un habitacle spacieux particuli\u00e8rement appr\u00e9ciable pour les passagers arri\u00e8re. L&rsquo;espace int\u00e9rieur a \u00e9t\u00e9 optimis\u00e9 gr\u00e2ce \u00e0 une conception intelligente avec des lignes verticales qui augmentent la garde au toit et l&rsquo;espace aux \u00e9paules. C\u00f4t\u00e9 rangements, le Frontera propose un volume de coffre impressionnant de 460 litres en configuration 5 places, extensible jusqu&rsquo;\u00e0 1 600 litres lorsque la banquette arri\u00e8re rabattable 60\/40 est compl\u00e8tement abaiss\u00e9e, permettant alors une longueur de chargement atteignant 1,95 m.<\/p>\n<h3>Pack 7 places : pour qui ?<\/h3>\n<p>L&rsquo;option 7 places du Opel Frontera, disponible sur la finition GS en version hybride, transforme ce SUV compact en v\u00e9ritable v\u00e9hicule familial. Cette configuration ajoute deux si\u00e8ges individuels en troisi\u00e8me rang\u00e9e, rabattables s\u00e9par\u00e9ment pour une modularit\u00e9 maximale. Id\u00e9ale pour les familles nombreuses, le covoiturage scolaire ou les sorties entre amis, cette version b\u00e9n\u00e9ficie d&rsquo;un acc\u00e8s facilit\u00e9 gr\u00e2ce aux si\u00e8ges de deuxi\u00e8me rang\u00e9e rabattables vers l&rsquo;avant. Les si\u00e8ges ergonomiques Intelli-Seats \u00e0 l&rsquo;avant, brevet\u00e9s par Opel, compl\u00e8tent le confort g\u00e9n\u00e9ral de l&rsquo;habitacle. Pour confirmer la disponibilit\u00e9 de cette option et d\u00e9couvrir ses avantages en d\u00e9tail, nos conseillers BYmyCAR se tiennent \u00e0 votre disposition pour vous accompagner dans votre choix.<\/p>\n<h2>FAQ sur le Opel Frontera<\/h2>\n<h3>L&rsquo;Opel Frontera est-il un 4&#215;4 ?<\/h3>\n<p>Le Opel Frontera actuel n&rsquo;est pas un vrai 4&#215;4 mais un SUV compact propos\u00e9 uniquement en traction avant, bien que son nom rappelle l&rsquo;ancien tout-terrain Opel et qu&rsquo;une version \u00e0 transmission int\u00e9grale soit potentiellement envisageable dans le futur.<\/p>\n<h3>Quelle autonomie pour l&rsquo;Opel Frontera \u00e9lectrique ?<\/h3>\n<p>L&rsquo;Opel Frontera \u00e9lectrique offre une autonomie de 305 km en cycle WLTP avec sa batterie standard de 44 kWh, tandis qu&rsquo;une version \u00e0 autonomie \u00e9tendue proposant jusqu&rsquo;\u00e0 411 km est \u00e9galement disponible pour r\u00e9pondre \u00e0 diff\u00e9rents besoins de mobilit\u00e9.<\/p>\n<h3>Quand est sorti l&rsquo;Opel Frontera ?<\/h3>\n<p>Le Opel Frontera a \u00e9t\u00e9 d\u00e9voil\u00e9 au premier semestre avec une ouverture des commandes le 1er juillet et une arriv\u00e9e en concessions \u00e0 l&rsquo;automne, permettant aux clients de d\u00e9couvrir ce nouveau SUV compact en versions hybride et \u00e9lectrique.<\/p>\n<h3>O\u00f9 trouver la fiche technique de l&rsquo;Opel Frontera ?<\/h3>\n<p>La fiche technique compl\u00e8te de l&rsquo;Opel Frontera avec toutes ses caract\u00e9ristiques (dimensions, motorisations, \u00e9quipements) est disponible directement aupr\u00e8s de nos conseillers BYmyCAR qui vous fourniront les informations d\u00e9taill\u00e9es adapt\u00e9es \u00e0 vos besoins sp\u00e9cifiques.<\/p>\n<h3>L&rsquo;Opel Frontera est-il disponible en 7 places ?<\/h3>\n<p>Oui, l&rsquo;Opel Frontera propose une option 7 places sur la finition GS en version hybride, avec deux si\u00e8ges individuels rabattables en troisi\u00e8me rang\u00e9e et un acc\u00e8s facilit\u00e9 par les si\u00e8ges de deuxi\u00e8me rang\u00e9e basculants.<\/p>\n<h2>Pour en savoir plus<\/h2>\n<h3>Sources :<\/h3>\n<ul>\n<li><a href=\"https:\/\/www.opel.fr\/vehicules\/frontera\/frontera-bev\/overview.html\" target=\"_blank\" data-mce-href=\"https:\/\/www.opel.fr\/vehicules\/frontera\/frontera-bev\/overview.html\">Opel Frontera | SUV 100% \u00e9lectrique ou hybride<\/a>\u200b<\/li>\n<li><a href=\"https:\/\/www.automobile-magazine.fr\/modele\/opel\/frontera\" target=\"_blank\" data-mce-href=\"https:\/\/www.automobile-magazine.fr\/modele\/opel\/frontera\">Opel Frontera : essais, actualit\u00e9s, prix et fiches techniques<\/a>\u200b<\/li>\n<li><a href=\"https:\/\/motorsactu.com\/opel-frontera-2025-jusqua-1-600-litres-de-volume-de-coffre\" target=\"_blank\" data-mce-href=\"https:\/\/motorsactu.com\/opel-frontera-2025-jusqua-1-600-litres-de-volume-de-coffre\">Opel Frontera 2025 : jusqu&rsquo;\u00e0 1 600 litres de volume de coffre !<\/a><\/li>\n<li><a href=\"https:\/\/www.fiches-auto.fr\/fiches-techniques\/electriques\/f-460-opel-frontera--113-ch-44-kwh.php\" target=\"_blank\" data-mce-href=\"https:\/\/www.fiches-auto.fr\/fiches-techniques\/electriques\/f-460-opel-frontera--113-ch-44-kwh.php\">Fiche technique Opel Frontera (2025)<\/a>\u200b\u200b<\/li>\n<\/ul>\n"}}]},"introduction":"<p>Le nouvel <a data-mce-href=\"https:\/\/www.bymycar.fr\/v\/opel-frontera\" href=\"https:\/\/www.bymycar.fr\/v\/opel-frontera\">Opel Frontera<\/a> se d\u00e9cline en deux finitions principales \u2014 Edition et GS \u2014 qui s&rsquo;adaptent \u00e0 vos besoins quotidiens. Ce SUV au design moderne propose deux technologies de motorisation : l&rsquo;hybride 48 V disponible en 100 ch, 110 ch ou 136 ch, id\u00e9ale pour les trajets mixtes, et la version 100 % \u00e9lectrique de 113 ch avec une batterie de 44 kWh pour une mobilit\u00e9 urbaine sans \u00e9mission. Pour s\u00e9lectionner la finition qui vous convient, il est essentiel d&rsquo;analyser votre usage (ville, route, famille), votre budget et vos attentes en mati\u00e8re d&rsquo;\u00e9quipements. Nos conseillers Opel vous accompagnent dans ce choix important qui influencera votre exp\u00e9rience de conduite au quotidien.<\/p>\n","add-carousel-to-footer":true},"yoast_head":"<!-- This site is optimized with the Yoast SEO Premium plugin v26.4 (Yoast SEO v26.4) - https:\/\/yoast.com\/wordpress\/plugins\/seo\/ -->\n<title>Comment choisir la finition de mon Opel Frontera ?<\/title>\n<meta name=\"description\" content=\"D\u00e9couvrez comment choisir la finition id\u00e9ale de votre Opel Frontera : motorisations, \u00e9quipements, usages et conseils BYmyCAR.\" \/>\n<meta name=\"robots\" content=\"index, follow, max-snippet:-1, max-image-preview:large, max-video-preview:-1\" \/>\n<link rel=\"canonical\" href=\"https:\/\/www.bymycar.fr\/webzine\/comment-choisir-la-finition-de-mon-opel-frontera\/\" \/>\n<meta property=\"og:locale\" content=\"fr_FR\" \/>\n<meta property=\"og:type\" content=\"article\" \/>\n<meta property=\"og:title\" content=\"Comment choisir la finition de mon Opel Frontera ?\" \/>\n<meta property=\"og:description\" content=\"D\u00e9couvrez comment choisir la finition id\u00e9ale de votre Opel Frontera : motorisations, \u00e9quipements, usages et conseils BYmyCAR.\" \/>\n<meta property=\"og:url\" content=\"https:\/\/www.bymycar.fr\/webzine\/comment-choisir-la-finition-de-mon-opel-frontera\/\" \/>\n<meta property=\"og:site_name\" content=\"Webzine auto BYmyCAR\" \/>\n<meta property=\"article:published_time\" content=\"2026-01-10T00:00:00+00:00\" \/>\n<meta property=\"article:modified_time\" content=\"2026-01-12T08:14:29+00:00\" \/>\n<meta name=\"author\" content=\"La R\u00e9daction BYmyCAR\" \/>\n<meta name=\"twitter:card\" content=\"summary_large_image\" \/>\n<meta name=\"twitter:label1\" content=\"\u00c9crit par\" \/>\n\t<meta name=\"twitter:data1\" content=\"La R\u00e9daction BYmyCAR\" \/>\n<script type=\"application\/ld+json\" class=\"yoast-schema-graph\">{\"@context\":\"https:\/\/schema.org\",\"@graph\":[{\"@type\":\"Article\",\"@id\":\"https:\/\/www.bymycar.fr\/webzine\/comment-choisir-la-finition-de-mon-opel-frontera\/#article\",\"isPartOf\":{\"@id\":\"https:\/\/www.bymycar.fr\/webzine\/comment-choisir-la-finition-de-mon-opel-frontera\/\"},\"author\":{\"name\":\"La R\u00e9daction BYmyCAR\",\"@id\":\"https:\/\/www.bymycar.fr\/webzine\/#\/schema\/person\/8d570fe11eb8929f06c1e6d00f4d9689\"},\"headline\":\"Comment choisir la finition de mon Opel Frontera ?\",\"datePublished\":\"2026-01-10T00:00:00+00:00\",\"dateModified\":\"2026-01-12T08:14:29+00:00\",\"mainEntityOfPage\":{\"@id\":\"https:\/\/www.bymycar.fr\/webzine\/comment-choisir-la-finition-de-mon-opel-frontera\/\"},\"wordCount\":8,\"publisher\":{\"@id\":\"https:\/\/www.bymycar.fr\/webzine\/#organization\"},\"articleSection\":[\"Guide d'achat Opel\"],\"inLanguage\":\"fr-FR\"},{\"@type\":\"WebPage\",\"@id\":\"https:\/\/www.bymycar.fr\/webzine\/comment-choisir-la-finition-de-mon-opel-frontera\/\",\"url\":\"https:\/\/www.bymycar.fr\/webzine\/comment-choisir-la-finition-de-mon-opel-frontera\/\",\"name\":\"Comment choisir la finition de mon Opel Frontera ?\",\"isPartOf\":{\"@id\":\"https:\/\/www.bymycar.fr\/webzine\/#website\"},\"datePublished\":\"2026-01-10T00:00:00+00:00\",\"dateModified\":\"2026-01-12T08:14:29+00:00\",\"description\":\"D\u00e9couvrez comment choisir la finition id\u00e9ale de votre Opel Frontera : motorisations, \u00e9quipements, usages et conseils BYmyCAR.\",\"breadcrumb\":{\"@id\":\"https:\/\/www.bymycar.fr\/webzine\/comment-choisir-la-finition-de-mon-opel-frontera\/#breadcrumb\"},\"inLanguage\":\"fr-FR\",\"potentialAction\":[{\"@type\":\"ReadAction\",\"target\":[\"https:\/\/www.bymycar.fr\/webzine\/comment-choisir-la-finition-de-mon-opel-frontera\/\"]}]},{\"@type\":\"BreadcrumbList\",\"@id\":\"https:\/\/www.bymycar.fr\/webzine\/comment-choisir-la-finition-de-mon-opel-frontera\/#breadcrumb\",\"itemListElement\":[{\"@type\":\"ListItem\",\"position\":1,\"name\":\"Accueil\",\"item\":\"https:\/\/www.bymycar.fr\/webzine\/\"},{\"@type\":\"ListItem\",\"position\":2,\"name\":\"Comment choisir la finition de mon Opel Frontera ?\"}]},{\"@type\":\"WebSite\",\"@id\":\"https:\/\/www.bymycar.fr\/webzine\/#website\",\"url\":\"https:\/\/www.bymycar.fr\/webzine\/\",\"name\":\"Webzine auto BYmyCAR\",\"description\":\"La magazine auto de BYmyCAR\",\"publisher\":{\"@id\":\"https:\/\/www.bymycar.fr\/webzine\/#organization\"},\"potentialAction\":[{\"@type\":\"SearchAction\",\"target\":{\"@type\":\"EntryPoint\",\"urlTemplate\":\"https:\/\/www.bymycar.fr\/webzine\/?s={search_term_string}\"},\"query-input\":{\"@type\":\"PropertyValueSpecification\",\"valueRequired\":true,\"valueName\":\"search_term_string\"}}],\"inLanguage\":\"fr-FR\"},{\"@type\":\"Organization\",\"@id\":\"https:\/\/www.bymycar.fr\/webzine\/#organization\",\"name\":\"BYmyCAR\",\"url\":\"https:\/\/www.bymycar.fr\/webzine\/\",\"logo\":{\"@type\":\"ImageObject\",\"inLanguage\":\"fr-FR\",\"@id\":\"https:\/\/www.bymycar.fr\/webzine\/#\/schema\/logo\/image\/\",\"url\":\"https:\/\/cdn.bymycar.eu\/fr-webzine\/wp-content\/uploads\/medias\/2017\/08\/logo_DEALER_00000406_001.png\",\"contentUrl\":\"https:\/\/cdn.bymycar.eu\/fr-webzine\/wp-content\/uploads\/medias\/2017\/08\/logo_DEALER_00000406_001.png\",\"width\":2132,\"height\":720,\"caption\":\"BYmyCAR\"},\"image\":{\"@id\":\"https:\/\/www.bymycar.fr\/webzine\/#\/schema\/logo\/image\/\"}},{\"@type\":\"Person\",\"@id\":\"https:\/\/www.bymycar.fr\/webzine\/#\/schema\/person\/8d570fe11eb8929f06c1e6d00f4d9689\",\"name\":\"La R\u00e9daction BYmyCAR\",\"image\":{\"@type\":\"ImageObject\",\"inLanguage\":\"fr-FR\",\"@id\":\"https:\/\/www.bymycar.fr\/webzine\/#\/schema\/person\/image\/\",\"url\":\"https:\/\/secure.gravatar.com\/avatar\/1aa6b039d0ce106989923af4e2d0f2a0c82bb070d5e449f1b9adf082a5863900?s=96&d=mm&r=g\",\"contentUrl\":\"https:\/\/secure.gravatar.com\/avatar\/1aa6b039d0ce106989923af4e2d0f2a0c82bb070d5e449f1b9adf082a5863900?s=96&d=mm&r=g\",\"caption\":\"La R\u00e9daction BYmyCAR\"},\"sameAs\":[\"https:\/\/www.bymycar.fr\/\"]}]}<\/script>\n<!-- \/ Yoast SEO Premium plugin. -->","yoast_head_json":{"title":"Comment choisir la finition de mon Opel Frontera ?","description":"D\u00e9couvrez comment choisir la finition id\u00e9ale de votre Opel Frontera : motorisations, \u00e9quipements, usages et conseils BYmyCAR.","robots":{"index":"index","follow":"follow","max-snippet":"max-snippet:-1","max-image-preview":"max-image-preview:large","max-video-preview":"max-video-preview:-1"},"canonical":"https:\/\/www.bymycar.fr\/webzine\/comment-choisir-la-finition-de-mon-opel-frontera\/","og_locale":"fr_FR","og_type":"article","og_title":"Comment choisir la finition de mon Opel Frontera ?","og_description":"D\u00e9couvrez comment choisir la finition id\u00e9ale de votre Opel Frontera : motorisations, \u00e9quipements, usages et conseils BYmyCAR.","og_url":"https:\/\/www.bymycar.fr\/webzine\/comment-choisir-la-finition-de-mon-opel-frontera\/","og_site_name":"Webzine auto BYmyCAR","article_published_time":"2026-01-10T00:00:00+00:00","article_modified_time":"2026-01-12T08:14:29+00:00","author":"La R\u00e9daction BYmyCAR","twitter_card":"summary_large_image","twitter_misc":{"\u00c9crit par":"La R\u00e9daction BYmyCAR"},"schema":{"@context":"https:\/\/schema.org","@graph":[{"@type":"Article","@id":"https:\/\/www.bymycar.fr\/webzine\/comment-choisir-la-finition-de-mon-opel-frontera\/#article","isPartOf":{"@id":"https:\/\/www.bymycar.fr\/webzine\/comment-choisir-la-finition-de-mon-opel-frontera\/"},"author":{"name":"La R\u00e9daction BYmyCAR","@id":"https:\/\/www.bymycar.fr\/webzine\/#\/schema\/person\/8d570fe11eb8929f06c1e6d00f4d9689"},"headline":"Comment choisir la finition de mon Opel Frontera ?","datePublished":"2026-01-10T00:00:00+00:00","dateModified":"2026-01-12T08:14:29+00:00","mainEntityOfPage":{"@id":"https:\/\/www.bymycar.fr\/webzine\/comment-choisir-la-finition-de-mon-opel-frontera\/"},"wordCount":8,"publisher":{"@id":"https:\/\/www.bymycar.fr\/webzine\/#organization"},"articleSection":["Guide d'achat Opel"],"inLanguage":"fr-FR"},{"@type":"WebPage","@id":"https:\/\/www.bymycar.fr\/webzine\/comment-choisir-la-finition-de-mon-opel-frontera\/","url":"https:\/\/www.bymycar.fr\/webzine\/comment-choisir-la-finition-de-mon-opel-frontera\/","name":"Comment choisir la finition de mon Opel Frontera ?","isPartOf":{"@id":"https:\/\/www.bymycar.fr\/webzine\/#website"},"datePublished":"2026-01-10T00:00:00+00:00","dateModified":"2026-01-12T08:14:29+00:00","description":"D\u00e9couvrez comment choisir la finition id\u00e9ale de votre Opel Frontera : motorisations, \u00e9quipements, usages et conseils BYmyCAR.","breadcrumb":{"@id":"https:\/\/www.bymycar.fr\/webzine\/comment-choisir-la-finition-de-mon-opel-frontera\/#breadcrumb"},"inLanguage":"fr-FR","potentialAction":[{"@type":"ReadAction","target":["https:\/\/www.bymycar.fr\/webzine\/comment-choisir-la-finition-de-mon-opel-frontera\/"]}]},{"@type":"BreadcrumbList","@id":"https:\/\/www.bymycar.fr\/webzine\/comment-choisir-la-finition-de-mon-opel-frontera\/#breadcrumb","itemListElement":[{"@type":"ListItem","position":1,"name":"Accueil","item":"https:\/\/www.bymycar.fr\/webzine\/"},{"@type":"ListItem","position":2,"name":"Comment choisir la finition de mon Opel Frontera ?"}]},{"@type":"WebSite","@id":"https:\/\/www.bymycar.fr\/webzine\/#website","url":"https:\/\/www.bymycar.fr\/webzine\/","name":"Webzine auto BYmyCAR","description":"La magazine auto de BYmyCAR","publisher":{"@id":"https:\/\/www.bymycar.fr\/webzine\/#organization"},"potentialAction":[{"@type":"SearchAction","target":{"@type":"EntryPoint","urlTemplate":"https:\/\/www.bymycar.fr\/webzine\/?s={search_term_string}"},"query-input":{"@type":"PropertyValueSpecification","valueRequired":true,"valueName":"search_term_string"}}],"inLanguage":"fr-FR"},{"@type":"Organization","@id":"https:\/\/www.bymycar.fr\/webzine\/#organization","name":"BYmyCAR","url":"https:\/\/www.bymycar.fr\/webzine\/","logo":{"@type":"ImageObject","inLanguage":"fr-FR","@id":"https:\/\/www.bymycar.fr\/webzine\/#\/schema\/logo\/image\/","url":"https:\/\/cdn.bymycar.eu\/fr-webzine\/wp-content\/uploads\/medias\/2017\/08\/logo_DEALER_00000406_001.png","contentUrl":"https:\/\/cdn.bymycar.eu\/fr-webzine\/wp-content\/uploads\/medias\/2017\/08\/logo_DEALER_00000406_001.png","width":2132,"height":720,"caption":"BYmyCAR"},"image":{"@id":"https:\/\/www.bymycar.fr\/webzine\/#\/schema\/logo\/image\/"}},{"@type":"Person","@id":"https:\/\/www.bymycar.fr\/webzine\/#\/schema\/person\/8d570fe11eb8929f06c1e6d00f4d9689","name":"La R\u00e9daction BYmyCAR","image":{"@type":"ImageObject","inLanguage":"fr-FR","@id":"https:\/\/www.bymycar.fr\/webzine\/#\/schema\/person\/image\/","url":"https:\/\/secure.gravatar.com\/avatar\/1aa6b039d0ce106989923af4e2d0f2a0c82bb070d5e449f1b9adf082a5863900?s=96&d=mm&r=g","contentUrl":"https:\/\/secure.gravatar.com\/avatar\/1aa6b039d0ce106989923af4e2d0f2a0c82bb070d5e449f1b9adf082a5863900?s=96&d=mm&r=g","caption":"La R\u00e9daction BYmyCAR"},"sameAs":["https:\/\/www.bymycar.fr\/"]}]}},"_links":{"self":[{"href":"https:\/\/www.bymycar.fr\/webzine\/wp-json\/wp\/v2\/posts\/63833","targetHints":{"allow":["GET"]}}],"collection":[{"href":"https:\/\/www.bymycar.fr\/webzine\/wp-json\/wp\/v2\/posts"}],"about":[{"href":"https:\/\/www.bymycar.fr\/webzine\/wp-json\/wp\/v2\/types\/post"}],"author":[{"embeddable":true,"href":"https:\/\/www.bymycar.fr\/webzine\/wp-json\/wp\/v2\/users\/88"}],"replies":[{"embeddable":true,"href":"https:\/\/www.bymycar.fr\/webzine\/wp-json\/wp\/v2\/comments?post=63833"}],"version-history":[{"count":1,"href":"https:\/\/www.bymycar.fr\/webzine\/wp-json\/wp\/v2\/posts\/63833\/revisions"}],"predecessor-version":[{"id":63937,"href":"https:\/\/www.bymycar.fr\/webzine\/wp-json\/wp\/v2\/posts\/63833\/revisions\/63937"}],"wp:attachment":[{"href":"https:\/\/www.bymycar.fr\/webzine\/wp-json\/wp\/v2\/media?parent=63833"}],"wp:term":[{"taxonomy":"category","embeddable":true,"href":"https:\/\/www.bymycar.fr\/webzine\/wp-json\/wp\/v2\/categories?post=63833"},{"taxonomy":"post_tag","embeddable":true,"href":"https:\/\/www.bymycar.fr\/webzine\/wp-json\/wp\/v2\/tags?post=63833"}],"curies":[{"name":"wp","href":"https:\/\/api.w.org\/{rel}","templated":true}]}}