{"id":63829,"date":"2026-01-10T00:00:00","date_gmt":"2026-01-10T00:00:00","guid":{"rendered":"https:\/\/www.bymycar.fr\/webzine\/?p=63829"},"modified":"2026-01-12T09:14:29","modified_gmt":"2026-01-12T08:14:29","slug":"opel-frontera-vs-grandland-notre-comparatif-complet","status":"publish","type":"post","link":"https:\/\/www.bymycar.fr\/webzine\/opel-frontera-vs-grandland-notre-comparatif-complet\/","title":{"rendered":"Opel Frontera vs Grandland : notre comparatif complet"},"content":{"rendered":"","protected":false},"excerpt":{"rendered":"","protected":false},"author":88,"featured_media":0,"comment_status":"closed","ping_status":"open","sticky":false,"template":"","format":"standard","meta":{"_acf_changed":false,"footnotes":""},"categories":[12919],"tags":[],"class_list":["post-63829","post","type-post","status-publish","format-standard","hentry","category-guide-dachat-opel"],"acf":{"page_content":{"block_content":[{"acf_fc_layout":"text-simple","--nav":{"-withNav":false,"-ancre":""},"--group":{"-text":"<h2>Ce qu&rsquo;il faut retenir<\/h2>\n<p>Voici les points essentiels de notre comparatif entre l&rsquo;Opel Frontera et l&rsquo;Opel Grandland :<\/p>\n<ul>\n<li><strong>Positionnement et budget<\/strong> : l&rsquo;Opel Frontera se positionne comme un SUV compact familial accessible (4,38 m) avec des motorisations hybrides 48V et \u00e9lectriques, tandis que l&rsquo;Opel Grandland vise le segment sup\u00e9rieur avec plus d&rsquo;espace (4,65 m) et des technologies avanc\u00e9es ;<\/li>\n<li><strong>Autonomie et motorisations<\/strong> : l&rsquo;Opel Frontera Electric offre jusqu&rsquo;\u00e0 411 km d&rsquo;autonomie contre 585 km pour l&rsquo;Opel Grandland Electric, ce dernier proposant \u00e9galement des versions hybrides rechargeables avec 87 km en mode \u00e9lectrique ;<\/li>\n<li><strong>Usage recommand\u00e9<\/strong> : choisissez l&rsquo;Opel Frontera pour un usage urbain et familial privil\u00e9giant l&rsquo;accessibilit\u00e9, ou l&rsquo;Opel Grandland pour les longs trajets avec un niveau de prestations et de confort sup\u00e9rieur.<\/li>\n<\/ul>\n<p>Ces deux SUV illustrent parfaitement la capacit\u00e9 d&rsquo;Opel \u00e0 r\u00e9pondre \u00e0 tous les besoins, du plus pratique au plus sophistiqu\u00e9.<\/p>\n<h2>Positionnement et philosophie : deux approches du SUV familial<\/h2>\n<p>L&rsquo;<a data-mce-href=\"https:\/\/www.bymycar.fr\/v\/opel-frontera\" href=\"https:\/\/www.bymycar.fr\/v\/opel-frontera\">Opel Frontera<\/a> se positionne comme un SUV compact familial con\u00e7u pour l&rsquo;usage quotidien avec un excellent rapport qualit\u00e9-prestations. Ce v\u00e9hicule polyvalent propose des motorisations vari\u00e9es incluant un bloc hybride 48 V de 110 \u00e0 145 ch et une version 100 % \u00e9lectrique offrant jusqu&rsquo;\u00e0 400 km d&rsquo;autonomie. La version hybride de l&rsquo;Opel Frontera se distingue par sa praticit\u00e9 et son approche simplifi\u00e9e avec deux finitions principales (Edition, GS) qui le rendent accessible. Sa signature visuelle moderne int\u00e8gre la calandre Vizor et une signature lumineuse horizontale, tandis que certaines versions peuvent accueillir jusqu&rsquo;\u00e0 sept passagers avec un coffre atteignant 1 600 litres banquette rabattue.<\/p>\n<p>L&rsquo;<a data-mce-href=\"https:\/\/www.bymycar.fr\/v\/opel-grandland\" href=\"https:\/\/www.bymycar.fr\/v\/opel-grandland\">Opel&nbsp;Grandland<\/a> s&rsquo;inscrit dans un segment sup\u00e9rieur avec une approche plus statutaire. Ce SUV familial propose une gamme \u00e9tendue de motorisations comprenant l&rsquo;hybride l\u00e9ger, l&rsquo;hybride rechargeable capable de parcourir jusqu&rsquo;\u00e0 87 km en mode 100 % \u00e9lectrique, et une version enti\u00e8rement \u00e9lectrique impressionnante avec 523 km d&rsquo;autonomie WLTP. Ses finitions valorisantes (\u00c9dition, GS, Ultimate) s&rsquo;accompagnent d&rsquo;une technologie embarqu\u00e9e avanc\u00e9e (Pure Panel num\u00e9rique, aides \u00e0 la conduite) et certaines versions proposent m\u00eame une transmission int\u00e9grale pour une polyvalence maximale sur tous les terrains.<\/p>\n<p><strong>Atouts cl\u00e9s du positionnement<\/strong> :<\/p>\n<ul>\n<li>Frontera : accessibilit\u00e9, modularit\u00e9 et espace g\u00e9n\u00e9reux pour les familles ;<\/li>\n<li>Grandland : prestations haut de gamme et technologies avanc\u00e9es ;<\/li>\n<li>Frontera : motorisations efficientes adapt\u00e9es \u00e0 l&rsquo;usage quotidien ;<\/li>\n<li>Grandland : autonomie \u00e9lectrique \u00e9tendue pour les grands voyageurs.<\/li>\n<\/ul>\n<p>Ces deux v\u00e9hicules illustrent parfaitement la vision d&rsquo;Opel de proposer des SUV adapt\u00e9s \u00e0 diff\u00e9rents besoins et budgets, du plus accessible au plus sophistiqu\u00e9. Pour d\u00e9couvrir en d\u00e9tail les caract\u00e9ristiques et options de l&rsquo;<a href=\"https:\/\/www.bymycar.fr\/v\/opel-frontera-2025\" data-mce-href=\"https:\/\/www.bymycar.fr\/v\/opel-frontera-2025\">Opel Frontera 2025<\/a>, n&rsquo;h\u00e9sitez pas \u00e0 consulter notre page d\u00e9di\u00e9e.<\/p>\n<h2>Dimensions et habitabilit\u00e9<\/h2>\n<p>L&rsquo;Opel Frontera s&rsquo;impose comme un SUV compact avec ses 4,38 m de longueur, 1,80 m de largeur et 1,63 m de hauteur. Son empattement de 2,67 m offre une excellente habitabilit\u00e9 arri\u00e8re, id\u00e9ale pour les familles. \u00c9quip\u00e9 d&rsquo;un moteur \u00e0 essence hybride 48 V, ce mod\u00e8le pratique propose un volume de coffre d\u00e9passant 450 litres en configuration standard, avec un rayon de braquage de 10,7 m et une garde au sol de 18 cm pour affronter les petits obstacles urbains et les dos-d&rsquo;\u00e2ne sans difficult\u00e9.<\/p>\n<p>L&rsquo;Opel Grandland se positionne dans le segment sup\u00e9rieur avec ses 4,65 m de longueur et 1,90 m de largeur. Son empattement g\u00e9n\u00e9reux de 2,78 m se traduit par un espace aux jambes particuli\u00e8rement confortable et une pr\u00e9sence routi\u00e8re affirm\u00e9e. Son coffre atteint 550 litres en version thermique, extensible jusqu&rsquo;\u00e0 1 645 litres banquette rabattue, ce qui en fait un compagnon id\u00e9al pour les longs trajets et les vacances en famille. Ses \u00e9missions de CO\u2082 contenues (28-41 g\/km en hybride rechargeable) et sa faible consommation de carburant (1,3-1,8 l\/100 km) en font un choix \u00e9cologique pour ceux qui parcourent de nombreux kilom\u00e8tres chaque ann\u00e9e.<\/p>\n<table>\n<thead>\n<tr>\n<th>Mod\u00e8le<\/th>\n<th>Longueur<\/th>\n<th>Coffre (litres)<\/th>\n<\/tr>\n<\/thead>\n<tbody>\n<tr>\n<td>Frontera<\/td>\n<td>4,38 m<\/td>\n<td>450<\/td>\n<\/tr>\n<tr>\n<td>Grandland<\/td>\n<td>4,65 m<\/td>\n<td>550<\/td>\n<\/tr>\n<tr>\n<td>Grandland Hybride<\/td>\n<td>4,65 m<\/td>\n<td>390<\/td>\n<\/tr>\n<\/tbody>\n<\/table>\n<h2>Motorisations et technologies : essence, hybride et \u00e9lectrique<\/h2>\n<p>Sur le Frontera, Opel propose deux grandes familles de groupes motopropulseurs : un bloc hybride 48 V bas\u00e9 sur un moteur \u00e0 essence 1.2 turbo associ\u00e9 \u00e0 une bo\u00eete automatique \u00e0 double embrayage, d\u00e9veloppant entre 110 et 145 ch selon les versions. Ce trois-cylindres est assist\u00e9 par un petit moteur \u00e9lectrique qui apporte un surcro\u00eet de puissance \u00e0 bas r\u00e9gimes, rendant la conduite plus agr\u00e9able en ville. La variante 100 % \u00e9lectrique offre quant \u00e0 elle jusqu&rsquo;\u00e0 environ 400 km d&rsquo;autonomie WLTP, suffisante pour la majorit\u00e9 des trajets quotidiens et hebdomadaires. Ces motorisations privil\u00e9gient l&rsquo;efficience et la simplicit\u00e9 d&rsquo;usage, sans recharge filaire n\u00e9cessaire pour l&rsquo;hybride l\u00e9ger, avec une technologie \u00e9prouv\u00e9e issue de l&rsquo;architecture Stellantis modernis\u00e9e.<\/p>\n<p>Le Grandland propose une palette plus large de motorisations, allant du moteur \u00e0 essence 1.2 hybride l\u00e9g\u00e8re de 136 ch jusqu&rsquo;aux versions hybrides rechargeables combinant un 1.6 essence et un moteur \u00e9lectrique pour atteindre pr\u00e8s de 195 ch. La version hybride rechargeable de l&rsquo;Opel Grandland offre jusqu&rsquo;\u00e0 87 km d&rsquo;autonomie en mode 100 % \u00e9lectrique, permettant d&rsquo;effectuer la plupart des trajets domicile-travail sans consommer une goutte d&rsquo;essence. Le SUV est \u00e9galement disponible en variantes 100 % \u00e9lectriques avec une autonomie pouvant atteindre environ 585 km WLTP. Certaines finitions hautes proposent m\u00eame des configurations \u00e0 quatre roues motrices, renfor\u00e7ant la polyvalence de ce mod\u00e8le pour toutes les conditions routi\u00e8res.<\/p>\n<h2>Vie \u00e0 bord, \u00e9quipement et usage<\/h2>\n<p>Dans le Frontera, l&rsquo;architecture int\u00e9rieure met l&rsquo;accent sur la fonctionnalit\u00e9 et le confort des \u00e9quipements. La version hybride de l&rsquo;Opel Frontera propose une station pour smartphone, des solutions de recharge (filaire et sans fil selon finitions) et des si\u00e8ges Intelli-Seats ergonomiques qui garantissent un confort optimal m\u00eame lors de longs trajets. Les finitions Edition et GS offrent une mont\u00e9e en gamme sur les \u00e9quipements de s\u00e9curit\u00e9 et de confort, tout en conservant une approche simple et robuste, parfaite pour les familles actives qui recherchent un v\u00e9hicule fiable au quotidien.<\/p>\n<p>Le Grandland se distingue par un int\u00e9rieur plus travaill\u00e9 et sophistiqu\u00e9, domin\u00e9 par le Pure Panel Pro num\u00e9rique qui regroupe instrumentation et infotainment sur des \u00e9crans jusqu&rsquo;\u00e0 16 pouces, \u00e9pur\u00e9s et orient\u00e9s vers le conducteur pour une ergonomie optimale. Selon les niveaux de finition, vous profiterez de si\u00e8ges avant actifs ergonomiques certifi\u00e9s AGR, de selleries premium et d&rsquo;\u00e9quipements avanc\u00e9s comme les phares IntelliLux LED Pixel Light ou un arsenal complet d&rsquo;aides \u00e0 la conduite, renfor\u00e7ant son positionnement haut de gamme et son caract\u00e8re technologique.<\/p>\n<p>Les v\u00e9hicules propos\u00e9s par BYmyCAR se distinguent par leur efficience environnementale, particuli\u00e8rement sur la version hybride de l&rsquo;Opel Frontera qui affiche des \u00e9missions de CO\u2082 de seulement 118-123 g\/km en cycle WLTP. Cette performance environnementale vous garantit un confort de conduite optimal en ville sur vos trajets quotidiens, tout en contribuant \u00e0 la pr\u00e9servation de la qualit\u00e9 de l&rsquo;air urbain et en r\u00e9duisant vos frais de d\u00e9placement gr\u00e2ce \u00e0 une consommation ma\u00eetris\u00e9e.<\/p>\n<h2>Opel Frontera Electric vs Opel Grandland Electric : autonomie et performances<\/h2>\n<p>L&rsquo;Opel Frontera Electric offre une autonomie allant jusqu&rsquo;\u00e0 411 km en version Extended Range gr\u00e2ce \u00e0 sa batterie de 54 kWh, ce qui permet de couvrir largement les besoins quotidiens et les escapades du week-end sans recharge interm\u00e9diaire. L&rsquo;Opel Grandland Electric propose quant \u00e0 lui une autonomie sup\u00e9rieure pouvant atteindre 585 km avec sa batterie de 98 kWh, offrant ainsi une libert\u00e9 de d\u00e9placement comparable \u00e0 celle d&rsquo;un v\u00e9hicule thermique. Ces deux v\u00e9hicules \u00e9lectriques se distinguent par leurs \u00e9missions de CO\u2082 nulles en phase d&rsquo;utilisation, contrairement aux versions \u00e0 moteur \u00e0 essence qui g\u00e9n\u00e8rent entre 118 et 150 g\/km selon les cycles d&rsquo;homologation.<\/p>\n<p>Pour les familles souhaitant r\u00e9duire leur impact environnemental tout en conservant une grande libert\u00e9 de mouvement, ces deux mod\u00e8les Opel offrent des solutions adapt\u00e9es \u00e0 diff\u00e9rents besoins : le Frontera pour un usage principalement urbain et p\u00e9riurbain avec des recharges fr\u00e9quentes, le Grandland pour ceux qui recherchent plus d&rsquo;autonomie sur longue distance et un niveau de prestation sup\u00e9rieur avec des technologies de pointe.<\/p>\n<h2>Quel Opel choisir ?<\/h2>\n<p>Le <strong>Frontera<\/strong> s&rsquo;adresse en priorit\u00e9 aux m\u00e9nages recherchant un <a data-mce-href=\"https:\/\/www.bymycar.fr\/v\/suv\" href=\"https:\/\/www.bymycar.fr\/v\/suv\">SUV<\/a> compact et abordable. La version hybride de l&rsquo;Opel Frontera offre une motorisation simple \u00e0 vivre avec ses versions 110 ch ou 145 ch, permettant de parcourir plusieurs milliers de kilom\u00e8tres sans contrainte gr\u00e2ce \u00e0 des intervalles d&rsquo;entretien espac\u00e9s. Son gabarit de 4,38 m\u00e8tres reste parfaitement maniable en ville tout en offrant une capacit\u00e9 de coffre g\u00e9n\u00e9reuse pour les familles actives qui ont besoin d&rsquo;espace pour les courses, les bagages ou les \u00e9quipements sportifs.<\/p>\n<p>Le <strong>nouvel Opel Grandland<\/strong> convient davantage aux conducteurs souhaitant un SUV plus statutaire et technologique. Avec ses 4,65 m\u00e8tres de long et jusqu&rsquo;\u00e0 585 km d&rsquo;autonomie en version \u00e9lectrique, il propose des motorisations plus puissantes, notamment sa nouvelle version \u00e0 transmission int\u00e9grale de 325 ch qui offre des performances remarquables. Sa pr\u00e9sentation int\u00e9rieure valorisante et son niveau d&rsquo;\u00e9quipement sup\u00e9rieur en font un v\u00e9hicule id\u00e9al pour ceux qui parcourent de nombreux kilom\u00e8tres dans un confort optimal et recherchent les derni\u00e8res innovations technologiques.<\/p>\n<p>Ces deux v\u00e9hicules repr\u00e9sentent parfaitement la diversit\u00e9 de la gamme Opel, adapt\u00e9e \u00e0 tous les besoins et budgets. Pour d\u00e9couvrir celui qui correspondra le mieux \u00e0 votre usage quotidien et \u00e0 vos attentes en mati\u00e8re de confort, nos conseillers BYmyCAR sont \u00e0 votre disposition pour vous accompagner dans votre choix et vous proposer un essai personnalis\u00e9 qui vous permettra de faire la diff\u00e9rence.<\/p>\n<h2>FAQ \u2013 vos questions sur Opel Frontera et Grandland<\/h2>\n<h3>Quelle est la diff\u00e9rence de prix entre l&rsquo;Opel Frontera et l&rsquo;Opel Grandland ?<\/h3>\n<p>Pour conna\u00eetre les tarifs actuels et les offres disponibles sur l&rsquo;Opel Frontera et l&rsquo;Opel Grandland, nous vous invitons \u00e0 contacter nos conseillers BYmyCAR qui vous proposeront des solutions de financement adapt\u00e9es \u00e0 votre budget et \u00e0 vos besoins.<\/p>\n<h3>Le nouvel Opel Grandland est-il disponible en version hybride rechargeable ?<\/h3>\n<p>Oui, le nouvel Opel Grandland est disponible en version hybride rechargeable de 195 ch, offrant jusqu&rsquo;\u00e0 87 km d&rsquo;autonomie \u00e9lectrique et \u00e9quip\u00e9 d&rsquo;une bo\u00eete automatique performante pour un confort de conduite optimal en toutes circonstances.<\/p>\n<h3>Quels sont les avantages de l&rsquo;Opel Frontera hybride pour la ville ?<\/h3>\n<p>L&rsquo;Opel Frontera hybride est id\u00e9al pour la ville gr\u00e2ce \u00e0 son gabarit compact (4,38 m), sa maniabilit\u00e9 exceptionnelle et sa capacit\u00e9 \u00e0 rouler en mode \u00e9lectrique jusqu&rsquo;\u00e0 50 % du temps en circulation urbaine, r\u00e9duisant ainsi vos \u00e9missions et votre consommation.<\/p>\n<h3>Quel SUV choisir pour les longs trajets autoroutiers ?<\/h3>\n<p>Pour les longs trajets autoroutiers, le Grandland se r\u00e9v\u00e8le plus adapt\u00e9 avec son autonomie \u00e9lectrique allant jusqu&rsquo;\u00e0 585 km, son confort sup\u00e9rieur et ses \u00e9quipements d&rsquo;aide \u00e0 la conduite avanc\u00e9s qui facilitent les d\u00e9placements sur de longues distances.<\/p>\n<h2>Pour en savoir plus<\/h2>\n<h3>Sources :<\/h3>\n<ul>\n<li><a href=\"https:\/\/www.opel.fr\/vehicules\/frontera\/frontera-bev\/overview.html\" target=\"_blank\" data-mce-href=\"https:\/\/www.opel.fr\/vehicules\/frontera\/frontera-bev\/overview.html\">Opel Frontera | SUV 100% \u00e9lectrique ou hybride<\/a>\u200b<\/li>\n<li><a href=\"https:\/\/www.media.stellantis.com\/fr-fr\/opel\/press\/dossier-de-presse-nouveau-opel-frontera\" target=\"_blank\" data-mce-href=\"https:\/\/www.media.stellantis.com\/fr-fr\/opel\/press\/dossier-de-presse-nouveau-opel-frontera\">Dossier de Presse : Nouveau Opel Frontera<\/a>\u200b<\/li>\n<li><a href=\"https:\/\/www.opel.fr\/vehicules\/grandland-models\/grandland\/points-forts.html\" target=\"_blank\" data-mce-href=\"https:\/\/www.opel.fr\/vehicules\/grandland-models\/grandland\/points-forts.html\">Opel Grandland | SUV 100% \u00e9lectrique ou hybride | Opel FR<\/a>\u200b<\/li>\n<li><a href=\"https:\/\/www.opel.dz\/fr\/voitures\/grandland-models\/grandland\/overview.html\" target=\"_blank\" data-mce-href=\"https:\/\/www.opel.dz\/fr\/voitures\/grandland-models\/grandland\/overview.html\">Une nouvelle aventure commence \u2013 Opel Grandland<\/a>\u200b<\/li>\n<li><a href=\"https:\/\/www.opel.com\/grandland.html\" target=\"_blank\" data-mce-href=\"https:\/\/www.opel.com\/grandland.html\">Opel Grandland | Innovative &amp; Powerful<\/a>\u200b<\/li>\n<\/ul>\n"}}]},"introduction":"<p>D\u00e9couvrez ces deux v\u00e9hicules embl\u00e9matiques qui incarnent l&rsquo;avenir d&rsquo;<a data-mce-href=\"https:\/\/www.bymycar.fr\/marques\/opel\" href=\"https:\/\/www.bymycar.fr\/marques\/opel\">Opel<\/a>. Le nouvel Opel Grandland impressionne par son autonomie pouvant atteindre jusqu&rsquo;\u00e0 585 km en version 100 % \u00e9lectrique, tandis que l&rsquo;Opel Frontera vise l&rsquo;accessibilit\u00e9 et l&rsquo;espace familial avec des motorisations hybrides et \u00e9lectriques. Pour choisir entre les deux, il faut surtout arbitrer entre budget, besoin d&rsquo;espace int\u00e9rieur et niveau de prestations technologiques.<\/p>\n","add-carousel-to-footer":true},"yoast_head":"<!-- This site is optimized with the Yoast SEO Premium plugin v26.4 (Yoast SEO v26.4) - https:\/\/yoast.com\/wordpress\/plugins\/seo\/ -->\n<title>Opel Frontera vs Grandland : notre comparatif complet<\/title>\n<meta name=\"description\" content=\"D\u00e9couvrez les diff\u00e9rences entre l&#039;Opel Frontera et l&#039;Opel Grandland : dimensions, motorisations, vie \u00e0 bord et conseils BYmyCAR.\" \/>\n<meta name=\"robots\" content=\"index, follow, max-snippet:-1, max-image-preview:large, max-video-preview:-1\" \/>\n<link rel=\"canonical\" href=\"https:\/\/www.bymycar.fr\/webzine\/opel-frontera-vs-grandland-notre-comparatif-complet\/\" \/>\n<meta property=\"og:locale\" content=\"fr_FR\" \/>\n<meta property=\"og:type\" content=\"article\" \/>\n<meta property=\"og:title\" content=\"Opel Frontera vs Grandland : notre comparatif complet\" \/>\n<meta property=\"og:description\" content=\"D\u00e9couvrez les diff\u00e9rences entre l&#039;Opel Frontera et l&#039;Opel Grandland : dimensions, motorisations, vie \u00e0 bord et conseils BYmyCAR.\" \/>\n<meta property=\"og:url\" content=\"https:\/\/www.bymycar.fr\/webzine\/opel-frontera-vs-grandland-notre-comparatif-complet\/\" \/>\n<meta property=\"og:site_name\" content=\"Webzine auto BYmyCAR\" \/>\n<meta property=\"article:published_time\" content=\"2026-01-10T00:00:00+00:00\" \/>\n<meta property=\"article:modified_time\" content=\"2026-01-12T08:14:29+00:00\" \/>\n<meta name=\"author\" content=\"La R\u00e9daction BYmyCAR\" \/>\n<meta name=\"twitter:card\" content=\"summary_large_image\" \/>\n<meta name=\"twitter:label1\" content=\"\u00c9crit par\" \/>\n\t<meta name=\"twitter:data1\" content=\"La R\u00e9daction BYmyCAR\" \/>\n<script type=\"application\/ld+json\" class=\"yoast-schema-graph\">{\"@context\":\"https:\/\/schema.org\",\"@graph\":[{\"@type\":\"Article\",\"@id\":\"https:\/\/www.bymycar.fr\/webzine\/opel-frontera-vs-grandland-notre-comparatif-complet\/#article\",\"isPartOf\":{\"@id\":\"https:\/\/www.bymycar.fr\/webzine\/opel-frontera-vs-grandland-notre-comparatif-complet\/\"},\"author\":{\"name\":\"La R\u00e9daction BYmyCAR\",\"@id\":\"https:\/\/www.bymycar.fr\/webzine\/#\/schema\/person\/8d570fe11eb8929f06c1e6d00f4d9689\"},\"headline\":\"Opel Frontera vs Grandland : notre comparatif complet\",\"datePublished\":\"2026-01-10T00:00:00+00:00\",\"dateModified\":\"2026-01-12T08:14:29+00:00\",\"mainEntityOfPage\":{\"@id\":\"https:\/\/www.bymycar.fr\/webzine\/opel-frontera-vs-grandland-notre-comparatif-complet\/\"},\"wordCount\":7,\"publisher\":{\"@id\":\"https:\/\/www.bymycar.fr\/webzine\/#organization\"},\"articleSection\":[\"Guide d'achat Opel\"],\"inLanguage\":\"fr-FR\"},{\"@type\":\"WebPage\",\"@id\":\"https:\/\/www.bymycar.fr\/webzine\/opel-frontera-vs-grandland-notre-comparatif-complet\/\",\"url\":\"https:\/\/www.bymycar.fr\/webzine\/opel-frontera-vs-grandland-notre-comparatif-complet\/\",\"name\":\"Opel Frontera vs Grandland : notre comparatif complet\",\"isPartOf\":{\"@id\":\"https:\/\/www.bymycar.fr\/webzine\/#website\"},\"datePublished\":\"2026-01-10T00:00:00+00:00\",\"dateModified\":\"2026-01-12T08:14:29+00:00\",\"description\":\"D\u00e9couvrez les diff\u00e9rences entre l'Opel Frontera et l'Opel Grandland : dimensions, motorisations, vie \u00e0 bord et conseils BYmyCAR.\",\"breadcrumb\":{\"@id\":\"https:\/\/www.bymycar.fr\/webzine\/opel-frontera-vs-grandland-notre-comparatif-complet\/#breadcrumb\"},\"inLanguage\":\"fr-FR\",\"potentialAction\":[{\"@type\":\"ReadAction\",\"target\":[\"https:\/\/www.bymycar.fr\/webzine\/opel-frontera-vs-grandland-notre-comparatif-complet\/\"]}]},{\"@type\":\"BreadcrumbList\",\"@id\":\"https:\/\/www.bymycar.fr\/webzine\/opel-frontera-vs-grandland-notre-comparatif-complet\/#breadcrumb\",\"itemListElement\":[{\"@type\":\"ListItem\",\"position\":1,\"name\":\"Accueil\",\"item\":\"https:\/\/www.bymycar.fr\/webzine\/\"},{\"@type\":\"ListItem\",\"position\":2,\"name\":\"Opel Frontera vs Grandland : notre comparatif complet\"}]},{\"@type\":\"WebSite\",\"@id\":\"https:\/\/www.bymycar.fr\/webzine\/#website\",\"url\":\"https:\/\/www.bymycar.fr\/webzine\/\",\"name\":\"Webzine auto BYmyCAR\",\"description\":\"La magazine auto de BYmyCAR\",\"publisher\":{\"@id\":\"https:\/\/www.bymycar.fr\/webzine\/#organization\"},\"potentialAction\":[{\"@type\":\"SearchAction\",\"target\":{\"@type\":\"EntryPoint\",\"urlTemplate\":\"https:\/\/www.bymycar.fr\/webzine\/?s={search_term_string}\"},\"query-input\":{\"@type\":\"PropertyValueSpecification\",\"valueRequired\":true,\"valueName\":\"search_term_string\"}}],\"inLanguage\":\"fr-FR\"},{\"@type\":\"Organization\",\"@id\":\"https:\/\/www.bymycar.fr\/webzine\/#organization\",\"name\":\"BYmyCAR\",\"url\":\"https:\/\/www.bymycar.fr\/webzine\/\",\"logo\":{\"@type\":\"ImageObject\",\"inLanguage\":\"fr-FR\",\"@id\":\"https:\/\/www.bymycar.fr\/webzine\/#\/schema\/logo\/image\/\",\"url\":\"https:\/\/cdn.bymycar.eu\/fr-webzine\/wp-content\/uploads\/medias\/2017\/08\/logo_DEALER_00000406_001.png\",\"contentUrl\":\"https:\/\/cdn.bymycar.eu\/fr-webzine\/wp-content\/uploads\/medias\/2017\/08\/logo_DEALER_00000406_001.png\",\"width\":2132,\"height\":720,\"caption\":\"BYmyCAR\"},\"image\":{\"@id\":\"https:\/\/www.bymycar.fr\/webzine\/#\/schema\/logo\/image\/\"}},{\"@type\":\"Person\",\"@id\":\"https:\/\/www.bymycar.fr\/webzine\/#\/schema\/person\/8d570fe11eb8929f06c1e6d00f4d9689\",\"name\":\"La R\u00e9daction BYmyCAR\",\"image\":{\"@type\":\"ImageObject\",\"inLanguage\":\"fr-FR\",\"@id\":\"https:\/\/www.bymycar.fr\/webzine\/#\/schema\/person\/image\/\",\"url\":\"https:\/\/secure.gravatar.com\/avatar\/1aa6b039d0ce106989923af4e2d0f2a0c82bb070d5e449f1b9adf082a5863900?s=96&d=mm&r=g\",\"contentUrl\":\"https:\/\/secure.gravatar.com\/avatar\/1aa6b039d0ce106989923af4e2d0f2a0c82bb070d5e449f1b9adf082a5863900?s=96&d=mm&r=g\",\"caption\":\"La R\u00e9daction BYmyCAR\"},\"sameAs\":[\"https:\/\/www.bymycar.fr\/\"]}]}<\/script>\n<!-- \/ Yoast SEO Premium plugin. -->","yoast_head_json":{"title":"Opel Frontera vs Grandland : notre comparatif complet","description":"D\u00e9couvrez les diff\u00e9rences entre l'Opel Frontera et l'Opel Grandland : dimensions, motorisations, vie \u00e0 bord et conseils BYmyCAR.","robots":{"index":"index","follow":"follow","max-snippet":"max-snippet:-1","max-image-preview":"max-image-preview:large","max-video-preview":"max-video-preview:-1"},"canonical":"https:\/\/www.bymycar.fr\/webzine\/opel-frontera-vs-grandland-notre-comparatif-complet\/","og_locale":"fr_FR","og_type":"article","og_title":"Opel Frontera vs Grandland : notre comparatif complet","og_description":"D\u00e9couvrez les diff\u00e9rences entre l'Opel Frontera et l'Opel Grandland : dimensions, motorisations, vie \u00e0 bord et conseils BYmyCAR.","og_url":"https:\/\/www.bymycar.fr\/webzine\/opel-frontera-vs-grandland-notre-comparatif-complet\/","og_site_name":"Webzine auto BYmyCAR","article_published_time":"2026-01-10T00:00:00+00:00","article_modified_time":"2026-01-12T08:14:29+00:00","author":"La R\u00e9daction BYmyCAR","twitter_card":"summary_large_image","twitter_misc":{"\u00c9crit par":"La R\u00e9daction BYmyCAR"},"schema":{"@context":"https:\/\/schema.org","@graph":[{"@type":"Article","@id":"https:\/\/www.bymycar.fr\/webzine\/opel-frontera-vs-grandland-notre-comparatif-complet\/#article","isPartOf":{"@id":"https:\/\/www.bymycar.fr\/webzine\/opel-frontera-vs-grandland-notre-comparatif-complet\/"},"author":{"name":"La R\u00e9daction BYmyCAR","@id":"https:\/\/www.bymycar.fr\/webzine\/#\/schema\/person\/8d570fe11eb8929f06c1e6d00f4d9689"},"headline":"Opel Frontera vs Grandland : notre comparatif complet","datePublished":"2026-01-10T00:00:00+00:00","dateModified":"2026-01-12T08:14:29+00:00","mainEntityOfPage":{"@id":"https:\/\/www.bymycar.fr\/webzine\/opel-frontera-vs-grandland-notre-comparatif-complet\/"},"wordCount":7,"publisher":{"@id":"https:\/\/www.bymycar.fr\/webzine\/#organization"},"articleSection":["Guide d'achat Opel"],"inLanguage":"fr-FR"},{"@type":"WebPage","@id":"https:\/\/www.bymycar.fr\/webzine\/opel-frontera-vs-grandland-notre-comparatif-complet\/","url":"https:\/\/www.bymycar.fr\/webzine\/opel-frontera-vs-grandland-notre-comparatif-complet\/","name":"Opel Frontera vs Grandland : notre comparatif complet","isPartOf":{"@id":"https:\/\/www.bymycar.fr\/webzine\/#website"},"datePublished":"2026-01-10T00:00:00+00:00","dateModified":"2026-01-12T08:14:29+00:00","description":"D\u00e9couvrez les diff\u00e9rences entre l'Opel Frontera et l'Opel Grandland : dimensions, motorisations, vie \u00e0 bord et conseils BYmyCAR.","breadcrumb":{"@id":"https:\/\/www.bymycar.fr\/webzine\/opel-frontera-vs-grandland-notre-comparatif-complet\/#breadcrumb"},"inLanguage":"fr-FR","potentialAction":[{"@type":"ReadAction","target":["https:\/\/www.bymycar.fr\/webzine\/opel-frontera-vs-grandland-notre-comparatif-complet\/"]}]},{"@type":"BreadcrumbList","@id":"https:\/\/www.bymycar.fr\/webzine\/opel-frontera-vs-grandland-notre-comparatif-complet\/#breadcrumb","itemListElement":[{"@type":"ListItem","position":1,"name":"Accueil","item":"https:\/\/www.bymycar.fr\/webzine\/"},{"@type":"ListItem","position":2,"name":"Opel Frontera vs Grandland : notre comparatif complet"}]},{"@type":"WebSite","@id":"https:\/\/www.bymycar.fr\/webzine\/#website","url":"https:\/\/www.bymycar.fr\/webzine\/","name":"Webzine auto BYmyCAR","description":"La magazine auto de BYmyCAR","publisher":{"@id":"https:\/\/www.bymycar.fr\/webzine\/#organization"},"potentialAction":[{"@type":"SearchAction","target":{"@type":"EntryPoint","urlTemplate":"https:\/\/www.bymycar.fr\/webzine\/?s={search_term_string}"},"query-input":{"@type":"PropertyValueSpecification","valueRequired":true,"valueName":"search_term_string"}}],"inLanguage":"fr-FR"},{"@type":"Organization","@id":"https:\/\/www.bymycar.fr\/webzine\/#organization","name":"BYmyCAR","url":"https:\/\/www.bymycar.fr\/webzine\/","logo":{"@type":"ImageObject","inLanguage":"fr-FR","@id":"https:\/\/www.bymycar.fr\/webzine\/#\/schema\/logo\/image\/","url":"https:\/\/cdn.bymycar.eu\/fr-webzine\/wp-content\/uploads\/medias\/2017\/08\/logo_DEALER_00000406_001.png","contentUrl":"https:\/\/cdn.bymycar.eu\/fr-webzine\/wp-content\/uploads\/medias\/2017\/08\/logo_DEALER_00000406_001.png","width":2132,"height":720,"caption":"BYmyCAR"},"image":{"@id":"https:\/\/www.bymycar.fr\/webzine\/#\/schema\/logo\/image\/"}},{"@type":"Person","@id":"https:\/\/www.bymycar.fr\/webzine\/#\/schema\/person\/8d570fe11eb8929f06c1e6d00f4d9689","name":"La R\u00e9daction BYmyCAR","image":{"@type":"ImageObject","inLanguage":"fr-FR","@id":"https:\/\/www.bymycar.fr\/webzine\/#\/schema\/person\/image\/","url":"https:\/\/secure.gravatar.com\/avatar\/1aa6b039d0ce106989923af4e2d0f2a0c82bb070d5e449f1b9adf082a5863900?s=96&d=mm&r=g","contentUrl":"https:\/\/secure.gravatar.com\/avatar\/1aa6b039d0ce106989923af4e2d0f2a0c82bb070d5e449f1b9adf082a5863900?s=96&d=mm&r=g","caption":"La R\u00e9daction BYmyCAR"},"sameAs":["https:\/\/www.bymycar.fr\/"]}]}},"_links":{"self":[{"href":"https:\/\/www.bymycar.fr\/webzine\/wp-json\/wp\/v2\/posts\/63829","targetHints":{"allow":["GET"]}}],"collection":[{"href":"https:\/\/www.bymycar.fr\/webzine\/wp-json\/wp\/v2\/posts"}],"about":[{"href":"https:\/\/www.bymycar.fr\/webzine\/wp-json\/wp\/v2\/types\/post"}],"author":[{"embeddable":true,"href":"https:\/\/www.bymycar.fr\/webzine\/wp-json\/wp\/v2\/users\/88"}],"replies":[{"embeddable":true,"href":"https:\/\/www.bymycar.fr\/webzine\/wp-json\/wp\/v2\/comments?post=63829"}],"version-history":[{"count":1,"href":"https:\/\/www.bymycar.fr\/webzine\/wp-json\/wp\/v2\/posts\/63829\/revisions"}],"predecessor-version":[{"id":63933,"href":"https:\/\/www.bymycar.fr\/webzine\/wp-json\/wp\/v2\/posts\/63829\/revisions\/63933"}],"wp:attachment":[{"href":"https:\/\/www.bymycar.fr\/webzine\/wp-json\/wp\/v2\/media?parent=63829"}],"wp:term":[{"taxonomy":"category","embeddable":true,"href":"https:\/\/www.bymycar.fr\/webzine\/wp-json\/wp\/v2\/categories?post=63829"},{"taxonomy":"post_tag","embeddable":true,"href":"https:\/\/www.bymycar.fr\/webzine\/wp-json\/wp\/v2\/tags?post=63829"}],"curies":[{"name":"wp","href":"https:\/\/api.w.org\/{rel}","templated":true}]}}