{"id":63828,"date":"2026-01-10T00:00:00","date_gmt":"2026-01-10T00:00:00","guid":{"rendered":"https:\/\/www.bymycar.fr\/webzine\/?p=63828"},"modified":"2026-01-12T09:14:28","modified_gmt":"2026-01-12T08:14:28","slug":"quelle-motorisation-choisir-pour-mon-opel-frontera","status":"publish","type":"post","link":"https:\/\/www.bymycar.fr\/webzine\/quelle-motorisation-choisir-pour-mon-opel-frontera\/","title":{"rendered":"Quelle motorisation choisir pour mon Opel Frontera ?"},"content":{"rendered":"","protected":false},"excerpt":{"rendered":"","protected":false},"author":88,"featured_media":0,"comment_status":"closed","ping_status":"open","sticky":false,"template":"","format":"standard","meta":{"_acf_changed":false,"footnotes":""},"categories":[12919],"tags":[],"class_list":["post-63828","post","type-post","status-publish","format-standard","hentry","category-guide-dachat-opel"],"acf":{"page_content":{"block_content":[{"acf_fc_layout":"text-simple","--nav":{"-withNav":false,"-ancre":""},"--group":{"-text":"<h2>Ce qu&rsquo;il faut retenir<\/h2>\n<ul>\n<li><strong>Deux familles de motorisations<\/strong> : l&rsquo;Opel Frontera vous offre le choix entre des versions 100 % \u00e9lectriques (44 kWh ou 54 kWh pour 305 \u00e0 411 km d&rsquo;autonomie WLTP) et des versions hybrides 48 V (101 ou 136 ch) avec bo\u00eete automatique \u00e0 double embrayage ;<\/li>\n<li><strong>Choix selon votre usage<\/strong> : privil\u00e9giez l&rsquo;\u00e9lectrique si vous disposez d&rsquo;une solution de recharge et effectuez principalement des trajets urbains\/p\u00e9riurbains, ou l&rsquo;hybride pour un usage mixte sans contrainte de recharge et la possibilit\u00e9 d&rsquo;opter pour 7 places ;<\/li>\n<li><strong>Accompagnement personnalis\u00e9<\/strong> : nos conseillers BYmyCAR vous guident dans le choix de la motorisation la plus adapt\u00e9e \u00e0 votre profil de conduite, que vous recherchiez l&rsquo;efficience \u00e9nerg\u00e9tique du tout-\u00e9lectrique ou la polyvalence de l&rsquo;hybride.<\/li>\n<\/ul>\n<h2>Gamme de motorisations Opel Frontera<\/h2>\n<h3>Versions \u00e9lectriques<\/h3>\n<p>L&rsquo;Opel Frontera propose deux variantes \u00e9lectriques adapt\u00e9es \u00e0 diff\u00e9rents usages et besoins d&rsquo;autonomie. Le Frontera \u00e9lectrique se distingue par son efficience \u00e9nerg\u00e9tique et sa puissance optimis\u00e9e pour un usage quotidien. Ces versions z\u00e9ro \u00e9mission r\u00e9pondent aux attentes des conducteurs soucieux de leur empreinte environnementale.<\/p>\n<h3>Versions hybrides 48 V<\/h3>\n<p>La gamme hybride du Frontera int\u00e8gre un syst\u00e8me 48 V associant un moteur essence 1.2 turbo \u00e0 un moteur \u00e9lectrique et une bo\u00eete automatique \u00e0 double embrayage \u00e9lectrifi\u00e9e. Cette version hybride offre un excellent compromis entre performances et consommation de carburant au quotidien.<\/p>\n<table>\n<thead>\n<tr>\n<th>Mod\u00e8le<\/th>\n<th>Puissance (ch)<\/th>\n<th>Batterie (kWh)<\/th>\n<th>Autonomie WLTP<\/th>\n<\/tr>\n<\/thead>\n<tbody>\n<tr>\n<td>Frontera Electric<\/td>\n<td>113<\/td>\n<td>44<\/td>\n<td>305 km<\/td>\n<\/tr>\n<tr>\n<td>Frontera Electric Extended Range<\/td>\n<td>113<\/td>\n<td>54<\/td>\n<td>411 km<\/td>\n<\/tr>\n<tr>\n<td>Frontera Hybrid 48 V<\/td>\n<td>101<\/td>\n<td>&#8211;<\/td>\n<td>&#8211;<\/td>\n<\/tr>\n<tr>\n<td>Frontera Hybrid 48 V<\/td>\n<td>136<\/td>\n<td>&#8211;<\/td>\n<td>&#8211;<\/td>\n<\/tr>\n<\/tbody>\n<\/table>\n<p>Ces motorisations ont \u00e9t\u00e9 con\u00e7ues pour r\u00e9pondre aux exigences du cycle WLTP, garantissant des performances r\u00e9elles proches des valeurs annonc\u00e9es. La version Electric Extended Range se d\u00e9marque avec sa batterie de 54 kWh, offrant plus de 100 km d&rsquo;autonomie suppl\u00e9mentaire par rapport \u00e0 la version standard.<\/p>\n<h2>Atouts du Opel Frontera Electric<\/h2>\n<p>Voici les principaux avantages qui font de l&rsquo;Opel Frontera Electric un choix pertinent pour les conducteurs soucieux de l&rsquo;environnement et recherchant une mobilit\u00e9 \u00e9conomique au quotidien :<\/p>\n<ul>\n<li>Z\u00e9ro \u00e9mission de CO\u2082 en circulation, contribuant directement \u00e0 la r\u00e9duction de votre empreinte carbone ;<\/li>\n<li>Consommation \u00e9nerg\u00e9tique optimis\u00e9e entre 15,7 et 18,5 kWh\/100 km selon le cycle WLTP, garantissant un co\u00fbt d&rsquo;utilisation tr\u00e8s avantageux par rapport aux motorisations thermiques ;<\/li>\n<li>La version standard avec batterie de 44 kWh offre une autonomie WLTP de 305 km, id\u00e9ale pour les d\u00e9placements urbains et p\u00e9riurbains quotidiens ;<\/li>\n<li>L&rsquo;Opel Frontera Electric Extended Range, \u00e9quip\u00e9 d&rsquo;une batterie de 54 kWh, propose jusqu&rsquo;\u00e0 411 km d&rsquo;autonomie selon le cycle WLTP, permettant d&rsquo;envisager sereinement des trajets plus longs sans recharge interm\u00e9diaire.<\/li>\n<\/ul>\n<p>Ces caract\u00e9ristiques font du Frontera Electric un v\u00e9hicule particuli\u00e8rement adapt\u00e9 aux conducteurs disposant d&rsquo;une solution de recharge \u00e0 domicile ou au travail, et souhaitant r\u00e9duire significativement leurs co\u00fbts de mobilit\u00e9 tout en pr\u00e9servant l&rsquo;environnement.<\/p>\n<h2>Atouts du Opel Frontera Hybrid 48 V<\/h2>\n<p>La motorisation hybride 48 V s&rsquo;adresse particuli\u00e8rement aux conducteurs recherchant une consommation de carburant optimis\u00e9e sans contrainte de recharge. Voici les principaux avantages de cette technologie :<\/p>\n<ul>\n<li>Le moteur 1.2 turbo essence fonctionne selon un cycle Miller optimis\u00e9, offrant une puissance de 101 ch ou 136 ch, assist\u00e9 par un moteur \u00e9lectrique de 21 kW int\u00e9gr\u00e9 \u00e0 une bo\u00eete automatique \u00e0 double embrayage pour un rendement et une souplesse am\u00e9lior\u00e9s ;<\/li>\n<li>Le syst\u00e8me permet de rouler ponctuellement en tout-\u00e9lectrique \u00e0 basse vitesse et de \u00ab sailer \u00bb moteur coup\u00e9, r\u00e9duisant ainsi la consommation de carburant de mani\u00e8re significative ;<\/li>\n<li>Cette version hybride est la seule compatible avec la configuration 7 places, id\u00e9ale pour les familles nombreuses ou le covoiturage scolaire.<\/li>\n<\/ul>\n<p>Cette motorisation offre ainsi un excellent compromis entre performances, \u00e9conomies au quotidien et polyvalence familiale.<\/p>\n<h2>Quelle motorisation pour quel profil ?<\/h2>\n<p>Le choix de la motorisation de votre Opel Frontera d\u00e9pend essentiellement de votre profil d&rsquo;utilisation, de votre acc\u00e8s aux infrastructures de recharge et de vos priorit\u00e9s en mati\u00e8re d&rsquo;\u00e9missions de CO\u2082. <\/p>\n<p>Ce <a data-mce-href=\"https:\/\/www.bymycar.fr\/v\/suv\" href=\"https:\/\/www.bymycar.fr\/v\/suv\">SUV<\/a> compact offre des solutions adapt\u00e9es \u00e0 tous les conducteurs :<\/p>\n<ul>\n<li>Profil urbain avec acc\u00e8s \u00e0 une borne : l&rsquo;Opel Frontera Electric 44 kWh est id\u00e9al avec ses 305 km d&rsquo;autonomie WLTP et sa consommation optimis\u00e9e pour les trajets quotidiens ;<\/li>\n<li>Grand routier avec possibilit\u00e9 de recharge rapide : optez pour le Frontera Electric Extended Range 54 kWh et ses 411 km d&rsquo;autonomie WLTP pour limiter les arr\u00eats ;<\/li>\n<li>Usage mixte sans solution de recharge : le Frontera Hybrid 48 V (101 ou 136 ch) repr\u00e9sente un excellent compromis, avec sa bo\u00eete automatique \u00e9lectrifi\u00e9e et ses \u00e9missions de CO\u2082 r\u00e9duites.<\/li>\n<\/ul>\n<table>\n<thead>\n<tr>\n<th>Profil d&rsquo;utilisation<\/th>\n<th>Motorisation conseill\u00e9e<\/th>\n<\/tr>\n<\/thead>\n<tbody>\n<tr>\n<td>Urbain\/p\u00e9riurbain<\/td>\n<td>Frontera Electric 44 kWh<\/td>\n<\/tr>\n<tr>\n<td>Routier fr\u00e9quent<\/td>\n<td>Frontera Electric 54 kWh<\/td>\n<\/tr>\n<tr>\n<td>Mixte sans recharge<\/td>\n<td>Frontera Hybrid 48 V 101 ch<\/td>\n<\/tr>\n<tr>\n<td>Polyvalent dynamique<\/td>\n<td>Frontera Hybrid 48 V 136 ch<\/td>\n<\/tr>\n<\/tbody>\n<\/table>\n<p>Pour d\u00e9terminer le v\u00e9hicule qui correspond parfaitement \u00e0 vos besoins, nos conseillers BYmyCAR sont \u00e0 votre disposition pour vous orienter vers la motorisation la plus adapt\u00e9e \u00e0 votre style de vie.<\/p>\n<h2>Design moderne et dimensions du nouvel Opel Frontera 2025<\/h2>\n<h3>Design ext\u00e9rieur<\/h3>\n<p>Le nouvel Opel Frontera 2025 arbore un design moderne et \u00e9pur\u00e9, affirmant sa robustesse avec des lignes horizontales marqu\u00e9es. Sa face avant se distingue par la calandre embl\u00e9matique Vizor d&rsquo;<a data-mce-href=\"https:\/\/www.bymycar.fr\/marques\/opel\" href=\"https:\/\/www.bymycar.fr\/marques\/opel\">Opel<\/a>, tandis que les ou\u00efes lat\u00e9rales encadrent harmonieusement le bouclier. \u00c0 l&rsquo;arri\u00e8re, les feux divis\u00e9s en deux parties et le nom du mod\u00e8le inscrit sous le blitz compl\u00e8tent son allure dynamique. Des barres de toit fonctionnelles renforcent son caract\u00e8re polyvalent et aventurier.<\/p>\n<h3>Dimensions et empattement<\/h3>\n<p>Avec ses 4,38 m\u00e8tres de longueur, 1,795 m\u00e8tre de largeur et 1,635 m\u00e8tre de hauteur, le Frontera offre un espace int\u00e9rieur g\u00e9n\u00e9reux malgr\u00e9 des dimensions compactes. Son empattement optimis\u00e9 assure une excellente habitabilit\u00e9. Le coffre propose une capacit\u00e9 de 460 litres avec la banquette arri\u00e8re en place, pouvant atteindre jusqu&rsquo;\u00e0 1 600 litres une fois les si\u00e8ges rabattus en configuration 60\/40.<\/p>\n<h3>Finitions GS et \u00c9dition<\/h3>\n<p>Le nouvel Opel Frontera se d\u00e9cline en deux finitions distinctes. La version \u00c9dition constitue l&rsquo;entr\u00e9e de gamme avec des \u00e9quipements essentiels comme les phares Eco LED. La finition GS enrichit l&rsquo;exp\u00e9rience avec un \u00e9cran tactile de 10 pouces et propose, exclusivement sur la version hybride, une configuration 7 places optionnelle pour une flexibilit\u00e9 familiale accrue.<\/p>\n<h2>Vie \u00e0 bord : int\u00e9rieur et technologies connect\u00e9es<\/h2>\n<h3>Habitacle et si\u00e8ges<\/h3>\n<p>L&rsquo;Opel Frontera propose un habitacle moderne et fonctionnel avec une planche de bord \u00e9pur\u00e9e aux lignes horizontales qui \u00e9largissent visuellement l&rsquo;espace. La console centrale int\u00e8gre un chargeur sans fil r\u00e9frig\u00e9r\u00e9 pour smartphone et plusieurs prises USB-C strat\u00e9giquement r\u00e9parties. Face au passager, un rangement tout en longueur compl\u00e8te les nombreux espaces de stockage, dont certains sont dot\u00e9s d&rsquo;un rev\u00eatement en caoutchouc antid\u00e9rapant. Les si\u00e8ges ergonomiques Intelli-Seats offrent un maintien optimal, tandis que les passagers arri\u00e8re b\u00e9n\u00e9ficient de poches d\u00e9di\u00e9es aux smartphones sur les dossiers avant.<\/p>\n<h3>Connectivit\u00e9 et aides \u00e0 la conduite<\/h3>\n<p>L&rsquo;\u00e9cran d&rsquo;instrumentation num\u00e9rique de 10 pouces s&rsquo;accompagne d&rsquo;un \u00e9cran tactile central de m\u00eame taille, compatible Apple CarPlay et Android Auto sans fil pour une int\u00e9gration parfaite de votre smartphone. Le syst\u00e8me multim\u00e9dia intuitif permet d&rsquo;acc\u00e9der facilement aux fonctions de navigation et de divertissement. C\u00f4t\u00e9 s\u00e9curit\u00e9, la cam\u00e9ra de recul grand angle \u00e0 130\u00b0 facilite les man\u0153uvres, compl\u00e9t\u00e9e par des aides au stationnement avant et arri\u00e8re et une alerte d&rsquo;angle mort. Chez BYmyCAR, nos conseillers vous guideront pour ma\u00eetriser l&rsquo;ergonomie intuitive de ce SUV qui simplifie votre quotidien.<\/p>\n<h2>FAQ Opel Frontera motorisations<\/h2>\n<h3>Quel moteur \u00e9quipe l&rsquo;Opel Frontera ?<\/h3>\n<p>L&rsquo;Opel Frontera est propos\u00e9 avec plusieurs motorisations : une version 100 % \u00e9lectrique (Frontera Electric) disponible en deux capacit\u00e9s de batterie (44 kWh et 54 kWh), et une version hybride essence 1.2 turbo 48 V de 101 ch ou 136 ch offrant un excellent compromis entre performance et efficience.<\/p>\n<h3>L&rsquo;Opel Frontera est-elle disponible en 4&#215;4 ?<\/h3>\n<p>Non, le mod\u00e8le actuel de l&rsquo;Opel Frontera n&rsquo;est pas disponible en configuration 4&#215;4. Ce v\u00e9hicule a \u00e9t\u00e9 con\u00e7u comme un SUV familial polyvalent privil\u00e9giant l&rsquo;espace int\u00e9rieur et l&rsquo;efficience \u00e9nerg\u00e9tique, parfaitement adapt\u00e9 aux usages quotidiens et aux d\u00e9placements routiers.<\/p>\n<h3>Quelle autonomie pour l&rsquo;Opel Frontera \u00e9lectrique ?<\/h3>\n<p>L&rsquo;Opel Frontera Electric offre une autonomie de 305 km selon le cycle WLTP avec la batterie standard de 44 kWh, tandis que la version Extended Range avec batterie de 54 kWh atteint jusqu&rsquo;\u00e0 411 km d&rsquo;autonomie WLTP pour une utilisation plus polyvalente et des trajets plus longs en toute s\u00e9r\u00e9nit\u00e9.<\/p>\n<h3>Combien de places propose l&rsquo;Opel Frontera ?<\/h3>\n<p>L&rsquo;Opel Frontera propose de s\u00e9rie 5 places confortables avec un habitacle spacieux et modulable. Une configuration 7 places est disponible en option sur certaines finitions de la version hybride, id\u00e9ale pour les familles nombreuses ou pour les besoins de covoiturage.<\/p>\n<h3>Quelle puissance pour la version hybride ?<\/h3>\n<p>La version hybride de l&rsquo;Opel Frontera est \u00e9quip\u00e9e d&rsquo;un moteur 1.2 turbo associ\u00e9 \u00e0 un syst\u00e8me 48 V disponible en deux niveaux de puissance : 101 ch et 136 ch. Ces deux variantes offrent un excellent \u00e9quilibre entre performances dynamiques et sobri\u00e9t\u00e9 au quotidien.<\/p>\n<h2>Pour en savoir plus<\/h2>\n<h3>Sources :<\/h3>\n<ul>\n<li><a href=\"https:\/\/www.opel.fr\/vehicules\/frontera\/frontera-bev\/overview.html\" target=\"_blank\" data-mce-href=\"https:\/\/www.opel.fr\/vehicules\/frontera\/frontera-bev\/overview.html\">Opel Frontera | SUV 100% \u00e9lectrique ou hybride<\/a>\u200b<\/li>\n<li><a href=\"https:\/\/www.media.stellantis.com\/em-en\/opel\/press\/opel-frontera-electric-now-with-100-kilometres-more-range\" target=\"_blank\" data-mce-href=\"https:\/\/www.media.stellantis.com\/em-en\/opel\/press\/opel-frontera-electric-now-with-100-kilometres-more-range\">Opel Frontera Electric: Now with 100 Kilometres More Range<\/a>\u200b<\/li>\n<li><a href=\"https:\/\/www.media.stellantis.com\/me-en\/opel\/press\/practical-efficient-electrified-the-new-opel-hybrids-with-48-volt-technology\" target=\"_blank\" data-mce-href=\"https:\/\/www.media.stellantis.com\/me-en\/opel\/press\/practical-efficient-electrified-the-new-opel-hybrids-with-48-volt-technology\">Practical, Efficient, Electrified: The New Opel Hybrids With 48-Volt Technology<\/a><\/li>\n<\/ul>\n"}}]},"introduction":"<p>Le nouvel <a data-mce-href=\"https:\/\/www.bymycar.fr\/v\/opel-frontera\" href=\"https:\/\/www.bymycar.fr\/v\/opel-frontera\">Opel Frontera<\/a> est propos\u00e9 en deux grandes familles de motorisations : 100 % \u00e9lectrique (Frontera Electric) et hybride essence 48 V (Frontera Hybrid). Votre choix entre ces motorisations d\u00e9pendra principalement de votre usage quotidien, de votre acc\u00e8s \u00e0 la recharge et de vos priorit\u00e9s en mati\u00e8re de co\u00fbt, d&rsquo;agr\u00e9ment et d&rsquo;\u00e9missions. D\u00e9couvrons ensemble les sp\u00e9cificit\u00e9s de cette gamme pour vous aider \u00e0 trouver la motorisation id\u00e9ale.<\/p>\n","add-carousel-to-footer":true},"yoast_head":"<!-- This site is optimized with the Yoast SEO Premium plugin v26.4 (Yoast SEO v26.4) - https:\/\/yoast.com\/wordpress\/plugins\/seo\/ -->\n<title>Quelle motorisation choisir pour mon Opel Frontera ?<\/title>\n<meta name=\"description\" content=\"D\u00e9couvrez quelle motorisation Opel Frontera choisir : \u00e9lectrique ou hybride, autonomie, design et conseils d&#039;usage.\" \/>\n<meta name=\"robots\" content=\"index, follow, max-snippet:-1, max-image-preview:large, max-video-preview:-1\" \/>\n<link rel=\"canonical\" href=\"https:\/\/www.bymycar.fr\/webzine\/quelle-motorisation-choisir-pour-mon-opel-frontera\/\" \/>\n<meta property=\"og:locale\" content=\"fr_FR\" \/>\n<meta property=\"og:type\" content=\"article\" \/>\n<meta property=\"og:title\" content=\"Quelle motorisation choisir pour mon Opel Frontera ?\" \/>\n<meta property=\"og:description\" content=\"D\u00e9couvrez quelle motorisation Opel Frontera choisir : \u00e9lectrique ou hybride, autonomie, design et conseils d&#039;usage.\" \/>\n<meta property=\"og:url\" content=\"https:\/\/www.bymycar.fr\/webzine\/quelle-motorisation-choisir-pour-mon-opel-frontera\/\" \/>\n<meta property=\"og:site_name\" content=\"Webzine auto BYmyCAR\" \/>\n<meta property=\"article:published_time\" content=\"2026-01-10T00:00:00+00:00\" \/>\n<meta property=\"article:modified_time\" content=\"2026-01-12T08:14:28+00:00\" \/>\n<meta name=\"author\" content=\"La R\u00e9daction BYmyCAR\" \/>\n<meta name=\"twitter:card\" content=\"summary_large_image\" \/>\n<meta name=\"twitter:label1\" content=\"\u00c9crit par\" \/>\n\t<meta name=\"twitter:data1\" content=\"La R\u00e9daction BYmyCAR\" \/>\n<script type=\"application\/ld+json\" class=\"yoast-schema-graph\">{\"@context\":\"https:\/\/schema.org\",\"@graph\":[{\"@type\":\"Article\",\"@id\":\"https:\/\/www.bymycar.fr\/webzine\/quelle-motorisation-choisir-pour-mon-opel-frontera\/#article\",\"isPartOf\":{\"@id\":\"https:\/\/www.bymycar.fr\/webzine\/quelle-motorisation-choisir-pour-mon-opel-frontera\/\"},\"author\":{\"name\":\"La R\u00e9daction BYmyCAR\",\"@id\":\"https:\/\/www.bymycar.fr\/webzine\/#\/schema\/person\/8d570fe11eb8929f06c1e6d00f4d9689\"},\"headline\":\"Quelle motorisation choisir pour mon Opel Frontera ?\",\"datePublished\":\"2026-01-10T00:00:00+00:00\",\"dateModified\":\"2026-01-12T08:14:28+00:00\",\"mainEntityOfPage\":{\"@id\":\"https:\/\/www.bymycar.fr\/webzine\/quelle-motorisation-choisir-pour-mon-opel-frontera\/\"},\"wordCount\":7,\"publisher\":{\"@id\":\"https:\/\/www.bymycar.fr\/webzine\/#organization\"},\"articleSection\":[\"Guide d'achat Opel\"],\"inLanguage\":\"fr-FR\"},{\"@type\":\"WebPage\",\"@id\":\"https:\/\/www.bymycar.fr\/webzine\/quelle-motorisation-choisir-pour-mon-opel-frontera\/\",\"url\":\"https:\/\/www.bymycar.fr\/webzine\/quelle-motorisation-choisir-pour-mon-opel-frontera\/\",\"name\":\"Quelle motorisation choisir pour mon Opel Frontera ?\",\"isPartOf\":{\"@id\":\"https:\/\/www.bymycar.fr\/webzine\/#website\"},\"datePublished\":\"2026-01-10T00:00:00+00:00\",\"dateModified\":\"2026-01-12T08:14:28+00:00\",\"description\":\"D\u00e9couvrez quelle motorisation Opel Frontera choisir : \u00e9lectrique ou hybride, autonomie, design et conseils d'usage.\",\"breadcrumb\":{\"@id\":\"https:\/\/www.bymycar.fr\/webzine\/quelle-motorisation-choisir-pour-mon-opel-frontera\/#breadcrumb\"},\"inLanguage\":\"fr-FR\",\"potentialAction\":[{\"@type\":\"ReadAction\",\"target\":[\"https:\/\/www.bymycar.fr\/webzine\/quelle-motorisation-choisir-pour-mon-opel-frontera\/\"]}]},{\"@type\":\"BreadcrumbList\",\"@id\":\"https:\/\/www.bymycar.fr\/webzine\/quelle-motorisation-choisir-pour-mon-opel-frontera\/#breadcrumb\",\"itemListElement\":[{\"@type\":\"ListItem\",\"position\":1,\"name\":\"Accueil\",\"item\":\"https:\/\/www.bymycar.fr\/webzine\/\"},{\"@type\":\"ListItem\",\"position\":2,\"name\":\"Quelle motorisation choisir pour mon Opel Frontera ?\"}]},{\"@type\":\"WebSite\",\"@id\":\"https:\/\/www.bymycar.fr\/webzine\/#website\",\"url\":\"https:\/\/www.bymycar.fr\/webzine\/\",\"name\":\"Webzine auto BYmyCAR\",\"description\":\"La magazine auto de BYmyCAR\",\"publisher\":{\"@id\":\"https:\/\/www.bymycar.fr\/webzine\/#organization\"},\"potentialAction\":[{\"@type\":\"SearchAction\",\"target\":{\"@type\":\"EntryPoint\",\"urlTemplate\":\"https:\/\/www.bymycar.fr\/webzine\/?s={search_term_string}\"},\"query-input\":{\"@type\":\"PropertyValueSpecification\",\"valueRequired\":true,\"valueName\":\"search_term_string\"}}],\"inLanguage\":\"fr-FR\"},{\"@type\":\"Organization\",\"@id\":\"https:\/\/www.bymycar.fr\/webzine\/#organization\",\"name\":\"BYmyCAR\",\"url\":\"https:\/\/www.bymycar.fr\/webzine\/\",\"logo\":{\"@type\":\"ImageObject\",\"inLanguage\":\"fr-FR\",\"@id\":\"https:\/\/www.bymycar.fr\/webzine\/#\/schema\/logo\/image\/\",\"url\":\"https:\/\/cdn.bymycar.eu\/fr-webzine\/wp-content\/uploads\/medias\/2017\/08\/logo_DEALER_00000406_001.png\",\"contentUrl\":\"https:\/\/cdn.bymycar.eu\/fr-webzine\/wp-content\/uploads\/medias\/2017\/08\/logo_DEALER_00000406_001.png\",\"width\":2132,\"height\":720,\"caption\":\"BYmyCAR\"},\"image\":{\"@id\":\"https:\/\/www.bymycar.fr\/webzine\/#\/schema\/logo\/image\/\"}},{\"@type\":\"Person\",\"@id\":\"https:\/\/www.bymycar.fr\/webzine\/#\/schema\/person\/8d570fe11eb8929f06c1e6d00f4d9689\",\"name\":\"La R\u00e9daction BYmyCAR\",\"image\":{\"@type\":\"ImageObject\",\"inLanguage\":\"fr-FR\",\"@id\":\"https:\/\/www.bymycar.fr\/webzine\/#\/schema\/person\/image\/\",\"url\":\"https:\/\/secure.gravatar.com\/avatar\/1aa6b039d0ce106989923af4e2d0f2a0c82bb070d5e449f1b9adf082a5863900?s=96&d=mm&r=g\",\"contentUrl\":\"https:\/\/secure.gravatar.com\/avatar\/1aa6b039d0ce106989923af4e2d0f2a0c82bb070d5e449f1b9adf082a5863900?s=96&d=mm&r=g\",\"caption\":\"La R\u00e9daction BYmyCAR\"},\"sameAs\":[\"https:\/\/www.bymycar.fr\/\"]}]}<\/script>\n<!-- \/ Yoast SEO Premium plugin. -->","yoast_head_json":{"title":"Quelle motorisation choisir pour mon Opel Frontera ?","description":"D\u00e9couvrez quelle motorisation Opel Frontera choisir : \u00e9lectrique ou hybride, autonomie, design et conseils d'usage.","robots":{"index":"index","follow":"follow","max-snippet":"max-snippet:-1","max-image-preview":"max-image-preview:large","max-video-preview":"max-video-preview:-1"},"canonical":"https:\/\/www.bymycar.fr\/webzine\/quelle-motorisation-choisir-pour-mon-opel-frontera\/","og_locale":"fr_FR","og_type":"article","og_title":"Quelle motorisation choisir pour mon Opel Frontera ?","og_description":"D\u00e9couvrez quelle motorisation Opel Frontera choisir : \u00e9lectrique ou hybride, autonomie, design et conseils d'usage.","og_url":"https:\/\/www.bymycar.fr\/webzine\/quelle-motorisation-choisir-pour-mon-opel-frontera\/","og_site_name":"Webzine auto BYmyCAR","article_published_time":"2026-01-10T00:00:00+00:00","article_modified_time":"2026-01-12T08:14:28+00:00","author":"La R\u00e9daction BYmyCAR","twitter_card":"summary_large_image","twitter_misc":{"\u00c9crit par":"La R\u00e9daction BYmyCAR"},"schema":{"@context":"https:\/\/schema.org","@graph":[{"@type":"Article","@id":"https:\/\/www.bymycar.fr\/webzine\/quelle-motorisation-choisir-pour-mon-opel-frontera\/#article","isPartOf":{"@id":"https:\/\/www.bymycar.fr\/webzine\/quelle-motorisation-choisir-pour-mon-opel-frontera\/"},"author":{"name":"La R\u00e9daction BYmyCAR","@id":"https:\/\/www.bymycar.fr\/webzine\/#\/schema\/person\/8d570fe11eb8929f06c1e6d00f4d9689"},"headline":"Quelle motorisation choisir pour mon Opel Frontera ?","datePublished":"2026-01-10T00:00:00+00:00","dateModified":"2026-01-12T08:14:28+00:00","mainEntityOfPage":{"@id":"https:\/\/www.bymycar.fr\/webzine\/quelle-motorisation-choisir-pour-mon-opel-frontera\/"},"wordCount":7,"publisher":{"@id":"https:\/\/www.bymycar.fr\/webzine\/#organization"},"articleSection":["Guide d'achat Opel"],"inLanguage":"fr-FR"},{"@type":"WebPage","@id":"https:\/\/www.bymycar.fr\/webzine\/quelle-motorisation-choisir-pour-mon-opel-frontera\/","url":"https:\/\/www.bymycar.fr\/webzine\/quelle-motorisation-choisir-pour-mon-opel-frontera\/","name":"Quelle motorisation choisir pour mon Opel Frontera ?","isPartOf":{"@id":"https:\/\/www.bymycar.fr\/webzine\/#website"},"datePublished":"2026-01-10T00:00:00+00:00","dateModified":"2026-01-12T08:14:28+00:00","description":"D\u00e9couvrez quelle motorisation Opel Frontera choisir : \u00e9lectrique ou hybride, autonomie, design et conseils d'usage.","breadcrumb":{"@id":"https:\/\/www.bymycar.fr\/webzine\/quelle-motorisation-choisir-pour-mon-opel-frontera\/#breadcrumb"},"inLanguage":"fr-FR","potentialAction":[{"@type":"ReadAction","target":["https:\/\/www.bymycar.fr\/webzine\/quelle-motorisation-choisir-pour-mon-opel-frontera\/"]}]},{"@type":"BreadcrumbList","@id":"https:\/\/www.bymycar.fr\/webzine\/quelle-motorisation-choisir-pour-mon-opel-frontera\/#breadcrumb","itemListElement":[{"@type":"ListItem","position":1,"name":"Accueil","item":"https:\/\/www.bymycar.fr\/webzine\/"},{"@type":"ListItem","position":2,"name":"Quelle motorisation choisir pour mon Opel Frontera ?"}]},{"@type":"WebSite","@id":"https:\/\/www.bymycar.fr\/webzine\/#website","url":"https:\/\/www.bymycar.fr\/webzine\/","name":"Webzine auto BYmyCAR","description":"La magazine auto de BYmyCAR","publisher":{"@id":"https:\/\/www.bymycar.fr\/webzine\/#organization"},"potentialAction":[{"@type":"SearchAction","target":{"@type":"EntryPoint","urlTemplate":"https:\/\/www.bymycar.fr\/webzine\/?s={search_term_string}"},"query-input":{"@type":"PropertyValueSpecification","valueRequired":true,"valueName":"search_term_string"}}],"inLanguage":"fr-FR"},{"@type":"Organization","@id":"https:\/\/www.bymycar.fr\/webzine\/#organization","name":"BYmyCAR","url":"https:\/\/www.bymycar.fr\/webzine\/","logo":{"@type":"ImageObject","inLanguage":"fr-FR","@id":"https:\/\/www.bymycar.fr\/webzine\/#\/schema\/logo\/image\/","url":"https:\/\/cdn.bymycar.eu\/fr-webzine\/wp-content\/uploads\/medias\/2017\/08\/logo_DEALER_00000406_001.png","contentUrl":"https:\/\/cdn.bymycar.eu\/fr-webzine\/wp-content\/uploads\/medias\/2017\/08\/logo_DEALER_00000406_001.png","width":2132,"height":720,"caption":"BYmyCAR"},"image":{"@id":"https:\/\/www.bymycar.fr\/webzine\/#\/schema\/logo\/image\/"}},{"@type":"Person","@id":"https:\/\/www.bymycar.fr\/webzine\/#\/schema\/person\/8d570fe11eb8929f06c1e6d00f4d9689","name":"La R\u00e9daction BYmyCAR","image":{"@type":"ImageObject","inLanguage":"fr-FR","@id":"https:\/\/www.bymycar.fr\/webzine\/#\/schema\/person\/image\/","url":"https:\/\/secure.gravatar.com\/avatar\/1aa6b039d0ce106989923af4e2d0f2a0c82bb070d5e449f1b9adf082a5863900?s=96&d=mm&r=g","contentUrl":"https:\/\/secure.gravatar.com\/avatar\/1aa6b039d0ce106989923af4e2d0f2a0c82bb070d5e449f1b9adf082a5863900?s=96&d=mm&r=g","caption":"La R\u00e9daction BYmyCAR"},"sameAs":["https:\/\/www.bymycar.fr\/"]}]}},"_links":{"self":[{"href":"https:\/\/www.bymycar.fr\/webzine\/wp-json\/wp\/v2\/posts\/63828","targetHints":{"allow":["GET"]}}],"collection":[{"href":"https:\/\/www.bymycar.fr\/webzine\/wp-json\/wp\/v2\/posts"}],"about":[{"href":"https:\/\/www.bymycar.fr\/webzine\/wp-json\/wp\/v2\/types\/post"}],"author":[{"embeddable":true,"href":"https:\/\/www.bymycar.fr\/webzine\/wp-json\/wp\/v2\/users\/88"}],"replies":[{"embeddable":true,"href":"https:\/\/www.bymycar.fr\/webzine\/wp-json\/wp\/v2\/comments?post=63828"}],"version-history":[{"count":1,"href":"https:\/\/www.bymycar.fr\/webzine\/wp-json\/wp\/v2\/posts\/63828\/revisions"}],"predecessor-version":[{"id":63932,"href":"https:\/\/www.bymycar.fr\/webzine\/wp-json\/wp\/v2\/posts\/63828\/revisions\/63932"}],"wp:attachment":[{"href":"https:\/\/www.bymycar.fr\/webzine\/wp-json\/wp\/v2\/media?parent=63828"}],"wp:term":[{"taxonomy":"category","embeddable":true,"href":"https:\/\/www.bymycar.fr\/webzine\/wp-json\/wp\/v2\/categories?post=63828"},{"taxonomy":"post_tag","embeddable":true,"href":"https:\/\/www.bymycar.fr\/webzine\/wp-json\/wp\/v2\/tags?post=63828"}],"curies":[{"name":"wp","href":"https:\/\/api.w.org\/{rel}","templated":true}]}}