{"id":63826,"date":"2026-01-10T00:00:00","date_gmt":"2026-01-10T00:00:00","guid":{"rendered":"https:\/\/www.bymycar.fr\/webzine\/?p=63826"},"modified":"2026-01-12T09:14:27","modified_gmt":"2026-01-12T08:14:27","slug":"dimensions-confort-interieur-de-lopel-frontera","status":"publish","type":"post","link":"https:\/\/www.bymycar.fr\/webzine\/dimensions-confort-interieur-de-lopel-frontera\/","title":{"rendered":"Dimensions et confort int\u00e9rieur de l&rsquo;Opel Frontera"},"content":{"rendered":"","protected":false},"excerpt":{"rendered":"","protected":false},"author":88,"featured_media":0,"comment_status":"closed","ping_status":"open","sticky":false,"template":"","format":"standard","meta":{"_acf_changed":false,"footnotes":""},"categories":[12919],"tags":[],"class_list":["post-63826","post","type-post","status-publish","format-standard","hentry","category-guide-dachat-opel"],"acf":{"page_content":{"block_content":[{"acf_fc_layout":"text-simple","--nav":{"-withNav":false,"-ancre":""},"--group":{"-text":"<h2>Ce qu&rsquo;il faut retenir<\/h2>\n<ul>\n<li><strong>Dimensions optimis\u00e9es<\/strong> : Avec 4,38 m de long et un empattement de 2,67 m, l&rsquo;Opel Frontera maximise l&rsquo;espace int\u00e9rieur dans un format compact urbain<\/li>\n<li><strong>Habitabilit\u00e9 g\u00e9n\u00e9reuse<\/strong> : Espace remarquable aux deux rang\u00e9es, option 7 places disponible, et si\u00e8ges Intelli-Seats ergonomiques pour un confort optimal<\/li>\n<li><strong>Modularit\u00e9 exceptionnelle<\/strong> : Volume de coffre de 460 \u00e0 1 600 litres, technologies connect\u00e9es (\u00e9cran 10&Prime;, Apple CarPlay sans fil) et motorisations \u00e9lectrifi\u00e9es<\/li>\n<\/ul>\n<h2>Dimensions ext\u00e9rieures du SUV Frontera : pr\u00eat pour le 4&#215;4 urbain<\/h2>\n<p>Avec environ 4,38 m de long, 1 849 mm de large (hors r\u00e9troviseurs) et une hauteur proche de 1,64 m, l&rsquo;Opel Frontera s&rsquo;inscrit parfaitement parmi les nouveaux <a data-mce-href=\"https:\/\/www.bymycar.fr\/v\/suv\" href=\"https:\/\/www.bymycar.fr\/v\/suv\">SUV<\/a> compacts tout en maximisant l&rsquo;espace int\u00e9rieur utile. Ce v\u00e9hicule se distingue par sa silhouette aux lignes droites, ses flancs verticaux et sa lunette arri\u00e8re quasi verticale qui permettent d&rsquo;optimiser l&rsquo;espace pour la t\u00eate et les \u00e9paules aux deux rang\u00e9es.<\/p>\n<p>Voici les principaux atouts de ses dimensions :<\/p>\n<ul>\n<li>Empattement d&rsquo;un peu plus de 2,67 m, favorable \u00e0 l&rsquo;espace aux jambes arri\u00e8re ;<\/li>\n<li>Garde au toit optimis\u00e9e par un pavillon peu plongeant, id\u00e9ale pour les adultes de grande taille ;<\/li>\n<li>Largeur suffisante pour accueillir deux si\u00e8ges enfants et un passager au centre sur la banquette.<\/li>\n<\/ul>\n<p>Ces caract\u00e9ristiques font du Frontera un mod\u00e8le particuli\u00e8rement adapt\u00e9 aux familles actives recherchant un v\u00e9hicule polyvalent.<\/p>\n<table>\n<thead>\n<tr>\n<th>Longueur<\/th>\n<th>Largeur<\/th>\n<th>Hauteur<\/th>\n<\/tr>\n<\/thead>\n<tbody>\n<tr>\n<td>4 385 mm<\/td>\n<td>1 849 mm<\/td>\n<td>1 635 mm<\/td>\n<\/tr>\n<\/tbody>\n<\/table>\n<h2>Espace avant : ergonomie et rangements<\/h2>\n<p>\u00c0 l&rsquo;avant, le Frontera propose une planche de bord \u00e9pur\u00e9e avec instrumentation num\u00e9rique et \u00e9cran central facilement lisibles, orient\u00e9s vers le conducteur. La position de conduite l\u00e9g\u00e8rement sur\u00e9lev\u00e9e et le pare-brise assez vertical am\u00e9liorent la visibilit\u00e9 et le sentiment d&rsquo;espace dans ce v\u00e9hicule pens\u00e9 pour le confort quotidien.<\/p>\n<p>Voici les atouts de ce mod\u00e8le \u00e0 l&rsquo;avant :<\/p>\n<ul>\n<li>Si\u00e8ges avant ergonomiques de type Intelli-Seats (selon versions), con\u00e7us pour limiter la fatigue lombaire sur les longs trajets ;<\/li>\n<li>Nombreux rangements : grands bacs de porte, console centrale profonde, vide-poches et bo\u00eete \u00e0 gants g\u00e9n\u00e9reuse ;<\/li>\n<li>R\u00e9glages multiples de si\u00e8ge et de volant permettant d&rsquo;accueillir des gabarits vari\u00e9s.<\/li>\n<\/ul>\n<h3>Technologies embarqu\u00e9es : \u00e9cran tactile et connectivit\u00e9 sans fil<\/h3>\n<p>Le pack technologique du Frontera impressionne avec son \u00e9cran tactile de 10 pouces intuitif, offrant une interface claire et r\u00e9active. Ce syst\u00e8me multim\u00e9dia moderne est compatible avec Android Auto et Apple CarPlay sans fil, vous permettant de profiter de vos applications favorites sans c\u00e2ble. La connectivit\u00e9 est renforc\u00e9e par la pr\u00e9sence de ports USB-C et d&rsquo;un chargeur \u00e0 induction pour smartphone sur les versions les mieux \u00e9quip\u00e9es.<\/p>\n<h2>Confort arri\u00e8re et option 7 places de l&rsquo;Opel Frontera 2025<\/h2>\n<p>\u00c0 l&rsquo;arri\u00e8re, l&rsquo;<a href=\"https:\/\/www.bymycar.fr\/v\/opel-frontera-2025\" data-mce-href=\"https:\/\/www.bymycar.fr\/v\/opel-frontera-2025\">Opel Frontera 2025<\/a> offre un espace remarquable gr\u00e2ce \u00e0 son empattement de 2,67 m et sa carrosserie aux formes droites. Ce v\u00e9hicule compact se distingue par sa polyvalence, particuli\u00e8rement appr\u00e9ci\u00e9e des familles nombreuses avec son option 7 places disponible sur la finition GS en version hybride.<\/p>\n<p>Voici les atouts du confort arri\u00e8re :<\/p>\n<ul>\n<li>Espace aux jambes et \u00e0 la t\u00eate g\u00e9n\u00e9reux, m\u00eame pour des passagers d\u00e9passant 1,80 m, rare dans cette cat\u00e9gorie de SUV ;<\/li>\n<li>Banquette arri\u00e8re fractionnable 60\/40, permettant d&rsquo;adapter l&rsquo;espace selon vos besoins de transport de passagers ou de bagages ;<\/li>\n<li>Troisi\u00e8me rang\u00e9e facilement accessible avec deux strapontins repliables, id\u00e9ale pour les enfants lors des trajets occasionnels ;<\/li>\n<li>\u00c9quipements pratiques sur les versions sup\u00e9rieures : prises USB-C et supports pour smartphone int\u00e9gr\u00e9s aux appuis-t\u00eate.<\/li>\n<\/ul>\n<p>Ce SUV compact conjugue parfaitement habitabilit\u00e9 g\u00e9n\u00e9reuse et dimensions ext\u00e9rieures ma\u00eetris\u00e9es, faisant du Frontera un choix judicieux pour les d\u00e9placements quotidiens comme pour les voyages en famille.<\/p>\n<h2>Volume de coffre et modularit\u00e9<\/h2>\n<p>Le volume de coffre est l&rsquo;un des points forts de l&rsquo;<a data-mce-href=\"https:\/\/www.bymycar.fr\/marques\/opel\" href=\"https:\/\/www.bymycar.fr\/marques\/opel\">Opel<\/a> Frontera, offrant une capacit\u00e9 exceptionnelle qui en fait le meilleur choix pour les familles nombreuses et la conduite urbaine. Avec ses 460 litres en configuration 5 places, ce v\u00e9hicule polyvalent r\u00e9pond parfaitement aux besoins quotidiens comme aux d\u00e9parts en vacances.<\/p>\n<p>Voici les atouts qui distinguent le coffre du Frontera :<\/p>\n<ul>\n<li>Capacit\u00e9 g\u00e9n\u00e9reuse de 460 litres permettant de transporter plusieurs valises et une poussette sans difficult\u00e9 ;<\/li>\n<li>Volume extensible jusqu&rsquo;\u00e0 1 600 litres avec banquette rabattue, id\u00e9al pour les objets longs jusqu&rsquo;\u00e0 1,95 m ;<\/li>\n<li>Pack 7 places disponible en option sur la finition GS (version hybride uniquement), pour une modularit\u00e9 maximale ;<\/li>\n<li>Seuil de chargement bas (environ 77 cm) facilitant l&rsquo;acc\u00e8s au coffre pour tous les types de chargements.<\/li>\n<\/ul>\n<p>Cette modularit\u00e9 exceptionnelle fait du Frontera un v\u00e9hicule particuli\u00e8rement adapt\u00e9 aux familles recherchant un SUV compact mais g\u00e9n\u00e9reux en espace de chargement.<\/p>\n<h2>Ambiance int\u00e9rieure et confort de roulage : plaisir \u00e9lectrique ou hybride<\/h2>\n<p>L&rsquo;Opel Frontera vous accueille dans un habitacle moderne alliant fonctionnalit\u00e9 et mat\u00e9riaux durables, avec des inserts textiles recycl\u00e9s qui refl\u00e8tent l&rsquo;engagement \u00e9cologique de la marque. La Frontera \u00e9lectrique se distingue particuli\u00e8rement en ville par son moteur \u00e9lectrique silencieux de 113 ch, offrant une acc\u00e9l\u00e9ration imm\u00e9diate et une conduite sans vibrations.<\/p>\n<p>La version hybride 48V n&rsquo;est pas en reste avec sa consommation de carburant remarquablement basse (environ 5,2 l\/100 km en cycle mixte). Son fonctionnement \u00e0 bas r\u00e9gime apporte une fluidit\u00e9 appr\u00e9ciable dans les embouteillages, tandis que les aides \u00e0 la conduite avanc\u00e9es r\u00e9duisent la fatigue lors des trajets plus longs, pour un confort optimal \u00e0 bord.<\/p>\n<h2>FAQ : tout savoir sur les dimensions et le confort int\u00e9rieur de l&rsquo;Opel Frontera<\/h2>\n<h3>Quel est le volume de coffre de l&rsquo;Opel Frontera ?<\/h3>\n<p>Le volume de coffre de l&rsquo;Opel Frontera atteint 460 litres en configuration 5 places et peut s&rsquo;\u00e9tendre jusqu&rsquo;\u00e0 1 600 litres avec les si\u00e8ges rabattus. Pour plus de d\u00e9tails sur les configurations adapt\u00e9es \u00e0 vos besoins, n&rsquo;h\u00e9sitez pas \u00e0 contacter nos conseillers BYmyCAR.<\/p>\n<h3>L&rsquo;Opel Frontera est-il disponible en version \u00e9lectrique ?<\/h3>\n<p>L&rsquo;Opel Frontera est disponible en version 100 % \u00e9lectrique avec une autonomie d&rsquo;environ 305 km, ainsi qu&rsquo;en versions hybrides 48V de 110 ch ou 136 ch. Pour d\u00e9couvrir la motorisation qui correspond le mieux \u00e0 votre style de conduite, nos conseillers BYmyCAR sont \u00e0 votre disposition.<\/p>\n<h3>Quelles configurations de l&rsquo;Opel Frontera 2025 puis-je choisir ?<\/h3>\n<p>Le mod\u00e8le Opel Frontera 2025 est propos\u00e9 en configuration standard 5 places, mais \u00e9galement en version 7 places sur la finition GS en hybride. Pour explorer toutes les configurations disponibles et leurs \u00e9quipements, nos conseillers BYmyCAR vous attendent pour une pr\u00e9sentation compl\u00e8te.<\/p>\n<h3>Comment conna\u00eetre les tarifs de l&rsquo;Opel Frontera ?<\/h3>\n<p>Les tarifs de l&rsquo;Opel Frontera varient selon la motorisation et la finition choisies, avec des options suppl\u00e9mentaires qui peuvent \u00eatre ajout\u00e9es pour personnaliser votre v\u00e9hicule. Pour obtenir un devis personnalis\u00e9 et conna\u00eetre les conditions de financement avantageuses, prenez rendez-vous avec nos conseillers BYmyCAR.<\/p>\n<h3>L&rsquo;Opel Frontera est-il int\u00e9ressant en occasion ?<\/h3>\n<p>L&rsquo;Opel Frontera, avec son habitabilit\u00e9 g\u00e9n\u00e9reuse, ses motorisations \u00e9lectrifi\u00e9es et sa robustesse, constitue un excellent choix sur le march\u00e9 de l&rsquo;occasion. Pour d\u00e9couvrir notre s\u00e9lection de mod\u00e8les d&rsquo;occasion certifi\u00e9s et b\u00e9n\u00e9ficier de conseils personnalis\u00e9s, nos conseillers BYmyCAR se tiennent \u00e0 votre enti\u00e8re disposition.<\/p>\n<h2>Pour en savoir plus<\/h2>\n<h3>\u00c0 lire \u00e9galement<\/h3>\n<h3>Sources :<\/h3>\n<ul>\n<li><a href=\"https:\/\/www.opel.fr\/vehicules\/frontera\/frontera-bev\/overview.html\" target=\"_blank\" data-mce-href=\"https:\/\/www.opel.fr\/vehicules\/frontera\/frontera-bev\/overview.html\">Opel Frontera | SUV 100% \u00e9lectrique ou hybride<\/a> \u200b<\/li>\n<li><a href=\"https:\/\/www.media.stellantis.com\/me-en\/opel\/press\/opel-frontera-the-flexible-family-friendly-suv-with-plenty-of-space\" target=\"_blank\" data-mce-href=\"https:\/\/www.media.stellantis.com\/me-en\/opel\/press\/opel-frontera-the-flexible-family-friendly-suv-with-plenty-of-space\">Opel Frontera: The Flexible Family-friendly SUV with Plenty of Space<\/a>\u200b<\/li>\n<li><a href=\"https:\/\/www.opel.fr\/tools\/brochures-price-lists.html\" target=\"_blank\" data-mce-href=\"https:\/\/www.opel.fr\/tools\/brochures-price-lists.html\">Catalogue Opel | Tarifs et Prix<\/a> \u200b<\/li>\n<li><a href=\"https:\/\/www.opel.fr\/apres-vente\/manuels.html\" target=\"_blank\" data-mce-href=\"https:\/\/www.opel.fr\/apres-vente\/manuels.html\">Manuels d\u2019utilisation Opel<\/a>\u200b<\/li>\n<li><a href=\"https:\/\/www.opel.ie\/content\/dam\/opel\/ireland\/brochure-library\/brochures\/passenger-cars\/NewFronteraPriceSpecGuide.pdf\" target=\"_blank\" data-mce-href=\"https:\/\/www.opel.ie\/content\/dam\/opel\/ireland\/brochure-library\/brochures\/passenger-cars\/NewFronteraPriceSpecGuide.pdf\">ALL NEW OPEL FRONTERA \u2013 Price &amp; Spec Guide<\/a>\u200b<\/li>\n<\/ul>\n"}}]},"introduction":"<p>L&rsquo;<a href=\"https:\/\/www.bymycar.fr\/v\/opel-frontera\" data-mce-href=\"https:\/\/www.bymycar.fr\/v\/opel-frontera\">Opel Frontera<\/a> se distingue comme un v\u00e9hicule offrant un espace int\u00e9rieur g\u00e9n\u00e9reux dans un format compact. Ce mod\u00e8le familial propose un habitacle modulable, une garde au toit optimale et un volume de coffre particuli\u00e8rement g\u00e9n\u00e9reux. Disponible en versions hybride, \u00e9lectrique et 7 places, il combine praticit\u00e9 quotidienne et confort pour r\u00e9pondre \u00e0 vos besoins au quotidien.<\/p>\n","add-carousel-to-footer":true},"yoast_head":"<!-- This site is optimized with the Yoast SEO Premium plugin v26.4 (Yoast SEO v26.4) - https:\/\/yoast.com\/wordpress\/plugins\/seo\/ -->\n<title>Dimensions et confort int\u00e9rieur de l&#039;Opel Frontera<\/title>\n<meta name=\"description\" content=\"D\u00e9couvrez les dimensions, l&#039;habitabilit\u00e9 et le confort int\u00e9rieur de l&#039;Opel Frontera, SUV compact polyvalent pens\u00e9 pour votre quotidien.\" \/>\n<meta name=\"robots\" content=\"index, follow, max-snippet:-1, max-image-preview:large, max-video-preview:-1\" \/>\n<link rel=\"canonical\" href=\"https:\/\/www.bymycar.fr\/webzine\/dimensions-confort-interieur-de-lopel-frontera\/\" \/>\n<meta property=\"og:locale\" content=\"fr_FR\" \/>\n<meta property=\"og:type\" content=\"article\" \/>\n<meta property=\"og:title\" content=\"Dimensions et confort int\u00e9rieur de l&#039;Opel Frontera\" \/>\n<meta property=\"og:description\" content=\"D\u00e9couvrez les dimensions, l&#039;habitabilit\u00e9 et le confort int\u00e9rieur de l&#039;Opel Frontera, SUV compact polyvalent pens\u00e9 pour votre quotidien.\" \/>\n<meta property=\"og:url\" content=\"https:\/\/www.bymycar.fr\/webzine\/dimensions-confort-interieur-de-lopel-frontera\/\" \/>\n<meta property=\"og:site_name\" content=\"Webzine auto BYmyCAR\" \/>\n<meta property=\"article:published_time\" content=\"2026-01-10T00:00:00+00:00\" \/>\n<meta property=\"article:modified_time\" content=\"2026-01-12T08:14:27+00:00\" \/>\n<meta name=\"author\" content=\"La R\u00e9daction BYmyCAR\" \/>\n<meta name=\"twitter:card\" content=\"summary_large_image\" \/>\n<meta name=\"twitter:label1\" content=\"\u00c9crit par\" \/>\n\t<meta name=\"twitter:data1\" content=\"La R\u00e9daction BYmyCAR\" \/>\n<script type=\"application\/ld+json\" class=\"yoast-schema-graph\">{\"@context\":\"https:\/\/schema.org\",\"@graph\":[{\"@type\":\"Article\",\"@id\":\"https:\/\/www.bymycar.fr\/webzine\/dimensions-confort-interieur-de-lopel-frontera\/#article\",\"isPartOf\":{\"@id\":\"https:\/\/www.bymycar.fr\/webzine\/dimensions-confort-interieur-de-lopel-frontera\/\"},\"author\":{\"name\":\"La R\u00e9daction BYmyCAR\",\"@id\":\"https:\/\/www.bymycar.fr\/webzine\/#\/schema\/person\/8d570fe11eb8929f06c1e6d00f4d9689\"},\"headline\":\"Dimensions et confort int\u00e9rieur de l&rsquo;Opel Frontera\",\"datePublished\":\"2026-01-10T00:00:00+00:00\",\"dateModified\":\"2026-01-12T08:14:27+00:00\",\"mainEntityOfPage\":{\"@id\":\"https:\/\/www.bymycar.fr\/webzine\/dimensions-confort-interieur-de-lopel-frontera\/\"},\"wordCount\":9,\"publisher\":{\"@id\":\"https:\/\/www.bymycar.fr\/webzine\/#organization\"},\"articleSection\":[\"Guide d'achat Opel\"],\"inLanguage\":\"fr-FR\"},{\"@type\":\"WebPage\",\"@id\":\"https:\/\/www.bymycar.fr\/webzine\/dimensions-confort-interieur-de-lopel-frontera\/\",\"url\":\"https:\/\/www.bymycar.fr\/webzine\/dimensions-confort-interieur-de-lopel-frontera\/\",\"name\":\"Dimensions et confort int\u00e9rieur de l'Opel Frontera\",\"isPartOf\":{\"@id\":\"https:\/\/www.bymycar.fr\/webzine\/#website\"},\"datePublished\":\"2026-01-10T00:00:00+00:00\",\"dateModified\":\"2026-01-12T08:14:27+00:00\",\"description\":\"D\u00e9couvrez les dimensions, l'habitabilit\u00e9 et le confort int\u00e9rieur de l'Opel Frontera, SUV compact polyvalent pens\u00e9 pour votre quotidien.\",\"breadcrumb\":{\"@id\":\"https:\/\/www.bymycar.fr\/webzine\/dimensions-confort-interieur-de-lopel-frontera\/#breadcrumb\"},\"inLanguage\":\"fr-FR\",\"potentialAction\":[{\"@type\":\"ReadAction\",\"target\":[\"https:\/\/www.bymycar.fr\/webzine\/dimensions-confort-interieur-de-lopel-frontera\/\"]}]},{\"@type\":\"BreadcrumbList\",\"@id\":\"https:\/\/www.bymycar.fr\/webzine\/dimensions-confort-interieur-de-lopel-frontera\/#breadcrumb\",\"itemListElement\":[{\"@type\":\"ListItem\",\"position\":1,\"name\":\"Accueil\",\"item\":\"https:\/\/www.bymycar.fr\/webzine\/\"},{\"@type\":\"ListItem\",\"position\":2,\"name\":\"Dimensions et confort int\u00e9rieur de l&rsquo;Opel Frontera\"}]},{\"@type\":\"WebSite\",\"@id\":\"https:\/\/www.bymycar.fr\/webzine\/#website\",\"url\":\"https:\/\/www.bymycar.fr\/webzine\/\",\"name\":\"Webzine auto BYmyCAR\",\"description\":\"La magazine auto de BYmyCAR\",\"publisher\":{\"@id\":\"https:\/\/www.bymycar.fr\/webzine\/#organization\"},\"potentialAction\":[{\"@type\":\"SearchAction\",\"target\":{\"@type\":\"EntryPoint\",\"urlTemplate\":\"https:\/\/www.bymycar.fr\/webzine\/?s={search_term_string}\"},\"query-input\":{\"@type\":\"PropertyValueSpecification\",\"valueRequired\":true,\"valueName\":\"search_term_string\"}}],\"inLanguage\":\"fr-FR\"},{\"@type\":\"Organization\",\"@id\":\"https:\/\/www.bymycar.fr\/webzine\/#organization\",\"name\":\"BYmyCAR\",\"url\":\"https:\/\/www.bymycar.fr\/webzine\/\",\"logo\":{\"@type\":\"ImageObject\",\"inLanguage\":\"fr-FR\",\"@id\":\"https:\/\/www.bymycar.fr\/webzine\/#\/schema\/logo\/image\/\",\"url\":\"https:\/\/cdn.bymycar.eu\/fr-webzine\/wp-content\/uploads\/medias\/2017\/08\/logo_DEALER_00000406_001.png\",\"contentUrl\":\"https:\/\/cdn.bymycar.eu\/fr-webzine\/wp-content\/uploads\/medias\/2017\/08\/logo_DEALER_00000406_001.png\",\"width\":2132,\"height\":720,\"caption\":\"BYmyCAR\"},\"image\":{\"@id\":\"https:\/\/www.bymycar.fr\/webzine\/#\/schema\/logo\/image\/\"}},{\"@type\":\"Person\",\"@id\":\"https:\/\/www.bymycar.fr\/webzine\/#\/schema\/person\/8d570fe11eb8929f06c1e6d00f4d9689\",\"name\":\"La R\u00e9daction BYmyCAR\",\"image\":{\"@type\":\"ImageObject\",\"inLanguage\":\"fr-FR\",\"@id\":\"https:\/\/www.bymycar.fr\/webzine\/#\/schema\/person\/image\/\",\"url\":\"https:\/\/secure.gravatar.com\/avatar\/1aa6b039d0ce106989923af4e2d0f2a0c82bb070d5e449f1b9adf082a5863900?s=96&d=mm&r=g\",\"contentUrl\":\"https:\/\/secure.gravatar.com\/avatar\/1aa6b039d0ce106989923af4e2d0f2a0c82bb070d5e449f1b9adf082a5863900?s=96&d=mm&r=g\",\"caption\":\"La R\u00e9daction BYmyCAR\"},\"sameAs\":[\"https:\/\/www.bymycar.fr\/\"]}]}<\/script>\n<!-- \/ Yoast SEO Premium plugin. -->","yoast_head_json":{"title":"Dimensions et confort int\u00e9rieur de l'Opel Frontera","description":"D\u00e9couvrez les dimensions, l'habitabilit\u00e9 et le confort int\u00e9rieur de l'Opel Frontera, SUV compact polyvalent pens\u00e9 pour votre quotidien.","robots":{"index":"index","follow":"follow","max-snippet":"max-snippet:-1","max-image-preview":"max-image-preview:large","max-video-preview":"max-video-preview:-1"},"canonical":"https:\/\/www.bymycar.fr\/webzine\/dimensions-confort-interieur-de-lopel-frontera\/","og_locale":"fr_FR","og_type":"article","og_title":"Dimensions et confort int\u00e9rieur de l'Opel Frontera","og_description":"D\u00e9couvrez les dimensions, l'habitabilit\u00e9 et le confort int\u00e9rieur de l'Opel Frontera, SUV compact polyvalent pens\u00e9 pour votre quotidien.","og_url":"https:\/\/www.bymycar.fr\/webzine\/dimensions-confort-interieur-de-lopel-frontera\/","og_site_name":"Webzine auto BYmyCAR","article_published_time":"2026-01-10T00:00:00+00:00","article_modified_time":"2026-01-12T08:14:27+00:00","author":"La R\u00e9daction BYmyCAR","twitter_card":"summary_large_image","twitter_misc":{"\u00c9crit par":"La R\u00e9daction BYmyCAR"},"schema":{"@context":"https:\/\/schema.org","@graph":[{"@type":"Article","@id":"https:\/\/www.bymycar.fr\/webzine\/dimensions-confort-interieur-de-lopel-frontera\/#article","isPartOf":{"@id":"https:\/\/www.bymycar.fr\/webzine\/dimensions-confort-interieur-de-lopel-frontera\/"},"author":{"name":"La R\u00e9daction BYmyCAR","@id":"https:\/\/www.bymycar.fr\/webzine\/#\/schema\/person\/8d570fe11eb8929f06c1e6d00f4d9689"},"headline":"Dimensions et confort int\u00e9rieur de l&rsquo;Opel Frontera","datePublished":"2026-01-10T00:00:00+00:00","dateModified":"2026-01-12T08:14:27+00:00","mainEntityOfPage":{"@id":"https:\/\/www.bymycar.fr\/webzine\/dimensions-confort-interieur-de-lopel-frontera\/"},"wordCount":9,"publisher":{"@id":"https:\/\/www.bymycar.fr\/webzine\/#organization"},"articleSection":["Guide d'achat Opel"],"inLanguage":"fr-FR"},{"@type":"WebPage","@id":"https:\/\/www.bymycar.fr\/webzine\/dimensions-confort-interieur-de-lopel-frontera\/","url":"https:\/\/www.bymycar.fr\/webzine\/dimensions-confort-interieur-de-lopel-frontera\/","name":"Dimensions et confort int\u00e9rieur de l'Opel Frontera","isPartOf":{"@id":"https:\/\/www.bymycar.fr\/webzine\/#website"},"datePublished":"2026-01-10T00:00:00+00:00","dateModified":"2026-01-12T08:14:27+00:00","description":"D\u00e9couvrez les dimensions, l'habitabilit\u00e9 et le confort int\u00e9rieur de l'Opel Frontera, SUV compact polyvalent pens\u00e9 pour votre quotidien.","breadcrumb":{"@id":"https:\/\/www.bymycar.fr\/webzine\/dimensions-confort-interieur-de-lopel-frontera\/#breadcrumb"},"inLanguage":"fr-FR","potentialAction":[{"@type":"ReadAction","target":["https:\/\/www.bymycar.fr\/webzine\/dimensions-confort-interieur-de-lopel-frontera\/"]}]},{"@type":"BreadcrumbList","@id":"https:\/\/www.bymycar.fr\/webzine\/dimensions-confort-interieur-de-lopel-frontera\/#breadcrumb","itemListElement":[{"@type":"ListItem","position":1,"name":"Accueil","item":"https:\/\/www.bymycar.fr\/webzine\/"},{"@type":"ListItem","position":2,"name":"Dimensions et confort int\u00e9rieur de l&rsquo;Opel Frontera"}]},{"@type":"WebSite","@id":"https:\/\/www.bymycar.fr\/webzine\/#website","url":"https:\/\/www.bymycar.fr\/webzine\/","name":"Webzine auto BYmyCAR","description":"La magazine auto de BYmyCAR","publisher":{"@id":"https:\/\/www.bymycar.fr\/webzine\/#organization"},"potentialAction":[{"@type":"SearchAction","target":{"@type":"EntryPoint","urlTemplate":"https:\/\/www.bymycar.fr\/webzine\/?s={search_term_string}"},"query-input":{"@type":"PropertyValueSpecification","valueRequired":true,"valueName":"search_term_string"}}],"inLanguage":"fr-FR"},{"@type":"Organization","@id":"https:\/\/www.bymycar.fr\/webzine\/#organization","name":"BYmyCAR","url":"https:\/\/www.bymycar.fr\/webzine\/","logo":{"@type":"ImageObject","inLanguage":"fr-FR","@id":"https:\/\/www.bymycar.fr\/webzine\/#\/schema\/logo\/image\/","url":"https:\/\/cdn.bymycar.eu\/fr-webzine\/wp-content\/uploads\/medias\/2017\/08\/logo_DEALER_00000406_001.png","contentUrl":"https:\/\/cdn.bymycar.eu\/fr-webzine\/wp-content\/uploads\/medias\/2017\/08\/logo_DEALER_00000406_001.png","width":2132,"height":720,"caption":"BYmyCAR"},"image":{"@id":"https:\/\/www.bymycar.fr\/webzine\/#\/schema\/logo\/image\/"}},{"@type":"Person","@id":"https:\/\/www.bymycar.fr\/webzine\/#\/schema\/person\/8d570fe11eb8929f06c1e6d00f4d9689","name":"La R\u00e9daction BYmyCAR","image":{"@type":"ImageObject","inLanguage":"fr-FR","@id":"https:\/\/www.bymycar.fr\/webzine\/#\/schema\/person\/image\/","url":"https:\/\/secure.gravatar.com\/avatar\/1aa6b039d0ce106989923af4e2d0f2a0c82bb070d5e449f1b9adf082a5863900?s=96&d=mm&r=g","contentUrl":"https:\/\/secure.gravatar.com\/avatar\/1aa6b039d0ce106989923af4e2d0f2a0c82bb070d5e449f1b9adf082a5863900?s=96&d=mm&r=g","caption":"La R\u00e9daction BYmyCAR"},"sameAs":["https:\/\/www.bymycar.fr\/"]}]}},"_links":{"self":[{"href":"https:\/\/www.bymycar.fr\/webzine\/wp-json\/wp\/v2\/posts\/63826","targetHints":{"allow":["GET"]}}],"collection":[{"href":"https:\/\/www.bymycar.fr\/webzine\/wp-json\/wp\/v2\/posts"}],"about":[{"href":"https:\/\/www.bymycar.fr\/webzine\/wp-json\/wp\/v2\/types\/post"}],"author":[{"embeddable":true,"href":"https:\/\/www.bymycar.fr\/webzine\/wp-json\/wp\/v2\/users\/88"}],"replies":[{"embeddable":true,"href":"https:\/\/www.bymycar.fr\/webzine\/wp-json\/wp\/v2\/comments?post=63826"}],"version-history":[{"count":1,"href":"https:\/\/www.bymycar.fr\/webzine\/wp-json\/wp\/v2\/posts\/63826\/revisions"}],"predecessor-version":[{"id":63930,"href":"https:\/\/www.bymycar.fr\/webzine\/wp-json\/wp\/v2\/posts\/63826\/revisions\/63930"}],"wp:attachment":[{"href":"https:\/\/www.bymycar.fr\/webzine\/wp-json\/wp\/v2\/media?parent=63826"}],"wp:term":[{"taxonomy":"category","embeddable":true,"href":"https:\/\/www.bymycar.fr\/webzine\/wp-json\/wp\/v2\/categories?post=63826"},{"taxonomy":"post_tag","embeddable":true,"href":"https:\/\/www.bymycar.fr\/webzine\/wp-json\/wp\/v2\/tags?post=63826"}],"curies":[{"name":"wp","href":"https:\/\/api.w.org\/{rel}","templated":true}]}}