{"id":63816,"date":"2026-01-10T00:00:00","date_gmt":"2026-01-10T00:00:00","guid":{"rendered":"https:\/\/www.bymycar.fr\/webzine\/?p=63816"},"modified":"2026-01-12T09:14:26","modified_gmt":"2026-01-12T08:14:26","slug":"prix-opel-frontera-neuf-ou-occasion-combien-prevoir","status":"publish","type":"post","link":"https:\/\/www.bymycar.fr\/webzine\/prix-opel-frontera-neuf-ou-occasion-combien-prevoir\/","title":{"rendered":"Prix Opel Frontera : neuf ou occasion, combien pr\u00e9voir ?"},"content":{"rendered":"","protected":false},"excerpt":{"rendered":"","protected":false},"author":88,"featured_media":0,"comment_status":"closed","ping_status":"open","sticky":false,"template":"","format":"standard","meta":{"_acf_changed":false,"footnotes":""},"categories":[12919],"tags":[],"class_list":["post-63816","post","type-post","status-publish","format-standard","hentry","category-guide-dachat-opel"],"acf":{"page_content":{"block_content":[{"acf_fc_layout":"text-simple","--nav":{"-withNav":false,"-ancre":""},"--group":{"-text":"<h2>\u00c0 retenir<\/h2>\n<p>Le nouvel Opel Frontera se distingue par de nombreux atouts qui en font un choix judicieux pour les familles. Voici les principaux avantages de ce SUV :<\/p>\n<ul>\n<li>Un prix particuli\u00e8rement accessible avec un tarif de d\u00e9part \u00e0 23 400\u20ac* pour l&rsquo;Opel Frontera Edition, ce qui le positionne parmi les SUV familiaux les plus abordables du march\u00e9.<\/li>\n<li>Une motorisation 1.2 Turbo Hybrid performante de 110 ch avec bo\u00eete automatique, offrant un excellent compromis entre dynamisme et consommation ma\u00eetris\u00e9e de 5,2 L\/100 km.<\/li>\n<li>Des \u00e9quipements complets d\u00e8s la finition Edition incluant \u00e9cran d&rsquo;instrumentation de 10 pouces, r\u00e9gulateur de vitesse, phares Eco LED et reconnaissance des panneaux de signalisation.<\/li>\n<\/ul>\n<p>Ce SUV polyvalent r\u00e9pond parfaitement aux besoins quotidiens tout en proposant un rapport qualit\u00e9-prix exceptionnel sur le segment des SUV compacts.<\/p>\n<h2>Prix de l&rsquo;Opel Frontera 2025 neuf<\/h2>\n<p>L&rsquo;<a href=\"https:\/\/www.bymycar.fr\/v\/opel-frontera-2025\" data-mce-href=\"https:\/\/www.bymycar.fr\/v\/opel-frontera-2025\">Opel Frontera 2025<\/a> se distingue par son excellent rapport qualit\u00e9-prix avec deux motorisations au choix. La version Turbo Hybrid offre une conduite \u00e9conomique avec un moteur 1.2 de 110 ch, tandis que la version \u00e9lectrique propose une autonomie adapt\u00e9e aux trajets quotidiens avec sa batterie de 44 kWh.<\/p>\n<table>\n<thead>\n<tr>\n<th>Motorisation<\/th>\n<th>Prix \u00e0 partir de<\/th>\n<\/tr>\n<\/thead>\n<tbody>\n<tr>\n<td>Micro-hybride<\/td>\n<td>23 400\u20ac* (Opel Frontera Edition)<\/td>\n<\/tr>\n<tr>\n<td>\u00c9lectrique<\/td>\n<td>22 900\u20ac* (apr\u00e8s prime)<\/td>\n<\/tr>\n<\/tbody>\n<\/table>\n<p>Les finitions sup\u00e9rieures enrichissent l&rsquo;\u00e9quipement de s\u00e9rie tout en conservant un positionnement tarifaire tr\u00e8s comp\u00e9titif face \u00e0 la concurrence.<\/p>\n<h2>Opel Frontera sport : finitions et \u00e9quipements<\/h2>\n<p>La finition GS sport du Frontera impressionne par ses \u00e9quipements premium de s\u00e9rie : Intelli-Seats ergonomiques, \u00e9cran tactile 10 pouces et cam\u00e9ra de recul grand angle 130\u00b0. En version \u00e9lectrique, vous profitez d&rsquo;une autonomie allant jusqu&rsquo;\u00e0 305 km, extensible \u00e0 411 km avec la batterie grande autonomie.<\/p>\n<p>Le Turbo Hybrid se d\u00e9cline en deux niveaux de puissance :<\/p>\n<ul>\n<li>Moteur 1.2 Turbo Hybrid 110 ch pour une conduite \u00e9conomique en milieu urbain ;<\/li>\n<li>Version 1.2 Turbo Hybrid 136 ch pour des performances plus dynamiques ;<\/li>\n<li>Option 7 places disponible pour une polyvalence familiale maximale.<\/li>\n<\/ul>\n<p>Le <a data-mce-href=\"https:\/\/www.bymycar.fr\/v\/suv\" href=\"https:\/\/www.bymycar.fr\/v\/suv\">SUV<\/a> Opel Frontera allie ainsi style sportif et fonctionnalit\u00e9 pour tous vos trajets quotidiens.<\/p>\n<h2>Prix en occasion r\u00e9cente (nouvelle g\u00e9n\u00e9ration)<\/h2>\n<p>Les premiers exemplaires du nouvel Opel Frontera affichent une faible d\u00e9cote sur le march\u00e9 de l&rsquo;occasion r\u00e9cente. Avec des prix oscillant entre 24 000\u20ac* et 27 000\u20ac*, l&rsquo;Opel Frontera Edition Turbo Hybrid reste une option attrayante, b\u00e9n\u00e9ficiant encore de la garantie constructeur d&rsquo;origine.<\/p>\n<p>En choisissant un Opel Frontera d&rsquo;occasion r\u00e9cente, vous profitez d&rsquo;un v\u00e9hicule presque neuf \u00e0 prix l\u00e9g\u00e8rement r\u00e9duit, tout en conservant les avantages techniques et les \u00e9quipements modernes du nouveau mod\u00e8le.<\/p>\n<h2>Prix de l&rsquo;Opel Frontera 4&#215;4 diesel d&rsquo;occasion<\/h2>\n<p>L&rsquo;Opel Frontera 4&#215;4 diesel des g\u00e9n\u00e9rations pr\u00e9c\u00e9dentes s\u00e9duit par son charme authentique et sa polyvalence tout-terrain. Ce v\u00e9hicule robuste offre d&rsquo;excellentes capacit\u00e9s de franchissement et une grande modularit\u00e9 pour les amateurs d&rsquo;aventure. Disponible \u00e0 des prix accessibles sur le march\u00e9 de l&rsquo;occasion, g\u00e9n\u00e9ralement entre 2 000\u20ac* et 6 000\u20ac* selon l&rsquo;\u00e9tat et le kilom\u00e9trage, il repr\u00e9sente une opportunit\u00e9 int\u00e9ressante pour les conducteurs recherchant un SUV \u00e0 l&rsquo;esprit baroudeur et au caract\u00e8re affirm\u00e9.<\/p>\n<h2>Neuf ou occasion : comment faire votre choix ?<\/h2>\n<p>Pour un usage familial quotidien, l&rsquo;Opel Frontera neuf offre la tranquillit\u00e9 de la garantie constructeur, l&rsquo;acc\u00e8s aux derni\u00e8res technologies et des consommations ma\u00eetris\u00e9es. Vos capacit\u00e9s de remboursement peuvent \u00eatre optimis\u00e9es gr\u00e2ce aux solutions de financement BYmyCAR, incluant la LOA ou le cr\u00e9dit classique adapt\u00e9 \u00e0 votre budget.<\/p>\n<p>L&rsquo;achat d&rsquo;un Frontera d&rsquo;occasion r\u00e9cente repr\u00e9sente \u00e9galement un excellent compromis, combinant tarif attractif et garantie constructeur r\u00e9siduelle. Nos conseillers BYmyCAR vous accompagnent dans le choix de la formule la mieux adapt\u00e9e \u00e0 vos besoins et \u00e0 votre situation financi\u00e8re.<\/p>\n<h2>FAQ Opel Frontera<\/h2>\n<h3>Quel est le prix de l&rsquo;Opel Frontera 2025 ?<\/h3>\n<p>L&rsquo;Opel Frontera 2025 d\u00e9bute \u00e0 partir de 23 400\u20ac* en finition Edition avec motorisation Turbo Hybrid. La version \u00e9lectrique est propos\u00e9e \u00e0 partir de 22 900\u20ac* apr\u00e8s d\u00e9duction de la prime \u00e9cologique.<\/p>\n<h3>Quelle autonomie pour l&rsquo;Opel Frontera Turbo Hybrid ?<\/h3>\n<p>L&rsquo;Opel Frontera Turbo Hybrid offre une autonomie en mode \u00e9lectrique de quelques kilom\u00e8tres pour les trajets urbains courts, avec une consommation globale tr\u00e8s ma\u00eetris\u00e9e de 5,2 L\/100 km.<\/p>\n<h3>L&rsquo;Opel Frontera 4&#215;4 est-elle disponible en France ?<\/h3>\n<p>Le nouvel Opel Frontera se concentre sur ses versions hybride et \u00e9lectrique en France, privil\u00e9giant l&rsquo;efficacit\u00e9 \u00e9nerg\u00e9tique et le confort urbain pour les familles modernes.<\/p>\n<p><em>Les prix mentionn\u00e9s sont donn\u00e9s \u00e0 titre indicatif et ont \u00e9t\u00e9 constat\u00e9s au moment de la r\u00e9daction. Ils sont susceptibles d&rsquo;\u00e9voluer. Pour obtenir une information exacte et \u00e0 jour, nous vous recommandons de contacter directement votre concession BYmyCAR.<\/em><\/p>\n"}}]},"introduction":"<p>Vous recherchez les prix de <a data-mce-href=\"https:\/\/www.bymycar.fr\/v\/opel-frontera\" href=\"https:\/\/www.bymycar.fr\/v\/opel-frontera\">l&rsquo;Opel Frontera<\/a> en neuf ou en occasion ? Ce SUV familial se distingue par son excellent rapport qualit\u00e9-prix sur le march\u00e9. La nouvelle g\u00e9n\u00e9ration \u00e9lectrifi\u00e9e offre une accessibilit\u00e9 remarquable tant en neuf qu&rsquo;en occasion r\u00e9cente, tandis que les anciens mod\u00e8les thermiques des ann\u00e9es 1990-2000 se n\u00e9gocient \u00e0 des tarifs tr\u00e8s attractifs pour les petits budgets.<\/p>\n","add-carousel-to-footer":true},"yoast_head":"<!-- This site is optimized with the Yoast SEO Premium plugin v26.4 (Yoast SEO v26.4) - https:\/\/yoast.com\/wordpress\/plugins\/seo\/ -->\n<title>Prix Opel Frontera : neuf ou occasion, combien pr\u00e9voir ?<\/title>\n<meta name=\"description\" content=\"D\u00e9couvrez les prix Opel Frontera neuf, occasion et Edition, avec conseils BYmyCAR pour choisir votre SUV familial.\" \/>\n<meta name=\"robots\" content=\"index, follow, max-snippet:-1, max-image-preview:large, max-video-preview:-1\" \/>\n<link rel=\"canonical\" href=\"https:\/\/www.bymycar.fr\/webzine\/prix-opel-frontera-neuf-ou-occasion-combien-prevoir\/\" \/>\n<meta property=\"og:locale\" content=\"fr_FR\" \/>\n<meta property=\"og:type\" content=\"article\" \/>\n<meta property=\"og:title\" content=\"Prix Opel Frontera : neuf ou occasion, combien pr\u00e9voir ?\" \/>\n<meta property=\"og:description\" content=\"D\u00e9couvrez les prix Opel Frontera neuf, occasion et Edition, avec conseils BYmyCAR pour choisir votre SUV familial.\" \/>\n<meta property=\"og:url\" content=\"https:\/\/www.bymycar.fr\/webzine\/prix-opel-frontera-neuf-ou-occasion-combien-prevoir\/\" \/>\n<meta property=\"og:site_name\" content=\"Webzine auto BYmyCAR\" \/>\n<meta property=\"article:published_time\" content=\"2026-01-10T00:00:00+00:00\" \/>\n<meta property=\"article:modified_time\" content=\"2026-01-12T08:14:26+00:00\" \/>\n<meta name=\"author\" content=\"La R\u00e9daction BYmyCAR\" \/>\n<meta name=\"twitter:card\" content=\"summary_large_image\" \/>\n<meta name=\"twitter:label1\" content=\"\u00c9crit par\" \/>\n\t<meta name=\"twitter:data1\" content=\"La R\u00e9daction BYmyCAR\" \/>\n<script type=\"application\/ld+json\" class=\"yoast-schema-graph\">{\"@context\":\"https:\/\/schema.org\",\"@graph\":[{\"@type\":\"Article\",\"@id\":\"https:\/\/www.bymycar.fr\/webzine\/prix-opel-frontera-neuf-ou-occasion-combien-prevoir\/#article\",\"isPartOf\":{\"@id\":\"https:\/\/www.bymycar.fr\/webzine\/prix-opel-frontera-neuf-ou-occasion-combien-prevoir\/\"},\"author\":{\"name\":\"La R\u00e9daction BYmyCAR\",\"@id\":\"https:\/\/www.bymycar.fr\/webzine\/#\/schema\/person\/8d570fe11eb8929f06c1e6d00f4d9689\"},\"headline\":\"Prix Opel Frontera : neuf ou occasion, combien pr\u00e9voir ?\",\"datePublished\":\"2026-01-10T00:00:00+00:00\",\"dateModified\":\"2026-01-12T08:14:26+00:00\",\"mainEntityOfPage\":{\"@id\":\"https:\/\/www.bymycar.fr\/webzine\/prix-opel-frontera-neuf-ou-occasion-combien-prevoir\/\"},\"wordCount\":9,\"publisher\":{\"@id\":\"https:\/\/www.bymycar.fr\/webzine\/#organization\"},\"articleSection\":[\"Guide d'achat Opel\"],\"inLanguage\":\"fr-FR\"},{\"@type\":\"WebPage\",\"@id\":\"https:\/\/www.bymycar.fr\/webzine\/prix-opel-frontera-neuf-ou-occasion-combien-prevoir\/\",\"url\":\"https:\/\/www.bymycar.fr\/webzine\/prix-opel-frontera-neuf-ou-occasion-combien-prevoir\/\",\"name\":\"Prix Opel Frontera : neuf ou occasion, combien pr\u00e9voir ?\",\"isPartOf\":{\"@id\":\"https:\/\/www.bymycar.fr\/webzine\/#website\"},\"datePublished\":\"2026-01-10T00:00:00+00:00\",\"dateModified\":\"2026-01-12T08:14:26+00:00\",\"description\":\"D\u00e9couvrez les prix Opel Frontera neuf, occasion et Edition, avec conseils BYmyCAR pour choisir votre SUV familial.\",\"breadcrumb\":{\"@id\":\"https:\/\/www.bymycar.fr\/webzine\/prix-opel-frontera-neuf-ou-occasion-combien-prevoir\/#breadcrumb\"},\"inLanguage\":\"fr-FR\",\"potentialAction\":[{\"@type\":\"ReadAction\",\"target\":[\"https:\/\/www.bymycar.fr\/webzine\/prix-opel-frontera-neuf-ou-occasion-combien-prevoir\/\"]}]},{\"@type\":\"BreadcrumbList\",\"@id\":\"https:\/\/www.bymycar.fr\/webzine\/prix-opel-frontera-neuf-ou-occasion-combien-prevoir\/#breadcrumb\",\"itemListElement\":[{\"@type\":\"ListItem\",\"position\":1,\"name\":\"Accueil\",\"item\":\"https:\/\/www.bymycar.fr\/webzine\/\"},{\"@type\":\"ListItem\",\"position\":2,\"name\":\"Prix Opel Frontera : neuf ou occasion, combien pr\u00e9voir ?\"}]},{\"@type\":\"WebSite\",\"@id\":\"https:\/\/www.bymycar.fr\/webzine\/#website\",\"url\":\"https:\/\/www.bymycar.fr\/webzine\/\",\"name\":\"Webzine auto BYmyCAR\",\"description\":\"La magazine auto de BYmyCAR\",\"publisher\":{\"@id\":\"https:\/\/www.bymycar.fr\/webzine\/#organization\"},\"potentialAction\":[{\"@type\":\"SearchAction\",\"target\":{\"@type\":\"EntryPoint\",\"urlTemplate\":\"https:\/\/www.bymycar.fr\/webzine\/?s={search_term_string}\"},\"query-input\":{\"@type\":\"PropertyValueSpecification\",\"valueRequired\":true,\"valueName\":\"search_term_string\"}}],\"inLanguage\":\"fr-FR\"},{\"@type\":\"Organization\",\"@id\":\"https:\/\/www.bymycar.fr\/webzine\/#organization\",\"name\":\"BYmyCAR\",\"url\":\"https:\/\/www.bymycar.fr\/webzine\/\",\"logo\":{\"@type\":\"ImageObject\",\"inLanguage\":\"fr-FR\",\"@id\":\"https:\/\/www.bymycar.fr\/webzine\/#\/schema\/logo\/image\/\",\"url\":\"https:\/\/cdn.bymycar.eu\/fr-webzine\/wp-content\/uploads\/medias\/2017\/08\/logo_DEALER_00000406_001.png\",\"contentUrl\":\"https:\/\/cdn.bymycar.eu\/fr-webzine\/wp-content\/uploads\/medias\/2017\/08\/logo_DEALER_00000406_001.png\",\"width\":2132,\"height\":720,\"caption\":\"BYmyCAR\"},\"image\":{\"@id\":\"https:\/\/www.bymycar.fr\/webzine\/#\/schema\/logo\/image\/\"}},{\"@type\":\"Person\",\"@id\":\"https:\/\/www.bymycar.fr\/webzine\/#\/schema\/person\/8d570fe11eb8929f06c1e6d00f4d9689\",\"name\":\"La R\u00e9daction BYmyCAR\",\"image\":{\"@type\":\"ImageObject\",\"inLanguage\":\"fr-FR\",\"@id\":\"https:\/\/www.bymycar.fr\/webzine\/#\/schema\/person\/image\/\",\"url\":\"https:\/\/secure.gravatar.com\/avatar\/1aa6b039d0ce106989923af4e2d0f2a0c82bb070d5e449f1b9adf082a5863900?s=96&d=mm&r=g\",\"contentUrl\":\"https:\/\/secure.gravatar.com\/avatar\/1aa6b039d0ce106989923af4e2d0f2a0c82bb070d5e449f1b9adf082a5863900?s=96&d=mm&r=g\",\"caption\":\"La R\u00e9daction BYmyCAR\"},\"sameAs\":[\"https:\/\/www.bymycar.fr\/\"]}]}<\/script>\n<!-- \/ Yoast SEO Premium plugin. -->","yoast_head_json":{"title":"Prix Opel Frontera : neuf ou occasion, combien pr\u00e9voir ?","description":"D\u00e9couvrez les prix Opel Frontera neuf, occasion et Edition, avec conseils BYmyCAR pour choisir votre SUV familial.","robots":{"index":"index","follow":"follow","max-snippet":"max-snippet:-1","max-image-preview":"max-image-preview:large","max-video-preview":"max-video-preview:-1"},"canonical":"https:\/\/www.bymycar.fr\/webzine\/prix-opel-frontera-neuf-ou-occasion-combien-prevoir\/","og_locale":"fr_FR","og_type":"article","og_title":"Prix Opel Frontera : neuf ou occasion, combien pr\u00e9voir ?","og_description":"D\u00e9couvrez les prix Opel Frontera neuf, occasion et Edition, avec conseils BYmyCAR pour choisir votre SUV familial.","og_url":"https:\/\/www.bymycar.fr\/webzine\/prix-opel-frontera-neuf-ou-occasion-combien-prevoir\/","og_site_name":"Webzine auto BYmyCAR","article_published_time":"2026-01-10T00:00:00+00:00","article_modified_time":"2026-01-12T08:14:26+00:00","author":"La R\u00e9daction BYmyCAR","twitter_card":"summary_large_image","twitter_misc":{"\u00c9crit par":"La R\u00e9daction BYmyCAR"},"schema":{"@context":"https:\/\/schema.org","@graph":[{"@type":"Article","@id":"https:\/\/www.bymycar.fr\/webzine\/prix-opel-frontera-neuf-ou-occasion-combien-prevoir\/#article","isPartOf":{"@id":"https:\/\/www.bymycar.fr\/webzine\/prix-opel-frontera-neuf-ou-occasion-combien-prevoir\/"},"author":{"name":"La R\u00e9daction BYmyCAR","@id":"https:\/\/www.bymycar.fr\/webzine\/#\/schema\/person\/8d570fe11eb8929f06c1e6d00f4d9689"},"headline":"Prix Opel Frontera : neuf ou occasion, combien pr\u00e9voir ?","datePublished":"2026-01-10T00:00:00+00:00","dateModified":"2026-01-12T08:14:26+00:00","mainEntityOfPage":{"@id":"https:\/\/www.bymycar.fr\/webzine\/prix-opel-frontera-neuf-ou-occasion-combien-prevoir\/"},"wordCount":9,"publisher":{"@id":"https:\/\/www.bymycar.fr\/webzine\/#organization"},"articleSection":["Guide d'achat Opel"],"inLanguage":"fr-FR"},{"@type":"WebPage","@id":"https:\/\/www.bymycar.fr\/webzine\/prix-opel-frontera-neuf-ou-occasion-combien-prevoir\/","url":"https:\/\/www.bymycar.fr\/webzine\/prix-opel-frontera-neuf-ou-occasion-combien-prevoir\/","name":"Prix Opel Frontera : neuf ou occasion, combien pr\u00e9voir ?","isPartOf":{"@id":"https:\/\/www.bymycar.fr\/webzine\/#website"},"datePublished":"2026-01-10T00:00:00+00:00","dateModified":"2026-01-12T08:14:26+00:00","description":"D\u00e9couvrez les prix Opel Frontera neuf, occasion et Edition, avec conseils BYmyCAR pour choisir votre SUV familial.","breadcrumb":{"@id":"https:\/\/www.bymycar.fr\/webzine\/prix-opel-frontera-neuf-ou-occasion-combien-prevoir\/#breadcrumb"},"inLanguage":"fr-FR","potentialAction":[{"@type":"ReadAction","target":["https:\/\/www.bymycar.fr\/webzine\/prix-opel-frontera-neuf-ou-occasion-combien-prevoir\/"]}]},{"@type":"BreadcrumbList","@id":"https:\/\/www.bymycar.fr\/webzine\/prix-opel-frontera-neuf-ou-occasion-combien-prevoir\/#breadcrumb","itemListElement":[{"@type":"ListItem","position":1,"name":"Accueil","item":"https:\/\/www.bymycar.fr\/webzine\/"},{"@type":"ListItem","position":2,"name":"Prix Opel Frontera : neuf ou occasion, combien pr\u00e9voir ?"}]},{"@type":"WebSite","@id":"https:\/\/www.bymycar.fr\/webzine\/#website","url":"https:\/\/www.bymycar.fr\/webzine\/","name":"Webzine auto BYmyCAR","description":"La magazine auto de BYmyCAR","publisher":{"@id":"https:\/\/www.bymycar.fr\/webzine\/#organization"},"potentialAction":[{"@type":"SearchAction","target":{"@type":"EntryPoint","urlTemplate":"https:\/\/www.bymycar.fr\/webzine\/?s={search_term_string}"},"query-input":{"@type":"PropertyValueSpecification","valueRequired":true,"valueName":"search_term_string"}}],"inLanguage":"fr-FR"},{"@type":"Organization","@id":"https:\/\/www.bymycar.fr\/webzine\/#organization","name":"BYmyCAR","url":"https:\/\/www.bymycar.fr\/webzine\/","logo":{"@type":"ImageObject","inLanguage":"fr-FR","@id":"https:\/\/www.bymycar.fr\/webzine\/#\/schema\/logo\/image\/","url":"https:\/\/cdn.bymycar.eu\/fr-webzine\/wp-content\/uploads\/medias\/2017\/08\/logo_DEALER_00000406_001.png","contentUrl":"https:\/\/cdn.bymycar.eu\/fr-webzine\/wp-content\/uploads\/medias\/2017\/08\/logo_DEALER_00000406_001.png","width":2132,"height":720,"caption":"BYmyCAR"},"image":{"@id":"https:\/\/www.bymycar.fr\/webzine\/#\/schema\/logo\/image\/"}},{"@type":"Person","@id":"https:\/\/www.bymycar.fr\/webzine\/#\/schema\/person\/8d570fe11eb8929f06c1e6d00f4d9689","name":"La R\u00e9daction BYmyCAR","image":{"@type":"ImageObject","inLanguage":"fr-FR","@id":"https:\/\/www.bymycar.fr\/webzine\/#\/schema\/person\/image\/","url":"https:\/\/secure.gravatar.com\/avatar\/1aa6b039d0ce106989923af4e2d0f2a0c82bb070d5e449f1b9adf082a5863900?s=96&d=mm&r=g","contentUrl":"https:\/\/secure.gravatar.com\/avatar\/1aa6b039d0ce106989923af4e2d0f2a0c82bb070d5e449f1b9adf082a5863900?s=96&d=mm&r=g","caption":"La R\u00e9daction BYmyCAR"},"sameAs":["https:\/\/www.bymycar.fr\/"]}]}},"_links":{"self":[{"href":"https:\/\/www.bymycar.fr\/webzine\/wp-json\/wp\/v2\/posts\/63816","targetHints":{"allow":["GET"]}}],"collection":[{"href":"https:\/\/www.bymycar.fr\/webzine\/wp-json\/wp\/v2\/posts"}],"about":[{"href":"https:\/\/www.bymycar.fr\/webzine\/wp-json\/wp\/v2\/types\/post"}],"author":[{"embeddable":true,"href":"https:\/\/www.bymycar.fr\/webzine\/wp-json\/wp\/v2\/users\/88"}],"replies":[{"embeddable":true,"href":"https:\/\/www.bymycar.fr\/webzine\/wp-json\/wp\/v2\/comments?post=63816"}],"version-history":[{"count":1,"href":"https:\/\/www.bymycar.fr\/webzine\/wp-json\/wp\/v2\/posts\/63816\/revisions"}],"predecessor-version":[{"id":63924,"href":"https:\/\/www.bymycar.fr\/webzine\/wp-json\/wp\/v2\/posts\/63816\/revisions\/63924"}],"wp:attachment":[{"href":"https:\/\/www.bymycar.fr\/webzine\/wp-json\/wp\/v2\/media?parent=63816"}],"wp:term":[{"taxonomy":"category","embeddable":true,"href":"https:\/\/www.bymycar.fr\/webzine\/wp-json\/wp\/v2\/categories?post=63816"},{"taxonomy":"post_tag","embeddable":true,"href":"https:\/\/www.bymycar.fr\/webzine\/wp-json\/wp\/v2\/tags?post=63816"}],"curies":[{"name":"wp","href":"https:\/\/api.w.org\/{rel}","templated":true}]}}