{"id":63453,"date":"2026-01-08T00:00:00","date_gmt":"2026-01-08T00:00:00","guid":{"rendered":"https:\/\/www.bymycar.fr\/webzine\/?p=63453"},"modified":"2025-12-24T11:48:43","modified_gmt":"2025-12-24T10:48:43","slug":"quelle-smart-acheter-en-2026-notre-guide-bymycar","status":"publish","type":"post","link":"https:\/\/www.bymycar.fr\/webzine\/quelle-smart-acheter-en-2026-notre-guide-bymycar\/","title":{"rendered":"Quelle Smart acheter en 2026 ? Notre guide BYmyCAR"},"content":{"rendered":"","protected":false},"excerpt":{"rendered":"","protected":false},"author":88,"featured_media":0,"comment_status":"closed","ping_status":"closed","sticky":false,"template":"","format":"standard","meta":{"_acf_changed":false,"footnotes":""},"categories":[12926],"tags":[],"class_list":["post-63453","post","type-post","status-publish","format-standard","hentry","category-guide-dachat-smart"],"acf":{"page_content":{"block_content":[{"acf_fc_layout":"text-simple","--nav":{"-withNav":false,"-ancre":""},"--group":{"-text":"<h2>Ce qu&rsquo;il faut retenir<\/h2>\n<p>Voici les mod\u00e8les Smart qui se d\u00e9marquent dans la gamme \u00e9lectrique actuelle :<\/p>\n<ul>\n<li>La Smart #1 propose le meilleur compromis global avec sa base technique d\u00e9velopp\u00e9e avec Geely, ses 5 \u00e9toiles Euro NCAP et son autonomie atteignant 440 km pour une conduite urbaine et p\u00e9riurbaine optimale ;<\/li>\n<li>La Smart #3 se distingue par sa ligne de coup\u00e9 fastback et son a\u00e9rodynamisme am\u00e9lior\u00e9, offrant jusqu&rsquo;\u00e0 455 km d&rsquo;autonomie et un habitacle familial spacieux gr\u00e2ce \u00e0 ses 13 cm suppl\u00e9mentaires ;<\/li>\n<li>La Smart #2, h\u00e9riti\u00e8re de la Fortwo, conserve le format ultra-compact embl\u00e9matique de la marque avec moins de 3,50 m de longueur, id\u00e9ale pour naviguer et se garer facilement en milieu urbain dense.<\/li>\n<\/ul>\n<p>Ces caract\u00e9ristiques font de Smart une r\u00e9f\u00e9rence incontournable dans l&rsquo;univers des v\u00e9hicules \u00e9lectriques urbains.<\/p>\n<h2>Contexte : la nouvelle Smart \u00e9lectrique<\/h2>\n<p>Le constructeur Smart s&rsquo;est compl\u00e8tement r\u00e9invent\u00e9e en devenant un fabricant de SUV et crossover 100% \u00e9lectriques. Cette transformation repose sur l&rsquo;Electric Compact Architecture d\u00e9velopp\u00e9e avec le groupe Geely de l&rsquo;Empire du Milieu, partenaire \u00e0 parts \u00e9gales avec Mercedes-Benz dans cette coentreprise.<\/p>\n<p>Les immatriculations de <a href=\"https:\/\/www.bymycar.fr\/v\/smart-electrique\" data-mce-href=\"https:\/\/www.bymycar.fr\/v\/smart-electrique\">Smart \u00e9lectrique<\/a> connaissent une progression remarquable sur le march\u00e9 europ\u00e9en. Cette dynamique confirme la pertinence d&rsquo;un constructeur sp\u00e9cialis\u00e9 dans les mod\u00e8les urbains \u00e0 batterie, parfaitement align\u00e9 avec l&rsquo;\u00e9lectrification croissante du secteur automobile.<\/p>\n<h2>Pourquoi la Smart #1, le SUV c\u0153ur de gamme<\/h2>\n<p>La Smart #1 se distingue par son excellente note de 5 \u00e9toiles au protocole Euro NCAP avec 96 % en protection adulte. Vous b\u00e9n\u00e9ficierez d&rsquo;un comportement routier exemplaire avec ce SUV urbain qui combine s\u00e9curit\u00e9 avanc\u00e9e et maniabilit\u00e9 remarquable pour vos d\u00e9placements quotidiens.<\/p>\n<table>\n<thead>\n<tr>\n<th>Version<\/th>\n<th>Puissance<\/th>\n<th>Autonomie WLTP<\/th>\n<\/tr>\n<\/thead>\n<tbody>\n<tr>\n<td>Standard<\/td>\n<td>272 ch<\/td>\n<td>420-440 km<\/td>\n<\/tr>\n<tr>\n<td>Brabus<\/td>\n<td>428 ch<\/td>\n<td>400 km<\/td>\n<\/tr>\n<\/tbody>\n<\/table>\n<p>Les essais confirment l&rsquo;excellent niveau de confort de suspension qui s&rsquo;adapte parfaitement aux irr\u00e9gularit\u00e9s de la chauss\u00e9e urbaine.<\/p>\n<h3>Cha\u00eene de traction \u00e9lectrique<\/h3>\n<p>D\u00e9velopp\u00e9e sur la plateforme Sustainable Experience Architecture (SEA) de Geely, la Smart #1 b\u00e9n\u00e9ficie d&rsquo;une transmission aux roues arri\u00e8re qui garantit une excellente motricit\u00e9. Sa batterie de 66 kWh offre une efficacit\u00e9 \u00e9nerg\u00e9tique optimale, tandis que sa configuration propulsion favorise un comportement dynamique et \u00e9quilibr\u00e9, id\u00e9al pour les trajets urbains comme p\u00e9riurbains.<\/p>\n<h2>Smart #3 ou Smart #2 : quel mod\u00e8le pour vos besoins ?<\/h2>\n<p>Si vous recherchez un v\u00e9hicule plus spacieux pour la famille, la Smart #3 est faite pour vous. Ce SUV coup\u00e9 a\u00e9rodynamique offre une agilit\u00e9 remarquable malgr\u00e9 sa taille plus imposante (4 400 mm). Avec son habitacle premium et son autonomie g\u00e9n\u00e9reuse, il convient parfaitement aux longs trajets et aux d\u00e9placements quotidiens exigeants.<\/p>\n<p>Pour la ville pure, d\u00e9couvrez la Smart #2, h\u00e9riti\u00e8re de la <a href=\"https:\/\/www.bymycar.fr\/v\/smart-fortwo-propulsion-arriere\" data-mce-href=\"https:\/\/www.bymycar.fr\/v\/smart-fortwo-propulsion-arriere\">Fortwo<\/a>. Cette citadine ultra-compacte \u00e0 deux places vous s\u00e9duira par son format r\u00e9duit et sa maniabilit\u00e9 incomparable dans les rues \u00e9troites et les parkings urbains.<\/p>\n<h2>Smart #3 : le SUV coup\u00e9 \u00e9lectrique et son int\u00e9rieur Premium<\/h2>\n<h3>Pourquoi choisir la Smart #3 ?<\/h3>\n<p>La Smart #3, d\u00e9voil\u00e9e en premi\u00e8re mondiale au salon de Shanghai, se distingue par sa ligne a\u00e9rodynamique fastback et son gabarit plus imposant, avec 13 cm de longueur suppl\u00e9mentaire par rapport \u00e0 la #1. Ce mod\u00e8le issu du partenariat entre Mercedes-Benz et Geely offre un habitacle remarquablement spacieux pour 5 personnes, garantissant une exp\u00e9rience de conduite urbaine dynamique dans un <a href=\"https:\/\/www.bymycar.fr\/v\/smart-coupe\" data-mce-href=\"https:\/\/www.bymycar.fr\/v\/smart-coupe\">SUV coup\u00e9<\/a> moderne.<\/p>\n<h3>Points cl\u00e9s de la finition Premium<\/h3>\n<p>Cr\u00e9\u00e9e par l&rsquo;\u00e9quipe de design Mercedes-Benz, la finition Premium enrichit l&rsquo;exp\u00e9rience \u00e0 bord avec un int\u00e9rieur haut de gamme en cuir, un toit panoramique vitr\u00e9 et un syst\u00e8me audio BEATS pour une acoustique raffin\u00e9e. Cette version b\u00e9n\u00e9ficie d&rsquo;une batterie de 66 kWh optimis\u00e9e par une pompe \u00e0 chaleur \u00e9conome. L&rsquo;affichage t\u00eate haute de 10 pouces compl\u00e8te l&rsquo;\u00e9cran central de 12,8 pouces, confirmant le positionnement premium du mod\u00e8le.<\/p>\n<h2>Smart Fortwo et Smart #2 : la citadine \u00e9lectrique ultra-compacte<\/h2>\n<h3>Dimensions et places de la Fortwo<\/h3>\n<p>La Smart Fortwo conserve sa posture caract\u00e9ristique avec une longueur inf\u00e9rieure \u00e0 3,50 m\u00e8tres et une configuration stricte deux places. Son coffre de 260 litres surprend pour ce gabarit ultra-compact, tandis que son poids ma\u00eetris\u00e9 garantit une agilit\u00e9 remarquable en environnement urbain dense, parfait pour le stationnement en cr\u00e9neau.<\/p>\n<h3>Automatique ou non ?<\/h3>\n<p>La Smart #2, h\u00e9riti\u00e8re moderne de la Fortwo, adopte une transmission automatique exclusive, parfaitement adapt\u00e9e \u00e0 sa motorisation 100% \u00e9lectrique. Cette configuration \u00e0 propulsion arri\u00e8re assure une conduite fluide dans le trafic urbain tout en maximisant l&rsquo;efficacit\u00e9 \u00e9nerg\u00e9tique du v\u00e9hicule pour vos trajets quotidiens.<\/p>\n<h2>Budgets et finitions Smart : nos conseillers BYmyCAR vous guident<\/h2>\n<h3>Mod\u00e8les disponibles dans l&rsquo;Union Europ\u00e9enne<\/h3>\n<p>La gamme Smart actuelle comprend principalement deux mod\u00e8les \u00e9lectriques : le SUV compact #1 et le SUV Coup\u00e9 #3. La Smart #2, h\u00e9riti\u00e8re de l&rsquo;iconique Fortwo, compl\u00e8tera prochainement cette offre pour les amateurs de format ultra-compact.<\/p>\n<h3>Accompagnement personnalis\u00e9<\/h3>\n<p>Pour d\u00e9couvrir la finition id\u00e9ale selon votre usage quotidien et votre budget, nos conseillers BYmyCAR vous accompagnent dans le choix de votre Smart \u00e9lectrique. Contactez-les pour obtenir toutes les informations sur les mod\u00e8les disponibles et les solutions de financement adapt\u00e9es \u00e0 vos besoins.<\/p>\n<h2>FAQ sur les Smart en 2026<\/h2>\n<h3>Quelle est la Smart la plus fiable en 2026 ?<\/h3>\n<p>La Smart #1 se distingue par sa fiabilit\u00e9 exceptionnelle gr\u00e2ce \u00e0 sa motorisation \u00e9lectrique simplifi\u00e9e et sa r\u00e9sistance structurelle renforc\u00e9e issue de la plateforme Geely. Son syst\u00e8me de traction \u00e9prouv\u00e9 et ses composants de qualit\u00e9 Mercedes-Benz garantissent une durabilit\u00e9 optimale pour vos d\u00e9placements quotidiens.<\/p>\n<h3>Quelles sont les dimensions de la Smart #1 ?<\/h3>\n<p>La Smart #1 mesure 4 270 mm de longueur, 1 822 mm de largeur et 1 636 mm de hauteur. Ce gabarit compact facilite le stationnement et la conduite en ville tout en offrant un espace int\u00e9rieur g\u00e9n\u00e9reux pour cinq passagers, parfait pour combiner maniabilit\u00e9 urbaine et confort familial.<\/p>\n<h3>Combien p\u00e8se la nouvelle Smart Fortwo ?<\/h3>\n<p>La Smart Fortwo affiche un poids d&rsquo;environ 1 200 kg pour la version \u00e9lectrique, incluant sa batterie. Ce poids particuli\u00e8rement contenu contribue \u00e0 son agilit\u00e9 remarquable en ville et \u00e0 sa consommation \u00e9nerg\u00e9tique ma\u00eetris\u00e9e, optimisant ainsi son autonomie pour vos trajets urbains.<\/p>\n<h3>Quel est le volume de coffre de la Smart #3 ?<\/h3>\n<p>La Smart #3 propose un coffre de 385 litres en configuration standard, un volume g\u00e9n\u00e9reux pour un SUV compact. Cet espace s&rsquo;\u00e9tend jusqu&rsquo;\u00e0 1 160 litres lorsque les si\u00e8ges arri\u00e8re sont rabattus, offrant une modularit\u00e9 remarquable pour transporter vos bagages ou vos achats volumineux.<\/p>\n<h3>Quelle est la gamme Smart disponible aujourd&rsquo;hui ?<\/h3>\n<p>La gamme Smart s&rsquo;articule autour de deux mod\u00e8les principaux 100% \u00e9lectriques : la #1 compacte et polyvalente pour un usage familial quotidien, et la #3 au style coup\u00e9 dynamique pour les conducteurs recherchant davantage d&rsquo;espace et d&rsquo;autonomie. La Smart #2, version moderne de la Fortwo, viendra bient\u00f4t compl\u00e9ter cette offre.<\/p>\n<h2>Pour en savoir plus<\/h2>\n<h3>\u00c0 lire \u00e9galement<\/h3>\n<ul>\n<li><a href=\"https:\/\/www.bymycar.fr\/webzine\/quel-est-le-prix-dune-smart\/\" data-mce-href=\"https:\/\/www.bymycar.fr\/webzine\/quel-est-le-prix-dune-smart\/\">Quel est le prix d\u2019une smart ?<\/a><\/li>\n<li><a href=\"https:\/\/www.bymycar.fr\/webzine\/quelle-smart-choisir\/\" data-mce-href=\"https:\/\/www.bymycar.fr\/webzine\/quelle-smart-choisir\/\">Quelle smart choisir ?<\/a><\/li>\n<li><a href=\"https:\/\/www.bymycar.fr\/webzine\/comment-changer-la-pile-dune-cle-smart\/\" data-mce-href=\"https:\/\/www.bymycar.fr\/webzine\/comment-changer-la-pile-dune-cle-smart\/\">Comment changer la pile d\u2019une cl\u00e9 smart ?<\/a><\/li>\n<li><a href=\"https:\/\/www.bymycar.fr\/webzine\/comment-changer-une-ampoule-sur-une-smart\/\" data-mce-href=\"https:\/\/www.bymycar.fr\/webzine\/comment-changer-une-ampoule-sur-une-smart\/\">Comment changer une ampoule sur une smart ?<\/a><\/li>\n<li><a href=\"https:\/\/www.bymycar.fr\/webzine\/smart-ou-fiat-500-quel-modele-choisir\/\" data-mce-href=\"https:\/\/www.bymycar.fr\/webzine\/smart-ou-fiat-500-quel-modele-choisir\/\">Smart ou fiat 500 : quel mod\u00e8le choisir ?<\/a><\/li>\n<li><a href=\"https:\/\/www.bymycar.fr\/webzine\/comment-changer-le-leve-vitre-dune-smart\/\" data-mce-href=\"https:\/\/www.bymycar.fr\/webzine\/comment-changer-le-leve-vitre-dune-smart\/\">Comment changer le leve vitre smart ?<\/a><\/li>\n<li><a href=\"https:\/\/www.bymycar.fr\/webzine\/comment-changer-une-roue-de-smart\/\" data-mce-href=\"https:\/\/www.bymycar.fr\/webzine\/comment-changer-une-roue-de-smart\/\">Comment changer une roue de smart ?<\/a><\/li>\n<li><a href=\"https:\/\/www.bymycar.fr\/webzine\/quels-moteurs-sur-une-smart\/\" data-mce-href=\"https:\/\/www.bymycar.fr\/webzine\/quels-moteurs-sur-une-smart\/\">Quels moteurs sur une smart ?<\/a><\/li>\n<li><a href=\"https:\/\/www.bymycar.fr\/webzine\/quel-est-le-prix-dune-smart-electrique\/\" data-mce-href=\"https:\/\/www.bymycar.fr\/webzine\/quel-est-le-prix-dune-smart-electrique\/\">Quel est le prix d\u2019une smart \u00e9lectrique ?<\/a><\/li>\n<li><a href=\"https:\/\/www.bymycar.fr\/webzine\/logo-smart-histoire-et-signification\/\" data-mce-href=\"https:\/\/www.bymycar.fr\/webzine\/logo-smart-histoire-et-signification\/\">Logo Smart : histoire et signification<\/a><\/li>\n<li><a href=\"https:\/\/www.bymycar.fr\/webzine\/tous-les-modeles-de-la-gamme-smart\/\" data-mce-href=\"https:\/\/www.bymycar.fr\/webzine\/tous-les-modeles-de-la-gamme-smart\/\">Tous les mod\u00e8les de la gamme smart<\/a><\/li>\n<\/ul>\n<h3>Sources :<\/h3>\n<ul>\n<li><a href=\"https:\/\/media.smart.com\/all-new-smart-1-is-awarded-a-five-star-euro-ncap-rating\/\" target=\"_blank\" data-mce-href=\"https:\/\/media.smart.com\/all-new-smart-1-is-awarded-a-five-star-euro-ncap-rating\/\">All-new smart #1 is Awarded a Five-Star Euro NCAP Rating<\/a><\/li>\n<li><a href=\"https:\/\/www.euroncap.com\/en\/results\/smart\/%231\/48000\" target=\"_blank\" data-mce-href=\"https:\/\/www.euroncap.com\/en\/results\/smart\/%231\/48000\">Official smart #1 2022 safety rating &#8211; Euro NCAP<\/a><\/li>\n<li><a href=\"https:\/\/www.avere-france.org\/wp-content\/uploads\/2022\/01\/D2_1_INCIT-EV_User_characterization_patterns_and_habits-1.pdf\" target=\"_blank\" data-mce-href=\"https:\/\/www.avere-france.org\/wp-content\/uploads\/2022\/01\/D2_1_INCIT-EV_User_characterization_patterns_and_habits-1.pdf\">D2.1: User characterization: patterns and habits | Avere-France<\/a><\/li>\n<\/ul>\n"}}]},"introduction":"<p>En 2026, vous d\u00e9couvrirez une <a data-mce-href=\"https:\/\/www.bymycar.fr\/marques\/smart\" href=\"https:\/\/www.bymycar.fr\/marques\/smart\">gamme Smart<\/a> enti\u00e8rement renouvel\u00e9e, fid\u00e8le \u00e0 l&rsquo;ADN innovant de la marque. Propri\u00e9t\u00e9 de Mercedes-Benz AG, Smart propose trois mod\u00e8les principaux que nos conseillers BYmyCAR vous invitent \u00e0 d\u00e9couvrir : le SUV compact #1, le SUV Coup\u00e9 #3 plus a\u00e9rodynamique, et l&rsquo;attendue Smart #2, h\u00e9riti\u00e8re de l&rsquo;iconique Fortwo. Cette marque d\u00e9sormais sp\u00e9cialis\u00e9e dans les v\u00e9hicules \u00e9lectriques transforme l&rsquo;exp\u00e9rience de mobilit\u00e9 urbaine.<\/p>\n","add-carousel-to-footer":true},"yoast_head":"<!-- This site is optimized with the Yoast SEO Premium plugin v26.4 (Yoast SEO v26.4) - https:\/\/yoast.com\/wordpress\/plugins\/seo\/ -->\n<title>Quelle Smart acheter en 2026 ? Notre guide BYmyCAR<\/title>\n<meta name=\"description\" content=\"D\u00e9couvrez quel mod\u00e8le Smart choisir en 2026 : SUV #1, coup\u00e9 #3 ou citadine #2. Nos conseillers BYmyCAR vous accompagnent.\" \/>\n<meta name=\"robots\" content=\"index, follow, max-snippet:-1, max-image-preview:large, max-video-preview:-1\" \/>\n<link rel=\"canonical\" href=\"https:\/\/www.bymycar.fr\/webzine\/quelle-smart-acheter-en-2026-notre-guide-bymycar\/\" \/>\n<meta property=\"og:locale\" content=\"fr_FR\" \/>\n<meta property=\"og:type\" content=\"article\" \/>\n<meta property=\"og:title\" content=\"Quelle Smart acheter en 2026 ? Notre guide BYmyCAR\" \/>\n<meta property=\"og:description\" content=\"D\u00e9couvrez quel mod\u00e8le Smart choisir en 2026 : SUV #1, coup\u00e9 #3 ou citadine #2. Nos conseillers BYmyCAR vous accompagnent.\" \/>\n<meta property=\"og:url\" content=\"https:\/\/www.bymycar.fr\/webzine\/quelle-smart-acheter-en-2026-notre-guide-bymycar\/\" \/>\n<meta property=\"og:site_name\" content=\"Webzine auto BYmyCAR\" \/>\n<meta property=\"article:published_time\" content=\"2026-01-08T00:00:00+00:00\" \/>\n<meta name=\"author\" content=\"La R\u00e9daction BYmyCAR\" \/>\n<meta name=\"twitter:card\" content=\"summary_large_image\" \/>\n<meta name=\"twitter:label1\" content=\"\u00c9crit par\" \/>\n\t<meta name=\"twitter:data1\" content=\"La R\u00e9daction BYmyCAR\" \/>\n<script type=\"application\/ld+json\" class=\"yoast-schema-graph\">{\"@context\":\"https:\/\/schema.org\",\"@graph\":[{\"@type\":\"Article\",\"@id\":\"https:\/\/www.bymycar.fr\/webzine\/quelle-smart-acheter-en-2026-notre-guide-bymycar\/#article\",\"isPartOf\":{\"@id\":\"https:\/\/www.bymycar.fr\/webzine\/quelle-smart-acheter-en-2026-notre-guide-bymycar\/\"},\"author\":{\"name\":\"La R\u00e9daction BYmyCAR\",\"@id\":\"https:\/\/www.bymycar.fr\/webzine\/#\/schema\/person\/8d570fe11eb8929f06c1e6d00f4d9689\"},\"headline\":\"Quelle Smart acheter en 2026 ? Notre guide BYmyCAR\",\"datePublished\":\"2026-01-08T00:00:00+00:00\",\"mainEntityOfPage\":{\"@id\":\"https:\/\/www.bymycar.fr\/webzine\/quelle-smart-acheter-en-2026-notre-guide-bymycar\/\"},\"wordCount\":7,\"publisher\":{\"@id\":\"https:\/\/www.bymycar.fr\/webzine\/#organization\"},\"articleSection\":[\"Guide d'achat smart\"],\"inLanguage\":\"fr-FR\"},{\"@type\":\"WebPage\",\"@id\":\"https:\/\/www.bymycar.fr\/webzine\/quelle-smart-acheter-en-2026-notre-guide-bymycar\/\",\"url\":\"https:\/\/www.bymycar.fr\/webzine\/quelle-smart-acheter-en-2026-notre-guide-bymycar\/\",\"name\":\"Quelle Smart acheter en 2026 ? Notre guide BYmyCAR\",\"isPartOf\":{\"@id\":\"https:\/\/www.bymycar.fr\/webzine\/#website\"},\"datePublished\":\"2026-01-08T00:00:00+00:00\",\"description\":\"D\u00e9couvrez quel mod\u00e8le Smart choisir en 2026 : SUV #1, coup\u00e9 #3 ou citadine #2. Nos conseillers BYmyCAR vous accompagnent.\",\"breadcrumb\":{\"@id\":\"https:\/\/www.bymycar.fr\/webzine\/quelle-smart-acheter-en-2026-notre-guide-bymycar\/#breadcrumb\"},\"inLanguage\":\"fr-FR\",\"potentialAction\":[{\"@type\":\"ReadAction\",\"target\":[\"https:\/\/www.bymycar.fr\/webzine\/quelle-smart-acheter-en-2026-notre-guide-bymycar\/\"]}]},{\"@type\":\"BreadcrumbList\",\"@id\":\"https:\/\/www.bymycar.fr\/webzine\/quelle-smart-acheter-en-2026-notre-guide-bymycar\/#breadcrumb\",\"itemListElement\":[{\"@type\":\"ListItem\",\"position\":1,\"name\":\"Accueil\",\"item\":\"https:\/\/www.bymycar.fr\/webzine\/\"},{\"@type\":\"ListItem\",\"position\":2,\"name\":\"Quelle Smart acheter en 2026 ? Notre guide BYmyCAR\"}]},{\"@type\":\"WebSite\",\"@id\":\"https:\/\/www.bymycar.fr\/webzine\/#website\",\"url\":\"https:\/\/www.bymycar.fr\/webzine\/\",\"name\":\"Webzine auto BYmyCAR\",\"description\":\"La magazine auto de BYmyCAR\",\"publisher\":{\"@id\":\"https:\/\/www.bymycar.fr\/webzine\/#organization\"},\"potentialAction\":[{\"@type\":\"SearchAction\",\"target\":{\"@type\":\"EntryPoint\",\"urlTemplate\":\"https:\/\/www.bymycar.fr\/webzine\/?s={search_term_string}\"},\"query-input\":{\"@type\":\"PropertyValueSpecification\",\"valueRequired\":true,\"valueName\":\"search_term_string\"}}],\"inLanguage\":\"fr-FR\"},{\"@type\":\"Organization\",\"@id\":\"https:\/\/www.bymycar.fr\/webzine\/#organization\",\"name\":\"BYmyCAR\",\"url\":\"https:\/\/www.bymycar.fr\/webzine\/\",\"logo\":{\"@type\":\"ImageObject\",\"inLanguage\":\"fr-FR\",\"@id\":\"https:\/\/www.bymycar.fr\/webzine\/#\/schema\/logo\/image\/\",\"url\":\"https:\/\/cdn.bymycar.eu\/fr-webzine\/wp-content\/uploads\/medias\/2017\/08\/logo_DEALER_00000406_001.png\",\"contentUrl\":\"https:\/\/cdn.bymycar.eu\/fr-webzine\/wp-content\/uploads\/medias\/2017\/08\/logo_DEALER_00000406_001.png\",\"width\":2132,\"height\":720,\"caption\":\"BYmyCAR\"},\"image\":{\"@id\":\"https:\/\/www.bymycar.fr\/webzine\/#\/schema\/logo\/image\/\"}},{\"@type\":\"Person\",\"@id\":\"https:\/\/www.bymycar.fr\/webzine\/#\/schema\/person\/8d570fe11eb8929f06c1e6d00f4d9689\",\"name\":\"La R\u00e9daction BYmyCAR\",\"image\":{\"@type\":\"ImageObject\",\"inLanguage\":\"fr-FR\",\"@id\":\"https:\/\/www.bymycar.fr\/webzine\/#\/schema\/person\/image\/\",\"url\":\"https:\/\/secure.gravatar.com\/avatar\/1aa6b039d0ce106989923af4e2d0f2a0c82bb070d5e449f1b9adf082a5863900?s=96&d=mm&r=g\",\"contentUrl\":\"https:\/\/secure.gravatar.com\/avatar\/1aa6b039d0ce106989923af4e2d0f2a0c82bb070d5e449f1b9adf082a5863900?s=96&d=mm&r=g\",\"caption\":\"La R\u00e9daction BYmyCAR\"},\"sameAs\":[\"https:\/\/www.bymycar.fr\/\"]}]}<\/script>\n<!-- \/ Yoast SEO Premium plugin. -->","yoast_head_json":{"title":"Quelle Smart acheter en 2026 ? Notre guide BYmyCAR","description":"D\u00e9couvrez quel mod\u00e8le Smart choisir en 2026 : SUV #1, coup\u00e9 #3 ou citadine #2. Nos conseillers BYmyCAR vous accompagnent.","robots":{"index":"index","follow":"follow","max-snippet":"max-snippet:-1","max-image-preview":"max-image-preview:large","max-video-preview":"max-video-preview:-1"},"canonical":"https:\/\/www.bymycar.fr\/webzine\/quelle-smart-acheter-en-2026-notre-guide-bymycar\/","og_locale":"fr_FR","og_type":"article","og_title":"Quelle Smart acheter en 2026 ? Notre guide BYmyCAR","og_description":"D\u00e9couvrez quel mod\u00e8le Smart choisir en 2026 : SUV #1, coup\u00e9 #3 ou citadine #2. Nos conseillers BYmyCAR vous accompagnent.","og_url":"https:\/\/www.bymycar.fr\/webzine\/quelle-smart-acheter-en-2026-notre-guide-bymycar\/","og_site_name":"Webzine auto BYmyCAR","article_published_time":"2026-01-08T00:00:00+00:00","author":"La R\u00e9daction BYmyCAR","twitter_card":"summary_large_image","twitter_misc":{"\u00c9crit par":"La R\u00e9daction BYmyCAR"},"schema":{"@context":"https:\/\/schema.org","@graph":[{"@type":"Article","@id":"https:\/\/www.bymycar.fr\/webzine\/quelle-smart-acheter-en-2026-notre-guide-bymycar\/#article","isPartOf":{"@id":"https:\/\/www.bymycar.fr\/webzine\/quelle-smart-acheter-en-2026-notre-guide-bymycar\/"},"author":{"name":"La R\u00e9daction BYmyCAR","@id":"https:\/\/www.bymycar.fr\/webzine\/#\/schema\/person\/8d570fe11eb8929f06c1e6d00f4d9689"},"headline":"Quelle Smart acheter en 2026 ? Notre guide BYmyCAR","datePublished":"2026-01-08T00:00:00+00:00","mainEntityOfPage":{"@id":"https:\/\/www.bymycar.fr\/webzine\/quelle-smart-acheter-en-2026-notre-guide-bymycar\/"},"wordCount":7,"publisher":{"@id":"https:\/\/www.bymycar.fr\/webzine\/#organization"},"articleSection":["Guide d'achat smart"],"inLanguage":"fr-FR"},{"@type":"WebPage","@id":"https:\/\/www.bymycar.fr\/webzine\/quelle-smart-acheter-en-2026-notre-guide-bymycar\/","url":"https:\/\/www.bymycar.fr\/webzine\/quelle-smart-acheter-en-2026-notre-guide-bymycar\/","name":"Quelle Smart acheter en 2026 ? Notre guide BYmyCAR","isPartOf":{"@id":"https:\/\/www.bymycar.fr\/webzine\/#website"},"datePublished":"2026-01-08T00:00:00+00:00","description":"D\u00e9couvrez quel mod\u00e8le Smart choisir en 2026 : SUV #1, coup\u00e9 #3 ou citadine #2. Nos conseillers BYmyCAR vous accompagnent.","breadcrumb":{"@id":"https:\/\/www.bymycar.fr\/webzine\/quelle-smart-acheter-en-2026-notre-guide-bymycar\/#breadcrumb"},"inLanguage":"fr-FR","potentialAction":[{"@type":"ReadAction","target":["https:\/\/www.bymycar.fr\/webzine\/quelle-smart-acheter-en-2026-notre-guide-bymycar\/"]}]},{"@type":"BreadcrumbList","@id":"https:\/\/www.bymycar.fr\/webzine\/quelle-smart-acheter-en-2026-notre-guide-bymycar\/#breadcrumb","itemListElement":[{"@type":"ListItem","position":1,"name":"Accueil","item":"https:\/\/www.bymycar.fr\/webzine\/"},{"@type":"ListItem","position":2,"name":"Quelle Smart acheter en 2026 ? Notre guide BYmyCAR"}]},{"@type":"WebSite","@id":"https:\/\/www.bymycar.fr\/webzine\/#website","url":"https:\/\/www.bymycar.fr\/webzine\/","name":"Webzine auto BYmyCAR","description":"La magazine auto de BYmyCAR","publisher":{"@id":"https:\/\/www.bymycar.fr\/webzine\/#organization"},"potentialAction":[{"@type":"SearchAction","target":{"@type":"EntryPoint","urlTemplate":"https:\/\/www.bymycar.fr\/webzine\/?s={search_term_string}"},"query-input":{"@type":"PropertyValueSpecification","valueRequired":true,"valueName":"search_term_string"}}],"inLanguage":"fr-FR"},{"@type":"Organization","@id":"https:\/\/www.bymycar.fr\/webzine\/#organization","name":"BYmyCAR","url":"https:\/\/www.bymycar.fr\/webzine\/","logo":{"@type":"ImageObject","inLanguage":"fr-FR","@id":"https:\/\/www.bymycar.fr\/webzine\/#\/schema\/logo\/image\/","url":"https:\/\/cdn.bymycar.eu\/fr-webzine\/wp-content\/uploads\/medias\/2017\/08\/logo_DEALER_00000406_001.png","contentUrl":"https:\/\/cdn.bymycar.eu\/fr-webzine\/wp-content\/uploads\/medias\/2017\/08\/logo_DEALER_00000406_001.png","width":2132,"height":720,"caption":"BYmyCAR"},"image":{"@id":"https:\/\/www.bymycar.fr\/webzine\/#\/schema\/logo\/image\/"}},{"@type":"Person","@id":"https:\/\/www.bymycar.fr\/webzine\/#\/schema\/person\/8d570fe11eb8929f06c1e6d00f4d9689","name":"La R\u00e9daction BYmyCAR","image":{"@type":"ImageObject","inLanguage":"fr-FR","@id":"https:\/\/www.bymycar.fr\/webzine\/#\/schema\/person\/image\/","url":"https:\/\/secure.gravatar.com\/avatar\/1aa6b039d0ce106989923af4e2d0f2a0c82bb070d5e449f1b9adf082a5863900?s=96&d=mm&r=g","contentUrl":"https:\/\/secure.gravatar.com\/avatar\/1aa6b039d0ce106989923af4e2d0f2a0c82bb070d5e449f1b9adf082a5863900?s=96&d=mm&r=g","caption":"La R\u00e9daction BYmyCAR"},"sameAs":["https:\/\/www.bymycar.fr\/"]}]}},"_links":{"self":[{"href":"https:\/\/www.bymycar.fr\/webzine\/wp-json\/wp\/v2\/posts\/63453","targetHints":{"allow":["GET"]}}],"collection":[{"href":"https:\/\/www.bymycar.fr\/webzine\/wp-json\/wp\/v2\/posts"}],"about":[{"href":"https:\/\/www.bymycar.fr\/webzine\/wp-json\/wp\/v2\/types\/post"}],"author":[{"embeddable":true,"href":"https:\/\/www.bymycar.fr\/webzine\/wp-json\/wp\/v2\/users\/88"}],"replies":[{"embeddable":true,"href":"https:\/\/www.bymycar.fr\/webzine\/wp-json\/wp\/v2\/comments?post=63453"}],"version-history":[{"count":1,"href":"https:\/\/www.bymycar.fr\/webzine\/wp-json\/wp\/v2\/posts\/63453\/revisions"}],"predecessor-version":[{"id":63482,"href":"https:\/\/www.bymycar.fr\/webzine\/wp-json\/wp\/v2\/posts\/63453\/revisions\/63482"}],"wp:attachment":[{"href":"https:\/\/www.bymycar.fr\/webzine\/wp-json\/wp\/v2\/media?parent=63453"}],"wp:term":[{"taxonomy":"category","embeddable":true,"href":"https:\/\/www.bymycar.fr\/webzine\/wp-json\/wp\/v2\/categories?post=63453"},{"taxonomy":"post_tag","embeddable":true,"href":"https:\/\/www.bymycar.fr\/webzine\/wp-json\/wp\/v2\/tags?post=63453"}],"curies":[{"name":"wp","href":"https:\/\/api.w.org\/{rel}","templated":true}]}}