{"id":63362,"date":"2026-01-02T00:00:00","date_gmt":"2026-01-02T00:00:00","guid":{"rendered":"https:\/\/www.bymycar.fr\/webzine\/?p=63362"},"modified":"2026-01-09T15:44:57","modified_gmt":"2026-01-09T14:44:57","slug":"comment-choisir-la-finition-de-mon-alfa-romeo-junior","status":"publish","type":"post","link":"https:\/\/www.bymycar.fr\/webzine\/comment-choisir-la-finition-de-mon-alfa-romeo-junior\/","title":{"rendered":"Comment choisir la finition de mon Alfa Romeo Junior ?"},"content":{"rendered":"","protected":false},"excerpt":{"rendered":"","protected":false},"author":88,"featured_media":0,"comment_status":"closed","ping_status":"open","sticky":false,"template":"","format":"standard","meta":{"_acf_changed":false,"footnotes":""},"categories":[12923],"tags":[],"class_list":["post-63362","post","type-post","status-publish","format-standard","hentry","category-guide-dachat-alfa-romeo"],"acf":{"page_content":{"block_content":[{"acf_fc_layout":"text-simple","--nav":{"-withNav":false,"-ancre":""},"--group":{"-text":"<h2>Ce qu&rsquo;il faut retenir<\/h2>\n<ul>\n<li><strong>Choisissez votre motorisation selon votre usage<\/strong> : l&rsquo;Alfa Romeo Junior Ibrida hybride 48 V (136-145 ch) convient parfaitement aux trajets mixtes et longs parcours, tandis que l&rsquo;Elettrica (156 ch ou 280 ch en Veloce) s&rsquo;adapte id\u00e9alement \u00e0 un usage urbain et p\u00e9riurbain avec jusqu&rsquo;\u00e0 414 km d&rsquo;autonomie ;<\/li>\n<li><strong>Adaptez la finition \u00e0 vos besoins r\u00e9els<\/strong> : la finition Junior offre d\u00e9j\u00e0 un \u00e9quipement complet en entr\u00e9e de gamme, la Techno et Premium enrichissent le confort et la technologie, tandis que les versions Sport et Veloce s&rsquo;adressent aux conducteurs recherchant un caract\u00e8re plus sportif ;<\/li>\n<li><strong>Configurez selon votre budget et priorit\u00e9s<\/strong> : nos conseillers BYmyCAR vous accompagnent pour choisir la configuration optimale entre les diff\u00e9rents packs (Techno, Sport, Premium) sans surco\u00fbt inutile, en privil\u00e9giant les \u00e9quipements r\u00e9ellement utiles \u00e0 votre style de conduite.<\/li>\n<\/ul>\n<h2>Comprendre la gamme Alfa Romeo Junior : hybride, \u00e9lectrique et finitions<\/h2>\n<h3>Les niveaux de finition : Junior, Techno, Premium<\/h3>\n<p>L&rsquo;<a href=\"https:\/\/www.bymycar.fr\/v\/alfa-romeo-suv\" data-mce-href=\"https:\/\/www.bymycar.fr\/v\/alfa-romeo-suv\">Alfa Romeo SUV<\/a> Junior propose une gamme structur\u00e9e autour de deux motorisations principales. La version hybride 48 V (1.2 Ibrida) d\u00e9veloppe entre 136 et 145 ch gr\u00e2ce \u00e0 un trois cylindres turbo associ\u00e9 \u00e0 un moteur \u00e9lectrique de 21 kW. La version \u00e9lectrique (Elettrica) offre 156 ch en configuration standard. En entr\u00e9e de gamme, la finition Junior propose d\u00e9j\u00e0 un \u00e9quipement complet avec syst\u00e8mes d&rsquo;aide \u00e0 la conduite et connectivit\u00e9. La finition Techno enrichit l&rsquo;exp\u00e9rience avec un syst\u00e8me multim\u00e9dia plus \u00e9volu\u00e9 et des \u00e9quipements de confort suppl\u00e9mentaires, tandis que la finition Premium ajoute des \u00e9l\u00e9ments de style distinctifs et des technologies avanc\u00e9es.<\/p>\n<h3>S\u00e9rie Speciale et version Veloce<\/h3>\n<p>Pour les conducteurs recherchant plus d&rsquo;exclusivit\u00e9, la finition Speciale (remplac\u00e9e r\u00e9cemment par la Sport Speciale) offre des choix stylistiques exclusifs comme un kit carrosserie noir brillant avec inserts argent\u00e9s, des jantes alliage 18 pouces sp\u00e9cifiques et des badges distinctifs. Au sommet de la gamme, la version Veloce, disponible uniquement en \u00e9lectrique, repr\u00e9sente la d\u00e9clinaison la plus sportive et performante avec ses 280 ch. Elle se distingue par ses jantes alliage Venti 20 pouces, ses r\u00e9glages de ch\u00e2ssis optimis\u00e9s et ses \u00e9l\u00e9ments de design sp\u00e9cifiques con\u00e7us pour exprimer pleinement l&rsquo;ADN sportif de la marque italienne.<\/p>\n<h2>Choisir la motorisation Alfa Romeo Junior : Ibrida ou Elettrica<\/h2>\n<h3>Points forts de l&rsquo;Ibrida 48 V<\/h3>\n<p>La motorisation hybride Alfa Romeo Junior Ibrida se distingue par son syst\u00e8me 48 V associant un moteur 1.2 turbo trois cylindres \u00e0 un moteur \u00e9lectrique de 21 kW. D\u00e9veloppant jusqu&rsquo;\u00e0 145 ch, cette technologie offre une efficience \u00e9nerg\u00e9tique remarquable gr\u00e2ce \u00e0 sa bo\u00eete automatique eDCT6 \u00e0 double embrayage. Id\u00e9ale pour les trajets mixtes, elle combine sobri\u00e9t\u00e9 (5,9 l\/100 km \u00e0 110 km\/h) et performances dynamiques avec un 0 \u00e0 100 km\/h en 8,9 secondes. Cette version s&rsquo;adresse aux conducteurs recherchant polyvalence et agr\u00e9ment de conduite, sans contrainte d&rsquo;autonomie sur longs parcours.<\/p>\n<h3>Avantages de l&rsquo;Alfa Romeo Junior Elettrica<\/h3>\n<p>L&rsquo;<a href=\"https:\/\/www.bymycar.fr\/marques\/alfa-romeo\/junior-elettrica\" data-mce-href=\"https:\/\/www.bymycar.fr\/marques\/alfa-romeo\/junior-elettrica\">Alfa Romeo Junior Elettrica<\/a> propose une exp\u00e9rience 100 % \u00e9lectrique d\u00e9clin\u00e9e en deux versions : 156 ch en entr\u00e9e de gamme et 280 ch pour la version Veloce. \u00c9quip\u00e9e d&rsquo;une batterie offrant jusqu&rsquo;\u00e0 414 km d&rsquo;autonomie WLTP, elle se r\u00e9v\u00e8le parfaitement adapt\u00e9e aux trajets urbains et p\u00e9riurbains. Son moteur \u00e9lectrique d\u00e9livre couple instantan\u00e9 et acc\u00e9l\u00e9rations franches, sans \u00e9mission de CO2. Cette version convient particuli\u00e8rement aux conducteurs ayant acc\u00e8s facile \u00e0 la recharge et privil\u00e9giant une conduite silencieuse et \u00e9cologique, tout en conservant l&rsquo;ADN sportif caract\u00e9ristique de la marque italienne.<\/p>\n<h2>D\u00e9finir ses priorit\u00e9s d&rsquo;\u00e9quipement et d&rsquo;int\u00e9rieur<\/h2>\n<p>Pour un usage quotidien, la finition de base de l&rsquo;Alfa Romeo Junior hybride offre d\u00e9j\u00e0 l&rsquo;essentiel avec ses aides \u00e0 la conduite, sa connectivit\u00e9 smartphone et ses \u00e9quipements de s\u00e9curit\u00e9 complets. Les conducteurs recherchant davantage de confort pourront se tourner vers les finitions sup\u00e9rieures comme l&rsquo;Intensa ou la Ti, qui ajoutent des \u00e9quipements int\u00e9rieurs plus raffin\u00e9s et des technologies avanc\u00e9es.<\/p>\n<h3>Confort connect\u00e9 : Apple CarPlay, cam\u00e9ra de recul, aide au stationnement<\/h3>\n<p>Les technologies embarqu\u00e9es constituent un crit\u00e8re de choix essentiel pour votre Alfa Romeo Junior. <\/p>\n<p>Selon votre finition, vous b\u00e9n\u00e9ficierez de diff\u00e9rents niveaux d&rsquo;\u00e9quipements connect\u00e9s :<\/p>\n<ul>\n<li>Syst\u00e8me d&rsquo;infodivertissement avec \u00e9cran tactile 10,25&Prime; compatible Apple CarPlay et Android Auto sans fil ;<\/li>\n<li>Capteurs de stationnement arri\u00e8re sur les finitions de base, \u00e9voluant vers un syst\u00e8me 360\u00b0 avec cam\u00e9ra de recul sur les versions sup\u00e9rieures ;<\/li>\n<li>Syst\u00e8me de navigation int\u00e9gr\u00e9 avec information sur les panneaux de signalisation pour les finitions enrichies ;<\/li>\n<li>Tableau de bord num\u00e9rique personnalisable \u00ab\u00a0Cannocchiale\u00a0\u00bb de 10,25&Prime; offrant une exp\u00e9rience immersive.<\/li>\n<\/ul>\n<p>Pour un confort optimal au quotidien, nos conseillers BYmyCAR vous aideront \u00e0 choisir la configuration id\u00e9ale selon vos besoins r\u00e9els d&rsquo;utilisation.<\/p>\n<h2>Finitions hautes, Sport et Veloce : pour quel profil ?<\/h2>\n<h3>Atouts de la finition Sport<\/h3>\n<p>La finition Sport de l&rsquo;Alfa Romeo Junior se distingue par son caract\u00e8re dynamique et sa pr\u00e9sentation exclusive. Avec ses jantes alliage de 18 pouces, ses si\u00e8ges sport en Alcantara noir perfor\u00e9 et ses surpiq\u00fbres contrast\u00e9es Ice, elle offre une v\u00e9ritable identit\u00e9 visuelle. Cette finition premium s&rsquo;adresse aux conducteurs recherchant un style affirm\u00e9 sans sacrifier le raffinement. Le pack Sport optionnel enrichit l&rsquo;exp\u00e9rience avec des si\u00e8ges baquets Sabelt et des inserts en Alcantara, garantissant un maintien optimal lors d&rsquo;une conduite plus sportive.<\/p>\n<h3>Pourquoi choisir la version Veloce<\/h3>\n<p>La version Veloce repr\u00e9sente le summum de la gamme Junior, particuli\u00e8rement en configuration \u00e9lectrique avec ses 280 ch. Elle se distingue par un ch\u00e2ssis sp\u00e9cifiquement optimis\u00e9, des freins plus performants et une hauteur abaiss\u00e9e pour un comportement routier exceptionnel. \u00c9quip\u00e9e d&rsquo;un diff\u00e9rentiel Torsen, elle assure un maintien dans la voie irr\u00e9prochable et une tenue de route exemplaire. Cette d\u00e9clinaison s&rsquo;adresse aux passionn\u00e9s qui appr\u00e9cient la conduite dynamique et l&rsquo;ADN sportif d&rsquo;Alfa Romeo, tout en b\u00e9n\u00e9ficiant d&rsquo;\u00e9quipements exclusifs comme le combin\u00e9 d&rsquo;instruments \u00ab\u00a0Cannocchiale\u00a0\u00bb personnalisable de 10,25 pouces.<\/p>\n<h2>R\u00f4le des packs et s\u00e9ries sp\u00e9ciales : optimiser votre Junior selon vos besoins<\/h2>\n<table>\n<thead>\n<tr>\n<th>Pack<\/th>\n<th>B\u00e9n\u00e9fices<\/th>\n<\/tr>\n<\/thead>\n<tbody>\n<tr>\n<td>Pack Techno<\/td>\n<td>Aides \u00e0 la conduite avanc\u00e9es, services connect\u00e9s, syst\u00e8me d&rsquo;infodivertissement 10,1&Prime; tactile, chargeur \u00e0 induction<\/td>\n<\/tr>\n<tr>\n<td>Pack Sport<\/td>\n<td>Si\u00e8ges sport Sabelt, sellerie et inserts en Alcantara, style ext\u00e9rieur sportif, ch\u00e2ssis optimis\u00e9<\/td>\n<\/tr>\n<tr>\n<td>Pack Premium<\/td>\n<td>Cargo flex kit, vitres arri\u00e8re surteint\u00e9es, volant cuir, kit carrosserie noir, si\u00e8ges chauffants et massants<\/td>\n<\/tr>\n<tr>\n<td>Finition Techno<\/td>\n<td>Apple CarPlay\/Android Auto sans fil, conduite autonome de niveau sup\u00e9rieur, prises USB A et C<\/td>\n<\/tr>\n<tr>\n<td>S\u00e9rie Speciale<\/td>\n<td>Combinaison \u00e9quilibr\u00e9e des meilleurs \u00e9l\u00e9ments (Techno, Premium, Sport) avec jantes 18&Prime; exclusives<\/td>\n<\/tr>\n<\/tbody>\n<\/table>\n<p>Pour une configuration parfaitement adapt\u00e9e \u00e0 vos besoins et usages quotidiens, nos conseillers BYmyCAR vous accompagnent dans le choix des packs les plus pertinents pour votre Alfa Romeo Junior, sans surco\u00fbt inutile tout en garantissant l&rsquo;exp\u00e9rience premium attendue.<\/p>\n<h2>Comparatif des finitions Alfa Romeo Junior<\/h2>\n<h3>Tableau r\u00e9capitulatif des \u00e9quipements par finition<\/h3>\n<table>\n<thead>\n<tr>\n<th>Finition<\/th>\n<th>Design<\/th>\n<th>Technologie<\/th>\n<th>Aides \u00e0 la conduite<\/th>\n<\/tr>\n<\/thead>\n<tbody>\n<tr>\n<td>Junior<\/td>\n<td>Jantes alliage, phares LED<\/td>\n<td>\u00c9cran tactile 10,25&Prime;, tableau de bord num\u00e9rique, 2 ports USB<\/td>\n<td>Freinage d&rsquo;urgence automatique, r\u00e9gulateur de vitesse<\/td>\n<\/tr>\n<tr>\n<td>Techno<\/td>\n<td>Inserts chrom\u00e9s, vitres arri\u00e8re surteint\u00e9es<\/td>\n<td>Navigation int\u00e9gr\u00e9e, commandes vocales, Bluetooth<\/td>\n<td>Surveillance des angles morts, aide au stationnement<\/td>\n<\/tr>\n<tr>\n<td>Premium<\/td>\n<td>Sellerie Spiga haute qualit\u00e9, finitions int\u00e9rieures raffin\u00e9es<\/td>\n<td>Chargeur \u00e0 induction, syst\u00e8me audio am\u00e9lior\u00e9<\/td>\n<td>Conduite semi-autonome niveau 2, cam\u00e9ra de recul<\/td>\n<\/tr>\n<tr>\n<td>Sport<\/td>\n<td>Jantes 18&Prime;, d\u00e9tails ext\u00e9rieurs sportifs, suspension sp\u00e9cifique<\/td>\n<td>Services Alfa Connect, assistant vocal avec ChatGPT<\/td>\n<td>Reconnaissance des panneaux, alerte de franchissement de ligne<\/td>\n<\/tr>\n<tr>\n<td>Speciale<\/td>\n<td>Design exclusif, accents rouges distinctifs<\/td>\n<td>Chargeur embarqu\u00e9 11 kW (\u00e9lectrique), navigation avanc\u00e9e<\/td>\n<td>Suite compl\u00e8te ADAS, stationnement semi-automatique<\/td>\n<\/tr>\n<tr>\n<td>Veloce<\/td>\n<td>Jantes alliage 20&Prime; Venti, kit carrosserie sport, hauteur abaiss\u00e9e<\/td>\n<td>Modes de conduite sp\u00e9cifiques, affichage sport<\/td>\n<td>Freins performants, gestion \u00e9lectronique de la motricit\u00e9<\/td>\n<\/tr>\n<\/tbody>\n<\/table>\n<h3>Configurations recommand\u00e9es selon votre usage<\/h3>\n<p>Pour un usage urbain, la dotation de s\u00e9rie de la finition Junior Ibrida (145 ch) offre l&rsquo;essentiel avec un excellent rapport qualit\u00e9-prix. Sa motorisation hybride 48 V permet une conduite souple en ville tout en ma\u00eetrisant la consommation.<\/p>\n<p>Pour un usage routier, la configuration Premium en version Ibrida Q4 repr\u00e9sente le meilleur compromis avec sa transmission int\u00e9grale, id\u00e9ale pour les longs trajets et conditions difficiles. Son \u00e9quipement technologique avanc\u00e9 et son confort sup\u00e9rieur justifient l&rsquo;investissement.<\/p>\n<p>Pour un usage familial, la finition Techno en version Elettrica (156 ch) combine praticit\u00e9 quotidienne et z\u00e9ro \u00e9mission. Son autonomie de plus de 400 km convient parfaitement aux trajets quotidiens, tandis que ses \u00e9quipements de s\u00e9curit\u00e9 rassurent avec enfants \u00e0 bord.<\/p>\n<h3>Conseils BYmyCAR pour configurer votre Alfa Romeo Junior<\/h3>\n<p>Chez BYmyCAR, nous vous recommandons de privil\u00e9gier les configurations qui correspondent pr\u00e9cis\u00e9ment \u00e0 vos besoins plut\u00f4t que d&rsquo;opter syst\u00e9matiquement pour le haut de gamme. Pour une utilisation majoritairement urbaine, la version Elettrica Speciale offre un \u00e9quilibre parfait entre prestations premium et tarif ma\u00eetris\u00e9.<\/p>\n<p>Les conducteurs recherchant des sensations sportives appr\u00e9cieront la Veloce \u00e9lectrique et ses 280 ch, v\u00e9ritable compacte sportive au quotidien. Pour ceux pr\u00e9f\u00e9rant l&rsquo;hybride, la version Q4 avec ses deux moteurs \u00e9lectriques de 21 kW garantit polyvalence et plaisir de conduite en toutes conditions.<\/p>\n<p>Pour d\u00e9couvrir l&rsquo;ensemble des configurations disponibles et b\u00e9n\u00e9ficier de conseils personnalis\u00e9s, n&rsquo;h\u00e9sitez pas \u00e0 contacter nos conseillers BYmyCAR qui vous guideront vers la Junior id\u00e9alement adapt\u00e9e \u00e0 votre style de vie.<\/p>\n<h2>Dimensions et habitacle du SUV Alfa Romeo Junior<\/h2>\n<h3>Dimensions ext\u00e9rieures et volume du coffre<\/h3>\n<p>L&rsquo;Alfa Romeo Junior affiche des dimensions parfaitement adapt\u00e9es \u00e0 un <a data-mce-href=\"https:\/\/www.bymycar.fr\/v\/suv\" href=\"https:\/\/www.bymycar.fr\/v\/suv\">SUV compact<\/a> sportif avec 4 173 mm de longueur, 1 781 mm de largeur (hors r\u00e9troviseurs) et une hauteur variant entre 1 532 et 1 544 mm selon les versions. Cette silhouette compacte dissimule un volume de coffre particuli\u00e8rement g\u00e9n\u00e9reux : jusqu&rsquo;\u00e0 415 litres pour la version Ibrida et 400 litres pour l&rsquo;Elettrica, offrant suffisamment d&rsquo;espace pour vos bagages et objets du quotidien. La modularit\u00e9 int\u00e9rieure permet d&rsquo;adapter facilement l&rsquo;espace selon vos besoins avec un plancher de coffre ajustable sur certaines finitions.<\/p>\n<h3>Style Alfa Romeo et qualit\u00e9 de l&rsquo;habitacle<\/h3>\n<p>L&rsquo;habitacle de <a data-mce-href=\"https:\/\/www.bymycar.fr\/marques\/alfa-romeo\" href=\"https:\/\/www.bymycar.fr\/marques\/alfa-romeo\">l&rsquo;Alfa Romeo<\/a> Junior refl\u00e8te l&rsquo;ADN sportif de la marque italienne avec une attention m\u00e9ticuleuse port\u00e9e aux d\u00e9tails. Le design int\u00e9rieur allie \u00e9l\u00e9gance et sportivit\u00e9 avec des mat\u00e9riaux soign\u00e9s et une ergonomie pens\u00e9e pour le conducteur. Les finitions sup\u00e9rieures proposent des touches d&rsquo;Alcantara sur le tableau de bord et les si\u00e8ges, rehauss\u00e9es de surpiq\u00fbres rouges pour affirmer le caract\u00e8re sportif du v\u00e9hicule. \u00c0 l&rsquo;ext\u00e9rieur, les feux arri\u00e8re full LED, signature lumineuse distinctive de la marque, soulignent la silhouette dynamique du SUV et renforcent son identit\u00e9 visuelle, m\u00eame de nuit.<\/p>\n<h2>FAQ : Alfa Romeo Junior<\/h2>\n<h3>Quelle finition Alfa Romeo Junior est la plus adapt\u00e9e pour un usage urbain ?<\/h3>\n<p>La finition Premium de l&rsquo;Alfa Romeo Junior est sp\u00e9cialement con\u00e7ue pour l&rsquo;usage urbain avec ses \u00e9l\u00e9ments de design distinctifs et sa sellerie bi-mati\u00e8re. Son syst\u00e8me hybride avanc\u00e9 optimise la consommation en circulation citadine.<\/p>\n<h3>L&rsquo;Alfa Romeo Junior Veloce est-elle uniquement \u00e9lectrique ?<\/h3>\n<p>Oui, l&rsquo;Alfa Romeo Junior Veloce est exclusivement propos\u00e9e en version \u00e9lectrique avec une puissance impressionnante de 280 ch. Cette d\u00e9clinaison sportive repr\u00e9sente le haut de gamme de la motorisation \u00e9lectrique, compl\u00e9tant la version standard de 156 ch.<\/p>\n<h3>Quelles dimensions pour le coffre de l&rsquo;Alfa Romeo Junior ?<\/h3>\n<p>L&rsquo;Alfa Romeo Junior offre un volume de coffre g\u00e9n\u00e9reux de 415 litres pour la version hybride standard et 400 litres pour la version \u00e9lectrique. La variante hybride Q4 \u00e0 transmission int\u00e9grale dispose quant \u00e0 elle de 340 litres d&rsquo;espace de chargement.<\/p>\n<h2>Pour en savoir plus<\/h2>\n<h3>Sources :<\/h3>\n<ul>\n<li><a href=\"https:\/\/www.alfaromeo.fr\/modeles\/junior-ibrida\" target=\"_blank\" data-mce-href=\"https:\/\/www.alfaromeo.fr\/modeles\/junior-ibrida\">Alfa Romeo Junior Ibrida: D\u00e9couvrez la puissance<\/a>\u200b<\/li>\n<li><a href=\"https:\/\/www.alfaromeo.fr\/modeles\/junior-elettrica\" target=\"_blank\" data-mce-href=\"https:\/\/www.alfaromeo.fr\/modeles\/junior-elettrica\">Alfa Romeo Junior Elettrica | Voiture \u00e9lectrique<\/a>\u200b<\/li>\n<li><a href=\"https:\/\/www.alfaromeo.it\/modelli\/junior-ibrida\" target=\"_blank\" data-mce-href=\"https:\/\/www.alfaromeo.it\/modelli\/junior-ibrida\">Alfa Romeo Junior Ibrida | Auto Compatta<\/a>\u200b<\/li>\n<li><a href=\"https:\/\/www.alfaromeo.ch\/content\/dam\/alfa\/ch\/pricelists\/2024\/09\/Alfa-Romeo-Junior-MY24-2024-09-30-chIT.pdf\" target=\"_blank\" data-mce-href=\"https:\/\/www.alfaromeo.ch\/content\/dam\/alfa\/ch\/pricelists\/2024\/09\/Alfa-Romeo-Junior-MY24-2024-09-30-chIT.pdf\">Alfa-Romeo-Junior-MY24-2024-09-30-chIT.pdf<\/a>\u200b<\/li>\n<\/ul>\n"}}]},"introduction":"<p>Le nouveau mod\u00e8le <a data-mce-href=\"https:\/\/www.bymycar.fr\/v\/alfa-romeo-junior\" href=\"https:\/\/www.bymycar.fr\/v\/alfa-romeo-junior\">Alfa Romeo Junior<\/a> s\u00e9duit par son design sportif et sa polyvalence exceptionnelle. Choisir la bonne finition consiste \u00e0 faire co\u00efncider votre budget, le type de motorisation et les \u00e9quipements r\u00e9ellement utiles, plut\u00f4t que viser syst\u00e9matiquement le haut de gamme. Disponible en versions hybride (Ibrida) et \u00e9lectrique (Elettrica), ce v\u00e9hicule compact propos\u00e9 par BYmyCAR s&rsquo;adapte \u00e0 tous vos besoins. Comment d\u00e9terminer la configuration id\u00e9ale selon votre usage quotidien, qu&rsquo;il soit urbain, autoroutier ou mixte ?<\/p>\n","add-carousel-to-footer":true},"yoast_head":"<!-- This site is optimized with the Yoast SEO Premium plugin v26.4 (Yoast SEO v26.4) - https:\/\/yoast.com\/wordpress\/plugins\/seo\/ -->\n<title>Comment choisir la finition de mon Alfa Romeo Junior ?<\/title>\n<meta name=\"description\" content=\"D\u00e9couvrez comment choisir la finition id\u00e9ale de votre Alfa Romeo Junior, entre hybride 48 V et version \u00e9lectrique.\" \/>\n<meta name=\"robots\" content=\"index, follow, max-snippet:-1, max-image-preview:large, max-video-preview:-1\" \/>\n<link rel=\"canonical\" href=\"https:\/\/www.bymycar.fr\/webzine\/comment-choisir-la-finition-de-mon-alfa-romeo-junior\/\" \/>\n<meta property=\"og:locale\" content=\"fr_FR\" \/>\n<meta property=\"og:type\" content=\"article\" \/>\n<meta property=\"og:title\" content=\"Comment choisir la finition de mon Alfa Romeo Junior ?\" \/>\n<meta property=\"og:description\" content=\"D\u00e9couvrez comment choisir la finition id\u00e9ale de votre Alfa Romeo Junior, entre hybride 48 V et version \u00e9lectrique.\" \/>\n<meta property=\"og:url\" content=\"https:\/\/www.bymycar.fr\/webzine\/comment-choisir-la-finition-de-mon-alfa-romeo-junior\/\" \/>\n<meta property=\"og:site_name\" content=\"Webzine auto BYmyCAR\" \/>\n<meta property=\"article:published_time\" content=\"2026-01-02T00:00:00+00:00\" \/>\n<meta property=\"article:modified_time\" content=\"2026-01-09T14:44:57+00:00\" \/>\n<meta name=\"author\" content=\"La R\u00e9daction BYmyCAR\" \/>\n<meta name=\"twitter:card\" content=\"summary_large_image\" \/>\n<meta name=\"twitter:label1\" content=\"\u00c9crit par\" \/>\n\t<meta name=\"twitter:data1\" content=\"La R\u00e9daction BYmyCAR\" \/>\n<script type=\"application\/ld+json\" class=\"yoast-schema-graph\">{\"@context\":\"https:\/\/schema.org\",\"@graph\":[{\"@type\":\"Article\",\"@id\":\"https:\/\/www.bymycar.fr\/webzine\/comment-choisir-la-finition-de-mon-alfa-romeo-junior\/#article\",\"isPartOf\":{\"@id\":\"https:\/\/www.bymycar.fr\/webzine\/comment-choisir-la-finition-de-mon-alfa-romeo-junior\/\"},\"author\":{\"name\":\"La R\u00e9daction BYmyCAR\",\"@id\":\"https:\/\/www.bymycar.fr\/webzine\/#\/schema\/person\/8d570fe11eb8929f06c1e6d00f4d9689\"},\"headline\":\"Comment choisir la finition de mon Alfa Romeo Junior ?\",\"datePublished\":\"2026-01-02T00:00:00+00:00\",\"dateModified\":\"2026-01-09T14:44:57+00:00\",\"mainEntityOfPage\":{\"@id\":\"https:\/\/www.bymycar.fr\/webzine\/comment-choisir-la-finition-de-mon-alfa-romeo-junior\/\"},\"wordCount\":9,\"publisher\":{\"@id\":\"https:\/\/www.bymycar.fr\/webzine\/#organization\"},\"articleSection\":[\"Guide d'achat Alfa Romeo\"],\"inLanguage\":\"fr-FR\"},{\"@type\":\"WebPage\",\"@id\":\"https:\/\/www.bymycar.fr\/webzine\/comment-choisir-la-finition-de-mon-alfa-romeo-junior\/\",\"url\":\"https:\/\/www.bymycar.fr\/webzine\/comment-choisir-la-finition-de-mon-alfa-romeo-junior\/\",\"name\":\"Comment choisir la finition de mon Alfa Romeo Junior ?\",\"isPartOf\":{\"@id\":\"https:\/\/www.bymycar.fr\/webzine\/#website\"},\"datePublished\":\"2026-01-02T00:00:00+00:00\",\"dateModified\":\"2026-01-09T14:44:57+00:00\",\"description\":\"D\u00e9couvrez comment choisir la finition id\u00e9ale de votre Alfa Romeo Junior, entre hybride 48 V et version \u00e9lectrique.\",\"breadcrumb\":{\"@id\":\"https:\/\/www.bymycar.fr\/webzine\/comment-choisir-la-finition-de-mon-alfa-romeo-junior\/#breadcrumb\"},\"inLanguage\":\"fr-FR\",\"potentialAction\":[{\"@type\":\"ReadAction\",\"target\":[\"https:\/\/www.bymycar.fr\/webzine\/comment-choisir-la-finition-de-mon-alfa-romeo-junior\/\"]}]},{\"@type\":\"BreadcrumbList\",\"@id\":\"https:\/\/www.bymycar.fr\/webzine\/comment-choisir-la-finition-de-mon-alfa-romeo-junior\/#breadcrumb\",\"itemListElement\":[{\"@type\":\"ListItem\",\"position\":1,\"name\":\"Accueil\",\"item\":\"https:\/\/www.bymycar.fr\/webzine\/\"},{\"@type\":\"ListItem\",\"position\":2,\"name\":\"Comment choisir la finition de mon Alfa Romeo Junior ?\"}]},{\"@type\":\"WebSite\",\"@id\":\"https:\/\/www.bymycar.fr\/webzine\/#website\",\"url\":\"https:\/\/www.bymycar.fr\/webzine\/\",\"name\":\"Webzine auto BYmyCAR\",\"description\":\"La magazine auto de BYmyCAR\",\"publisher\":{\"@id\":\"https:\/\/www.bymycar.fr\/webzine\/#organization\"},\"potentialAction\":[{\"@type\":\"SearchAction\",\"target\":{\"@type\":\"EntryPoint\",\"urlTemplate\":\"https:\/\/www.bymycar.fr\/webzine\/?s={search_term_string}\"},\"query-input\":{\"@type\":\"PropertyValueSpecification\",\"valueRequired\":true,\"valueName\":\"search_term_string\"}}],\"inLanguage\":\"fr-FR\"},{\"@type\":\"Organization\",\"@id\":\"https:\/\/www.bymycar.fr\/webzine\/#organization\",\"name\":\"BYmyCAR\",\"url\":\"https:\/\/www.bymycar.fr\/webzine\/\",\"logo\":{\"@type\":\"ImageObject\",\"inLanguage\":\"fr-FR\",\"@id\":\"https:\/\/www.bymycar.fr\/webzine\/#\/schema\/logo\/image\/\",\"url\":\"https:\/\/cdn.bymycar.eu\/fr-webzine\/wp-content\/uploads\/medias\/2017\/08\/logo_DEALER_00000406_001.png\",\"contentUrl\":\"https:\/\/cdn.bymycar.eu\/fr-webzine\/wp-content\/uploads\/medias\/2017\/08\/logo_DEALER_00000406_001.png\",\"width\":2132,\"height\":720,\"caption\":\"BYmyCAR\"},\"image\":{\"@id\":\"https:\/\/www.bymycar.fr\/webzine\/#\/schema\/logo\/image\/\"}},{\"@type\":\"Person\",\"@id\":\"https:\/\/www.bymycar.fr\/webzine\/#\/schema\/person\/8d570fe11eb8929f06c1e6d00f4d9689\",\"name\":\"La R\u00e9daction BYmyCAR\",\"image\":{\"@type\":\"ImageObject\",\"inLanguage\":\"fr-FR\",\"@id\":\"https:\/\/www.bymycar.fr\/webzine\/#\/schema\/person\/image\/\",\"url\":\"https:\/\/secure.gravatar.com\/avatar\/1aa6b039d0ce106989923af4e2d0f2a0c82bb070d5e449f1b9adf082a5863900?s=96&d=mm&r=g\",\"contentUrl\":\"https:\/\/secure.gravatar.com\/avatar\/1aa6b039d0ce106989923af4e2d0f2a0c82bb070d5e449f1b9adf082a5863900?s=96&d=mm&r=g\",\"caption\":\"La R\u00e9daction BYmyCAR\"},\"sameAs\":[\"https:\/\/www.bymycar.fr\/\"]}]}<\/script>\n<!-- \/ Yoast SEO Premium plugin. -->","yoast_head_json":{"title":"Comment choisir la finition de mon Alfa Romeo Junior ?","description":"D\u00e9couvrez comment choisir la finition id\u00e9ale de votre Alfa Romeo Junior, entre hybride 48 V et version \u00e9lectrique.","robots":{"index":"index","follow":"follow","max-snippet":"max-snippet:-1","max-image-preview":"max-image-preview:large","max-video-preview":"max-video-preview:-1"},"canonical":"https:\/\/www.bymycar.fr\/webzine\/comment-choisir-la-finition-de-mon-alfa-romeo-junior\/","og_locale":"fr_FR","og_type":"article","og_title":"Comment choisir la finition de mon Alfa Romeo Junior ?","og_description":"D\u00e9couvrez comment choisir la finition id\u00e9ale de votre Alfa Romeo Junior, entre hybride 48 V et version \u00e9lectrique.","og_url":"https:\/\/www.bymycar.fr\/webzine\/comment-choisir-la-finition-de-mon-alfa-romeo-junior\/","og_site_name":"Webzine auto BYmyCAR","article_published_time":"2026-01-02T00:00:00+00:00","article_modified_time":"2026-01-09T14:44:57+00:00","author":"La R\u00e9daction BYmyCAR","twitter_card":"summary_large_image","twitter_misc":{"\u00c9crit par":"La R\u00e9daction BYmyCAR"},"schema":{"@context":"https:\/\/schema.org","@graph":[{"@type":"Article","@id":"https:\/\/www.bymycar.fr\/webzine\/comment-choisir-la-finition-de-mon-alfa-romeo-junior\/#article","isPartOf":{"@id":"https:\/\/www.bymycar.fr\/webzine\/comment-choisir-la-finition-de-mon-alfa-romeo-junior\/"},"author":{"name":"La R\u00e9daction BYmyCAR","@id":"https:\/\/www.bymycar.fr\/webzine\/#\/schema\/person\/8d570fe11eb8929f06c1e6d00f4d9689"},"headline":"Comment choisir la finition de mon Alfa Romeo Junior ?","datePublished":"2026-01-02T00:00:00+00:00","dateModified":"2026-01-09T14:44:57+00:00","mainEntityOfPage":{"@id":"https:\/\/www.bymycar.fr\/webzine\/comment-choisir-la-finition-de-mon-alfa-romeo-junior\/"},"wordCount":9,"publisher":{"@id":"https:\/\/www.bymycar.fr\/webzine\/#organization"},"articleSection":["Guide d'achat Alfa Romeo"],"inLanguage":"fr-FR"},{"@type":"WebPage","@id":"https:\/\/www.bymycar.fr\/webzine\/comment-choisir-la-finition-de-mon-alfa-romeo-junior\/","url":"https:\/\/www.bymycar.fr\/webzine\/comment-choisir-la-finition-de-mon-alfa-romeo-junior\/","name":"Comment choisir la finition de mon Alfa Romeo Junior ?","isPartOf":{"@id":"https:\/\/www.bymycar.fr\/webzine\/#website"},"datePublished":"2026-01-02T00:00:00+00:00","dateModified":"2026-01-09T14:44:57+00:00","description":"D\u00e9couvrez comment choisir la finition id\u00e9ale de votre Alfa Romeo Junior, entre hybride 48 V et version \u00e9lectrique.","breadcrumb":{"@id":"https:\/\/www.bymycar.fr\/webzine\/comment-choisir-la-finition-de-mon-alfa-romeo-junior\/#breadcrumb"},"inLanguage":"fr-FR","potentialAction":[{"@type":"ReadAction","target":["https:\/\/www.bymycar.fr\/webzine\/comment-choisir-la-finition-de-mon-alfa-romeo-junior\/"]}]},{"@type":"BreadcrumbList","@id":"https:\/\/www.bymycar.fr\/webzine\/comment-choisir-la-finition-de-mon-alfa-romeo-junior\/#breadcrumb","itemListElement":[{"@type":"ListItem","position":1,"name":"Accueil","item":"https:\/\/www.bymycar.fr\/webzine\/"},{"@type":"ListItem","position":2,"name":"Comment choisir la finition de mon Alfa Romeo Junior ?"}]},{"@type":"WebSite","@id":"https:\/\/www.bymycar.fr\/webzine\/#website","url":"https:\/\/www.bymycar.fr\/webzine\/","name":"Webzine auto BYmyCAR","description":"La magazine auto de BYmyCAR","publisher":{"@id":"https:\/\/www.bymycar.fr\/webzine\/#organization"},"potentialAction":[{"@type":"SearchAction","target":{"@type":"EntryPoint","urlTemplate":"https:\/\/www.bymycar.fr\/webzine\/?s={search_term_string}"},"query-input":{"@type":"PropertyValueSpecification","valueRequired":true,"valueName":"search_term_string"}}],"inLanguage":"fr-FR"},{"@type":"Organization","@id":"https:\/\/www.bymycar.fr\/webzine\/#organization","name":"BYmyCAR","url":"https:\/\/www.bymycar.fr\/webzine\/","logo":{"@type":"ImageObject","inLanguage":"fr-FR","@id":"https:\/\/www.bymycar.fr\/webzine\/#\/schema\/logo\/image\/","url":"https:\/\/cdn.bymycar.eu\/fr-webzine\/wp-content\/uploads\/medias\/2017\/08\/logo_DEALER_00000406_001.png","contentUrl":"https:\/\/cdn.bymycar.eu\/fr-webzine\/wp-content\/uploads\/medias\/2017\/08\/logo_DEALER_00000406_001.png","width":2132,"height":720,"caption":"BYmyCAR"},"image":{"@id":"https:\/\/www.bymycar.fr\/webzine\/#\/schema\/logo\/image\/"}},{"@type":"Person","@id":"https:\/\/www.bymycar.fr\/webzine\/#\/schema\/person\/8d570fe11eb8929f06c1e6d00f4d9689","name":"La R\u00e9daction BYmyCAR","image":{"@type":"ImageObject","inLanguage":"fr-FR","@id":"https:\/\/www.bymycar.fr\/webzine\/#\/schema\/person\/image\/","url":"https:\/\/secure.gravatar.com\/avatar\/1aa6b039d0ce106989923af4e2d0f2a0c82bb070d5e449f1b9adf082a5863900?s=96&d=mm&r=g","contentUrl":"https:\/\/secure.gravatar.com\/avatar\/1aa6b039d0ce106989923af4e2d0f2a0c82bb070d5e449f1b9adf082a5863900?s=96&d=mm&r=g","caption":"La R\u00e9daction BYmyCAR"},"sameAs":["https:\/\/www.bymycar.fr\/"]}]}},"_links":{"self":[{"href":"https:\/\/www.bymycar.fr\/webzine\/wp-json\/wp\/v2\/posts\/63362","targetHints":{"allow":["GET"]}}],"collection":[{"href":"https:\/\/www.bymycar.fr\/webzine\/wp-json\/wp\/v2\/posts"}],"about":[{"href":"https:\/\/www.bymycar.fr\/webzine\/wp-json\/wp\/v2\/types\/post"}],"author":[{"embeddable":true,"href":"https:\/\/www.bymycar.fr\/webzine\/wp-json\/wp\/v2\/users\/88"}],"replies":[{"embeddable":true,"href":"https:\/\/www.bymycar.fr\/webzine\/wp-json\/wp\/v2\/comments?post=63362"}],"version-history":[{"count":1,"href":"https:\/\/www.bymycar.fr\/webzine\/wp-json\/wp\/v2\/posts\/63362\/revisions"}],"predecessor-version":[{"id":63629,"href":"https:\/\/www.bymycar.fr\/webzine\/wp-json\/wp\/v2\/posts\/63362\/revisions\/63629"}],"wp:attachment":[{"href":"https:\/\/www.bymycar.fr\/webzine\/wp-json\/wp\/v2\/media?parent=63362"}],"wp:term":[{"taxonomy":"category","embeddable":true,"href":"https:\/\/www.bymycar.fr\/webzine\/wp-json\/wp\/v2\/categories?post=63362"},{"taxonomy":"post_tag","embeddable":true,"href":"https:\/\/www.bymycar.fr\/webzine\/wp-json\/wp\/v2\/tags?post=63362"}],"curies":[{"name":"wp","href":"https:\/\/api.w.org\/{rel}","templated":true}]}}