{"id":63359,"date":"2026-01-02T00:00:00","date_gmt":"2026-01-02T00:00:00","guid":{"rendered":"https:\/\/www.bymycar.fr\/webzine\/?p=63359"},"modified":"2026-01-09T15:44:56","modified_gmt":"2026-01-09T14:44:56","slug":"quel-est-le-prix-de-lalfa-romeo-junior-neuve-ou-doccasion","status":"publish","type":"post","link":"https:\/\/www.bymycar.fr\/webzine\/quel-est-le-prix-de-lalfa-romeo-junior-neuve-ou-doccasion\/","title":{"rendered":"Quel est le prix de l&rsquo;Alfa Romeo Junior neuve ou d&rsquo;occasion ?"},"content":{"rendered":"","protected":false},"excerpt":{"rendered":"","protected":false},"author":88,"featured_media":0,"comment_status":"closed","ping_status":"open","sticky":false,"template":"","format":"standard","meta":{"_acf_changed":false,"footnotes":""},"categories":[12923],"tags":[],"class_list":["post-63359","post","type-post","status-publish","format-standard","hentry","category-guide-dachat-alfa-romeo"],"acf":{"page_content":{"block_content":[{"acf_fc_layout":"text-simple","--nav":{"-withNav":false,"-ancre":""},"--group":{"-text":"<h2>\u00c0 retenir<\/h2>\n<p>L&rsquo;Alfa Romeo Junior Premium se distingue par son caract\u00e8re unique qui allie sportivit\u00e9 et technologie avanc\u00e9e dans le segment des SUV urbains compacts. Voici ses principaux atouts :<\/p>\n<ul>\n<li>Un design italien affirm\u00e9 avec des lignes dynamiques et une attention m\u00e9ticuleuse aux d\u00e9tails.<\/li>\n<li>Des motorisations Ibrida hybride l\u00e9g\u00e8re et Elettrica 100 % \u00e9lectrique pour r\u00e9pondre \u00e0 tous vos besoins.<\/li>\n<li>Un \u00e9quipement Premium g\u00e9n\u00e9reux de s\u00e9rie incluant syst\u00e8me d&rsquo;infodivertissement \u00e0 \u00e9cran tactile et finitions raffin\u00e9es.<\/li>\n<\/ul>\n<p>Cette compacte sportive incarne parfaitement l&rsquo;esprit Alfa Romeo en combinant style, innovation et plaisir de conduite.<\/p>\n<h2>Nouvelle Alfa Romeo Junior : positionnement et gamme Ibrida<\/h2>\n<h3>Motorisations et puissance (156 \u00e0 280 ch)<\/h3>\n<p>L&rsquo;Alfa Romeo Junior se positionne comme le <a data-mce-href=\"https:\/\/www.bymycar.fr\/v\/suv\" href=\"https:\/\/www.bymycar.fr\/v\/suv\">SUV urbain<\/a> compact d&rsquo;entr\u00e9e de gamme de la marque italienne. Disponible en version Ibrida avec un trois-cylindres essence micro-hybride de 145 ch, elle est associ\u00e9e \u00e0 une bo\u00eete de vitesse automatique e-DCT6 \u00e0 six rapports. La gamme s&rsquo;\u00e9tend jusqu&rsquo;\u00e0 la version \u00e9lectrique Elettrica, offrant jusqu&rsquo;\u00e0 280 ch pour la finition Veloce, capable d&rsquo;abattre le 0 \u00e0 100 km\/h en seulement 6 secondes.<\/p>\n<h3>Finitions Premium, Techno et Veloce<\/h3>\n<p>La Junior vous propose une riche palette de finitions, de la Techno \u00e0 la Premium, en passant par la Sport et la Veloce au caract\u00e8re plus sportif. Chaque version b\u00e9n\u00e9ficie d&rsquo;\u00e9quipements sp\u00e9cifiques, comme l&rsquo;int\u00e9rieur Spiga pour la finition Premium ou le kit carrosserie noir mat pour la Veloce. Pour d\u00e9couvrir et essayer ce mod\u00e8le, BYmyCAR vous accueille dans ses points de vente de Chambray-les-Tours et Mouilleron-le-Captif.<\/p>\n<h2>Prix neuf 2024 de l&rsquo;Alfa Romeo Junior<\/h2>\n<h3>Tarifs Ibrida, Elettrica et Q4<\/h3>\n<p>L&rsquo;Alfa Romeo Junior se positionne comme le mod\u00e8le d&rsquo;entr\u00e9e de gamme du constructeur italien avec des tarifs comp\u00e9titifs sur le segment des SUV urbains premium. La version hybride l\u00e9g\u00e8re <a href=\"https:\/\/www.bymycar.fr\/marques\/alfa-romeo\/junior-ibrida\" data-mce-href=\"https:\/\/www.bymycar.fr\/marques\/alfa-romeo\/junior-ibrida\">Alfa Romeo Junior Ibrida<\/a> d\u00e9marre \u00e0 29 500 \u20ac*, tandis que l&rsquo;Alfa Romeo Junior Elettrica s&rsquo;affiche \u00e0 partir de 38 500 \u20ac* pour la version 156 ch. La gamme est compl\u00e9t\u00e9e par une version sportive Elettrica 280 ch et une version \u00e0 transmission int\u00e9grale Q4. Les consommations ma\u00eetris\u00e9es de ces motorisations garantissent une utilisation \u00e9conomique au quotidien.<\/p>\n<table>\n<thead>\n<tr>\n<th>Version<\/th>\n<th>Motorisation<\/th>\n<th>Tarif indicatif<\/th>\n<\/tr>\n<\/thead>\n<tbody>\n<tr>\n<td>Ibrida<\/td>\n<td>156 ch<\/td>\n<td>29 500 \u20ac*<\/td>\n<\/tr>\n<tr>\n<td>Elettrica<\/td>\n<td>156 ch<\/td>\n<td>38 500 \u20ac*<\/td>\n<\/tr>\n<tr>\n<td>Elettrica<\/td>\n<td>280 ch<\/td>\n<td>42 900 \u20ac*<\/td>\n<\/tr>\n<\/tbody>\n<\/table>\n<h2>March\u00e9 de l&rsquo;occasion : tendances et disponibilit\u00e9 chez BYmyCAR<\/h2>\n<p>Le march\u00e9 des v\u00e9hicules d&rsquo;occasion vous offre une opportunit\u00e9 int\u00e9ressante pour acqu\u00e9rir une Alfa Romeo Junior Premium \u00e0 un tarif avantageux. Gr\u00e2ce \u00e0 la d\u00e9cote favorable des mod\u00e8les \u00e9lectrifi\u00e9s, vous pouvez profiter pleinement des performances de ce SUV compact. BYmyCAR vous propose r\u00e9guli\u00e8rement des Alfa Romeo Junior d&rsquo;occasion dans ses points de vente, avec une garantie \u00e9tendue pour votre tranquillit\u00e9.<\/p>\n<h2>Perspectives de d\u00e9cote pour la Junior Elettrica et Ibrida<\/h2>\n<p>L&rsquo;\u00e9volution de la valeur r\u00e9siduelle de l&rsquo;Alfa Romeo Junior Elettrica et Ibrida d\u00e9pend principalement de leur technologie respective. Les versions Ibrida, gr\u00e2ce \u00e0 leurs consommations basses et leur motorisation hybride l\u00e9g\u00e8re, conservent g\u00e9n\u00e9ralement une valeur stable sur le march\u00e9 de l&rsquo;occasion. L&rsquo;Alfa Romeo Junior Elettrica b\u00e9n\u00e9ficie quant \u00e0 elle d&rsquo;une forte demande qui soutient sa cote. Pour s\u00e9curiser votre investissement, BYmyCAR vous propose des solutions de financement en LOA adapt\u00e9es \u00e0 vos besoins, vous permettant ainsi de ma\u00eetriser la revente de votre v\u00e9hicule.<\/p>\n<h2>FAQ \u2013 Prix Alfa Romeo Junior<\/h2>\n<h3>Quel est le prix de l&rsquo;Alfa Romeo Junior Ibrida chez BYmyCAR ?<\/h3>\n<p><a data-mce-href=\"https:\/\/www.bymycar.fr\/marques\/alfa-romeo\" href=\"https:\/\/www.bymycar.fr\/marques\/alfa-romeo\">L&rsquo;Alfa Romeo<\/a> Junior Ibrida est disponible chez BYmyCAR \u00e0 partir de 29 500 \u20ac*. Ce SUV urbain au caract\u00e8re italien vous offre une exp\u00e9rience de conduite dynamique avec sa motorisation hybride l\u00e9g\u00e8re de 145 ch.<\/p>\n<h3>La version Alfa Romeo Junior Premium est-elle plus ch\u00e8re ?<\/h3>\n<p>La finition Premium vous propose un niveau d&rsquo;\u00e9quipement sup\u00e9rieur avec des \u00e9l\u00e9ments de design distinctifs comme la sellerie bi-mati\u00e8re et le volant en cuir v\u00e9ritable, justifiant une tarification l\u00e9g\u00e8rement plus \u00e9lev\u00e9e dans la gamme BYmyCAR.<\/p>\n<h3>Quelle diff\u00e9rence de tarif entre la Junior Techno et la Junior Veloce ?<\/h3>\n<p>La Junior Veloce se positionne comme la version sportive haut de gamme avec des performances nettement sup\u00e9rieures, tandis que la Techno vous offre un excellent rapport \u00e9quipement\/prix avec ses technologies avanc\u00e9es comme les phares LED Matrix pour une diff\u00e9rence de tarif significative chez BYmyCAR.<\/p>\n<p>*Les prix mentionn\u00e9s sont donn\u00e9s \u00e0 titre indicatif et ont \u00e9t\u00e9 constat\u00e9s au moment de la r\u00e9daction. Ils sont susceptibles d&rsquo;\u00e9voluer. Pour obtenir une information exacte et \u00e0 jour, nous vous recommandons de contacter directement votre concession BYmyCAR.<\/p>\n"}}]},"introduction":"<p>S\u00e9duisant par son design italien et ses performances, le prix de <a data-mce-href=\"https:\/\/www.bymycar.fr\/v\/alfa-romeo-junior\" href=\"https:\/\/www.bymycar.fr\/v\/alfa-romeo-junior\">l&rsquo;Alfa Romeo Junior<\/a> varie selon sa motorisation hybride ou 100 % \u00e9lectrique. Ce SUV compact allie sportivit\u00e9 et technologie avanc\u00e9e, avec des versions allant de l&rsquo;Ibrida \u00e0 l&rsquo;Elettrica. D\u00e9couvrez dans notre section \u00ab \u00c0 retenir \u00bb les d\u00e9tails essentiels et visitez les points de vente BYmyCAR pour explorer les v\u00e9hicules d&rsquo;occasion et neufs de cette gamme.<\/p>\n","add-carousel-to-footer":true},"yoast_head":"<!-- This site is optimized with the Yoast SEO Premium plugin v26.4 (Yoast SEO v26.4) - https:\/\/yoast.com\/wordpress\/plugins\/seo\/ -->\n<title>Quel est le prix de l&#039;Alfa Romeo Junior neuve ou d&#039;occasion ?<\/title>\n<meta name=\"description\" content=\"D\u00e9couvrez le prix de l&#039;Alfa Romeo Junior neuve, hybride Ibrida ou Elettrica, et ses perspectives en occasion chez BYmyCAR.\" \/>\n<meta name=\"robots\" content=\"index, follow, max-snippet:-1, max-image-preview:large, max-video-preview:-1\" \/>\n<link rel=\"canonical\" href=\"https:\/\/www.bymycar.fr\/webzine\/quel-est-le-prix-de-lalfa-romeo-junior-neuve-ou-doccasion\/\" \/>\n<meta property=\"og:locale\" content=\"fr_FR\" \/>\n<meta property=\"og:type\" content=\"article\" \/>\n<meta property=\"og:title\" content=\"Quel est le prix de l&#039;Alfa Romeo Junior neuve ou d&#039;occasion ?\" \/>\n<meta property=\"og:description\" content=\"D\u00e9couvrez le prix de l&#039;Alfa Romeo Junior neuve, hybride Ibrida ou Elettrica, et ses perspectives en occasion chez BYmyCAR.\" \/>\n<meta property=\"og:url\" content=\"https:\/\/www.bymycar.fr\/webzine\/quel-est-le-prix-de-lalfa-romeo-junior-neuve-ou-doccasion\/\" \/>\n<meta property=\"og:site_name\" content=\"Webzine auto BYmyCAR\" \/>\n<meta property=\"article:published_time\" content=\"2026-01-02T00:00:00+00:00\" \/>\n<meta property=\"article:modified_time\" content=\"2026-01-09T14:44:56+00:00\" \/>\n<meta name=\"author\" content=\"La R\u00e9daction BYmyCAR\" \/>\n<meta name=\"twitter:card\" content=\"summary_large_image\" \/>\n<meta name=\"twitter:label1\" content=\"\u00c9crit par\" \/>\n\t<meta name=\"twitter:data1\" content=\"La R\u00e9daction BYmyCAR\" \/>\n<script type=\"application\/ld+json\" class=\"yoast-schema-graph\">{\"@context\":\"https:\/\/schema.org\",\"@graph\":[{\"@type\":\"Article\",\"@id\":\"https:\/\/www.bymycar.fr\/webzine\/quel-est-le-prix-de-lalfa-romeo-junior-neuve-ou-doccasion\/#article\",\"isPartOf\":{\"@id\":\"https:\/\/www.bymycar.fr\/webzine\/quel-est-le-prix-de-lalfa-romeo-junior-neuve-ou-doccasion\/\"},\"author\":{\"name\":\"La R\u00e9daction BYmyCAR\",\"@id\":\"https:\/\/www.bymycar.fr\/webzine\/#\/schema\/person\/8d570fe11eb8929f06c1e6d00f4d9689\"},\"headline\":\"Quel est le prix de l&rsquo;Alfa Romeo Junior neuve ou d&rsquo;occasion ?\",\"datePublished\":\"2026-01-02T00:00:00+00:00\",\"dateModified\":\"2026-01-09T14:44:56+00:00\",\"mainEntityOfPage\":{\"@id\":\"https:\/\/www.bymycar.fr\/webzine\/quel-est-le-prix-de-lalfa-romeo-junior-neuve-ou-doccasion\/\"},\"wordCount\":13,\"publisher\":{\"@id\":\"https:\/\/www.bymycar.fr\/webzine\/#organization\"},\"articleSection\":[\"Guide d'achat Alfa Romeo\"],\"inLanguage\":\"fr-FR\"},{\"@type\":\"WebPage\",\"@id\":\"https:\/\/www.bymycar.fr\/webzine\/quel-est-le-prix-de-lalfa-romeo-junior-neuve-ou-doccasion\/\",\"url\":\"https:\/\/www.bymycar.fr\/webzine\/quel-est-le-prix-de-lalfa-romeo-junior-neuve-ou-doccasion\/\",\"name\":\"Quel est le prix de l'Alfa Romeo Junior neuve ou d'occasion ?\",\"isPartOf\":{\"@id\":\"https:\/\/www.bymycar.fr\/webzine\/#website\"},\"datePublished\":\"2026-01-02T00:00:00+00:00\",\"dateModified\":\"2026-01-09T14:44:56+00:00\",\"description\":\"D\u00e9couvrez le prix de l'Alfa Romeo Junior neuve, hybride Ibrida ou Elettrica, et ses perspectives en occasion chez BYmyCAR.\",\"breadcrumb\":{\"@id\":\"https:\/\/www.bymycar.fr\/webzine\/quel-est-le-prix-de-lalfa-romeo-junior-neuve-ou-doccasion\/#breadcrumb\"},\"inLanguage\":\"fr-FR\",\"potentialAction\":[{\"@type\":\"ReadAction\",\"target\":[\"https:\/\/www.bymycar.fr\/webzine\/quel-est-le-prix-de-lalfa-romeo-junior-neuve-ou-doccasion\/\"]}]},{\"@type\":\"BreadcrumbList\",\"@id\":\"https:\/\/www.bymycar.fr\/webzine\/quel-est-le-prix-de-lalfa-romeo-junior-neuve-ou-doccasion\/#breadcrumb\",\"itemListElement\":[{\"@type\":\"ListItem\",\"position\":1,\"name\":\"Accueil\",\"item\":\"https:\/\/www.bymycar.fr\/webzine\/\"},{\"@type\":\"ListItem\",\"position\":2,\"name\":\"Quel est le prix de l&rsquo;Alfa Romeo Junior neuve ou d&rsquo;occasion ?\"}]},{\"@type\":\"WebSite\",\"@id\":\"https:\/\/www.bymycar.fr\/webzine\/#website\",\"url\":\"https:\/\/www.bymycar.fr\/webzine\/\",\"name\":\"Webzine auto BYmyCAR\",\"description\":\"La magazine auto de BYmyCAR\",\"publisher\":{\"@id\":\"https:\/\/www.bymycar.fr\/webzine\/#organization\"},\"potentialAction\":[{\"@type\":\"SearchAction\",\"target\":{\"@type\":\"EntryPoint\",\"urlTemplate\":\"https:\/\/www.bymycar.fr\/webzine\/?s={search_term_string}\"},\"query-input\":{\"@type\":\"PropertyValueSpecification\",\"valueRequired\":true,\"valueName\":\"search_term_string\"}}],\"inLanguage\":\"fr-FR\"},{\"@type\":\"Organization\",\"@id\":\"https:\/\/www.bymycar.fr\/webzine\/#organization\",\"name\":\"BYmyCAR\",\"url\":\"https:\/\/www.bymycar.fr\/webzine\/\",\"logo\":{\"@type\":\"ImageObject\",\"inLanguage\":\"fr-FR\",\"@id\":\"https:\/\/www.bymycar.fr\/webzine\/#\/schema\/logo\/image\/\",\"url\":\"https:\/\/cdn.bymycar.eu\/fr-webzine\/wp-content\/uploads\/medias\/2017\/08\/logo_DEALER_00000406_001.png\",\"contentUrl\":\"https:\/\/cdn.bymycar.eu\/fr-webzine\/wp-content\/uploads\/medias\/2017\/08\/logo_DEALER_00000406_001.png\",\"width\":2132,\"height\":720,\"caption\":\"BYmyCAR\"},\"image\":{\"@id\":\"https:\/\/www.bymycar.fr\/webzine\/#\/schema\/logo\/image\/\"}},{\"@type\":\"Person\",\"@id\":\"https:\/\/www.bymycar.fr\/webzine\/#\/schema\/person\/8d570fe11eb8929f06c1e6d00f4d9689\",\"name\":\"La R\u00e9daction BYmyCAR\",\"image\":{\"@type\":\"ImageObject\",\"inLanguage\":\"fr-FR\",\"@id\":\"https:\/\/www.bymycar.fr\/webzine\/#\/schema\/person\/image\/\",\"url\":\"https:\/\/secure.gravatar.com\/avatar\/1aa6b039d0ce106989923af4e2d0f2a0c82bb070d5e449f1b9adf082a5863900?s=96&d=mm&r=g\",\"contentUrl\":\"https:\/\/secure.gravatar.com\/avatar\/1aa6b039d0ce106989923af4e2d0f2a0c82bb070d5e449f1b9adf082a5863900?s=96&d=mm&r=g\",\"caption\":\"La R\u00e9daction BYmyCAR\"},\"sameAs\":[\"https:\/\/www.bymycar.fr\/\"]}]}<\/script>\n<!-- \/ Yoast SEO Premium plugin. -->","yoast_head_json":{"title":"Quel est le prix de l'Alfa Romeo Junior neuve ou d'occasion ?","description":"D\u00e9couvrez le prix de l'Alfa Romeo Junior neuve, hybride Ibrida ou Elettrica, et ses perspectives en occasion chez BYmyCAR.","robots":{"index":"index","follow":"follow","max-snippet":"max-snippet:-1","max-image-preview":"max-image-preview:large","max-video-preview":"max-video-preview:-1"},"canonical":"https:\/\/www.bymycar.fr\/webzine\/quel-est-le-prix-de-lalfa-romeo-junior-neuve-ou-doccasion\/","og_locale":"fr_FR","og_type":"article","og_title":"Quel est le prix de l'Alfa Romeo Junior neuve ou d'occasion ?","og_description":"D\u00e9couvrez le prix de l'Alfa Romeo Junior neuve, hybride Ibrida ou Elettrica, et ses perspectives en occasion chez BYmyCAR.","og_url":"https:\/\/www.bymycar.fr\/webzine\/quel-est-le-prix-de-lalfa-romeo-junior-neuve-ou-doccasion\/","og_site_name":"Webzine auto BYmyCAR","article_published_time":"2026-01-02T00:00:00+00:00","article_modified_time":"2026-01-09T14:44:56+00:00","author":"La R\u00e9daction BYmyCAR","twitter_card":"summary_large_image","twitter_misc":{"\u00c9crit par":"La R\u00e9daction BYmyCAR"},"schema":{"@context":"https:\/\/schema.org","@graph":[{"@type":"Article","@id":"https:\/\/www.bymycar.fr\/webzine\/quel-est-le-prix-de-lalfa-romeo-junior-neuve-ou-doccasion\/#article","isPartOf":{"@id":"https:\/\/www.bymycar.fr\/webzine\/quel-est-le-prix-de-lalfa-romeo-junior-neuve-ou-doccasion\/"},"author":{"name":"La R\u00e9daction BYmyCAR","@id":"https:\/\/www.bymycar.fr\/webzine\/#\/schema\/person\/8d570fe11eb8929f06c1e6d00f4d9689"},"headline":"Quel est le prix de l&rsquo;Alfa Romeo Junior neuve ou d&rsquo;occasion ?","datePublished":"2026-01-02T00:00:00+00:00","dateModified":"2026-01-09T14:44:56+00:00","mainEntityOfPage":{"@id":"https:\/\/www.bymycar.fr\/webzine\/quel-est-le-prix-de-lalfa-romeo-junior-neuve-ou-doccasion\/"},"wordCount":13,"publisher":{"@id":"https:\/\/www.bymycar.fr\/webzine\/#organization"},"articleSection":["Guide d'achat Alfa Romeo"],"inLanguage":"fr-FR"},{"@type":"WebPage","@id":"https:\/\/www.bymycar.fr\/webzine\/quel-est-le-prix-de-lalfa-romeo-junior-neuve-ou-doccasion\/","url":"https:\/\/www.bymycar.fr\/webzine\/quel-est-le-prix-de-lalfa-romeo-junior-neuve-ou-doccasion\/","name":"Quel est le prix de l'Alfa Romeo Junior neuve ou d'occasion ?","isPartOf":{"@id":"https:\/\/www.bymycar.fr\/webzine\/#website"},"datePublished":"2026-01-02T00:00:00+00:00","dateModified":"2026-01-09T14:44:56+00:00","description":"D\u00e9couvrez le prix de l'Alfa Romeo Junior neuve, hybride Ibrida ou Elettrica, et ses perspectives en occasion chez BYmyCAR.","breadcrumb":{"@id":"https:\/\/www.bymycar.fr\/webzine\/quel-est-le-prix-de-lalfa-romeo-junior-neuve-ou-doccasion\/#breadcrumb"},"inLanguage":"fr-FR","potentialAction":[{"@type":"ReadAction","target":["https:\/\/www.bymycar.fr\/webzine\/quel-est-le-prix-de-lalfa-romeo-junior-neuve-ou-doccasion\/"]}]},{"@type":"BreadcrumbList","@id":"https:\/\/www.bymycar.fr\/webzine\/quel-est-le-prix-de-lalfa-romeo-junior-neuve-ou-doccasion\/#breadcrumb","itemListElement":[{"@type":"ListItem","position":1,"name":"Accueil","item":"https:\/\/www.bymycar.fr\/webzine\/"},{"@type":"ListItem","position":2,"name":"Quel est le prix de l&rsquo;Alfa Romeo Junior neuve ou d&rsquo;occasion ?"}]},{"@type":"WebSite","@id":"https:\/\/www.bymycar.fr\/webzine\/#website","url":"https:\/\/www.bymycar.fr\/webzine\/","name":"Webzine auto BYmyCAR","description":"La magazine auto de BYmyCAR","publisher":{"@id":"https:\/\/www.bymycar.fr\/webzine\/#organization"},"potentialAction":[{"@type":"SearchAction","target":{"@type":"EntryPoint","urlTemplate":"https:\/\/www.bymycar.fr\/webzine\/?s={search_term_string}"},"query-input":{"@type":"PropertyValueSpecification","valueRequired":true,"valueName":"search_term_string"}}],"inLanguage":"fr-FR"},{"@type":"Organization","@id":"https:\/\/www.bymycar.fr\/webzine\/#organization","name":"BYmyCAR","url":"https:\/\/www.bymycar.fr\/webzine\/","logo":{"@type":"ImageObject","inLanguage":"fr-FR","@id":"https:\/\/www.bymycar.fr\/webzine\/#\/schema\/logo\/image\/","url":"https:\/\/cdn.bymycar.eu\/fr-webzine\/wp-content\/uploads\/medias\/2017\/08\/logo_DEALER_00000406_001.png","contentUrl":"https:\/\/cdn.bymycar.eu\/fr-webzine\/wp-content\/uploads\/medias\/2017\/08\/logo_DEALER_00000406_001.png","width":2132,"height":720,"caption":"BYmyCAR"},"image":{"@id":"https:\/\/www.bymycar.fr\/webzine\/#\/schema\/logo\/image\/"}},{"@type":"Person","@id":"https:\/\/www.bymycar.fr\/webzine\/#\/schema\/person\/8d570fe11eb8929f06c1e6d00f4d9689","name":"La R\u00e9daction BYmyCAR","image":{"@type":"ImageObject","inLanguage":"fr-FR","@id":"https:\/\/www.bymycar.fr\/webzine\/#\/schema\/person\/image\/","url":"https:\/\/secure.gravatar.com\/avatar\/1aa6b039d0ce106989923af4e2d0f2a0c82bb070d5e449f1b9adf082a5863900?s=96&d=mm&r=g","contentUrl":"https:\/\/secure.gravatar.com\/avatar\/1aa6b039d0ce106989923af4e2d0f2a0c82bb070d5e449f1b9adf082a5863900?s=96&d=mm&r=g","caption":"La R\u00e9daction BYmyCAR"},"sameAs":["https:\/\/www.bymycar.fr\/"]}]}},"_links":{"self":[{"href":"https:\/\/www.bymycar.fr\/webzine\/wp-json\/wp\/v2\/posts\/63359","targetHints":{"allow":["GET"]}}],"collection":[{"href":"https:\/\/www.bymycar.fr\/webzine\/wp-json\/wp\/v2\/posts"}],"about":[{"href":"https:\/\/www.bymycar.fr\/webzine\/wp-json\/wp\/v2\/types\/post"}],"author":[{"embeddable":true,"href":"https:\/\/www.bymycar.fr\/webzine\/wp-json\/wp\/v2\/users\/88"}],"replies":[{"embeddable":true,"href":"https:\/\/www.bymycar.fr\/webzine\/wp-json\/wp\/v2\/comments?post=63359"}],"version-history":[{"count":1,"href":"https:\/\/www.bymycar.fr\/webzine\/wp-json\/wp\/v2\/posts\/63359\/revisions"}],"predecessor-version":[{"id":63626,"href":"https:\/\/www.bymycar.fr\/webzine\/wp-json\/wp\/v2\/posts\/63359\/revisions\/63626"}],"wp:attachment":[{"href":"https:\/\/www.bymycar.fr\/webzine\/wp-json\/wp\/v2\/media?parent=63359"}],"wp:term":[{"taxonomy":"category","embeddable":true,"href":"https:\/\/www.bymycar.fr\/webzine\/wp-json\/wp\/v2\/categories?post=63359"},{"taxonomy":"post_tag","embeddable":true,"href":"https:\/\/www.bymycar.fr\/webzine\/wp-json\/wp\/v2\/tags?post=63359"}],"curies":[{"name":"wp","href":"https:\/\/api.w.org\/{rel}","templated":true}]}}