{"id":63346,"date":"2026-01-01T00:00:00","date_gmt":"2026-01-01T00:00:00","guid":{"rendered":"https:\/\/www.bymycar.fr\/webzine\/?p=63346"},"modified":"2026-01-09T16:05:55","modified_gmt":"2026-01-09T15:05:55","slug":"dimensions-confort-interieur-de-la-fiat-panda","status":"publish","type":"post","link":"https:\/\/www.bymycar.fr\/webzine\/dimensions-confort-interieur-de-la-fiat-panda\/","title":{"rendered":"Dimensions et confort int\u00e9rieur de la Fiat Panda"},"content":{"rendered":"","protected":false},"excerpt":{"rendered":"","protected":false},"author":88,"featured_media":0,"comment_status":"closed","ping_status":"open","sticky":false,"template":"","format":"standard","meta":{"_acf_changed":false,"footnotes":""},"categories":[12907],"tags":[],"class_list":["post-63346","post","type-post","status-publish","format-standard","hentry","category-guide-dachat-fiat"],"acf":{"page_content":{"block_content":[{"acf_fc_layout":"text-simple","--nav":{"-withNav":false,"-ancre":""},"--group":{"-text":"<h2>Ce qu&rsquo;il faut retenir<\/h2>\n<p>Voici les points essentiels \u00e0 retenir sur les dimensions et le confort int\u00e9rieur de la Fiat Panda :<\/p>\n<ul>\n<li><strong>Dimensions compactes et optimis\u00e9es<\/strong> : avec 3,65 \u00e0 3,70 m de long selon les versions, la Fiat Panda offre une excellente maniabilit\u00e9 urbaine tout en proposant un habitacle spacieux gr\u00e2ce \u00e0 sa conception verticale et sa hauteur de 1,55 m qui facilite l&rsquo;acc\u00e8s \u00e0 bord ;<\/li>\n<li><strong>Confort et habitabilit\u00e9 remarquables<\/strong> : la position de conduite sur\u00e9lev\u00e9e am\u00e9liore la visibilit\u00e9, l&rsquo;espace aux jambes reste correct pour quatre \u00e0 cinq passagers, et la modularit\u00e9 du coffre permet de passer de 225 litres \u00e0 plus de 800 litres banquette rabattue ;<\/li>\n<li><strong>\u00c9volutions r\u00e9ussies<\/strong> : que ce soit la version 4&#215;4 pour l&rsquo;aventure, la Panda hybride avec sa motorisation efficiente de 110 ch, ou la nouvelle Grande Panda 2025 plus spacieuse, chaque d\u00e9clinaison conserve l&rsquo;esprit pratique du mod\u00e8le tout en am\u00e9liorant le confort.<\/li>\n<\/ul>\n<p>Pour d\u00e9couvrir quelle version correspond le mieux \u00e0 vos besoins, nos conseillers BYmyCAR vous accompagnent dans votre choix.<\/p>\n<h2>Longueur et taille de la Fiat Panda : habitabilit\u00e9 optimis\u00e9e<\/h2>\n<h3>Dimensions ext\u00e9rieures : longueur, largeur, hauteur<\/h3>\n<p>La <a data-mce-href=\"https:\/\/www.bymycar.fr\/v\/fiat-panda\" href=\"https:\/\/www.bymycar.fr\/v\/fiat-panda\">Fiat Panda<\/a> se distingue par son gabarit compact qui favorise une grande maniabilit\u00e9 en milieu urbain. Avec une longueur de 3,68 m, une largeur de 1,67 m et une hauteur de 1,55 m, cette <a data-mce-href=\"https:\/\/www.bymycar.fr\/v\/citadine\" href=\"https:\/\/www.bymycar.fr\/v\/citadine\">citadine<\/a> s&rsquo;inscrit parfaitement dans la cat\u00e9gorie des petits v\u00e9hicules urbains. Son empattement de 2,30 m permet d&rsquo;optimiser l&rsquo;espace int\u00e9rieur malgr\u00e9 des dimensions ext\u00e9rieures r\u00e9duites. Cette compacit\u00e9, associ\u00e9e \u00e0 une hauteur de 1,55 m, offre une bonne visibilit\u00e9 p\u00e9riph\u00e9rique et facilite grandement les man\u0153uvres de stationnement, m\u00eame dans les espaces les plus restreints.<\/p>\n<table>\n<thead>\n<tr>\n<th>Version<\/th>\n<th>Longueur<\/th>\n<th>Largeur<\/th>\n<th>Hauteur<\/th>\n<\/tr>\n<\/thead>\n<tbody>\n<tr>\n<td>Classic<\/td>\n<td>3,65 m<\/td>\n<td>1,66 m<\/td>\n<td>1,55 m<\/td>\n<\/tr>\n<tr>\n<td>Cross<\/td>\n<td>3,69 m<\/td>\n<td>1,68 m<\/td>\n<td>1,57 m<\/td>\n<\/tr>\n<tr>\n<td>4&#215;4<\/td>\n<td>3,70 m<\/td>\n<td>1,70 m<\/td>\n<td>1,60 m<\/td>\n<\/tr>\n<\/tbody>\n<\/table>\n<h3>Habitabilit\u00e9 avant et arri\u00e8re : position de conduite et jambes \u00e0 l&rsquo;arri\u00e8re<\/h3>\n<p>\u00c0 l&rsquo;avant, la Fiat Panda propose une position de conduite relativement haute qui am\u00e9liore la visibilit\u00e9 et facilite l&rsquo;acc\u00e8s \u00e0 bord. La conception verticale de la planche de bord lib\u00e8re un espace appr\u00e9ciable pour les jambes et offre une garde au toit g\u00e9n\u00e9reuse, m\u00eame pour les conducteurs de grande taille. \u00c0 l&rsquo;arri\u00e8re, l&rsquo;espace aux jambes reste correct pour deux adultes sur de courts trajets, b\u00e9n\u00e9ficiant de la hauteur sous pavillon qui \u00e9vite la sensation d&rsquo;\u00e9troitesse. Les portes \u00e0 large ouverture facilitent l&rsquo;installation des passagers malgr\u00e9 le gabarit compact du v\u00e9hicule. Pour conna\u00eetre les tarifs des diff\u00e9rentes versions, n&rsquo;h\u00e9sitez pas \u00e0 contacter nos conseillers BYmyCAR qui sauront vous orienter vers le mod\u00e8le le plus adapt\u00e9 \u00e0 vos besoins.<\/p>\n<h2>Fiat Panda 4&#215;4, hybride et Grande Panda : quelles \u00e9volutions ?<\/h2>\n<h3>Fiat Panda 4&#215;4 : dimensions et agilit\u00e9 tout-terrain<\/h3>\n<p>La Fiat Panda 4&#215;4 conserve son gabarit compact avec une longueur d&rsquo;environ 3,70 m et une largeur de 1,66 m, tout en offrant une garde au sol rehauss\u00e9e. Son architecture unique lui conf\u00e8re une agilit\u00e9 remarquable sur terrains difficiles, combin\u00e9e \u00e0 une excellente maniabilit\u00e9 urbaine. La version TwinAir 85 ch se distingue par ses capacit\u00e9s de franchissement impressionnantes malgr\u00e9 son format citadin.<\/p>\n<h3>Fiat Panda hybride : int\u00e9rieur modernis\u00e9 et motorisation efficiente<\/h3>\n<p>La <a data-mce-href=\"https:\/\/www.bymycar.fr\/marque\/fiat\" href=\"https:\/\/www.bymycar.fr\/marque\/fiat\">Fiat<\/a> Panda hybride s&rsquo;\u00e9quipe d&rsquo;une motorisation T-Gen 3 1.2 Hybrid Turbo d\u00e9veloppant jusqu&rsquo;\u00e0 110 ch, associ\u00e9e \u00e0 une bo\u00eete de vitesses automatique eDCT6 \u00e0 double embrayage. L&rsquo;habitacle b\u00e9n\u00e9ficie d&rsquo;am\u00e9liorations significatives avec des mat\u00e9riaux plus qualitatifs, un \u00e9cran tactile modernis\u00e9 et une ergonomie repens\u00e9e. Cette version allie sobri\u00e9t\u00e9 \u00e9nerg\u00e9tique et performances dynamiques sans sacrifier l&rsquo;esprit pratique qui caract\u00e9rise la Panda.<\/p>\n<h3>Nouvelle Grande Panda 2025 : plus d&rsquo;espace, m\u00eame esprit<\/h3>\n<p>La nouvelle Grande Panda 2025 r\u00e9interpr\u00e8te le design iconique des ann\u00e9es 80 dans un format plus spacieux. Propos\u00e9e en versions \u00e9lectrique et hybride, elle conserve l&rsquo;ADN du mod\u00e8le tout en am\u00e9liorant l&rsquo;habitabilit\u00e9 pour les longues distances. L&rsquo;int\u00e9rieur peut d\u00e9sormais accueillir confortablement quatre adultes et un enfant, avec un coffre plus g\u00e9n\u00e9reux. Cette \u00e9volution r\u00e9pond aux besoins des familles sans perdre l&rsquo;esprit original qui a fait le succ\u00e8s de la Panda.<\/p>\n<p><strong>Bon \u00e0 savoir :<\/strong><\/p>\n<ul>\n<li>La Grande Panda hybride offre 110 ch de puissance combin\u00e9e ;<\/li>\n<li>La version \u00e9lectrique propose jusqu&rsquo;\u00e0 44 kWh de batterie ;<\/li>\n<li>Plusieurs niveaux de finition sont disponibles selon les versions.<\/li>\n<\/ul>\n<h2>Volume de coffre et modularit\u00e9 de la Fiat Panda<\/h2>\n<p>Avec un volume de coffre de 225 litres en configuration 5 places, extensible \u00e0 plus de 800 litres banquette rabattue, la Fiat Panda offre une modularit\u00e9 int\u00e9ressante pour un v\u00e9hicule de ce gabarit. Sa conception facilite le chargement quotidien malgr\u00e9 un seuil l\u00e9g\u00e8rement \u00e9lev\u00e9. La suspension souple pr\u00e9serve le confort sur longs trajets tout en absorbant efficacement les irr\u00e9gularit\u00e9s urbaines. L&rsquo;entretien reste simple et abordable gr\u00e2ce \u00e0 une m\u00e9canique \u00e9prouv\u00e9e, et certaines versions proposent des radars de recul pour faciliter les man\u0153uvres.<\/p>\n<h2>FAQ : vos questions sur les dimensions et le confort<\/h2>\n<h3>Quelle est la longueur de la Fiat Panda ?<\/h3>\n<p>La Fiat Panda mesure environ 3,65 \u00e0 3,70 m\u00e8tres de long selon les versions, ce qui en fait une citadine id\u00e9ale pour se faufiler dans les rues \u00e9troites et se garer facilement.<\/p>\n<h3>La Fiat Panda 4&#215;4 offre-t-elle plus d&rsquo;espace int\u00e9rieur ?<\/h3>\n<p>Non, la Fiat Panda 4&#215;4 conserve les m\u00eames dimensions int\u00e9rieures, mais sa hauteur de 1,60 m\u00e8tre et son gabarit compact offrent une position de conduite sur\u00e9lev\u00e9e tr\u00e8s appr\u00e9ciable.<\/p>\n<h3>La version hybride est-elle adapt\u00e9e aux longues distances ?<\/h3>\n<p>Parfaitement, la Panda hybride combine efficacit\u00e9 \u00e9nerg\u00e9tique et confort pour les longs trajets. Ses reprises dynamiques et son autonomie optimis\u00e9e en font une compagne de route id\u00e9ale.<\/p>\n<h3>Quelles versions de la Panda choisir pour la ville ?<\/h3>\n<p>Les versions City Life et Pop sont parfaites en milieu urbain gr\u00e2ce \u00e0 leur agilit\u00e9 et leur faible rayon de braquage. Un mod\u00e8le d&rsquo;occasion bien entretenu offre aussi un excellent rapport qualit\u00e9-prix.<\/p>\n<h2>\u00c0 lire \u00e9galement<\/h2>\n<ul>\n<li><a href=\"https:\/\/www.bymycar.fr\/webzine\/quel-moteur-sur-une-fiat-panda\/\" data-mce-href=\"https:\/\/www.bymycar.fr\/webzine\/quel-moteur-sur-une-fiat-panda\/\">Quel moteur sur une fiat Panda ?<\/a><\/li>\n<li><a href=\"https:\/\/www.bymycar.fr\/webzine\/ou-se-trouve-le-code-peinture-fiat-panda\/\" data-mce-href=\"https:\/\/www.bymycar.fr\/webzine\/ou-se-trouve-le-code-peinture-fiat-panda\/\">O\u00f9 se trouve le code peinture fiat panda ?<\/a><\/li>\n<li><a href=\"https:\/\/www.bymycar.fr\/webzine\/comment-ouvrir-la-trappe-a-essence-dune-fiat-panda\/\" data-mce-href=\"https:\/\/www.bymycar.fr\/webzine\/comment-ouvrir-la-trappe-a-essence-dune-fiat-panda\/\">Comment ouvrir trappe essence fiat panda ?<\/a><\/li>\n<li><a href=\"https:\/\/www.bymycar.fr\/webzine\/fiat-panda-courroie-ou-chaine-de-distribution\/\" data-mce-href=\"https:\/\/www.bymycar.fr\/webzine\/fiat-panda-courroie-ou-chaine-de-distribution\/\">Fiat panda : courroie ou chaine de distribution ?<\/a><\/li>\n<li><a href=\"https:\/\/www.bymycar.fr\/webzine\/fiat-panda-ou-dacia-sandero-que-choisir\/\" data-mce-href=\"https:\/\/www.bymycar.fr\/webzine\/fiat-panda-ou-dacia-sandero-que-choisir\/\">Fiat panda ou dacia sandero : que choisir ?<\/a><\/li>\n<li><a href=\"https:\/\/www.bymycar.fr\/webzine\/fiat-panda-vs-peugeot-208-quel-modele-choisir\/\" data-mce-href=\"https:\/\/www.bymycar.fr\/webzine\/fiat-panda-vs-peugeot-208-quel-modele-choisir\/\">Fiat panda vs peugeot 208 : quel mod\u00e8le choisir ?<\/a><\/li>\n<li><a href=\"https:\/\/www.bymycar.fr\/webzine\/fiat-500-vs-fiat-panda-quel-modele-choisir\/\" data-mce-href=\"https:\/\/www.bymycar.fr\/webzine\/fiat-500-vs-fiat-panda-quel-modele-choisir\/\">Fiat 500 vs panda : quel mod\u00e8le choisir ?<\/a><\/li>\n<li><a href=\"https:\/\/www.bymycar.fr\/webzine\/ford-ka-vs-fiat-panda-quel-modele-choisir\/\" data-mce-href=\"https:\/\/www.bymycar.fr\/webzine\/ford-ka-vs-fiat-panda-quel-modele-choisir\/\">Ford ka vs fiat panda : quel mod\u00e8le choisir ?<\/a><\/li>\n<li><a href=\"https:\/\/www.bymycar.fr\/webzine\/quel-est-le-prix-dune-fiat-panda\/\" data-mce-href=\"https:\/\/www.bymycar.fr\/webzine\/quel-est-le-prix-dune-fiat-panda\/\">Quel est le prix d\u2019une Fiat Panda ?<\/a><\/li>\n<li><a href=\"https:\/\/www.bymycar.fr\/webzine\/comment-changer-une-plaquette-de-frein-dune-fiat-panda\/\" data-mce-href=\"https:\/\/www.bymycar.fr\/webzine\/comment-changer-une-plaquette-de-frein-dune-fiat-panda\/\">Comment changer plaquette de frein fiat panda ?\ufeff<\/a><\/li>\n<\/ul>\n<h2>Sources :<\/h2>\n<ul>\n<li><a href=\"https:\/\/www.automobiledimension.com\/model\/fiat\/panda\" data-mce-href=\"https:\/\/www.automobiledimension.com\/model\/fiat\/panda\">Fiat Panda dimensions, boot space and similars<\/a><\/li>\n<li><a href=\"https:\/\/autotijd.be\/en\/dimensions\/fiat\/panda-2020-2024\" data-mce-href=\"https:\/\/autotijd.be\/en\/dimensions\/fiat\/panda-2020-2024\">Dimensions Fiat Panda from 2020 to 2024 &#8211; Autotijd<\/a><\/li>\n<li><a href=\"https:\/\/www.auto-selection.com\/fiche-technique\/fiat\/grande-panda\/2025\/1-2-hybrid-100ch-la-prima-edct6-2923778.php\" data-mce-href=\"https:\/\/www.auto-selection.com\/fiche-technique\/fiat\/grande-panda\/2025\/1-2-hybrid-100ch-la-prima-edct6-2923778.php\">Fiche technique FIAT Grande Panda ann\u00e9e 2025 1.2 Hybrid 100ch La Prima eDCT6<\/a><\/li>\n<\/ul>\n<p><\/p>\n"}}]},"introduction":"<p>La <a data-mce-href=\"https:\/\/www.bymycar.fr\/v\/fiat-panda\" href=\"https:\/\/www.bymycar.fr\/v\/fiat-panda\">Fiat Panda<\/a> est une voiture citadine au gabarit compact qui s\u00e9duit par son agilit\u00e9 urbaine. Avec ses dimensions ma\u00eetris\u00e9es de 3,65 m de long, elle se faufile ais\u00e9ment dans les ruelles \u00e9troites et se glisse sans effort dans n&rsquo;importe quelle place de parking. Son int\u00e9rieur, remarquablement bien exploit\u00e9, offre suffisamment d&rsquo;espace pour accueillir quatre \u00e0 cinq passagers selon les versions, tout en proposant de nombreux rangements pratiques. Pour toute question concernant les tarifs, n&rsquo;h\u00e9sitez pas \u00e0 contacter nos conseillers BYmyCAR.<\/p>\n","add-carousel-to-footer":true},"yoast_head":"<!-- This site is optimized with the Yoast SEO Premium plugin v26.4 (Yoast SEO v26.4) - https:\/\/yoast.com\/wordpress\/plugins\/seo\/ -->\n<title>Dimensions et confort int\u00e9rieur de la Fiat Panda<\/title>\n<meta name=\"description\" content=\"Savoir-faire BYmyCAR : dimensions, volume de coffre et confort int\u00e9rieur de la Fiat Panda, y compris 4x4, hybride et Grande Panda.\" \/>\n<meta name=\"robots\" content=\"index, follow, max-snippet:-1, max-image-preview:large, max-video-preview:-1\" \/>\n<link rel=\"canonical\" href=\"https:\/\/www.bymycar.fr\/webzine\/dimensions-confort-interieur-de-la-fiat-panda\/\" \/>\n<meta property=\"og:locale\" content=\"fr_FR\" \/>\n<meta property=\"og:type\" content=\"article\" \/>\n<meta property=\"og:title\" content=\"Dimensions et confort int\u00e9rieur de la Fiat Panda\" \/>\n<meta property=\"og:description\" content=\"Savoir-faire BYmyCAR : dimensions, volume de coffre et confort int\u00e9rieur de la Fiat Panda, y compris 4x4, hybride et Grande Panda.\" \/>\n<meta property=\"og:url\" content=\"https:\/\/www.bymycar.fr\/webzine\/dimensions-confort-interieur-de-la-fiat-panda\/\" \/>\n<meta property=\"og:site_name\" content=\"Webzine auto BYmyCAR\" \/>\n<meta property=\"article:published_time\" content=\"2026-01-01T00:00:00+00:00\" \/>\n<meta property=\"article:modified_time\" content=\"2026-01-09T15:05:55+00:00\" \/>\n<meta name=\"author\" content=\"La R\u00e9daction BYmyCAR\" \/>\n<meta name=\"twitter:card\" content=\"summary_large_image\" \/>\n<meta name=\"twitter:label1\" content=\"\u00c9crit par\" \/>\n\t<meta name=\"twitter:data1\" content=\"La R\u00e9daction BYmyCAR\" \/>\n<script type=\"application\/ld+json\" class=\"yoast-schema-graph\">{\"@context\":\"https:\/\/schema.org\",\"@graph\":[{\"@type\":\"Article\",\"@id\":\"https:\/\/www.bymycar.fr\/webzine\/dimensions-confort-interieur-de-la-fiat-panda\/#article\",\"isPartOf\":{\"@id\":\"https:\/\/www.bymycar.fr\/webzine\/dimensions-confort-interieur-de-la-fiat-panda\/\"},\"author\":{\"name\":\"La R\u00e9daction BYmyCAR\",\"@id\":\"https:\/\/www.bymycar.fr\/webzine\/#\/schema\/person\/8d570fe11eb8929f06c1e6d00f4d9689\"},\"headline\":\"Dimensions et confort int\u00e9rieur de la Fiat Panda\",\"datePublished\":\"2026-01-01T00:00:00+00:00\",\"dateModified\":\"2026-01-09T15:05:55+00:00\",\"mainEntityOfPage\":{\"@id\":\"https:\/\/www.bymycar.fr\/webzine\/dimensions-confort-interieur-de-la-fiat-panda\/\"},\"wordCount\":9,\"publisher\":{\"@id\":\"https:\/\/www.bymycar.fr\/webzine\/#organization\"},\"articleSection\":[\"Guide d'achat Fiat\"],\"inLanguage\":\"fr-FR\"},{\"@type\":\"WebPage\",\"@id\":\"https:\/\/www.bymycar.fr\/webzine\/dimensions-confort-interieur-de-la-fiat-panda\/\",\"url\":\"https:\/\/www.bymycar.fr\/webzine\/dimensions-confort-interieur-de-la-fiat-panda\/\",\"name\":\"Dimensions et confort int\u00e9rieur de la Fiat Panda\",\"isPartOf\":{\"@id\":\"https:\/\/www.bymycar.fr\/webzine\/#website\"},\"datePublished\":\"2026-01-01T00:00:00+00:00\",\"dateModified\":\"2026-01-09T15:05:55+00:00\",\"description\":\"Savoir-faire BYmyCAR : dimensions, volume de coffre et confort int\u00e9rieur de la Fiat Panda, y compris 4x4, hybride et Grande Panda.\",\"breadcrumb\":{\"@id\":\"https:\/\/www.bymycar.fr\/webzine\/dimensions-confort-interieur-de-la-fiat-panda\/#breadcrumb\"},\"inLanguage\":\"fr-FR\",\"potentialAction\":[{\"@type\":\"ReadAction\",\"target\":[\"https:\/\/www.bymycar.fr\/webzine\/dimensions-confort-interieur-de-la-fiat-panda\/\"]}]},{\"@type\":\"BreadcrumbList\",\"@id\":\"https:\/\/www.bymycar.fr\/webzine\/dimensions-confort-interieur-de-la-fiat-panda\/#breadcrumb\",\"itemListElement\":[{\"@type\":\"ListItem\",\"position\":1,\"name\":\"Accueil\",\"item\":\"https:\/\/www.bymycar.fr\/webzine\/\"},{\"@type\":\"ListItem\",\"position\":2,\"name\":\"Dimensions et confort int\u00e9rieur de la Fiat Panda\"}]},{\"@type\":\"WebSite\",\"@id\":\"https:\/\/www.bymycar.fr\/webzine\/#website\",\"url\":\"https:\/\/www.bymycar.fr\/webzine\/\",\"name\":\"Webzine auto BYmyCAR\",\"description\":\"La magazine auto de BYmyCAR\",\"publisher\":{\"@id\":\"https:\/\/www.bymycar.fr\/webzine\/#organization\"},\"potentialAction\":[{\"@type\":\"SearchAction\",\"target\":{\"@type\":\"EntryPoint\",\"urlTemplate\":\"https:\/\/www.bymycar.fr\/webzine\/?s={search_term_string}\"},\"query-input\":{\"@type\":\"PropertyValueSpecification\",\"valueRequired\":true,\"valueName\":\"search_term_string\"}}],\"inLanguage\":\"fr-FR\"},{\"@type\":\"Organization\",\"@id\":\"https:\/\/www.bymycar.fr\/webzine\/#organization\",\"name\":\"BYmyCAR\",\"url\":\"https:\/\/www.bymycar.fr\/webzine\/\",\"logo\":{\"@type\":\"ImageObject\",\"inLanguage\":\"fr-FR\",\"@id\":\"https:\/\/www.bymycar.fr\/webzine\/#\/schema\/logo\/image\/\",\"url\":\"https:\/\/cdn.bymycar.eu\/fr-webzine\/wp-content\/uploads\/medias\/2017\/08\/logo_DEALER_00000406_001.png\",\"contentUrl\":\"https:\/\/cdn.bymycar.eu\/fr-webzine\/wp-content\/uploads\/medias\/2017\/08\/logo_DEALER_00000406_001.png\",\"width\":2132,\"height\":720,\"caption\":\"BYmyCAR\"},\"image\":{\"@id\":\"https:\/\/www.bymycar.fr\/webzine\/#\/schema\/logo\/image\/\"}},{\"@type\":\"Person\",\"@id\":\"https:\/\/www.bymycar.fr\/webzine\/#\/schema\/person\/8d570fe11eb8929f06c1e6d00f4d9689\",\"name\":\"La R\u00e9daction BYmyCAR\",\"image\":{\"@type\":\"ImageObject\",\"inLanguage\":\"fr-FR\",\"@id\":\"https:\/\/www.bymycar.fr\/webzine\/#\/schema\/person\/image\/\",\"url\":\"https:\/\/secure.gravatar.com\/avatar\/1aa6b039d0ce106989923af4e2d0f2a0c82bb070d5e449f1b9adf082a5863900?s=96&d=mm&r=g\",\"contentUrl\":\"https:\/\/secure.gravatar.com\/avatar\/1aa6b039d0ce106989923af4e2d0f2a0c82bb070d5e449f1b9adf082a5863900?s=96&d=mm&r=g\",\"caption\":\"La R\u00e9daction BYmyCAR\"},\"sameAs\":[\"https:\/\/www.bymycar.fr\/\"]}]}<\/script>\n<!-- \/ Yoast SEO Premium plugin. -->","yoast_head_json":{"title":"Dimensions et confort int\u00e9rieur de la Fiat Panda","description":"Savoir-faire BYmyCAR : dimensions, volume de coffre et confort int\u00e9rieur de la Fiat Panda, y compris 4x4, hybride et Grande Panda.","robots":{"index":"index","follow":"follow","max-snippet":"max-snippet:-1","max-image-preview":"max-image-preview:large","max-video-preview":"max-video-preview:-1"},"canonical":"https:\/\/www.bymycar.fr\/webzine\/dimensions-confort-interieur-de-la-fiat-panda\/","og_locale":"fr_FR","og_type":"article","og_title":"Dimensions et confort int\u00e9rieur de la Fiat Panda","og_description":"Savoir-faire BYmyCAR : dimensions, volume de coffre et confort int\u00e9rieur de la Fiat Panda, y compris 4x4, hybride et Grande Panda.","og_url":"https:\/\/www.bymycar.fr\/webzine\/dimensions-confort-interieur-de-la-fiat-panda\/","og_site_name":"Webzine auto BYmyCAR","article_published_time":"2026-01-01T00:00:00+00:00","article_modified_time":"2026-01-09T15:05:55+00:00","author":"La R\u00e9daction BYmyCAR","twitter_card":"summary_large_image","twitter_misc":{"\u00c9crit par":"La R\u00e9daction BYmyCAR"},"schema":{"@context":"https:\/\/schema.org","@graph":[{"@type":"Article","@id":"https:\/\/www.bymycar.fr\/webzine\/dimensions-confort-interieur-de-la-fiat-panda\/#article","isPartOf":{"@id":"https:\/\/www.bymycar.fr\/webzine\/dimensions-confort-interieur-de-la-fiat-panda\/"},"author":{"name":"La R\u00e9daction BYmyCAR","@id":"https:\/\/www.bymycar.fr\/webzine\/#\/schema\/person\/8d570fe11eb8929f06c1e6d00f4d9689"},"headline":"Dimensions et confort int\u00e9rieur de la Fiat Panda","datePublished":"2026-01-01T00:00:00+00:00","dateModified":"2026-01-09T15:05:55+00:00","mainEntityOfPage":{"@id":"https:\/\/www.bymycar.fr\/webzine\/dimensions-confort-interieur-de-la-fiat-panda\/"},"wordCount":9,"publisher":{"@id":"https:\/\/www.bymycar.fr\/webzine\/#organization"},"articleSection":["Guide d'achat Fiat"],"inLanguage":"fr-FR"},{"@type":"WebPage","@id":"https:\/\/www.bymycar.fr\/webzine\/dimensions-confort-interieur-de-la-fiat-panda\/","url":"https:\/\/www.bymycar.fr\/webzine\/dimensions-confort-interieur-de-la-fiat-panda\/","name":"Dimensions et confort int\u00e9rieur de la Fiat Panda","isPartOf":{"@id":"https:\/\/www.bymycar.fr\/webzine\/#website"},"datePublished":"2026-01-01T00:00:00+00:00","dateModified":"2026-01-09T15:05:55+00:00","description":"Savoir-faire BYmyCAR : dimensions, volume de coffre et confort int\u00e9rieur de la Fiat Panda, y compris 4x4, hybride et Grande Panda.","breadcrumb":{"@id":"https:\/\/www.bymycar.fr\/webzine\/dimensions-confort-interieur-de-la-fiat-panda\/#breadcrumb"},"inLanguage":"fr-FR","potentialAction":[{"@type":"ReadAction","target":["https:\/\/www.bymycar.fr\/webzine\/dimensions-confort-interieur-de-la-fiat-panda\/"]}]},{"@type":"BreadcrumbList","@id":"https:\/\/www.bymycar.fr\/webzine\/dimensions-confort-interieur-de-la-fiat-panda\/#breadcrumb","itemListElement":[{"@type":"ListItem","position":1,"name":"Accueil","item":"https:\/\/www.bymycar.fr\/webzine\/"},{"@type":"ListItem","position":2,"name":"Dimensions et confort int\u00e9rieur de la Fiat Panda"}]},{"@type":"WebSite","@id":"https:\/\/www.bymycar.fr\/webzine\/#website","url":"https:\/\/www.bymycar.fr\/webzine\/","name":"Webzine auto BYmyCAR","description":"La magazine auto de BYmyCAR","publisher":{"@id":"https:\/\/www.bymycar.fr\/webzine\/#organization"},"potentialAction":[{"@type":"SearchAction","target":{"@type":"EntryPoint","urlTemplate":"https:\/\/www.bymycar.fr\/webzine\/?s={search_term_string}"},"query-input":{"@type":"PropertyValueSpecification","valueRequired":true,"valueName":"search_term_string"}}],"inLanguage":"fr-FR"},{"@type":"Organization","@id":"https:\/\/www.bymycar.fr\/webzine\/#organization","name":"BYmyCAR","url":"https:\/\/www.bymycar.fr\/webzine\/","logo":{"@type":"ImageObject","inLanguage":"fr-FR","@id":"https:\/\/www.bymycar.fr\/webzine\/#\/schema\/logo\/image\/","url":"https:\/\/cdn.bymycar.eu\/fr-webzine\/wp-content\/uploads\/medias\/2017\/08\/logo_DEALER_00000406_001.png","contentUrl":"https:\/\/cdn.bymycar.eu\/fr-webzine\/wp-content\/uploads\/medias\/2017\/08\/logo_DEALER_00000406_001.png","width":2132,"height":720,"caption":"BYmyCAR"},"image":{"@id":"https:\/\/www.bymycar.fr\/webzine\/#\/schema\/logo\/image\/"}},{"@type":"Person","@id":"https:\/\/www.bymycar.fr\/webzine\/#\/schema\/person\/8d570fe11eb8929f06c1e6d00f4d9689","name":"La R\u00e9daction BYmyCAR","image":{"@type":"ImageObject","inLanguage":"fr-FR","@id":"https:\/\/www.bymycar.fr\/webzine\/#\/schema\/person\/image\/","url":"https:\/\/secure.gravatar.com\/avatar\/1aa6b039d0ce106989923af4e2d0f2a0c82bb070d5e449f1b9adf082a5863900?s=96&d=mm&r=g","contentUrl":"https:\/\/secure.gravatar.com\/avatar\/1aa6b039d0ce106989923af4e2d0f2a0c82bb070d5e449f1b9adf082a5863900?s=96&d=mm&r=g","caption":"La R\u00e9daction BYmyCAR"},"sameAs":["https:\/\/www.bymycar.fr\/"]}]}},"_links":{"self":[{"href":"https:\/\/www.bymycar.fr\/webzine\/wp-json\/wp\/v2\/posts\/63346","targetHints":{"allow":["GET"]}}],"collection":[{"href":"https:\/\/www.bymycar.fr\/webzine\/wp-json\/wp\/v2\/posts"}],"about":[{"href":"https:\/\/www.bymycar.fr\/webzine\/wp-json\/wp\/v2\/types\/post"}],"author":[{"embeddable":true,"href":"https:\/\/www.bymycar.fr\/webzine\/wp-json\/wp\/v2\/users\/88"}],"replies":[{"embeddable":true,"href":"https:\/\/www.bymycar.fr\/webzine\/wp-json\/wp\/v2\/comments?post=63346"}],"version-history":[{"count":1,"href":"https:\/\/www.bymycar.fr\/webzine\/wp-json\/wp\/v2\/posts\/63346\/revisions"}],"predecessor-version":[{"id":63614,"href":"https:\/\/www.bymycar.fr\/webzine\/wp-json\/wp\/v2\/posts\/63346\/revisions\/63614"}],"wp:attachment":[{"href":"https:\/\/www.bymycar.fr\/webzine\/wp-json\/wp\/v2\/media?parent=63346"}],"wp:term":[{"taxonomy":"category","embeddable":true,"href":"https:\/\/www.bymycar.fr\/webzine\/wp-json\/wp\/v2\/categories?post=63346"},{"taxonomy":"post_tag","embeddable":true,"href":"https:\/\/www.bymycar.fr\/webzine\/wp-json\/wp\/v2\/tags?post=63346"}],"curies":[{"name":"wp","href":"https:\/\/api.w.org\/{rel}","templated":true}]}}