{"id":63345,"date":"2026-01-01T00:00:00","date_gmt":"2026-01-01T00:00:00","guid":{"rendered":"https:\/\/www.bymycar.fr\/webzine\/?p=63345"},"modified":"2026-01-09T15:50:51","modified_gmt":"2026-01-09T14:50:51","slug":"dimensions-confort-interieur-du-dacia-duster-guide-complet","status":"publish","type":"post","link":"https:\/\/www.bymycar.fr\/webzine\/dimensions-confort-interieur-du-dacia-duster-guide-complet\/","title":{"rendered":"Dimensions et Confort Int\u00e9rieur du Dacia Duster : Guide Complet"},"content":{"rendered":"","protected":false},"excerpt":{"rendered":"","protected":false},"author":88,"featured_media":0,"comment_status":"closed","ping_status":"open","sticky":false,"template":"","format":"standard","meta":{"_acf_changed":false,"footnotes":""},"categories":[12903],"tags":[],"class_list":["post-63345","post","type-post","status-publish","format-standard","hentry","category-guide-dachat-dacia"],"acf":{"page_content":{"block_content":[{"acf_fc_layout":"text-simple","--nav":{"-withNav":false,"-ancre":""},"--group":{"-text":"<h2>Ce qu&rsquo;il faut retenir<\/h2>\n<p>Voici les points essentiels \u00e0 retenir sur les dimensions et le confort int\u00e9rieur du Dacia Duster :<\/p>\n<ul>\n<li><strong>Dimensions optimales<\/strong> : avec ses 4 343 mm de longueur et sa garde au sol de 21 cm, le Dacia Duster combine compacit\u00e9 urbaine et capacit\u00e9s tout-terrain ;<\/li>\n<li><strong>Espace g\u00e9n\u00e9reux<\/strong> : vous b\u00e9n\u00e9ficiez de 5 places confortables, d&rsquo;un coffre modulable de 594 \u00e0 1 696 litres et de 28,9 litres de rangements astucieux ;<\/li>\n<li><strong>Polyvalence maximale<\/strong> : la banquette rabattable 60\/40, la position de conduite sur\u00e9lev\u00e9e et les multiples motorisations (essence, hybride, 4&#215;4) s&rsquo;adaptent \u00e0 tous vos besoins.<\/li>\n<\/ul>\n<p>Le Dacia Duster vous offre ainsi le parfait \u00e9quilibre entre dimensions ma\u00eetris\u00e9es et habitabilit\u00e9 exceptionnelle pour un SUV compact.<\/p>\n<h2>Dimensions ext\u00e9rieures : longueur, largeur, hauteur du Dacia Duster<\/h2>\n<h3>Tableau synth\u00e9tique des dimensions<\/h3>\n<table>\n<thead>\n<tr>\n<th>Dimension<\/th>\n<th>Valeur en mm<\/th>\n<\/tr>\n<\/thead>\n<tbody>\n<tr>\n<td>Longueur<\/td>\n<td>4 343<\/td>\n<\/tr>\n<tr>\n<td>Largeur (sans r\u00e9troviseurs)<\/td>\n<td>1 813<\/td>\n<\/tr>\n<tr>\n<td>Largeur (avec r\u00e9troviseurs)<\/td>\n<td>2 069<\/td>\n<\/tr>\n<tr>\n<td>Hauteur<\/td>\n<td>1 656<\/td>\n<\/tr>\n<tr>\n<td>Empattement<\/td>\n<td>2 657<\/td>\n<\/tr>\n<\/tbody>\n<\/table>\n<h3>Garde au sol et empattement<\/h3>\n<p>Le Dacia Duster se distingue par sa garde au sol \u00e9lev\u00e9e de 21 cm, qui lui conf\u00e8re de v\u00e9ritables aptitudes pour s&rsquo;aventurer hors des sentiers battus. Taill\u00e9 pour affronter tous types de terrains, ce <a data-mce-href=\"https:\/\/www.bymycar.fr\/v\/suv\" href=\"https:\/\/www.bymycar.fr\/v\/suv\">SUV<\/a> compact b\u00e9n\u00e9ficie d&rsquo;un empattement de 2 657 mm qui contribue non seulement \u00e0 sa stabilit\u00e9 mais garantit \u00e9galement un espace int\u00e9rieur g\u00e9n\u00e9reux pour tous les occupants.<\/p>\n<h2>Confort et habitabilit\u00e9 int\u00e9rieure<\/h2>\n<h3>Espace pour les passagers<\/h3>\n<p>Le Dacia Duster offre un espace aux jambes g\u00e9n\u00e9reux \u00e0 l&rsquo;arri\u00e8re, permettant \u00e0 deux adultes de voyager confortablement sur longues distances. La banquette inclinable selon les versions am\u00e9liore significativement le confort, tandis que l&rsquo;espace \u00e0 la t\u00eate reste satisfaisant m\u00eame pour les grandes personnes. Cette configuration spacieuse fait du Duster un compagnon id\u00e9al pour vos voyages en famille, o\u00f9 chaque passager pourra profiter d&rsquo;un confort optimal.<\/p>\n<h3>Poste de conduite<\/h3>\n<p>Le si\u00e8ge conducteur r\u00e9glable en hauteur vous permet d&rsquo;adapter parfaitement votre position de conduite selon votre morphologie. La position sur\u00e9lev\u00e9e caract\u00e9ristique des SUV vous offre une excellente visibilit\u00e9 sur la route. Le tableau de bord \u00e9pur\u00e9 et fonctionnel met toutes les commandes \u00e0 port\u00e9e de main, rendant la conduite plus intuitive et agr\u00e9able au quotidien.<\/p>\n<h2>Volume du coffre et modularit\u00e9<\/h2>\n<h3>Capacit\u00e9 de chargement<\/h3>\n<p>Le <a data-mce-href=\"https:\/\/www.bymycar.fr\/marque\/dacia\" href=\"https:\/\/www.bymycar.fr\/marque\/dacia\">Dacia<\/a> Duster offre un volume de coffre impressionnant de 594 litres selon la norme DM VDA, pouvant atteindre jusqu&rsquo;\u00e0 1 696 litres une fois la banquette rabattue. Cette capacit\u00e9 varie l\u00e9g\u00e8rement selon les motorisations, la version Mild hybrid 130 proposant le volume le plus g\u00e9n\u00e9reux.<\/p>\n<h3>Astuces de modularit\u00e9<\/h3>\n<p>Voici les solutions pratiques qui optimisent l&rsquo;espace de votre SUV :<\/p>\n<ul>\n<li><strong>Banquette arri\u00e8re rabattable 60\/40<\/strong> permettant d&rsquo;adapter l&rsquo;espace selon vos besoins ;<\/li>\n<li><strong>Plancher de coffre plat<\/strong> facilitant le chargement d&rsquo;objets volumineux ;<\/li>\n<li><strong>Barres de toit modulables<\/strong> augmentant les possibilit\u00e9s de transport.<\/li>\n<\/ul>\n<p>Cette modularit\u00e9 intelligente s&rsquo;inscrit dans la continuit\u00e9 des innovations pr\u00e9sentes sur le <a href=\"https:\/\/www.bymycar.fr\/v\/dacia-duster-2022\" data-mce-href=\"https:\/\/www.bymycar.fr\/v\/dacia-duster-2022\">Dacia Duster 2022<\/a>, faisant de ce SUV un v\u00e9hicule polyvalent parfaitement adapt\u00e9 \u00e0 tous vos usages quotidiens.<\/p>\n<h2>Motorisations et versions : essence, diesel, 4&#215;4, hybride<\/h2>\n<p>Le Dacia Duster propose une gamme compl\u00e8te de motorisations adapt\u00e9es \u00e0 tous les usages. Vous pouvez choisir entre l&rsquo;Eco-G 100 (essence\/GPL), le TCe 130 micro-hybride (disponible en 4&#215;4) et l&rsquo;Hybrid 140. <\/p>\n<p>Chaque motorisation pr\u00e9sente ses propres atouts :<\/p>\n<ul>\n<li><strong>Excellentes capacit\u00e9s tout-terrain<\/strong> avec une garde au sol jusqu&rsquo;\u00e0 217 mm en version 4&#215;4 ;<\/li>\n<li><strong>Consommation mixte r\u00e9duite<\/strong> atteignant moins de 4 l\/100 km en ville pour la version hybrid ;<\/li>\n<li><strong>Grande autonomie<\/strong> pouvant atteindre 1 300 km pour la version GPL.<\/li>\n<\/ul>\n<p>Le <a href=\"https:\/\/www.bymycar.fr\/v\/dacia-duster-2020\" data-mce-href=\"https:\/\/www.bymycar.fr\/v\/dacia-duster-2020\">Dacia Duster 2020<\/a> offrait d\u00e9j\u00e0 d&rsquo;excellentes performances, confirmant la fiabilit\u00e9 de cette gamme avant m\u00eame l&rsquo;arriv\u00e9e d&rsquo;une future d\u00e9clinaison \u00e9lectrique.<\/p>\n<h2>Fiche technique synth\u00e9tique du Dacia Duster<\/h2>\n<table>\n<thead>\n<tr>\n<th>Caract\u00e9ristique<\/th>\n<th>Valeur<\/th>\n<\/tr>\n<\/thead>\n<tbody>\n<tr>\n<td>Poids \u00e0 vide<\/td>\n<td>1 350 kg<\/td>\n<\/tr>\n<tr>\n<td>PTAC<\/td>\n<td>1 899 kg<\/td>\n<\/tr>\n<tr>\n<td>R\u00e9servoir<\/td>\n<td>51 litres<\/td>\n<\/tr>\n<\/tbody>\n<\/table>\n<p>Le Dacia Duster offre un excellent poids tractable en version 4&#215;4 jusqu&rsquo;\u00e0 1 500 kg. Tous les mod\u00e8les sont \u00e9quip\u00e9s d&rsquo;un kit de gonflage pour vous d\u00e9panner efficacement en cas de crevaison.<\/p>\n<h2>Questions fr\u00e9quentes sur les dimensions du Dacia Duster<\/h2>\n<h3>Quel est l&rsquo;espace int\u00e9rieur d&rsquo;une Dacia Duster ?<\/h3>\n<p>Le Dacia Duster offre un int\u00e9rieur particuli\u00e8rement g\u00e9n\u00e9reux avec 5 places confortables et jusqu&rsquo;\u00e0 28,9 litres de rangements r\u00e9partis dans 11 compartiments. La position de conduite sur\u00e9lev\u00e9e vous garantit une excellente visibilit\u00e9 sur la route.<\/p>\n<h3>Quelles sont les dimensions de la banquette arri\u00e8re ?<\/h3>\n<p>La banquette arri\u00e8re du Dacia Duster est inclinable selon les versions et offre un espace aux jambes g\u00e9n\u00e9reux pour deux adultes, m\u00eame sur de longs trajets. Divisible en 60\/40, elle permet d&rsquo;obtenir un plancher parfaitement plat une fois rabattue.<\/p>\n<h3>Quelles sont les dimensions compl\u00e8tes du Dacia Duster ?<\/h3>\n<p>Le Dacia Duster mesure 4 343 mm de longueur, 1 813 mm de largeur (hors r\u00e9troviseurs), 2 069 mm (avec r\u00e9troviseurs) et 1 656 mm de hauteur. Avec son empattement de 2 657 mm et sa garde au sol de 21 cm, il combine parfaitement compacit\u00e9 et polyvalence.<\/p>\n<h2>Pour aller plus loin<\/h2>\n<h3>A lire \u00e9galement :<\/h3>\n<ul>\n<li><a href=\"https:\/\/www.bymycar.fr\/webzine\/quel-est-le-meilleur-moteur-pour-le-dacia-duster\/\" data-mce-href=\"https:\/\/www.bymycar.fr\/webzine\/quel-est-le-meilleur-moteur-pour-le-dacia-duster\/\">Quel est le meilleur moteur pour le Dacia Duster ?<\/a><\/li>\n<li><a href=\"https:\/\/www.bymycar.fr\/webzine\/guide-dachat-quel-est-le-prix-dun-dacia-duster\/\" data-mce-href=\"https:\/\/www.bymycar.fr\/webzine\/guide-dachat-quel-est-le-prix-dun-dacia-duster\/\">Quel est le prix d\u2019un Dacia Duster ?<\/a><\/li>\n<li><a href=\"https:\/\/www.bymycar.fr\/webzine\/guide-dachat-que-vaut-le-dacia-duster\/\" data-mce-href=\"https:\/\/www.bymycar.fr\/webzine\/guide-dachat-que-vaut-le-dacia-duster\/\">Que vaut le Dacia Duster ?<\/a><\/li>\n<li><a href=\"https:\/\/www.bymycar.fr\/webzine\/guide-dachat-quand-changer-la-courroie-de-distribution-sur-dacia-duster\/\" data-mce-href=\"https:\/\/www.bymycar.fr\/webzine\/guide-dachat-quand-changer-la-courroie-de-distribution-sur-dacia-duster\/\">Quand changer la courroie de distribution sur Dacia Duster ?<\/a><\/li>\n<li><a href=\"https:\/\/www.bymycar.fr\/webzine\/guide-dachat-comment-changer-la-batterie-dun-dacia-duster\/\" data-mce-href=\"https:\/\/www.bymycar.fr\/webzine\/guide-dachat-comment-changer-la-batterie-dun-dacia-duster\/\">Comment changer la batterie d\u2019un Dacia Duster ?<\/a><\/li>\n<li><a href=\"https:\/\/www.bymycar.fr\/webzine\/guide-dachat-comment-faire-sa-vidange-sur-dacia-duster\/\" data-mce-href=\"https:\/\/www.bymycar.fr\/webzine\/guide-dachat-comment-faire-sa-vidange-sur-dacia-duster\/\">Comment faire sa vidange sur Dacia Duster ?<\/a><\/li>\n<li><a href=\"https:\/\/www.bymycar.fr\/webzine\/quelles-sont-les-couleurs-du-dacia-duster\/\" data-mce-href=\"https:\/\/www.bymycar.fr\/webzine\/quelles-sont-les-couleurs-du-dacia-duster\/\">Quelles sont les couleurs du Dacia Duster ?<\/a><\/li>\n<li><a href=\"https:\/\/www.bymycar.fr\/webzine\/guide-dachat-quelle-est-la-consommation-dun-dacia-duster\/\" data-mce-href=\"https:\/\/www.bymycar.fr\/webzine\/guide-dachat-quelle-est-la-consommation-dun-dacia-duster\/\">Quelle est la consommation d\u2019un Dacia Duster ?<\/a><\/li>\n<li><a href=\"https:\/\/www.bymycar.fr\/webzine\/quelle-huile-moteur-pour-dacia-duster\/\" data-mce-href=\"https:\/\/www.bymycar.fr\/webzine\/quelle-huile-moteur-pour-dacia-duster\/\">Quelle huile moteur pour Dacia Duster ?<\/a><\/li>\n<li><a href=\"https:\/\/www.bymycar.fr\/webzine\/comment-monter-un-attelage-sur-dacia-duster\/\" data-mce-href=\"https:\/\/www.bymycar.fr\/webzine\/comment-monter-un-attelage-sur-dacia-duster\/\">Comment monter un attelage sur Dacia Duster ?<\/a><\/li>\n<\/ul>\n<h3>Sources :<\/h3>\n<ul>\n<li><a href=\"http:\/\/renault-ci.com\/cars\/duster-p1311-ph1-en\/dimensions-and-modularity.html\" target=\"_blank\" data-mce-href=\"http:\/\/renault-ci.com\/cars\/duster-p1311-ph1-en\/dimensions-and-modularity.html\">Modular design and dimensions &#8211; Renault Duster<\/a><\/li>\n<li><a href=\"https:\/\/www.dacia.fr\/gamme-electrique-et-hybride\/duster-suv\/comparateur-specifications.html\" target=\"_blank\" data-mce-href=\"https:\/\/www.dacia.fr\/gamme-electrique-et-hybride\/duster-suv\/comparateur-specifications.html\">Fiche technique &#8211; SUV Duster &#8211; Dacia<\/a><\/li>\n<li><a href=\"https:\/\/www.dacia.lu\/gamme-electrique-et-hybride\/duster-suv\/comparateur.html\" target=\"_blank\" data-mce-href=\"https:\/\/www.dacia.lu\/gamme-electrique-et-hybride\/duster-suv\/comparateur.html\">Fiche technique &#8211; Nouveau SUV Duster &#8211; Dacia<\/a><\/li>\n<\/ul>\n"}}]},"introduction":"<p>Le <a data-mce-href=\"https:\/\/www.bymycar.fr\/v\/dacia-duster\" href=\"https:\/\/www.bymycar.fr\/v\/dacia-duster\">Dacia Duster<\/a> s&rsquo;impose comme un SUV compact offrant un espace g\u00e9n\u00e9reux \u00e0 ses occupants. Avec son habitacle polyvalent, ce mod\u00e8le Dacia Duster allie praticit\u00e9 et confort pour tous vos d\u00e9placements. Vous appr\u00e9cierez particuli\u00e8rement son volume de chargement modulable, ses nombreux rangements astucieux et sa position de conduite sur\u00e9lev\u00e9e qui vous garantit une excellente visibilit\u00e9. D\u00e9couvrez en d\u00e9tail ses dimensions ext\u00e9rieures, son confort int\u00e9rieur, ses capacit\u00e9s de chargement ainsi que sa fiche technique compl\u00e8te.<\/p>\n","add-carousel-to-footer":true},"yoast_head":"<!-- This site is optimized with the Yoast SEO Premium plugin v26.4 (Yoast SEO v26.4) - https:\/\/yoast.com\/wordpress\/plugins\/seo\/ -->\n<title>Dimensions et Confort Int\u00e9rieur du Dacia Duster : Guide Complet<\/title>\n<meta name=\"description\" content=\"D\u00e9couvrez toutes les dimensions, le confort int\u00e9rieur et la fiche technique du Dacia Duster pour choisir votre SUV en toute s\u00e9r\u00e9nit\u00e9.\" \/>\n<meta name=\"robots\" content=\"index, follow, max-snippet:-1, max-image-preview:large, max-video-preview:-1\" \/>\n<link rel=\"canonical\" href=\"https:\/\/www.bymycar.fr\/webzine\/dimensions-confort-interieur-du-dacia-duster-guide-complet\/\" \/>\n<meta property=\"og:locale\" content=\"fr_FR\" \/>\n<meta property=\"og:type\" content=\"article\" \/>\n<meta property=\"og:title\" content=\"Dimensions et Confort Int\u00e9rieur du Dacia Duster : Guide Complet\" \/>\n<meta property=\"og:description\" content=\"D\u00e9couvrez toutes les dimensions, le confort int\u00e9rieur et la fiche technique du Dacia Duster pour choisir votre SUV en toute s\u00e9r\u00e9nit\u00e9.\" \/>\n<meta property=\"og:url\" content=\"https:\/\/www.bymycar.fr\/webzine\/dimensions-confort-interieur-du-dacia-duster-guide-complet\/\" \/>\n<meta property=\"og:site_name\" content=\"Webzine auto BYmyCAR\" \/>\n<meta property=\"article:published_time\" content=\"2026-01-01T00:00:00+00:00\" \/>\n<meta property=\"article:modified_time\" content=\"2026-01-09T14:50:51+00:00\" \/>\n<meta name=\"author\" content=\"La R\u00e9daction BYmyCAR\" \/>\n<meta name=\"twitter:card\" content=\"summary_large_image\" \/>\n<meta name=\"twitter:label1\" content=\"\u00c9crit par\" \/>\n\t<meta name=\"twitter:data1\" content=\"La R\u00e9daction BYmyCAR\" \/>\n<script type=\"application\/ld+json\" class=\"yoast-schema-graph\">{\"@context\":\"https:\/\/schema.org\",\"@graph\":[{\"@type\":\"Article\",\"@id\":\"https:\/\/www.bymycar.fr\/webzine\/dimensions-confort-interieur-du-dacia-duster-guide-complet\/#article\",\"isPartOf\":{\"@id\":\"https:\/\/www.bymycar.fr\/webzine\/dimensions-confort-interieur-du-dacia-duster-guide-complet\/\"},\"author\":{\"name\":\"La R\u00e9daction BYmyCAR\",\"@id\":\"https:\/\/www.bymycar.fr\/webzine\/#\/schema\/person\/8d570fe11eb8929f06c1e6d00f4d9689\"},\"headline\":\"Dimensions et Confort Int\u00e9rieur du Dacia Duster : Guide Complet\",\"datePublished\":\"2026-01-01T00:00:00+00:00\",\"dateModified\":\"2026-01-09T14:50:51+00:00\",\"mainEntityOfPage\":{\"@id\":\"https:\/\/www.bymycar.fr\/webzine\/dimensions-confort-interieur-du-dacia-duster-guide-complet\/\"},\"wordCount\":10,\"publisher\":{\"@id\":\"https:\/\/www.bymycar.fr\/webzine\/#organization\"},\"articleSection\":[\"Guide d'achat Dacia\"],\"inLanguage\":\"fr-FR\"},{\"@type\":\"WebPage\",\"@id\":\"https:\/\/www.bymycar.fr\/webzine\/dimensions-confort-interieur-du-dacia-duster-guide-complet\/\",\"url\":\"https:\/\/www.bymycar.fr\/webzine\/dimensions-confort-interieur-du-dacia-duster-guide-complet\/\",\"name\":\"Dimensions et Confort Int\u00e9rieur du Dacia Duster : Guide Complet\",\"isPartOf\":{\"@id\":\"https:\/\/www.bymycar.fr\/webzine\/#website\"},\"datePublished\":\"2026-01-01T00:00:00+00:00\",\"dateModified\":\"2026-01-09T14:50:51+00:00\",\"description\":\"D\u00e9couvrez toutes les dimensions, le confort int\u00e9rieur et la fiche technique du Dacia Duster pour choisir votre SUV en toute s\u00e9r\u00e9nit\u00e9.\",\"breadcrumb\":{\"@id\":\"https:\/\/www.bymycar.fr\/webzine\/dimensions-confort-interieur-du-dacia-duster-guide-complet\/#breadcrumb\"},\"inLanguage\":\"fr-FR\",\"potentialAction\":[{\"@type\":\"ReadAction\",\"target\":[\"https:\/\/www.bymycar.fr\/webzine\/dimensions-confort-interieur-du-dacia-duster-guide-complet\/\"]}]},{\"@type\":\"BreadcrumbList\",\"@id\":\"https:\/\/www.bymycar.fr\/webzine\/dimensions-confort-interieur-du-dacia-duster-guide-complet\/#breadcrumb\",\"itemListElement\":[{\"@type\":\"ListItem\",\"position\":1,\"name\":\"Accueil\",\"item\":\"https:\/\/www.bymycar.fr\/webzine\/\"},{\"@type\":\"ListItem\",\"position\":2,\"name\":\"Dimensions et Confort Int\u00e9rieur du Dacia Duster : Guide Complet\"}]},{\"@type\":\"WebSite\",\"@id\":\"https:\/\/www.bymycar.fr\/webzine\/#website\",\"url\":\"https:\/\/www.bymycar.fr\/webzine\/\",\"name\":\"Webzine auto BYmyCAR\",\"description\":\"La magazine auto de BYmyCAR\",\"publisher\":{\"@id\":\"https:\/\/www.bymycar.fr\/webzine\/#organization\"},\"potentialAction\":[{\"@type\":\"SearchAction\",\"target\":{\"@type\":\"EntryPoint\",\"urlTemplate\":\"https:\/\/www.bymycar.fr\/webzine\/?s={search_term_string}\"},\"query-input\":{\"@type\":\"PropertyValueSpecification\",\"valueRequired\":true,\"valueName\":\"search_term_string\"}}],\"inLanguage\":\"fr-FR\"},{\"@type\":\"Organization\",\"@id\":\"https:\/\/www.bymycar.fr\/webzine\/#organization\",\"name\":\"BYmyCAR\",\"url\":\"https:\/\/www.bymycar.fr\/webzine\/\",\"logo\":{\"@type\":\"ImageObject\",\"inLanguage\":\"fr-FR\",\"@id\":\"https:\/\/www.bymycar.fr\/webzine\/#\/schema\/logo\/image\/\",\"url\":\"https:\/\/cdn.bymycar.eu\/fr-webzine\/wp-content\/uploads\/medias\/2017\/08\/logo_DEALER_00000406_001.png\",\"contentUrl\":\"https:\/\/cdn.bymycar.eu\/fr-webzine\/wp-content\/uploads\/medias\/2017\/08\/logo_DEALER_00000406_001.png\",\"width\":2132,\"height\":720,\"caption\":\"BYmyCAR\"},\"image\":{\"@id\":\"https:\/\/www.bymycar.fr\/webzine\/#\/schema\/logo\/image\/\"}},{\"@type\":\"Person\",\"@id\":\"https:\/\/www.bymycar.fr\/webzine\/#\/schema\/person\/8d570fe11eb8929f06c1e6d00f4d9689\",\"name\":\"La R\u00e9daction BYmyCAR\",\"image\":{\"@type\":\"ImageObject\",\"inLanguage\":\"fr-FR\",\"@id\":\"https:\/\/www.bymycar.fr\/webzine\/#\/schema\/person\/image\/\",\"url\":\"https:\/\/secure.gravatar.com\/avatar\/1aa6b039d0ce106989923af4e2d0f2a0c82bb070d5e449f1b9adf082a5863900?s=96&d=mm&r=g\",\"contentUrl\":\"https:\/\/secure.gravatar.com\/avatar\/1aa6b039d0ce106989923af4e2d0f2a0c82bb070d5e449f1b9adf082a5863900?s=96&d=mm&r=g\",\"caption\":\"La R\u00e9daction BYmyCAR\"},\"sameAs\":[\"https:\/\/www.bymycar.fr\/\"]}]}<\/script>\n<!-- \/ Yoast SEO Premium plugin. -->","yoast_head_json":{"title":"Dimensions et Confort Int\u00e9rieur du Dacia Duster : Guide Complet","description":"D\u00e9couvrez toutes les dimensions, le confort int\u00e9rieur et la fiche technique du Dacia Duster pour choisir votre SUV en toute s\u00e9r\u00e9nit\u00e9.","robots":{"index":"index","follow":"follow","max-snippet":"max-snippet:-1","max-image-preview":"max-image-preview:large","max-video-preview":"max-video-preview:-1"},"canonical":"https:\/\/www.bymycar.fr\/webzine\/dimensions-confort-interieur-du-dacia-duster-guide-complet\/","og_locale":"fr_FR","og_type":"article","og_title":"Dimensions et Confort Int\u00e9rieur du Dacia Duster : Guide Complet","og_description":"D\u00e9couvrez toutes les dimensions, le confort int\u00e9rieur et la fiche technique du Dacia Duster pour choisir votre SUV en toute s\u00e9r\u00e9nit\u00e9.","og_url":"https:\/\/www.bymycar.fr\/webzine\/dimensions-confort-interieur-du-dacia-duster-guide-complet\/","og_site_name":"Webzine auto BYmyCAR","article_published_time":"2026-01-01T00:00:00+00:00","article_modified_time":"2026-01-09T14:50:51+00:00","author":"La R\u00e9daction BYmyCAR","twitter_card":"summary_large_image","twitter_misc":{"\u00c9crit par":"La R\u00e9daction BYmyCAR"},"schema":{"@context":"https:\/\/schema.org","@graph":[{"@type":"Article","@id":"https:\/\/www.bymycar.fr\/webzine\/dimensions-confort-interieur-du-dacia-duster-guide-complet\/#article","isPartOf":{"@id":"https:\/\/www.bymycar.fr\/webzine\/dimensions-confort-interieur-du-dacia-duster-guide-complet\/"},"author":{"name":"La R\u00e9daction BYmyCAR","@id":"https:\/\/www.bymycar.fr\/webzine\/#\/schema\/person\/8d570fe11eb8929f06c1e6d00f4d9689"},"headline":"Dimensions et Confort Int\u00e9rieur du Dacia Duster : Guide Complet","datePublished":"2026-01-01T00:00:00+00:00","dateModified":"2026-01-09T14:50:51+00:00","mainEntityOfPage":{"@id":"https:\/\/www.bymycar.fr\/webzine\/dimensions-confort-interieur-du-dacia-duster-guide-complet\/"},"wordCount":10,"publisher":{"@id":"https:\/\/www.bymycar.fr\/webzine\/#organization"},"articleSection":["Guide d'achat Dacia"],"inLanguage":"fr-FR"},{"@type":"WebPage","@id":"https:\/\/www.bymycar.fr\/webzine\/dimensions-confort-interieur-du-dacia-duster-guide-complet\/","url":"https:\/\/www.bymycar.fr\/webzine\/dimensions-confort-interieur-du-dacia-duster-guide-complet\/","name":"Dimensions et Confort Int\u00e9rieur du Dacia Duster : Guide Complet","isPartOf":{"@id":"https:\/\/www.bymycar.fr\/webzine\/#website"},"datePublished":"2026-01-01T00:00:00+00:00","dateModified":"2026-01-09T14:50:51+00:00","description":"D\u00e9couvrez toutes les dimensions, le confort int\u00e9rieur et la fiche technique du Dacia Duster pour choisir votre SUV en toute s\u00e9r\u00e9nit\u00e9.","breadcrumb":{"@id":"https:\/\/www.bymycar.fr\/webzine\/dimensions-confort-interieur-du-dacia-duster-guide-complet\/#breadcrumb"},"inLanguage":"fr-FR","potentialAction":[{"@type":"ReadAction","target":["https:\/\/www.bymycar.fr\/webzine\/dimensions-confort-interieur-du-dacia-duster-guide-complet\/"]}]},{"@type":"BreadcrumbList","@id":"https:\/\/www.bymycar.fr\/webzine\/dimensions-confort-interieur-du-dacia-duster-guide-complet\/#breadcrumb","itemListElement":[{"@type":"ListItem","position":1,"name":"Accueil","item":"https:\/\/www.bymycar.fr\/webzine\/"},{"@type":"ListItem","position":2,"name":"Dimensions et Confort Int\u00e9rieur du Dacia Duster : Guide Complet"}]},{"@type":"WebSite","@id":"https:\/\/www.bymycar.fr\/webzine\/#website","url":"https:\/\/www.bymycar.fr\/webzine\/","name":"Webzine auto BYmyCAR","description":"La magazine auto de BYmyCAR","publisher":{"@id":"https:\/\/www.bymycar.fr\/webzine\/#organization"},"potentialAction":[{"@type":"SearchAction","target":{"@type":"EntryPoint","urlTemplate":"https:\/\/www.bymycar.fr\/webzine\/?s={search_term_string}"},"query-input":{"@type":"PropertyValueSpecification","valueRequired":true,"valueName":"search_term_string"}}],"inLanguage":"fr-FR"},{"@type":"Organization","@id":"https:\/\/www.bymycar.fr\/webzine\/#organization","name":"BYmyCAR","url":"https:\/\/www.bymycar.fr\/webzine\/","logo":{"@type":"ImageObject","inLanguage":"fr-FR","@id":"https:\/\/www.bymycar.fr\/webzine\/#\/schema\/logo\/image\/","url":"https:\/\/cdn.bymycar.eu\/fr-webzine\/wp-content\/uploads\/medias\/2017\/08\/logo_DEALER_00000406_001.png","contentUrl":"https:\/\/cdn.bymycar.eu\/fr-webzine\/wp-content\/uploads\/medias\/2017\/08\/logo_DEALER_00000406_001.png","width":2132,"height":720,"caption":"BYmyCAR"},"image":{"@id":"https:\/\/www.bymycar.fr\/webzine\/#\/schema\/logo\/image\/"}},{"@type":"Person","@id":"https:\/\/www.bymycar.fr\/webzine\/#\/schema\/person\/8d570fe11eb8929f06c1e6d00f4d9689","name":"La R\u00e9daction BYmyCAR","image":{"@type":"ImageObject","inLanguage":"fr-FR","@id":"https:\/\/www.bymycar.fr\/webzine\/#\/schema\/person\/image\/","url":"https:\/\/secure.gravatar.com\/avatar\/1aa6b039d0ce106989923af4e2d0f2a0c82bb070d5e449f1b9adf082a5863900?s=96&d=mm&r=g","contentUrl":"https:\/\/secure.gravatar.com\/avatar\/1aa6b039d0ce106989923af4e2d0f2a0c82bb070d5e449f1b9adf082a5863900?s=96&d=mm&r=g","caption":"La R\u00e9daction BYmyCAR"},"sameAs":["https:\/\/www.bymycar.fr\/"]}]}},"_links":{"self":[{"href":"https:\/\/www.bymycar.fr\/webzine\/wp-json\/wp\/v2\/posts\/63345","targetHints":{"allow":["GET"]}}],"collection":[{"href":"https:\/\/www.bymycar.fr\/webzine\/wp-json\/wp\/v2\/posts"}],"about":[{"href":"https:\/\/www.bymycar.fr\/webzine\/wp-json\/wp\/v2\/types\/post"}],"author":[{"embeddable":true,"href":"https:\/\/www.bymycar.fr\/webzine\/wp-json\/wp\/v2\/users\/88"}],"replies":[{"embeddable":true,"href":"https:\/\/www.bymycar.fr\/webzine\/wp-json\/wp\/v2\/comments?post=63345"}],"version-history":[{"count":1,"href":"https:\/\/www.bymycar.fr\/webzine\/wp-json\/wp\/v2\/posts\/63345\/revisions"}],"predecessor-version":[{"id":63613,"href":"https:\/\/www.bymycar.fr\/webzine\/wp-json\/wp\/v2\/posts\/63345\/revisions\/63613"}],"wp:attachment":[{"href":"https:\/\/www.bymycar.fr\/webzine\/wp-json\/wp\/v2\/media?parent=63345"}],"wp:term":[{"taxonomy":"category","embeddable":true,"href":"https:\/\/www.bymycar.fr\/webzine\/wp-json\/wp\/v2\/categories?post=63345"},{"taxonomy":"post_tag","embeddable":true,"href":"https:\/\/www.bymycar.fr\/webzine\/wp-json\/wp\/v2\/tags?post=63345"}],"curies":[{"name":"wp","href":"https:\/\/api.w.org\/{rel}","templated":true}]}}