{"id":63302,"date":"2025-12-28T00:00:00","date_gmt":"2025-12-28T00:00:00","guid":{"rendered":"https:\/\/www.bymycar.fr\/webzine\/?p=63302"},"modified":"2026-01-09T16:18:40","modified_gmt":"2026-01-09T15:18:40","slug":"comment-choisir-la-finition-de-ma-smart-1","status":"publish","type":"post","link":"https:\/\/www.bymycar.fr\/webzine\/comment-choisir-la-finition-de-ma-smart-1\/","title":{"rendered":"Comment choisir la finition de ma Smart #1 ?"},"content":{"rendered":"","protected":false},"excerpt":{"rendered":"","protected":false},"author":88,"featured_media":0,"comment_status":"closed","ping_status":"open","sticky":false,"template":"","format":"standard","meta":{"_acf_changed":false,"footnotes":""},"categories":[12926],"tags":[],"class_list":["post-63302","post","type-post","status-publish","format-standard","hentry","category-guide-dachat-smart"],"acf":{"page_content":{"block_content":[{"acf_fc_layout":"text-simple","--nav":{"-withNav":false,"-ancre":""},"--group":{"-text":"<h2>Ce qu&rsquo;il faut retenir<\/h2>\n<p>Pour choisir la finition id\u00e9ale de votre Smart #1, voici les \u00e9l\u00e9ments essentiels \u00e0 retenir :<\/p>\n<ul>\n<li><strong>Finition Pro+ pour l&rsquo;urbain<\/strong> : autonomie de 420 km, \u00e9quipement complet avec \u00e9cran 12,8&Prime;, cam\u00e9ra 360\u00b0 et recharge AC 7,4 kW, parfaite pour un usage quotidien en ville ;<\/li>\n<li><strong>Finition Premium pour la polyvalence<\/strong> : meilleur compromis avec 440 km d&rsquo;autonomie, pompe \u00e0 chaleur, syst\u00e8me audio Beats 13 haut-parleurs et recharge rapide AC 22 kW pour tous types de trajets ;<\/li>\n<li><strong>Finition BRABUS pour les performances<\/strong> : 428 ch avec transmission int\u00e9grale, 0-100 km\/h en 3,9 secondes et \u00e9quipements sportifs exclusifs pour les amateurs de sensations.<\/li>\n<\/ul>\n<p>Nos conseillers BYmyCAR vous accompagnent pour identifier la finition qui correspond parfaitement \u00e0 votre profil de conduite et vos besoins de mobilit\u00e9 \u00e9lectrique.<\/p>\n<h2>Base technique commune : fiche technique Smart #1<\/h2>\n<p>La Smart #1 repose sur une base technique performante et polyvalente. Toutes les versions \u00ab classiques \u00bb sont \u00e9quip\u00e9es d&rsquo;un moteur \u00e9lectrique arri\u00e8re d\u00e9veloppant 200 kW (272 ch) et un couple de 343 Nm, associ\u00e9 \u00e0 une batterie NMC de 66 kWh sur la majorit\u00e9 des finitions. Cette configuration permet une autonomie WLTP comprise entre 400 et 440 km selon les versions.<\/p>\n<p>Pour la recharge, vous b\u00e9n\u00e9ficiez d&rsquo;une puissance maximale de 150 kW en courant continu (DC), tandis que la recharge en courant alternatif (AC) peut atteindre 22 kW sur les finitions sup\u00e9rieures, offrant ainsi une grande polyvalence d\u00e8s les versions interm\u00e9diaires.<\/p>\n<p>Quelle que soit la finition choisie, les dimensions ext\u00e9rieures restent identiques avec 4,27 m de longueur, 1,82 m de largeur et 1,63 m de hauteur. L&rsquo;habitacle conserve sa capacit\u00e9 d&rsquo;accueil de 5 places et son architecture globale. Le choix de finition influence principalement le niveau d&rsquo;\u00e9quipement (confort, aides \u00e0 la conduite, multim\u00e9dia, chargeur AC), certains \u00e9l\u00e9ments de style et, dans le cas sp\u00e9cifique de la BRABUS, la puissance et la transmission. Cette derni\u00e8re propose plusieurs modes de conduite (Eco, Confort, Sport, BRABUS) permettant d&rsquo;adapter le comportement du v\u00e9hicule \u00e0 vos pr\u00e9f\u00e9rences.<\/p>\n<h3>Fiche technique Express<\/h3>\n<table>\n<thead>\n<tr>\n<th>Caract\u00e9ristiques<\/th>\n<th>Donn\u00e9es<\/th>\n<\/tr>\n<\/thead>\n<tbody>\n<tr>\n<td>Puissance<\/td>\n<td>200 kW (272 ch) \/ 315 kW (428 ch) pour BRABUS<\/td>\n<\/tr>\n<tr>\n<td>Couple<\/td>\n<td>343 Nm \/ 543 Nm pour BRABUS<\/td>\n<\/tr>\n<tr>\n<td>Batterie NMC<\/td>\n<td>66 kWh (62 kWh nets)<\/td>\n<\/tr>\n<tr>\n<td>Autonomie WLTP<\/td>\n<td>400-440 km selon versions<\/td>\n<\/tr>\n<tr>\n<td>Poids \u00e0 vide<\/td>\n<td>1820 kg<\/td>\n<\/tr>\n<tr>\n<td>Volume du coffre<\/td>\n<td>288-426 litres (selon position des si\u00e8ges)<\/td>\n<\/tr>\n<\/tbody>\n<\/table>\n<h2>Dimensions et design : un SUV compact mais g\u00e9n\u00e9reux<\/h2>\n<p>La Smart #1 se distingue par ses dimensions \u00e9quilibr\u00e9es qui lui conf\u00e8rent une pr\u00e9sence affirm\u00e9e sur la route tout en conservant une agilit\u00e9 appr\u00e9ciable en milieu urbain. Ce SUV compact de <a data-mce-href=\"https:\/\/www.bymycar.fr\/v\/smart-occasion\" href=\"https:\/\/www.bymycar.fr\/v\/smart-occasion\">la gamme Smart<\/a> offre un gabarit id\u00e9al pour combiner praticit\u00e9 quotidienne et polyvalence.<\/p>\n<h3>Dimensions de la Smart #1<\/h3>\n<p>Avec une longueur de 4,27 m, une largeur de 1,82 m et une hauteur de 1,64 m, la Smart #1 s&rsquo;impose comme un SUV compact aux proportions harmonieuses. Son empattement particuli\u00e8rement g\u00e9n\u00e9reux de 2,75 m &#8211; inhabituel pour un v\u00e9hicule de cette taille &#8211; permet d&rsquo;offrir un espace int\u00e9rieur remarquable. Cette architecture optimis\u00e9e se traduit par un poids \u00e0 vide de 1 820 kg, compens\u00e9 par une charge utile de 450 kg pour transporter vos bagages et \u00e9quipements.<\/p>\n<p>L&rsquo;habitabilit\u00e9 est renforc\u00e9e par une banquette arri\u00e8re coulissante sur 13 cm, qui permet d&rsquo;ajuster l&rsquo;espace entre passagers et coffre selon vos besoins. Cette modularit\u00e9 fait passer le volume du coffre de 323 litres \u00e0 411 litres lorsque la banquette est avanc\u00e9e au maximum, offrant ainsi une flexibilit\u00e9 appr\u00e9ciable pour vos trajets quotidiens comme pour vos escapades.<\/p>\n<h3>Design ext\u00e9rieur soign\u00e9<\/h3>\n<p>L&rsquo;esth\u00e9tique de la Smart #1 refl\u00e8te une approche r\u00e9solument premium et contemporaine. Son design ext\u00e9rieur se caract\u00e9rise par des lignes \u00e9pur\u00e9es et une silhouette distinctive qui ne laisse personne indiff\u00e9rent. Les phares LED+ CyberSparks, disponibles d\u00e8s la finition Pro+, cr\u00e9ent une signature lumineuse unique et offrent des feux de route adaptatifs sur les finitions sup\u00e9rieures.<\/p>\n<p>L&rsquo;\u00e9l\u00e9gance est renforc\u00e9e par les portes sans cadre qui, associ\u00e9es au toit panoramique flottant \u00ab Halo \u00bb, conf\u00e8rent au v\u00e9hicule une allure sophistiqu\u00e9e. Les poign\u00e9es de portes affleurantes et \u00e9lectriques ajoutent une touche technologique \u00e0 l&rsquo;ensemble. Pour personnaliser votre Smart #1, plusieurs combinaisons de peintures exclusives sont propos\u00e9es, notamment la version Launch Edition qui arbore une finition blanc\/dor\u00e9 m\u00e9tallis\u00e9s particuli\u00e8rement raffin\u00e9e.<\/p>\n<p>Ces \u00e9l\u00e9ments de design soign\u00e9s et ces d\u00e9tails techniques font de la Smart #1 un v\u00e9hicule qui se d\u00e9marque visuellement, tout en offrant des fonctionnalit\u00e9s pratiques qui r\u00e9pondent aux attentes des conducteurs exigeants. Le choix de la finition influencera ensuite le niveau d&rsquo;\u00e9quipement et les performances de votre Smart #1.<\/p>\n<h2>Finitions d&rsquo;entr\u00e9e (Pure\/Pro, Pro+) : pour le budget et la ville<\/h2>\n<p>La Smart #1 en finition Pro+ conserve le moteur arri\u00e8re de 272 ch et la batterie de 66 kWh qui \u00e9quipent toutes les versions classiques de ce SUV compact \u00e9lectrique. Cette version d&rsquo;entr\u00e9e de gamme propose un ticket d&rsquo;acc\u00e8s plus abordable \u00e0 l&rsquo;univers Smart, tout en conservant l&rsquo;essentiel des qualit\u00e9s techniques du mod\u00e8le. Avec son autonomie WLTP qui reste confortable (autour de 420 km), elle r\u00e9pond parfaitement aux besoins des conducteurs urbains et p\u00e9riurbains.<\/p>\n<h3>\u00c9quipements cl\u00e9s Pro+<\/h3>\n<p>La Smart #1 Pro+ vous offre une dotation d\u00e9j\u00e0 g\u00e9n\u00e9reuse en \u00e9quipements sp\u00e9cifiques :<\/p>\n<ul>\n<li>Des jantes en alliage de 19 pouces Amps avec design exclusif ;<\/li>\n<li>Un syst\u00e8me de climatisation bizone pour un confort optimal ;<\/li>\n<li>Une cam\u00e9ra \u00e0 360 degr\u00e9s avec capteurs de stationnement pour des man\u0153uvres facilit\u00e9es ;<\/li>\n<li>Une connectivit\u00e9 avanc\u00e9e avec \u00e9cran central tactile Full HD de 12,8 pouces ;<\/li>\n<li>Une assistance vocale intelligente avec avatar en forme de renard r\u00e9pondant \u00e0 la commande \u00ab Hello Smart \u00bb ;<\/li>\n<li>Une aide au stationnement automatique pour une exp\u00e9rience urbaine simplifi\u00e9e ;<\/li>\n<li>Des feux \u00e0 LED CyberSparks et hayon \u00e9lectrique de s\u00e9rie.<\/li>\n<\/ul>\n<p>La finition Pro+ propose un excellent rapport \u00e9quipement\/prix, avec une recharge AC limit\u00e9e \u00e0 7,4 kW qui reste suffisante pour une utilisation quotidienne, notamment pour les recharges nocturnes \u00e0 domicile.<\/p>\n<h3>Pour quel conducteur ?<\/h3>\n<p>Cette version s&rsquo;adresse particuli\u00e8rement aux conducteurs \u00e0 la recherche d&rsquo;un SUV \u00e9lectrique moderne pour un usage principalement urbain et p\u00e9riurbain. <\/p>\n<p>Elle convient parfaitement aux profils suivants :<\/p>\n<ul>\n<li>Les conducteurs effectuant majoritairement des trajets quotidiens en ville et en zone p\u00e9riurbaine ;<\/li>\n<li>Les utilisateurs disposant d&rsquo;une solution de recharge \u00e0 domicile, qui appr\u00e9cieront la simplicit\u00e9 d&rsquo;usage ;<\/li>\n<li>Les familles valorisant le confort des passagers gr\u00e2ce \u00e0 un habitacle spacieux et lumineux ;<\/li>\n<li>Les automobilistes soucieux de leur empreinte \u00e9cologique avec une consommation moyenne urbaine particuli\u00e8rement ma\u00eetris\u00e9e (environ 12,8 kWh\/100 km).<\/li>\n<\/ul>\n<p>La Smart #1 Pro+ offre ainsi un excellent compromis entre prix d&rsquo;acc\u00e8s, autonomie et \u00e9quipement pour les conducteurs qui privil\u00e9gient le budget d&rsquo;achat sans sacrifier l&rsquo;essentiel des prestations.<\/p>\n<p>Vous souhaitez d\u00e9couvrir la Smart #1 Pro+ par vous-m\u00eame ? Nos conseillers BYmyCAR vous attendent pour un essai personnalis\u00e9 et vous aider \u00e0 choisir la finition qui correspond le mieux \u00e0 vos besoins.<\/p>\n<h2>Finition Premium : le meilleur compromis polyvalent<\/h2>\n<p>La finition Premium de la Smart #1 conserve le moteur arri\u00e8re de 272 ch et la batterie de 66 kWh, mais se distingue par un niveau d&rsquo;\u00e9quipement nettement sup\u00e9rieur aux versions d&rsquo;entr\u00e9e de gamme. Avec un positionnement interm\u00e9diaire dans la gamme, cette finition offre un \u00e9quilibre parfait entre performances, confort et technologies avanc\u00e9es, sans atteindre le prix plus \u00e9lev\u00e9 de la version BRABUS.<\/p>\n<h3>Confort et technologies<\/h3>\n<p>L&rsquo;habitacle de la Smart #1 Premium impressionne d\u00e8s le premier regard avec son design \u00e9pur\u00e9 et ses mat\u00e9riaux de qualit\u00e9. L&rsquo;\u00e9cran tactile Full HD de 12,8 pouces (1920\u00d71080 pixels) tr\u00f4ne au centre de la planche de bord, offrant une r\u00e9activit\u00e9 exceptionnelle pour contr\u00f4ler toutes les fonctions du v\u00e9hicule. Cet \u00e9cran central est compl\u00e9t\u00e9 par un combin\u00e9 d&rsquo;instruments num\u00e9rique de 9,2 pouces et un affichage t\u00eate haute de 10 pouces, cr\u00e9ant un environnement high-tech digne des meilleures berlines premium.<\/p>\n<p>Le syst\u00e8me audio Beats constitue l&rsquo;un des atouts majeurs de cette finition, avec ses 13 haut-parleurs strat\u00e9giquement dispos\u00e9s dans l&rsquo;habitacle, dont des tweeters r\u00e9tro\u00e9clair\u00e9s dans les montants. Cette configuration sonore offre une immersion acoustique profonde, particuli\u00e8rement appr\u00e9ciable lors des longs trajets. Contrairement aux finitions d&rsquo;entr\u00e9e de gamme, vous b\u00e9n\u00e9ficiez \u00e9galement de si\u00e8ges en cuir, d&rsquo;un hayon \u00e9lectrique et d&rsquo;aides \u00e0 la conduite plus compl\u00e8tes, incluant une cam\u00e9ra 360\u00b0 et un syst\u00e8me de stationnement automatique avec 12 capteurs.<\/p>\n<h3>Efficience et autonomie<\/h3>\n<p>La finition Premium se d\u00e9marque des versions de base par sa pompe \u00e0 chaleur de s\u00e9rie, qui am\u00e9liore significativement l&rsquo;efficience \u00e9nerg\u00e9tique du v\u00e9hicule, particuli\u00e8rement lors des trajets hivernaux. Cette technologie permet d&rsquo;optimiser l&rsquo;autonomie, qui atteint 440 km en cycle WLTP, soit 20 km de plus que les versions sans pompe \u00e0 chaleur.<\/p>\n<p>Un autre avantage majeur r\u00e9side dans son chargeur AC 22 kW en courant alternatif, bien plus puissant que le chargeur 7,4 kW des finitions d&rsquo;entr\u00e9e de gamme. Cette diff\u00e9rence se traduit par des temps de recharge consid\u00e9rablement r\u00e9duits sur les bornes publiques ou wallbox compatibles. Avec une consommation moyenne ma\u00eetris\u00e9e, g\u00e9n\u00e9ralement inf\u00e9rieure \u00e0 15 kWh\/100 km en conditions r\u00e9elles, la Smart #1 Premium offre une autonomie pratique qui satisfait la majorit\u00e9 des usages quotidiens, y compris pour des trajets plus longs.<\/p>\n<p>Pour un usage mixte combinant ville, p\u00e9riph\u00e9rie et quelques trajets sur autoroute, la finition Premium repr\u00e9sente sans conteste le meilleur compromis de la gamme, justifiant pleinement son positionnement tarifaire interm\u00e9diaire par rapport aux versions Pro+ moins \u00e9quip\u00e9es et \u00e0 la sportive BRABUS, plus on\u00e9reuse \u00e0 l&rsquo;achat comme \u00e0 l&rsquo;usage.<\/p>\n<h2>Smart #1 BRABUS : la version sportive ultime<\/h2>\n<h3>Performances \u00e9lectrisantes<\/h3>\n<p>La version BRABUS de la Smart #1 se distingue par sa puissance exceptionnelle de 428 ch, offrant des sensations de conduite incomparables. Dot\u00e9e d&rsquo;une transmission int\u00e9grale gr\u00e2ce \u00e0 son architecture bimoteur, elle catapulte ce SUV \u00e9lectrique de 0 \u00e0 100 km\/h en seulement 3,9 secondes. Cette sportivit\u00e9 se traduit \u00e9galement par un couple impressionnant de 543 Nm, imm\u00e9diatement disponible. Vous profiterez d&rsquo;une exp\u00e9rience de conduite personnalisable gr\u00e2ce aux quatre modes disponibles : Eco, Confort, Sport et BRABUS. Ce dernier mode lib\u00e8re tout le potentiel dynamique du v\u00e9hicule, transformant votre trajet quotidien en v\u00e9ritable exp\u00e9rience sportive. Malgr\u00e9 ces performances \u00e9poustouflantes, l&rsquo;autonomie reste tr\u00e8s correcte avec environ 400 km en cycle WLTP, gr\u00e2ce \u00e0 la batterie de 66 kWh.<\/p>\n<h3>Style BRABUS distinctif<\/h3>\n<p>L&rsquo;esth\u00e9tique de la Smart #1 BRABUS refl\u00e8te imm\u00e9diatement son caract\u00e8re sportif avec un kit carrosserie sp\u00e9cifique qui renforce sa pr\u00e9sence sur la route. L&rsquo;habitacle n&rsquo;est pas en reste avec des touches exclusives comme les plaques de seuil de porte arborant le logo BRABUS r\u00e9tro\u00e9clair\u00e9 et les p\u00e9dales en aluminium anodis\u00e9. Les si\u00e8ges en cuir duo offrent un maintien parfait lors des acc\u00e9l\u00e9rations les plus vigoureuses, tandis que le combin\u00e9 d&rsquo;instrumentation digital affiche des graphismes sp\u00e9cifiques \u00e0 cette version. L&rsquo;ambiance sonore est assur\u00e9e par 13 haut-parleurs BEATS\u00ae qui vous enveloppent d&rsquo;un son premium. Les boutons physiques sp\u00e9cifiques BRABUS permettent un acc\u00e8s direct aux fonctionnalit\u00e9s sportives, compl\u00e9tant parfaitement l&rsquo;exp\u00e9rience exclusive de cette version haut de gamme.<\/p>\n<p>Vous souhaitez ressentir les sensations uniques offertes par la Smart #1 BRABUS ? Nos conseillers BYmyCAR vous attendent pour organiser un essai dynamique et vous faire d\u00e9couvrir toutes les qualit\u00e9s de ce SUV \u00e9lectrique d&rsquo;exception. Venez exp\u00e9rimenter par vous-m\u00eame cette combinaison parfaite entre performances, style distinctif et technologie de pointe.<\/p>\n<h2>L&rsquo;int\u00e9rieur de la Smart #1 : technologies embarqu\u00e9es et vie \u00e0 bord<\/h2>\n<h3>\u00c9crans et connectivit\u00e9<\/h3>\n<p>L&rsquo;habitacle de la Smart #1 se distingue par son approche r\u00e9solument technologique et \u00e9pur\u00e9e. Au c\u0153ur de cette exp\u00e9rience digitale, vous d\u00e9couvrirez un imposant \u00e9cran tactile flottant de 12,8 pouces haute d\u00e9finition (1920 x 1080 pixels) qui centralise toutes les commandes du v\u00e9hicule. Ce syst\u00e8me d&rsquo;info-divertissement enti\u00e8rement personnalisable vous permet de g\u00e9rer la climatisation, la navigation et les param\u00e8tres du v\u00e9hicule avec une fluidit\u00e9 remarquable.<\/p>\n<p>Face au conducteur, le combin\u00e9 d&rsquo;instrumentation digital de 9,2 pouces Full HD affiche clairement toutes les informations essentielles \u00e0 la conduite. Sur les finitions sup\u00e9rieures (Premium, Pulse et BRABUS), vous b\u00e9n\u00e9ficiez \u00e9galement d&rsquo;un affichage t\u00eate haute de 10 pouces qui projette les donn\u00e9es cruciales directement dans votre champ de vision, renfor\u00e7ant ainsi la s\u00e9curit\u00e9 et le confort de conduite.<\/p>\n<p>L&rsquo;assistant vocal intelligent \u00ab Hello Smart \u00bb, repr\u00e9sent\u00e9 \u00e0 l&rsquo;\u00e9cran par un avatar en forme de renard, r\u00e9pond \u00e0 toutes vos demandes vocales et vous permet de contr\u00f4ler diverses fonctions sans quitter la route des yeux. Cette interface intuitive s&rsquo;accompagne d&rsquo;une connectivit\u00e9 avanc\u00e9e avec des mises \u00e0 jour automatiques OTA (Over-the-Air), garantissant que votre v\u00e9hicule reste constamment \u00e0 jour sans n\u00e9cessiter de visites r\u00e9guli\u00e8res en concession.<\/p>\n<h3>Confort des passagers<\/h3>\n<p>La Smart #1 offre un niveau de confort surprenant pour un SUV compact. L&rsquo;habitacle spacieux et lumineux est valoris\u00e9 par un toit panoramique \u00ab Halo \u00bb pr\u00e9sent sur la plupart des finitions. Les mat\u00e9riaux utilis\u00e9s t\u00e9moignent d&rsquo;une mont\u00e9e en gamme significative, avec des plastiques durs minimis\u00e9s au profit de rev\u00eatements plus qualitatifs, notamment sur les finitions Premium et sup\u00e9rieures.<\/p>\n<p>Les si\u00e8ges avant \u00e9lectriques int\u00e8grent une fonction chauffante pour affronter les matins d&rsquo;hiver avec s\u00e9r\u00e9nit\u00e9. \u00c0 l&rsquo;arri\u00e8re, la banquette coulissante sur 13 cm constitue un atout majeur en termes de modularit\u00e9. Cette fonctionnalit\u00e9 ing\u00e9nieuse vous permet d&rsquo;adapter l&rsquo;espace selon vos besoins : privil\u00e9gier le confort des passagers ou augmenter la capacit\u00e9 du coffre de 323 litres jusqu&rsquo;\u00e0 411 litres.<\/p>\n<p>La console centrale flottante cr\u00e9e un espace de rangement suppl\u00e9mentaire bienvenu, tandis que l&rsquo;\u00e9clairage d&rsquo;ambiance personnalisable (64 couleurs disponibles) contribue \u00e0 cr\u00e9er une atmosph\u00e8re chaleureuse. Pour les m\u00e9lomanes, les versions haut de gamme proposent un syst\u00e8me audio Beats avec 13 haut-parleurs et un caisson de basses, garantissant une exp\u00e9rience sonore immersive sur tous vos trajets.<\/p>\n<h2>Motorisations, batterie et performances : focus sur la nouvelle Smart \u00e9lectrique<\/h2>\n<p>La nouvelle Smart \u00e9lectrique #1 s&rsquo;affirme comme un mod\u00e8le techniquement abouti qui allie puissance, autonomie et solutions de recharge de bonne facture. Ce SUV compact 100% \u00e9lectrique propose une architecture technique moderne qui r\u00e9pond aux exigences des conducteurs contemporains, qu&rsquo;ils soient en milieu urbain ou sur de plus longs trajets.<\/p>\n<h3>Puissance et couple<\/h3>\n<p>Au c\u0153ur de la Smart #1 se trouve un moteur \u00e9lectrique arri\u00e8re particuli\u00e8rement performant, d\u00e9veloppant 200 kW (272 ch) pour un couple maximal de 343 Nm. Cette combinaison offre des acc\u00e9l\u00e9rations franches et une conduite dynamique, avec un 0 \u00e0 100 km\/h r\u00e9alis\u00e9 en environ 6,7 secondes pour les versions standard. La vitesse maximale est limit\u00e9e \u00e0 180 km\/h, largement suffisante pour tous les usages.<\/p>\n<p>Pour les amateurs de sensations plus intenses, la version BRABUS propose une architecture bimoteur avec transmission int\u00e9grale, portant la puissance \u00e0 315 kW (428 ch) et le couple \u00e0 543 Nm. Cette configuration sportive permet d&rsquo;abattre le 0 \u00e0 100 km\/h en seulement 3,9 secondes, offrant des performances dignes d&rsquo;une sportive dans un format SUV compact.<\/p>\n<h3>Autonomie et recharge rapide<\/h3>\n<p>La Smart #1 est \u00e9quip\u00e9e d&rsquo;une batterie NCM de 66 kWh (62 kWh utiles) permettant une autonomie WLTP allant jusqu&rsquo;\u00e0 440 km pour les versions \u00e9quip\u00e9es d&rsquo;une pompe \u00e0 chaleur. La version d&rsquo;entr\u00e9e de gamme \u00ab Pro \u00bb propose quant \u00e0 elle une batterie plus petite de 49 kWh (47 kWh utiles) offrant une autonomie de 310 km, id\u00e9ale pour un usage principalement urbain.<\/p>\n<p>C\u00f4t\u00e9 recharge, la Smart #1 se montre particuli\u00e8rement polyvalente. En courant continu (DC), elle accepte jusqu&rsquo;\u00e0 150 kW de puissance, permettant de recharger la batterie de 10% \u00e0 80% en seulement 30 minutes sur une borne rapide. Pour la recharge en courant alternatif (AC), les versions Premium et sup\u00e9rieures b\u00e9n\u00e9ficient d&rsquo;un chargeur embarqu\u00e9 de 22 kW, tandis que les versions d&rsquo;entr\u00e9e de gamme se contentent d&rsquo;un chargeur 7,4 kW.<\/p>\n<table>\n<thead>\n<tr>\n<th>Type de recharge<\/th>\n<th>Puissance maximale<\/th>\n<th>Temps de charge (10% \u00e0 80%)<\/th>\n<\/tr>\n<\/thead>\n<tbody>\n<tr>\n<td>Courant alternatif (AC)<\/td>\n<td>22 kW<\/td>\n<td>3 heures<\/td>\n<\/tr>\n<tr>\n<td>Courant continu (DC)<\/td>\n<td>150 kW<\/td>\n<td>30 minutes<\/td>\n<\/tr>\n<\/tbody>\n<\/table>\n<p>Cette capacit\u00e9 de recharge rapide, associ\u00e9e aux syst\u00e8mes d&rsquo;aide \u00e0 la conduite comme le maintien dans la voie et le r\u00e9gulateur adaptatif, font de la Smart #1 un v\u00e9hicule particuli\u00e8rement adapt\u00e9 aux trajets quotidiens comme aux voyages plus longs, renfor\u00e7ant sa polyvalence au-del\u00e0 de son statut de SUV urbain.<\/p>\n<h2>Technologies d&rsquo;assistance et s\u00e9curit\u00e9 au quotidien<\/h2>\n<h3>Aides \u00e0 la conduite avanc\u00e9es<\/h3>\n<p>La Smart #1 int\u00e8gre un ensemble complet de technologies d&rsquo;assistance qui renforcent consid\u00e9rablement la s\u00e9curit\u00e9 et le confort au quotidien. Selon les finitions, vous b\u00e9n\u00e9ficiez de syst\u00e8mes ADAS (Advanced Driver Assistance Systems) sophistiqu\u00e9s incluant le maintien dans la voie qui corrige automatiquement la trajectoire du v\u00e9hicule lorsqu&rsquo;il d\u00e9tecte un franchissement de ligne non signal\u00e9. Le syst\u00e8me Park Assist facilite grandement les man\u0153uvres en milieu urbain en prenant le contr\u00f4le de la direction lors des cr\u00e9neaux, tandis que la cam\u00e9ra \u00e0 360\u00b0 disponible sur les finitions sup\u00e9rieures vous offre une vision panoramique de l&rsquo;environnement. Les feux de route adaptatifs ajustent automatiquement l&rsquo;intensit\u00e9 lumineuse selon les conditions de circulation, \u00e9vitant d&rsquo;\u00e9blouir les autres conducteurs tout en garantissant une visibilit\u00e9 optimale. L&rsquo;assistance vocale intelligente compl\u00e8te cette panoplie technologique en permettant au conducteur de contr\u00f4ler diverses fonctions sans quitter la route des yeux.<\/p>\n<h3>Fiabilit\u00e9 Smart #1 et garanties<\/h3>\n<p>La Smart #1 b\u00e9n\u00e9ficie d&rsquo;une garantie constructeur de 2 ans sans limite de kilom\u00e9trage, t\u00e9moignant de la confiance de la marque dans la fiabilit\u00e9 de son v\u00e9hicule. Cette tranquillit\u00e9 d&rsquo;esprit est renforc\u00e9e par un syst\u00e8me de mises \u00e0 jour OTA (Over-The-Air) qui permet d&rsquo;am\u00e9liorer continuellement les performances et fonctionnalit\u00e9s du v\u00e9hicule \u00e0 distance, sans n\u00e9cessiter de visite en concession. Ces mises \u00e0 jour r\u00e9guli\u00e8res optimisent non seulement l&rsquo;exp\u00e9rience utilisateur mais corrigent \u00e9galement les \u00e9ventuels bugs techniques, garantissant ainsi une fiabilit\u00e9 accrue sur le long terme. Chez BYmyCAR, nos conseillers vous accompagnent dans la prise en main de votre Smart #1 et vous guident pour profiter pleinement de ces technologies innovantes. Vous pouvez compter sur notre expertise pour assurer l&rsquo;entretien optimal de votre v\u00e9hicule et maximiser sa long\u00e9vit\u00e9, pour une exp\u00e9rience de conduite sereine au quotidien.<\/p>\n<h2>Tableau r\u00e9capitulatif : fiche technique Smart #1 par finition<\/h2>\n<p>Pour vous aider \u00e0 comparer les diff\u00e9rentes versions de la Smart #1, nous avons synth\u00e9tis\u00e9 les caract\u00e9ristiques principales de chaque finition dans ce tableau r\u00e9capitulatif. Vous pourrez ainsi identifier rapidement celle qui correspond le mieux \u00e0 vos besoins en termes de performances et d&rsquo;autonomie :<\/p>\n<table>\n<thead>\n<tr>\n<th>Finition<\/th>\n<th>Puissance (ch)<\/th>\n<th>0-100 km\/h (s)<\/th>\n<th>Autonomie WLTP (km)<\/th>\n<th>Charge AC (kW)<\/th>\n<\/tr>\n<\/thead>\n<tbody>\n<tr>\n<td>Pro+<\/td>\n<td>272<\/td>\n<td>6,7<\/td>\n<td>420<\/td>\n<td>7,4 (opt. 22)<\/td>\n<\/tr>\n<tr>\n<td>Premium<\/td>\n<td>272<\/td>\n<td>6,7<\/td>\n<td>440<\/td>\n<td>22<\/td>\n<\/tr>\n<tr>\n<td>BRABUS<\/td>\n<td>428<\/td>\n<td>3,9<\/td>\n<td>400<\/td>\n<td>22<\/td>\n<\/tr>\n<\/tbody>\n<\/table>\n<p>Comme vous pouvez le constater, les finitions Pro+ et Premium partagent la m\u00eame motorisation de 272 ch, offrant des performances identiques en acc\u00e9l\u00e9ration, tandis que la version BRABUS se d\u00e9marque nettement avec sa transmission int\u00e9grale et sa puissance sup\u00e9rieure. L&rsquo;autonomie varie l\u00e9g\u00e8rement entre les diff\u00e9rentes finitions, la Premium offrant la meilleure autonomie WLTP avec 440 km.<\/p>\n<p>N&rsquo;h\u00e9sitez pas \u00e0 contacter nos conseillers BYmyCAR pour obtenir des informations personnalis\u00e9es sur la Smart #1 qui correspondra parfaitement \u00e0 vos besoins de mobilit\u00e9 \u00e9lectrique.<\/p>\n<h2>Prix et financement de la Smart #1 : accompagnement BYmyCAR<\/h2>\n<p>Chez BYmyCAR, nous vous proposons des solutions personnalis\u00e9es pour faciliter l&rsquo;acquisition de votre Smart #1. Notre \u00e9quipe de conseillers vous accompagne tout au long de votre projet d&rsquo;achat de ce SUV \u00e9lectrique compact qui saura r\u00e9pondre \u00e0 vos besoins quotidiens.<\/p>\n<h3>Des solutions de financement adapt\u00e9es \u00e0 votre profil de conducteur<\/h3>\n<p>La LOA (Location avec Option d&rsquo;Achat) repr\u00e9sente une option particuli\u00e8rement avantageuse pour acqu\u00e9rir votre Smart #1. Ce mode de financement vous permet d&rsquo;adapter les mensualit\u00e9s selon votre budget et l&rsquo;usage que vous ferez de votre v\u00e9hicule. Que vous soyez un conducteur urbain ou que vous effectuiez de nombreux trajets p\u00e9riurbains, nos conseillers BYmyCAR vous proposeront la formule la plus adapt\u00e9e \u00e0 votre style de vie.<\/p>\n<h3>Reprise de votre v\u00e9hicule actuel<\/h3>\n<p>Pour faciliter votre transition vers la mobilit\u00e9 \u00e9lectrique, BYmyCAR reprend votre v\u00e9hicule actuel quel que soit son \u00e2ge ou sa marque. Cette solution vous permet de valoriser votre ancien v\u00e9hicule tout en simplifiant vos d\u00e9marches. Nos experts r\u00e9alisent une expertise compl\u00e8te et transparente pour vous proposer la meilleure offre de reprise.<\/p>\n<h3>Un accompagnement personnalis\u00e9<\/h3>\n<p>Vous souhaitez conna\u00eetre le prix de la Smart #1 ou obtenir des informations sur les diff\u00e9rentes finitions disponibles ? Nos conseillers BYmyCAR sont \u00e0 votre disposition pour vous guider dans votre choix et vous proposer une solution de financement sur mesure. Prenez rendez-vous dans l&rsquo;une de nos concessions pour d\u00e9couvrir cette citadine \u00e9lectrique premium et b\u00e9n\u00e9ficier de conseils personnalis\u00e9s.<\/p>\n<h2>Comparatif Smart #1 : comment se positionne le SUV face \u00e0 la concurrence ?<\/h2>\n<p>Dans le segment tr\u00e8s disput\u00e9 des SUV \u00e9lectriques compacts, la Smart #1 s&rsquo;impose comme un nouveau mod\u00e8le au positionnement distinctif. Face \u00e0 des concurrents comme la Jeep Avenger ou la MINI Aceman, ce SUV compact de Mercedes-Benz et Geely pr\u00e9sente plusieurs atouts significatifs qui m\u00e9ritent d&rsquo;\u00eatre soulign\u00e9s.<\/p>\n<p>La Smart #1 se distingue notamment par :<\/p>\n<ul>\n<li>Son habitabilit\u00e9 sup\u00e9rieure avec ses 4,27 m de longueur, offrant plus d&rsquo;espace que la Jeep Avenger tout en conservant une agilit\u00e9 urbaine appr\u00e9ciable ;<\/li>\n<li>Son autonomie WLTP allant jusqu&rsquo;\u00e0 440 km sur les versions Premium, l\u00e9g\u00e8rement sup\u00e9rieure \u00e0 celle de l&rsquo;Avenger (404 km maximum), id\u00e9ale pour les trajets urbains et p\u00e9riurbains ;<\/li>\n<li>Sa puissance g\u00e9n\u00e9reuse de 272 ch sur toutes les versions standard, compl\u00e9t\u00e9e par une version BRABUS de 428 ch pour les amateurs de performances.<\/li>\n<\/ul>\n<p>Compar\u00e9e \u00e0 la MINI Aceman, la Smart #1 propose une batterie de plus grande capacit\u00e9 (66 kWh contre 54,2 kWh pour l&rsquo;Aceman SE) et un syst\u00e8me de recharge rapide performant pouvant atteindre 150 kW en DC. Les deux mod\u00e8les partagent un positionnement premium, mais la Smart #1 mise davantage sur l&rsquo;espace int\u00e9rieur et l&rsquo;autonomie, quand l&rsquo;Aceman privil\u00e9gie un style plus distinctif et une conduite plus dynamique.<\/p>\n<p>Pour les conducteurs cherchant un SUV compact \u00e9lectrique polyvalent combinant autonomie, espace et performances, la Smart #1 repr\u00e9sente une alternative s\u00e9duisante qui m\u00e9rite toute votre attention lors de votre recherche de v\u00e9hicule.<\/p>\n<h2>Comment choisir sa finition de votre SUV Smart #1 ?<\/h2>\n<p>Pour choisir la finition id\u00e9ale de votre Smart #1, identifiez d&rsquo;abord votre profil et vos besoins :<\/p>\n<ul>\n<li>Pour un profil urbain avec budget serr\u00e9 : optez pour la finition Pro+ qui offre un excellent niveau d&rsquo;\u00e9quipements sp\u00e9cifiques pour les trajets quotidiens, surtout si vous rechargez principalement \u00e0 domicile et acceptez une puissance de charge AC plus modeste ;<\/li>\n<li>Pour un usage mixte avec recherche de confort et d&rsquo;efficience : privil\u00e9giez la finition Premium qui repr\u00e9sente le meilleur compromis gr\u00e2ce \u00e0 sa pompe \u00e0 chaleur, son chargeur 22 kW et ses niveaux de finition sup\u00e9rieurs, tout en offrant la meilleure autonomie de la gamme ;<\/li>\n<li>Pou une priorit\u00e9 aux performances et au style : la Smart #1 BRABUS s&rsquo;impose avec sa transmission int\u00e9grale, ses modes de conduite sportifs et son acc\u00e9l\u00e9ration fulgurante, en gardant \u00e0 l&rsquo;esprit une autonomie l\u00e9g\u00e8rement r\u00e9duite et un co\u00fbt global plus \u00e9lev\u00e9.<\/li>\n<\/ul>\n<p>Pour la plupart des conducteurs recherchant un SUV \u00e9lectrique compact polyvalent, la finition Premium appara\u00eet comme la plus \u00e9quilibr\u00e9e, offrant un excellent rapport \u00e9quipement-autonomie-performances. N&rsquo;h\u00e9sitez pas \u00e0 solliciter nos conseillers BYmyCAR pour un essai personnalis\u00e9 et d\u00e9couvrir quelle finition correspond parfaitement \u00e0 votre style de vie.<\/p>\n<h2>FAQ Smart #1<\/h2>\n<h3>Quelle est la diff\u00e9rence entre la Smart #1 Pro+ et la Smart #1 BRABUS ?<\/h3>\n<p>La Smart #1 Pro+ est \u00e9quip\u00e9e d&rsquo;un moteur arri\u00e8re de 272 ch et d&rsquo;une batterie de 66 kWh, tandis que la Smart #1 BRABUS poss\u00e8de une architecture bimoteur avec transmission int\u00e9grale d\u00e9veloppant 428 ch, permettant une acc\u00e9l\u00e9ration de 0 \u00e0 100 km\/h en seulement 3,9 secondes.<\/p>\n<h3>Quelle Smart #1 choisir pour la ville ?<\/h3>\n<p>Pour un usage urbain, la finition Pro+ offre le meilleur compromis avec sa batterie de 66 kWh et son \u00e9quipement d\u00e9j\u00e0 complet en mati\u00e8re de s\u00e9curit\u00e9, tout en proposant un prix d&rsquo;achat plus accessible pour les conducteurs rechargeant principalement \u00e0 domicile.<\/p>\n<h3>La Smart #1 est-elle fiable ?<\/h3>\n<p>La Smart #1 b\u00e9n\u00e9ficie de retours clients positifs concernant sa fiabilit\u00e9, notamment pour ses performances en conditions vari\u00e9es et son confort lors de longs trajets, comme en t\u00e9moignent les propri\u00e9taires ayant parcouru plus de 1 200 km sans probl\u00e8me technique ni de recharge.<\/p>\n<h3>Quel est le volume du coffre de la Smart #1 ?<\/h3>\n<p>Le volume du coffre de la Smart #1 varie entre 288 et 426 litres selon la position des si\u00e8ges arri\u00e8re coulissants sur 13 centim\u00e8tres, offrant ainsi une modularit\u00e9 appr\u00e9ciable pour adapter l&rsquo;espace aux besoins des passagers ou de chargement.<\/p>\n<h3>Comment fonctionne la recharge rapide de la Smart #1 ?<\/h3>\n<p>La Smart #1 accepte une puissance de recharge rapide DC jusqu&rsquo;\u00e0 150 kW, permettant de r\u00e9cup\u00e9rer une grande partie de l&rsquo;autonomie en moins de 30 minutes, tandis que les finitions sup\u00e9rieures b\u00e9n\u00e9ficient d&rsquo;un chargeur AC 22 kW pour optimiser les temps de recharge sur bornes publiques.<\/p>\n<h3>Quels \u00e9quipements int\u00e9rieurs distinguent la nouvelle Smart \u00e9lectrique ?<\/h3>\n<p>L&rsquo;habitacle de la Smart #1 se distingue par son grand \u00e9cran central tactile de 12,8 pouces, un affichage t\u00eate haute sur les finitions Premium, un syst\u00e8me audio Beats \u00e0 13 haut-parleurs, une console centrale flottante et un \u00e9clairage d&rsquo;ambiance personnalisable avec 64 couleurs.<\/p>\n<h2>Pour en savoir plus<\/h2>\n<h3>\u00c0 lire \u00e9galement<\/h3>\n<ul>\n<li><a href=\"https:\/\/www.bymycar.fr\/webzine\/quelle-finition-choisir-pour-le-smart-1-pro-premium-ou-brabus\/\" data-mce-href=\"https:\/\/www.bymycar.fr\/webzine\/quelle-finition-choisir-pour-le-smart-1-pro-premium-ou-brabus\/\">Quelle finition choisir pour le Smart #1 : Pro, Premium ou Brabus ?<\/a><\/li>\n<li><a href=\"https:\/\/www.bymycar.fr\/webzine\/faut-il-choisir-un-smart-1-ou-une-tesla-model-y\/\" data-mce-href=\"https:\/\/www.bymycar.fr\/webzine\/faut-il-choisir-un-smart-1-ou-une-tesla-model-y\/\">Faut-il choisir un Smart #1 ou une Tesla Model Y ?<\/a><\/li>\n<li><a href=\"https:\/\/www.bymycar.fr\/webzine\/prix-du-smart-1-suv-electrique-tous-les-details-par-finition-2025\/\" data-mce-href=\"https:\/\/www.bymycar.fr\/webzine\/prix-du-smart-1-suv-electrique-tous-les-details-par-finition-2025\/\">Prix du Smart #1 SUV \u00e9lectrique : tous les d\u00e9tails par finition (2025)<\/a><br data-mce-bogus=\"1\"><\/li>\n<\/ul>\n<h3>Sources :<\/h3>\n<ul>\n<li><a href=\"https:\/\/uk.smart.com\/en\/models\/hashtag-one\/\" target=\"_blank\" data-mce-href=\"https:\/\/uk.smart.com\/en\/models\/hashtag-one\/\">smart #1 &#8211; Discover the sophisticated electric compact SUV<\/a>\u200b<\/li>\n<li><a href=\"https:\/\/en.wikipedia.org\/wiki\/Smart_1\" target=\"_blank\" data-mce-href=\"https:\/\/en.wikipedia.org\/wiki\/Smart_1\">Smart 1<\/a>\u200b<\/li>\n<li><a href=\"https:\/\/media.smart.com\/eu\/fr\/smart-1-fr\/\" target=\"_blank\" data-mce-href=\"https:\/\/media.smart.com\/eu\/fr\/smart-1-fr\/\">smart #1<\/a>\u200b<\/li>\n<li><a href=\"https:\/\/www.auto-data.net\/fr\/smart-1-66-kwh-272hp-45648\" target=\"_blank\" data-mce-href=\"https:\/\/www.auto-data.net\/fr\/smart-1-66-kwh-272hp-45648\">Smart #1 66 kWh (272 CH) \/SUV 2023<\/a>\u200b<\/li>\n<li><a href=\"https:\/\/www.carwow.co.uk\/smart\/1\/specifications\" target=\"_blank\" data-mce-href=\"https:\/\/www.carwow.co.uk\/smart\/1\/specifications\">Smart #1 | Specifications &amp; Dimensions<\/a>\u200b<\/li>\n<li><a href=\"https:\/\/www.whatcar.com\/new-car-deals\/smart\/1\/suv\/versions\" target=\"_blank\" data-mce-href=\"https:\/\/www.whatcar.com\/new-car-deals\/smart\/1\/suv\/versions\">Smart #1 Models and Specifications<\/a>\u200b<\/li>\n<li><a href=\"https:\/\/www.electrifying.com\/reviews\/smart\/1\/review\" target=\"_blank\" data-mce-href=\"https:\/\/www.electrifying.com\/reviews\/smart\/1\/review\">Smart #1 Review &amp; Buying Guide 2025<\/a>\u200b<\/li>\n<li><a href=\"https:\/\/totallyev.net\/smart-1-which-trim-should-you-pick\/\" target=\"_blank\" data-mce-href=\"https:\/\/totallyev.net\/smart-1-which-trim-should-you-pick\/\">Smart #1: Which trim should you pick?<\/a>\u200b<\/li>\n<li><a href=\"https:\/\/www.brabus.com\/en-it\/coops\/brabus-x-smart\/smart1.html\" target=\"_blank\" data-mce-href=\"https:\/\/www.brabus.com\/en-it\/coops\/brabus-x-smart\/smart1.html\">smart #1 BRABUS<\/a>\u200b<\/li>\n<li><a href=\"https:\/\/www.brabus.com\/en-fr\/brand\/news\/refinement-smart.html\" target=\"_blank\" data-mce-href=\"https:\/\/www.brabus.com\/en-fr\/brand\/news\/refinement-smart.html\">Brabusize your smart #1 BRABUS &#8211; Latest News &#8211; Brand<\/a><\/li>\n<\/ul>\n"}}]},"introduction":"<p><a data-mce-href=\"https:\/\/www.bymycar.fr\/marques\/smart\/smart-1\" href=\"https:\/\/www.bymycar.fr\/marques\/smart\/smart-1\">La nouvelle Smart #1<\/a> se distingue comme un <a data-mce-href=\"https:\/\/www.bymycar.fr\/v\/suv-occasion\" href=\"https:\/\/www.bymycar.fr\/v\/suv-occasion\">SUV<\/a> compact 100% \u00e9lectrique disponible en plusieurs finitions (Pure\/Pro, Pro+, Premium et BRABUS), chacune offrant un niveau d&rsquo;\u00e9quipement et de performances adapt\u00e9 \u00e0 diff\u00e9rents profils de conducteurs. Pour bien choisir, identifiez vos priorit\u00e9s : type de trajets, budget et attentes en mati\u00e8re de confort. Nos conseillers BYmyCAR vous accompagnent dans cette d\u00e9marche pour trouver la Smart qui correspond parfaitement \u00e0 votre style de vie.<\/p>\n","add-carousel-to-footer":true},"yoast_head":"<!-- This site is optimized with the Yoast SEO Premium plugin v26.4 (Yoast SEO v26.4) - https:\/\/yoast.com\/wordpress\/plugins\/seo\/ -->\n<title>Comment choisir la finition de ma Smart #1 ?<\/title>\n<meta name=\"description\" content=\"D\u00e9couvrez comment choisir la finition id\u00e9ale de la Smart #1 selon vos usages : dimensions, int\u00e9rieur, technologies et conseils BYmyCAR.\" \/>\n<meta name=\"robots\" content=\"index, follow, max-snippet:-1, max-image-preview:large, max-video-preview:-1\" \/>\n<link rel=\"canonical\" href=\"https:\/\/www.bymycar.fr\/webzine\/comment-choisir-la-finition-de-ma-smart-1\/\" \/>\n<meta property=\"og:locale\" content=\"fr_FR\" \/>\n<meta property=\"og:type\" content=\"article\" \/>\n<meta property=\"og:title\" content=\"Comment choisir la finition de ma Smart #1 ?\" \/>\n<meta property=\"og:description\" content=\"D\u00e9couvrez comment choisir la finition id\u00e9ale de la Smart #1 selon vos usages : dimensions, int\u00e9rieur, technologies et conseils BYmyCAR.\" \/>\n<meta property=\"og:url\" content=\"https:\/\/www.bymycar.fr\/webzine\/comment-choisir-la-finition-de-ma-smart-1\/\" \/>\n<meta property=\"og:site_name\" content=\"Webzine auto BYmyCAR\" \/>\n<meta property=\"article:published_time\" content=\"2025-12-28T00:00:00+00:00\" \/>\n<meta property=\"article:modified_time\" content=\"2026-01-09T15:18:40+00:00\" \/>\n<meta name=\"author\" content=\"La R\u00e9daction BYmyCAR\" \/>\n<meta name=\"twitter:card\" content=\"summary_large_image\" \/>\n<meta name=\"twitter:label1\" content=\"\u00c9crit par\" \/>\n\t<meta name=\"twitter:data1\" content=\"La R\u00e9daction BYmyCAR\" \/>\n<script type=\"application\/ld+json\" class=\"yoast-schema-graph\">{\"@context\":\"https:\/\/schema.org\",\"@graph\":[{\"@type\":\"Article\",\"@id\":\"https:\/\/www.bymycar.fr\/webzine\/comment-choisir-la-finition-de-ma-smart-1\/#article\",\"isPartOf\":{\"@id\":\"https:\/\/www.bymycar.fr\/webzine\/comment-choisir-la-finition-de-ma-smart-1\/\"},\"author\":{\"name\":\"La R\u00e9daction BYmyCAR\",\"@id\":\"https:\/\/www.bymycar.fr\/webzine\/#\/schema\/person\/8d570fe11eb8929f06c1e6d00f4d9689\"},\"headline\":\"Comment choisir la finition de ma Smart #1 ?\",\"datePublished\":\"2025-12-28T00:00:00+00:00\",\"dateModified\":\"2026-01-09T15:18:40+00:00\",\"mainEntityOfPage\":{\"@id\":\"https:\/\/www.bymycar.fr\/webzine\/comment-choisir-la-finition-de-ma-smart-1\/\"},\"wordCount\":7,\"publisher\":{\"@id\":\"https:\/\/www.bymycar.fr\/webzine\/#organization\"},\"articleSection\":[\"Guide d'achat smart\"],\"inLanguage\":\"fr-FR\"},{\"@type\":\"WebPage\",\"@id\":\"https:\/\/www.bymycar.fr\/webzine\/comment-choisir-la-finition-de-ma-smart-1\/\",\"url\":\"https:\/\/www.bymycar.fr\/webzine\/comment-choisir-la-finition-de-ma-smart-1\/\",\"name\":\"Comment choisir la finition de ma Smart #1 ?\",\"isPartOf\":{\"@id\":\"https:\/\/www.bymycar.fr\/webzine\/#website\"},\"datePublished\":\"2025-12-28T00:00:00+00:00\",\"dateModified\":\"2026-01-09T15:18:40+00:00\",\"description\":\"D\u00e9couvrez comment choisir la finition id\u00e9ale de la Smart #1 selon vos usages : dimensions, int\u00e9rieur, technologies et conseils BYmyCAR.\",\"breadcrumb\":{\"@id\":\"https:\/\/www.bymycar.fr\/webzine\/comment-choisir-la-finition-de-ma-smart-1\/#breadcrumb\"},\"inLanguage\":\"fr-FR\",\"potentialAction\":[{\"@type\":\"ReadAction\",\"target\":[\"https:\/\/www.bymycar.fr\/webzine\/comment-choisir-la-finition-de-ma-smart-1\/\"]}]},{\"@type\":\"BreadcrumbList\",\"@id\":\"https:\/\/www.bymycar.fr\/webzine\/comment-choisir-la-finition-de-ma-smart-1\/#breadcrumb\",\"itemListElement\":[{\"@type\":\"ListItem\",\"position\":1,\"name\":\"Accueil\",\"item\":\"https:\/\/www.bymycar.fr\/webzine\/\"},{\"@type\":\"ListItem\",\"position\":2,\"name\":\"Comment choisir la finition de ma Smart #1 ?\"}]},{\"@type\":\"WebSite\",\"@id\":\"https:\/\/www.bymycar.fr\/webzine\/#website\",\"url\":\"https:\/\/www.bymycar.fr\/webzine\/\",\"name\":\"Webzine auto BYmyCAR\",\"description\":\"La magazine auto de BYmyCAR\",\"publisher\":{\"@id\":\"https:\/\/www.bymycar.fr\/webzine\/#organization\"},\"potentialAction\":[{\"@type\":\"SearchAction\",\"target\":{\"@type\":\"EntryPoint\",\"urlTemplate\":\"https:\/\/www.bymycar.fr\/webzine\/?s={search_term_string}\"},\"query-input\":{\"@type\":\"PropertyValueSpecification\",\"valueRequired\":true,\"valueName\":\"search_term_string\"}}],\"inLanguage\":\"fr-FR\"},{\"@type\":\"Organization\",\"@id\":\"https:\/\/www.bymycar.fr\/webzine\/#organization\",\"name\":\"BYmyCAR\",\"url\":\"https:\/\/www.bymycar.fr\/webzine\/\",\"logo\":{\"@type\":\"ImageObject\",\"inLanguage\":\"fr-FR\",\"@id\":\"https:\/\/www.bymycar.fr\/webzine\/#\/schema\/logo\/image\/\",\"url\":\"https:\/\/cdn.bymycar.eu\/fr-webzine\/wp-content\/uploads\/medias\/2017\/08\/logo_DEALER_00000406_001.png\",\"contentUrl\":\"https:\/\/cdn.bymycar.eu\/fr-webzine\/wp-content\/uploads\/medias\/2017\/08\/logo_DEALER_00000406_001.png\",\"width\":2132,\"height\":720,\"caption\":\"BYmyCAR\"},\"image\":{\"@id\":\"https:\/\/www.bymycar.fr\/webzine\/#\/schema\/logo\/image\/\"}},{\"@type\":\"Person\",\"@id\":\"https:\/\/www.bymycar.fr\/webzine\/#\/schema\/person\/8d570fe11eb8929f06c1e6d00f4d9689\",\"name\":\"La R\u00e9daction BYmyCAR\",\"image\":{\"@type\":\"ImageObject\",\"inLanguage\":\"fr-FR\",\"@id\":\"https:\/\/www.bymycar.fr\/webzine\/#\/schema\/person\/image\/\",\"url\":\"https:\/\/secure.gravatar.com\/avatar\/1aa6b039d0ce106989923af4e2d0f2a0c82bb070d5e449f1b9adf082a5863900?s=96&d=mm&r=g\",\"contentUrl\":\"https:\/\/secure.gravatar.com\/avatar\/1aa6b039d0ce106989923af4e2d0f2a0c82bb070d5e449f1b9adf082a5863900?s=96&d=mm&r=g\",\"caption\":\"La R\u00e9daction BYmyCAR\"},\"sameAs\":[\"https:\/\/www.bymycar.fr\/\"]}]}<\/script>\n<!-- \/ Yoast SEO Premium plugin. -->","yoast_head_json":{"title":"Comment choisir la finition de ma Smart #1 ?","description":"D\u00e9couvrez comment choisir la finition id\u00e9ale de la Smart #1 selon vos usages : dimensions, int\u00e9rieur, technologies et conseils BYmyCAR.","robots":{"index":"index","follow":"follow","max-snippet":"max-snippet:-1","max-image-preview":"max-image-preview:large","max-video-preview":"max-video-preview:-1"},"canonical":"https:\/\/www.bymycar.fr\/webzine\/comment-choisir-la-finition-de-ma-smart-1\/","og_locale":"fr_FR","og_type":"article","og_title":"Comment choisir la finition de ma Smart #1 ?","og_description":"D\u00e9couvrez comment choisir la finition id\u00e9ale de la Smart #1 selon vos usages : dimensions, int\u00e9rieur, technologies et conseils BYmyCAR.","og_url":"https:\/\/www.bymycar.fr\/webzine\/comment-choisir-la-finition-de-ma-smart-1\/","og_site_name":"Webzine auto BYmyCAR","article_published_time":"2025-12-28T00:00:00+00:00","article_modified_time":"2026-01-09T15:18:40+00:00","author":"La R\u00e9daction BYmyCAR","twitter_card":"summary_large_image","twitter_misc":{"\u00c9crit par":"La R\u00e9daction BYmyCAR"},"schema":{"@context":"https:\/\/schema.org","@graph":[{"@type":"Article","@id":"https:\/\/www.bymycar.fr\/webzine\/comment-choisir-la-finition-de-ma-smart-1\/#article","isPartOf":{"@id":"https:\/\/www.bymycar.fr\/webzine\/comment-choisir-la-finition-de-ma-smart-1\/"},"author":{"name":"La R\u00e9daction BYmyCAR","@id":"https:\/\/www.bymycar.fr\/webzine\/#\/schema\/person\/8d570fe11eb8929f06c1e6d00f4d9689"},"headline":"Comment choisir la finition de ma Smart #1 ?","datePublished":"2025-12-28T00:00:00+00:00","dateModified":"2026-01-09T15:18:40+00:00","mainEntityOfPage":{"@id":"https:\/\/www.bymycar.fr\/webzine\/comment-choisir-la-finition-de-ma-smart-1\/"},"wordCount":7,"publisher":{"@id":"https:\/\/www.bymycar.fr\/webzine\/#organization"},"articleSection":["Guide d'achat smart"],"inLanguage":"fr-FR"},{"@type":"WebPage","@id":"https:\/\/www.bymycar.fr\/webzine\/comment-choisir-la-finition-de-ma-smart-1\/","url":"https:\/\/www.bymycar.fr\/webzine\/comment-choisir-la-finition-de-ma-smart-1\/","name":"Comment choisir la finition de ma Smart #1 ?","isPartOf":{"@id":"https:\/\/www.bymycar.fr\/webzine\/#website"},"datePublished":"2025-12-28T00:00:00+00:00","dateModified":"2026-01-09T15:18:40+00:00","description":"D\u00e9couvrez comment choisir la finition id\u00e9ale de la Smart #1 selon vos usages : dimensions, int\u00e9rieur, technologies et conseils BYmyCAR.","breadcrumb":{"@id":"https:\/\/www.bymycar.fr\/webzine\/comment-choisir-la-finition-de-ma-smart-1\/#breadcrumb"},"inLanguage":"fr-FR","potentialAction":[{"@type":"ReadAction","target":["https:\/\/www.bymycar.fr\/webzine\/comment-choisir-la-finition-de-ma-smart-1\/"]}]},{"@type":"BreadcrumbList","@id":"https:\/\/www.bymycar.fr\/webzine\/comment-choisir-la-finition-de-ma-smart-1\/#breadcrumb","itemListElement":[{"@type":"ListItem","position":1,"name":"Accueil","item":"https:\/\/www.bymycar.fr\/webzine\/"},{"@type":"ListItem","position":2,"name":"Comment choisir la finition de ma Smart #1 ?"}]},{"@type":"WebSite","@id":"https:\/\/www.bymycar.fr\/webzine\/#website","url":"https:\/\/www.bymycar.fr\/webzine\/","name":"Webzine auto BYmyCAR","description":"La magazine auto de BYmyCAR","publisher":{"@id":"https:\/\/www.bymycar.fr\/webzine\/#organization"},"potentialAction":[{"@type":"SearchAction","target":{"@type":"EntryPoint","urlTemplate":"https:\/\/www.bymycar.fr\/webzine\/?s={search_term_string}"},"query-input":{"@type":"PropertyValueSpecification","valueRequired":true,"valueName":"search_term_string"}}],"inLanguage":"fr-FR"},{"@type":"Organization","@id":"https:\/\/www.bymycar.fr\/webzine\/#organization","name":"BYmyCAR","url":"https:\/\/www.bymycar.fr\/webzine\/","logo":{"@type":"ImageObject","inLanguage":"fr-FR","@id":"https:\/\/www.bymycar.fr\/webzine\/#\/schema\/logo\/image\/","url":"https:\/\/cdn.bymycar.eu\/fr-webzine\/wp-content\/uploads\/medias\/2017\/08\/logo_DEALER_00000406_001.png","contentUrl":"https:\/\/cdn.bymycar.eu\/fr-webzine\/wp-content\/uploads\/medias\/2017\/08\/logo_DEALER_00000406_001.png","width":2132,"height":720,"caption":"BYmyCAR"},"image":{"@id":"https:\/\/www.bymycar.fr\/webzine\/#\/schema\/logo\/image\/"}},{"@type":"Person","@id":"https:\/\/www.bymycar.fr\/webzine\/#\/schema\/person\/8d570fe11eb8929f06c1e6d00f4d9689","name":"La R\u00e9daction BYmyCAR","image":{"@type":"ImageObject","inLanguage":"fr-FR","@id":"https:\/\/www.bymycar.fr\/webzine\/#\/schema\/person\/image\/","url":"https:\/\/secure.gravatar.com\/avatar\/1aa6b039d0ce106989923af4e2d0f2a0c82bb070d5e449f1b9adf082a5863900?s=96&d=mm&r=g","contentUrl":"https:\/\/secure.gravatar.com\/avatar\/1aa6b039d0ce106989923af4e2d0f2a0c82bb070d5e449f1b9adf082a5863900?s=96&d=mm&r=g","caption":"La R\u00e9daction BYmyCAR"},"sameAs":["https:\/\/www.bymycar.fr\/"]}]}},"_links":{"self":[{"href":"https:\/\/www.bymycar.fr\/webzine\/wp-json\/wp\/v2\/posts\/63302","targetHints":{"allow":["GET"]}}],"collection":[{"href":"https:\/\/www.bymycar.fr\/webzine\/wp-json\/wp\/v2\/posts"}],"about":[{"href":"https:\/\/www.bymycar.fr\/webzine\/wp-json\/wp\/v2\/types\/post"}],"author":[{"embeddable":true,"href":"https:\/\/www.bymycar.fr\/webzine\/wp-json\/wp\/v2\/users\/88"}],"replies":[{"embeddable":true,"href":"https:\/\/www.bymycar.fr\/webzine\/wp-json\/wp\/v2\/comments?post=63302"}],"version-history":[{"count":1,"href":"https:\/\/www.bymycar.fr\/webzine\/wp-json\/wp\/v2\/posts\/63302\/revisions"}],"predecessor-version":[{"id":63549,"href":"https:\/\/www.bymycar.fr\/webzine\/wp-json\/wp\/v2\/posts\/63302\/revisions\/63549"}],"wp:attachment":[{"href":"https:\/\/www.bymycar.fr\/webzine\/wp-json\/wp\/v2\/media?parent=63302"}],"wp:term":[{"taxonomy":"category","embeddable":true,"href":"https:\/\/www.bymycar.fr\/webzine\/wp-json\/wp\/v2\/categories?post=63302"},{"taxonomy":"post_tag","embeddable":true,"href":"https:\/\/www.bymycar.fr\/webzine\/wp-json\/wp\/v2\/tags?post=63302"}],"curies":[{"name":"wp","href":"https:\/\/api.w.org\/{rel}","templated":true}]}}