{"id":63301,"date":"2025-12-28T00:00:00","date_gmt":"2025-12-28T00:00:00","guid":{"rendered":"https:\/\/www.bymycar.fr\/webzine\/?p=63301"},"modified":"2026-01-09T16:18:39","modified_gmt":"2026-01-09T15:18:39","slug":"smart-5-dimensions-et-confort-interieur","status":"publish","type":"post","link":"https:\/\/www.bymycar.fr\/webzine\/smart-5-dimensions-et-confort-interieur\/","title":{"rendered":"Smart #5 : dimensions et confort int\u00e9rieur"},"content":{"rendered":"","protected":false},"excerpt":{"rendered":"","protected":false},"author":88,"featured_media":0,"comment_status":"closed","ping_status":"open","sticky":false,"template":"","format":"standard","meta":{"_acf_changed":false,"footnotes":""},"categories":[12926],"tags":[],"class_list":["post-63301","post","type-post","status-publish","format-standard","hentry","category-guide-dachat-smart"],"acf":{"page_content":{"block_content":[{"acf_fc_layout":"text-simple","--nav":{"-withNav":false,"-ancre":""},"--group":{"-text":"<h2>Dimensions ext\u00e9rieures et longueur du Smart #5<\/h2>\n<p>La Smart #5 s&rsquo;impose dans le paysage des SUV \u00e9lectriques avec des dimensions g\u00e9n\u00e9reuses qui la positionnent clairement dans le segment D. Ce grand SUV de <a data-mce-href=\"https:\/\/www.bymycar.fr\/v\/smart-occasion\" href=\"https:\/\/www.bymycar.fr\/v\/smart-occasion\">la gamme Smart<\/a> affiche une longueur impressionnante de 4,71 m\u00e8tres, une largeur de 1,92 m\u00e8tre et une hauteur de 1,71 m\u00e8tre. Son empattement de 2,90 m\u00e8tres, particuli\u00e8rement \u00e9tendu, permet d&rsquo;optimiser l&rsquo;espace int\u00e9rieur tout en conservant des porte-\u00e0-faux courts, garantissant une excellente stabilit\u00e9. Le design ext\u00e9rieur de la Smart #5 se distingue par des lignes affirm\u00e9es et un style r\u00e9solument tourn\u00e9 vers l&rsquo;aventure, tout en conservant l&rsquo;ADN moderne de la marque.<\/p>\n<p>C\u00f4t\u00e9 volume de chargement, la Smart #5 se montre particuli\u00e8rement g\u00e9n\u00e9reuse avec 630 litres disponibles en configuration 5 places. Une fois la banquette arri\u00e8re rabattue, ce volume peut atteindre jusqu&rsquo;\u00e0 1 530 litres, offrant ainsi une polyvalence remarquable pour transporter tous types d&rsquo;\u00e9quipements. La plateforme sur laquelle repose ce mod\u00e8le lui conf\u00e8re non seulement des performances \u00e9lectriques de premier plan, mais \u00e9galement une architecture optimis\u00e9e pour maximiser l&rsquo;espace int\u00e9rieur.<\/p>\n<table>\n<thead>\n<tr>\n<th>Mod\u00e8le<\/th>\n<th>Longueur<\/th>\n<th>Largeur<\/th>\n<th>Hauteur<\/th>\n<th>Volume de coffre<\/th>\n<\/tr>\n<\/thead>\n<tbody>\n<tr>\n<td>Smart #5<\/td>\n<td>4,71 m<\/td>\n<td>1,92 m<\/td>\n<td>1,71 m<\/td>\n<td>630-1 530 l<\/td>\n<\/tr>\n<tr>\n<td>Volkswagen ID.4<\/td>\n<td>4,58 m<\/td>\n<td>1,85 m<\/td>\n<td>1,63 m<\/td>\n<td>543-1 575 l<\/td>\n<\/tr>\n<tr>\n<td>Tesla Model Y<\/td>\n<td>4,79 m<\/td>\n<td>1,92 m<\/td>\n<td>1,62 m<\/td>\n<td>854-971 l<\/td>\n<\/tr>\n<\/tbody>\n<\/table>\n<p>En comparaison avec ses concurrents directs, la Smart #5 se positionne avantageusement entre le Volkswagen ID.4, plus compact, et le Tesla Model Y, l\u00e9g\u00e8rement plus long. Son volume de coffre se situe dans la moyenne haute du segment, offrant ainsi un excellent compromis entre dimensions ext\u00e9rieures et capacit\u00e9 de chargement pour r\u00e9pondre aux besoins des familles et des amateurs d&rsquo;aventure.<\/p>\n<h2>Espace \u00e0 bord et modularit\u00e9<\/h2>\n<h3>Habitabilit\u00e9 pour 5 places<\/h3>\n<p>L&#8217;empattement g\u00e9n\u00e9reux de 2,90 m de la Smart #5 offre un int\u00e9rieur spacieux qui profite directement aux passagers. Les places arri\u00e8re b\u00e9n\u00e9ficient d&rsquo;un espace aux jambes particuli\u00e8rement g\u00e9n\u00e9reux, soulign\u00e9 unanimement par le constructeur et les premiers essais. La largeur importante de l&rsquo;habitacle permet \u00e0 trois adultes de s&rsquo;installer confortablement \u00e0 l&rsquo;arri\u00e8re sans se g\u00eaner. La garde au toit reste excellente m\u00eame pour les grands gabarits, y compris avec le toit panoramique \u00ab Halo \u00bb qui couvre la quasi-totalit\u00e9 de l&rsquo;habitacle. Les dossiers arri\u00e8re sont inclinables \u00e9lectriquement pour un confort optimal lors des longs trajets, transformant ce <a href=\"https:\/\/www.bymycar.fr\/v\/smart-5-places-occasion\" data-mce-href=\"https:\/\/www.bymycar.fr\/v\/smart-5-places-occasion\">Smart 5 places<\/a> en v\u00e9ritable salon roulant.<\/p>\n<h3>Solutions de rangement intelligentes<\/h3>\n<p>La Smart #5 impressionne par sa fonctionnalit\u00e9 exceptionnelle avec pas moins de 34 compartiments de rangement intelligemment r\u00e9partis dans l&rsquo;habitacle. Le v\u00e9hicule propose \u00e9galement un \u00ab frunk \u00bb (coffre avant) de 72 litres sur les versions \u00e0 propulsion, offrant un espace suppl\u00e9mentaire pr\u00e9cieux pour les petits bagages ou \u00e9quipements. La modularit\u00e9 est au c\u0153ur de la conception : la banquette arri\u00e8re se rabat pour cr\u00e9er une surface quasi plane qui peut servir de base \u00e0 un couchage \u00ab king-size \u00bb, transformant l&rsquo;habitacle en v\u00e9ritable espace de vie pour vos escapades. Cette configuration permet de passer des 630 litres en configuration standard \u00e0 un impressionnant volume de 1 530 litres, id\u00e9al pour transporter des objets volumineux ou pour improviser une nuit \u00e0 la belle \u00e9toile sans quitter le confort de votre v\u00e9hicule.<\/p>\n<h2>Confort int\u00e9rieur et \u00e9quipements<\/h2>\n<h3>Technologie de pointe \u00e0 bord<\/h3>\n<p>La Smart #5 vous plonge dans un univers technologique de derni\u00e8re g\u00e9n\u00e9ration avec son cockpit intelligent particuli\u00e8rement innovant. Au c\u0153ur de cette exp\u00e9rience immersive, vous d\u00e9couvrirez deux \u00e9crans AMOLED 2,5K de 13 pouces offrant une qualit\u00e9 d&rsquo;affichage remarquable et des couleurs \u00e9clatantes. Le syst\u00e8me d&rsquo;affichage t\u00eate haute \u00e0 r\u00e9alit\u00e9 augment\u00e9e de 25,6 pouces projette les informations essentielles directement dans votre champ de vision, vous permettant de rester concentr\u00e9 sur la route tout en acc\u00e9dant aux donn\u00e9es de navigation et de conduite. Cette technologie de pointe s&rsquo;accompagne d&rsquo;une interface intuitive pilot\u00e9e par un assistant vocal performant, capable de r\u00e9pondre \u00e0 vos questions et d&rsquo;ajuster les param\u00e8tres du v\u00e9hicule selon vos pr\u00e9f\u00e9rences.<\/p>\n<p>Voici les fonctionnalit\u00e9s technologiques cl\u00e9s de la Smart #5 :<\/p>\n<ul>\n<li>Un affichage t\u00eate haute \u00e0 r\u00e9alit\u00e9 augment\u00e9e pour une conduite plus intuitive et s\u00e9curis\u00e9e ;<\/li>\n<li>Des interfaces utilisateur fluides et d\u00e9taill\u00e9es gr\u00e2ce au moteur 3D d&rsquo;Unreal ;<\/li>\n<li>Un syst\u00e8me audio Sennheiser Signature avec 20 haut-parleurs haute performance pour une exp\u00e9rience sonore de qualit\u00e9.<\/li>\n<\/ul>\n<p>L&rsquo;ensemble de ces technologies avanc\u00e9es transforme chaque trajet en une exp\u00e9rience premium et connect\u00e9e.<\/p>\n<h3>Si\u00e8ges z\u00e9ro gravit\u00e9 et pare-soleil \u00e9lectrique<\/h3>\n<p>Le confort \u00e0 bord de la Smart #5 atteint des sommets gr\u00e2ce \u00e0 ses innovants si\u00e8ges \u00e0 gravit\u00e9 z\u00e9ro, capables de s&rsquo;incliner jusqu&rsquo;\u00e0 121 degr\u00e9s. Recouverts de cuir de qualit\u00e9, ces si\u00e8ges sont \u00e9quip\u00e9s d&rsquo;airbags frontaux et lat\u00e9raux int\u00e9gr\u00e9s ainsi que de ceintures de s\u00e9curit\u00e9 directement incorpor\u00e9es dans le dossier pour une protection optimale. Les passagers arri\u00e8re ne sont pas en reste puisqu&rsquo;ils b\u00e9n\u00e9ficient \u00e9galement de si\u00e8ges chauffants et inclinables \u00e9lectriquement, garantissant un confort optimal m\u00eame lors des longs trajets.<\/p>\n<p>Le pare-soleil \u00e9lectrique apporte une touche suppl\u00e9mentaire de raffinement et de praticit\u00e9, vous prot\u00e9geant efficacement des rayons du soleil tout en pr\u00e9servant la luminosit\u00e9 naturelle de l&rsquo;habitacle. Cette attention aux d\u00e9tails se retrouve \u00e9galement dans la modularit\u00e9 des si\u00e8ges qui peuvent \u00eatre ajust\u00e9s pour cr\u00e9er un v\u00e9ritable espace de couchage king-size, id\u00e9al pour transformer votre SUV en espace de vie lors de vos escapades.<\/p>\n<h3>Ambiance premium et \u00e9clairage d&rsquo;ambiance<\/h3>\n<p>L&rsquo;habitacle de la Smart #5 se distingue par son atmosph\u00e8re r\u00e9solument premium, sublim\u00e9e par des mat\u00e9riaux nobles comme les garnitures en bois de ch\u00eane et des \u00e9l\u00e9ments de design incurv\u00e9s qui conf\u00e8rent une \u00e9l\u00e9gance naturelle \u00e0 l&rsquo;ensemble. L&rsquo;exp\u00e9rience sensorielle est magnifi\u00e9e par un syst\u00e8me d&rsquo;\u00e9clairage d&rsquo;ambiance sophistiqu\u00e9 offrant 256 couleurs diff\u00e9rentes, enti\u00e8rement personnalisables via le syst\u00e8me d&rsquo;infodivertissement.<\/p>\n<p>Cette ambiance lumineuse peut m\u00eame se synchroniser avec le rythme de votre musique gr\u00e2ce au haut-parleur sur\u00e9lev\u00e9 sur le tableau de bord, cr\u00e9ant ainsi une v\u00e9ritable exp\u00e9rience audiovisuelle. Le syst\u00e8me audio Sennheiser Signature Sound System avec ses 20 haut-parleurs haute performance et sa puissance maximale de 1 190 watts vous enveloppe dans un son d&rsquo;une qualit\u00e9 remarquable, compatible avec diff\u00e9rents formats audio dont le Dolby Atmos. Chaque d\u00e9tail a \u00e9t\u00e9 pens\u00e9 pour vous offrir une exp\u00e9rience de conduite agr\u00e9able, associant technologie de pointe et confort absolu.<\/p>\n<p>D\u00e9couvrez l&rsquo;ensemble de la gamme <a href=\"https:\/\/www.bymycar.fr\/v\/smart-electrique-occasion\" data-mce-href=\"https:\/\/www.bymycar.fr\/v\/smart-electrique-occasion\">Smart \u00e9lectrique<\/a> dans nos concessions BYmyCAR.<\/p>\n<h2>Smart #5 : le SUV 5 places pens\u00e9 pour la famille<\/h2>\n<p>La Smart #5 s&rsquo;impose comme le compagnon id\u00e9al pour les familles modernes gr\u00e2ce \u00e0 ses dimensions g\u00e9n\u00e9reuses et son am\u00e9nagement intelligent. Ce SUV de 4,71 m\u00e8tres de long offre un espace int\u00e9rieur particuli\u00e8rement g\u00e9n\u00e9reux qui transforme chaque trajet en exp\u00e9rience confortable. Avec son grand coffre de 630 litres et son habitacle modulable, elle r\u00e9pond parfaitement aux besoins quotidiens des familles nombreuses comme aux exigences des longs trajets. L&#8217;empattement de 2,90 m\u00e8tres garantit un espace aux jambes remarquable pour tous les passagers, tandis que les si\u00e8ges inclinables \u00e9lectriquement et les protections contre le soleil assurent un confort optimal m\u00eame lors des voyages prolong\u00e9s.<\/p>\n<p>La s\u00e9curit\u00e9 a fait l&rsquo;objet d&rsquo;une attention particuli\u00e8re. R\u00e9compens\u00e9e par 5 \u00e9toiles aux tests Euro NCAP avec le meilleur score parmi les grands SUV test\u00e9s en 2025, la Smart #5 offre une protection optimale pour tous les occupants. Ses ceintures de s\u00e9curit\u00e9 \u00e0 trois points, ses multiples airbags et ses syst\u00e8mes d&rsquo;aide \u00e0 la conduite avanc\u00e9s veillent sur toute la famille. Cette combinaison de praticit\u00e9, de modularit\u00e9 et de s\u00e9curit\u00e9 fait de la Smart #5 une r\u00e9f\u00e9rence dans sa cat\u00e9gorie, rivalisant directement avec les SUV familiaux \u00e9lectriques comme le Tesla Model Y ou le Peugeot e-5008, tout en proposant l&rsquo;un des meilleurs compromis espace\/longueur du march\u00e9.<\/p>\n<h2>Motorisations et performances \u00e9lectriques<\/h2>\n<p>La Smart #5 se d\u00e9marque par ses motorisations 100 % \u00e9lectriques combinant puissance, autonomie et technologies de pointe. Ce SUV familial propose diff\u00e9rentes configurations pour r\u00e9pondre \u00e0 tous les besoins de conduite, des trajets quotidiens aux aventures tout-terrain.<\/p>\n<h3>Architecture \u00e9lectrique et batterie NCM<\/h3>\n<p>La Smart #5 est propos\u00e9e avec deux types d&rsquo;architectures \u00e9lectriques. La version d&rsquo;entr\u00e9e de gamme repose sur une plateforme 400 V \u00e9quip\u00e9e d&rsquo;une batterie LFP (Lithium Fer Phosphate) de 76 kWh (74,4 kWh nets) offrant jusqu&rsquo;\u00e0 465 km d&rsquo;autonomie. Les versions sup\u00e9rieures b\u00e9n\u00e9ficient d&rsquo;une architecture 800 V avec batterie NCM (Nickel-Mangan\u00e8se-Cobalt) de 100 kWh (94 kWh nets), technologie plus dense en \u00e9nergie. Cette batterie NCM permet une puissance de charge impressionnante atteignant 400 kW en courant continu, permettant de r\u00e9cup\u00e9rer de 10 % \u00e0 80 % d&rsquo;autonomie en seulement 15 minutes sur une borne compatible. En courant alternatif, la puissance de charge peut atteindre 22 kW, permettant une recharge compl\u00e8te en 5h30 dans des conditions optimales.<\/p>\n<h3>Transmission int\u00e9grale 4&#215;4 et capacit\u00e9s tout-terrain<\/h3>\n<p>La Smart #5 est disponible en propulsion arri\u00e8re ou en transmission int\u00e9grale 4&#215;4, cette derni\u00e8re \u00e9tant id\u00e9ale pour les conditions de conduite plus exigeantes. Les versions 4&#215;4 sont \u00e9quip\u00e9es de deux moteurs \u00e9lectriques, un sur chaque essieu, offrant une puissance combin\u00e9e impressionnante de 437 kW (594 ch) ou 475 kW (646 ch) pour la version Brabus, avec jusqu&rsquo;\u00e0 710 Nm de couple. Cette architecture \u00e9lectrique 4&#215;4 garantit une motricit\u00e9 optimale sur tous types de terrains, tout en conservant l&rsquo;agilit\u00e9 caract\u00e9ristique de la marque. Les versions \u00e9lectriques 4&#215;4 b\u00e9n\u00e9ficient exclusivement de la batterie NCM, offrant le meilleur compromis entre performances et autonomie.<\/p>\n<h3>Autonomie impressionnante et vitesse maximale<\/h3>\n<p>Selon le cycle WLTP, la Smart #5 affiche une autonomie allant jusqu&rsquo;\u00e0 590 km pour les versions propulsion et 540 km pour les versions \u00e0 transmission int\u00e9grale. Les performances sont \u00e0 la hauteur avec une vitesse maximale g\u00e9n\u00e9reuse permettant des d\u00e9placements autoroutiers en toute s\u00e9r\u00e9nit\u00e9. L&rsquo;acc\u00e9l\u00e9ration est particuli\u00e8rement impressionnante : la version Brabus abat le 0 \u00e0 100 km\/h en seulement 3,8 secondes. Le syst\u00e8me embarque \u00e9galement la puissante puce AMD V2000, offrant une puissance de calcul sup\u00e9rieure \u00e0 la concurrence pour une exp\u00e9rience utilisateur fluide et r\u00e9active. Cette puce g\u00e8re intelligemment l&rsquo;\u00e9nergie selon les conditions de conduite, optimisant l&rsquo;autonomie r\u00e9elle en fonction de la temp\u00e9rature ext\u00e9rieure, du style de conduite et du parcours.<\/p>\n<h2>Finitions Pro, Pro+, Premium, Pulse, Summit Edition et Brabus<\/h2>\n<p>La Smart #5 se d\u00e9cline en six finitions distinctes, chacune proposant un \u00e9quilibre unique entre puissance, autonomie et \u00e9quipements. <\/p>\n<p>De l&rsquo;entr\u00e9e de gamme accessible \u00e0 la version sportive Brabus, d\u00e9couvrez les caract\u00e9ristiques qui diff\u00e9rencient chaque mod\u00e8le :<\/p>\n<table>\n<thead>\n<tr>\n<th>Finition<\/th>\n<th>Puissance<\/th>\n<th>Batterie<\/th>\n<th>Transmission<\/th>\n<th>Points forts<\/th>\n<th>Particularit\u00e9s<\/th>\n<\/tr>\n<\/thead>\n<tbody>\n<tr>\n<td>Pro<\/td>\n<td>340 ch<\/td>\n<td>76 kWh (LFP)<\/td>\n<td>Propulsion<\/td>\n<td>Entr\u00e9e de gamme accessible, autonomie de 465 km<\/td>\n<td>Architecture 400V, recharge DC 150 kW<\/td>\n<\/tr>\n<tr>\n<td>Pro+<\/td>\n<td>363 ch<\/td>\n<td>100 kWh (NCM)<\/td>\n<td>Propulsion<\/td>\n<td>Meilleure autonomie (590 km), recharge ultra-rapide<\/td>\n<td>Architecture 800V, recharge DC 400 kW<\/td>\n<\/tr>\n<tr>\n<td>Premium<\/td>\n<td>363 ch<\/td>\n<td>100 kWh (NCM)<\/td>\n<td>Propulsion<\/td>\n<td>Finition premium de la marque, confort sup\u00e9rieur<\/td>\n<td>Mat\u00e9riaux raffin\u00e9s, garnitures en bois de ch\u00eane<\/td>\n<\/tr>\n<tr>\n<td>Pulse<\/td>\n<td>587 ch<\/td>\n<td>100 kWh (NCM)<\/td>\n<td>4&#215;4<\/td>\n<td>Performance accrue, 5 modes tout-terrain<\/td>\n<td>0 \u00e0 100 km\/h en 4,9s, autonomie 540 km<\/td>\n<\/tr>\n<tr>\n<td>Summit Edition<\/td>\n<td>587 ch<\/td>\n<td>100 kWh (NCM)<\/td>\n<td>4&#215;4<\/td>\n<td>\u00c9quipement complet, vocation aventuri\u00e8re<\/td>\n<td>La Summit Edition propose des accessoires sp\u00e9cifiques (plateforme de toit, attelage \u00e9lectrique)<\/td>\n<\/tr>\n<tr>\n<td>Brabus<\/td>\n<td>646 ch<\/td>\n<td>100 kWh (NCM)<\/td>\n<td>4&#215;4<\/td>\n<td>Version sportive Brabus, performances maximales<\/td>\n<td>0 \u00e0 100 km\/h en 3,8s, vitesse max 210 km\/h, syst\u00e8me audio Sennheiser Dolby Atmos<\/td>\n<\/tr>\n<\/tbody>\n<\/table>\n<p>La gamme Smart #5 offre ainsi un large \u00e9ventail de choix, depuis la version Pro d&rsquo;entr\u00e9e de gamme jusqu&rsquo;aux mod\u00e8les plus exclusifs comme la Summit Edition orient\u00e9e aventure ou la sportive Brabus. Cette derni\u00e8re repr\u00e9sente le summum de la performance avec ses 646 ch, tout en conservant une autonomie confortable de 540 km. Pour les conducteurs privil\u00e9giant l&rsquo;autonomie, les versions \u00e0 propulsion \u00e9quip\u00e9es de la batterie 100 kWh offrent jusqu&rsquo;\u00e0 590 km d&rsquo;autonomie selon le cycle WLTP.<\/p>\n<h2>Technologies embarqu\u00e9es et interface utilisateur<\/h2>\n<h3>Intelligence artificielle et cockpit intelligent<\/h3>\n<p>La Smart #5 se distingue par son cockpit hautement technologique, propuls\u00e9 par la puissante puce AMD V2000. Ce processeur de classe bureautique offre pr\u00e8s de deux fois la puissance de calcul des puces Snapdragon habituellement utilis\u00e9es dans l&rsquo;automobile, garantissant une r\u00e9activit\u00e9 remarquable de l&rsquo;interface utilisateur. Le tableau de bord num\u00e9rique comprend un combin\u00e9 d&rsquo;instruments LCD Ultra HD de 10,3 pouces, un affichage t\u00eate haute \u00e0 r\u00e9alit\u00e9 augment\u00e9e de 25,6 pouces et deux \u00e9crans AMOLED 2,5K de 13 pouces, dont un d\u00e9di\u00e9 au passager avant.<\/p>\n<p>L&rsquo;intelligence artificielle embarqu\u00e9e se manifeste notamment \u00e0 travers l&rsquo;assistant vocal \u00ab Leo \u00bb, qui permet de contr\u00f4ler par la voix de nombreuses fonctions : appels t\u00e9l\u00e9phoniques, musique, climatisation, navigation et param\u00e8tres du v\u00e9hicule. La Smart #5 propose \u00e9galement des mises \u00e0 jour logicielles \u00e0 distance, am\u00e9liorant l&rsquo;exp\u00e9rience utilisateur au fil du temps. C\u00f4t\u00e9 praticit\u00e9, la compatibilit\u00e9 V2L (vehicle-to-load) permet d&rsquo;alimenter des appareils \u00e9lectriques externes jusqu&rsquo;\u00e0 3,3 kW.<\/p>\n<p>Les avantages de ce syst\u00e8me sont nombreux :<\/p>\n<ul>\n<li>Une interface fluide et r\u00e9active gr\u00e2ce \u00e0 la puce AMD V2000 de haute performance ;<\/li>\n<li>Une commande vocale intelligente avec reconnaissance naturelle du langage ;<\/li>\n<li>Des graphismes immersifs bas\u00e9s sur le moteur Unreal Engine ;<\/li>\n<li>Une navigation optimis\u00e9e pour les v\u00e9hicules \u00e9lectriques avec planification intelligente des recharges.<\/li>\n<\/ul>\n<p>Ce cockpit num\u00e9rique repr\u00e9sente une v\u00e9ritable innovation dans l&rsquo;univers des SUV \u00e9lectriques familiaux.<\/p>\n<h3>Streaming vid\u00e9o et haut-parleurs haute fid\u00e9lit\u00e9<\/h3>\n<p>L&rsquo;exp\u00e9rience multim\u00e9dia \u00e0 bord de la Smart #5 atteint des sommets avec sa fonction de streaming vid\u00e9o int\u00e9gr\u00e9e. Gr\u00e2ce au syst\u00e8me d&rsquo;exploitation smart OS 2.0 et \u00e0 la puissance de la puce AMD V2000, vous profitez d&rsquo;une fluidit\u00e9 parfaite pour visionner vos contenus pr\u00e9f\u00e9r\u00e9s pendant les arr\u00eats ou les sessions de recharge.<\/p>\n<p>Cette exp\u00e9rience visuelle s&rsquo;accompagne d&rsquo;un syst\u00e8me audio de qualit\u00e9 sign\u00e9 Sennheiser. Compos\u00e9 de 20 haut-parleurs haute fid\u00e9lit\u00e9 d\u00e9livrant une puissance totale de 1 190 watts, ce syst\u00e8me prend en charge la technologie Dolby Atmos 7.1.4 pour un son immersif et tridimensionnel. Les algorithmes audio brevet\u00e9s de Sennheiser, Concerto avec la technologie AMBEO et Contrabass, cr\u00e9ent une exp\u00e9rience sonore de haute qualit\u00e9. Pour une personnalisation optimale, diff\u00e9rents r\u00e9glages sont disponibles : effets sonores, niveau d&rsquo;immersion, intensit\u00e9 des basses et contr\u00f4le individuel de chaque haut-parleur.<\/p>\n<p>Les avantages de ce syst\u00e8me multim\u00e9dia sont multiples :<\/p>\n<ul>\n<li>Une qualit\u00e9 sonore remarquable avec 20 haut-parleurs Sennheiser ;<\/li>\n<li>Un streaming vid\u00e9o fluide sur les \u00e9crans AMOLED haute r\u00e9solution ;<\/li>\n<li>Un \u00e9clairage d&rsquo;ambiance synchronis\u00e9 avec la musique ;<\/li>\n<li>Une personnalisation compl\u00e8te de l&rsquo;exp\u00e9rience audio.<\/li>\n<\/ul>\n<p>Nos conseillers BYmyCAR se feront un plaisir de vous faire d\u00e9couvrir toutes ces fonctionnalit\u00e9s lors d&rsquo;un essai personnalis\u00e9.<\/p>\n<h2>Prix et disponibilit\u00e9 : contactez nos conseillers BYmyCAR<\/h2>\n<p>Vous souhaitez conna\u00eetre le prix d&rsquo;une Smart \u00e9lectrique ? La Smart #5, ce SUV familial aux dimensions g\u00e9n\u00e9reuses, repr\u00e9sente un investissement qui m\u00e9rite une \u00e9tude personnalis\u00e9e. Le prix d&rsquo;une Smart de cette cat\u00e9gorie varie selon plusieurs facteurs : la finition choisie, les \u00e9quipements optionnels et les conditions de financement que vous privil\u00e9giez.<\/p>\n<p>Pour obtenir un devis pr\u00e9cis et adapt\u00e9 \u00e0 votre situation, nous vous invitons \u00e0 contacter directement nos conseillers BYmyCAR. Experts dans le domaine, ils vous pr\u00e9senteront toutes les options disponibles, notamment les formules de financement avantageuses comme la LOA, particuli\u00e8rement adapt\u00e9e aux v\u00e9hicules \u00e9lectriques.<\/p>\n<p>Sachez \u00e9galement que l&rsquo;acquisition d&rsquo;un Smart SUV peut vous permettre de b\u00e9n\u00e9ficier d&rsquo;aides \u00e0 l&rsquo;achat selon votre situation. Nos conseillers vous informeront sur les conditions d&rsquo;\u00e9ligibilit\u00e9 au bonus \u00e9cologique en France et les d\u00e9marches \u00e0 suivre pour optimiser votre acquisition.<\/p>\n<p>Pour toute information sur le prix d&rsquo;une voiture Smart neuve ou les d\u00e9lais de livraison, n&rsquo;h\u00e9sitez pas \u00e0 prendre rendez-vous dans l&rsquo;une de nos concessions BYmyCAR.<\/p>\n<h2>Capacit\u00e9s tout-terrain et transmission int\u00e9grale<\/h2>\n<p>La Smart #5 impressionne non seulement par son espace int\u00e9rieur, mais \u00e9galement par ses aptitudes tout-terrain remarquables. Avec une garde au sol g\u00e9n\u00e9reuse de 197 mm et la capacit\u00e9 de traverser des gu\u00e9s jusqu&rsquo;\u00e0 50 cm de profondeur, ce SUV est pr\u00eat \u00e0 s&rsquo;aventurer bien au-del\u00e0 des routes urbaines. Les versions \u00e0 transmission int\u00e9grale, disponibles \u00e0 partir de la finition Pulse, b\u00e9n\u00e9ficient de deux moteurs \u00e9lectriques d\u00e9veloppant une puissance combin\u00e9e impressionnante de 587 ch, permettant d&rsquo;acc\u00e9l\u00e9rer de 0 \u00e0 100 km\/h en seulement 4,9 secondes.<\/p>\n<p>Pour optimiser les performances selon les conditions de conduite, la Smart #5 propose cinq modes tout-terrain sp\u00e9cifiques : Adaptatif, Sable, Neige, Boue et Roche. Ces programmes ajustent automatiquement les param\u00e8tres du v\u00e9hicule pour garantir une motricit\u00e9 optimale sur chaque type de surface. La technologie Vehicle-to-Load (V2L) int\u00e9gr\u00e9e permet d&rsquo;alimenter des \u00e9quipements \u00e9lectriques externes jusqu&rsquo;\u00e0 3,3 kW, transformant votre Smart #5 en v\u00e9ritable station d&rsquo;\u00e9nergie mobile lors de vos escapades en pleine nature.<\/p>\n<p>Pour maintenir l&rsquo;autonomie m\u00eame par temps froid, la Smart #5 est \u00e9quip\u00e9e d&rsquo;une pompe \u00e0 chaleur \u00e9co\u00e9nerg\u00e9tique qui optimise la consommation d&rsquo;\u00e9nergie en hiver. Cette technologie permet de pr\u00e9server l&rsquo;autonomie impressionnante pouvant atteindre 590 kilom\u00e8tres (selon le cycle WLTP), vous assurant de pouvoir explorer de nouveaux horizons en toute s\u00e9r\u00e9nit\u00e9, quelles que soient les conditions m\u00e9t\u00e9orologiques.<\/p>\n<h2>Tableau comparatif : Smart #5 face aux principaux SUV \u00e9lectriques<\/h2>\n<table>\n<thead>\n<tr>\n<th>Mod\u00e8le<\/th>\n<th>Longueur<\/th>\n<th>Volume coffre<\/th>\n<th>Particularit\u00e9 confort<\/th>\n<\/tr>\n<\/thead>\n<tbody>\n<tr>\n<td>Smart #5<\/td>\n<td>4,71 m<\/td>\n<td>630 l (configuration 5 places) \u2013 1 530 l (si\u00e8ges rabattus)<\/td>\n<td>Dossiers arri\u00e8re inclinables \u00e9lectriquement, si\u00e8ges arri\u00e8re chauffants et banquette transformable en couchage \u00ab king-size \u00bb<\/td>\n<\/tr>\n<tr>\n<td>Tesla Model Y<\/td>\n<td>4,79 m<\/td>\n<td>854 l (configuration 5 places) \u2013 971 l (avec double fond)<\/td>\n<td>Habitacle tr\u00e8s spacieux, toit panoramique et syst\u00e8me d&rsquo;infodivertissement intuitif<\/td>\n<\/tr>\n<tr>\n<td>BMW iX3<\/td>\n<td>4,78 m<\/td>\n<td>578 l (configuration 5 places) \u2013 1 750 l (si\u00e8ges rabattus)<\/td>\n<td>Si\u00e8ges en cuir Merino raffin\u00e9 et interface digitale BMW Panoramic iDrive pour une exp\u00e9rience conducteur sup\u00e9rieure<\/td>\n<\/tr>\n<tr>\n<td>Volkswagen ID.4<\/td>\n<td>4,58 m<\/td>\n<td>543 l (configuration 5 places) \u2013 1 575 l (si\u00e8ges rabattus)<\/td>\n<td>Grande garde au sol de 21 cm et espace g\u00e9n\u00e9reux pour les genoux et la t\u00eate des passagers arri\u00e8re<\/td>\n<\/tr>\n<\/tbody>\n<\/table>\n<p>Avec son empattement g\u00e9n\u00e9reux de 2,90 m et ses dimensions parfaitement calibr\u00e9es, la Smart #5 offre un compromis id\u00e9al entre volume habitable, capacit\u00e9 de chargement et polyvalence d&rsquo;usage, se distinguant par des fonctionnalit\u00e9s de confort innovantes qui transforment l&rsquo;habitacle en v\u00e9ritable espace de vie.<\/p>\n<h2>FAQ \u2013 Smart #5<\/h2>\n<h3>Quelle autonomie pour la Smart #5 ?<\/h3>\n<p>La Smart #5 propose une autonomie allant jusqu&rsquo;\u00e0 590 km pour les versions propulsion et 540 km pour les mod\u00e8les \u00e0 transmission int\u00e9grale. \u00c9quip\u00e9e d&rsquo;une batterie de 100 kWh avec architecture 800 volts, elle permet une recharge rapide de 10 \u00e0 80 % en seulement 15 minutes sur les bornes compatibles.<\/p>\n<h3>La Smart #5 est-elle disponible en 4&#215;4 ?<\/h3>\n<p>Oui, la Smart #5 est disponible en version transmission int\u00e9grale gr\u00e2ce \u00e0 deux moteurs \u00e9lectriques, un sur chaque essieu. Ces versions 4&#215;4 d\u00e9veloppent jusqu&rsquo;\u00e0 594 ch (437 kW) en configuration standard et atteignent m\u00eame 646 ch pour la version Brabus, id\u00e9ale pour les aventures tout-terrain et les conditions de conduite exigeantes.<\/p>\n<h3>Quel est le volume de coffre de la Smart #5 ?<\/h3>\n<p>Le coffre de la Smart #5 offre un volume g\u00e9n\u00e9reux d&rsquo;environ 630 litres en configuration 5 places, parfait pour les bagages familiaux. Avec la banquette arri\u00e8re rabattue, la capacit\u00e9 maximale atteint 1 530 litres, cr\u00e9ant un espace de chargement polyvalent pour tous vos besoins.<\/p>\n<h3>Puis-je b\u00e9n\u00e9ficier d&rsquo;aides \u00e0 l&rsquo;achat pour la Smart #5 ?<\/h3>\n<p>La Smart #5, produite en Chine, pr\u00e9sente un score environnemental qui la positionne diff\u00e9remment selon les crit\u00e8res d&rsquo;\u00e9ligibilit\u00e9 au bonus \u00e9cologique en France. Pour conna\u00eetre pr\u00e9cis\u00e9ment votre \u00e9ligibilit\u00e9 aux diff\u00e9rentes aides disponibles et d\u00e9couvrir les meilleures options de financement, nos conseillers BYmyCAR vous accompagnent dans votre projet d&rsquo;acquisition.<\/p>\n<h2>Pour en savoir plus<\/h2>\n<h3>Sources :<\/h3>\n<ul>\n<li><a href=\"https:\/\/fr.smart.com\/fr\/models\/hashtag-five\/\" target=\"_blank\" data-mce-href=\"https:\/\/fr.smart.com\/fr\/models\/hashtag-five\/\">smart #5 : d\u00e9couvrez notre SUV \u00e9lectrique robuste<\/a><\/li>\n<li><a href=\"https:\/\/fr.wikipedia.org\/wiki\/Smart_Hashtag_5\" target=\"_blank\" data-mce-href=\"https:\/\/fr.wikipedia.org\/wiki\/Smart_Hashtag_5\">Smart Hashtag 5 &#8211; Wikip\u00e9dia<\/a><\/li>\n<li><a href=\"https:\/\/www.automobile-propre.com\/articles\/presentation-smart-5-le-suv-electrique-qui-voit-grand\/\" target=\"_blank\" data-mce-href=\"https:\/\/www.automobile-propre.com\/articles\/presentation-smart-5-le-suv-electrique-qui-voit-grand\/\">Pr\u00e9sentation : Smart #5, le SUV \u00e9lectrique qui voit grand<\/a><\/li>\n<li><a href=\"https:\/\/smart-kroely.fr\/gammes-smart\/smart-hashtag-5\" target=\"_blank\" data-mce-href=\"https:\/\/smart-kroely.fr\/gammes-smart\/smart-hashtag-5\">smart #5, le nouveau grand SUV \u00e9lectrique familial de 2025 !<\/a><\/li>\n<li><a href=\"https:\/\/media.smart.com\/eu\/fr\/la-smart-la-plus-spacieuse-la-plus-polyvalente-et-la-plus-technologiquement-avancee-redefinit-son\" target=\"_blank\" data-mce-href=\"https:\/\/media.smart.com\/eu\/fr\/la-smart-la-plus-spacieuse-la-plus-polyvalente-et-la-plus-technologiquement-avancee-redefinit-son\">La smart la plus spacieuse, la plus polyvalente et la plus technologiquement avanc\u00e9e\u2026<\/a><\/li>\n<li><a href=\"https:\/\/bpmcars.ch\/gammes-bpm-smart\/smart-5\" target=\"_blank\" data-mce-href=\"https:\/\/bpmcars.ch\/gammes-bpm-smart\/smart-5\">BPM Cars smart #5, SUV \u00e9lectrique au style affirm\u00e9<\/a><\/li>\n<li><a href=\"https:\/\/www.groupechopard.com\/voitures-neuves\/smart\/5\" target=\"_blank\" data-mce-href=\"https:\/\/www.groupechopard.com\/voitures-neuves\/smart\/5\">Smart #5 : Praticit\u00e9 et Modernit\u00e9 dans un SUV Familial<\/a><\/li>\n<li><a href=\"https:\/\/caravenuesmart.be\/smart-hashtag-five\/\" target=\"_blank\" data-mce-href=\"https:\/\/caravenuesmart.be\/smart-hashtag-five\/\">D\u00e9couvrez la nouvelle smart #5 chez CAR Avenue Mercedes-Benz<\/a><\/li>\n<\/ul>\n"}}]},"introduction":"<p>La <a data-mce-href=\"https:\/\/www.bymycar.fr\/v\/smart-#5-occasion\" href=\"https:\/\/www.bymycar.fr\/v\/smart-#5-occasion\">Smart #5<\/a> s&rsquo;impose comme le plus grand mod\u00e8le de la marque avec une pr\u00e9sence imposante de 4,71 m de long, 1,92 m de large et 1,71 m de haut. Ce <a data-mce-href=\"https:\/\/www.bymycar.fr\/v\/suv-occasion\" href=\"https:\/\/www.bymycar.fr\/v\/suv-occasion\">SUV<\/a> du segment D offre un int\u00e9rieur modulable et exceptionnellement spacieux gr\u00e2ce \u00e0 son empattement g\u00e9n\u00e9reux de 2,90 m. Con\u00e7ue pour maximiser l&rsquo;espace \u00e0 bord, elle accueille confortablement cinq passagers dans un habitacle alliant technologies modernes et mat\u00e9riaux de qualit\u00e9, id\u00e9al pour les familles en qu\u00eate d&rsquo;un v\u00e9hicule \u00e9lectrique polyvalent et performant.<\/p>\n","add-carousel-to-footer":true},"yoast_head":"<!-- This site is optimized with the Yoast SEO Premium plugin v26.4 (Yoast SEO v26.4) - https:\/\/yoast.com\/wordpress\/plugins\/seo\/ -->\n<title>Smart #5 : dimensions et confort int\u00e9rieur<\/title>\n<meta name=\"description\" content=\"D\u00e9couvrez les dimensions, le confort int\u00e9rieur et toutes les finitions du SUV \u00e9lectrique Smart #5 dans notre guide complet BYmyCAR.\" \/>\n<meta name=\"robots\" content=\"index, follow, max-snippet:-1, max-image-preview:large, max-video-preview:-1\" \/>\n<link rel=\"canonical\" href=\"https:\/\/www.bymycar.fr\/webzine\/smart-5-dimensions-et-confort-interieur\/\" \/>\n<meta property=\"og:locale\" content=\"fr_FR\" \/>\n<meta property=\"og:type\" content=\"article\" \/>\n<meta property=\"og:title\" content=\"Smart #5 : dimensions et confort int\u00e9rieur\" \/>\n<meta property=\"og:description\" content=\"D\u00e9couvrez les dimensions, le confort int\u00e9rieur et toutes les finitions du SUV \u00e9lectrique Smart #5 dans notre guide complet BYmyCAR.\" \/>\n<meta property=\"og:url\" content=\"https:\/\/www.bymycar.fr\/webzine\/smart-5-dimensions-et-confort-interieur\/\" \/>\n<meta property=\"og:site_name\" content=\"Webzine auto BYmyCAR\" \/>\n<meta property=\"article:published_time\" content=\"2025-12-28T00:00:00+00:00\" \/>\n<meta property=\"article:modified_time\" content=\"2026-01-09T15:18:39+00:00\" \/>\n<meta name=\"author\" content=\"La R\u00e9daction BYmyCAR\" \/>\n<meta name=\"twitter:card\" content=\"summary_large_image\" \/>\n<meta name=\"twitter:label1\" content=\"\u00c9crit par\" \/>\n\t<meta name=\"twitter:data1\" content=\"La R\u00e9daction BYmyCAR\" \/>\n<script type=\"application\/ld+json\" class=\"yoast-schema-graph\">{\"@context\":\"https:\/\/schema.org\",\"@graph\":[{\"@type\":\"Article\",\"@id\":\"https:\/\/www.bymycar.fr\/webzine\/smart-5-dimensions-et-confort-interieur\/#article\",\"isPartOf\":{\"@id\":\"https:\/\/www.bymycar.fr\/webzine\/smart-5-dimensions-et-confort-interieur\/\"},\"author\":{\"name\":\"La R\u00e9daction BYmyCAR\",\"@id\":\"https:\/\/www.bymycar.fr\/webzine\/#\/schema\/person\/8d570fe11eb8929f06c1e6d00f4d9689\"},\"headline\":\"Smart #5 : dimensions et confort int\u00e9rieur\",\"datePublished\":\"2025-12-28T00:00:00+00:00\",\"dateModified\":\"2026-01-09T15:18:39+00:00\",\"mainEntityOfPage\":{\"@id\":\"https:\/\/www.bymycar.fr\/webzine\/smart-5-dimensions-et-confort-interieur\/\"},\"wordCount\":6,\"publisher\":{\"@id\":\"https:\/\/www.bymycar.fr\/webzine\/#organization\"},\"articleSection\":[\"Guide d'achat smart\"],\"inLanguage\":\"fr-FR\"},{\"@type\":\"WebPage\",\"@id\":\"https:\/\/www.bymycar.fr\/webzine\/smart-5-dimensions-et-confort-interieur\/\",\"url\":\"https:\/\/www.bymycar.fr\/webzine\/smart-5-dimensions-et-confort-interieur\/\",\"name\":\"Smart #5 : dimensions et confort int\u00e9rieur\",\"isPartOf\":{\"@id\":\"https:\/\/www.bymycar.fr\/webzine\/#website\"},\"datePublished\":\"2025-12-28T00:00:00+00:00\",\"dateModified\":\"2026-01-09T15:18:39+00:00\",\"description\":\"D\u00e9couvrez les dimensions, le confort int\u00e9rieur et toutes les finitions du SUV \u00e9lectrique Smart #5 dans notre guide complet BYmyCAR.\",\"breadcrumb\":{\"@id\":\"https:\/\/www.bymycar.fr\/webzine\/smart-5-dimensions-et-confort-interieur\/#breadcrumb\"},\"inLanguage\":\"fr-FR\",\"potentialAction\":[{\"@type\":\"ReadAction\",\"target\":[\"https:\/\/www.bymycar.fr\/webzine\/smart-5-dimensions-et-confort-interieur\/\"]}]},{\"@type\":\"BreadcrumbList\",\"@id\":\"https:\/\/www.bymycar.fr\/webzine\/smart-5-dimensions-et-confort-interieur\/#breadcrumb\",\"itemListElement\":[{\"@type\":\"ListItem\",\"position\":1,\"name\":\"Accueil\",\"item\":\"https:\/\/www.bymycar.fr\/webzine\/\"},{\"@type\":\"ListItem\",\"position\":2,\"name\":\"Smart #5 : dimensions et confort int\u00e9rieur\"}]},{\"@type\":\"WebSite\",\"@id\":\"https:\/\/www.bymycar.fr\/webzine\/#website\",\"url\":\"https:\/\/www.bymycar.fr\/webzine\/\",\"name\":\"Webzine auto BYmyCAR\",\"description\":\"La magazine auto de BYmyCAR\",\"publisher\":{\"@id\":\"https:\/\/www.bymycar.fr\/webzine\/#organization\"},\"potentialAction\":[{\"@type\":\"SearchAction\",\"target\":{\"@type\":\"EntryPoint\",\"urlTemplate\":\"https:\/\/www.bymycar.fr\/webzine\/?s={search_term_string}\"},\"query-input\":{\"@type\":\"PropertyValueSpecification\",\"valueRequired\":true,\"valueName\":\"search_term_string\"}}],\"inLanguage\":\"fr-FR\"},{\"@type\":\"Organization\",\"@id\":\"https:\/\/www.bymycar.fr\/webzine\/#organization\",\"name\":\"BYmyCAR\",\"url\":\"https:\/\/www.bymycar.fr\/webzine\/\",\"logo\":{\"@type\":\"ImageObject\",\"inLanguage\":\"fr-FR\",\"@id\":\"https:\/\/www.bymycar.fr\/webzine\/#\/schema\/logo\/image\/\",\"url\":\"https:\/\/cdn.bymycar.eu\/fr-webzine\/wp-content\/uploads\/medias\/2017\/08\/logo_DEALER_00000406_001.png\",\"contentUrl\":\"https:\/\/cdn.bymycar.eu\/fr-webzine\/wp-content\/uploads\/medias\/2017\/08\/logo_DEALER_00000406_001.png\",\"width\":2132,\"height\":720,\"caption\":\"BYmyCAR\"},\"image\":{\"@id\":\"https:\/\/www.bymycar.fr\/webzine\/#\/schema\/logo\/image\/\"}},{\"@type\":\"Person\",\"@id\":\"https:\/\/www.bymycar.fr\/webzine\/#\/schema\/person\/8d570fe11eb8929f06c1e6d00f4d9689\",\"name\":\"La R\u00e9daction BYmyCAR\",\"image\":{\"@type\":\"ImageObject\",\"inLanguage\":\"fr-FR\",\"@id\":\"https:\/\/www.bymycar.fr\/webzine\/#\/schema\/person\/image\/\",\"url\":\"https:\/\/secure.gravatar.com\/avatar\/1aa6b039d0ce106989923af4e2d0f2a0c82bb070d5e449f1b9adf082a5863900?s=96&d=mm&r=g\",\"contentUrl\":\"https:\/\/secure.gravatar.com\/avatar\/1aa6b039d0ce106989923af4e2d0f2a0c82bb070d5e449f1b9adf082a5863900?s=96&d=mm&r=g\",\"caption\":\"La R\u00e9daction BYmyCAR\"},\"sameAs\":[\"https:\/\/www.bymycar.fr\/\"]}]}<\/script>\n<!-- \/ Yoast SEO Premium plugin. -->","yoast_head_json":{"title":"Smart #5 : dimensions et confort int\u00e9rieur","description":"D\u00e9couvrez les dimensions, le confort int\u00e9rieur et toutes les finitions du SUV \u00e9lectrique Smart #5 dans notre guide complet BYmyCAR.","robots":{"index":"index","follow":"follow","max-snippet":"max-snippet:-1","max-image-preview":"max-image-preview:large","max-video-preview":"max-video-preview:-1"},"canonical":"https:\/\/www.bymycar.fr\/webzine\/smart-5-dimensions-et-confort-interieur\/","og_locale":"fr_FR","og_type":"article","og_title":"Smart #5 : dimensions et confort int\u00e9rieur","og_description":"D\u00e9couvrez les dimensions, le confort int\u00e9rieur et toutes les finitions du SUV \u00e9lectrique Smart #5 dans notre guide complet BYmyCAR.","og_url":"https:\/\/www.bymycar.fr\/webzine\/smart-5-dimensions-et-confort-interieur\/","og_site_name":"Webzine auto BYmyCAR","article_published_time":"2025-12-28T00:00:00+00:00","article_modified_time":"2026-01-09T15:18:39+00:00","author":"La R\u00e9daction BYmyCAR","twitter_card":"summary_large_image","twitter_misc":{"\u00c9crit par":"La R\u00e9daction BYmyCAR"},"schema":{"@context":"https:\/\/schema.org","@graph":[{"@type":"Article","@id":"https:\/\/www.bymycar.fr\/webzine\/smart-5-dimensions-et-confort-interieur\/#article","isPartOf":{"@id":"https:\/\/www.bymycar.fr\/webzine\/smart-5-dimensions-et-confort-interieur\/"},"author":{"name":"La R\u00e9daction BYmyCAR","@id":"https:\/\/www.bymycar.fr\/webzine\/#\/schema\/person\/8d570fe11eb8929f06c1e6d00f4d9689"},"headline":"Smart #5 : dimensions et confort int\u00e9rieur","datePublished":"2025-12-28T00:00:00+00:00","dateModified":"2026-01-09T15:18:39+00:00","mainEntityOfPage":{"@id":"https:\/\/www.bymycar.fr\/webzine\/smart-5-dimensions-et-confort-interieur\/"},"wordCount":6,"publisher":{"@id":"https:\/\/www.bymycar.fr\/webzine\/#organization"},"articleSection":["Guide d'achat smart"],"inLanguage":"fr-FR"},{"@type":"WebPage","@id":"https:\/\/www.bymycar.fr\/webzine\/smart-5-dimensions-et-confort-interieur\/","url":"https:\/\/www.bymycar.fr\/webzine\/smart-5-dimensions-et-confort-interieur\/","name":"Smart #5 : dimensions et confort int\u00e9rieur","isPartOf":{"@id":"https:\/\/www.bymycar.fr\/webzine\/#website"},"datePublished":"2025-12-28T00:00:00+00:00","dateModified":"2026-01-09T15:18:39+00:00","description":"D\u00e9couvrez les dimensions, le confort int\u00e9rieur et toutes les finitions du SUV \u00e9lectrique Smart #5 dans notre guide complet BYmyCAR.","breadcrumb":{"@id":"https:\/\/www.bymycar.fr\/webzine\/smart-5-dimensions-et-confort-interieur\/#breadcrumb"},"inLanguage":"fr-FR","potentialAction":[{"@type":"ReadAction","target":["https:\/\/www.bymycar.fr\/webzine\/smart-5-dimensions-et-confort-interieur\/"]}]},{"@type":"BreadcrumbList","@id":"https:\/\/www.bymycar.fr\/webzine\/smart-5-dimensions-et-confort-interieur\/#breadcrumb","itemListElement":[{"@type":"ListItem","position":1,"name":"Accueil","item":"https:\/\/www.bymycar.fr\/webzine\/"},{"@type":"ListItem","position":2,"name":"Smart #5 : dimensions et confort int\u00e9rieur"}]},{"@type":"WebSite","@id":"https:\/\/www.bymycar.fr\/webzine\/#website","url":"https:\/\/www.bymycar.fr\/webzine\/","name":"Webzine auto BYmyCAR","description":"La magazine auto de BYmyCAR","publisher":{"@id":"https:\/\/www.bymycar.fr\/webzine\/#organization"},"potentialAction":[{"@type":"SearchAction","target":{"@type":"EntryPoint","urlTemplate":"https:\/\/www.bymycar.fr\/webzine\/?s={search_term_string}"},"query-input":{"@type":"PropertyValueSpecification","valueRequired":true,"valueName":"search_term_string"}}],"inLanguage":"fr-FR"},{"@type":"Organization","@id":"https:\/\/www.bymycar.fr\/webzine\/#organization","name":"BYmyCAR","url":"https:\/\/www.bymycar.fr\/webzine\/","logo":{"@type":"ImageObject","inLanguage":"fr-FR","@id":"https:\/\/www.bymycar.fr\/webzine\/#\/schema\/logo\/image\/","url":"https:\/\/cdn.bymycar.eu\/fr-webzine\/wp-content\/uploads\/medias\/2017\/08\/logo_DEALER_00000406_001.png","contentUrl":"https:\/\/cdn.bymycar.eu\/fr-webzine\/wp-content\/uploads\/medias\/2017\/08\/logo_DEALER_00000406_001.png","width":2132,"height":720,"caption":"BYmyCAR"},"image":{"@id":"https:\/\/www.bymycar.fr\/webzine\/#\/schema\/logo\/image\/"}},{"@type":"Person","@id":"https:\/\/www.bymycar.fr\/webzine\/#\/schema\/person\/8d570fe11eb8929f06c1e6d00f4d9689","name":"La R\u00e9daction BYmyCAR","image":{"@type":"ImageObject","inLanguage":"fr-FR","@id":"https:\/\/www.bymycar.fr\/webzine\/#\/schema\/person\/image\/","url":"https:\/\/secure.gravatar.com\/avatar\/1aa6b039d0ce106989923af4e2d0f2a0c82bb070d5e449f1b9adf082a5863900?s=96&d=mm&r=g","contentUrl":"https:\/\/secure.gravatar.com\/avatar\/1aa6b039d0ce106989923af4e2d0f2a0c82bb070d5e449f1b9adf082a5863900?s=96&d=mm&r=g","caption":"La R\u00e9daction BYmyCAR"},"sameAs":["https:\/\/www.bymycar.fr\/"]}]}},"_links":{"self":[{"href":"https:\/\/www.bymycar.fr\/webzine\/wp-json\/wp\/v2\/posts\/63301","targetHints":{"allow":["GET"]}}],"collection":[{"href":"https:\/\/www.bymycar.fr\/webzine\/wp-json\/wp\/v2\/posts"}],"about":[{"href":"https:\/\/www.bymycar.fr\/webzine\/wp-json\/wp\/v2\/types\/post"}],"author":[{"embeddable":true,"href":"https:\/\/www.bymycar.fr\/webzine\/wp-json\/wp\/v2\/users\/88"}],"replies":[{"embeddable":true,"href":"https:\/\/www.bymycar.fr\/webzine\/wp-json\/wp\/v2\/comments?post=63301"}],"version-history":[{"count":1,"href":"https:\/\/www.bymycar.fr\/webzine\/wp-json\/wp\/v2\/posts\/63301\/revisions"}],"predecessor-version":[{"id":63548,"href":"https:\/\/www.bymycar.fr\/webzine\/wp-json\/wp\/v2\/posts\/63301\/revisions\/63548"}],"wp:attachment":[{"href":"https:\/\/www.bymycar.fr\/webzine\/wp-json\/wp\/v2\/media?parent=63301"}],"wp:term":[{"taxonomy":"category","embeddable":true,"href":"https:\/\/www.bymycar.fr\/webzine\/wp-json\/wp\/v2\/categories?post=63301"},{"taxonomy":"post_tag","embeddable":true,"href":"https:\/\/www.bymycar.fr\/webzine\/wp-json\/wp\/v2\/tags?post=63301"}],"curies":[{"name":"wp","href":"https:\/\/api.w.org\/{rel}","templated":true}]}}