{"id":63298,"date":"2025-12-28T00:00:00","date_gmt":"2025-12-28T00:00:00","guid":{"rendered":"https:\/\/www.bymycar.fr\/webzine\/?p=63298"},"modified":"2026-01-09T16:18:37","modified_gmt":"2026-01-09T15:18:37","slug":"smart-1-vs-mercedes-eqa-le-comparatif-complet","status":"publish","type":"post","link":"https:\/\/www.bymycar.fr\/webzine\/smart-1-vs-mercedes-eqa-le-comparatif-complet\/","title":{"rendered":"Smart #1 vs Mercedes EQA : le comparatif complet"},"content":{"rendered":"","protected":false},"excerpt":{"rendered":"","protected":false},"author":88,"featured_media":0,"comment_status":"closed","ping_status":"open","sticky":false,"template":"","format":"standard","meta":{"_acf_changed":false,"footnotes":""},"categories":[12926],"tags":[],"class_list":["post-63298","post","type-post","status-publish","format-standard","hentry","category-guide-dachat-smart"],"acf":{"page_content":{"block_content":[{"acf_fc_layout":"text-simple","--nav":{"-withNav":false,"-ancre":""},"--group":{"-text":"<h2>Ce qu&rsquo;il faut retenir<\/h2>\n<p>Ce match entre la smart #1 et la Mercedes EQA r\u00e9v\u00e8le deux approches distinctes du SUV \u00e9lectrique compact :<\/p>\n<ul>\n<li><strong>La smart #1 privil\u00e9gie la dynamique et la modularit\u00e9<\/strong> : avec ses 272 ch d\u00e8s la version de base, son 0 \u00e0 100 km\/h en 6,7 secondes, sa banquette coulissante et son volume de coffre adaptable (273 \u00e0 411 L), elle excelle en usage urbain et p\u00e9riurbain tout en offrant jusqu&rsquo;\u00e0 440 km d&rsquo;autonomie ;<\/li>\n<li><strong>La Mercedes EQA mise sur le premium et l&rsquo;efficience longue distance<\/strong> : gr\u00e2ce \u00e0 son autonomie pouvant atteindre 529 km, sa consommation optimis\u00e9e (16-17 kWh\/100 km) et son confort de conduite raffin\u00e9, elle s&rsquo;impose pour les trajets familiaux et les longs parcours ;<\/li>\n<li><strong>Deux philosophies compl\u00e9mentaires selon vos besoins<\/strong> : la smart #1 s\u00e9duit par son caract\u00e8re sportif et sa technologie connect\u00e9e, tandis que la Mercedes EQA brille par son luxe premium et sa polyvalence, nos conseillers BYmyCAR vous accompagnent pour d\u00e9terminer le mod\u00e8le le mieux adapt\u00e9 \u00e0 votre style de vie.<\/li>\n<\/ul>\n<h2>Dimensions, habitabilit\u00e9 et volume de coffre<\/h2>\n<p>La Smart #1 mesure 4,27 m de long pour 1,82 m de large et 1,64 m de haut, avec un empattement g\u00e9n\u00e9reux de 2,75 m qui favorise l&rsquo;habitabilit\u00e9 int\u00e9rieure. La Mercedes-Benz EQA, quant \u00e0 elle, affiche des dimensions l\u00e9g\u00e8rement sup\u00e9rieures avec 4,46 m de longueur, 1,83 m de largeur et 1,62 m de hauteur, la positionnant davantage comme une compacte familiale.<\/p>\n<table>\n<thead>\n<tr>\n<th>Caract\u00e9ristiques<\/th>\n<th>smart #1<\/th>\n<th>Mercedes-Benz EQA<\/th>\n<\/tr>\n<\/thead>\n<tbody>\n<tr>\n<td>Longueur<\/td>\n<td>4,27 m<\/td>\n<td>4,46 m<\/td>\n<\/tr>\n<tr>\n<td>Empattement<\/td>\n<td>2,75 m<\/td>\n<td>2,73 m<\/td>\n<\/tr>\n<tr>\n<td>Volume de coffre<\/td>\n<td>273-411 L<\/td>\n<td>340 L<\/td>\n<\/tr>\n<tr>\n<td>Poids \u00e0 vide<\/td>\n<td>1 820 kg<\/td>\n<td>2 040 kg<\/td>\n<\/tr>\n<\/tbody>\n<\/table>\n<p>En pratique, la smart #1 se distingue par sa modularit\u00e9 gr\u00e2ce \u00e0 sa banquette arri\u00e8re coulissante sur 13 cm, permettant d&rsquo;adapter le volume de coffre selon vos besoins, passant de 273 \u00e0 411 litres. Elle b\u00e9n\u00e9ficie \u00e9galement d&rsquo;un petit coffre avant de 15 litres. La hauteur importante et les portes larges facilitent l&rsquo;acc\u00e8s \u00e0 bord et l&rsquo;installation d&rsquo;enfants, ce qui la rend parfaitement adapt\u00e9e \u00e0 un usage urbain et p\u00e9riurbain. La Mercedes-Benz EQA propose un volume de coffre fixe de 340 litres, l\u00e9g\u00e8rement plus spacieux que celui de la smart en configuration standard, offrant ainsi un bon compromis pour les familles qui voyagent r\u00e9guli\u00e8rement avec des bagages.<\/p>\n<h2>Motorisations et performances<\/h2>\n<p>La smart #1 se distingue par sa batterie de 66 kWh (NMC) alimentant un moteur arri\u00e8re de 200 kW (272 ch) en propulsion. Les mod\u00e8les les plus performants comme la version BRABUS int\u00e8grent deux moteurs d\u00e9veloppant jusqu&rsquo;\u00e0 315 kW (428 ch) en transmission int\u00e9grale. Les performances sont impressionnantes avec un 0 \u00e0 100 km\/h en seulement 6,7 s pour les versions standard et un remarquable 3,9 s pour la BRABUS, rivalisant avec de nombreux SUV compacts sportifs.<\/p>\n<p>La Mercedes EQA propose diff\u00e9rentes motorisations, \u00e0 commencer par la version 250\/250+ \u00e9quip\u00e9e d&rsquo;un moteur avant de 140 kW (190 ch) d\u00e9livrant un couple de 375-385 Nm. Sa batterie offre entre 69,7 et 73,9 kWh bruts selon les mod\u00e8les. Les versions 300 et 350 4MATIC ajoutent un second moteur pour une transmission int\u00e9grale, atteignant jusqu&rsquo;\u00e0 215 kW et 520 Nm de couple, privil\u00e9giant une conduite raffin\u00e9e et fluide.<\/p>\n<h3>Vitesse maximale et dynamisme<\/h3>\n<p>La smart #1 atteint une vitesse maximale de 180 km\/h, offrant une conduite \u00e0 la fois agile et dynamique, particuli\u00e8rement appr\u00e9ciable en milieu urbain et p\u00e9riurbain. La Mercedes EQA, quant \u00e0 elle, propose une vitesse de pointe similaire, tout en privil\u00e9giant le confort de conduite avec une tenue de route stable et un comportement routier s\u00e9curisant, id\u00e9al pour les longs trajets autoroutiers.<\/p>\n<h2>Autonomie, consommation et recharge<\/h2>\n<p>La smart #1 propose une autonomie WLTP comprise entre 400 et 440 km pour ses versions \u00e9quip\u00e9es de la batterie de 66 kWh, avec environ 400 km pour la version BRABUS plus performante. Sa consommation moyenne se situe aux alentours de 17-18 kWh\/100 km. C\u00f4t\u00e9 recharge, ce SUV compact se d\u00e9marque par sa capacit\u00e9 AC allant jusqu&rsquo;\u00e0 22 kW sur les versions haut de gamme, tandis que sa puissance DC atteint 150 kW, permettant de r\u00e9cup\u00e9rer 70 % de batterie en moins de 30 minutes dans des conditions optimales.<\/p>\n<p>La Mercedes EQA affiche des valeurs d&rsquo;autonomie WLTP plus \u00e9lev\u00e9es, pouvant atteindre 490-529 km selon les versions, gr\u00e2ce \u00e0 sa batterie de capacit\u00e9 sup\u00e9rieure (jusqu&rsquo;\u00e0 73,9 kWh bruts, 70,5 kWh utiles). Sa consommation moyenne autour de 16-17 kWh\/100 km t\u00e9moigne d&rsquo;une efficience l\u00e9g\u00e8rement meilleure. La puissance de charge DC varie entre 100 et 150 kW selon les mod\u00e8les, compl\u00e9t\u00e9e par une recharge AC de 11 kW.<\/p>\n<h3>Efficience sur longs trajets<\/h3>\n<p>Ces deux v\u00e9hicules se distinguent par leur approche diff\u00e9rente de l&rsquo;efficience \u00e9nerg\u00e9tique. La Mercedes EQA excelle particuli\u00e8rement sur les longs trajets autoroutiers gr\u00e2ce \u00e0 son a\u00e9rodynamique soign\u00e9e et sa gestion optimis\u00e9e de l&rsquo;\u00e9nergie. Pour des conseils personnalis\u00e9s sur les solutions de recharge adapt\u00e9es \u00e0 votre usage quotidien, nos conseillers BYmyCAR sont \u00e0 votre disposition pour vous orienter vers le mod\u00e8le le plus efficient selon vos besoins.<\/p>\n<h2>Confort, finition et image de marque<\/h2>\n<p>La Smart #1 s\u00e9duit par son int\u00e9rieur moderne et ludique, avec un design lumineux qui cr\u00e9e une sensation d&rsquo;espace amplifi\u00e9e. Parmi ses nombreux avantages, on trouve un grand \u00e9cran central intuitif, une interface tr\u00e8s connect\u00e9e et une banquette arri\u00e8re coulissante sur 13 cm \u2014 une raret\u00e9 dans cette cat\u00e9gorie. Les mat\u00e9riaux s\u00e9lectionn\u00e9s cr\u00e9ent une ambiance contemporaine et chaleureuse, tandis que l&rsquo;\u00e9quipement g\u00e9n\u00e9reux inclut un toit panoramique, une cam\u00e9ra 360\u00b0 et un syst\u00e8me audio Beats de 640 watts sur les versions Premium de <a data-mce-href=\"https:\/\/www.bymycar.fr\/v\/smart-occasion\" href=\"https:\/\/www.bymycar.fr\/v\/smart-occasion\">la gamme Smart<\/a>.<\/p>\n<p>La Mercedes EQA incarne quant \u00e0 elle l&rsquo;excellence premium de <a data-mce-href=\"https:\/\/www.bymycar.fr\/v\/mercedes-occasion\" href=\"https:\/\/www.bymycar.fr\/v\/mercedes-occasion\">la marque \u00e0 l&rsquo;\u00e9toile Mercedes-Benz<\/a> avec sa pr\u00e9sentation luxueuse et ses mat\u00e9riaux valorisants. Son habitacle propose des si\u00e8ges confort avec fonction m\u00e9moire et r\u00e9glage \u00e9lectrique, une insonorisation soign\u00e9e et un confort de suspension exemplaire. L&rsquo;interface MBUX avec commande vocale \u00ab Hey Mercedes \u00bb et l&rsquo;\u00e9clairage d&rsquo;ambiance personnalisable \u00e0 64 couleurs renforcent l&rsquo;exp\u00e9rience premium \u00e0 bord, id\u00e9ale pour les longs trajets en toute s\u00e9r\u00e9nit\u00e9.<\/p>\n<p>Pour d\u00e9couvrir ces deux SUV \u00e9lectriques et d\u00e9terminer lequel correspond le mieux \u00e0 vos attentes, nos conseillers BYmyCAR vous invitent \u00e0 r\u00e9server un essai dans l&rsquo;une de nos concessions. Vous pourrez \u00e9galement explorer notre s\u00e9lection de Smart \u00e9lectrique d&rsquo;occasion pour trouver des opportunit\u00e9s int\u00e9ressantes.<\/p>\n<h2>Quel mod\u00e8le pour quel profil ?<\/h2>\n<h3>Choisir selon vos usages<\/h3>\n<p>La smart #1 s&rsquo;adresse particuli\u00e8rement \u00e0 certains profils de conducteurs. <\/p>\n<p>Voici les utilisateurs qui appr\u00e9cieront ce v\u00e9hicule compact :<\/p>\n<ul>\n<li>Vous \u00e9voluez principalement en milieu urbain et p\u00e9riurbain, et recherchez un SUV \u00e9lectrique maniable offrant jusqu&rsquo;\u00e0 440 km d&rsquo;autonomie et des performances dynamiques avec 272 ch d\u00e8s la version de base ;<\/li>\n<li>Vous \u00eates sensible au design distinctif, \u00e0 l&rsquo;interface technologique intuitive et \u00e9ventuellement aux performances exceptionnelles de la version BRABUS atteignant 428 ch pour un 0 \u00e0 100 km\/h en seulement 3,9 secondes ;<\/li>\n<li>Vous privil\u00e9giez un rapport \u00e9quipement\/prix avantageux dans cette cat\u00e9gorie de SUV \u00e9lectriques.<\/li>\n<\/ul>\n<p>La Mercedes EQA r\u00e9pond davantage aux besoins d&rsquo;une autre client\u00e8le. <\/p>\n<p>Ce mod\u00e8le vous s\u00e9duira particuli\u00e8rement si :<\/p>\n<ul>\n<li>Vous effectuez r\u00e9guli\u00e8rement des trajets longue distance et recherchez une excellente efficience \u00e9nerg\u00e9tique, avec une autonomie pouvant atteindre 529 km en cycle combin\u00e9 WLTP ;<\/li>\n<li>Vous accordez une importance particuli\u00e8re au confort premium, \u00e0 la qualit\u00e9 des finitions Mercedes et \u00e0 une exp\u00e9rience de conduite raffin\u00e9e dans un SUV \u00e9lectrique polyvalent.<\/li>\n<\/ul>\n<p>Pour vous accompagner dans le choix du v\u00e9hicule \u00e9lectrique correspondant parfaitement \u00e0 vos besoins et \u00e0 votre style de conduite, nos conseillers BYmyCAR sont \u00e0 votre disposition pour des informations personnalis\u00e9es.<\/p>\n<h2>FAQ : vos questions sur la Smart #1 et la Mercedes EQA<\/h2>\n<h3>Quelle est la vitesse maximale de la Mercedes EQA ?<\/h3>\n<p>La Mercedes EQA offre une vitesse maximale limit\u00e9e \u00e9lectroniquement \u00e0 160 km\/h pour pr\u00e9server l&rsquo;autonomie de la batterie. Cette limitation permet d&rsquo;optimiser l&rsquo;efficience \u00e9nerg\u00e9tique tout en conservant des performances dynamiques sur autoroute. Le SUV compact premium se distingue par son excellente tenue de route et son confort de conduite autoroutier.<\/p>\n<h3>Quel est le volume de coffre de la Smart #1 ?<\/h3>\n<p>Le volume de coffre de la smart #1 varie entre 273 et 411 litres gr\u00e2ce \u00e0 sa banquette arri\u00e8re coulissante sur 13 centim\u00e8tres. Cette modularit\u00e9 intelligente permet d&rsquo;adapter l&rsquo;espace selon vos besoins, privil\u00e9giant soit le confort des passagers, soit la capacit\u00e9 de chargement. Pour un SUV compact de 4,27 m\u00e8tres, cette capacit\u00e9 de rangement s&rsquo;av\u00e8re particuli\u00e8rement pratique au quotidien.<\/p>\n<h3>La recharge AC 22 kW est-elle disponible sur tous les mod\u00e8les ?<\/h3>\n<p>La recharge AC 22 kW est disponible uniquement sur les versions haut de gamme de la smart #1, tandis que la Mercedes EQA se limite \u00e0 11 kW en courant alternatif. Cette capacit\u00e9 de recharge triphas\u00e9e acc\u00e9l\u00e9r\u00e9e constitue un avantage consid\u00e9rable pour la smart #1, permettant de r\u00e9duire significativement les temps de charge sur les bornes publiques et wallbox compatibles.<\/p>\n<h2>Pour en savoir plus<\/h2>\n<h3>\u00c0 lire \u00e9galement<\/h3>\n<ul>\n<li><a href=\"https:\/\/www.bymycar.fr\/webzine\/quelle-finition-choisir-pour-le-smart-1-pro-premium-ou-brabus\/\" data-mce-href=\"https:\/\/www.bymycar.fr\/webzine\/quelle-finition-choisir-pour-le-smart-1-pro-premium-ou-brabus\/\">Quelle finition choisir pour le Smart #1 : Pro, Premium ou Brabus ?<\/a><\/li>\n<li><a href=\"https:\/\/www.bymycar.fr\/webzine\/faut-il-choisir-un-smart-1-ou-une-tesla-model-y\/\" data-mce-href=\"https:\/\/www.bymycar.fr\/webzine\/faut-il-choisir-un-smart-1-ou-une-tesla-model-y\/\">Faut-il choisir un Smart #1 ou une Tesla Model Y ?<\/a><\/li>\n<li><a href=\"https:\/\/www.bymycar.fr\/webzine\/prix-du-smart-1-suv-electrique-tous-les-details-par-finition-2025\/\" data-mce-href=\"https:\/\/www.bymycar.fr\/webzine\/prix-du-smart-1-suv-electrique-tous-les-details-par-finition-2025\/\">Prix du Smart #1 SUV \u00e9lectrique : tous les d\u00e9tails par finition (2025)\ufeff<\/a><\/li>\n<\/ul>\n<h3>Sources :<\/h3>\n<ul>\n<li><a href=\"https:\/\/en.wikipedia.org\/wiki\/Smart_1\" target=\"_blank\" data-mce-href=\"https:\/\/en.wikipedia.org\/wiki\/Smart_1\">Smart 1 &#8211; Wikipedia<\/a>\u200b<\/li>\n<li><a href=\"https:\/\/uk.smart.com\/en\/models\/hashtag-one\/\" target=\"_blank\" data-mce-href=\"https:\/\/uk.smart.com\/en\/models\/hashtag-one\/\">smart #1 &#8211; Discover the sophisticated electric compact SUV<\/a>\u200b<\/li>\n<li><a href=\"https:\/\/www.carwow.co.uk\/smart\/1\/specifications\" target=\"_blank\" data-mce-href=\"https:\/\/www.carwow.co.uk\/smart\/1\/specifications\">Smart #1 | Specifications &amp; Dimensions &#8211; Carwow<\/a>\u200b<\/li>\n<li><a href=\"https:\/\/nz.smart.com\/app\/uploads\/2025\/02\/smart-1-spec-sheet.pdf\" target=\"_blank\" data-mce-href=\"https:\/\/nz.smart.com\/app\/uploads\/2025\/02\/smart-1-spec-sheet.pdf\">smart #1<\/a>\u200b<\/li>\n<li><a href=\"https:\/\/www.beev.co\/en\/voitures-electriques\/marque\/smart\/smart-1-brabus\/\" target=\"_blank\" data-mce-href=\"https:\/\/www.beev.co\/en\/voitures-electriques\/marque\/smart\/smart-1-brabus\/\">Smart #1 Brabus : Fiche technique, autonomie &amp; prix &#8211; Beev<\/a>\u200b<\/li>\n<li><a href=\"https:\/\/evdb.nz\/v\/smart-1\" target=\"_blank\" data-mce-href=\"https:\/\/evdb.nz\/v\/smart-1\">Smart #1 &#8211; Price and Specs (NZ)<\/a>\u200b<\/li>\n<li><a href=\"https:\/\/en.wikipedia.org\/wiki\/Mercedes-Benz_EQA\" target=\"_blank\" data-mce-href=\"https:\/\/en.wikipedia.org\/wiki\/Mercedes-Benz_EQA\">Mercedes-Benz EQA &#8211; Wikipedia<\/a>\u200b<\/li>\n<li><a href=\"https:\/\/www.beev.co\/en\/voitures-electriques\/marque\/mercedes\/mercedes-eqa-250-plus\/\" target=\"_blank\" data-mce-href=\"https:\/\/www.beev.co\/en\/voitures-electriques\/marque\/mercedes\/mercedes-eqa-250-plus\/\">Mercedes EQA 250+ : Fiche technique, autonomie &amp; prix &#8211; Beev<\/a>\u200b<\/li>\n<li><a href=\"https:\/\/www.autocarindia.com\/cars\/mercedes-benz\/eqa\/specifications\" target=\"_blank\" data-mce-href=\"https:\/\/www.autocarindia.com\/cars\/mercedes-benz\/eqa\/specifications\">Mercedes-Benz EQA Specifications &#8211; Autocar India<\/a>\u200b<\/li>\n<li><a href=\"https:\/\/zecar.com\/resources\/2024-mercedes-benz-eqa-price-and-specs\" target=\"_blank\" data-mce-href=\"https:\/\/zecar.com\/resources\/2024-mercedes-benz-eqa-price-and-specs\">2024 Mercedes-Benz EQA price and specs<\/a>\u200b<\/li>\n<li><a href=\"https:\/\/www.mercedes-benz.com.my\/passengercars\/models\/suv\/eqa\/overview.html\" target=\"_blank\" data-mce-href=\"https:\/\/www.mercedes-benz.com.my\/passengercars\/models\/suv\/eqa\/overview.html\">EQA | Mercedes-Benz<\/a>\u200b<\/li>\n<li><a href=\"https:\/\/ev-database.org\/car\/1985\/Mercedes-Benz-EQA-250plus\" target=\"_blank\" data-mce-href=\"https:\/\/ev-database.org\/car\/1985\/Mercedes-Benz-EQA-250plus\">Mercedes-Benz EQA 250+ &#8211; EV Database<\/a><\/li>\n<\/ul>\n"}}]},"introduction":"<p>BYmyCAR vous pr\u00e9sente une comparaison captivante entre deux v\u00e9hicules \u00e9lectriques de caract\u00e8re. La <a data-mce-href=\"https:\/\/www.bymycar.fr\/v\/smart-#1-occasion\" href=\"https:\/\/www.bymycar.fr\/v\/smart-#1-occasion\">Smart #1<\/a>, SUV compact et dynamique, s\u00e9duit par ses performances impressionnantes et son design audacieux. La <a data-mce-href=\"https:\/\/www.bymycar.fr\/v\/mercedes-eqa-occasion\" href=\"https:\/\/www.bymycar.fr\/v\/mercedes-eqa-occasion\">Mercedes EQA<\/a>, quant \u00e0 elle, brille par son confort premium et son autonomie optimis\u00e9e pour les longs trajets. Ces deux mod\u00e8les \u00e9lectriques offrent des philosophies distinctes pour r\u00e9pondre \u00e0 vos besoins sp\u00e9cifiques. D\u00e9couvrez avec nous les atouts de ces deux <a data-mce-href=\"https:\/\/www.bymycar.fr\/v\/suv-occasion\" href=\"https:\/\/www.bymycar.fr\/v\/suv-occasion\">SUV<\/a> \u00e9lectriques et d\u00e9terminez lequel correspond le mieux \u00e0 votre style de vie.<\/p>\n","add-carousel-to-footer":true},"yoast_head":"<!-- This site is optimized with the Yoast SEO Premium plugin v26.4 (Yoast SEO v26.4) - https:\/\/yoast.com\/wordpress\/plugins\/seo\/ -->\n<title>Smart #1 vs Mercedes EQA : le comparatif complet<\/title>\n<meta name=\"description\" content=\"Comparez la smart #1 et la Mercedes EQA : dimensions, autonomie, performances et confort pour choisir le SUV \u00e9lectrique qui vous ressemble.\" \/>\n<meta name=\"robots\" content=\"index, follow, max-snippet:-1, max-image-preview:large, max-video-preview:-1\" \/>\n<link rel=\"canonical\" href=\"https:\/\/www.bymycar.fr\/webzine\/smart-1-vs-mercedes-eqa-le-comparatif-complet\/\" \/>\n<meta property=\"og:locale\" content=\"fr_FR\" \/>\n<meta property=\"og:type\" content=\"article\" \/>\n<meta property=\"og:title\" content=\"Smart #1 vs Mercedes EQA : le comparatif complet\" \/>\n<meta property=\"og:description\" content=\"Comparez la smart #1 et la Mercedes EQA : dimensions, autonomie, performances et confort pour choisir le SUV \u00e9lectrique qui vous ressemble.\" \/>\n<meta property=\"og:url\" content=\"https:\/\/www.bymycar.fr\/webzine\/smart-1-vs-mercedes-eqa-le-comparatif-complet\/\" \/>\n<meta property=\"og:site_name\" content=\"Webzine auto BYmyCAR\" \/>\n<meta property=\"article:published_time\" content=\"2025-12-28T00:00:00+00:00\" \/>\n<meta property=\"article:modified_time\" content=\"2026-01-09T15:18:37+00:00\" \/>\n<meta name=\"author\" content=\"La R\u00e9daction BYmyCAR\" \/>\n<meta name=\"twitter:card\" content=\"summary_large_image\" \/>\n<meta name=\"twitter:label1\" content=\"\u00c9crit par\" \/>\n\t<meta name=\"twitter:data1\" content=\"La R\u00e9daction BYmyCAR\" \/>\n<script type=\"application\/ld+json\" class=\"yoast-schema-graph\">{\"@context\":\"https:\/\/schema.org\",\"@graph\":[{\"@type\":\"Article\",\"@id\":\"https:\/\/www.bymycar.fr\/webzine\/smart-1-vs-mercedes-eqa-le-comparatif-complet\/#article\",\"isPartOf\":{\"@id\":\"https:\/\/www.bymycar.fr\/webzine\/smart-1-vs-mercedes-eqa-le-comparatif-complet\/\"},\"author\":{\"name\":\"La R\u00e9daction BYmyCAR\",\"@id\":\"https:\/\/www.bymycar.fr\/webzine\/#\/schema\/person\/8d570fe11eb8929f06c1e6d00f4d9689\"},\"headline\":\"Smart #1 vs Mercedes EQA : le comparatif complet\",\"datePublished\":\"2025-12-28T00:00:00+00:00\",\"dateModified\":\"2026-01-09T15:18:37+00:00\",\"mainEntityOfPage\":{\"@id\":\"https:\/\/www.bymycar.fr\/webzine\/smart-1-vs-mercedes-eqa-le-comparatif-complet\/\"},\"wordCount\":7,\"publisher\":{\"@id\":\"https:\/\/www.bymycar.fr\/webzine\/#organization\"},\"articleSection\":[\"Guide d'achat smart\"],\"inLanguage\":\"fr-FR\"},{\"@type\":\"WebPage\",\"@id\":\"https:\/\/www.bymycar.fr\/webzine\/smart-1-vs-mercedes-eqa-le-comparatif-complet\/\",\"url\":\"https:\/\/www.bymycar.fr\/webzine\/smart-1-vs-mercedes-eqa-le-comparatif-complet\/\",\"name\":\"Smart #1 vs Mercedes EQA : le comparatif complet\",\"isPartOf\":{\"@id\":\"https:\/\/www.bymycar.fr\/webzine\/#website\"},\"datePublished\":\"2025-12-28T00:00:00+00:00\",\"dateModified\":\"2026-01-09T15:18:37+00:00\",\"description\":\"Comparez la smart #1 et la Mercedes EQA : dimensions, autonomie, performances et confort pour choisir le SUV \u00e9lectrique qui vous ressemble.\",\"breadcrumb\":{\"@id\":\"https:\/\/www.bymycar.fr\/webzine\/smart-1-vs-mercedes-eqa-le-comparatif-complet\/#breadcrumb\"},\"inLanguage\":\"fr-FR\",\"potentialAction\":[{\"@type\":\"ReadAction\",\"target\":[\"https:\/\/www.bymycar.fr\/webzine\/smart-1-vs-mercedes-eqa-le-comparatif-complet\/\"]}]},{\"@type\":\"BreadcrumbList\",\"@id\":\"https:\/\/www.bymycar.fr\/webzine\/smart-1-vs-mercedes-eqa-le-comparatif-complet\/#breadcrumb\",\"itemListElement\":[{\"@type\":\"ListItem\",\"position\":1,\"name\":\"Accueil\",\"item\":\"https:\/\/www.bymycar.fr\/webzine\/\"},{\"@type\":\"ListItem\",\"position\":2,\"name\":\"Smart #1 vs Mercedes EQA : le comparatif complet\"}]},{\"@type\":\"WebSite\",\"@id\":\"https:\/\/www.bymycar.fr\/webzine\/#website\",\"url\":\"https:\/\/www.bymycar.fr\/webzine\/\",\"name\":\"Webzine auto BYmyCAR\",\"description\":\"La magazine auto de BYmyCAR\",\"publisher\":{\"@id\":\"https:\/\/www.bymycar.fr\/webzine\/#organization\"},\"potentialAction\":[{\"@type\":\"SearchAction\",\"target\":{\"@type\":\"EntryPoint\",\"urlTemplate\":\"https:\/\/www.bymycar.fr\/webzine\/?s={search_term_string}\"},\"query-input\":{\"@type\":\"PropertyValueSpecification\",\"valueRequired\":true,\"valueName\":\"search_term_string\"}}],\"inLanguage\":\"fr-FR\"},{\"@type\":\"Organization\",\"@id\":\"https:\/\/www.bymycar.fr\/webzine\/#organization\",\"name\":\"BYmyCAR\",\"url\":\"https:\/\/www.bymycar.fr\/webzine\/\",\"logo\":{\"@type\":\"ImageObject\",\"inLanguage\":\"fr-FR\",\"@id\":\"https:\/\/www.bymycar.fr\/webzine\/#\/schema\/logo\/image\/\",\"url\":\"https:\/\/cdn.bymycar.eu\/fr-webzine\/wp-content\/uploads\/medias\/2017\/08\/logo_DEALER_00000406_001.png\",\"contentUrl\":\"https:\/\/cdn.bymycar.eu\/fr-webzine\/wp-content\/uploads\/medias\/2017\/08\/logo_DEALER_00000406_001.png\",\"width\":2132,\"height\":720,\"caption\":\"BYmyCAR\"},\"image\":{\"@id\":\"https:\/\/www.bymycar.fr\/webzine\/#\/schema\/logo\/image\/\"}},{\"@type\":\"Person\",\"@id\":\"https:\/\/www.bymycar.fr\/webzine\/#\/schema\/person\/8d570fe11eb8929f06c1e6d00f4d9689\",\"name\":\"La R\u00e9daction BYmyCAR\",\"image\":{\"@type\":\"ImageObject\",\"inLanguage\":\"fr-FR\",\"@id\":\"https:\/\/www.bymycar.fr\/webzine\/#\/schema\/person\/image\/\",\"url\":\"https:\/\/secure.gravatar.com\/avatar\/1aa6b039d0ce106989923af4e2d0f2a0c82bb070d5e449f1b9adf082a5863900?s=96&d=mm&r=g\",\"contentUrl\":\"https:\/\/secure.gravatar.com\/avatar\/1aa6b039d0ce106989923af4e2d0f2a0c82bb070d5e449f1b9adf082a5863900?s=96&d=mm&r=g\",\"caption\":\"La R\u00e9daction BYmyCAR\"},\"sameAs\":[\"https:\/\/www.bymycar.fr\/\"]}]}<\/script>\n<!-- \/ Yoast SEO Premium plugin. -->","yoast_head_json":{"title":"Smart #1 vs Mercedes EQA : le comparatif complet","description":"Comparez la smart #1 et la Mercedes EQA : dimensions, autonomie, performances et confort pour choisir le SUV \u00e9lectrique qui vous ressemble.","robots":{"index":"index","follow":"follow","max-snippet":"max-snippet:-1","max-image-preview":"max-image-preview:large","max-video-preview":"max-video-preview:-1"},"canonical":"https:\/\/www.bymycar.fr\/webzine\/smart-1-vs-mercedes-eqa-le-comparatif-complet\/","og_locale":"fr_FR","og_type":"article","og_title":"Smart #1 vs Mercedes EQA : le comparatif complet","og_description":"Comparez la smart #1 et la Mercedes EQA : dimensions, autonomie, performances et confort pour choisir le SUV \u00e9lectrique qui vous ressemble.","og_url":"https:\/\/www.bymycar.fr\/webzine\/smart-1-vs-mercedes-eqa-le-comparatif-complet\/","og_site_name":"Webzine auto BYmyCAR","article_published_time":"2025-12-28T00:00:00+00:00","article_modified_time":"2026-01-09T15:18:37+00:00","author":"La R\u00e9daction BYmyCAR","twitter_card":"summary_large_image","twitter_misc":{"\u00c9crit par":"La R\u00e9daction BYmyCAR"},"schema":{"@context":"https:\/\/schema.org","@graph":[{"@type":"Article","@id":"https:\/\/www.bymycar.fr\/webzine\/smart-1-vs-mercedes-eqa-le-comparatif-complet\/#article","isPartOf":{"@id":"https:\/\/www.bymycar.fr\/webzine\/smart-1-vs-mercedes-eqa-le-comparatif-complet\/"},"author":{"name":"La R\u00e9daction BYmyCAR","@id":"https:\/\/www.bymycar.fr\/webzine\/#\/schema\/person\/8d570fe11eb8929f06c1e6d00f4d9689"},"headline":"Smart #1 vs Mercedes EQA : le comparatif complet","datePublished":"2025-12-28T00:00:00+00:00","dateModified":"2026-01-09T15:18:37+00:00","mainEntityOfPage":{"@id":"https:\/\/www.bymycar.fr\/webzine\/smart-1-vs-mercedes-eqa-le-comparatif-complet\/"},"wordCount":7,"publisher":{"@id":"https:\/\/www.bymycar.fr\/webzine\/#organization"},"articleSection":["Guide d'achat smart"],"inLanguage":"fr-FR"},{"@type":"WebPage","@id":"https:\/\/www.bymycar.fr\/webzine\/smart-1-vs-mercedes-eqa-le-comparatif-complet\/","url":"https:\/\/www.bymycar.fr\/webzine\/smart-1-vs-mercedes-eqa-le-comparatif-complet\/","name":"Smart #1 vs Mercedes EQA : le comparatif complet","isPartOf":{"@id":"https:\/\/www.bymycar.fr\/webzine\/#website"},"datePublished":"2025-12-28T00:00:00+00:00","dateModified":"2026-01-09T15:18:37+00:00","description":"Comparez la smart #1 et la Mercedes EQA : dimensions, autonomie, performances et confort pour choisir le SUV \u00e9lectrique qui vous ressemble.","breadcrumb":{"@id":"https:\/\/www.bymycar.fr\/webzine\/smart-1-vs-mercedes-eqa-le-comparatif-complet\/#breadcrumb"},"inLanguage":"fr-FR","potentialAction":[{"@type":"ReadAction","target":["https:\/\/www.bymycar.fr\/webzine\/smart-1-vs-mercedes-eqa-le-comparatif-complet\/"]}]},{"@type":"BreadcrumbList","@id":"https:\/\/www.bymycar.fr\/webzine\/smart-1-vs-mercedes-eqa-le-comparatif-complet\/#breadcrumb","itemListElement":[{"@type":"ListItem","position":1,"name":"Accueil","item":"https:\/\/www.bymycar.fr\/webzine\/"},{"@type":"ListItem","position":2,"name":"Smart #1 vs Mercedes EQA : le comparatif complet"}]},{"@type":"WebSite","@id":"https:\/\/www.bymycar.fr\/webzine\/#website","url":"https:\/\/www.bymycar.fr\/webzine\/","name":"Webzine auto BYmyCAR","description":"La magazine auto de BYmyCAR","publisher":{"@id":"https:\/\/www.bymycar.fr\/webzine\/#organization"},"potentialAction":[{"@type":"SearchAction","target":{"@type":"EntryPoint","urlTemplate":"https:\/\/www.bymycar.fr\/webzine\/?s={search_term_string}"},"query-input":{"@type":"PropertyValueSpecification","valueRequired":true,"valueName":"search_term_string"}}],"inLanguage":"fr-FR"},{"@type":"Organization","@id":"https:\/\/www.bymycar.fr\/webzine\/#organization","name":"BYmyCAR","url":"https:\/\/www.bymycar.fr\/webzine\/","logo":{"@type":"ImageObject","inLanguage":"fr-FR","@id":"https:\/\/www.bymycar.fr\/webzine\/#\/schema\/logo\/image\/","url":"https:\/\/cdn.bymycar.eu\/fr-webzine\/wp-content\/uploads\/medias\/2017\/08\/logo_DEALER_00000406_001.png","contentUrl":"https:\/\/cdn.bymycar.eu\/fr-webzine\/wp-content\/uploads\/medias\/2017\/08\/logo_DEALER_00000406_001.png","width":2132,"height":720,"caption":"BYmyCAR"},"image":{"@id":"https:\/\/www.bymycar.fr\/webzine\/#\/schema\/logo\/image\/"}},{"@type":"Person","@id":"https:\/\/www.bymycar.fr\/webzine\/#\/schema\/person\/8d570fe11eb8929f06c1e6d00f4d9689","name":"La R\u00e9daction BYmyCAR","image":{"@type":"ImageObject","inLanguage":"fr-FR","@id":"https:\/\/www.bymycar.fr\/webzine\/#\/schema\/person\/image\/","url":"https:\/\/secure.gravatar.com\/avatar\/1aa6b039d0ce106989923af4e2d0f2a0c82bb070d5e449f1b9adf082a5863900?s=96&d=mm&r=g","contentUrl":"https:\/\/secure.gravatar.com\/avatar\/1aa6b039d0ce106989923af4e2d0f2a0c82bb070d5e449f1b9adf082a5863900?s=96&d=mm&r=g","caption":"La R\u00e9daction BYmyCAR"},"sameAs":["https:\/\/www.bymycar.fr\/"]}]}},"_links":{"self":[{"href":"https:\/\/www.bymycar.fr\/webzine\/wp-json\/wp\/v2\/posts\/63298","targetHints":{"allow":["GET"]}}],"collection":[{"href":"https:\/\/www.bymycar.fr\/webzine\/wp-json\/wp\/v2\/posts"}],"about":[{"href":"https:\/\/www.bymycar.fr\/webzine\/wp-json\/wp\/v2\/types\/post"}],"author":[{"embeddable":true,"href":"https:\/\/www.bymycar.fr\/webzine\/wp-json\/wp\/v2\/users\/88"}],"replies":[{"embeddable":true,"href":"https:\/\/www.bymycar.fr\/webzine\/wp-json\/wp\/v2\/comments?post=63298"}],"version-history":[{"count":1,"href":"https:\/\/www.bymycar.fr\/webzine\/wp-json\/wp\/v2\/posts\/63298\/revisions"}],"predecessor-version":[{"id":63545,"href":"https:\/\/www.bymycar.fr\/webzine\/wp-json\/wp\/v2\/posts\/63298\/revisions\/63545"}],"wp:attachment":[{"href":"https:\/\/www.bymycar.fr\/webzine\/wp-json\/wp\/v2\/media?parent=63298"}],"wp:term":[{"taxonomy":"category","embeddable":true,"href":"https:\/\/www.bymycar.fr\/webzine\/wp-json\/wp\/v2\/categories?post=63298"},{"taxonomy":"post_tag","embeddable":true,"href":"https:\/\/www.bymycar.fr\/webzine\/wp-json\/wp\/v2\/tags?post=63298"}],"curies":[{"name":"wp","href":"https:\/\/api.w.org\/{rel}","templated":true}]}}