{"id":63297,"date":"2025-12-28T00:00:00","date_gmt":"2025-12-28T00:00:00","guid":{"rendered":"https:\/\/www.bymycar.fr\/webzine\/?p=63297"},"modified":"2026-01-09T16:18:36","modified_gmt":"2026-01-09T15:18:36","slug":"comment-choisir-la-finition-de-votre-smart-3","status":"publish","type":"post","link":"https:\/\/www.bymycar.fr\/webzine\/comment-choisir-la-finition-de-votre-smart-3\/","title":{"rendered":"Comment choisir la finition de votre Smart #3 ?"},"content":{"rendered":"","protected":false},"excerpt":{"rendered":"","protected":false},"author":88,"featured_media":0,"comment_status":"closed","ping_status":"open","sticky":false,"template":"","format":"standard","meta":{"_acf_changed":false,"footnotes":""},"categories":[12926],"tags":[],"class_list":["post-63297","post","type-post","status-publish","format-standard","hentry","category-guide-dachat-smart"],"acf":{"page_content":{"block_content":[{"acf_fc_layout":"text-simple","--nav":{"-withNav":false,"-ancre":""},"--group":{"-text":"<h2>Ce qu&rsquo;il faut retenir<\/h2>\n<ul>\n<li><strong>Choisissez selon votre usage<\/strong> : Pro\/Pro+ pour un usage urbain et p\u00e9riurbain, Premium\/25th Anniversary pour les longs trajets r\u00e9guliers gr\u00e2ce \u00e0 leur autonomie de 455 km, Brabus pour les performances sportives avec 428 ch et transmission int\u00e9grale ;<\/li>\n<li><strong>Deux technologies de batteries disponibles<\/strong> : LFP 49 kWh (325 km d&rsquo;autonomie) sur la Pro, NMC 66 kWh (jusqu&rsquo;\u00e0 455 km) sur les autres finitions, avec des capacit\u00e9s de recharge variant de 7,4 kW \u00e0 22 kW en courant alternatif ;<\/li>\n<li><strong>\u00c9quipements progressifs par finition<\/strong> : \u00e9cran 12,8 pouces et aides \u00e0 la conduite de s\u00e9rie sur toutes versions, affichage t\u00eate haute et syst\u00e8me audio Beats \u00e0 partir de la Premium, sellerie cuir et technologies avanc\u00e9es sur les finitions sup\u00e9rieures.<\/li>\n<\/ul>\n<h2>Comprendre la base commune du Smart SUV<\/h2>\n<h3>Dimensions et poids du Smart SUV<\/h3>\n<p>La Smart #3 s&rsquo;impose comme un <a data-mce-href=\"https:\/\/www.bymycar.fr\/v\/suv-occasion\" href=\"https:\/\/www.bymycar.fr\/v\/suv-occasion\">SUV<\/a> aux proportions \u00e9quilibr\u00e9es avec une longueur de 4,40 m\u00e8tres, une largeur de 1,84 m\u00e8tre et une hauteur de 1,56 m\u00e8tre. Son empattement g\u00e9n\u00e9reux de 2,785 m\u00e8tres garantit un espace int\u00e9rieur optimis\u00e9 pour tous les passagers. C\u00f4t\u00e9 rangement, ce SUV \u00e9lectrique propose un coffre modulable offrant 370 litres en configuration standard, extensible jusqu&rsquo;\u00e0 1 160 litres une fois la banquette rabattue. Un petit compartiment de rangement avant (frunk) de 15 litres compl\u00e8te l&rsquo;ensemble. Selon les versions, le poids du v\u00e9hicule varie entre 1 780 et 1 910 kg, t\u00e9moignant d&rsquo;une structure robuste.<\/p>\n<table>\n<thead>\n<tr>\n<th>Caract\u00e9ristiques<\/th>\n<th>Dimensions<\/th>\n<\/tr>\n<\/thead>\n<tbody>\n<tr>\n<td>Longueur<\/td>\n<td>4,40 m<\/td>\n<\/tr>\n<tr>\n<td>Largeur<\/td>\n<td>1,84 m<\/td>\n<\/tr>\n<tr>\n<td>Hauteur<\/td>\n<td>1,56 m<\/td>\n<\/tr>\n<tr>\n<td>Empattement<\/td>\n<td>2,785 m<\/td>\n<\/tr>\n<tr>\n<td>Volume coffre<\/td>\n<td>370-1 160 l<\/td>\n<\/tr>\n<tr>\n<td>Garde au sol<\/td>\n<td>16 cm<\/td>\n<\/tr>\n<\/tbody>\n<\/table>\n<h3>Architecture \u00e9lectrique et empattement g\u00e9n\u00e9reux<\/h3>\n<p><a data-mce-href=\"https:\/\/www.bymycar.fr\/v\/smart-occasion\" href=\"https:\/\/www.bymycar.fr\/v\/smart-occasion\">La marque Smart<\/a> a con\u00e7u son SUV #3 sur la plateforme SEA (Sustainable Experience Architecture) 100 % \u00e9lectrique d\u00e9velopp\u00e9e par Geely. Cette architecture moderne permet une r\u00e9partition optimale des masses gr\u00e2ce au positionnement bas des batteries, am\u00e9liorant ainsi la tenue de route et la stabilit\u00e9 du v\u00e9hicule. Deux technologies de batteries \u00e9quipent la gamme : la lithium fer phosphate (LFP) de 49 kWh pour les versions d&rsquo;entr\u00e9e de gamme, et la batterie nickel mangan\u00e8se cobalt (NMC) de 66 kWh (dont 62 kWh utiles) pour les versions sup\u00e9rieures. Cette derni\u00e8re offre une meilleure densit\u00e9 \u00e9nerg\u00e9tique, id\u00e9ale pour les conducteurs cherchant plus d&rsquo;autonomie dans leurs voitures \u00e9lectriques. L&#8217;empattement g\u00e9n\u00e9reux contribue non seulement au confort int\u00e9rieur mais aussi \u00e0 l&rsquo;\u00e9quilibre dynamique du v\u00e9hicule.<\/p>\n<h2>Finitions d&rsquo;entr\u00e9e de gamme : Pro et Pro+<\/h2>\n<h3>Atouts de la Smart #3 Pro<\/h3>\n<p>La finition Pro constitue le point d&rsquo;entr\u00e9e dans l&rsquo;univers de la Smart #3, ce SUV coup\u00e9 \u00e9lectrique 5 places au design a\u00e9rodynamique. Dot\u00e9e d&rsquo;une batterie LFP de 49 kWh (47 kWh de capacit\u00e9 nette), elle offre une autonomie de 325 km en cycle WLTP, id\u00e9ale pour les d\u00e9placements urbains et p\u00e9riurbains quotidiens. Malgr\u00e9 son positionnement d&rsquo;entr\u00e9e de gamme, la Pro ne l\u00e9sine pas sur l&rsquo;\u00e9quipement avec son moteur arri\u00e8re de 272 ch permettant un 0 \u00e0 100 km\/h en 5,8 secondes, son \u00e9cran tactile HD de 12,8 pouces et ses aides \u00e0 la conduite essentielles. Cette version est particuli\u00e8rement int\u00e9ressante pour les automobilistes \u00e9ligibles au bonus \u00e9cologique qui recherchent un v\u00e9hicule \u00e9lectrique performant sans superflu. Pour configurer votre Smart #3 Pro selon vos besoins, nos conseillers BYmyCAR vous accompagnent dans votre projet.<\/p>\n<h3>Pourquoi choisir la Smart #3 Pro+<\/h3>\n<p>La version Pro+ enrichit l&rsquo;exp\u00e9rience Smart avec plusieurs atouts majeurs. Elle se distingue notamment par son chargeur AC 22 kW (contre 7,4 kW pour la Pro), permettant une recharge bien plus rapide au quotidien. La Pro+ est g\u00e9n\u00e9ralement \u00e9quip\u00e9e de la batterie NMC de 66 kWh (62 kWh utiles), portant l&rsquo;autonomie jusqu&rsquo;\u00e0 435 km en cycle WLTP \u2013 un avantage consid\u00e9rable pour les trajets plus longs. Cette finition ajoute \u00e9galement des \u00e9quipements ADAS suppl\u00e9mentaires comme la d\u00e9tection des angles morts, le r\u00e9gulateur de vitesse adaptatif et l&rsquo;aide au maintien dans la voie, regroup\u00e9s sous l&rsquo;appellation Smart Pilot Assist. Avec sa consommation ma\u00eetris\u00e9e de 16,3 kWh\/100 km, la Pro+ repr\u00e9sente un excellent compromis entre budget, autonomie et \u00e9quipements. N&rsquo;h\u00e9sitez pas \u00e0 utiliser notre configurateur en ligne pour personnaliser votre Smart #3 Pro+ selon vos pr\u00e9f\u00e9rences.<\/p>\n<h2>Smart #3 Premium et 25th Anniversary : le c\u0153ur de gamme<\/h2>\n<h3>Technologies embarqu\u00e9es de la Smart #3 Premium<\/h3>\n<p>La finition Premium de la Smart #3 repr\u00e9sente un concentr\u00e9 de technologies avanc\u00e9es pour les conducteurs exigeants. Son affichage t\u00eate haute projette les informations essentielles directement dans votre champ de vision, vous permettant de garder les yeux sur la route en toute s\u00e9curit\u00e9. La planche de bord, particuli\u00e8rement soign\u00e9e, int\u00e8gre un syst\u00e8me d&rsquo;infodivertissement r\u00e9actif et intuitif qui sublime l&rsquo;exp\u00e9rience de conduite.<\/p>\n<p>La Smart #3 Premium se d\u00e9marque \u00e9galement par sa pompe \u00e0 chaleur de s\u00e9rie, un \u00e9quipement qui optimise l&rsquo;autonomie en conditions hivernales en r\u00e9duisant la consommation \u00e9lectrique li\u00e9e au chauffage. Ses suspensions confort, associ\u00e9es aux si\u00e8ges en cuir de haute qualit\u00e9, vous garantissent des trajets agr\u00e9ables m\u00eame sur longues distances. Vous b\u00e9n\u00e9ficiez \u00e9galement des projecteurs Matrix CyberSparks LED+ et du syst\u00e8me audio Beats pour une immersion sonore de qualit\u00e9.<\/p>\n<h3>S\u00e9rie limit\u00e9e 25th Anniversary : style exclusif<\/h3>\n<p>La version 25th Anniversary c\u00e9l\u00e8bre l&rsquo;h\u00e9ritage de la marque avec un style distinctif. Cette s\u00e9rie limit\u00e9e, bas\u00e9e sur la finition Premium, int\u00e8gre des \u00e9l\u00e9ments esth\u00e9tiques inspir\u00e9s de la version Brabus. Vous appr\u00e9cierez les touches rouges qui soulignent \u00e9l\u00e9gamment la carrosserie et le magnifique toit panoramique Galaxy qui baigne l&rsquo;habitacle de lumi\u00e8re naturelle.<\/p>\n<p>L&rsquo;int\u00e9rieur de la 25th Anniversary se distingue par une sellerie exclusive en cuir noir et blanc qui renforce son caract\u00e8re premium. Cette finition conserve la grande batterie de 66 kWh et la motorisation de 272 ch pour des performances dynamiques, tout en pr\u00e9servant une autonomie optimis\u00e9e pour les longs trajets. Pour d\u00e9couvrir cette s\u00e9rie limit\u00e9e ou obtenir un devis personnalis\u00e9, nos conseillers BYmyCAR sont \u00e0 votre disposition pour vous accompagner dans votre choix.<\/p>\n<h2>Finition Brabus : performances et image sportive<\/h2>\n<h3>Puissance et transmission int\u00e9grale<\/h3>\n<p>La Smart #3 Brabus s&rsquo;impose comme la version la plus radicale de la gamme, affichant des performances impressionnantes. Elle combine deux moteurs \u00e9lectriques \u2013 un \u00e0 l&rsquo;avant de 156 ch et un \u00e0 l&rsquo;arri\u00e8re de 272 ch \u2013 pour une puissance totale de 428 ch et un couple g\u00e9n\u00e9reux de 543 Nm. Cette configuration lui conf\u00e8re une transmission int\u00e9grale qui am\u00e9liore consid\u00e9rablement la motricit\u00e9 et la tenue de route, particuli\u00e8rement appr\u00e9ciable dans les virages ou sur chauss\u00e9e glissante.<\/p>\n<p>Le mode sport Brabus transforme litt\u00e9ralement le comportement du v\u00e9hicule en durcissant la direction et en augmentant la r\u00e9activit\u00e9 de l&rsquo;acc\u00e9l\u00e9rateur. Les quatre roues motrices procurent une stabilit\u00e9 exceptionnelle, tandis que la direction devient plus pr\u00e9cise et communicative, offrant des sensations de conduite particuli\u00e8rement gratifiantes pour les amateurs de performances.<\/p>\n<h3>Autonomie de la version Brabus<\/h3>\n<p>La Smart #3 Brabus s&rsquo;articule autour d&rsquo;une batterie NMC (Nickel Mangan\u00e8se Cobalt) de 66 kWh bruts, dont 62 kWh sont r\u00e9ellement utilisables. Elle affiche une autonomie WLTP officielle de 415 km, l\u00e9g\u00e8rement inf\u00e9rieure aux 455 km de la version Premium \u00e9quip\u00e9e de la m\u00eame batterie. Cette diff\u00e9rence s&rsquo;explique par le poids plus \u00e9lev\u00e9 de la transmission int\u00e9grale et les jantes de 20 pouces chauss\u00e9es de pneus sportifs moins \u00e9conomes en \u00e9nergie.<\/p>\n<p>En conditions r\u00e9elles d&rsquo;utilisation, l&rsquo;autonomie varie significativement selon le style de conduite adopt\u00e9. Sur autoroute \u00e0 130 km\/h, elle se limite \u00e0 environ 250 kilom\u00e8tres, tandis qu&rsquo;en usage mixte urbain et p\u00e9riurbain, elle atteint g\u00e9n\u00e9ralement 330 kilom\u00e8tres. La recharge rapide en courant continu accepte jusqu&rsquo;\u00e0 150 kW, permettant de passer de 10 % \u00e0 80 % de batterie en moins de 30 minutes, ce qui compense partiellement cette autonomie plus modeste.<\/p>\n<h2>Comment choisir sa finition de Smart #3 ?<\/h2>\n<p>Pour s\u00e9lectionner la version id\u00e9ale de votre Smart #3, nous vous recommandons de tenir compte de votre profil d&rsquo;utilisation :<\/p>\n<ul>\n<li>Pour un usage principalement urbain\/p\u00e9riurbain, budget ma\u00eetris\u00e9 : privil\u00e9gier Pro (si petite batterie suffisante) ou Pro+ pour profiter du chargeur 22 kW et de plus d&rsquo;aides \u00e0 la conduite ;<\/li>\n<li>Pour un mix quotidien + longs trajets r\u00e9guliers : viser Premium ou 25th Anniversary avec batterie 66 kWh, qui offrent le meilleur compromis entre autonomie, confort et technologie ;<\/li>\n<li>Pour une recherche de performances et d&rsquo;image sportive : opter pour la Brabus, en gardant \u00e0 l&rsquo;esprit un co\u00fbt plus \u00e9lev\u00e9 et une efficience moindre que les finitions c\u0153ur de gamme.<\/li>\n<\/ul>\n<p>Nos conseillers BYmyCAR restent \u00e0 votre disposition pour vous accompagner dans le choix de la finition qui correspondra parfaitement \u00e0 vos besoins et \u00e0 votre style de conduite.<\/p>\n<h2>Design coup\u00e9 et int\u00e9rieur : l&rsquo;exp\u00e9rience \u00e0 bord<\/h2>\n<h3>Un design coup\u00e9 sign\u00e9 Smart<\/h3>\n<p>Le Smart #3 se distingue par son allure r\u00e9solument sportive et ses lignes \u00e9l\u00e9gantes qui incarnent parfaitement l&rsquo;identit\u00e9 de la marque. Ce <a href=\"https:\/\/www.bymycar.fr\/v\/smart-coupe-occasion\" data-mce-href=\"https:\/\/www.bymycar.fr\/v\/smart-coupe-occasion\">Smart coup\u00e9<\/a> affiche un design original avec une silhouette fluide et a\u00e9rodynamique, atteignant un coefficient de tra\u00een\u00e9e (Cx) de seulement 0,27. Cette performance a\u00e9rodynamique contribue \u00e0 optimiser l&rsquo;autonomie du v\u00e9hicule tout en lui conf\u00e9rant une pr\u00e9sence visuelle distinctive. \u00c0 l&rsquo;arri\u00e8re, un spoiler de pare-brise et un diffuseur imposant renforcent son caract\u00e8re dynamique, tandis que le toit vitr\u00e9 panoramique \u00ab Halo \u00bb apporte une touche d&rsquo;\u00e9l\u00e9gance suppl\u00e9mentaire tout en baignant l&rsquo;habitacle de lumi\u00e8re naturelle.<\/p>\n<h3>Confort int\u00e9rieur et technologies Full HD<\/h3>\n<p>L&rsquo;habitacle du Smart #3 impressionne par son espace g\u00e9n\u00e9reux et ses \u00e9quipements technologiques de pointe. Le tableau de bord \u00e9pur\u00e9 est domin\u00e9 par un grand \u00e9cran tactile Full HD de 12,8 pouces (1920 \u00d7 1080 pixels), compl\u00e9t\u00e9 par un \u00e9cran d&rsquo;instrumentation de 9,2 pouces et un affichage t\u00eate haute sur certaines finitions. L&rsquo;interface r\u00e9active est compatible avec Android Auto et Apple CarPlay sans fil. Les passagers arri\u00e8re profitent d&rsquo;un excellent espace aux jambes gr\u00e2ce \u00e0 l&#8217;empattement g\u00e9n\u00e9reux de 2 785 mm. La banquette arri\u00e8re habill\u00e9e de cuir peut accueillir confortablement trois personnes et se rabat pour augmenter la capacit\u00e9 du coffre de 370 litres \u00e0 1 160 litres, offrant ainsi une modularit\u00e9 appr\u00e9ciable pour tous vos besoins.<\/p>\n<h2>Motorisation \u00e9lectrique et performances<\/h2>\n<p>La Smart #3 se distingue par une architecture 100 % \u00e9lectrique associ\u00e9e \u00e0 une transmission automatique performante. Ce SUV coup\u00e9 conjugue efficacit\u00e9 \u00e9nerg\u00e9tique et plaisir de conduite pour r\u00e9pondre aux attentes des conducteurs modernes. D\u00e9couvrez les caract\u00e9ristiques techniques qui font de ce mod\u00e8le une r\u00e9f\u00e9rence dans sa cat\u00e9gorie.<\/p>\n<h3>Architecture 100 % \u00e9lectrique<\/h3>\n<p>La Smart #3 est \u00e9quip\u00e9e d&rsquo;un moteur synchrone \u00e0 aimant permanent d\u00e9veloppant 272 ch sur la majorit\u00e9 des versions. Deux types de batteries sont propos\u00e9s selon les finitions : une batterie LFP (lithium-fer-phosphate) de 49 kWh (47 kWh nets) pour la version Pro, offrant une autonomie de 325 km en cycle WLTP, et une batterie NMC (nickel-mangan\u00e8se-cobalt) de 66 kWh (62 kWh nets) pour les versions sup\u00e9rieures, permettant d&rsquo;atteindre jusqu&rsquo;\u00e0 455 km d&rsquo;autonomie WLTP en finition Premium. La consommation homologu\u00e9e s&rsquo;\u00e9l\u00e8ve \u00e0 environ 16,3 kWh\/100 km, un chiffre dans la moyenne des SUV compacts \u00e9lectriques.<\/p>\n<h3>Bo\u00eete automatique et Smart Pilot Assist<\/h3>\n<p>La transmission automatique de la Smart #3 assure une conduite fluide et intuitive, sans rupture de couple. Cette bo\u00eete \u00e0 rapport unique, typique des v\u00e9hicules \u00e9lectriques, offre une acc\u00e9l\u00e9ration lin\u00e9aire et progressive. Le syst\u00e8me Smart Pilot Assist regroupe un ensemble complet d&rsquo;aides \u00e0 la conduite, incluant le r\u00e9gulateur de vitesse adaptatif qui maintient automatiquement la distance avec le v\u00e9hicule pr\u00e9c\u00e9dent, l&rsquo;aide au maintien dans la voie pour \u00e9viter les d\u00e9viations involontaires, et la d\u00e9tection des angles morts pour s\u00e9curiser vos changements de file. Ces technologies contribuent \u00e0 une exp\u00e9rience de conduite plus d\u00e9tendue et s\u00e9curisante.<\/p>\n<h3>Vitesse maximale et sensations sportives<\/h3>\n<p>La Smart #3 impressionne par ses performances dynamiques, avec une vitesse maximale \u00e9lev\u00e9e qui lui permet d&rsquo;aborder sereinement tous types de parcours, y compris autoroutiers. En mode Sport, le v\u00e9hicule lib\u00e8re tout son potentiel, offrant des acc\u00e9l\u00e9rations franches et des reprises instantan\u00e9es gr\u00e2ce au couple imm\u00e9diatement disponible. La version Brabus, v\u00e9ritable sportive de la gamme, se distingue par ses deux moteurs totalisant 428 ch et sa transmission int\u00e9grale. Malgr\u00e9 ces performances \u00e9lev\u00e9es, la Smart #3 conserve un score environnemental favorable gr\u00e2ce \u00e0 son efficience \u00e9nerg\u00e9tique et l&rsquo;absence d&rsquo;\u00e9missions directes de CO2.<\/p>\n<table>\n<thead>\n<tr>\n<th>Finition<\/th>\n<th>Puissance<\/th>\n<th>Type de batterie<\/th>\n<th>Transmission<\/th>\n<\/tr>\n<\/thead>\n<tbody>\n<tr>\n<td>Pro<\/td>\n<td>272 ch<\/td>\n<td>LFP 49 kWh<\/td>\n<td>Propulsion<\/td>\n<\/tr>\n<tr>\n<td>Pro+<\/td>\n<td>272 ch<\/td>\n<td>NMC 66 kWh<\/td>\n<td>Propulsion<\/td>\n<\/tr>\n<tr>\n<td>Premium<\/td>\n<td>272 ch<\/td>\n<td>NMC 66 kWh<\/td>\n<td>Propulsion<\/td>\n<\/tr>\n<tr>\n<td>25th Anniversary<\/td>\n<td>272 ch<\/td>\n<td>NMC 66 kWh<\/td>\n<td>Propulsion<\/td>\n<\/tr>\n<tr>\n<td>Brabus<\/td>\n<td>428 ch<\/td>\n<td>NMC 66 kWh<\/td>\n<td>Int\u00e9grale<\/td>\n<\/tr>\n<\/tbody>\n<\/table>\n<h2>Budget et financement de la Smart #3<\/h2>\n<p>La Smart #3 s&rsquo;impose comme un choix de qualit\u00e9 sur le march\u00e9 des SUV coup\u00e9s \u00e9lectriques, avec un tarif qui varie selon les finitions, les capacit\u00e9s de batterie et les options choisies. Du mod\u00e8le Pro d&rsquo;entr\u00e9e de gamme jusqu&rsquo;\u00e0 la puissante version Brabus, le constructeur propose une gamme compl\u00e8te adapt\u00e9e \u00e0 diff\u00e9rents budgets et exigences.<\/p>\n<h3>Nos conseils BYmyCAR<\/h3>\n<p>Pour d\u00e9terminer le budget optimal pour votre Smart #3, nous vous recommandons de consulter nos conseillers BYmyCAR qui vous \u00e9tabliront un devis personnalis\u00e9. Ils vous pr\u00e9senteront les diff\u00e9rentes solutions de financement disponibles, notamment la formule LOA qui vous permet d&rsquo;adapter les mensualit\u00e9s \u00e0 vos possibilit\u00e9s. N&rsquo;h\u00e9sitez pas \u00e0 vous renseigner sur les aides nationales comme le bonus \u00e9cologique pour v\u00e9hicules \u00e9lectriques, qui peut r\u00e9duire significativement votre investissement. Nos experts vous accompagneront dans toutes les d\u00e9marches administratives pour obtenir ces avantages financiers. Pour d\u00e9couvrir l&rsquo;ensemble de notre gamme, consultez notre s\u00e9lection de <a href=\"https:\/\/www.bymycar.fr\/v\/smart-5-places-occasion\" data-mce-href=\"https:\/\/www.bymycar.fr\/v\/smart-5-places-occasion\">Smart 5 places<\/a>.<\/p>\n<h2>FAQ : vos questions sur la Smart #3<\/h2>\n<h3>Quelle est la Smart #3 la plus fiable ?<\/h3>\n<p>Toutes les versions de la Smart #3 b\u00e9n\u00e9ficient d&rsquo;une excellente conception technique et d&rsquo;une fiabilit\u00e9 remarquable. Nos conseillers BYmyCAR vous guideront pour choisir la finition qui correspond parfaitement \u00e0 vos besoins.<\/p>\n<h3>La Smart #3 est-elle un SUV coup\u00e9 ?<\/h3>\n<p>Absolument ! La Smart #3 est un v\u00e9ritable SUV coup\u00e9 au design a\u00e9rodynamique avec sa silhouette plongeante et son toit en arc de cercle. Son style distinctif allie \u00e9l\u00e9gance sportive et praticit\u00e9 familiale.<\/p>\n<h3>Combien p\u00e8se la Smart #3 ?<\/h3>\n<p>La Smart #3 pr\u00e9sente un poids bien r\u00e9parti qui lui conf\u00e8re une excellente tenue de route. Pour des informations pr\u00e9cises selon les finitions, n&rsquo;h\u00e9sitez pas \u00e0 consulter nos conseillers BYmyCAR.<\/p>\n<h3>La Smart #3 propose-t-elle une bo\u00eete automatique ?<\/h3>\n<p>Oui, la Smart #3 dispose d&rsquo;une transmission automatique fluide qui optimise le confort de conduite et l&rsquo;efficience \u00e9nerg\u00e9tique, avec une puissance en kW en courant alternatif parfaitement exploit\u00e9e.<\/p>\n<h3>Quelle est la vitesse maximale de la Smart #3 ?<\/h3>\n<p>La Smart #3 offre d&rsquo;excellentes performances avec une vitesse maximale adapt\u00e9e \u00e0 tous les types de parcours. Son syst\u00e8me d&rsquo;aide au maintien dans la voie renforce la s\u00e9curit\u00e9 \u00e0 toutes les allures.<\/p>\n<h3>Peut-on trouver une Smart #3 d&rsquo;occasion chez BYmyCAR ?<\/h3>\n<p>Bien s\u00fbr ! BYmyCAR propose r\u00e9guli\u00e8rement des Smart #3 d&rsquo;occasion r\u00e9centes et soigneusement s\u00e9lectionn\u00e9es. Nos conseillers vous accompagnent pour trouver le mod\u00e8le qui correspond parfaitement \u00e0 vos attentes.<\/p>\n<h2>Pour en savoir plus<\/h2>\n<h3>Sources :<\/h3>\n<ul>\n<li><a href=\"https:\/\/fr.smart.com\/fr\/models\/hashtag-three\/\" target=\"_blank\" data-mce-href=\"https:\/\/fr.smart.com\/fr\/models\/hashtag-three\/\">smart #3 : le coup\u00e9 \u00e9lectrique a\u00e9rodynamique<\/a><\/li>\n<li><a href=\"https:\/\/ma.smart.com\/modeles\/smart-3\" target=\"_blank\" data-mce-href=\"https:\/\/ma.smart.com\/modeles\/smart-3\">Smart 3 | Design Compact, Options, Prix &#8211; Voiture \u00c9lectrique<\/a><\/li>\n<li><a href=\"https:\/\/smart-kroely.fr\/gammes-smart\/smart-hashtag-3\" target=\"_blank\" data-mce-href=\"https:\/\/smart-kroely.fr\/gammes-smart\/smart-hashtag-3\">D\u00e9couvrez la smart #3<\/a><\/li>\n<li><a href=\"https:\/\/www.frandroid.com\/produits\/voitures\/smart\/1667293-smart-3\" target=\"_blank\" data-mce-href=\"https:\/\/www.frandroid.com\/produits\/voitures\/smart\/1667293-smart-3\">Smart #3<\/a>\ufeff<\/li>\n<\/ul>\n"}}]},"introduction":"<p>Vous recherchez un SUV coup\u00e9 100 % \u00e9lectrique alliant style et performance ? La <a data-mce-href=\"https:\/\/www.bymycar.fr\/v\/smart-#3-occasion\" href=\"https:\/\/www.bymycar.fr\/v\/smart-#3-occasion\">Smart #3<\/a> vous propose une gamme de finitions adapt\u00e9es \u00e0 tous vos besoins. De la version Pro \u00e0 la sportive Brabus, chaque finition combine judicieusement niveau d&rsquo;\u00e9quipement, puissance et autonomie pour r\u00e9pondre \u00e0 vos exigences. Pour faire le bon choix parmi ces <a data-mce-href=\"https:\/\/www.bymycar.fr\/v\/voiture-electrique\" href=\"https:\/\/www.bymycar.fr\/v\/voiture-electrique\">voitures \u00e9lectriques<\/a> de la marque Smart, identifiez d&rsquo;abord votre usage quotidien (urbain ou longues distances) puis arbitrez entre confort, technologies embarqu\u00e9es et performances.<\/p>\n","add-carousel-to-footer":true},"yoast_head":"<!-- This site is optimized with the Yoast SEO Premium plugin v26.4 (Yoast SEO v26.4) - https:\/\/yoast.com\/wordpress\/plugins\/seo\/ -->\n<title>Comment choisir la finition de votre Smart #3 ?<\/title>\n<meta name=\"description\" content=\"D\u00e9couvrez comment choisir la finition id\u00e9ale de votre Smart #3 avec nos conseils BYmyCAR, du style coup\u00e9 aux performances Brabus.\" \/>\n<meta name=\"robots\" content=\"index, follow, max-snippet:-1, max-image-preview:large, max-video-preview:-1\" \/>\n<link rel=\"canonical\" href=\"https:\/\/www.bymycar.fr\/webzine\/comment-choisir-la-finition-de-votre-smart-3\/\" \/>\n<meta property=\"og:locale\" content=\"fr_FR\" \/>\n<meta property=\"og:type\" content=\"article\" \/>\n<meta property=\"og:title\" content=\"Comment choisir la finition de votre Smart #3 ?\" \/>\n<meta property=\"og:description\" content=\"D\u00e9couvrez comment choisir la finition id\u00e9ale de votre Smart #3 avec nos conseils BYmyCAR, du style coup\u00e9 aux performances Brabus.\" \/>\n<meta property=\"og:url\" content=\"https:\/\/www.bymycar.fr\/webzine\/comment-choisir-la-finition-de-votre-smart-3\/\" \/>\n<meta property=\"og:site_name\" content=\"Webzine auto BYmyCAR\" \/>\n<meta property=\"article:published_time\" content=\"2025-12-28T00:00:00+00:00\" \/>\n<meta property=\"article:modified_time\" content=\"2026-01-09T15:18:36+00:00\" \/>\n<meta name=\"author\" content=\"La R\u00e9daction BYmyCAR\" \/>\n<meta name=\"twitter:card\" content=\"summary_large_image\" \/>\n<meta name=\"twitter:label1\" content=\"\u00c9crit par\" \/>\n\t<meta name=\"twitter:data1\" content=\"La R\u00e9daction BYmyCAR\" \/>\n<script type=\"application\/ld+json\" class=\"yoast-schema-graph\">{\"@context\":\"https:\/\/schema.org\",\"@graph\":[{\"@type\":\"Article\",\"@id\":\"https:\/\/www.bymycar.fr\/webzine\/comment-choisir-la-finition-de-votre-smart-3\/#article\",\"isPartOf\":{\"@id\":\"https:\/\/www.bymycar.fr\/webzine\/comment-choisir-la-finition-de-votre-smart-3\/\"},\"author\":{\"name\":\"La R\u00e9daction BYmyCAR\",\"@id\":\"https:\/\/www.bymycar.fr\/webzine\/#\/schema\/person\/8d570fe11eb8929f06c1e6d00f4d9689\"},\"headline\":\"Comment choisir la finition de votre Smart #3 ?\",\"datePublished\":\"2025-12-28T00:00:00+00:00\",\"dateModified\":\"2026-01-09T15:18:36+00:00\",\"mainEntityOfPage\":{\"@id\":\"https:\/\/www.bymycar.fr\/webzine\/comment-choisir-la-finition-de-votre-smart-3\/\"},\"wordCount\":7,\"publisher\":{\"@id\":\"https:\/\/www.bymycar.fr\/webzine\/#organization\"},\"articleSection\":[\"Guide d'achat smart\"],\"inLanguage\":\"fr-FR\"},{\"@type\":\"WebPage\",\"@id\":\"https:\/\/www.bymycar.fr\/webzine\/comment-choisir-la-finition-de-votre-smart-3\/\",\"url\":\"https:\/\/www.bymycar.fr\/webzine\/comment-choisir-la-finition-de-votre-smart-3\/\",\"name\":\"Comment choisir la finition de votre Smart #3 ?\",\"isPartOf\":{\"@id\":\"https:\/\/www.bymycar.fr\/webzine\/#website\"},\"datePublished\":\"2025-12-28T00:00:00+00:00\",\"dateModified\":\"2026-01-09T15:18:36+00:00\",\"description\":\"D\u00e9couvrez comment choisir la finition id\u00e9ale de votre Smart #3 avec nos conseils BYmyCAR, du style coup\u00e9 aux performances Brabus.\",\"breadcrumb\":{\"@id\":\"https:\/\/www.bymycar.fr\/webzine\/comment-choisir-la-finition-de-votre-smart-3\/#breadcrumb\"},\"inLanguage\":\"fr-FR\",\"potentialAction\":[{\"@type\":\"ReadAction\",\"target\":[\"https:\/\/www.bymycar.fr\/webzine\/comment-choisir-la-finition-de-votre-smart-3\/\"]}]},{\"@type\":\"BreadcrumbList\",\"@id\":\"https:\/\/www.bymycar.fr\/webzine\/comment-choisir-la-finition-de-votre-smart-3\/#breadcrumb\",\"itemListElement\":[{\"@type\":\"ListItem\",\"position\":1,\"name\":\"Accueil\",\"item\":\"https:\/\/www.bymycar.fr\/webzine\/\"},{\"@type\":\"ListItem\",\"position\":2,\"name\":\"Comment choisir la finition de votre Smart #3 ?\"}]},{\"@type\":\"WebSite\",\"@id\":\"https:\/\/www.bymycar.fr\/webzine\/#website\",\"url\":\"https:\/\/www.bymycar.fr\/webzine\/\",\"name\":\"Webzine auto BYmyCAR\",\"description\":\"La magazine auto de BYmyCAR\",\"publisher\":{\"@id\":\"https:\/\/www.bymycar.fr\/webzine\/#organization\"},\"potentialAction\":[{\"@type\":\"SearchAction\",\"target\":{\"@type\":\"EntryPoint\",\"urlTemplate\":\"https:\/\/www.bymycar.fr\/webzine\/?s={search_term_string}\"},\"query-input\":{\"@type\":\"PropertyValueSpecification\",\"valueRequired\":true,\"valueName\":\"search_term_string\"}}],\"inLanguage\":\"fr-FR\"},{\"@type\":\"Organization\",\"@id\":\"https:\/\/www.bymycar.fr\/webzine\/#organization\",\"name\":\"BYmyCAR\",\"url\":\"https:\/\/www.bymycar.fr\/webzine\/\",\"logo\":{\"@type\":\"ImageObject\",\"inLanguage\":\"fr-FR\",\"@id\":\"https:\/\/www.bymycar.fr\/webzine\/#\/schema\/logo\/image\/\",\"url\":\"https:\/\/cdn.bymycar.eu\/fr-webzine\/wp-content\/uploads\/medias\/2017\/08\/logo_DEALER_00000406_001.png\",\"contentUrl\":\"https:\/\/cdn.bymycar.eu\/fr-webzine\/wp-content\/uploads\/medias\/2017\/08\/logo_DEALER_00000406_001.png\",\"width\":2132,\"height\":720,\"caption\":\"BYmyCAR\"},\"image\":{\"@id\":\"https:\/\/www.bymycar.fr\/webzine\/#\/schema\/logo\/image\/\"}},{\"@type\":\"Person\",\"@id\":\"https:\/\/www.bymycar.fr\/webzine\/#\/schema\/person\/8d570fe11eb8929f06c1e6d00f4d9689\",\"name\":\"La R\u00e9daction BYmyCAR\",\"image\":{\"@type\":\"ImageObject\",\"inLanguage\":\"fr-FR\",\"@id\":\"https:\/\/www.bymycar.fr\/webzine\/#\/schema\/person\/image\/\",\"url\":\"https:\/\/secure.gravatar.com\/avatar\/1aa6b039d0ce106989923af4e2d0f2a0c82bb070d5e449f1b9adf082a5863900?s=96&d=mm&r=g\",\"contentUrl\":\"https:\/\/secure.gravatar.com\/avatar\/1aa6b039d0ce106989923af4e2d0f2a0c82bb070d5e449f1b9adf082a5863900?s=96&d=mm&r=g\",\"caption\":\"La R\u00e9daction BYmyCAR\"},\"sameAs\":[\"https:\/\/www.bymycar.fr\/\"]}]}<\/script>\n<!-- \/ Yoast SEO Premium plugin. -->","yoast_head_json":{"title":"Comment choisir la finition de votre Smart #3 ?","description":"D\u00e9couvrez comment choisir la finition id\u00e9ale de votre Smart #3 avec nos conseils BYmyCAR, du style coup\u00e9 aux performances Brabus.","robots":{"index":"index","follow":"follow","max-snippet":"max-snippet:-1","max-image-preview":"max-image-preview:large","max-video-preview":"max-video-preview:-1"},"canonical":"https:\/\/www.bymycar.fr\/webzine\/comment-choisir-la-finition-de-votre-smart-3\/","og_locale":"fr_FR","og_type":"article","og_title":"Comment choisir la finition de votre Smart #3 ?","og_description":"D\u00e9couvrez comment choisir la finition id\u00e9ale de votre Smart #3 avec nos conseils BYmyCAR, du style coup\u00e9 aux performances Brabus.","og_url":"https:\/\/www.bymycar.fr\/webzine\/comment-choisir-la-finition-de-votre-smart-3\/","og_site_name":"Webzine auto BYmyCAR","article_published_time":"2025-12-28T00:00:00+00:00","article_modified_time":"2026-01-09T15:18:36+00:00","author":"La R\u00e9daction BYmyCAR","twitter_card":"summary_large_image","twitter_misc":{"\u00c9crit par":"La R\u00e9daction BYmyCAR"},"schema":{"@context":"https:\/\/schema.org","@graph":[{"@type":"Article","@id":"https:\/\/www.bymycar.fr\/webzine\/comment-choisir-la-finition-de-votre-smart-3\/#article","isPartOf":{"@id":"https:\/\/www.bymycar.fr\/webzine\/comment-choisir-la-finition-de-votre-smart-3\/"},"author":{"name":"La R\u00e9daction BYmyCAR","@id":"https:\/\/www.bymycar.fr\/webzine\/#\/schema\/person\/8d570fe11eb8929f06c1e6d00f4d9689"},"headline":"Comment choisir la finition de votre Smart #3 ?","datePublished":"2025-12-28T00:00:00+00:00","dateModified":"2026-01-09T15:18:36+00:00","mainEntityOfPage":{"@id":"https:\/\/www.bymycar.fr\/webzine\/comment-choisir-la-finition-de-votre-smart-3\/"},"wordCount":7,"publisher":{"@id":"https:\/\/www.bymycar.fr\/webzine\/#organization"},"articleSection":["Guide d'achat smart"],"inLanguage":"fr-FR"},{"@type":"WebPage","@id":"https:\/\/www.bymycar.fr\/webzine\/comment-choisir-la-finition-de-votre-smart-3\/","url":"https:\/\/www.bymycar.fr\/webzine\/comment-choisir-la-finition-de-votre-smart-3\/","name":"Comment choisir la finition de votre Smart #3 ?","isPartOf":{"@id":"https:\/\/www.bymycar.fr\/webzine\/#website"},"datePublished":"2025-12-28T00:00:00+00:00","dateModified":"2026-01-09T15:18:36+00:00","description":"D\u00e9couvrez comment choisir la finition id\u00e9ale de votre Smart #3 avec nos conseils BYmyCAR, du style coup\u00e9 aux performances Brabus.","breadcrumb":{"@id":"https:\/\/www.bymycar.fr\/webzine\/comment-choisir-la-finition-de-votre-smart-3\/#breadcrumb"},"inLanguage":"fr-FR","potentialAction":[{"@type":"ReadAction","target":["https:\/\/www.bymycar.fr\/webzine\/comment-choisir-la-finition-de-votre-smart-3\/"]}]},{"@type":"BreadcrumbList","@id":"https:\/\/www.bymycar.fr\/webzine\/comment-choisir-la-finition-de-votre-smart-3\/#breadcrumb","itemListElement":[{"@type":"ListItem","position":1,"name":"Accueil","item":"https:\/\/www.bymycar.fr\/webzine\/"},{"@type":"ListItem","position":2,"name":"Comment choisir la finition de votre Smart #3 ?"}]},{"@type":"WebSite","@id":"https:\/\/www.bymycar.fr\/webzine\/#website","url":"https:\/\/www.bymycar.fr\/webzine\/","name":"Webzine auto BYmyCAR","description":"La magazine auto de BYmyCAR","publisher":{"@id":"https:\/\/www.bymycar.fr\/webzine\/#organization"},"potentialAction":[{"@type":"SearchAction","target":{"@type":"EntryPoint","urlTemplate":"https:\/\/www.bymycar.fr\/webzine\/?s={search_term_string}"},"query-input":{"@type":"PropertyValueSpecification","valueRequired":true,"valueName":"search_term_string"}}],"inLanguage":"fr-FR"},{"@type":"Organization","@id":"https:\/\/www.bymycar.fr\/webzine\/#organization","name":"BYmyCAR","url":"https:\/\/www.bymycar.fr\/webzine\/","logo":{"@type":"ImageObject","inLanguage":"fr-FR","@id":"https:\/\/www.bymycar.fr\/webzine\/#\/schema\/logo\/image\/","url":"https:\/\/cdn.bymycar.eu\/fr-webzine\/wp-content\/uploads\/medias\/2017\/08\/logo_DEALER_00000406_001.png","contentUrl":"https:\/\/cdn.bymycar.eu\/fr-webzine\/wp-content\/uploads\/medias\/2017\/08\/logo_DEALER_00000406_001.png","width":2132,"height":720,"caption":"BYmyCAR"},"image":{"@id":"https:\/\/www.bymycar.fr\/webzine\/#\/schema\/logo\/image\/"}},{"@type":"Person","@id":"https:\/\/www.bymycar.fr\/webzine\/#\/schema\/person\/8d570fe11eb8929f06c1e6d00f4d9689","name":"La R\u00e9daction BYmyCAR","image":{"@type":"ImageObject","inLanguage":"fr-FR","@id":"https:\/\/www.bymycar.fr\/webzine\/#\/schema\/person\/image\/","url":"https:\/\/secure.gravatar.com\/avatar\/1aa6b039d0ce106989923af4e2d0f2a0c82bb070d5e449f1b9adf082a5863900?s=96&d=mm&r=g","contentUrl":"https:\/\/secure.gravatar.com\/avatar\/1aa6b039d0ce106989923af4e2d0f2a0c82bb070d5e449f1b9adf082a5863900?s=96&d=mm&r=g","caption":"La R\u00e9daction BYmyCAR"},"sameAs":["https:\/\/www.bymycar.fr\/"]}]}},"_links":{"self":[{"href":"https:\/\/www.bymycar.fr\/webzine\/wp-json\/wp\/v2\/posts\/63297","targetHints":{"allow":["GET"]}}],"collection":[{"href":"https:\/\/www.bymycar.fr\/webzine\/wp-json\/wp\/v2\/posts"}],"about":[{"href":"https:\/\/www.bymycar.fr\/webzine\/wp-json\/wp\/v2\/types\/post"}],"author":[{"embeddable":true,"href":"https:\/\/www.bymycar.fr\/webzine\/wp-json\/wp\/v2\/users\/88"}],"replies":[{"embeddable":true,"href":"https:\/\/www.bymycar.fr\/webzine\/wp-json\/wp\/v2\/comments?post=63297"}],"version-history":[{"count":1,"href":"https:\/\/www.bymycar.fr\/webzine\/wp-json\/wp\/v2\/posts\/63297\/revisions"}],"predecessor-version":[{"id":63544,"href":"https:\/\/www.bymycar.fr\/webzine\/wp-json\/wp\/v2\/posts\/63297\/revisions\/63544"}],"wp:attachment":[{"href":"https:\/\/www.bymycar.fr\/webzine\/wp-json\/wp\/v2\/media?parent=63297"}],"wp:term":[{"taxonomy":"category","embeddable":true,"href":"https:\/\/www.bymycar.fr\/webzine\/wp-json\/wp\/v2\/categories?post=63297"},{"taxonomy":"post_tag","embeddable":true,"href":"https:\/\/www.bymycar.fr\/webzine\/wp-json\/wp\/v2\/tags?post=63297"}],"curies":[{"name":"wp","href":"https:\/\/api.w.org\/{rel}","templated":true}]}}