{"id":63296,"date":"2025-12-28T00:00:00","date_gmt":"2025-12-28T00:00:00","guid":{"rendered":"https:\/\/www.bymycar.fr\/webzine\/?p=63296"},"modified":"2026-01-09T16:18:35","modified_gmt":"2026-01-09T15:18:35","slug":"smart-3-tout-savoir-sur-ses-dimensions-et-son-confort-interieur","status":"publish","type":"post","link":"https:\/\/www.bymycar.fr\/webzine\/smart-3-tout-savoir-sur-ses-dimensions-et-son-confort-interieur\/","title":{"rendered":"Smart #3 : tout savoir sur ses dimensions et son confort int\u00e9rieur"},"content":{"rendered":"","protected":false},"excerpt":{"rendered":"","protected":false},"author":88,"featured_media":0,"comment_status":"closed","ping_status":"open","sticky":false,"template":"","format":"standard","meta":{"_acf_changed":false,"footnotes":""},"categories":[12926],"tags":[],"class_list":["post-63296","post","type-post","status-publish","format-standard","hentry","category-guide-dachat-smart"],"acf":{"page_content":{"block_content":[{"acf_fc_layout":"text-simple","--nav":{"-withNav":false,"-ancre":""},"--group":{"-text":"<h2>Ce qu&rsquo;il faut retenir<\/h2>\n<ul>\n<li><strong>Dimensions compactes et pratiques<\/strong> : avec 4,40 m de long et un empattement g\u00e9n\u00e9reux de 2,785 m, la Smart #3 combine facilit\u00e9 de circulation urbaine et habitabilit\u00e9 remarquable pour 5 adultes ;<\/li>\n<li><strong>Espace int\u00e9rieur optimis\u00e9<\/strong> : malgr\u00e9 sa silhouette de coup\u00e9, elle offre un espace aux jambes exceptionnel \u00e0 l&rsquo;arri\u00e8re, un toit panoramique qui baigne l&rsquo;habitacle de lumi\u00e8re et un coffre modulable de 370 \u00e0 1 160 litres ;<\/li>\n<li><strong>Confort premium et technologies avanc\u00e9es<\/strong> : si\u00e8ges avec excellent maintien, mat\u00e9riaux de qualit\u00e9, \u00e9cran tactile 12,8 pouces, syst\u00e8me audio Beats (selon finitions) et suite compl\u00e8te d&rsquo;aides \u00e0 la conduite Smart Pilot Assist.<\/li>\n<\/ul>\n<h2>Dimensions ext\u00e9rieures, poids et volume de coffre de la Smart #3<\/h2>\n<table>\n<thead>\n<tr>\n<th>Longueur<\/th>\n<th>Largeur<\/th>\n<th>Hauteur<\/th>\n<th>Empattement<\/th>\n<th>Poids<\/th>\n<th>Volume de coffre<\/th>\n<\/tr>\n<\/thead>\n<tbody>\n<tr>\n<td>4 400 mm<\/td>\n<td>1 844 mm<\/td>\n<td>1 556 mm<\/td>\n<td>2 785 mm<\/td>\n<td>1 780-1 910 kg<\/td>\n<td>370 L (5 places) \/ 1 160 L (banquette rabattue)<\/td>\n<\/tr>\n<\/tbody>\n<\/table>\n<p>La Smart #3 s&rsquo;impose comme un SUV coup\u00e9 compact avec des dimensions parfaitement adapt\u00e9es \u00e0 un usage urbain tout en offrant suffisamment d&rsquo;espace pour les trajets plus longs. Avec sa garde au sol de 16 cm, elle vous permet d&rsquo;aborder sereinement les petits obstacles du quotidien. La batterie de 62 kWh, int\u00e9gr\u00e9e dans le plancher, n&#8217;empi\u00e8te pas sur l&rsquo;habitabilit\u00e9 tout en assurant une excellente autonomie. Cette architecture optimis\u00e9e fait de la Smart 5 places un v\u00e9hicule polyvalent pour tous vos d\u00e9placements.<\/p>\n<p>Le coffre de 370 litres en configuration standard r\u00e9pond aux besoins quotidiens d&rsquo;une famille, tandis que sa modularit\u00e9 vous permet d&rsquo;atteindre 1 160 litres une fois la banquette rabattue. Un atout suppl\u00e9mentaire : le petit compartiment avant (\u00ab frunk \u00bb) de 15 litres, id\u00e9al pour ranger vos c\u00e2bles de recharge ou de petits objets. La praticit\u00e9 est renforc\u00e9e par le plancher de coffre r\u00e9glable et le hayon \u00e9lectrique disponible sur la plupart des finitions. C\u00f4t\u00e9 recharge, la Smart #3 accepte jusqu&rsquo;\u00e0 150 kW en courant continu, vous permettant de r\u00e9cup\u00e9rer rapidement de l&rsquo;autonomie lors de vos longs trajets.<\/p>\n<h2>Espace \u00e0 bord : 5 places g\u00e9n\u00e9reuses dans la Smart #3<\/h2>\n<h3>\u00c0 l&rsquo;avant<\/h3>\n<p>La Smart #3 vous accueille avec une position de conduite parfaitement \u00e9tudi\u00e9e, assez basse pour un SUV, offrant une excellente visibilit\u00e9. Ce mod\u00e8le impressionne par sa grande amplitude de r\u00e9glage des si\u00e8ges et du volant, permettant aux conducteurs de plus d&rsquo;1,80 m de s&rsquo;installer confortablement. Le large toit panoramique, disponible ou de s\u00e9rie selon les finitions, baigne l&rsquo;habitacle de lumi\u00e8re naturelle et renforce consid\u00e9rablement la sensation d&rsquo;espace pour tous les occupants du v\u00e9hicule.<\/p>\n<h3>\u00c0 l&rsquo;arri\u00e8re<\/h3>\n<p>L&#8217;empattement allong\u00e9 de cette Smart #3 se traduit par un espace aux jambes remarquable, m\u00eame derri\u00e8re un conducteur de grande taille. Malgr\u00e9 sa silhouette de coup\u00e9 au toit fuyant, la hauteur sous pavillon reste surprenante et accueillante. Le plancher quasiment plat et la quasi-absence de tunnel central constituent de v\u00e9ritables atouts pour vos passagers, facilitant l&rsquo;installation d&rsquo;un troisi\u00e8me adulte au centre. Les places lat\u00e9rales demeurent toutefois les plus confortables, compl\u00e9tant ainsi un habitacle pens\u00e9 pour cinq occupants dans d&rsquo;excellentes conditions de confort.<\/p>\n<h2>Confort des si\u00e8ges et ambiance Premium \u00e0 bord<\/h2>\n<h3>Si\u00e8ges avant et arri\u00e8re<\/h3>\n<p>Les si\u00e8ges avant de la Smart #3 offrent un excellent maintien lat\u00e9ral et un rembourrage parfaitement adapt\u00e9 tant aux trajets quotidiens qu&rsquo;aux longues distances. Leur position de conduite assez basse pour un SUV et leur grande amplitude de r\u00e9glage vous permettent de trouver facilement votre configuration id\u00e9ale, quelle que soit votre taille. \u00c0 l&rsquo;arri\u00e8re, l&rsquo;assise suffisamment longue soutient efficacement les cuisses de vos passagers, m\u00eame si le plancher l\u00e9g\u00e8rement sur\u00e9lev\u00e9 peut modifier la position des jambes sur les longs parcours.<\/p>\n<h3>Ambiance int\u00e9rieure<\/h3>\n<p>Le tableau de bord reprend la forme en T caract\u00e9ristique de la Smart #1, avec des mat\u00e9riaux de qualit\u00e9 et une finition soign\u00e9e. L&rsquo;\u00e9cran central tactile de 12,8 pouces compatible Apple CarPlay et Android Auto domine l&rsquo;habitacle, compl\u00e9t\u00e9 par un combin\u00e9 d&rsquo;instrumentation num\u00e9rique de 9,2 pouces. Selon les finitions, un affichage t\u00eate haute de 10 pouces vient enrichir votre exp\u00e9rience de conduite. Les versions Premium et Brabus b\u00e9n\u00e9ficient d&rsquo;un syst\u00e8me audio Beats avec 13 haut-parleurs pour une immersion sonore exceptionnelle. L&rsquo;abondance de rangements pratiques (bacs de porte g\u00e9n\u00e9reux, espace sous la console centrale, accoudoir avec rangement) renforce la facilit\u00e9 de vie \u00e0 bord au quotidien.<\/p>\n<h2>Vie \u00e0 bord : rangements, chargeur et aspects pratiques<\/h2>\n<h3>Rangements intelligents<\/h3>\n<p>La Smart #3 excelle par ses solutions de rangement bien pens\u00e9es : banquette rabattable 60\/40, double fond de coffre id\u00e9al pour dissimuler les c\u00e2bles, petit compartiment avant (frunk) de 15 litres, et nombreux espaces de rangement dans l&rsquo;habitacle. La console centrale ventil\u00e9e, l&rsquo;accoudoir avec rangement int\u00e9gr\u00e9 et les bacs de porte g\u00e9n\u00e9reux vous offrent suffisamment d&rsquo;espace pour tous vos effets personnels lors de vos d\u00e9placements quotidiens.<\/p>\n<h3>Praticit\u00e9 quotidienne<\/h3>\n<p>La Smart #3 se distingue par un ensemble de technologies qui facilitent votre quotidien :<\/p>\n<ul>\n<li>Un chargeur de smartphone \u00e0 induction int\u00e9gr\u00e9 \u00e0 la console centrale ;<\/li>\n<li>Des prises USB-C r\u00e9parties \u00e0 l&rsquo;avant et \u00e0 l&rsquo;arri\u00e8re pour tous vos passagers ;<\/li>\n<li>Une compatibilit\u00e9 Android Auto et Apple CarPlay pour une connectivit\u00e9 optimale ;<\/li>\n<li>Une aide au stationnement automatique qui prend la main lors des man\u0153uvres ;<\/li>\n<li>Un syst\u00e8me de r\u00e9cup\u00e9ration d&rsquo;\u00e9nergie au freinage qui optimise l&rsquo;autonomie.<\/li>\n<\/ul>\n<p>Ces \u00e9quipements, associ\u00e9s aux larges ouvertures de portes et aux points Isofix facilement accessibles, font de la Smart #3 un v\u00e9hicule particuli\u00e8rement adapt\u00e9 \u00e0 un usage familial, aussi bien en milieu urbain que lors de vos escapades occasionnelles.<\/p>\n<h2>Versions et performances : Smart #3 \u00e9lectrique, Pro et Brabus<\/h2>\n<h3>Motorisations et autonomie<\/h3>\n<p>La Smart #3 se d\u00e9cline en plusieurs versions, toutes 100 % \u00e9lectriques, offrant diff\u00e9rents niveaux de puissance et d&rsquo;autonomie. La version Pro d&rsquo;entr\u00e9e de gamme est \u00e9quip\u00e9e d&rsquo;un moteur de 272 ch aliment\u00e9 par une batterie LFP de 49 kWh (47 kWh nets), permettant une autonomie de 325 km. La version Pro+ conserve la m\u00eame puissance mais adopte une batterie NMC plus performante de 66 kWh (62 kWh nets), portant l&rsquo;autonomie \u00e0 435 km.<\/p>\n<p>Pour une exp\u00e9rience encore plus raffin\u00e9e, la version Premium atteint 455 km d&rsquo;autonomie gr\u00e2ce \u00e0 l&rsquo;ajout d&rsquo;une pompe \u00e0 chaleur qui optimise la consommation d&rsquo;\u00e9nergie. Toutes les versions \u00e9quip\u00e9es de la batterie 66 kWh b\u00e9n\u00e9ficient d&rsquo;une recharge rapide jusqu&rsquo;\u00e0 150 kW DC et d&rsquo;un chargeur embarqu\u00e9 22 kW AC, vous permettant de r\u00e9cup\u00e9rer 70 % de batterie en seulement 30 minutes.<\/p>\n<h3>Version Brabus : sportivit\u00e9 assum\u00e9e<\/h3>\n<table>\n<thead>\n<tr>\n<th>Version<\/th>\n<th>Puissance<\/th>\n<th>0-100 km\/h<\/th>\n<th>Transmission<\/th>\n<\/tr>\n<\/thead>\n<tbody>\n<tr>\n<td>Pro\/Pro+<\/td>\n<td>272 ch<\/td>\n<td>5,8 s<\/td>\n<td>Propulsion<\/td>\n<\/tr>\n<tr>\n<td>Premium<\/td>\n<td>272 ch<\/td>\n<td>5,8 s<\/td>\n<td>Propulsion<\/td>\n<\/tr>\n<tr>\n<td>Brabus<\/td>\n<td>428 ch<\/td>\n<td>3,7 s<\/td>\n<td>Int\u00e9grale<\/td>\n<\/tr>\n<\/tbody>\n<\/table>\n<p>La version Brabus repr\u00e9sente le sommet de la gamme avec ses 428 ch et son couple impressionnant de 543 Nm. Dot\u00e9e d&rsquo;une transmission int\u00e9grale gr\u00e2ce \u00e0 un second moteur \u00e9lectrique, elle catapulte le SUV coup\u00e9 de 0 \u00e0 100 km\/h en seulement 3,7 secondes. Son design est \u00e9galement plus sportif, avec des jantes sp\u00e9cifiques de 20 pouces et des \u00e9l\u00e9ments esth\u00e9tiques distinctifs.<\/p>\n<p>Pour conna\u00eetre le prix de la <a href=\"https:\/\/www.bymycar.fr\/v\/smart-coupe-occasion\" data-mce-href=\"https:\/\/www.bymycar.fr\/v\/smart-coupe-occasion\">Smart coup\u00e9<\/a> qui correspond \u00e0 vos besoins, nous vous invitons \u00e0 contacter nos conseillers BYmyCAR qui sauront vous orienter vers la version la plus adapt\u00e9e \u00e0 votre utilisation.<\/p>\n<h2>Technologies d&rsquo;assistance : s\u00e9curit\u00e9 et conduite automatique<\/h2>\n<h3>Aides \u00e0 la conduite cl\u00e9s<\/h3>\n<p>La Smart #3 b\u00e9n\u00e9ficie d&rsquo;une suite compl\u00e8te de technologies d&rsquo;assistance baptis\u00e9e Smart Pilot Assist. Ce syst\u00e8me comprend la d\u00e9tection des angles morts, l&rsquo;aide au maintien dans la voie et la reconnaissance des panneaux de signalisation. Ces dispositifs fonctionnent de mani\u00e8re harmonieuse pour renforcer votre s\u00e9curit\u00e9 au quotidien. L&rsquo;ensemble de ces technologies a permis \u00e0 la Smart #3 d&rsquo;obtenir d&rsquo;excellents r\u00e9sultats aux tests Euro NCAP, confirmant son haut niveau de protection pour tous les occupants.<\/p>\n<h3>Conduite d\u00e9tendue gr\u00e2ce au r\u00e9gulateur adaptatif<\/h3>\n<p>Le r\u00e9gulateur de vitesse adaptatif avec fonction Stop &amp; Go transforme vos trajets en une exp\u00e9rience plus sereine. Ce syst\u00e8me intelligent maintient automatiquement la distance de s\u00e9curit\u00e9 avec le v\u00e9hicule qui vous pr\u00e9c\u00e8de, s&rsquo;adaptant aux variations de circulation. Coupl\u00e9 \u00e0 l&rsquo;assistance routi\u00e8re et \u00e0 l&rsquo;aide aux embouteillages, il vous permet de profiter pleinement de vos d\u00e9placements tout en r\u00e9duisant la fatigue sur les longs parcours. Vous b\u00e9n\u00e9ficiez ainsi d&rsquo;une conduite plus d\u00e9tendue sans jamais compromettre votre vigilance.<\/p>\n<h2>FAQ<\/h2>\n<h3>Quelles sont les dimensions exactes de la Smart #3 ?<\/h3>\n<p>La Smart #3 mesure 4 400 mm de long, 1 844 mm de large et 1 556 mm de haut, avec un empattement g\u00e9n\u00e9reux de 2 785 mm. Ces dimensions compactes la rendent parfaitement adapt\u00e9e \u00e0 la circulation urbaine tout en offrant un espace int\u00e9rieur remarquable. Sa garde au sol de 16 cm vous permet d&rsquo;aborder sereinement les petits obstacles du quotidien, faisant de ce SUV coup\u00e9 un v\u00e9hicule polyvalent pour tous vos d\u00e9placements.<\/p>\n<h3>La Smart #3 offre-t-elle suffisamment d&rsquo;espace pour 5 adultes ?<\/h3>\n<p>Absolument ! Malgr\u00e9 sa silhouette de coup\u00e9, la Smart #3 surprend par son habitabilit\u00e9 g\u00e9n\u00e9reuse. L&#8217;empattement de 2 785 mm garantit un espace aux jambes remarquable, m\u00eame \u00e0 l&rsquo;arri\u00e8re, tandis que le plancher quasiment plat facilite l&rsquo;installation d&rsquo;un troisi\u00e8me passager au centre. Le large toit panoramique renforce la sensation d&rsquo;espace et baigne l&rsquo;habitacle de lumi\u00e8re naturelle pour le confort de tous les occupants.<\/p>\n<h3>Quel est le volume de coffre de la Smart #3 ?<\/h3>\n<p>La Smart #3 vous offre un coffre de 370 litres en configuration 5 places, extensible jusqu&rsquo;\u00e0 1 160 litres une fois la banquette rabattue 60\/40. Un atout suppl\u00e9mentaire : le compartiment avant (\u00ab frunk \u00bb) de 15 litres, id\u00e9al pour vos c\u00e2bles de recharge. Le plancher de coffre r\u00e9glable et le hayon \u00e9lectrique disponible sur la plupart des finitions renforcent la praticit\u00e9 au quotidien.<\/p>\n<h3>Les si\u00e8ges de la Smart #3 sont-ils confortables sur de longs trajets ?<\/h3>\n<p>Les si\u00e8ges de la Smart #3 excellent par leur confort et leur maintien, aussi bien pour les trajets quotidiens que les longues distances. Ils offrent une grande amplitude de r\u00e9glage permettant aux conducteurs de plus d&rsquo;1,80 m de s&rsquo;installer parfaitement. L&rsquo;assise arri\u00e8re suffisamment longue soutient efficacement les cuisses de vos passagers, garantissant un confort optimal pour tous les occupants du v\u00e9hicule.<\/p>\n<h3>Combien existe-t-il de versions de la Smart #3 ?<\/h3>\n<p>La Smart #3 se d\u00e9cline en plusieurs versions 100 % \u00e9lectriques : Pro (272 ch, batterie 49 kWh), Pro+ et Premium (272 ch, batterie 66 kWh), ainsi que la sportive Brabus (428 ch, transmission int\u00e9grale). Chaque version offre des \u00e9quipements et une autonomie adapt\u00e9s \u00e0 diff\u00e9rents usages. Pour conna\u00eetre la version qui correspond le mieux \u00e0 vos besoins, nous vous invitons \u00e0 contacter nos conseillers BYmyCAR qui sauront vous orienter dans votre choix.<\/p>\n<h2>Pour en savoir plus<\/h2>\n<h3>Sources :<\/h3>\n<ul>\n<li><a href=\"https:\/\/www.automobiledimension.com\/model\/smart\/hashtag3\" target=\"_blank\" data-mce-href=\"https:\/\/www.automobiledimension.com\/model\/smart\/hashtag3\">Smart #3 dimensions, boot space, weight and similars<\/a>\u200b<\/li>\n<li><a href=\"https:\/\/nz.smart.com\/app\/uploads\/2025\/02\/smart-3-spec-sheet.pdf\" target=\"_blank\" data-mce-href=\"https:\/\/nz.smart.com\/app\/uploads\/2025\/02\/smart-3-spec-sheet.pdf\">smart-3-spec-sheet.pdf<\/a>\u200b<\/li>\n<li><a href=\"https:\/\/www.evspecs.org\/tech-specs\/smart\/smart3\/3\" target=\"_blank\" data-mce-href=\"https:\/\/www.evspecs.org\/tech-specs\/smart\/smart3\/3\">Smart #3 &#8211; tech specs and prices &#8211; EVspecs<\/a>\u200b<\/li>\n<li><a href=\"https:\/\/www.carwow.co.uk\/smart\/3\/specifications\" target=\"_blank\" data-mce-href=\"https:\/\/www.carwow.co.uk\/smart\/3\/specifications\">Smart #3 Specs &amp; Dimensions<\/a>\u200b<\/li>\n<li><a href=\"https:\/\/www.carsguide.com.au\/smart\/3\/boot-space\" target=\"_blank\" data-mce-href=\"https:\/\/www.carsguide.com.au\/smart\/3\/boot-space\">Smart 3 Boot Space, Size, Luggage Capacity &amp; &#8230;<\/a>\u200b<\/li>\n<li><a href=\"https:\/\/www.electrifying.com\/reviews\/smart-reviews\/3\/review\" target=\"_blank\" data-mce-href=\"https:\/\/www.electrifying.com\/reviews\/smart-reviews\/3\/review\">Smart #3 Review &amp; Buying Guide 2025 | Electrifying<\/a>\u200b<\/li>\n<li><a href=\"https:\/\/www.carexpert.com.au\/car-reviews\/2025-smart-3-review\" target=\"_blank\" data-mce-href=\"https:\/\/www.carexpert.com.au\/car-reviews\/2025-smart-3-review\">2025 Smart #3 review<\/a>\u200b<\/li>\n<li><a href=\"https:\/\/www.carwow.co.uk\/smart\/3\" target=\"_blank\" data-mce-href=\"https:\/\/www.carwow.co.uk\/smart\/3\">Smart #3 Review 2026 | Performance &amp; Pricing &#8211; Carwow<\/a>\u200b<\/li>\n<li><a href=\"https:\/\/www.topgear.com\/car-reviews\/smart\/3\/interior\" target=\"_blank\" data-mce-href=\"https:\/\/www.topgear.com\/car-reviews\/smart\/3\/interior\">Smart #3 Interior Layout &amp; Technology &#8211; Top Gear<\/a>\u200b<\/li>\n<li><a href=\"https:\/\/www.pcauto.com\/my\/cars\/smart\/3\" target=\"_blank\" data-mce-href=\"https:\/\/www.pcauto.com\/my\/cars\/smart\/3\">Smart #3 Price 2025 in Malaysia, Latest Variants Specs&amp;Images<\/a>\u200b<\/li>\n<li><a href=\"https:\/\/thedriven.io\/2025\/10\/02\/smart-3-premium-review-merc-comfort-styling-and-great-charging-tech\/\" target=\"_blank\" data-mce-href=\"https:\/\/thedriven.io\/2025\/10\/02\/smart-3-premium-review-merc-comfort-styling-and-great-charging-tech\/\">Smart #3 Premium review: Merc comfort, styling and great charging &#8230;<\/a>\u200b<\/li>\n<li><a href=\"https:\/\/uk.smart.com\/en\/models\/hashtag-three\/\" target=\"_blank\" data-mce-href=\"https:\/\/uk.smart.com\/en\/models\/hashtag-three\/\">smart #3 &#8211; Discover the aerodynamic electric coupe<\/a><\/li>\n<\/ul>\n"}}]},"introduction":"<p>La <a data-mce-href=\"https:\/\/www.bymycar.fr\/v\/smart-#3-occasion\" href=\"https:\/\/www.bymycar.fr\/v\/smart-#3-occasion\">Smart #3<\/a> est un <a data-mce-href=\"https:\/\/www.bymycar.fr\/v\/suv-occasion\" href=\"https:\/\/www.bymycar.fr\/v\/suv-occasion\">SUV<\/a> coup\u00e9 \u00e9lectrique au design a\u00e9rodynamique distinctif, qui s\u00e9duit par sa silhouette \u00e9lanc\u00e9e et son toit en arc de cercle. Ce v\u00e9hicule de 4,40 m de long offre un espace int\u00e9rieur g\u00e9n\u00e9reux, sup\u00e9rieur \u00e0 celui de la Smart #1, tout en conservant des dimensions adapt\u00e9es \u00e0 la circulation urbaine. Son am\u00e9nagement privil\u00e9gie le confort pour quatre adultes, avec une pr\u00e9sentation moderne, lumineuse et bien \u00e9quip\u00e9e.<\/p>\n","add-carousel-to-footer":true},"yoast_head":"<!-- This site is optimized with the Yoast SEO Premium plugin v26.4 (Yoast SEO v26.4) - https:\/\/yoast.com\/wordpress\/plugins\/seo\/ -->\n<title>Smart #3 : tout savoir sur ses dimensions et son confort int\u00e9rieur<\/title>\n<meta name=\"description\" content=\"D\u00e9couvrez les dimensions, le confort int\u00e9rieur et les technologies du SUV coup\u00e9 Smart #3 : notre guide complet pour tout savoir sur ce mod\u00e8le.\" \/>\n<meta name=\"robots\" content=\"index, follow, max-snippet:-1, max-image-preview:large, max-video-preview:-1\" \/>\n<link rel=\"canonical\" href=\"https:\/\/www.bymycar.fr\/webzine\/smart-3-tout-savoir-sur-ses-dimensions-et-son-confort-interieur\/\" \/>\n<meta property=\"og:locale\" content=\"fr_FR\" \/>\n<meta property=\"og:type\" content=\"article\" \/>\n<meta property=\"og:title\" content=\"Smart #3 : tout savoir sur ses dimensions et son confort int\u00e9rieur\" \/>\n<meta property=\"og:description\" content=\"D\u00e9couvrez les dimensions, le confort int\u00e9rieur et les technologies du SUV coup\u00e9 Smart #3 : notre guide complet pour tout savoir sur ce mod\u00e8le.\" \/>\n<meta property=\"og:url\" content=\"https:\/\/www.bymycar.fr\/webzine\/smart-3-tout-savoir-sur-ses-dimensions-et-son-confort-interieur\/\" \/>\n<meta property=\"og:site_name\" content=\"Webzine auto BYmyCAR\" \/>\n<meta property=\"article:published_time\" content=\"2025-12-28T00:00:00+00:00\" \/>\n<meta property=\"article:modified_time\" content=\"2026-01-09T15:18:35+00:00\" \/>\n<meta name=\"author\" content=\"La R\u00e9daction BYmyCAR\" \/>\n<meta name=\"twitter:card\" content=\"summary_large_image\" \/>\n<meta name=\"twitter:label1\" content=\"\u00c9crit par\" \/>\n\t<meta name=\"twitter:data1\" content=\"La R\u00e9daction BYmyCAR\" \/>\n<script type=\"application\/ld+json\" class=\"yoast-schema-graph\">{\"@context\":\"https:\/\/schema.org\",\"@graph\":[{\"@type\":\"Article\",\"@id\":\"https:\/\/www.bymycar.fr\/webzine\/smart-3-tout-savoir-sur-ses-dimensions-et-son-confort-interieur\/#article\",\"isPartOf\":{\"@id\":\"https:\/\/www.bymycar.fr\/webzine\/smart-3-tout-savoir-sur-ses-dimensions-et-son-confort-interieur\/\"},\"author\":{\"name\":\"La R\u00e9daction BYmyCAR\",\"@id\":\"https:\/\/www.bymycar.fr\/webzine\/#\/schema\/person\/8d570fe11eb8929f06c1e6d00f4d9689\"},\"headline\":\"Smart #3 : tout savoir sur ses dimensions et son confort int\u00e9rieur\",\"datePublished\":\"2025-12-28T00:00:00+00:00\",\"dateModified\":\"2026-01-09T15:18:35+00:00\",\"mainEntityOfPage\":{\"@id\":\"https:\/\/www.bymycar.fr\/webzine\/smart-3-tout-savoir-sur-ses-dimensions-et-son-confort-interieur\/\"},\"wordCount\":11,\"publisher\":{\"@id\":\"https:\/\/www.bymycar.fr\/webzine\/#organization\"},\"articleSection\":[\"Guide d'achat smart\"],\"inLanguage\":\"fr-FR\"},{\"@type\":\"WebPage\",\"@id\":\"https:\/\/www.bymycar.fr\/webzine\/smart-3-tout-savoir-sur-ses-dimensions-et-son-confort-interieur\/\",\"url\":\"https:\/\/www.bymycar.fr\/webzine\/smart-3-tout-savoir-sur-ses-dimensions-et-son-confort-interieur\/\",\"name\":\"Smart #3 : tout savoir sur ses dimensions et son confort int\u00e9rieur\",\"isPartOf\":{\"@id\":\"https:\/\/www.bymycar.fr\/webzine\/#website\"},\"datePublished\":\"2025-12-28T00:00:00+00:00\",\"dateModified\":\"2026-01-09T15:18:35+00:00\",\"description\":\"D\u00e9couvrez les dimensions, le confort int\u00e9rieur et les technologies du SUV coup\u00e9 Smart #3 : notre guide complet pour tout savoir sur ce mod\u00e8le.\",\"breadcrumb\":{\"@id\":\"https:\/\/www.bymycar.fr\/webzine\/smart-3-tout-savoir-sur-ses-dimensions-et-son-confort-interieur\/#breadcrumb\"},\"inLanguage\":\"fr-FR\",\"potentialAction\":[{\"@type\":\"ReadAction\",\"target\":[\"https:\/\/www.bymycar.fr\/webzine\/smart-3-tout-savoir-sur-ses-dimensions-et-son-confort-interieur\/\"]}]},{\"@type\":\"BreadcrumbList\",\"@id\":\"https:\/\/www.bymycar.fr\/webzine\/smart-3-tout-savoir-sur-ses-dimensions-et-son-confort-interieur\/#breadcrumb\",\"itemListElement\":[{\"@type\":\"ListItem\",\"position\":1,\"name\":\"Accueil\",\"item\":\"https:\/\/www.bymycar.fr\/webzine\/\"},{\"@type\":\"ListItem\",\"position\":2,\"name\":\"Smart #3 : tout savoir sur ses dimensions et son confort int\u00e9rieur\"}]},{\"@type\":\"WebSite\",\"@id\":\"https:\/\/www.bymycar.fr\/webzine\/#website\",\"url\":\"https:\/\/www.bymycar.fr\/webzine\/\",\"name\":\"Webzine auto BYmyCAR\",\"description\":\"La magazine auto de BYmyCAR\",\"publisher\":{\"@id\":\"https:\/\/www.bymycar.fr\/webzine\/#organization\"},\"potentialAction\":[{\"@type\":\"SearchAction\",\"target\":{\"@type\":\"EntryPoint\",\"urlTemplate\":\"https:\/\/www.bymycar.fr\/webzine\/?s={search_term_string}\"},\"query-input\":{\"@type\":\"PropertyValueSpecification\",\"valueRequired\":true,\"valueName\":\"search_term_string\"}}],\"inLanguage\":\"fr-FR\"},{\"@type\":\"Organization\",\"@id\":\"https:\/\/www.bymycar.fr\/webzine\/#organization\",\"name\":\"BYmyCAR\",\"url\":\"https:\/\/www.bymycar.fr\/webzine\/\",\"logo\":{\"@type\":\"ImageObject\",\"inLanguage\":\"fr-FR\",\"@id\":\"https:\/\/www.bymycar.fr\/webzine\/#\/schema\/logo\/image\/\",\"url\":\"https:\/\/cdn.bymycar.eu\/fr-webzine\/wp-content\/uploads\/medias\/2017\/08\/logo_DEALER_00000406_001.png\",\"contentUrl\":\"https:\/\/cdn.bymycar.eu\/fr-webzine\/wp-content\/uploads\/medias\/2017\/08\/logo_DEALER_00000406_001.png\",\"width\":2132,\"height\":720,\"caption\":\"BYmyCAR\"},\"image\":{\"@id\":\"https:\/\/www.bymycar.fr\/webzine\/#\/schema\/logo\/image\/\"}},{\"@type\":\"Person\",\"@id\":\"https:\/\/www.bymycar.fr\/webzine\/#\/schema\/person\/8d570fe11eb8929f06c1e6d00f4d9689\",\"name\":\"La R\u00e9daction BYmyCAR\",\"image\":{\"@type\":\"ImageObject\",\"inLanguage\":\"fr-FR\",\"@id\":\"https:\/\/www.bymycar.fr\/webzine\/#\/schema\/person\/image\/\",\"url\":\"https:\/\/secure.gravatar.com\/avatar\/1aa6b039d0ce106989923af4e2d0f2a0c82bb070d5e449f1b9adf082a5863900?s=96&d=mm&r=g\",\"contentUrl\":\"https:\/\/secure.gravatar.com\/avatar\/1aa6b039d0ce106989923af4e2d0f2a0c82bb070d5e449f1b9adf082a5863900?s=96&d=mm&r=g\",\"caption\":\"La R\u00e9daction BYmyCAR\"},\"sameAs\":[\"https:\/\/www.bymycar.fr\/\"]}]}<\/script>\n<!-- \/ Yoast SEO Premium plugin. -->","yoast_head_json":{"title":"Smart #3 : tout savoir sur ses dimensions et son confort int\u00e9rieur","description":"D\u00e9couvrez les dimensions, le confort int\u00e9rieur et les technologies du SUV coup\u00e9 Smart #3 : notre guide complet pour tout savoir sur ce mod\u00e8le.","robots":{"index":"index","follow":"follow","max-snippet":"max-snippet:-1","max-image-preview":"max-image-preview:large","max-video-preview":"max-video-preview:-1"},"canonical":"https:\/\/www.bymycar.fr\/webzine\/smart-3-tout-savoir-sur-ses-dimensions-et-son-confort-interieur\/","og_locale":"fr_FR","og_type":"article","og_title":"Smart #3 : tout savoir sur ses dimensions et son confort int\u00e9rieur","og_description":"D\u00e9couvrez les dimensions, le confort int\u00e9rieur et les technologies du SUV coup\u00e9 Smart #3 : notre guide complet pour tout savoir sur ce mod\u00e8le.","og_url":"https:\/\/www.bymycar.fr\/webzine\/smart-3-tout-savoir-sur-ses-dimensions-et-son-confort-interieur\/","og_site_name":"Webzine auto BYmyCAR","article_published_time":"2025-12-28T00:00:00+00:00","article_modified_time":"2026-01-09T15:18:35+00:00","author":"La R\u00e9daction BYmyCAR","twitter_card":"summary_large_image","twitter_misc":{"\u00c9crit par":"La R\u00e9daction BYmyCAR"},"schema":{"@context":"https:\/\/schema.org","@graph":[{"@type":"Article","@id":"https:\/\/www.bymycar.fr\/webzine\/smart-3-tout-savoir-sur-ses-dimensions-et-son-confort-interieur\/#article","isPartOf":{"@id":"https:\/\/www.bymycar.fr\/webzine\/smart-3-tout-savoir-sur-ses-dimensions-et-son-confort-interieur\/"},"author":{"name":"La R\u00e9daction BYmyCAR","@id":"https:\/\/www.bymycar.fr\/webzine\/#\/schema\/person\/8d570fe11eb8929f06c1e6d00f4d9689"},"headline":"Smart #3 : tout savoir sur ses dimensions et son confort int\u00e9rieur","datePublished":"2025-12-28T00:00:00+00:00","dateModified":"2026-01-09T15:18:35+00:00","mainEntityOfPage":{"@id":"https:\/\/www.bymycar.fr\/webzine\/smart-3-tout-savoir-sur-ses-dimensions-et-son-confort-interieur\/"},"wordCount":11,"publisher":{"@id":"https:\/\/www.bymycar.fr\/webzine\/#organization"},"articleSection":["Guide d'achat smart"],"inLanguage":"fr-FR"},{"@type":"WebPage","@id":"https:\/\/www.bymycar.fr\/webzine\/smart-3-tout-savoir-sur-ses-dimensions-et-son-confort-interieur\/","url":"https:\/\/www.bymycar.fr\/webzine\/smart-3-tout-savoir-sur-ses-dimensions-et-son-confort-interieur\/","name":"Smart #3 : tout savoir sur ses dimensions et son confort int\u00e9rieur","isPartOf":{"@id":"https:\/\/www.bymycar.fr\/webzine\/#website"},"datePublished":"2025-12-28T00:00:00+00:00","dateModified":"2026-01-09T15:18:35+00:00","description":"D\u00e9couvrez les dimensions, le confort int\u00e9rieur et les technologies du SUV coup\u00e9 Smart #3 : notre guide complet pour tout savoir sur ce mod\u00e8le.","breadcrumb":{"@id":"https:\/\/www.bymycar.fr\/webzine\/smart-3-tout-savoir-sur-ses-dimensions-et-son-confort-interieur\/#breadcrumb"},"inLanguage":"fr-FR","potentialAction":[{"@type":"ReadAction","target":["https:\/\/www.bymycar.fr\/webzine\/smart-3-tout-savoir-sur-ses-dimensions-et-son-confort-interieur\/"]}]},{"@type":"BreadcrumbList","@id":"https:\/\/www.bymycar.fr\/webzine\/smart-3-tout-savoir-sur-ses-dimensions-et-son-confort-interieur\/#breadcrumb","itemListElement":[{"@type":"ListItem","position":1,"name":"Accueil","item":"https:\/\/www.bymycar.fr\/webzine\/"},{"@type":"ListItem","position":2,"name":"Smart #3 : tout savoir sur ses dimensions et son confort int\u00e9rieur"}]},{"@type":"WebSite","@id":"https:\/\/www.bymycar.fr\/webzine\/#website","url":"https:\/\/www.bymycar.fr\/webzine\/","name":"Webzine auto BYmyCAR","description":"La magazine auto de BYmyCAR","publisher":{"@id":"https:\/\/www.bymycar.fr\/webzine\/#organization"},"potentialAction":[{"@type":"SearchAction","target":{"@type":"EntryPoint","urlTemplate":"https:\/\/www.bymycar.fr\/webzine\/?s={search_term_string}"},"query-input":{"@type":"PropertyValueSpecification","valueRequired":true,"valueName":"search_term_string"}}],"inLanguage":"fr-FR"},{"@type":"Organization","@id":"https:\/\/www.bymycar.fr\/webzine\/#organization","name":"BYmyCAR","url":"https:\/\/www.bymycar.fr\/webzine\/","logo":{"@type":"ImageObject","inLanguage":"fr-FR","@id":"https:\/\/www.bymycar.fr\/webzine\/#\/schema\/logo\/image\/","url":"https:\/\/cdn.bymycar.eu\/fr-webzine\/wp-content\/uploads\/medias\/2017\/08\/logo_DEALER_00000406_001.png","contentUrl":"https:\/\/cdn.bymycar.eu\/fr-webzine\/wp-content\/uploads\/medias\/2017\/08\/logo_DEALER_00000406_001.png","width":2132,"height":720,"caption":"BYmyCAR"},"image":{"@id":"https:\/\/www.bymycar.fr\/webzine\/#\/schema\/logo\/image\/"}},{"@type":"Person","@id":"https:\/\/www.bymycar.fr\/webzine\/#\/schema\/person\/8d570fe11eb8929f06c1e6d00f4d9689","name":"La R\u00e9daction BYmyCAR","image":{"@type":"ImageObject","inLanguage":"fr-FR","@id":"https:\/\/www.bymycar.fr\/webzine\/#\/schema\/person\/image\/","url":"https:\/\/secure.gravatar.com\/avatar\/1aa6b039d0ce106989923af4e2d0f2a0c82bb070d5e449f1b9adf082a5863900?s=96&d=mm&r=g","contentUrl":"https:\/\/secure.gravatar.com\/avatar\/1aa6b039d0ce106989923af4e2d0f2a0c82bb070d5e449f1b9adf082a5863900?s=96&d=mm&r=g","caption":"La R\u00e9daction BYmyCAR"},"sameAs":["https:\/\/www.bymycar.fr\/"]}]}},"_links":{"self":[{"href":"https:\/\/www.bymycar.fr\/webzine\/wp-json\/wp\/v2\/posts\/63296","targetHints":{"allow":["GET"]}}],"collection":[{"href":"https:\/\/www.bymycar.fr\/webzine\/wp-json\/wp\/v2\/posts"}],"about":[{"href":"https:\/\/www.bymycar.fr\/webzine\/wp-json\/wp\/v2\/types\/post"}],"author":[{"embeddable":true,"href":"https:\/\/www.bymycar.fr\/webzine\/wp-json\/wp\/v2\/users\/88"}],"replies":[{"embeddable":true,"href":"https:\/\/www.bymycar.fr\/webzine\/wp-json\/wp\/v2\/comments?post=63296"}],"version-history":[{"count":1,"href":"https:\/\/www.bymycar.fr\/webzine\/wp-json\/wp\/v2\/posts\/63296\/revisions"}],"predecessor-version":[{"id":63543,"href":"https:\/\/www.bymycar.fr\/webzine\/wp-json\/wp\/v2\/posts\/63296\/revisions\/63543"}],"wp:attachment":[{"href":"https:\/\/www.bymycar.fr\/webzine\/wp-json\/wp\/v2\/media?parent=63296"}],"wp:term":[{"taxonomy":"category","embeddable":true,"href":"https:\/\/www.bymycar.fr\/webzine\/wp-json\/wp\/v2\/categories?post=63296"},{"taxonomy":"post_tag","embeddable":true,"href":"https:\/\/www.bymycar.fr\/webzine\/wp-json\/wp\/v2\/tags?post=63296"}],"curies":[{"name":"wp","href":"https:\/\/api.w.org\/{rel}","templated":true}]}}