{"id":63294,"date":"2025-12-28T00:00:00","date_gmt":"2025-12-28T00:00:00","guid":{"rendered":"https:\/\/www.bymycar.fr\/webzine\/?p=63294"},"modified":"2026-01-09T16:17:41","modified_gmt":"2026-01-09T15:17:41","slug":"dimension-et-confort-interieur-de-la-smart-1-que-savoir","status":"publish","type":"post","link":"https:\/\/www.bymycar.fr\/webzine\/dimension-et-confort-interieur-de-la-smart-1-que-savoir\/","title":{"rendered":"Dimension et confort int\u00e9rieur de la Smart #1 : que savoir ?"},"content":{"rendered":"","protected":false},"excerpt":{"rendered":"","protected":false},"author":88,"featured_media":0,"comment_status":"closed","ping_status":"open","sticky":false,"template":"","format":"standard","meta":{"_acf_changed":false,"footnotes":""},"categories":[12926],"tags":[],"class_list":["post-63294","post","type-post","status-publish","format-standard","hentry","category-guide-dachat-smart"],"acf":{"page_content":{"block_content":[{"acf_fc_layout":"text-simple","--nav":{"-withNav":false,"-ancre":""},"--group":{"-text":"<h2>Ce qu&rsquo;il faut retenir<\/h2>\n<p>Voici les points essentiels sur les dimensions et le confort int\u00e9rieur de la Smart #1 :<\/p>\n<ul>\n<li><strong>Dimensions optimis\u00e9es<\/strong> : avec 4,27 m de long et un empattement de 2,75 m, la Smart #1 offre un espace int\u00e9rieur g\u00e9n\u00e9reux dans un gabarit compact parfaitement adapt\u00e9 \u00e0 la ville ;<\/li>\n<li><strong>Modularit\u00e9 exceptionnelle<\/strong> : la banquette coulissante sur 13 cm et le volume de coffre modulable de 288 \u00e0 426 litres vous permettent d&rsquo;adapter l&rsquo;espace selon vos besoins quotidiens ;<\/li>\n<li><strong>Confort premium<\/strong> : plancher plat, garde au toit g\u00e9n\u00e9reuse et si\u00e8ges r\u00e9glables \u00e9lectriquement garantissent un excellent confort pour tous les passagers, m\u00eame de grande taille.<\/li>\n<\/ul>\n<p>Ce mod\u00e8le de <a data-mce-href=\"https:\/\/www.bymycar.fr\/v\/smart-occasion\" href=\"https:\/\/www.bymycar.fr\/v\/smart-occasion\">la gamme Smart<\/a> conjugue parfaitement habitabilit\u00e9 et praticit\u00e9 pour vous offrir une exp\u00e9rience de conduite \u00e9lectrique des plus agr\u00e9ables.<\/p>\n<h2>Gabarit et poids : un SUV compact et habitable<\/h2>\n<p>La Smart #1 affiche des dimensions de 4 270 mm de long, 1 822 mm de large et 1 636 mm de haut, pour un poids variant de 1 780 \u00e0 1 900 kg selon les versions. Son empattement long de 2 750 mm maximise l&rsquo;espace int\u00e9rieur tout en pr\u00e9servant un gabarit urbain pratique.<\/p>\n<p>La batterie int\u00e9gr\u00e9e dans la plateforme \u00e9lectrique cr\u00e9e un plancher relativement plat, offrant une assise sur\u00e9lev\u00e9e qui garantit une excellente visibilit\u00e9 et un confort optimal pour tous les occupants.<\/p>\n<h2>Volume de coffre et modularit\u00e9<\/h2>\n<p>La Smart #1 offre un espace de rangement modulable gr\u00e2ce \u00e0 sa banquette coulissante sur 13 cm. Le volume de coffre varie entre 288 et 426 litres selon la position choisie, vous permettant d&rsquo;adapter la capacit\u00e9 \u00e0 vos besoins quotidiens ou en week-end. Un frunk de 15 litres compl\u00e8te cet espace pratique, parfait pour ranger les c\u00e2bles de recharge.<\/p>\n<h2>Espace et confort \u00e0 l&rsquo;avant<\/h2>\n<p>\u00c0 l&rsquo;avant, la Smart #1 offre de multiples r\u00e9glages du si\u00e8ge conducteur et du volant, assurant une position de conduite optimale pour tous les gabarits. La console centrale flottante int\u00e8gre un \u00e9cran tactile de 12,8 pouces et un chargeur \u00e0 induction pour smartphone, tandis que certaines finitions proposent un affichage t\u00eate haute de 10 pouces pour acc\u00e9der aux informations essentielles sans quitter la route des yeux.<\/p>\n<h2>Espace et confort \u00e0 l&rsquo;arri\u00e8re<\/h2>\n<p>La Smart #1 impressionne par sa garde au toit g\u00e9n\u00e9reuse et son plancher quasi plat, garantissant un excellent confort m\u00eame pour des passagers de grande taille. Sa banquette 60\/40 coulissante et inclinable optimise l&rsquo;espace selon vos besoins, privil\u00e9giant soit le confort des jambes, soit le volume de chargement.<\/p>\n<p>Vous appr\u00e9cierez le syst\u00e8me audio Beats disponible sur certaines finitions et les poign\u00e9es de porte affleurantes qui s&rsquo;illuminent \u00e0 votre approche, alliant \u00e9l\u00e9gance et praticit\u00e9 au quotidien.<\/p>\n<h2>Compromis entre habitabilit\u00e9 et praticit\u00e9<\/h2>\n<p>La Smart #1 conjugue parfaitement habitabilit\u00e9 g\u00e9n\u00e9reuse et format compact. Avec sa banquette modulable, ses commandes intuitives au volant et son plancher plat, elle s&rsquo;adapte id\u00e9alement \u00e0 votre quotidien urbain comme aux escapades plus longues.<\/p>\n<p>Pour conna\u00eetre les tarifs et disponibilit\u00e9s de la Smart #1, n&rsquo;h\u00e9sitez pas \u00e0 contacter nos conseillers BYmyCAR qui vous guideront vers la configuration id\u00e9ale pour vos besoins.<\/p>\n<h2>Autonomie, batterie et performances du SUV \u00e9lectrique Smart #1<\/h2>\n<p>La Smart #1 est \u00e9quip\u00e9e d&rsquo;une batterie de 66 kWh qui lui conf\u00e8re une autonomie pouvant atteindre 440 km en cycle WLTP. Sous le capot, vous profitez d&rsquo;une motorisation \u00e9lectrique d\u00e9veloppant 272 ch et d\u00e9livrant 343 Nm de couple, offrant des performances remarquables pour un v\u00e9hicule de ce gabarit.<\/p>\n<p>Pour faciliter votre quotidien, ce mod\u00e8le propose plusieurs atouts technologiques majeurs :<\/p>\n<ul>\n<li>Une recharge rapide jusqu&rsquo;\u00e0 150 kW permettant de r\u00e9cup\u00e9rer l&rsquo;essentiel de l&rsquo;autonomie en 30 minutes ;<\/li>\n<li>Un r\u00e9gulateur de vitesse adaptatif pour une conduite sereine sur autoroute ;<\/li>\n<li>Une fonction Stop &amp; Go qui optimise l&rsquo;autonomie en circulation urbaine.<\/li>\n<\/ul>\n<p>Ces \u00e9quipements contribuent \u00e0 faire de la Smart #1 un v\u00e9hicule \u00e9lectrique performant et agr\u00e9able au quotidien. Pour d\u00e9couvrir les diff\u00e9rentes finitions disponibles, nos conseillers BYmyCAR sont \u00e0 votre disposition.<\/p>\n<h2>FAQ sur la Smart #1<\/h2>\n<h3>Essai Smart #1 : quelles sensations de conduite ?<\/h3>\n<p>La Smart #1 offre une conduite dynamique et plaisante avec ses 272 ch, son ch\u00e2ssis \u00e9quilibr\u00e9 et sa position de conduite agr\u00e9able qui vous garantit une excellente visibilit\u00e9.<\/p>\n<h3>Smart #1 autonomie : quelle distance parcourir ?<\/h3>\n<p>Vous pouvez parcourir jusqu&rsquo;\u00e0 440 km en cycle WLTP avec la batterie de 66 kWh, et environ 380 km en conditions d&rsquo;usage r\u00e9elles mixtes.<\/p>\n<h3>Smart Brabus #1 : qu&rsquo;apporte la version sportive ?<\/h3>\n<p>La version Brabus vous propose une puissance impressionnante de 428 ch, quatre roues motrices et une acc\u00e9l\u00e9ration de 0 \u00e0 100 km\/h en 3,9 secondes pour des performances exceptionnelles.<\/p>\n<h2>Pour en savoir plus<\/h2>\n<h3>\u00c0 lire \u00e9galement<\/h3>\n<ul>\n<li><a href=\"https:\/\/www.bymycar.fr\/webzine\/quelle-finition-choisir-pour-le-smart-1-pro-premium-ou-brabus\/\" data-mce-href=\"https:\/\/www.bymycar.fr\/webzine\/quelle-finition-choisir-pour-le-smart-1-pro-premium-ou-brabus\/\">Quelle finition choisir pour le Smart #1 : Pro, Premium ou Brabus ?<\/a><\/li>\n<li><a href=\"https:\/\/www.bymycar.fr\/webzine\/faut-il-choisir-un-smart-1-ou-une-tesla-model-y\/\" data-mce-href=\"https:\/\/www.bymycar.fr\/webzine\/faut-il-choisir-un-smart-1-ou-une-tesla-model-y\/\">Faut-il choisir un Smart #1 ou une Tesla Model Y ?<\/a><\/li>\n<li><a href=\"https:\/\/www.bymycar.fr\/webzine\/prix-du-smart-1-suv-electrique-tous-les-details-par-finition-2025\/\" data-mce-href=\"https:\/\/www.bymycar.fr\/webzine\/prix-du-smart-1-suv-electrique-tous-les-details-par-finition-2025\/\">Prix du Smart #1 SUV \u00e9lectrique : tous les d\u00e9tails par finition (2025)<\/a><\/li>\n<\/ul>\n<h3>Sources :<\/h3>\n<ul>\n<li><a href=\"https:\/\/www.automobiledimension.com\/model\/smart\/hashtag1\" target=\"_blank\" data-mce-href=\"https:\/\/www.automobiledimension.com\/model\/smart\/hashtag1\">Smart #1 2023 dimensions, boot space, weight and interior photos<\/a>\u200b<\/li>\n<li><a href=\"https:\/\/www.carwow.co.uk\/smart\/1\/specifications\" target=\"_blank\" data-mce-href=\"https:\/\/www.carwow.co.uk\/smart\/1\/specifications\">Smart #1 | Specifications &amp; Dimensions<\/a> \u200b<\/li>\n<li><a href=\"https:\/\/www.auto-data.net\/en\/smart-1-66-kwh-272hp-45648\" target=\"_blank\" data-mce-href=\"https:\/\/www.auto-data.net\/en\/smart-1-66-kwh-272hp-45648\">Specs of Smart #1 66 kWh (272 Hp) \/2023, 2024, 2025<\/a>\u200b<\/li>\n<li><a href=\"https:\/\/uk.smart.com\/en\/models\/hashtag-one\/\" target=\"_blank\" data-mce-href=\"https:\/\/uk.smart.com\/en\/models\/hashtag-one\/\">Smart #1 &#8211; Discover the sophisticated electric compact SUV<\/a>\u200b<\/li>\n<li><a href=\"https:\/\/nz.smart.com\/app\/uploads\/2025\/02\/smart-1-spec-sheet.pdf\" target=\"_blank\" data-mce-href=\"https:\/\/nz.smart.com\/app\/uploads\/2025\/02\/smart-1-spec-sheet.pdf\">smart #1 (fiche technique PDF \u2013 NZ)<\/a>\u200b<\/li>\n<li><a href=\"https:\/\/sg.smart.com\/model-hashtag-one\" target=\"_blank\" data-mce-href=\"https:\/\/sg.smart.com\/model-hashtag-one\">Explore the best premium electric SUV | smart #1<\/a> \u200b<\/li>\n<li><a href=\"https:\/\/www.carwow.co.uk\/smart\/1\" target=\"_blank\" data-mce-href=\"https:\/\/www.carwow.co.uk\/smart\/1\">Smart #1 Review 2026 | Performance &amp; Pricing<\/a> \u200b<\/li>\n<li><a href=\"https:\/\/www.topgear.com\/car-reviews\/smart\/1\/interior\" target=\"_blank\" data-mce-href=\"https:\/\/www.topgear.com\/car-reviews\/smart\/1\/interior\">Smart #1 Interior Layout &amp; Technology &#8211; Top Gear<\/a>\u200b<\/li>\n<li><a href=\"https:\/\/www.carexpert.com.au\/car-reviews\/2025-smart-1-review\" target=\"_blank\" data-mce-href=\"https:\/\/www.carexpert.com.au\/car-reviews\/2025-smart-1-review\">2025 Smart #1 review &#8211; CarExpert<\/a>\u200b<\/li>\n<li><a href=\"https:\/\/www.drivelife.co.nz\/2025\/08\/2025-smart-1-premium-electric-car-review\/\" target=\"_blank\" data-mce-href=\"https:\/\/www.drivelife.co.nz\/2025\/08\/2025-smart-1-premium-electric-car-review\/\">2025 Smart #1 Premium | Electric Car Review &#8211; DriveLife<\/a> \u200b<\/li>\n<li><a href=\"https:\/\/data.carnewschina.com\/database\/smart\/smart-1\/2023\/params\" target=\"_blank\" data-mce-href=\"https:\/\/data.carnewschina.com\/database\/smart\/smart-1\/2023\/params\">Smart #1 2023 &#8211; detailed specifications and trim levels<\/a>\u200b<\/li>\n<li><a href=\"https:\/\/www.ultimatespecs.com\/car-specs\/Smart\/135296\/Smart-1-272HP-66-kWh.html\" target=\"_blank\" data-mce-href=\"https:\/\/www.ultimatespecs.com\/car-specs\/Smart\/135296\/Smart-1-272HP-66-kWh.html\">Smart #1 272HP 66 kWh Specs, Range, Comparisons<\/a>\u200b<\/li>\n<li><a href=\"https:\/\/en.wikipedia.org\/wiki\/Smart_1\" target=\"_blank\" data-mce-href=\"https:\/\/en.wikipedia.org\/wiki\/Smart_1\">Smart 1<\/a>\u200b<\/li>\n<li><a href=\"https:\/\/www.electrifying.com\/reviews\/smart\/1\/review\" target=\"_blank\" data-mce-href=\"https:\/\/www.electrifying.com\/reviews\/smart\/1\/review\">Smart #1 Review &amp; Buying Guide 2025<\/a>\u200b<\/li>\n<\/ul>\n"}}]},"introduction":"<p>La <a data-mce-href=\"https:\/\/www.bymycar.fr\/v\/smart-#1-occasion\" href=\"https:\/\/www.bymycar.fr\/v\/smart-#1-occasion\">Smart #1<\/a> est un <a data-mce-href=\"https:\/\/www.bymycar.fr\/v\/suv-occasion\" href=\"https:\/\/www.bymycar.fr\/v\/suv-occasion\">SUV<\/a> \u00e9lectrique compact qui vous s\u00e9duira par son int\u00e9rieur \u00e9tonnamment spacieux malgr\u00e9 ses dimensions de 4,27 m de long. Ce mod\u00e8le combine une position de conduite sur\u00e9lev\u00e9e, une excellente garde au toit et une banquette coulissante, vous offrant un confort optimal tout en conservant un gabarit parfaitement adapt\u00e9 \u00e0 la ville.<\/p>\n","add-carousel-to-footer":true},"yoast_head":"<!-- This site is optimized with the Yoast SEO Premium plugin v26.4 (Yoast SEO v26.4) - https:\/\/yoast.com\/wordpress\/plugins\/seo\/ -->\n<title>Dimension et confort int\u00e9rieur de la Smart #1 : que savoir ?<\/title>\n<meta name=\"description\" content=\"D\u00e9couvrez dimensions, confort int\u00e9rieur et autonomie du nouveau SUV \u00e9lectrique Smart #1, pr\u00e9sent\u00e9 par BYmyCAR.\" \/>\n<meta name=\"robots\" content=\"index, follow, max-snippet:-1, max-image-preview:large, max-video-preview:-1\" \/>\n<link rel=\"canonical\" href=\"https:\/\/www.bymycar.fr\/webzine\/dimension-et-confort-interieur-de-la-smart-1-que-savoir\/\" \/>\n<meta property=\"og:locale\" content=\"fr_FR\" \/>\n<meta property=\"og:type\" content=\"article\" \/>\n<meta property=\"og:title\" content=\"Dimension et confort int\u00e9rieur de la Smart #1 : que savoir ?\" \/>\n<meta property=\"og:description\" content=\"D\u00e9couvrez dimensions, confort int\u00e9rieur et autonomie du nouveau SUV \u00e9lectrique Smart #1, pr\u00e9sent\u00e9 par BYmyCAR.\" \/>\n<meta property=\"og:url\" content=\"https:\/\/www.bymycar.fr\/webzine\/dimension-et-confort-interieur-de-la-smart-1-que-savoir\/\" \/>\n<meta property=\"og:site_name\" content=\"Webzine auto BYmyCAR\" \/>\n<meta property=\"article:published_time\" content=\"2025-12-28T00:00:00+00:00\" \/>\n<meta property=\"article:modified_time\" content=\"2026-01-09T15:17:41+00:00\" \/>\n<meta name=\"author\" content=\"La R\u00e9daction BYmyCAR\" \/>\n<meta name=\"twitter:card\" content=\"summary_large_image\" \/>\n<meta name=\"twitter:label1\" content=\"\u00c9crit par\" \/>\n\t<meta name=\"twitter:data1\" content=\"La R\u00e9daction BYmyCAR\" \/>\n<script type=\"application\/ld+json\" class=\"yoast-schema-graph\">{\"@context\":\"https:\/\/schema.org\",\"@graph\":[{\"@type\":\"Article\",\"@id\":\"https:\/\/www.bymycar.fr\/webzine\/dimension-et-confort-interieur-de-la-smart-1-que-savoir\/#article\",\"isPartOf\":{\"@id\":\"https:\/\/www.bymycar.fr\/webzine\/dimension-et-confort-interieur-de-la-smart-1-que-savoir\/\"},\"author\":{\"name\":\"La R\u00e9daction BYmyCAR\",\"@id\":\"https:\/\/www.bymycar.fr\/webzine\/#\/schema\/person\/8d570fe11eb8929f06c1e6d00f4d9689\"},\"headline\":\"Dimension et confort int\u00e9rieur de la Smart #1 : que savoir ?\",\"datePublished\":\"2025-12-28T00:00:00+00:00\",\"dateModified\":\"2026-01-09T15:17:41+00:00\",\"mainEntityOfPage\":{\"@id\":\"https:\/\/www.bymycar.fr\/webzine\/dimension-et-confort-interieur-de-la-smart-1-que-savoir\/\"},\"wordCount\":10,\"publisher\":{\"@id\":\"https:\/\/www.bymycar.fr\/webzine\/#organization\"},\"articleSection\":[\"Guide d'achat smart\"],\"inLanguage\":\"fr-FR\"},{\"@type\":\"WebPage\",\"@id\":\"https:\/\/www.bymycar.fr\/webzine\/dimension-et-confort-interieur-de-la-smart-1-que-savoir\/\",\"url\":\"https:\/\/www.bymycar.fr\/webzine\/dimension-et-confort-interieur-de-la-smart-1-que-savoir\/\",\"name\":\"Dimension et confort int\u00e9rieur de la Smart #1 : que savoir ?\",\"isPartOf\":{\"@id\":\"https:\/\/www.bymycar.fr\/webzine\/#website\"},\"datePublished\":\"2025-12-28T00:00:00+00:00\",\"dateModified\":\"2026-01-09T15:17:41+00:00\",\"description\":\"D\u00e9couvrez dimensions, confort int\u00e9rieur et autonomie du nouveau SUV \u00e9lectrique Smart #1, pr\u00e9sent\u00e9 par BYmyCAR.\",\"breadcrumb\":{\"@id\":\"https:\/\/www.bymycar.fr\/webzine\/dimension-et-confort-interieur-de-la-smart-1-que-savoir\/#breadcrumb\"},\"inLanguage\":\"fr-FR\",\"potentialAction\":[{\"@type\":\"ReadAction\",\"target\":[\"https:\/\/www.bymycar.fr\/webzine\/dimension-et-confort-interieur-de-la-smart-1-que-savoir\/\"]}]},{\"@type\":\"BreadcrumbList\",\"@id\":\"https:\/\/www.bymycar.fr\/webzine\/dimension-et-confort-interieur-de-la-smart-1-que-savoir\/#breadcrumb\",\"itemListElement\":[{\"@type\":\"ListItem\",\"position\":1,\"name\":\"Accueil\",\"item\":\"https:\/\/www.bymycar.fr\/webzine\/\"},{\"@type\":\"ListItem\",\"position\":2,\"name\":\"Dimension et confort int\u00e9rieur de la Smart #1 : que savoir ?\"}]},{\"@type\":\"WebSite\",\"@id\":\"https:\/\/www.bymycar.fr\/webzine\/#website\",\"url\":\"https:\/\/www.bymycar.fr\/webzine\/\",\"name\":\"Webzine auto BYmyCAR\",\"description\":\"La magazine auto de BYmyCAR\",\"publisher\":{\"@id\":\"https:\/\/www.bymycar.fr\/webzine\/#organization\"},\"potentialAction\":[{\"@type\":\"SearchAction\",\"target\":{\"@type\":\"EntryPoint\",\"urlTemplate\":\"https:\/\/www.bymycar.fr\/webzine\/?s={search_term_string}\"},\"query-input\":{\"@type\":\"PropertyValueSpecification\",\"valueRequired\":true,\"valueName\":\"search_term_string\"}}],\"inLanguage\":\"fr-FR\"},{\"@type\":\"Organization\",\"@id\":\"https:\/\/www.bymycar.fr\/webzine\/#organization\",\"name\":\"BYmyCAR\",\"url\":\"https:\/\/www.bymycar.fr\/webzine\/\",\"logo\":{\"@type\":\"ImageObject\",\"inLanguage\":\"fr-FR\",\"@id\":\"https:\/\/www.bymycar.fr\/webzine\/#\/schema\/logo\/image\/\",\"url\":\"https:\/\/cdn.bymycar.eu\/fr-webzine\/wp-content\/uploads\/medias\/2017\/08\/logo_DEALER_00000406_001.png\",\"contentUrl\":\"https:\/\/cdn.bymycar.eu\/fr-webzine\/wp-content\/uploads\/medias\/2017\/08\/logo_DEALER_00000406_001.png\",\"width\":2132,\"height\":720,\"caption\":\"BYmyCAR\"},\"image\":{\"@id\":\"https:\/\/www.bymycar.fr\/webzine\/#\/schema\/logo\/image\/\"}},{\"@type\":\"Person\",\"@id\":\"https:\/\/www.bymycar.fr\/webzine\/#\/schema\/person\/8d570fe11eb8929f06c1e6d00f4d9689\",\"name\":\"La R\u00e9daction BYmyCAR\",\"image\":{\"@type\":\"ImageObject\",\"inLanguage\":\"fr-FR\",\"@id\":\"https:\/\/www.bymycar.fr\/webzine\/#\/schema\/person\/image\/\",\"url\":\"https:\/\/secure.gravatar.com\/avatar\/1aa6b039d0ce106989923af4e2d0f2a0c82bb070d5e449f1b9adf082a5863900?s=96&d=mm&r=g\",\"contentUrl\":\"https:\/\/secure.gravatar.com\/avatar\/1aa6b039d0ce106989923af4e2d0f2a0c82bb070d5e449f1b9adf082a5863900?s=96&d=mm&r=g\",\"caption\":\"La R\u00e9daction BYmyCAR\"},\"sameAs\":[\"https:\/\/www.bymycar.fr\/\"]}]}<\/script>\n<!-- \/ Yoast SEO Premium plugin. -->","yoast_head_json":{"title":"Dimension et confort int\u00e9rieur de la Smart #1 : que savoir ?","description":"D\u00e9couvrez dimensions, confort int\u00e9rieur et autonomie du nouveau SUV \u00e9lectrique Smart #1, pr\u00e9sent\u00e9 par BYmyCAR.","robots":{"index":"index","follow":"follow","max-snippet":"max-snippet:-1","max-image-preview":"max-image-preview:large","max-video-preview":"max-video-preview:-1"},"canonical":"https:\/\/www.bymycar.fr\/webzine\/dimension-et-confort-interieur-de-la-smart-1-que-savoir\/","og_locale":"fr_FR","og_type":"article","og_title":"Dimension et confort int\u00e9rieur de la Smart #1 : que savoir ?","og_description":"D\u00e9couvrez dimensions, confort int\u00e9rieur et autonomie du nouveau SUV \u00e9lectrique Smart #1, pr\u00e9sent\u00e9 par BYmyCAR.","og_url":"https:\/\/www.bymycar.fr\/webzine\/dimension-et-confort-interieur-de-la-smart-1-que-savoir\/","og_site_name":"Webzine auto BYmyCAR","article_published_time":"2025-12-28T00:00:00+00:00","article_modified_time":"2026-01-09T15:17:41+00:00","author":"La R\u00e9daction BYmyCAR","twitter_card":"summary_large_image","twitter_misc":{"\u00c9crit par":"La R\u00e9daction BYmyCAR"},"schema":{"@context":"https:\/\/schema.org","@graph":[{"@type":"Article","@id":"https:\/\/www.bymycar.fr\/webzine\/dimension-et-confort-interieur-de-la-smart-1-que-savoir\/#article","isPartOf":{"@id":"https:\/\/www.bymycar.fr\/webzine\/dimension-et-confort-interieur-de-la-smart-1-que-savoir\/"},"author":{"name":"La R\u00e9daction BYmyCAR","@id":"https:\/\/www.bymycar.fr\/webzine\/#\/schema\/person\/8d570fe11eb8929f06c1e6d00f4d9689"},"headline":"Dimension et confort int\u00e9rieur de la Smart #1 : que savoir ?","datePublished":"2025-12-28T00:00:00+00:00","dateModified":"2026-01-09T15:17:41+00:00","mainEntityOfPage":{"@id":"https:\/\/www.bymycar.fr\/webzine\/dimension-et-confort-interieur-de-la-smart-1-que-savoir\/"},"wordCount":10,"publisher":{"@id":"https:\/\/www.bymycar.fr\/webzine\/#organization"},"articleSection":["Guide d'achat smart"],"inLanguage":"fr-FR"},{"@type":"WebPage","@id":"https:\/\/www.bymycar.fr\/webzine\/dimension-et-confort-interieur-de-la-smart-1-que-savoir\/","url":"https:\/\/www.bymycar.fr\/webzine\/dimension-et-confort-interieur-de-la-smart-1-que-savoir\/","name":"Dimension et confort int\u00e9rieur de la Smart #1 : que savoir ?","isPartOf":{"@id":"https:\/\/www.bymycar.fr\/webzine\/#website"},"datePublished":"2025-12-28T00:00:00+00:00","dateModified":"2026-01-09T15:17:41+00:00","description":"D\u00e9couvrez dimensions, confort int\u00e9rieur et autonomie du nouveau SUV \u00e9lectrique Smart #1, pr\u00e9sent\u00e9 par BYmyCAR.","breadcrumb":{"@id":"https:\/\/www.bymycar.fr\/webzine\/dimension-et-confort-interieur-de-la-smart-1-que-savoir\/#breadcrumb"},"inLanguage":"fr-FR","potentialAction":[{"@type":"ReadAction","target":["https:\/\/www.bymycar.fr\/webzine\/dimension-et-confort-interieur-de-la-smart-1-que-savoir\/"]}]},{"@type":"BreadcrumbList","@id":"https:\/\/www.bymycar.fr\/webzine\/dimension-et-confort-interieur-de-la-smart-1-que-savoir\/#breadcrumb","itemListElement":[{"@type":"ListItem","position":1,"name":"Accueil","item":"https:\/\/www.bymycar.fr\/webzine\/"},{"@type":"ListItem","position":2,"name":"Dimension et confort int\u00e9rieur de la Smart #1 : que savoir ?"}]},{"@type":"WebSite","@id":"https:\/\/www.bymycar.fr\/webzine\/#website","url":"https:\/\/www.bymycar.fr\/webzine\/","name":"Webzine auto BYmyCAR","description":"La magazine auto de BYmyCAR","publisher":{"@id":"https:\/\/www.bymycar.fr\/webzine\/#organization"},"potentialAction":[{"@type":"SearchAction","target":{"@type":"EntryPoint","urlTemplate":"https:\/\/www.bymycar.fr\/webzine\/?s={search_term_string}"},"query-input":{"@type":"PropertyValueSpecification","valueRequired":true,"valueName":"search_term_string"}}],"inLanguage":"fr-FR"},{"@type":"Organization","@id":"https:\/\/www.bymycar.fr\/webzine\/#organization","name":"BYmyCAR","url":"https:\/\/www.bymycar.fr\/webzine\/","logo":{"@type":"ImageObject","inLanguage":"fr-FR","@id":"https:\/\/www.bymycar.fr\/webzine\/#\/schema\/logo\/image\/","url":"https:\/\/cdn.bymycar.eu\/fr-webzine\/wp-content\/uploads\/medias\/2017\/08\/logo_DEALER_00000406_001.png","contentUrl":"https:\/\/cdn.bymycar.eu\/fr-webzine\/wp-content\/uploads\/medias\/2017\/08\/logo_DEALER_00000406_001.png","width":2132,"height":720,"caption":"BYmyCAR"},"image":{"@id":"https:\/\/www.bymycar.fr\/webzine\/#\/schema\/logo\/image\/"}},{"@type":"Person","@id":"https:\/\/www.bymycar.fr\/webzine\/#\/schema\/person\/8d570fe11eb8929f06c1e6d00f4d9689","name":"La R\u00e9daction BYmyCAR","image":{"@type":"ImageObject","inLanguage":"fr-FR","@id":"https:\/\/www.bymycar.fr\/webzine\/#\/schema\/person\/image\/","url":"https:\/\/secure.gravatar.com\/avatar\/1aa6b039d0ce106989923af4e2d0f2a0c82bb070d5e449f1b9adf082a5863900?s=96&d=mm&r=g","contentUrl":"https:\/\/secure.gravatar.com\/avatar\/1aa6b039d0ce106989923af4e2d0f2a0c82bb070d5e449f1b9adf082a5863900?s=96&d=mm&r=g","caption":"La R\u00e9daction BYmyCAR"},"sameAs":["https:\/\/www.bymycar.fr\/"]}]}},"_links":{"self":[{"href":"https:\/\/www.bymycar.fr\/webzine\/wp-json\/wp\/v2\/posts\/63294","targetHints":{"allow":["GET"]}}],"collection":[{"href":"https:\/\/www.bymycar.fr\/webzine\/wp-json\/wp\/v2\/posts"}],"about":[{"href":"https:\/\/www.bymycar.fr\/webzine\/wp-json\/wp\/v2\/types\/post"}],"author":[{"embeddable":true,"href":"https:\/\/www.bymycar.fr\/webzine\/wp-json\/wp\/v2\/users\/88"}],"replies":[{"embeddable":true,"href":"https:\/\/www.bymycar.fr\/webzine\/wp-json\/wp\/v2\/comments?post=63294"}],"version-history":[{"count":1,"href":"https:\/\/www.bymycar.fr\/webzine\/wp-json\/wp\/v2\/posts\/63294\/revisions"}],"predecessor-version":[{"id":63541,"href":"https:\/\/www.bymycar.fr\/webzine\/wp-json\/wp\/v2\/posts\/63294\/revisions\/63541"}],"wp:attachment":[{"href":"https:\/\/www.bymycar.fr\/webzine\/wp-json\/wp\/v2\/media?parent=63294"}],"wp:term":[{"taxonomy":"category","embeddable":true,"href":"https:\/\/www.bymycar.fr\/webzine\/wp-json\/wp\/v2\/categories?post=63294"},{"taxonomy":"post_tag","embeddable":true,"href":"https:\/\/www.bymycar.fr\/webzine\/wp-json\/wp\/v2\/tags?post=63294"}],"curies":[{"name":"wp","href":"https:\/\/api.w.org\/{rel}","templated":true}]}}