{"id":63293,"date":"2025-12-28T00:00:00","date_gmt":"2025-12-28T00:00:00","guid":{"rendered":"https:\/\/www.bymycar.fr\/webzine\/?p=63293"},"modified":"2026-01-09T16:17:40","modified_gmt":"2026-01-09T15:17:40","slug":"smart-3-vs-smart-1-ce-quil-faut-savoir","status":"publish","type":"post","link":"https:\/\/www.bymycar.fr\/webzine\/smart-3-vs-smart-1-ce-quil-faut-savoir\/","title":{"rendered":"Smart #3 vs Smart #1 : ce qu&rsquo;il faut savoir"},"content":{"rendered":"","protected":false},"excerpt":{"rendered":"","protected":false},"author":88,"featured_media":0,"comment_status":"closed","ping_status":"open","sticky":false,"template":"","format":"standard","meta":{"_acf_changed":false,"footnotes":""},"categories":[12926],"tags":[],"class_list":["post-63293","post","type-post","status-publish","format-standard","hentry","category-guide-dachat-smart"],"acf":{"page_content":{"block_content":[{"acf_fc_layout":"text-simple","--nav":{"-withNav":false,"-ancre":""},"--group":{"-text":"<h2>Dimensions, poids et style des Smart SUV<\/h2>\n<h3>Un format urbain mais 5 places \u00e0 bord<\/h3>\n<p>La Smart #1 se distingue par sa compacit\u00e9 avec 4,27 m de long, 1,82 m de large et 1,64 m de haut, pour un poids oscillant entre 1 780 et 1 900 kg. Son empattement g\u00e9n\u00e9reux de 2,75 m lui conf\u00e8re une habitabilit\u00e9 remarquable malgr\u00e9 son gabarit de <a data-mce-href=\"https:\/\/www.bymycar.fr\/v\/suv-occasion\" href=\"https:\/\/www.bymycar.fr\/v\/suv-occasion\">SUV<\/a> urbain. Cette conception permet d&rsquo;accueillir confortablement 5 personnes \u00e0 bord avec une garde au toit g\u00e9n\u00e9reuse, particuli\u00e8rement aux places arri\u00e8re. Les <a href=\"https:\/\/www.bymycar.fr\/v\/smart-5-places-occasion\" data-mce-href=\"https:\/\/www.bymycar.fr\/v\/smart-5-places-occasion\">Smart 5 places<\/a> offrent ainsi un \u00e9quilibre parfait entre dimensions ext\u00e9rieures compactes et espace int\u00e9rieur g\u00e9n\u00e9reux pour les v\u00e9hicules de cette cat\u00e9gorie.<\/p>\n<h3>Int\u00e9rieur Smart #3 : design et technologies<\/h3>\n<p>La Smart #3, plus profil\u00e9e avec ses 4,40 m de longueur, 1,84 m de largeur et 1,56 m de hauteur, affiche un poids similaire entre 1 780 et 1 910 kg. Son int\u00e9rieur se distingue par des mat\u00e9riaux haut de gamme et des finitions sophistiqu\u00e9es qui rappellent l&rsquo;influence Mercedes-Benz. L&rsquo;habitacle propose de nombreux rangements pratiques et un coffre d&rsquo;environ 370 litres. Le design int\u00e9rieur mise sur une ambiance technologique avec un \u00e9cran tactile central intuitif, refl\u00e9tant l&rsquo;ambition de la marque d&rsquo;offrir une exp\u00e9rience premium dans un format compact.<\/p>\n<p>Les deux mod\u00e8les se compl\u00e8tent parfaitement dans la gamme : la #1 privil\u00e9gie l&rsquo;accessibilit\u00e9 et l&rsquo;espace, tandis que la #3 s\u00e9duit par son style coup\u00e9 et son a\u00e9rodynamisme optimis\u00e9 pour les trajets rapides.<\/p>\n<h2>Motorisations, puissance et performances sportives<\/h2>\n<h3>Propulsion 272 ch : sensations en Smart automatique<\/h3>\n<p>Les Smart #1 et #3 partagent la m\u00eame architecture technique avec un moteur arri\u00e8re de 272 ch (200 kW, 343 Nm) sur les versions standard. Cette configuration propulsion offre d\u00e9j\u00e0 des sensations remarquables avec un 0 \u00e0 100 km\/h r\u00e9alis\u00e9 en 5,8 secondes pour la #3 et 6,7 secondes pour la #1. La transmission automatique \u00e0 r\u00e9ducteur unique assure une conduite parfaitement fluide, permettant d&rsquo;exploiter pleinement le couple instantan\u00e9. Cette technologie issue de l&rsquo;expertise Mercedes-Benz garantit une vitesse maximale de 180 km\/h, id\u00e9ale pour vos trajets sur autoroute.<\/p>\n<h3>Version Brabus : un SUV coup\u00e9 ultra-dynamique<\/h3>\n<p>La d\u00e9clinaison Brabus pousse l&rsquo;exp\u00e9rience de conduite \u00e0 un niveau sup\u00e9rieur avec deux moteurs \u00e9lectriques (avant et arri\u00e8re) d\u00e9veloppant une puissance combin\u00e9e de 428 ch et un couple impressionnant de 543 Nm. Cette Smart coup\u00e9 en version Brabus se distingue par sa transmission int\u00e9grale qui garantit une motricit\u00e9 parfaite en toutes conditions. Le 0 \u00e0 100 km\/h est abattu en seulement 3,7 secondes pour la #3 Brabus et 3,9 secondes pour la #1 Brabus, offrant des performances dignes d&rsquo;une sportive de prestige. Le couple instantan\u00e9 disponible d\u00e8s le d\u00e9marrage procure des sensations de conduite exceptionnelles, particuli\u00e8rement appr\u00e9ciables en conduite dynamique.<\/p>\n<table>\n<thead>\n<tr>\n<th>Caract\u00e9ristiques<\/th>\n<th>Smart #1<\/th>\n<th>Smart #3<\/th>\n<th>Version Brabus<\/th>\n<\/tr>\n<\/thead>\n<tbody>\n<tr>\n<td>Puissance<\/td>\n<td>272 ch<\/td>\n<td>272 ch<\/td>\n<td>428 ch<\/td>\n<\/tr>\n<tr>\n<td>0-100 km\/h<\/td>\n<td>6,7 s<\/td>\n<td>5,8 s<\/td>\n<td>3,7-3,9 s<\/td>\n<\/tr>\n<tr>\n<td>Vitesse max<\/td>\n<td>180 km\/h<\/td>\n<td>180 km\/h<\/td>\n<td>180 km\/h<\/td>\n<\/tr>\n<\/tbody>\n<\/table>\n<h2>Batterie, autonomie et stations de recharge<\/h2>\n<h3>Jusqu&rsquo;o\u00f9 pouvez-vous rouler ?<\/h3>\n<p>La Smart #1 vous offre deux options de batterie : une version de 49 kWh pour les trajets urbains, et une batterie plus g\u00e9n\u00e9reuse de 66 kWh (environ 62 kWh utiles) permettant d&rsquo;atteindre jusqu&rsquo;\u00e0 440 km d&rsquo;autonomie WLTP selon les finitions. La Smart #3, avec son profil de coup\u00e9, optimise cette m\u00eame batterie NMC de 66 kWh pour vous proposer jusqu&rsquo;\u00e0 455 km WLTP en finition Premium, un atout consid\u00e9rable pour vos longs trajets. La version d&rsquo;entr\u00e9e de gamme avec batterie LFP de 49 kWh vous garantit environ 325 km d&rsquo;autonomie, largement suffisant pour vos d\u00e9placements quotidiens. L&rsquo;objectif reste d&rsquo;offrir une exp\u00e9rience sans contrainte, m\u00eame sur autoroute.<\/p>\n<h3>Recharge AC\/DC : trouver la bonne borne<\/h3>\n<p>Les deux mod\u00e8les Smart partagent des capacit\u00e9s de recharge identiques et performantes : jusqu&rsquo;\u00e0 150 kW en courant continu (DC) sur bornes rapides, permettant de r\u00e9cup\u00e9rer 70 % de batterie en seulement 30 minutes (de 10 \u00e0 80 %). Pour le quotidien, ces v\u00e9hicules acceptent jusqu&rsquo;\u00e0 22 kW en courant alternatif (AC), une puissance sup\u00e9rieure \u00e0 la moyenne du march\u00e9. Vous pouvez facilement localiser les stations de recharge publiques compatibles sur votre parcours gr\u00e2ce aux nombreuses applications d\u00e9di\u00e9es. Pour plus de d\u00e9tails sur les sp\u00e9cificit\u00e9s de recharge de chaque mod\u00e8le Smart, n&rsquo;h\u00e9sitez pas \u00e0 consulter nos conseillers BYmyCAR.<\/p>\n<p>Que vous privil\u00e9giez l&rsquo;usage urbain avec la #1 ou les trajets plus longs avec la #3, ces deux mod\u00e8les offrent une polyvalence remarquable pour r\u00e9pondre \u00e0 tous vos besoins de mobilit\u00e9 \u00e9lectrique.<\/p>\n<h2>Usage : ville, famille ou conduite dynamique ?<\/h2>\n<p>Pour choisir entre la Smart #1 et #3, tout d\u00e9pend de votre profil d&rsquo;utilisation. En milieu urbain et p\u00e9riurbain, la #1 s&rsquo;impose avec sa compacit\u00e9 (4,27 m), sa maniabilit\u00e9 accrue et son acc\u00e8s facilit\u00e9. Pour les trajets rapides sur autoroute, la #3 prend l&rsquo;avantage gr\u00e2ce \u00e0 son a\u00e9rodynamisme optimis\u00e9 et son autonomie sup\u00e9rieure en grande batterie.<\/p>\n<p>Les profils d&rsquo;utilisateurs qui trouveront leur bonheur sont :<\/p>\n<ul>\n<li>Le citadin actif cherchant une voiture compacte et agile pour naviguer en ville avec aisance ;<\/li>\n<li>La famille urbaine appr\u00e9ciant l&rsquo;habitabilit\u00e9 g\u00e9n\u00e9reuse malgr\u00e9 un gabarit contenu ;<\/li>\n<li>Le conducteur dynamique souhaitant concilier performances et style affirm\u00e9.<\/li>\n<\/ul>\n<p>Les stations de recharge \u00e9tant de plus en plus nombreuses, l&rsquo;autonomie des deux mod\u00e8les (jusqu&rsquo;\u00e0 440 km pour la #1 et 455 km pour la #3) r\u00e9pond parfaitement aux besoins quotidiens. Dans les deux cas, la propulsion de 272 ch satisfera la majorit\u00e9 des conducteurs. Nos conseillers BYmyCAR vous accompagneront pour d\u00e9terminer la Smart qui correspond parfaitement \u00e0 votre style de vie.<\/p>\n<h2>Smart Brabus : style coup\u00e9 et sensations fortes<\/h2>\n<h3>Pourquoi choisir la finition Brabus ?<\/h3>\n<p>La finition Brabus des Smart #1 et #3 repr\u00e9sente l&rsquo;excellence en mati\u00e8re de performances \u00e9lectriques. Avec une puissance impressionnante de 428 chevaux et un couple g\u00e9n\u00e9reux de 543 Nm, ces mod\u00e8les vous propulsent de 0 \u00e0 100 km\/h en seulement 3,7 secondes. Visuellement, ils se distinguent par un pack ext\u00e9rieur sp\u00e9cifique comprenant des boucliers au design plus sportif, des jantes exclusives et un becquet pro\u00e9minent. \u00c0 l&rsquo;int\u00e9rieur, vous profiterez d&rsquo;un syst\u00e8me audio premium avec 13 haut-parleurs BEATS\u00ae et d&rsquo;une sonorit\u00e9 sp\u00e9cifique en mode Brabus qui renforce l&rsquo;exp\u00e9rience sportive.<\/p>\n<h3>Quel budget pr\u00e9voir ?<\/h3>\n<p>Pour conna\u00eetre le budget exact \u00e0 pr\u00e9voir pour une Smart en finition Brabus, nous vous invitons \u00e0 contacter nos conseillers BYmyCAR. Ces experts vous proposeront des solutions de financement personnalis\u00e9es adapt\u00e9es \u00e0 votre situation. Ils sauront vous orienter vers la formule la plus avantageuse, qu&rsquo;il s&rsquo;agisse d&rsquo;un achat comptant, d&rsquo;une LOA ou d&rsquo;un cr\u00e9dit classique. Nos conseillers vous d\u00e9tailleront \u00e9galement les diff\u00e9rentes options et accessoires disponibles pour personnaliser votre Smart Brabus selon vos pr\u00e9f\u00e9rences.<\/p>\n<h2>FAQ Smart #1 vs Smart #3<\/h2>\n<h3>Quelle est la Smart la plus fiable entre la Smart #1 et la Smart #3 ?<\/h3>\n<p>Les deux mod\u00e8les b\u00e9n\u00e9ficient d&rsquo;une fiabilit\u00e9 \u00e9quivalente gr\u00e2ce au partenariat entre Mercedes-Benz et Geely. Cette alliance strat\u00e9gique, o\u00f9 Mercedes-Benz g\u00e8re le design et Geely fournit la plateforme SEA, garantit une expertise technique et une qualit\u00e9 de fabrication optimales pour les Smart #1 et #3.<\/p>\n<h3>La Smart #3 est-elle un SUV coup\u00e9 sportif ?<\/h3>\n<p>Absolument ! La Smart #3 est un v\u00e9ritable SUV coup\u00e9 sportif avec une ligne de toit fuyante et un design a\u00e9rodynamique. Son profil plus bas de 8 cm par rapport \u00e0 la #1 et sa silhouette \u00e9lanc\u00e9e de 4,40 m affirment son caract\u00e8re dynamique tout en conservant l&rsquo;espace int\u00e9rieur d&rsquo;un SUV familial.<\/p>\n<h3>Les deux mod\u00e8les disposent-ils d&rsquo;une bo\u00eete automatique ?<\/h3>\n<p>Oui, les Smart #1 et #3 sont \u00e9quip\u00e9es d&rsquo;une transmission automatique \u00e0 un rapport, comme tous les v\u00e9hicules \u00e9lectriques. Cette bo\u00eete automatique offre une conduite fluide et sans \u00e0-coups, id\u00e9ale pour une exp\u00e9rience de conduite urbaine confortable et r\u00e9active.<\/p>\n<p>Nos conseillers BYmyCAR sont \u00e0 votre disposition pour vous accompagner dans le choix du mod\u00e8le Smart qui correspond le mieux \u00e0 vos besoins et vous pr\u00e9senter toutes les options disponibles.<\/p>\n<h2>\u00c0 lire \u00e9galement<\/h2>\n<h3>Sources :<\/h3>\n<ul>\n<li><a href=\"https:\/\/www.automobile-propre.com\/voitures\/smart-1\/fiche-technique\/\" target=\"_blank\" data-mce-href=\"https:\/\/www.automobile-propre.com\/voitures\/smart-1\/fiche-technique\/\">Smart #1 2022 : Fiche technique &amp; caract\u00e9ristiques<\/a><\/li>\n<li><a href=\"https:\/\/www.frandroid.com\/produits\/voitures\/smart\/1295351-smart-1\" target=\"_blank\" data-mce-href=\"https:\/\/www.frandroid.com\/produits\/voitures\/smart\/1295351-smart-1\">Smart #1<\/a><\/li>\n<li><a href=\"https:\/\/www.fiches-auto.fr\/fiches-techniques\/electriques\/f-252-smart-1-propulsion-272-ch-66-kwh.php\" target=\"_blank\" data-mce-href=\"https:\/\/www.fiches-auto.fr\/fiches-techniques\/electriques\/f-252-smart-1-propulsion-272-ch-66-kwh.php\">Fiche technique Smart #1 Propulsion (2023)<\/a><\/li>\n<li><a href=\"https:\/\/fr.wikipedia.org\/wiki\/Smart_Hashtag_1\" target=\"_blank\" data-mce-href=\"https:\/\/fr.wikipedia.org\/wiki\/Smart_Hashtag_1\">Smart Hashtag 1<\/a><\/li>\n<li><a href=\"https:\/\/www.ev-market.fr\/smart\/1?locale=fr\" target=\"_blank\" data-mce-href=\"https:\/\/www.ev-market.fr\/smart\/1?locale=fr\">Smart #1 \u00c9lectrique : Guide Complet 2025<\/a><\/li>\n<li><a href=\"https:\/\/chargeguru.com\/fr\/voitures-electriques\/smart-1\/\" target=\"_blank\" data-mce-href=\"https:\/\/chargeguru.com\/fr\/voitures-electriques\/smart-1\/\">Le Guide Complet de la recharge Smart #1<\/a><\/li>\n<li><a href=\"https:\/\/fr.smart.com\/fr\/models\/hashtag-three\/\" target=\"_blank\" data-mce-href=\"https:\/\/fr.smart.com\/fr\/models\/hashtag-three\/\">smart #3 : le coup\u00e9 \u00e9lectrique a\u00e9rodynamique<\/a><\/li>\n<li><a href=\"https:\/\/www.frandroid.com\/produits\/voitures\/smart\/1667293-smart-3\" target=\"_blank\" data-mce-href=\"https:\/\/www.frandroid.com\/produits\/voitures\/smart\/1667293-smart-3\">Smart #3 &#8211; Frandroid<\/a><\/li>\n<li><a href=\"https:\/\/smart-kroely.fr\/gammes-smart\/smart-hashtag-3\" target=\"_blank\" data-mce-href=\"https:\/\/smart-kroely.fr\/gammes-smart\/smart-hashtag-3\">D\u00e9couvrez la smart #3<\/a><\/li>\n<li><a href=\"https:\/\/www.automobile-propre.com\/voitures\/smart-3\/fiche-technique\/\" target=\"_blank\" data-mce-href=\"https:\/\/www.automobile-propre.com\/voitures\/smart-3\/fiche-technique\/\">Smart #3 : Fiche technique &amp; caract\u00e9ristiques<\/a><\/li>\n<\/ul>\n"}}]},"introduction":"<p>Ces deux <a data-mce-href=\"https:\/\/www.bymycar.fr\/v\/voiture-electrique-occasion\" href=\"https:\/\/www.bymycar.fr\/v\/voiture-electrique-occasion\">v\u00e9hicules \u00e9lectriques<\/a> d\u00e9velopp\u00e9s par la coentreprise Smart Automobile entre Mercedes-Benz et Geely partagent la m\u00eame base technique (plateforme SEA), mais visent des usages diff\u00e9rents. L&rsquo;objectif consiste \u00e0 proposer deux exp\u00e9riences distinctes : la <a data-mce-href=\"https:\/\/www.bymycar.fr\/v\/smart-#1-occasion\" href=\"https:\/\/www.bymycar.fr\/v\/smart-#1-occasion\">Smart #1<\/a>, SUV compact plus polyvalent et urbain, tandis que la <a data-mce-href=\"https:\/\/www.bymycar.fr\/v\/smart-#3-occasion\" href=\"https:\/\/www.bymycar.fr\/v\/smart-#3-occasion\">Smart #3<\/a> adopte une silhouette de coup\u00e9 plus dynamique, l\u00e9g\u00e8rement plus longue et plus profil\u00e9e. Notre comparatif d\u00e9taille leurs diff\u00e9rences en termes de dimensions, motorisations, autonomie et usages quotidiens pour vous aider \u00e0 choisir <a data-mce-href=\"https:\/\/www.bymycar.fr\/v\/smart-occasion\" href=\"https:\/\/www.bymycar.fr\/v\/smart-occasion\">le mod\u00e8le Smart<\/a> qui vous correspond.<\/p>\n","add-carousel-to-footer":true},"yoast_head":"<!-- This site is optimized with the Yoast SEO Premium plugin v26.4 (Yoast SEO v26.4) - https:\/\/yoast.com\/wordpress\/plugins\/seo\/ -->\n<title>Smart #3 vs Smart #1 : ce qu&#039;il faut savoir<\/title>\n<meta name=\"description\" content=\"Comparez les Smart #1 et #3 : dimensions, autonomie, performances et usages pour choisir le SUV \u00e9lectrique qui vous convient.\" \/>\n<meta name=\"robots\" content=\"index, follow, max-snippet:-1, max-image-preview:large, max-video-preview:-1\" \/>\n<link rel=\"canonical\" href=\"https:\/\/www.bymycar.fr\/webzine\/smart-3-vs-smart-1-ce-quil-faut-savoir\/\" \/>\n<meta property=\"og:locale\" content=\"fr_FR\" \/>\n<meta property=\"og:type\" content=\"article\" \/>\n<meta property=\"og:title\" content=\"Smart #3 vs Smart #1 : ce qu&#039;il faut savoir\" \/>\n<meta property=\"og:description\" content=\"Comparez les Smart #1 et #3 : dimensions, autonomie, performances et usages pour choisir le SUV \u00e9lectrique qui vous convient.\" \/>\n<meta property=\"og:url\" content=\"https:\/\/www.bymycar.fr\/webzine\/smart-3-vs-smart-1-ce-quil-faut-savoir\/\" \/>\n<meta property=\"og:site_name\" content=\"Webzine auto BYmyCAR\" \/>\n<meta property=\"article:published_time\" content=\"2025-12-28T00:00:00+00:00\" \/>\n<meta property=\"article:modified_time\" content=\"2026-01-09T15:17:40+00:00\" \/>\n<meta name=\"author\" content=\"La R\u00e9daction BYmyCAR\" \/>\n<meta name=\"twitter:card\" content=\"summary_large_image\" \/>\n<meta name=\"twitter:label1\" content=\"\u00c9crit par\" \/>\n\t<meta name=\"twitter:data1\" content=\"La R\u00e9daction BYmyCAR\" \/>\n<script type=\"application\/ld+json\" class=\"yoast-schema-graph\">{\"@context\":\"https:\/\/schema.org\",\"@graph\":[{\"@type\":\"Article\",\"@id\":\"https:\/\/www.bymycar.fr\/webzine\/smart-3-vs-smart-1-ce-quil-faut-savoir\/#article\",\"isPartOf\":{\"@id\":\"https:\/\/www.bymycar.fr\/webzine\/smart-3-vs-smart-1-ce-quil-faut-savoir\/\"},\"author\":{\"name\":\"La R\u00e9daction BYmyCAR\",\"@id\":\"https:\/\/www.bymycar.fr\/webzine\/#\/schema\/person\/8d570fe11eb8929f06c1e6d00f4d9689\"},\"headline\":\"Smart #3 vs Smart #1 : ce qu&rsquo;il faut savoir\",\"datePublished\":\"2025-12-28T00:00:00+00:00\",\"dateModified\":\"2026-01-09T15:17:40+00:00\",\"mainEntityOfPage\":{\"@id\":\"https:\/\/www.bymycar.fr\/webzine\/smart-3-vs-smart-1-ce-quil-faut-savoir\/\"},\"wordCount\":8,\"publisher\":{\"@id\":\"https:\/\/www.bymycar.fr\/webzine\/#organization\"},\"articleSection\":[\"Guide d'achat smart\"],\"inLanguage\":\"fr-FR\"},{\"@type\":\"WebPage\",\"@id\":\"https:\/\/www.bymycar.fr\/webzine\/smart-3-vs-smart-1-ce-quil-faut-savoir\/\",\"url\":\"https:\/\/www.bymycar.fr\/webzine\/smart-3-vs-smart-1-ce-quil-faut-savoir\/\",\"name\":\"Smart #3 vs Smart #1 : ce qu'il faut savoir\",\"isPartOf\":{\"@id\":\"https:\/\/www.bymycar.fr\/webzine\/#website\"},\"datePublished\":\"2025-12-28T00:00:00+00:00\",\"dateModified\":\"2026-01-09T15:17:40+00:00\",\"description\":\"Comparez les Smart #1 et #3 : dimensions, autonomie, performances et usages pour choisir le SUV \u00e9lectrique qui vous convient.\",\"breadcrumb\":{\"@id\":\"https:\/\/www.bymycar.fr\/webzine\/smart-3-vs-smart-1-ce-quil-faut-savoir\/#breadcrumb\"},\"inLanguage\":\"fr-FR\",\"potentialAction\":[{\"@type\":\"ReadAction\",\"target\":[\"https:\/\/www.bymycar.fr\/webzine\/smart-3-vs-smart-1-ce-quil-faut-savoir\/\"]}]},{\"@type\":\"BreadcrumbList\",\"@id\":\"https:\/\/www.bymycar.fr\/webzine\/smart-3-vs-smart-1-ce-quil-faut-savoir\/#breadcrumb\",\"itemListElement\":[{\"@type\":\"ListItem\",\"position\":1,\"name\":\"Accueil\",\"item\":\"https:\/\/www.bymycar.fr\/webzine\/\"},{\"@type\":\"ListItem\",\"position\":2,\"name\":\"Smart #3 vs Smart #1 : ce qu&rsquo;il faut savoir\"}]},{\"@type\":\"WebSite\",\"@id\":\"https:\/\/www.bymycar.fr\/webzine\/#website\",\"url\":\"https:\/\/www.bymycar.fr\/webzine\/\",\"name\":\"Webzine auto BYmyCAR\",\"description\":\"La magazine auto de BYmyCAR\",\"publisher\":{\"@id\":\"https:\/\/www.bymycar.fr\/webzine\/#organization\"},\"potentialAction\":[{\"@type\":\"SearchAction\",\"target\":{\"@type\":\"EntryPoint\",\"urlTemplate\":\"https:\/\/www.bymycar.fr\/webzine\/?s={search_term_string}\"},\"query-input\":{\"@type\":\"PropertyValueSpecification\",\"valueRequired\":true,\"valueName\":\"search_term_string\"}}],\"inLanguage\":\"fr-FR\"},{\"@type\":\"Organization\",\"@id\":\"https:\/\/www.bymycar.fr\/webzine\/#organization\",\"name\":\"BYmyCAR\",\"url\":\"https:\/\/www.bymycar.fr\/webzine\/\",\"logo\":{\"@type\":\"ImageObject\",\"inLanguage\":\"fr-FR\",\"@id\":\"https:\/\/www.bymycar.fr\/webzine\/#\/schema\/logo\/image\/\",\"url\":\"https:\/\/cdn.bymycar.eu\/fr-webzine\/wp-content\/uploads\/medias\/2017\/08\/logo_DEALER_00000406_001.png\",\"contentUrl\":\"https:\/\/cdn.bymycar.eu\/fr-webzine\/wp-content\/uploads\/medias\/2017\/08\/logo_DEALER_00000406_001.png\",\"width\":2132,\"height\":720,\"caption\":\"BYmyCAR\"},\"image\":{\"@id\":\"https:\/\/www.bymycar.fr\/webzine\/#\/schema\/logo\/image\/\"}},{\"@type\":\"Person\",\"@id\":\"https:\/\/www.bymycar.fr\/webzine\/#\/schema\/person\/8d570fe11eb8929f06c1e6d00f4d9689\",\"name\":\"La R\u00e9daction BYmyCAR\",\"image\":{\"@type\":\"ImageObject\",\"inLanguage\":\"fr-FR\",\"@id\":\"https:\/\/www.bymycar.fr\/webzine\/#\/schema\/person\/image\/\",\"url\":\"https:\/\/secure.gravatar.com\/avatar\/1aa6b039d0ce106989923af4e2d0f2a0c82bb070d5e449f1b9adf082a5863900?s=96&d=mm&r=g\",\"contentUrl\":\"https:\/\/secure.gravatar.com\/avatar\/1aa6b039d0ce106989923af4e2d0f2a0c82bb070d5e449f1b9adf082a5863900?s=96&d=mm&r=g\",\"caption\":\"La R\u00e9daction BYmyCAR\"},\"sameAs\":[\"https:\/\/www.bymycar.fr\/\"]}]}<\/script>\n<!-- \/ Yoast SEO Premium plugin. -->","yoast_head_json":{"title":"Smart #3 vs Smart #1 : ce qu'il faut savoir","description":"Comparez les Smart #1 et #3 : dimensions, autonomie, performances et usages pour choisir le SUV \u00e9lectrique qui vous convient.","robots":{"index":"index","follow":"follow","max-snippet":"max-snippet:-1","max-image-preview":"max-image-preview:large","max-video-preview":"max-video-preview:-1"},"canonical":"https:\/\/www.bymycar.fr\/webzine\/smart-3-vs-smart-1-ce-quil-faut-savoir\/","og_locale":"fr_FR","og_type":"article","og_title":"Smart #3 vs Smart #1 : ce qu'il faut savoir","og_description":"Comparez les Smart #1 et #3 : dimensions, autonomie, performances et usages pour choisir le SUV \u00e9lectrique qui vous convient.","og_url":"https:\/\/www.bymycar.fr\/webzine\/smart-3-vs-smart-1-ce-quil-faut-savoir\/","og_site_name":"Webzine auto BYmyCAR","article_published_time":"2025-12-28T00:00:00+00:00","article_modified_time":"2026-01-09T15:17:40+00:00","author":"La R\u00e9daction BYmyCAR","twitter_card":"summary_large_image","twitter_misc":{"\u00c9crit par":"La R\u00e9daction BYmyCAR"},"schema":{"@context":"https:\/\/schema.org","@graph":[{"@type":"Article","@id":"https:\/\/www.bymycar.fr\/webzine\/smart-3-vs-smart-1-ce-quil-faut-savoir\/#article","isPartOf":{"@id":"https:\/\/www.bymycar.fr\/webzine\/smart-3-vs-smart-1-ce-quil-faut-savoir\/"},"author":{"name":"La R\u00e9daction BYmyCAR","@id":"https:\/\/www.bymycar.fr\/webzine\/#\/schema\/person\/8d570fe11eb8929f06c1e6d00f4d9689"},"headline":"Smart #3 vs Smart #1 : ce qu&rsquo;il faut savoir","datePublished":"2025-12-28T00:00:00+00:00","dateModified":"2026-01-09T15:17:40+00:00","mainEntityOfPage":{"@id":"https:\/\/www.bymycar.fr\/webzine\/smart-3-vs-smart-1-ce-quil-faut-savoir\/"},"wordCount":8,"publisher":{"@id":"https:\/\/www.bymycar.fr\/webzine\/#organization"},"articleSection":["Guide d'achat smart"],"inLanguage":"fr-FR"},{"@type":"WebPage","@id":"https:\/\/www.bymycar.fr\/webzine\/smart-3-vs-smart-1-ce-quil-faut-savoir\/","url":"https:\/\/www.bymycar.fr\/webzine\/smart-3-vs-smart-1-ce-quil-faut-savoir\/","name":"Smart #3 vs Smart #1 : ce qu'il faut savoir","isPartOf":{"@id":"https:\/\/www.bymycar.fr\/webzine\/#website"},"datePublished":"2025-12-28T00:00:00+00:00","dateModified":"2026-01-09T15:17:40+00:00","description":"Comparez les Smart #1 et #3 : dimensions, autonomie, performances et usages pour choisir le SUV \u00e9lectrique qui vous convient.","breadcrumb":{"@id":"https:\/\/www.bymycar.fr\/webzine\/smart-3-vs-smart-1-ce-quil-faut-savoir\/#breadcrumb"},"inLanguage":"fr-FR","potentialAction":[{"@type":"ReadAction","target":["https:\/\/www.bymycar.fr\/webzine\/smart-3-vs-smart-1-ce-quil-faut-savoir\/"]}]},{"@type":"BreadcrumbList","@id":"https:\/\/www.bymycar.fr\/webzine\/smart-3-vs-smart-1-ce-quil-faut-savoir\/#breadcrumb","itemListElement":[{"@type":"ListItem","position":1,"name":"Accueil","item":"https:\/\/www.bymycar.fr\/webzine\/"},{"@type":"ListItem","position":2,"name":"Smart #3 vs Smart #1 : ce qu&rsquo;il faut savoir"}]},{"@type":"WebSite","@id":"https:\/\/www.bymycar.fr\/webzine\/#website","url":"https:\/\/www.bymycar.fr\/webzine\/","name":"Webzine auto BYmyCAR","description":"La magazine auto de BYmyCAR","publisher":{"@id":"https:\/\/www.bymycar.fr\/webzine\/#organization"},"potentialAction":[{"@type":"SearchAction","target":{"@type":"EntryPoint","urlTemplate":"https:\/\/www.bymycar.fr\/webzine\/?s={search_term_string}"},"query-input":{"@type":"PropertyValueSpecification","valueRequired":true,"valueName":"search_term_string"}}],"inLanguage":"fr-FR"},{"@type":"Organization","@id":"https:\/\/www.bymycar.fr\/webzine\/#organization","name":"BYmyCAR","url":"https:\/\/www.bymycar.fr\/webzine\/","logo":{"@type":"ImageObject","inLanguage":"fr-FR","@id":"https:\/\/www.bymycar.fr\/webzine\/#\/schema\/logo\/image\/","url":"https:\/\/cdn.bymycar.eu\/fr-webzine\/wp-content\/uploads\/medias\/2017\/08\/logo_DEALER_00000406_001.png","contentUrl":"https:\/\/cdn.bymycar.eu\/fr-webzine\/wp-content\/uploads\/medias\/2017\/08\/logo_DEALER_00000406_001.png","width":2132,"height":720,"caption":"BYmyCAR"},"image":{"@id":"https:\/\/www.bymycar.fr\/webzine\/#\/schema\/logo\/image\/"}},{"@type":"Person","@id":"https:\/\/www.bymycar.fr\/webzine\/#\/schema\/person\/8d570fe11eb8929f06c1e6d00f4d9689","name":"La R\u00e9daction BYmyCAR","image":{"@type":"ImageObject","inLanguage":"fr-FR","@id":"https:\/\/www.bymycar.fr\/webzine\/#\/schema\/person\/image\/","url":"https:\/\/secure.gravatar.com\/avatar\/1aa6b039d0ce106989923af4e2d0f2a0c82bb070d5e449f1b9adf082a5863900?s=96&d=mm&r=g","contentUrl":"https:\/\/secure.gravatar.com\/avatar\/1aa6b039d0ce106989923af4e2d0f2a0c82bb070d5e449f1b9adf082a5863900?s=96&d=mm&r=g","caption":"La R\u00e9daction BYmyCAR"},"sameAs":["https:\/\/www.bymycar.fr\/"]}]}},"_links":{"self":[{"href":"https:\/\/www.bymycar.fr\/webzine\/wp-json\/wp\/v2\/posts\/63293","targetHints":{"allow":["GET"]}}],"collection":[{"href":"https:\/\/www.bymycar.fr\/webzine\/wp-json\/wp\/v2\/posts"}],"about":[{"href":"https:\/\/www.bymycar.fr\/webzine\/wp-json\/wp\/v2\/types\/post"}],"author":[{"embeddable":true,"href":"https:\/\/www.bymycar.fr\/webzine\/wp-json\/wp\/v2\/users\/88"}],"replies":[{"embeddable":true,"href":"https:\/\/www.bymycar.fr\/webzine\/wp-json\/wp\/v2\/comments?post=63293"}],"version-history":[{"count":1,"href":"https:\/\/www.bymycar.fr\/webzine\/wp-json\/wp\/v2\/posts\/63293\/revisions"}],"predecessor-version":[{"id":63540,"href":"https:\/\/www.bymycar.fr\/webzine\/wp-json\/wp\/v2\/posts\/63293\/revisions\/63540"}],"wp:attachment":[{"href":"https:\/\/www.bymycar.fr\/webzine\/wp-json\/wp\/v2\/media?parent=63293"}],"wp:term":[{"taxonomy":"category","embeddable":true,"href":"https:\/\/www.bymycar.fr\/webzine\/wp-json\/wp\/v2\/categories?post=63293"},{"taxonomy":"post_tag","embeddable":true,"href":"https:\/\/www.bymycar.fr\/webzine\/wp-json\/wp\/v2\/tags?post=63293"}],"curies":[{"name":"wp","href":"https:\/\/api.w.org\/{rel}","templated":true}]}}