{"id":63292,"date":"2025-12-28T00:00:00","date_gmt":"2025-12-28T00:00:00","guid":{"rendered":"https:\/\/www.bymycar.fr\/webzine\/?p=63292"},"modified":"2026-01-09T16:17:39","modified_gmt":"2026-01-09T15:17:39","slug":"smart-5-vs-smart-3-le-comparatif-complet","status":"publish","type":"post","link":"https:\/\/www.bymycar.fr\/webzine\/smart-5-vs-smart-3-le-comparatif-complet\/","title":{"rendered":"Smart #5 vs Smart #3 : le comparatif complet"},"content":{"rendered":"","protected":false},"excerpt":{"rendered":"","protected":false},"author":88,"featured_media":0,"comment_status":"closed","ping_status":"open","sticky":false,"template":"","format":"standard","meta":{"_acf_changed":false,"footnotes":""},"categories":[12926],"tags":[],"class_list":["post-63292","post","type-post","status-publish","format-standard","hentry","category-guide-dachat-smart"],"acf":{"page_content":{"block_content":[{"acf_fc_layout":"text-simple","--nav":{"-withNav":false,"-ancre":""},"--group":{"-text":"<h2>Ce qu&rsquo;il faut retenir<\/h2>\n<p>Voici les points essentiels pour choisir entre ces deux SUV \u00e9lectriques Smart :<\/p>\n<ul>\n<li><strong>La Smart #3 excelle en milieu urbain<\/strong> : plus compacte (4,40 m), elle offre une autonomie jusqu&rsquo;\u00e0 455 km et une consommation efficiente de 16,3 kWh\/100 km, id\u00e9ale pour vos trajets quotidiens ;<\/li>\n<li><strong>La Smart #5 privil\u00e9gie l&rsquo;espace et les longs trajets<\/strong> : avec ses 4,71 m de longueur, 630 litres de coffre et jusqu&rsquo;\u00e0 590 km d&rsquo;autonomie, elle accompagne parfaitement vos voyages familiaux ;<\/li>\n<li><strong>Les performances impressionnent sur les deux mod\u00e8les<\/strong> : de 272 \u00e0 428 ch pour la Smart #3 et de 340 \u00e0 646 ch pour la Smart #5, avec des versions Brabus ultra-sportives atteignant 210 km\/h de vitesse maximale.<\/li>\n<\/ul>\n<h2>Dimensions et espace \u00e0 bord : Smart #3 vs Smart #5<\/h2>\n<p>La <a data-mce-href=\"https:\/\/www.bymycar.fr\/v\/smart-#3-occasion\" href=\"https:\/\/www.bymycar.fr\/v\/smart-#3-occasion\">Smart #3<\/a> et la <a data-mce-href=\"https:\/\/www.bymycar.fr\/v\/smart-#5-occasion\" href=\"https:\/\/www.bymycar.fr\/v\/smart-#5-occasion\">Smart #5<\/a> sont deux v\u00e9hicules aux gabarits bien distincts. La #3, compacte et urbaine, offre un bon \u00e9quilibre entre maniabilit\u00e9 et praticit\u00e9 pour s\u00e9duire les conducteurs urbains recherchant une solution \u00e9lectrique polyvalente. La #5, plus imposante, a pour vocation d&rsquo;accompagner les familles sur de longs trajets avec un maximum d&rsquo;espace et de confort.<\/p>\n<table>\n<thead>\n<tr>\n<th>Caract\u00e9ristiques<\/th>\n<th>Smart #3<\/th>\n<th>Smart #5<\/th>\n<\/tr>\n<\/thead>\n<tbody>\n<tr>\n<td>Longueur<\/td>\n<td>4,40 m<\/td>\n<td>4,71 m<\/td>\n<\/tr>\n<tr>\n<td>Volume de coffre min.<\/td>\n<td>370 L<\/td>\n<td>630 L<\/td>\n<\/tr>\n<tr>\n<td>Volume de coffre max.<\/td>\n<td>1 160 L<\/td>\n<td>1 530 L<\/td>\n<\/tr>\n<\/tbody>\n<\/table>\n<h2>Batteries et autonomie des Smart \u00e9lectriques #3 et #5<\/h2>\n<p>La Smart #3 se distingue par ses batteries de 47 \u00e0 62 kWh offrant une autonomie WLTP de 325 \u00e0 455 km selon les versions. La gamme Smart \u00e9lectrique propose des moteurs adapt\u00e9s \u00e0 chaque mode de conduite. Sa consommation reste tr\u00e8s efficiente entre 16,3 et 17,6 kWh\/100 km.<\/p>\n<p>La Smart #5 impressionne avec ses batteries plus puissantes de 74 \u00e0 94 kWh et son architecture 800 V permettant une recharge ultra-rapide en seulement 15 minutes (10-80 %). Son autonomie atteint jusqu&rsquo;\u00e0 590 km WLTP, id\u00e9ale pour les longs trajets, avec une consommation de 18,4 \u00e0 19,9 kWh\/100 km.<\/p>\n<h2>Motorisations, 4&#215;4 et versions Brabus : lequel acc\u00e9l\u00e8re le plus ?<\/h2>\n<p>La Smart #3 d\u00e9livre entre 272 ch (version propulsion) et 428 ch (Brabus 4&#215;4), catapultant cette derni\u00e8re de 0 \u00e0 100 km\/h en seulement 3,7 s. La Smart #5 surench\u00e9rit avec 340 \u00e0 646 ch selon les finitions, atteignant une vitesse maximale de 210 km\/h. <\/p>\n<p>Si vous souhaitez comparer ces performances avec d&rsquo;autres v\u00e9hicules \u00e9lectriques du march\u00e9, voici les couples maximaux des versions les plus puissantes :<\/p>\n<ul>\n<li>Smart #3 Brabus : environ 543 Nm ;<\/li>\n<li>Smart #5 Pulse 4&#215;4 : 643 Nm ;<\/li>\n<li>Smart #5 Brabus : jusqu&rsquo;\u00e0 710 Nm.<\/li>\n<\/ul>\n<p>Ces valeurs impressionnantes garantissent des reprises foudroyantes sur autoroute, m\u00eame \u00e0 pleine charge.<\/p>\n<h2>Vie \u00e0 bord des SUV Smart #3 et #5<\/h2>\n<p>Au premier coup d&rsquo;\u0153il, la Smart #3 s\u00e9duit par sa l\u00e9g\u00e8ret\u00e9 (1 780 \u00e0 1 910 kg) et son agilit\u00e9 en milieu urbain. Son habitacle raffin\u00e9, \u00e9quip\u00e9 de si\u00e8ges baquets et d&rsquo;un syst\u00e8me audio Beats, refl\u00e8te son positionnement premium tout en conservant une habitabilit\u00e9 familiale confortable.<\/p>\n<p>La Smart #5, plus imposante (2 200 \u00e0 2 378 kg), privil\u00e9gie l&rsquo;exp\u00e9rience des longs trajets avec ses si\u00e8ges \u00ab z\u00e9ro gravit\u00e9 \u00bb inclinables \u00e0 121 degr\u00e9s et sa technologie avanc\u00e9e comprenant jusqu&rsquo;\u00e0 trois \u00e9crans haute d\u00e9finition et un affichage t\u00eate haute \u00e0 r\u00e9alit\u00e9 augment\u00e9e. Son espace g\u00e9n\u00e9reux et son toit panoramique de s\u00e9rie renforcent l&rsquo;impression d&rsquo;exclusivit\u00e9.<\/p>\n<h2>Comment choisir selon votre profil (Smart #5 vs Smart #3)<\/h2>\n<p>La Smart #3 est id\u00e9ale si vous privil\u00e9giez la maniabilit\u00e9 et un budget ma\u00eetris\u00e9, avec une autonomie jusqu&rsquo;\u00e0 455 km et un format compact. La #5, plus spacieuse et puissante, offre jusqu&rsquo;\u00e0 590 km d&rsquo;autonomie et une recharge ultra-rapide. Le constructeur propose ces deux mod\u00e8les selon vos besoins : trajets urbains ou grands voyages.<\/p>\n<p>Pour conna\u00eetre les tarifs et options disponibles, nos conseillers BYmyCAR sont \u00e0 votre disposition pour vous accompagner dans votre choix.<\/p>\n<h2>FAQ : tout savoir sur la nouvelle Smart #5<\/h2>\n<h3>Quel est le tarif de la Smart #5 ?<\/h3>\n<p>Pour conna\u00eetre les tarifs pr\u00e9cis des diff\u00e9rentes versions de la nouvelle Smart #5, nous vous invitons \u00e0 contacter directement nos conseillers BYmyCAR qui vous proposeront les meilleures offres adapt\u00e9es \u00e0 votre budget.<\/p>\n<h3>Quelle est la date de sortie de la Smart #5 ?<\/h3>\n<p>La Smart #5 sera prochainement disponible en France, avec les premi\u00e8res livraisons pr\u00e9vues pour les clients ayant r\u00e9serv\u00e9 leur v\u00e9hicule. Contactez nos conseillers pour conna\u00eetre les d\u00e9lais actualis\u00e9s.<\/p>\n<h2>Pour en savoir plus<\/h2>\n<h3>Sources :<\/h3>\n<ul>\n<li><a href=\"https:\/\/uk.smart.com\/en\/models\/hashtag-three\/\" target=\"_blank\" data-mce-href=\"https:\/\/uk.smart.com\/en\/models\/hashtag-three\/\">smart #3 \u2013 Discover the aerodynamic electric coupe<\/a>\u200b<\/li>\n<li><a href=\"https:\/\/en.wikipedia.org\/wiki\/Smart_3\" target=\"_blank\" data-mce-href=\"https:\/\/en.wikipedia.org\/wiki\/Smart_3\">Smart 3 &#8211; Wikipedia<\/a>\u200b<\/li>\n<li><a href=\"https:\/\/ev-database.org\/car\/2054\/Smart-3-Premium\" target=\"_blank\" data-mce-href=\"https:\/\/ev-database.org\/car\/2054\/Smart-3-Premium\">Smart #3 Premium (2024-2025) price and specifications<\/a>\u200b<\/li>\n<li><a href=\"https:\/\/www.evspecs.org\/tech-specs\/smart\/smart3\/3\" target=\"_blank\" data-mce-href=\"https:\/\/www.evspecs.org\/tech-specs\/smart\/smart3\/3\">Smart #3 &#8211; tech specs and prices &#8211; EVspecs<\/a>\u200b<\/li>\n<li><a href=\"https:\/\/www.carexpert.com.au\/car-reviews\/2025-smart-3-review\" target=\"_blank\" data-mce-href=\"https:\/\/www.carexpert.com.au\/car-reviews\/2025-smart-3-review\">2025 Smart #3 review &#8211; CarExpert<\/a>\u200b<\/li>\n<li><a href=\"https:\/\/www.electrifying.com\/reviews\/smart-reviews\/3\/review\" target=\"_blank\" data-mce-href=\"https:\/\/www.electrifying.com\/reviews\/smart-reviews\/3\/review\">Smart #3 Review &amp; Buying Guide 2025 | Electrifying<\/a> \u200b<\/li>\n<li><a href=\"https:\/\/media.smart.com\/uk\/download\/55d69b4e-5dcf-438e-a25a-d3e19b0aec16\/smart3vehiclespecificationsheet.docx\" target=\"_blank\" data-mce-href=\"https:\/\/media.smart.com\/uk\/download\/55d69b4e-5dcf-438e-a25a-d3e19b0aec16\/smart3vehiclespecificationsheet.docx\">smart #3 Vehicle Specification Sheet<\/a>\u200b<\/li>\n<li><a href=\"https:\/\/www.topgear.com\/car-reviews\/smart\/3\" target=\"_blank\" data-mce-href=\"https:\/\/www.topgear.com\/car-reviews\/smart\/3\">Smart #3 Review 2025 &#8211; Top Gear<\/a>\u200b<\/li>\n<li><a href=\"https:\/\/uk.smart.com\/en\/models\/hashtag-five\/\" target=\"_blank\" data-mce-href=\"https:\/\/uk.smart.com\/en\/models\/hashtag-five\/\">smart #5 \u2013 Discover Our Robust Electric SUV<\/a>\u200b<\/li>\n<li><a href=\"https:\/\/en.wikipedia.org\/wiki\/Smart_5\" target=\"_blank\" data-mce-href=\"https:\/\/en.wikipedia.org\/wiki\/Smart_5\">Smart 5<\/a>\u200b<\/li>\n<li><a href=\"https:\/\/ev-database.org\/car\/3143\/Smart-5-Premium\" target=\"_blank\" data-mce-href=\"https:\/\/ev-database.org\/car\/3143\/Smart-5-Premium\">Smart #5 Premium (MY25) (2025) price and specifications<\/a>\u200b<\/li>\n<li><a href=\"https:\/\/www.auto-data.net\/en\/smart-5-76-kwh-340hp-electric-53973\" target=\"_blank\" data-mce-href=\"https:\/\/www.auto-data.net\/en\/smart-5-76-kwh-340hp-electric-53973\">Specs of Smart #5 76 kWh (340 Hp) Electric \/2025<\/a>\u200b<\/li>\n<li><a href=\"https:\/\/www.carwow.co.uk\/smart\/smart-5\" target=\"_blank\" data-mce-href=\"https:\/\/www.carwow.co.uk\/smart\/smart-5\">Smart #5 Review 2026 | Performance &amp; Pricing &#8211; Carwow<\/a> \u200b<\/li>\n<li><a href=\"https:\/\/www.electrifying.com\/reviews\/smart-car-reviews\/5\/review\" target=\"_blank\" data-mce-href=\"https:\/\/www.electrifying.com\/reviews\/smart-car-reviews\/5\/review\">Smart #5 Review &amp; Buying Guide 2025 | Electrifying<\/a> \u200b<\/li>\n<li><a href=\"https:\/\/www.brabus.com\/en-es\/coops\/brabus-x-smart\/smart5.html\" target=\"_blank\" data-mce-href=\"https:\/\/www.brabus.com\/en-es\/coops\/brabus-x-smart\/smart5.html\">smart #5 BRABUS<\/a>\u200b<\/li>\n<li><a href=\"https:\/\/evkx.net\/models\/smart\/hash5\/hash5_brabus\/\" target=\"_blank\" data-mce-href=\"https:\/\/evkx.net\/models\/smart\/hash5\/hash5_brabus\/\">Smart #5 BRABUS \u2013 Full Specs, Features, Range &amp; Comparison<\/a>\u200b<\/li>\n<li><a href=\"https:\/\/www.autoapp.sg\/smart-5-pro-76-kwh-review\/\" target=\"_blank\" data-mce-href=\"https:\/\/www.autoapp.sg\/smart-5-pro-76-kwh-review\/\">smart #5 Pro 76 kWh Review &#8211; AutoApp<\/a>\u200b<\/li>\n<li><a href=\"https:\/\/www.straitstimes.com\/life\/motoring\/car-review-smart-packs-5-with-space-comfort-and-efficiency\" target=\"_blank\" data-mce-href=\"https:\/\/www.straitstimes.com\/life\/motoring\/car-review-smart-packs-5-with-space-comfort-and-efficiency\">Car review: Smart packs #5 with space, comfort and efficiency<\/a>\u200b<\/li>\n<li><a href=\"https:\/\/www.carzine.gr\/wp-content\/uploads\/2025\/03\/smart-5-specs-1.pdf\" target=\"_blank\" data-mce-href=\"https:\/\/www.carzine.gr\/wp-content\/uploads\/2025\/03\/smart-5-specs-1.pdf\">smart #5 \u2013 Pro Pro+ Premium Pulse Summit Edition Specs (PDF)<\/a>\u200b<\/li>\n<li><a href=\"https:\/\/uk.driveduel.de\/compare\/smart\/3\/vs\/smart\/5\" target=\"_blank\" data-mce-href=\"https:\/\/uk.driveduel.de\/compare\/smart\/3\/vs\/smart\/5\">smart #3 vs smart #5 \u2013 Which car suits you better? &#8211; DriveDuel<\/a><\/li>\n<\/ul>\n<p><\/p>\n"}}]},"introduction":"<p><a data-mce-href=\"https:\/\/www.bymycar.fr\/v\/smart-occasion\" href=\"https:\/\/www.bymycar.fr\/v\/smart-occasion\">Le constructeur Smart<\/a> propose deux <a data-mce-href=\"https:\/\/www.bymycar.fr\/v\/suv-occasion\" href=\"https:\/\/www.bymycar.fr\/v\/suv-occasion\">SUV<\/a> \u00e9lectriques aux caract\u00e9ristiques distinctes. La nouvelle Smart #5, plus spacieuse avec ses 630 litres de coffre et son autonomie atteignant 590 km, s&rsquo;oriente vers les grands voyages. La Smart #3, plus compacte et efficiente, convient parfaitement \u00e0 un usage urbain tout en offrant des performances remarquables. Deux propositions compl\u00e9mentaires pour r\u00e9pondre \u00e0 vos besoins sp\u00e9cifiques.<\/p>\n","add-carousel-to-footer":true},"yoast_head":"<!-- This site is optimized with the Yoast SEO Premium plugin v26.4 (Yoast SEO v26.4) - https:\/\/yoast.com\/wordpress\/plugins\/seo\/ -->\n<title>Smart #5 vs Smart #3 : le comparatif complet<\/title>\n<meta name=\"description\" content=\"Comparez les mod\u00e8les smart #5 et smart #3 : dimensions, autonomie, performances et conseils BYmyCAR pour choisir votre SUV id\u00e9al.\" \/>\n<meta name=\"robots\" content=\"index, follow, max-snippet:-1, max-image-preview:large, max-video-preview:-1\" \/>\n<link rel=\"canonical\" href=\"https:\/\/www.bymycar.fr\/webzine\/smart-5-vs-smart-3-le-comparatif-complet\/\" \/>\n<meta property=\"og:locale\" content=\"fr_FR\" \/>\n<meta property=\"og:type\" content=\"article\" \/>\n<meta property=\"og:title\" content=\"Smart #5 vs Smart #3 : le comparatif complet\" \/>\n<meta property=\"og:description\" content=\"Comparez les mod\u00e8les smart #5 et smart #3 : dimensions, autonomie, performances et conseils BYmyCAR pour choisir votre SUV id\u00e9al.\" \/>\n<meta property=\"og:url\" content=\"https:\/\/www.bymycar.fr\/webzine\/smart-5-vs-smart-3-le-comparatif-complet\/\" \/>\n<meta property=\"og:site_name\" content=\"Webzine auto BYmyCAR\" \/>\n<meta property=\"article:published_time\" content=\"2025-12-28T00:00:00+00:00\" \/>\n<meta property=\"article:modified_time\" content=\"2026-01-09T15:17:39+00:00\" \/>\n<meta name=\"author\" content=\"La R\u00e9daction BYmyCAR\" \/>\n<meta name=\"twitter:card\" content=\"summary_large_image\" \/>\n<meta name=\"twitter:label1\" content=\"\u00c9crit par\" \/>\n\t<meta name=\"twitter:data1\" content=\"La R\u00e9daction BYmyCAR\" \/>\n<script type=\"application\/ld+json\" class=\"yoast-schema-graph\">{\"@context\":\"https:\/\/schema.org\",\"@graph\":[{\"@type\":\"Article\",\"@id\":\"https:\/\/www.bymycar.fr\/webzine\/smart-5-vs-smart-3-le-comparatif-complet\/#article\",\"isPartOf\":{\"@id\":\"https:\/\/www.bymycar.fr\/webzine\/smart-5-vs-smart-3-le-comparatif-complet\/\"},\"author\":{\"name\":\"La R\u00e9daction BYmyCAR\",\"@id\":\"https:\/\/www.bymycar.fr\/webzine\/#\/schema\/person\/8d570fe11eb8929f06c1e6d00f4d9689\"},\"headline\":\"Smart #5 vs Smart #3 : le comparatif complet\",\"datePublished\":\"2025-12-28T00:00:00+00:00\",\"dateModified\":\"2026-01-09T15:17:39+00:00\",\"mainEntityOfPage\":{\"@id\":\"https:\/\/www.bymycar.fr\/webzine\/smart-5-vs-smart-3-le-comparatif-complet\/\"},\"wordCount\":6,\"publisher\":{\"@id\":\"https:\/\/www.bymycar.fr\/webzine\/#organization\"},\"articleSection\":[\"Guide d'achat smart\"],\"inLanguage\":\"fr-FR\"},{\"@type\":\"WebPage\",\"@id\":\"https:\/\/www.bymycar.fr\/webzine\/smart-5-vs-smart-3-le-comparatif-complet\/\",\"url\":\"https:\/\/www.bymycar.fr\/webzine\/smart-5-vs-smart-3-le-comparatif-complet\/\",\"name\":\"Smart #5 vs Smart #3 : le comparatif complet\",\"isPartOf\":{\"@id\":\"https:\/\/www.bymycar.fr\/webzine\/#website\"},\"datePublished\":\"2025-12-28T00:00:00+00:00\",\"dateModified\":\"2026-01-09T15:17:39+00:00\",\"description\":\"Comparez les mod\u00e8les smart #5 et smart #3 : dimensions, autonomie, performances et conseils BYmyCAR pour choisir votre SUV id\u00e9al.\",\"breadcrumb\":{\"@id\":\"https:\/\/www.bymycar.fr\/webzine\/smart-5-vs-smart-3-le-comparatif-complet\/#breadcrumb\"},\"inLanguage\":\"fr-FR\",\"potentialAction\":[{\"@type\":\"ReadAction\",\"target\":[\"https:\/\/www.bymycar.fr\/webzine\/smart-5-vs-smart-3-le-comparatif-complet\/\"]}]},{\"@type\":\"BreadcrumbList\",\"@id\":\"https:\/\/www.bymycar.fr\/webzine\/smart-5-vs-smart-3-le-comparatif-complet\/#breadcrumb\",\"itemListElement\":[{\"@type\":\"ListItem\",\"position\":1,\"name\":\"Accueil\",\"item\":\"https:\/\/www.bymycar.fr\/webzine\/\"},{\"@type\":\"ListItem\",\"position\":2,\"name\":\"Smart #5 vs Smart #3 : le comparatif complet\"}]},{\"@type\":\"WebSite\",\"@id\":\"https:\/\/www.bymycar.fr\/webzine\/#website\",\"url\":\"https:\/\/www.bymycar.fr\/webzine\/\",\"name\":\"Webzine auto BYmyCAR\",\"description\":\"La magazine auto de BYmyCAR\",\"publisher\":{\"@id\":\"https:\/\/www.bymycar.fr\/webzine\/#organization\"},\"potentialAction\":[{\"@type\":\"SearchAction\",\"target\":{\"@type\":\"EntryPoint\",\"urlTemplate\":\"https:\/\/www.bymycar.fr\/webzine\/?s={search_term_string}\"},\"query-input\":{\"@type\":\"PropertyValueSpecification\",\"valueRequired\":true,\"valueName\":\"search_term_string\"}}],\"inLanguage\":\"fr-FR\"},{\"@type\":\"Organization\",\"@id\":\"https:\/\/www.bymycar.fr\/webzine\/#organization\",\"name\":\"BYmyCAR\",\"url\":\"https:\/\/www.bymycar.fr\/webzine\/\",\"logo\":{\"@type\":\"ImageObject\",\"inLanguage\":\"fr-FR\",\"@id\":\"https:\/\/www.bymycar.fr\/webzine\/#\/schema\/logo\/image\/\",\"url\":\"https:\/\/cdn.bymycar.eu\/fr-webzine\/wp-content\/uploads\/medias\/2017\/08\/logo_DEALER_00000406_001.png\",\"contentUrl\":\"https:\/\/cdn.bymycar.eu\/fr-webzine\/wp-content\/uploads\/medias\/2017\/08\/logo_DEALER_00000406_001.png\",\"width\":2132,\"height\":720,\"caption\":\"BYmyCAR\"},\"image\":{\"@id\":\"https:\/\/www.bymycar.fr\/webzine\/#\/schema\/logo\/image\/\"}},{\"@type\":\"Person\",\"@id\":\"https:\/\/www.bymycar.fr\/webzine\/#\/schema\/person\/8d570fe11eb8929f06c1e6d00f4d9689\",\"name\":\"La R\u00e9daction BYmyCAR\",\"image\":{\"@type\":\"ImageObject\",\"inLanguage\":\"fr-FR\",\"@id\":\"https:\/\/www.bymycar.fr\/webzine\/#\/schema\/person\/image\/\",\"url\":\"https:\/\/secure.gravatar.com\/avatar\/1aa6b039d0ce106989923af4e2d0f2a0c82bb070d5e449f1b9adf082a5863900?s=96&d=mm&r=g\",\"contentUrl\":\"https:\/\/secure.gravatar.com\/avatar\/1aa6b039d0ce106989923af4e2d0f2a0c82bb070d5e449f1b9adf082a5863900?s=96&d=mm&r=g\",\"caption\":\"La R\u00e9daction BYmyCAR\"},\"sameAs\":[\"https:\/\/www.bymycar.fr\/\"]}]}<\/script>\n<!-- \/ Yoast SEO Premium plugin. -->","yoast_head_json":{"title":"Smart #5 vs Smart #3 : le comparatif complet","description":"Comparez les mod\u00e8les smart #5 et smart #3 : dimensions, autonomie, performances et conseils BYmyCAR pour choisir votre SUV id\u00e9al.","robots":{"index":"index","follow":"follow","max-snippet":"max-snippet:-1","max-image-preview":"max-image-preview:large","max-video-preview":"max-video-preview:-1"},"canonical":"https:\/\/www.bymycar.fr\/webzine\/smart-5-vs-smart-3-le-comparatif-complet\/","og_locale":"fr_FR","og_type":"article","og_title":"Smart #5 vs Smart #3 : le comparatif complet","og_description":"Comparez les mod\u00e8les smart #5 et smart #3 : dimensions, autonomie, performances et conseils BYmyCAR pour choisir votre SUV id\u00e9al.","og_url":"https:\/\/www.bymycar.fr\/webzine\/smart-5-vs-smart-3-le-comparatif-complet\/","og_site_name":"Webzine auto BYmyCAR","article_published_time":"2025-12-28T00:00:00+00:00","article_modified_time":"2026-01-09T15:17:39+00:00","author":"La R\u00e9daction BYmyCAR","twitter_card":"summary_large_image","twitter_misc":{"\u00c9crit par":"La R\u00e9daction BYmyCAR"},"schema":{"@context":"https:\/\/schema.org","@graph":[{"@type":"Article","@id":"https:\/\/www.bymycar.fr\/webzine\/smart-5-vs-smart-3-le-comparatif-complet\/#article","isPartOf":{"@id":"https:\/\/www.bymycar.fr\/webzine\/smart-5-vs-smart-3-le-comparatif-complet\/"},"author":{"name":"La R\u00e9daction BYmyCAR","@id":"https:\/\/www.bymycar.fr\/webzine\/#\/schema\/person\/8d570fe11eb8929f06c1e6d00f4d9689"},"headline":"Smart #5 vs Smart #3 : le comparatif complet","datePublished":"2025-12-28T00:00:00+00:00","dateModified":"2026-01-09T15:17:39+00:00","mainEntityOfPage":{"@id":"https:\/\/www.bymycar.fr\/webzine\/smart-5-vs-smart-3-le-comparatif-complet\/"},"wordCount":6,"publisher":{"@id":"https:\/\/www.bymycar.fr\/webzine\/#organization"},"articleSection":["Guide d'achat smart"],"inLanguage":"fr-FR"},{"@type":"WebPage","@id":"https:\/\/www.bymycar.fr\/webzine\/smart-5-vs-smart-3-le-comparatif-complet\/","url":"https:\/\/www.bymycar.fr\/webzine\/smart-5-vs-smart-3-le-comparatif-complet\/","name":"Smart #5 vs Smart #3 : le comparatif complet","isPartOf":{"@id":"https:\/\/www.bymycar.fr\/webzine\/#website"},"datePublished":"2025-12-28T00:00:00+00:00","dateModified":"2026-01-09T15:17:39+00:00","description":"Comparez les mod\u00e8les smart #5 et smart #3 : dimensions, autonomie, performances et conseils BYmyCAR pour choisir votre SUV id\u00e9al.","breadcrumb":{"@id":"https:\/\/www.bymycar.fr\/webzine\/smart-5-vs-smart-3-le-comparatif-complet\/#breadcrumb"},"inLanguage":"fr-FR","potentialAction":[{"@type":"ReadAction","target":["https:\/\/www.bymycar.fr\/webzine\/smart-5-vs-smart-3-le-comparatif-complet\/"]}]},{"@type":"BreadcrumbList","@id":"https:\/\/www.bymycar.fr\/webzine\/smart-5-vs-smart-3-le-comparatif-complet\/#breadcrumb","itemListElement":[{"@type":"ListItem","position":1,"name":"Accueil","item":"https:\/\/www.bymycar.fr\/webzine\/"},{"@type":"ListItem","position":2,"name":"Smart #5 vs Smart #3 : le comparatif complet"}]},{"@type":"WebSite","@id":"https:\/\/www.bymycar.fr\/webzine\/#website","url":"https:\/\/www.bymycar.fr\/webzine\/","name":"Webzine auto BYmyCAR","description":"La magazine auto de BYmyCAR","publisher":{"@id":"https:\/\/www.bymycar.fr\/webzine\/#organization"},"potentialAction":[{"@type":"SearchAction","target":{"@type":"EntryPoint","urlTemplate":"https:\/\/www.bymycar.fr\/webzine\/?s={search_term_string}"},"query-input":{"@type":"PropertyValueSpecification","valueRequired":true,"valueName":"search_term_string"}}],"inLanguage":"fr-FR"},{"@type":"Organization","@id":"https:\/\/www.bymycar.fr\/webzine\/#organization","name":"BYmyCAR","url":"https:\/\/www.bymycar.fr\/webzine\/","logo":{"@type":"ImageObject","inLanguage":"fr-FR","@id":"https:\/\/www.bymycar.fr\/webzine\/#\/schema\/logo\/image\/","url":"https:\/\/cdn.bymycar.eu\/fr-webzine\/wp-content\/uploads\/medias\/2017\/08\/logo_DEALER_00000406_001.png","contentUrl":"https:\/\/cdn.bymycar.eu\/fr-webzine\/wp-content\/uploads\/medias\/2017\/08\/logo_DEALER_00000406_001.png","width":2132,"height":720,"caption":"BYmyCAR"},"image":{"@id":"https:\/\/www.bymycar.fr\/webzine\/#\/schema\/logo\/image\/"}},{"@type":"Person","@id":"https:\/\/www.bymycar.fr\/webzine\/#\/schema\/person\/8d570fe11eb8929f06c1e6d00f4d9689","name":"La R\u00e9daction BYmyCAR","image":{"@type":"ImageObject","inLanguage":"fr-FR","@id":"https:\/\/www.bymycar.fr\/webzine\/#\/schema\/person\/image\/","url":"https:\/\/secure.gravatar.com\/avatar\/1aa6b039d0ce106989923af4e2d0f2a0c82bb070d5e449f1b9adf082a5863900?s=96&d=mm&r=g","contentUrl":"https:\/\/secure.gravatar.com\/avatar\/1aa6b039d0ce106989923af4e2d0f2a0c82bb070d5e449f1b9adf082a5863900?s=96&d=mm&r=g","caption":"La R\u00e9daction BYmyCAR"},"sameAs":["https:\/\/www.bymycar.fr\/"]}]}},"_links":{"self":[{"href":"https:\/\/www.bymycar.fr\/webzine\/wp-json\/wp\/v2\/posts\/63292","targetHints":{"allow":["GET"]}}],"collection":[{"href":"https:\/\/www.bymycar.fr\/webzine\/wp-json\/wp\/v2\/posts"}],"about":[{"href":"https:\/\/www.bymycar.fr\/webzine\/wp-json\/wp\/v2\/types\/post"}],"author":[{"embeddable":true,"href":"https:\/\/www.bymycar.fr\/webzine\/wp-json\/wp\/v2\/users\/88"}],"replies":[{"embeddable":true,"href":"https:\/\/www.bymycar.fr\/webzine\/wp-json\/wp\/v2\/comments?post=63292"}],"version-history":[{"count":1,"href":"https:\/\/www.bymycar.fr\/webzine\/wp-json\/wp\/v2\/posts\/63292\/revisions"}],"predecessor-version":[{"id":63539,"href":"https:\/\/www.bymycar.fr\/webzine\/wp-json\/wp\/v2\/posts\/63292\/revisions\/63539"}],"wp:attachment":[{"href":"https:\/\/www.bymycar.fr\/webzine\/wp-json\/wp\/v2\/media?parent=63292"}],"wp:term":[{"taxonomy":"category","embeddable":true,"href":"https:\/\/www.bymycar.fr\/webzine\/wp-json\/wp\/v2\/categories?post=63292"},{"taxonomy":"post_tag","embeddable":true,"href":"https:\/\/www.bymycar.fr\/webzine\/wp-json\/wp\/v2\/tags?post=63292"}],"curies":[{"name":"wp","href":"https:\/\/api.w.org\/{rel}","templated":true}]}}