{"id":63291,"date":"2025-12-28T00:00:00","date_gmt":"2025-12-28T00:00:00","guid":{"rendered":"https:\/\/www.bymycar.fr\/webzine\/?p=63291"},"modified":"2026-01-05T10:26:20","modified_gmt":"2026-01-05T09:26:20","slug":"prix-smart-1-neuve-ou-occasion-comment-bien-choisir","status":"publish","type":"post","link":"https:\/\/www.bymycar.fr\/webzine\/prix-smart-1-neuve-ou-occasion-comment-bien-choisir\/","title":{"rendered":"Prix Smart #1 : neuve ou occasion, comment bien choisir ?"},"content":{"rendered":"","protected":false},"excerpt":{"rendered":"","protected":false},"author":88,"featured_media":0,"comment_status":"closed","ping_status":"open","sticky":false,"template":"","format":"standard","meta":{"_acf_changed":false,"footnotes":""},"categories":[12926],"tags":[],"class_list":["post-63291","post","type-post","status-publish","format-standard","hentry","category-guide-dachat-smart"],"acf":{"page_content":{"block_content":[{"acf_fc_layout":"text-simple","--nav":{"-withNav":false,"-ancre":""},"--group":{"-text":"<h2>Ce qu&rsquo;il faut retenir<\/h2>\n<ul>\n<li><strong>Le prix de la Smart #1 neuve<\/strong> varie selon la finition choisie (Pro+, Premium, Brabus avec 272 \u00e0 428 ch), les \u00e9quipements et le mode de financement, avec un accompagnement personnalis\u00e9 par nos conseillers BYmyCAR pour optimiser votre budget ;<\/li>\n<li><strong>L&rsquo;occasion offre une \u00e9conomie imm\u00e9diate<\/strong> tout en conservant les performances exceptionnelles et l&rsquo;\u00e9tat optimal de la batterie 66 kWh sur les mod\u00e8les r\u00e9cents peu kilom\u00e9tr\u00e9s ;<\/li>\n<li><strong>Le choix entre neuf et occasion<\/strong> d\u00e9pend de vos priorit\u00e9s : personnalisation compl\u00e8te et garanties pour le neuf, ou \u00e9conomie et performances pr\u00e9serv\u00e9es pour l&rsquo;occasion, nos experts vous accompagnant dans cette d\u00e9cision selon vos capacit\u00e9s de remboursement.<\/li>\n<\/ul>\n<h2>Smart #1 neuve : une voiture \u00e9lectrique qui s&rsquo;adapte \u00e0 vos envies<\/h2>\n<p>La Smart #1 se pr\u00e9sente comme un <a data-mce-href=\"https:\/\/www.bymycar.fr\/v\/suv-occasion\" href=\"https:\/\/www.bymycar.fr\/v\/suv-occasion\">SUV<\/a> \u00e9lectrique compact qui s&rsquo;adapte parfaitement \u00e0 vos besoins. Disponible en plusieurs finitions (Pro+, Premium, Brabus), cette voiture \u00e9lectrique offre diff\u00e9rentes options de personnalisation. La version \u00e9quip\u00e9e d&rsquo;une batterie de 66 kWh avec une puissance de 272 ch garantit une exp\u00e9rience de conduite dynamique et agr\u00e9able.<\/p>\n<p>Pour d\u00e9couvrir la Smart #1 qui vous convient, rendez-vous dans l&rsquo;une de nos concessions BYmyCAR en Bourgogne-Franche-Comt\u00e9 ou en Pays de la Loire. Nos conseillers vous proposeront des offres adapt\u00e9es \u00e0 vos attentes, avec diff\u00e9rentes options de finition, de batterie et d&rsquo;\u00e9quipements.<\/p>\n<p>L&rsquo;achat d&rsquo;une Smart #1 neuve vous offre plusieurs avantages :<\/p>\n<ul>\n<li>Une personnalisation compl\u00e8te selon vos pr\u00e9f\u00e9rences et besoins sp\u00e9cifiques ;<\/li>\n<li>Des garanties constructeur vous assurant une tranquillit\u00e9 d&rsquo;esprit ;<\/li>\n<li>Un acc\u00e8s aux aides publiques pour l&rsquo;achat de v\u00e9hicules \u00e9lectriques ;<\/li>\n<li>Un accompagnement personnalis\u00e9 par nos conseillers BYmyCAR.<\/li>\n<\/ul>\n<p>Nos experts vous guideront dans le choix de la configuration id\u00e9ale pour votre future Smart #1, afin que votre exp\u00e9rience de conduite \u00e9lectrique soit \u00e0 la hauteur de vos attentes.<\/p>\n<h2>Quels crit\u00e8res font \u00e9voluer le prix d&rsquo;une Smart #1 neuve ?<\/h2>\n<p>La Smart #1 propose diff\u00e9rentes finitions qui influencent directement son prix. La version Pro+ d&rsquo;entr\u00e9e de gamme offre d\u00e9j\u00e0 272 ch, tandis que la prestigieuse Brabus, avec ses 428 ch et sa transmission int\u00e9grale, repr\u00e9sente un investissement plus cons\u00e9quent. Votre choix de financement, notamment la LOA, peut \u00e9galement optimiser votre budget selon vos capacit\u00e9s de remboursement.<\/p>\n<table>\n<thead>\n<tr>\n<th>Crit\u00e8re<\/th>\n<th>Impact sur le budget<\/th>\n<\/tr>\n<\/thead>\n<tbody>\n<tr>\n<td>Finition (Pro+, Premium, Brabus)<\/td>\n<td>D\u00e9terminant (+\/- plusieurs milliers d&rsquo;euros)<\/td>\n<\/tr>\n<tr>\n<td>Batterie (66 kWh)<\/td>\n<td>Influence mod\u00e9r\u00e9ment le prix final<\/td>\n<\/tr>\n<tr>\n<td>\u00c9quipements technologiques<\/td>\n<td>Variable selon les packs choisis<\/td>\n<\/tr>\n<tr>\n<td>Mode de financement (LOA, Cr\u00e9dit)<\/td>\n<td>Peut r\u00e9duire les mensualit\u00e9s initiales<\/td>\n<\/tr>\n<\/tbody>\n<\/table>\n<p>Nos conseillers BYmyCAR vous accompagnent pour trouver la formule la plus adapt\u00e9e \u00e0 votre projet d&rsquo;acquisition d&rsquo;une Smart #1.<\/p>\n<h2>Smart #1 d&rsquo;occasion : pourquoi choisir une version r\u00e9cente ?<\/h2>\n<p>Sur le march\u00e9 de l&rsquo;occasion, les Smart #1 r\u00e9centes offrent une excellente opportunit\u00e9 d&rsquo;\u00e9conomie imm\u00e9diate par rapport au prix du neuf. Ces mod\u00e8les, g\u00e9n\u00e9ralement peu kilom\u00e9tr\u00e9s, conservent leurs performances optimales et l&rsquo;\u00e9tat de leur batterie 66 kWh Premium reste excellent. Vous b\u00e9n\u00e9ficiez ainsi de tous les avantages technologiques et du confort d&rsquo;un v\u00e9hicule quasi neuf.<\/p>\n<p>Les versions haut de gamme, notamment la finition Premium, pr\u00e9sentent une valeur r\u00e9siduelle int\u00e9ressante qui t\u00e9moigne de leur attractivit\u00e9 sur le march\u00e9 secondaire. Pour un investissement ma\u00eetris\u00e9, vous profitez d&rsquo;un SUV \u00e9lectrique compact alliant performance et praticit\u00e9 au quotidien. Consultez notre Smart #1 disponible chez BYmyCAR pour d\u00e9couvrir nos mod\u00e8les s\u00e9lectionn\u00e9s avec soin.<\/p>\n<h2>Brabus, Premium\u2026 trouver la finition Smart #1 id\u00e9ale<\/h2>\n<p>La Smart #1 se d\u00e9cline en plusieurs finitions distinctes, chacune avec ses atouts. La version Premium offre une autonomie \u00e9tendue \u00e0 440 km gr\u00e2ce \u00e0 sa pompe \u00e0 chaleur, un chargeur 22 kW et un \u00e9quipement enrichi comme l&rsquo;affichage t\u00eate haute. La finition Brabus transforme ce SUV en v\u00e9ritable sportif avec 428 ch, une transmission int\u00e9grale et un 0-100 km\/h en seulement 3,9 secondes.<\/p>\n<p>Pour choisir votre Smart #1 d&rsquo;occasion, v\u00e9rifiez attentivement :<\/p>\n<ul>\n<li>Le niveau d&rsquo;\u00e9quipement et les options sp\u00e9cifiques (syst\u00e8me audio Beats, affichage t\u00eate haute) ;<\/li>\n<li>L&rsquo;\u00e9tat de la batterie et l&rsquo;autonomie restante ;<\/li>\n<li>L&rsquo;historique d&rsquo;entretien et les \u00e9ventuelles mises \u00e0 jour logicielles.<\/li>\n<\/ul>\n<p>Quelle que soit la finition choisie, vous b\u00e9n\u00e9ficierez d&rsquo;un SUV \u00e9lectrique alliant technologie avanc\u00e9e et design distinctif.<\/p>\n<h2>Smart #1 : SUV neuf ou occasion, comment arbitrer ?<\/h2>\n<p>Choisir une Smart #1 neuve vous garantit une configuration personnalis\u00e9e, une batterie intacte et une garantie compl\u00e8te pour ce SUV \u00e9lectrique raffin\u00e9. L&rsquo;occasion offre une \u00e9conomie imm\u00e9diate tout en conservant les performances exceptionnelles et le design moderne de ce mod\u00e8le.<\/p>\n<p>Pour trouver la solution id\u00e9ale adapt\u00e9e \u00e0 vos besoins, nos conseillers BYmyCAR vous accompagnent dans votre r\u00e9flexion et vous proposent une estimation personnalis\u00e9e.<\/p>\n<h2>FAQ sur la Smart #1<\/h2>\n<h3>Est-ce que la Smart est une bonne voiture ?<\/h3>\n<p>La Smart #1 est un excellent choix pour les conducteurs urbains, combinant qualit\u00e9 allemande de <a data-mce-href=\"https:\/\/www.bymycar.fr\/v\/smart-occasion\" href=\"https:\/\/www.bymycar.fr\/v\/smart-occasion\">la gamme Smart<\/a> et technologies innovantes que nos conseillers BYmyCAR vous feront d\u00e9couvrir.<\/p>\n<h3>O\u00f9 est fabriqu\u00e9e la Smart #1 ?<\/h3>\n<p>La Smart #1 est actuellement produite en Chine, fruit d&rsquo;une collaboration entre Mercedes-Benz et Geely, avec un possible transfert de production en Belgique \u00e0 l&rsquo;avenir.<\/p>\n<h3>Quel est le tarif d&rsquo;une Smart #1 ?<\/h3>\n<p>Nos conseillers BYmyCAR sont \u00e0 votre disposition pour vous pr\u00e9senter les diff\u00e9rentes finitions de la Smart #1 et vous proposer des solutions de financement personnalis\u00e9es adapt\u00e9es \u00e0 votre budget et \u00e0 vos capacit\u00e9s de remboursement.<\/p>\n<h2>Pour en savoir plus<\/h2>\n<h3>\u00c0 lire \u00e9galement<\/h3>\n<ul>\n<li><a href=\"https:\/\/www.bymycar.fr\/webzine\/quelle-finition-choisir-pour-le-smart-1-pro-premium-ou-brabus\/\" data-mce-href=\"https:\/\/www.bymycar.fr\/webzine\/quelle-finition-choisir-pour-le-smart-1-pro-premium-ou-brabus\/\">Quelle finition choisir pour le Smart #1 : Pro, Premium ou Brabus ?<\/a><\/li>\n<li><a href=\"https:\/\/www.bymycar.fr\/webzine\/faut-il-choisir-un-smart-1-ou-une-tesla-model-y\/\" data-mce-href=\"https:\/\/www.bymycar.fr\/webzine\/faut-il-choisir-un-smart-1-ou-une-tesla-model-y\/\">Faut-il choisir un Smart #1 ou une Tesla Model Y ?<\/a><\/li>\n<li><a href=\"https:\/\/www.bymycar.fr\/webzine\/prix-du-smart-1-suv-electrique-tous-les-details-par-finition-2025\/\" data-mce-href=\"https:\/\/www.bymycar.fr\/webzine\/prix-du-smart-1-suv-electrique-tous-les-details-par-finition-2025\/\">Prix du Smart #1 SUV \u00e9lectrique : tous les d\u00e9tails par finition (2025)<\/a><\/li>\n<\/ul>\n<h3>Sources :<\/h3>\n<ul>\n<li><a href=\"https:\/\/ev-database.org\/car\/1667\/Smart-1-Proplus\" target=\"_blank\" data-mce-href=\"https:\/\/ev-database.org\/car\/1667\/Smart-1-Proplus\">Smart #1 Pro+ (2023-2025) price and specifications<\/a>\u200b<\/li>\n<li><a href=\"https:\/\/ev-database.org\/car\/2053\/Smart-1-Premium\" target=\"_blank\" data-mce-href=\"https:\/\/ev-database.org\/car\/2053\/Smart-1-Premium\">Smart #1 Premium (2023-2025) price and specifications<\/a>\u200b<\/li>\n<li><a href=\"https:\/\/www.carwow.co.uk\/smart\/1\/specifications\" target=\"_blank\" data-mce-href=\"https:\/\/www.carwow.co.uk\/smart\/1\/specifications\">Smart #1 | Specifications &amp; Dimensions<\/a> \u200b<\/li>\n<li><a href=\"https:\/\/www.carwow.co.uk\/smart\/1\" target=\"_blank\" data-mce-href=\"https:\/\/www.carwow.co.uk\/smart\/1\">Smart #1 Review 2026 | Performance &amp; Pricing<\/a> \u200b<\/li>\n<li><a href=\"https:\/\/be.smart.com\/fr\/stock-search\/\" target=\"_blank\" data-mce-href=\"https:\/\/be.smart.com\/fr\/stock-search\/\">Acheter une voiture neuve smart disponible<\/a>\u200b<\/li>\n<li><a href=\"https:\/\/www.beev.co\/en\/voitures-electriques\/marque\/smart\/smart-1-brabus\/\" target=\"_blank\" data-mce-href=\"https:\/\/www.beev.co\/en\/voitures-electriques\/marque\/smart\/smart-1-brabus\/\">smart #1 Brabus : Fiche technique, autonomie &amp; prix<\/a>\u200b<\/li>\n<li><a href=\"https:\/\/www.evspecs.org\/tech-specs\/smart\/1\/pro-plus\" target=\"_blank\" data-mce-href=\"https:\/\/www.evspecs.org\/tech-specs\/smart\/1\/pro-plus\">Smart #1 Pro+ &#8211; tech specs and prices<\/a>\u200b<\/li>\n<li><a href=\"https:\/\/www.auto-data.net\/en\/smart-1-66-kwh-272hp-45648\" target=\"_blank\" data-mce-href=\"https:\/\/www.auto-data.net\/en\/smart-1-66-kwh-272hp-45648\">Specs of Smart #1 66 kWh (272 Hp)<\/a>\u200b<\/li>\n<li><a href=\"https:\/\/www.autotrader.co.uk\/cars\/smart\/1\" target=\"_blank\" data-mce-href=\"https:\/\/www.autotrader.co.uk\/cars\/smart\/1\">Smart #1 Cars For Sale | Autotrader UK<\/a> \u200b\u200b<\/li>\n<li><a href=\"https:\/\/www.theparking.eu\/used-cars\/smart.html\" target=\"_blank\" data-mce-href=\"https:\/\/www.theparking.eu\/used-cars\/smart.html\">smart used \u2013 Search for your used car on the parking<\/a>\u200b<\/li>\n<li><a href=\"https:\/\/en.autode.net\/smart\" target=\"_blank\" data-mce-href=\"https:\/\/en.autode.net\/smart\">smart &#8211; Cars from Germany and Europe<\/a>\u200b<\/li>\n<li><a href=\"https:\/\/www.brabus.com\/en-int\/cars\/cars-for-sale\/C4S405.html\" target=\"_blank\" data-mce-href=\"https:\/\/www.brabus.com\/en-int\/cars\/cars-for-sale\/C4S405.html\">smart #1 BRABUS &#8211; Cars for Sale<\/a>\u200b<\/li>\n<li><a href=\"https:\/\/sg.smart.com\/configuration-hashtag-one?models=smart-%231_pro%2B%2Csmart-%231_brabus\" target=\"_blank\" data-mce-href=\"https:\/\/sg.smart.com\/configuration-hashtag-one?models=smart-%231_pro%2B%2Csmart-%231_brabus\">Not just another EV. This is smart<\/a><\/li>\n<\/ul>\n"}}]},"introduction":"<p>La <a data-mce-href=\"https:\/\/www.bymycar.fr\/marques\/smart\/smart-1\" href=\"https:\/\/www.bymycar.fr\/marques\/smart\/smart-1\">Smart #1<\/a>, SUV \u00e9lectrique compact au design distinctif, suscite de nombreuses interrogations concernant son positionnement tarifaire. Ce mod\u00e8le, qui allie technologie avanc\u00e9e et finitions soign\u00e9es, repr\u00e9sente un investissement dont vous souhaitez conna\u00eetre les d\u00e9tails.&nbsp;Poursuivez votre lecture pour d\u00e9couvrir les diff\u00e9rents param\u00e8tres qui influencent le budget d&rsquo;acquisition de votre future Smart, que ce soit en neuf ou en occasion.&nbsp;<\/p>\n","add-carousel-to-footer":true},"yoast_head":"<!-- This site is optimized with the Yoast SEO Premium plugin v26.4 (Yoast SEO v26.4) - https:\/\/yoast.com\/wordpress\/plugins\/seo\/ -->\n<title>Prix Smart #1 : neuve ou occasion, comment bien choisir ?<\/title>\n<meta name=\"description\" content=\"D\u00e9couvrez les crit\u00e8res qui font varier le prix de la Smart #1 neuve ou d&#039;occasion et suivez nos conseils BYmyCAR pour d\u00e9finir votre budget.\" \/>\n<meta name=\"robots\" content=\"index, follow, max-snippet:-1, max-image-preview:large, max-video-preview:-1\" \/>\n<link rel=\"canonical\" href=\"https:\/\/www.bymycar.fr\/webzine\/prix-smart-1-neuve-ou-occasion-comment-bien-choisir\/\" \/>\n<meta property=\"og:locale\" content=\"fr_FR\" \/>\n<meta property=\"og:type\" content=\"article\" \/>\n<meta property=\"og:title\" content=\"Prix Smart #1 : neuve ou occasion, comment bien choisir ?\" \/>\n<meta property=\"og:description\" content=\"D\u00e9couvrez les crit\u00e8res qui font varier le prix de la Smart #1 neuve ou d&#039;occasion et suivez nos conseils BYmyCAR pour d\u00e9finir votre budget.\" \/>\n<meta property=\"og:url\" content=\"https:\/\/www.bymycar.fr\/webzine\/prix-smart-1-neuve-ou-occasion-comment-bien-choisir\/\" \/>\n<meta property=\"og:site_name\" content=\"Webzine auto BYmyCAR\" \/>\n<meta property=\"article:published_time\" content=\"2025-12-28T00:00:00+00:00\" \/>\n<meta property=\"article:modified_time\" content=\"2026-01-05T09:26:20+00:00\" \/>\n<meta name=\"author\" content=\"La R\u00e9daction BYmyCAR\" \/>\n<meta name=\"twitter:card\" content=\"summary_large_image\" \/>\n<meta name=\"twitter:label1\" content=\"\u00c9crit par\" \/>\n\t<meta name=\"twitter:data1\" content=\"La R\u00e9daction BYmyCAR\" \/>\n<script type=\"application\/ld+json\" class=\"yoast-schema-graph\">{\"@context\":\"https:\/\/schema.org\",\"@graph\":[{\"@type\":\"Article\",\"@id\":\"https:\/\/www.bymycar.fr\/webzine\/prix-smart-1-neuve-ou-occasion-comment-bien-choisir\/#article\",\"isPartOf\":{\"@id\":\"https:\/\/www.bymycar.fr\/webzine\/prix-smart-1-neuve-ou-occasion-comment-bien-choisir\/\"},\"author\":{\"name\":\"La R\u00e9daction BYmyCAR\",\"@id\":\"https:\/\/www.bymycar.fr\/webzine\/#\/schema\/person\/8d570fe11eb8929f06c1e6d00f4d9689\"},\"headline\":\"Prix Smart #1 : neuve ou occasion, comment bien choisir ?\",\"datePublished\":\"2025-12-28T00:00:00+00:00\",\"dateModified\":\"2026-01-05T09:26:20+00:00\",\"mainEntityOfPage\":{\"@id\":\"https:\/\/www.bymycar.fr\/webzine\/prix-smart-1-neuve-ou-occasion-comment-bien-choisir\/\"},\"wordCount\":8,\"publisher\":{\"@id\":\"https:\/\/www.bymycar.fr\/webzine\/#organization\"},\"articleSection\":[\"Guide d'achat smart\"],\"inLanguage\":\"fr-FR\"},{\"@type\":\"WebPage\",\"@id\":\"https:\/\/www.bymycar.fr\/webzine\/prix-smart-1-neuve-ou-occasion-comment-bien-choisir\/\",\"url\":\"https:\/\/www.bymycar.fr\/webzine\/prix-smart-1-neuve-ou-occasion-comment-bien-choisir\/\",\"name\":\"Prix Smart #1 : neuve ou occasion, comment bien choisir ?\",\"isPartOf\":{\"@id\":\"https:\/\/www.bymycar.fr\/webzine\/#website\"},\"datePublished\":\"2025-12-28T00:00:00+00:00\",\"dateModified\":\"2026-01-05T09:26:20+00:00\",\"description\":\"D\u00e9couvrez les crit\u00e8res qui font varier le prix de la Smart #1 neuve ou d'occasion et suivez nos conseils BYmyCAR pour d\u00e9finir votre budget.\",\"breadcrumb\":{\"@id\":\"https:\/\/www.bymycar.fr\/webzine\/prix-smart-1-neuve-ou-occasion-comment-bien-choisir\/#breadcrumb\"},\"inLanguage\":\"fr-FR\",\"potentialAction\":[{\"@type\":\"ReadAction\",\"target\":[\"https:\/\/www.bymycar.fr\/webzine\/prix-smart-1-neuve-ou-occasion-comment-bien-choisir\/\"]}]},{\"@type\":\"BreadcrumbList\",\"@id\":\"https:\/\/www.bymycar.fr\/webzine\/prix-smart-1-neuve-ou-occasion-comment-bien-choisir\/#breadcrumb\",\"itemListElement\":[{\"@type\":\"ListItem\",\"position\":1,\"name\":\"Accueil\",\"item\":\"https:\/\/www.bymycar.fr\/webzine\/\"},{\"@type\":\"ListItem\",\"position\":2,\"name\":\"Prix Smart #1 : neuve ou occasion, comment bien choisir ?\"}]},{\"@type\":\"WebSite\",\"@id\":\"https:\/\/www.bymycar.fr\/webzine\/#website\",\"url\":\"https:\/\/www.bymycar.fr\/webzine\/\",\"name\":\"Webzine auto BYmyCAR\",\"description\":\"La magazine auto de BYmyCAR\",\"publisher\":{\"@id\":\"https:\/\/www.bymycar.fr\/webzine\/#organization\"},\"potentialAction\":[{\"@type\":\"SearchAction\",\"target\":{\"@type\":\"EntryPoint\",\"urlTemplate\":\"https:\/\/www.bymycar.fr\/webzine\/?s={search_term_string}\"},\"query-input\":{\"@type\":\"PropertyValueSpecification\",\"valueRequired\":true,\"valueName\":\"search_term_string\"}}],\"inLanguage\":\"fr-FR\"},{\"@type\":\"Organization\",\"@id\":\"https:\/\/www.bymycar.fr\/webzine\/#organization\",\"name\":\"BYmyCAR\",\"url\":\"https:\/\/www.bymycar.fr\/webzine\/\",\"logo\":{\"@type\":\"ImageObject\",\"inLanguage\":\"fr-FR\",\"@id\":\"https:\/\/www.bymycar.fr\/webzine\/#\/schema\/logo\/image\/\",\"url\":\"https:\/\/cdn.bymycar.eu\/fr-webzine\/wp-content\/uploads\/medias\/2017\/08\/logo_DEALER_00000406_001.png\",\"contentUrl\":\"https:\/\/cdn.bymycar.eu\/fr-webzine\/wp-content\/uploads\/medias\/2017\/08\/logo_DEALER_00000406_001.png\",\"width\":2132,\"height\":720,\"caption\":\"BYmyCAR\"},\"image\":{\"@id\":\"https:\/\/www.bymycar.fr\/webzine\/#\/schema\/logo\/image\/\"}},{\"@type\":\"Person\",\"@id\":\"https:\/\/www.bymycar.fr\/webzine\/#\/schema\/person\/8d570fe11eb8929f06c1e6d00f4d9689\",\"name\":\"La R\u00e9daction BYmyCAR\",\"image\":{\"@type\":\"ImageObject\",\"inLanguage\":\"fr-FR\",\"@id\":\"https:\/\/www.bymycar.fr\/webzine\/#\/schema\/person\/image\/\",\"url\":\"https:\/\/secure.gravatar.com\/avatar\/1aa6b039d0ce106989923af4e2d0f2a0c82bb070d5e449f1b9adf082a5863900?s=96&d=mm&r=g\",\"contentUrl\":\"https:\/\/secure.gravatar.com\/avatar\/1aa6b039d0ce106989923af4e2d0f2a0c82bb070d5e449f1b9adf082a5863900?s=96&d=mm&r=g\",\"caption\":\"La R\u00e9daction BYmyCAR\"},\"sameAs\":[\"https:\/\/www.bymycar.fr\/\"]}]}<\/script>\n<!-- \/ Yoast SEO Premium plugin. -->","yoast_head_json":{"title":"Prix Smart #1 : neuve ou occasion, comment bien choisir ?","description":"D\u00e9couvrez les crit\u00e8res qui font varier le prix de la Smart #1 neuve ou d'occasion et suivez nos conseils BYmyCAR pour d\u00e9finir votre budget.","robots":{"index":"index","follow":"follow","max-snippet":"max-snippet:-1","max-image-preview":"max-image-preview:large","max-video-preview":"max-video-preview:-1"},"canonical":"https:\/\/www.bymycar.fr\/webzine\/prix-smart-1-neuve-ou-occasion-comment-bien-choisir\/","og_locale":"fr_FR","og_type":"article","og_title":"Prix Smart #1 : neuve ou occasion, comment bien choisir ?","og_description":"D\u00e9couvrez les crit\u00e8res qui font varier le prix de la Smart #1 neuve ou d'occasion et suivez nos conseils BYmyCAR pour d\u00e9finir votre budget.","og_url":"https:\/\/www.bymycar.fr\/webzine\/prix-smart-1-neuve-ou-occasion-comment-bien-choisir\/","og_site_name":"Webzine auto BYmyCAR","article_published_time":"2025-12-28T00:00:00+00:00","article_modified_time":"2026-01-05T09:26:20+00:00","author":"La R\u00e9daction BYmyCAR","twitter_card":"summary_large_image","twitter_misc":{"\u00c9crit par":"La R\u00e9daction BYmyCAR"},"schema":{"@context":"https:\/\/schema.org","@graph":[{"@type":"Article","@id":"https:\/\/www.bymycar.fr\/webzine\/prix-smart-1-neuve-ou-occasion-comment-bien-choisir\/#article","isPartOf":{"@id":"https:\/\/www.bymycar.fr\/webzine\/prix-smart-1-neuve-ou-occasion-comment-bien-choisir\/"},"author":{"name":"La R\u00e9daction BYmyCAR","@id":"https:\/\/www.bymycar.fr\/webzine\/#\/schema\/person\/8d570fe11eb8929f06c1e6d00f4d9689"},"headline":"Prix Smart #1 : neuve ou occasion, comment bien choisir ?","datePublished":"2025-12-28T00:00:00+00:00","dateModified":"2026-01-05T09:26:20+00:00","mainEntityOfPage":{"@id":"https:\/\/www.bymycar.fr\/webzine\/prix-smart-1-neuve-ou-occasion-comment-bien-choisir\/"},"wordCount":8,"publisher":{"@id":"https:\/\/www.bymycar.fr\/webzine\/#organization"},"articleSection":["Guide d'achat smart"],"inLanguage":"fr-FR"},{"@type":"WebPage","@id":"https:\/\/www.bymycar.fr\/webzine\/prix-smart-1-neuve-ou-occasion-comment-bien-choisir\/","url":"https:\/\/www.bymycar.fr\/webzine\/prix-smart-1-neuve-ou-occasion-comment-bien-choisir\/","name":"Prix Smart #1 : neuve ou occasion, comment bien choisir ?","isPartOf":{"@id":"https:\/\/www.bymycar.fr\/webzine\/#website"},"datePublished":"2025-12-28T00:00:00+00:00","dateModified":"2026-01-05T09:26:20+00:00","description":"D\u00e9couvrez les crit\u00e8res qui font varier le prix de la Smart #1 neuve ou d'occasion et suivez nos conseils BYmyCAR pour d\u00e9finir votre budget.","breadcrumb":{"@id":"https:\/\/www.bymycar.fr\/webzine\/prix-smart-1-neuve-ou-occasion-comment-bien-choisir\/#breadcrumb"},"inLanguage":"fr-FR","potentialAction":[{"@type":"ReadAction","target":["https:\/\/www.bymycar.fr\/webzine\/prix-smart-1-neuve-ou-occasion-comment-bien-choisir\/"]}]},{"@type":"BreadcrumbList","@id":"https:\/\/www.bymycar.fr\/webzine\/prix-smart-1-neuve-ou-occasion-comment-bien-choisir\/#breadcrumb","itemListElement":[{"@type":"ListItem","position":1,"name":"Accueil","item":"https:\/\/www.bymycar.fr\/webzine\/"},{"@type":"ListItem","position":2,"name":"Prix Smart #1 : neuve ou occasion, comment bien choisir ?"}]},{"@type":"WebSite","@id":"https:\/\/www.bymycar.fr\/webzine\/#website","url":"https:\/\/www.bymycar.fr\/webzine\/","name":"Webzine auto BYmyCAR","description":"La magazine auto de BYmyCAR","publisher":{"@id":"https:\/\/www.bymycar.fr\/webzine\/#organization"},"potentialAction":[{"@type":"SearchAction","target":{"@type":"EntryPoint","urlTemplate":"https:\/\/www.bymycar.fr\/webzine\/?s={search_term_string}"},"query-input":{"@type":"PropertyValueSpecification","valueRequired":true,"valueName":"search_term_string"}}],"inLanguage":"fr-FR"},{"@type":"Organization","@id":"https:\/\/www.bymycar.fr\/webzine\/#organization","name":"BYmyCAR","url":"https:\/\/www.bymycar.fr\/webzine\/","logo":{"@type":"ImageObject","inLanguage":"fr-FR","@id":"https:\/\/www.bymycar.fr\/webzine\/#\/schema\/logo\/image\/","url":"https:\/\/cdn.bymycar.eu\/fr-webzine\/wp-content\/uploads\/medias\/2017\/08\/logo_DEALER_00000406_001.png","contentUrl":"https:\/\/cdn.bymycar.eu\/fr-webzine\/wp-content\/uploads\/medias\/2017\/08\/logo_DEALER_00000406_001.png","width":2132,"height":720,"caption":"BYmyCAR"},"image":{"@id":"https:\/\/www.bymycar.fr\/webzine\/#\/schema\/logo\/image\/"}},{"@type":"Person","@id":"https:\/\/www.bymycar.fr\/webzine\/#\/schema\/person\/8d570fe11eb8929f06c1e6d00f4d9689","name":"La R\u00e9daction BYmyCAR","image":{"@type":"ImageObject","inLanguage":"fr-FR","@id":"https:\/\/www.bymycar.fr\/webzine\/#\/schema\/person\/image\/","url":"https:\/\/secure.gravatar.com\/avatar\/1aa6b039d0ce106989923af4e2d0f2a0c82bb070d5e449f1b9adf082a5863900?s=96&d=mm&r=g","contentUrl":"https:\/\/secure.gravatar.com\/avatar\/1aa6b039d0ce106989923af4e2d0f2a0c82bb070d5e449f1b9adf082a5863900?s=96&d=mm&r=g","caption":"La R\u00e9daction BYmyCAR"},"sameAs":["https:\/\/www.bymycar.fr\/"]}]}},"_links":{"self":[{"href":"https:\/\/www.bymycar.fr\/webzine\/wp-json\/wp\/v2\/posts\/63291","targetHints":{"allow":["GET"]}}],"collection":[{"href":"https:\/\/www.bymycar.fr\/webzine\/wp-json\/wp\/v2\/posts"}],"about":[{"href":"https:\/\/www.bymycar.fr\/webzine\/wp-json\/wp\/v2\/types\/post"}],"author":[{"embeddable":true,"href":"https:\/\/www.bymycar.fr\/webzine\/wp-json\/wp\/v2\/users\/88"}],"replies":[{"embeddable":true,"href":"https:\/\/www.bymycar.fr\/webzine\/wp-json\/wp\/v2\/comments?post=63291"}],"version-history":[{"count":1,"href":"https:\/\/www.bymycar.fr\/webzine\/wp-json\/wp\/v2\/posts\/63291\/revisions"}],"predecessor-version":[{"id":63698,"href":"https:\/\/www.bymycar.fr\/webzine\/wp-json\/wp\/v2\/posts\/63291\/revisions\/63698"}],"wp:attachment":[{"href":"https:\/\/www.bymycar.fr\/webzine\/wp-json\/wp\/v2\/media?parent=63291"}],"wp:term":[{"taxonomy":"category","embeddable":true,"href":"https:\/\/www.bymycar.fr\/webzine\/wp-json\/wp\/v2\/categories?post=63291"},{"taxonomy":"post_tag","embeddable":true,"href":"https:\/\/www.bymycar.fr\/webzine\/wp-json\/wp\/v2\/tags?post=63291"}],"curies":[{"name":"wp","href":"https:\/\/api.w.org\/{rel}","templated":true}]}}