{"id":63290,"date":"2025-12-28T00:00:00","date_gmt":"2025-12-28T00:00:00","guid":{"rendered":"https:\/\/www.bymycar.fr\/webzine\/?p=63290"},"modified":"2026-01-05T10:26:21","modified_gmt":"2026-01-05T09:26:21","slug":"smart-5-comment-choisir-la-finition-ideale","status":"publish","type":"post","link":"https:\/\/www.bymycar.fr\/webzine\/smart-5-comment-choisir-la-finition-ideale\/","title":{"rendered":"Smart #5 : comment choisir la finition id\u00e9ale ?"},"content":{"rendered":"","protected":false},"excerpt":{"rendered":"","protected":false},"author":88,"featured_media":0,"comment_status":"closed","ping_status":"open","sticky":false,"template":"","format":"standard","meta":{"_acf_changed":false,"footnotes":""},"categories":[12926],"tags":[],"class_list":["post-63290","post","type-post","status-publish","format-standard","hentry","category-guide-dachat-smart"],"acf":{"page_content":{"block_content":[{"acf_fc_layout":"text-simple","--nav":{"-withNav":false,"-ancre":""},"--group":{"-text":"<h2>Ce qu&rsquo;il faut retenir<\/h2>\n<p>Voici les points essentiels pour choisir la finition id\u00e9ale de votre Smart #5 :<\/p>\n<ul>\n<li><strong>Finitions Pro\/Pro+ pour l&rsquo;usage quotidien<\/strong> : avec batterie 74-76 kWh et autonomie 280-465 km, ces versions offrent un \u00e9quipement complet \u00e0 un tarif d&rsquo;entr\u00e9e, parfaites pour vos trajets urbains et p\u00e9riurbains ;<\/li>\n<li><strong>Finitions Premium\/Summit Edition pour les longs trajets<\/strong> : \u00e9quip\u00e9es de la grande batterie 94-100 kWh et d&rsquo;une autonomie jusqu&rsquo;\u00e0 590 km, elles int\u00e8grent une pompe \u00e0 chaleur et des finitions haut de gamme pour un confort optimal ;<\/li>\n<li><strong>Version Brabus pour les performances<\/strong> : avec 646 ch et transmission int\u00e9grale, cette finition sportive combine puissance exceptionnelle et \u00e9quipements exclusifs pour une exp\u00e9rience de conduite unique.<\/li>\n<\/ul>\n<p>Pour d\u00e9terminer la finition qui vous correspond, nos conseillers BYmyCAR vous accompagnent dans votre choix en fonction de vos besoins d&rsquo;autonomie, de votre usage et de votre budget.<\/p>\n<h2>Architecture 800 V : le savoir-faire Mercedes de la Smart #5 \u00e9lectrique<\/h2>\n<p>La Smart \u00e9lectrique #5 s&rsquo;appuie sur une architecture avanc\u00e9e de 800 V d\u00e9velopp\u00e9e avec l&rsquo;expertise Mercedes. Cette technologie offre des performances de recharge en courant continu particuli\u00e8rement efficaces, avec une puissance de recharge pouvant atteindre 400 kW.<\/p>\n<p>Deux capacit\u00e9s de batterie sont propos\u00e9es : 74-76 kWh et 94-100 kWh, avec des autonomies respectives de 280-465 km et 550-590 km WLTP. Les finitions d&rsquo;entr\u00e9e disposent d&rsquo;une propulsion arri\u00e8re (335-340 ch), tandis que les versions haut de gamme comme la Brabus ajoutent un moteur avant pour une transmission int\u00e9grale atteignant 646 ch.<\/p>\n<h2>Finitions Pro et Pro+ : pour la conduite quotidienne<\/h2>\n<p>Les finitions Pro et Pro+ de la Smart #5 associent un moteur arri\u00e8re de 340 \u00e0 363 ch \u00e0 une batterie de 74-76 kWh, offrant un confort adapt\u00e9 \u00e0 vos trajets quotidiens. D\u00e8s la finition Pro, vous b\u00e9n\u00e9ficiez d&rsquo;un \u00e9quipement complet incluant Android Auto et Apple CarPlay pour une connectivit\u00e9 fluide.<\/p>\n<p>Ces versions d&rsquo;entr\u00e9e de gamme se distinguent par :<\/p>\n<ul>\n<li>Une excellente maniabilit\u00e9 en milieu urbain ;<\/li>\n<li>Une autonomie adapt\u00e9e aux trajets quotidiens (280-465 km WLTP) ;<\/li>\n<li>Un \u00e9quipement technologique complet avec grand \u00e9cran central ;<\/li>\n<li>Une recharge rapide DC \u00e0 150 kW (jusqu&rsquo;\u00e0 400 kW pour la Pro+).<\/li>\n<\/ul>\n<p>Ces finitions vous permettent d&rsquo;acc\u00e9der \u00e0 toute la technologie de la Smart #5, sans compromis sur le confort de conduite.<\/p>\n<h2>Finitions Premium et grande batterie : autonomie renforc\u00e9e et Summit Edition<\/h2>\n<p>Les finitions Premium et Summit Edition, \u00e9quip\u00e9es de la grande batterie (94-100 kWh), offrent une autonomie allant jusqu&rsquo;\u00e0 590 km WLTP. Dot\u00e9es d&rsquo;une pompe \u00e0 chaleur qui optimise l&rsquo;efficience \u00e9nerg\u00e9tique, ces versions b\u00e9n\u00e9ficient \u00e9galement de la recharge ultra-rapide \u00e0 400 kW.<\/p>\n<p>L&rsquo;habitacle gagne en raffinement avec un toit panoramique, une sellerie haut de gamme et un syst\u00e8me audio sup\u00e9rieur. La Summit Edition se distingue par son caract\u00e8re aventurier et ses \u00e9quipements exclusifs, id\u00e9ale pour les conducteurs souhaitant allier performances, confort et polyvalence sur longues distances.<\/p>\n<h2>Version Brabus : le sport selon Smart<\/h2>\n<p>La Smart #5 Brabus repr\u00e9sente le summum de sportivit\u00e9 dans la gamme de la Smart avec sa double motorisation avant et arri\u00e8re d\u00e9veloppant 475 kW (646 ch) et un couple de 710 Nm. Cette version Brabus catapulte le SUV de 0 \u00e0 100 km\/h en seulement 3,8 secondes, avec une transmission int\u00e9grale garantissant une motricit\u00e9 optimale en toutes conditions.<\/p>\n<p>L&rsquo;exp\u00e9rience de conduite est sublim\u00e9e par une direction plus directe et des modes de conduite sp\u00e9cifiques, dont un mode Brabus exclusif. L&rsquo;habitacle premium b\u00e9n\u00e9ficie d&rsquo;un syst\u00e8me audio Dolby Atmos Sennheiser \u00e0 20+6 haut-parleurs, tandis que l&rsquo;ext\u00e9rieur se distingue par ses jantes BRABUS Monoblock Z de 21 pouces et ses finitions exclusives.<\/p>\n<h2>Comment choisir concr\u00e8tement sa finition ?<\/h2>\n<p>Pour choisir la finition id\u00e9ale de votre Smart #5, \u00e9valuez d&rsquo;abord vos besoins quotidiens. La version d&rsquo;entr\u00e9e avec batterie de 74-76 kWh convient parfaitement \u00e0 un usage urbain, tandis que la grande batterie de 94-100 kWh s&rsquo;adapte aux longs trajets. Ce SUV \u00e9lectrique peut \u00e9galement b\u00e9n\u00e9ficier du bonus \u00e9cologique selon les conditions en vigueur.<\/p>\n<h3>Budget et tarifs de la Smart #5<\/h3>\n<p>Pour obtenir une offre personnalis\u00e9e adapt\u00e9e \u00e0 vos besoins et votre budget, n&rsquo;h\u00e9sitez pas \u00e0 contacter nos conseillers BYmyCAR. Ils vous guideront dans votre choix et vous informeront sur les solutions de financement disponibles pour votre future Smart #5.<\/p>\n<h3>Quelle est la Smart #5 la plus fiable ?<\/h3>\n<p>Toutes les versions de la Smart #5 b\u00e9n\u00e9ficient de la m\u00eame architecture 800 V de haute qualit\u00e9 et d&rsquo;une garantie constructeur compl\u00e8te. Les composants sont con\u00e7us pour r\u00e9pondre aux normes strictes de s\u00e9curit\u00e9 et de fiabilit\u00e9, assurant une tranquillit\u00e9 d&rsquo;esprit quelle que soit la finition choisie.<\/p>\n<h2>Dimensions et coffre : le gabarit du SUV Smart #5<\/h2>\n<h3>Dimensions ext\u00e9rieures<\/h3>\n<p>La Smart #5 s&rsquo;impose comme le plus grand mod\u00e8le de la marque avec des dimensions g\u00e9n\u00e9reuses qui la positionnent dans le segment D :<\/p>\n<table>\n<thead>\n<tr>\n<th>Dimension<\/th>\n<th>Valeur<\/th>\n<\/tr>\n<\/thead>\n<tbody>\n<tr>\n<td>Longueur<\/td>\n<td>4 705 mm<\/td>\n<\/tr>\n<tr>\n<td>Largeur<\/td>\n<td>1 920 mm<\/td>\n<\/tr>\n<tr>\n<td>Hauteur<\/td>\n<td>1 705 mm<\/td>\n<\/tr>\n<tr>\n<td>Empattement<\/td>\n<td>2 900 mm<\/td>\n<\/tr>\n<\/tbody>\n<\/table>\n<h3>Volume de coffre et modularit\u00e9<\/h3>\n<p>Le coffre de la Smart #5 offre une capacit\u00e9 maximale de 1 530 litres lorsque la banquette arri\u00e8re est rabattue. L&rsquo;habitacle, habill\u00e9 de mat\u00e9riaux de qualit\u00e9 comme le bois de ch\u00eane et le cuir, b\u00e9n\u00e9ficie d&rsquo;une modularit\u00e9 remarquable. Un frunk (coffre avant) de 72 litres compl\u00e8te les 34 rangements r\u00e9partis dans l&rsquo;habitacle pour une praticit\u00e9 optimale au quotidien.<\/p>\n<h2>FAQ Smart #5<\/h2>\n<h3>Smart #5 : quelles lignes de finition disponibles ?<\/h3>\n<p>La Smart #5 se d\u00e9cline en plusieurs finitions : Pro, Pro+, Premium, Summit Edition et Brabus. Chaque mod\u00e8le disponible propose des niveaux d&rsquo;\u00e9quipement et de performances sp\u00e9cifiques pour r\u00e9pondre aux diff\u00e9rents profils de conducteurs.<\/p>\n<h3>Smart \u00e9lectrique : quelle autonomie r\u00e9elle ?<\/h3>\n<p>L&rsquo;autonomie des Smart #5 \u00e9lectrique varie de 280 \u00e0 465 km WLTP pour les versions avec batterie de 74-76 kWh, et peut atteindre jusqu&rsquo;\u00e0 590 km WLTP pour les versions \u00e9quip\u00e9es de la grande batterie de 94-100 kWh.<\/p>\n<h3>Vitesse max Smart #5 : que faut-il savoir ?<\/h3>\n<p>La vitesse maximale de la Smart #5 est calibr\u00e9e pour r\u00e9pondre aux besoins de tous les usages routiers. Les versions d&rsquo;entr\u00e9e et interm\u00e9diaires offrent des performances largement suffisantes, tandis que la version Brabus propose des capacit\u00e9s dynamiques sup\u00e9rieures.<\/p>\n<h2>Pour en savoir plus<\/h2>\n<h3>Sources :<\/h3>\n<ul>\n<li><a href=\"https:\/\/uk.smart.com\/en\/models\/hashtag-five\/\" target=\"_blank\" data-mce-href=\"https:\/\/uk.smart.com\/en\/models\/hashtag-five\/\">smart #5 \u2013 Discover Our Robust Electric SUV<\/a>\u200b<\/li>\n<li><a href=\"https:\/\/www.carwow.co.uk\/smart\/smart-5\/specifications\" target=\"_blank\" data-mce-href=\"https:\/\/www.carwow.co.uk\/smart\/smart-5\/specifications\">Smart #5 | Specifications &amp; Dimensions &#8211; Carwow<\/a> \u200b<\/li>\n<li><a href=\"https:\/\/my.smart.com\/wp-content\/uploads\/2025\/11\/smart_5_Product-Brochure.pdf\" target=\"_blank\" data-mce-href=\"https:\/\/my.smart.com\/wp-content\/uploads\/2025\/11\/smart_5_Product-Brochure.pdf\">Contemporary Adventurer. &#8211; Smart #5 Product Brochure<\/a>\u200b<\/li>\n<li><a href=\"https:\/\/www.carwow.co.uk\/smart\/smart-5\" target=\"_blank\" data-mce-href=\"https:\/\/www.carwow.co.uk\/smart\/smart-5\">Smart #5 Review 2026 | Performance &amp; Pricing &#8211; Carwow<\/a> \u200b<\/li>\n<li><a href=\"https:\/\/ev-database.org\/car\/3143\/Smart-5-Premium\" target=\"_blank\" data-mce-href=\"https:\/\/ev-database.org\/car\/3143\/Smart-5-Premium\">Smart #5 Premium (MY25) (2025) price and specifications<\/a>\u200b<\/li>\n<li><a href=\"https:\/\/en.wikipedia.org\/wiki\/Smart_5\" target=\"_blank\" data-mce-href=\"https:\/\/en.wikipedia.org\/wiki\/Smart_5\">Smart 5<\/a>\u200b<\/li>\n<li><a href=\"https:\/\/www.auto-data.net\/en\/smart-5-76-kwh-340hp-electric-53973\" target=\"_blank\" data-mce-href=\"https:\/\/www.auto-data.net\/en\/smart-5-76-kwh-340hp-electric-53973\">Specs of Smart #5 76 kWh (340 Hp) Electric \/2025<\/a>\u200b<\/li>\n<li><a href=\"https:\/\/www.oneshift.com\/articles\/news\/smart-hashtag5-800-volt-platform-has-an-ultra-fast-charging-capability-of-up-to-400kw\/\" target=\"_blank\" data-mce-href=\"https:\/\/www.oneshift.com\/articles\/news\/smart-hashtag5-800-volt-platform-has-an-ultra-fast-charging-capability-of-up-to-400kw\/\">Smart #5\u2019s 800-volt Platform Has An Ultra-Fast Charging Capability of up to 400kW<\/a>\u200b<\/li>\n<li><a href=\"https:\/\/www.electrifying.com\/reviews\/smart-car-reviews\/5\/review\" target=\"_blank\" data-mce-href=\"https:\/\/www.electrifying.com\/reviews\/smart-car-reviews\/5\/review\">Smart #5 Review &amp; Buying Guide 2025 | Electrifying<\/a> \u200b<\/li>\n<li><a href=\"https:\/\/hedinautomotive.co.uk\/buy-car\/brands\/smart\/new-smart\/smart-5\" target=\"_blank\" data-mce-href=\"https:\/\/hedinautomotive.co.uk\/buy-car\/brands\/smart\/new-smart\/smart-5\">The New smart #5 | Powerful Electric SUV<\/a> \u200b<\/li>\n<li><a href=\"https:\/\/www.businesscar.co.uk\/car-reviews\/smart-5-review\/\" target=\"_blank\" data-mce-href=\"https:\/\/www.businesscar.co.uk\/car-reviews\/smart-5-review\/\">Smart #5 review &#8211; Business Car<\/a>\u200b<\/li>\n<li><a href=\"https:\/\/www.straitstimes.com\/life\/motoring\/car-review-smart-packs-5-with-space-comfort-and-efficiency\" target=\"_blank\" data-mce-href=\"https:\/\/www.straitstimes.com\/life\/motoring\/car-review-smart-packs-5-with-space-comfort-and-efficiency\">Car review: Smart packs #5 with space, comfort and efficiency<\/a>\u200b<\/li>\n<li><a href=\"https:\/\/www.autoapp.sg\/smart-5-pro-76-kwh-review\/\" target=\"_blank\" data-mce-href=\"https:\/\/www.autoapp.sg\/smart-5-pro-76-kwh-review\/\">smart #5 Pro 76 kWh Review &#8211; AutoApp<\/a>\u200b<\/li>\n<li><a href=\"https:\/\/www.brabus.com\/en-es\/coops\/brabus-x-smart\/smart5.html\" target=\"_blank\" data-mce-href=\"https:\/\/www.brabus.com\/en-es\/coops\/brabus-x-smart\/smart5.html\">smart #5 BRABUS<\/a>\u200b<\/li>\n<li><a href=\"https:\/\/evkx.net\/models\/smart\/hash5\/hash5_brabus\/\" target=\"_blank\" data-mce-href=\"https:\/\/evkx.net\/models\/smart\/hash5\/hash5_brabus\/\">Smart #5 BRABUS \u2013 Full Specs, Features, Range &amp; Comparison<\/a>\u200b<\/li>\n<\/ul>\n"}}]},"introduction":"<p>D\u00e9couvrez la <a data-mce-href=\"https:\/\/www.bymycar.fr\/v\/smart-#5-occasion\" href=\"https:\/\/www.bymycar.fr\/v\/smart-#5-occasion\">Smart #5<\/a>, une voiture \u00e9lectrique qui red\u00e9finit les standards du segment <a data-mce-href=\"https:\/\/www.bymycar.fr\/v\/suv-occasion\" href=\"https:\/\/www.bymycar.fr\/v\/suv-occasion\">SUV<\/a>. Ce mod\u00e8le phare de la <a data-mce-href=\"https:\/\/www.bymycar.fr\/v\/smart-occasion\" href=\"https:\/\/www.bymycar.fr\/v\/smart-occasion\">gamme Smart<\/a> combine diff\u00e9rentes batteries (74-76 kWh ou 94-100 kWh), des puissances allant jusqu&rsquo;\u00e0 646 ch et des \u00e9quipements high-tech pour r\u00e9pondre \u00e0 vos besoins quotidiens ou vos longues escapades.<\/p>\n","add-carousel-to-footer":true},"yoast_head":"<!-- This site is optimized with the Yoast SEO Premium plugin v26.4 (Yoast SEO v26.4) - https:\/\/yoast.com\/wordpress\/plugins\/seo\/ -->\n<title>Smart #5 : comment choisir la finition id\u00e9ale ?<\/title>\n<meta name=\"description\" content=\"D\u00e9couvrez la nouvelle Smart #5 et suivez nos conseils BYmyCAR pour s\u00e9lectionner la finition parfaite selon votre usage, autonomie et style.\" \/>\n<meta name=\"robots\" content=\"index, follow, max-snippet:-1, max-image-preview:large, max-video-preview:-1\" \/>\n<link rel=\"canonical\" href=\"https:\/\/www.bymycar.fr\/webzine\/smart-5-comment-choisir-la-finition-ideale\/\" \/>\n<meta property=\"og:locale\" content=\"fr_FR\" \/>\n<meta property=\"og:type\" content=\"article\" \/>\n<meta property=\"og:title\" content=\"Smart #5 : comment choisir la finition id\u00e9ale ?\" \/>\n<meta property=\"og:description\" content=\"D\u00e9couvrez la nouvelle Smart #5 et suivez nos conseils BYmyCAR pour s\u00e9lectionner la finition parfaite selon votre usage, autonomie et style.\" \/>\n<meta property=\"og:url\" content=\"https:\/\/www.bymycar.fr\/webzine\/smart-5-comment-choisir-la-finition-ideale\/\" \/>\n<meta property=\"og:site_name\" content=\"Webzine auto BYmyCAR\" \/>\n<meta property=\"article:published_time\" content=\"2025-12-28T00:00:00+00:00\" \/>\n<meta property=\"article:modified_time\" content=\"2026-01-05T09:26:21+00:00\" \/>\n<meta name=\"author\" content=\"La R\u00e9daction BYmyCAR\" \/>\n<meta name=\"twitter:card\" content=\"summary_large_image\" \/>\n<meta name=\"twitter:label1\" content=\"\u00c9crit par\" \/>\n\t<meta name=\"twitter:data1\" content=\"La R\u00e9daction BYmyCAR\" \/>\n<script type=\"application\/ld+json\" class=\"yoast-schema-graph\">{\"@context\":\"https:\/\/schema.org\",\"@graph\":[{\"@type\":\"Article\",\"@id\":\"https:\/\/www.bymycar.fr\/webzine\/smart-5-comment-choisir-la-finition-ideale\/#article\",\"isPartOf\":{\"@id\":\"https:\/\/www.bymycar.fr\/webzine\/smart-5-comment-choisir-la-finition-ideale\/\"},\"author\":{\"name\":\"La R\u00e9daction BYmyCAR\",\"@id\":\"https:\/\/www.bymycar.fr\/webzine\/#\/schema\/person\/8d570fe11eb8929f06c1e6d00f4d9689\"},\"headline\":\"Smart #5 : comment choisir la finition id\u00e9ale ?\",\"datePublished\":\"2025-12-28T00:00:00+00:00\",\"dateModified\":\"2026-01-05T09:26:21+00:00\",\"mainEntityOfPage\":{\"@id\":\"https:\/\/www.bymycar.fr\/webzine\/smart-5-comment-choisir-la-finition-ideale\/\"},\"wordCount\":7,\"publisher\":{\"@id\":\"https:\/\/www.bymycar.fr\/webzine\/#organization\"},\"articleSection\":[\"Guide d'achat smart\"],\"inLanguage\":\"fr-FR\"},{\"@type\":\"WebPage\",\"@id\":\"https:\/\/www.bymycar.fr\/webzine\/smart-5-comment-choisir-la-finition-ideale\/\",\"url\":\"https:\/\/www.bymycar.fr\/webzine\/smart-5-comment-choisir-la-finition-ideale\/\",\"name\":\"Smart #5 : comment choisir la finition id\u00e9ale ?\",\"isPartOf\":{\"@id\":\"https:\/\/www.bymycar.fr\/webzine\/#website\"},\"datePublished\":\"2025-12-28T00:00:00+00:00\",\"dateModified\":\"2026-01-05T09:26:21+00:00\",\"description\":\"D\u00e9couvrez la nouvelle Smart #5 et suivez nos conseils BYmyCAR pour s\u00e9lectionner la finition parfaite selon votre usage, autonomie et style.\",\"breadcrumb\":{\"@id\":\"https:\/\/www.bymycar.fr\/webzine\/smart-5-comment-choisir-la-finition-ideale\/#breadcrumb\"},\"inLanguage\":\"fr-FR\",\"potentialAction\":[{\"@type\":\"ReadAction\",\"target\":[\"https:\/\/www.bymycar.fr\/webzine\/smart-5-comment-choisir-la-finition-ideale\/\"]}]},{\"@type\":\"BreadcrumbList\",\"@id\":\"https:\/\/www.bymycar.fr\/webzine\/smart-5-comment-choisir-la-finition-ideale\/#breadcrumb\",\"itemListElement\":[{\"@type\":\"ListItem\",\"position\":1,\"name\":\"Accueil\",\"item\":\"https:\/\/www.bymycar.fr\/webzine\/\"},{\"@type\":\"ListItem\",\"position\":2,\"name\":\"Smart #5 : comment choisir la finition id\u00e9ale ?\"}]},{\"@type\":\"WebSite\",\"@id\":\"https:\/\/www.bymycar.fr\/webzine\/#website\",\"url\":\"https:\/\/www.bymycar.fr\/webzine\/\",\"name\":\"Webzine auto BYmyCAR\",\"description\":\"La magazine auto de BYmyCAR\",\"publisher\":{\"@id\":\"https:\/\/www.bymycar.fr\/webzine\/#organization\"},\"potentialAction\":[{\"@type\":\"SearchAction\",\"target\":{\"@type\":\"EntryPoint\",\"urlTemplate\":\"https:\/\/www.bymycar.fr\/webzine\/?s={search_term_string}\"},\"query-input\":{\"@type\":\"PropertyValueSpecification\",\"valueRequired\":true,\"valueName\":\"search_term_string\"}}],\"inLanguage\":\"fr-FR\"},{\"@type\":\"Organization\",\"@id\":\"https:\/\/www.bymycar.fr\/webzine\/#organization\",\"name\":\"BYmyCAR\",\"url\":\"https:\/\/www.bymycar.fr\/webzine\/\",\"logo\":{\"@type\":\"ImageObject\",\"inLanguage\":\"fr-FR\",\"@id\":\"https:\/\/www.bymycar.fr\/webzine\/#\/schema\/logo\/image\/\",\"url\":\"https:\/\/cdn.bymycar.eu\/fr-webzine\/wp-content\/uploads\/medias\/2017\/08\/logo_DEALER_00000406_001.png\",\"contentUrl\":\"https:\/\/cdn.bymycar.eu\/fr-webzine\/wp-content\/uploads\/medias\/2017\/08\/logo_DEALER_00000406_001.png\",\"width\":2132,\"height\":720,\"caption\":\"BYmyCAR\"},\"image\":{\"@id\":\"https:\/\/www.bymycar.fr\/webzine\/#\/schema\/logo\/image\/\"}},{\"@type\":\"Person\",\"@id\":\"https:\/\/www.bymycar.fr\/webzine\/#\/schema\/person\/8d570fe11eb8929f06c1e6d00f4d9689\",\"name\":\"La R\u00e9daction BYmyCAR\",\"image\":{\"@type\":\"ImageObject\",\"inLanguage\":\"fr-FR\",\"@id\":\"https:\/\/www.bymycar.fr\/webzine\/#\/schema\/person\/image\/\",\"url\":\"https:\/\/secure.gravatar.com\/avatar\/1aa6b039d0ce106989923af4e2d0f2a0c82bb070d5e449f1b9adf082a5863900?s=96&d=mm&r=g\",\"contentUrl\":\"https:\/\/secure.gravatar.com\/avatar\/1aa6b039d0ce106989923af4e2d0f2a0c82bb070d5e449f1b9adf082a5863900?s=96&d=mm&r=g\",\"caption\":\"La R\u00e9daction BYmyCAR\"},\"sameAs\":[\"https:\/\/www.bymycar.fr\/\"]}]}<\/script>\n<!-- \/ Yoast SEO Premium plugin. -->","yoast_head_json":{"title":"Smart #5 : comment choisir la finition id\u00e9ale ?","description":"D\u00e9couvrez la nouvelle Smart #5 et suivez nos conseils BYmyCAR pour s\u00e9lectionner la finition parfaite selon votre usage, autonomie et style.","robots":{"index":"index","follow":"follow","max-snippet":"max-snippet:-1","max-image-preview":"max-image-preview:large","max-video-preview":"max-video-preview:-1"},"canonical":"https:\/\/www.bymycar.fr\/webzine\/smart-5-comment-choisir-la-finition-ideale\/","og_locale":"fr_FR","og_type":"article","og_title":"Smart #5 : comment choisir la finition id\u00e9ale ?","og_description":"D\u00e9couvrez la nouvelle Smart #5 et suivez nos conseils BYmyCAR pour s\u00e9lectionner la finition parfaite selon votre usage, autonomie et style.","og_url":"https:\/\/www.bymycar.fr\/webzine\/smart-5-comment-choisir-la-finition-ideale\/","og_site_name":"Webzine auto BYmyCAR","article_published_time":"2025-12-28T00:00:00+00:00","article_modified_time":"2026-01-05T09:26:21+00:00","author":"La R\u00e9daction BYmyCAR","twitter_card":"summary_large_image","twitter_misc":{"\u00c9crit par":"La R\u00e9daction BYmyCAR"},"schema":{"@context":"https:\/\/schema.org","@graph":[{"@type":"Article","@id":"https:\/\/www.bymycar.fr\/webzine\/smart-5-comment-choisir-la-finition-ideale\/#article","isPartOf":{"@id":"https:\/\/www.bymycar.fr\/webzine\/smart-5-comment-choisir-la-finition-ideale\/"},"author":{"name":"La R\u00e9daction BYmyCAR","@id":"https:\/\/www.bymycar.fr\/webzine\/#\/schema\/person\/8d570fe11eb8929f06c1e6d00f4d9689"},"headline":"Smart #5 : comment choisir la finition id\u00e9ale ?","datePublished":"2025-12-28T00:00:00+00:00","dateModified":"2026-01-05T09:26:21+00:00","mainEntityOfPage":{"@id":"https:\/\/www.bymycar.fr\/webzine\/smart-5-comment-choisir-la-finition-ideale\/"},"wordCount":7,"publisher":{"@id":"https:\/\/www.bymycar.fr\/webzine\/#organization"},"articleSection":["Guide d'achat smart"],"inLanguage":"fr-FR"},{"@type":"WebPage","@id":"https:\/\/www.bymycar.fr\/webzine\/smart-5-comment-choisir-la-finition-ideale\/","url":"https:\/\/www.bymycar.fr\/webzine\/smart-5-comment-choisir-la-finition-ideale\/","name":"Smart #5 : comment choisir la finition id\u00e9ale ?","isPartOf":{"@id":"https:\/\/www.bymycar.fr\/webzine\/#website"},"datePublished":"2025-12-28T00:00:00+00:00","dateModified":"2026-01-05T09:26:21+00:00","description":"D\u00e9couvrez la nouvelle Smart #5 et suivez nos conseils BYmyCAR pour s\u00e9lectionner la finition parfaite selon votre usage, autonomie et style.","breadcrumb":{"@id":"https:\/\/www.bymycar.fr\/webzine\/smart-5-comment-choisir-la-finition-ideale\/#breadcrumb"},"inLanguage":"fr-FR","potentialAction":[{"@type":"ReadAction","target":["https:\/\/www.bymycar.fr\/webzine\/smart-5-comment-choisir-la-finition-ideale\/"]}]},{"@type":"BreadcrumbList","@id":"https:\/\/www.bymycar.fr\/webzine\/smart-5-comment-choisir-la-finition-ideale\/#breadcrumb","itemListElement":[{"@type":"ListItem","position":1,"name":"Accueil","item":"https:\/\/www.bymycar.fr\/webzine\/"},{"@type":"ListItem","position":2,"name":"Smart #5 : comment choisir la finition id\u00e9ale ?"}]},{"@type":"WebSite","@id":"https:\/\/www.bymycar.fr\/webzine\/#website","url":"https:\/\/www.bymycar.fr\/webzine\/","name":"Webzine auto BYmyCAR","description":"La magazine auto de BYmyCAR","publisher":{"@id":"https:\/\/www.bymycar.fr\/webzine\/#organization"},"potentialAction":[{"@type":"SearchAction","target":{"@type":"EntryPoint","urlTemplate":"https:\/\/www.bymycar.fr\/webzine\/?s={search_term_string}"},"query-input":{"@type":"PropertyValueSpecification","valueRequired":true,"valueName":"search_term_string"}}],"inLanguage":"fr-FR"},{"@type":"Organization","@id":"https:\/\/www.bymycar.fr\/webzine\/#organization","name":"BYmyCAR","url":"https:\/\/www.bymycar.fr\/webzine\/","logo":{"@type":"ImageObject","inLanguage":"fr-FR","@id":"https:\/\/www.bymycar.fr\/webzine\/#\/schema\/logo\/image\/","url":"https:\/\/cdn.bymycar.eu\/fr-webzine\/wp-content\/uploads\/medias\/2017\/08\/logo_DEALER_00000406_001.png","contentUrl":"https:\/\/cdn.bymycar.eu\/fr-webzine\/wp-content\/uploads\/medias\/2017\/08\/logo_DEALER_00000406_001.png","width":2132,"height":720,"caption":"BYmyCAR"},"image":{"@id":"https:\/\/www.bymycar.fr\/webzine\/#\/schema\/logo\/image\/"}},{"@type":"Person","@id":"https:\/\/www.bymycar.fr\/webzine\/#\/schema\/person\/8d570fe11eb8929f06c1e6d00f4d9689","name":"La R\u00e9daction BYmyCAR","image":{"@type":"ImageObject","inLanguage":"fr-FR","@id":"https:\/\/www.bymycar.fr\/webzine\/#\/schema\/person\/image\/","url":"https:\/\/secure.gravatar.com\/avatar\/1aa6b039d0ce106989923af4e2d0f2a0c82bb070d5e449f1b9adf082a5863900?s=96&d=mm&r=g","contentUrl":"https:\/\/secure.gravatar.com\/avatar\/1aa6b039d0ce106989923af4e2d0f2a0c82bb070d5e449f1b9adf082a5863900?s=96&d=mm&r=g","caption":"La R\u00e9daction BYmyCAR"},"sameAs":["https:\/\/www.bymycar.fr\/"]}]}},"_links":{"self":[{"href":"https:\/\/www.bymycar.fr\/webzine\/wp-json\/wp\/v2\/posts\/63290","targetHints":{"allow":["GET"]}}],"collection":[{"href":"https:\/\/www.bymycar.fr\/webzine\/wp-json\/wp\/v2\/posts"}],"about":[{"href":"https:\/\/www.bymycar.fr\/webzine\/wp-json\/wp\/v2\/types\/post"}],"author":[{"embeddable":true,"href":"https:\/\/www.bymycar.fr\/webzine\/wp-json\/wp\/v2\/users\/88"}],"replies":[{"embeddable":true,"href":"https:\/\/www.bymycar.fr\/webzine\/wp-json\/wp\/v2\/comments?post=63290"}],"version-history":[{"count":1,"href":"https:\/\/www.bymycar.fr\/webzine\/wp-json\/wp\/v2\/posts\/63290\/revisions"}],"predecessor-version":[{"id":63699,"href":"https:\/\/www.bymycar.fr\/webzine\/wp-json\/wp\/v2\/posts\/63290\/revisions\/63699"}],"wp:attachment":[{"href":"https:\/\/www.bymycar.fr\/webzine\/wp-json\/wp\/v2\/media?parent=63290"}],"wp:term":[{"taxonomy":"category","embeddable":true,"href":"https:\/\/www.bymycar.fr\/webzine\/wp-json\/wp\/v2\/categories?post=63290"},{"taxonomy":"post_tag","embeddable":true,"href":"https:\/\/www.bymycar.fr\/webzine\/wp-json\/wp\/v2\/tags?post=63290"}],"curies":[{"name":"wp","href":"https:\/\/api.w.org\/{rel}","templated":true}]}}