{"id":63288,"date":"2025-12-28T00:00:00","date_gmt":"2025-12-28T00:00:00","guid":{"rendered":"https:\/\/www.bymycar.fr\/webzine\/?p=63288"},"modified":"2026-01-09T16:17:37","modified_gmt":"2026-01-09T15:17:37","slug":"combien-coute-la-smart-5-en-neuf-ou-occasion","status":"publish","type":"post","link":"https:\/\/www.bymycar.fr\/webzine\/combien-coute-la-smart-5-en-neuf-ou-occasion\/","title":{"rendered":"combien co\u00fbte la smart #5 en neuf ou occasion ?"},"content":{"rendered":"","protected":false},"excerpt":{"rendered":"","protected":false},"author":88,"featured_media":0,"comment_status":"closed","ping_status":"open","sticky":false,"template":"","format":"standard","meta":{"_acf_changed":false,"footnotes":""},"categories":[12926],"tags":[],"class_list":["post-63288","post","type-post","status-publish","format-standard","hentry","category-guide-dachat-smart"],"acf":{"page_content":{"block_content":[{"acf_fc_layout":"text-simple","--nav":{"-withNav":false,"-ancre":""},"--group":{"-text":"<h2>Ce qu&rsquo;il faut retenir<\/h2>\n<p>Voici les points essentiels \u00e0 retenir sur la Smart #5 :<\/p>\n<ul>\n<li><strong>Versions compl\u00e8tes<\/strong> : de la Pro (340 ch, propulsion) \u00e0 la Brabus (646 ch, int\u00e9grale), chaque finition offre un \u00e9quilibre diff\u00e9rent entre performances, \u00e9quipements et technologies ;<\/li>\n<li><strong>Autonomie g\u00e9n\u00e9reuse<\/strong> : de 465 km pour la version Pro jusqu&rsquo;\u00e0 590 km pour les configurations 100 kWh, avec recharge ultra-rapide en 18 minutes sur les versions 800 V ;<\/li>\n<li><strong>Accompagnement personnalis\u00e9<\/strong> : que vous choisissiez le neuf ou l&rsquo;occasion, nos conseillers BYmyCAR vous guident selon vos besoins et capacit\u00e9s de remboursement pour un projet sur-mesure.<\/li>\n<\/ul>\n<p>Cette synth\u00e8se vous permet d&rsquo;appr\u00e9hender les atouts majeurs de ce <a data-mce-href=\"https:\/\/www.bymycar.fr\/v\/suv-occasion\" href=\"https:\/\/www.bymycar.fr\/v\/suv-occasion\">SUV<\/a> \u00e9lectrique familial de <a data-mce-href=\"https:\/\/www.bymycar.fr\/v\/smart-occasion\" href=\"https:\/\/www.bymycar.fr\/v\/smart-occasion\">la gamme Smart<\/a> avant de prendre votre d\u00e9cision d&rsquo;achat.<\/p>\n<h2>Smart #5 neuve : versions, autonomie et \u00e9quipements<\/h2>\n<h3>Panorama des finitions, de Pro \u00e0 Summit Edition<\/h3>\n<p>La <a href=\"https:\/\/www.bymycar.fr\/v\/smart-5-places-occasion\" data-mce-href=\"https:\/\/www.bymycar.fr\/v\/smart-5-places-occasion\">Smart 5 places<\/a> s&rsquo;impose comme un v\u00e9ritable v\u00e9hicule \u00e9lectrique familial avec une gamme compl\u00e8te de finitions. La version Pro constitue l&rsquo;entr\u00e9e de gamme avec une batterie LFP de 76 kWh et une motorisation de 340 ch en propulsion. Les finitions Pro+ et Premium b\u00e9n\u00e9ficient d&rsquo;une architecture 800 V plus performante et d&rsquo;une batterie NMC de 100 kWh, offrant ainsi une meilleure capacit\u00e9 \u00e9nerg\u00e9tique.<\/p>\n<p>\u00c0 partir de la finition Pulse, la Smart #5 se dote d&rsquo;une transmission int\u00e9grale avec deux moteurs cumulant 587 ch, id\u00e9ale pour les conducteurs recherchant davantage de dynamisme. La Summit Edition repr\u00e9sente le haut de gamme avec un \u00e9quipement ultra-complet et des finitions raffin\u00e9es. Enfin, la version Brabus, la plus sportive de la gamme, propose jusqu&rsquo;\u00e0 646 ch pour des performances exceptionnelles.<\/p>\n<h3>Autonomie et recharge : jusqu&rsquo;o\u00f9 pouvez-vous rouler ?<\/h3>\n<p>L&rsquo;autonomie de la Smart #5 varie selon les versions et leurs batteries. La finition Pro avec sa batterie de 76 kWh offre jusqu&rsquo;\u00e0 465 km d&rsquo;autonomie WLTP, ce qui convient parfaitement aux trajets quotidiens et aux week-ends en famille. Les autres versions \u00e9quip\u00e9es de la batterie de 100 kWh permettent de parcourir entre 540 et 590 km selon les configurations, vous offrant ainsi une tranquillit\u00e9 d&rsquo;esprit accrue pour vos longs d\u00e9placements.<\/p>\n<p>L&rsquo;architecture 800 V des versions sup\u00e9rieures autorise des recharges ultra-rapides pouvant atteindre 400 kW en courant continu, permettant de passer de 10 \u00e0 80 % de charge en seulement 18 minutes. La version Pro se contente de 150 kW, ce qui reste tr\u00e8s honorable pour un usage r\u00e9gulier. Tous les mod\u00e8les sont compatibles avec la recharge en courant alternatif jusqu&rsquo;\u00e0 22 kW et la fonction Plug and Charge pour une exp\u00e9rience simplifi\u00e9e au quotidien.<\/p>\n<h2>Finitions de la Smart #5 : avantages cl\u00e9s<\/h2>\n<p>La Smart #5 se d\u00e9cline en plusieurs finitions offrant chacune des atouts sp\u00e9cifiques pour ce SUV familial. La version Pro constitue une entr\u00e9e de gamme d\u00e9j\u00e0 bien \u00e9quip\u00e9e avec sa propulsion arri\u00e8re et son autonomie confortable pour un usage polyvalent. La finition Pro+ apporte une architecture \u00e9lectrique 800 V plus performante, tandis que la Premium enrichit l&rsquo;exp\u00e9rience avec des \u00e9quipements premium et des jantes sp\u00e9cifiques qui affirment son caract\u00e8re haut de gamme.<\/p>\n<p>La Pulse introduit la transmission int\u00e9grale pour une conduite plus dynamique et une meilleure motricit\u00e9 en toutes circonstances. Au sommet, la Summit Edition combine richesse d&rsquo;\u00e9quipements et performances optimales pour satisfaire les exigences les plus \u00e9lev\u00e9es. La Brabus s&rsquo;adresse quant \u00e0 elle aux amateurs de sensations fortes avec sa puissance exceptionnelle et ses attributs sportifs exclusifs. Chaque version offre un \u00e9quilibre diff\u00e9rent entre confort, technologie et performances, vous permettant de choisir celle qui correspond le mieux \u00e0 vos besoins.<\/p>\n<h2>Smart #5 d&rsquo;occasion : comment bien la choisir<\/h2>\n<p>L&rsquo;acquisition d&rsquo;une Smart #5 d&rsquo;occasion m\u00e9rite une inspection minutieuse pour garantir un achat serein. V\u00e9rifiez prioritairement l&rsquo;\u00e9tat de sant\u00e9 de la batterie (SOH) qui doit id\u00e9alement d\u00e9passer 85 % pour ce SUV \u00e9lectrique r\u00e9cent. Examinez l&rsquo;historique des charges et les cycles de recharge pour \u00e9valuer l&rsquo;usage ant\u00e9rieur du v\u00e9hicule et anticiper sa dur\u00e9e de vie restante.<\/p>\n<p>Portez attention au kilom\u00e9trage r\u00e9el et comparez-le \u00e0 l&rsquo;autonomie affich\u00e9e pour d\u00e9tecter d&rsquo;\u00e9ventuelles incoh\u00e9rences. L&rsquo;\u00e9tat de l&rsquo;habitacle et des \u00e9quipements technologiques doit \u00e9galement \u00eatre contr\u00f4l\u00e9 avec soin, car ces \u00e9l\u00e9ments contribuent grandement au plaisir de conduite au quotidien. Pour une tranquillit\u00e9 d&rsquo;esprit totale, faites appel \u00e0 nos conseillers BYmyCAR qui r\u00e9aliseront une inspection professionnelle compl\u00e8te et vous garantiront un v\u00e9hicule fiable. Une Smart #5 bien choisie vous assurera une exp\u00e9rience de conduite \u00e9lectrique optimale pour les ann\u00e9es \u00e0 venir.<\/p>\n<h2>Smart #5 Brabus : neuve ou d&rsquo;occasion ?<\/h2>\n<h3>Smart #5 Brabus neuve : puissance et style<\/h3>\n<p>La Smart #5 Brabus impressionne par sa motorisation \u00e9lectrique d\u00e9veloppant 646 chevaux et un couple de 710 Nm, des performances dignes d&rsquo;une sportive. Cette version exclusive se distingue par son design sportif avec des jantes Monoblock Z de 21 pouces, des \u00e9triers de frein rouges et des badges Brabus sp\u00e9cifiques qui affirment son caract\u00e8re unique.<\/p>\n<p>Sa transmission int\u00e9grale assure une r\u00e9partition optimale de la puissance sur les quatre roues, permettant d&rsquo;atteindre le 0 \u00e0 100 km\/h en seulement 3,8 secondes. Ces performances exceptionnelles s&rsquo;accompagnent d&rsquo;un niveau d&rsquo;\u00e9quipement et de finitions exclusives qui placent cette version au sommet de la gamme. Pour d\u00e9couvrir cette version haute performance et explorer toutes ses possibilit\u00e9s, contactez nos conseillers BYmyCAR.<\/p>\n<h3>Smart #5 Brabus d&rsquo;occasion : une opportunit\u00e9 passion<\/h3>\n<p>Acqu\u00e9rir une Smart #5 Brabus d&rsquo;occasion repr\u00e9sente une opportunit\u00e9 exceptionnelle pour les passionn\u00e9s de performances \u00e9lectriques. Ce SUV familial dans sa version la plus radicale conserve tous les atouts qui font son succ\u00e8s : puissance impressionnante, transmission int\u00e9grale sophistiqu\u00e9e et design distinctif qui ne laisse personne indiff\u00e9rent.<\/p>\n<p>Les mod\u00e8les d&rsquo;occasion r\u00e9cents offrent l&rsquo;avantage d&rsquo;un \u00e9quipement complet incluant double \u00e9cran OLED et syst\u00e8me audio Sennheiser \u00e0 20 haut-parleurs pour une exp\u00e9rience sensorielle totale. Pour conna\u00eetre les disponibilit\u00e9s actuelles et v\u00e9rifier l&rsquo;\u00e9tat des batteries avec pr\u00e9cision, nos conseillers BYmyCAR sont \u00e0 votre disposition pour vous accompagner dans votre projet.<\/p>\n<h2>Neuf ou occasion : d\u00e9cider avec nos conseillers BYmyCAR<\/h2>\n<p>Le choix entre une Smart #5 neuve ou d&rsquo;occasion d\u00e9pend de vos besoins sp\u00e9cifiques et de votre situation personnelle. Nos conseillers BYmyCAR vous accompagnent dans cette d\u00e9cision en prenant en compte vos capacit\u00e9s de remboursement et vos pr\u00e9f\u00e9rences en mati\u00e8re d&rsquo;\u00e9quipements. Que vous optiez pour un achat comptant ou une solution de LOA adapt\u00e9e \u00e0 votre budget, nous vous proposons un accompagnement sur mesure pour concr\u00e9tiser votre projet automobile en toute s\u00e9r\u00e9nit\u00e9.<\/p>\n<h2>FAQ Smart #5<\/h2>\n<h3>Quelle est l&rsquo;autonomie r\u00e9elle de la Smart #5 ?<\/h3>\n<p>L&rsquo;autonomie de la Smart #5 varie selon la version choisie et les conditions d&rsquo;utilisation. La version Pro avec sa batterie de 76 kWh offre jusqu&rsquo;\u00e0 465 km d&rsquo;autonomie WLTP, tandis que les versions \u00e9quip\u00e9es de la batterie de 100 kWh permettent de parcourir entre 540 et 590 km selon les configurations. L&rsquo;autonomie r\u00e9elle d\u00e9pend de plusieurs facteurs comme le type de parcours, les conditions m\u00e9t\u00e9orologiques et votre style de conduite. Pour une \u00e9valuation pr\u00e9cise selon vos besoins, nos conseillers BYmyCAR vous accompagnent dans le choix de la version la plus adapt\u00e9e.<\/p>\n<h3>Combien co\u00fbte une Smart #5 neuve ou d&rsquo;occasion ?<\/h3>\n<p>Les tarifs de la Smart #5 varient selon la finition choisie, les \u00e9quipements s\u00e9lectionn\u00e9s et l&rsquo;\u00e9tat du v\u00e9hicule pour les mod\u00e8les d&rsquo;occasion. Pour conna\u00eetre les conditions tarifaires actuelles et d\u00e9couvrir les solutions de financement adapt\u00e9es \u00e0 vos capacit\u00e9s de remboursement, nous vous invitons \u00e0 contacter nos conseillers BYmyCAR. Ils vous proposeront un accompagnement personnalis\u00e9 incluant les possibilit\u00e9s de LOA et les offres promotionnelles en cours.<\/p>\n<h3>Quelle version de la Smart #5 choisir pour un usage familial ?<\/h3>\n<p>Pour un usage familial, plusieurs versions de la Smart #5 r\u00e9pondent parfaitement \u00e0 vos besoins. La version Pro+ constitue un excellent compromis avec sa batterie de 100 kWh offrant une autonomie rassurante et son architecture 800 V permettant des recharges ultra-rapides. Si vous recherchez plus de dynamisme, la version Pulse avec sa transmission int\u00e9grale vous s\u00e9duira par sa polyvalence. Nos conseillers BYmyCAR analysent votre usage quotidien pour vous orienter vers la finition la plus adapt\u00e9e \u00e0 votre famille.<\/p>\n<h3>Comment v\u00e9rifier l&rsquo;\u00e9tat d&rsquo;une Smart #5 d&rsquo;occasion ?<\/h3>\n<p>L&rsquo;achat d&rsquo;une Smart #5 d&rsquo;occasion n\u00e9cessite une attention particuli\u00e8re \u00e0 l&rsquo;\u00e9tat de sant\u00e9 de la batterie, qui doit id\u00e9alement d\u00e9passer 85 % pour ce SUV \u00e9lectrique r\u00e9cent. Il convient \u00e9galement de v\u00e9rifier l&rsquo;historique des charges, le kilom\u00e9trage r\u00e9el et l&rsquo;\u00e9tat des \u00e9quipements technologiques embarqu\u00e9s. Chez BYmyCAR, nos experts r\u00e9alisent une inspection professionnelle compl\u00e8te incluant un diagnostic batterie pr\u00e9cis pour vous garantir un v\u00e9hicule fiable et performant.<\/p>\n<h2>Pour en savoir plus<\/h2>\n<h3>Sources :<\/h3>\n<ul>\n<li><a href=\"https:\/\/fr.smart.com\/fr\/models\/hashtag-five\/\" target=\"_blank\" data-mce-href=\"https:\/\/fr.smart.com\/fr\/models\/hashtag-five\/\">smart #5 : d\u00e9couvrez notre SUV \u00e9lectrique robuste<\/a><\/li>\n<li><a href=\"https:\/\/smart-kroely.fr\/gammes-smart\/smart-hashtag-5\" target=\"_blank\" data-mce-href=\"https:\/\/smart-kroely.fr\/gammes-smart\/smart-hashtag-5\">smart #5, le nouveau grand SUV \u00e9lectrique familial de 2025 !<\/a><\/li>\n<li><a href=\"https:\/\/www.automobile-propre.com\/voitures\/smart-5\/\" target=\"_blank\" data-mce-href=\"https:\/\/www.automobile-propre.com\/voitures\/smart-5\/\">Smart #5 : batterie, autonomie, recharge, performances, prix<\/a><\/li>\n<\/ul>\n<p><\/p>\n"}}]},"introduction":"<p>D\u00e9couvrez la <a data-mce-href=\"https:\/\/www.bymycar.fr\/v\/smart-#5-occasion\" href=\"https:\/\/www.bymycar.fr\/v\/smart-#5-occasion\">Smart #5<\/a>, un SUV familial alliant \u00e9l\u00e9gance et performance 100 % \u00e9lectrique. Ce v\u00e9hicule polyvalent impressionne par sa technologie de pointe et son confort exceptionnel, parfait pour vos aventures urbaines comme rurales. Que vous souhaitiez l&rsquo;acqu\u00e9rir neuf ou d&rsquo;occasion, contactez nos conseillers BYmyCAR pour b\u00e9n\u00e9ficier d&rsquo;un accompagnement personnalis\u00e9 dans votre projet automobile.<\/p>\n","add-carousel-to-footer":true},"yoast_head":"<!-- This site is optimized with the Yoast SEO Premium plugin v26.4 (Yoast SEO v26.4) - https:\/\/yoast.com\/wordpress\/plugins\/seo\/ -->\n<title>combien co\u00fbte la smart #5 en neuf ou occasion ?<\/title>\n<meta name=\"description\" content=\"Versions, autonomie, conseils d&#039;achat : d\u00e9couvrez la Smart #5 neuve ou d&#039;occasion et profitez de nos conseils BYmyCAR.\" \/>\n<meta name=\"robots\" content=\"index, follow, max-snippet:-1, max-image-preview:large, max-video-preview:-1\" \/>\n<link rel=\"canonical\" href=\"https:\/\/www.bymycar.fr\/webzine\/combien-coute-la-smart-5-en-neuf-ou-occasion\/\" \/>\n<meta property=\"og:locale\" content=\"fr_FR\" \/>\n<meta property=\"og:type\" content=\"article\" \/>\n<meta property=\"og:title\" content=\"combien co\u00fbte la smart #5 en neuf ou occasion ?\" \/>\n<meta property=\"og:description\" content=\"Versions, autonomie, conseils d&#039;achat : d\u00e9couvrez la Smart #5 neuve ou d&#039;occasion et profitez de nos conseils BYmyCAR.\" \/>\n<meta property=\"og:url\" content=\"https:\/\/www.bymycar.fr\/webzine\/combien-coute-la-smart-5-en-neuf-ou-occasion\/\" \/>\n<meta property=\"og:site_name\" content=\"Webzine auto BYmyCAR\" \/>\n<meta property=\"article:published_time\" content=\"2025-12-28T00:00:00+00:00\" \/>\n<meta property=\"article:modified_time\" content=\"2026-01-09T15:17:37+00:00\" \/>\n<meta name=\"author\" content=\"La R\u00e9daction BYmyCAR\" \/>\n<meta name=\"twitter:card\" content=\"summary_large_image\" \/>\n<meta name=\"twitter:label1\" content=\"\u00c9crit par\" \/>\n\t<meta name=\"twitter:data1\" content=\"La R\u00e9daction BYmyCAR\" \/>\n<script type=\"application\/ld+json\" class=\"yoast-schema-graph\">{\"@context\":\"https:\/\/schema.org\",\"@graph\":[{\"@type\":\"Article\",\"@id\":\"https:\/\/www.bymycar.fr\/webzine\/combien-coute-la-smart-5-en-neuf-ou-occasion\/#article\",\"isPartOf\":{\"@id\":\"https:\/\/www.bymycar.fr\/webzine\/combien-coute-la-smart-5-en-neuf-ou-occasion\/\"},\"author\":{\"name\":\"La R\u00e9daction BYmyCAR\",\"@id\":\"https:\/\/www.bymycar.fr\/webzine\/#\/schema\/person\/8d570fe11eb8929f06c1e6d00f4d9689\"},\"headline\":\"combien co\u00fbte la smart #5 en neuf ou occasion ?\",\"datePublished\":\"2025-12-28T00:00:00+00:00\",\"dateModified\":\"2026-01-09T15:17:37+00:00\",\"mainEntityOfPage\":{\"@id\":\"https:\/\/www.bymycar.fr\/webzine\/combien-coute-la-smart-5-en-neuf-ou-occasion\/\"},\"wordCount\":9,\"publisher\":{\"@id\":\"https:\/\/www.bymycar.fr\/webzine\/#organization\"},\"articleSection\":[\"Guide d'achat smart\"],\"inLanguage\":\"fr-FR\"},{\"@type\":\"WebPage\",\"@id\":\"https:\/\/www.bymycar.fr\/webzine\/combien-coute-la-smart-5-en-neuf-ou-occasion\/\",\"url\":\"https:\/\/www.bymycar.fr\/webzine\/combien-coute-la-smart-5-en-neuf-ou-occasion\/\",\"name\":\"combien co\u00fbte la smart #5 en neuf ou occasion ?\",\"isPartOf\":{\"@id\":\"https:\/\/www.bymycar.fr\/webzine\/#website\"},\"datePublished\":\"2025-12-28T00:00:00+00:00\",\"dateModified\":\"2026-01-09T15:17:37+00:00\",\"description\":\"Versions, autonomie, conseils d'achat : d\u00e9couvrez la Smart #5 neuve ou d'occasion et profitez de nos conseils BYmyCAR.\",\"breadcrumb\":{\"@id\":\"https:\/\/www.bymycar.fr\/webzine\/combien-coute-la-smart-5-en-neuf-ou-occasion\/#breadcrumb\"},\"inLanguage\":\"fr-FR\",\"potentialAction\":[{\"@type\":\"ReadAction\",\"target\":[\"https:\/\/www.bymycar.fr\/webzine\/combien-coute-la-smart-5-en-neuf-ou-occasion\/\"]}]},{\"@type\":\"BreadcrumbList\",\"@id\":\"https:\/\/www.bymycar.fr\/webzine\/combien-coute-la-smart-5-en-neuf-ou-occasion\/#breadcrumb\",\"itemListElement\":[{\"@type\":\"ListItem\",\"position\":1,\"name\":\"Accueil\",\"item\":\"https:\/\/www.bymycar.fr\/webzine\/\"},{\"@type\":\"ListItem\",\"position\":2,\"name\":\"combien co\u00fbte la smart #5 en neuf ou occasion ?\"}]},{\"@type\":\"WebSite\",\"@id\":\"https:\/\/www.bymycar.fr\/webzine\/#website\",\"url\":\"https:\/\/www.bymycar.fr\/webzine\/\",\"name\":\"Webzine auto BYmyCAR\",\"description\":\"La magazine auto de BYmyCAR\",\"publisher\":{\"@id\":\"https:\/\/www.bymycar.fr\/webzine\/#organization\"},\"potentialAction\":[{\"@type\":\"SearchAction\",\"target\":{\"@type\":\"EntryPoint\",\"urlTemplate\":\"https:\/\/www.bymycar.fr\/webzine\/?s={search_term_string}\"},\"query-input\":{\"@type\":\"PropertyValueSpecification\",\"valueRequired\":true,\"valueName\":\"search_term_string\"}}],\"inLanguage\":\"fr-FR\"},{\"@type\":\"Organization\",\"@id\":\"https:\/\/www.bymycar.fr\/webzine\/#organization\",\"name\":\"BYmyCAR\",\"url\":\"https:\/\/www.bymycar.fr\/webzine\/\",\"logo\":{\"@type\":\"ImageObject\",\"inLanguage\":\"fr-FR\",\"@id\":\"https:\/\/www.bymycar.fr\/webzine\/#\/schema\/logo\/image\/\",\"url\":\"https:\/\/cdn.bymycar.eu\/fr-webzine\/wp-content\/uploads\/medias\/2017\/08\/logo_DEALER_00000406_001.png\",\"contentUrl\":\"https:\/\/cdn.bymycar.eu\/fr-webzine\/wp-content\/uploads\/medias\/2017\/08\/logo_DEALER_00000406_001.png\",\"width\":2132,\"height\":720,\"caption\":\"BYmyCAR\"},\"image\":{\"@id\":\"https:\/\/www.bymycar.fr\/webzine\/#\/schema\/logo\/image\/\"}},{\"@type\":\"Person\",\"@id\":\"https:\/\/www.bymycar.fr\/webzine\/#\/schema\/person\/8d570fe11eb8929f06c1e6d00f4d9689\",\"name\":\"La R\u00e9daction BYmyCAR\",\"image\":{\"@type\":\"ImageObject\",\"inLanguage\":\"fr-FR\",\"@id\":\"https:\/\/www.bymycar.fr\/webzine\/#\/schema\/person\/image\/\",\"url\":\"https:\/\/secure.gravatar.com\/avatar\/1aa6b039d0ce106989923af4e2d0f2a0c82bb070d5e449f1b9adf082a5863900?s=96&d=mm&r=g\",\"contentUrl\":\"https:\/\/secure.gravatar.com\/avatar\/1aa6b039d0ce106989923af4e2d0f2a0c82bb070d5e449f1b9adf082a5863900?s=96&d=mm&r=g\",\"caption\":\"La R\u00e9daction BYmyCAR\"},\"sameAs\":[\"https:\/\/www.bymycar.fr\/\"]}]}<\/script>\n<!-- \/ Yoast SEO Premium plugin. -->","yoast_head_json":{"title":"combien co\u00fbte la smart #5 en neuf ou occasion ?","description":"Versions, autonomie, conseils d'achat : d\u00e9couvrez la Smart #5 neuve ou d'occasion et profitez de nos conseils BYmyCAR.","robots":{"index":"index","follow":"follow","max-snippet":"max-snippet:-1","max-image-preview":"max-image-preview:large","max-video-preview":"max-video-preview:-1"},"canonical":"https:\/\/www.bymycar.fr\/webzine\/combien-coute-la-smart-5-en-neuf-ou-occasion\/","og_locale":"fr_FR","og_type":"article","og_title":"combien co\u00fbte la smart #5 en neuf ou occasion ?","og_description":"Versions, autonomie, conseils d'achat : d\u00e9couvrez la Smart #5 neuve ou d'occasion et profitez de nos conseils BYmyCAR.","og_url":"https:\/\/www.bymycar.fr\/webzine\/combien-coute-la-smart-5-en-neuf-ou-occasion\/","og_site_name":"Webzine auto BYmyCAR","article_published_time":"2025-12-28T00:00:00+00:00","article_modified_time":"2026-01-09T15:17:37+00:00","author":"La R\u00e9daction BYmyCAR","twitter_card":"summary_large_image","twitter_misc":{"\u00c9crit par":"La R\u00e9daction BYmyCAR"},"schema":{"@context":"https:\/\/schema.org","@graph":[{"@type":"Article","@id":"https:\/\/www.bymycar.fr\/webzine\/combien-coute-la-smart-5-en-neuf-ou-occasion\/#article","isPartOf":{"@id":"https:\/\/www.bymycar.fr\/webzine\/combien-coute-la-smart-5-en-neuf-ou-occasion\/"},"author":{"name":"La R\u00e9daction BYmyCAR","@id":"https:\/\/www.bymycar.fr\/webzine\/#\/schema\/person\/8d570fe11eb8929f06c1e6d00f4d9689"},"headline":"combien co\u00fbte la smart #5 en neuf ou occasion ?","datePublished":"2025-12-28T00:00:00+00:00","dateModified":"2026-01-09T15:17:37+00:00","mainEntityOfPage":{"@id":"https:\/\/www.bymycar.fr\/webzine\/combien-coute-la-smart-5-en-neuf-ou-occasion\/"},"wordCount":9,"publisher":{"@id":"https:\/\/www.bymycar.fr\/webzine\/#organization"},"articleSection":["Guide d'achat smart"],"inLanguage":"fr-FR"},{"@type":"WebPage","@id":"https:\/\/www.bymycar.fr\/webzine\/combien-coute-la-smart-5-en-neuf-ou-occasion\/","url":"https:\/\/www.bymycar.fr\/webzine\/combien-coute-la-smart-5-en-neuf-ou-occasion\/","name":"combien co\u00fbte la smart #5 en neuf ou occasion ?","isPartOf":{"@id":"https:\/\/www.bymycar.fr\/webzine\/#website"},"datePublished":"2025-12-28T00:00:00+00:00","dateModified":"2026-01-09T15:17:37+00:00","description":"Versions, autonomie, conseils d'achat : d\u00e9couvrez la Smart #5 neuve ou d'occasion et profitez de nos conseils BYmyCAR.","breadcrumb":{"@id":"https:\/\/www.bymycar.fr\/webzine\/combien-coute-la-smart-5-en-neuf-ou-occasion\/#breadcrumb"},"inLanguage":"fr-FR","potentialAction":[{"@type":"ReadAction","target":["https:\/\/www.bymycar.fr\/webzine\/combien-coute-la-smart-5-en-neuf-ou-occasion\/"]}]},{"@type":"BreadcrumbList","@id":"https:\/\/www.bymycar.fr\/webzine\/combien-coute-la-smart-5-en-neuf-ou-occasion\/#breadcrumb","itemListElement":[{"@type":"ListItem","position":1,"name":"Accueil","item":"https:\/\/www.bymycar.fr\/webzine\/"},{"@type":"ListItem","position":2,"name":"combien co\u00fbte la smart #5 en neuf ou occasion ?"}]},{"@type":"WebSite","@id":"https:\/\/www.bymycar.fr\/webzine\/#website","url":"https:\/\/www.bymycar.fr\/webzine\/","name":"Webzine auto BYmyCAR","description":"La magazine auto de BYmyCAR","publisher":{"@id":"https:\/\/www.bymycar.fr\/webzine\/#organization"},"potentialAction":[{"@type":"SearchAction","target":{"@type":"EntryPoint","urlTemplate":"https:\/\/www.bymycar.fr\/webzine\/?s={search_term_string}"},"query-input":{"@type":"PropertyValueSpecification","valueRequired":true,"valueName":"search_term_string"}}],"inLanguage":"fr-FR"},{"@type":"Organization","@id":"https:\/\/www.bymycar.fr\/webzine\/#organization","name":"BYmyCAR","url":"https:\/\/www.bymycar.fr\/webzine\/","logo":{"@type":"ImageObject","inLanguage":"fr-FR","@id":"https:\/\/www.bymycar.fr\/webzine\/#\/schema\/logo\/image\/","url":"https:\/\/cdn.bymycar.eu\/fr-webzine\/wp-content\/uploads\/medias\/2017\/08\/logo_DEALER_00000406_001.png","contentUrl":"https:\/\/cdn.bymycar.eu\/fr-webzine\/wp-content\/uploads\/medias\/2017\/08\/logo_DEALER_00000406_001.png","width":2132,"height":720,"caption":"BYmyCAR"},"image":{"@id":"https:\/\/www.bymycar.fr\/webzine\/#\/schema\/logo\/image\/"}},{"@type":"Person","@id":"https:\/\/www.bymycar.fr\/webzine\/#\/schema\/person\/8d570fe11eb8929f06c1e6d00f4d9689","name":"La R\u00e9daction BYmyCAR","image":{"@type":"ImageObject","inLanguage":"fr-FR","@id":"https:\/\/www.bymycar.fr\/webzine\/#\/schema\/person\/image\/","url":"https:\/\/secure.gravatar.com\/avatar\/1aa6b039d0ce106989923af4e2d0f2a0c82bb070d5e449f1b9adf082a5863900?s=96&d=mm&r=g","contentUrl":"https:\/\/secure.gravatar.com\/avatar\/1aa6b039d0ce106989923af4e2d0f2a0c82bb070d5e449f1b9adf082a5863900?s=96&d=mm&r=g","caption":"La R\u00e9daction BYmyCAR"},"sameAs":["https:\/\/www.bymycar.fr\/"]}]}},"_links":{"self":[{"href":"https:\/\/www.bymycar.fr\/webzine\/wp-json\/wp\/v2\/posts\/63288","targetHints":{"allow":["GET"]}}],"collection":[{"href":"https:\/\/www.bymycar.fr\/webzine\/wp-json\/wp\/v2\/posts"}],"about":[{"href":"https:\/\/www.bymycar.fr\/webzine\/wp-json\/wp\/v2\/types\/post"}],"author":[{"embeddable":true,"href":"https:\/\/www.bymycar.fr\/webzine\/wp-json\/wp\/v2\/users\/88"}],"replies":[{"embeddable":true,"href":"https:\/\/www.bymycar.fr\/webzine\/wp-json\/wp\/v2\/comments?post=63288"}],"version-history":[{"count":1,"href":"https:\/\/www.bymycar.fr\/webzine\/wp-json\/wp\/v2\/posts\/63288\/revisions"}],"predecessor-version":[{"id":63537,"href":"https:\/\/www.bymycar.fr\/webzine\/wp-json\/wp\/v2\/posts\/63288\/revisions\/63537"}],"wp:attachment":[{"href":"https:\/\/www.bymycar.fr\/webzine\/wp-json\/wp\/v2\/media?parent=63288"}],"wp:term":[{"taxonomy":"category","embeddable":true,"href":"https:\/\/www.bymycar.fr\/webzine\/wp-json\/wp\/v2\/categories?post=63288"},{"taxonomy":"post_tag","embeddable":true,"href":"https:\/\/www.bymycar.fr\/webzine\/wp-json\/wp\/v2\/tags?post=63288"}],"curies":[{"name":"wp","href":"https:\/\/api.w.org\/{rel}","templated":true}]}}