{"id":63243,"date":"2025-12-25T00:00:00","date_gmt":"2025-12-25T00:00:00","guid":{"rendered":"https:\/\/www.bymycar.fr\/webzine\/?p=63243"},"modified":"2026-01-09T16:26:21","modified_gmt":"2026-01-09T15:26:21","slug":"quelle-finition-choisir-pour-lopel-vivaro","status":"publish","type":"post","link":"https:\/\/www.bymycar.fr\/webzine\/quelle-finition-choisir-pour-lopel-vivaro\/","title":{"rendered":"Quelle finition choisir pour l&rsquo;Opel Vivaro ?"},"content":{"rendered":"","protected":false},"excerpt":{"rendered":"","protected":false},"author":88,"featured_media":0,"comment_status":"closed","ping_status":"open","sticky":false,"template":"","format":"standard","meta":{"_acf_changed":false,"footnotes":""},"categories":[12919],"tags":[],"class_list":["post-63243","post","type-post","status-publish","format-standard","hentry","category-guide-dachat-opel"],"acf":{"page_content":{"block_content":[{"acf_fc_layout":"text-simple","--nav":{"-withNav":false,"-ancre":""},"--group":{"-text":"<h2>Ce qu&rsquo;il faut retenir<\/h2>\n<p>Le choix de la finition id\u00e9ale pour votre Opel Vivaro d\u00e9pend de trois crit\u00e8res essentiels :<\/p>\n<ul>\n<li><strong>L&rsquo;usage principal<\/strong> : fourgon pour le transport de marchandises avec volume maximal, cabine approfondie pour un usage mixte personnel\/mat\u00e9riel, ou combi pour le transport de passagers jusqu&rsquo;\u00e0 9 places ;<\/li>\n<li><strong>Le niveau d&rsquo;\u00e9quipement souhait\u00e9<\/strong> : finitions d&rsquo;entr\u00e9e de gamme pour un usage rationnel, finitions interm\u00e9diaires pour plus de confort et de s\u00e9curit\u00e9, ou version Sportive pour une image premium avec jantes alliage et projecteurs Full LED ;<\/li>\n<li><strong>La motorisation adapt\u00e9e<\/strong> : diesel \u00e9conomique pour les longs trajets, ou Vivaro E \u00e9lectrique avec jusqu&rsquo;\u00e0 330 km d&rsquo;autonomie pour une mobilit\u00e9 z\u00e9ro \u00e9mission en milieu urbain.<\/li>\n<\/ul>\n<p>Pour d\u00e9terminer la configuration parfaite selon vos besoins professionnels, nos conseillers BYmyCAR vous accompagnent dans votre choix.<\/p>\n<h2>Fourgon, combi ou cabine approfondie : quels types d&rsquo;Opel Vivaro ?<\/h2>\n<h3>Un utilitaire polyvalent<\/h3>\n<p>L&rsquo;Opel Vivaro se distingue par sa polyvalence exceptionnelle, propos\u00e9e en plusieurs silhouettes adapt\u00e9es \u00e0 des usages professionnels vari\u00e9s. Ce <a data-mce-href=\"https:\/\/www.bymycar.fr\/v\/utilitaire\" href=\"https:\/\/www.bymycar.fr\/v\/utilitaire\">v\u00e9hicule utilitaire<\/a> offre un choix parmi quatre styles de carrosserie et deux longueurs diff\u00e9rentes, r\u00e9pondant pr\u00e9cis\u00e9ment aux besoins sp\u00e9cifiques de chaque entreprise. <\/p>\n<p>Les principales versions disponibles sont :<\/p>\n<ul>\n<li>le fourgon t\u00f4l\u00e9, id\u00e9al pour le transport de marchandises avec un maximum de volume utile ;<\/li>\n<li>la cabine approfondie, combinant transport de personnel et de mat\u00e9riel avec une banquette arri\u00e8re ;<\/li>\n<li>le combi, orient\u00e9 transport de passagers avec jusqu&rsquo;\u00e0 9 places ;<\/li>\n<li>le plancher cabine, permettant des am\u00e9nagements sur mesure.<\/li>\n<\/ul>\n<p>Chaque silhouette a \u00e9t\u00e9 con\u00e7ue pour r\u00e9pondre \u00e0 un usage sp\u00e9cifique, tout en conservant la robustesse et la fiabilit\u00e9 qui font la r\u00e9putation de la gamme Opel.<\/p>\n<h3>Volume utile et modularit\u00e9<\/h3>\n<p>La modularit\u00e9 est l&rsquo;un des points forts de l&rsquo;Opel Vivaro. Selon la version choisie, le volume utile varie consid\u00e9rablement : de 5 m\u00b3 pour le fourgon court \u00e0 plus de 6 m\u00b3 pour la version longue. Les versions cabine approfondie offrent un excellent compromis entre espace de chargement et transport d&rsquo;\u00e9quipe.<\/p>\n<p>Avec une hauteur de seulement 1,97 m pour les versions standard, l&rsquo;Opel Vivaro peut acc\u00e9der aux parkings souterrains et franchir la plupart des portiques urbains limit\u00e9s \u00e0 2 m, un avantage consid\u00e9rable pour les professionnels intervenant en centre-ville. L&rsquo;ergonomie de l&rsquo;habitacle a \u00e9t\u00e9 particuli\u00e8rement soign\u00e9e, transformant ce v\u00e9hicule utilitaire en v\u00e9ritable bureau mobile pour les professionnels en d\u00e9placement.<\/p>\n<h2>Finitions d&rsquo;entr\u00e9e de gamme de l&rsquo;Opel Vivaro : le choix rationnel<\/h2>\n<p>Les finitions de base (g\u00e9n\u00e9ralement nomm\u00e9es Essentia ou Pack Clim selon les mill\u00e9simes) offrent l&rsquo;essentiel pour un usage professionnel efficace. Ces versions sont \u00e9quip\u00e9es de s\u00e9rie avec des \u00e9l\u00e9ments pratiques comme la cloison de s\u00e9paration, les protections int\u00e9rieures robustes, les vitres \u00e9lectriques s\u00e9quentielles et les airbags conducteur et passager. C\u00f4t\u00e9 s\u00e9curit\u00e9, vous b\u00e9n\u00e9ficiez du freinage d&rsquo;urgence, du r\u00e9gulateur\/limiteur de vitesse et de la condamnation centralis\u00e9e \u00e0 distance, des \u00e9quipements de s\u00e9rie qui assurent une protection optimale au quotidien.<\/p>\n<p>Sur ces versions, l&rsquo;ergonomie des commandes est excellente malgr\u00e9 une finition fonctionnelle. La modularit\u00e9 reste correcte, mais certains \u00e9quipements de confort (climatisation automatique, aides au stationnement avanc\u00e9es, syst\u00e8mes multim\u00e9dias \u00e9labor\u00e9s) sont propos\u00e9s en option. Cette configuration en fait un choix judicieux pour les artisans et entreprises qui privil\u00e9gient la robustesse et l&rsquo;aspect pratique, notamment avec les motorisations diesel interm\u00e9diaires qui offrent un bon compromis consommation\/performance. Pour conna\u00eetre les possibilit\u00e9s d&rsquo;\u00e9quipement comme Android Auto sans fil ou Apple CarPlay sur votre futur Opel Vivaro, n&rsquo;h\u00e9sitez pas \u00e0 contacter nos conseillers BYmyCAR qui vous guideront vers la configuration id\u00e9ale.<\/p>\n<h2>Opel Vivaro cabine approfondie : finitions interm\u00e9diaires et int\u00e9rieur premium<\/h2>\n<h3>Confort et s\u00e9curit\u00e9 renforc\u00e9s<\/h3>\n<p>Les finitions interm\u00e9diaires du Vivaro Cabine Approfondie offrent un niveau d&rsquo;\u00e9quipement enrichi par rapport aux versions de base. La climatisation automatique remplace la climatisation manuelle, tandis que l&rsquo;isolation acoustique est significativement am\u00e9lior\u00e9e pour des trajets plus silencieux. Les syst\u00e8mes d&rsquo;aide \u00e0 la conduite sont \u00e9galement plus nombreux avec le maintien dans la voie et la cam\u00e9ra de recul qui facilitent les man\u0153uvres quotidiennes. Ces versions peuvent \u00eatre associ\u00e9es \u00e0 la bo\u00eete automatique EAT8 \u00e0 8 rapports, particuli\u00e8rement appr\u00e9ciable pour les longs trajets ou la conduite urbaine intensive.<\/p>\n<h3>La banquette passager et le tableau de bord<\/h3>\n<p>La cabine approfondie fixe int\u00e8gre une banquette passager trois places au second rang avec vitrage lat\u00e9ral, offrant ainsi un espace confortable pour transporter jusqu&rsquo;\u00e0 six personnes. Le tableau de bord ergonomique propose un \u00e9cran tactile de 10 pouces compatible avec Apple CarPlay et Android Auto sans fil, permettant une connectivit\u00e9 optimale. Le pack Moduwork disponible sur certaines finitions ajoute une tablette \u00e9critoire pratique et une trappe pour charges longues.<\/p>\n<table>\n<thead>\n<tr>\n<th>Finition<\/th>\n<th>\u00c9quipements cl\u00e9s<\/th>\n<\/tr>\n<\/thead>\n<tbody>\n<tr>\n<td>Pack Business<\/td>\n<td>R\u00e9gulateur de vitesse, Bluetooth, climatisation manuelle<\/td>\n<\/tr>\n<tr>\n<td>Pack Business Connect<\/td>\n<td>Navigation 3D, cam\u00e9ra de recul, climatisation automatique<\/td>\n<\/tr>\n<tr>\n<td>Sportive<\/td>\n<td>Jantes alliage 17&Prime;, projecteurs full LED, int\u00e9rieur premium<\/td>\n<\/tr>\n<tr>\n<td>Cabine Approfondie Fixe<\/td>\n<td>Banquette 3 places, vitrage lat\u00e9ral, rangements suppl\u00e9mentaires<\/td>\n<\/tr>\n<tr>\n<td>Pack Premium Connect<\/td>\n<td>\u00c9cran 10&Prime; HD, maintien dans la voie, climatisation 3 zones<\/td>\n<\/tr>\n<\/tbody>\n<\/table>\n<h2>Opel Vivaro Sport : les s\u00e9ries sp\u00e9ciales dynamiques<\/h2>\n<h3>Jantes alliage et projecteurs Full LED<\/h3>\n<p>Les s\u00e9ries sp\u00e9ciales comme l&rsquo;Opel Vivaro Sportive misent sur une pr\u00e9sentation r\u00e9solument dynamique qui valorise l&rsquo;image de votre entreprise. Ce mod\u00e8le s\u00e9duit imm\u00e9diatement par ses jantes alliage 17&Prime; diamant\u00e9es qui renforcent son caract\u00e8re premium, et ses projecteurs Full LED avec signature lumineuse OPEL distinctive qui am\u00e9liorent la visibilit\u00e9 tout en affirmant sa personnalit\u00e9.<\/p>\n<p>Son style dynamique est accentu\u00e9 par des stickers noirs et jaunes qui s&rsquo;\u00e9tendent du capot jusqu&rsquo;\u00e0 l&rsquo;Opel Vizor, cr\u00e9ant une identit\u00e9 visuelle forte. Les pare-chocs, poign\u00e9es de porte et rails de porte coulissante sont peints dans la couleur de la carrosserie, tandis que les protections lat\u00e9rales et coques de r\u00e9troviseurs adoptent une \u00e9l\u00e9gante finition noire.<\/p>\n<p>Cette version haut de gamme se marie parfaitement avec les motorisations les plus puissantes (180 ch en diesel) ou la version \u00e9lectrique de 136 ch. L&rsquo;<a data-mce-href=\"https:\/\/www.bymycar.fr\/marque\/opel\" href=\"https:\/\/www.bymycar.fr\/marque\/opel\">Opel<\/a> Vivaro Sportive s&rsquo;adresse aux professionnels pour qui l&rsquo;ergonomie de bord, les \u00e9quipements de connectivit\u00e9 avanc\u00e9s et la pr\u00e9sentation ext\u00e9rieure constituent des atouts essentiels pour valoriser leur image aupr\u00e8s de la client\u00e8le.<\/p>\n<h2>Prix de l&rsquo;Opel Vivaro : comment choisir la finition id\u00e9ale ?<\/h2>\n<p>Pour un usage strictement utilitaire, avec priorit\u00e9 au volume de chargement et au co\u00fbt, la finition d&rsquo;entr\u00e9e de gamme sur fourgon t\u00f4l\u00e9 repr\u00e9sente le meilleur compromis. Pour les besoins des professionnels n\u00e9cessitant un transport mixte de personnes et mat\u00e9riel, optez pour les versions interm\u00e9diaires Vivaro Cabine Approfondie ou Combi, dot\u00e9es d&rsquo;une climatisation am\u00e9lior\u00e9e et d&rsquo;un traitement acoustique renforc\u00e9.<\/p>\n<p>Si l&rsquo;image de marque est essentielle \u00e0 votre activit\u00e9 (navettes, transport VIP, artisans haut de gamme), la version haut de gamme Sportive, avec son design distinctif et ses \u00e9quipements premium, valorisera parfaitement votre entreprise. Cette finition s&rsquo;associe id\u00e9alement aux motorisations puissantes ou \u00e9lectriques pour une exp\u00e9rience optimale.<\/p>\n<p>Pour d\u00e9terminer la finition qui correspond exactement \u00e0 vos besoins professionnels et conna\u00eetre les tarifs actuels, nos conseillers BYmyCAR sont \u00e0 votre disposition pour vous guider sur les options, les possibilit\u00e9s de financement en LOA et les solutions adapt\u00e9es \u00e0 votre activit\u00e9.<\/p>\n<h2>Dimensions du fourgon Opel Vivaro : longueur, hauteur, volume utile<\/h2>\n<p>L&rsquo;Opel Vivaro se distingue par sa polyvalence et ses dimensions bien pens\u00e9es qui en font un utilitaire adapt\u00e9 \u00e0 de nombreux usages professionnels. Disponible en plusieurs configurations, ce fourgon allie praticit\u00e9 et accessibilit\u00e9 pour r\u00e9pondre aux besoins des professionnels en d\u00e9placement.<\/p>\n<h3>Longueur et hauteur L1, L2, L3<\/h3>\n<p>Le fourgon Opel Vivaro est propos\u00e9 en diff\u00e9rentes versions pour s&rsquo;adapter \u00e0 vos besoins sp\u00e9cifiques. La version L1H1 (standard) mesure 4,99 m de longueur pour une hauteur de 1,97 m, tandis que la version L2H1 (longue) conserve la m\u00eame hauteur mais offre une longueur sup\u00e9rieure pour plus de capacit\u00e9 de chargement. Ces dimensions compactes facilitent les man\u0153uvres en ville tout en garantissant une excellente capacit\u00e9 de transport, particuli\u00e8rement appr\u00e9ciable pour les trajets de longue distance.<\/p>\n<h3>Volume utile et acc\u00e8s aux parkings souterrains<\/h3>\n<p>Un des avantages majeurs de l&rsquo;Opel Vivaro est sa hauteur inf\u00e9rieure \u00e0 1,90 m qui lui permet d&rsquo;acc\u00e9der facilement \u00e0 la plupart des parkings souterrains, contrairement \u00e0 de nombreux utilitaires concurrents. Cette caract\u00e9ristique est particuli\u00e8rement appr\u00e9ci\u00e9e des professionnels travaillant en milieu urbain. Le volume utile varie selon les versions, offrant une capacit\u00e9 adapt\u00e9e \u00e0 chaque besoin.<\/p>\n<table>\n<thead>\n<tr>\n<th>Taille<\/th>\n<th>Longueur<\/th>\n<th>Volume utile<\/th>\n<\/tr>\n<\/thead>\n<tbody>\n<tr>\n<td>L1H1<\/td>\n<td>4,99 m<\/td>\n<td>5,2 m\u00b3<\/td>\n<\/tr>\n<tr>\n<td>L2H1<\/td>\n<td>5,30 m<\/td>\n<td>6,0 m\u00b3<\/td>\n<\/tr>\n<tr>\n<td>L3H1<\/td>\n<td>5,50 m<\/td>\n<td>6,6 m\u00b3<\/td>\n<\/tr>\n<\/tbody>\n<\/table>\n<p>Gr\u00e2ce \u00e0 la banquette passager Moduwork \u00e9quip\u00e9e d&rsquo;une trappe, vous pouvez transporter des objets jusqu&rsquo;\u00e0 4 m\u00e8tres de long dans la version XL, ce qui accro\u00eet consid\u00e9rablement la flexibilit\u00e9 de ce fourgon pour vos missions professionnelles quotidiennes.<\/p>\n<h2>Opel Vivaro E : l&rsquo;Opel Vivaro \u00e9lectrique et ses km d&rsquo;autonomie<\/h2>\n<p>Le Vivaro E se positionne comme la solution id\u00e9ale pour les professionnels souhaitant concilier capacit\u00e9 de chargement et mobilit\u00e9 z\u00e9ro \u00e9mission. Disponible en plusieurs longueurs, l&rsquo;utilitaire \u00e9lectrique d&rsquo;Opel conserve le m\u00eame volume utile que ses homologues thermiques gr\u00e2ce \u00e0 l&rsquo;int\u00e9gration intelligente des batteries sous le plancher de chargement.<\/p>\n<h3>Autonomie et recharges<\/h3>\n<p><a data-mce-href=\"https:\/\/www.bymycar.fr\/v\/opel-vivaro-electrique\" href=\"https:\/\/www.bymycar.fr\/v\/opel-vivaro-electrique\">L&rsquo;Opel Vivaro \u00e9lectrique<\/a> propose deux options de batterie pour s&rsquo;adapter \u00e0 vos besoins professionnels : une version 50 kWh offrant jusqu&rsquo;\u00e0 230 km d&rsquo;autonomie, et une version 75 kWh permettant d&rsquo;atteindre 330 km selon le cycle WLTP. La recharge rapide en courant continu (100 kW) permet de r\u00e9cup\u00e9rer 80 % de la capacit\u00e9 en seulement 30 minutes pour la batterie de 50 kWh et 45 minutes pour celle de 75 kWh. Vous pouvez \u00e9galement utiliser une wallbox domestique ou une prise standard pour une recharge compl\u00e8te durant la nuit.<\/p>\n<h3>\u00c9quipements connect\u00e9s<\/h3>\n<p>Le Vivaro E b\u00e9n\u00e9ficie des derni\u00e8res technologies connect\u00e9es avec les syst\u00e8mes d&rsquo;infodivertissement Multimedia Radio et Multimedia Navi Pro dot\u00e9s d&rsquo;\u00e9crans tactiles couleur. La compatibilit\u00e9 avec Android Auto sans fil et Apple CarPlay vous permet d&rsquo;acc\u00e9der facilement \u00e0 vos applications favorites, tandis que la reconnaissance des panneaux de signalisation am\u00e9liore votre s\u00e9curit\u00e9 quotidienne. L&rsquo;application myOpel vous offre \u00e9galement la possibilit\u00e9 de contr\u00f4ler \u00e0 distance l&rsquo;\u00e9tat de charge de votre v\u00e9hicule et de programmer les temps de recharge.<\/p>\n<p>Pour d\u00e9couvrir l&rsquo;Opel Vivaro E qui correspond \u00e0 vos besoins professionnels, nos conseillers BYmyCAR vous invitent \u00e0 r\u00e9server un essai dans l&rsquo;une de nos concessions.<\/p>\n<h2>Opel Vivaro 5 \u00e0 9 places : quelle configuration pour vos trajets ?<\/h2>\n<h3>5 places : compacit\u00e9 et modularit\u00e9<\/h3>\n<p>La configuration 5 places du Vivaro se pr\u00e9sente sous forme de cabine approfondie avec une banquette 3 places \u00e0 l&rsquo;arri\u00e8re. Cette version allie parfaitement transport de personnes et espace de chargement, id\u00e9ale pour les artisans qui doivent transporter leur \u00e9quipe tout en conservant un volume utile cons\u00e9quent. La modularit\u00e9 est renforc\u00e9e par le syst\u00e8me Moduwork qui permet d&rsquo;optimiser l&rsquo;espace selon vos besoins. Avec sa hauteur limit\u00e9e, vous acc\u00e9dez facilement aux parkings souterrains, un atout pour la mobilit\u00e9 urbaine.<\/p>\n<h3>6-7 places : \u00e9quilibre pro\/famille<\/h3>\n<p>La version 6-7 places repr\u00e9sente le compromis parfait entre usage professionnel et familial. Dot\u00e9e d&rsquo;une cabine approfondie fixe avec banquette arri\u00e8re modulable, elle offre une polyvalence remarquable. Particuli\u00e8rement adapt\u00e9e aux longues distances gr\u00e2ce \u00e0 son excellent confort acoustique et sa climatisation performante, elle int\u00e8gre des \u00e9quipements de s\u00e9curit\u00e9 comme le r\u00e9gulateur de vitesse et les aides au stationnement qui facilitent les trajets quotidiens. Cette configuration est disponible en bo\u00eete automatique pour une conduite plus d\u00e9tendue.<\/p>\n<h3>8-9 places : transport de personnel premium<\/h3>\n<p>La configuration Combi 8-9 places transforme votre Vivaro en v\u00e9ritable navette premium. Avec trois rang\u00e9es de si\u00e8ges confortables, elle est parfaite pour les h\u00f4tels, entreprises ou familles nombreuses. L&rsquo;habitacle b\u00e9n\u00e9ficie d&rsquo;un traitement acoustique sup\u00e9rieur et d&rsquo;une climatisation optimis\u00e9e pour tous les passagers. Les technologies embarqu\u00e9es comme l&rsquo;\u00e9cran tactile 10&Prime; et la navigation connect\u00e9e am\u00e9liorent l&rsquo;exp\u00e9rience \u00e0 bord. Les aides au stationnement et la bo\u00eete automatique facilitent les man\u0153uvres malgr\u00e9 les dimensions g\u00e9n\u00e9reuses.<\/p>\n<h2>Opel Vivaro 2025 : design revisit\u00e9 et technologies \u00e0 bord<\/h2>\n<p>Le nouvel Opel Vivaro arbore d\u00e9sormais un design modernis\u00e9 avec la signature stylistique Vizor et des projecteurs Full LED qui renforcent son identit\u00e9 visuelle. \u00c0 bord, la technologie fait un bond en avant avec un \u00e9cran tactile 10&Prime; HD, la connectivit\u00e9 sans fil et un r\u00e9troviseur num\u00e9rique pour une meilleure visibilit\u00e9. C\u00f4t\u00e9 s\u00e9curit\u00e9, vous b\u00e9n\u00e9ficiez de l&rsquo;assistance au maintien dans la voie, du freinage automatique d&rsquo;urgence et du d\u00e9marrage mains libres. Cette nouvelle g\u00e9n\u00e9ration propose \u00e9galement une version \u00e9lectrique offrant jusqu&rsquo;\u00e0 352 kilom\u00e8tres d&rsquo;autonomie, parfaite pour les professionnels soucieux de leur empreinte environnementale.<\/p>\n<h2>FAQ Opel Vivaro<\/h2>\n<h3>Comment utiliser le configurateur Opel Vivaro ?<\/h3>\n<p>Le configurateur Opel Vivaro est accessible directement sur le site officiel et vous permet de personnaliser votre utilitaire selon vos besoins professionnels. Commencez par s\u00e9lectionner la silhouette d\u00e9sir\u00e9e (fourgon t\u00f4l\u00e9, combi, cabine approfondie ou plancher cabine), puis choisissez la longueur, la motorisation et la finition. Vous pouvez ensuite ajouter les \u00e9quipements sp\u00e9cifiques et visualiser votre Vivaro en temps r\u00e9el avant de demander un devis aupr\u00e8s de nos conseillers BYmyCAR.<\/p>\n<h3>Quelle est la consommation de carburant moyenne ?<\/h3>\n<p>La consommation de carburant de l&rsquo;Opel Vivaro varie selon la motorisation et la charge transport\u00e9e. Les versions diesel r\u00e9centes affichent une consommation mixte comprise entre 6 et 7,5 litres aux 100 km en conditions r\u00e9elles d&rsquo;utilisation. Les motorisations les plus \u00e9conomes sont les BlueHDi de derni\u00e8re g\u00e9n\u00e9ration, particuli\u00e8rement adapt\u00e9es aux trajets mixtes ville\/route. Pour une optimisation de la consommation, les versions \u00e9quip\u00e9es du syst\u00e8me Start&amp;Stop offrent un avantage notable en milieu urbain.<\/p>\n<h3>L&rsquo;Opel Vivaro est-il adapt\u00e9 aux rues \u00e9troites ?<\/h3>\n<p>L&rsquo;Opel Vivaro se montre particuli\u00e8rement maniable en milieu urbain malgr\u00e9 sa vocation utilitaire. Sa version Small, avec seulement 4,60 m de longueur, est sp\u00e9cialement con\u00e7ue pour naviguer dans les rues \u00e9troites des centres-villes. Le rayon de braquage optimis\u00e9 et la direction assist\u00e9e surmultipli\u00e9e facilitent les man\u0153uvres dans les espaces restreints. Sa hauteur inf\u00e9rieure \u00e0 1,90 m permet \u00e9galement l&rsquo;acc\u00e8s \u00e0 la plupart des parkings souterrains, un atout consid\u00e9rable pour les professionnels intervenant en zone urbaine.<\/p>\n<h3>Quels \u00e9quipements assurent la s\u00e9curit\u00e9 au quotidien ?<\/h3>\n<p>L&rsquo;Opel Vivaro propose de nombreux \u00e9quipements de s\u00e9curit\u00e9 active et passive. Parmi les plus appr\u00e9ci\u00e9s figurent le syst\u00e8me de freinage d&rsquo;urgence autonome, l&rsquo;alerte de franchissement involontaire de ligne et le r\u00e9troviseur num\u00e9rique qui am\u00e9liore consid\u00e9rablement la visibilit\u00e9 arri\u00e8re. Les versions r\u00e9centes b\u00e9n\u00e9ficient \u00e9galement de l&rsquo;aide au stationnement avec cam\u00e9ra de recul, du r\u00e9gulateur de vitesse adaptatif et de l&rsquo;alerte d&rsquo;angle mort, des technologies qui contribuent \u00e0 pr\u00e9venir les risques d&rsquo;accidents lors de vos d\u00e9placements professionnels quotidiens.<\/p>\n<h3>\u00c0 lire \u00e9galement<\/h3>\n<ul>\n<li><a href=\"https:\/\/www.bymycar.fr\/webzine\/quelle-quantite-dhuile-pour-faire-la-vidange-dun-opel-vivaro\/\" data-mce-href=\"https:\/\/www.bymycar.fr\/webzine\/quelle-quantite-dhuile-pour-faire-la-vidange-dun-opel-vivaro\/\">Quelle quantit\u00e9 d&rsquo;huile pour faire la vidange d\u2019un Opel Vivaro ?<\/a><\/li>\n<li><a href=\"https:\/\/www.bymycar.fr\/webzine\/quel-moteur-dans-lopel-vivaro\/\" data-mce-href=\"https:\/\/www.bymycar.fr\/webzine\/quel-moteur-dans-lopel-vivaro\/\">Quel moteur dans l&rsquo;Opel Vivaro ?<\/a><\/li>\n<li><a href=\"https:\/\/www.bymycar.fr\/webzine\/quelle-est-la-hauteur-dun-opel-vivaro\/\" data-mce-href=\"https:\/\/www.bymycar.fr\/webzine\/quelle-est-la-hauteur-dun-opel-vivaro\/\">Quelle est la hauteur d&rsquo;un Opel Vivaro ?<\/a><\/li>\n<li><a href=\"https:\/\/www.bymycar.fr\/webzine\/combien-de-places-dans-une-opel-vivaro\/\" data-mce-href=\"https:\/\/www.bymycar.fr\/webzine\/combien-de-places-dans-une-opel-vivaro\/\">Combien de places dans une Opel Vivaro ?<\/a><\/li>\n<li><a href=\"https:\/\/www.bymycar.fr\/webzine\/combien-coute-lassurance-dun-opel-vivaro\/\" data-mce-href=\"https:\/\/www.bymycar.fr\/webzine\/combien-coute-lassurance-dun-opel-vivaro\/\">Combien co\u00fbte l&rsquo;assurance d&rsquo;un Opel Vivaro ?<\/a><\/li>\n<li><a href=\"https:\/\/www.bymycar.fr\/webzine\/combien-coute-un-opel-vivaro-neuf\/\" data-mce-href=\"https:\/\/www.bymycar.fr\/webzine\/combien-coute-un-opel-vivaro-neuf\/\">Combien co\u00fbte un Opel Vivaro neuf ?<\/a><\/li>\n<li><a href=\"https:\/\/www.bymycar.fr\/webzine\/comment-amenager-soi-meme-un-opel-vivaro-nos-conseils\/\" data-mce-href=\"https:\/\/www.bymycar.fr\/webzine\/comment-amenager-soi-meme-un-opel-vivaro-nos-conseils\/\">Comment am\u00e9nager soi-m\u00eame un Opel Vivaro : nos conseils<\/a><\/li>\n<li><a href=\"https:\/\/www.bymycar.fr\/webzine\/quand-changer-la-courroie-de-distribution-dun-opel-vivaro\/\" data-mce-href=\"https:\/\/www.bymycar.fr\/webzine\/quand-changer-la-courroie-de-distribution-dun-opel-vivaro\/\">Quand changer la courroie de distribution d&rsquo;un Opel Vivaro ?<\/a><\/li>\n<li><a href=\"https:\/\/www.bymycar.fr\/webzine\/lopel-vivaro-est-il-fiable-en-occasion\/\" data-mce-href=\"https:\/\/www.bymycar.fr\/webzine\/lopel-vivaro-est-il-fiable-en-occasion\/\">L&rsquo;Opel Vivaro est-il fiable en occasion ?<\/a><\/li>\n<li><a href=\"https:\/\/www.bymycar.fr\/webzine\/quel-prix-pour-un-opel-vivaro-doccasion\/\" data-mce-href=\"https:\/\/www.bymycar.fr\/webzine\/quel-prix-pour-un-opel-vivaro-doccasion\/\">Quel prix pour un Opel Vivaro d&rsquo;occasion ?<\/a><\/li>\n<li><a href=\"https:\/\/www.bymycar.fr\/webzine\/opel-vivaro-l1h1-vs-l2h1-vs-l3h1-quel-modele-correspond-a-vos-besoins\/\" data-mce-href=\"https:\/\/www.bymycar.fr\/webzine\/opel-vivaro-l1h1-vs-l2h1-vs-l3h1-quel-modele-correspond-a-vos-besoins\/\">Opel Vivaro L1H1 vs L2H1 vs L3H1 : quel mod\u00e8le correspond \u00e0 vos besoins ?\ufeff<\/a><\/li>\n<\/ul>\n<h3>Sources :<\/h3>\n<ul>\n<li><a href=\"https:\/\/www.opel.fr\/utilitaires\/vivaro-c\/panel-van\/points-forts.html\" target=\"_blank\" data-mce-href=\"https:\/\/www.opel.fr\/utilitaires\/vivaro-c\/panel-van\/points-forts.html\">Opel Vivaro | Gamme Utilitaire<\/a><\/li>\n<li><a href=\"https:\/\/www.opel.fr\/utilitaires\/vivaro-c\/vivaro-e\/points-forts.html\" target=\"_blank\" data-mce-href=\"https:\/\/www.opel.fr\/utilitaires\/vivaro-c\/vivaro-e\/points-forts.html\">Opel Vivaro Electric | Gamme Utilitaire<\/a><\/li>\n<li><a href=\"https:\/\/www.opel.fr\/vans\/vivaro-c\/panel-van\/variants.html\" target=\"_blank\" data-mce-href=\"https:\/\/www.opel.fr\/vans\/vivaro-c\/panel-van\/variants.html\">Opel Vivaro Business | Mod\u00e8les et Variantes<\/a><\/li>\n<li><a href=\"https:\/\/www.opel.gp\/utilitaires\/gamme-vivaro\/vivaro\/caracteristiques.html\" target=\"_blank\" data-mce-href=\"https:\/\/www.opel.gp\/utilitaires\/gamme-vivaro\/vivaro\/caracteristiques.html\">Opel Vivaro | Caracteristiques<\/a><\/li>\n<\/ul>\n"}}]},"introduction":"<p>Le choix de la meilleure finition pour un <a data-mce-href=\"https:\/\/www.bymycar.fr\/v\/opel-vivaro\" href=\"https:\/\/www.bymycar.fr\/v\/opel-vivaro\">Opel Vivaro<\/a> d\u00e9pend avant tout de votre usage : transport de marchandises, transport de personnes ou mixte. L&rsquo;Opel Vivaro se distingue comme un utilitaire polyvalent adapt\u00e9 \u00e0 tous les besoins professionnels, avec une gamme de configurations pour r\u00e9pondre pr\u00e9cis\u00e9ment \u00e0 vos exigences m\u00e9tier. Pour un conseil personnalis\u00e9 sur la finition id\u00e9ale, nos conseillers BYmyCAR sont \u00e0 votre disposition pour vous guider dans votre choix.<\/p>\n","add-carousel-to-footer":true},"yoast_head":"<!-- This site is optimized with the Yoast SEO Premium plugin v26.4 (Yoast SEO v26.4) - https:\/\/yoast.com\/wordpress\/plugins\/seo\/ -->\n<title>Quelle finition choisir pour l&#039;Opel Vivaro ?<\/title>\n<meta name=\"description\" content=\"D\u00e9couvrez quelle finition Opel Vivaro correspond \u00e0 vos usages : fourgon, combi, \u00e9lectrique ou sportive \u2013 le guide BYmyCAR en 5 minutes.\" \/>\n<meta name=\"robots\" content=\"index, follow, max-snippet:-1, max-image-preview:large, max-video-preview:-1\" \/>\n<link rel=\"canonical\" href=\"https:\/\/www.bymycar.fr\/webzine\/quelle-finition-choisir-pour-lopel-vivaro\/\" \/>\n<meta property=\"og:locale\" content=\"fr_FR\" \/>\n<meta property=\"og:type\" content=\"article\" \/>\n<meta property=\"og:title\" content=\"Quelle finition choisir pour l&#039;Opel Vivaro ?\" \/>\n<meta property=\"og:description\" content=\"D\u00e9couvrez quelle finition Opel Vivaro correspond \u00e0 vos usages : fourgon, combi, \u00e9lectrique ou sportive \u2013 le guide BYmyCAR en 5 minutes.\" \/>\n<meta property=\"og:url\" content=\"https:\/\/www.bymycar.fr\/webzine\/quelle-finition-choisir-pour-lopel-vivaro\/\" \/>\n<meta property=\"og:site_name\" content=\"Webzine auto BYmyCAR\" \/>\n<meta property=\"article:published_time\" content=\"2025-12-25T00:00:00+00:00\" \/>\n<meta property=\"article:modified_time\" content=\"2026-01-09T15:26:21+00:00\" \/>\n<meta name=\"author\" content=\"La R\u00e9daction BYmyCAR\" \/>\n<meta name=\"twitter:card\" content=\"summary_large_image\" \/>\n<meta name=\"twitter:label1\" content=\"\u00c9crit par\" \/>\n\t<meta name=\"twitter:data1\" content=\"La R\u00e9daction BYmyCAR\" \/>\n<script type=\"application\/ld+json\" class=\"yoast-schema-graph\">{\"@context\":\"https:\/\/schema.org\",\"@graph\":[{\"@type\":\"Article\",\"@id\":\"https:\/\/www.bymycar.fr\/webzine\/quelle-finition-choisir-pour-lopel-vivaro\/#article\",\"isPartOf\":{\"@id\":\"https:\/\/www.bymycar.fr\/webzine\/quelle-finition-choisir-pour-lopel-vivaro\/\"},\"author\":{\"name\":\"La R\u00e9daction BYmyCAR\",\"@id\":\"https:\/\/www.bymycar.fr\/webzine\/#\/schema\/person\/8d570fe11eb8929f06c1e6d00f4d9689\"},\"headline\":\"Quelle finition choisir pour l&rsquo;Opel Vivaro ?\",\"datePublished\":\"2025-12-25T00:00:00+00:00\",\"dateModified\":\"2026-01-09T15:26:21+00:00\",\"mainEntityOfPage\":{\"@id\":\"https:\/\/www.bymycar.fr\/webzine\/quelle-finition-choisir-pour-lopel-vivaro\/\"},\"wordCount\":7,\"publisher\":{\"@id\":\"https:\/\/www.bymycar.fr\/webzine\/#organization\"},\"articleSection\":[\"Guide d'achat Opel\"],\"inLanguage\":\"fr-FR\"},{\"@type\":\"WebPage\",\"@id\":\"https:\/\/www.bymycar.fr\/webzine\/quelle-finition-choisir-pour-lopel-vivaro\/\",\"url\":\"https:\/\/www.bymycar.fr\/webzine\/quelle-finition-choisir-pour-lopel-vivaro\/\",\"name\":\"Quelle finition choisir pour l'Opel Vivaro ?\",\"isPartOf\":{\"@id\":\"https:\/\/www.bymycar.fr\/webzine\/#website\"},\"datePublished\":\"2025-12-25T00:00:00+00:00\",\"dateModified\":\"2026-01-09T15:26:21+00:00\",\"description\":\"D\u00e9couvrez quelle finition Opel Vivaro correspond \u00e0 vos usages : fourgon, combi, \u00e9lectrique ou sportive \u2013 le guide BYmyCAR en 5 minutes.\",\"breadcrumb\":{\"@id\":\"https:\/\/www.bymycar.fr\/webzine\/quelle-finition-choisir-pour-lopel-vivaro\/#breadcrumb\"},\"inLanguage\":\"fr-FR\",\"potentialAction\":[{\"@type\":\"ReadAction\",\"target\":[\"https:\/\/www.bymycar.fr\/webzine\/quelle-finition-choisir-pour-lopel-vivaro\/\"]}]},{\"@type\":\"BreadcrumbList\",\"@id\":\"https:\/\/www.bymycar.fr\/webzine\/quelle-finition-choisir-pour-lopel-vivaro\/#breadcrumb\",\"itemListElement\":[{\"@type\":\"ListItem\",\"position\":1,\"name\":\"Accueil\",\"item\":\"https:\/\/www.bymycar.fr\/webzine\/\"},{\"@type\":\"ListItem\",\"position\":2,\"name\":\"Quelle finition choisir pour l&rsquo;Opel Vivaro ?\"}]},{\"@type\":\"WebSite\",\"@id\":\"https:\/\/www.bymycar.fr\/webzine\/#website\",\"url\":\"https:\/\/www.bymycar.fr\/webzine\/\",\"name\":\"Webzine auto BYmyCAR\",\"description\":\"La magazine auto de BYmyCAR\",\"publisher\":{\"@id\":\"https:\/\/www.bymycar.fr\/webzine\/#organization\"},\"potentialAction\":[{\"@type\":\"SearchAction\",\"target\":{\"@type\":\"EntryPoint\",\"urlTemplate\":\"https:\/\/www.bymycar.fr\/webzine\/?s={search_term_string}\"},\"query-input\":{\"@type\":\"PropertyValueSpecification\",\"valueRequired\":true,\"valueName\":\"search_term_string\"}}],\"inLanguage\":\"fr-FR\"},{\"@type\":\"Organization\",\"@id\":\"https:\/\/www.bymycar.fr\/webzine\/#organization\",\"name\":\"BYmyCAR\",\"url\":\"https:\/\/www.bymycar.fr\/webzine\/\",\"logo\":{\"@type\":\"ImageObject\",\"inLanguage\":\"fr-FR\",\"@id\":\"https:\/\/www.bymycar.fr\/webzine\/#\/schema\/logo\/image\/\",\"url\":\"https:\/\/cdn.bymycar.eu\/fr-webzine\/wp-content\/uploads\/medias\/2017\/08\/logo_DEALER_00000406_001.png\",\"contentUrl\":\"https:\/\/cdn.bymycar.eu\/fr-webzine\/wp-content\/uploads\/medias\/2017\/08\/logo_DEALER_00000406_001.png\",\"width\":2132,\"height\":720,\"caption\":\"BYmyCAR\"},\"image\":{\"@id\":\"https:\/\/www.bymycar.fr\/webzine\/#\/schema\/logo\/image\/\"}},{\"@type\":\"Person\",\"@id\":\"https:\/\/www.bymycar.fr\/webzine\/#\/schema\/person\/8d570fe11eb8929f06c1e6d00f4d9689\",\"name\":\"La R\u00e9daction BYmyCAR\",\"image\":{\"@type\":\"ImageObject\",\"inLanguage\":\"fr-FR\",\"@id\":\"https:\/\/www.bymycar.fr\/webzine\/#\/schema\/person\/image\/\",\"url\":\"https:\/\/secure.gravatar.com\/avatar\/1aa6b039d0ce106989923af4e2d0f2a0c82bb070d5e449f1b9adf082a5863900?s=96&d=mm&r=g\",\"contentUrl\":\"https:\/\/secure.gravatar.com\/avatar\/1aa6b039d0ce106989923af4e2d0f2a0c82bb070d5e449f1b9adf082a5863900?s=96&d=mm&r=g\",\"caption\":\"La R\u00e9daction BYmyCAR\"},\"sameAs\":[\"https:\/\/www.bymycar.fr\/\"]}]}<\/script>\n<!-- \/ Yoast SEO Premium plugin. -->","yoast_head_json":{"title":"Quelle finition choisir pour l'Opel Vivaro ?","description":"D\u00e9couvrez quelle finition Opel Vivaro correspond \u00e0 vos usages : fourgon, combi, \u00e9lectrique ou sportive \u2013 le guide BYmyCAR en 5 minutes.","robots":{"index":"index","follow":"follow","max-snippet":"max-snippet:-1","max-image-preview":"max-image-preview:large","max-video-preview":"max-video-preview:-1"},"canonical":"https:\/\/www.bymycar.fr\/webzine\/quelle-finition-choisir-pour-lopel-vivaro\/","og_locale":"fr_FR","og_type":"article","og_title":"Quelle finition choisir pour l'Opel Vivaro ?","og_description":"D\u00e9couvrez quelle finition Opel Vivaro correspond \u00e0 vos usages : fourgon, combi, \u00e9lectrique ou sportive \u2013 le guide BYmyCAR en 5 minutes.","og_url":"https:\/\/www.bymycar.fr\/webzine\/quelle-finition-choisir-pour-lopel-vivaro\/","og_site_name":"Webzine auto BYmyCAR","article_published_time":"2025-12-25T00:00:00+00:00","article_modified_time":"2026-01-09T15:26:21+00:00","author":"La R\u00e9daction BYmyCAR","twitter_card":"summary_large_image","twitter_misc":{"\u00c9crit par":"La R\u00e9daction BYmyCAR"},"schema":{"@context":"https:\/\/schema.org","@graph":[{"@type":"Article","@id":"https:\/\/www.bymycar.fr\/webzine\/quelle-finition-choisir-pour-lopel-vivaro\/#article","isPartOf":{"@id":"https:\/\/www.bymycar.fr\/webzine\/quelle-finition-choisir-pour-lopel-vivaro\/"},"author":{"name":"La R\u00e9daction BYmyCAR","@id":"https:\/\/www.bymycar.fr\/webzine\/#\/schema\/person\/8d570fe11eb8929f06c1e6d00f4d9689"},"headline":"Quelle finition choisir pour l&rsquo;Opel Vivaro ?","datePublished":"2025-12-25T00:00:00+00:00","dateModified":"2026-01-09T15:26:21+00:00","mainEntityOfPage":{"@id":"https:\/\/www.bymycar.fr\/webzine\/quelle-finition-choisir-pour-lopel-vivaro\/"},"wordCount":7,"publisher":{"@id":"https:\/\/www.bymycar.fr\/webzine\/#organization"},"articleSection":["Guide d'achat Opel"],"inLanguage":"fr-FR"},{"@type":"WebPage","@id":"https:\/\/www.bymycar.fr\/webzine\/quelle-finition-choisir-pour-lopel-vivaro\/","url":"https:\/\/www.bymycar.fr\/webzine\/quelle-finition-choisir-pour-lopel-vivaro\/","name":"Quelle finition choisir pour l'Opel Vivaro ?","isPartOf":{"@id":"https:\/\/www.bymycar.fr\/webzine\/#website"},"datePublished":"2025-12-25T00:00:00+00:00","dateModified":"2026-01-09T15:26:21+00:00","description":"D\u00e9couvrez quelle finition Opel Vivaro correspond \u00e0 vos usages : fourgon, combi, \u00e9lectrique ou sportive \u2013 le guide BYmyCAR en 5 minutes.","breadcrumb":{"@id":"https:\/\/www.bymycar.fr\/webzine\/quelle-finition-choisir-pour-lopel-vivaro\/#breadcrumb"},"inLanguage":"fr-FR","potentialAction":[{"@type":"ReadAction","target":["https:\/\/www.bymycar.fr\/webzine\/quelle-finition-choisir-pour-lopel-vivaro\/"]}]},{"@type":"BreadcrumbList","@id":"https:\/\/www.bymycar.fr\/webzine\/quelle-finition-choisir-pour-lopel-vivaro\/#breadcrumb","itemListElement":[{"@type":"ListItem","position":1,"name":"Accueil","item":"https:\/\/www.bymycar.fr\/webzine\/"},{"@type":"ListItem","position":2,"name":"Quelle finition choisir pour l&rsquo;Opel Vivaro ?"}]},{"@type":"WebSite","@id":"https:\/\/www.bymycar.fr\/webzine\/#website","url":"https:\/\/www.bymycar.fr\/webzine\/","name":"Webzine auto BYmyCAR","description":"La magazine auto de BYmyCAR","publisher":{"@id":"https:\/\/www.bymycar.fr\/webzine\/#organization"},"potentialAction":[{"@type":"SearchAction","target":{"@type":"EntryPoint","urlTemplate":"https:\/\/www.bymycar.fr\/webzine\/?s={search_term_string}"},"query-input":{"@type":"PropertyValueSpecification","valueRequired":true,"valueName":"search_term_string"}}],"inLanguage":"fr-FR"},{"@type":"Organization","@id":"https:\/\/www.bymycar.fr\/webzine\/#organization","name":"BYmyCAR","url":"https:\/\/www.bymycar.fr\/webzine\/","logo":{"@type":"ImageObject","inLanguage":"fr-FR","@id":"https:\/\/www.bymycar.fr\/webzine\/#\/schema\/logo\/image\/","url":"https:\/\/cdn.bymycar.eu\/fr-webzine\/wp-content\/uploads\/medias\/2017\/08\/logo_DEALER_00000406_001.png","contentUrl":"https:\/\/cdn.bymycar.eu\/fr-webzine\/wp-content\/uploads\/medias\/2017\/08\/logo_DEALER_00000406_001.png","width":2132,"height":720,"caption":"BYmyCAR"},"image":{"@id":"https:\/\/www.bymycar.fr\/webzine\/#\/schema\/logo\/image\/"}},{"@type":"Person","@id":"https:\/\/www.bymycar.fr\/webzine\/#\/schema\/person\/8d570fe11eb8929f06c1e6d00f4d9689","name":"La R\u00e9daction BYmyCAR","image":{"@type":"ImageObject","inLanguage":"fr-FR","@id":"https:\/\/www.bymycar.fr\/webzine\/#\/schema\/person\/image\/","url":"https:\/\/secure.gravatar.com\/avatar\/1aa6b039d0ce106989923af4e2d0f2a0c82bb070d5e449f1b9adf082a5863900?s=96&d=mm&r=g","contentUrl":"https:\/\/secure.gravatar.com\/avatar\/1aa6b039d0ce106989923af4e2d0f2a0c82bb070d5e449f1b9adf082a5863900?s=96&d=mm&r=g","caption":"La R\u00e9daction BYmyCAR"},"sameAs":["https:\/\/www.bymycar.fr\/"]}]}},"_links":{"self":[{"href":"https:\/\/www.bymycar.fr\/webzine\/wp-json\/wp\/v2\/posts\/63243","targetHints":{"allow":["GET"]}}],"collection":[{"href":"https:\/\/www.bymycar.fr\/webzine\/wp-json\/wp\/v2\/posts"}],"about":[{"href":"https:\/\/www.bymycar.fr\/webzine\/wp-json\/wp\/v2\/types\/post"}],"author":[{"embeddable":true,"href":"https:\/\/www.bymycar.fr\/webzine\/wp-json\/wp\/v2\/users\/88"}],"replies":[{"embeddable":true,"href":"https:\/\/www.bymycar.fr\/webzine\/wp-json\/wp\/v2\/comments?post=63243"}],"version-history":[{"count":1,"href":"https:\/\/www.bymycar.fr\/webzine\/wp-json\/wp\/v2\/posts\/63243\/revisions"}],"predecessor-version":[{"id":63505,"href":"https:\/\/www.bymycar.fr\/webzine\/wp-json\/wp\/v2\/posts\/63243\/revisions\/63505"}],"wp:attachment":[{"href":"https:\/\/www.bymycar.fr\/webzine\/wp-json\/wp\/v2\/media?parent=63243"}],"wp:term":[{"taxonomy":"category","embeddable":true,"href":"https:\/\/www.bymycar.fr\/webzine\/wp-json\/wp\/v2\/categories?post=63243"},{"taxonomy":"post_tag","embeddable":true,"href":"https:\/\/www.bymycar.fr\/webzine\/wp-json\/wp\/v2\/tags?post=63243"}],"curies":[{"name":"wp","href":"https:\/\/api.w.org\/{rel}","templated":true}]}}