{"id":63239,"date":"2025-12-25T00:00:00","date_gmt":"2025-12-25T00:00:00","guid":{"rendered":"https:\/\/www.bymycar.fr\/webzine\/?p=63239"},"modified":"2026-01-09T16:26:18","modified_gmt":"2026-01-09T15:26:18","slug":"quelle-opel-acheter-en-2026","status":"publish","type":"post","link":"https:\/\/www.bymycar.fr\/webzine\/quelle-opel-acheter-en-2026\/","title":{"rendered":"Quelle Opel acheter en 2026 ?"},"content":{"rendered":"","protected":false},"excerpt":{"rendered":"","protected":false},"author":88,"featured_media":0,"comment_status":"closed","ping_status":"open","sticky":false,"template":"","format":"standard","meta":{"_acf_changed":false,"footnotes":""},"categories":[12919],"tags":[],"class_list":["post-63239","post","type-post","status-publish","format-standard","hentry","category-guide-dachat-opel"],"acf":{"page_content":{"block_content":[{"acf_fc_layout":"text-simple","--nav":{"-withNav":false,"-ancre":""},"--group":{"-text":"<h2>Ce qu&rsquo;il faut retenir<\/h2>\n<p>Voici les points essentiels pour choisir votre Opel en 2026 :<\/p>\n<ul>\n<li><strong>Pour la mobilit\u00e9 urbaine<\/strong> : la Corsa \u00e9lectrique ou hybride 48V s&rsquo;impose avec ses 156 ch en version \u00e9lectrique, 405 km d&rsquo;autonomie et ses motorisations hybrides \u00e9conomes de 100 \u00e0 145 ch ;<\/li>\n<li><strong>Pour les familles<\/strong> : l&rsquo;Astra hybride rechargeable 225 ch offre performances et praticit\u00e9, tandis que la version Sports Tourer propose un coffre modulable de 422 \u00e0 1 339 litres ;<\/li>\n<li><strong>Pour la polyvalence maximale<\/strong> : le Grandland hybride combine habitabilit\u00e9 g\u00e9n\u00e9reuse, si\u00e8ges ergonomiques certifi\u00e9s AGR et motorisations efficientes adapt\u00e9es \u00e0 tous vos d\u00e9placements.<\/li>\n<\/ul>\n<p>Nos conseillers BYmyCAR vous accompagnent pour identifier le mod\u00e8le Opel qui correspond parfaitement \u00e0 votre style de vie et vos besoins sp\u00e9cifiques.<\/p>\n<h2>Opel Corsa : la petite citadine polyvalente<\/h2>\n<p>La Corsa se distingue par sa polyvalence exceptionnelle et ses multiples d\u00e9clinaisons pour r\u00e9pondre \u00e0 tous vos besoins de mobilit\u00e9. Cette petite voiture Opel s&rsquo;adapte parfaitement \u00e0 votre style de conduite gr\u00e2ce \u00e0 plusieurs motorisations disponibles. D\u00e9couvrez <a data-mce-href=\"https:\/\/www.bymycar.fr\/v\/opel-corsa\" href=\"https:\/\/www.bymycar.fr\/v\/opel-corsa\">l&rsquo;Opel Corsa<\/a> dans nos concessions BYmyCAR et laissez-vous s\u00e9duire par ses nombreux atouts.<\/p>\n<h3>Opel Corsa \u00e9lectrique : autonomie et recharge<\/h3>\n<p>La version \u00e9lectrique impressionne avec ses 156 ch et une batterie de 51 kWh offrant jusqu&rsquo;\u00e0 405 km d&rsquo;autonomie en cycle WLTP. Id\u00e9ale pour vos trajets urbains et p\u00e9riurbains, elle vous permet de rouler sereinement au quotidien. Sa capacit\u00e9 de recharge rapide de 100 kW en courant continu vous assure une r\u00e9cup\u00e9ration de 20 % \u00e0 80 % en moins de 30 minutes, pour une mobilit\u00e9 sans contrainte. Pour \u00e9valuer le budget correspondant \u00e0 votre projet, nos conseillers BYmyCAR sont \u00e0 votre disposition.<\/p>\n<h3>Opel Corsa Hybrid : sobri\u00e9t\u00e9 et dynamisme<\/h3>\n<p>Les motorisations hybrides 48V allient parfaitement sobri\u00e9t\u00e9 et dynamisme. \u00c9quip\u00e9es d&rsquo;un moteur \u00e9lectrique de 21 kW qui assiste le bloc essence 1.2L, elles offrent des puissances allant de 100 \u00e0 145 ch. Avec une consommation moyenne remarquablement basse de 4,6 \u00e0 5,4 l\/100 km, ces versions hybrides vous garantissent des \u00e9conomies substantielles au quotidien. La bo\u00eete manuelle \u00e0 6 vitesses assure une conduite fluide et r\u00e9active, pour un plaisir de conduite optimal dans toutes les situations.<\/p>\n<h3>Finition GS Line : design sport et \u00e9cran tactile<\/h3>\n<p>Pour les amateurs de sensations, la Corsa GS Line propose un design r\u00e9solument sportif avec ses jantes alliage de 17 pouces, sa calandre distinctive et ses pare-chocs au style muscl\u00e9. \u00c0 l&rsquo;int\u00e9rieur, vous profiterez d&rsquo;\u00e9quipements premium comme l&rsquo;\u00e9cran tactile 10 pouces, l&rsquo;instrumentation num\u00e9rique et la climatisation automatique pour un confort optimal par tous les temps. Cette finition haut de gamme s&rsquo;associe aux motorisations les plus puissantes pour une exp\u00e9rience de conduite aussi dynamique que confortable.<\/p>\n<h2>Opel Astra : la voiture compacte et familiale<\/h2>\n<h3>Astra Hybrid rechargeable : performances et \u00e9missions de CO\u2082<\/h3>\n<p>L&rsquo;<a href=\"https:\/\/www.bymycar.fr\/v\/opel-astra\" data-mce-href=\"https:\/\/www.bymycar.fr\/v\/opel-astra\">Opel Astra<\/a> Hybrid rechargeable se distingue par ses performances impressionnantes. Avec sa motorisation 1.6 Hybrid 225 ch, elle offre des acc\u00e9l\u00e9rations de 0 \u00e0 100 km\/h en seulement 7,6 secondes, tout en maintenant des \u00e9missions de CO\u2082 particuli\u00e8rement basses \u00e0 106 g\/km. Ce mod\u00e8le combine puissance et respect de l&rsquo;environnement, une caract\u00e9ristique recherch\u00e9e parmi les v\u00e9hicules de sa cat\u00e9gorie. La version hybride rechargeable propose jusqu&rsquo;\u00e0 60 km d&rsquo;autonomie en mode \u00e9lectrique, id\u00e9ale pour les trajets quotidiens. Nos conseillers BYmyCAR sont \u00e0 votre disposition pour vous proposer un essai personnalis\u00e9.<\/p>\n<h3>Confort de conduite et technologies embarqu\u00e9es<\/h3>\n<p>Le confort de conduite est au c\u0153ur des pr\u00e9occupations d&rsquo;Opel avec l&rsquo;Astra. Ses si\u00e8ges ergonomiques certifi\u00e9s AGR soutiennent parfaitement le dos lors des longs trajets. La climatisation automatique bi-zone de s\u00e9rie garantit une temp\u00e9rature id\u00e9ale en toute saison. L&rsquo;Astra int\u00e8gre \u00e9galement le Pure Panel, un double \u00e9cran num\u00e9rique avec navigation connect\u00e9e et affichage t\u00eate haute. Les syst\u00e8mes d&rsquo;aide \u00e0 la conduite incluent le maintien de trajectoire et la pr\u00e9vention des collisions pour une s\u00e9curit\u00e9 optimale. Pour d\u00e9couvrir ces technologies innovantes, prenez rendez-vous avec nos conseillers BYmyCAR.<\/p>\n<h3>Opel Astra Sports Tourer : espace modulable<\/h3>\n<p>L&rsquo;Astra Sports Tourer offre une modularit\u00e9 exceptionnelle pour les familles. Son coffre g\u00e9n\u00e9reux de 422 litres peut atteindre jusqu&rsquo;\u00e0 1 339 litres une fois la banquette arri\u00e8re rabattue, permettant de transporter ais\u00e9ment tous vos \u00e9quipements. Cette version break conserve le style \u00e9l\u00e9gant de la gamme tout en proposant un espace int\u00e9rieur optimis\u00e9. Disponible \u00e9galement en motorisations hybrides et \u00e9lectriques, elle combine praticit\u00e9 et faibles \u00e9missions. Pour tester l&rsquo;Astra Sports Tourer et appr\u00e9cier son espace modulable, n&rsquo;h\u00e9sitez pas \u00e0 contacter nos conseillers BYmyCAR qui vous guideront dans votre choix.<\/p>\n<h2>Opel Grandland : le SUV polyvalent<\/h2>\n<h3>Version hybride l\u00e9g\u00e8re : motorisations et consommation<\/h3>\n<p>L&rsquo;<a data-mce-href=\"https:\/\/www.bymycar.fr\/v\/opel-grandland\" href=\"https:\/\/www.bymycar.fr\/v\/opel-grandland\">Opel Grandland<\/a> se distingue par ses motorisations hybrides performantes, notamment la version hybride l\u00e9g\u00e8re 48V avec son moteur 1.2 Turbo de 136 ch. Cette technologie associe un tricylindre essence \u00e0 un syst\u00e8me \u00e9lectrique qui r\u00e9duit significativement la consommation tout en pr\u00e9servant la dynamique de conduite. La transmission automatique e-DCS6 \u00e0 double embrayage offre une conduite fluide, mais les puristes appr\u00e9cieront \u00e9galement l&rsquo;option bo\u00eete manuelle pour son agr\u00e9ment et sa pr\u00e9cision au quotidien. Le constructeur propose aussi une version hybride rechargeable offrant jusqu&rsquo;\u00e0 85 km d&rsquo;autonomie en mode \u00e9lectrique.<\/p>\n<h3>Habitacle et si\u00e8ges : confort premium<\/h3>\n<p>L&rsquo;int\u00e9rieur du Grandland impressionne par son approche centr\u00e9e sur le confort. Les si\u00e8ges ergonomiques certifi\u00e9s AGR int\u00e8grent le syst\u00e8me Intelli-Seat avec une conception sp\u00e9cifique soulageant le coccyx lors des longs trajets. L&rsquo;habitacle spacieux b\u00e9n\u00e9ficie d&rsquo;un empattement g\u00e9n\u00e9reux, offrant 2 cm suppl\u00e9mentaires pour les jambes des passagers arri\u00e8re par rapport \u00e0 la g\u00e9n\u00e9ration pr\u00e9c\u00e9dente. Les mat\u00e9riaux utilis\u00e9s sont 100 % recycl\u00e9s, alliant responsabilit\u00e9 environnementale et sensation premium, tandis que l&rsquo;\u00e9clairage d&rsquo;ambiance cr\u00e9e une atmosph\u00e8re apaisante \u00e0 bord.<\/p>\n<h3>Pourquoi choisir un SUV Opel Grandland ?<\/h3>\n<p>Le Grandland repr\u00e9sente le choix id\u00e9al pour ceux qui recherchent un v\u00e9hicule combinant polyvalence, technologie et confort. Avec son volume de coffre g\u00e9n\u00e9reux de 550 litres, il s&rsquo;adapte parfaitement aux besoins familiaux comme aux escapades du week-end. Sa position de conduite sur\u00e9lev\u00e9e et ses \u00e9quipements de s\u00e9curit\u00e9 avanc\u00e9s en font un compagnon rassurant sur tous types de routes. Pour d\u00e9couvrir toutes les qualit\u00e9s de ce SUV <a href=\"https:\/\/www.bymycar.fr\/marques\/opel\" data-mce-href=\"https:\/\/www.bymycar.fr\/marques\/opel\">Opel<\/a> et trouver la version qui correspond \u00e0 vos attentes, n&rsquo;h\u00e9sitez pas \u00e0 r\u00e9server un essai avec nos conseillers BYmyCAR.<\/p>\n<h2>Quelle Opel choisir selon son usage ?<\/h2>\n<p>Voici les mod\u00e8les adapt\u00e9s \u00e0 vos besoins sp\u00e9cifiques :<\/p>\n<ul>\n<li>Pour la ville et les trajets courts : privil\u00e9giez la Corsa \u00e9lectrique 156 ch ou hybride 48V, offrant aux clients urbains un v\u00e9hicule compact avec une autonomie adapt\u00e9e et une consommation ma\u00eetris\u00e9e ;<\/li>\n<li>Pour les familles et les longs trajets : optez pour l&rsquo;Astra hybride ou hybride rechargeable, un mod\u00e8le familial alliant confort, technologies avanc\u00e9es et \u00e9conomies de carburant sur longues distances ;<\/li>\n<li>Pour une polyvalence maximale : le Grandland hybride repr\u00e9sente l&rsquo;offre SUV id\u00e9ale, combinant habitabilit\u00e9 g\u00e9n\u00e9reuse et motorisations efficientes pour tous types de parcours.<\/li>\n<\/ul>\n<p>Chaque v\u00e9hicule de la gamme propose des finitions et \u00e9quipements adapt\u00e9s \u00e0 votre style de vie. Pour d\u00e9couvrir nos offres Opel et les solutions de financement en LOA, n&rsquo;h\u00e9sitez pas \u00e0 consulter nos conseillers BYmyCAR.<\/p>\n<h2>Questions fr\u00e9quentes sur la marque Opel<\/h2>\n<h3>Opel est une marque de quel pays ?<\/h3>\n<p>Opel est une marque allemande fond\u00e9e en 1862 \u00e0 R\u00fcsselsheim par Adam Opel. Ce constructeur historique fait partie des piliers de l&rsquo;industrie automobile allemande, aux c\u00f4t\u00e9s de Volkswagen, BMW et Mercedes. Aujourd&rsquo;hui, Opel propose une gamme compl\u00e8te de v\u00e9hicules alliant qualit\u00e9 allemande, technologie avanc\u00e9e et design moderne pour tous types de conducteurs.<\/p>\n<h3>Quels sont les points forts des voitures Opel ?<\/h3>\n<p>Les v\u00e9hicules Opel se distinguent par leur excellent rapport qualit\u00e9-prix, leur fiabilit\u00e9 l\u00e9gendaire et leur technologie innovante. La marque propose des motorisations diversifi\u00e9es (\u00e9lectrique, hybride, essence) adapt\u00e9es \u00e0 tous les besoins. Pour d\u00e9couvrir l&rsquo;avis des propri\u00e9taires sur les performances et la qualit\u00e9 des mod\u00e8les, consultez les avis partag\u00e9s par notre communaut\u00e9 de conducteurs satisfaits.<\/p>\n<h3>Comment utiliser le configurateur Opel pour personnaliser votre v\u00e9hicule ?<\/h3>\n<p>Le configurateur Opel est un outil intuitif accessible depuis le site officiel. Commencez par choisir votre mod\u00e8le pr\u00e9f\u00e9r\u00e9, puis s\u00e9lectionnez la motorisation, la finition et la couleur. Ajoutez ensuite les \u00e9quipements et options selon vos besoins. Vous pouvez visualiser en temps r\u00e9el votre future voiture et obtenir une offre personnalis\u00e9e avant de prendre rendez-vous avec nos conseillers BYmyCAR.<\/p>\n<h3>La LOA Opel est-elle un bon moyen de financer votre prochaine voiture ?<\/h3>\n<p>La <a href=\"https:\/\/www.bymycar.fr\/v\/opel-loa\" data-mce-href=\"https:\/\/www.bymycar.fr\/v\/opel-loa\">LOA Opel<\/a> repr\u00e9sente une solution de financement flexible et avantageuse. Elle vous permet de rouler dans un v\u00e9hicule neuf avec des mensualit\u00e9s adapt\u00e9es \u00e0 votre budget et la possibilit\u00e9 de changer de voiture r\u00e9guli\u00e8rement. \u00c0 la fin du contrat, vous pouvez choisir d&rsquo;acqu\u00e9rir d\u00e9finitivement le v\u00e9hicule ou d&rsquo;opter pour un nouveau mod\u00e8le. Nos conseillers vous guideront pour trouver la formule id\u00e9ale.<\/p>\n<h3>Quelles offres Opel propose BYmyCAR pour ses clients ?<\/h3>\n<p>BYmyCAR met \u00e0 votre disposition une gamme compl\u00e8te de services pour votre Opel : vente de v\u00e9hicules neufs et d&rsquo;occasion, financement personnalis\u00e9, entretien et r\u00e9paration dans nos ateliers agr\u00e9\u00e9s. Notre point de vente vous propose r\u00e9guli\u00e8rement des offres exclusives sur les mod\u00e8les phares comme la Corsa, l&rsquo;Astra ou le Grandland. N&rsquo;h\u00e9sitez pas \u00e0 contacter nos \u00e9quipes pour d\u00e9couvrir toutes nos offres actuelles.<\/p>\n<h2>Informations compl\u00e9mentaires<\/h2>\n<h3>\u00c0 lire \u00e9galement<\/h3>\n<ul>\n<li><a href=\"https:\/\/www.bymycar.fr\/webzine\/le-logo-dopel-histoire-et-signification\/\" data-mce-href=\"https:\/\/www.bymycar.fr\/webzine\/le-logo-dopel-histoire-et-signification\/\">Le logo d\u2019Opel, histoire et signification<\/a><\/li>\n<li><a href=\"https:\/\/www.bymycar.fr\/webzine\/quel-moteur-opel-sur-quel-vehicule\/\" data-mce-href=\"https:\/\/www.bymycar.fr\/webzine\/quel-moteur-opel-sur-quel-vehicule\/\">Quels moteurs Opel sur quels v\u00e9hicules ?<\/a><\/li>\n<li><a href=\"https:\/\/www.bymycar.fr\/webzine\/quel-est-le-prix-dune-opel-electrique\/\" data-mce-href=\"https:\/\/www.bymycar.fr\/webzine\/quel-est-le-prix-dune-opel-electrique\/\">Quel est le prix d\u2019une Opel \u00e9lectrique ?<\/a><\/li>\n<li><a href=\"https:\/\/www.bymycar.fr\/webzine\/modeles-opel-tous-les-vehicules-de-la-gamme\/\" data-mce-href=\"https:\/\/www.bymycar.fr\/webzine\/modeles-opel-tous-les-vehicules-de-la-gamme\/\">Mod\u00e8les Opel : Tous les v\u00e9hicules de la gamme<\/a><\/li>\n<li><a href=\"https:\/\/www.bymycar.fr\/webzine\/opel-courroie-de-distribution-ou-chaine\/\" data-mce-href=\"https:\/\/www.bymycar.fr\/webzine\/opel-courroie-de-distribution-ou-chaine\/\">Opel : Courroie de distribution ou chaine ?<\/a><\/li>\n<li><a href=\"https:\/\/www.bymycar.fr\/webzine\/opel-origine-et-histoire-de-la-marque\/\" data-mce-href=\"https:\/\/www.bymycar.fr\/webzine\/opel-origine-et-histoire-de-la-marque\/\">Opel : Origine et histoire de la marque<\/a><\/li>\n<li><a href=\"https:\/\/www.bymycar.fr\/webzine\/que-veut-dire-opel\/\" data-mce-href=\"https:\/\/www.bymycar.fr\/webzine\/que-veut-dire-opel\/\">Que veut dire Opel ?<\/a><\/li>\n<li><a href=\"https:\/\/www.bymycar.fr\/webzine\/que-veut-dire-opc-chez-opel\/\" data-mce-href=\"https:\/\/www.bymycar.fr\/webzine\/que-veut-dire-opc-chez-opel\/\">Que veut dire opc chez Opel ?<\/a><\/li>\n<li><a href=\"https:\/\/www.bymycar.fr\/webzine\/a-qui-appartient-opel\/\" data-mce-href=\"https:\/\/www.bymycar.fr\/webzine\/a-qui-appartient-opel\/\">A qui appartient Opel ?<\/a><\/li>\n<li><a href=\"https:\/\/www.bymycar.fr\/webzine\/opel-ou-peugeot-quelle-marque-est-faite-pour-vous\/\" data-mce-href=\"https:\/\/www.bymycar.fr\/webzine\/opel-ou-peugeot-quelle-marque-est-faite-pour-vous\/\">Opel ou Peugeot : quelle marque est faite pour vous ?<\/a><\/li>\n<li><a href=\"https:\/\/www.bymycar.fr\/webzine\/ford-ou-opel-quelle-marque-est-faite-pour-vous\/\" data-mce-href=\"https:\/\/www.bymycar.fr\/webzine\/ford-ou-opel-quelle-marque-est-faite-pour-vous\/\">Ford ou Opel : quelle marque est faite pour vous ?<\/a><\/li>\n<\/ul>\n<h3>Sources :<\/h3>\n<ul>\n<li><a href=\"https:\/\/www.opel.fr\/vehicules\/grandland-models\/grandland\/points-forts.html\" target=\"_blank\" data-mce-href=\"https:\/\/www.opel.fr\/vehicules\/grandland-models\/grandland\/points-forts.html\">Opel Grandland | SUV 100% \u00e9lectrique ou hybride<\/a><\/li>\n<li><a href=\"https:\/\/www.opel.fr\/vehicules\/gamme-corsa\/new-corsa\/points-forts.html\" target=\"_blank\" data-mce-href=\"https:\/\/www.opel.fr\/vehicules\/gamme-corsa\/new-corsa\/points-forts.html\">Opel Corsa | Voiture \u00c9lectrique, Hybride ou Essence<\/a><\/li>\n<li><a href=\"https:\/\/www.opel.fr\/vehicules\/gamme-astra\/astra\/hatchback\/overview-all.html\" target=\"_blank\" data-mce-href=\"https:\/\/www.opel.fr\/vehicules\/gamme-astra\/astra\/hatchback\/overview-all.html\">\ufeffOpel Astra | Voiture \u00c9lectrique, Hybride ou Essence<\/a><\/li>\n<\/ul>\n"}}]},"introduction":"<p>Pour choisir la meilleure voiture au sein de la gamme <a data-mce-href=\"https:\/\/www.bymycar.fr\/marque\/opel\" href=\"https:\/\/www.bymycar.fr\/marque\/opel\">Opel<\/a>, le constructeur allemand propose plusieurs mod\u00e8les adapt\u00e9s \u00e0 vos besoins sp\u00e9cifiques. Que vous recherchiez une citadine comme la Corsa, une compacte comme l&rsquo;Astra ou un SUV comme le Grandland ou le nouveau Frontera, chaque v\u00e9hicule offre des motorisations essence, hybride ou \u00e9lectrique. Pour un accompagnement personnalis\u00e9 dans l&rsquo;achat d&rsquo;une Opel, nos conseillers BYmyCAR sont \u00e0 votre disposition pour vous orienter vers le mod\u00e8le qui correspondra parfaitement \u00e0 votre style de vie.<\/p>\n","add-carousel-to-footer":true},"yoast_head":"<!-- This site is optimized with the Yoast SEO Premium plugin v26.4 (Yoast SEO v26.4) - https:\/\/yoast.com\/wordpress\/plugins\/seo\/ -->\n<title>Quelle Opel acheter en 2026 ?<\/title>\n<meta name=\"description\" content=\"D\u00e9couvrez quelle Opel acheter : Corsa, Astra ou Grandland, comparez motorisations \u00e9lectriques et hybrides et trouvez le mod\u00e8le id\u00e9al avec nos conseillers BYmyCAR.\" \/>\n<meta name=\"robots\" content=\"index, follow, max-snippet:-1, max-image-preview:large, max-video-preview:-1\" \/>\n<link rel=\"canonical\" href=\"https:\/\/www.bymycar.fr\/webzine\/quelle-opel-acheter-en-2026\/\" \/>\n<meta property=\"og:locale\" content=\"fr_FR\" \/>\n<meta property=\"og:type\" content=\"article\" \/>\n<meta property=\"og:title\" content=\"Quelle Opel acheter en 2026 ?\" \/>\n<meta property=\"og:description\" content=\"D\u00e9couvrez quelle Opel acheter : Corsa, Astra ou Grandland, comparez motorisations \u00e9lectriques et hybrides et trouvez le mod\u00e8le id\u00e9al avec nos conseillers BYmyCAR.\" \/>\n<meta property=\"og:url\" content=\"https:\/\/www.bymycar.fr\/webzine\/quelle-opel-acheter-en-2026\/\" \/>\n<meta property=\"og:site_name\" content=\"Webzine auto BYmyCAR\" \/>\n<meta property=\"article:published_time\" content=\"2025-12-25T00:00:00+00:00\" \/>\n<meta property=\"article:modified_time\" content=\"2026-01-09T15:26:18+00:00\" \/>\n<meta name=\"author\" content=\"La R\u00e9daction BYmyCAR\" \/>\n<meta name=\"twitter:card\" content=\"summary_large_image\" \/>\n<meta name=\"twitter:label1\" content=\"\u00c9crit par\" \/>\n\t<meta name=\"twitter:data1\" content=\"La R\u00e9daction BYmyCAR\" \/>\n<script type=\"application\/ld+json\" class=\"yoast-schema-graph\">{\"@context\":\"https:\/\/schema.org\",\"@graph\":[{\"@type\":\"Article\",\"@id\":\"https:\/\/www.bymycar.fr\/webzine\/quelle-opel-acheter-en-2026\/#article\",\"isPartOf\":{\"@id\":\"https:\/\/www.bymycar.fr\/webzine\/quelle-opel-acheter-en-2026\/\"},\"author\":{\"name\":\"La R\u00e9daction BYmyCAR\",\"@id\":\"https:\/\/www.bymycar.fr\/webzine\/#\/schema\/person\/8d570fe11eb8929f06c1e6d00f4d9689\"},\"headline\":\"Quelle Opel acheter en 2026 ?\",\"datePublished\":\"2025-12-25T00:00:00+00:00\",\"dateModified\":\"2026-01-09T15:26:18+00:00\",\"mainEntityOfPage\":{\"@id\":\"https:\/\/www.bymycar.fr\/webzine\/quelle-opel-acheter-en-2026\/\"},\"wordCount\":4,\"publisher\":{\"@id\":\"https:\/\/www.bymycar.fr\/webzine\/#organization\"},\"articleSection\":[\"Guide d'achat Opel\"],\"inLanguage\":\"fr-FR\"},{\"@type\":\"WebPage\",\"@id\":\"https:\/\/www.bymycar.fr\/webzine\/quelle-opel-acheter-en-2026\/\",\"url\":\"https:\/\/www.bymycar.fr\/webzine\/quelle-opel-acheter-en-2026\/\",\"name\":\"Quelle Opel acheter en 2026 ?\",\"isPartOf\":{\"@id\":\"https:\/\/www.bymycar.fr\/webzine\/#website\"},\"datePublished\":\"2025-12-25T00:00:00+00:00\",\"dateModified\":\"2026-01-09T15:26:18+00:00\",\"description\":\"D\u00e9couvrez quelle Opel acheter : Corsa, Astra ou Grandland, comparez motorisations \u00e9lectriques et hybrides et trouvez le mod\u00e8le id\u00e9al avec nos conseillers BYmyCAR.\",\"breadcrumb\":{\"@id\":\"https:\/\/www.bymycar.fr\/webzine\/quelle-opel-acheter-en-2026\/#breadcrumb\"},\"inLanguage\":\"fr-FR\",\"potentialAction\":[{\"@type\":\"ReadAction\",\"target\":[\"https:\/\/www.bymycar.fr\/webzine\/quelle-opel-acheter-en-2026\/\"]}]},{\"@type\":\"BreadcrumbList\",\"@id\":\"https:\/\/www.bymycar.fr\/webzine\/quelle-opel-acheter-en-2026\/#breadcrumb\",\"itemListElement\":[{\"@type\":\"ListItem\",\"position\":1,\"name\":\"Accueil\",\"item\":\"https:\/\/www.bymycar.fr\/webzine\/\"},{\"@type\":\"ListItem\",\"position\":2,\"name\":\"Quelle Opel acheter en 2026 ?\"}]},{\"@type\":\"WebSite\",\"@id\":\"https:\/\/www.bymycar.fr\/webzine\/#website\",\"url\":\"https:\/\/www.bymycar.fr\/webzine\/\",\"name\":\"Webzine auto BYmyCAR\",\"description\":\"La magazine auto de BYmyCAR\",\"publisher\":{\"@id\":\"https:\/\/www.bymycar.fr\/webzine\/#organization\"},\"potentialAction\":[{\"@type\":\"SearchAction\",\"target\":{\"@type\":\"EntryPoint\",\"urlTemplate\":\"https:\/\/www.bymycar.fr\/webzine\/?s={search_term_string}\"},\"query-input\":{\"@type\":\"PropertyValueSpecification\",\"valueRequired\":true,\"valueName\":\"search_term_string\"}}],\"inLanguage\":\"fr-FR\"},{\"@type\":\"Organization\",\"@id\":\"https:\/\/www.bymycar.fr\/webzine\/#organization\",\"name\":\"BYmyCAR\",\"url\":\"https:\/\/www.bymycar.fr\/webzine\/\",\"logo\":{\"@type\":\"ImageObject\",\"inLanguage\":\"fr-FR\",\"@id\":\"https:\/\/www.bymycar.fr\/webzine\/#\/schema\/logo\/image\/\",\"url\":\"https:\/\/cdn.bymycar.eu\/fr-webzine\/wp-content\/uploads\/medias\/2017\/08\/logo_DEALER_00000406_001.png\",\"contentUrl\":\"https:\/\/cdn.bymycar.eu\/fr-webzine\/wp-content\/uploads\/medias\/2017\/08\/logo_DEALER_00000406_001.png\",\"width\":2132,\"height\":720,\"caption\":\"BYmyCAR\"},\"image\":{\"@id\":\"https:\/\/www.bymycar.fr\/webzine\/#\/schema\/logo\/image\/\"}},{\"@type\":\"Person\",\"@id\":\"https:\/\/www.bymycar.fr\/webzine\/#\/schema\/person\/8d570fe11eb8929f06c1e6d00f4d9689\",\"name\":\"La R\u00e9daction BYmyCAR\",\"image\":{\"@type\":\"ImageObject\",\"inLanguage\":\"fr-FR\",\"@id\":\"https:\/\/www.bymycar.fr\/webzine\/#\/schema\/person\/image\/\",\"url\":\"https:\/\/secure.gravatar.com\/avatar\/1aa6b039d0ce106989923af4e2d0f2a0c82bb070d5e449f1b9adf082a5863900?s=96&d=mm&r=g\",\"contentUrl\":\"https:\/\/secure.gravatar.com\/avatar\/1aa6b039d0ce106989923af4e2d0f2a0c82bb070d5e449f1b9adf082a5863900?s=96&d=mm&r=g\",\"caption\":\"La R\u00e9daction BYmyCAR\"},\"sameAs\":[\"https:\/\/www.bymycar.fr\/\"]}]}<\/script>\n<!-- \/ Yoast SEO Premium plugin. -->","yoast_head_json":{"title":"Quelle Opel acheter en 2026 ?","description":"D\u00e9couvrez quelle Opel acheter : Corsa, Astra ou Grandland, comparez motorisations \u00e9lectriques et hybrides et trouvez le mod\u00e8le id\u00e9al avec nos conseillers BYmyCAR.","robots":{"index":"index","follow":"follow","max-snippet":"max-snippet:-1","max-image-preview":"max-image-preview:large","max-video-preview":"max-video-preview:-1"},"canonical":"https:\/\/www.bymycar.fr\/webzine\/quelle-opel-acheter-en-2026\/","og_locale":"fr_FR","og_type":"article","og_title":"Quelle Opel acheter en 2026 ?","og_description":"D\u00e9couvrez quelle Opel acheter : Corsa, Astra ou Grandland, comparez motorisations \u00e9lectriques et hybrides et trouvez le mod\u00e8le id\u00e9al avec nos conseillers BYmyCAR.","og_url":"https:\/\/www.bymycar.fr\/webzine\/quelle-opel-acheter-en-2026\/","og_site_name":"Webzine auto BYmyCAR","article_published_time":"2025-12-25T00:00:00+00:00","article_modified_time":"2026-01-09T15:26:18+00:00","author":"La R\u00e9daction BYmyCAR","twitter_card":"summary_large_image","twitter_misc":{"\u00c9crit par":"La R\u00e9daction BYmyCAR"},"schema":{"@context":"https:\/\/schema.org","@graph":[{"@type":"Article","@id":"https:\/\/www.bymycar.fr\/webzine\/quelle-opel-acheter-en-2026\/#article","isPartOf":{"@id":"https:\/\/www.bymycar.fr\/webzine\/quelle-opel-acheter-en-2026\/"},"author":{"name":"La R\u00e9daction BYmyCAR","@id":"https:\/\/www.bymycar.fr\/webzine\/#\/schema\/person\/8d570fe11eb8929f06c1e6d00f4d9689"},"headline":"Quelle Opel acheter en 2026 ?","datePublished":"2025-12-25T00:00:00+00:00","dateModified":"2026-01-09T15:26:18+00:00","mainEntityOfPage":{"@id":"https:\/\/www.bymycar.fr\/webzine\/quelle-opel-acheter-en-2026\/"},"wordCount":4,"publisher":{"@id":"https:\/\/www.bymycar.fr\/webzine\/#organization"},"articleSection":["Guide d'achat Opel"],"inLanguage":"fr-FR"},{"@type":"WebPage","@id":"https:\/\/www.bymycar.fr\/webzine\/quelle-opel-acheter-en-2026\/","url":"https:\/\/www.bymycar.fr\/webzine\/quelle-opel-acheter-en-2026\/","name":"Quelle Opel acheter en 2026 ?","isPartOf":{"@id":"https:\/\/www.bymycar.fr\/webzine\/#website"},"datePublished":"2025-12-25T00:00:00+00:00","dateModified":"2026-01-09T15:26:18+00:00","description":"D\u00e9couvrez quelle Opel acheter : Corsa, Astra ou Grandland, comparez motorisations \u00e9lectriques et hybrides et trouvez le mod\u00e8le id\u00e9al avec nos conseillers BYmyCAR.","breadcrumb":{"@id":"https:\/\/www.bymycar.fr\/webzine\/quelle-opel-acheter-en-2026\/#breadcrumb"},"inLanguage":"fr-FR","potentialAction":[{"@type":"ReadAction","target":["https:\/\/www.bymycar.fr\/webzine\/quelle-opel-acheter-en-2026\/"]}]},{"@type":"BreadcrumbList","@id":"https:\/\/www.bymycar.fr\/webzine\/quelle-opel-acheter-en-2026\/#breadcrumb","itemListElement":[{"@type":"ListItem","position":1,"name":"Accueil","item":"https:\/\/www.bymycar.fr\/webzine\/"},{"@type":"ListItem","position":2,"name":"Quelle Opel acheter en 2026 ?"}]},{"@type":"WebSite","@id":"https:\/\/www.bymycar.fr\/webzine\/#website","url":"https:\/\/www.bymycar.fr\/webzine\/","name":"Webzine auto BYmyCAR","description":"La magazine auto de BYmyCAR","publisher":{"@id":"https:\/\/www.bymycar.fr\/webzine\/#organization"},"potentialAction":[{"@type":"SearchAction","target":{"@type":"EntryPoint","urlTemplate":"https:\/\/www.bymycar.fr\/webzine\/?s={search_term_string}"},"query-input":{"@type":"PropertyValueSpecification","valueRequired":true,"valueName":"search_term_string"}}],"inLanguage":"fr-FR"},{"@type":"Organization","@id":"https:\/\/www.bymycar.fr\/webzine\/#organization","name":"BYmyCAR","url":"https:\/\/www.bymycar.fr\/webzine\/","logo":{"@type":"ImageObject","inLanguage":"fr-FR","@id":"https:\/\/www.bymycar.fr\/webzine\/#\/schema\/logo\/image\/","url":"https:\/\/cdn.bymycar.eu\/fr-webzine\/wp-content\/uploads\/medias\/2017\/08\/logo_DEALER_00000406_001.png","contentUrl":"https:\/\/cdn.bymycar.eu\/fr-webzine\/wp-content\/uploads\/medias\/2017\/08\/logo_DEALER_00000406_001.png","width":2132,"height":720,"caption":"BYmyCAR"},"image":{"@id":"https:\/\/www.bymycar.fr\/webzine\/#\/schema\/logo\/image\/"}},{"@type":"Person","@id":"https:\/\/www.bymycar.fr\/webzine\/#\/schema\/person\/8d570fe11eb8929f06c1e6d00f4d9689","name":"La R\u00e9daction BYmyCAR","image":{"@type":"ImageObject","inLanguage":"fr-FR","@id":"https:\/\/www.bymycar.fr\/webzine\/#\/schema\/person\/image\/","url":"https:\/\/secure.gravatar.com\/avatar\/1aa6b039d0ce106989923af4e2d0f2a0c82bb070d5e449f1b9adf082a5863900?s=96&d=mm&r=g","contentUrl":"https:\/\/secure.gravatar.com\/avatar\/1aa6b039d0ce106989923af4e2d0f2a0c82bb070d5e449f1b9adf082a5863900?s=96&d=mm&r=g","caption":"La R\u00e9daction BYmyCAR"},"sameAs":["https:\/\/www.bymycar.fr\/"]}]}},"_links":{"self":[{"href":"https:\/\/www.bymycar.fr\/webzine\/wp-json\/wp\/v2\/posts\/63239","targetHints":{"allow":["GET"]}}],"collection":[{"href":"https:\/\/www.bymycar.fr\/webzine\/wp-json\/wp\/v2\/posts"}],"about":[{"href":"https:\/\/www.bymycar.fr\/webzine\/wp-json\/wp\/v2\/types\/post"}],"author":[{"embeddable":true,"href":"https:\/\/www.bymycar.fr\/webzine\/wp-json\/wp\/v2\/users\/88"}],"replies":[{"embeddable":true,"href":"https:\/\/www.bymycar.fr\/webzine\/wp-json\/wp\/v2\/comments?post=63239"}],"version-history":[{"count":1,"href":"https:\/\/www.bymycar.fr\/webzine\/wp-json\/wp\/v2\/posts\/63239\/revisions"}],"predecessor-version":[{"id":63501,"href":"https:\/\/www.bymycar.fr\/webzine\/wp-json\/wp\/v2\/posts\/63239\/revisions\/63501"}],"wp:attachment":[{"href":"https:\/\/www.bymycar.fr\/webzine\/wp-json\/wp\/v2\/media?parent=63239"}],"wp:term":[{"taxonomy":"category","embeddable":true,"href":"https:\/\/www.bymycar.fr\/webzine\/wp-json\/wp\/v2\/categories?post=63239"},{"taxonomy":"post_tag","embeddable":true,"href":"https:\/\/www.bymycar.fr\/webzine\/wp-json\/wp\/v2\/tags?post=63239"}],"curies":[{"name":"wp","href":"https:\/\/api.w.org\/{rel}","templated":true}]}}