{"id":63238,"date":"2025-12-25T00:00:00","date_gmt":"2025-12-25T00:00:00","guid":{"rendered":"https:\/\/www.bymycar.fr\/webzine\/?p=63238"},"modified":"2026-01-09T16:26:18","modified_gmt":"2026-01-09T15:26:18","slug":"dimensions-confort-interieur-des-opel-vivaro","status":"publish","type":"post","link":"https:\/\/www.bymycar.fr\/webzine\/dimensions-confort-interieur-des-opel-vivaro\/","title":{"rendered":"Dimensions et confort int\u00e9rieur des Opel Vivaro"},"content":{"rendered":"","protected":false},"excerpt":{"rendered":"","protected":false},"author":88,"featured_media":0,"comment_status":"closed","ping_status":"open","sticky":false,"template":"","format":"standard","meta":{"_acf_changed":false,"footnotes":""},"categories":[12919],"tags":[],"class_list":["post-63238","post","type-post","status-publish","format-standard","hentry","category-guide-dachat-opel"],"acf":{"page_content":{"block_content":[{"acf_fc_layout":"text-simple","--nav":{"-withNav":false,"-ancre":""},"--group":{"-text":"<h2>Ce qu&rsquo;il faut retenir<\/h2>\n<p>Voici les points essentiels concernant les dimensions et le confort int\u00e9rieur de l&rsquo;Opel Vivaro :<\/p>\n<ul>\n<li><strong>Dimensions optimis\u00e9es<\/strong> : disponible en deux longueurs (M : 4 983 mm et XL : 5 333 mm) avec une hauteur inf\u00e9rieure \u00e0 1,90 m permettant l&rsquo;acc\u00e8s aux parkings souterrains ;<\/li>\n<li><strong>Confort moderne<\/strong> : habitacle spacieux \u00e9quip\u00e9 de si\u00e8ges chauffants, climatisation bi-zone, \u00e9cran tactile 10&Prime; HD et insonorisation soign\u00e9e pour votre bien-\u00eatre quotidien ;<\/li>\n<li><strong>Modularit\u00e9 exceptionnelle<\/strong> : volume de chargement de 5,3 \u00e0 6,6 m\u00b3, configurations de 3 \u00e0 9 places et syst\u00e8me Moduwork transformant votre Opel Vivaro en v\u00e9ritable bureau mobile.<\/li>\n<\/ul>\n<p>Ces caract\u00e9ristiques font de l&rsquo;Opel Vivaro un utilitaire polyvalent parfaitement adapt\u00e9 \u00e0 tous vos besoins professionnels.<\/p>\n<h2>Dimensions int\u00e9rieures : Opel Vivaro 9 places et versions 6 m\u00b3<\/h2>\n<p>L&rsquo;Opel Vivaro se distingue par son espace int\u00e9rieur remarquablement optimis\u00e9, offrant un volume de chargement g\u00e9n\u00e9reux allant de 5,3 m\u00b3 \u00e0 6,6 m\u00b3 selon la configuration choisie. La largeur utile entre les passages de roue permet le chargement de palettes europ\u00e9ennes standard, tandis que la longueur utile atteint jusqu&rsquo;\u00e0 4 m\u00e8tres en version XL avec le syst\u00e8me Moduwork activ\u00e9. Le coffre pour Opel Vivaro s&rsquo;adapte parfaitement \u00e0 vos besoins professionnels gr\u00e2ce \u00e0 sa modularit\u00e9 exceptionnelle.<\/p>\n<p>Pour le transport de personnes, l&rsquo;Opel Vivaro propose diff\u00e9rentes configurations allant de 3 \u00e0 9 places, id\u00e9ales pour les \u00e9quipes professionnelles ou les clubs sportifs. La stabilit\u00e9 est assur\u00e9e par un empattement de 3 275 mm, garantissant un confort optimal m\u00eame \u00e0 pleine charge.<\/p>\n<table>\n<thead>\n<tr>\n<th><strong>Configuration<\/strong><\/th>\n<th><strong>Capacit\u00e9 passagers<\/strong><\/th>\n<th><strong>Volume de chargement<\/strong><\/th>\n<\/tr>\n<\/thead>\n<tbody>\n<tr>\n<td>Vivaro Combi<\/td>\n<td>9 places<\/td>\n<td>1,0 m\u00b3 \u00e0 2,5 m\u00b3<\/td>\n<\/tr>\n<tr>\n<td>Double cabine<\/td>\n<td>6 places<\/td>\n<td>4,0 m\u00b3 (version longue)<\/td>\n<\/tr>\n<tr>\n<td>Fourgon<\/td>\n<td>3 places<\/td>\n<td>5,3 m\u00b3 \u00e0 6,6 m\u00b3<\/td>\n<\/tr>\n<\/tbody>\n<\/table>\n<p>Quelle que soit votre activit\u00e9, l&rsquo;Opel Vivaro s&rsquo;adapte parfaitement \u00e0 vos besoins professionnels en offrant un \u00e9quilibre optimal entre capacit\u00e9 de transport de passagers et volume utile de chargement.<\/p>\n<h2>Confort et \u00e9quipements<\/h2>\n<p>L&rsquo;habitacle de l&rsquo;Opel Vivaro est con\u00e7u pour offrir un confort optimal aux conducteurs et passagers. Les si\u00e8ges avant chauffants et le volant en cuir chauffant garantissent un bien-\u00eatre imm\u00e9diat, m\u00eame par temps froid. La climatisation automatique bi-zone assure une temp\u00e9rature id\u00e9ale \u00e0 bord, tandis que l&rsquo;\u00e9cran tactile 10&Prime; HD avec navigation 3D connect\u00e9e et compatibilit\u00e9 Apple CarPlay\/Android Auto sans fil facilite vos d\u00e9placements quotidiens.<\/p>\n<p>Pour votre s\u00e9curit\u00e9 et votre confort, l&rsquo;Opel Vivaro propose \u00e9galement plusieurs \u00e9quipements ext\u00e9rieurs essentiels :<\/p>\n<ul>\n<li>Feux diurnes \u00e0 LED offrant une visibilit\u00e9 optimale en toutes circonstances ;<\/li>\n<li>Limiteur de vitesse intelligent pour une conduite plus sereine en ville comme sur route ;<\/li>\n<li>R\u00e9troviseur ext\u00e9rieur chauffant et rabattable \u00e9lectriquement pour une meilleure adaptation aux conditions climatiques ;<\/li>\n<li>Galeries de toit compatibles avec le syst\u00e8me Moduwork pour une polyvalence maximale.<\/li>\n<\/ul>\n<p>L&rsquo;insonorisation soign\u00e9e de l&rsquo;habitacle r\u00e9duit consid\u00e9rablement les nuisances sonores, rendant chaque trajet plus agr\u00e9able. Pour les professionnels, le pack Moduwork avec banquette passager 2 places, tablette \u00e9critoire et trappe pour charge longue transforme l&rsquo;Opel Vivaro en v\u00e9ritable bureau mobile.<\/p>\n<h2>Modularit\u00e9 et accessibilit\u00e9<\/h2>\n<p>La modularit\u00e9 de l&rsquo;<a data-mce-href=\"https:\/\/www.bymycar.fr\/marque\/opel\" href=\"https:\/\/www.bymycar.fr\/marque\/opel\">Opel<\/a> Vivaro constitue l&rsquo;un de ses principaux atouts professionnels. Gr\u00e2ce \u00e0 son porte-\u00e0-faux arri\u00e8re r\u00e9duit de seulement 1,15 m et son faux arri\u00e8re optimis\u00e9, vous b\u00e9n\u00e9ficiez d&rsquo;une maniabilit\u00e9 exceptionnelle lors des man\u0153uvres de stationnement, m\u00eame dans les espaces restreints. Malgr\u00e9 son empattement long, le Vivaro reste parfaitement maniable en milieu urbain.<\/p>\n<p>La trappe FlexCargo permet de s\u00e9parer efficacement l&rsquo;espace passager de la zone de chargement, renfor\u00e7ant la s\u00e9curit\u00e9 et l&rsquo;organisation \u00e0 bord. Le toit est sp\u00e9cialement con\u00e7u pour l&rsquo;installation de galeries professionnelles, tandis que les passages de roue sont prot\u00e9g\u00e9s pour r\u00e9sister aux charges lourdes. L&rsquo;accessibilit\u00e9 est optimale gr\u00e2ce aux larges portes lat\u00e9rales et arri\u00e8re, facilitant les op\u00e9rations de chargement quotidiennes, tout en permettant l&rsquo;acc\u00e8s aux parkings souterrains gr\u00e2ce \u00e0 sa hauteur contenue.<\/p>\n<h2>Dimensions ext\u00e9rieures et hauteur de l&rsquo;Opel Vivaro<\/h2>\n<p>L&rsquo;Opel Vivaro se d\u00e9marque par ses dimensions ext\u00e9rieures parfaitement adapt\u00e9es aux usages professionnels. Disponible en deux gabarits (M et XL), il offre une longueur de 4 983 mm pour la version M et 5 333 mm pour la version XL. Sa hauteur inf\u00e9rieure \u00e0 1,90 m permet d&rsquo;acc\u00e9der facilement aux parkings souterrains, tandis que son empattement de 3 275 mm assure une excellente stabilit\u00e9 sur route.<\/p>\n<table>\n<thead>\n<tr>\n<th>Caract\u00e9ristique<\/th>\n<th>Dimension<\/th>\n<\/tr>\n<\/thead>\n<tbody>\n<tr>\n<td>Longueur totale<\/td>\n<td>4 983 &#8211; 5 333 mm<\/td>\n<\/tr>\n<tr>\n<td>Hauteur<\/td>\n<td>1 895 &#8211; 1 935 mm<\/td>\n<\/tr>\n<tr>\n<td>Porte-\u00e0-faux avant\/arri\u00e8re<\/td>\n<td>880 mm \/ 1 150 mm<\/td>\n<\/tr>\n<\/tbody>\n<\/table>\n<h2>Opel Vivaro L2H1 : quelle version choisir ?<\/h2>\n<p>L&rsquo;Opel Vivaro se d\u00e9cline en trois versions principales : L1H1 (compacte), L2H1 (interm\u00e9diaire) et XL (longue). La version L2H1 offre un excellent compromis avec un volume utile int\u00e9rieur de 6 m\u00b3, contre 5,2 m\u00b3 pour la L1H1. Avec son empattement de 3 275 mm, elle assure une stabilit\u00e9 optimale tout en conservant une hauteur de 1,971 m, permettant l&rsquo;acc\u00e8s aux parkings souterrains.<\/p>\n<p>Pour les professionnels n\u00e9cessitant plus d&rsquo;espace, la version XL propose jusqu&rsquo;\u00e0 6,6 m\u00b3 de volume et une longueur utile de chargement pouvant atteindre 4 m. Toutes les versions sont compatibles avec les galeries de toit, augmentant encore la capacit\u00e9 de transport.&nbsp;<\/p>\n<h2>FAQ sur les dimensions de l&rsquo;Opel Vivaro<\/h2>\n<h3>Quelle est la hauteur de l&rsquo;Opel Vivaro 2025 ?<\/h3>\n<p>La hauteur de l&rsquo;Opel Vivaro 2025 varie entre 1 895 mm et 1 935 mm selon la configuration choisie. Ce gabarit permet d&rsquo;acc\u00e9der facilement aux parkings souterrains tout en offrant un espace int\u00e9rieur g\u00e9n\u00e9reux.<\/p>\n<h3>Combien de passagers pour l&rsquo;Opel Vivaro 9 places ?<\/h3>\n<p>L&rsquo;Opel Vivaro en configuration 9 places dispose de trois rang\u00e9es de si\u00e8ges avec une banquette passager 2 places \u00e0 l&rsquo;avant et deux banquettes \u00e0 l&rsquo;arri\u00e8re. Id\u00e9al pour le transport d&rsquo;\u00e9quipes ou de groupes avec un confort optimal.<\/p>\n<h3>Quel est l&#8217;empattement de l&rsquo;Opel Vivaro L2H1 ?<\/h3>\n<p>L&#8217;empattement de l&rsquo;Opel Vivaro L2H1 est de 3 275 mm, garantissant une excellente stabilit\u00e9 sur route et un espace int\u00e9rieur optimis\u00e9. Cette dimension assure un \u00e9quilibre parfait entre maniabilit\u00e9 et volume utile.<\/p>\n<h3>Quelles sont les dimensions du coffre pour Opel Vivaro ?<\/h3>\n<p>Le volume de chargement de l&rsquo;Opel Vivaro varie entre 5,3 m\u00b3 et 6,6 m\u00b3 selon la version. En configuration 9 places, ce volume est r\u00e9duit \u00e0 environ 1 000 litres, mais reste suffisant pour les bagages.<\/p>\n<h3>\u00c0 lire \u00e9galement<\/h3>\n<ul>\n<li><a href=\"https:\/\/www.bymycar.fr\/webzine\/quelle-quantite-dhuile-pour-faire-la-vidange-dun-opel-vivaro\/\" data-mce-href=\"https:\/\/www.bymycar.fr\/webzine\/quelle-quantite-dhuile-pour-faire-la-vidange-dun-opel-vivaro\/\">Quelle quantit\u00e9 d&rsquo;huile pour faire la vidange d\u2019un Opel Vivaro ?<\/a><\/li>\n<li><a href=\"https:\/\/www.bymycar.fr\/webzine\/quel-moteur-dans-lopel-vivaro\/\" data-mce-href=\"https:\/\/www.bymycar.fr\/webzine\/quel-moteur-dans-lopel-vivaro\/\">Quel moteur dans l&rsquo;Opel Vivaro ?<\/a><\/li>\n<li><a href=\"https:\/\/www.bymycar.fr\/webzine\/quelle-est-la-hauteur-dun-opel-vivaro\/\" data-mce-href=\"https:\/\/www.bymycar.fr\/webzine\/quelle-est-la-hauteur-dun-opel-vivaro\/\">Quelle est la hauteur d&rsquo;un Opel Vivaro ?<\/a><\/li>\n<li><a href=\"https:\/\/www.bymycar.fr\/webzine\/combien-de-places-dans-une-opel-vivaro\/\" data-mce-href=\"https:\/\/www.bymycar.fr\/webzine\/combien-de-places-dans-une-opel-vivaro\/\">Combien de places dans une Opel Vivaro ?<\/a><\/li>\n<li><a href=\"https:\/\/www.bymycar.fr\/webzine\/combien-coute-lassurance-dun-opel-vivaro\/\" data-mce-href=\"https:\/\/www.bymycar.fr\/webzine\/combien-coute-lassurance-dun-opel-vivaro\/\">Combien co\u00fbte l&rsquo;assurance d&rsquo;un Opel Vivaro ?<\/a><\/li>\n<li><a href=\"https:\/\/www.bymycar.fr\/webzine\/combien-coute-un-opel-vivaro-neuf\/\" data-mce-href=\"https:\/\/www.bymycar.fr\/webzine\/combien-coute-un-opel-vivaro-neuf\/\">Combien co\u00fbte un Opel Vivaro neuf ?<\/a><\/li>\n<li><a href=\"https:\/\/www.bymycar.fr\/webzine\/comment-amenager-soi-meme-un-opel-vivaro-nos-conseils\/\" data-mce-href=\"https:\/\/www.bymycar.fr\/webzine\/comment-amenager-soi-meme-un-opel-vivaro-nos-conseils\/\">Comment am\u00e9nager soi-m\u00eame un Opel Vivaro : nos conseils<\/a><\/li>\n<li><a href=\"https:\/\/www.bymycar.fr\/webzine\/quand-changer-la-courroie-de-distribution-dun-opel-vivaro\/\" data-mce-href=\"https:\/\/www.bymycar.fr\/webzine\/quand-changer-la-courroie-de-distribution-dun-opel-vivaro\/\">Quand changer la courroie de distribution d&rsquo;un Opel Vivaro ?<\/a><\/li>\n<li><a href=\"https:\/\/www.bymycar.fr\/webzine\/lopel-vivaro-est-il-fiable-en-occasion\/\" data-mce-href=\"https:\/\/www.bymycar.fr\/webzine\/lopel-vivaro-est-il-fiable-en-occasion\/\">L&rsquo;Opel Vivaro est-il fiable en occasion ?<\/a><\/li>\n<li><a href=\"https:\/\/www.bymycar.fr\/webzine\/quel-prix-pour-un-opel-vivaro-doccasion\/\" data-mce-href=\"https:\/\/www.bymycar.fr\/webzine\/quel-prix-pour-un-opel-vivaro-doccasion\/\">Quel prix pour un Opel Vivaro d&rsquo;occasion ?<\/a><\/li>\n<li><a href=\"https:\/\/www.bymycar.fr\/webzine\/opel-vivaro-l1h1-vs-l2h1-vs-l3h1-quel-modele-correspond-a-vos-besoins\/\" data-mce-href=\"https:\/\/www.bymycar.fr\/webzine\/opel-vivaro-l1h1-vs-l2h1-vs-l3h1-quel-modele-correspond-a-vos-besoins\/\">Opel Vivaro L1H1 vs L2H1 vs L3H1 : quel mod\u00e8le correspond \u00e0 vos besoins ?\ufeff<\/a><\/li>\n<\/ul>\n<h3>Sources :<\/h3>\n<ul>\n<li><a href=\"https:\/\/www.opel.fr\/utilitaires\/vivaro-c\/panel-van\/vehicle-details.html\" target=\"_blank\" data-mce-href=\"https:\/\/www.opel.fr\/utilitaires\/vivaro-c\/panel-van\/vehicle-details.html\">Opel Vivaro \u2013 D\u00e9tails du v\u00e9hicule<\/a><\/li>\n<li><a href=\"https:\/\/www.opel.fr\/vans\/vivaro-c\/panel-van\/features.html\" target=\"_blank\" data-mce-href=\"https:\/\/www.opel.fr\/vans\/vivaro-c\/panel-van\/features.html\">Dimensions Opel Vivaro<\/a><\/li>\n<li><a href=\"https:\/\/www.opel.fr\/utilitaires\/vivaro-c\/panel-van\/points-forts.html\" target=\"_blank\" data-mce-href=\"https:\/\/www.opel.fr\/utilitaires\/vivaro-c\/panel-van\/points-forts.html\">Opel Vivaro | Gamme Utilitaire<\/a><\/li>\n<\/ul>\n"}}]},"introduction":"<p>L&rsquo;<a data-mce-href=\"https:\/\/www.bymycar.fr\/v\/opel-vivaro\" href=\"https:\/\/www.bymycar.fr\/v\/opel-vivaro\">Opel Vivaro<\/a> s\u00e9duit par son int\u00e9rieur spacieux et modulable, r\u00e9pondant parfaitement aux besoins professionnels vari\u00e9s. Disponible en deux longueurs (M : 4 983 mm et XL : 5 333 mm) avec un empattement de 3 275 mm, il s&rsquo;adapte \u00e0 tous les usages. Propos\u00e9 en version fourgon, cabine approfondie ou Combi 9 places, il offre une polyvalence exceptionnelle. D\u00e9couvrez dans cet article les caract\u00e9ristiques compl\u00e8tes du mod\u00e8le, y compris la nouvelle version 2025 avec ses am\u00e9nagements optimis\u00e9s.<\/p>\n","add-carousel-to-footer":true},"yoast_head":"<!-- This site is optimized with the Yoast SEO Premium plugin v26.4 (Yoast SEO v26.4) - https:\/\/yoast.com\/wordpress\/plugins\/seo\/ -->\n<title>Dimensions et confort int\u00e9rieur des Opel Vivaro<\/title>\n<meta name=\"description\" content=\"D\u00e9couvrez toutes les dimensions, la modularit\u00e9 et le confort int\u00e9rieur de l&#039;Opel Vivaro, versions M, XL, Combi et 9 places.\" \/>\n<meta name=\"robots\" content=\"index, follow, max-snippet:-1, max-image-preview:large, max-video-preview:-1\" \/>\n<link rel=\"canonical\" href=\"https:\/\/www.bymycar.fr\/webzine\/dimensions-confort-interieur-des-opel-vivaro\/\" \/>\n<meta property=\"og:locale\" content=\"fr_FR\" \/>\n<meta property=\"og:type\" content=\"article\" \/>\n<meta property=\"og:title\" content=\"Dimensions et confort int\u00e9rieur des Opel Vivaro\" \/>\n<meta property=\"og:description\" content=\"D\u00e9couvrez toutes les dimensions, la modularit\u00e9 et le confort int\u00e9rieur de l&#039;Opel Vivaro, versions M, XL, Combi et 9 places.\" \/>\n<meta property=\"og:url\" content=\"https:\/\/www.bymycar.fr\/webzine\/dimensions-confort-interieur-des-opel-vivaro\/\" \/>\n<meta property=\"og:site_name\" content=\"Webzine auto BYmyCAR\" \/>\n<meta property=\"article:published_time\" content=\"2025-12-25T00:00:00+00:00\" \/>\n<meta property=\"article:modified_time\" content=\"2026-01-09T15:26:18+00:00\" \/>\n<meta name=\"author\" content=\"La R\u00e9daction BYmyCAR\" \/>\n<meta name=\"twitter:card\" content=\"summary_large_image\" \/>\n<meta name=\"twitter:label1\" content=\"\u00c9crit par\" \/>\n\t<meta name=\"twitter:data1\" content=\"La R\u00e9daction BYmyCAR\" \/>\n<script type=\"application\/ld+json\" class=\"yoast-schema-graph\">{\"@context\":\"https:\/\/schema.org\",\"@graph\":[{\"@type\":\"Article\",\"@id\":\"https:\/\/www.bymycar.fr\/webzine\/dimensions-confort-interieur-des-opel-vivaro\/#article\",\"isPartOf\":{\"@id\":\"https:\/\/www.bymycar.fr\/webzine\/dimensions-confort-interieur-des-opel-vivaro\/\"},\"author\":{\"name\":\"La R\u00e9daction BYmyCAR\",\"@id\":\"https:\/\/www.bymycar.fr\/webzine\/#\/schema\/person\/8d570fe11eb8929f06c1e6d00f4d9689\"},\"headline\":\"Dimensions et confort int\u00e9rieur des Opel Vivaro\",\"datePublished\":\"2025-12-25T00:00:00+00:00\",\"dateModified\":\"2026-01-09T15:26:18+00:00\",\"mainEntityOfPage\":{\"@id\":\"https:\/\/www.bymycar.fr\/webzine\/dimensions-confort-interieur-des-opel-vivaro\/\"},\"wordCount\":8,\"publisher\":{\"@id\":\"https:\/\/www.bymycar.fr\/webzine\/#organization\"},\"articleSection\":[\"Guide d'achat Opel\"],\"inLanguage\":\"fr-FR\"},{\"@type\":\"WebPage\",\"@id\":\"https:\/\/www.bymycar.fr\/webzine\/dimensions-confort-interieur-des-opel-vivaro\/\",\"url\":\"https:\/\/www.bymycar.fr\/webzine\/dimensions-confort-interieur-des-opel-vivaro\/\",\"name\":\"Dimensions et confort int\u00e9rieur des Opel Vivaro\",\"isPartOf\":{\"@id\":\"https:\/\/www.bymycar.fr\/webzine\/#website\"},\"datePublished\":\"2025-12-25T00:00:00+00:00\",\"dateModified\":\"2026-01-09T15:26:18+00:00\",\"description\":\"D\u00e9couvrez toutes les dimensions, la modularit\u00e9 et le confort int\u00e9rieur de l'Opel Vivaro, versions M, XL, Combi et 9 places.\",\"breadcrumb\":{\"@id\":\"https:\/\/www.bymycar.fr\/webzine\/dimensions-confort-interieur-des-opel-vivaro\/#breadcrumb\"},\"inLanguage\":\"fr-FR\",\"potentialAction\":[{\"@type\":\"ReadAction\",\"target\":[\"https:\/\/www.bymycar.fr\/webzine\/dimensions-confort-interieur-des-opel-vivaro\/\"]}]},{\"@type\":\"BreadcrumbList\",\"@id\":\"https:\/\/www.bymycar.fr\/webzine\/dimensions-confort-interieur-des-opel-vivaro\/#breadcrumb\",\"itemListElement\":[{\"@type\":\"ListItem\",\"position\":1,\"name\":\"Accueil\",\"item\":\"https:\/\/www.bymycar.fr\/webzine\/\"},{\"@type\":\"ListItem\",\"position\":2,\"name\":\"Dimensions et confort int\u00e9rieur des Opel Vivaro\"}]},{\"@type\":\"WebSite\",\"@id\":\"https:\/\/www.bymycar.fr\/webzine\/#website\",\"url\":\"https:\/\/www.bymycar.fr\/webzine\/\",\"name\":\"Webzine auto BYmyCAR\",\"description\":\"La magazine auto de BYmyCAR\",\"publisher\":{\"@id\":\"https:\/\/www.bymycar.fr\/webzine\/#organization\"},\"potentialAction\":[{\"@type\":\"SearchAction\",\"target\":{\"@type\":\"EntryPoint\",\"urlTemplate\":\"https:\/\/www.bymycar.fr\/webzine\/?s={search_term_string}\"},\"query-input\":{\"@type\":\"PropertyValueSpecification\",\"valueRequired\":true,\"valueName\":\"search_term_string\"}}],\"inLanguage\":\"fr-FR\"},{\"@type\":\"Organization\",\"@id\":\"https:\/\/www.bymycar.fr\/webzine\/#organization\",\"name\":\"BYmyCAR\",\"url\":\"https:\/\/www.bymycar.fr\/webzine\/\",\"logo\":{\"@type\":\"ImageObject\",\"inLanguage\":\"fr-FR\",\"@id\":\"https:\/\/www.bymycar.fr\/webzine\/#\/schema\/logo\/image\/\",\"url\":\"https:\/\/cdn.bymycar.eu\/fr-webzine\/wp-content\/uploads\/medias\/2017\/08\/logo_DEALER_00000406_001.png\",\"contentUrl\":\"https:\/\/cdn.bymycar.eu\/fr-webzine\/wp-content\/uploads\/medias\/2017\/08\/logo_DEALER_00000406_001.png\",\"width\":2132,\"height\":720,\"caption\":\"BYmyCAR\"},\"image\":{\"@id\":\"https:\/\/www.bymycar.fr\/webzine\/#\/schema\/logo\/image\/\"}},{\"@type\":\"Person\",\"@id\":\"https:\/\/www.bymycar.fr\/webzine\/#\/schema\/person\/8d570fe11eb8929f06c1e6d00f4d9689\",\"name\":\"La R\u00e9daction BYmyCAR\",\"image\":{\"@type\":\"ImageObject\",\"inLanguage\":\"fr-FR\",\"@id\":\"https:\/\/www.bymycar.fr\/webzine\/#\/schema\/person\/image\/\",\"url\":\"https:\/\/secure.gravatar.com\/avatar\/1aa6b039d0ce106989923af4e2d0f2a0c82bb070d5e449f1b9adf082a5863900?s=96&d=mm&r=g\",\"contentUrl\":\"https:\/\/secure.gravatar.com\/avatar\/1aa6b039d0ce106989923af4e2d0f2a0c82bb070d5e449f1b9adf082a5863900?s=96&d=mm&r=g\",\"caption\":\"La R\u00e9daction BYmyCAR\"},\"sameAs\":[\"https:\/\/www.bymycar.fr\/\"]}]}<\/script>\n<!-- \/ Yoast SEO Premium plugin. -->","yoast_head_json":{"title":"Dimensions et confort int\u00e9rieur des Opel Vivaro","description":"D\u00e9couvrez toutes les dimensions, la modularit\u00e9 et le confort int\u00e9rieur de l'Opel Vivaro, versions M, XL, Combi et 9 places.","robots":{"index":"index","follow":"follow","max-snippet":"max-snippet:-1","max-image-preview":"max-image-preview:large","max-video-preview":"max-video-preview:-1"},"canonical":"https:\/\/www.bymycar.fr\/webzine\/dimensions-confort-interieur-des-opel-vivaro\/","og_locale":"fr_FR","og_type":"article","og_title":"Dimensions et confort int\u00e9rieur des Opel Vivaro","og_description":"D\u00e9couvrez toutes les dimensions, la modularit\u00e9 et le confort int\u00e9rieur de l'Opel Vivaro, versions M, XL, Combi et 9 places.","og_url":"https:\/\/www.bymycar.fr\/webzine\/dimensions-confort-interieur-des-opel-vivaro\/","og_site_name":"Webzine auto BYmyCAR","article_published_time":"2025-12-25T00:00:00+00:00","article_modified_time":"2026-01-09T15:26:18+00:00","author":"La R\u00e9daction BYmyCAR","twitter_card":"summary_large_image","twitter_misc":{"\u00c9crit par":"La R\u00e9daction BYmyCAR"},"schema":{"@context":"https:\/\/schema.org","@graph":[{"@type":"Article","@id":"https:\/\/www.bymycar.fr\/webzine\/dimensions-confort-interieur-des-opel-vivaro\/#article","isPartOf":{"@id":"https:\/\/www.bymycar.fr\/webzine\/dimensions-confort-interieur-des-opel-vivaro\/"},"author":{"name":"La R\u00e9daction BYmyCAR","@id":"https:\/\/www.bymycar.fr\/webzine\/#\/schema\/person\/8d570fe11eb8929f06c1e6d00f4d9689"},"headline":"Dimensions et confort int\u00e9rieur des Opel Vivaro","datePublished":"2025-12-25T00:00:00+00:00","dateModified":"2026-01-09T15:26:18+00:00","mainEntityOfPage":{"@id":"https:\/\/www.bymycar.fr\/webzine\/dimensions-confort-interieur-des-opel-vivaro\/"},"wordCount":8,"publisher":{"@id":"https:\/\/www.bymycar.fr\/webzine\/#organization"},"articleSection":["Guide d'achat Opel"],"inLanguage":"fr-FR"},{"@type":"WebPage","@id":"https:\/\/www.bymycar.fr\/webzine\/dimensions-confort-interieur-des-opel-vivaro\/","url":"https:\/\/www.bymycar.fr\/webzine\/dimensions-confort-interieur-des-opel-vivaro\/","name":"Dimensions et confort int\u00e9rieur des Opel Vivaro","isPartOf":{"@id":"https:\/\/www.bymycar.fr\/webzine\/#website"},"datePublished":"2025-12-25T00:00:00+00:00","dateModified":"2026-01-09T15:26:18+00:00","description":"D\u00e9couvrez toutes les dimensions, la modularit\u00e9 et le confort int\u00e9rieur de l'Opel Vivaro, versions M, XL, Combi et 9 places.","breadcrumb":{"@id":"https:\/\/www.bymycar.fr\/webzine\/dimensions-confort-interieur-des-opel-vivaro\/#breadcrumb"},"inLanguage":"fr-FR","potentialAction":[{"@type":"ReadAction","target":["https:\/\/www.bymycar.fr\/webzine\/dimensions-confort-interieur-des-opel-vivaro\/"]}]},{"@type":"BreadcrumbList","@id":"https:\/\/www.bymycar.fr\/webzine\/dimensions-confort-interieur-des-opel-vivaro\/#breadcrumb","itemListElement":[{"@type":"ListItem","position":1,"name":"Accueil","item":"https:\/\/www.bymycar.fr\/webzine\/"},{"@type":"ListItem","position":2,"name":"Dimensions et confort int\u00e9rieur des Opel Vivaro"}]},{"@type":"WebSite","@id":"https:\/\/www.bymycar.fr\/webzine\/#website","url":"https:\/\/www.bymycar.fr\/webzine\/","name":"Webzine auto BYmyCAR","description":"La magazine auto de BYmyCAR","publisher":{"@id":"https:\/\/www.bymycar.fr\/webzine\/#organization"},"potentialAction":[{"@type":"SearchAction","target":{"@type":"EntryPoint","urlTemplate":"https:\/\/www.bymycar.fr\/webzine\/?s={search_term_string}"},"query-input":{"@type":"PropertyValueSpecification","valueRequired":true,"valueName":"search_term_string"}}],"inLanguage":"fr-FR"},{"@type":"Organization","@id":"https:\/\/www.bymycar.fr\/webzine\/#organization","name":"BYmyCAR","url":"https:\/\/www.bymycar.fr\/webzine\/","logo":{"@type":"ImageObject","inLanguage":"fr-FR","@id":"https:\/\/www.bymycar.fr\/webzine\/#\/schema\/logo\/image\/","url":"https:\/\/cdn.bymycar.eu\/fr-webzine\/wp-content\/uploads\/medias\/2017\/08\/logo_DEALER_00000406_001.png","contentUrl":"https:\/\/cdn.bymycar.eu\/fr-webzine\/wp-content\/uploads\/medias\/2017\/08\/logo_DEALER_00000406_001.png","width":2132,"height":720,"caption":"BYmyCAR"},"image":{"@id":"https:\/\/www.bymycar.fr\/webzine\/#\/schema\/logo\/image\/"}},{"@type":"Person","@id":"https:\/\/www.bymycar.fr\/webzine\/#\/schema\/person\/8d570fe11eb8929f06c1e6d00f4d9689","name":"La R\u00e9daction BYmyCAR","image":{"@type":"ImageObject","inLanguage":"fr-FR","@id":"https:\/\/www.bymycar.fr\/webzine\/#\/schema\/person\/image\/","url":"https:\/\/secure.gravatar.com\/avatar\/1aa6b039d0ce106989923af4e2d0f2a0c82bb070d5e449f1b9adf082a5863900?s=96&d=mm&r=g","contentUrl":"https:\/\/secure.gravatar.com\/avatar\/1aa6b039d0ce106989923af4e2d0f2a0c82bb070d5e449f1b9adf082a5863900?s=96&d=mm&r=g","caption":"La R\u00e9daction BYmyCAR"},"sameAs":["https:\/\/www.bymycar.fr\/"]}]}},"_links":{"self":[{"href":"https:\/\/www.bymycar.fr\/webzine\/wp-json\/wp\/v2\/posts\/63238","targetHints":{"allow":["GET"]}}],"collection":[{"href":"https:\/\/www.bymycar.fr\/webzine\/wp-json\/wp\/v2\/posts"}],"about":[{"href":"https:\/\/www.bymycar.fr\/webzine\/wp-json\/wp\/v2\/types\/post"}],"author":[{"embeddable":true,"href":"https:\/\/www.bymycar.fr\/webzine\/wp-json\/wp\/v2\/users\/88"}],"replies":[{"embeddable":true,"href":"https:\/\/www.bymycar.fr\/webzine\/wp-json\/wp\/v2\/comments?post=63238"}],"version-history":[{"count":1,"href":"https:\/\/www.bymycar.fr\/webzine\/wp-json\/wp\/v2\/posts\/63238\/revisions"}],"predecessor-version":[{"id":63500,"href":"https:\/\/www.bymycar.fr\/webzine\/wp-json\/wp\/v2\/posts\/63238\/revisions\/63500"}],"wp:attachment":[{"href":"https:\/\/www.bymycar.fr\/webzine\/wp-json\/wp\/v2\/media?parent=63238"}],"wp:term":[{"taxonomy":"category","embeddable":true,"href":"https:\/\/www.bymycar.fr\/webzine\/wp-json\/wp\/v2\/categories?post=63238"},{"taxonomy":"post_tag","embeddable":true,"href":"https:\/\/www.bymycar.fr\/webzine\/wp-json\/wp\/v2\/tags?post=63238"}],"curies":[{"name":"wp","href":"https:\/\/api.w.org\/{rel}","templated":true}]}}