{"id":63237,"date":"2025-12-25T00:00:00","date_gmt":"2025-12-25T00:00:00","guid":{"rendered":"https:\/\/www.bymycar.fr\/webzine\/?p=63237"},"modified":"2026-01-09T16:26:17","modified_gmt":"2026-01-09T15:26:17","slug":"dimensions-et-confort-de-lopel-mokka-guide-complet","status":"publish","type":"post","link":"https:\/\/www.bymycar.fr\/webzine\/dimensions-et-confort-de-lopel-mokka-guide-complet\/","title":{"rendered":"Dimensions et confort de l&rsquo;Opel Mokka | Guide complet"},"content":{"rendered":"","protected":false},"excerpt":{"rendered":"","protected":false},"author":88,"featured_media":0,"comment_status":"closed","ping_status":"open","sticky":false,"template":"","format":"standard","meta":{"_acf_changed":false,"footnotes":""},"categories":[12919],"tags":[],"class_list":["post-63237","post","type-post","status-publish","format-standard","hentry","category-guide-dachat-opel"],"acf":{"page_content":{"block_content":[{"acf_fc_layout":"text-simple","--nav":{"-withNav":false,"-ancre":""},"--group":{"-text":"<h2>Ce qu&rsquo;il faut retenir<\/h2>\n<ul>\n<li>L&rsquo;Opel Mokka mesure 4,15 m de long avec des dimensions compactes id\u00e9ales pour la ville, tout en offrant un habitacle spacieux pour quatre adultes ;<\/li>\n<li>Le volume de coffre de 350 litres (310 litres en \u00e9lectrique) et la banquette rabattable 60\/40 assurent une modularit\u00e9 pratique pour vos besoins quotidiens ;<\/li>\n<li>Le confort premium se distingue par des si\u00e8ges ergonomiques, une position de conduite sur\u00e9lev\u00e9e et des technologies avanc\u00e9es comme Apple CarPlay et les aides \u00e0 la conduite.<\/li>\n<\/ul>\n<h2>Dimensions ext\u00e9rieures de l&rsquo;Opel Mokka : longueur, largeur et empreinte au sol<\/h2>\n<p>La derni\u00e8re g\u00e9n\u00e9ration de l&rsquo;<a href=\"https:\/\/www.bymycar.fr\/v\/opel-mokka-essence\" data-mce-href=\"https:\/\/www.bymycar.fr\/v\/opel-mokka-essence\">Opel Mokka essence<\/a> affiche des dimensions compactes avec 4151 mm de long, parfaitement adapt\u00e9es \u00e0 une utilisation urbaine. Ces proportions \u00e9quilibr\u00e9es placent ce mod\u00e8le parmi les <a data-mce-href=\"https:\/\/www.bymycar.fr\/v\/suv\" href=\"https:\/\/www.bymycar.fr\/v\/suv\">SUV<\/a> compacts les plus maniables du march\u00e9, facilitant les man\u0153uvres en ville et le stationnement. Par rapport aux citadines classiques, sa position de conduite sur\u00e9lev\u00e9e am\u00e9liore la visibilit\u00e9 et renforce le sentiment de s\u00e9curit\u00e9 au volant.<\/p>\n<table>\n<thead>\n<tr>\n<th>Caract\u00e9ristiques<\/th>\n<th>Dimensions<\/th>\n<\/tr>\n<\/thead>\n<tbody>\n<tr>\n<td>Longueur<\/td>\n<td>4151 mm<\/td>\n<\/tr>\n<tr>\n<td>Largeur<\/td>\n<td>1791 mm<\/td>\n<\/tr>\n<tr>\n<td>Hauteur<\/td>\n<td>1531 mm<\/td>\n<\/tr>\n<tr>\n<td>Empattement<\/td>\n<td>2550 mm<\/td>\n<\/tr>\n<\/tbody>\n<\/table>\n<h2>Habitabilit\u00e9 du nouveau Opel Mokka : espace \u00e0 bord pour quatre adultes<\/h2>\n<p>L&rsquo;Opel Mokka propose un habitacle confortable optimis\u00e9 pour quatre adultes, avec un empattement sup\u00e9rieur \u00e0 2,5 m offrant un espace aux jambes comparable aux autres SUV de la cat\u00e9gorie. La largeur int\u00e9rieure accueille confortablement deux passagers \u00e0 l&rsquo;avant comme \u00e0 l&rsquo;arri\u00e8re, tandis que la hauteur sous pavillon convient \u00e0 la plupart des gabarits.<\/p>\n<p>La planche de bord moderne du nouveau Mokka int\u00e8gre des \u00e9quipements technologiques de pointe, notamment la compatibilit\u00e9 Apple CarPlay pour une connectivit\u00e9 optimale avec votre smartphone. Cette modernit\u00e9 s&rsquo;associe parfaitement \u00e0 l&rsquo;ergonomie g\u00e9n\u00e9rale de l&rsquo;habitacle, renfor\u00e7ant l&rsquo;exp\u00e9rience \u00e0 bord de ce SUV compact.<\/p>\n<h2>Volume de coffre et modularit\u00e9<\/h2>\n<p>L&rsquo;Opel Mokka offre un volume de coffre de 350 litres en version thermique et 310 litres en \u00e9lectrique, id\u00e9al pour vos besoins quotidiens. <\/p>\n<p>Son chargement est facilit\u00e9 par plusieurs atouts pratiques :<\/p>\n<ul>\n<li>Un seuil de chargement bas pour manipuler facilement vos bagages ;<\/li>\n<li>Une banquette arri\u00e8re rabattable 60\/40 pour transporter des objets longs ;<\/li>\n<li>Un plancher plat une fois la banquette rabattue, offrant jusqu&rsquo;\u00e0 1105 litres.<\/li>\n<\/ul>\n<p>La cam\u00e9ra de recul, disponible selon les finitions, compl\u00e8te cette modularit\u00e9 en facilitant vos man\u0153uvres de stationnement.<\/p>\n<h2>Confort des si\u00e8ges, finition Ultimate et ergonomie soign\u00e9e<\/h2>\n<p>La finition Ultimate de l&rsquo;Opel Mokka vous offre un confort premium avec des si\u00e8ges avant au maintien lat\u00e9ral optimal et des r\u00e9glages multiples qui s&rsquo;adaptent parfaitement \u00e0 votre morphologie. La position sur\u00e9lev\u00e9e typique des SUV am\u00e9liore consid\u00e9rablement votre visibilit\u00e9, un atout majeur pour votre s\u00e9curit\u00e9 quotidienne.<\/p>\n<p>Le cockpit haut de gamme b\u00e9n\u00e9ficie d&rsquo;une ergonomie soign\u00e9e avec son instrumentation num\u00e9rique Pure Panel et son interface centrale orient\u00e9e vers le conducteur. Cette disposition intelligente des commandes r\u00e9duit la fatigue lors de vos trajets et contribue directement au confort ressenti \u00e0 bord. <\/p>\n<p>Les aides \u00e0 la conduite disponibles comprennent :<\/p>\n<ul>\n<li>Le maintien dans la voie ;<\/li>\n<li>Le r\u00e9gulateur de vitesse adaptatif ;<\/li>\n<li>Les aides \u00e0 la conduite avanc\u00e9es.<\/li>\n<\/ul>\n<p>Ces technologies de pointe font de l&rsquo;<a href=\"https:\/\/www.bymycar.fr\/v\/opel-mokka-gs\" data-mce-href=\"https:\/\/www.bymycar.fr\/v\/opel-mokka-gs\">Opel Mokka GS<\/a> une r\u00e9f\u00e9rence en mati\u00e8re de s\u00e9curit\u00e9 active, compl\u00e9tant parfaitement l&rsquo;exp\u00e9rience premium offerte par cette finition.<\/p>\n<h2>Isolation, suspensions et confort global en version automatique<\/h2>\n<p>L&rsquo;Opel Mokka offre une exp\u00e9rience de conduite \u00e9quilibr\u00e9e avec sa suspension bien calibr\u00e9e qui filtre efficacement les irr\u00e9gularit\u00e9s de la route. En version \u00e9lectrique, vous profiterez d&rsquo;une ambiance int\u00e9rieure particuli\u00e8rement sereine gr\u00e2ce \u00e0 l&rsquo;absence de vibrations m\u00e9caniques et une excellente ma\u00eetrise des bruits a\u00e9rodynamiques, m\u00eame sur autoroute.<\/p>\n<h2>Motorisations de l&rsquo;Opel Mokka : essence, hybride et \u00e9lectrique<\/h2>\n<h3>Essence<\/h3>\n<p>Le moteur essence du <a data-mce-href=\"https:\/\/www.bymycar.fr\/marque\/opel\" href=\"https:\/\/www.bymycar.fr\/marque\/opel\">Opel<\/a> Mokka offre une puissance \u00e9quilibr\u00e9e et un agr\u00e9ment de conduite dynamique au quotidien. Disponible avec bo\u00eete automatique, il assure souplesse et r\u00e9activit\u00e9 en toutes circonstances.<\/p>\n<h3>Hybride<\/h3>\n<p>La version hybride combine moteur thermique et assistance \u00e9lectrique pour une conduite plus \u00e9conomique. Compatible avec la bo\u00eete automatique, elle offre un excellent compromis entre performances et consommation r\u00e9duite.<\/p>\n<h3>\u00c9lectrique<\/h3>\n<p>La version \u00e9lectrique du Opel Mokka d\u00e9livre une puissance imm\u00e9diate et un silence de fonctionnement remarquable. Dot\u00e9e d&rsquo;une autonomie adapt\u00e9e aux trajets quotidiens, elle constitue une alternative moderne et efficace que vous pouvez d\u00e9couvrir dans la gamme <a href=\"https:\/\/www.bymycar.fr\/v\/opel-mokka-automatique\" data-mce-href=\"https:\/\/www.bymycar.fr\/v\/opel-mokka-automatique\">Opel Mokka automatique<\/a>.<\/p>\n<p>Pour d\u00e9terminer quelle motorisation correspond le mieux \u00e0 vos besoins, n&rsquo;h\u00e9sitez pas \u00e0 contacter nos conseillers BYmyCAR qui vous guideront vers le choix id\u00e9al.<\/p>\n<h2>Questions fr\u00e9quentes<\/h2>\n<h3>Quelles sont les dimensions exactes de l&rsquo;Opel Mokka ?<\/h3>\n<p>L&rsquo;Opel Mokka affiche des <strong>dimensions parfaitement adapt\u00e9es<\/strong> \u00e0 la conduite urbaine avec 4 150 mm de longueur, 1 787 mm de largeur et 1 535 mm de hauteur. Son empattement de 2 557 mm vous garantit une excellente stabilit\u00e9 sur route, tandis que sa compacit\u00e9 facilite vos man\u0153uvres de stationnement en ville.<\/p>\n<h3>L&rsquo;Opel Mokka convient-il pour une famille de quatre personnes ?<\/h3>\n<p>Absolument, ce SUV urbain r\u00e9pond <strong>parfaitement aux besoins familiaux<\/strong> gr\u00e2ce \u00e0 son habitacle spacieux et ses si\u00e8ges ergonomiques. Vous b\u00e9n\u00e9ficiez d&rsquo;un confort optimal pour quatre passagers avec une position de conduite sur\u00e9lev\u00e9e qui facilite la visibilit\u00e9. L&rsquo;int\u00e9rieur de l&rsquo;Opel Mokka propose des rangements astucieux et un syst\u00e8me multim\u00e9dia avec \u00e9cran tactile pour divertir toute la famille durant vos trajets.<\/p>\n<h3>Quel est le volume du coffre de l&rsquo;Opel Mokka ?<\/h3>\n<p>Le coffre de l&rsquo;Opel Mokka propose un <strong>volume de 350 litres<\/strong> en configuration standard, id\u00e9al pour vos courses quotidiennes et vos week-ends. Vous pouvez \u00e9tendre cette capacit\u00e9 jusqu&rsquo;\u00e0 1 105 litres en rabattant la banquette arri\u00e8re, transformant votre SUV en v\u00e9ritable utilitaire pour vos gros transports.<\/p>\n<h3>\u00c0 lire \u00e9galement<\/h3>\n<ul>\n<li><a href=\"https:\/\/www.bymycar.fr\/webzine\/opel-mokka-vs-3008-que-choisir\/\" data-mce-href=\"https:\/\/www.bymycar.fr\/webzine\/opel-mokka-vs-3008-que-choisir\/\">Opel mokka vs 3008 : que choisir ?<\/a><\/li>\n<li><a href=\"https:\/\/www.bymycar.fr\/webzine\/opel-mokka-vs-chevrolet-trax-que-choisir\/\" data-mce-href=\"https:\/\/www.bymycar.fr\/webzine\/opel-mokka-vs-chevrolet-trax-que-choisir\/\">Opel mokka vs chevrolet trax : que choisir ?<\/a><\/li>\n<li><a href=\"https:\/\/www.bymycar.fr\/webzine\/combien-coute-une-opel-mokka-hybride\/\" data-mce-href=\"https:\/\/www.bymycar.fr\/webzine\/combien-coute-une-opel-mokka-hybride\/\">Combien coute une opel mokka hybride ?<\/a><\/li>\n<li><a href=\"https:\/\/www.bymycar.fr\/webzine\/quelle-est-lautonomie-dune-opel-mokka-electrique\/\" data-mce-href=\"https:\/\/www.bymycar.fr\/webzine\/quelle-est-lautonomie-dune-opel-mokka-electrique\/\">Quelle est l\u2019autonomie d\u2019une opel mokka \u00e9lectrique ?<\/a><\/li>\n<li><a href=\"https:\/\/www.bymycar.fr\/webzine\/quel-carburant-pour-opel-mokka-essence\/\" data-mce-href=\"https:\/\/www.bymycar.fr\/webzine\/quel-carburant-pour-opel-mokka-essence\/\">Quel carburant pour une opel mokka essence ?<\/a><\/li>\n<li><a href=\"https:\/\/www.bymycar.fr\/webzine\/quel-est-le-prix-dune-opel-mokka\/\" data-mce-href=\"https:\/\/www.bymycar.fr\/webzine\/quel-est-le-prix-dune-opel-mokka\/\">Combien coute une opel mokka ?<\/a><\/li>\n<li><a href=\"https:\/\/www.bymycar.fr\/webzine\/quel-est-le-prix-de-lopel-mokka-automatique\/\" data-mce-href=\"https:\/\/www.bymycar.fr\/webzine\/quel-est-le-prix-de-lopel-mokka-automatique\/\">Combien coute une opel mokka automatique ?<\/a><\/li>\n<li><a href=\"https:\/\/www.bymycar.fr\/webzine\/quelle-motorisation-sur-un-opel-mokka\/\" data-mce-href=\"https:\/\/www.bymycar.fr\/webzine\/quelle-motorisation-sur-un-opel-mokka\/\">Quelle motorisation sur une opel mokka ?<\/a><\/li>\n<li><a href=\"https:\/\/www.bymycar.fr\/webzine\/quelle-boite-auto-sur-une-opel-mokka%e2%80%89\/\" data-mce-href=\"https:\/\/www.bymycar.fr\/webzine\/quelle-boite-auto-sur-une-opel-mokka%e2%80%89\/\">Quelle bo\u00eete auto sur une opel mokka ?<\/a><\/li>\n<li><a href=\"https:\/\/www.bymycar.fr\/webzine\/opel-mokka-que-signifient-les-voyants-sur-le-tableau-de-bord\/\" data-mce-href=\"https:\/\/www.bymycar.fr\/webzine\/opel-mokka-que-signifient-les-voyants-sur-le-tableau-de-bord\/\">Opel mokka : que signifient les voyants sur le tableau de bord ?<\/a><\/li>\n<\/ul>\n<h3>Sources :<\/h3>\n<ul>\n<li><a href=\"https:\/\/www.automobile-magazine.fr\/modele\/opel\/mokka\" target=\"_blank\" data-mce-href=\"https:\/\/www.automobile-magazine.fr\/modele\/opel\/mokka\">Opel Mokka : essais, actualit\u00e9s, prix et fiches techniques<\/a><\/li>\n<\/ul>\n"}}]},"introduction":"<p><a data-mce-href=\"https:\/\/www.bymycar.fr\/v\/opel-mokka\" href=\"https:\/\/www.bymycar.fr\/v\/opel-mokka\">L&rsquo;Opel Mokka<\/a> s&rsquo;impose comme un SUV compact aux dimensions id\u00e9ales (4,15 m de long). Son int\u00e9rieur offre un parfait \u00e9quilibre entre gabarit urbain et habitabilit\u00e9 pour quatre adultes, avec un coffre de 350 litres tr\u00e8s fonctionnel. D\u00e9couvrez ce mod\u00e8le polyvalent aupr\u00e8s de nos conseillers BYmyCAR.<\/p>\n","add-carousel-to-footer":true},"yoast_head":"<!-- This site is optimized with the Yoast SEO Premium plugin v26.4 (Yoast SEO v26.4) - https:\/\/yoast.com\/wordpress\/plugins\/seo\/ -->\n<title>Dimensions et confort de l&#039;Opel Mokka | Guide complet<\/title>\n<meta name=\"description\" content=\"D\u00e9couvrez les dimensions, l&#039;habitabilit\u00e9 et le confort de l&#039;Opel Mokka. Consultez nos conseillers BYmyCAR.\" \/>\n<meta name=\"robots\" content=\"index, follow, max-snippet:-1, max-image-preview:large, max-video-preview:-1\" \/>\n<link rel=\"canonical\" href=\"https:\/\/www.bymycar.fr\/webzine\/dimensions-et-confort-de-lopel-mokka-guide-complet\/\" \/>\n<meta property=\"og:locale\" content=\"fr_FR\" \/>\n<meta property=\"og:type\" content=\"article\" \/>\n<meta property=\"og:title\" content=\"Dimensions et confort de l&#039;Opel Mokka | Guide complet\" \/>\n<meta property=\"og:description\" content=\"D\u00e9couvrez les dimensions, l&#039;habitabilit\u00e9 et le confort de l&#039;Opel Mokka. Consultez nos conseillers BYmyCAR.\" \/>\n<meta property=\"og:url\" content=\"https:\/\/www.bymycar.fr\/webzine\/dimensions-et-confort-de-lopel-mokka-guide-complet\/\" \/>\n<meta property=\"og:site_name\" content=\"Webzine auto BYmyCAR\" \/>\n<meta property=\"article:published_time\" content=\"2025-12-25T00:00:00+00:00\" \/>\n<meta property=\"article:modified_time\" content=\"2026-01-09T15:26:17+00:00\" \/>\n<meta name=\"author\" content=\"La R\u00e9daction BYmyCAR\" \/>\n<meta name=\"twitter:card\" content=\"summary_large_image\" \/>\n<meta name=\"twitter:label1\" content=\"\u00c9crit par\" \/>\n\t<meta name=\"twitter:data1\" content=\"La R\u00e9daction BYmyCAR\" \/>\n<script type=\"application\/ld+json\" class=\"yoast-schema-graph\">{\"@context\":\"https:\/\/schema.org\",\"@graph\":[{\"@type\":\"Article\",\"@id\":\"https:\/\/www.bymycar.fr\/webzine\/dimensions-et-confort-de-lopel-mokka-guide-complet\/#article\",\"isPartOf\":{\"@id\":\"https:\/\/www.bymycar.fr\/webzine\/dimensions-et-confort-de-lopel-mokka-guide-complet\/\"},\"author\":{\"name\":\"La R\u00e9daction BYmyCAR\",\"@id\":\"https:\/\/www.bymycar.fr\/webzine\/#\/schema\/person\/8d570fe11eb8929f06c1e6d00f4d9689\"},\"headline\":\"Dimensions et confort de l&rsquo;Opel Mokka | Guide complet\",\"datePublished\":\"2025-12-25T00:00:00+00:00\",\"dateModified\":\"2026-01-09T15:26:17+00:00\",\"mainEntityOfPage\":{\"@id\":\"https:\/\/www.bymycar.fr\/webzine\/dimensions-et-confort-de-lopel-mokka-guide-complet\/\"},\"wordCount\":9,\"publisher\":{\"@id\":\"https:\/\/www.bymycar.fr\/webzine\/#organization\"},\"articleSection\":[\"Guide d'achat Opel\"],\"inLanguage\":\"fr-FR\"},{\"@type\":\"WebPage\",\"@id\":\"https:\/\/www.bymycar.fr\/webzine\/dimensions-et-confort-de-lopel-mokka-guide-complet\/\",\"url\":\"https:\/\/www.bymycar.fr\/webzine\/dimensions-et-confort-de-lopel-mokka-guide-complet\/\",\"name\":\"Dimensions et confort de l'Opel Mokka | Guide complet\",\"isPartOf\":{\"@id\":\"https:\/\/www.bymycar.fr\/webzine\/#website\"},\"datePublished\":\"2025-12-25T00:00:00+00:00\",\"dateModified\":\"2026-01-09T15:26:17+00:00\",\"description\":\"D\u00e9couvrez les dimensions, l'habitabilit\u00e9 et le confort de l'Opel Mokka. Consultez nos conseillers BYmyCAR.\",\"breadcrumb\":{\"@id\":\"https:\/\/www.bymycar.fr\/webzine\/dimensions-et-confort-de-lopel-mokka-guide-complet\/#breadcrumb\"},\"inLanguage\":\"fr-FR\",\"potentialAction\":[{\"@type\":\"ReadAction\",\"target\":[\"https:\/\/www.bymycar.fr\/webzine\/dimensions-et-confort-de-lopel-mokka-guide-complet\/\"]}]},{\"@type\":\"BreadcrumbList\",\"@id\":\"https:\/\/www.bymycar.fr\/webzine\/dimensions-et-confort-de-lopel-mokka-guide-complet\/#breadcrumb\",\"itemListElement\":[{\"@type\":\"ListItem\",\"position\":1,\"name\":\"Accueil\",\"item\":\"https:\/\/www.bymycar.fr\/webzine\/\"},{\"@type\":\"ListItem\",\"position\":2,\"name\":\"Dimensions et confort de l&rsquo;Opel Mokka | Guide complet\"}]},{\"@type\":\"WebSite\",\"@id\":\"https:\/\/www.bymycar.fr\/webzine\/#website\",\"url\":\"https:\/\/www.bymycar.fr\/webzine\/\",\"name\":\"Webzine auto BYmyCAR\",\"description\":\"La magazine auto de BYmyCAR\",\"publisher\":{\"@id\":\"https:\/\/www.bymycar.fr\/webzine\/#organization\"},\"potentialAction\":[{\"@type\":\"SearchAction\",\"target\":{\"@type\":\"EntryPoint\",\"urlTemplate\":\"https:\/\/www.bymycar.fr\/webzine\/?s={search_term_string}\"},\"query-input\":{\"@type\":\"PropertyValueSpecification\",\"valueRequired\":true,\"valueName\":\"search_term_string\"}}],\"inLanguage\":\"fr-FR\"},{\"@type\":\"Organization\",\"@id\":\"https:\/\/www.bymycar.fr\/webzine\/#organization\",\"name\":\"BYmyCAR\",\"url\":\"https:\/\/www.bymycar.fr\/webzine\/\",\"logo\":{\"@type\":\"ImageObject\",\"inLanguage\":\"fr-FR\",\"@id\":\"https:\/\/www.bymycar.fr\/webzine\/#\/schema\/logo\/image\/\",\"url\":\"https:\/\/cdn.bymycar.eu\/fr-webzine\/wp-content\/uploads\/medias\/2017\/08\/logo_DEALER_00000406_001.png\",\"contentUrl\":\"https:\/\/cdn.bymycar.eu\/fr-webzine\/wp-content\/uploads\/medias\/2017\/08\/logo_DEALER_00000406_001.png\",\"width\":2132,\"height\":720,\"caption\":\"BYmyCAR\"},\"image\":{\"@id\":\"https:\/\/www.bymycar.fr\/webzine\/#\/schema\/logo\/image\/\"}},{\"@type\":\"Person\",\"@id\":\"https:\/\/www.bymycar.fr\/webzine\/#\/schema\/person\/8d570fe11eb8929f06c1e6d00f4d9689\",\"name\":\"La R\u00e9daction BYmyCAR\",\"image\":{\"@type\":\"ImageObject\",\"inLanguage\":\"fr-FR\",\"@id\":\"https:\/\/www.bymycar.fr\/webzine\/#\/schema\/person\/image\/\",\"url\":\"https:\/\/secure.gravatar.com\/avatar\/1aa6b039d0ce106989923af4e2d0f2a0c82bb070d5e449f1b9adf082a5863900?s=96&d=mm&r=g\",\"contentUrl\":\"https:\/\/secure.gravatar.com\/avatar\/1aa6b039d0ce106989923af4e2d0f2a0c82bb070d5e449f1b9adf082a5863900?s=96&d=mm&r=g\",\"caption\":\"La R\u00e9daction BYmyCAR\"},\"sameAs\":[\"https:\/\/www.bymycar.fr\/\"]}]}<\/script>\n<!-- \/ Yoast SEO Premium plugin. -->","yoast_head_json":{"title":"Dimensions et confort de l'Opel Mokka | Guide complet","description":"D\u00e9couvrez les dimensions, l'habitabilit\u00e9 et le confort de l'Opel Mokka. Consultez nos conseillers BYmyCAR.","robots":{"index":"index","follow":"follow","max-snippet":"max-snippet:-1","max-image-preview":"max-image-preview:large","max-video-preview":"max-video-preview:-1"},"canonical":"https:\/\/www.bymycar.fr\/webzine\/dimensions-et-confort-de-lopel-mokka-guide-complet\/","og_locale":"fr_FR","og_type":"article","og_title":"Dimensions et confort de l'Opel Mokka | Guide complet","og_description":"D\u00e9couvrez les dimensions, l'habitabilit\u00e9 et le confort de l'Opel Mokka. Consultez nos conseillers BYmyCAR.","og_url":"https:\/\/www.bymycar.fr\/webzine\/dimensions-et-confort-de-lopel-mokka-guide-complet\/","og_site_name":"Webzine auto BYmyCAR","article_published_time":"2025-12-25T00:00:00+00:00","article_modified_time":"2026-01-09T15:26:17+00:00","author":"La R\u00e9daction BYmyCAR","twitter_card":"summary_large_image","twitter_misc":{"\u00c9crit par":"La R\u00e9daction BYmyCAR"},"schema":{"@context":"https:\/\/schema.org","@graph":[{"@type":"Article","@id":"https:\/\/www.bymycar.fr\/webzine\/dimensions-et-confort-de-lopel-mokka-guide-complet\/#article","isPartOf":{"@id":"https:\/\/www.bymycar.fr\/webzine\/dimensions-et-confort-de-lopel-mokka-guide-complet\/"},"author":{"name":"La R\u00e9daction BYmyCAR","@id":"https:\/\/www.bymycar.fr\/webzine\/#\/schema\/person\/8d570fe11eb8929f06c1e6d00f4d9689"},"headline":"Dimensions et confort de l&rsquo;Opel Mokka | Guide complet","datePublished":"2025-12-25T00:00:00+00:00","dateModified":"2026-01-09T15:26:17+00:00","mainEntityOfPage":{"@id":"https:\/\/www.bymycar.fr\/webzine\/dimensions-et-confort-de-lopel-mokka-guide-complet\/"},"wordCount":9,"publisher":{"@id":"https:\/\/www.bymycar.fr\/webzine\/#organization"},"articleSection":["Guide d'achat Opel"],"inLanguage":"fr-FR"},{"@type":"WebPage","@id":"https:\/\/www.bymycar.fr\/webzine\/dimensions-et-confort-de-lopel-mokka-guide-complet\/","url":"https:\/\/www.bymycar.fr\/webzine\/dimensions-et-confort-de-lopel-mokka-guide-complet\/","name":"Dimensions et confort de l'Opel Mokka | Guide complet","isPartOf":{"@id":"https:\/\/www.bymycar.fr\/webzine\/#website"},"datePublished":"2025-12-25T00:00:00+00:00","dateModified":"2026-01-09T15:26:17+00:00","description":"D\u00e9couvrez les dimensions, l'habitabilit\u00e9 et le confort de l'Opel Mokka. Consultez nos conseillers BYmyCAR.","breadcrumb":{"@id":"https:\/\/www.bymycar.fr\/webzine\/dimensions-et-confort-de-lopel-mokka-guide-complet\/#breadcrumb"},"inLanguage":"fr-FR","potentialAction":[{"@type":"ReadAction","target":["https:\/\/www.bymycar.fr\/webzine\/dimensions-et-confort-de-lopel-mokka-guide-complet\/"]}]},{"@type":"BreadcrumbList","@id":"https:\/\/www.bymycar.fr\/webzine\/dimensions-et-confort-de-lopel-mokka-guide-complet\/#breadcrumb","itemListElement":[{"@type":"ListItem","position":1,"name":"Accueil","item":"https:\/\/www.bymycar.fr\/webzine\/"},{"@type":"ListItem","position":2,"name":"Dimensions et confort de l&rsquo;Opel Mokka | Guide complet"}]},{"@type":"WebSite","@id":"https:\/\/www.bymycar.fr\/webzine\/#website","url":"https:\/\/www.bymycar.fr\/webzine\/","name":"Webzine auto BYmyCAR","description":"La magazine auto de BYmyCAR","publisher":{"@id":"https:\/\/www.bymycar.fr\/webzine\/#organization"},"potentialAction":[{"@type":"SearchAction","target":{"@type":"EntryPoint","urlTemplate":"https:\/\/www.bymycar.fr\/webzine\/?s={search_term_string}"},"query-input":{"@type":"PropertyValueSpecification","valueRequired":true,"valueName":"search_term_string"}}],"inLanguage":"fr-FR"},{"@type":"Organization","@id":"https:\/\/www.bymycar.fr\/webzine\/#organization","name":"BYmyCAR","url":"https:\/\/www.bymycar.fr\/webzine\/","logo":{"@type":"ImageObject","inLanguage":"fr-FR","@id":"https:\/\/www.bymycar.fr\/webzine\/#\/schema\/logo\/image\/","url":"https:\/\/cdn.bymycar.eu\/fr-webzine\/wp-content\/uploads\/medias\/2017\/08\/logo_DEALER_00000406_001.png","contentUrl":"https:\/\/cdn.bymycar.eu\/fr-webzine\/wp-content\/uploads\/medias\/2017\/08\/logo_DEALER_00000406_001.png","width":2132,"height":720,"caption":"BYmyCAR"},"image":{"@id":"https:\/\/www.bymycar.fr\/webzine\/#\/schema\/logo\/image\/"}},{"@type":"Person","@id":"https:\/\/www.bymycar.fr\/webzine\/#\/schema\/person\/8d570fe11eb8929f06c1e6d00f4d9689","name":"La R\u00e9daction BYmyCAR","image":{"@type":"ImageObject","inLanguage":"fr-FR","@id":"https:\/\/www.bymycar.fr\/webzine\/#\/schema\/person\/image\/","url":"https:\/\/secure.gravatar.com\/avatar\/1aa6b039d0ce106989923af4e2d0f2a0c82bb070d5e449f1b9adf082a5863900?s=96&d=mm&r=g","contentUrl":"https:\/\/secure.gravatar.com\/avatar\/1aa6b039d0ce106989923af4e2d0f2a0c82bb070d5e449f1b9adf082a5863900?s=96&d=mm&r=g","caption":"La R\u00e9daction BYmyCAR"},"sameAs":["https:\/\/www.bymycar.fr\/"]}]}},"_links":{"self":[{"href":"https:\/\/www.bymycar.fr\/webzine\/wp-json\/wp\/v2\/posts\/63237","targetHints":{"allow":["GET"]}}],"collection":[{"href":"https:\/\/www.bymycar.fr\/webzine\/wp-json\/wp\/v2\/posts"}],"about":[{"href":"https:\/\/www.bymycar.fr\/webzine\/wp-json\/wp\/v2\/types\/post"}],"author":[{"embeddable":true,"href":"https:\/\/www.bymycar.fr\/webzine\/wp-json\/wp\/v2\/users\/88"}],"replies":[{"embeddable":true,"href":"https:\/\/www.bymycar.fr\/webzine\/wp-json\/wp\/v2\/comments?post=63237"}],"version-history":[{"count":1,"href":"https:\/\/www.bymycar.fr\/webzine\/wp-json\/wp\/v2\/posts\/63237\/revisions"}],"predecessor-version":[{"id":63499,"href":"https:\/\/www.bymycar.fr\/webzine\/wp-json\/wp\/v2\/posts\/63237\/revisions\/63499"}],"wp:attachment":[{"href":"https:\/\/www.bymycar.fr\/webzine\/wp-json\/wp\/v2\/media?parent=63237"}],"wp:term":[{"taxonomy":"category","embeddable":true,"href":"https:\/\/www.bymycar.fr\/webzine\/wp-json\/wp\/v2\/categories?post=63237"},{"taxonomy":"post_tag","embeddable":true,"href":"https:\/\/www.bymycar.fr\/webzine\/wp-json\/wp\/v2\/tags?post=63237"}],"curies":[{"name":"wp","href":"https:\/\/api.w.org\/{rel}","templated":true}]}}