{"id":63236,"date":"2025-12-25T00:00:00","date_gmt":"2025-12-25T00:00:00","guid":{"rendered":"https:\/\/www.bymycar.fr\/webzine\/?p=63236"},"modified":"2026-01-09T16:26:16","modified_gmt":"2026-01-09T15:26:16","slug":"dimensions-confort-interieur-de-lopel-corsa","status":"publish","type":"post","link":"https:\/\/www.bymycar.fr\/webzine\/dimensions-confort-interieur-de-lopel-corsa\/","title":{"rendered":"Dimensions et confort int\u00e9rieur de l&rsquo;Opel Corsa"},"content":{"rendered":"","protected":false},"excerpt":{"rendered":"","protected":false},"author":88,"featured_media":0,"comment_status":"closed","ping_status":"open","sticky":false,"template":"","format":"standard","meta":{"_acf_changed":false,"footnotes":""},"categories":[12919],"tags":[],"class_list":["post-63236","post","type-post","status-publish","format-standard","hentry","category-guide-dachat-opel"],"acf":{"page_content":{"block_content":[{"acf_fc_layout":"text-simple","--nav":{"-withNav":false,"-ancre":""},"--group":{"-text":"<h2>Ce qu&rsquo;il faut retenir<\/h2>\n<ul>\n<li><strong>Dimensions compactes et urbaines<\/strong> : l&rsquo;Opel Corsa mesure 4,06 m de long et 1,76 m de large, offrant une maniabilit\u00e9 optimale en ville avec un rayon de braquage de seulement 10,4 m ;<\/li>\n<li><strong>Habitabilit\u00e9 g\u00e9n\u00e9reuse<\/strong> : malgr\u00e9 son format compact, elle accueille confortablement 4 adultes avec un empattement de 2,53 m et des si\u00e8ges avant spacieux dot\u00e9s de multiples r\u00e9glages ;<\/li>\n<li><strong>Volume de coffre pratique<\/strong> : avec 309 litres en version thermique (267 litres en \u00e9lectrique) et une banquette rabattable 60\/40, elle r\u00e9pond parfaitement aux besoins quotidiens des petites familles.<\/li>\n<\/ul>\n<h2>Dimensions ext\u00e9rieures : longueur, largeur et impact sur l&rsquo;habitacle<\/h2>\n<p>L&rsquo;Opel Corsa affiche une longueur de 4,06 m et une largeur de 1,76 m, offrant un espace int\u00e9rieur confortable tout en restant parfaitement adapt\u00e9e au milieu urbain. Ces dimensions \u00e9quilibr\u00e9es garantissent une maniabilit\u00e9 optimale, renforc\u00e9e par un rayon de braquage de 10,4 m id\u00e9al pour le stationnement.<\/p>\n<p>L&#8217;empattement de 2,53 m assure une r\u00e9partition judicieuse de l&rsquo;espace entre l&rsquo;avant et l&rsquo;arri\u00e8re. La garde au sol Opel Corsa est optimis\u00e9e pour absorber les irr\u00e9gularit\u00e9s de la route tout en pr\u00e9servant une tenue exemplaire. D\u00e9couvrez l&rsquo;<a href=\"https:\/\/www.bymycar.fr\/v\/opel-corsa-2023\" data-mce-href=\"https:\/\/www.bymycar.fr\/v\/opel-corsa-2023\">Opel Corsa 2023<\/a> chez BYmyCAR pour une exp\u00e9rience de conduite polyvalente.<\/p>\n<table>\n<thead>\n<tr>\n<th>Dimensions<\/th>\n<th>Thermique<\/th>\n<th>Hybride<\/th>\n<th>\u00c9lectrique<\/th>\n<\/tr>\n<\/thead>\n<tbody>\n<tr>\n<td>Longueur<\/td>\n<td>4,06 m<\/td>\n<td>4,06 m<\/td>\n<td>4,06 m<\/td>\n<\/tr>\n<tr>\n<td>Largeur<\/td>\n<td>1,76 m<\/td>\n<td>1,76 m<\/td>\n<td>1,76 m<\/td>\n<\/tr>\n<tr>\n<td>Hauteur<\/td>\n<td>1,43 m<\/td>\n<td>1,43 m<\/td>\n<td>1,43 m<\/td>\n<\/tr>\n<tr>\n<td>Empattement<\/td>\n<td>2,53 m<\/td>\n<td>2,53 m<\/td>\n<td>2,54 m<\/td>\n<\/tr>\n<\/tbody>\n<\/table>\n<h2>Volume de coffre et modularit\u00e9<\/h2>\n<p>L&rsquo;Opel Corsa offre un volume de coffre g\u00e9n\u00e9reux pour une citadine, id\u00e9al pour l&rsquo;usage quotidien des petites familles. La version thermique propose 309 litres en configuration standard, tandis que l&rsquo;<a href=\"https:\/\/www.bymycar.fr\/v\/opel-corsa-2020\" data-mce-href=\"https:\/\/www.bymycar.fr\/v\/opel-corsa-2020\">Opel Corsa 2020<\/a> \u00e9lectrique dispose de 267 litres. La banquette arri\u00e8re fractionnable 60\/40 permet d&rsquo;optimiser l&rsquo;espace selon vos besoins, tout en conservant une place passager \u00e0 l&rsquo;arri\u00e8re.<\/p>\n<table>\n<thead>\n<tr>\n<th>Version<\/th>\n<th>Coffre 5 places<\/th>\n<th>Banquette rabattue<\/th>\n<\/tr>\n<\/thead>\n<tbody>\n<tr>\n<td>Thermique<\/td>\n<td>309 litres<\/td>\n<td>1 100 litres<\/td>\n<\/tr>\n<tr>\n<td>\u00c9lectrique<\/td>\n<td>267 litres<\/td>\n<td>1 100 litres<\/td>\n<\/tr>\n<\/tbody>\n<\/table>\n<h2>Confort \u00e0 l&rsquo;avant<\/h2>\n<p>L&rsquo;Opel Corsa offre une excellente exp\u00e9rience de conduite gr\u00e2ce \u00e0 ses si\u00e8ges avant spacieux et ergonomiques. Le r\u00e9glage en hauteur c\u00f4t\u00e9 conducteur et le volant ajustable en profondeur permettent d&rsquo;adapter parfaitement votre position, quelle que soit votre morphologie. Les versions haut de gamme proposent des si\u00e8ges chauffants \u00e0 trois niveaux pour un confort optimal.<\/p>\n<p>La largeur aux \u00e9paules g\u00e9n\u00e9reuse et l&rsquo;espace bien pens\u00e9 cr\u00e9ent une sensation d&rsquo;aisance, que vous choisissiez une motorisation essence ou automatique. Le maintien lat\u00e9ral des si\u00e8ges assure stabilit\u00e9 et confort m\u00eame sur les longs trajets, compl\u00e9tant parfaitement l&rsquo;\u00e9quilibre entre dynamisme et douceur de conduite.<\/p>\n<h2>Habitabilit\u00e9 et confort \u00e0 l&rsquo;arri\u00e8re<\/h2>\n<p>L&rsquo;Opel Corsa offre une banquette arri\u00e8re id\u00e9ale pour deux adultes, avec un espace aux jambes suffisant pour des passagers jusqu&rsquo;\u00e0 1,80 m. Pratique pour vos trajets domicile-travail, elle int\u00e8gre des fixations Isofix aux places lat\u00e9rales qui facilitent l&rsquo;installation des si\u00e8ges enfants. La cam\u00e9ra de recul disponible sur certaines finitions am\u00e9liore la s\u00e9curit\u00e9 lors des man\u0153uvres, tandis que la version \u00e9lectrique, malgr\u00e9 un coffre l\u00e9g\u00e8rement r\u00e9duit, conserve un confort identique avec une autonomie atteignant jusqu&rsquo;\u00e0 428 km.<\/p>\n<h2>Ambiance int\u00e9rieure et \u00e9quipements de confort<\/h2>\n<h3>\u00c9quipements premium et motorisation automatique<\/h3>\n<p>L&rsquo;<a data-mce-href=\"https:\/\/www.bymycar.fr\/marque\/opel\" href=\"https:\/\/www.bymycar.fr\/marque\/opel\">Opel<\/a> Corsa se distingue par ses finitions soign\u00e9es avec selleries en tissu ou bicolores selon les versions. La version \u00e9lectrique offre une ambiance moderne tandis que la motorisation hybride s&rsquo;accompagne d&rsquo;une bo\u00eete automatique \u00e0 double embrayage pour une conduite fluide, avec de nombreux avantages en mati\u00e8re de consommation.<\/p>\n<h3>Finition Edition et finition GS : leurs atouts<\/h3>\n<p>La finition Edition propose un excellent rapport qualit\u00e9\/prix avec \u00e9cran tactile 7 pouces et aides \u00e0 la conduite essentielles. La finition GS, plus sportive, ajoute un \u00e9cran 10 pouces, une instrumentation num\u00e9rique et des \u00e9l\u00e9ments de design distinctifs. D\u00e9couvrez le co\u00fbt d&rsquo;une Opel Corsa hybride aupr\u00e8s de nos conseillers BYmyCAR.<\/p>\n<h3>\u00c0 lire \u00e9galement<\/h3>\n<ul>\n<li><a href=\"https:\/\/www.bymycar.fr\/webzine\/combien-coute-une-opel-corsa-hybride\/\" data-mce-href=\"https:\/\/www.bymycar.fr\/webzine\/combien-coute-une-opel-corsa-hybride\/\">\ufeff<\/a><a href=\"https:\/\/www.bymycar.fr\/webzine\/combien-coute-une-opel-corsa-hybride\/\" data-mce-href=\"https:\/\/www.bymycar.fr\/webzine\/combien-coute-une-opel-corsa-hybride\/\">Combien co\u00fbte une opel corsa hybride ?<\/a><\/li>\n<li><a href=\"https:\/\/www.bymycar.fr\/webzine\/quelle-est-la-consommation-dune-opel-corsa\/\" data-mce-href=\"https:\/\/www.bymycar.fr\/webzine\/quelle-est-la-consommation-dune-opel-corsa\/\">Quelle est la consommation d\u2019une opel corsa ?<\/a><\/li>\n<li><a href=\"https:\/\/www.bymycar.fr\/webzine\/quels-moteurs-sur-les-opel-corsa\/\" data-mce-href=\"https:\/\/www.bymycar.fr\/webzine\/quels-moteurs-sur-les-opel-corsa\/\">Quels moteurs sur les Opel Corsa ?<\/a><\/li>\n<li><a href=\"https:\/\/www.bymycar.fr\/webzine\/code-couleur-peinture-opel-corsa\/\" data-mce-href=\"https:\/\/www.bymycar.fr\/webzine\/code-couleur-peinture-opel-corsa\/\">Code couleur peinture opel corsa<\/a><\/li>\n<li><a href=\"https:\/\/www.bymycar.fr\/webzine\/comment-changer-les-ampoules-dune-opel-corsa\/\" data-mce-href=\"https:\/\/www.bymycar.fr\/webzine\/comment-changer-les-ampoules-dune-opel-corsa\/\">Comment changer les ampoules d\u2019une opel corsa ?<\/a><\/li>\n<li><a href=\"https:\/\/www.bymycar.fr\/webzine\/quel-est-le-prix-dune-opel-corsa\/\" data-mce-href=\"https:\/\/www.bymycar.fr\/webzine\/quel-est-le-prix-dune-opel-corsa\/\">Quel est le prix d\u2019une opel corsa ?<\/a><\/li>\n<li><a href=\"https:\/\/www.bymycar.fr\/webzine\/opel-corsa-tous-les-modeles-de-la-marque\/\" data-mce-href=\"https:\/\/www.bymycar.fr\/webzine\/opel-corsa-tous-les-modeles-de-la-marque\/\">Opel corsa : Tous les mod\u00e8les de la marque<\/a><\/li>\n<li><a href=\"https:\/\/www.bymycar.fr\/webzine\/combien-coute-une-opel-electrique\/\" data-mce-href=\"https:\/\/www.bymycar.fr\/webzine\/combien-coute-une-opel-electrique\/\">Combien coute une Opel Corsa \u00e9lectrique ?<\/a><\/li>\n<li><a href=\"https:\/\/www.bymycar.fr\/webzine\/signification-des-voyants-du-tableau-de-bord-opel-corsa\/\" data-mce-href=\"https:\/\/www.bymycar.fr\/webzine\/signification-des-voyants-du-tableau-de-bord-opel-corsa\/\">Signification des voyants du tableau de bord Opel Corsa<\/a><\/li>\n<li><a href=\"https:\/\/www.bymycar.fr\/webzine\/opel-corsa-vs-peugeot-208-que-choisir\/\" data-mce-href=\"https:\/\/www.bymycar.fr\/webzine\/opel-corsa-vs-peugeot-208-que-choisir\/\">Opel corsa vs peugeot 208 : que choisir ?<\/a><\/li>\n<li><a href=\"https:\/\/www.bymycar.fr\/webzine\/opel-corsa-vs-renault-clio-que-choisir\/\" data-mce-href=\"https:\/\/www.bymycar.fr\/webzine\/opel-corsa-vs-renault-clio-que-choisir\/\">Opel corsa vs renault clio : que choisir ?\ufeff<\/a><\/li>\n<\/ul>\n<h3>Sources :<\/h3>\n<ul>\n<li><a href=\"https:\/\/www.opel.fr\/vehicules\/gamme-corsa\/new-corsa\/points-forts.html\" target=\"_blank\" data-mce-href=\"https:\/\/www.opel.fr\/vehicules\/gamme-corsa\/new-corsa\/points-forts.html\">Opel Corsa | Voiture \u00c9lectrique, Hybride ou Essence<\/a> \u200b<\/li>\n<li><a href=\"https:\/\/www.opel.ma\/fr\/vehicules\/new-corsa\/overview-features.html\" target=\"_blank\" data-mce-href=\"https:\/\/www.opel.ma\/fr\/vehicules\/new-corsa\/overview-features.html\">Opel Corsa<\/a>\u200b<\/li>\n<\/ul>\n"}}]},"introduction":"<p>L&rsquo;<a data-mce-href=\"https:\/\/www.bymycar.fr\/v\/opel-corsa\" href=\"https:\/\/www.bymycar.fr\/v\/opel-corsa\">Opel Corsa<\/a> est un mod\u00e8le de citadine sous-compacte aux dimensions id\u00e9ales pour la ville (4,06 m de long, 1,76 m de large). Avec son habitacle accueillant pour quatre adultes et son coffre g\u00e9n\u00e9reux (jusqu&rsquo;\u00e0 309 litres), elle offre un excellent compromis entre compacit\u00e9 et praticit\u00e9 pour un usage quotidien. Ses nombreux avantages en termes de maniabilit\u00e9 et d&rsquo;espace int\u00e9rieur vous seront pr\u00e9sent\u00e9s en d\u00e9tail par nos conseillers BYmyCAR.<\/p>\n","add-carousel-to-footer":true},"yoast_head":"<!-- This site is optimized with the Yoast SEO Premium plugin v26.4 (Yoast SEO v26.4) - https:\/\/yoast.com\/wordpress\/plugins\/seo\/ -->\n<title>Dimensions et confort int\u00e9rieur de l&#039;Opel Corsa<\/title>\n<meta name=\"description\" content=\"D\u00e9couvrez les dimensions, l&#039;habitabilit\u00e9 et le confort int\u00e9rieur de l&#039;Opel Corsa avec nos experts BYmyCAR.\" \/>\n<meta name=\"robots\" content=\"index, follow, max-snippet:-1, max-image-preview:large, max-video-preview:-1\" \/>\n<link rel=\"canonical\" href=\"https:\/\/www.bymycar.fr\/webzine\/dimensions-confort-interieur-de-lopel-corsa\/\" \/>\n<meta property=\"og:locale\" content=\"fr_FR\" \/>\n<meta property=\"og:type\" content=\"article\" \/>\n<meta property=\"og:title\" content=\"Dimensions et confort int\u00e9rieur de l&#039;Opel Corsa\" \/>\n<meta property=\"og:description\" content=\"D\u00e9couvrez les dimensions, l&#039;habitabilit\u00e9 et le confort int\u00e9rieur de l&#039;Opel Corsa avec nos experts BYmyCAR.\" \/>\n<meta property=\"og:url\" content=\"https:\/\/www.bymycar.fr\/webzine\/dimensions-confort-interieur-de-lopel-corsa\/\" \/>\n<meta property=\"og:site_name\" content=\"Webzine auto BYmyCAR\" \/>\n<meta property=\"article:published_time\" content=\"2025-12-25T00:00:00+00:00\" \/>\n<meta property=\"article:modified_time\" content=\"2026-01-09T15:26:16+00:00\" \/>\n<meta name=\"author\" content=\"La R\u00e9daction BYmyCAR\" \/>\n<meta name=\"twitter:card\" content=\"summary_large_image\" \/>\n<meta name=\"twitter:label1\" content=\"\u00c9crit par\" \/>\n\t<meta name=\"twitter:data1\" content=\"La R\u00e9daction BYmyCAR\" \/>\n<script type=\"application\/ld+json\" class=\"yoast-schema-graph\">{\"@context\":\"https:\/\/schema.org\",\"@graph\":[{\"@type\":\"Article\",\"@id\":\"https:\/\/www.bymycar.fr\/webzine\/dimensions-confort-interieur-de-lopel-corsa\/#article\",\"isPartOf\":{\"@id\":\"https:\/\/www.bymycar.fr\/webzine\/dimensions-confort-interieur-de-lopel-corsa\/\"},\"author\":{\"name\":\"La R\u00e9daction BYmyCAR\",\"@id\":\"https:\/\/www.bymycar.fr\/webzine\/#\/schema\/person\/8d570fe11eb8929f06c1e6d00f4d9689\"},\"headline\":\"Dimensions et confort int\u00e9rieur de l&rsquo;Opel Corsa\",\"datePublished\":\"2025-12-25T00:00:00+00:00\",\"dateModified\":\"2026-01-09T15:26:16+00:00\",\"mainEntityOfPage\":{\"@id\":\"https:\/\/www.bymycar.fr\/webzine\/dimensions-confort-interieur-de-lopel-corsa\/\"},\"wordCount\":9,\"publisher\":{\"@id\":\"https:\/\/www.bymycar.fr\/webzine\/#organization\"},\"articleSection\":[\"Guide d'achat Opel\"],\"inLanguage\":\"fr-FR\"},{\"@type\":\"WebPage\",\"@id\":\"https:\/\/www.bymycar.fr\/webzine\/dimensions-confort-interieur-de-lopel-corsa\/\",\"url\":\"https:\/\/www.bymycar.fr\/webzine\/dimensions-confort-interieur-de-lopel-corsa\/\",\"name\":\"Dimensions et confort int\u00e9rieur de l'Opel Corsa\",\"isPartOf\":{\"@id\":\"https:\/\/www.bymycar.fr\/webzine\/#website\"},\"datePublished\":\"2025-12-25T00:00:00+00:00\",\"dateModified\":\"2026-01-09T15:26:16+00:00\",\"description\":\"D\u00e9couvrez les dimensions, l'habitabilit\u00e9 et le confort int\u00e9rieur de l'Opel Corsa avec nos experts BYmyCAR.\",\"breadcrumb\":{\"@id\":\"https:\/\/www.bymycar.fr\/webzine\/dimensions-confort-interieur-de-lopel-corsa\/#breadcrumb\"},\"inLanguage\":\"fr-FR\",\"potentialAction\":[{\"@type\":\"ReadAction\",\"target\":[\"https:\/\/www.bymycar.fr\/webzine\/dimensions-confort-interieur-de-lopel-corsa\/\"]}]},{\"@type\":\"BreadcrumbList\",\"@id\":\"https:\/\/www.bymycar.fr\/webzine\/dimensions-confort-interieur-de-lopel-corsa\/#breadcrumb\",\"itemListElement\":[{\"@type\":\"ListItem\",\"position\":1,\"name\":\"Accueil\",\"item\":\"https:\/\/www.bymycar.fr\/webzine\/\"},{\"@type\":\"ListItem\",\"position\":2,\"name\":\"Dimensions et confort int\u00e9rieur de l&rsquo;Opel Corsa\"}]},{\"@type\":\"WebSite\",\"@id\":\"https:\/\/www.bymycar.fr\/webzine\/#website\",\"url\":\"https:\/\/www.bymycar.fr\/webzine\/\",\"name\":\"Webzine auto BYmyCAR\",\"description\":\"La magazine auto de BYmyCAR\",\"publisher\":{\"@id\":\"https:\/\/www.bymycar.fr\/webzine\/#organization\"},\"potentialAction\":[{\"@type\":\"SearchAction\",\"target\":{\"@type\":\"EntryPoint\",\"urlTemplate\":\"https:\/\/www.bymycar.fr\/webzine\/?s={search_term_string}\"},\"query-input\":{\"@type\":\"PropertyValueSpecification\",\"valueRequired\":true,\"valueName\":\"search_term_string\"}}],\"inLanguage\":\"fr-FR\"},{\"@type\":\"Organization\",\"@id\":\"https:\/\/www.bymycar.fr\/webzine\/#organization\",\"name\":\"BYmyCAR\",\"url\":\"https:\/\/www.bymycar.fr\/webzine\/\",\"logo\":{\"@type\":\"ImageObject\",\"inLanguage\":\"fr-FR\",\"@id\":\"https:\/\/www.bymycar.fr\/webzine\/#\/schema\/logo\/image\/\",\"url\":\"https:\/\/cdn.bymycar.eu\/fr-webzine\/wp-content\/uploads\/medias\/2017\/08\/logo_DEALER_00000406_001.png\",\"contentUrl\":\"https:\/\/cdn.bymycar.eu\/fr-webzine\/wp-content\/uploads\/medias\/2017\/08\/logo_DEALER_00000406_001.png\",\"width\":2132,\"height\":720,\"caption\":\"BYmyCAR\"},\"image\":{\"@id\":\"https:\/\/www.bymycar.fr\/webzine\/#\/schema\/logo\/image\/\"}},{\"@type\":\"Person\",\"@id\":\"https:\/\/www.bymycar.fr\/webzine\/#\/schema\/person\/8d570fe11eb8929f06c1e6d00f4d9689\",\"name\":\"La R\u00e9daction BYmyCAR\",\"image\":{\"@type\":\"ImageObject\",\"inLanguage\":\"fr-FR\",\"@id\":\"https:\/\/www.bymycar.fr\/webzine\/#\/schema\/person\/image\/\",\"url\":\"https:\/\/secure.gravatar.com\/avatar\/1aa6b039d0ce106989923af4e2d0f2a0c82bb070d5e449f1b9adf082a5863900?s=96&d=mm&r=g\",\"contentUrl\":\"https:\/\/secure.gravatar.com\/avatar\/1aa6b039d0ce106989923af4e2d0f2a0c82bb070d5e449f1b9adf082a5863900?s=96&d=mm&r=g\",\"caption\":\"La R\u00e9daction BYmyCAR\"},\"sameAs\":[\"https:\/\/www.bymycar.fr\/\"]}]}<\/script>\n<!-- \/ Yoast SEO Premium plugin. -->","yoast_head_json":{"title":"Dimensions et confort int\u00e9rieur de l'Opel Corsa","description":"D\u00e9couvrez les dimensions, l'habitabilit\u00e9 et le confort int\u00e9rieur de l'Opel Corsa avec nos experts BYmyCAR.","robots":{"index":"index","follow":"follow","max-snippet":"max-snippet:-1","max-image-preview":"max-image-preview:large","max-video-preview":"max-video-preview:-1"},"canonical":"https:\/\/www.bymycar.fr\/webzine\/dimensions-confort-interieur-de-lopel-corsa\/","og_locale":"fr_FR","og_type":"article","og_title":"Dimensions et confort int\u00e9rieur de l'Opel Corsa","og_description":"D\u00e9couvrez les dimensions, l'habitabilit\u00e9 et le confort int\u00e9rieur de l'Opel Corsa avec nos experts BYmyCAR.","og_url":"https:\/\/www.bymycar.fr\/webzine\/dimensions-confort-interieur-de-lopel-corsa\/","og_site_name":"Webzine auto BYmyCAR","article_published_time":"2025-12-25T00:00:00+00:00","article_modified_time":"2026-01-09T15:26:16+00:00","author":"La R\u00e9daction BYmyCAR","twitter_card":"summary_large_image","twitter_misc":{"\u00c9crit par":"La R\u00e9daction BYmyCAR"},"schema":{"@context":"https:\/\/schema.org","@graph":[{"@type":"Article","@id":"https:\/\/www.bymycar.fr\/webzine\/dimensions-confort-interieur-de-lopel-corsa\/#article","isPartOf":{"@id":"https:\/\/www.bymycar.fr\/webzine\/dimensions-confort-interieur-de-lopel-corsa\/"},"author":{"name":"La R\u00e9daction BYmyCAR","@id":"https:\/\/www.bymycar.fr\/webzine\/#\/schema\/person\/8d570fe11eb8929f06c1e6d00f4d9689"},"headline":"Dimensions et confort int\u00e9rieur de l&rsquo;Opel Corsa","datePublished":"2025-12-25T00:00:00+00:00","dateModified":"2026-01-09T15:26:16+00:00","mainEntityOfPage":{"@id":"https:\/\/www.bymycar.fr\/webzine\/dimensions-confort-interieur-de-lopel-corsa\/"},"wordCount":9,"publisher":{"@id":"https:\/\/www.bymycar.fr\/webzine\/#organization"},"articleSection":["Guide d'achat Opel"],"inLanguage":"fr-FR"},{"@type":"WebPage","@id":"https:\/\/www.bymycar.fr\/webzine\/dimensions-confort-interieur-de-lopel-corsa\/","url":"https:\/\/www.bymycar.fr\/webzine\/dimensions-confort-interieur-de-lopel-corsa\/","name":"Dimensions et confort int\u00e9rieur de l'Opel Corsa","isPartOf":{"@id":"https:\/\/www.bymycar.fr\/webzine\/#website"},"datePublished":"2025-12-25T00:00:00+00:00","dateModified":"2026-01-09T15:26:16+00:00","description":"D\u00e9couvrez les dimensions, l'habitabilit\u00e9 et le confort int\u00e9rieur de l'Opel Corsa avec nos experts BYmyCAR.","breadcrumb":{"@id":"https:\/\/www.bymycar.fr\/webzine\/dimensions-confort-interieur-de-lopel-corsa\/#breadcrumb"},"inLanguage":"fr-FR","potentialAction":[{"@type":"ReadAction","target":["https:\/\/www.bymycar.fr\/webzine\/dimensions-confort-interieur-de-lopel-corsa\/"]}]},{"@type":"BreadcrumbList","@id":"https:\/\/www.bymycar.fr\/webzine\/dimensions-confort-interieur-de-lopel-corsa\/#breadcrumb","itemListElement":[{"@type":"ListItem","position":1,"name":"Accueil","item":"https:\/\/www.bymycar.fr\/webzine\/"},{"@type":"ListItem","position":2,"name":"Dimensions et confort int\u00e9rieur de l&rsquo;Opel Corsa"}]},{"@type":"WebSite","@id":"https:\/\/www.bymycar.fr\/webzine\/#website","url":"https:\/\/www.bymycar.fr\/webzine\/","name":"Webzine auto BYmyCAR","description":"La magazine auto de BYmyCAR","publisher":{"@id":"https:\/\/www.bymycar.fr\/webzine\/#organization"},"potentialAction":[{"@type":"SearchAction","target":{"@type":"EntryPoint","urlTemplate":"https:\/\/www.bymycar.fr\/webzine\/?s={search_term_string}"},"query-input":{"@type":"PropertyValueSpecification","valueRequired":true,"valueName":"search_term_string"}}],"inLanguage":"fr-FR"},{"@type":"Organization","@id":"https:\/\/www.bymycar.fr\/webzine\/#organization","name":"BYmyCAR","url":"https:\/\/www.bymycar.fr\/webzine\/","logo":{"@type":"ImageObject","inLanguage":"fr-FR","@id":"https:\/\/www.bymycar.fr\/webzine\/#\/schema\/logo\/image\/","url":"https:\/\/cdn.bymycar.eu\/fr-webzine\/wp-content\/uploads\/medias\/2017\/08\/logo_DEALER_00000406_001.png","contentUrl":"https:\/\/cdn.bymycar.eu\/fr-webzine\/wp-content\/uploads\/medias\/2017\/08\/logo_DEALER_00000406_001.png","width":2132,"height":720,"caption":"BYmyCAR"},"image":{"@id":"https:\/\/www.bymycar.fr\/webzine\/#\/schema\/logo\/image\/"}},{"@type":"Person","@id":"https:\/\/www.bymycar.fr\/webzine\/#\/schema\/person\/8d570fe11eb8929f06c1e6d00f4d9689","name":"La R\u00e9daction BYmyCAR","image":{"@type":"ImageObject","inLanguage":"fr-FR","@id":"https:\/\/www.bymycar.fr\/webzine\/#\/schema\/person\/image\/","url":"https:\/\/secure.gravatar.com\/avatar\/1aa6b039d0ce106989923af4e2d0f2a0c82bb070d5e449f1b9adf082a5863900?s=96&d=mm&r=g","contentUrl":"https:\/\/secure.gravatar.com\/avatar\/1aa6b039d0ce106989923af4e2d0f2a0c82bb070d5e449f1b9adf082a5863900?s=96&d=mm&r=g","caption":"La R\u00e9daction BYmyCAR"},"sameAs":["https:\/\/www.bymycar.fr\/"]}]}},"_links":{"self":[{"href":"https:\/\/www.bymycar.fr\/webzine\/wp-json\/wp\/v2\/posts\/63236","targetHints":{"allow":["GET"]}}],"collection":[{"href":"https:\/\/www.bymycar.fr\/webzine\/wp-json\/wp\/v2\/posts"}],"about":[{"href":"https:\/\/www.bymycar.fr\/webzine\/wp-json\/wp\/v2\/types\/post"}],"author":[{"embeddable":true,"href":"https:\/\/www.bymycar.fr\/webzine\/wp-json\/wp\/v2\/users\/88"}],"replies":[{"embeddable":true,"href":"https:\/\/www.bymycar.fr\/webzine\/wp-json\/wp\/v2\/comments?post=63236"}],"version-history":[{"count":1,"href":"https:\/\/www.bymycar.fr\/webzine\/wp-json\/wp\/v2\/posts\/63236\/revisions"}],"predecessor-version":[{"id":63498,"href":"https:\/\/www.bymycar.fr\/webzine\/wp-json\/wp\/v2\/posts\/63236\/revisions\/63498"}],"wp:attachment":[{"href":"https:\/\/www.bymycar.fr\/webzine\/wp-json\/wp\/v2\/media?parent=63236"}],"wp:term":[{"taxonomy":"category","embeddable":true,"href":"https:\/\/www.bymycar.fr\/webzine\/wp-json\/wp\/v2\/categories?post=63236"},{"taxonomy":"post_tag","embeddable":true,"href":"https:\/\/www.bymycar.fr\/webzine\/wp-json\/wp\/v2\/tags?post=63236"}],"curies":[{"name":"wp","href":"https:\/\/api.w.org\/{rel}","templated":true}]}}