{"id":61671,"date":"2025-10-17T14:46:49","date_gmt":"2025-10-17T12:46:49","guid":{"rendered":"https:\/\/www.bymycar.fr\/webzine\/?p=61671"},"modified":"2025-10-17T14:46:49","modified_gmt":"2025-10-17T12:46:49","slug":"pourquoi-choisir-une-volkswagen-polo-en-2025","status":"publish","type":"post","link":"https:\/\/www.bymycar.fr\/webzine\/pourquoi-choisir-une-volkswagen-polo-en-2025\/","title":{"rendered":"Pourquoi choisir une Volkswagen Polo en 2025 ?"},"content":{"rendered":"","protected":false},"excerpt":{"rendered":"","protected":false},"author":87,"featured_media":0,"comment_status":"closed","ping_status":"closed","sticky":false,"template":"","format":"standard","meta":{"_acf_changed":false,"footnotes":""},"categories":[12897],"tags":[],"class_list":["post-61671","post","type-post","status-publish","format-standard","hentry","category-guide-dachat-volkswagen"],"acf":{"image":{"ID":61673,"id":61673,"title":"DB2021AU00684_large (1)","filename":"DB2021AU00684_large-1-scaled.jpg","filesize":619008,"url":"https:\/\/cdn.bymycar.eu\/fr-webzine\/wp-content\/uploads\/medias\/DB2021AU00684_large-1-scaled.jpg","link":"https:\/\/www.bymycar.fr\/webzine\/pourquoi-choisir-une-volkswagen-polo-en-2025\/db2021au00684_large-1\/","alt":"Volkswagen Polo","author":"87","description":"","caption":"","name":"db2021au00684_large-1","status":"inherit","uploaded_to":61671,"date":"2025-10-17 12:46:16","modified":"2025-10-17 12:46:36","menu_order":0,"mime_type":"image\/jpeg","type":"image","subtype":"jpeg","icon":"https:\/\/www.bymycar.fr\/webzine\/wp-includes\/images\/media\/default.png","width":2560,"height":1493,"sizes":{"thumbnail":"https:\/\/cdn.bymycar.eu\/fr-webzine\/wp-content\/uploads\/medias\/DB2021AU00684_large-1-150x150.jpg","thumbnail-width":150,"thumbnail-height":150,"medium":"https:\/\/cdn.bymycar.eu\/fr-webzine\/wp-content\/uploads\/medias\/DB2021AU00684_large-1-300x175.jpg","medium-width":300,"medium-height":175,"medium_large":"https:\/\/cdn.bymycar.eu\/fr-webzine\/wp-content\/uploads\/medias\/DB2021AU00684_large-1-768x448.jpg","medium_large-width":768,"medium_large-height":448,"large":"https:\/\/cdn.bymycar.eu\/fr-webzine\/wp-content\/uploads\/medias\/DB2021AU00684_large-1-1024x597.jpg","large-width":1024,"large-height":597,"1536x1536":"https:\/\/cdn.bymycar.eu\/fr-webzine\/wp-content\/uploads\/medias\/DB2021AU00684_large-1-1536x896.jpg","1536x1536-width":1536,"1536x1536-height":896,"2048x2048":"https:\/\/cdn.bymycar.eu\/fr-webzine\/wp-content\/uploads\/medias\/DB2021AU00684_large-1-2048x1195.jpg","2048x2048-width":2048,"2048x2048-height":1195}},"introduction":"<p><strong>Ce qu&rsquo;il faut retenir<\/strong><\/p>\n<ul>\n<li><strong>Une citadine moderne et polyvalente<\/strong> : La Volkswagen Polo 2025 se distingue par son design intemporel, son habitabilit\u00e9 g\u00e9n\u00e9reuse (351 litres de coffre) et ses \u00e9quipements technologiques derni\u00e8re g\u00e9n\u00e9ration comme le Digital Cockpit de s\u00e9rie.<\/li>\n<li><strong>Un rapport qualit\u00e9-prix attractif<\/strong> : \u00c0 partir de 18 559 \u20ac*, la Polo propose des motorisations \u00e9conomes (5,1 \u00e0 6,8 l\/100 km), diff\u00e9rentes finitions bien \u00e9quip\u00e9es (Life, Edition, GTI) et b\u00e9n\u00e9ficie du bonus \u00e9cologique sur certaines versions.<\/li>\n<li><strong>Une valeur s\u00fbre<\/strong> : Avec 50 ans d&rsquo;existence et plus de 20 millions d&rsquo;exemplaires vendus, la Polo offre une excellente valeur de revente, un confort de conduite remarquable et des aides \u00e0 la conduite modernes pour une s\u00e9curit\u00e9 optimale.<\/li>\n<\/ul>\n<p>C\u00e9l\u00e9brant fi\u00e8rement ses 50 ans d&rsquo;existence et plus de 20 millions d&rsquo;exemplaires vendus, la Volkswagen Polo s&rsquo;impose comme une r\u00e9f\u00e9rence incontournable dans l&rsquo;univers des voitures citadines. Depuis 1975, cette fourmi de Volkswagen n&rsquo;a cess\u00e9 de se r\u00e9inventer, combinant fiabilit\u00e9, polyvalence et innovations technologiques. D\u00e9couvrez les 8 atouts qui font de cette citadine embl\u00e9matique un choix judicieux pour 2025.<\/p>\n","add-to-bo":false,"page_content":{"block_content":[{"acf_fc_layout":"carousel-produits"},{"acf_fc_layout":"text-simple","--nav":{"-withNav":false,"-ancre":""},"--group":{"-text":"<h2>8 raisons de choisir la Volkswagen Polo 6 en 2025<\/h2>\n<ul>\n<li><strong>Design compact et \u00e9l\u00e9gant<\/strong> : Avec sa silhouette moderne et ses lignes \u00e9pur\u00e9es, la Polo s\u00e9duit par son style intemporel qui ne se d\u00e9mode pas, id\u00e9al pour circuler en ville comme sur route.<\/li>\n<li><strong>Habitabilit\u00e9 surprenante<\/strong> : Malgr\u00e9 sa longueur contenue de 4,07 m\u00e8tres, la Polo 6 offre un espace int\u00e9rieur g\u00e9n\u00e9reux et un coffre de 351 litres, parmi les plus volumineux de sa cat\u00e9gorie.<\/li>\n<li><strong>Digital Cockpit de s\u00e9rie<\/strong> : Profitez d&rsquo;un tableau de bord 100% num\u00e9rique avec \u00e9cran de 20,32 cm, personnalisable selon vos pr\u00e9f\u00e9rences pour une exp\u00e9rience de conduite moderne et intuitive.<\/li>\n<li><strong>Confort de conduite exceptionnel<\/strong> : Suspension filtrante et insonorisation soign\u00e9e font de la Polo une citadine au comportement routier digne d&rsquo;un v\u00e9hicule de segment sup\u00e9rieur.<\/li>\n<li><strong>Motorisations \u00e9conomes<\/strong> : Avec une consommation ma\u00eetris\u00e9e entre 5,2 et 6,8 l\/100 km, la Polo 6 vous permet de r\u00e9duire vos d\u00e9penses en carburant tout en limitant vos \u00e9missions de CO2.<\/li>\n<li><strong>Bonus \u00e9cologique applicable<\/strong> : Optez pour les versions les moins polluantes et b\u00e9n\u00e9ficiez du bonus \u00e9cologique pour un achat encore plus avantageux.<\/li>\n<li><strong>Excellente valeur de revente<\/strong> : La r\u00e9putation de fiabilit\u00e9 et la popularit\u00e9 de la Polo lui conf\u00e8rent une d\u00e9pr\u00e9ciation limit\u00e9e, garantissant une valeur r\u00e9siduelle sup\u00e9rieure \u00e0 la moyenne.<\/li>\n<li><strong>R\u00e9seau BYmyCAR \u00e0 votre service<\/strong> : Profitez de l&rsquo;expertise de nos \u00e9quipes pour l&rsquo;entretien et le suivi de votre Polo 6, avec un service client personnalis\u00e9 dans tous nos centres.<\/li>\n<\/ul>\n<table>\n<thead>\n<tr>\n<th>Comparatif dimensions<\/th>\n<th>Volkswagen Polo 6<\/th>\n<th>Principales concurrentes<\/th>\n<\/tr>\n<\/thead>\n<tbody>\n<tr>\n<td>Longueur<\/td>\n<td>4,07 m<\/td>\n<td>4,05 m (Peugeot 208), 4,03 m (Renault Clio)<\/td>\n<\/tr>\n<tr>\n<td>Volume coffre<\/td>\n<td>351 litres<\/td>\n<td>309 litres (Peugeot 208), 330 litres (Ford Fiesta)<\/td>\n<\/tr>\n<\/tbody>\n<\/table>\n<h2>De la Polo 5 \u00e0 la Volkswagen Polo 8 : quelles \u00e9volutions ?<\/h2>\n<h3>Polo 5 : la cinqui\u00e8me g\u00e9n\u00e9ration<\/h3>\n<p>La cinqui\u00e8me g\u00e9n\u00e9ration de la Polo, lanc\u00e9e en 2009, a marqu\u00e9 un tournant pour cette citadine embl\u00e9matique. Avec ses 3,98 m de long, la Polo 5 se distinguait par son design moderne et sa calandre plate caract\u00e9ristique de la nouvelle identit\u00e9 Volkswagen. Malgr\u00e9 ses nombreuses avanc\u00e9es technologiques, cette voiture avait r\u00e9ussi \u00e0 r\u00e9duire son poids de 7,5% par rapport \u00e0 sa devanci\u00e8re.<\/p>\n<h3>Volkswagen Polo 6 : mont\u00e9e en gamme<\/h3>\n<p>La Volkswagen Polo 6 a op\u00e9r\u00e9 une v\u00e9ritable mise \u00e0 jour tant au niveau du design que des \u00e9quipements. Plus spacieuse que sa devanci\u00e8re, elle s&rsquo;est impos\u00e9e comme une r\u00e9f\u00e9rence dans sa cat\u00e9gorie avec des technologies auparavant r\u00e9serv\u00e9es aux segments sup\u00e9rieurs. Cette g\u00e9n\u00e9ration a \u00e9galement b\u00e9n\u00e9fici\u00e9 de nombreuses mises \u00e0 jour logicielles pour am\u00e9liorer sa connectivit\u00e9.<\/p>\n<h3>Volkswagen Polo 7 : technologie renforc\u00e9e<\/h3>\n<p>Avec ses 4,07 m de long, la Polo 7 a franchi un nouveau cap technologique. Cette g\u00e9n\u00e9ration a int\u00e9gr\u00e9 des syst\u00e8mes d&rsquo;aide \u00e0 la conduite plus sophistiqu\u00e9s et un habitacle modernis\u00e9 avec un \u00e9cran tactile plus grand. Son empattement \u00e9largi a permis d&rsquo;offrir davantage d&rsquo;espace aux passagers arri\u00e8re, sans compromettre son agilit\u00e9 urbaine.<\/p>\n<h3>Polo 8 2025 : connectivit\u00e9 au top<\/h3>\n<p>La premi\u00e8re Polo de huiti\u00e8me g\u00e9n\u00e9ration se distingue par sa mise \u00e0 jour technologique majeure. Lanc\u00e9e en 2025, elle propose une connectivit\u00e9 optimale avec des fonctionnalit\u00e9s compatibles avec les smartphones derni\u00e8re g\u00e9n\u00e9ration. La Volkswagen Polo 8 conserve les qualit\u00e9s qui ont fait le succ\u00e8s de cette voiture polyvalente tout en offrant une exp\u00e9rience num\u00e9rique enrichie.<\/p>\n<h2>Finitions 2025 : Life, Volkswagen Polo Edition et GTI 2025<\/h2>\n<h3>Life : le c\u0153ur de gamme<\/h3>\n<p>La finition Life repr\u00e9sente le c\u0153ur de gamme de la Polo 2025. Elle offre un \u00e9quipement complet incluant la climatisation, les vitres \u00e9lectriques et le syst\u00e8me de freinage automatique. Cette version propose un excellent rapport qualit\u00e9-prix avec des aides \u00e0 la conduite essentielles et une interface multim\u00e9dia de 10,1 pouces pour une exp\u00e9rience Volkswagen accessible.<\/p>\n<h3>Edition : \u00e9quipements premium<\/h3>\n<p>La s\u00e9rie sp\u00e9ciale <a href=\"https:\/\/www.bymycar.fr\/v\/volkswagen-polo-edition\">Volkswagen Polo Edition<\/a> (d\u00e9couvrez-la sur la page BYmyCAR) enrichit l&rsquo;offre avec des \u00e9quipements premium. Cette version se distingue par ses jantes alliage sp\u00e9cifiques, sa cam\u00e9ra de recul et ses radars de stationnement avant\/arri\u00e8re. L&rsquo;Edition propose \u00e9galement la climatisation automatique et des technologies avanc\u00e9es pour une exp\u00e9rience de conduite sup\u00e9rieure.<\/p>\n<h3>GTI 2025 : la version GTI revisit\u00e9e<\/h3>\n<p>La version GTI de la Polo 2025 perp\u00e9tue l&rsquo;h\u00e9ritage sportif avec son moteur 2.0 TSI de 207 ch. Cette d\u00e9clinaison revisit\u00e9e offre des performances impressionnantes avec un 0 \u00e0 100 km\/h en 6,5 secondes. La Polo GTI 2025 se distingue par son ch\u00e2ssis sport surbaiss\u00e9 de 15 mm et ses aides \u00e0 la conduite sp\u00e9cifiques pour une exp\u00e9rience de conduite dynamique.<\/p>\n<h2>Quel est le prix d&rsquo;une Polo neuve en 2025 ?<\/h2>\n<p>La Volkswagen Polo se positionne comme un choix judicieux sur le segment des citadines en 2025. Son tarif d\u00e9marre \u00e0 partir de 18 559 \u20ac* selon la finition choisie, avec des offres de Location Longue Dur\u00e9e attractives propos\u00e9es par BYmyCAR d\u00e8s 139 \u20ac* par mois apr\u00e8s un premier loyer.<\/p>\n<p>Cette citadine polyvalente b\u00e9n\u00e9ficie du bonus \u00e9cologique qui s&rsquo;applique sur certaines versions, rendant son acquisition encore plus avantageuse. Pour d\u00e9couvrir l&rsquo;ensemble de notre gamme et obtenir un devis personnalis\u00e9, n&rsquo;h\u00e9sitez pas \u00e0 consulter nos <a href=\"https:\/\/www.bymycar.fr\/v\/volkswagen-polo-neuve\">Volkswagen Polo neuve<\/a> disponibles.<\/p>\n<p><strong>Co\u00fbts d&rsquo;usage de la Polo :<\/strong><\/p>\n<ul>\n<li>Consommation WLTP : 5,1 \u00e0 6,8 l\/100 km<\/li>\n<li>\u00c9missions CO2 : 116 \u00e0 158 g\/km<\/li>\n<li>Malus \u00e9cologique : \u00e0 partir de 170 \u20ac*<\/li>\n<\/ul>\n<h2>Polo automatique et aides \u00e0 la conduite de derni\u00e8re g\u00e9n\u00e9ration<\/h2>\n<p>La Polo automatique DSG offre une exp\u00e9rience de conduite fluide et confortable gr\u00e2ce \u00e0 sa bo\u00eete \u00e0 double embrayage 7 rapports. Ce syst\u00e8me r\u00e9actif permet une conduite sans \u00e0-coups, particuli\u00e8rement appr\u00e9ciable en ville comme sur autoroute, tout en optimisant la consommation de carburant.<\/p>\n<p>\u00c9quip\u00e9e des aides \u00e0 la conduite les plus avanc\u00e9es comme l&rsquo;Active Cruise Control et le syst\u00e8me de freinage d&rsquo;urgence, la Polo garantit une s\u00e9curit\u00e9 optimale. Son Digital Cockpit personnalisable affiche toutes les informations essentielles, tandis que son hayon pratique facilite le chargement quotidien.<\/p>\n<h2>\u00c9missions de CO2 ma\u00eetris\u00e9es et bonus \u00e9cologique applicable<\/h2>\n<p>Avec des \u00e9missions WLTP contenues entre 116 et 158 g\/km, ce mod\u00e8le affiche des progr\u00e8s significatifs en mati\u00e8re d&rsquo;impact environnemental. Le bonus \u00e9cologique s&rsquo;applique, rendant l&rsquo;acquisition encore plus attractive. Pour les conducteurs soucieux de r\u00e9duire davantage leurs \u00e9missions de CO2, BYmyCAR propose \u00e9galement une gamme de petits SUV \u00e9lectriques comme le <a href=\"https:\/\/www.bymycar.fr\/marques\/byd\/atto-3\">BYD ATTO 3<\/a>, parfaitement adapt\u00e9 \u00e0 la mobilit\u00e9 urbaine.<\/p>\n<h2>FAQ : tout savoir sur la Volkswagen Polo 2025<\/h2>\n<h3>Quel est le prix d&rsquo;une nouvelle Polo 2025 ?<\/h3>\n<p>La Volkswagen Polo 2025 est propos\u00e9e \u00e0 partir de 26.670 \u20ac* pour la version avec bo\u00eete DSG7, et jusqu&rsquo;\u00e0 34.940 \u20ac* pour la sportive GTI. Les tarifs varient selon les finitions choisies (Life, Edition, R-Line) et peuvent inclure un malus \u00e9cologique selon la motorisation s\u00e9lectionn\u00e9e.<\/p>\n<h3>Quelle Polo choisir en 2025 ?<\/h3>\n<p>Pour un budget ma\u00eetris\u00e9, la finition Life offre un \u00e9quipement de base satisfaisant avec climatisation et aides \u00e0 la conduite. La GTI ravira les amateurs de sensations avec ses 207 ch, tandis que l&rsquo;Edition propose le meilleur rapport \u00e9quipement\/prix pour cette voiture polyvalente sign\u00e9e Volkswagen.<\/p>\n<p><em>*Les prix mentionn\u00e9s sont donn\u00e9s \u00e0 titre indicatif et ont \u00e9t\u00e9 constat\u00e9s au moment de la r\u00e9daction. Ils sont susceptibles d&rsquo;\u00e9voluer. Pour obtenir une information exacte et \u00e0 jour, nous vous recommandons de contacter directement votre concession BYmyCAR.<\/em><\/p>\n"}}]},"add-carousel-to-footer":true},"yoast_head":"<!-- This site is optimized with the Yoast SEO Premium plugin v26.4 (Yoast SEO v26.4) - https:\/\/yoast.com\/wordpress\/plugins\/seo\/ -->\n<title>Pourquoi choisir une Volkswagen Polo en 2025 ?<\/title>\n<meta name=\"robots\" content=\"index, follow, max-snippet:-1, max-image-preview:large, max-video-preview:-1\" \/>\n<link rel=\"canonical\" href=\"https:\/\/www.bymycar.fr\/webzine\/pourquoi-choisir-une-volkswagen-polo-en-2025\/\" \/>\n<meta property=\"og:locale\" content=\"fr_FR\" \/>\n<meta property=\"og:type\" content=\"article\" \/>\n<meta property=\"og:title\" content=\"Pourquoi choisir une Volkswagen Polo en 2025 ?\" \/>\n<meta property=\"og:url\" content=\"https:\/\/www.bymycar.fr\/webzine\/pourquoi-choisir-une-volkswagen-polo-en-2025\/\" \/>\n<meta property=\"og:site_name\" content=\"Webzine auto BYmyCAR\" \/>\n<meta property=\"article:published_time\" content=\"2025-10-17T12:46:49+00:00\" \/>\n<meta name=\"author\" content=\"Tom Fernandes\" \/>\n<meta name=\"twitter:card\" content=\"summary_large_image\" \/>\n<meta name=\"twitter:label1\" content=\"\u00c9crit par\" \/>\n\t<meta name=\"twitter:data1\" content=\"Tom Fernandes\" \/>\n<script type=\"application\/ld+json\" class=\"yoast-schema-graph\">{\"@context\":\"https:\/\/schema.org\",\"@graph\":[{\"@type\":\"Article\",\"@id\":\"https:\/\/www.bymycar.fr\/webzine\/pourquoi-choisir-une-volkswagen-polo-en-2025\/#article\",\"isPartOf\":{\"@id\":\"https:\/\/www.bymycar.fr\/webzine\/pourquoi-choisir-une-volkswagen-polo-en-2025\/\"},\"author\":{\"name\":\"Tom Fernandes\",\"@id\":\"https:\/\/www.bymycar.fr\/webzine\/#\/schema\/person\/5512d79b8d2dfe306dc0b5794eba0c76\"},\"headline\":\"Pourquoi choisir une Volkswagen Polo en 2025 ?\",\"datePublished\":\"2025-10-17T12:46:49+00:00\",\"mainEntityOfPage\":{\"@id\":\"https:\/\/www.bymycar.fr\/webzine\/pourquoi-choisir-une-volkswagen-polo-en-2025\/\"},\"wordCount\":6,\"publisher\":{\"@id\":\"https:\/\/www.bymycar.fr\/webzine\/#organization\"},\"articleSection\":[\"Guide d'achat Volkswagen\"],\"inLanguage\":\"fr-FR\"},{\"@type\":\"WebPage\",\"@id\":\"https:\/\/www.bymycar.fr\/webzine\/pourquoi-choisir-une-volkswagen-polo-en-2025\/\",\"url\":\"https:\/\/www.bymycar.fr\/webzine\/pourquoi-choisir-une-volkswagen-polo-en-2025\/\",\"name\":\"Pourquoi choisir une Volkswagen Polo en 2025 ?\",\"isPartOf\":{\"@id\":\"https:\/\/www.bymycar.fr\/webzine\/#website\"},\"datePublished\":\"2025-10-17T12:46:49+00:00\",\"breadcrumb\":{\"@id\":\"https:\/\/www.bymycar.fr\/webzine\/pourquoi-choisir-une-volkswagen-polo-en-2025\/#breadcrumb\"},\"inLanguage\":\"fr-FR\",\"potentialAction\":[{\"@type\":\"ReadAction\",\"target\":[\"https:\/\/www.bymycar.fr\/webzine\/pourquoi-choisir-une-volkswagen-polo-en-2025\/\"]}]},{\"@type\":\"BreadcrumbList\",\"@id\":\"https:\/\/www.bymycar.fr\/webzine\/pourquoi-choisir-une-volkswagen-polo-en-2025\/#breadcrumb\",\"itemListElement\":[{\"@type\":\"ListItem\",\"position\":1,\"name\":\"Accueil\",\"item\":\"https:\/\/www.bymycar.fr\/webzine\/\"},{\"@type\":\"ListItem\",\"position\":2,\"name\":\"Pourquoi choisir une Volkswagen Polo en 2025 ?\"}]},{\"@type\":\"WebSite\",\"@id\":\"https:\/\/www.bymycar.fr\/webzine\/#website\",\"url\":\"https:\/\/www.bymycar.fr\/webzine\/\",\"name\":\"Webzine auto BYmyCAR\",\"description\":\"La magazine auto de BYmyCAR\",\"publisher\":{\"@id\":\"https:\/\/www.bymycar.fr\/webzine\/#organization\"},\"potentialAction\":[{\"@type\":\"SearchAction\",\"target\":{\"@type\":\"EntryPoint\",\"urlTemplate\":\"https:\/\/www.bymycar.fr\/webzine\/?s={search_term_string}\"},\"query-input\":{\"@type\":\"PropertyValueSpecification\",\"valueRequired\":true,\"valueName\":\"search_term_string\"}}],\"inLanguage\":\"fr-FR\"},{\"@type\":\"Organization\",\"@id\":\"https:\/\/www.bymycar.fr\/webzine\/#organization\",\"name\":\"BYmyCAR\",\"url\":\"https:\/\/www.bymycar.fr\/webzine\/\",\"logo\":{\"@type\":\"ImageObject\",\"inLanguage\":\"fr-FR\",\"@id\":\"https:\/\/www.bymycar.fr\/webzine\/#\/schema\/logo\/image\/\",\"url\":\"https:\/\/cdn.bymycar.eu\/fr-webzine\/wp-content\/uploads\/medias\/2017\/08\/logo_DEALER_00000406_001.png\",\"contentUrl\":\"https:\/\/cdn.bymycar.eu\/fr-webzine\/wp-content\/uploads\/medias\/2017\/08\/logo_DEALER_00000406_001.png\",\"width\":2132,\"height\":720,\"caption\":\"BYmyCAR\"},\"image\":{\"@id\":\"https:\/\/www.bymycar.fr\/webzine\/#\/schema\/logo\/image\/\"}},{\"@type\":\"Person\",\"@id\":\"https:\/\/www.bymycar.fr\/webzine\/#\/schema\/person\/5512d79b8d2dfe306dc0b5794eba0c76\",\"name\":\"Tom Fernandes\",\"image\":{\"@type\":\"ImageObject\",\"inLanguage\":\"fr-FR\",\"@id\":\"https:\/\/www.bymycar.fr\/webzine\/#\/schema\/person\/image\/\",\"url\":\"https:\/\/secure.gravatar.com\/avatar\/81b17c0cc5a6f1f7f394984269a7cbad9c7cca9604839da024242cf665051fbf?s=96&d=mm&r=g\",\"contentUrl\":\"https:\/\/secure.gravatar.com\/avatar\/81b17c0cc5a6f1f7f394984269a7cbad9c7cca9604839da024242cf665051fbf?s=96&d=mm&r=g\",\"caption\":\"Tom Fernandes\"}}]}<\/script>\n<!-- \/ Yoast SEO Premium plugin. -->","yoast_head_json":{"title":"Pourquoi choisir une Volkswagen Polo en 2025 ?","robots":{"index":"index","follow":"follow","max-snippet":"max-snippet:-1","max-image-preview":"max-image-preview:large","max-video-preview":"max-video-preview:-1"},"canonical":"https:\/\/www.bymycar.fr\/webzine\/pourquoi-choisir-une-volkswagen-polo-en-2025\/","og_locale":"fr_FR","og_type":"article","og_title":"Pourquoi choisir une Volkswagen Polo en 2025 ?","og_url":"https:\/\/www.bymycar.fr\/webzine\/pourquoi-choisir-une-volkswagen-polo-en-2025\/","og_site_name":"Webzine auto BYmyCAR","article_published_time":"2025-10-17T12:46:49+00:00","author":"Tom Fernandes","twitter_card":"summary_large_image","twitter_misc":{"\u00c9crit par":"Tom Fernandes"},"schema":{"@context":"https:\/\/schema.org","@graph":[{"@type":"Article","@id":"https:\/\/www.bymycar.fr\/webzine\/pourquoi-choisir-une-volkswagen-polo-en-2025\/#article","isPartOf":{"@id":"https:\/\/www.bymycar.fr\/webzine\/pourquoi-choisir-une-volkswagen-polo-en-2025\/"},"author":{"name":"Tom Fernandes","@id":"https:\/\/www.bymycar.fr\/webzine\/#\/schema\/person\/5512d79b8d2dfe306dc0b5794eba0c76"},"headline":"Pourquoi choisir une Volkswagen Polo en 2025 ?","datePublished":"2025-10-17T12:46:49+00:00","mainEntityOfPage":{"@id":"https:\/\/www.bymycar.fr\/webzine\/pourquoi-choisir-une-volkswagen-polo-en-2025\/"},"wordCount":6,"publisher":{"@id":"https:\/\/www.bymycar.fr\/webzine\/#organization"},"articleSection":["Guide d'achat Volkswagen"],"inLanguage":"fr-FR"},{"@type":"WebPage","@id":"https:\/\/www.bymycar.fr\/webzine\/pourquoi-choisir-une-volkswagen-polo-en-2025\/","url":"https:\/\/www.bymycar.fr\/webzine\/pourquoi-choisir-une-volkswagen-polo-en-2025\/","name":"Pourquoi choisir une Volkswagen Polo en 2025 ?","isPartOf":{"@id":"https:\/\/www.bymycar.fr\/webzine\/#website"},"datePublished":"2025-10-17T12:46:49+00:00","breadcrumb":{"@id":"https:\/\/www.bymycar.fr\/webzine\/pourquoi-choisir-une-volkswagen-polo-en-2025\/#breadcrumb"},"inLanguage":"fr-FR","potentialAction":[{"@type":"ReadAction","target":["https:\/\/www.bymycar.fr\/webzine\/pourquoi-choisir-une-volkswagen-polo-en-2025\/"]}]},{"@type":"BreadcrumbList","@id":"https:\/\/www.bymycar.fr\/webzine\/pourquoi-choisir-une-volkswagen-polo-en-2025\/#breadcrumb","itemListElement":[{"@type":"ListItem","position":1,"name":"Accueil","item":"https:\/\/www.bymycar.fr\/webzine\/"},{"@type":"ListItem","position":2,"name":"Pourquoi choisir une Volkswagen Polo en 2025 ?"}]},{"@type":"WebSite","@id":"https:\/\/www.bymycar.fr\/webzine\/#website","url":"https:\/\/www.bymycar.fr\/webzine\/","name":"Webzine auto BYmyCAR","description":"La magazine auto de BYmyCAR","publisher":{"@id":"https:\/\/www.bymycar.fr\/webzine\/#organization"},"potentialAction":[{"@type":"SearchAction","target":{"@type":"EntryPoint","urlTemplate":"https:\/\/www.bymycar.fr\/webzine\/?s={search_term_string}"},"query-input":{"@type":"PropertyValueSpecification","valueRequired":true,"valueName":"search_term_string"}}],"inLanguage":"fr-FR"},{"@type":"Organization","@id":"https:\/\/www.bymycar.fr\/webzine\/#organization","name":"BYmyCAR","url":"https:\/\/www.bymycar.fr\/webzine\/","logo":{"@type":"ImageObject","inLanguage":"fr-FR","@id":"https:\/\/www.bymycar.fr\/webzine\/#\/schema\/logo\/image\/","url":"https:\/\/cdn.bymycar.eu\/fr-webzine\/wp-content\/uploads\/medias\/2017\/08\/logo_DEALER_00000406_001.png","contentUrl":"https:\/\/cdn.bymycar.eu\/fr-webzine\/wp-content\/uploads\/medias\/2017\/08\/logo_DEALER_00000406_001.png","width":2132,"height":720,"caption":"BYmyCAR"},"image":{"@id":"https:\/\/www.bymycar.fr\/webzine\/#\/schema\/logo\/image\/"}},{"@type":"Person","@id":"https:\/\/www.bymycar.fr\/webzine\/#\/schema\/person\/5512d79b8d2dfe306dc0b5794eba0c76","name":"Tom Fernandes","image":{"@type":"ImageObject","inLanguage":"fr-FR","@id":"https:\/\/www.bymycar.fr\/webzine\/#\/schema\/person\/image\/","url":"https:\/\/secure.gravatar.com\/avatar\/81b17c0cc5a6f1f7f394984269a7cbad9c7cca9604839da024242cf665051fbf?s=96&d=mm&r=g","contentUrl":"https:\/\/secure.gravatar.com\/avatar\/81b17c0cc5a6f1f7f394984269a7cbad9c7cca9604839da024242cf665051fbf?s=96&d=mm&r=g","caption":"Tom Fernandes"}}]}},"_links":{"self":[{"href":"https:\/\/www.bymycar.fr\/webzine\/wp-json\/wp\/v2\/posts\/61671","targetHints":{"allow":["GET"]}}],"collection":[{"href":"https:\/\/www.bymycar.fr\/webzine\/wp-json\/wp\/v2\/posts"}],"about":[{"href":"https:\/\/www.bymycar.fr\/webzine\/wp-json\/wp\/v2\/types\/post"}],"author":[{"embeddable":true,"href":"https:\/\/www.bymycar.fr\/webzine\/wp-json\/wp\/v2\/users\/87"}],"replies":[{"embeddable":true,"href":"https:\/\/www.bymycar.fr\/webzine\/wp-json\/wp\/v2\/comments?post=61671"}],"version-history":[{"count":2,"href":"https:\/\/www.bymycar.fr\/webzine\/wp-json\/wp\/v2\/posts\/61671\/revisions"}],"predecessor-version":[{"id":61674,"href":"https:\/\/www.bymycar.fr\/webzine\/wp-json\/wp\/v2\/posts\/61671\/revisions\/61674"}],"wp:attachment":[{"href":"https:\/\/www.bymycar.fr\/webzine\/wp-json\/wp\/v2\/media?parent=61671"}],"wp:term":[{"taxonomy":"category","embeddable":true,"href":"https:\/\/www.bymycar.fr\/webzine\/wp-json\/wp\/v2\/categories?post=61671"},{"taxonomy":"post_tag","embeddable":true,"href":"https:\/\/www.bymycar.fr\/webzine\/wp-json\/wp\/v2\/tags?post=61671"}],"curies":[{"name":"wp","href":"https:\/\/api.w.org\/{rel}","templated":true}]}}