{"id":61502,"date":"2025-11-24T12:55:49","date_gmt":"2025-11-24T11:55:49","guid":{"rendered":"https:\/\/www.bymycar.fr\/webzine\/?p=61502"},"modified":"2025-12-01T09:51:38","modified_gmt":"2025-12-01T08:51:38","slug":"bymycar-cultiver-les-talents-et-favoriser-la-parite","status":"publish","type":"post","link":"https:\/\/www.bymycar.fr\/webzine\/bymycar-cultiver-les-talents-et-favoriser-la-parite\/","title":{"rendered":"BYmyCAR : Cultiver les Talents et favoriser la parit\u00e9"},"content":{"rendered":"","protected":false},"excerpt":{"rendered":"","protected":false},"author":88,"featured_media":0,"comment_status":"closed","ping_status":"closed","sticky":false,"template":"","format":"standard","meta":{"_acf_changed":false,"footnotes":""},"categories":[2852,1643],"tags":[],"class_list":["post-61502","post","type-post","status-publish","format-standard","hentry","category-actus-rh","category-ressources-humaines"],"acf":{"image":{"ID":61706,"id":61706,"title":"orga (1)","filename":"orga-1.png","filesize":5338369,"url":"https:\/\/cdn.bymycar.eu\/fr-webzine\/wp-content\/uploads\/medias\/orga-1.png","link":"https:\/\/www.bymycar.fr\/webzine\/bymycar-cultiver-les-talents-et-favoriser-la-parite\/orga-1\/","alt":"","author":"88","description":"","caption":"","name":"orga-1","status":"inherit","uploaded_to":61502,"date":"2025-10-22 09:59:06","modified":"2025-10-22 09:59:06","menu_order":0,"mime_type":"image\/png","type":"image","subtype":"png","icon":"https:\/\/www.bymycar.fr\/webzine\/wp-includes\/images\/media\/default.png","width":1750,"height":1350,"sizes":{"thumbnail":"https:\/\/cdn.bymycar.eu\/fr-webzine\/wp-content\/uploads\/medias\/orga-1-150x150.png","thumbnail-width":150,"thumbnail-height":150,"medium":"https:\/\/cdn.bymycar.eu\/fr-webzine\/wp-content\/uploads\/medias\/orga-1-300x231.png","medium-width":300,"medium-height":231,"medium_large":"https:\/\/cdn.bymycar.eu\/fr-webzine\/wp-content\/uploads\/medias\/orga-1-768x592.png","medium_large-width":768,"medium_large-height":592,"large":"https:\/\/cdn.bymycar.eu\/fr-webzine\/wp-content\/uploads\/medias\/orga-1-1024x790.png","large-width":1024,"large-height":790,"1536x1536":"https:\/\/cdn.bymycar.eu\/fr-webzine\/wp-content\/uploads\/medias\/orga-1-1536x1185.png","1536x1536-width":1536,"1536x1536-height":1185,"2048x2048":"https:\/\/cdn.bymycar.eu\/fr-webzine\/wp-content\/uploads\/medias\/orga-1.png","2048x2048-width":1750,"2048x2048-height":1350}},"introduction":"<p>Chez BYmyCAR, on s\u2019engage tout au long de votre parcours avec nous. Car le groupe \u00e9volue au rythme de ses valeurs, de nouveaux projets voient le jour afin de favoriser le d\u00e9veloppement et l\u2019\u00e9panouissement de chaque collaborateur.<\/p>\n<p>Pour cela, deux projets en particulier viennent concr\u00e9tiser la vision du groupe.<\/p>\n","add-to-bo":false,"page_content":{"block_content":[{"acf_fc_layout":"text-image","--nav":{"-withNav":false,"-ancre":""},"--group":{"-image":{"ID":61715,"id":61715,"title":"orga (2)","filename":"orga-2-1.png","filesize":1,"url":"https:\/\/cdn.bymycar.eu\/fr-webzine\/wp-content\/uploads\/medias\/orga-2-1.png","link":"https:\/\/www.bymycar.fr\/webzine\/bymycar-cultiver-les-talents-et-favoriser-la-parite\/orga-2-2\/","alt":"","author":"88","description":"","caption":"","name":"orga-2-2","status":"inherit","uploaded_to":61502,"date":"2025-10-22 10:16:57","modified":"2025-10-22 10:16:57","menu_order":0,"mime_type":"image\/png","type":"image","subtype":"png","icon":"https:\/\/www.bymycar.fr\/webzine\/wp-includes\/images\/media\/default.png","width":2100,"height":1620,"sizes":{"thumbnail":"https:\/\/cdn.bymycar.eu\/fr-webzine\/wp-content\/uploads\/medias\/orga-2-1-150x150.png","thumbnail-width":150,"thumbnail-height":150,"medium":"https:\/\/cdn.bymycar.eu\/fr-webzine\/wp-content\/uploads\/medias\/orga-2-1-300x231.png","medium-width":300,"medium-height":231,"medium_large":"https:\/\/cdn.bymycar.eu\/fr-webzine\/wp-content\/uploads\/medias\/orga-2-1-768x592.png","medium_large-width":768,"medium_large-height":592,"large":"https:\/\/cdn.bymycar.eu\/fr-webzine\/wp-content\/uploads\/medias\/orga-2-1-1024x790.png","large-width":1024,"large-height":790,"1536x1536":"https:\/\/cdn.bymycar.eu\/fr-webzine\/wp-content\/uploads\/medias\/orga-2-1-1536x1185.png","1536x1536-width":1536,"1536x1536-height":1185,"2048x2048":"https:\/\/cdn.bymycar.eu\/fr-webzine\/wp-content\/uploads\/medias\/orga-2-1-2048x1580.png","2048x2048-width":2048,"2048x2048-height":1580}},"-title":"My Talent ","-text":"<p>Chaque ann\u00e9e, les entretiens professionnels permettent d\u2019identifier les collaborateurs qui se distinguent par leurs performances et leurs engagements au sein du groupe. \u00c0 l\u2019issue de cette phase, des <strong>Comit\u00e9s de Carri\u00e8re<\/strong> et de <strong>Talent Management<\/strong> se r\u00e9unissent afin de valider ces profils et d\u2019\u00e9valuer leurs perspectives d\u2019\u00e9volution. Ces comit\u00e9s, r\u00e9unissant les managers de r\u00e9gion et les RH, assurent la reconnaissance officielle des Talents de l\u2019entreprise :<\/p>\n<ul>\n<li><strong>Les Potentiels<\/strong> : ce sont les collaborateurs \u00e0 la capacit\u00e9 et \u00e0 la volont\u00e9 d\u2019\u00e9volution dans l\u2019entreprise<\/li>\n<li><strong>Les Experts<\/strong> : plus qu\u2019un titre, c\u2019est une question de comp\u00e9tences. Les Experts de BYmyCAR sont des personnes suffisamment inform\u00e9es sur l\u2019entreprise et p\u00e9dagogues pour pouvoir former de nouveaux coll\u00e8gues.<\/li>\n<\/ul>\n<p>N\u00e9anmoins, le programme MyTalent se penche aussi sur les questions de formation. Afin d\u2019accompagner au mieux les collaborateurs en pleine \u00e9volution, diverses formations leur sont propos\u00e9es, ainsi qu\u2019\u00e0 leurs managers. C\u2019est notamment le r\u00f4le de nos formations internes \u201c<strong>Manager en couleurs<\/strong>\u201d et \u201c<strong>Grow me up<\/strong>\u201d pour offrir les meilleurs perspectives au sein du groupe pour les \u00e9quipes.<\/p>\n<p>My Talent, c\u2019est l\u2019\u00e9valuation des collaborateurs de BYmyCAR pour leur permettre d\u2019\u00e9voluer au sein de l\u2019entreprise et proposer le meilleur accompagnement possible pour valoriser les parcours individuels.<\/p>\n<p><!-- notionvc: d54dbf28-2c6d-4117-be9c-338791325451 --><\/p>\n"}},{"acf_fc_layout":"images-mosaique-x3","--nav":{"-withNav":false,"-ancre":""},"--group":{"-title":"Les comit\u00e9s de talent management et les formations ont lieu tous les ans pour permettre \u00e0 chacun et chacune de trouver sa place au sein du groupe","-images":[{"ID":61965,"id":61965,"title":"Grow me up paris","filename":"Grow-me-up-paris-scaled.jpg","filesize":722730,"url":"https:\/\/cdn.bymycar.eu\/fr-webzine\/wp-content\/uploads\/medias\/Grow-me-up-paris-scaled.jpg","link":"https:\/\/www.bymycar.fr\/webzine\/bymycar-cultiver-les-talents-et-favoriser-la-parite\/grow-me-up-paris\/","alt":"","author":"88","description":"","caption":"","name":"grow-me-up-paris","status":"inherit","uploaded_to":61502,"date":"2025-11-12 15:38:30","modified":"2025-11-12 15:38:30","menu_order":0,"mime_type":"image\/jpeg","type":"image","subtype":"jpeg","icon":"https:\/\/www.bymycar.fr\/webzine\/wp-includes\/images\/media\/default.png","width":2560,"height":1920,"sizes":{"thumbnail":"https:\/\/cdn.bymycar.eu\/fr-webzine\/wp-content\/uploads\/medias\/Grow-me-up-paris-150x150.jpg","thumbnail-width":150,"thumbnail-height":150,"medium":"https:\/\/cdn.bymycar.eu\/fr-webzine\/wp-content\/uploads\/medias\/Grow-me-up-paris-300x225.jpg","medium-width":300,"medium-height":225,"medium_large":"https:\/\/cdn.bymycar.eu\/fr-webzine\/wp-content\/uploads\/medias\/Grow-me-up-paris-768x576.jpg","medium_large-width":768,"medium_large-height":576,"large":"https:\/\/cdn.bymycar.eu\/fr-webzine\/wp-content\/uploads\/medias\/Grow-me-up-paris-1024x768.jpg","large-width":1024,"large-height":768,"1536x1536":"https:\/\/cdn.bymycar.eu\/fr-webzine\/wp-content\/uploads\/medias\/Grow-me-up-paris-1536x1152.jpg","1536x1536-width":1536,"1536x1536-height":1152,"2048x2048":"https:\/\/cdn.bymycar.eu\/fr-webzine\/wp-content\/uploads\/medias\/Grow-me-up-paris-2048x1536.jpg","2048x2048-width":2048,"2048x2048-height":1536}},{"ID":61966,"id":61966,"title":"grow me up vaucluse 1","filename":"grow-me-up-vaucluse-1-scaled.jpg","filesize":544326,"url":"https:\/\/cdn.bymycar.eu\/fr-webzine\/wp-content\/uploads\/medias\/grow-me-up-vaucluse-1-scaled.jpg","link":"https:\/\/www.bymycar.fr\/webzine\/bymycar-cultiver-les-talents-et-favoriser-la-parite\/grow-me-up-vaucluse-1\/","alt":"","author":"88","description":"","caption":"","name":"grow-me-up-vaucluse-1","status":"inherit","uploaded_to":61502,"date":"2025-11-12 15:38:47","modified":"2025-11-12 15:38:55","menu_order":0,"mime_type":"image\/jpeg","type":"image","subtype":"jpeg","icon":"https:\/\/www.bymycar.fr\/webzine\/wp-includes\/images\/media\/default.png","width":2560,"height":1599,"sizes":{"thumbnail":"https:\/\/cdn.bymycar.eu\/fr-webzine\/wp-content\/uploads\/medias\/grow-me-up-vaucluse-1-150x150.jpg","thumbnail-width":150,"thumbnail-height":150,"medium":"https:\/\/cdn.bymycar.eu\/fr-webzine\/wp-content\/uploads\/medias\/grow-me-up-vaucluse-1-300x187.jpg","medium-width":300,"medium-height":187,"medium_large":"https:\/\/cdn.bymycar.eu\/fr-webzine\/wp-content\/uploads\/medias\/grow-me-up-vaucluse-1-768x480.jpg","medium_large-width":768,"medium_large-height":480,"large":"https:\/\/cdn.bymycar.eu\/fr-webzine\/wp-content\/uploads\/medias\/grow-me-up-vaucluse-1-1024x640.jpg","large-width":1024,"large-height":640,"1536x1536":"https:\/\/cdn.bymycar.eu\/fr-webzine\/wp-content\/uploads\/medias\/grow-me-up-vaucluse-1-1536x960.jpg","1536x1536-width":1536,"1536x1536-height":960,"2048x2048":"https:\/\/cdn.bymycar.eu\/fr-webzine\/wp-content\/uploads\/medias\/grow-me-up-vaucluse-1-2048x1279.jpg","2048x2048-width":2048,"2048x2048-height":1279}},{"ID":61967,"id":61967,"title":"Grow me up vaucluse 2","filename":"Grow-me-up-vaucluse-2-scaled.jpg","filesize":546819,"url":"https:\/\/cdn.bymycar.eu\/fr-webzine\/wp-content\/uploads\/medias\/Grow-me-up-vaucluse-2-scaled.jpg","link":"https:\/\/www.bymycar.fr\/webzine\/bymycar-cultiver-les-talents-et-favoriser-la-parite\/grow-me-up-vaucluse-2\/","alt":"","author":"88","description":"","caption":"","name":"grow-me-up-vaucluse-2","status":"inherit","uploaded_to":61502,"date":"2025-11-12 15:38:52","modified":"2025-11-12 15:39:07","menu_order":0,"mime_type":"image\/jpeg","type":"image","subtype":"jpeg","icon":"https:\/\/www.bymycar.fr\/webzine\/wp-includes\/images\/media\/default.png","width":1920,"height":2560,"sizes":{"thumbnail":"https:\/\/cdn.bymycar.eu\/fr-webzine\/wp-content\/uploads\/medias\/Grow-me-up-vaucluse-2-150x150.jpg","thumbnail-width":150,"thumbnail-height":150,"medium":"https:\/\/cdn.bymycar.eu\/fr-webzine\/wp-content\/uploads\/medias\/Grow-me-up-vaucluse-2-225x300.jpg","medium-width":225,"medium-height":300,"medium_large":"https:\/\/cdn.bymycar.eu\/fr-webzine\/wp-content\/uploads\/medias\/Grow-me-up-vaucluse-2-768x1024.jpg","medium_large-width":768,"medium_large-height":1024,"large":"https:\/\/cdn.bymycar.eu\/fr-webzine\/wp-content\/uploads\/medias\/Grow-me-up-vaucluse-2-768x1024.jpg","large-width":768,"large-height":1024,"1536x1536":"https:\/\/cdn.bymycar.eu\/fr-webzine\/wp-content\/uploads\/medias\/Grow-me-up-vaucluse-2-1152x1536.jpg","1536x1536-width":1152,"1536x1536-height":1536,"2048x2048":"https:\/\/cdn.bymycar.eu\/fr-webzine\/wp-content\/uploads\/medias\/Grow-me-up-vaucluse-2-1536x2048.jpg","2048x2048-width":1536,"2048x2048-height":2048}}],"-title-2":""}},{"acf_fc_layout":"video","--nav":{"-withNav":false,"-ancre":""},"--group":{"-video":{"video-cover":false,"video-type":"youtube","video-youtube":"<iframe title=\"2021 : L&#039;ann\u00e9e o\u00f9 BYmyCAR a lanc\u00e9 sa politique &quot;Talent Management&quot; !\" width=\"640\" height=\"360\" src=\"https:\/\/www.youtube.com\/embed\/x93Yjwm3x30?feature=oembed\" frameborder=\"0\" allow=\"accelerometer; autoplay; clipboard-write; encrypted-media; gyroscope; picture-in-picture; web-share\" referrerpolicy=\"strict-origin-when-cross-origin\" allowfullscreen><\/iframe>","video-vimeo":null,"video-interne":false},"-legend":"D\u00e9couvrez My Talent en quelques mots avec Claire Cochet, Directrice du D\u00e9veloppement RH et de la communication interne"}},{"acf_fc_layout":"text-image","--nav":{"-withNav":false,"-ancre":""},"--group":{"-image":{"ID":62158,"id":62158,"title":"orga (6)","filename":"orga-6.png","filesize":1886803,"url":"https:\/\/cdn.bymycar.eu\/fr-webzine\/wp-content\/uploads\/medias\/orga-6.png","link":"https:\/\/www.bymycar.fr\/webzine\/bymycar-cultiver-les-talents-et-favoriser-la-parite\/orga-6\/","alt":"","author":"88","description":"","caption":"","name":"orga-6","status":"inherit","uploaded_to":61502,"date":"2025-11-24 11:52:31","modified":"2025-11-24 11:52:31","menu_order":0,"mime_type":"image\/png","type":"image","subtype":"png","icon":"https:\/\/www.bymycar.fr\/webzine\/wp-includes\/images\/media\/default.png","width":1920,"height":1080,"sizes":{"thumbnail":"https:\/\/cdn.bymycar.eu\/fr-webzine\/wp-content\/uploads\/medias\/orga-6-150x150.png","thumbnail-width":150,"thumbnail-height":150,"medium":"https:\/\/cdn.bymycar.eu\/fr-webzine\/wp-content\/uploads\/medias\/orga-6-300x169.png","medium-width":300,"medium-height":169,"medium_large":"https:\/\/cdn.bymycar.eu\/fr-webzine\/wp-content\/uploads\/medias\/orga-6-768x432.png","medium_large-width":768,"medium_large-height":432,"large":"https:\/\/cdn.bymycar.eu\/fr-webzine\/wp-content\/uploads\/medias\/orga-6-1024x576.png","large-width":1024,"large-height":576,"1536x1536":"https:\/\/cdn.bymycar.eu\/fr-webzine\/wp-content\/uploads\/medias\/orga-6-1536x864.png","1536x1536-width":1536,"1536x1536-height":864,"2048x2048":"https:\/\/cdn.bymycar.eu\/fr-webzine\/wp-content\/uploads\/medias\/orga-6.png","2048x2048-width":1920,"2048x2048-height":1080}},"-title":"Driv\u2019HER ","-text":"<p>Dans le cadre de la strat\u00e9gie <strong>BymyCAR Next 2025-2030<\/strong>, nous souhaitons renforcer la parit\u00e9 au sein de nos \u00e9quipes pour que chacun et chacune puisse y trouver sa place. Cet engagement passe par la mise en place d\u2019actions concr\u00e8tes en faveur de la parit\u00e9, mais aussi par l\u2019accompagnement des collaborateurs pour favoriser un environnement de travail inclusif.<\/p>\n<p>Driv\u2019her se d\u00e9veloppe en trois phases :<\/p>\n<ul>\n<li>tout d\u2019abord en <strong>valorisant nos talents f\u00e9minins en interne<\/strong>, nos Potenti\u2019elles, et en<strong> sensibilisant les collaborateurs au sexisme ordinaire<\/strong>;<\/li>\n<li>Ensuite par le <strong>recrutement<\/strong> et en renfor\u00e7ant notre marque employeur<\/li>\n<li>Et enfin par la <strong>formation<\/strong> pour permettre \u00e0 toutes et \u00e0 tous d\u2019\u00e9voluer dans un environnement respectueux et \u00e9quitable<\/li>\n<\/ul>\n<p>Aujourd\u2019hui, la parit\u00e9 chez BYmyCAR est un point essentiel, et nous rejoindre, c\u2019est faire \u00e9voluer l\u2019entreprise vers plus d\u2019\u00e9galit\u00e9 et de parit\u00e9.<\/p>\n<p>\u00c0 travers Driv\u2019HER, nous affirmons notre volont\u00e9 de <strong>faire de la diversit\u00e9 et de l\u2019inclusion des leviers essentiels<\/strong>, au c\u0153ur de nos engagements.<\/p>\n<p><!-- notionvc: 20315b6a-9445-4e0c-929a-fcde61b92bf1 --><\/p>\n"}},{"acf_fc_layout":"video","--nav":{"-withNav":false,"-ancre":""},"--group":{"-video":{"video-cover":false,"video-type":"youtube","video-youtube":"<iframe title=\"BYmyCAR lance son programme : DRIV&#039;HER\" width=\"640\" height=\"360\" src=\"https:\/\/www.youtube.com\/embed\/Kplv7FWxS9g?feature=oembed\" frameborder=\"0\" allow=\"accelerometer; autoplay; clipboard-write; encrypted-media; gyroscope; picture-in-picture; web-share\" referrerpolicy=\"strict-origin-when-cross-origin\" allowfullscreen><\/iframe>","video-vimeo":null,"video-interne":false},"-legend":"D\u00e9couvrez en plus sur Driv'her avec Elise Potola et Christophe Pineau !"}},{"acf_fc_layout":"text-simple","--nav":{"-withNav":false,"-ancre":""},"--group":{"-text":"<p style=\"text-align: center\"><strong>Ces labels BYmyCAR sont enti\u00e8rement d\u00e9di\u00e9s \u00e0 nos collaborateurs, pour mettre en lumi\u00e8re nos engagements aupr\u00e8s de nouveaux arrivants ainsi que la diversit\u00e9 des parcours au sein de l\u2019entreprise. Parce que chaque parcours compte, nous souhaitons r\u00e9ellement valoriser un environnement de travail \u00e9panouissant et inclusif.<\/strong><\/p>\n"}}]},"add-carousel-to-footer":true},"yoast_head":"<!-- This site is optimized with the Yoast SEO Premium plugin v26.4 (Yoast SEO v26.4) - https:\/\/yoast.com\/wordpress\/plugins\/seo\/ -->\n<title>BYmyCAR : Cultiver les Talents et favoriser la parit\u00e9<\/title>\n<meta name=\"robots\" content=\"index, follow, max-snippet:-1, max-image-preview:large, max-video-preview:-1\" \/>\n<link rel=\"canonical\" href=\"https:\/\/www.bymycar.fr\/webzine\/bymycar-cultiver-les-talents-et-favoriser-la-parite\/\" \/>\n<meta property=\"og:locale\" content=\"fr_FR\" \/>\n<meta property=\"og:type\" content=\"article\" \/>\n<meta property=\"og:title\" content=\"BYmyCAR : Cultiver les Talents et favoriser la parit\u00e9\" \/>\n<meta property=\"og:url\" content=\"https:\/\/www.bymycar.fr\/webzine\/bymycar-cultiver-les-talents-et-favoriser-la-parite\/\" \/>\n<meta property=\"og:site_name\" content=\"Webzine auto BYmyCAR\" \/>\n<meta property=\"article:published_time\" content=\"2025-11-24T11:55:49+00:00\" \/>\n<meta property=\"article:modified_time\" content=\"2025-12-01T08:51:38+00:00\" \/>\n<meta name=\"author\" content=\"La R\u00e9daction BYmyCAR\" \/>\n<meta name=\"twitter:card\" content=\"summary_large_image\" \/>\n<meta name=\"twitter:label1\" content=\"\u00c9crit par\" \/>\n\t<meta name=\"twitter:data1\" content=\"La R\u00e9daction BYmyCAR\" \/>\n<script type=\"application\/ld+json\" class=\"yoast-schema-graph\">{\"@context\":\"https:\/\/schema.org\",\"@graph\":[{\"@type\":\"Article\",\"@id\":\"https:\/\/www.bymycar.fr\/webzine\/bymycar-cultiver-les-talents-et-favoriser-la-parite\/#article\",\"isPartOf\":{\"@id\":\"https:\/\/www.bymycar.fr\/webzine\/bymycar-cultiver-les-talents-et-favoriser-la-parite\/\"},\"author\":{\"name\":\"La R\u00e9daction BYmyCAR\",\"@id\":\"https:\/\/www.bymycar.fr\/webzine\/#\/schema\/person\/8d570fe11eb8929f06c1e6d00f4d9689\"},\"headline\":\"BYmyCAR : Cultiver les Talents et favoriser la parit\u00e9\",\"datePublished\":\"2025-11-24T11:55:49+00:00\",\"dateModified\":\"2025-12-01T08:51:38+00:00\",\"mainEntityOfPage\":{\"@id\":\"https:\/\/www.bymycar.fr\/webzine\/bymycar-cultiver-les-talents-et-favoriser-la-parite\/\"},\"wordCount\":8,\"publisher\":{\"@id\":\"https:\/\/www.bymycar.fr\/webzine\/#organization\"},\"articleSection\":[\"Actus RH BYmyCAR\",\"Ressources humaines\"],\"inLanguage\":\"fr-FR\"},{\"@type\":\"WebPage\",\"@id\":\"https:\/\/www.bymycar.fr\/webzine\/bymycar-cultiver-les-talents-et-favoriser-la-parite\/\",\"url\":\"https:\/\/www.bymycar.fr\/webzine\/bymycar-cultiver-les-talents-et-favoriser-la-parite\/\",\"name\":\"BYmyCAR : Cultiver les Talents et favoriser la parit\u00e9\",\"isPartOf\":{\"@id\":\"https:\/\/www.bymycar.fr\/webzine\/#website\"},\"datePublished\":\"2025-11-24T11:55:49+00:00\",\"dateModified\":\"2025-12-01T08:51:38+00:00\",\"breadcrumb\":{\"@id\":\"https:\/\/www.bymycar.fr\/webzine\/bymycar-cultiver-les-talents-et-favoriser-la-parite\/#breadcrumb\"},\"inLanguage\":\"fr-FR\",\"potentialAction\":[{\"@type\":\"ReadAction\",\"target\":[\"https:\/\/www.bymycar.fr\/webzine\/bymycar-cultiver-les-talents-et-favoriser-la-parite\/\"]}]},{\"@type\":\"BreadcrumbList\",\"@id\":\"https:\/\/www.bymycar.fr\/webzine\/bymycar-cultiver-les-talents-et-favoriser-la-parite\/#breadcrumb\",\"itemListElement\":[{\"@type\":\"ListItem\",\"position\":1,\"name\":\"Accueil\",\"item\":\"https:\/\/www.bymycar.fr\/webzine\/\"},{\"@type\":\"ListItem\",\"position\":2,\"name\":\"BYmyCAR : Cultiver les Talents et favoriser la parit\u00e9\"}]},{\"@type\":\"WebSite\",\"@id\":\"https:\/\/www.bymycar.fr\/webzine\/#website\",\"url\":\"https:\/\/www.bymycar.fr\/webzine\/\",\"name\":\"Webzine auto BYmyCAR\",\"description\":\"La magazine auto de BYmyCAR\",\"publisher\":{\"@id\":\"https:\/\/www.bymycar.fr\/webzine\/#organization\"},\"potentialAction\":[{\"@type\":\"SearchAction\",\"target\":{\"@type\":\"EntryPoint\",\"urlTemplate\":\"https:\/\/www.bymycar.fr\/webzine\/?s={search_term_string}\"},\"query-input\":{\"@type\":\"PropertyValueSpecification\",\"valueRequired\":true,\"valueName\":\"search_term_string\"}}],\"inLanguage\":\"fr-FR\"},{\"@type\":\"Organization\",\"@id\":\"https:\/\/www.bymycar.fr\/webzine\/#organization\",\"name\":\"BYmyCAR\",\"url\":\"https:\/\/www.bymycar.fr\/webzine\/\",\"logo\":{\"@type\":\"ImageObject\",\"inLanguage\":\"fr-FR\",\"@id\":\"https:\/\/www.bymycar.fr\/webzine\/#\/schema\/logo\/image\/\",\"url\":\"https:\/\/cdn.bymycar.eu\/fr-webzine\/wp-content\/uploads\/medias\/2017\/08\/logo_DEALER_00000406_001.png\",\"contentUrl\":\"https:\/\/cdn.bymycar.eu\/fr-webzine\/wp-content\/uploads\/medias\/2017\/08\/logo_DEALER_00000406_001.png\",\"width\":2132,\"height\":720,\"caption\":\"BYmyCAR\"},\"image\":{\"@id\":\"https:\/\/www.bymycar.fr\/webzine\/#\/schema\/logo\/image\/\"}},{\"@type\":\"Person\",\"@id\":\"https:\/\/www.bymycar.fr\/webzine\/#\/schema\/person\/8d570fe11eb8929f06c1e6d00f4d9689\",\"name\":\"La R\u00e9daction BYmyCAR\",\"image\":{\"@type\":\"ImageObject\",\"inLanguage\":\"fr-FR\",\"@id\":\"https:\/\/www.bymycar.fr\/webzine\/#\/schema\/person\/image\/\",\"url\":\"https:\/\/secure.gravatar.com\/avatar\/1aa6b039d0ce106989923af4e2d0f2a0c82bb070d5e449f1b9adf082a5863900?s=96&d=mm&r=g\",\"contentUrl\":\"https:\/\/secure.gravatar.com\/avatar\/1aa6b039d0ce106989923af4e2d0f2a0c82bb070d5e449f1b9adf082a5863900?s=96&d=mm&r=g\",\"caption\":\"La R\u00e9daction BYmyCAR\"},\"sameAs\":[\"https:\/\/www.bymycar.fr\/\"]}]}<\/script>\n<!-- \/ Yoast SEO Premium plugin. -->","yoast_head_json":{"title":"BYmyCAR : Cultiver les Talents et favoriser la parit\u00e9","robots":{"index":"index","follow":"follow","max-snippet":"max-snippet:-1","max-image-preview":"max-image-preview:large","max-video-preview":"max-video-preview:-1"},"canonical":"https:\/\/www.bymycar.fr\/webzine\/bymycar-cultiver-les-talents-et-favoriser-la-parite\/","og_locale":"fr_FR","og_type":"article","og_title":"BYmyCAR : Cultiver les Talents et favoriser la parit\u00e9","og_url":"https:\/\/www.bymycar.fr\/webzine\/bymycar-cultiver-les-talents-et-favoriser-la-parite\/","og_site_name":"Webzine auto BYmyCAR","article_published_time":"2025-11-24T11:55:49+00:00","article_modified_time":"2025-12-01T08:51:38+00:00","author":"La R\u00e9daction BYmyCAR","twitter_card":"summary_large_image","twitter_misc":{"\u00c9crit par":"La R\u00e9daction BYmyCAR"},"schema":{"@context":"https:\/\/schema.org","@graph":[{"@type":"Article","@id":"https:\/\/www.bymycar.fr\/webzine\/bymycar-cultiver-les-talents-et-favoriser-la-parite\/#article","isPartOf":{"@id":"https:\/\/www.bymycar.fr\/webzine\/bymycar-cultiver-les-talents-et-favoriser-la-parite\/"},"author":{"name":"La R\u00e9daction BYmyCAR","@id":"https:\/\/www.bymycar.fr\/webzine\/#\/schema\/person\/8d570fe11eb8929f06c1e6d00f4d9689"},"headline":"BYmyCAR : Cultiver les Talents et favoriser la parit\u00e9","datePublished":"2025-11-24T11:55:49+00:00","dateModified":"2025-12-01T08:51:38+00:00","mainEntityOfPage":{"@id":"https:\/\/www.bymycar.fr\/webzine\/bymycar-cultiver-les-talents-et-favoriser-la-parite\/"},"wordCount":8,"publisher":{"@id":"https:\/\/www.bymycar.fr\/webzine\/#organization"},"articleSection":["Actus RH BYmyCAR","Ressources humaines"],"inLanguage":"fr-FR"},{"@type":"WebPage","@id":"https:\/\/www.bymycar.fr\/webzine\/bymycar-cultiver-les-talents-et-favoriser-la-parite\/","url":"https:\/\/www.bymycar.fr\/webzine\/bymycar-cultiver-les-talents-et-favoriser-la-parite\/","name":"BYmyCAR : Cultiver les Talents et favoriser la parit\u00e9","isPartOf":{"@id":"https:\/\/www.bymycar.fr\/webzine\/#website"},"datePublished":"2025-11-24T11:55:49+00:00","dateModified":"2025-12-01T08:51:38+00:00","breadcrumb":{"@id":"https:\/\/www.bymycar.fr\/webzine\/bymycar-cultiver-les-talents-et-favoriser-la-parite\/#breadcrumb"},"inLanguage":"fr-FR","potentialAction":[{"@type":"ReadAction","target":["https:\/\/www.bymycar.fr\/webzine\/bymycar-cultiver-les-talents-et-favoriser-la-parite\/"]}]},{"@type":"BreadcrumbList","@id":"https:\/\/www.bymycar.fr\/webzine\/bymycar-cultiver-les-talents-et-favoriser-la-parite\/#breadcrumb","itemListElement":[{"@type":"ListItem","position":1,"name":"Accueil","item":"https:\/\/www.bymycar.fr\/webzine\/"},{"@type":"ListItem","position":2,"name":"BYmyCAR : Cultiver les Talents et favoriser la parit\u00e9"}]},{"@type":"WebSite","@id":"https:\/\/www.bymycar.fr\/webzine\/#website","url":"https:\/\/www.bymycar.fr\/webzine\/","name":"Webzine auto BYmyCAR","description":"La magazine auto de BYmyCAR","publisher":{"@id":"https:\/\/www.bymycar.fr\/webzine\/#organization"},"potentialAction":[{"@type":"SearchAction","target":{"@type":"EntryPoint","urlTemplate":"https:\/\/www.bymycar.fr\/webzine\/?s={search_term_string}"},"query-input":{"@type":"PropertyValueSpecification","valueRequired":true,"valueName":"search_term_string"}}],"inLanguage":"fr-FR"},{"@type":"Organization","@id":"https:\/\/www.bymycar.fr\/webzine\/#organization","name":"BYmyCAR","url":"https:\/\/www.bymycar.fr\/webzine\/","logo":{"@type":"ImageObject","inLanguage":"fr-FR","@id":"https:\/\/www.bymycar.fr\/webzine\/#\/schema\/logo\/image\/","url":"https:\/\/cdn.bymycar.eu\/fr-webzine\/wp-content\/uploads\/medias\/2017\/08\/logo_DEALER_00000406_001.png","contentUrl":"https:\/\/cdn.bymycar.eu\/fr-webzine\/wp-content\/uploads\/medias\/2017\/08\/logo_DEALER_00000406_001.png","width":2132,"height":720,"caption":"BYmyCAR"},"image":{"@id":"https:\/\/www.bymycar.fr\/webzine\/#\/schema\/logo\/image\/"}},{"@type":"Person","@id":"https:\/\/www.bymycar.fr\/webzine\/#\/schema\/person\/8d570fe11eb8929f06c1e6d00f4d9689","name":"La R\u00e9daction BYmyCAR","image":{"@type":"ImageObject","inLanguage":"fr-FR","@id":"https:\/\/www.bymycar.fr\/webzine\/#\/schema\/person\/image\/","url":"https:\/\/secure.gravatar.com\/avatar\/1aa6b039d0ce106989923af4e2d0f2a0c82bb070d5e449f1b9adf082a5863900?s=96&d=mm&r=g","contentUrl":"https:\/\/secure.gravatar.com\/avatar\/1aa6b039d0ce106989923af4e2d0f2a0c82bb070d5e449f1b9adf082a5863900?s=96&d=mm&r=g","caption":"La R\u00e9daction BYmyCAR"},"sameAs":["https:\/\/www.bymycar.fr\/"]}]}},"_links":{"self":[{"href":"https:\/\/www.bymycar.fr\/webzine\/wp-json\/wp\/v2\/posts\/61502","targetHints":{"allow":["GET"]}}],"collection":[{"href":"https:\/\/www.bymycar.fr\/webzine\/wp-json\/wp\/v2\/posts"}],"about":[{"href":"https:\/\/www.bymycar.fr\/webzine\/wp-json\/wp\/v2\/types\/post"}],"author":[{"embeddable":true,"href":"https:\/\/www.bymycar.fr\/webzine\/wp-json\/wp\/v2\/users\/88"}],"replies":[{"embeddable":true,"href":"https:\/\/www.bymycar.fr\/webzine\/wp-json\/wp\/v2\/comments?post=61502"}],"version-history":[{"count":35,"href":"https:\/\/www.bymycar.fr\/webzine\/wp-json\/wp\/v2\/posts\/61502\/revisions"}],"predecessor-version":[{"id":62159,"href":"https:\/\/www.bymycar.fr\/webzine\/wp-json\/wp\/v2\/posts\/61502\/revisions\/62159"}],"wp:attachment":[{"href":"https:\/\/www.bymycar.fr\/webzine\/wp-json\/wp\/v2\/media?parent=61502"}],"wp:term":[{"taxonomy":"category","embeddable":true,"href":"https:\/\/www.bymycar.fr\/webzine\/wp-json\/wp\/v2\/categories?post=61502"},{"taxonomy":"post_tag","embeddable":true,"href":"https:\/\/www.bymycar.fr\/webzine\/wp-json\/wp\/v2\/tags?post=61502"}],"curies":[{"name":"wp","href":"https:\/\/api.w.org\/{rel}","templated":true}]}}