{"id":61321,"date":"2025-10-13T16:06:59","date_gmt":"2025-10-13T14:06:59","guid":{"rendered":"https:\/\/www.bymycar.fr\/webzine\/?p=61321"},"modified":"2025-10-13T16:06:59","modified_gmt":"2025-10-13T14:06:59","slug":"comment-bien-choisir-sa-seat-arona-doccasion-en-2025","status":"publish","type":"post","link":"https:\/\/www.bymycar.fr\/webzine\/comment-bien-choisir-sa-seat-arona-doccasion-en-2025\/","title":{"rendered":"Comment bien choisir sa SEAT Arona d&rsquo;occasion en 2025 ?"},"content":{"rendered":"","protected":false},"excerpt":{"rendered":"","protected":false},"author":87,"featured_media":0,"comment_status":"closed","ping_status":"closed","sticky":false,"template":"","format":"standard","meta":{"_acf_changed":false,"footnotes":""},"categories":[12916],"tags":[],"class_list":["post-61321","post","type-post","status-publish","format-standard","hentry","category-guide-dachat-seat"],"acf":{"image":{"ID":61322,"id":61322,"title":"SEAT-enhances-sustainability-of-the-SEAT-Ibiza-and-Arona-with-Special-Edition-Marina-Pack_01_HQ (1)","filename":"SEAT-enhances-sustainability-of-the-SEAT-Ibiza-and-Arona-with-Special-Edition-Marina-Pack_01_HQ-1-scaled.jpg","filesize":764006,"url":"https:\/\/cdn.bymycar.eu\/fr-webzine\/wp-content\/uploads\/medias\/SEAT-enhances-sustainability-of-the-SEAT-Ibiza-and-Arona-with-Special-Edition-Marina-Pack_01_HQ-1-scaled.jpg","link":"https:\/\/www.bymycar.fr\/webzine\/comment-bien-choisir-sa-seat-arona-doccasion-en-2025\/seat-enhances-sustainability-of-the-seat-ibiza-and-arona-with-special-edition-marina-pack_01_hq-1\/","alt":"Seat Arona","author":"87","description":"","caption":"","name":"seat-enhances-sustainability-of-the-seat-ibiza-and-arona-with-special-edition-marina-pack_01_hq-1","status":"inherit","uploaded_to":61321,"date":"2025-10-13 14:04:03","modified":"2025-10-13 14:04:25","menu_order":0,"mime_type":"image\/jpeg","type":"image","subtype":"jpeg","icon":"https:\/\/www.bymycar.fr\/webzine\/wp-includes\/images\/media\/default.png","width":2560,"height":1706,"sizes":{"thumbnail":"https:\/\/cdn.bymycar.eu\/fr-webzine\/wp-content\/uploads\/medias\/SEAT-enhances-sustainability-of-the-SEAT-Ibiza-and-Arona-with-Special-Edition-Marina-Pack_01_HQ-1-150x150.jpg","thumbnail-width":150,"thumbnail-height":150,"medium":"https:\/\/cdn.bymycar.eu\/fr-webzine\/wp-content\/uploads\/medias\/SEAT-enhances-sustainability-of-the-SEAT-Ibiza-and-Arona-with-Special-Edition-Marina-Pack_01_HQ-1-300x200.jpg","medium-width":300,"medium-height":200,"medium_large":"https:\/\/cdn.bymycar.eu\/fr-webzine\/wp-content\/uploads\/medias\/SEAT-enhances-sustainability-of-the-SEAT-Ibiza-and-Arona-with-Special-Edition-Marina-Pack_01_HQ-1-768x512.jpg","medium_large-width":768,"medium_large-height":512,"large":"https:\/\/cdn.bymycar.eu\/fr-webzine\/wp-content\/uploads\/medias\/SEAT-enhances-sustainability-of-the-SEAT-Ibiza-and-Arona-with-Special-Edition-Marina-Pack_01_HQ-1-1024x682.jpg","large-width":1024,"large-height":682,"1536x1536":"https:\/\/cdn.bymycar.eu\/fr-webzine\/wp-content\/uploads\/medias\/SEAT-enhances-sustainability-of-the-SEAT-Ibiza-and-Arona-with-Special-Edition-Marina-Pack_01_HQ-1-1536x1023.jpg","1536x1536-width":1536,"1536x1536-height":1023,"2048x2048":"https:\/\/cdn.bymycar.eu\/fr-webzine\/wp-content\/uploads\/medias\/SEAT-enhances-sustainability-of-the-SEAT-Ibiza-and-Arona-with-Special-Edition-Marina-Pack_01_HQ-1-2048x1365.jpg","2048x2048-width":2048,"2048x2048-height":1365}},"introduction":"<p><strong>Ce qu&rsquo;il faut retenir<\/strong><\/p>\n<ul>\n<li>Le SEAT Arona d&rsquo;occasion offre un excellent rapport qualit\u00e9-prix en 2025, avec des mod\u00e8les r\u00e9cents disponibles \u00e0 partir de 15.000 \u20ac* et une fiabilit\u00e9 m\u00e9canique \u00e9prouv\u00e9e, particuli\u00e8rement en motorisation 1.0 TSI 115 ch qui repr\u00e9sente le meilleur compromis performances\/consommation.<\/li>\n<li>La finition FR constitue le choix le plus recommand\u00e9 en occasion, avec un \u00e9quipement complet incluant projecteurs Full LED, cam\u00e9ra de recul et syst\u00e8me multim\u00e9dia connect\u00e9, tandis que les versions Copa offrent un bon compromis prix\/\u00e9quipement pour les budgets plus serr\u00e9s.<\/li>\n<li>Pour maximiser votre achat, privil\u00e9giez les mod\u00e8les post-2021 avec carnet d&rsquo;entretien complet, moins de 50.000 km et en version essence (\u00e9vitez les premiers diesels), en v\u00e9rifiant particuli\u00e8rement l&rsquo;\u00e9tat des \u00e9quipements high-tech et en n\u00e9gociant une remise de 1.000 \u00e0 1.500 \u20ac* selon le kilom\u00e9trage.<\/li>\n<\/ul>\n<p>Compact, styl\u00e9 et polyvalent, le SEAT Arona s&rsquo;est impos\u00e9 comme une r\u00e9f\u00e9rence sur le segment des SUV compacts depuis son lancement. En 2025, ce mod\u00e8le espagnol continue de s\u00e9duire sur le march\u00e9 de l&rsquo;occasion gr\u00e2ce \u00e0 son excellent rapport qualit\u00e9-prix et ses prestations \u00e9quilibr\u00e9es. Que vous recherchiez une premi\u00e8re voiture ou un v\u00e9hicule familial secondaire, l&rsquo;Arona offre une solution adapt\u00e9e \u00e0 de nombreux besoins. Certaines versions b\u00e9n\u00e9ficient m\u00eame du bonus \u00e9cologique, renfor\u00e7ant leur attractivit\u00e9 financi\u00e8re. Dans ce guide, nous analyserons les diff\u00e9rentes motorisations disponibles, les finitions \u00e0 privil\u00e9gier, les points de vigilance lors de l&rsquo;inspection et les tarifs pratiqu\u00e9s pour vous aider \u00e0 d\u00e9nicher la perle rare parmi les SEAT Arona d&rsquo;occasion.<\/p>\n","add-to-bo":false,"page_content":{"block_content":[{"acf_fc_layout":"carousel-produits"},{"acf_fc_layout":"text-simple","--nav":{"-withNav":false,"-ancre":""},"--group":{"-text":"<h2>Pourquoi choisir un SUV SEAT Arona d&rsquo;occasion en 2025<\/h2>\n<h3>Un design dynamique et un format urbain<\/h3>\n<p>Le SEAT Arona se distingue par son allure moderne et son design r\u00e9solument dynamique qui reste d&rsquo;actualit\u00e9 m\u00eame apr\u00e8s plusieurs ann\u00e9es sur le march\u00e9. Introduit en 2017 puis restyl\u00e9 en 2021, ce SUV urbain conserve un style frais et contemporain qui s\u00e9duit au premier regard. Ses lignes sportives et ses proportions \u00e9quilibr\u00e9es lui conf\u00e8rent une pr\u00e9sence remarquable sur la route, malgr\u00e9 son gabarit compact id\u00e9al pour la ville.<\/p>\n<p>Avec ses 4,15 m\u00e8tres de long, l&rsquo;Arona offre l&rsquo;avantage d&rsquo;\u00eatre particuli\u00e8rement maniable en milieu urbain tout en proposant un habitacle \u00e9tonnamment spacieux. Son int\u00e9rieur bien agenc\u00e9 maximise l&rsquo;espace disponible, avec une banquette arri\u00e8re confortable et un coffre g\u00e9n\u00e9reux de 400 litres qui r\u00e9pond parfaitement aux besoins quotidiens. Les finitions soign\u00e9es et les mat\u00e9riaux de qualit\u00e9 contribuent \u00e0 cr\u00e9er une ambiance int\u00e9rieure agr\u00e9able et moderne.<\/p>\n<h3>Un excellent rapport qualit\u00e9-prix sur le march\u00e9 de l&rsquo;occasion<\/h3>\n<p>Sur le march\u00e9 de l&rsquo;occasion, le SEAT Arona repr\u00e9sente l&rsquo;un des meilleurs rapports qualit\u00e9-prix de sa cat\u00e9gorie. Ce SUV compact combine de nombreux points forts qui en font un choix particuli\u00e8rement judicieux :<\/p>\n<ul>\n<li>Une fiabilit\u00e9 \u00e9prouv\u00e9e avec peu de probl\u00e8mes m\u00e9caniques majeurs<\/li>\n<li>Des motorisations efficientes et \u00e9conomiques (essence TSI de 95 \u00e0 150 ch)<\/li>\n<li>Un \u00e9quipement technologique complet m\u00eame sur les versions interm\u00e9diaires<\/li>\n<li>Un confort de conduite remarquable avec des suspensions bien calibr\u00e9es<\/li>\n<li>Une excellente tenue de route et un comportement dynamique<\/li>\n<\/ul>\n<p>Le SEAT Arona d&rsquo;occasion offre l&rsquo;avantage d&rsquo;\u00eatre significativement moins cher que son prix neuf, tout en conservant d&rsquo;excellentes prestations. Alors que les tarifs des mod\u00e8les neufs d\u00e9marrent autour de 24 000\u20ac, vous pouvez trouver des exemplaires r\u00e9cents en parfait \u00e9tat pour environ 30% moins cher. Cette d\u00e9cote rapide profite directement \u00e0 l&rsquo;acheteur d&rsquo;occasion, qui b\u00e9n\u00e9ficie d&rsquo;un v\u00e9hicule moderne, bien \u00e9quip\u00e9 et fiable, \u00e0 un prix tr\u00e8s comp\u00e9titif.<\/p>\n<h2>Dimensions et volume de coffre du SEAT Arona<\/h2>\n<h3>Longueur, largeur et hauteur<\/h3>\n<p>Le SEAT Arona se distingue par son gabarit compact qui lui conf\u00e8re une agilit\u00e9 appr\u00e9ciable en milieu urbain. Ce SUV urbain affiche des dimensions contenues avec une longueur de 4 138 mm, une largeur de 1 780 mm sans r\u00e9troviseurs (1 942 mm avec r\u00e9troviseurs d\u00e9ploy\u00e9s) et une hauteur de 1 552 mm. Son empattement de 2 566 mm lui assure une bonne stabilit\u00e9 sur diff\u00e9rents types de terrains, tandis que sa garde au sol lui permet d&rsquo;aborder sereinement les obstacles urbains. Ces dimensions \u00e9quilibr\u00e9es facilitent les man\u0153uvres de stationnement tout en garantissant un confort de conduite optimal, que ce soit en ville ou lors de trajets plus longs sur autoroute.<\/p>\n<h3>Un coffre g\u00e9n\u00e9reux pour la cat\u00e9gorie<\/h3>\n<p>Le SEAT Arona se d\u00e9marque par un volume de coffre particuli\u00e8rement g\u00e9n\u00e9reux pour un v\u00e9hicule de ce segment. Avec une capacit\u00e9 allant de 400 \u00e0 510 litres selon les versions, il surpasse nombre de ses concurrents directs. Cette g\u00e9n\u00e9rosit\u00e9 permet d&rsquo;envisager sereinement les trajets familiaux sur plusieurs centaines de km sans compromis sur les bagages. Le plancher de coffre modulable, disponible sur certaines finitions, offre une flexibilit\u00e9 suppl\u00e9mentaire pour l&rsquo;organisation de l&rsquo;espace de chargement, optimisant ainsi la capacit\u00e9 utile selon les besoins.<\/p>\n<h3>Habitabilit\u00e9 et modularit\u00e9 int\u00e9rieure<\/h3>\n<p>L&rsquo;int\u00e9rieur du SEAT Arona propose un espace bien pens\u00e9 malgr\u00e9 son gabarit compact. L&rsquo;habitabilit\u00e9 arri\u00e8re se situe dans la bonne moyenne de la cat\u00e9gorie, avec un espace aux jambes satisfaisant pour deux adultes. La banquette arri\u00e8re, bien que non coulissante, se rabat pour augmenter encore la capacit\u00e9 de chargement. La modularit\u00e9 reste assez basique mais fonctionnelle pour un usage quotidien. La pr\u00e9sence du Digital Cockpit avec son \u00e9cran haute d\u00e9finition de 10,25 pouces am\u00e9liore consid\u00e9rablement la perception d&rsquo;espace \u00e0 bord et renforce l&rsquo;impression de modernit\u00e9. Ce tableau de bord num\u00e9rique permet de personnaliser l&rsquo;affichage selon trois modes principaux : Classique, Plans et Dynamique.<\/p>\n<table>\n<thead>\n<tr>\n<th>Caract\u00e9ristiques<\/th>\n<th>Mesures<\/th>\n<\/tr>\n<\/thead>\n<tbody>\n<tr>\n<td>Longueur<\/td>\n<td>4 138 mm<\/td>\n<\/tr>\n<tr>\n<td>Largeur sans\/avec r\u00e9troviseurs<\/td>\n<td>1 780 mm \/ 1 942 mm<\/td>\n<\/tr>\n<tr>\n<td>Hauteur<\/td>\n<td>1 552 mm<\/td>\n<\/tr>\n<tr>\n<td>Empattement<\/td>\n<td>2 566 mm<\/td>\n<\/tr>\n<tr>\n<td>Volume de coffre<\/td>\n<td>400 \u00e0 510 litres<\/td>\n<\/tr>\n<\/tbody>\n<\/table>\n<h2>Finitions SEAT Arona FR, Copa ou \u00c9dition : laquelle choisir ?<\/h2>\n<h3>Pr\u00e9sentation rapide des finitions<\/h3>\n<p>La SEAT Arona se d\u00e9cline en trois finitions principales qui se distinguent par leur niveau d&rsquo;\u00e9quipement et leur positionnement. La finition FR arbore un caract\u00e8re sportif assum\u00e9 avec un design plus dynamique, incluant un volant multifonctions \u00e0 m\u00e9plat et des palettes en version automatique. Elle propose \u00e9galement un syst\u00e8me intelligent de s\u00e9lection de mode de conduite (Eco, Confort, Sport et Individual) pour une exp\u00e9rience plus personnalis\u00e9e.<\/p>\n<p>La finition Copa, positionn\u00e9e comme deuxi\u00e8me niveau dans la gamme, a \u00e9t\u00e9 con\u00e7ue pour \u00eatre livr\u00e9e rapidement. Elle offre un \u00e9quipement complet \u00e0 un tarif comp\u00e9titif, tout en faisant l&rsquo;impasse sur certains \u00e9quipements high-tech pour garantir des d\u00e9lais de livraison optimis\u00e9s.<\/p>\n<p>Quant \u00e0 la finition \u00c9dition, elle constitue l&rsquo;entr\u00e9e de gamme avec un \u00e9quipement de base d\u00e9j\u00e0 int\u00e9ressant. Cette version propose l&rsquo;essentiel pour une conduite confortable au quotidien, avec un rapport prix\/\u00e9quipements s\u00e9duisant pour les budgets plus serr\u00e9s.<\/p>\n<h3>Quels \u00e9quipements privil\u00e9gier en occasion ?<\/h3>\n<p>Lorsque vous recherchez une SEAT Arona d&rsquo;occasion, certains \u00e9quipements m\u00e9ritent une attention particuli\u00e8re pour garantir une exp\u00e9rience optimale. La connectivit\u00e9 est aujourd&rsquo;hui essentielle : privil\u00e9giez les mod\u00e8les \u00e9quip\u00e9s du syst\u00e8me Full Link qui int\u00e8gre <strong>Android Auto<\/strong> et <strong>Apple CarPlay<\/strong>. Ces technologies permettent de r\u00e9pliquer l&rsquo;interface de votre smartphone sur l&rsquo;\u00e9cran tactile du v\u00e9hicule pour une utilisation plus s\u00e9curis\u00e9e en conduite.<\/p>\n<p>Les aides \u00e0 la conduite comme la cam\u00e9ra de recul et les radars de stationnement sont \u00e9galement des atouts pr\u00e9cieux au quotidien, particuli\u00e8rement en milieu urbain. Pour le confort visuel et la s\u00e9curit\u00e9, les <strong>projecteurs Full LED<\/strong> offrent un \u00e9clairage performant et constituent un r\u00e9el avantage, surtout lors des trajets nocturnes.<\/p>\n<p>Les \u00e9l\u00e9ments esth\u00e9tiques comme les barres de toit noires et les vitres arri\u00e8re surteint\u00e9es, disponibles sur les finitions sup\u00e9rieures, apportent une touche d&rsquo;\u00e9l\u00e9gance suppl\u00e9mentaire qui peut influencer positivement la valeur de revente du v\u00e9hicule.<\/p>\n<table>\n<thead>\n<tr>\n<th>\u00c9quipements<\/th>\n<th>FR<\/th>\n<th>Copa<\/th>\n<th>\u00c9dition<\/th>\n<\/tr>\n<\/thead>\n<tbody>\n<tr>\n<td>Android Auto \/ Apple CarPlay<\/td>\n<td>\u2713<\/td>\n<td>\u2713<\/td>\n<td>\u2713<\/td>\n<\/tr>\n<tr>\n<td>Projecteurs Full LED<\/td>\n<td>\u2713<\/td>\n<td>\u2713<\/td>\n<td>Option<\/td>\n<\/tr>\n<tr>\n<td>Cam\u00e9ra de recul<\/td>\n<td>\u2713<\/td>\n<td>\u2713<\/td>\n<td>Option<\/td>\n<\/tr>\n<tr>\n<td>Barres de toit noires<\/td>\n<td>\u2713<\/td>\n<td>Option<\/td>\n<td>&#8211;<\/td>\n<\/tr>\n<tr>\n<td>Vitres arri\u00e8re surteint\u00e9es<\/td>\n<td>\u2713<\/td>\n<td>\u2713<\/td>\n<td>&#8211;<\/td>\n<\/tr>\n<tr>\n<td>Syst\u00e8me Drive Profile<\/td>\n<td>\u2713<\/td>\n<td>&#8211;<\/td>\n<td>&#8211;<\/td>\n<\/tr>\n<\/tbody>\n<\/table>\n<p>Pour un usage polyvalent, la <a href=\"https:\/\/www.bymycar.fr\/v\/seat-arona-fr\">SEAT Arona FR<\/a> reste le meilleur compromis avec son \u00e9quipement complet et son caract\u00e8re sportif, particuli\u00e8rement appr\u00e9ciable sur les mod\u00e8les d&rsquo;occasion r\u00e9cents.<\/p>\n<h2>Motorisations : essence, diesel, hybride ou automatique ?<\/h2>\n<h3>Motorisations essence : sobri\u00e9t\u00e9 et plaisir<\/h3>\n<p>Le SEAT Arona propose en 2025 une gamme de motorisations essence centr\u00e9e sur le bloc 1.0 TSI, disponible en plusieurs niveaux de puissance. La version de base d\u00e9veloppe 95 ch avec une bo\u00eete manuelle \u00e0 5 rapports, tandis que la variante 115 ch offre un meilleur agr\u00e9ment. Ces moteurs essence se distinguent par leur sobri\u00e9t\u00e9 remarquable, avec une consommation moyenne oscillant entre 5,5 et 6,5 l\/100 km en usage mixte. Le 1.0 TSI est particuli\u00e8rement appr\u00e9ci\u00e9 pour son caract\u00e8re vif et sa r\u00e9activit\u00e9 en milieu urbain, tout en limitant les \u00e9missions de CO2 \u00e0 environ 125-135 g\/km.<\/p>\n<h3>Motorisations diesel : endurance sur longues distances<\/h3>\n<p>Bien que les motorisations diesel ne soient plus disponibles sur les mod\u00e8les neufs en 2025, les versions d&rsquo;occasion \u00e9quip\u00e9es du 1.6 TDI restent recherch\u00e9es pour leur endurance sur longues distances. Ces moteurs diesel affichaient une consommation particuli\u00e8rement \u00e9conomique d&rsquo;environ 5,2 l\/100 km, parfaite pour les gros rouleurs. Le couple g\u00e9n\u00e9reux (250 Nm) permettait des reprises efficaces et une conduite d\u00e9tendue sur autoroute. Les \u00e9missions de CO2 avoisinaient les 120 g\/km, un atout pour les professionnels attentifs \u00e0 leur empreinte carbone.<\/p>\n<h3>Versions hybrides et alternatives (GNV)<\/h3>\n<p>Pour les conducteurs soucieux de leur impact environnemental, le SEAT Arona propose des alternatives int\u00e9ressantes. Si les versions hybrides l\u00e9g\u00e8res (mild-hybrid) sont d\u00e9sormais int\u00e9gr\u00e9es \u00e0 certaines motorisations essence pour en am\u00e9liorer l&rsquo;efficience, l&rsquo;Arona a \u00e9galement \u00e9t\u00e9 propos\u00e9 en version GNV (Gaz Naturel V\u00e9hicule). Cette variante bivalente pouvait fonctionner aussi bien \u00e0 l&rsquo;essence qu&rsquo;au gaz naturel, offrant une autonomie \u00e9tendue et des \u00e9missions de CO2 r\u00e9duites. Le bonus \u00e9cologique s&rsquo;applique sur les versions hybrides, rendant ces motorisations plus accessibles financi\u00e8rement tout en diminuant l&rsquo;impact environnemental.<\/p>\n<h3>Bo\u00eete DSG automatique : confort en ville<\/h3>\n<p>Pour une conduite sans stress en milieu urbain, la <a href=\"https:\/\/www.bymycar.fr\/v\/seat-arona-automatique\">SEAT Arona automatique<\/a> \u00e9quip\u00e9e de la bo\u00eete DSG \u00e0 7 rapports repr\u00e9sente le choix id\u00e9al. Cette transmission \u00e0 double embrayage assure des passages de rapports rapides et fluides, sans interruption de la puissance motrice. En fonction du style de conduite, elle permet m\u00eame de r\u00e9aliser jusqu&rsquo;\u00e0 10% d&rsquo;\u00e9conomies de carburant par rapport \u00e0 une bo\u00eete manuelle. Particuli\u00e8rement recommand\u00e9e pour la conduite en ville avec ses embouteillages fr\u00e9quents, la DSG combine confort et r\u00e9activit\u00e9 pour une exp\u00e9rience de conduite optimale.<\/p>\n<table>\n<thead>\n<tr>\n<th>Motorisation<\/th>\n<th>Consommation moyenne<\/th>\n<th>\u00c9missions CO2<\/th>\n<th>Co\u00fbt d&rsquo;entretien<\/th>\n<\/tr>\n<\/thead>\n<tbody>\n<tr>\n<td>1.0 TSI 95 ch<\/td>\n<td>5,5-6,0 l\/100 km<\/td>\n<td>125-130 g\/km<\/td>\n<td>158 \u20ac*<\/td>\n<\/tr>\n<tr>\n<td>1.0 TSI 115 ch<\/td>\n<td>6,0-6,5 l\/100 km<\/td>\n<td>130-135 g\/km<\/td>\n<td>165 \u20ac*<\/td>\n<\/tr>\n<tr>\n<td>1.6 TDI (occasion)<\/td>\n<td>5,0-5,5 l\/100 km<\/td>\n<td>115-120 g\/km<\/td>\n<td>190 \u20ac*<\/td>\n<\/tr>\n<tr>\n<td>1.0 TGI (GNV)<\/td>\n<td>3,5-4,0 kg\/100 km<\/td>\n<td>95-100 g\/km<\/td>\n<td>175 \u20ac*<\/td>\n<\/tr>\n<\/tbody>\n<\/table>\n<h2>Prix SEAT Arona d&rsquo;occasion : budget 2025 et n\u00e9gociation<\/h2>\n<p>Sur le march\u00e9 de l&rsquo;occasion, la SEAT Arona s&rsquo;impose comme un choix judicieux pour les acheteurs \u00e0 la recherche d&rsquo;un SUV compact au rapport qualit\u00e9-prix avantageux. En 2025, ses tarifs varient consid\u00e9rablement selon plusieurs facteurs cl\u00e9s qui influencent directement sa valeur.<\/p>\n<h3>\u00c9volution des tarifs selon l&rsquo;ann\u00e9e-mod\u00e8le et le kilom\u00e9trage<\/h3>\n<p>Les prix de la SEAT Arona d&rsquo;occasion suivent une courbe logique en fonction de l&rsquo;\u00e2ge et du kilom\u00e9trage. Voici les fourchettes de prix constat\u00e9es sur le march\u00e9 actuel :<\/p>\n<ul>\n<li>Mod\u00e8les 2017-2018 : 10.000 \u20ac* \u00e0 15.000 \u20ac* (kilom\u00e9trage &gt; 80.000 km)<\/li>\n<li>Mod\u00e8les 2019-2020 : 15.000 \u20ac* \u00e0 20.000 \u20ac* (kilom\u00e9trage entre 40.000 et 80.000 km)<\/li>\n<li>Mod\u00e8les 2021-2022 : 18.000 \u20ac* \u00e0 23.000 \u20ac* (kilom\u00e9trage entre 20.000 et 50.000 km)<\/li>\n<li>Mod\u00e8les 2023-2024 : 20.000 \u20ac* \u00e0 28.000 \u20ac* (kilom\u00e9trage &lt; 30.000 km)<\/li>\n<li>Mod\u00e8les 2025 r\u00e9cents : 25.000 \u20ac* \u00e0 37.000 \u20ac* (kilom\u00e9trage &lt; 15.000 km)<\/li>\n<\/ul>\n<p>Le restylage 2025 a eu un impact significatif sur la d\u00e9cote des mod\u00e8les pr\u00e9c\u00e9dents, cr\u00e9ant une opportunit\u00e9 int\u00e9ressante pour les acheteurs. Les versions pr\u00e9-restylage affichent d\u00e9sormais une d\u00e9cote acc\u00e9l\u00e9r\u00e9e, tandis que les mod\u00e8les restyl\u00e9s conservent mieux leur valeur sur le march\u00e9.<\/p>\n<h3>Conseils pour un bon rapport qualit\u00e9-prix<\/h3>\n<p>Pour optimiser votre achat d&rsquo;Arona d&rsquo;occasion, quelques \u00e9l\u00e9ments m\u00e9ritent attention. Privil\u00e9giez les mod\u00e8les avec carnet d&rsquo;entretien \u00e0 jour et historique transparent. Les finitions interm\u00e9diaires comme Expression offrent g\u00e9n\u00e9ralement le meilleur compromis \u00e9quipement\/prix.<\/p>\n<p>Les formules de LOA d&rsquo;occasions garanties se d\u00e9veloppent fortement sur ce mod\u00e8le, permettant d&rsquo;acc\u00e9der \u00e0 des v\u00e9hicules r\u00e9cents avec une garantie constructeur \u00e9tendue (g\u00e9n\u00e9ralement 12 mois) et des mensualit\u00e9s ma\u00eetris\u00e9es. Cette option s\u00e9curise votre achat tout en pr\u00e9servant votre tr\u00e9sorerie.<\/p>\n<p>La motorisation 1.0 TSI de 95 ou 115 ch repr\u00e9sente l&rsquo;\u00e9quilibre id\u00e9al entre performances et consommation contenue. Attention aux premiers mod\u00e8les diesel qui peuvent pr\u00e9senter une usure pr\u00e9matur\u00e9e de l&#8217;embrayage au-del\u00e0 de 100.000 km.<\/p>\n<p>Pour n\u00e9gocier efficacement, comparez les annonces similaires en tenant compte du kilom\u00e9trage r\u00e9el et de l&rsquo;\u00e9quipement. Une diff\u00e9rence de 20.000 km peut justifier une remise de 1.000 \u00e0 1.500 \u20ac* dans votre n\u00e9gociation, surtout sur le march\u00e9 de l&rsquo;occasion entre particuliers.<\/p>\n<h2>Fiabilit\u00e9, consommation et co\u00fbts d&rsquo;entretien<\/h2>\n<h3>Indicateurs de fiabilit\u00e9 m\u00e9canique<\/h3>\n<p>SEAT, filiale du groupe Volkswagen, b\u00e9n\u00e9ficie d&rsquo;une solide r\u00e9putation en mati\u00e8re de fiabilit\u00e9 m\u00e9canique. Selon les \u00e9tudes les plus r\u00e9centes de 2025, les v\u00e9hicules SEAT se classent parmi les plus fiables de leur cat\u00e9gorie. Cette performance s&rsquo;explique notamment par une conception rigoureuse et des technologies \u00e9prouv\u00e9es. Les motorisations modernes, particuli\u00e8rement le 2.0 TDI, repr\u00e9sentent un excellent compromis entre performance et long\u00e9vit\u00e9, avec des am\u00e9liorations continues apport\u00e9es par le groupe VW pour corriger les d\u00e9fauts des g\u00e9n\u00e9rations pr\u00e9c\u00e9dentes.<\/p>\n<p>Les propri\u00e9taires t\u00e9moignent r\u00e9guli\u00e8rement de la robustesse des m\u00e9caniques SEAT, avec des v\u00e9hicules atteignant des kilom\u00e9trages \u00e9lev\u00e9s sans intervention majeure. La marque s&rsquo;est \u00e9galement distingu\u00e9e par l&rsquo;int\u00e9gration de syst\u00e8mes de s\u00e9curit\u00e9 avanc\u00e9s comme le freinage d&rsquo;urgence automatique et le d\u00e9tecteur de fatigue, contribuant \u00e0 une exp\u00e9rience de conduite plus sereine et s\u00e9curis\u00e9e.<\/p>\n<h3>Co\u00fbt d&rsquo;entretien et pi\u00e8ces d\u00e9tach\u00e9es<\/h3>\n<p>L&rsquo;entretien d&rsquo;un v\u00e9hicule SEAT pr\u00e9sente un rapport qualit\u00e9-prix particuli\u00e8rement avantageux. La politique de maintenance de la marque privil\u00e9gie la transparence avec des forfaits d&rsquo;entretien clairement d\u00e9finis, permettant aux propri\u00e9taires de planifier leurs d\u00e9penses. Un entretien r\u00e9gulier chez SEAT repr\u00e9sente \u00e9galement un atout lors de la revente, augmentant la valeur r\u00e9siduelle du v\u00e9hicule.<\/p>\n<p>Pour optimiser le co\u00fbt d&rsquo;entretien, SEAT propose r\u00e9guli\u00e8rement des offres sp\u00e9ciales sur les r\u00e9visions et les pi\u00e8ces d\u00e9tach\u00e9es. La disponibilit\u00e9 des composants est assur\u00e9e par le vaste r\u00e9seau du groupe Volkswagen, garantissant un approvisionnement rapide et fiable. Les propri\u00e9taires peuvent \u00e9galement opter pour un contrat d&rsquo;entretien mensualis\u00e9, solution id\u00e9ale pour ma\u00eetriser son budget tout en b\u00e9n\u00e9ficiant d&rsquo;un suivi optimal.<\/p>\n<p>Les v\u00e9hicules SEAT sont \u00e9quip\u00e9s de nombreux syst\u00e8mes d&rsquo;aide \u00e0 la conduite qui renforcent la s\u00e9curit\u00e9 au quotidien :<\/p>\n<ul>\n<li>R\u00e9gulateur de vitesse adaptatif<\/li>\n<li>Syst\u00e8me de freinage d&rsquo;urgence<\/li>\n<li>D\u00e9tecteur de fatigue<\/li>\n<li>Assistant de maintien dans la voie<\/li>\n<li>Reconnaissance des panneaux de signalisation<\/li>\n<\/ul>\n<h2>O\u00f9 et comment d\u00e9nicher la meilleure SEAT Arona ?<\/h2>\n<p>La SEAT Arona 2025 est le SUV crossover id\u00e9al pour naviguer aussi bien dans la jungle urbaine que sur les routes de campagne. Pour trouver le mod\u00e8le qui correspond parfaitement \u00e0 vos besoins, plusieurs options s&rsquo;offrent \u00e0 vous.<\/p>\n<h3>Utiliser le configurateur SEAT pour cibler vos besoins<\/h3>\n<p>Le configurateur SEAT est l&rsquo;outil indispensable pour personnaliser votre Arona selon vos exigences sp\u00e9cifiques. Il vous permet d&rsquo;adapter votre futur v\u00e9hicule en fonction des types de terrains que vous fr\u00e9quentez r\u00e9guli\u00e8rement. Que vous soyez un adepte des trajets courts en ville ou des longues distances sur autoroute, vous pourrez configurer votre Arona pour optimiser votre exp\u00e9rience de conduite.<\/p>\n<p>Voici une checklist pratique avant de configurer votre SEAT Arona :<\/p>\n<ul>\n<li>Identifiez vos trajets quotidiens (urbain, p\u00e9riurbain, rural)<\/li>\n<li>D\u00e9terminez votre kilom\u00e9trage annuel moyen<\/li>\n<li>Listez vos besoins en termes d&rsquo;\u00e9quipements technologiques<\/li>\n<li>D\u00e9finissez votre budget (achat ou location longue dur\u00e9e)<\/li>\n<li>Choisissez les options de personnalisation (couleur, jantes, finitions)<\/li>\n<\/ul>\n<h3>Annonces, concessions BYmyCAR et garanties<\/h3>\n<p>Pour concr\u00e9tiser votre projet d&rsquo;achat, les concessions BYmyCAR mettent \u00e0 votre disposition une expertise professionnelle et un accompagnement personnalis\u00e9. Chez BYmyCAR, vous b\u00e9n\u00e9ficiez de conseils avis\u00e9s pour s\u00e9lectionner la version de l&rsquo;Arona la plus adapt\u00e9e \u00e0 votre style de vie, qu&rsquo;il s&rsquo;agisse de la version FR sportive ou de l&rsquo;\u00c9dition plus polyvalente.<\/p>\n<p>L&rsquo;avantage de passer par BYmyCAR r\u00e9side \u00e9galement dans les garanties propos\u00e9es et les offres de financement attractives. Avec des formules de location longue dur\u00e9e \u00e0 partir de 219 \u20ac* par mois, vous pouvez acc\u00e9der \u00e0 votre SEAT Arona neuve dans des conditions optimales, tout en b\u00e9n\u00e9ficiant d&rsquo;un service apr\u00e8s-vente de qualit\u00e9.<\/p>\n<h2>Checklist d&rsquo;inspection avant achat<\/h2>\n<h3>Ext\u00e9rieur et carrosserie<\/h3>\n<p>Avant de finaliser l&rsquo;achat de votre SEAT Arona, prenez le temps d&rsquo;examiner attentivement l&rsquo;ext\u00e9rieur du v\u00e9hicule. Une inspection minutieuse vous \u00e9vitera des surprises d\u00e9sagr\u00e9ables.<\/p>\n<table>\n<thead>\n<tr>\n<th>\u00c9l\u00e9ment \u00e0 v\u00e9rifier<\/th>\n<th>Pourquoi c&rsquo;est important<\/th>\n<\/tr>\n<\/thead>\n<tbody>\n<tr>\n<td>Alignement des panneaux de carrosserie<\/td>\n<td>Des \u00e9carts irr\u00e9guliers peuvent indiquer des r\u00e9parations suite \u00e0 un accident<\/td>\n<\/tr>\n<tr>\n<td>\u00c9tat des pneus et profondeur des sculptures<\/td>\n<td>Garantit une bonne adh\u00e9rence et \u00e9vite un remplacement co\u00fbteux \u00e0 court terme<\/td>\n<\/tr>\n<tr>\n<td>Feux et clignotants<\/td>\n<td>Leur bon fonctionnement est essentiel pour la s\u00e9curit\u00e9 et \u00e9vite les amendes<\/td>\n<\/tr>\n<tr>\n<td>Pare-brise et vitres<\/td>\n<td>Des fissures ou \u00e9clats peuvent s&rsquo;aggraver et n\u00e9cessiter un remplacement on\u00e9reux<\/td>\n<\/tr>\n<tr>\n<td>Barres de toit<\/td>\n<td>Un point fort de l&rsquo;Arona, v\u00e9rifiez leur solidit\u00e9 et fixation<\/td>\n<\/tr>\n<\/tbody>\n<\/table>\n<h3>Habitacle et \u00e9quipements high-tech<\/h3>\n<p>L&rsquo;int\u00e9rieur de l&rsquo;Arona m\u00e9rite une attention particuli\u00e8re, notamment ses \u00e9quipements technologiques qui contribuent au confort quotidien.<\/p>\n<table>\n<thead>\n<tr>\n<th>\u00c9l\u00e9ment \u00e0 v\u00e9rifier<\/th>\n<th>Pourquoi c&rsquo;est important<\/th>\n<\/tr>\n<\/thead>\n<tbody>\n<tr>\n<td>\u00c9cran tactile<\/td>\n<td>Centre n\u00e9vralgique du syst\u00e8me multim\u00e9dia, v\u00e9rifiez sa r\u00e9activit\u00e9 et ses fonctionnalit\u00e9s<\/td>\n<\/tr>\n<tr>\n<td>Cam\u00e9ra de recul<\/td>\n<td>Option int\u00e9ressante qui facilite les man\u0153uvres et prot\u00e8ge contre les accrochages<\/td>\n<\/tr>\n<tr>\n<td>Capteurs de stationnement<\/td>\n<td>Compl\u00e8tent la cam\u00e9ra pour une s\u00e9curit\u00e9 optimale lors des cr\u00e9neaux<\/td>\n<\/tr>\n<tr>\n<td>Connectivit\u00e9 smartphone<\/td>\n<td>La r\u00e9plication sans fil est un point fort des versions r\u00e9centes<\/td>\n<\/tr>\n<tr>\n<td>Commandes au volant<\/td>\n<td>Leur ergonomie contribue \u00e0 la s\u00e9curit\u00e9 en limitant les distractions<\/td>\n<\/tr>\n<\/tbody>\n<\/table>\n<h3>Essai routier : confort et \u00e9conomie de carburant<\/h3>\n<p>Ne n\u00e9gligez jamais l&rsquo;essai sur route qui r\u00e9v\u00e8le le v\u00e9ritable comportement du v\u00e9hicule dans des conditions r\u00e9elles.<\/p>\n<table>\n<thead>\n<tr>\n<th>\u00c9l\u00e9ment \u00e0 v\u00e9rifier<\/th>\n<th>Pourquoi c&rsquo;est important<\/th>\n<\/tr>\n<\/thead>\n<tbody>\n<tr>\n<td>Suspension et amortissement<\/td>\n<td>L&rsquo;Arona offre un confort remarquable, v\u00e9rifiez l&rsquo;absence de bruits suspects<\/td>\n<\/tr>\n<tr>\n<td>Passage des vitesses<\/td>\n<td>La fluidit\u00e9 de la bo\u00eete indique l&rsquo;\u00e9tat g\u00e9n\u00e9ral de la transmission<\/td>\n<\/tr>\n<tr>\n<td>Freinage<\/td>\n<td>Testez un freinage d&rsquo;urgence pour \u00e9valuer l&rsquo;efficacit\u00e9 et la stabilit\u00e9<\/td>\n<\/tr>\n<tr>\n<td>Consommation instantan\u00e9e<\/td>\n<td>Surveillez l&rsquo;ordinateur de bord pour estimer l&rsquo;\u00e9conomie r\u00e9elle de carburant<\/td>\n<\/tr>\n<tr>\n<td>Bruits d&rsquo;air \u00e0 vitesse \u00e9lev\u00e9e<\/td>\n<td>L&rsquo;insonorisation peut varier selon les mill\u00e9simes, un point \u00e0 v\u00e9rifier sur autoroute<\/td>\n<\/tr>\n<\/tbody>\n<\/table>\n<h2>FAQ : tout savoir sur la SEAT Arona d&rsquo;occasion<\/h2>\n<h3>Seat Arona (2025) : consommation, co\u00fbts et fiabilit\u00e9 ?<\/h3>\n<p>La SEAT Arona affiche une consommation moyenne en dessous de 7 litres aux 100 km en conduite mixte, pouvant descendre \u00e0 6 litres sur d\u00e9partementales. C\u00f4t\u00e9 fiabilit\u00e9, les propri\u00e9taires t\u00e9moignent d&rsquo;une bonne robustesse g\u00e9n\u00e9rale avec peu de probl\u00e8mes m\u00e9caniques signal\u00e9s, m\u00eame apr\u00e8s 50.000 km d&rsquo;utilisation. L&rsquo;\u00e9conomie de carburant reste un atout majeur du mod\u00e8le.<\/p>\n<h3>Quel moteur choisir pour une Seat Arona d&rsquo;occasion ?<\/h3>\n<p>Le 1.0 TSI en version 115 ch offre le meilleur compromis performances\/consommation avec une bo\u00eete manuelle 6 vitesses ou DSG7. Pour une conduite urbaine, le 95 ch reste suffisant. Les anciens blocs diesel 1.6 TDI (95 ch) sont plus rares mais int\u00e9ressants pour les gros rouleurs cherchant une motorisation \u00e9conomique sur longue distance.<\/p>\n<h3>La SEAT Arona est-elle disponible en version hybride ?<\/h3>\n<p>Actuellement, la SEAT Arona n&rsquo;est pas propos\u00e9e en version full hybride. Cependant, les derni\u00e8res \u00e9volutions du mod\u00e8le 2025 pr\u00e9voient l&rsquo;introduction d&rsquo;une hybridation l\u00e9g\u00e8re 48V sur les motorisations 110 et 150 ch, similaire \u00e0 d&rsquo;autres mod\u00e8les du groupe Volkswagen. Cette technologie micro-hybride permet d&rsquo;optimiser la consommation sans transformer fondamentalement l&rsquo;architecture du v\u00e9hicule.<\/p>\n<h3>Quelle est la capacit\u00e9 exacte du coffre ?<\/h3>\n<p>La capacit\u00e9 du coffre de la SEAT Arona varie selon les sources : officiellement 400 litres en configuration standard, mais certains mod\u00e8les peuvent offrir jusqu&rsquo;\u00e0 485 litres selon les am\u00e9nagements int\u00e9rieurs. Le plancher modulable disponible sur les finitions sup\u00e9rieures permet d&rsquo;optimiser l&rsquo;espace de chargement et d&rsquo;obtenir un plancher parfaitement plat lorsque les si\u00e8ges arri\u00e8re sont rabattus.<\/p>\n<h3>Existe-t-il un configurateur SEAT pour l&rsquo;Arona d&rsquo;occasion ?<\/h3>\n<p>SEAT ne propose pas de configurateur sp\u00e9cifique pour les v\u00e9hicules d&rsquo;occasion. Cependant, vous pouvez utiliser le configurateur des mod\u00e8les neufs sur le site officiel pour visualiser les diff\u00e9rentes finitions et options disponibles. Pour trouver une Arona d&rsquo;occasion correspondant \u00e0 vos crit\u00e8res, les plateformes sp\u00e9cialis\u00e9es et les r\u00e9seaux de concessionnaires comme BYmyCAR offrent des outils de recherche avanc\u00e9e.<\/p>\n<p><em>*Les prix mentionn\u00e9s sont donn\u00e9s \u00e0 titre indicatif et ont \u00e9t\u00e9 constat\u00e9s au moment de la r\u00e9daction. Ils sont susceptibles d&rsquo;\u00e9voluer. Pour obtenir une information exacte et \u00e0 jour, nous vous recommandons de contacter directement votre concession BYmyCAR.<\/em><\/p>\n"}}]},"add-carousel-to-footer":true},"yoast_head":"<!-- This site is optimized with the Yoast SEO Premium plugin v26.4 (Yoast SEO v26.4) - https:\/\/yoast.com\/wordpress\/plugins\/seo\/ -->\n<title>Comment bien choisir sa SEAT Arona d&#039;occasion en 2025 ?<\/title>\n<meta name=\"robots\" content=\"index, follow, max-snippet:-1, max-image-preview:large, max-video-preview:-1\" \/>\n<link rel=\"canonical\" href=\"https:\/\/www.bymycar.fr\/webzine\/comment-bien-choisir-sa-seat-arona-doccasion-en-2025\/\" \/>\n<meta property=\"og:locale\" content=\"fr_FR\" \/>\n<meta property=\"og:type\" content=\"article\" \/>\n<meta property=\"og:title\" content=\"Comment bien choisir sa SEAT Arona d&#039;occasion en 2025 ?\" \/>\n<meta property=\"og:url\" content=\"https:\/\/www.bymycar.fr\/webzine\/comment-bien-choisir-sa-seat-arona-doccasion-en-2025\/\" \/>\n<meta property=\"og:site_name\" content=\"Webzine auto BYmyCAR\" \/>\n<meta property=\"article:published_time\" content=\"2025-10-13T14:06:59+00:00\" \/>\n<meta name=\"author\" content=\"Tom Fernandes\" \/>\n<meta name=\"twitter:card\" content=\"summary_large_image\" \/>\n<meta name=\"twitter:label1\" content=\"\u00c9crit par\" \/>\n\t<meta name=\"twitter:data1\" content=\"Tom Fernandes\" \/>\n<script type=\"application\/ld+json\" class=\"yoast-schema-graph\">{\"@context\":\"https:\/\/schema.org\",\"@graph\":[{\"@type\":\"Article\",\"@id\":\"https:\/\/www.bymycar.fr\/webzine\/comment-bien-choisir-sa-seat-arona-doccasion-en-2025\/#article\",\"isPartOf\":{\"@id\":\"https:\/\/www.bymycar.fr\/webzine\/comment-bien-choisir-sa-seat-arona-doccasion-en-2025\/\"},\"author\":{\"name\":\"Tom Fernandes\",\"@id\":\"https:\/\/www.bymycar.fr\/webzine\/#\/schema\/person\/5512d79b8d2dfe306dc0b5794eba0c76\"},\"headline\":\"Comment bien choisir sa SEAT Arona d&rsquo;occasion en 2025 ?\",\"datePublished\":\"2025-10-13T14:06:59+00:00\",\"mainEntityOfPage\":{\"@id\":\"https:\/\/www.bymycar.fr\/webzine\/comment-bien-choisir-sa-seat-arona-doccasion-en-2025\/\"},\"wordCount\":9,\"publisher\":{\"@id\":\"https:\/\/www.bymycar.fr\/webzine\/#organization\"},\"articleSection\":[\"Guide d'achat Seat\"],\"inLanguage\":\"fr-FR\"},{\"@type\":\"WebPage\",\"@id\":\"https:\/\/www.bymycar.fr\/webzine\/comment-bien-choisir-sa-seat-arona-doccasion-en-2025\/\",\"url\":\"https:\/\/www.bymycar.fr\/webzine\/comment-bien-choisir-sa-seat-arona-doccasion-en-2025\/\",\"name\":\"Comment bien choisir sa SEAT Arona d'occasion en 2025 ?\",\"isPartOf\":{\"@id\":\"https:\/\/www.bymycar.fr\/webzine\/#website\"},\"datePublished\":\"2025-10-13T14:06:59+00:00\",\"breadcrumb\":{\"@id\":\"https:\/\/www.bymycar.fr\/webzine\/comment-bien-choisir-sa-seat-arona-doccasion-en-2025\/#breadcrumb\"},\"inLanguage\":\"fr-FR\",\"potentialAction\":[{\"@type\":\"ReadAction\",\"target\":[\"https:\/\/www.bymycar.fr\/webzine\/comment-bien-choisir-sa-seat-arona-doccasion-en-2025\/\"]}]},{\"@type\":\"BreadcrumbList\",\"@id\":\"https:\/\/www.bymycar.fr\/webzine\/comment-bien-choisir-sa-seat-arona-doccasion-en-2025\/#breadcrumb\",\"itemListElement\":[{\"@type\":\"ListItem\",\"position\":1,\"name\":\"Accueil\",\"item\":\"https:\/\/www.bymycar.fr\/webzine\/\"},{\"@type\":\"ListItem\",\"position\":2,\"name\":\"Comment bien choisir sa SEAT Arona d&rsquo;occasion en 2025 ?\"}]},{\"@type\":\"WebSite\",\"@id\":\"https:\/\/www.bymycar.fr\/webzine\/#website\",\"url\":\"https:\/\/www.bymycar.fr\/webzine\/\",\"name\":\"Webzine auto BYmyCAR\",\"description\":\"La magazine auto de BYmyCAR\",\"publisher\":{\"@id\":\"https:\/\/www.bymycar.fr\/webzine\/#organization\"},\"potentialAction\":[{\"@type\":\"SearchAction\",\"target\":{\"@type\":\"EntryPoint\",\"urlTemplate\":\"https:\/\/www.bymycar.fr\/webzine\/?s={search_term_string}\"},\"query-input\":{\"@type\":\"PropertyValueSpecification\",\"valueRequired\":true,\"valueName\":\"search_term_string\"}}],\"inLanguage\":\"fr-FR\"},{\"@type\":\"Organization\",\"@id\":\"https:\/\/www.bymycar.fr\/webzine\/#organization\",\"name\":\"BYmyCAR\",\"url\":\"https:\/\/www.bymycar.fr\/webzine\/\",\"logo\":{\"@type\":\"ImageObject\",\"inLanguage\":\"fr-FR\",\"@id\":\"https:\/\/www.bymycar.fr\/webzine\/#\/schema\/logo\/image\/\",\"url\":\"https:\/\/cdn.bymycar.eu\/fr-webzine\/wp-content\/uploads\/medias\/2017\/08\/logo_DEALER_00000406_001.png\",\"contentUrl\":\"https:\/\/cdn.bymycar.eu\/fr-webzine\/wp-content\/uploads\/medias\/2017\/08\/logo_DEALER_00000406_001.png\",\"width\":2132,\"height\":720,\"caption\":\"BYmyCAR\"},\"image\":{\"@id\":\"https:\/\/www.bymycar.fr\/webzine\/#\/schema\/logo\/image\/\"}},{\"@type\":\"Person\",\"@id\":\"https:\/\/www.bymycar.fr\/webzine\/#\/schema\/person\/5512d79b8d2dfe306dc0b5794eba0c76\",\"name\":\"Tom Fernandes\",\"image\":{\"@type\":\"ImageObject\",\"inLanguage\":\"fr-FR\",\"@id\":\"https:\/\/www.bymycar.fr\/webzine\/#\/schema\/person\/image\/\",\"url\":\"https:\/\/secure.gravatar.com\/avatar\/81b17c0cc5a6f1f7f394984269a7cbad9c7cca9604839da024242cf665051fbf?s=96&d=mm&r=g\",\"contentUrl\":\"https:\/\/secure.gravatar.com\/avatar\/81b17c0cc5a6f1f7f394984269a7cbad9c7cca9604839da024242cf665051fbf?s=96&d=mm&r=g\",\"caption\":\"Tom Fernandes\"}}]}<\/script>\n<!-- \/ Yoast SEO Premium plugin. -->","yoast_head_json":{"title":"Comment bien choisir sa SEAT Arona d'occasion en 2025 ?","robots":{"index":"index","follow":"follow","max-snippet":"max-snippet:-1","max-image-preview":"max-image-preview:large","max-video-preview":"max-video-preview:-1"},"canonical":"https:\/\/www.bymycar.fr\/webzine\/comment-bien-choisir-sa-seat-arona-doccasion-en-2025\/","og_locale":"fr_FR","og_type":"article","og_title":"Comment bien choisir sa SEAT Arona d'occasion en 2025 ?","og_url":"https:\/\/www.bymycar.fr\/webzine\/comment-bien-choisir-sa-seat-arona-doccasion-en-2025\/","og_site_name":"Webzine auto BYmyCAR","article_published_time":"2025-10-13T14:06:59+00:00","author":"Tom Fernandes","twitter_card":"summary_large_image","twitter_misc":{"\u00c9crit par":"Tom Fernandes"},"schema":{"@context":"https:\/\/schema.org","@graph":[{"@type":"Article","@id":"https:\/\/www.bymycar.fr\/webzine\/comment-bien-choisir-sa-seat-arona-doccasion-en-2025\/#article","isPartOf":{"@id":"https:\/\/www.bymycar.fr\/webzine\/comment-bien-choisir-sa-seat-arona-doccasion-en-2025\/"},"author":{"name":"Tom Fernandes","@id":"https:\/\/www.bymycar.fr\/webzine\/#\/schema\/person\/5512d79b8d2dfe306dc0b5794eba0c76"},"headline":"Comment bien choisir sa SEAT Arona d&rsquo;occasion en 2025 ?","datePublished":"2025-10-13T14:06:59+00:00","mainEntityOfPage":{"@id":"https:\/\/www.bymycar.fr\/webzine\/comment-bien-choisir-sa-seat-arona-doccasion-en-2025\/"},"wordCount":9,"publisher":{"@id":"https:\/\/www.bymycar.fr\/webzine\/#organization"},"articleSection":["Guide d'achat Seat"],"inLanguage":"fr-FR"},{"@type":"WebPage","@id":"https:\/\/www.bymycar.fr\/webzine\/comment-bien-choisir-sa-seat-arona-doccasion-en-2025\/","url":"https:\/\/www.bymycar.fr\/webzine\/comment-bien-choisir-sa-seat-arona-doccasion-en-2025\/","name":"Comment bien choisir sa SEAT Arona d'occasion en 2025 ?","isPartOf":{"@id":"https:\/\/www.bymycar.fr\/webzine\/#website"},"datePublished":"2025-10-13T14:06:59+00:00","breadcrumb":{"@id":"https:\/\/www.bymycar.fr\/webzine\/comment-bien-choisir-sa-seat-arona-doccasion-en-2025\/#breadcrumb"},"inLanguage":"fr-FR","potentialAction":[{"@type":"ReadAction","target":["https:\/\/www.bymycar.fr\/webzine\/comment-bien-choisir-sa-seat-arona-doccasion-en-2025\/"]}]},{"@type":"BreadcrumbList","@id":"https:\/\/www.bymycar.fr\/webzine\/comment-bien-choisir-sa-seat-arona-doccasion-en-2025\/#breadcrumb","itemListElement":[{"@type":"ListItem","position":1,"name":"Accueil","item":"https:\/\/www.bymycar.fr\/webzine\/"},{"@type":"ListItem","position":2,"name":"Comment bien choisir sa SEAT Arona d&rsquo;occasion en 2025 ?"}]},{"@type":"WebSite","@id":"https:\/\/www.bymycar.fr\/webzine\/#website","url":"https:\/\/www.bymycar.fr\/webzine\/","name":"Webzine auto BYmyCAR","description":"La magazine auto de BYmyCAR","publisher":{"@id":"https:\/\/www.bymycar.fr\/webzine\/#organization"},"potentialAction":[{"@type":"SearchAction","target":{"@type":"EntryPoint","urlTemplate":"https:\/\/www.bymycar.fr\/webzine\/?s={search_term_string}"},"query-input":{"@type":"PropertyValueSpecification","valueRequired":true,"valueName":"search_term_string"}}],"inLanguage":"fr-FR"},{"@type":"Organization","@id":"https:\/\/www.bymycar.fr\/webzine\/#organization","name":"BYmyCAR","url":"https:\/\/www.bymycar.fr\/webzine\/","logo":{"@type":"ImageObject","inLanguage":"fr-FR","@id":"https:\/\/www.bymycar.fr\/webzine\/#\/schema\/logo\/image\/","url":"https:\/\/cdn.bymycar.eu\/fr-webzine\/wp-content\/uploads\/medias\/2017\/08\/logo_DEALER_00000406_001.png","contentUrl":"https:\/\/cdn.bymycar.eu\/fr-webzine\/wp-content\/uploads\/medias\/2017\/08\/logo_DEALER_00000406_001.png","width":2132,"height":720,"caption":"BYmyCAR"},"image":{"@id":"https:\/\/www.bymycar.fr\/webzine\/#\/schema\/logo\/image\/"}},{"@type":"Person","@id":"https:\/\/www.bymycar.fr\/webzine\/#\/schema\/person\/5512d79b8d2dfe306dc0b5794eba0c76","name":"Tom Fernandes","image":{"@type":"ImageObject","inLanguage":"fr-FR","@id":"https:\/\/www.bymycar.fr\/webzine\/#\/schema\/person\/image\/","url":"https:\/\/secure.gravatar.com\/avatar\/81b17c0cc5a6f1f7f394984269a7cbad9c7cca9604839da024242cf665051fbf?s=96&d=mm&r=g","contentUrl":"https:\/\/secure.gravatar.com\/avatar\/81b17c0cc5a6f1f7f394984269a7cbad9c7cca9604839da024242cf665051fbf?s=96&d=mm&r=g","caption":"Tom Fernandes"}}]}},"_links":{"self":[{"href":"https:\/\/www.bymycar.fr\/webzine\/wp-json\/wp\/v2\/posts\/61321","targetHints":{"allow":["GET"]}}],"collection":[{"href":"https:\/\/www.bymycar.fr\/webzine\/wp-json\/wp\/v2\/posts"}],"about":[{"href":"https:\/\/www.bymycar.fr\/webzine\/wp-json\/wp\/v2\/types\/post"}],"author":[{"embeddable":true,"href":"https:\/\/www.bymycar.fr\/webzine\/wp-json\/wp\/v2\/users\/87"}],"replies":[{"embeddable":true,"href":"https:\/\/www.bymycar.fr\/webzine\/wp-json\/wp\/v2\/comments?post=61321"}],"version-history":[{"count":2,"href":"https:\/\/www.bymycar.fr\/webzine\/wp-json\/wp\/v2\/posts\/61321\/revisions"}],"predecessor-version":[{"id":61324,"href":"https:\/\/www.bymycar.fr\/webzine\/wp-json\/wp\/v2\/posts\/61321\/revisions\/61324"}],"wp:attachment":[{"href":"https:\/\/www.bymycar.fr\/webzine\/wp-json\/wp\/v2\/media?parent=61321"}],"wp:term":[{"taxonomy":"category","embeddable":true,"href":"https:\/\/www.bymycar.fr\/webzine\/wp-json\/wp\/v2\/categories?post=61321"},{"taxonomy":"post_tag","embeddable":true,"href":"https:\/\/www.bymycar.fr\/webzine\/wp-json\/wp\/v2\/tags?post=61321"}],"curies":[{"name":"wp","href":"https:\/\/api.w.org\/{rel}","templated":true}]}}