{"id":61217,"date":"2025-10-10T15:10:04","date_gmt":"2025-10-10T13:10:04","guid":{"rendered":"https:\/\/www.bymycar.fr\/webzine\/?p=61217"},"modified":"2025-10-10T15:10:04","modified_gmt":"2025-10-10T13:10:04","slug":"quelle-renault-austral-choisir-notre-guide-2025","status":"publish","type":"post","link":"https:\/\/www.bymycar.fr\/webzine\/quelle-renault-austral-choisir-notre-guide-2025\/","title":{"rendered":"Quelle Renault Austral choisir ? Notre guide 2025"},"content":{"rendered":"","protected":false},"excerpt":{"rendered":"","protected":false},"author":87,"featured_media":0,"comment_status":"closed","ping_status":"closed","sticky":false,"template":"","format":"standard","meta":{"_acf_changed":false,"footnotes":""},"categories":[12895],"tags":[],"class_list":["post-61217","post","type-post","status-publish","format-standard","hentry","category-guide-dachat-renault"],"acf":{"image":{"ID":61218,"id":61218,"title":"Nouveau Renault Austral - Esprit Alpine - Gris Schiste Satin (1)","filename":"Nouveau-Renault-Austral-Esprit-Alpine-Gris-Schiste-Satin-1-1-scaled.jpg","filesize":478186,"url":"https:\/\/cdn.bymycar.eu\/fr-webzine\/wp-content\/uploads\/medias\/Nouveau-Renault-Austral-Esprit-Alpine-Gris-Schiste-Satin-1-1-scaled.jpg","link":"https:\/\/www.bymycar.fr\/webzine\/quelle-renault-austral-choisir-notre-guide-2025\/nouveau-renault-austral-esprit-alpine-gris-schiste-satin-1-2\/","alt":"Renault Austral","author":"87","description":"","caption":"","name":"nouveau-renault-austral-esprit-alpine-gris-schiste-satin-1-2","status":"inherit","uploaded_to":61217,"date":"2025-10-10 13:07:14","modified":"2025-10-10 13:07:39","menu_order":0,"mime_type":"image\/jpeg","type":"image","subtype":"jpeg","icon":"https:\/\/www.bymycar.fr\/webzine\/wp-includes\/images\/media\/default.png","width":2560,"height":1920,"sizes":{"thumbnail":"https:\/\/cdn.bymycar.eu\/fr-webzine\/wp-content\/uploads\/medias\/Nouveau-Renault-Austral-Esprit-Alpine-Gris-Schiste-Satin-1-1-150x150.jpg","thumbnail-width":150,"thumbnail-height":150,"medium":"https:\/\/cdn.bymycar.eu\/fr-webzine\/wp-content\/uploads\/medias\/Nouveau-Renault-Austral-Esprit-Alpine-Gris-Schiste-Satin-1-1-300x225.jpg","medium-width":300,"medium-height":225,"medium_large":"https:\/\/cdn.bymycar.eu\/fr-webzine\/wp-content\/uploads\/medias\/Nouveau-Renault-Austral-Esprit-Alpine-Gris-Schiste-Satin-1-1-768x576.jpg","medium_large-width":768,"medium_large-height":576,"large":"https:\/\/cdn.bymycar.eu\/fr-webzine\/wp-content\/uploads\/medias\/Nouveau-Renault-Austral-Esprit-Alpine-Gris-Schiste-Satin-1-1-1024x768.jpg","large-width":1024,"large-height":768,"1536x1536":"https:\/\/cdn.bymycar.eu\/fr-webzine\/wp-content\/uploads\/medias\/Nouveau-Renault-Austral-Esprit-Alpine-Gris-Schiste-Satin-1-1-1536x1152.jpg","1536x1536-width":1536,"1536x1536-height":1152,"2048x2048":"https:\/\/cdn.bymycar.eu\/fr-webzine\/wp-content\/uploads\/medias\/Nouveau-Renault-Austral-Esprit-Alpine-Gris-Schiste-Satin-1-1-2048x1536.jpg","2048x2048-width":2048,"2048x2048-height":1536}},"introduction":"<p><strong>Ce qu&rsquo;il faut retenir<\/strong><\/p>\n<ul>\n<li>En 2025, l&rsquo;Austral se concentre sur une unique motorisation E-Tech Full Hybrid 200 ch, offrant le meilleur compromis entre performances (0-100 km\/h en 8,4 s) et sobri\u00e9t\u00e9 (5,5 l\/100 km en moyenne).<\/li>\n<li>La finition Techno \u00e0 43 000 \u20ac* repr\u00e9sente le choix le plus \u00e9quilibr\u00e9 pour un usage familial, avec un \u00e9quipement complet incluant banquette coulissante et \u00e9cran multim\u00e9dia \u00e9volu\u00e9.<\/li>\n<li>Pour une exp\u00e9rience premium sans compromis, la finition Esprit Alpine (45 900 \u20ac*) se distingue par ses \u00e9quipements exclusifs comme les jantes 20 pouces, la sellerie Alcantara et le syst\u00e8me 4Control \u00e0 roues directrices.<\/li>\n<\/ul>\n<p>Sur le march\u00e9 tr\u00e8s disput\u00e9 des SUV compacts, le Renault Austral s&rsquo;est impos\u00e9 comme une r\u00e9f\u00e9rence incontournable. R\u00e9cemment restyl\u00e9 pour 2025, ce mod\u00e8le propose d\u00e9sormais trois finitions distinctes et se concentre sur sa motorisation hybride performante de 200 ch. Notre guide vous accompagne dans le choix de votre Renault Austral id\u00e9al, en fonction de votre budget, vos besoins et vos pr\u00e9f\u00e9rences d&rsquo;\u00e9quipement.<\/p>\n","add-to-bo":false,"page_content":{"block_content":[{"acf_fc_layout":"carousel-produits"},{"acf_fc_layout":"text-simple","--nav":{"-withNav":false,"-ancre":""},"--group":{"-text":"<h2>La gamme Renault Austral : compr\u00e9hension rapide<\/h2>\n<h3>Un SUV moderne et connect\u00e9<\/h3>\n<p>Le Renault Austral incarne parfaitement la vision d&rsquo;un SUV moderne avec ses lignes dynamiques et son design soign\u00e9. Restyl\u00e9 en 2025, il adopte les derniers codes stylistiques de la marque au losange et propose une technologie embarqu\u00e9e \u00e0 la pointe. Son \u00e9cran tactile central de 10,4 pouces permet une navigation intuitive et r\u00e9active, tandis que son tableau de bord num\u00e9rique offre toutes les informations essentielles au conducteur. Pour r\u00e9pondre aux exigences environnementales actuelles, l&rsquo;Austral est d\u00e9sormais exclusivement disponible en motorisation full hybrid E-Tech de 200 ch, garantissant performances et sobri\u00e9t\u00e9. Bonne nouvelle pour les acheteurs soucieux de leur empreinte \u00e9cologique : le bonus \u00e9cologique s&rsquo;applique sur cette version hybride.<\/p>\n<h3>Trois niveaux de finition principaux<\/h3>\n<p>La gamme Renault Austral 2025 a \u00e9t\u00e9 simplifi\u00e9e pour offrir un choix plus clair aux clients. Elle s&rsquo;articule autour de trois finitions principales, chacune avec un positionnement distinct :<\/p>\n<table>\n<thead>\n<tr>\n<th>Finition<\/th>\n<th>Prix de d\u00e9part<\/th>\n<th>Points cl\u00e9s<\/th>\n<\/tr>\n<\/thead>\n<tbody>\n<tr>\n<td>\u00c9volution<\/td>\n<td>41 800 \u20ac*<\/td>\n<td>Entr\u00e9e de gamme bien \u00e9quip\u00e9e, climatisation, radar de recul, \u00e9cran tactile<\/td>\n<\/tr>\n<tr>\n<td>Techno<\/td>\n<td>43 000 \u20ac*<\/td>\n<td>\u00c9quipements suppl\u00e9mentaires, cam\u00e9ra de recul, compteurs num\u00e9riques<\/td>\n<\/tr>\n<tr>\n<td>Esprit Alpine<\/td>\n<td>45 900 \u20ac*<\/td>\n<td>Style sportif, jantes 20 pouces, sellerie exclusive, \u00e9quipement complet<\/td>\n<\/tr>\n<\/tbody>\n<\/table>\n<p>Chaque niveau de finition offre un \u00e9quipement g\u00e9n\u00e9reux d\u00e8s l&rsquo;entr\u00e9e de gamme, avec la climatisation, les radars de stationnement et l&rsquo;interface multim\u00e9dia connect\u00e9e pr\u00e9sents sur toutes les versions.<\/p>\n<h3>Des options de personnalisation vari\u00e9es<\/h3>\n<p>Pour ceux qui souhaitent personnaliser leur Austral, Renault propose plusieurs options attrayantes. La teinte de carrosserie rouge flamme est propos\u00e9e de s\u00e9rie, mais d&rsquo;autres couleurs sont disponibles en option. Le toit panoramique Solarbay (1 500 \u20ac*) apporte une luminosit\u00e9 exceptionnelle \u00e0 l&rsquo;habitacle, avec sa fonction d&rsquo;opacification qui remplace le traditionnel v\u00e9lum. Les technologies d&rsquo;aide \u00e0 la conduite peuvent \u00eatre compl\u00e9t\u00e9es par des packs sp\u00e9cifiques, notamment le syst\u00e8me 4Control avec roues arri\u00e8re directrices qui am\u00e9liore consid\u00e9rablement la maniabilit\u00e9 du v\u00e9hicule. L&rsquo;Austral peut \u00e9galement recevoir un attelage \u00e9lectrique d\u00e9ployable automatiquement, parfait pour les utilisateurs ayant besoin de tracter r\u00e9guli\u00e8rement.<\/p>\n<h2>Motorisations : quelle motorisation choisir pour votre Austral ?<\/h2>\n<p>En 2025, la gamme Renault Austral a \u00e9t\u00e9 rationalis\u00e9e pour se concentrer exclusivement sur la motorisation E-Tech Full Hybrid 200 ch, combinant performances, \u00e9conomies et respect de l&rsquo;environnement. Les informations ci-dessous concernent cette motorisation et, pour r\u00e9f\u00e9rence, les versions ant\u00e9rieures qui peuvent encore \u00eatre disponibles en occasion r\u00e9cente.<\/p>\n<h3>E-Tech Full Hybrid 200 ch<\/h3>\n<p>La motorisation E-Tech Full Hybrid 200 ch constitue d\u00e9sormais l&rsquo;unique proposition de la gamme Austral 2025. Ce syst\u00e8me sophistiqu\u00e9 combine un moteur essence 1.6 atmosph\u00e9rique et deux moteurs \u00e9lectriques pour une puissance cumul\u00e9e de 200 ch. La technologie E-Tech permet de rouler jusqu&rsquo;\u00e0 80% du temps en mode \u00e9lectrique en ville, r\u00e9duisant consid\u00e9rablement la consommation urbaine.<\/p>\n<p>La transmission automatique multimode assure une conduite souple et r\u00e9active, sans \u00e0-coups, m\u00eame lors des changements de rapport. Cette motorisation offre le meilleur compromis entre performances (0-100 km\/h en 8,4 s) et \u00e9conomie de carburant avec une consommation mixte r\u00e9elle d&rsquo;environ 5,3 l\/100 km en usage urbain et 7,1 l\/100 km sur autoroute. Propos\u00e9e \u00e0 partir de 41 800 \u20ac* en finition \u00c9volution, cette version b\u00e9n\u00e9ficie du bonus \u00e9cologique applicable aux v\u00e9hicules hybrides.<\/p>\n<h3>Consommation et \u00e9conomie de carburant<\/h3>\n<p>L&rsquo;Austral se distingue par ses performances \u00e9nerg\u00e9tiques remarquables avec sa motorisation E-Tech Full Hybrid. En cycle mixte, elle affiche une consommation moyenne de 4,7 l\/100 km selon les donn\u00e9es d&rsquo;homologation, et environ 5,5 l\/100 km en conditions r\u00e9elles d&rsquo;utilisation.<\/p>\n<p>Pour maximiser l&rsquo;\u00e9conomie de carburant, l&rsquo;Austral propose plusieurs modes de conduite, dont un mode Eco qui optimise la gestion de l&rsquo;\u00e9nergie. Le syst\u00e8me de r\u00e9cup\u00e9ration d&rsquo;\u00e9nergie au freinage contribue \u00e9galement \u00e0 r\u00e9duire la consommation, particuli\u00e8rement en conduite urbaine. \u00c0 noter que l&rsquo;ordinateur de bord tend \u00e0 sous-estimer la consommation r\u00e9elle d&rsquo;environ 0,3 l\/100 km, un \u00e9cart relativement faible compar\u00e9 \u00e0 d&rsquo;autres mod\u00e8les du segment.<\/p>\n<table>\n<thead>\n<tr>\n<th>Caract\u00e9ristique<\/th>\n<th>E-Tech Full Hybrid 200 ch<\/th>\n<\/tr>\n<\/thead>\n<tbody>\n<tr>\n<td>Puissance<\/td>\n<td>200 ch<\/td>\n<\/tr>\n<tr>\n<td>Couple<\/td>\n<td>250 Nm<\/td>\n<\/tr>\n<tr>\n<td>Volume coffre<\/td>\n<td>430 L<\/td>\n<\/tr>\n<tr>\n<td>Tarif de base<\/td>\n<td>41 800 \u20ac*<\/td>\n<\/tr>\n<tr>\n<td>Consommation mixte r\u00e9elle<\/td>\n<td>5,5 l\/100 km<\/td>\n<\/tr>\n<\/tbody>\n<\/table>\n<h2>Finitions Renault Austral : quel niveau d&rsquo;\u00e9quipement choisir ?<\/h2>\n<p>Le Renault Austral propose une gamme simplifi\u00e9e et coh\u00e9rente pour 2025, avec trois niveaux de finition bien distincts. Chaque version offre un \u00e9quipement sp\u00e9cifique pour r\u00e9pondre aux diff\u00e9rents besoins et budgets des automobilistes. D\u00e9couvrons ensemble ces finitions et leurs atouts respectifs.<\/p>\n<h3>\u00c9volution : l&rsquo;essentiel \u00e0 prix doux<\/h3>\n<p>La finition \u00c9volution constitue le point d&rsquo;entr\u00e9e de la gamme Austral, affich\u00e9e \u00e0 partir de 41 800 \u20ac*. Malgr\u00e9 son positionnement d&rsquo;acc\u00e8s, elle propose d\u00e9j\u00e0 un \u00e9quipement complet et moderne. De s\u00e9rie, vous b\u00e9n\u00e9ficiez des jantes alliage 18 pouces, de la climatisation, du r\u00e9gulateur de vitesse et des aides \u00e0 la conduite essentielles pour une s\u00e9curit\u00e9 optimale.<\/p>\n<p>L&rsquo;int\u00e9rieur se distingue par une sellerie tissu de qualit\u00e9, des inserts noirs Grand Brillant au niveau des panneaux de porte et une console centrale recouverte de TEP (tissu enduit plastique). Le si\u00e8ge passager r\u00e9glable en hauteur am\u00e9liore le confort au quotidien. Cette version s&rsquo;adresse particuli\u00e8rement aux professionnels recherchant un v\u00e9hicule bien \u00e9quip\u00e9 sans superflu.<\/p>\n<h3>Techno : le juste \u00e9quilibre<\/h3>\n<p>La finition interm\u00e9diaire Techno, propos\u00e9e \u00e0 partir de 43 000 \u20ac*, repr\u00e9sente le choix le plus \u00e9quilibr\u00e9 de la gamme. Elle enrichit l&rsquo;\u00e9quipement avec un \u00e9cran multim\u00e9dia plus grand, une interface plus compl\u00e8te et des aides \u00e0 la conduite suppl\u00e9mentaires. C&rsquo;est \u00e0 ce niveau que la banquette coulissante fait son apparition, offrant jusqu&rsquo;\u00e0 575 litres de volume de coffre (contre 500 litres en configuration standard).<\/p>\n<p>Particuli\u00e8rement adapt\u00e9e aux familles, cette version combine confort, technologie et modularit\u00e9. La qualit\u00e9 per\u00e7ue \u00e0 bord fait un bond en avant avec des mat\u00e9riaux plus valorisants et un \u00e9quipement multim\u00e9dia plus complet. Pour ceux qui recherchent un <a href=\"https:\/\/www.bymycar.fr\/v\/renault-austral-occasion\">Renault Austral d&rsquo;occasion<\/a> r\u00e9cent, cette finition repr\u00e9sente souvent le meilleur compromis disponible chez BYmyCAR.<\/p>\n<h3>Esprit Alpine : le haut de gamme<\/h3>\n<p>Au sommet de la gamme, la finition Esprit Alpine affich\u00e9e \u00e0 45 900 \u20ac* offre une pr\u00e9sentation plus sportive et un \u00e9quipement complet. \u00c0 l&rsquo;ext\u00e9rieur, elle se distingue par ses barres de toit noires, ses entourages de vitres noirs et ses jantes 20 pouces au design exclusif.<\/p>\n<p>L&rsquo;habitacle b\u00e9n\u00e9ficie d&rsquo;une sellerie tissu Twill fa\u00e7on fibre de carbone et d&rsquo;\u00e9quipements premium comme l&rsquo;affichage t\u00eate haute, la climatisation automatique bi-zone, l&rsquo;acc\u00e8s et d\u00e9marrage mains libres, et un syst\u00e8me multim\u00e9dia avanc\u00e9 avec navigation connect\u00e9e. Cette version comprend \u00e9galement les aides \u00e0 la conduite les plus sophistiqu\u00e9es pour une exp\u00e9rience de conduite sereine.<\/p>\n<p>Id\u00e9ale pour les conducteurs exigeants ou les flottes d&rsquo;entreprise haut de gamme, cette finition repr\u00e9sente le meilleur de ce que Renault peut offrir en mati\u00e8re de confort et de technologie. Le coffre modulable avec banquette coulissante maximise la polyvalence pour les longs trajets comme pour les usages quotidiens.<\/p>\n<p>Pour un usage familial polyvalent, la finition Techno offre le meilleur rapport \u00e9quipement\/prix, tandis que les professionnels \u00e0 la recherche d&rsquo;une image premium se tourneront naturellement vers la version Esprit Alpine.<\/p>\n<h2>Focus sur l&rsquo;Esprit Alpine : style et caract\u00e8re<\/h2>\n<p>La finition Esprit Alpine repr\u00e9sente le summum de l&rsquo;\u00e9l\u00e9gance sportive dans la gamme Renault Austral. Avec sa motorisation E-Tech full hybrid de 200 ch, ce SUV affiche un caract\u00e8re distinctif qui s\u00e9duit d\u00e8s le premier regard. Disponible \u00e0 partir de 45 900 \u20ac*, ce mod\u00e8le b\u00e9n\u00e9ficie du bonus \u00e9cologique applicable, une raison suppl\u00e9mentaire de craquer pour ce concentr\u00e9 de technologie et de sportivit\u00e9.<\/p>\n<h3>Design ext\u00e9rieur exclusif<\/h3>\n<p>Le bouclier avant avec lame est la signature visuelle qui distingue imm\u00e9diatement l&rsquo;Esprit Alpine des autres versions. Ce d\u00e9tail, inspir\u00e9 de l&rsquo;univers de la comp\u00e9tition, renforce l&rsquo;allure athl\u00e9tique du v\u00e9hicule. Les jantes alliage sp\u00e9cifiques \u00e0 la finition Esprit Alpine compl\u00e8tent parfaitement cette silhouette dynamique avec leur design exclusif et leur finition diamant\u00e9e. La carrosserie arbore \u00e9galement des badges distinctifs qui soulignent l&rsquo;appartenance \u00e0 cette s\u00e9rie sp\u00e9ciale, tandis que les d\u00e9tails de carrosserie en noir brillant renforcent son caract\u00e8re premium.<\/p>\n<h3>Ambiance sportive \u00e0 bord<\/h3>\n<p>L&rsquo;habitacle de l&rsquo;Esprit Alpine ne d\u00e9\u00e7oit pas avec son atmosph\u00e8re r\u00e9solument sportive. Les si\u00e8ges chauffants, rev\u00eatus d&rsquo;une sellerie en cuir et Alcantara avec surpiq\u00fbres bleues, offrent un maintien optimal et une fonction massage pour le conducteur. L&rsquo;\u00e9clairage d&rsquo;ambiance personnalisable permet de cr\u00e9er une atmosph\u00e8re \u00e0 votre image, tandis que les inserts d\u00e9coratifs sp\u00e9cifiques rappellent l&rsquo;h\u00e9ritage sportif de la marque. Le syst\u00e8me multim\u00e9dia avec \u00e9cran tactile de 12 pouces compl\u00e8te cette exp\u00e9rience premium. Pour d\u00e9couvrir tous les atouts de ce mod\u00e8le d&rsquo;exception, n&rsquo;h\u00e9sitez pas \u00e0 consulter la <a href=\"https:\/\/www.bymycar.fr\/v\/renault-austral-occasion\">Renault Austral Esprit Alpine<\/a> chez BYmyCAR.<\/p>\n<h2>Configurateur Renault Austral : cr\u00e9ez votre SUV sur mesure<\/h2>\n<h3>Choix des options et packs<\/h3>\n<p>Le configurateur Renault Austral est un outil en ligne intuitif qui vous permet de personnaliser votre futur SUV selon vos pr\u00e9f\u00e9rences. Commencez par s\u00e9lectionner votre version pr\u00e9f\u00e9r\u00e9e parmi les trois finitions disponibles : \u00c9volution, Techno ou l&rsquo;\u00e9l\u00e9gante finition Esprit Alpine. Choisissez ensuite votre motorisation E-Tech Full Hybrid 200 ch qui offre une conduite dynamique tout en r\u00e9duisant la consommation.<\/p>\n<p>Parmi les \u00e9quipements incontournables, optez pour le toit panoramique qui inonde l&rsquo;habitacle de lumi\u00e8re (disponible pour 800 \u20ac* sur les finitions sup\u00e9rieures), m\u00eame s&rsquo;il est fixe. Pour une exp\u00e9rience technologique compl\u00e8te, ajoutez la compatibilit\u00e9 Android Auto qui vous permet de retrouver vos applications pr\u00e9f\u00e9r\u00e9es sur l&rsquo;\u00e9cran tactile de 10,1 pouces du v\u00e9hicule.<\/p>\n<h3>Astuces pour optimiser le tarif<\/h3>\n<p>Pour maximiser votre budget, concentrez-vous sur les packs plut\u00f4t que sur les options individuelles. Le syst\u00e8me 4Control Advanced \u00e0 quatre roues directrices m\u00e9rite votre attention : il offre une maniabilit\u00e9 exceptionnelle en ville avec un diam\u00e8tre de braquage de 10,1 m (comparable \u00e0 une citadine) tout en garantissant une stabilit\u00e9 accrue sur route.<\/p>\n<p>Pour les technophiles, le pack City Premium ajoute des \u00e9quipements de confort comme la cam\u00e9ra 360\u00b0 et le stationnement mains libres. N&rsquo;h\u00e9sitez pas \u00e0 comparer les diff\u00e9rentes finitions, car certaines proposent un meilleur rapport \u00e9quipement\/prix que l&rsquo;ajout d&rsquo;options sur une version inf\u00e9rieure. Pour obtenir un devis personnalis\u00e9 et b\u00e9n\u00e9ficier des meilleures conditions, contactez directement BYmyCAR qui vous proposera une offre adapt\u00e9e \u00e0 vos besoins et \u00e0 votre budget.<\/p>\n<h2>Dimensions, habitabilit\u00e9 et coffre du Renault Austral<\/h2>\n<h3>Dimensions ext\u00e9rieures et diam\u00e8tre de braquage<\/h3>\n<p>Le Renault Austral affiche des dimensions \u00e9quilibr\u00e9es avec une longueur de 4,51 m\u00e8tres, une largeur de 1,83 m\u00e8tre (2,08 m\u00e8tres r\u00e9troviseurs d\u00e9ploy\u00e9s) et une hauteur de 1,62 m\u00e8tre. Ce gabarit le positionne id\u00e9alement dans le segment des SUV compacts, offrant une pr\u00e9sence sur route sans \u00eatre encombrant en milieu urbain.<\/p>\n<p>L&rsquo;un des atouts majeurs de l&rsquo;Austral est son excellente maniabilit\u00e9. Dans sa version \u00e9quip\u00e9e du syst\u00e8me 4Control Advanced (roues arri\u00e8re directrices), il propose un diam\u00e8tre de braquage remarquable de seulement 10,1 m\u00e8tres, comparable \u00e0 celui d&rsquo;une citadine. Sans cette option, le diam\u00e8tre reste contenu \u00e0 11,5 m\u00e8tres, facilitant les man\u0153uvres en ville.<\/p>\n<h3>Espace aux jambes et confort \u00e0 bord<\/h3>\n<p>L&rsquo;habitabilit\u00e9 de l&rsquo;Austral se distingue par sa banquette arri\u00e8re coulissante sur 16 cm, une fonctionnalit\u00e9 rare dans cette cat\u00e9gorie. Cette modularit\u00e9 permet d&rsquo;offrir un des meilleurs espaces pour les jambes du segment, avec jusqu&rsquo;\u00e0 26,7 cm aux genoux en configuration maximale. Le confort est \u00e9galement au rendez-vous avec des si\u00e8ges bien dessin\u00e9s et des dossiers inclinables en trois positions.<\/p>\n<p>La conception int\u00e9rieure privil\u00e9gie l&rsquo;espace avec pr\u00e8s de 35 litres de rangements r\u00e9partis dans l&rsquo;habitacle. Cette g\u00e9n\u00e9rosit\u00e9 d&rsquo;espace contribue \u00e0 l&rsquo;agr\u00e9ment de voyage, que ce soit pour les trajets quotidiens ou les longs parcours.<\/p>\n<h3>Volume de coffre et modularit\u00e9<\/h3>\n<p>Le coffre du Renault Austral propose une capacit\u00e9 modulable selon les besoins. En configuration standard, le volume atteint 430 litres sur les versions E-Tech Full Hybrid, l\u00e9g\u00e8rement moins que sur les anciennes versions mild hybrid. Cette petite diff\u00e9rence s&rsquo;explique par l&#8217;emplacement de la batterie, sans compromettre significativement la praticit\u00e9.<\/p>\n<p>La modularit\u00e9 est l&rsquo;un des points forts de ce SUV. En avan\u00e7ant la banquette au maximum, le volume peut atteindre 555 litres. Une fois les si\u00e8ges arri\u00e8re rabattus, la capacit\u00e9 grimpe jusqu&rsquo;\u00e0 1 525 litres, offrant un espace de chargement g\u00e9n\u00e9reux pour les objets encombrants.<\/p>\n<table>\n<thead>\n<tr>\n<th>Caract\u00e9ristiques<\/th>\n<th>E-Tech Full Hybrid<\/th>\n<\/tr>\n<\/thead>\n<tbody>\n<tr>\n<td>Volume de coffre standard<\/td>\n<td>430 litres<\/td>\n<\/tr>\n<tr>\n<td>Volume max (banquette avanc\u00e9e)<\/td>\n<td>555 litres<\/td>\n<\/tr>\n<tr>\n<td>Volume max (si\u00e8ges rabattus)<\/td>\n<td>1 525 litres<\/td>\n<\/tr>\n<tr>\n<td>Diam\u00e8tre de braquage (avec 4Control)<\/td>\n<td>10,1 m<\/td>\n<\/tr>\n<tr>\n<td>Diam\u00e8tre de braquage (standard)<\/td>\n<td>11,5 m<\/td>\n<\/tr>\n<\/tbody>\n<\/table>\n<h2>Prix Renault Austral : tarifs et financement<\/h2>\n<h3>Tarifs catalogue et prix d&rsquo;appel<\/h3>\n<p>Le Renault Austral 2025 a connu une \u00e9volution notable de ses tarifs avec la nouvelle gamme d\u00e9sormais exclusivement disponible en version full hybrid E-Tech 200 ch. Le prix d&rsquo;appel d\u00e9bute \u00e0 41 800 \u20ac* pour la finition \u00c9volution, premier niveau d&rsquo;\u00e9quipement d\u00e9j\u00e0 bien dot\u00e9 (climatisation, \u00e9cran tactile, r\u00e9gulateur de vitesse).<\/p>\n<p>La version interm\u00e9diaire Techno s&rsquo;affiche \u00e0 partir de 43 000 \u20ac*, proposant des jantes alliage 19 pouces, des phares LED adaptatifs et un \u00e9cran multim\u00e9dia de 12 pouces. Pour la finition haut de gamme, comptez 45 900 \u20ac* pour l&rsquo;Esprit Alpine, qui ajoute une pr\u00e9sentation sp\u00e9cifique et des \u00e9quipements premium comme la sellerie Alcantara et les jantes 20 pouces. \u00c0 noter que le bonus \u00e9cologique s&rsquo;applique sur cette motorisation hybride, renfor\u00e7ant l&rsquo;attrait \u00e9conomique du v\u00e9hicule.<\/p>\n<h3>Financement BYmyCAR : LOA &amp; LLD<\/h3>\n<p>BYmyCAR propose plusieurs solutions de financement adapt\u00e9es \u00e0 vos besoins pour acqu\u00e9rir votre Renault Austral. La Location avec Option d&rsquo;Achat (LOA) vous permet de rouler en Austral avec des mensualit\u00e9s ma\u00eetris\u00e9es pendant 24 \u00e0 60 mois, avec la possibilit\u00e9 de devenir propri\u00e9taire \u00e0 la fin du contrat moyennant le paiement d&rsquo;une valeur r\u00e9siduelle d\u00e9finie \u00e0 la signature.<\/p>\n<p>La Location Longue Dur\u00e9e (LLD) offre une alternative sans engagement d&rsquo;achat, id\u00e9ale pour ceux qui souhaitent changer r\u00e9guli\u00e8rement de v\u00e9hicule. Les offres sont disponibles avec ou sans apport, et peuvent inclure l&rsquo;entretien et l&rsquo;extension de garantie pour une tranquillit\u00e9 d&rsquo;esprit totale. Ces formules permettent \u00e9galement d&rsquo;int\u00e9grer une assurance compl\u00e9mentaire qui intervient en cas de sinistre.<\/p>\n<h3>Co\u00fbt d&rsquo;utilisation et \u00e9conomie de carburant<\/h3>\n<p>L&rsquo;un des principaux atouts du Renault Austral full hybrid r\u00e9side dans sa sobri\u00e9t\u00e9, avec une consommation moyenne mixte observ\u00e9e entre 5,5 et 6,2 l\/100 km selon les conditions d&rsquo;utilisation. Cette efficience \u00e9nerg\u00e9tique se traduit par des \u00e9conomies substantielles \u00e0 l&rsquo;usage, notamment en circulation urbaine o\u00f9 la technologie hybride exprime tout son potentiel.<\/p>\n<p>Le syst\u00e8me E-Tech permet de rouler jusqu&rsquo;\u00e0 80% du temps en mode \u00e9lectrique en ville, r\u00e9duisant consid\u00e9rablement la consommation de carburant par rapport \u00e0 un mod\u00e8le thermique \u00e9quivalent. De plus, les assurances propos\u00e9es par BYmyCAR peuvent \u00eatre avantageuses, les aides \u00e0 la conduite de derni\u00e8re g\u00e9n\u00e9ration contribuant \u00e0 r\u00e9duire significativement le risque d&rsquo;accidents. L&rsquo;entretien est \u00e9galement optimis\u00e9, avec des intervalles de r\u00e9vision espac\u00e9s et une usure moindre des pi\u00e8ces de friction gr\u00e2ce au freinage r\u00e9g\u00e9n\u00e9ratif.<\/p>\n<h2>Quelle Renault Austral choisir ? Notre recommandation BYmyCAR<\/h2>\n<p>Pour 2025, la Renault Austral se concentre exclusivement sur la motorisation E-Tech 200 ch, ce qui simplifie votre choix. Tout se joue donc sur la finition qui r\u00e9pondra le mieux \u00e0 vos besoins.<\/p>\n<p>Pour un usage familial polyvalent combinant \u00e9quipement g\u00e9n\u00e9reux et tarif ma\u00eetris\u00e9, la finition Techno constitue un excellent compromis. Elle offre un comportement routier \u00e9quilibr\u00e9, des \u00e9quipements technologiques complets et une modularit\u00e9 appr\u00e9ciable au quotidien gr\u00e2ce \u00e0 sa banquette coulissante.<\/p>\n<p>Pour ceux qui recherchent une exp\u00e9rience premium sans compromis, l&rsquo;Esprit Alpine repr\u00e9sente le summum de la gamme. Cette version associe le confort d&rsquo;une motorisation hybride performante \u00e0 un \u00e9quipement complet, incluant l&rsquo;option 4Control avec roues directrices qui am\u00e9liore consid\u00e9rablement la maniabilit\u00e9 et l&rsquo;agilit\u00e9 du v\u00e9hicule.<\/p>\n<p>Quelle que soit la version qui vous attire, nos conseillers BYmyCAR sont \u00e0 votre disposition pour vous accompagner dans votre choix et vous proposer l&rsquo;Austral qui correspondra parfaitement \u00e0 vos attentes et \u00e0 votre style de conduite.<\/p>\n<h2>FAQ \u2013 vos questions sur le Renault Austral<\/h2>\n<h3>Quelle motorisation choisir pour le Renault Austral ?<\/h3>\n<p>La motorisation E-Tech full hybrid de 200 ch est d\u00e9sormais l&rsquo;unique proposition pour l&rsquo;Austral 2025, combinant performances et sobri\u00e9t\u00e9 remarquable avec une consommation d&rsquo;environ 5,5 l\/100 km en usage mixte.<\/p>\n<h3>Le Renault Austral est-il fiable ?<\/h3>\n<p>Les avis des utilisateurs confirment une fiabilit\u00e9 satisfaisante du Renault Austral, particuli\u00e8rement sur la version E-Tech 200 ch. Renault a franchi un v\u00e9ritable seuil en mati\u00e8re de finition et d&rsquo;agr\u00e9ment de conduite.<\/p>\n<h3>Quel est le haut de gamme du Renault Austral ?<\/h3>\n<p>La finition Esprit Alpine repr\u00e9sente le haut de gamme avec ses jantes 20 pouces, ses si\u00e8ges chauffants, sa cam\u00e9ra 3D avec vision 360\u00b0 et son hayon motoris\u00e9 mains libres pour une exp\u00e9rience premium.<\/p>\n<h3>Quelles sont les dimensions du Renault Austral ?<\/h3>\n<p>Le Renault Austral affiche des dimensions g\u00e9n\u00e9reuses avec une longueur de 4,51 m, une garde au sol de 18 cm et un empattement offrant un espace int\u00e9rieur confortable, le positionnant id\u00e9alement dans la cat\u00e9gorie des SUV compacts.<\/p>\n<h3>Le bonus \u00e9cologique s&rsquo;applique-t-il au Renault Austral ?<\/h3>\n<p>Le bonus \u00e9cologique s&rsquo;applique \u00e0 la version hybride E-Tech de l&rsquo;Austral. Cette aide contribue \u00e0 rendre ce mod\u00e8le encore plus attractif financi\u00e8rement, tout en valorisant sa motorisation respectueuse de l&rsquo;environnement.<\/p>\n<h3>Quelle Renault Austral choisir en 2025 ?<\/h3>\n<p>Pour 2025, la version E-Tech 200 ch avec finition Techno offre le meilleur rapport \u00e9quipement\/prix. Cette version b\u00e9n\u00e9ficie des derniers codes stylistiques de la marque et d&rsquo;un confort en hausse tr\u00e8s appr\u00e9ci\u00e9 au quotidien.<\/p>\n<p><em>*Les prix mentionn\u00e9s sont donn\u00e9s \u00e0 titre indicatif et ont \u00e9t\u00e9 constat\u00e9s au moment de la r\u00e9daction. Ils sont susceptibles d&rsquo;\u00e9voluer. Pour obtenir une information exacte et \u00e0 jour, nous vous recommandons de contacter directement votre concession BYmyCAR.<\/em><\/p>\n"}}]},"add-carousel-to-footer":true},"yoast_head":"<!-- This site is optimized with the Yoast SEO Premium plugin v26.4 (Yoast SEO v26.4) - https:\/\/yoast.com\/wordpress\/plugins\/seo\/ -->\n<title>Quelle Renault Austral choisir ? Notre guide 2025<\/title>\n<meta name=\"robots\" content=\"index, follow, max-snippet:-1, max-image-preview:large, max-video-preview:-1\" \/>\n<link rel=\"canonical\" href=\"https:\/\/www.bymycar.fr\/webzine\/quelle-renault-austral-choisir-notre-guide-2025\/\" \/>\n<meta property=\"og:locale\" content=\"fr_FR\" \/>\n<meta property=\"og:type\" content=\"article\" \/>\n<meta property=\"og:title\" content=\"Quelle Renault Austral choisir ? Notre guide 2025\" \/>\n<meta property=\"og:url\" content=\"https:\/\/www.bymycar.fr\/webzine\/quelle-renault-austral-choisir-notre-guide-2025\/\" \/>\n<meta property=\"og:site_name\" content=\"Webzine auto BYmyCAR\" \/>\n<meta property=\"article:published_time\" content=\"2025-10-10T13:10:04+00:00\" \/>\n<meta name=\"author\" content=\"Tom Fernandes\" \/>\n<meta name=\"twitter:card\" content=\"summary_large_image\" \/>\n<meta name=\"twitter:label1\" content=\"\u00c9crit par\" \/>\n\t<meta name=\"twitter:data1\" content=\"Tom Fernandes\" \/>\n<script type=\"application\/ld+json\" class=\"yoast-schema-graph\">{\"@context\":\"https:\/\/schema.org\",\"@graph\":[{\"@type\":\"Article\",\"@id\":\"https:\/\/www.bymycar.fr\/webzine\/quelle-renault-austral-choisir-notre-guide-2025\/#article\",\"isPartOf\":{\"@id\":\"https:\/\/www.bymycar.fr\/webzine\/quelle-renault-austral-choisir-notre-guide-2025\/\"},\"author\":{\"name\":\"Tom Fernandes\",\"@id\":\"https:\/\/www.bymycar.fr\/webzine\/#\/schema\/person\/5512d79b8d2dfe306dc0b5794eba0c76\"},\"headline\":\"Quelle Renault Austral choisir ? Notre guide 2025\",\"datePublished\":\"2025-10-10T13:10:04+00:00\",\"mainEntityOfPage\":{\"@id\":\"https:\/\/www.bymycar.fr\/webzine\/quelle-renault-austral-choisir-notre-guide-2025\/\"},\"wordCount\":6,\"publisher\":{\"@id\":\"https:\/\/www.bymycar.fr\/webzine\/#organization\"},\"articleSection\":[\"Guide d'achat Renault\"],\"inLanguage\":\"fr-FR\"},{\"@type\":\"WebPage\",\"@id\":\"https:\/\/www.bymycar.fr\/webzine\/quelle-renault-austral-choisir-notre-guide-2025\/\",\"url\":\"https:\/\/www.bymycar.fr\/webzine\/quelle-renault-austral-choisir-notre-guide-2025\/\",\"name\":\"Quelle Renault Austral choisir ? Notre guide 2025\",\"isPartOf\":{\"@id\":\"https:\/\/www.bymycar.fr\/webzine\/#website\"},\"datePublished\":\"2025-10-10T13:10:04+00:00\",\"breadcrumb\":{\"@id\":\"https:\/\/www.bymycar.fr\/webzine\/quelle-renault-austral-choisir-notre-guide-2025\/#breadcrumb\"},\"inLanguage\":\"fr-FR\",\"potentialAction\":[{\"@type\":\"ReadAction\",\"target\":[\"https:\/\/www.bymycar.fr\/webzine\/quelle-renault-austral-choisir-notre-guide-2025\/\"]}]},{\"@type\":\"BreadcrumbList\",\"@id\":\"https:\/\/www.bymycar.fr\/webzine\/quelle-renault-austral-choisir-notre-guide-2025\/#breadcrumb\",\"itemListElement\":[{\"@type\":\"ListItem\",\"position\":1,\"name\":\"Accueil\",\"item\":\"https:\/\/www.bymycar.fr\/webzine\/\"},{\"@type\":\"ListItem\",\"position\":2,\"name\":\"Quelle Renault Austral choisir ? Notre guide 2025\"}]},{\"@type\":\"WebSite\",\"@id\":\"https:\/\/www.bymycar.fr\/webzine\/#website\",\"url\":\"https:\/\/www.bymycar.fr\/webzine\/\",\"name\":\"Webzine auto BYmyCAR\",\"description\":\"La magazine auto de BYmyCAR\",\"publisher\":{\"@id\":\"https:\/\/www.bymycar.fr\/webzine\/#organization\"},\"potentialAction\":[{\"@type\":\"SearchAction\",\"target\":{\"@type\":\"EntryPoint\",\"urlTemplate\":\"https:\/\/www.bymycar.fr\/webzine\/?s={search_term_string}\"},\"query-input\":{\"@type\":\"PropertyValueSpecification\",\"valueRequired\":true,\"valueName\":\"search_term_string\"}}],\"inLanguage\":\"fr-FR\"},{\"@type\":\"Organization\",\"@id\":\"https:\/\/www.bymycar.fr\/webzine\/#organization\",\"name\":\"BYmyCAR\",\"url\":\"https:\/\/www.bymycar.fr\/webzine\/\",\"logo\":{\"@type\":\"ImageObject\",\"inLanguage\":\"fr-FR\",\"@id\":\"https:\/\/www.bymycar.fr\/webzine\/#\/schema\/logo\/image\/\",\"url\":\"https:\/\/cdn.bymycar.eu\/fr-webzine\/wp-content\/uploads\/medias\/2017\/08\/logo_DEALER_00000406_001.png\",\"contentUrl\":\"https:\/\/cdn.bymycar.eu\/fr-webzine\/wp-content\/uploads\/medias\/2017\/08\/logo_DEALER_00000406_001.png\",\"width\":2132,\"height\":720,\"caption\":\"BYmyCAR\"},\"image\":{\"@id\":\"https:\/\/www.bymycar.fr\/webzine\/#\/schema\/logo\/image\/\"}},{\"@type\":\"Person\",\"@id\":\"https:\/\/www.bymycar.fr\/webzine\/#\/schema\/person\/5512d79b8d2dfe306dc0b5794eba0c76\",\"name\":\"Tom Fernandes\",\"image\":{\"@type\":\"ImageObject\",\"inLanguage\":\"fr-FR\",\"@id\":\"https:\/\/www.bymycar.fr\/webzine\/#\/schema\/person\/image\/\",\"url\":\"https:\/\/secure.gravatar.com\/avatar\/81b17c0cc5a6f1f7f394984269a7cbad9c7cca9604839da024242cf665051fbf?s=96&d=mm&r=g\",\"contentUrl\":\"https:\/\/secure.gravatar.com\/avatar\/81b17c0cc5a6f1f7f394984269a7cbad9c7cca9604839da024242cf665051fbf?s=96&d=mm&r=g\",\"caption\":\"Tom Fernandes\"}}]}<\/script>\n<!-- \/ Yoast SEO Premium plugin. -->","yoast_head_json":{"title":"Quelle Renault Austral choisir ? Notre guide 2025","robots":{"index":"index","follow":"follow","max-snippet":"max-snippet:-1","max-image-preview":"max-image-preview:large","max-video-preview":"max-video-preview:-1"},"canonical":"https:\/\/www.bymycar.fr\/webzine\/quelle-renault-austral-choisir-notre-guide-2025\/","og_locale":"fr_FR","og_type":"article","og_title":"Quelle Renault Austral choisir ? Notre guide 2025","og_url":"https:\/\/www.bymycar.fr\/webzine\/quelle-renault-austral-choisir-notre-guide-2025\/","og_site_name":"Webzine auto BYmyCAR","article_published_time":"2025-10-10T13:10:04+00:00","author":"Tom Fernandes","twitter_card":"summary_large_image","twitter_misc":{"\u00c9crit par":"Tom Fernandes"},"schema":{"@context":"https:\/\/schema.org","@graph":[{"@type":"Article","@id":"https:\/\/www.bymycar.fr\/webzine\/quelle-renault-austral-choisir-notre-guide-2025\/#article","isPartOf":{"@id":"https:\/\/www.bymycar.fr\/webzine\/quelle-renault-austral-choisir-notre-guide-2025\/"},"author":{"name":"Tom Fernandes","@id":"https:\/\/www.bymycar.fr\/webzine\/#\/schema\/person\/5512d79b8d2dfe306dc0b5794eba0c76"},"headline":"Quelle Renault Austral choisir ? Notre guide 2025","datePublished":"2025-10-10T13:10:04+00:00","mainEntityOfPage":{"@id":"https:\/\/www.bymycar.fr\/webzine\/quelle-renault-austral-choisir-notre-guide-2025\/"},"wordCount":6,"publisher":{"@id":"https:\/\/www.bymycar.fr\/webzine\/#organization"},"articleSection":["Guide d'achat Renault"],"inLanguage":"fr-FR"},{"@type":"WebPage","@id":"https:\/\/www.bymycar.fr\/webzine\/quelle-renault-austral-choisir-notre-guide-2025\/","url":"https:\/\/www.bymycar.fr\/webzine\/quelle-renault-austral-choisir-notre-guide-2025\/","name":"Quelle Renault Austral choisir ? Notre guide 2025","isPartOf":{"@id":"https:\/\/www.bymycar.fr\/webzine\/#website"},"datePublished":"2025-10-10T13:10:04+00:00","breadcrumb":{"@id":"https:\/\/www.bymycar.fr\/webzine\/quelle-renault-austral-choisir-notre-guide-2025\/#breadcrumb"},"inLanguage":"fr-FR","potentialAction":[{"@type":"ReadAction","target":["https:\/\/www.bymycar.fr\/webzine\/quelle-renault-austral-choisir-notre-guide-2025\/"]}]},{"@type":"BreadcrumbList","@id":"https:\/\/www.bymycar.fr\/webzine\/quelle-renault-austral-choisir-notre-guide-2025\/#breadcrumb","itemListElement":[{"@type":"ListItem","position":1,"name":"Accueil","item":"https:\/\/www.bymycar.fr\/webzine\/"},{"@type":"ListItem","position":2,"name":"Quelle Renault Austral choisir ? Notre guide 2025"}]},{"@type":"WebSite","@id":"https:\/\/www.bymycar.fr\/webzine\/#website","url":"https:\/\/www.bymycar.fr\/webzine\/","name":"Webzine auto BYmyCAR","description":"La magazine auto de BYmyCAR","publisher":{"@id":"https:\/\/www.bymycar.fr\/webzine\/#organization"},"potentialAction":[{"@type":"SearchAction","target":{"@type":"EntryPoint","urlTemplate":"https:\/\/www.bymycar.fr\/webzine\/?s={search_term_string}"},"query-input":{"@type":"PropertyValueSpecification","valueRequired":true,"valueName":"search_term_string"}}],"inLanguage":"fr-FR"},{"@type":"Organization","@id":"https:\/\/www.bymycar.fr\/webzine\/#organization","name":"BYmyCAR","url":"https:\/\/www.bymycar.fr\/webzine\/","logo":{"@type":"ImageObject","inLanguage":"fr-FR","@id":"https:\/\/www.bymycar.fr\/webzine\/#\/schema\/logo\/image\/","url":"https:\/\/cdn.bymycar.eu\/fr-webzine\/wp-content\/uploads\/medias\/2017\/08\/logo_DEALER_00000406_001.png","contentUrl":"https:\/\/cdn.bymycar.eu\/fr-webzine\/wp-content\/uploads\/medias\/2017\/08\/logo_DEALER_00000406_001.png","width":2132,"height":720,"caption":"BYmyCAR"},"image":{"@id":"https:\/\/www.bymycar.fr\/webzine\/#\/schema\/logo\/image\/"}},{"@type":"Person","@id":"https:\/\/www.bymycar.fr\/webzine\/#\/schema\/person\/5512d79b8d2dfe306dc0b5794eba0c76","name":"Tom Fernandes","image":{"@type":"ImageObject","inLanguage":"fr-FR","@id":"https:\/\/www.bymycar.fr\/webzine\/#\/schema\/person\/image\/","url":"https:\/\/secure.gravatar.com\/avatar\/81b17c0cc5a6f1f7f394984269a7cbad9c7cca9604839da024242cf665051fbf?s=96&d=mm&r=g","contentUrl":"https:\/\/secure.gravatar.com\/avatar\/81b17c0cc5a6f1f7f394984269a7cbad9c7cca9604839da024242cf665051fbf?s=96&d=mm&r=g","caption":"Tom Fernandes"}}]}},"_links":{"self":[{"href":"https:\/\/www.bymycar.fr\/webzine\/wp-json\/wp\/v2\/posts\/61217","targetHints":{"allow":["GET"]}}],"collection":[{"href":"https:\/\/www.bymycar.fr\/webzine\/wp-json\/wp\/v2\/posts"}],"about":[{"href":"https:\/\/www.bymycar.fr\/webzine\/wp-json\/wp\/v2\/types\/post"}],"author":[{"embeddable":true,"href":"https:\/\/www.bymycar.fr\/webzine\/wp-json\/wp\/v2\/users\/87"}],"replies":[{"embeddable":true,"href":"https:\/\/www.bymycar.fr\/webzine\/wp-json\/wp\/v2\/comments?post=61217"}],"version-history":[{"count":2,"href":"https:\/\/www.bymycar.fr\/webzine\/wp-json\/wp\/v2\/posts\/61217\/revisions"}],"predecessor-version":[{"id":61220,"href":"https:\/\/www.bymycar.fr\/webzine\/wp-json\/wp\/v2\/posts\/61217\/revisions\/61220"}],"wp:attachment":[{"href":"https:\/\/www.bymycar.fr\/webzine\/wp-json\/wp\/v2\/media?parent=61217"}],"wp:term":[{"taxonomy":"category","embeddable":true,"href":"https:\/\/www.bymycar.fr\/webzine\/wp-json\/wp\/v2\/categories?post=61217"},{"taxonomy":"post_tag","embeddable":true,"href":"https:\/\/www.bymycar.fr\/webzine\/wp-json\/wp\/v2\/tags?post=61217"}],"curies":[{"name":"wp","href":"https:\/\/api.w.org\/{rel}","templated":true}]}}