{"id":61108,"date":"2025-10-08T15:48:05","date_gmt":"2025-10-08T13:48:05","guid":{"rendered":"https:\/\/www.bymycar.fr\/webzine\/?p=61108"},"modified":"2025-10-08T15:48:05","modified_gmt":"2025-10-08T13:48:05","slug":"quel-prix-pour-un-opel-vivaro-doccasion","status":"publish","type":"post","link":"https:\/\/www.bymycar.fr\/webzine\/quel-prix-pour-un-opel-vivaro-doccasion\/","title":{"rendered":"Quel prix pour un Opel Vivaro d&rsquo;occasion ?"},"content":{"rendered":"","protected":false},"excerpt":{"rendered":"","protected":false},"author":87,"featured_media":0,"comment_status":"closed","ping_status":"closed","sticky":false,"template":"","format":"standard","meta":{"_acf_changed":false,"footnotes":""},"categories":[12919],"tags":[],"class_list":["post-61108","post","type-post","status-publish","format-standard","hentry","category-guide-dachat-opel"],"acf":{"image":{"ID":61109,"id":61109,"title":"OpelVivaro-e_511683 (1)","filename":"OpelVivaro-e_511683-1-scaled.jpg","filesize":323776,"url":"https:\/\/cdn.bymycar.eu\/fr-webzine\/wp-content\/uploads\/medias\/OpelVivaro-e_511683-1-scaled.jpg","link":"https:\/\/www.bymycar.fr\/webzine\/quel-prix-pour-un-opel-vivaro-doccasion\/opelvivaro-e_511683-1\/","alt":"Opel Vivaro","author":"87","description":"","caption":"","name":"opelvivaro-e_511683-1","status":"inherit","uploaded_to":61108,"date":"2025-10-08 13:43:28","modified":"2025-10-08 13:43:55","menu_order":0,"mime_type":"image\/jpeg","type":"image","subtype":"jpeg","icon":"https:\/\/www.bymycar.fr\/webzine\/wp-includes\/images\/media\/default.png","width":2560,"height":1600,"sizes":{"thumbnail":"https:\/\/cdn.bymycar.eu\/fr-webzine\/wp-content\/uploads\/medias\/OpelVivaro-e_511683-1-150x150.jpg","thumbnail-width":150,"thumbnail-height":150,"medium":"https:\/\/cdn.bymycar.eu\/fr-webzine\/wp-content\/uploads\/medias\/OpelVivaro-e_511683-1-300x188.jpg","medium-width":300,"medium-height":188,"medium_large":"https:\/\/cdn.bymycar.eu\/fr-webzine\/wp-content\/uploads\/medias\/OpelVivaro-e_511683-1-768x480.jpg","medium_large-width":768,"medium_large-height":480,"large":"https:\/\/cdn.bymycar.eu\/fr-webzine\/wp-content\/uploads\/medias\/OpelVivaro-e_511683-1-1024x640.jpg","large-width":1024,"large-height":640,"1536x1536":"https:\/\/cdn.bymycar.eu\/fr-webzine\/wp-content\/uploads\/medias\/OpelVivaro-e_511683-1-1536x960.jpg","1536x1536-width":1536,"1536x1536-height":960,"2048x2048":"https:\/\/cdn.bymycar.eu\/fr-webzine\/wp-content\/uploads\/medias\/OpelVivaro-e_511683-1-2048x1280.jpg","2048x2048-width":2048,"2048x2048-height":1280}},"introduction":"<p><strong>Ce qu&rsquo;il faut retenir<\/strong><\/p>\n<ul>\n<li>Les prix d&rsquo;un Opel Vivaro d&rsquo;occasion varient de 15 350 \u20ac* \u00e0 35 990 \u20ac* selon l&rsquo;ann\u00e9e et la version, avec des mod\u00e8les r\u00e9cents (2024-2025) autour de 28 000 \u20ac* pour un utilitaire bien \u00e9quip\u00e9.<\/li>\n<li>Le Vivaro 9 places d&rsquo;occasion est disponible entre 18 490 \u20ac* et 29 990 \u20ac<em>, tandis que le Vivaro Combi neuf d\u00e9bute \u00e0 36 250 \u20ac<\/em> en diesel et 41 000 \u20ac* en \u00e9lectrique avec bonus \u00e9cologique applicable.<\/li>\n<li>L&rsquo;investissement est s\u00e9curis\u00e9 par une garantie constructeur de 24 mois extensible jusqu&rsquo;\u00e0 8 ans ou 160 000 km, avec une fiabilit\u00e9 reconnue particuli\u00e8rement sur les motorisations 1.9 et 2.0 dCi.<\/li>\n<\/ul>\n<p>Vous recherchez un Opel Vivaro d&rsquo;occasion ? BYmyCAR vous guide dans votre achat en vous pr\u00e9sentant les fourchettes de prix du march\u00e9 actuel, des conseils personnalis\u00e9s et les garanties disponibles. Les Opel Vivaro d&rsquo;occasion affichent des prix variant entre 15 350 \u20ac* pour les mod\u00e8les plus anciens et jusqu&rsquo;\u00e0 35 990 \u20ac* pour les versions r\u00e9centes de 2025, selon l&rsquo;\u00e9tat, le kilom\u00e9trage et les \u00e9quipements. D\u00e9couvrez notre s\u00e9lection de <a href=\"https:\/\/www.bymycar.fr\/v\/opel-vivaro-occasion\">Opel Vivaro d&rsquo;occasion<\/a> parfaitement entretenue.<\/p>\n","add-to-bo":false,"page_content":{"block_content":[{"acf_fc_layout":"carousel-produits"},{"acf_fc_layout":"text-simple","--nav":{"-withNav":false,"-ancre":""},"--group":{"-text":"<h2>Pourquoi choisir un Opel Vivaro d&rsquo;occasion ?<\/h2>\n<p>L&rsquo;Opel Vivaro s&rsquo;impose comme un choix judicieux sur le march\u00e9 des utilitaires d&rsquo;occasion, avec un rapport prix\/prestations particuli\u00e8rement avantageux. Ce v\u00e9hicule se distingue par trois atouts majeurs qui en font un partenaire id\u00e9al pour les professionnels comme les particuliers :<\/p>\n<ul>\n<li>Une polyvalence exceptionnelle avec diff\u00e9rentes longueurs disponibles<\/li>\n<li>Une fiabilit\u00e9 reconnue sur les motorisations 1.9 et 2.0 dCi<\/li>\n<li>Un co\u00fbt d&rsquo;usage ma\u00eetris\u00e9 gr\u00e2ce \u00e0 une consommation mod\u00e9r\u00e9e<\/li>\n<li>Un confort de conduite appr\u00e9ciable pour un utilitaire<\/li>\n<\/ul>\n<p>Sa capacit\u00e9 \u00e0 s&rsquo;adapter \u00e0 diverses utilisations tout en offrant un volume de chargement g\u00e9n\u00e9reux fait de l&rsquo;Opel Vivaro un investissement pertinent pour tous vos besoins professionnels.<\/p>\n<h2>Quel est le prix d&rsquo;un Opel Vivaro utilitaire d&rsquo;occasion ?<\/h2>\n<p>L&rsquo;Opel Vivaro d&rsquo;occasion repr\u00e9sente un investissement variable selon l&rsquo;ann\u00e9e, le kilom\u00e9trage et la motorisation. Les prix de ce v\u00e9hicule utilitaire polyvalent fluctuent principalement en fonction de son \u00e2ge et de son \u00e9tat. Pour un achat judicieux, il est recommand\u00e9 de comparer plusieurs offres disponibles chez BYmyCAR.<\/p>\n<h3>Exemples de fourchettes 2022-2025<\/h3>\n<table>\n<thead>\n<tr>\n<th>Ann\u00e9e<\/th>\n<th>Kilom\u00e9trage moyen<\/th>\n<th>Fourchette de prix<\/th>\n<\/tr>\n<\/thead>\n<tbody>\n<tr>\n<td>2022<\/td>\n<td>5 000 &#8211; 34 000 km<\/td>\n<td>entre 19 990 \u20ac* et 30 999 \u20ac*<\/td>\n<\/tr>\n<tr>\n<td>2023<\/td>\n<td>15 000 &#8211; 40 000 km<\/td>\n<td>entre 22 000 \u20ac* et 29 000 \u20ac*<\/td>\n<\/tr>\n<tr>\n<td>2024<\/td>\n<td>10 000 &#8211; 25 000 km<\/td>\n<td>entre 25 000 \u20ac* et 32 000 \u20ac*<\/td>\n<\/tr>\n<tr>\n<td>2025<\/td>\n<td>300 &#8211; 10 000 km<\/td>\n<td>entre 28 000 \u20ac* et 36 000 \u20ac*<\/td>\n<\/tr>\n<\/tbody>\n<\/table>\n<h2>Opel Vivaro 9 places : quel budget pr\u00e9voir ?<\/h2>\n<p>Envisagez-vous l&rsquo;achat d&rsquo;un <a href=\"https:\/\/www.bymycar.fr\/v\/opel-vivaro-9-places\">Opel Vivaro 9 places<\/a> pour vos besoins de transport collectif ? Le mod\u00e8le 9 places repr\u00e9sente une alternative avantageuse par rapport \u00e0 d&rsquo;autres options de transport de groupe. Pour un v\u00e9hicule r\u00e9cent d&rsquo;occasion, comptez entre 18 490 \u20ac* et 29 990 \u20ac* selon l&rsquo;ann\u00e9e et le kilom\u00e9trage. Cette configuration offre un excellent rapport qualit\u00e9-prix tout en conservant les qualit\u00e9s de confort et de polyvalence qui font la r\u00e9putation du Vivaro. Son prix attractif en fait une option privil\u00e9gi\u00e9e pour les familles nombreuses ou les professionnels.<\/p>\n<h2>Vivaro Combi ou transporter : quelles diff\u00e9rences de prix ?<\/h2>\n<p>Le Vivaro Combi se distingue par son orientation passagers, offrant un confort sup\u00e9rieur comparable \u00e0 celui d&rsquo;une berline familiale. Avec sa capacit\u00e9 d&rsquo;accueillir jusqu&rsquo;\u00e0 neuf personnes, ce mod\u00e8le repr\u00e9sente une solution id\u00e9ale pour les \u00e9quipes sportives ou les familles nombreuses.<\/p>\n<p>C\u00f4t\u00e9 tarifs, le Vivaro Combi affiche un rapport qualit\u00e9-prix particuli\u00e8rement attractif compar\u00e9 aux autres transporteurs de sa cat\u00e9gorie, avec des prix d\u00e9butant autour de 36 250 \u20ac* pour les versions diesel. La version \u00e9lectrique du Vivaro Combi, disponible \u00e0 partir de 41 000 \u20ac*, b\u00e9n\u00e9ficie \u00e9galement du bonus \u00e9cologique. Pour un v\u00e9hicule polyvalent et \u00e9conomique, l&rsquo;<a href=\"https:\/\/www.bymycar.fr\/v\/opel-vivaro-occasion\">Opel Vivaro d&rsquo;occasion<\/a> chez BYmyCAR repr\u00e9sente une alternative encore plus avantageuse.<\/p>\n<h2>Quels facteurs influent sur le prix d&rsquo;un Vivaro ?<\/h2>\n<ul>\n<li><strong>L&rsquo;ann\u00e9e de mise en circulation<\/strong> : les mod\u00e8les r\u00e9cents conservent une valeur plus \u00e9lev\u00e9e<\/li>\n<li><strong>La motorisation<\/strong> : les versions diesel restent majoritaires, tandis que les \u00e9lectriques affichent un prix sup\u00e9rieur<\/li>\n<li><strong>Le kilom\u00e9trage<\/strong> : facteur d\u00e9terminant dans la d\u00e9cote du v\u00e9hicule<\/li>\n<li><strong>La configuration<\/strong> : les versions longues L2 sont g\u00e9n\u00e9ralement plus on\u00e9reuses que les L1<\/li>\n<li><strong>Les \u00e9quipements et options<\/strong> : climatisation, GPS, portes lat\u00e9rales coulissantes influencent significativement la valeur<\/li>\n<\/ul>\n<h2>Garantie constructeur et entretien : s\u00e9curiser votre investissement<\/h2>\n<p>L&rsquo;Opel Vivaro b\u00e9n\u00e9ficie d&rsquo;une garantie constructeur de 24 mois sans limitation de kilom\u00e9trage, couvrant les r\u00e9parations et le remplacement des pi\u00e8ces. Cette protection peut \u00eatre \u00e9tendue jusqu&rsquo;\u00e0 8 ans (ou 160 000 km) en r\u00e9alisant l&rsquo;entretien r\u00e9gulier dans le r\u00e9seau Opel.<\/p>\n<p>Pour la version \u00e9lectrique e-Vivaro, le bonus \u00e9cologique s&rsquo;applique, rendant ce v\u00e9hicule professionnel encore plus accessible. Chez BYmyCAR, nous vous accompagnons pour optimiser cette garantie et maintenir votre utilitaire dans des conditions optimales.<\/p>\n<h2>Nos astuces pour trouver le meilleur Opel Vivaro<\/h2>\n<ul>\n<li>Utilisez les filtres de recherche BYmyCAR pour affiner vos crit\u00e8res (motorisation, ann\u00e9e, prix)<\/li>\n<li>Comparez les historiques d&rsquo;entretien certifi\u00e9s par BYmyCAR pour garantir la fiabilit\u00e9<\/li>\n<li>Privil\u00e9giez un Opel Vivaro avec un kilom\u00e9trage adapt\u00e9 \u00e0 votre usage professionnel<\/li>\n<li>Planifiez un essai routier pour confirmer votre choix et ressentir le confort de conduite<\/li>\n<\/ul>\n<h2>FAQ sur le prix d&rsquo;un Opel Vivaro d&rsquo;occasion<\/h2>\n<h3>Est-ce que l&rsquo;Opel Vivaro est fiable ?<\/h3>\n<p>L&rsquo;Opel Vivaro se distingue par sa fiabilit\u00e9 reconnue, particuli\u00e8rement avec les motorisations 1.9 dci et 2.0 dci \u00e0 distribution par courroie. Ces versions offrent un excellent compromis entre performance, confort de conduite et durabilit\u00e9.<\/p>\n<h3>Quel est le prix d&rsquo;un Opel Vivaro d&rsquo;occasion ?<\/h3>\n<p>Un Opel Vivaro d&rsquo;occasion se n\u00e9gocie entre 15 000 \u20ac* et 35 000 \u20ac* selon l&rsquo;ann\u00e9e, le kilom\u00e9trage et la version. Les mod\u00e8les r\u00e9cents (2024-2025) bien \u00e9quip\u00e9s se situent g\u00e9n\u00e9ralement autour de 28 000 \u20ac*.<\/p>\n<h3>Quel est le prix d&rsquo;un van Opel Vivaro am\u00e9nag\u00e9 d&rsquo;occasion ?<\/h3>\n<p>Prix d&rsquo;un Opel Vivaro am\u00e9nag\u00e9 d&rsquo;occasion : comptez entre 15 000 \u20ac* et 32 000 \u20ac* selon l&rsquo;ann\u00e9e et le type d&rsquo;am\u00e9nagement. Les mod\u00e8les r\u00e9cents avec \u00e9quipements complets peuvent atteindre 56 000 \u20ac*.<\/p>\n<p><em>*Les prix mentionn\u00e9s sont donn\u00e9s \u00e0 titre indicatif et ont \u00e9t\u00e9 constat\u00e9s au moment de la r\u00e9daction. Ils sont susceptibles d&rsquo;\u00e9voluer. Pour obtenir une information exacte et \u00e0 jour, nous vous recommandons de contacter directement votre concession BYmyCAR.<\/em><\/p>\n"}}]},"add-carousel-to-footer":true},"yoast_head":"<!-- This site is optimized with the Yoast SEO Premium plugin v26.4 (Yoast SEO v26.4) - https:\/\/yoast.com\/wordpress\/plugins\/seo\/ -->\n<title>Quel prix pour un Opel Vivaro d&#039;occasion ?<\/title>\n<meta name=\"robots\" content=\"index, follow, max-snippet:-1, max-image-preview:large, max-video-preview:-1\" \/>\n<link rel=\"canonical\" href=\"https:\/\/www.bymycar.fr\/webzine\/quel-prix-pour-un-opel-vivaro-doccasion\/\" \/>\n<meta property=\"og:locale\" content=\"fr_FR\" \/>\n<meta property=\"og:type\" content=\"article\" \/>\n<meta property=\"og:title\" content=\"Quel prix pour un Opel Vivaro d&#039;occasion ?\" \/>\n<meta property=\"og:url\" content=\"https:\/\/www.bymycar.fr\/webzine\/quel-prix-pour-un-opel-vivaro-doccasion\/\" \/>\n<meta property=\"og:site_name\" content=\"Webzine auto BYmyCAR\" \/>\n<meta property=\"article:published_time\" content=\"2025-10-08T13:48:05+00:00\" \/>\n<meta name=\"author\" content=\"Tom Fernandes\" \/>\n<meta name=\"twitter:card\" content=\"summary_large_image\" \/>\n<meta name=\"twitter:label1\" content=\"\u00c9crit par\" \/>\n\t<meta name=\"twitter:data1\" content=\"Tom Fernandes\" \/>\n<script type=\"application\/ld+json\" class=\"yoast-schema-graph\">{\"@context\":\"https:\/\/schema.org\",\"@graph\":[{\"@type\":\"Article\",\"@id\":\"https:\/\/www.bymycar.fr\/webzine\/quel-prix-pour-un-opel-vivaro-doccasion\/#article\",\"isPartOf\":{\"@id\":\"https:\/\/www.bymycar.fr\/webzine\/quel-prix-pour-un-opel-vivaro-doccasion\/\"},\"author\":{\"name\":\"Tom Fernandes\",\"@id\":\"https:\/\/www.bymycar.fr\/webzine\/#\/schema\/person\/5512d79b8d2dfe306dc0b5794eba0c76\"},\"headline\":\"Quel prix pour un Opel Vivaro d&rsquo;occasion ?\",\"datePublished\":\"2025-10-08T13:48:05+00:00\",\"mainEntityOfPage\":{\"@id\":\"https:\/\/www.bymycar.fr\/webzine\/quel-prix-pour-un-opel-vivaro-doccasion\/\"},\"wordCount\":8,\"publisher\":{\"@id\":\"https:\/\/www.bymycar.fr\/webzine\/#organization\"},\"articleSection\":[\"Guide d'achat Opel\"],\"inLanguage\":\"fr-FR\"},{\"@type\":\"WebPage\",\"@id\":\"https:\/\/www.bymycar.fr\/webzine\/quel-prix-pour-un-opel-vivaro-doccasion\/\",\"url\":\"https:\/\/www.bymycar.fr\/webzine\/quel-prix-pour-un-opel-vivaro-doccasion\/\",\"name\":\"Quel prix pour un Opel Vivaro d'occasion ?\",\"isPartOf\":{\"@id\":\"https:\/\/www.bymycar.fr\/webzine\/#website\"},\"datePublished\":\"2025-10-08T13:48:05+00:00\",\"breadcrumb\":{\"@id\":\"https:\/\/www.bymycar.fr\/webzine\/quel-prix-pour-un-opel-vivaro-doccasion\/#breadcrumb\"},\"inLanguage\":\"fr-FR\",\"potentialAction\":[{\"@type\":\"ReadAction\",\"target\":[\"https:\/\/www.bymycar.fr\/webzine\/quel-prix-pour-un-opel-vivaro-doccasion\/\"]}]},{\"@type\":\"BreadcrumbList\",\"@id\":\"https:\/\/www.bymycar.fr\/webzine\/quel-prix-pour-un-opel-vivaro-doccasion\/#breadcrumb\",\"itemListElement\":[{\"@type\":\"ListItem\",\"position\":1,\"name\":\"Accueil\",\"item\":\"https:\/\/www.bymycar.fr\/webzine\/\"},{\"@type\":\"ListItem\",\"position\":2,\"name\":\"Quel prix pour un Opel Vivaro d&rsquo;occasion ?\"}]},{\"@type\":\"WebSite\",\"@id\":\"https:\/\/www.bymycar.fr\/webzine\/#website\",\"url\":\"https:\/\/www.bymycar.fr\/webzine\/\",\"name\":\"Webzine auto BYmyCAR\",\"description\":\"La magazine auto de BYmyCAR\",\"publisher\":{\"@id\":\"https:\/\/www.bymycar.fr\/webzine\/#organization\"},\"potentialAction\":[{\"@type\":\"SearchAction\",\"target\":{\"@type\":\"EntryPoint\",\"urlTemplate\":\"https:\/\/www.bymycar.fr\/webzine\/?s={search_term_string}\"},\"query-input\":{\"@type\":\"PropertyValueSpecification\",\"valueRequired\":true,\"valueName\":\"search_term_string\"}}],\"inLanguage\":\"fr-FR\"},{\"@type\":\"Organization\",\"@id\":\"https:\/\/www.bymycar.fr\/webzine\/#organization\",\"name\":\"BYmyCAR\",\"url\":\"https:\/\/www.bymycar.fr\/webzine\/\",\"logo\":{\"@type\":\"ImageObject\",\"inLanguage\":\"fr-FR\",\"@id\":\"https:\/\/www.bymycar.fr\/webzine\/#\/schema\/logo\/image\/\",\"url\":\"https:\/\/cdn.bymycar.eu\/fr-webzine\/wp-content\/uploads\/medias\/2017\/08\/logo_DEALER_00000406_001.png\",\"contentUrl\":\"https:\/\/cdn.bymycar.eu\/fr-webzine\/wp-content\/uploads\/medias\/2017\/08\/logo_DEALER_00000406_001.png\",\"width\":2132,\"height\":720,\"caption\":\"BYmyCAR\"},\"image\":{\"@id\":\"https:\/\/www.bymycar.fr\/webzine\/#\/schema\/logo\/image\/\"}},{\"@type\":\"Person\",\"@id\":\"https:\/\/www.bymycar.fr\/webzine\/#\/schema\/person\/5512d79b8d2dfe306dc0b5794eba0c76\",\"name\":\"Tom Fernandes\",\"image\":{\"@type\":\"ImageObject\",\"inLanguage\":\"fr-FR\",\"@id\":\"https:\/\/www.bymycar.fr\/webzine\/#\/schema\/person\/image\/\",\"url\":\"https:\/\/secure.gravatar.com\/avatar\/81b17c0cc5a6f1f7f394984269a7cbad9c7cca9604839da024242cf665051fbf?s=96&d=mm&r=g\",\"contentUrl\":\"https:\/\/secure.gravatar.com\/avatar\/81b17c0cc5a6f1f7f394984269a7cbad9c7cca9604839da024242cf665051fbf?s=96&d=mm&r=g\",\"caption\":\"Tom Fernandes\"}}]}<\/script>\n<!-- \/ Yoast SEO Premium plugin. -->","yoast_head_json":{"title":"Quel prix pour un Opel Vivaro d'occasion ?","robots":{"index":"index","follow":"follow","max-snippet":"max-snippet:-1","max-image-preview":"max-image-preview:large","max-video-preview":"max-video-preview:-1"},"canonical":"https:\/\/www.bymycar.fr\/webzine\/quel-prix-pour-un-opel-vivaro-doccasion\/","og_locale":"fr_FR","og_type":"article","og_title":"Quel prix pour un Opel Vivaro d'occasion ?","og_url":"https:\/\/www.bymycar.fr\/webzine\/quel-prix-pour-un-opel-vivaro-doccasion\/","og_site_name":"Webzine auto BYmyCAR","article_published_time":"2025-10-08T13:48:05+00:00","author":"Tom Fernandes","twitter_card":"summary_large_image","twitter_misc":{"\u00c9crit par":"Tom Fernandes"},"schema":{"@context":"https:\/\/schema.org","@graph":[{"@type":"Article","@id":"https:\/\/www.bymycar.fr\/webzine\/quel-prix-pour-un-opel-vivaro-doccasion\/#article","isPartOf":{"@id":"https:\/\/www.bymycar.fr\/webzine\/quel-prix-pour-un-opel-vivaro-doccasion\/"},"author":{"name":"Tom Fernandes","@id":"https:\/\/www.bymycar.fr\/webzine\/#\/schema\/person\/5512d79b8d2dfe306dc0b5794eba0c76"},"headline":"Quel prix pour un Opel Vivaro d&rsquo;occasion ?","datePublished":"2025-10-08T13:48:05+00:00","mainEntityOfPage":{"@id":"https:\/\/www.bymycar.fr\/webzine\/quel-prix-pour-un-opel-vivaro-doccasion\/"},"wordCount":8,"publisher":{"@id":"https:\/\/www.bymycar.fr\/webzine\/#organization"},"articleSection":["Guide d'achat Opel"],"inLanguage":"fr-FR"},{"@type":"WebPage","@id":"https:\/\/www.bymycar.fr\/webzine\/quel-prix-pour-un-opel-vivaro-doccasion\/","url":"https:\/\/www.bymycar.fr\/webzine\/quel-prix-pour-un-opel-vivaro-doccasion\/","name":"Quel prix pour un Opel Vivaro d'occasion ?","isPartOf":{"@id":"https:\/\/www.bymycar.fr\/webzine\/#website"},"datePublished":"2025-10-08T13:48:05+00:00","breadcrumb":{"@id":"https:\/\/www.bymycar.fr\/webzine\/quel-prix-pour-un-opel-vivaro-doccasion\/#breadcrumb"},"inLanguage":"fr-FR","potentialAction":[{"@type":"ReadAction","target":["https:\/\/www.bymycar.fr\/webzine\/quel-prix-pour-un-opel-vivaro-doccasion\/"]}]},{"@type":"BreadcrumbList","@id":"https:\/\/www.bymycar.fr\/webzine\/quel-prix-pour-un-opel-vivaro-doccasion\/#breadcrumb","itemListElement":[{"@type":"ListItem","position":1,"name":"Accueil","item":"https:\/\/www.bymycar.fr\/webzine\/"},{"@type":"ListItem","position":2,"name":"Quel prix pour un Opel Vivaro d&rsquo;occasion ?"}]},{"@type":"WebSite","@id":"https:\/\/www.bymycar.fr\/webzine\/#website","url":"https:\/\/www.bymycar.fr\/webzine\/","name":"Webzine auto BYmyCAR","description":"La magazine auto de BYmyCAR","publisher":{"@id":"https:\/\/www.bymycar.fr\/webzine\/#organization"},"potentialAction":[{"@type":"SearchAction","target":{"@type":"EntryPoint","urlTemplate":"https:\/\/www.bymycar.fr\/webzine\/?s={search_term_string}"},"query-input":{"@type":"PropertyValueSpecification","valueRequired":true,"valueName":"search_term_string"}}],"inLanguage":"fr-FR"},{"@type":"Organization","@id":"https:\/\/www.bymycar.fr\/webzine\/#organization","name":"BYmyCAR","url":"https:\/\/www.bymycar.fr\/webzine\/","logo":{"@type":"ImageObject","inLanguage":"fr-FR","@id":"https:\/\/www.bymycar.fr\/webzine\/#\/schema\/logo\/image\/","url":"https:\/\/cdn.bymycar.eu\/fr-webzine\/wp-content\/uploads\/medias\/2017\/08\/logo_DEALER_00000406_001.png","contentUrl":"https:\/\/cdn.bymycar.eu\/fr-webzine\/wp-content\/uploads\/medias\/2017\/08\/logo_DEALER_00000406_001.png","width":2132,"height":720,"caption":"BYmyCAR"},"image":{"@id":"https:\/\/www.bymycar.fr\/webzine\/#\/schema\/logo\/image\/"}},{"@type":"Person","@id":"https:\/\/www.bymycar.fr\/webzine\/#\/schema\/person\/5512d79b8d2dfe306dc0b5794eba0c76","name":"Tom Fernandes","image":{"@type":"ImageObject","inLanguage":"fr-FR","@id":"https:\/\/www.bymycar.fr\/webzine\/#\/schema\/person\/image\/","url":"https:\/\/secure.gravatar.com\/avatar\/81b17c0cc5a6f1f7f394984269a7cbad9c7cca9604839da024242cf665051fbf?s=96&d=mm&r=g","contentUrl":"https:\/\/secure.gravatar.com\/avatar\/81b17c0cc5a6f1f7f394984269a7cbad9c7cca9604839da024242cf665051fbf?s=96&d=mm&r=g","caption":"Tom Fernandes"}}]}},"_links":{"self":[{"href":"https:\/\/www.bymycar.fr\/webzine\/wp-json\/wp\/v2\/posts\/61108","targetHints":{"allow":["GET"]}}],"collection":[{"href":"https:\/\/www.bymycar.fr\/webzine\/wp-json\/wp\/v2\/posts"}],"about":[{"href":"https:\/\/www.bymycar.fr\/webzine\/wp-json\/wp\/v2\/types\/post"}],"author":[{"embeddable":true,"href":"https:\/\/www.bymycar.fr\/webzine\/wp-json\/wp\/v2\/users\/87"}],"replies":[{"embeddable":true,"href":"https:\/\/www.bymycar.fr\/webzine\/wp-json\/wp\/v2\/comments?post=61108"}],"version-history":[{"count":2,"href":"https:\/\/www.bymycar.fr\/webzine\/wp-json\/wp\/v2\/posts\/61108\/revisions"}],"predecessor-version":[{"id":61111,"href":"https:\/\/www.bymycar.fr\/webzine\/wp-json\/wp\/v2\/posts\/61108\/revisions\/61111"}],"wp:attachment":[{"href":"https:\/\/www.bymycar.fr\/webzine\/wp-json\/wp\/v2\/media?parent=61108"}],"wp:term":[{"taxonomy":"category","embeddable":true,"href":"https:\/\/www.bymycar.fr\/webzine\/wp-json\/wp\/v2\/categories?post=61108"},{"taxonomy":"post_tag","embeddable":true,"href":"https:\/\/www.bymycar.fr\/webzine\/wp-json\/wp\/v2\/tags?post=61108"}],"curies":[{"name":"wp","href":"https:\/\/api.w.org\/{rel}","templated":true}]}}