{"id":61104,"date":"2025-10-08T15:36:23","date_gmt":"2025-10-08T13:36:23","guid":{"rendered":"https:\/\/www.bymycar.fr\/webzine\/?p=61104"},"modified":"2025-10-08T15:36:23","modified_gmt":"2025-10-08T13:36:23","slug":"lopel-vivaro-est-il-fiable-en-occasion","status":"publish","type":"post","link":"https:\/\/www.bymycar.fr\/webzine\/lopel-vivaro-est-il-fiable-en-occasion\/","title":{"rendered":"L&rsquo;Opel Vivaro est-il fiable en occasion ?"},"content":{"rendered":"","protected":false},"excerpt":{"rendered":"","protected":false},"author":87,"featured_media":0,"comment_status":"closed","ping_status":"closed","sticky":false,"template":"","format":"standard","meta":{"_acf_changed":false,"footnotes":""},"categories":[12919],"tags":[],"class_list":["post-61104","post","type-post","status-publish","format-standard","hentry","category-guide-dachat-opel"],"acf":{"image":{"ID":61105,"id":61105,"title":"OpelVivaro-e_511685 (1)","filename":"OpelVivaro-e_511685-1-scaled.jpg","filesize":280328,"url":"https:\/\/cdn.bymycar.eu\/fr-webzine\/wp-content\/uploads\/medias\/OpelVivaro-e_511685-1-scaled.jpg","link":"https:\/\/www.bymycar.fr\/webzine\/lopel-vivaro-est-il-fiable-en-occasion\/opelvivaro-e_511685-1\/","alt":"Opel Vivaro","author":"87","description":"","caption":"","name":"opelvivaro-e_511685-1","status":"inherit","uploaded_to":61104,"date":"2025-10-08 13:33:19","modified":"2025-10-08 13:33:43","menu_order":0,"mime_type":"image\/jpeg","type":"image","subtype":"jpeg","icon":"https:\/\/www.bymycar.fr\/webzine\/wp-includes\/images\/media\/default.png","width":2560,"height":1600,"sizes":{"thumbnail":"https:\/\/cdn.bymycar.eu\/fr-webzine\/wp-content\/uploads\/medias\/OpelVivaro-e_511685-1-150x150.jpg","thumbnail-width":150,"thumbnail-height":150,"medium":"https:\/\/cdn.bymycar.eu\/fr-webzine\/wp-content\/uploads\/medias\/OpelVivaro-e_511685-1-300x188.jpg","medium-width":300,"medium-height":188,"medium_large":"https:\/\/cdn.bymycar.eu\/fr-webzine\/wp-content\/uploads\/medias\/OpelVivaro-e_511685-1-768x480.jpg","medium_large-width":768,"medium_large-height":480,"large":"https:\/\/cdn.bymycar.eu\/fr-webzine\/wp-content\/uploads\/medias\/OpelVivaro-e_511685-1-1024x640.jpg","large-width":1024,"large-height":640,"1536x1536":"https:\/\/cdn.bymycar.eu\/fr-webzine\/wp-content\/uploads\/medias\/OpelVivaro-e_511685-1-1536x960.jpg","1536x1536-width":1536,"1536x1536-height":960,"2048x2048":"https:\/\/cdn.bymycar.eu\/fr-webzine\/wp-content\/uploads\/medias\/OpelVivaro-e_511685-1-2048x1280.jpg","2048x2048-width":2048,"2048x2048-height":1280}},"introduction":"<p><strong>Ce qu&rsquo;il faut retenir<\/strong><\/p>\n<ul>\n<li>L&rsquo;Opel Vivaro offre une fiabilit\u00e9 globalement satisfaisante en occasion, particuli\u00e8rement sur les motorisations 1.9 et 2.0 dci, avec une consommation ma\u00eetris\u00e9e entre 6 et 7 litres aux 100 km et des co\u00fbts d&rsquo;entretien contenus \u00e0 partir de 189 \u20ac* pour une r\u00e9vision simple.<\/li>\n<li>Les versions recommand\u00e9es sont le 1.9 dci et 2.0 dci \u00e0 distribution par courroie, tandis que le 1.6 dci pr\u00e9sente une fiabilit\u00e9 plus incertaine. Le Vivaro-e \u00e9lectrique constitue une alternative pertinente pour les zones \u00e0 faibles \u00e9missions avec jusqu&rsquo;\u00e0 330 km d&rsquo;autonomie.<\/li>\n<li>Les points de vigilance concernent principalement le syst\u00e8me d&rsquo;injection et la bo\u00eete de vitesses sur les mod\u00e8les fortement kilom\u00e9tr\u00e9s. Un entretien r\u00e9gulier selon les pr\u00e9conisations du constructeur et un historique complet sont indispensables pour garantir la long\u00e9vit\u00e9 du v\u00e9hicule.<\/li>\n<\/ul>\n<p>Vous envisagez d&rsquo;acqu\u00e9rir un Opel Vivaro sur le march\u00e9 de l&rsquo;occasion ? Ce v\u00e9hicule utilitaire, reconnu pour sa polyvalence et son confort, m\u00e9rite une analyse approfondie avant de franchir le pas. Notre guide complet vous accompagne dans votre r\u00e9flexion en examinant les diff\u00e9rentes g\u00e9n\u00e9rations du mod\u00e8le, les points de fiabilit\u00e9 \u00e0 surveiller, les co\u00fbts d&rsquo;entretien \u00e0 pr\u00e9voir, ainsi que les questions fr\u00e9quemment pos\u00e9es. D\u00e9couvrez si ce fourgon compact, appr\u00e9ci\u00e9 tant par les professionnels que les particuliers, repr\u00e9sente un choix judicieux pour vos besoins quotidiens.<\/p>\n","add-to-bo":false,"page_content":{"block_content":[{"acf_fc_layout":"carousel-produits"},{"acf_fc_layout":"text-simple","--nav":{"-withNav":false,"-ancre":""},"--group":{"-text":"<h2>Pr\u00e9sentation g\u00e9n\u00e9rale de l&rsquo;Opel Vivaro d&rsquo;occasion<\/h2>\n<h3>Caract\u00e9ristiques cl\u00e9s et conception intelligente<\/h3>\n<p>L&rsquo;Opel Vivaro d&rsquo;occasion se distingue par ses caract\u00e9ristiques cl\u00e9s qui en font un utilitaire particuli\u00e8rement adapt\u00e9 aux besoins professionnels vari\u00e9s. Disponible en plusieurs versions et longueurs, ce v\u00e9hicule allie praticit\u00e9 et confort de conduite. Sa conception intelligente int\u00e8gre le syst\u00e8me Flex Cargo qui permet d&rsquo;augmenter la longueur utile pour le transport de charges volumineuses. L&rsquo;habitacle b\u00e9n\u00e9ficie d&rsquo;un traitement automobile avec une insonorisation particuli\u00e8rement soign\u00e9e, offrant ainsi un agr\u00e9ment de conduite qui place le Vivaro en t\u00eate de sa cat\u00e9gorie. Les motorisations disponibles (diesel, essence et m\u00eame \u00e9lectrique sur les mod\u00e8les r\u00e9cents) garantissent des performances adapt\u00e9es \u00e0 tous les usages, qu&rsquo;il s&rsquo;agisse de d\u00e9placements urbains ou de longs trajets avec charges lourdes.<\/p>\n<h3>Espace int\u00e9rieur et capacit\u00e9 de chargement<\/h3>\n<p>L&rsquo;espace int\u00e9rieur du Vivaro est con\u00e7u pour maximiser la capacit\u00e9 de chargement tout en maintenant un encombrement ext\u00e9rieur contenu. Selon les versions, ce v\u00e9hicule utilitaire offre :<\/p>\n<ul>\n<li>Fourgon court : volume de chargement d&rsquo;environ 5 m\u00b3<\/li>\n<li>Fourgon long : volume utile d&rsquo;environ 6 m\u00b3<\/li>\n<li>Version sur\u00e9lev\u00e9e : volume de 8,36 m\u00b3 avec longueur de chargement de 2,80 m<\/li>\n<li>Plusieurs configurations d&rsquo;am\u00e9nagement int\u00e9rieur possibles<\/li>\n<\/ul>\n<p>Le syst\u00e8me Moduwork permet d&rsquo;optimiser l&rsquo;espace disponible, tandis que les doubles portes lat\u00e9rales coulissantes facilitent consid\u00e9rablement l&rsquo;acc\u00e8s au chargement. Cette conception flexible r\u00e9pond parfaitement aux exigences des professionnels en qu\u00eate d&rsquo;un v\u00e9hicule pratique et fonctionnel pour le transport de marchandises.<\/p>\n<h3>Polyvalence pour les besoins professionnels<\/h3>\n<p>La polyvalence est l&rsquo;atout ma\u00eetre du Vivaro d&rsquo;occasion, qui s&rsquo;adapte \u00e0 une multitude de besoins professionnels. Que vous soyez artisan, commer\u00e7ant ou responsable d&rsquo;une flotte d&rsquo;entreprise, ce v\u00e9hicule utilitaire offre des solutions adapt\u00e9es \u00e0 chaque m\u00e9tier. Sa modularit\u00e9 permet de l&rsquo;am\u00e9nager selon vos exigences sp\u00e9cifiques gr\u00e2ce \u00e0 des options comme le Pack Artisan avec protections plancher et syst\u00e8me d&rsquo;arrimage modulable. Disponible \u00e9galement en version plateau-ridelles depuis 2007, le Vivaro peut r\u00e9pondre \u00e0 des besoins tr\u00e8s vari\u00e9s. Sa maniabilit\u00e9 similaire \u00e0 celle d&rsquo;une voiture, combin\u00e9e \u00e0 ses capacit\u00e9s de chargement impressionnantes, en fait un partenaire de travail id\u00e9al pour les professionnels exigeants recherchant un utilitaire fiable et performant.<\/p>\n<h2>Versions transporter Vivaro : g\u00e9n\u00e9rations et moteurs<\/h2>\n<h3>Premi\u00e8re et deuxi\u00e8me g\u00e9n\u00e9rations<\/h3>\n<p>L&rsquo;Opel Vivaro a connu un parcours remarquable depuis son lancement en 2001. La premi\u00e8re g\u00e9n\u00e9ration, produite jusqu&rsquo;en 2014, s&rsquo;est impos\u00e9e comme un utilitaire fiable et fonctionnel, \u00e9quip\u00e9 notamment de moteurs diesel 1.9 CDTI d\u00e9veloppant jusqu&rsquo;\u00e0 100 ch. En 2014, Opel a lanc\u00e9 la deuxi\u00e8me g\u00e9n\u00e9ration du Vivaro, bas\u00e9e sur la plateforme Renault Trafic, avec une offre moteur \u00e9voluant vers un bloc 2.0 CDTI plus puissant atteignant 122 ch. Ces deux premi\u00e8res g\u00e9n\u00e9rations ont contribu\u00e9 \u00e0 forger la r\u00e9putation du Vivaro, avec plus d&rsquo;un million d&rsquo;exemplaires produits, confirmant son succ\u00e8s aupr\u00e8s des professionnels.<\/p>\n<h3>Vivaro-e et version \u00e9lectrique<\/h3>\n<p>En 2019, avec l&rsquo;int\u00e9gration d&rsquo;Opel au groupe PSA (devenu Stellantis), le Vivaro a connu une r\u00e9volution majeure avec sa troisi\u00e8me g\u00e9n\u00e9ration. Cette \u00e9volution a permis l&rsquo;arriv\u00e9e du Vivaro-e, premi\u00e8re version 100% \u00e9lectrique du mod\u00e8le. \u00c9quip\u00e9 d&rsquo;un moteur de 136 ch, ce Vivaro \u00e9lectrique propose deux options de batteries (50 ou 75 kWh), offrant une autonomie allant de 230 \u00e0 330 km selon la norme WLTP. Cette version b\u00e9n\u00e9ficie du bonus \u00e9cologique et r\u00e9pond parfaitement aux nouvelles exigences environnementales, tout en conservant les qualit\u00e9s pratiques qui ont fait le succ\u00e8s du mod\u00e8le avec une efficacit\u00e9 \u00e9nerg\u00e9tique remarquable.<\/p>\n<h3>Quel moteur choisir ?<\/h3>\n<p>La gamme actuelle du Vivaro propose plusieurs <a href=\"https:\/\/www.bymycar.fr\/webzine\/quel-moteur-dans-lopel-vivaro\/\">Moteurs<\/a> adapt\u00e9s \u00e0 diff\u00e9rents usages professionnels. Pour les utilisateurs privil\u00e9giant le diesel, les BlueHDi de 100 \u00e0 180 ch offrent un excellent compromis puissance\/consommation. Le bloc de 145 ch peut recevoir la bo\u00eete automatique EAT8 en option, tandis que le 180 ch en est \u00e9quip\u00e9 de s\u00e9rie. Pour une utilisation principalement urbaine ou p\u00e9ri-urbaine, la version \u00e9lectrique Vivaro-e constitue un choix judicieux, avec des co\u00fbts d&rsquo;utilisation r\u00e9duits et une conduite plus souple.<\/p>\n<table>\n<thead>\n<tr>\n<th>G\u00e9n\u00e9ration<\/th>\n<th>P\u00e9riode<\/th>\n<th>Motorisations principales<\/th>\n<th>Puissances<\/th>\n<\/tr>\n<\/thead>\n<tbody>\n<tr>\n<td>1\u00e8re g\u00e9n\u00e9ration<\/td>\n<td>2001-2014<\/td>\n<td>1.9 CDTI (diesel)<\/td>\n<td>80-100 ch<\/td>\n<\/tr>\n<tr>\n<td>2\u00e8me g\u00e9n\u00e9ration<\/td>\n<td>2014-2019<\/td>\n<td>2.0 CDTI (diesel)<\/td>\n<td>90-122 ch<\/td>\n<\/tr>\n<tr>\n<td>3\u00e8me g\u00e9n\u00e9ration<\/td>\n<td>Depuis 2019<\/td>\n<td>BlueHDi (diesel)<\/td>\n<td>100-180 ch<\/td>\n<\/tr>\n<tr>\n<td>3\u00e8me g\u00e9n\u00e9ration<\/td>\n<td>Depuis 2020<\/td>\n<td>\u00c9lectrique<\/td>\n<td>136 ch<\/td>\n<\/tr>\n<\/tbody>\n<\/table>\n<h2>Fiabilit\u00e9 de l&rsquo;Opel Vivaro : points forts et vigilance<\/h2>\n<h3>Points forts et bonne tenue de route<\/h3>\n<p>L&rsquo;Opel Vivaro se distingue par plusieurs atouts majeurs qui en font un utilitaire appr\u00e9ci\u00e9 des professionnels comme des particuliers. Sa fiabilit\u00e9 repose notamment sur une excellente tenue de route et une consommation de carburant ma\u00eetris\u00e9e, avec une moyenne de 6 \u00e0 7 litres aux 100 km en conditions r\u00e9elles. Le v\u00e9hicule offre \u00e9galement un int\u00e9rieur spacieux et fonctionnel, id\u00e9al pour les professionnels en qu\u00eate d&rsquo;un utilitaire polyvalent. Pour la version \u00e9lectrique Vivaro-e, le bonus \u00e9cologique s&rsquo;applique, renfor\u00e7ant son attractivit\u00e9 \u00e9conomique.<\/p>\n<h3>Entretien r\u00e9gulier : cl\u00e9 de la long\u00e9vit\u00e9<\/h3>\n<p>Pour garantir la durabilit\u00e9 de votre Opel Vivaro, un entretien rigoureux selon les pr\u00e9conisations du constructeur est indispensable. La vidange compl\u00e8te doit \u00eatre effectu\u00e9e aux intervalles recommand\u00e9s et comprend le changement du filtre \u00e0 huile, du filtre \u00e0 air, du filtre d&rsquo;habitacle et du filtre \u00e0 gazole pour les versions diesel. Une attention particuli\u00e8re doit \u00eatre port\u00e9e au syst\u00e8me d&rsquo;injection et \u00e0 la bo\u00eete de vitesse, dont l&rsquo;huile doit \u00eatre de qualit\u00e9 optimale.<\/p>\n<blockquote><p><strong>Conseils d&rsquo;entretien essentiels :<\/strong><\/p>\n<ul>\n<li>V\u00e9rifier r\u00e9guli\u00e8rement l&rsquo;\u00e9tat de la goulotte d&rsquo;\u00e9vacuation des eaux du pare-brise<\/li>\n<li>Suivre scrupuleusement le carnet d&rsquo;entretien pour conserver la garantie<\/li>\n<li>Privil\u00e9gier les pi\u00e8ces d&rsquo;origine pour les remplacements<\/li>\n<li>Contr\u00f4ler les niveaux de fluides tous les 5 000 km<\/li>\n<\/ul>\n<\/blockquote>\n<h3>Pertes de puissance et autres sympt\u00f4mes : en douceur<\/h3>\n<p>Certains signes peuvent indiquer un besoin d&rsquo;intervention sur votre Vivaro. Des variations de puissance peuvent parfois survenir, particuli\u00e8rement sur les motorisations diesel. Ces sympt\u00f4mes, g\u00e9n\u00e9ralement progressifs, permettent d&rsquo;anticiper les interventions n\u00e9cessaires. Le syst\u00e8me d&rsquo;injection peut n\u00e9cessiter une attention particuli\u00e8re avec le temps. Bien entretenus, ces \u00e9l\u00e9ments conservent toute leur efficacit\u00e9 et garantissent des performances optimales, m\u00eame apr\u00e8s plusieurs ann\u00e9es d&rsquo;utilisation.<\/p>\n<h3>Pr\u00e9conisations du constructeur et garanties<\/h3>\n<p>Opel recommande des r\u00e9visions compl\u00e8tes \u00e0 intervalles r\u00e9guliers pour maintenir les performances de votre Vivaro. La garantie constructeur couvre votre v\u00e9hicule pendant les premi\u00e8res ann\u00e9es, offrant une tranquillit\u00e9 d&rsquo;esprit appr\u00e9ciable. Pour les mod\u00e8les r\u00e9cents, notamment le Vivaro-e \u00e9lectrique, des garanties sp\u00e9cifiques sur la batterie compl\u00e8tent cette protection. Les ateliers agr\u00e9\u00e9s BYmyCAR disposent de l&rsquo;expertise technique n\u00e9cessaire pour entretenir votre Vivaro selon les standards du constructeur, assurant ainsi sa fiabilit\u00e9 et sa valeur dans le temps.<\/p>\n<h2>Confort de conduite au quotidien<\/h2>\n<h3>Confort de conduite et tableau de bord<\/h3>\n<p>L&rsquo;exp\u00e9rience au volant de ce mod\u00e8le se distingue par un \u00e9quilibre parfait entre souplesse et maintien. Les suspensions soigneusement calibr\u00e9es absorbent efficacement les imperfections de la route, garantissant un confort de conduite exceptionnel m\u00eame sur longues distances. La position de conduite, \u00e9l\u00e9ment fondamental souvent n\u00e9glig\u00e9, a \u00e9t\u00e9 particuli\u00e8rement travaill\u00e9e avec des si\u00e8ges ergonomiques offrant un excellent soutien lombaire. Le tableau de bord, \u00e9pur\u00e9 mais complet, propose une disposition intuitive des commandes et un \u00e9cran num\u00e9rique personnalisable de 10,1 pouces qui centralise toutes les informations essentielles sans d\u00e9tourner l&rsquo;attention de la route.<\/p>\n<h3>Technologie moderne et capteurs de stationnement<\/h3>\n<p>La technologie moderne s&rsquo;invite \u00e0 bord avec une interface multim\u00e9dia r\u00e9active compatible Android Auto et Apple CarPlay, permettant une int\u00e9gration parfaite de votre smartphone. La mise \u00e0 jour \u00ab\u00a0Over the Air\u00a0\u00bb (OTA) des syst\u00e8mes embarqu\u00e9s assure une \u00e9volution constante des fonctionnalit\u00e9s sans passage en atelier. Les man\u0153uvres deviennent un jeu d&rsquo;enfant gr\u00e2ce aux capteurs de stationnement avant et arri\u00e8re, compl\u00e9t\u00e9s par une cam\u00e9ra de recul haute d\u00e9finition avec lignes de guidage dynamiques. La s\u00e9curit\u00e9 n&rsquo;est pas en reste avec un arsenal complet d&rsquo;\u00e9quipements : freinage automatique d&rsquo;urgence, alerte de franchissement de ligne, r\u00e9gulateur de vitesse adaptatif et syst\u00e8me de surveillance des angles morts pour une protection optimale de tous les occupants.<\/p>\n<h2>Vivaro-e : la version \u00e9lectrique pour les zones \u00e0 faibles \u00e9missions<\/h2>\n<h3>Autonomie et efficacit\u00e9 \u00e9nerg\u00e9tique<\/h3>\n<p>Le <a href=\"https:\/\/www.bymycar.fr\/avis-marque\/opel\/vivaro\">Vivaro-e<\/a> s&rsquo;impose comme une solution id\u00e9ale pour les professionnels cherchant \u00e0 maintenir leur activit\u00e9 dans les zones \u00e0 faibles \u00e9missions. Ce fourgon \u00e9lectrique propose deux options de batterie : une version 50 kWh offrant jusqu&rsquo;\u00e0 230 km d&rsquo;autonomie, et une version 75 kWh permettant d&rsquo;atteindre 330 km selon le cycle WLTP. Sa motorisation \u00e9lectrique d\u00e9veloppe 136 ch et 260 Nm de couple, disponibles instantan\u00e9ment, ce qui lui conf\u00e8re une r\u00e9activit\u00e9 appr\u00e9ciable en milieu urbain tout en permettant d&rsquo;atteindre une vitesse maximale de 130 km\/h sur autoroute.<\/p>\n<p>C\u00f4t\u00e9 recharge, le Vivaro-e est \u00e9quip\u00e9 d&rsquo;un chargeur monophas\u00e9 7,4 kW de s\u00e9rie, avec possibilit\u00e9 d&rsquo;opter pour un chargeur triphas\u00e9 11 kW. Sur une borne rapide de 100 kW, la batterie de 50 kWh r\u00e9cup\u00e8re 80% de sa capacit\u00e9 en seulement 30 minutes, optimisant ainsi l&rsquo;efficacit\u00e9 \u00e9nerg\u00e9tique pour un usage professionnel intensif.<\/p>\n<h3>Avantages fiscaux et bonus \u00e9cologique<\/h3>\n<p>L&rsquo;Opel Vivaro-e b\u00e9n\u00e9ficie de nombreux avantages, notamment pour les entreprises devant s&rsquo;adapter aux restrictions de circulation dans les m\u00e9tropoles. Ce v\u00e9hicule utilitaire z\u00e9ro \u00e9mission permet de circuler sans contrainte dans les zones \u00e0 faibles \u00e9missions mises en place dans les agglom\u00e9rations de plus de 150 000 habitants, conform\u00e9ment aux lois d&rsquo;orientation des mobilit\u00e9s.<\/p>\n<p>Sur le plan \u00e9conomique, le Vivaro-e est \u00e9ligible au bonus \u00e9cologique, ce qui r\u00e9duit significativement son co\u00fbt d&rsquo;acquisition. Sa hauteur inf\u00e9rieure \u00e0 2 m\u00e8tres lui permet d&rsquo;acc\u00e9der aux parkings souterrains, et ses dimensions compactes facilitent les man\u0153uvres en ville. Avec une charge utile maximale de 1 200 kg et un volume de chargement pouvant atteindre 6,6 m\u00b3, ce fourgon \u00e9lectrique conserve les qualit\u00e9s pratiques de son homologue thermique, tout en r\u00e9duisant consid\u00e9rablement les co\u00fbts d&rsquo;utilisation au quotidien.<\/p>\n<h2>Co\u00fbts d&rsquo;entretien et consommation de carburant<\/h2>\n<h3>Entretien r\u00e9gulier et pi\u00e8ces courantes<\/h3>\n<p>L&rsquo;entretien r\u00e9gulier de votre v\u00e9hicule constitue un investissement judicieux pour \u00e9viter les pannes co\u00fbteuses. Chez BYmyCAR, nous vous proposons des forfaits d&rsquo;entretien adapt\u00e9s \u00e0 votre kilom\u00e9trage et au type de motorisation de votre v\u00e9hicule.<\/p>\n<table>\n<thead>\n<tr>\n<th>Type de r\u00e9vision<\/th>\n<th>Kilom\u00e9trage<\/th>\n<th>Prix moyen<\/th>\n<\/tr>\n<\/thead>\n<tbody>\n<tr>\n<td>R\u00e9vision simple<\/td>\n<td>15 000 km<\/td>\n<td>189 \u20ac*<\/td>\n<\/tr>\n<tr>\n<td>R\u00e9vision interm\u00e9diaire<\/td>\n<td>30 000 km<\/td>\n<td>249 \u20ac*<\/td>\n<\/tr>\n<tr>\n<td>R\u00e9vision compl\u00e8te<\/td>\n<td>60 000 km<\/td>\n<td>399 \u20ac*<\/td>\n<\/tr>\n<\/tbody>\n<\/table>\n<p>En planifiant vos interventions selon ce calendrier, vous prolongez la dur\u00e9e de vie de votre v\u00e9hicule tout en pr\u00e9servant sa valeur de revente. Nos techniciens form\u00e9s utilisent des pi\u00e8ces d&rsquo;origine qui garantissent performances et fiabilit\u00e9.<\/p>\n<h3>Consommation de carburant et efficacit\u00e9 sur longues distances<\/h3>\n<p>La ma\u00eetrise de votre consommation de carburant repr\u00e9sente un levier d&rsquo;\u00e9conomie consid\u00e9rable, particuli\u00e8rement sur les longues distances. Les v\u00e9hicules essence modernes affichent une consommation moyenne entre 5,1 et 7,3 litres aux 100 km, tandis que les mod\u00e8les diesel se montrent plus sobres avec 3,2 \u00e0 6,0 litres.<\/p>\n<p>Pour optimiser votre consommation sur autoroute, maintenez une vitesse constante et v\u00e9rifiez r\u00e9guli\u00e8rement la pression de vos pneus. Un entretien \u00e0 jour de votre moteur (filtres propres, bougies en bon \u00e9tat) peut r\u00e9duire votre consommation de carburant jusqu&rsquo;\u00e0 15% sur les trajets longue distance.<\/p>\n<p>Optez pour nos services d&rsquo;entretien chez BYmyCAR pour b\u00e9n\u00e9ficier d&rsquo;un v\u00e9hicule \u00e9conome et performant, m\u00eame apr\u00e8s des milliers de kilom\u00e8tres.<\/p>\n<h2>Avis propri\u00e9taires : que valent leurs exp\u00e9riences ?<\/h2>\n<h3>T\u00e9moignages sur la polyvalence et le confort<\/h3>\n<p>Les propri\u00e9taires d&rsquo;Opel Vivaro sont g\u00e9n\u00e9ralement satisfaits de leur v\u00e9hicule, particuli\u00e8rement pour sa polyvalence professionnelle. Plusieurs t\u00e9moignages recueillis sur les forums sp\u00e9cialis\u00e9s soulignent le confort surprenant pour un utilitaire et la bonne tenue de route. Un artisan propri\u00e9taire depuis 3 ans partage : \u00ab\u00a0Malgr\u00e9 son gabarit, le Vivaro reste tr\u00e8s maniable en ville et offre un confort de conduite que l&rsquo;on n&rsquo;attend pas d&rsquo;un utilitaire\u00a0\u00bb. La position de conduite sur\u00e9lev\u00e9e et l&rsquo;excellente visibilit\u00e9 sont particuli\u00e8rement appr\u00e9ci\u00e9es, tout comme l&rsquo;insonorisation qui r\u00e9duit consid\u00e9rablement la fatigue sur longs trajets.<\/p>\n<p><strong>Points forts selon les propri\u00e9taires :<\/strong><\/p>\n<ul>\n<li>Rapport volume utile\/encombrement ext\u00e9rieur<\/li>\n<li>Confort de conduite sup\u00e9rieur \u00e0 la moyenne de la cat\u00e9gorie<\/li>\n<li>Modularit\u00e9 et facilit\u00e9 d&rsquo;am\u00e9nagement<\/li>\n<li>Fiabilit\u00e9 des motorisations diesel (particuli\u00e8rement 1.9 et 2.0)<\/li>\n<li>Co\u00fbts d&rsquo;entretien ma\u00eetris\u00e9s<\/li>\n<\/ul>\n<h3>R\u00e9sum\u00e9 des forums et \u00e9tudes de fiabilit\u00e9<\/h3>\n<p>Sur le march\u00e9 de l&rsquo;occasion, l&rsquo;Opel Vivaro b\u00e9n\u00e9ficie d&rsquo;une bonne r\u00e9putation de fiabilit\u00e9, surtout pour les motorisations 1.9 et 2.0. Les utilisateurs professionnels sur les forums sp\u00e9cialis\u00e9s soulignent la r\u00e9sistance de ce v\u00e9hicule m\u00eame avec un kilom\u00e9trage \u00e9lev\u00e9. L&rsquo;habitacle bien con\u00e7u et les mat\u00e9riaux robustes sont fr\u00e9quemment mentionn\u00e9s comme des points forts, avec une finition qui r\u00e9siste bien \u00e0 l&rsquo;usage intensif professionnel.<\/p>\n<p>Quelques propri\u00e9taires signalent n\u00e9anmoins des points d&rsquo;am\u00e9lioration, comme les probl\u00e8mes d&rsquo;injecteurs sur certains moteurs diesel et des soucis \u00e9lectroniques sur les mod\u00e8les les plus anciens. Les \u00e9tudes de fiabilit\u00e9 indiquent que le Vivaro se comporte honorablement dans sa cat\u00e9gorie, avec un co\u00fbt d&rsquo;entretien relativement contenu pour un utilitaire. Les versions les plus r\u00e9centes, bas\u00e9es sur la plateforme PSA, semblent encore plus fiables que les g\u00e9n\u00e9rations pr\u00e9c\u00e9dentes, renfor\u00e7ant l&rsquo;attractivit\u00e9 de ce mod\u00e8le sur le march\u00e9 de l&rsquo;occasion pour les professionnels exigeants.<\/p>\n<h2>Bien choisir son Opel Vivaro d&rsquo;occasion<\/h2>\n<p>L&rsquo;Opel Vivaro est un utilitaire polyvalent pris\u00e9 tant pour ses qualit\u00e9s professionnelles que sa fiabilit\u00e9 relative. Avant de vous lancer dans l&rsquo;achat d&rsquo;un mod\u00e8le d&rsquo;occasion, voici les \u00e9l\u00e9ments essentiels \u00e0 consid\u00e9rer pour faire le bon choix chez BYmyCAR.<\/p>\n<h3>Points de contr\u00f4le avant achat<\/h3>\n<p>Examinez attentivement la carrosserie pour d\u00e9tecter d&rsquo;\u00e9ventuels signes de corrosion ou de r\u00e9parations mal effectu\u00e9es. Portez une attention particuli\u00e8re aux injecteurs, point faible reconnu sur certains mod\u00e8les. Les versions 1.9 dci \u00e0 distribution par courroie sont g\u00e9n\u00e9ralement plus fiables que les motorisations 1.6 dci. V\u00e9rifiez \u00e9galement le fonctionnement de la bo\u00eete de vitesses, autre \u00e9l\u00e9ment susceptible de pr\u00e9senter des probl\u00e8mes sur les Vivaro ayant beaucoup roul\u00e9. L&rsquo;historique d&rsquo;entretien complet est indispensable pour s&rsquo;assurer que les r\u00e9visions ont \u00e9t\u00e9 effectu\u00e9es selon les pr\u00e9conisations du constructeur.<\/p>\n<h3>Adapter la configuration \u00e0 vos besoins<\/h3>\n<p>Le Vivaro se d\u00e9cline en plusieurs versions adapt\u00e9es \u00e0 diff\u00e9rents usages professionnels. Disponible en deux longueurs principales, il offre une capacit\u00e9 de chargement allant jusqu&rsquo;\u00e0 6,6 m\u00b3 en version longue, voire 8,36 m\u00b3 en version sur\u00e9lev\u00e9e. Sa charge utile peut atteindre 1285 kg selon les configurations. Le syst\u00e8me Moduwork, qui permet de relever le si\u00e8ge passager pour augmenter l&rsquo;espace de chargement, offre une longueur utile pouvant atteindre 4 m\u00e8tres &#8211; un atout consid\u00e9rable pour transporter des objets longs. \u00c9valuez pr\u00e9cis\u00e9ment vos besoins professionnels avant de choisir la configuration la plus adapt\u00e9e \u00e0 votre activit\u00e9.<\/p>\n<h3>Checklist rapide<\/h3>\n<table>\n<thead>\n<tr>\n<th>\u00c9l\u00e9ment<\/th>\n<th>V\u00e9rification<\/th>\n<\/tr>\n<\/thead>\n<tbody>\n<tr>\n<td>Carrosserie<\/td>\n<td>Traces de corrosion, alignement des panneaux, \u00e9tat des joints<\/td>\n<\/tr>\n<tr>\n<td>Moteur<\/td>\n<td>Fuites d&rsquo;huile, fum\u00e9es anormales, \u00e9tat des injecteurs<\/td>\n<\/tr>\n<tr>\n<td>Bo\u00eete<\/td>\n<td>Passages de vitesses fluides, absence de bruits suspects<\/td>\n<\/tr>\n<tr>\n<td>Entretien<\/td>\n<td>Carnet complet, dates des derni\u00e8res r\u00e9visions, changement courroie<\/td>\n<\/tr>\n<tr>\n<td>\u00c9lectronique<\/td>\n<td>Tableau de bord, syst\u00e8me multim\u00e9dia, climatisation<\/td>\n<\/tr>\n<tr>\n<td>Documents<\/td>\n<td>Certificat d&rsquo;immatriculation, contr\u00f4le technique, factures d&rsquo;entretien<\/td>\n<\/tr>\n<\/tbody>\n<\/table>\n<p>En suivant ces conseils, vous maximiserez vos chances de trouver un <a href=\"https:\/\/www.bymycar.fr\/v\/opel-vivaro-occasion\">Opel Vivaro d&rsquo;occasion<\/a> en bon \u00e9tat et parfaitement adapt\u00e9 \u00e0 vos besoins professionnels. N&rsquo;h\u00e9sitez pas \u00e0 faire appel \u00e0 un expert pour une inspection approfondie avant l&rsquo;achat final.<\/p>\n<h2>FAQ<\/h2>\n<h3>L&rsquo;Opel Vivaro est-il fiable en occasion ?<\/h3>\n<p>L&rsquo;Opel Vivaro offre une fiabilit\u00e9 satisfaisante en occasion, particuli\u00e8rement avec les motorisations 1.9 dci et 2.0 dci. Privil\u00e9giez les mod\u00e8les ayant b\u00e9n\u00e9fici\u00e9 d&rsquo;un entretien r\u00e9gulier et v\u00e9rifiez l&rsquo;\u00e9tanch\u00e9it\u00e9 au niveau des injecteurs pour garantir une long\u00e9vit\u00e9 optimale.<\/p>\n<h3>Quel moteur choisir pour un Opel Vivaro d&rsquo;occasion ?<\/h3>\n<p>Optez pour le 1.9 dci ou le 2.0 dci \u00e0 distribution par courroie, reconnus pour leur robustesse et leur consommation ma\u00eetris\u00e9e. Le 1.9 turbo est particuli\u00e8rement recommand\u00e9 pour sa douceur de conduite, tandis que les versions 1.6 dci sont \u00e0 \u00e9viter pour leur fiabilit\u00e9 plus incertaine.<\/p>\n<h3>Quel kilom\u00e9trage viser pour un utilitaire fiable ?<\/h3>\n<p>Un utilitaire affichant entre 100 000 et 150 000 km reste un bon compromis, \u00e0 condition que l&rsquo;entretien soit scrupuleusement document\u00e9. Pour un Vivaro, privil\u00e9giez des exemplaires ayant moins de 200 000 km, surtout si vous recherchez une utilisation intensive sans surprises m\u00e9caniques.<\/p>\n<h3>Le Vivaro-e convient-il aux zones \u00e0 faibles \u00e9missions ?<\/h3>\n<p>Parfaitement adapt\u00e9, le Vivaro-e en version \u00e9lectrique permet une circulation sans restriction dans toutes les ZFE. Avec z\u00e9ro \u00e9mission locale, il offre aux professionnels l&rsquo;acc\u00e8s aux centres-villes r\u00e9glement\u00e9s tout en conservant les qualit\u00e9s pratiques de la version thermique et b\u00e9n\u00e9ficie du bonus \u00e9cologique.<\/p>\n<p><em>*Les prix mentionn\u00e9s sont donn\u00e9s \u00e0 titre indicatif et ont \u00e9t\u00e9 constat\u00e9s au moment de la r\u00e9daction. Ils sont susceptibles d&rsquo;\u00e9voluer. Pour obtenir une information exacte et \u00e0 jour, nous vous recommandons de contacter directement votre concession BYmyCAR.<\/em><\/p>\n"}}]},"add-carousel-to-footer":true},"yoast_head":"<!-- This site is optimized with the Yoast SEO Premium plugin v26.4 (Yoast SEO v26.4) - https:\/\/yoast.com\/wordpress\/plugins\/seo\/ -->\n<title>L&#039;Opel Vivaro est-il fiable en occasion ?<\/title>\n<meta name=\"robots\" content=\"index, follow, max-snippet:-1, max-image-preview:large, max-video-preview:-1\" \/>\n<link rel=\"canonical\" href=\"https:\/\/www.bymycar.fr\/webzine\/lopel-vivaro-est-il-fiable-en-occasion\/\" \/>\n<meta property=\"og:locale\" content=\"fr_FR\" \/>\n<meta property=\"og:type\" content=\"article\" \/>\n<meta property=\"og:title\" content=\"L&#039;Opel Vivaro est-il fiable en occasion ?\" \/>\n<meta property=\"og:url\" content=\"https:\/\/www.bymycar.fr\/webzine\/lopel-vivaro-est-il-fiable-en-occasion\/\" \/>\n<meta property=\"og:site_name\" content=\"Webzine auto BYmyCAR\" \/>\n<meta property=\"article:published_time\" content=\"2025-10-08T13:36:23+00:00\" \/>\n<meta name=\"author\" content=\"Tom Fernandes\" \/>\n<meta name=\"twitter:card\" content=\"summary_large_image\" \/>\n<meta name=\"twitter:label1\" content=\"\u00c9crit par\" \/>\n\t<meta name=\"twitter:data1\" content=\"Tom Fernandes\" \/>\n<script type=\"application\/ld+json\" class=\"yoast-schema-graph\">{\"@context\":\"https:\/\/schema.org\",\"@graph\":[{\"@type\":\"Article\",\"@id\":\"https:\/\/www.bymycar.fr\/webzine\/lopel-vivaro-est-il-fiable-en-occasion\/#article\",\"isPartOf\":{\"@id\":\"https:\/\/www.bymycar.fr\/webzine\/lopel-vivaro-est-il-fiable-en-occasion\/\"},\"author\":{\"name\":\"Tom Fernandes\",\"@id\":\"https:\/\/www.bymycar.fr\/webzine\/#\/schema\/person\/5512d79b8d2dfe306dc0b5794eba0c76\"},\"headline\":\"L&rsquo;Opel Vivaro est-il fiable en occasion ?\",\"datePublished\":\"2025-10-08T13:36:23+00:00\",\"mainEntityOfPage\":{\"@id\":\"https:\/\/www.bymycar.fr\/webzine\/lopel-vivaro-est-il-fiable-en-occasion\/\"},\"wordCount\":7,\"publisher\":{\"@id\":\"https:\/\/www.bymycar.fr\/webzine\/#organization\"},\"articleSection\":[\"Guide d'achat Opel\"],\"inLanguage\":\"fr-FR\"},{\"@type\":\"WebPage\",\"@id\":\"https:\/\/www.bymycar.fr\/webzine\/lopel-vivaro-est-il-fiable-en-occasion\/\",\"url\":\"https:\/\/www.bymycar.fr\/webzine\/lopel-vivaro-est-il-fiable-en-occasion\/\",\"name\":\"L'Opel Vivaro est-il fiable en occasion ?\",\"isPartOf\":{\"@id\":\"https:\/\/www.bymycar.fr\/webzine\/#website\"},\"datePublished\":\"2025-10-08T13:36:23+00:00\",\"breadcrumb\":{\"@id\":\"https:\/\/www.bymycar.fr\/webzine\/lopel-vivaro-est-il-fiable-en-occasion\/#breadcrumb\"},\"inLanguage\":\"fr-FR\",\"potentialAction\":[{\"@type\":\"ReadAction\",\"target\":[\"https:\/\/www.bymycar.fr\/webzine\/lopel-vivaro-est-il-fiable-en-occasion\/\"]}]},{\"@type\":\"BreadcrumbList\",\"@id\":\"https:\/\/www.bymycar.fr\/webzine\/lopel-vivaro-est-il-fiable-en-occasion\/#breadcrumb\",\"itemListElement\":[{\"@type\":\"ListItem\",\"position\":1,\"name\":\"Accueil\",\"item\":\"https:\/\/www.bymycar.fr\/webzine\/\"},{\"@type\":\"ListItem\",\"position\":2,\"name\":\"L&rsquo;Opel Vivaro est-il fiable en occasion ?\"}]},{\"@type\":\"WebSite\",\"@id\":\"https:\/\/www.bymycar.fr\/webzine\/#website\",\"url\":\"https:\/\/www.bymycar.fr\/webzine\/\",\"name\":\"Webzine auto BYmyCAR\",\"description\":\"La magazine auto de BYmyCAR\",\"publisher\":{\"@id\":\"https:\/\/www.bymycar.fr\/webzine\/#organization\"},\"potentialAction\":[{\"@type\":\"SearchAction\",\"target\":{\"@type\":\"EntryPoint\",\"urlTemplate\":\"https:\/\/www.bymycar.fr\/webzine\/?s={search_term_string}\"},\"query-input\":{\"@type\":\"PropertyValueSpecification\",\"valueRequired\":true,\"valueName\":\"search_term_string\"}}],\"inLanguage\":\"fr-FR\"},{\"@type\":\"Organization\",\"@id\":\"https:\/\/www.bymycar.fr\/webzine\/#organization\",\"name\":\"BYmyCAR\",\"url\":\"https:\/\/www.bymycar.fr\/webzine\/\",\"logo\":{\"@type\":\"ImageObject\",\"inLanguage\":\"fr-FR\",\"@id\":\"https:\/\/www.bymycar.fr\/webzine\/#\/schema\/logo\/image\/\",\"url\":\"https:\/\/cdn.bymycar.eu\/fr-webzine\/wp-content\/uploads\/medias\/2017\/08\/logo_DEALER_00000406_001.png\",\"contentUrl\":\"https:\/\/cdn.bymycar.eu\/fr-webzine\/wp-content\/uploads\/medias\/2017\/08\/logo_DEALER_00000406_001.png\",\"width\":2132,\"height\":720,\"caption\":\"BYmyCAR\"},\"image\":{\"@id\":\"https:\/\/www.bymycar.fr\/webzine\/#\/schema\/logo\/image\/\"}},{\"@type\":\"Person\",\"@id\":\"https:\/\/www.bymycar.fr\/webzine\/#\/schema\/person\/5512d79b8d2dfe306dc0b5794eba0c76\",\"name\":\"Tom Fernandes\",\"image\":{\"@type\":\"ImageObject\",\"inLanguage\":\"fr-FR\",\"@id\":\"https:\/\/www.bymycar.fr\/webzine\/#\/schema\/person\/image\/\",\"url\":\"https:\/\/secure.gravatar.com\/avatar\/81b17c0cc5a6f1f7f394984269a7cbad9c7cca9604839da024242cf665051fbf?s=96&d=mm&r=g\",\"contentUrl\":\"https:\/\/secure.gravatar.com\/avatar\/81b17c0cc5a6f1f7f394984269a7cbad9c7cca9604839da024242cf665051fbf?s=96&d=mm&r=g\",\"caption\":\"Tom Fernandes\"}}]}<\/script>\n<!-- \/ Yoast SEO Premium plugin. -->","yoast_head_json":{"title":"L'Opel Vivaro est-il fiable en occasion ?","robots":{"index":"index","follow":"follow","max-snippet":"max-snippet:-1","max-image-preview":"max-image-preview:large","max-video-preview":"max-video-preview:-1"},"canonical":"https:\/\/www.bymycar.fr\/webzine\/lopel-vivaro-est-il-fiable-en-occasion\/","og_locale":"fr_FR","og_type":"article","og_title":"L'Opel Vivaro est-il fiable en occasion ?","og_url":"https:\/\/www.bymycar.fr\/webzine\/lopel-vivaro-est-il-fiable-en-occasion\/","og_site_name":"Webzine auto BYmyCAR","article_published_time":"2025-10-08T13:36:23+00:00","author":"Tom Fernandes","twitter_card":"summary_large_image","twitter_misc":{"\u00c9crit par":"Tom Fernandes"},"schema":{"@context":"https:\/\/schema.org","@graph":[{"@type":"Article","@id":"https:\/\/www.bymycar.fr\/webzine\/lopel-vivaro-est-il-fiable-en-occasion\/#article","isPartOf":{"@id":"https:\/\/www.bymycar.fr\/webzine\/lopel-vivaro-est-il-fiable-en-occasion\/"},"author":{"name":"Tom Fernandes","@id":"https:\/\/www.bymycar.fr\/webzine\/#\/schema\/person\/5512d79b8d2dfe306dc0b5794eba0c76"},"headline":"L&rsquo;Opel Vivaro est-il fiable en occasion ?","datePublished":"2025-10-08T13:36:23+00:00","mainEntityOfPage":{"@id":"https:\/\/www.bymycar.fr\/webzine\/lopel-vivaro-est-il-fiable-en-occasion\/"},"wordCount":7,"publisher":{"@id":"https:\/\/www.bymycar.fr\/webzine\/#organization"},"articleSection":["Guide d'achat Opel"],"inLanguage":"fr-FR"},{"@type":"WebPage","@id":"https:\/\/www.bymycar.fr\/webzine\/lopel-vivaro-est-il-fiable-en-occasion\/","url":"https:\/\/www.bymycar.fr\/webzine\/lopel-vivaro-est-il-fiable-en-occasion\/","name":"L'Opel Vivaro est-il fiable en occasion ?","isPartOf":{"@id":"https:\/\/www.bymycar.fr\/webzine\/#website"},"datePublished":"2025-10-08T13:36:23+00:00","breadcrumb":{"@id":"https:\/\/www.bymycar.fr\/webzine\/lopel-vivaro-est-il-fiable-en-occasion\/#breadcrumb"},"inLanguage":"fr-FR","potentialAction":[{"@type":"ReadAction","target":["https:\/\/www.bymycar.fr\/webzine\/lopel-vivaro-est-il-fiable-en-occasion\/"]}]},{"@type":"BreadcrumbList","@id":"https:\/\/www.bymycar.fr\/webzine\/lopel-vivaro-est-il-fiable-en-occasion\/#breadcrumb","itemListElement":[{"@type":"ListItem","position":1,"name":"Accueil","item":"https:\/\/www.bymycar.fr\/webzine\/"},{"@type":"ListItem","position":2,"name":"L&rsquo;Opel Vivaro est-il fiable en occasion ?"}]},{"@type":"WebSite","@id":"https:\/\/www.bymycar.fr\/webzine\/#website","url":"https:\/\/www.bymycar.fr\/webzine\/","name":"Webzine auto BYmyCAR","description":"La magazine auto de BYmyCAR","publisher":{"@id":"https:\/\/www.bymycar.fr\/webzine\/#organization"},"potentialAction":[{"@type":"SearchAction","target":{"@type":"EntryPoint","urlTemplate":"https:\/\/www.bymycar.fr\/webzine\/?s={search_term_string}"},"query-input":{"@type":"PropertyValueSpecification","valueRequired":true,"valueName":"search_term_string"}}],"inLanguage":"fr-FR"},{"@type":"Organization","@id":"https:\/\/www.bymycar.fr\/webzine\/#organization","name":"BYmyCAR","url":"https:\/\/www.bymycar.fr\/webzine\/","logo":{"@type":"ImageObject","inLanguage":"fr-FR","@id":"https:\/\/www.bymycar.fr\/webzine\/#\/schema\/logo\/image\/","url":"https:\/\/cdn.bymycar.eu\/fr-webzine\/wp-content\/uploads\/medias\/2017\/08\/logo_DEALER_00000406_001.png","contentUrl":"https:\/\/cdn.bymycar.eu\/fr-webzine\/wp-content\/uploads\/medias\/2017\/08\/logo_DEALER_00000406_001.png","width":2132,"height":720,"caption":"BYmyCAR"},"image":{"@id":"https:\/\/www.bymycar.fr\/webzine\/#\/schema\/logo\/image\/"}},{"@type":"Person","@id":"https:\/\/www.bymycar.fr\/webzine\/#\/schema\/person\/5512d79b8d2dfe306dc0b5794eba0c76","name":"Tom Fernandes","image":{"@type":"ImageObject","inLanguage":"fr-FR","@id":"https:\/\/www.bymycar.fr\/webzine\/#\/schema\/person\/image\/","url":"https:\/\/secure.gravatar.com\/avatar\/81b17c0cc5a6f1f7f394984269a7cbad9c7cca9604839da024242cf665051fbf?s=96&d=mm&r=g","contentUrl":"https:\/\/secure.gravatar.com\/avatar\/81b17c0cc5a6f1f7f394984269a7cbad9c7cca9604839da024242cf665051fbf?s=96&d=mm&r=g","caption":"Tom Fernandes"}}]}},"_links":{"self":[{"href":"https:\/\/www.bymycar.fr\/webzine\/wp-json\/wp\/v2\/posts\/61104","targetHints":{"allow":["GET"]}}],"collection":[{"href":"https:\/\/www.bymycar.fr\/webzine\/wp-json\/wp\/v2\/posts"}],"about":[{"href":"https:\/\/www.bymycar.fr\/webzine\/wp-json\/wp\/v2\/types\/post"}],"author":[{"embeddable":true,"href":"https:\/\/www.bymycar.fr\/webzine\/wp-json\/wp\/v2\/users\/87"}],"replies":[{"embeddable":true,"href":"https:\/\/www.bymycar.fr\/webzine\/wp-json\/wp\/v2\/comments?post=61104"}],"version-history":[{"count":2,"href":"https:\/\/www.bymycar.fr\/webzine\/wp-json\/wp\/v2\/posts\/61104\/revisions"}],"predecessor-version":[{"id":61107,"href":"https:\/\/www.bymycar.fr\/webzine\/wp-json\/wp\/v2\/posts\/61104\/revisions\/61107"}],"wp:attachment":[{"href":"https:\/\/www.bymycar.fr\/webzine\/wp-json\/wp\/v2\/media?parent=61104"}],"wp:term":[{"taxonomy":"category","embeddable":true,"href":"https:\/\/www.bymycar.fr\/webzine\/wp-json\/wp\/v2\/categories?post=61104"},{"taxonomy":"post_tag","embeddable":true,"href":"https:\/\/www.bymycar.fr\/webzine\/wp-json\/wp\/v2\/tags?post=61104"}],"curies":[{"name":"wp","href":"https:\/\/api.w.org\/{rel}","templated":true}]}}