{"id":60970,"date":"2025-10-07T14:17:44","date_gmt":"2025-10-07T12:17:44","guid":{"rendered":"https:\/\/www.bymycar.fr\/webzine\/?p=60970"},"modified":"2025-10-07T14:17:44","modified_gmt":"2025-10-07T12:17:44","slug":"eqa-ou-eqb-2025-quel-suv-electrique-mercedes-choisir","status":"publish","type":"post","link":"https:\/\/www.bymycar.fr\/webzine\/eqa-ou-eqb-2025-quel-suv-electrique-mercedes-choisir\/","title":{"rendered":"EQA ou EQB 2025 : quel SUV \u00e9lectrique Mercedes choisir ?"},"content":{"rendered":"","protected":false},"excerpt":{"rendered":"","protected":false},"author":87,"featured_media":0,"comment_status":"closed","ping_status":"closed","sticky":false,"template":"","format":"standard","meta":{"_acf_changed":false,"footnotes":""},"categories":[12896],"tags":[],"class_list":["post-60970","post","type-post","status-publish","format-standard","hentry","category-guide-dachat-mercedes"],"acf":{"image":{"ID":60971,"id":60971,"title":"23C0289_001 (1)","filename":"23C0289_001-1-scaled.jpg","filesize":562694,"url":"https:\/\/cdn.bymycar.eu\/fr-webzine\/wp-content\/uploads\/medias\/23C0289_001-1-scaled.jpg","link":"https:\/\/www.bymycar.fr\/webzine\/eqa-ou-eqb-2025-quel-suv-electrique-mercedes-choisir\/23c0289_001-1\/","alt":"Mercedes EQA","author":"87","description":"","caption":"","name":"23c0289_001-1","status":"inherit","uploaded_to":60970,"date":"2025-10-07 12:14:35","modified":"2025-10-07 12:14:56","menu_order":0,"mime_type":"image\/jpeg","type":"image","subtype":"jpeg","icon":"https:\/\/www.bymycar.fr\/webzine\/wp-includes\/images\/media\/default.png","width":2560,"height":1517,"sizes":{"thumbnail":"https:\/\/cdn.bymycar.eu\/fr-webzine\/wp-content\/uploads\/medias\/23C0289_001-1-150x150.jpg","thumbnail-width":150,"thumbnail-height":150,"medium":"https:\/\/cdn.bymycar.eu\/fr-webzine\/wp-content\/uploads\/medias\/23C0289_001-1-300x178.jpg","medium-width":300,"medium-height":178,"medium_large":"https:\/\/cdn.bymycar.eu\/fr-webzine\/wp-content\/uploads\/medias\/23C0289_001-1-768x455.jpg","medium_large-width":768,"medium_large-height":455,"large":"https:\/\/cdn.bymycar.eu\/fr-webzine\/wp-content\/uploads\/medias\/23C0289_001-1-1024x607.jpg","large-width":1024,"large-height":607,"1536x1536":"https:\/\/cdn.bymycar.eu\/fr-webzine\/wp-content\/uploads\/medias\/23C0289_001-1-1536x910.jpg","1536x1536-width":1536,"1536x1536-height":910,"2048x2048":"https:\/\/cdn.bymycar.eu\/fr-webzine\/wp-content\/uploads\/medias\/23C0289_001-1-2048x1214.jpg","2048x2048-width":2048,"2048x2048-height":1214}},"introduction":"<p><strong>Ce qu&rsquo;il faut retenir<\/strong><\/p>\n<ul>\n<li>Pour un usage urbain et p\u00e9riurbain, privil\u00e9giez l&rsquo;EQA : plus compact (4,46 m), plus \u00e9conomique en consommation (14,4 kWh\/100 km) et offrant jusqu&rsquo;\u00e0 560 km d&rsquo;autonomie WLTP, il s&rsquo;av\u00e8re id\u00e9al pour les trajets quotidiens malgr\u00e9 un coffre limit\u00e9 \u00e0 340 litres.<\/li>\n<li>Les familles opteront pour l&rsquo;EQB : seul SUV \u00e9lectrique premium proposant 7 places, il offre un volume de coffre g\u00e9n\u00e9reux (675 litres en 5 places), une modularit\u00e9 accrue et une autonomie atteignant 536 km WLTP, le tout pour un prix identique \u00e0 l&rsquo;EQA (\u00e0 partir de 46.950 \u20ac*).<\/li>\n<li>Les deux mod\u00e8les partagent les m\u00eames motorisations (190 \u00e0 292 ch), technologies MBUX et aides \u00e0 la conduite, le choix final d\u00e9pendra donc essentiellement de vos besoins en espace : l&rsquo;EQA pour la maniabilit\u00e9 urbaine, l&rsquo;EQB pour la polyvalence familiale.<\/li>\n<\/ul>\n<p>Vous h\u00e9sitez entre les deux SUV \u00e9lectriques embl\u00e9matiques de Mercedes-Benz ? Ce comparatif d\u00e9taill\u00e9 des mod\u00e8les EQA et EQB restyl\u00e9s 2025 vous aidera \u00e0 faire le meilleur choix. Nous analyserons les sp\u00e9cificit\u00e9s de chaque v\u00e9hicule, leurs performances, autonomie et \u00e9quipements pour vous guider dans votre d\u00e9cision d&rsquo;achat. Ces deux SUV \u00e9lectriques, bien que partageant l&rsquo;ADN Mercedes, pr\u00e9sentent des diff\u00e9rences notables que nous mettrons en lumi\u00e8re pour vous aider \u00e0 identifier celui qui correspond le mieux \u00e0 vos besoins.<\/p>\n","add-to-bo":false,"page_content":{"block_content":[{"acf_fc_layout":"carousel-produits"},{"acf_fc_layout":"text-simple","--nav":{"-withNav":false,"-ancre":""},"--group":{"-text":"<h2>Design, dimensions et habitabilit\u00e9 : Mercedes EQA vs EQB 2025<\/h2>\n<p>Lorsqu&rsquo;il s&rsquo;agit de choisir entre la Mercedes EQA et la Mercedes EQB, les dimensions jouent un r\u00f4le crucial dans la d\u00e9cision. Ces deux SUV \u00e9lectriques de la gamme Mercedes se distinguent par leur gabarit et leur volume utile, s&rsquo;adressant \u00e0 des profils d&rsquo;utilisateurs diff\u00e9rents. Comparons en d\u00e9tail ces deux mod\u00e8les pour vous aider \u00e0 faire le meilleur choix selon vos besoins.<\/p>\n<h3>Dimensions Mercedes EQA<\/h3>\n<p>Le Mercedes EQA 2025 se positionne comme un SUV compact \u00e9lectrique aux dimensions contenues. Avec une longueur de 4 463 mm, une largeur de 1 834 mm et une hauteur de 1 612 mm, ce mod\u00e8le s&rsquo;adapte parfaitement \u00e0 un usage urbain et p\u00e9riurbain. Son empattement de 2 729 mm offre un bon compromis entre maniabilit\u00e9 et espace int\u00e9rieur.<\/p>\n<p>C\u00f4t\u00e9 volume de coffre, le compact EQA propose 340 litres, un chiffre en retrait par rapport \u00e0 son homologue thermique GLA (qui offre 435 litres), la diff\u00e9rence s&rsquo;expliquant par l&rsquo;implantation des batteries sous le plancher. Cette capacit\u00e9 reste toutefois suffisante pour les besoins quotidiens d&rsquo;une famille de taille moyenne.<\/p>\n<p>Bon \u00e0 savoir : le bonus \u00e9cologique s&rsquo;applique \u00e0 ce mod\u00e8le, ce qui renforce son attractivit\u00e9 pour ceux qui recherchent un SUV \u00e9lectrique compact premium.<\/p>\n<h3>Dimensions Mercedes EQB<\/h3>\n<p>Le Mercedes EQB 2025 se d\u00e9marque comme un SUV familial plus imposant avec une longueur de 4 684 mm, soit 221 mm de plus que l&rsquo;EQA. Sa largeur reste identique \u00e0 1 834 mm, tandis que sa hauteur atteint 1 667 mm. L&#8217;empattement plus g\u00e9n\u00e9reux permet d&rsquo;accueillir jusqu&rsquo;\u00e0 7 passagers dans certaines configurations, une exclusivit\u00e9 dans cette cat\u00e9gorie.<\/p>\n<p>Le volume de coffre du Mercedes EQB est nettement plus g\u00e9n\u00e9reux avec 495 litres en configuration 5 places, extensible jusqu&rsquo;\u00e0 1 710 litres une fois la banquette rabattue. Cette capacit\u00e9 fait du EQB un v\u00e9ritable SUV familial adapt\u00e9 aux longs trajets et aux besoins de chargement importants.<\/p>\n<p>Comme pour l&rsquo;EQA, le bonus \u00e9cologique s&rsquo;applique \u00e9galement au EQB, rendant ce mod\u00e8le plus accessible malgr\u00e9 son positionnement premium.<\/p>\n<table>\n<thead>\n<tr>\n<th>Caract\u00e9ristiques<\/th>\n<th>Mercedes EQA<\/th>\n<th>Mercedes EQB<\/th>\n<\/tr>\n<\/thead>\n<tbody>\n<tr>\n<td>Longueur<\/td>\n<td>4 463 mm<\/td>\n<td>4 684 mm<\/td>\n<\/tr>\n<tr>\n<td>Largeur<\/td>\n<td>1 834 mm<\/td>\n<td>1 834 mm<\/td>\n<\/tr>\n<tr>\n<td>Hauteur<\/td>\n<td>1 612 mm<\/td>\n<td>1 667 mm<\/td>\n<\/tr>\n<tr>\n<td>Empattement<\/td>\n<td>2 729 mm<\/td>\n<td>2 829 mm<\/td>\n<\/tr>\n<tr>\n<td>Volume de coffre<\/td>\n<td>340 litres<\/td>\n<td>495 litres (5 places)<\/td>\n<\/tr>\n<\/tbody>\n<\/table>\n<p>En conclusion, si vous recherchez un SUV \u00e9lectrique compact pour un usage principalement urbain, l&rsquo;EQA sera le choix id\u00e9al. Pour les familles nombreuses n\u00e9cessitant plus d&rsquo;espace et un volume de chargement sup\u00e9rieur, le EQB s&rsquo;impose comme la solution la plus adapt\u00e9e. Vous pouvez d&rsquo;ailleurs retrouver des <a href=\"https:\/\/www.bymycar.fr\/v\/mercedes-eqa-occasion\">Mercedes EQA d&rsquo;occasion<\/a> chez BYmyCAR pour d\u00e9couvrir ces mod\u00e8les \u00e0 des tarifs avantageux.<\/p>\n<h2>Motorisations, performances et conduite \u00e9lectrique<\/h2>\n<p>La gamme \u00e9lectrique de Mercedes s&rsquo;\u00e9toffe avec des mod\u00e8les qui allient efficience et plaisir de conduite. Les EQA et EQB repr\u00e9sentent parfaitement cette philosophie, chacun avec ses sp\u00e9cificit\u00e9s techniques et ses atouts en mati\u00e8re de performances.<\/p>\n<h3>Mercedes EQA 250+ : efficience avant tout<\/h3>\n<p>L&rsquo;EQA 250+ se positionne comme la version la plus efficiente de la gamme. Dot\u00e9e d&rsquo;un moteur \u00e9lectrique d\u00e9veloppant 190 ch et un couple g\u00e9n\u00e9reux, cette version propulsion offre une autonomie impressionnante pouvant atteindre 560 km en cycle WLTP. Cette prouesse est rendue possible gr\u00e2ce \u00e0 une optimisation a\u00e9rodynamique pouss\u00e9e et des pneus sp\u00e9cifiques \u00e0 faible r\u00e9sistance au roulement.<\/p>\n<p>En mati\u00e8re de performances, l&rsquo;EQA 250+ n&rsquo;est pas en reste avec un 0 \u00e0 100 km\/h r\u00e9alis\u00e9 en moins de 9 secondes, une valeur tr\u00e8s honorable pour un SUV de ce gabarit. La transmission aux roues avant assure une motricit\u00e9 optimale en conditions normales, tandis que le poids contenu de la batterie, plac\u00e9e sous le plancher, abaisse le centre de gravit\u00e9 pour une tenue de route \u00e9quilibr\u00e9e.<\/p>\n<p>L&rsquo;exp\u00e9rience de conduite se caract\u00e9rise par :<\/p>\n<ul>\n<li>Une acc\u00e9l\u00e9ration lin\u00e9aire et imm\u00e9diate<\/li>\n<li>Un silence de fonctionnement remarquable<\/li>\n<li>Une r\u00e9cup\u00e9ration d&rsquo;\u00e9nergie param\u00e9trable selon plusieurs modes<\/li>\n<li>Une autonomie optimis\u00e9e pour les longs trajets<\/li>\n<\/ul>\n<h3>Mercedes EQB 350 4MATIC : puissance ma\u00eetris\u00e9e<\/h3>\n<p>La version EQB 350 4MATIC monte en puissance avec ses 292 ch et son impressionnant couple de 520 Nm. Cette motorisation plus muscl\u00e9e permet d&rsquo;abattre le 0 \u00e0 100 km\/h en seulement 6,2 secondes, pla\u00e7ant ce SUV familial au niveau de nombreuses berlines sportives.<\/p>\n<p>La transmission int\u00e9grale 4MATIC constitue un \u00e9l\u00e9ment cl\u00e9 de cette version. Le syst\u00e8me r\u00e9partit intelligemment la puissance entre les essieux avant et arri\u00e8re gr\u00e2ce \u00e0 deux moteurs \u00e9lectriques \u00e0 aimant permanent. En conditions normales, la majorit\u00e9 du couple est envoy\u00e9e aux roues arri\u00e8re pour un comportement dynamique, mais la r\u00e9partition s&rsquo;adapte instantan\u00e9ment en cas de perte d&rsquo;adh\u00e9rence, garantissant une s\u00e9curit\u00e9 optimale.<\/p>\n<p>Malgr\u00e9 son poids plus \u00e9lev\u00e9 que la version propulsion, l&rsquo;EQB 350 4MATIC conserve un comportement agile gr\u00e2ce \u00e0 :<\/p>\n<ul>\n<li>Une r\u00e9partition \u00e9quilibr\u00e9e des masses<\/li>\n<li>Un syst\u00e8me de suspension sp\u00e9cifiquement calibr\u00e9<\/li>\n<li>Une gestion \u00e9lectronique sophistiqu\u00e9e de la motricit\u00e9<\/li>\n<li>Une direction pr\u00e9cise et bien calibr\u00e9e<\/li>\n<\/ul>\n<p>Le syst\u00e8me 4MATIC fonctionne en coordination avec diverses technologies embarqu\u00e9es comme l&rsquo;ESP et le contr\u00f4le \u00e9lectronique de traction pour r\u00e9guler avec pr\u00e9cision le comportement de chaque roue, assurant stabilit\u00e9 et s\u00e9curit\u00e9 en toutes circonstances.<\/p>\n<p>Que vous privil\u00e9giez l&rsquo;efficience avec l&rsquo;EQA 250+ ou la puissance ma\u00eetris\u00e9e de l&rsquo;EQB 350 4MATIC, Mercedes propose des motorisations \u00e9lectriques qui r\u00e9pondent aux attentes des conducteurs les plus exigeants, sans compromis sur le plaisir de conduite.<\/p>\n<h2>Autonomie WLTP, batterie et recharge<\/h2>\n<p>L&rsquo;\u00e9lectromobilit\u00e9 chez Mercedes prend une nouvelle dimension avec les mod\u00e8les EQA et EQB, offrant une autonomie impressionnante et des solutions de recharge adapt\u00e9es \u00e0 tous les usages. Ces SUV compacts \u00e9lectriques combinent l&rsquo;\u00e9l\u00e9gance caract\u00e9ristique de la marque avec une technologie de pointe pour une mobilit\u00e9 z\u00e9ro \u00e9mission sans compromis.<\/p>\n<h3>Autonomie Mercedes EQA : jusqu&rsquo;\u00e0 560 km WLTP<\/h3>\n<p>Le Mercedes EQA, r\u00e9cemment restyl\u00e9, franchit un cap d\u00e9cisif en mati\u00e8re d&rsquo;autonomie. Gr\u00e2ce \u00e0 sa nouvelle batterie de 70,5 kWh, ce SUV urbain peut d\u00e9sormais parcourir jusqu&rsquo;\u00e0 560 km selon le cycle WLTP. Cette am\u00e9lioration significative place l&rsquo;EQA parmi les r\u00e9f\u00e9rences de sa cat\u00e9gorie en termes d&rsquo;autonomie. La consommation annonc\u00e9e par Mercedes est particuli\u00e8rement optimis\u00e9e, avec seulement 14,4 kWh\/100 km dans les conditions id\u00e9ales.<\/p>\n<p>En conditions r\u00e9elles d&rsquo;utilisation, l&rsquo;autonomie varie naturellement selon votre style de conduite et les conditions climatiques. Lors d&rsquo;un trajet type de 400 km entre Paris et Lyon, j&rsquo;ai pu constater qu&rsquo;une seule pause recharge \u00e9tait n\u00e9cessaire, permettant de combiner confortablement la pause caf\u00e9 avec le temps de recharge. Sur autoroute, comptez plut\u00f4t sur une autonomie effective d&rsquo;environ 350 km, ce qui reste tr\u00e8s convenable pour un SUV \u00e9lectrique de ce gabarit.<\/p>\n<p>La recharge s&rsquo;effectue en courant alternatif jusqu&rsquo;\u00e0 11 kW, id\u00e9al pour une charge compl\u00e8te durant la nuit. Sur borne rapide, l&rsquo;EQA accepte jusqu&rsquo;\u00e0 100 kW en courant continu, permettant de r\u00e9cup\u00e9rer 80% de batterie en seulement 30 minutes.<\/p>\n<h3>Autonomie Mercedes EQB : capacit\u00e9 et temps de charge<\/h3>\n<p>Le Mercedes EQB, version plus familiale avec possibilit\u00e9 de configuration 7 places, offre \u00e9galement d&rsquo;excellentes prestations en mati\u00e8re d&rsquo;autonomie. Sa batterie de 66,5 kWh utile (69,7 kWh brut) lui conf\u00e8re une autonomie pouvant atteindre 486 km selon le cycle WLTP. Cette capacit\u00e9 \u00e9nerg\u00e9tique permet d&rsquo;envisager sereinement aussi bien les trajets quotidiens que les voyages plus longs.<\/p>\n<p>C\u00f4t\u00e9 recharge, l&rsquo;EQB dispose des m\u00eames capacit\u00e9s que son petit fr\u00e8re avec une puissance maximale de 11 kW en courant alternatif et 100 kW en courant continu. Sur borne rapide, le temps de recharge de 10% \u00e0 80% est d&rsquo;environ 32 minutes, ce qui permet de reprendre rapidement la route lors des longs trajets.<\/p>\n<p>Un atout majeur des mod\u00e8les \u00e9lectriques Mercedes est leur syst\u00e8me de navigation intelligent \u00ab\u00a0Navigation with Electric Intelligence\u00a0\u00bb. Disponible sur les EQA et EQB depuis l&rsquo;ann\u00e9e mod\u00e8le 2023, ce syst\u00e8me planifie automatiquement l&rsquo;itin\u00e9raire optimal en int\u00e9grant les arr\u00eats de recharge n\u00e9cessaires. Il prend en compte de nombreux facteurs comme le trafic, la topographie, la temp\u00e9rature ext\u00e9rieure et m\u00eame le style de conduite pour optimiser l&rsquo;autonomie et minimiser le temps total de trajet.<\/p>\n<h2>Vie \u00e0 bord, technologies MBUX et aides \u00e0 la conduite<\/h2>\n<h3>Int\u00e9rieur Mercedes EQA : ambiance premium compacte<\/h3>\n<p>L&rsquo;habitacle du Mercedes EQA se distingue par une ambiance r\u00e9solument premium et technologique. D\u00e8s l&rsquo;entr\u00e9e \u00e0 bord, l&rsquo;\u0153il est imm\u00e9diatement attir\u00e9 par l&rsquo;interface Zero Layer, v\u00e9ritable centre n\u00e9vralgique du v\u00e9hicule. Cette derni\u00e8re g\u00e9n\u00e9ration du syst\u00e8me MBUX (Mercedes-Benz User Experience) s&rsquo;accompagne d&rsquo;un assistant vocal intelligent activable par la commande \u00ab\u00a0Hey Mercedes\u00a0\u00bb. Le conducteur peut ainsi formuler ses demandes en langage naturel, comme \u00ab\u00a0j&rsquo;ai froid\u00a0\u00bb ou \u00ab\u00a0je cherche un restaurant\u00a0\u00bb, sans avoir \u00e0 utiliser des commandes format\u00e9es. Le nouveau volant multifonction offre une excellente prise en main tout en facilitant l&rsquo;acc\u00e8s aux commandes du SUV.<\/p>\n<p>La finition Business Line, particuli\u00e8rement adapt\u00e9e aux professionnels, propose une sellerie Tissu\/ARTICO noire \u00e9l\u00e9gante, compl\u00e9t\u00e9e par des inserts d\u00e9coratifs Star Pattern. L&rsquo;\u00e9quipement comprend un syst\u00e8me de navigation par disque dur avec r\u00e9alit\u00e9 augment\u00e9e MBUX, un scanner d&#8217;empreinte digitale et un chargeur sans fil pour smartphone. L&rsquo;ambiance \u00e0 bord est personnalisable gr\u00e2ce \u00e0 64 couleurs d&rsquo;\u00e9clairage diff\u00e9rentes, cr\u00e9ant une atmosph\u00e8re unique \u00e0 chaque trajet.<\/p>\n<h3>Mercedes EQB \u00e9lectrique : connectivit\u00e9 familiale<\/h3>\n<p>Le Mercedes EQB se d\u00e9marque comme le seul SUV \u00e9lectrique de son segment \u00e0 proposer 7 places, faisant de lui un choix id\u00e9al pour les familles nombreuses. R\u00e9cemment mis \u00e0 jour en 2024, ce mod\u00e8le b\u00e9n\u00e9ficie d\u00e9sormais de la fonction Plug and Charge qui simplifie consid\u00e9rablement l&rsquo;exp\u00e9rience de recharge en l&rsquo;initiant automatiquement d\u00e8s la connexion du c\u00e2ble.<\/p>\n<p>C\u00f4t\u00e9 technologies, le syst\u00e8me MBUX de seconde g\u00e9n\u00e9ration int\u00e8gre la \u00ab\u00a0Navigation with Electric Intelligence\u00a0\u00bb, sp\u00e9cialement con\u00e7ue pour optimiser les trajets des v\u00e9hicules \u00e9lectriques. Cette fonctionnalit\u00e9 intelligente planifie l&rsquo;itin\u00e9raire en tenant compte des bornes de recharge disponibles, de l&rsquo;autonomie restante et m\u00eame des conditions m\u00e9t\u00e9orologiques. L&rsquo;EQB propose \u00e9galement un ensemble complet d&rsquo;aides \u00e0 la conduite, dont l&rsquo;aide active \u00e0 la distance DISTRONIC, le r\u00e9gulateur de vitesse adaptatif, l&rsquo;aide \u00e0 la signalisation routi\u00e8re et des syst\u00e8mes de d\u00e9tection am\u00e9lior\u00e9s. Ces \u00e9quipements peuvent \u00eatre activ\u00e9s ou mis \u00e0 jour \u00e0 distance gr\u00e2ce \u00e0 la technologie OTA (Over-the-Air), permettant d&rsquo;enrichir l&rsquo;exp\u00e9rience utilisateur sans passage en concession. Pour les professionnels, la version Business Line offre un \u00e9quipement complet r\u00e9pondant parfaitement aux exigences des flottes d&rsquo;entreprise.<\/p>\n<h2>Tarifs 2025, bonus \u00e9cologique et co\u00fbts d&rsquo;usage<\/h2>\n<p>Les SUV \u00e9lectriques de Mercedes-Benz s&rsquo;affirment comme des choix strat\u00e9giques pour les automobilistes souhaitant allier prestige allemand et mobilit\u00e9 z\u00e9ro \u00e9mission. En 2025, la gamme \u00e9lectrique de l&rsquo;\u00e9toile propose des mod\u00e8les adapt\u00e9s \u00e0 diff\u00e9rents besoins, avec des tarifs comp\u00e9titifs pour le segment premium et un co\u00fbt d&rsquo;usage ma\u00eetris\u00e9.<\/p>\n<h3>Prix Mercedes EQA 250 : valeur et \u00e9quipement<\/h3>\n<p>Le Mercedes EQA 250, SUV compact 100% \u00e9lectrique, s&rsquo;affiche \u00e0 partir de 46.950 \u20ac* en finition d&rsquo;entr\u00e9e de gamme. Cette version offre un excellent rapport \u00e9quipement\/prix avec une dotation enrichie comprenant notamment l&rsquo;interface MBUX, les feux LED et de nombreuses aides \u00e0 la conduite. Les finitions sup\u00e9rieures proposent des \u00e9quipements additionnels comme le syst\u00e8me Dolby Atmos et des exp\u00e9riences sonores personnalis\u00e9es pour une exp\u00e9rience premium compl\u00e8te.<\/p>\n<p>C\u00f4t\u00e9 usage quotidien, l&rsquo;EQA se distingue par sa consommation \u00e9lectrique ma\u00eetris\u00e9e (entre 14,4 et 16,4 kWh\/100 km) et des co\u00fbts d&rsquo;entretien r\u00e9duits par rapport aux versions thermiques. Les r\u00e9visions sont moins fr\u00e9quentes et moins co\u00fbteuses gr\u00e2ce \u00e0 l&rsquo;absence de vidange d&rsquo;huile et de remplacement de filtres, avec un co\u00fbt moyen d&rsquo;entretien annuel d&rsquo;environ 156 \u20ac* contre plus de 400 \u20ac* pour un mod\u00e8le thermique \u00e9quivalent. Le TCO (co\u00fbt total de possession) mensuel s&rsquo;av\u00e8re particuli\u00e8rement avantageux, estim\u00e9 autour de 800 \u20ac* pour ce segment premium, incluant l&rsquo;assurance g\u00e9n\u00e9ralement plus \u00e9lev\u00e9e pour les v\u00e9hicules \u00e9lectriques haut de gamme.<\/p>\n<h3>Prix Mercedes EQB : budget familial ma\u00eetris\u00e9<\/h3>\n<p>Le Mercedes EQB, version familiale \u00e0 7 places, d\u00e9marre \u00e9galement \u00e0 46.950 \u20ac* en version 250+ pour 2025. Ce SUV \u00e9lectrique plus spacieux conserve un prix identique \u00e0 l&rsquo;EQA malgr\u00e9 son gabarit sup\u00e9rieur, ce qui repr\u00e9sente une proposition de valeur int\u00e9ressante pour les familles. Disponible \u00e9galement en version 350 4MATIC \u00e0 transmission int\u00e9grale pour les utilisateurs recherchant plus de puissance (292 ch), l&rsquo;EQB combine polyvalence et prestations premium.<\/p>\n<p>Son autonomie varie entre 433 et 534 km selon les versions, offrant une tranquillit\u00e9 d&rsquo;esprit pour les longs trajets familiaux. En mati\u00e8re de co\u00fbts d&rsquo;usage, l&rsquo;EQB b\u00e9n\u00e9ficie des m\u00eames avantages que l&rsquo;EQA : entretien simplifi\u00e9, absence de courroie de distribution \u00e0 remplacer et durabilit\u00e9 accrue des freins gr\u00e2ce \u00e0 la r\u00e9cup\u00e9ration d&rsquo;\u00e9nergie. Le TCO mensuel moyen pour ce mod\u00e8le familial premium se situe autour de 1.000 \u20ac*, un investissement raisonnable compte tenu de sa polyvalence et de sa capacit\u00e9 \u00e0 accueillir jusqu&rsquo;\u00e0 7 passagers. Pour les budgets plus serr\u00e9s, une alternative int\u00e9ressante peut \u00eatre envisag\u00e9e avec une <a href=\"https:\/\/www.bymycar.fr\/v\/mercedes-classe-glb-occasion\">Mercedes Classe GLB d&rsquo;occasion<\/a> qui partage la m\u00eame plateforme.<\/p>\n<h2>Tableau r\u00e9capitulatif : EQA vs EQB en un coup d&rsquo;\u0153il<\/h2>\n<table>\n<thead>\n<tr>\n<th>Caract\u00e9ristiques<\/th>\n<th>Mercedes EQA<\/th>\n<th>Mercedes EQB<\/th>\n<\/tr>\n<\/thead>\n<tbody>\n<tr>\n<td>Dimensions (L x l x h)<\/td>\n<td>4,46 x 1,83 x 1,62 m<\/td>\n<td>4,68 x 1,83 x 1,66 m<\/td>\n<\/tr>\n<tr>\n<td>Puissance<\/td>\n<td>190 \u00e0 292 ch<\/td>\n<td>190 \u00e0 292 ch<\/td>\n<\/tr>\n<tr>\n<td>Autonomie WLTP<\/td>\n<td>Jusqu&rsquo;\u00e0 560 km<\/td>\n<td>Jusqu&rsquo;\u00e0 536 km<\/td>\n<\/tr>\n<tr>\n<td>Volume coffre<\/td>\n<td>340 l (1.320 l si\u00e8ges rabattus)<\/td>\n<td>465 l (1.710 l si\u00e8ges rabattus)<\/td>\n<\/tr>\n<tr>\n<td>Prix<\/td>\n<td>\u00c0 partir de 46.950 \u20ac*<\/td>\n<td>\u00c0 partir de 46.950 \u20ac*<\/td>\n<\/tr>\n<\/tbody>\n<\/table>\n<p>Les diff\u00e9rences entre l&rsquo;EQA et l&rsquo;EQB sont principalement dimensionnelles, avec 22 cm de longueur suppl\u00e9mentaire pour l&rsquo;EQB qui lui permettent d&rsquo;offrir une version 7 places et un coffre plus g\u00e9n\u00e9reux. Si l&rsquo;EQA affiche une meilleure autonomie th\u00e9orique, les deux mod\u00e8les partagent la m\u00eame batterie de 70,5 kWh dans leurs versions les plus r\u00e9centes, permettant plus de 500 km d&rsquo;autonomie.<\/p>\n<h2>EQA ou EQB : quel SUV choisir selon votre profil ?<\/h2>\n<p>Choisir entre les SUV \u00e9lectriques Mercedes EQA et EQB peut s&rsquo;av\u00e9rer complexe tant ces deux mod\u00e8les partagent des atouts communs. Pour vous aider \u00e0 faire le bon choix, voici une analyse adapt\u00e9e \u00e0 diff\u00e9rents profils d&rsquo;utilisateurs qui mettra en lumi\u00e8re les diff\u00e9rences essentielles entre ces deux v\u00e9hicules.<\/p>\n<h3>Pour le profil urbain<\/h3>\n<p>L&rsquo;EQA s&rsquo;impose comme le choix id\u00e9al pour les conducteurs citadins gr\u00e2ce \u00e0 :<\/p>\n<ul>\n<li>Ses dimensions compactes (4,46 m de long) facilitant le stationnement<\/li>\n<li>Sa maniabilit\u00e9 sup\u00e9rieure dans les rues \u00e9troites<\/li>\n<li>Son poids plus l\u00e9ger am\u00e9liorant l&rsquo;autonomie en circulation urbaine<\/li>\n<li>Son design plus fluide avec des lignes modernes et a\u00e9rodynamiques<\/li>\n<li>Sa capacit\u00e9 de coffre de 340 litres suffisante pour les courses quotidiennes<\/li>\n<\/ul>\n<h3>Pour le profil famille<\/h3>\n<p>L&rsquo;EQB repr\u00e9sente la solution optimale pour les familles recherchant :<\/p>\n<ul>\n<li>L&rsquo;option exclusive de 7 places avec une troisi\u00e8me rang\u00e9e de si\u00e8ges<\/li>\n<li>Un volume de coffre g\u00e9n\u00e9reux (675 litres en configuration 5 places)<\/li>\n<li>Un espace int\u00e9rieur plus vaste avec davantage de place aux jambes<\/li>\n<li>Une polyvalence accrue gr\u00e2ce \u00e0 ses 1.710 litres de capacit\u00e9 maximale<\/li>\n<li>Un design plus robuste et pratique pour les activit\u00e9s familiales<\/li>\n<\/ul>\n<h3>Pour le profil business<\/h3>\n<p>Les deux mod\u00e8les offrent des avantages pour les professionnels, avec quelques nuances :<\/p>\n<ul>\n<li>D\u00e9ductibilit\u00e9 fiscale identique pour les deux v\u00e9hicules \u00e9lectriques<\/li>\n<li>Motorisations similaires (de 190 ch \u00e0 292 ch selon les versions)<\/li>\n<li>M\u00eame puissance de recharge rapide (jusqu&rsquo;\u00e0 100 kW)<\/li>\n<li>L&rsquo;EQA privil\u00e9gie l&rsquo;image moderne et l&rsquo;efficience en milieu urbain<\/li>\n<li>L&rsquo;EQB apporte un avantage en termes de polyvalence et d&rsquo;espace pour les d\u00e9placements professionnels avec clients<\/li>\n<\/ul>\n<p>Les deux SUV partagent la m\u00eame plateforme technologique Mercedes et offrent des performances comparables, le choix final d\u00e9pendra donc essentiellement de vos besoins sp\u00e9cifiques en termes d&rsquo;espace et d&rsquo;utilisation quotidienne.<\/p>\n<h2>FAQ sur Mercedes EQA et EQB 2025<\/h2>\n<h3>Quand sort le nouveau EQB ?<\/h3>\n<p>Le nouveau Mercedes EQB restyl\u00e9 est d\u00e9j\u00e0 disponible \u00e0 la commande depuis fin 2023, avec des livraisons qui ont d\u00e9but\u00e9 d\u00e9but 2024. Cette version actualis\u00e9e du SUV \u00e9lectrique de la marque allemande b\u00e9n\u00e9ficie d&rsquo;un nouveau design ext\u00e9rieur plus moderne et d&rsquo;am\u00e9liorations en mati\u00e8re d&rsquo;efficacit\u00e9. La navigation intelligente avec Electric Intelligence permet d&rsquo;int\u00e9grer automatiquement les arr\u00eats de recharge dans votre itin\u00e9raire pour une exp\u00e9rience sans stress.<\/p>\n<h3>Quelle est la diff\u00e9rence entre la Mercedes EQA et l&rsquo;EQB ?<\/h3>\n<p>La principale diff\u00e9rence r\u00e9side dans les dimensions et la modularit\u00e9. L&rsquo;EQB est plus spacieux avec un coffre de 675 litres contre 340 litres pour l&rsquo;EQA. Autre distinction majeure : l&rsquo;EQB peut \u00eatre configur\u00e9 en 7 places gr\u00e2ce \u00e0 une troisi\u00e8me rang\u00e9e de si\u00e8ges, option inexistante sur l&rsquo;EQA. Les deux mod\u00e8les partagent toutefois les m\u00eames technologies et motorisations \u00e9lectriques, avec une interface similaire et des performances comparables malgr\u00e9 un poids l\u00e9g\u00e8rement sup\u00e9rieur pour l&rsquo;EQB.<\/p>\n<h3>Comparaison EQA EQB : lequel est le plus \u00e9conomique ?<\/h3>\n<p>En termes de consommation \u00e9lectrique, la Mercedes EQA s&rsquo;av\u00e8re plus \u00e9conomique avec une moyenne de 14,4 \u00e0 16,4 kWh\/100 km, contre 15,2 \u00e0 17,5 kWh\/100 km pour l&rsquo;EQB selon les donn\u00e9es WLTP. Cette diff\u00e9rence s&rsquo;explique par le poids plus important et l&rsquo;a\u00e9rodynamique moins favorable de l&rsquo;EQB. Les deux mod\u00e8les utilisent le m\u00eame moteur \u00e9lectrique et la m\u00eame batterie, mais l&rsquo;EQA offre g\u00e9n\u00e9ralement une autonomie l\u00e9g\u00e8rement sup\u00e9rieure pour un usage quotidien, id\u00e9al pour les trajets urbains et p\u00e9riurbains.<\/p>\n<h3>Mercedes EQA 250 prix : combien co\u00fbte l&rsquo;entr\u00e9e de gamme ?<\/h3>\n<p>La Mercedes EQA 250+ en finition d&rsquo;entr\u00e9e de gamme est propos\u00e9e \u00e0 partir de 46.950 \u20ac* en 2025. Ce tarif la rend \u00e9ligible au bonus \u00e9cologique, r\u00e9duisant consid\u00e9rablement le co\u00fbt final. Cette version dispose d&rsquo;un \u00e9quipement complet incluant l&rsquo;\u00e9clairage d&rsquo;ambiance, le hayon EASY-PACK et un \u00e9cran central avec syst\u00e8me multim\u00e9dia. De nombreuses options num\u00e9riques sont \u00e9galement incluses pour une p\u00e9riode allant jusqu&rsquo;\u00e0 36 mois, notamment des services de navigation et des solutions de recharge avanc\u00e9es.<\/p>\n<p><em>*Les prix mentionn\u00e9s sont donn\u00e9s \u00e0 titre indicatif et ont \u00e9t\u00e9 constat\u00e9s au moment de la r\u00e9daction. Ils sont susceptibles d&rsquo;\u00e9voluer. Pour obtenir une information exacte et \u00e0 jour, nous vous recommandons de contacter directement votre concession BYmyCAR.<\/em><\/p>\n"}}]},"add-carousel-to-footer":true},"yoast_head":"<!-- This site is optimized with the Yoast SEO Premium plugin v26.4 (Yoast SEO v26.4) - https:\/\/yoast.com\/wordpress\/plugins\/seo\/ -->\n<title>EQA ou EQB 2025 : quel SUV \u00e9lectrique Mercedes choisir ?<\/title>\n<meta name=\"robots\" content=\"index, follow, max-snippet:-1, max-image-preview:large, max-video-preview:-1\" \/>\n<link rel=\"canonical\" href=\"https:\/\/www.bymycar.fr\/webzine\/eqa-ou-eqb-2025-quel-suv-electrique-mercedes-choisir\/\" \/>\n<meta property=\"og:locale\" content=\"fr_FR\" \/>\n<meta property=\"og:type\" content=\"article\" \/>\n<meta property=\"og:title\" content=\"EQA ou EQB 2025 : quel SUV \u00e9lectrique Mercedes choisir ?\" \/>\n<meta property=\"og:url\" content=\"https:\/\/www.bymycar.fr\/webzine\/eqa-ou-eqb-2025-quel-suv-electrique-mercedes-choisir\/\" \/>\n<meta property=\"og:site_name\" content=\"Webzine auto BYmyCAR\" \/>\n<meta property=\"article:published_time\" content=\"2025-10-07T12:17:44+00:00\" \/>\n<meta name=\"author\" content=\"Tom Fernandes\" \/>\n<meta name=\"twitter:card\" content=\"summary_large_image\" \/>\n<meta name=\"twitter:label1\" content=\"\u00c9crit par\" \/>\n\t<meta name=\"twitter:data1\" content=\"Tom Fernandes\" \/>\n<script type=\"application\/ld+json\" class=\"yoast-schema-graph\">{\"@context\":\"https:\/\/schema.org\",\"@graph\":[{\"@type\":\"Article\",\"@id\":\"https:\/\/www.bymycar.fr\/webzine\/eqa-ou-eqb-2025-quel-suv-electrique-mercedes-choisir\/#article\",\"isPartOf\":{\"@id\":\"https:\/\/www.bymycar.fr\/webzine\/eqa-ou-eqb-2025-quel-suv-electrique-mercedes-choisir\/\"},\"author\":{\"name\":\"Tom Fernandes\",\"@id\":\"https:\/\/www.bymycar.fr\/webzine\/#\/schema\/person\/5512d79b8d2dfe306dc0b5794eba0c76\"},\"headline\":\"EQA ou EQB 2025 : quel SUV \u00e9lectrique Mercedes choisir ?\",\"datePublished\":\"2025-10-07T12:17:44+00:00\",\"mainEntityOfPage\":{\"@id\":\"https:\/\/www.bymycar.fr\/webzine\/eqa-ou-eqb-2025-quel-suv-electrique-mercedes-choisir\/\"},\"wordCount\":8,\"publisher\":{\"@id\":\"https:\/\/www.bymycar.fr\/webzine\/#organization\"},\"articleSection\":[\"Guide d'achat Mercedes\"],\"inLanguage\":\"fr-FR\"},{\"@type\":\"WebPage\",\"@id\":\"https:\/\/www.bymycar.fr\/webzine\/eqa-ou-eqb-2025-quel-suv-electrique-mercedes-choisir\/\",\"url\":\"https:\/\/www.bymycar.fr\/webzine\/eqa-ou-eqb-2025-quel-suv-electrique-mercedes-choisir\/\",\"name\":\"EQA ou EQB 2025 : quel SUV \u00e9lectrique Mercedes choisir ?\",\"isPartOf\":{\"@id\":\"https:\/\/www.bymycar.fr\/webzine\/#website\"},\"datePublished\":\"2025-10-07T12:17:44+00:00\",\"breadcrumb\":{\"@id\":\"https:\/\/www.bymycar.fr\/webzine\/eqa-ou-eqb-2025-quel-suv-electrique-mercedes-choisir\/#breadcrumb\"},\"inLanguage\":\"fr-FR\",\"potentialAction\":[{\"@type\":\"ReadAction\",\"target\":[\"https:\/\/www.bymycar.fr\/webzine\/eqa-ou-eqb-2025-quel-suv-electrique-mercedes-choisir\/\"]}]},{\"@type\":\"BreadcrumbList\",\"@id\":\"https:\/\/www.bymycar.fr\/webzine\/eqa-ou-eqb-2025-quel-suv-electrique-mercedes-choisir\/#breadcrumb\",\"itemListElement\":[{\"@type\":\"ListItem\",\"position\":1,\"name\":\"Accueil\",\"item\":\"https:\/\/www.bymycar.fr\/webzine\/\"},{\"@type\":\"ListItem\",\"position\":2,\"name\":\"EQA ou EQB 2025 : quel SUV \u00e9lectrique Mercedes choisir ?\"}]},{\"@type\":\"WebSite\",\"@id\":\"https:\/\/www.bymycar.fr\/webzine\/#website\",\"url\":\"https:\/\/www.bymycar.fr\/webzine\/\",\"name\":\"Webzine auto BYmyCAR\",\"description\":\"La magazine auto de BYmyCAR\",\"publisher\":{\"@id\":\"https:\/\/www.bymycar.fr\/webzine\/#organization\"},\"potentialAction\":[{\"@type\":\"SearchAction\",\"target\":{\"@type\":\"EntryPoint\",\"urlTemplate\":\"https:\/\/www.bymycar.fr\/webzine\/?s={search_term_string}\"},\"query-input\":{\"@type\":\"PropertyValueSpecification\",\"valueRequired\":true,\"valueName\":\"search_term_string\"}}],\"inLanguage\":\"fr-FR\"},{\"@type\":\"Organization\",\"@id\":\"https:\/\/www.bymycar.fr\/webzine\/#organization\",\"name\":\"BYmyCAR\",\"url\":\"https:\/\/www.bymycar.fr\/webzine\/\",\"logo\":{\"@type\":\"ImageObject\",\"inLanguage\":\"fr-FR\",\"@id\":\"https:\/\/www.bymycar.fr\/webzine\/#\/schema\/logo\/image\/\",\"url\":\"https:\/\/cdn.bymycar.eu\/fr-webzine\/wp-content\/uploads\/medias\/2017\/08\/logo_DEALER_00000406_001.png\",\"contentUrl\":\"https:\/\/cdn.bymycar.eu\/fr-webzine\/wp-content\/uploads\/medias\/2017\/08\/logo_DEALER_00000406_001.png\",\"width\":2132,\"height\":720,\"caption\":\"BYmyCAR\"},\"image\":{\"@id\":\"https:\/\/www.bymycar.fr\/webzine\/#\/schema\/logo\/image\/\"}},{\"@type\":\"Person\",\"@id\":\"https:\/\/www.bymycar.fr\/webzine\/#\/schema\/person\/5512d79b8d2dfe306dc0b5794eba0c76\",\"name\":\"Tom Fernandes\",\"image\":{\"@type\":\"ImageObject\",\"inLanguage\":\"fr-FR\",\"@id\":\"https:\/\/www.bymycar.fr\/webzine\/#\/schema\/person\/image\/\",\"url\":\"https:\/\/secure.gravatar.com\/avatar\/81b17c0cc5a6f1f7f394984269a7cbad9c7cca9604839da024242cf665051fbf?s=96&d=mm&r=g\",\"contentUrl\":\"https:\/\/secure.gravatar.com\/avatar\/81b17c0cc5a6f1f7f394984269a7cbad9c7cca9604839da024242cf665051fbf?s=96&d=mm&r=g\",\"caption\":\"Tom Fernandes\"}}]}<\/script>\n<!-- \/ Yoast SEO Premium plugin. -->","yoast_head_json":{"title":"EQA ou EQB 2025 : quel SUV \u00e9lectrique Mercedes choisir ?","robots":{"index":"index","follow":"follow","max-snippet":"max-snippet:-1","max-image-preview":"max-image-preview:large","max-video-preview":"max-video-preview:-1"},"canonical":"https:\/\/www.bymycar.fr\/webzine\/eqa-ou-eqb-2025-quel-suv-electrique-mercedes-choisir\/","og_locale":"fr_FR","og_type":"article","og_title":"EQA ou EQB 2025 : quel SUV \u00e9lectrique Mercedes choisir ?","og_url":"https:\/\/www.bymycar.fr\/webzine\/eqa-ou-eqb-2025-quel-suv-electrique-mercedes-choisir\/","og_site_name":"Webzine auto BYmyCAR","article_published_time":"2025-10-07T12:17:44+00:00","author":"Tom Fernandes","twitter_card":"summary_large_image","twitter_misc":{"\u00c9crit par":"Tom Fernandes"},"schema":{"@context":"https:\/\/schema.org","@graph":[{"@type":"Article","@id":"https:\/\/www.bymycar.fr\/webzine\/eqa-ou-eqb-2025-quel-suv-electrique-mercedes-choisir\/#article","isPartOf":{"@id":"https:\/\/www.bymycar.fr\/webzine\/eqa-ou-eqb-2025-quel-suv-electrique-mercedes-choisir\/"},"author":{"name":"Tom Fernandes","@id":"https:\/\/www.bymycar.fr\/webzine\/#\/schema\/person\/5512d79b8d2dfe306dc0b5794eba0c76"},"headline":"EQA ou EQB 2025 : quel SUV \u00e9lectrique Mercedes choisir ?","datePublished":"2025-10-07T12:17:44+00:00","mainEntityOfPage":{"@id":"https:\/\/www.bymycar.fr\/webzine\/eqa-ou-eqb-2025-quel-suv-electrique-mercedes-choisir\/"},"wordCount":8,"publisher":{"@id":"https:\/\/www.bymycar.fr\/webzine\/#organization"},"articleSection":["Guide d'achat Mercedes"],"inLanguage":"fr-FR"},{"@type":"WebPage","@id":"https:\/\/www.bymycar.fr\/webzine\/eqa-ou-eqb-2025-quel-suv-electrique-mercedes-choisir\/","url":"https:\/\/www.bymycar.fr\/webzine\/eqa-ou-eqb-2025-quel-suv-electrique-mercedes-choisir\/","name":"EQA ou EQB 2025 : quel SUV \u00e9lectrique Mercedes choisir ?","isPartOf":{"@id":"https:\/\/www.bymycar.fr\/webzine\/#website"},"datePublished":"2025-10-07T12:17:44+00:00","breadcrumb":{"@id":"https:\/\/www.bymycar.fr\/webzine\/eqa-ou-eqb-2025-quel-suv-electrique-mercedes-choisir\/#breadcrumb"},"inLanguage":"fr-FR","potentialAction":[{"@type":"ReadAction","target":["https:\/\/www.bymycar.fr\/webzine\/eqa-ou-eqb-2025-quel-suv-electrique-mercedes-choisir\/"]}]},{"@type":"BreadcrumbList","@id":"https:\/\/www.bymycar.fr\/webzine\/eqa-ou-eqb-2025-quel-suv-electrique-mercedes-choisir\/#breadcrumb","itemListElement":[{"@type":"ListItem","position":1,"name":"Accueil","item":"https:\/\/www.bymycar.fr\/webzine\/"},{"@type":"ListItem","position":2,"name":"EQA ou EQB 2025 : quel SUV \u00e9lectrique Mercedes choisir ?"}]},{"@type":"WebSite","@id":"https:\/\/www.bymycar.fr\/webzine\/#website","url":"https:\/\/www.bymycar.fr\/webzine\/","name":"Webzine auto BYmyCAR","description":"La magazine auto de BYmyCAR","publisher":{"@id":"https:\/\/www.bymycar.fr\/webzine\/#organization"},"potentialAction":[{"@type":"SearchAction","target":{"@type":"EntryPoint","urlTemplate":"https:\/\/www.bymycar.fr\/webzine\/?s={search_term_string}"},"query-input":{"@type":"PropertyValueSpecification","valueRequired":true,"valueName":"search_term_string"}}],"inLanguage":"fr-FR"},{"@type":"Organization","@id":"https:\/\/www.bymycar.fr\/webzine\/#organization","name":"BYmyCAR","url":"https:\/\/www.bymycar.fr\/webzine\/","logo":{"@type":"ImageObject","inLanguage":"fr-FR","@id":"https:\/\/www.bymycar.fr\/webzine\/#\/schema\/logo\/image\/","url":"https:\/\/cdn.bymycar.eu\/fr-webzine\/wp-content\/uploads\/medias\/2017\/08\/logo_DEALER_00000406_001.png","contentUrl":"https:\/\/cdn.bymycar.eu\/fr-webzine\/wp-content\/uploads\/medias\/2017\/08\/logo_DEALER_00000406_001.png","width":2132,"height":720,"caption":"BYmyCAR"},"image":{"@id":"https:\/\/www.bymycar.fr\/webzine\/#\/schema\/logo\/image\/"}},{"@type":"Person","@id":"https:\/\/www.bymycar.fr\/webzine\/#\/schema\/person\/5512d79b8d2dfe306dc0b5794eba0c76","name":"Tom Fernandes","image":{"@type":"ImageObject","inLanguage":"fr-FR","@id":"https:\/\/www.bymycar.fr\/webzine\/#\/schema\/person\/image\/","url":"https:\/\/secure.gravatar.com\/avatar\/81b17c0cc5a6f1f7f394984269a7cbad9c7cca9604839da024242cf665051fbf?s=96&d=mm&r=g","contentUrl":"https:\/\/secure.gravatar.com\/avatar\/81b17c0cc5a6f1f7f394984269a7cbad9c7cca9604839da024242cf665051fbf?s=96&d=mm&r=g","caption":"Tom Fernandes"}}]}},"_links":{"self":[{"href":"https:\/\/www.bymycar.fr\/webzine\/wp-json\/wp\/v2\/posts\/60970","targetHints":{"allow":["GET"]}}],"collection":[{"href":"https:\/\/www.bymycar.fr\/webzine\/wp-json\/wp\/v2\/posts"}],"about":[{"href":"https:\/\/www.bymycar.fr\/webzine\/wp-json\/wp\/v2\/types\/post"}],"author":[{"embeddable":true,"href":"https:\/\/www.bymycar.fr\/webzine\/wp-json\/wp\/v2\/users\/87"}],"replies":[{"embeddable":true,"href":"https:\/\/www.bymycar.fr\/webzine\/wp-json\/wp\/v2\/comments?post=60970"}],"version-history":[{"count":2,"href":"https:\/\/www.bymycar.fr\/webzine\/wp-json\/wp\/v2\/posts\/60970\/revisions"}],"predecessor-version":[{"id":60973,"href":"https:\/\/www.bymycar.fr\/webzine\/wp-json\/wp\/v2\/posts\/60970\/revisions\/60973"}],"wp:attachment":[{"href":"https:\/\/www.bymycar.fr\/webzine\/wp-json\/wp\/v2\/media?parent=60970"}],"wp:term":[{"taxonomy":"category","embeddable":true,"href":"https:\/\/www.bymycar.fr\/webzine\/wp-json\/wp\/v2\/categories?post=60970"},{"taxonomy":"post_tag","embeddable":true,"href":"https:\/\/www.bymycar.fr\/webzine\/wp-json\/wp\/v2\/tags?post=60970"}],"curies":[{"name":"wp","href":"https:\/\/api.w.org\/{rel}","templated":true}]}}