{"id":60743,"date":"2025-10-01T17:20:40","date_gmt":"2025-10-01T15:20:40","guid":{"rendered":"https:\/\/www.bymycar.fr\/webzine\/?p=60743"},"modified":"2025-10-01T17:20:40","modified_gmt":"2025-10-01T15:20:40","slug":"byd-sealion-7-dimensions-design-et-points-cles","status":"publish","type":"post","link":"https:\/\/www.bymycar.fr\/webzine\/byd-sealion-7-dimensions-design-et-points-cles\/","title":{"rendered":"BYD Sealion 7 : dimensions, design et points cl\u00e9s"},"content":{"rendered":"","protected":false},"excerpt":{"rendered":"","protected":false},"author":87,"featured_media":0,"comment_status":"closed","ping_status":"closed","sticky":false,"template":"","format":"standard","meta":{"_acf_changed":false,"footnotes":""},"categories":[12952],"tags":[],"class_list":["post-60743","post","type-post","status-publish","format-standard","hentry","category-guide-dachat-byd"],"acf":{"image":{"ID":60745,"id":60745,"title":"Design_091 (1)","filename":"Design_091-1-scaled.jpg","filesize":327566,"url":"https:\/\/cdn.bymycar.eu\/fr-webzine\/wp-content\/uploads\/medias\/Design_091-1-scaled.jpg","link":"https:\/\/www.bymycar.fr\/webzine\/byd-sealion-7-dimensions-design-et-points-cles\/design_091-1\/","alt":"BYD Sealion 7","author":"87","description":"","caption":"","name":"design_091-1","status":"inherit","uploaded_to":60743,"date":"2025-10-01 15:17:43","modified":"2025-10-01 15:18:11","menu_order":0,"mime_type":"image\/jpeg","type":"image","subtype":"jpeg","icon":"https:\/\/www.bymycar.fr\/webzine\/wp-includes\/images\/media\/default.png","width":2560,"height":1707,"sizes":{"thumbnail":"https:\/\/cdn.bymycar.eu\/fr-webzine\/wp-content\/uploads\/medias\/Design_091-1-150x150.jpg","thumbnail-width":150,"thumbnail-height":150,"medium":"https:\/\/cdn.bymycar.eu\/fr-webzine\/wp-content\/uploads\/medias\/Design_091-1-300x200.jpg","medium-width":300,"medium-height":200,"medium_large":"https:\/\/cdn.bymycar.eu\/fr-webzine\/wp-content\/uploads\/medias\/Design_091-1-768x512.jpg","medium_large-width":768,"medium_large-height":512,"large":"https:\/\/cdn.bymycar.eu\/fr-webzine\/wp-content\/uploads\/medias\/Design_091-1-1024x683.jpg","large-width":1024,"large-height":683,"1536x1536":"https:\/\/cdn.bymycar.eu\/fr-webzine\/wp-content\/uploads\/medias\/Design_091-1-1536x1024.jpg","1536x1536-width":1536,"1536x1536-height":1024,"2048x2048":"https:\/\/cdn.bymycar.eu\/fr-webzine\/wp-content\/uploads\/medias\/Design_091-1-2048x1365.jpg","2048x2048-width":2048,"2048x2048-height":1365}},"introduction":"<p><strong>Ce qu&rsquo;il faut retenir<\/strong><\/p>\n<ul>\n<li>Le BYD Sealion 7 affiche des dimensions g\u00e9n\u00e9reuses avec 4,83 m de long, 1,87 m de large et 1,62 m de haut, compl\u00e9t\u00e9es par un empattement de 2,90 m qui optimise l&rsquo;espace int\u00e9rieur et un coffre de 520 litres.<\/li>\n<li>Son design distinctif, sign\u00e9 Wolfgang Egger, s&rsquo;inspire de l&rsquo;oc\u00e9an avec une face avant en X, des feux arri\u00e8re en gouttes d&rsquo;eau et une silhouette de SUV coup\u00e9 a\u00e9rodynamique, renforc\u00e9e par des passages de roues muscl\u00e9s.<\/li>\n<li>L&rsquo;habitacle mise sur le raffinement avec un toit panoramique inondant l&rsquo;int\u00e9rieur de lumi\u00e8re, des si\u00e8ges en cuir Nappa, un \u00e9cran tactile rotatif de 39,6 cm et un \u00e9clairage d&rsquo;ambiance 128 couleurs, le tout disponible en trois finitions de 46 990 \u20ac* \u00e0 56 490 \u20ac*.<\/li>\n<\/ul>\n<p>D\u00e9couvrez le BYD Sealion 7, un SUV \u00e9lectrique aux lignes fluides et \u00e0 l&rsquo;allure sportive qui enrichit la gamme BYD avec son style distinctif inspir\u00e9 de l&rsquo;oc\u00e9an. Avec ses 4,83 m\u00e8tres de longueur et son empattement g\u00e9n\u00e9reux de 2,90 m\u00e8tres, ce mod\u00e8le allie espace int\u00e9rieur et silhouette dynamique. Dot\u00e9 d&rsquo;une autonomie allant jusqu&rsquo;\u00e0 605 km (WLTP), le Sealion 7 vous invite \u00e0 explorer sans contrainte tout en b\u00e9n\u00e9ficiant du bonus \u00e9cologique. Plongez dans l&rsquo;univers de ce SUV familial qui combine design \u00e9l\u00e9gant, habitabilit\u00e9 g\u00e9n\u00e9reuse et technologies avanc\u00e9es \u00e0 un prix comp\u00e9titif.<\/p>\n","add-to-bo":false,"page_content":{"block_content":[{"acf_fc_layout":"carousel-produits"},{"acf_fc_layout":"text-simple","--nav":{"-withNav":false,"-ancre":""},"--group":{"-text":"<h2>Design ext\u00e9rieur : une allure sportive inspir\u00e9e de l&rsquo;oc\u00e9an<\/h2>\n<p>Le BYD Sealion 7 se distingue par son design \u00e0 la fois dynamique et \u00e9l\u00e9gant, con\u00e7u sous la direction de Wolfgang Egger, directeur du design mondial de BYD. Ce SUV coup\u00e9 transcende la d\u00e9finition traditionnelle du segment en proposant une silhouette fluide aux lignes a\u00e9rodynamiques qui \u00e9voquent la puissance des vagues. Avec son profil \u00e9lanc\u00e9 et son empattement allong\u00e9 de 2,90 m, le Sealion 7 affirme une pr\u00e9sence sur route \u00e0 la fois sportive et futuriste, tout en garantissant un habitacle spacieux pour tous les occupants.<\/p>\n<h3>\u00c9l\u00e9ments de style marins<\/h3>\n<p>L&rsquo;inspiration oc\u00e9anique se retrouve dans chaque d\u00e9tail du v\u00e9hicule. La face avant arbore une structure en X marquante, signature visuelle unique h\u00e9rit\u00e9e de la berline Seal, qui optimise l&rsquo;a\u00e9rodynamisme tout en conf\u00e9rant au Sealion 7 une pr\u00e9sence imposante. Les projecteurs en forme de crochets rappellent l&rsquo;univers marin, tandis que les poign\u00e9es de porte affleurantes renforcent la fluidit\u00e9 des lignes. \u00c0 l&rsquo;arri\u00e8re, les feux en forme de gouttes d&rsquo;eau constituent un clin d&rsquo;\u0153il suppl\u00e9mentaire au monde aquatique, compl\u00e9t\u00e9s par une bande lumineuse horizontale qui conf\u00e8re au v\u00e9hicule un look r\u00e9solument moderne et technologique.<\/p>\n<h3>Passages de roues et pare-chocs aff\u00fbt\u00e9s<\/h3>\n<p>Le Sealion 7 affirme sa robustesse gr\u00e2ce \u00e0 des passages de roues renforc\u00e9s et une hauteur de caisse plus \u00e9lev\u00e9e que la berline Seal. Cette posture muscl\u00e9e est accentu\u00e9e par des pare-chocs sculpt\u00e9s qui int\u00e8grent des \u00e9copes lat\u00e9rales rappelant les \u00e9l\u00e9ments de la face avant. Ces \u00e9l\u00e9ments de style contribuent \u00e0 l&rsquo;allure athl\u00e9tique du v\u00e9hicule tout en servant l&rsquo;a\u00e9rodynamisme. Le profil de SUV coup\u00e9 est parfaitement ma\u00eetris\u00e9, avec une ligne de toit plongeante qui n&rsquo;entame pas l&rsquo;espace int\u00e9rieur gr\u00e2ce \u00e0 l&#8217;empattement g\u00e9n\u00e9reux et au plancher plat. Pour <a href=\"https:\/\/www.bymycar.fr\/marques\/byd\/sealion-7\">d\u00e9couvrir le BYD Sealion 7 en d\u00e9tail<\/a>, n&rsquo;h\u00e9sitez pas \u00e0 vous rendre dans l&rsquo;une de nos concessions.<\/p>\n<table>\n<thead>\n<tr>\n<th>Caract\u00e9ristique<\/th>\n<th>BYD Seal<\/th>\n<th>BYD Sealion 7<\/th>\n<\/tr>\n<\/thead>\n<tbody>\n<tr>\n<td>Type de carrosserie<\/td>\n<td>Berline<\/td>\n<td>SUV Coup\u00e9<\/td>\n<\/tr>\n<tr>\n<td>Inspiration design<\/td>\n<td>Oc\u00e9anique<\/td>\n<td>Oc\u00e9anique renforc\u00e9e<\/td>\n<\/tr>\n<tr>\n<td>\u00c9l\u00e9ments distinctifs<\/td>\n<td>Structure en X, profil a\u00e9rodynamique<\/td>\n<td>Structure en X, passages de roues prononc\u00e9s<\/td>\n<\/tr>\n<tr>\n<td>Feux arri\u00e8re<\/td>\n<td>Signature lumineuse horizontale<\/td>\n<td>Forme de gouttes d&rsquo;eau<\/td>\n<\/tr>\n<tr>\n<td>Posture<\/td>\n<td>Basse et sportive<\/td>\n<td>Sur\u00e9lev\u00e9e et athl\u00e9tique<\/td>\n<\/tr>\n<\/tbody>\n<\/table>\n<h2>Dimensions d\u00e9taill\u00e9es du BYD Sealion 7<\/h2>\n<h3>Longueur, largeur, hauteur<\/h3>\n<p>Le BYD Sealion 7 affiche des dimensions imposantes qui le positionnent parfaitement dans le segment des SUV \u00e9lectriques familiaux. Avec ses 4 830 mm de long, ce mod\u00e8le offre une pr\u00e9sence routi\u00e8re remarquable tout en restant man\u0153uvrable en milieu urbain. Sa largeur de 1 875 mm lui conf\u00e8re une stature robuste, tandis que sa hauteur de 1 620 mm optimise l&rsquo;a\u00e9rodynamisme sans compromettre l&rsquo;espace int\u00e9rieur.<\/p>\n<p>En comparaison, le Tesla Model Y, son concurrent direct, pr\u00e9sente une silhouette l\u00e9g\u00e8rement moins haute mais tout aussi imposante. Les proportions du Sealion 7 ont \u00e9t\u00e9 soigneusement \u00e9tudi\u00e9es pour allier esth\u00e9tique et fonctionnalit\u00e9, avec une longueur qui reste inf\u00e9rieure \u00e0 5 m tout en maximisant l&rsquo;espace \u00e0 bord.<\/p>\n<h3>Empattement et volume de coffre<\/h3>\n<p>L&#8217;empattement g\u00e9n\u00e9reux de 2 900 mm constitue l&rsquo;un des atouts majeurs du BYD Sealion 7. Cette distance entre les essieux avant et arri\u00e8re se traduit par un habitacle spacieux, particuli\u00e8rement aux places arri\u00e8re o\u00f9 les passagers b\u00e9n\u00e9ficient d&rsquo;un espace aux jambes confortable. Le volume de coffre de 520 l place ce SUV \u00e9lectrique dans la moyenne haute de sa cat\u00e9gorie, offrant une capacit\u00e9 suffisante pour les besoins d&rsquo;une famille.<\/p>\n<p>L&rsquo;acc\u00e8s au coffre est facilit\u00e9 par un hayon \u00e9lectrique qui peut s&rsquo;ouvrir d&rsquo;un simple geste du pied sous le pare-chocs arri\u00e8re, une fonctionnalit\u00e9 particuli\u00e8rement appr\u00e9ciable lorsqu&rsquo;on a les bras charg\u00e9s. Cette attention port\u00e9e aux aspects pratiques illustre l&rsquo;approche pragmatique de BYD dans la conception de ses v\u00e9hicules.<\/p>\n<table>\n<thead>\n<tr>\n<th>Mod\u00e8le<\/th>\n<th>Longueur (mm)<\/th>\n<th>Largeur (mm)<\/th>\n<th>Hauteur (mm)<\/th>\n<th>Empattement (mm)<\/th>\n<th>Volume coffre (l)<\/th>\n<\/tr>\n<\/thead>\n<tbody>\n<tr>\n<td>BYD Sealion 7<\/td>\n<td>4 830<\/td>\n<td>1 875<\/td>\n<td>1 620<\/td>\n<td>2 900<\/td>\n<td>520<\/td>\n<\/tr>\n<tr>\n<td>Tesla Model Y<\/td>\n<td>4 750<\/td>\n<td>1 920<\/td>\n<td>1 624<\/td>\n<td>2 890<\/td>\n<td>854<\/td>\n<\/tr>\n<tr>\n<td>Ford Mustang Mach-E<\/td>\n<td>4 915<\/td>\n<td>1 937<\/td>\n<td>1 631<\/td>\n<td>2 984<\/td>\n<td>502<\/td>\n<\/tr>\n<tr>\n<td>BMW iX3<\/td>\n<td>4 753<\/td>\n<td>1 920<\/td>\n<td>1 650<\/td>\n<td>2 864<\/td>\n<td>510<\/td>\n<\/tr>\n<\/tbody>\n<\/table>\n<h2>Int\u00e9rieur du Sealion 7 : confort et technologies<\/h2>\n<h3>Habitacle de lumi\u00e8re naturelle et cuir Nappa<\/h3>\n<p>L&rsquo;int\u00e9rieur du Sealion 7 est un v\u00e9ritable havre de paix, inspir\u00e9 par le dynamisme des voiliers. Chaque d\u00e9tail a \u00e9t\u00e9 pens\u00e9 pour offrir une sensation d&rsquo;espace et de bien-\u00eatre, accentu\u00e9e par le vaste toit panoramique en verre qui inonde l&rsquo;habitacle de lumi\u00e8re naturelle. Cette caract\u00e9ristique transforme chaque trajet en une v\u00e9ritable aventure, notamment pour les jeunes passagers avides de d\u00e9couvrir le monde qui les entoure.<\/p>\n<p>L&rsquo;int\u00e9rieur, domin\u00e9 par des si\u00e8ges en cuir Nappa matelass\u00e9 et des finitions en cuir v\u00e9gan doux couvrant 80% de l&rsquo;espace, offre un confort exceptionnel tout en ajoutant une touche d&rsquo;\u00e9l\u00e9gance \u00e0 l&rsquo;habitacle. Gr\u00e2ce \u00e0 la technologie BYD, un g\u00e9n\u00e9rateur d&rsquo;ions n\u00e9gatifs contribue \u00e0 purifier l&rsquo;air, cr\u00e9ant une atmosph\u00e8re saine et apaisante.<\/p>\n<h3>Tableau de bord et \u00e9cran tactile rotatif<\/h3>\n<p>Le tableau de bord du Sealion 7 associe \u00e9l\u00e9gance et fonctionnalit\u00e9 avec un design inspir\u00e9 par la fluidit\u00e9 des oc\u00e9ans. La pi\u00e8ce ma\u00eetresse de cette interface high-tech est l&rsquo;impressionnant \u00e9cran tactile rotatif de 39,6 cm (15,6 pouces), v\u00e9ritable centre de commande pour la connectivit\u00e9 et l&rsquo;info-divertissement.<\/p>\n<p>Cette caract\u00e9ristique distinctive sur le march\u00e9 permet d&rsquo;adapter l&rsquo;orientation de l&rsquo;\u00e9cran selon les besoins, offrant une ergonomie optimale gr\u00e2ce \u00e0 la technologie BYD. L&rsquo;ambiance \u00e0 bord peut \u00eatre personnalis\u00e9e via un \u00e9clairage d&rsquo;ambiance proposant 128 couleurs diff\u00e9rentes, permettant d&rsquo;instaurer une atmosph\u00e8re relaxante apr\u00e8s une journ\u00e9e charg\u00e9e ou dynamique pour bien commencer la matin\u00e9e. L&rsquo;int\u00e9gration des commandes vocales intelligentes compl\u00e8te cette exp\u00e9rience de conduite fluide et agr\u00e9able.<\/p>\n<h2>Versions du BYD Sealion 7 : Comfort, Design AWD, Excellence AWD<\/h2>\n<h3>Comfort : propulsion efficiente<\/h3>\n<ul>\n<li>Moteur unique arri\u00e8re de 313 ch (230 kW)<\/li>\n<li>Batterie de 82,5 kWh offrant jusqu&rsquo;\u00e0 605 km d&rsquo;autonomie<\/li>\n<li>\u00c9quipements de s\u00e9rie : \u00e9cran tactile rotatif, si\u00e8ges arri\u00e8re chauffants<\/li>\n<li>Climatisation bizone et chargeur \u00e0 induction pour smartphone<\/li>\n<li>Technologie V2L et puissance de recharge de 150 kW<\/li>\n<\/ul>\n<h3>Design AWD et Excellence AWD : transmission int\u00e9grale<\/h3>\n<ul>\n<li>Transmission int\u00e9grale avec deux moteurs \u00e9lectriques totalisant 530 ch<\/li>\n<li>Design AWD : batterie de 82,5 kWh, jantes 20 pouces, autonomie de 520 km<\/li>\n<li>Excellence AWD : batterie plus grande de 91,3 kWh, autonomie de 520 km<\/li>\n<li>Excellence AWD : premier mod\u00e8le BYD avec architecture 800V et recharge 230 kW<\/li>\n<li>Excellence AWD : si\u00e8ges en cuir Nappa, affichage t\u00eate haute et technologie iTAC<\/li>\n<\/ul>\n<p>Le BYD Sealion 7 impressionne par sa gamme compl\u00e8te, offrant d\u00e8s l&rsquo;entr\u00e9e de gamme un \u00e9quipement riche. Les versions \u00e0 transmission int\u00e9grale permettent une acc\u00e9l\u00e9ration de 0 \u00e0 100 km\/h en seulement 4,5 secondes, tandis que l&rsquo;Excellence AWD repr\u00e9sente le summum technologique avec sa recharge ultra-rapide.<\/p>\n<h2>Autonomie et performances : jusqu&rsquo;\u00e0 605 km<\/h2>\n<p>Le BYD Sealion 7 se distingue par son impressionnante autonomie et ses performances dignes d&rsquo;un SUV sportif haut de gamme. Dot\u00e9 d&rsquo;une technologie de pointe et d&rsquo;une a\u00e9rodynamique soign\u00e9e, il offre un \u00e9quilibre parfait entre puissance et efficience \u00e9nerg\u00e9tique. Selon les versions, ce SUV \u00e9lectrique d\u00e9veloppe entre 313 ch et 530 ch, avec une puissance maximale disponible sur les versions \u00e0 transmission int\u00e9grale.<\/p>\n<h3>Batteries Blade 82,5 kWh et 91,3 kWh<\/h3>\n<p>Le Sealion 7 est \u00e9quip\u00e9 de la technologie exclusive Blade Battery, propos\u00e9e en deux capacit\u00e9s : 82,5 kWh pour la version Comfort propulsion et Design AWD, et 91,3 kWh pour la finition Excellence AWD. Ces batteries lithium-fer-phosphate offrent une autonomie allant jusqu&rsquo;\u00e0 605 km en cycle WLTP pour la version Comfort, tandis que les versions AWD peuvent parcourir jusqu&rsquo;\u00e0 520 km avec une seule charge.<\/p>\n<p>C\u00f4t\u00e9 recharge, le Sealion 7 Excellence AWD accepte jusqu&rsquo;\u00e0 230 kW en courant continu gr\u00e2ce \u00e0 son architecture 800V, permettant de passer de 30% \u00e0 80% de charge en seulement 26 minutes. Pour la recharge \u00e0 domicile, il dispose d&rsquo;un chargeur embarqu\u00e9 de 11 kW en courant alternatif, id\u00e9al pour une recharge nocturne compl\u00e8te.<\/p>\n<h3>Vitesse maximale et 0-100 km\/h<\/h3>\n<p>Les performances du BYD Sealion 7 impressionnent avec une vitesse maximale de 200 km\/h sur toutes les versions. L&rsquo;acc\u00e9l\u00e9ration est tout aussi remarquable : la version propulsion Comfort abat le 0 \u00e0 100 km\/h en 7,3 secondes, tandis que les versions \u00e0 transmission int\u00e9grale, fortes de leurs 530 ch et 670 Nm de couple combin\u00e9, r\u00e9alisent cet exercice en seulement 4,5 secondes.<\/p>\n<p>Ces performances sont rendues possibles gr\u00e2ce \u00e0 la plateforme e-Platform 3.0 sp\u00e9cialement con\u00e7ue pour les v\u00e9hicules \u00e9lectriques, qui optimise la r\u00e9partition des masses et la gestion de la puissance pour une conduite \u00e0 la fois dynamique et confortable. Le Sealion 7 b\u00e9n\u00e9ficie \u00e9galement d&rsquo;une suspension adaptative sur les versions haut de gamme, permettant d&rsquo;ajuster la fermet\u00e9 selon les conditions de conduite.<\/p>\n<h2>Prix et disponibilit\u00e9 du BYD Sealion 7<\/h2>\n<h3>Tarifs indicatifs des trois finitions<\/h3>\n<p>Le BYD Sealion 7 se positionne sur le march\u00e9 avec une gamme tarifaire attractive pour un SUV \u00e9lectrique de ce segment. La version d&rsquo;entr\u00e9e de gamme Comfort est propos\u00e9e \u00e0 partir de 46 990 \u20ac*, tandis que la finition interm\u00e9diaire Design AWD \u00e0 transmission int\u00e9grale est affich\u00e9e \u00e0 51 990 \u20ac*. Pour les amateurs de haut de gamme, la version Excellence AWD compl\u00e8te l&rsquo;offre \u00e0 56 490 \u20ac*.<\/p>\n<p>Ces prix placent le Sealion 7 dans une fourchette comp\u00e9titive par rapport aux autres SUV \u00e9lectriques familiaux disponibles sur le march\u00e9, comme le Tesla Model Y ou le Ford Mustang Mach-E.<\/p>\n<h3>Bonus \u00e9cologique applicable<\/h3>\n<p>Bonne nouvelle pour les futurs acqu\u00e9reurs du BYD Sealion 7 : ce SUV \u00e9lectrique familial est \u00e9ligible au bonus \u00e9cologique. Cette aide gouvernementale vient r\u00e9duire significativement le prix d&rsquo;achat final, rendant ce mod\u00e8le encore plus accessible. Pour conna\u00eetre les modalit\u00e9s pr\u00e9cises et les conditions d&rsquo;attribution du bonus, n&rsquo;h\u00e9sitez pas \u00e0 consulter un conseiller BYmyCAR qui pourra vous d\u00e9tailler toutes les informations n\u00e9cessaires concernant ce soutien \u00e0 l&rsquo;achat de v\u00e9hicules \u00e9lectriques.<\/p>\n<h2>Technologies de s\u00e9curit\u00e9 et e-Platform 3.0<\/h2>\n<p>Le BYD Sealion 7 repose sur l&rsquo;innovante e-Platform 3.0, une architecture int\u00e9gr\u00e9e qui r\u00e9volutionne la conception des v\u00e9hicules \u00e9lectriques. Cette plateforme avanc\u00e9e optimise l&rsquo;efficacit\u00e9 \u00e9nerg\u00e9tique tout en permettant des mises \u00e0 jour automatiques continues de l&rsquo;ensemble du v\u00e9hicule, garantissant une exp\u00e9rience toujours \u00e0 la pointe de la technologie.<\/p>\n<h3>Structure du v\u00e9hicule et g\u00e9n\u00e9rateur d&rsquo;ions n\u00e9gatifs<\/h3>\n<p>La structure du Sealion 7 int\u00e8gre la batterie Blade directement dans le ch\u00e2ssis, cr\u00e9ant un centre de gravit\u00e9 bas qui am\u00e9liore la tenue de route. L&rsquo;habitacle b\u00e9n\u00e9ficie d&rsquo;un g\u00e9n\u00e9rateur d&rsquo;ions n\u00e9gatifs qui purifie l&rsquo;air int\u00e9rieur, contribuant au bien-\u00eatre des passagers sur les longs trajets.<\/p>\n<p>Cette conception innovante permet \u00e9galement d&rsquo;optimiser l&rsquo;espace passager avec un empattement allong\u00e9 et des porte-\u00e0-faux r\u00e9duits, tout en am\u00e9liorant l&rsquo;a\u00e9rodynamisme avec un coefficient de tra\u00een\u00e9e particuli\u00e8rement efficace pour un SUV de cette taille.<\/p>\n<h3>Gr\u00e2ce \u00e0 la technologie CTB : rigidit\u00e9 accrue<\/h3>\n<p>La technologie CTB (Cell-to-Body) fait du BYD Sealion 7 un mod\u00e8le d&rsquo;exception en mati\u00e8re de s\u00e9curit\u00e9. Cette innovation exclusive int\u00e8gre harmonieusement la batterie Blade dans la carrosserie, formant une structure en \u00ab\u00a0sandwich\u00a0\u00bb ultra-r\u00e9sistante capable d&rsquo;atteindre une rigidit\u00e9 torsionnelle impressionnante de 40 500 N\u00b7m\/\u00b0.<\/p>\n<p>Cette conception renforce consid\u00e9rablement la protection des occupants en cas de collision, tout en am\u00e9liorant le comportement dynamique du v\u00e9hicule. Le Sealion 7 est \u00e9galement \u00e9quip\u00e9 d&rsquo;un ensemble complet de syst\u00e8mes d&rsquo;aide \u00e0 la conduite (ADAS), incluant freinage d&rsquo;urgence autonome, r\u00e9gulateur de vitesse adaptatif et assistance au maintien dans la voie. Pour <a href=\"https:\/\/www.bymycar.fr\/marques\/byd\/seal\">en savoir plus sur la berline BYD Seal<\/a>, d\u00e9couvrez ses caract\u00e9ristiques chez BYmyCAR.<\/p>\n<h2>FAQ sur le BYD Sealion 7<\/h2>\n<h3>Quelle est l&rsquo;autonomie r\u00e9elle du BYD Sealion 7 ?<\/h3>\n<p>Le BYD Sealion 7 propose diff\u00e9rentes autonomies selon les versions. La version Comfort affiche une autonomie de 605 km en cycle mixte WLTP, tandis que les mod\u00e8les \u00e0 transmission int\u00e9grale offrent une autonomie de 520 km. Le Sealion 7 utilise la plateforme e-Platform 3.0 de BYD qui optimise l&rsquo;efficacit\u00e9 \u00e9nerg\u00e9tique, notamment gr\u00e2ce \u00e0 sa pompe \u00e0 chaleur int\u00e9gr\u00e9e am\u00e9liorant l&rsquo;autonomie en conditions hivernales. En usage r\u00e9el, vous pouvez vous attendre \u00e0 une autonomie d&rsquo;environ 500 km pour la version Comfort et 430 km pour les versions AWD.<\/p>\n<h3>Le BYD Sealion 7 b\u00e9n\u00e9ficie-t-il du bonus \u00e9cologique ?<\/h3>\n<p>Oui, le BYD Sealion 7 b\u00e9n\u00e9ficie du bonus \u00e9cologique en France pour l&rsquo;ann\u00e9e 2025. En tant que v\u00e9hicule 100% \u00e9lectrique, il r\u00e9pond aux crit\u00e8res d&rsquo;\u00e9ligibilit\u00e9 \u00e9tablis par le gouvernement pour encourager la mobilit\u00e9 propre. Ce bonus vient r\u00e9duire le prix d&rsquo;achat final du v\u00e9hicule, rendant ce SUV \u00e9lectrique familial encore plus accessible. Pour conna\u00eetre le montant exact applicable \u00e0 votre situation, nous vous invitons \u00e0 consulter un conseiller BYmyCAR.<\/p>\n<h3>Quelles versions du BYD Sealion 7 sont disponibles ?<\/h3>\n<p>Le BYD Sealion 7 se d\u00e9cline en trois versions distinctes : Comfort, Design AWD et Excellence AWD. La version Comfort est une propulsion (roues arri\u00e8re motrices) d\u00e9veloppant 313 ch pour un couple de 380 Nm. Les versions Design AWD et Excellence AWD sont \u00e9quip\u00e9es d&rsquo;une transmission int\u00e9grale offrant davantage de puissance (530 ch combin\u00e9s) et des \u00e9quipements plus complets, notamment la technologie iTAC qui am\u00e9liore la pr\u00e9cision de conduite et l&rsquo;int\u00e9rieur plus luxueux avec des si\u00e8ges en cuir Nappa.<\/p>\n<h3>Quel est le prix du BYD Sealion 7 en France ?<\/h3>\n<p>Le BYD Sealion 7 est propos\u00e9 \u00e0 partir de 46 990 \u20ac* pour la version Comfort en propulsion. La version interm\u00e9diaire Design AWD est affich\u00e9e \u00e0 51 990 \u20ac*, tandis que la version haut de gamme Excellence AWD est disponible \u00e0 56 490 \u20ac*. Ces tarifs sont particuli\u00e8rement comp\u00e9titifs pour un SUV \u00e9lectrique de cette cat\u00e9gorie, offrant un excellent rapport \u00e9quipement\/prix. Ces prix s&rsquo;entendent hors d\u00e9duction du bonus \u00e9cologique applicable, qui vient encore am\u00e9liorer l&rsquo;attractivit\u00e9 financi\u00e8re du Sealion 7.<\/p>\n<p><em>*Les prix mentionn\u00e9s sont donn\u00e9s \u00e0 titre indicatif et ont \u00e9t\u00e9 constat\u00e9s au moment de la r\u00e9daction. Ils sont susceptibles d&rsquo;\u00e9voluer. Pour obtenir une information exacte et \u00e0 jour, nous vous recommandons de contacter directement votre concession BYmyCAR.<\/em><\/p>\n"}}]},"add-carousel-to-footer":true},"yoast_head":"<!-- This site is optimized with the Yoast SEO Premium plugin v26.4 (Yoast SEO v26.4) - https:\/\/yoast.com\/wordpress\/plugins\/seo\/ -->\n<title>BYD Sealion 7 : dimensions, design et points cl\u00e9s<\/title>\n<meta name=\"robots\" content=\"index, follow, max-snippet:-1, max-image-preview:large, max-video-preview:-1\" \/>\n<link rel=\"canonical\" href=\"https:\/\/www.bymycar.fr\/webzine\/byd-sealion-7-dimensions-design-et-points-cles\/\" \/>\n<meta property=\"og:locale\" content=\"fr_FR\" \/>\n<meta property=\"og:type\" content=\"article\" \/>\n<meta property=\"og:title\" content=\"BYD Sealion 7 : dimensions, design et points cl\u00e9s\" \/>\n<meta property=\"og:url\" content=\"https:\/\/www.bymycar.fr\/webzine\/byd-sealion-7-dimensions-design-et-points-cles\/\" \/>\n<meta property=\"og:site_name\" content=\"Webzine auto BYmyCAR\" \/>\n<meta property=\"article:published_time\" content=\"2025-10-01T15:20:40+00:00\" \/>\n<meta name=\"author\" content=\"Tom Fernandes\" \/>\n<meta name=\"twitter:card\" content=\"summary_large_image\" \/>\n<meta name=\"twitter:label1\" content=\"\u00c9crit par\" \/>\n\t<meta name=\"twitter:data1\" content=\"Tom Fernandes\" \/>\n<script type=\"application\/ld+json\" class=\"yoast-schema-graph\">{\"@context\":\"https:\/\/schema.org\",\"@graph\":[{\"@type\":\"Article\",\"@id\":\"https:\/\/www.bymycar.fr\/webzine\/byd-sealion-7-dimensions-design-et-points-cles\/#article\",\"isPartOf\":{\"@id\":\"https:\/\/www.bymycar.fr\/webzine\/byd-sealion-7-dimensions-design-et-points-cles\/\"},\"author\":{\"name\":\"Tom Fernandes\",\"@id\":\"https:\/\/www.bymycar.fr\/webzine\/#\/schema\/person\/5512d79b8d2dfe306dc0b5794eba0c76\"},\"headline\":\"BYD Sealion 7 : dimensions, design et points cl\u00e9s\",\"datePublished\":\"2025-10-01T15:20:40+00:00\",\"mainEntityOfPage\":{\"@id\":\"https:\/\/www.bymycar.fr\/webzine\/byd-sealion-7-dimensions-design-et-points-cles\/\"},\"wordCount\":8,\"publisher\":{\"@id\":\"https:\/\/www.bymycar.fr\/webzine\/#organization\"},\"articleSection\":[\"Guide d'achat BYD\"],\"inLanguage\":\"fr-FR\"},{\"@type\":\"WebPage\",\"@id\":\"https:\/\/www.bymycar.fr\/webzine\/byd-sealion-7-dimensions-design-et-points-cles\/\",\"url\":\"https:\/\/www.bymycar.fr\/webzine\/byd-sealion-7-dimensions-design-et-points-cles\/\",\"name\":\"BYD Sealion 7 : dimensions, design et points cl\u00e9s\",\"isPartOf\":{\"@id\":\"https:\/\/www.bymycar.fr\/webzine\/#website\"},\"datePublished\":\"2025-10-01T15:20:40+00:00\",\"breadcrumb\":{\"@id\":\"https:\/\/www.bymycar.fr\/webzine\/byd-sealion-7-dimensions-design-et-points-cles\/#breadcrumb\"},\"inLanguage\":\"fr-FR\",\"potentialAction\":[{\"@type\":\"ReadAction\",\"target\":[\"https:\/\/www.bymycar.fr\/webzine\/byd-sealion-7-dimensions-design-et-points-cles\/\"]}]},{\"@type\":\"BreadcrumbList\",\"@id\":\"https:\/\/www.bymycar.fr\/webzine\/byd-sealion-7-dimensions-design-et-points-cles\/#breadcrumb\",\"itemListElement\":[{\"@type\":\"ListItem\",\"position\":1,\"name\":\"Accueil\",\"item\":\"https:\/\/www.bymycar.fr\/webzine\/\"},{\"@type\":\"ListItem\",\"position\":2,\"name\":\"BYD Sealion 7 : dimensions, design et points cl\u00e9s\"}]},{\"@type\":\"WebSite\",\"@id\":\"https:\/\/www.bymycar.fr\/webzine\/#website\",\"url\":\"https:\/\/www.bymycar.fr\/webzine\/\",\"name\":\"Webzine auto BYmyCAR\",\"description\":\"La magazine auto de BYmyCAR\",\"publisher\":{\"@id\":\"https:\/\/www.bymycar.fr\/webzine\/#organization\"},\"potentialAction\":[{\"@type\":\"SearchAction\",\"target\":{\"@type\":\"EntryPoint\",\"urlTemplate\":\"https:\/\/www.bymycar.fr\/webzine\/?s={search_term_string}\"},\"query-input\":{\"@type\":\"PropertyValueSpecification\",\"valueRequired\":true,\"valueName\":\"search_term_string\"}}],\"inLanguage\":\"fr-FR\"},{\"@type\":\"Organization\",\"@id\":\"https:\/\/www.bymycar.fr\/webzine\/#organization\",\"name\":\"BYmyCAR\",\"url\":\"https:\/\/www.bymycar.fr\/webzine\/\",\"logo\":{\"@type\":\"ImageObject\",\"inLanguage\":\"fr-FR\",\"@id\":\"https:\/\/www.bymycar.fr\/webzine\/#\/schema\/logo\/image\/\",\"url\":\"https:\/\/cdn.bymycar.eu\/fr-webzine\/wp-content\/uploads\/medias\/2017\/08\/logo_DEALER_00000406_001.png\",\"contentUrl\":\"https:\/\/cdn.bymycar.eu\/fr-webzine\/wp-content\/uploads\/medias\/2017\/08\/logo_DEALER_00000406_001.png\",\"width\":2132,\"height\":720,\"caption\":\"BYmyCAR\"},\"image\":{\"@id\":\"https:\/\/www.bymycar.fr\/webzine\/#\/schema\/logo\/image\/\"}},{\"@type\":\"Person\",\"@id\":\"https:\/\/www.bymycar.fr\/webzine\/#\/schema\/person\/5512d79b8d2dfe306dc0b5794eba0c76\",\"name\":\"Tom Fernandes\",\"image\":{\"@type\":\"ImageObject\",\"inLanguage\":\"fr-FR\",\"@id\":\"https:\/\/www.bymycar.fr\/webzine\/#\/schema\/person\/image\/\",\"url\":\"https:\/\/secure.gravatar.com\/avatar\/81b17c0cc5a6f1f7f394984269a7cbad9c7cca9604839da024242cf665051fbf?s=96&d=mm&r=g\",\"contentUrl\":\"https:\/\/secure.gravatar.com\/avatar\/81b17c0cc5a6f1f7f394984269a7cbad9c7cca9604839da024242cf665051fbf?s=96&d=mm&r=g\",\"caption\":\"Tom Fernandes\"}}]}<\/script>\n<!-- \/ Yoast SEO Premium plugin. -->","yoast_head_json":{"title":"BYD Sealion 7 : dimensions, design et points cl\u00e9s","robots":{"index":"index","follow":"follow","max-snippet":"max-snippet:-1","max-image-preview":"max-image-preview:large","max-video-preview":"max-video-preview:-1"},"canonical":"https:\/\/www.bymycar.fr\/webzine\/byd-sealion-7-dimensions-design-et-points-cles\/","og_locale":"fr_FR","og_type":"article","og_title":"BYD Sealion 7 : dimensions, design et points cl\u00e9s","og_url":"https:\/\/www.bymycar.fr\/webzine\/byd-sealion-7-dimensions-design-et-points-cles\/","og_site_name":"Webzine auto BYmyCAR","article_published_time":"2025-10-01T15:20:40+00:00","author":"Tom Fernandes","twitter_card":"summary_large_image","twitter_misc":{"\u00c9crit par":"Tom Fernandes"},"schema":{"@context":"https:\/\/schema.org","@graph":[{"@type":"Article","@id":"https:\/\/www.bymycar.fr\/webzine\/byd-sealion-7-dimensions-design-et-points-cles\/#article","isPartOf":{"@id":"https:\/\/www.bymycar.fr\/webzine\/byd-sealion-7-dimensions-design-et-points-cles\/"},"author":{"name":"Tom Fernandes","@id":"https:\/\/www.bymycar.fr\/webzine\/#\/schema\/person\/5512d79b8d2dfe306dc0b5794eba0c76"},"headline":"BYD Sealion 7 : dimensions, design et points cl\u00e9s","datePublished":"2025-10-01T15:20:40+00:00","mainEntityOfPage":{"@id":"https:\/\/www.bymycar.fr\/webzine\/byd-sealion-7-dimensions-design-et-points-cles\/"},"wordCount":8,"publisher":{"@id":"https:\/\/www.bymycar.fr\/webzine\/#organization"},"articleSection":["Guide d'achat BYD"],"inLanguage":"fr-FR"},{"@type":"WebPage","@id":"https:\/\/www.bymycar.fr\/webzine\/byd-sealion-7-dimensions-design-et-points-cles\/","url":"https:\/\/www.bymycar.fr\/webzine\/byd-sealion-7-dimensions-design-et-points-cles\/","name":"BYD Sealion 7 : dimensions, design et points cl\u00e9s","isPartOf":{"@id":"https:\/\/www.bymycar.fr\/webzine\/#website"},"datePublished":"2025-10-01T15:20:40+00:00","breadcrumb":{"@id":"https:\/\/www.bymycar.fr\/webzine\/byd-sealion-7-dimensions-design-et-points-cles\/#breadcrumb"},"inLanguage":"fr-FR","potentialAction":[{"@type":"ReadAction","target":["https:\/\/www.bymycar.fr\/webzine\/byd-sealion-7-dimensions-design-et-points-cles\/"]}]},{"@type":"BreadcrumbList","@id":"https:\/\/www.bymycar.fr\/webzine\/byd-sealion-7-dimensions-design-et-points-cles\/#breadcrumb","itemListElement":[{"@type":"ListItem","position":1,"name":"Accueil","item":"https:\/\/www.bymycar.fr\/webzine\/"},{"@type":"ListItem","position":2,"name":"BYD Sealion 7 : dimensions, design et points cl\u00e9s"}]},{"@type":"WebSite","@id":"https:\/\/www.bymycar.fr\/webzine\/#website","url":"https:\/\/www.bymycar.fr\/webzine\/","name":"Webzine auto BYmyCAR","description":"La magazine auto de BYmyCAR","publisher":{"@id":"https:\/\/www.bymycar.fr\/webzine\/#organization"},"potentialAction":[{"@type":"SearchAction","target":{"@type":"EntryPoint","urlTemplate":"https:\/\/www.bymycar.fr\/webzine\/?s={search_term_string}"},"query-input":{"@type":"PropertyValueSpecification","valueRequired":true,"valueName":"search_term_string"}}],"inLanguage":"fr-FR"},{"@type":"Organization","@id":"https:\/\/www.bymycar.fr\/webzine\/#organization","name":"BYmyCAR","url":"https:\/\/www.bymycar.fr\/webzine\/","logo":{"@type":"ImageObject","inLanguage":"fr-FR","@id":"https:\/\/www.bymycar.fr\/webzine\/#\/schema\/logo\/image\/","url":"https:\/\/cdn.bymycar.eu\/fr-webzine\/wp-content\/uploads\/medias\/2017\/08\/logo_DEALER_00000406_001.png","contentUrl":"https:\/\/cdn.bymycar.eu\/fr-webzine\/wp-content\/uploads\/medias\/2017\/08\/logo_DEALER_00000406_001.png","width":2132,"height":720,"caption":"BYmyCAR"},"image":{"@id":"https:\/\/www.bymycar.fr\/webzine\/#\/schema\/logo\/image\/"}},{"@type":"Person","@id":"https:\/\/www.bymycar.fr\/webzine\/#\/schema\/person\/5512d79b8d2dfe306dc0b5794eba0c76","name":"Tom Fernandes","image":{"@type":"ImageObject","inLanguage":"fr-FR","@id":"https:\/\/www.bymycar.fr\/webzine\/#\/schema\/person\/image\/","url":"https:\/\/secure.gravatar.com\/avatar\/81b17c0cc5a6f1f7f394984269a7cbad9c7cca9604839da024242cf665051fbf?s=96&d=mm&r=g","contentUrl":"https:\/\/secure.gravatar.com\/avatar\/81b17c0cc5a6f1f7f394984269a7cbad9c7cca9604839da024242cf665051fbf?s=96&d=mm&r=g","caption":"Tom Fernandes"}}]}},"_links":{"self":[{"href":"https:\/\/www.bymycar.fr\/webzine\/wp-json\/wp\/v2\/posts\/60743","targetHints":{"allow":["GET"]}}],"collection":[{"href":"https:\/\/www.bymycar.fr\/webzine\/wp-json\/wp\/v2\/posts"}],"about":[{"href":"https:\/\/www.bymycar.fr\/webzine\/wp-json\/wp\/v2\/types\/post"}],"author":[{"embeddable":true,"href":"https:\/\/www.bymycar.fr\/webzine\/wp-json\/wp\/v2\/users\/87"}],"replies":[{"embeddable":true,"href":"https:\/\/www.bymycar.fr\/webzine\/wp-json\/wp\/v2\/comments?post=60743"}],"version-history":[{"count":3,"href":"https:\/\/www.bymycar.fr\/webzine\/wp-json\/wp\/v2\/posts\/60743\/revisions"}],"predecessor-version":[{"id":60748,"href":"https:\/\/www.bymycar.fr\/webzine\/wp-json\/wp\/v2\/posts\/60743\/revisions\/60748"}],"wp:attachment":[{"href":"https:\/\/www.bymycar.fr\/webzine\/wp-json\/wp\/v2\/media?parent=60743"}],"wp:term":[{"taxonomy":"category","embeddable":true,"href":"https:\/\/www.bymycar.fr\/webzine\/wp-json\/wp\/v2\/categories?post=60743"},{"taxonomy":"post_tag","embeddable":true,"href":"https:\/\/www.bymycar.fr\/webzine\/wp-json\/wp\/v2\/tags?post=60743"}],"curies":[{"name":"wp","href":"https:\/\/api.w.org\/{rel}","templated":true}]}}