{"id":60739,"date":"2025-10-01T17:07:01","date_gmt":"2025-10-01T15:07:01","guid":{"rendered":"https:\/\/www.bymycar.fr\/webzine\/?p=60739"},"modified":"2025-10-01T17:07:01","modified_gmt":"2025-10-01T15:07:01","slug":"byd-sealion-7-interieur-et-coffre","status":"publish","type":"post","link":"https:\/\/www.bymycar.fr\/webzine\/byd-sealion-7-interieur-et-coffre\/","title":{"rendered":"BYD Sealion 7 : int\u00e9rieur et coffre"},"content":{"rendered":"","protected":false},"excerpt":{"rendered":"","protected":false},"author":87,"featured_media":0,"comment_status":"closed","ping_status":"closed","sticky":false,"template":"","format":"standard","meta":{"_acf_changed":false,"footnotes":""},"categories":[12952],"tags":[],"class_list":["post-60739","post","type-post","status-publish","format-standard","hentry","category-guide-dachat-byd"],"acf":{"image":{"ID":60740,"id":60740,"title":"BYD_Sealion_4.5s_excellence__0171-copy (1)","filename":"BYD_Sealion_4.5s_excellence__0171-copy-1-scaled.jpg","filesize":338529,"url":"https:\/\/cdn.bymycar.eu\/fr-webzine\/wp-content\/uploads\/medias\/BYD_Sealion_4.5s_excellence__0171-copy-1-scaled.jpg","link":"https:\/\/www.bymycar.fr\/webzine\/byd-sealion-7-interieur-et-coffre\/byd_sealion_4-5s_excellence__0171-copy-1\/","alt":"BYD Sealion 7","author":"87","description":"","caption":"","name":"byd_sealion_4-5s_excellence__0171-copy-1","status":"inherit","uploaded_to":60739,"date":"2025-10-01 15:02:24","modified":"2025-10-01 15:03:05","menu_order":0,"mime_type":"image\/jpeg","type":"image","subtype":"jpeg","icon":"https:\/\/www.bymycar.fr\/webzine\/wp-includes\/images\/media\/default.png","width":2560,"height":1707,"sizes":{"thumbnail":"https:\/\/cdn.bymycar.eu\/fr-webzine\/wp-content\/uploads\/medias\/BYD_Sealion_4.5s_excellence__0171-copy-1-150x150.jpg","thumbnail-width":150,"thumbnail-height":150,"medium":"https:\/\/cdn.bymycar.eu\/fr-webzine\/wp-content\/uploads\/medias\/BYD_Sealion_4.5s_excellence__0171-copy-1-300x200.jpg","medium-width":300,"medium-height":200,"medium_large":"https:\/\/cdn.bymycar.eu\/fr-webzine\/wp-content\/uploads\/medias\/BYD_Sealion_4.5s_excellence__0171-copy-1-768x512.jpg","medium_large-width":768,"medium_large-height":512,"large":"https:\/\/cdn.bymycar.eu\/fr-webzine\/wp-content\/uploads\/medias\/BYD_Sealion_4.5s_excellence__0171-copy-1-1024x683.jpg","large-width":1024,"large-height":683,"1536x1536":"https:\/\/cdn.bymycar.eu\/fr-webzine\/wp-content\/uploads\/medias\/BYD_Sealion_4.5s_excellence__0171-copy-1-1536x1024.jpg","1536x1536-width":1536,"1536x1536-height":1024,"2048x2048":"https:\/\/cdn.bymycar.eu\/fr-webzine\/wp-content\/uploads\/medias\/BYD_Sealion_4.5s_excellence__0171-copy-1-2048x1365.jpg","2048x2048-width":2048,"2048x2048-height":1365}},"introduction":"<p><strong>Ce qu&rsquo;il faut retenir<\/strong><\/p>\n<ul>\n<li>Un int\u00e9rieur premium avec cuir nappa sur 80% de l&rsquo;habitacle, \u00e9cran tactile rotatif de 39,6 cm et espace g\u00e9n\u00e9reux gr\u00e2ce \u00e0 un empattement de 2,93 m permettant d&rsquo;accueillir confortablement 5 adultes.<\/li>\n<li>Une capacit\u00e9 de chargement modulable avec 520 litres de coffre arri\u00e8re extensible \u00e0 1789 litres (banquette rabattue), compl\u00e9t\u00e9e par un espace avant de 58 litres et un hayon \u00e9lectrique mains-libres de s\u00e9rie.<\/li>\n<li>Des prix* d\u00e9marrant \u00e0 42.890 \u20ac* en version Comfort avec le bonus \u00e9cologique applicable, incluant un \u00e9quipement complet : si\u00e8ges chauffants, climatisation automatique et syst\u00e8me multim\u00e9dia derni\u00e8re g\u00e9n\u00e9ration.<\/li>\n<\/ul>\n<p>Vous envisagez l&rsquo;achat d&rsquo;un SUV \u00e9lectrique familial ? D\u00e9couvrez notre analyse compl\u00e8te de l&rsquo;habitacle du BYD Sealion 7, un mod\u00e8le qui se distingue par son design int\u00e9rieur raffin\u00e9, sa capacit\u00e9 de coffre g\u00e9n\u00e9reuse et ses \u00e9quipements pens\u00e9s pour le confort de tous les passagers. Plongez avec nous dans l&rsquo;univers de ce SUV \u00e9lectrique qui allie technologie de pointe et praticit\u00e9 au quotidien.<\/p>\n","add-to-bo":false,"page_content":{"block_content":[{"acf_fc_layout":"carousel-produits"},{"acf_fc_layout":"text-simple","--nav":{"-withNav":false,"-ancre":""},"--group":{"-text":"<h2>Un int\u00e9rieur lumineux et technologique<\/h2>\n<h3>Ambiance et mat\u00e9riaux premium<\/h3>\n<p>L&rsquo;int\u00e9rieur du BYD Sealion 7 se distingue par son design inspir\u00e9 de la fluidit\u00e9 et de la vitesse des voiliers, cr\u00e9ant une ambiance \u00e0 la fois dynamique et raffin\u00e9e. Les lignes fluides du tableau de bord s&rsquo;harmonisent parfaitement avec l&rsquo;ensemble de l&rsquo;habitacle, baign\u00e9 de lumi\u00e8re naturelle gr\u00e2ce au vaste toit panoramique. La sellerie en cuir nappa matelass\u00e9 de haute qualit\u00e9 couvre plus de 80% de l&rsquo;espace, offrant une sensation tactile agr\u00e9able et un confort exceptionnel. L&rsquo;\u00e9clairage d&rsquo;ambiance personnalisable avec 128 couleurs diff\u00e9rentes permet d&rsquo;adapter l&rsquo;atmosph\u00e8re selon vos envies, que ce soit pour une conduite dynamique ou un moment de d\u00e9tente. \u00c0 noter que le bonus \u00e9cologique s&rsquo;applique pour ce mod\u00e8le, rendant cette exp\u00e9rience premium encore plus accessible.<\/p>\n<h3>\u00c9cran tactile rotatif et console pratique<\/h3>\n<p>Au c\u0153ur de l&rsquo;int\u00e9rieur BYD Sealion, on trouve un impressionnant \u00e9cran tactile rotatif de 39,6 cm qui constitue le centre n\u00e9vralgique du v\u00e9hicule. Cette interface intuitive s&rsquo;adapte parfaitement \u00e0 vos besoins, offrant une exp\u00e9rience de conduite connect\u00e9e et moderne. La console centrale flottante, \u00e9l\u00e9ment distinctif du design, int\u00e8gre des rangements astucieux qui optimisent l&rsquo;organisation \u00e0 bord. Le conducteur b\u00e9n\u00e9ficie \u00e9galement d&rsquo;\u00e9quipements technologiques de pointe :<\/p>\n<ul>\n<li>Chargeur sans fil 50W pour smartphones<\/li>\n<li>Syst\u00e8me d&rsquo;acc\u00e8s et d\u00e9marrage sans cl\u00e9 via carte NFC ou application<\/li>\n<li>Commande \u00e0 distance de la climatisation<\/li>\n<li>Cockpit intelligent avec chipset haute performance<\/li>\n<li>Fonction Vehicle-to-Load (V2L) pour alimenter des appareils externes<\/li>\n<\/ul>\n<h3>Utilisation de l&rsquo;espace pour toute la famille<\/h3>\n<p>Le BYD Sealion 7 excelle dans l&rsquo;optimisation de l&rsquo;espace pour tous les passagers. Son plancher plat et son empattement g\u00e9n\u00e9reux de 2930 mm offrent un large espace aux genoux, aux jambes et \u00e0 la t\u00eate, aussi bien pour les adultes que pour les enfants. Les si\u00e8ges avant et arri\u00e8re ventil\u00e9s et chauffants garantissent un confort optimal, tandis que le si\u00e8ge conducteur dispose d&rsquo;un soutien lombaire et d&rsquo;un repose-jambes \u00e9lectriques. C\u00f4t\u00e9 modularit\u00e9, la banquette arri\u00e8re rabattable 60\/40 permet d&rsquo;adapter l&rsquo;espace selon vos besoins. Le v\u00e9hicule propose une capacit\u00e9 de chargement impressionnante avec 58 litres \u00e0 l&rsquo;avant et 520 litres \u00e0 l&rsquo;arri\u00e8re, pouvant atteindre jusqu&rsquo;\u00e0 1789 litres avec les si\u00e8ges arri\u00e8re rabattus, id\u00e9al pour les escapades familiales.<\/p>\n<h2>Coffre : volume et astuces de rangement<\/h2>\n<h3>Volume de coffre<\/h3>\n<p>Le BYD Sealion 7 offre une capacit\u00e9 de chargement impressionnante avec un volume de coffre arri\u00e8re de 520 litres en configuration standard. Ce SUV \u00e9lectrique familial se distingue \u00e9galement par son espace de rangement \u00e0 l&rsquo;avant, commun\u00e9ment appel\u00e9 \u00ab\u00a0frunk\u00a0\u00bb, qui propose 58 litres suppl\u00e9mentaires &#8211; une utilisation de l&rsquo;espace typique des v\u00e9hicules \u00e9lectriques modernes. Lorsque la banquette arri\u00e8re est rabattue, le volume total grimpe jusqu&rsquo;\u00e0 1789 litres, offrant une polyvalence remarquable pour les chargements volumineux.<\/p>\n<h3>Modularit\u00e9 et accessoires malins<\/h3>\n<p>La modularit\u00e9 du Sealion 7 est pens\u00e9e pour faciliter le quotidien. Sa banquette arri\u00e8re rabattable 60\/40 permet d&rsquo;adapter l&rsquo;espace selon vos besoins. Un atout majeur de ce SUV est son hayon \u00e9lectrique activable d&rsquo;un simple geste du pied, particuli\u00e8rement pratique lorsque vous avez les bras charg\u00e9s de courses ou de bagages. Le syst\u00e8me est \u00e9quip\u00e9 d&rsquo;une protection anti-pincement pour plus de s\u00e9curit\u00e9.<\/p>\n<table>\n<thead>\n<tr>\n<th>Configuration<\/th>\n<th>Volume de coffre<\/th>\n<\/tr>\n<\/thead>\n<tbody>\n<tr>\n<td>Banquette en place<\/td>\n<td>520 litres<\/td>\n<\/tr>\n<tr>\n<td>Banquette rabattue<\/td>\n<td>1789 litres<\/td>\n<\/tr>\n<tr>\n<td>Espace avant (frunk)<\/td>\n<td>58 litres<\/td>\n<\/tr>\n<tr>\n<td>Volume total maximal<\/td>\n<td>1847 litres<\/td>\n<\/tr>\n<\/tbody>\n<\/table>\n<p>Le BYD Sealion 7 propose \u00e9galement des rangements astucieux sous le plancher du coffre et dans la console centrale flottante, optimisant l&rsquo;utilisation de l&rsquo;espace \u00e0 bord. Pour d\u00e9couvrir les offres BYD Sealion 7 chez BYmyCAR, <a href=\"https:\/\/www.bymycar.fr\/marques\/byd\/sealion-7\">cliquez ici<\/a>.<\/p>\n<h2>Habitabilit\u00e9 et confort des si\u00e8ges<\/h2>\n<h3>Espace aux jambes et empattement de 2,93 m<\/h3>\n<p>Avec un empattement g\u00e9n\u00e9reux de 2,93 m, ce SUV offre un habitacle remarquablement spacieux pour tous les occupants. Cette dimension, parmi les plus importantes de sa cat\u00e9gorie, garantit un espace aux jambes exceptionnel, notamment pour les passagers arri\u00e8re. Le plancher parfaitement plat accentue cette sensation d&rsquo;espace et facilite les d\u00e9placements \u00e0 bord. L&rsquo;habitacle b\u00e9n\u00e9ficie \u00e9galement d&rsquo;une excellente luminosit\u00e9 naturelle gr\u00e2ce aux larges surfaces vitr\u00e9es, renfor\u00e7ant l&rsquo;impression d&rsquo;espace tout en pr\u00e9servant l&rsquo;allure sportive du v\u00e9hicule qui mesure moins de 5 m de long.<\/p>\n<h3>Combien de si\u00e8ges \u00e0 bord ?<\/h3>\n<p>Ce SUV accueille confortablement 5 personnes dans un environnement pens\u00e9 pour le bien-\u00eatre de chacun. Les si\u00e8ges avant, disponibles avec r\u00e9glage \u00e9lectrique et fonction chauffage, offrent un maintien optimal m\u00eame lors des longs trajets. \u00c0 l&rsquo;arri\u00e8re, la banquette spacieuse permet d&rsquo;installer trois passagers adultes sans compromis sur le confort. La s\u00e9curit\u00e9 des enfants est particuli\u00e8rement soign\u00e9e avec des points d&rsquo;ancrage ISOFIX facilement accessibles et des verrouillages de s\u00e9curit\u00e9 pour les portes arri\u00e8re. Les mat\u00e9riaux de qualit\u00e9 et le soin apport\u00e9 \u00e0 l&rsquo;ergonomie g\u00e9n\u00e9rale font de cet habitacle un espace privil\u00e9gi\u00e9 pour tous les occupants.<\/p>\n<h2>Autonomie et motorisations du BYD Sealion 7<\/h2>\n<h3>Batterie Blade et puissance de charge<\/h3>\n<p>Le BYD Sealion 7 est \u00e9quip\u00e9 de la c\u00e9l\u00e8bre batterie Blade, reconnue pour sa robustesse et sa durabilit\u00e9 exceptionnelle avec jusqu&rsquo;\u00e0 5000 cycles de recharge. Cette technologie innovante int\u00e8gre la batterie directement dans la structure du v\u00e9hicule gr\u00e2ce au syst\u00e8me Cell-to-Body, am\u00e9liorant ainsi la rigidit\u00e9 du ch\u00e2ssis tout en optimisant l&rsquo;espace int\u00e9rieur. La conception unique de cette batterie permet une meilleure r\u00e9partition de la chaleur, garantissant des performances optimales m\u00eame dans des conditions extr\u00eames. C\u00f4t\u00e9 recharge, le Sealion 7 impressionne avec une puissance de charge pouvant atteindre 150 kW, permettant de passer de 30% \u00e0 80% de batterie en seulement 30 minutes.<\/p>\n<h3>Autonomie selon le cycle WLTP<\/h3>\n<p>Le BYD Sealion 7 propose une autonomie pouvant atteindre jusqu&rsquo;\u00e0 630 km selon le cycle WLTP en version propulsion. Cette performance remarquable est rendue possible gr\u00e2ce \u00e0 l&rsquo;efficacit\u00e9 de la batterie Blade et \u00e0 l&rsquo;optimisation a\u00e9rodynamique de sa carrosserie au design inspir\u00e9 du monde marin. La version \u00e0 transmission int\u00e9grale, dot\u00e9e de deux moteurs \u00e9lectriques pour une puissance combin\u00e9e impressionnante, offre quant \u00e0 elle une autonomie l\u00e9g\u00e8rement r\u00e9duite mais toujours confortable pour les longs trajets. Pour d\u00e9couvrir d&rsquo;autres mod\u00e8les de la gamme \u00e9lectrique BYD, <a href=\"https:\/\/www.bymycar.fr\/marques\/byd\/atto-3\">voir aussi le BYD Atto 3 compact<\/a> qui partage la m\u00eame plateforme e-Platform 3.0.<\/p>\n<h2>Prix, versions Comfort, Design et Excellence<\/h2>\n<h3>Version Comfort<\/h3>\n<ul>\n<li>Motorisation 100% \u00e9lectrique avec batterie de 71,8 kWh<\/li>\n<li>Autonomie WLTP de 420 km<\/li>\n<li>\u00c9quipements de s\u00e9rie : \u00e9cran tactile rotatif, climatisation automatique, cam\u00e9ra de recul<\/li>\n<li>Jantes a\u00e9rodynamiques 19 pouces<\/li>\n<li>\u00c0 partir de 42.890 \u20ac*<\/li>\n<li>Le bonus \u00e9cologique s&rsquo;applique pour cette offre<\/li>\n<\/ul>\n<h3>Version Design AWD<\/h3>\n<ul>\n<li>Transmission int\u00e9grale (4 roues motrices)<\/li>\n<li>Habitacle premium avec levier de vitesse en cristal<\/li>\n<li>Si\u00e8ges avant ventil\u00e9s et chauffants avec r\u00e9glage \u00e9lectrique<\/li>\n<li>\u00c9cran tactile rotatif de plus grande dimension<\/li>\n<li>\u00c0 partir de 46.500 \u20ac*<\/li>\n<li>Possibilit\u00e9 de remorquer jusqu&rsquo;\u00e0 1.300 kg<\/li>\n<\/ul>\n<h3>Version Excellence AWD<\/h3>\n<ul>\n<li>Motorisation la plus puissante de la gamme<\/li>\n<li>Syst\u00e8me audio Infinity\u00ae haute fid\u00e9lit\u00e9<\/li>\n<li>Toit panoramique Solarbay opacifiant<\/li>\n<li>Pack technologique complet avec affichage t\u00eate haute<\/li>\n<li>\u00c0 partir de 49.900 \u20ac*<\/li>\n<\/ul>\n<p>Le BYD Sealion 7 combine harmonieusement \u00e9l\u00e9gance et dynamisme avec sa silhouette inspir\u00e9e de l&rsquo;oc\u00e9an. Chaque version propose un excellent rapport \u00e9quipement\/prix pour r\u00e9pondre aux besoins des familles \u00e0 la recherche d&rsquo;un SUV \u00e9lectrique spacieux et technologique.<\/p>\n<h2>S\u00e9curit\u00e9 et aides \u00e0 la conduite<\/h2>\n<h3>Freinage d&rsquo;urgence automatique<\/h3>\n<p>Le BYD Sealion 7 est \u00e9quip\u00e9 d&rsquo;un syst\u00e8me avanc\u00e9 d&rsquo;aide \u00e0 la conduite (ADAS) int\u00e9grant un freinage d&rsquo;urgence automatique performant. Cette technologie intelligente surveille constamment la route et peut d\u00e9clencher un freinage d&rsquo;urgence en cas de danger imminent, r\u00e9duisant consid\u00e9rablement les risques de collision. La structure renforc\u00e9e du v\u00e9hicule, associ\u00e9e \u00e0 la Blade Battery ultra-s\u00fbre, offre une protection optimale aux occupants.<\/p>\n<h3>Maintien dans la voie et reconnaissance des panneaux<\/h3>\n<p>Le syst\u00e8me de maintien dans la voie du BYD Sealion 7 alerte le conducteur en cas de d\u00e9rive et corrige automatiquement la trajectoire si n\u00e9cessaire. Compl\u00e9t\u00e9 par la reconnaissance des panneaux de signalisation, il permet une conduite plus sereine et s\u00e9curis\u00e9e. L&rsquo;ensemble de ces technologies b\u00e9n\u00e9ficie de la plateforme e-Platform 3.0, sp\u00e9cialement con\u00e7ue pour les v\u00e9hicules \u00e9lectriques, garantissant une s\u00e9curit\u00e9 de haut niveau.<\/p>\n<h2>FAQ BYD Sealion 7 int\u00e9rieur et coffre<\/h2>\n<h3>Combien de si\u00e8ges y a-t-il dans le BYD Sealion 7 ?<\/h3>\n<p>Le BYD Sealion 7 dispose de 5 places assises avec un habitacle spacieux gr\u00e2ce \u00e0 son plancher plat et son empattement g\u00e9n\u00e9reux de 2930 mm, offrant un confort optimal pour tous les passagers, y compris \u00e0 l&rsquo;arri\u00e8re o\u00f9 l&rsquo;espace aux jambes est particuli\u00e8rement g\u00e9n\u00e9reux.<\/p>\n<h3>Quelle est la capacit\u00e9 du coffre du BYD Sealion 7 ?<\/h3>\n<p>Le BYD Sealion 7 offre un volume de coffre de 520 litres qui peut atteindre jusqu&rsquo;\u00e0 1789 litres lorsque la banquette arri\u00e8re rabattable 60\/40 est abaiss\u00e9e. Un espace suppl\u00e9mentaire de 58 litres est \u00e9galement disponible sous le capot avant pour une polyvalence maximale.<\/p>\n<h3>Quels mat\u00e9riaux composent l&rsquo;int\u00e9rieur du BYD Sealion 7 ?<\/h3>\n<p>L&rsquo;int\u00e9rieur du BYD Sealion 7 est domin\u00e9 par des si\u00e8ges en cuir nappa matelass\u00e9 et des finitions en cuir v\u00e9gan doux couvrant 80% de l&rsquo;habitacle. Ces mat\u00e9riaux premium s&rsquo;accompagnent d&rsquo;un \u00e9clairage d&rsquo;ambiance personnalisable offrant 128 teintes diff\u00e9rentes pour une atmosph\u00e8re raffin\u00e9e.<\/p>\n<h3>Le hayon \u00e9lectrique est-il livr\u00e9 de s\u00e9rie ?<\/h3>\n<p>Oui, le BYD Sealion 7 est \u00e9quip\u00e9 de s\u00e9rie d&rsquo;un hayon \u00e9lectrique activable d&rsquo;un simple geste du pied, facilitant consid\u00e9rablement le chargement et d\u00e9chargement du coffre. Ce syst\u00e8me intelligent comprend \u00e9galement une protection anti-pincement pour une s\u00e9curit\u00e9 optimale.<\/p>\n<h3>Le bonus \u00e9cologique s&rsquo;applique-t-il au BYD Sealion 7 ?<\/h3>\n<p>Le bonus \u00e9cologique s&rsquo;applique au BYD Sealion 7. Ce SUV \u00e9lectrique familial b\u00e9n\u00e9ficie des avantages fiscaux r\u00e9serv\u00e9s aux v\u00e9hicules z\u00e9ro \u00e9mission, ce qui permet de r\u00e9duire son prix d&rsquo;acquisition tout en profitant de ses performances \u00e9lectriques et de son habitabilit\u00e9 g\u00e9n\u00e9reuse.<\/p>\n<p><em>*Les prix mentionn\u00e9s sont donn\u00e9s \u00e0 titre indicatif et ont \u00e9t\u00e9 constat\u00e9s au moment de la r\u00e9daction. Ils sont susceptibles d&rsquo;\u00e9voluer. Pour obtenir une information exacte et \u00e0 jour, nous vous recommandons de contacter directement votre concession BYmyCAR.<\/em><\/p>\n"}}]},"add-carousel-to-footer":true},"yoast_head":"<!-- This site is optimized with the Yoast SEO Premium plugin v26.4 (Yoast SEO v26.4) - https:\/\/yoast.com\/wordpress\/plugins\/seo\/ -->\n<title>BYD Sealion 7 : int\u00e9rieur et coffre<\/title>\n<meta name=\"robots\" content=\"index, follow, max-snippet:-1, max-image-preview:large, max-video-preview:-1\" \/>\n<link rel=\"canonical\" href=\"https:\/\/www.bymycar.fr\/webzine\/byd-sealion-7-interieur-et-coffre\/\" \/>\n<meta property=\"og:locale\" content=\"fr_FR\" \/>\n<meta property=\"og:type\" content=\"article\" \/>\n<meta property=\"og:title\" content=\"BYD Sealion 7 : int\u00e9rieur et coffre\" \/>\n<meta property=\"og:url\" content=\"https:\/\/www.bymycar.fr\/webzine\/byd-sealion-7-interieur-et-coffre\/\" \/>\n<meta property=\"og:site_name\" content=\"Webzine auto BYmyCAR\" \/>\n<meta property=\"article:published_time\" content=\"2025-10-01T15:07:01+00:00\" \/>\n<meta name=\"author\" content=\"Tom Fernandes\" \/>\n<meta name=\"twitter:card\" content=\"summary_large_image\" \/>\n<meta name=\"twitter:label1\" content=\"\u00c9crit par\" \/>\n\t<meta name=\"twitter:data1\" content=\"Tom Fernandes\" \/>\n<script type=\"application\/ld+json\" class=\"yoast-schema-graph\">{\"@context\":\"https:\/\/schema.org\",\"@graph\":[{\"@type\":\"Article\",\"@id\":\"https:\/\/www.bymycar.fr\/webzine\/byd-sealion-7-interieur-et-coffre\/#article\",\"isPartOf\":{\"@id\":\"https:\/\/www.bymycar.fr\/webzine\/byd-sealion-7-interieur-et-coffre\/\"},\"author\":{\"name\":\"Tom Fernandes\",\"@id\":\"https:\/\/www.bymycar.fr\/webzine\/#\/schema\/person\/5512d79b8d2dfe306dc0b5794eba0c76\"},\"headline\":\"BYD Sealion 7 : int\u00e9rieur et coffre\",\"datePublished\":\"2025-10-01T15:07:01+00:00\",\"mainEntityOfPage\":{\"@id\":\"https:\/\/www.bymycar.fr\/webzine\/byd-sealion-7-interieur-et-coffre\/\"},\"wordCount\":6,\"publisher\":{\"@id\":\"https:\/\/www.bymycar.fr\/webzine\/#organization\"},\"articleSection\":[\"Guide d'achat BYD\"],\"inLanguage\":\"fr-FR\"},{\"@type\":\"WebPage\",\"@id\":\"https:\/\/www.bymycar.fr\/webzine\/byd-sealion-7-interieur-et-coffre\/\",\"url\":\"https:\/\/www.bymycar.fr\/webzine\/byd-sealion-7-interieur-et-coffre\/\",\"name\":\"BYD Sealion 7 : int\u00e9rieur et coffre\",\"isPartOf\":{\"@id\":\"https:\/\/www.bymycar.fr\/webzine\/#website\"},\"datePublished\":\"2025-10-01T15:07:01+00:00\",\"breadcrumb\":{\"@id\":\"https:\/\/www.bymycar.fr\/webzine\/byd-sealion-7-interieur-et-coffre\/#breadcrumb\"},\"inLanguage\":\"fr-FR\",\"potentialAction\":[{\"@type\":\"ReadAction\",\"target\":[\"https:\/\/www.bymycar.fr\/webzine\/byd-sealion-7-interieur-et-coffre\/\"]}]},{\"@type\":\"BreadcrumbList\",\"@id\":\"https:\/\/www.bymycar.fr\/webzine\/byd-sealion-7-interieur-et-coffre\/#breadcrumb\",\"itemListElement\":[{\"@type\":\"ListItem\",\"position\":1,\"name\":\"Accueil\",\"item\":\"https:\/\/www.bymycar.fr\/webzine\/\"},{\"@type\":\"ListItem\",\"position\":2,\"name\":\"BYD Sealion 7 : int\u00e9rieur et coffre\"}]},{\"@type\":\"WebSite\",\"@id\":\"https:\/\/www.bymycar.fr\/webzine\/#website\",\"url\":\"https:\/\/www.bymycar.fr\/webzine\/\",\"name\":\"Webzine auto BYmyCAR\",\"description\":\"La magazine auto de BYmyCAR\",\"publisher\":{\"@id\":\"https:\/\/www.bymycar.fr\/webzine\/#organization\"},\"potentialAction\":[{\"@type\":\"SearchAction\",\"target\":{\"@type\":\"EntryPoint\",\"urlTemplate\":\"https:\/\/www.bymycar.fr\/webzine\/?s={search_term_string}\"},\"query-input\":{\"@type\":\"PropertyValueSpecification\",\"valueRequired\":true,\"valueName\":\"search_term_string\"}}],\"inLanguage\":\"fr-FR\"},{\"@type\":\"Organization\",\"@id\":\"https:\/\/www.bymycar.fr\/webzine\/#organization\",\"name\":\"BYmyCAR\",\"url\":\"https:\/\/www.bymycar.fr\/webzine\/\",\"logo\":{\"@type\":\"ImageObject\",\"inLanguage\":\"fr-FR\",\"@id\":\"https:\/\/www.bymycar.fr\/webzine\/#\/schema\/logo\/image\/\",\"url\":\"https:\/\/cdn.bymycar.eu\/fr-webzine\/wp-content\/uploads\/medias\/2017\/08\/logo_DEALER_00000406_001.png\",\"contentUrl\":\"https:\/\/cdn.bymycar.eu\/fr-webzine\/wp-content\/uploads\/medias\/2017\/08\/logo_DEALER_00000406_001.png\",\"width\":2132,\"height\":720,\"caption\":\"BYmyCAR\"},\"image\":{\"@id\":\"https:\/\/www.bymycar.fr\/webzine\/#\/schema\/logo\/image\/\"}},{\"@type\":\"Person\",\"@id\":\"https:\/\/www.bymycar.fr\/webzine\/#\/schema\/person\/5512d79b8d2dfe306dc0b5794eba0c76\",\"name\":\"Tom Fernandes\",\"image\":{\"@type\":\"ImageObject\",\"inLanguage\":\"fr-FR\",\"@id\":\"https:\/\/www.bymycar.fr\/webzine\/#\/schema\/person\/image\/\",\"url\":\"https:\/\/secure.gravatar.com\/avatar\/81b17c0cc5a6f1f7f394984269a7cbad9c7cca9604839da024242cf665051fbf?s=96&d=mm&r=g\",\"contentUrl\":\"https:\/\/secure.gravatar.com\/avatar\/81b17c0cc5a6f1f7f394984269a7cbad9c7cca9604839da024242cf665051fbf?s=96&d=mm&r=g\",\"caption\":\"Tom Fernandes\"}}]}<\/script>\n<!-- \/ Yoast SEO Premium plugin. -->","yoast_head_json":{"title":"BYD Sealion 7 : int\u00e9rieur et coffre","robots":{"index":"index","follow":"follow","max-snippet":"max-snippet:-1","max-image-preview":"max-image-preview:large","max-video-preview":"max-video-preview:-1"},"canonical":"https:\/\/www.bymycar.fr\/webzine\/byd-sealion-7-interieur-et-coffre\/","og_locale":"fr_FR","og_type":"article","og_title":"BYD Sealion 7 : int\u00e9rieur et coffre","og_url":"https:\/\/www.bymycar.fr\/webzine\/byd-sealion-7-interieur-et-coffre\/","og_site_name":"Webzine auto BYmyCAR","article_published_time":"2025-10-01T15:07:01+00:00","author":"Tom Fernandes","twitter_card":"summary_large_image","twitter_misc":{"\u00c9crit par":"Tom Fernandes"},"schema":{"@context":"https:\/\/schema.org","@graph":[{"@type":"Article","@id":"https:\/\/www.bymycar.fr\/webzine\/byd-sealion-7-interieur-et-coffre\/#article","isPartOf":{"@id":"https:\/\/www.bymycar.fr\/webzine\/byd-sealion-7-interieur-et-coffre\/"},"author":{"name":"Tom Fernandes","@id":"https:\/\/www.bymycar.fr\/webzine\/#\/schema\/person\/5512d79b8d2dfe306dc0b5794eba0c76"},"headline":"BYD Sealion 7 : int\u00e9rieur et coffre","datePublished":"2025-10-01T15:07:01+00:00","mainEntityOfPage":{"@id":"https:\/\/www.bymycar.fr\/webzine\/byd-sealion-7-interieur-et-coffre\/"},"wordCount":6,"publisher":{"@id":"https:\/\/www.bymycar.fr\/webzine\/#organization"},"articleSection":["Guide d'achat BYD"],"inLanguage":"fr-FR"},{"@type":"WebPage","@id":"https:\/\/www.bymycar.fr\/webzine\/byd-sealion-7-interieur-et-coffre\/","url":"https:\/\/www.bymycar.fr\/webzine\/byd-sealion-7-interieur-et-coffre\/","name":"BYD Sealion 7 : int\u00e9rieur et coffre","isPartOf":{"@id":"https:\/\/www.bymycar.fr\/webzine\/#website"},"datePublished":"2025-10-01T15:07:01+00:00","breadcrumb":{"@id":"https:\/\/www.bymycar.fr\/webzine\/byd-sealion-7-interieur-et-coffre\/#breadcrumb"},"inLanguage":"fr-FR","potentialAction":[{"@type":"ReadAction","target":["https:\/\/www.bymycar.fr\/webzine\/byd-sealion-7-interieur-et-coffre\/"]}]},{"@type":"BreadcrumbList","@id":"https:\/\/www.bymycar.fr\/webzine\/byd-sealion-7-interieur-et-coffre\/#breadcrumb","itemListElement":[{"@type":"ListItem","position":1,"name":"Accueil","item":"https:\/\/www.bymycar.fr\/webzine\/"},{"@type":"ListItem","position":2,"name":"BYD Sealion 7 : int\u00e9rieur et coffre"}]},{"@type":"WebSite","@id":"https:\/\/www.bymycar.fr\/webzine\/#website","url":"https:\/\/www.bymycar.fr\/webzine\/","name":"Webzine auto BYmyCAR","description":"La magazine auto de BYmyCAR","publisher":{"@id":"https:\/\/www.bymycar.fr\/webzine\/#organization"},"potentialAction":[{"@type":"SearchAction","target":{"@type":"EntryPoint","urlTemplate":"https:\/\/www.bymycar.fr\/webzine\/?s={search_term_string}"},"query-input":{"@type":"PropertyValueSpecification","valueRequired":true,"valueName":"search_term_string"}}],"inLanguage":"fr-FR"},{"@type":"Organization","@id":"https:\/\/www.bymycar.fr\/webzine\/#organization","name":"BYmyCAR","url":"https:\/\/www.bymycar.fr\/webzine\/","logo":{"@type":"ImageObject","inLanguage":"fr-FR","@id":"https:\/\/www.bymycar.fr\/webzine\/#\/schema\/logo\/image\/","url":"https:\/\/cdn.bymycar.eu\/fr-webzine\/wp-content\/uploads\/medias\/2017\/08\/logo_DEALER_00000406_001.png","contentUrl":"https:\/\/cdn.bymycar.eu\/fr-webzine\/wp-content\/uploads\/medias\/2017\/08\/logo_DEALER_00000406_001.png","width":2132,"height":720,"caption":"BYmyCAR"},"image":{"@id":"https:\/\/www.bymycar.fr\/webzine\/#\/schema\/logo\/image\/"}},{"@type":"Person","@id":"https:\/\/www.bymycar.fr\/webzine\/#\/schema\/person\/5512d79b8d2dfe306dc0b5794eba0c76","name":"Tom Fernandes","image":{"@type":"ImageObject","inLanguage":"fr-FR","@id":"https:\/\/www.bymycar.fr\/webzine\/#\/schema\/person\/image\/","url":"https:\/\/secure.gravatar.com\/avatar\/81b17c0cc5a6f1f7f394984269a7cbad9c7cca9604839da024242cf665051fbf?s=96&d=mm&r=g","contentUrl":"https:\/\/secure.gravatar.com\/avatar\/81b17c0cc5a6f1f7f394984269a7cbad9c7cca9604839da024242cf665051fbf?s=96&d=mm&r=g","caption":"Tom Fernandes"}}]}},"_links":{"self":[{"href":"https:\/\/www.bymycar.fr\/webzine\/wp-json\/wp\/v2\/posts\/60739","targetHints":{"allow":["GET"]}}],"collection":[{"href":"https:\/\/www.bymycar.fr\/webzine\/wp-json\/wp\/v2\/posts"}],"about":[{"href":"https:\/\/www.bymycar.fr\/webzine\/wp-json\/wp\/v2\/types\/post"}],"author":[{"embeddable":true,"href":"https:\/\/www.bymycar.fr\/webzine\/wp-json\/wp\/v2\/users\/87"}],"replies":[{"embeddable":true,"href":"https:\/\/www.bymycar.fr\/webzine\/wp-json\/wp\/v2\/comments?post=60739"}],"version-history":[{"count":2,"href":"https:\/\/www.bymycar.fr\/webzine\/wp-json\/wp\/v2\/posts\/60739\/revisions"}],"predecessor-version":[{"id":60742,"href":"https:\/\/www.bymycar.fr\/webzine\/wp-json\/wp\/v2\/posts\/60739\/revisions\/60742"}],"wp:attachment":[{"href":"https:\/\/www.bymycar.fr\/webzine\/wp-json\/wp\/v2\/media?parent=60739"}],"wp:term":[{"taxonomy":"category","embeddable":true,"href":"https:\/\/www.bymycar.fr\/webzine\/wp-json\/wp\/v2\/categories?post=60739"},{"taxonomy":"post_tag","embeddable":true,"href":"https:\/\/www.bymycar.fr\/webzine\/wp-json\/wp\/v2\/tags?post=60739"}],"curies":[{"name":"wp","href":"https:\/\/api.w.org\/{rel}","templated":true}]}}