{"id":60686,"date":"2025-10-01T14:28:03","date_gmt":"2025-10-01T12:28:03","guid":{"rendered":"https:\/\/www.bymycar.fr\/webzine\/?p=60686"},"modified":"2025-10-01T14:28:03","modified_gmt":"2025-10-01T12:28:03","slug":"byd-seal-u-interieur-et-espace-familial-le-suv-hybride-pense-pour-les-familles","status":"publish","type":"post","link":"https:\/\/www.bymycar.fr\/webzine\/byd-seal-u-interieur-et-espace-familial-le-suv-hybride-pense-pour-les-familles\/","title":{"rendered":"BYD Seal U : int\u00e9rieur et espace familial, le SUV hybride pens\u00e9 pour les familles"},"content":{"rendered":"","protected":false},"excerpt":{"rendered":"","protected":false},"author":87,"featured_media":0,"comment_status":"closed","ping_status":"closed","sticky":false,"template":"","format":"standard","meta":{"_acf_changed":false,"footnotes":""},"categories":[12952],"tags":[],"class_list":["post-60686","post","type-post","status-publish","format-standard","hentry","category-guide-dachat-byd"],"acf":{"image":{"ID":60688,"id":60688,"title":"06_09_24_BYD_Seal_U_B_ES_11 (1)","filename":"06_09_24_BYD_Seal_U_B_ES_11-1-scaled.jpg","filesize":850774,"url":"https:\/\/cdn.bymycar.eu\/fr-webzine\/wp-content\/uploads\/medias\/06_09_24_BYD_Seal_U_B_ES_11-1-scaled.jpg","link":"https:\/\/www.bymycar.fr\/webzine\/byd-seal-u-interieur-et-espace-familial-le-suv-hybride-pense-pour-les-familles\/06_09_24_byd_seal_u_b_es_11-1\/","alt":"BYD Seal U","author":"87","description":"","caption":"","name":"06_09_24_byd_seal_u_b_es_11-1","status":"inherit","uploaded_to":60686,"date":"2025-10-01 12:27:26","modified":"2025-10-01 12:27:38","menu_order":0,"mime_type":"image\/jpeg","type":"image","subtype":"jpeg","icon":"https:\/\/www.bymycar.fr\/webzine\/wp-includes\/images\/media\/default.png","width":2560,"height":1707,"sizes":{"thumbnail":"https:\/\/cdn.bymycar.eu\/fr-webzine\/wp-content\/uploads\/medias\/06_09_24_BYD_Seal_U_B_ES_11-1-150x150.jpg","thumbnail-width":150,"thumbnail-height":150,"medium":"https:\/\/cdn.bymycar.eu\/fr-webzine\/wp-content\/uploads\/medias\/06_09_24_BYD_Seal_U_B_ES_11-1-300x200.jpg","medium-width":300,"medium-height":200,"medium_large":"https:\/\/cdn.bymycar.eu\/fr-webzine\/wp-content\/uploads\/medias\/06_09_24_BYD_Seal_U_B_ES_11-1-768x512.jpg","medium_large-width":768,"medium_large-height":512,"large":"https:\/\/cdn.bymycar.eu\/fr-webzine\/wp-content\/uploads\/medias\/06_09_24_BYD_Seal_U_B_ES_11-1-1024x683.jpg","large-width":1024,"large-height":683,"1536x1536":"https:\/\/cdn.bymycar.eu\/fr-webzine\/wp-content\/uploads\/medias\/06_09_24_BYD_Seal_U_B_ES_11-1-1536x1024.jpg","1536x1536-width":1536,"1536x1536-height":1024,"2048x2048":"https:\/\/cdn.bymycar.eu\/fr-webzine\/wp-content\/uploads\/medias\/06_09_24_BYD_Seal_U_B_ES_11-1-2048x1365.jpg","2048x2048-width":2048,"2048x2048-height":1365}},"introduction":"<p><strong>Ce qu&rsquo;il faut retenir<\/strong><\/p>\n<ul>\n<li>Un habitacle familial g\u00e9n\u00e9reux avec banquette arri\u00e8re spacieuse, plancher plat et coffre modulable de 425 \u00e0 1.440 litres, id\u00e9al pour les familles nombreuses<\/li>\n<li>Un int\u00e9rieur premium dot\u00e9 d&rsquo;\u00e9quipements high-tech : \u00e9cran rotatif 15,6&Prime;, toit panoramique, \u00e9clairage d&rsquo;ambiance et mat\u00e9riaux soign\u00e9s pour un confort exceptionnel<\/li>\n<li>Une modularit\u00e9 optimale gr\u00e2ce \u00e0 son empattement de 2,77 m, sa banquette rabattable 40\/60 et ses multiples rangements, faisant du Seal U DM-i un v\u00e9ritable SUV familial polyvalent<\/li>\n<\/ul>\n<p>Le BYD Seal U DM-i s&rsquo;impose comme le v\u00e9hicule id\u00e9al pour les familles modernes gr\u00e2ce \u00e0 son habitacle spacieux et ses technologies de pointe. Ce mod\u00e8le hybride rechargeable allie une autonomie impressionnante de plus de 1 000 km avec un confort exceptionnel \u00e0 bord, rendant chaque trajet aussi agr\u00e9able qu&rsquo;\u00e9cologique.<\/p>\n","add-to-bo":false,"page_content":{"block_content":[{"acf_fc_layout":"carousel-produits"},{"acf_fc_layout":"text-simple","--nav":{"-withNav":false,"-ancre":""},"--group":{"-text":"<h2>Design ext\u00e9rieur : une voiture \u00e0 l&rsquo;allure sophistiqu\u00e9e qui s\u00e9duit<\/h2>\n<h3>Lignes oc\u00e9aniques et a\u00e9rodynamisme<\/h3>\n<p>Le BYD Seal U DM-i affiche une silhouette inspir\u00e9e de l&rsquo;oc\u00e9an, combinant \u00e9l\u00e9gance et modernit\u00e9. Sa ligne fluide et ses courbes harmonieuses \u00e9voquent le mouvement des vagues, tout en optimisant l&rsquo;a\u00e9rodynamisme du v\u00e9hicule. Les doubles phares avant en forme de \u00ab\u00a0U\u00a0\u00bb int\u00e8grent des blocs de feux d\u00e9cal\u00e9s qui projettent un faisceau lumineux puissant, garantissant une meilleure visibilit\u00e9 et une s\u00e9curit\u00e9 accrue. \u00c0 l&rsquo;arri\u00e8re, la signature lumineuse arbore un motif matriciel \u00e9pur\u00e9 \u00e9voquant des gouttes d&rsquo;eau, renfor\u00e7ant l&rsquo;allure sophistiqu\u00e9e du SUV.<\/p>\n<h3>Finitions soign\u00e9es et jantes 19\u00a0\u00bb<\/h3>\n<p>Le design ext\u00e9rieur du BYD Seal U DM-i se distingue par des finitions particuli\u00e8rement soign\u00e9es, t\u00e9moignant du savoir-faire de la marque. \u00c9quip\u00e9 de jantes a\u00e9rodynamiques de 19 pouces, ce SUV hybride rechargeable associe harmonieusement \u00e9l\u00e9gance et dynamisme. Ces jantes, con\u00e7ues avec le plus grand soin, subliment la silhouette du v\u00e9hicule tout en minimisant la tra\u00een\u00e9e pour une conduite aussi fluide que confortable. Le BYD Seal U DM-i est disponible en plusieurs teintes raffin\u00e9es :<\/p>\n<ul>\n<li>Blanc Arctique<\/li>\n<li>Bleu Cosmos<\/li>\n<li>Gris Lunaire<\/li>\n<li>Noir Onyx<\/li>\n<li>Vert \u00c9meraude<\/li>\n<\/ul>\n<h2>Un int\u00e9rieur spacieux pour la vie de famille<\/h2>\n<h3>Banquette arri\u00e8re et plancher plat<\/h3>\n<p>Le BYD Seal U DM-i se distingue par un habitacle exceptionnellement g\u00e9n\u00e9reux pour tous les usagers de la route. Sa banquette arri\u00e8re extr\u00eamement spacieuse offre un confort optimal lors des longs trajets familiaux. Le plancher compl\u00e8tement plat constitue un atout majeur, permettant aux passagers de profiter d&rsquo;un espace aux jambes remarquable pour s&rsquo;\u00e9tirer et se d\u00e9tendre. Avec un volume de coffre atteignant 522 litres en configuration standard et jusqu&rsquo;\u00e0 1.440 litres avec les si\u00e8ges rabattus, ce SUV r\u00e9pond parfaitement aux besoins des familles modernes.<\/p>\n<h3>\u00c9clairage d&rsquo;ambiance et air frais \u00e0 bord<\/h3>\n<p>L&rsquo;exp\u00e9rience \u00e0 bord est sublim\u00e9e par le large toit ouvrant panoramique coulissant qui inonde l&rsquo;habitacle de lumi\u00e8re naturelle. Que vous voyagiez sous un ciel bleu \u00e9clatant ou une nuit \u00e9toil\u00e9e, cet \u00e9quipement laisse entrer l&rsquo;air frais et cr\u00e9e une sensation de libert\u00e9 incomparable. L&rsquo;impression d&rsquo;\u00eatre en contact direct avec la nature environnante transforme chaque trajet en une exp\u00e9rience agr\u00e9able. L&rsquo;\u00e9clairage d&rsquo;ambiance soigneusement int\u00e9gr\u00e9 renforce cette atmosph\u00e8re apaisante, particuli\u00e8rement appr\u00e9ciable lors des voyages nocturnes.<\/p>\n<h3>Mat\u00e9riaux premium et confort exceptionnel<\/h3>\n<p>L&rsquo;int\u00e9rieur du BYD Seal U DM-i arbore un design futuriste mis en valeur par une console centrale flottante et un double espace de rangement alliant \u00e9l\u00e9gance et fonctionnalit\u00e9. Les mat\u00e9riaux premium utilis\u00e9s t\u00e9moignent d&rsquo;une attention particuli\u00e8re port\u00e9e au confort exceptionnel des occupants. La technologie avanc\u00e9e NVH (Nuisance, Vibration, Duret\u00e9) garantit une atmosph\u00e8re sereine et d\u00e9tendue tout au long de vos d\u00e9placements. Le syst\u00e8me audio haut de gamme diffuse un son st\u00e9r\u00e9o immersif, compl\u00e9tant parfaitement cette exp\u00e9rience de conduite familiale privil\u00e9gi\u00e9e.<\/p>\n<h2>Technologies embarqu\u00e9es : connectivit\u00e9 et s\u00e9curit\u00e9 au quotidien<\/h2>\n<p>Le BYD Seal U DM-i propose une exp\u00e9rience technologique compl\u00e8te, alliant connectivit\u00e9 avanc\u00e9e et syst\u00e8mes de s\u00e9curit\u00e9 innovants pour r\u00e9pondre aux attentes des conducteurs modernes. Con\u00e7u pour faciliter la vie \u00e0 bord, ce SUV hybride int\u00e8gre des \u00e9quipements de pointe qui transforment chaque trajet en une exp\u00e9rience fluide et intuitive.<\/p>\n<h3>\u00c9cran rotatif 15,6\u00a0\u00bb et affichage t\u00eate haute<\/h3>\n<p>Au c\u0153ur du poste de conduite tr\u00f4ne un impressionnant \u00e9cran tactile multim\u00e9dia de 15,6 pouces capable de pivoter entre les modes portrait et paysage. Cette fonctionnalit\u00e9 unique offre une exp\u00e9rience utilisateur optimis\u00e9e selon les besoins : mode vertical pour la navigation ou horizontal pour le divertissement. La version Design compl\u00e8te cette interface par un affichage t\u00eate haute (HUD) projetant directement dans le champ de vision du conducteur les informations essentielles comme la vitesse, les instructions de navigation et les alertes de s\u00e9curit\u00e9. Ce syst\u00e8me s&rsquo;accompagne d&rsquo;un r\u00e9gulateur de vitesse adaptatif permettant d&rsquo;ajuster automatiquement la distance avec le v\u00e9hicule qui pr\u00e9c\u00e8de.<\/p>\n<h3>Android Auto, Apple CarPlay et commande vocale<\/h3>\n<p>Le BYD Seal U DM-i int\u00e8gre une connectivit\u00e9 compl\u00e8te avec Android Auto et Apple CarPlay disponibles sur toutes les versions, permettant de retrouver l&rsquo;interface famili\u00e8re de son smartphone sur l&rsquo;\u00e9cran central. Le syst\u00e8me d&rsquo;info-divertissement est enrichi par une commande vocale intelligente r\u00e9pondant instantan\u00e9ment \u00e0 l&rsquo;activation \u00ab\u00a0Hi, BYD\u00a0\u00bb, offrant un contr\u00f4le mains-libres des fonctions essentielles du v\u00e9hicule. La navigation de s\u00e9rie, associ\u00e9e \u00e0 la connexion 4G, garantit un guidage pr\u00e9cis et des informations trafic en temps r\u00e9el, transformant chaque d\u00e9placement en une exp\u00e9rience intuitive et connect\u00e9e.<\/p>\n<h2>Groupe motopropulseur DM-i : le SUV hybride rechargeable performant<\/h2>\n<p>Le BYD Seal U DM-i se distingue par sa technologie hybride rechargeable de pointe, combinant un moteur thermique 1,5 litre Xiaoyun et un puissant moteur \u00e9lectrique. Cette alliance offre une efficacit\u00e9 \u00e9nerg\u00e9tique remarquable avec un rendement thermique atteignant 43,04% &#8211; parmi les meilleurs du march\u00e9. La technologie Super DM (Dual Mode) d\u00e9velopp\u00e9e par BYD utilise principalement la propulsion \u00e9lectrique, le moteur thermique intervenant en soutien pour optimiser les performances et l&rsquo;autonomie.<\/p>\n<h3>Batterie Blade et efficacit\u00e9 \u00e9nerg\u00e9tique<\/h3>\n<p>Au c\u0153ur du syst\u00e8me DM-i se trouve la batterie Blade, une innovation exclusive de BYD. Cette technologie de batterie LFP (Lithium Fer Phosphate) offre une architecture cellule \u00e0 cellule unique qui optimise l&rsquo;espace et am\u00e9liore l&rsquo;efficacit\u00e9 du refroidissement. Avec sa conception plate et rectangulaire, elle permet d&rsquo;atteindre une densit\u00e9 \u00e9nerg\u00e9tique sup\u00e9rieure tout en garantissant une s\u00e9curit\u00e9 maximale. La consommation mixte de seulement 6 litres aux 100 km t\u00e9moigne de l&rsquo;efficacit\u00e9 \u00e9nerg\u00e9tique exceptionnelle de ce groupe motopropulseur.<\/p>\n<h3>Autonomie jusqu&rsquo;\u00e0 1 080 km et mode Boost<\/h3>\n<p>Le BYD Seal U DM-i impressionne avec une autonomie totale pouvant atteindre 1 080 km en cycle mixte WLTP, un atout consid\u00e9rable pour les longs trajets. En mode 100% \u00e9lectrique, il offre jusqu&rsquo;\u00e0 80 km d&rsquo;autonomie, id\u00e9al pour les d\u00e9placements quotidiens urbains. La version Boost optimise les performances en combinant intelligemment les deux sources d&rsquo;\u00e9nergie pour une r\u00e9activit\u00e9 accrue. Cette configuration permet de b\u00e9n\u00e9ficier d&rsquo;une exp\u00e9rience de conduite dynamique sans compromettre l&rsquo;efficacit\u00e9 \u00e9nerg\u00e9tique en usage r\u00e9el, faisant du Seal U DM-i une solution hybride v\u00e9ritablement polyvalente.<\/p>\n<h2>Dimensions et modularit\u00e9 : tout l&rsquo;espace qu&rsquo;il vous faut<\/h2>\n<h3>Gabarit ext\u00e9rieur et empattement de 2,77 m<\/h3>\n<p>Le BYD Seal U DM-i impressionne par ses dimensions g\u00e9n\u00e9reuses avec une longueur de 4,78 m et une largeur de 1,89 m. Son empattement de 2,77 m offre un espace int\u00e9rieur particuli\u00e8rement confortable, notamment pour les passagers arri\u00e8re qui profitent d&rsquo;un plancher plat. Le large pare-brise assure une meilleure visibilit\u00e9, un atout s\u00e9curitaire non n\u00e9gligeable pour ce SUV familial. Son poids suppl\u00e9mentaire contribue \u00e0 sa stabilit\u00e9 sur route, un avantage qui se ressent particuli\u00e8rement lors des trajets sur autoroute.<\/p>\n<h3>Coffre jusqu&rsquo;\u00e0 1 440 l<\/h3>\n<p>La modularit\u00e9 est un point fort du BYD Seal U DM-i avec un coffre offrant une capacit\u00e9 initiale de 425 litres qui peut atteindre jusqu&rsquo;\u00e0 1 440 litres lorsque les si\u00e8ges arri\u00e8re sont rabattus selon la configuration 40\/60. Cette flexibilit\u00e9 permet d&rsquo;adapter l&rsquo;espace aux besoins du quotidien, qu&rsquo;il s&rsquo;agisse de transporter des courses, des bagages ou des objets volumineux. Le SUV r\u00e9pond ainsi parfaitement aux attentes des familles \u00e0 la recherche d&rsquo;un v\u00e9hicule spacieux et polyvalent.<\/p>\n<h2>Fiche technique d\u00e9taill\u00e9e du BYD Seal U DM-i<\/h2>\n<table>\n<thead>\n<tr>\n<th>Caract\u00e9ristique<\/th>\n<th>Valeur<\/th>\n<\/tr>\n<\/thead>\n<tbody>\n<tr>\n<td>Puissance combin\u00e9e<\/td>\n<td>218 ch<\/td>\n<\/tr>\n<tr>\n<td>Couple maximal<\/td>\n<td>250 Nm<\/td>\n<\/tr>\n<tr>\n<td>Type de batterie<\/td>\n<td>Lithium-fer phosphate (LFP) Blade<\/td>\n<\/tr>\n<tr>\n<td>Capacit\u00e9 de batterie<\/td>\n<td>18,3 kWh<\/td>\n<\/tr>\n<tr>\n<td>Autonomie \u00e9lectrique<\/td>\n<td>70-80 km (WLTP)<\/td>\n<\/tr>\n<tr>\n<td>Consommation mixte<\/td>\n<td>6 L\/100 km<\/td>\n<\/tr>\n<tr>\n<td>Autonomie totale<\/td>\n<td>Jusqu&rsquo;\u00e0 1 080 km (cycle mixte WLTP)<\/td>\n<\/tr>\n<tr>\n<td>Temps de recharge (30-80%)<\/td>\n<td>35 minutes<\/td>\n<\/tr>\n<tr>\n<td>Puissance de recharge AC<\/td>\n<td>11 kW<\/td>\n<\/tr>\n<tr>\n<td>Puissance de recharge DC<\/td>\n<td>18 kW<\/td>\n<\/tr>\n<tr>\n<td>Capacit\u00e9 de remorquage<\/td>\n<td>1 300 kg<\/td>\n<\/tr>\n<\/tbody>\n<\/table>\n<h2>Prix BYD Seal U DM-i : une offre comp\u00e9titive*<\/h2>\n<p>Le BYD Seal U DM-i s&rsquo;affiche \u00e0 partir de 37.500 \u20ac* en finition Boost, avec une offre promotionnelle actuellement disponible \u00e0 34.990 \u20ac*. La version haut de gamme Design, dot\u00e9e d&rsquo;une transmission int\u00e9grale et d&rsquo;une motorisation plus puissante, est propos\u00e9e \u00e0 partir de 39.990 \u20ac*. Bonne nouvelle pour les acqu\u00e9reurs, ce SUV hybride rechargeable b\u00e9n\u00e9ficie du bonus \u00e9cologique qui s&rsquo;applique sur son prix d&rsquo;achat. Chaque version dispose d&rsquo;un \u00e9quipement g\u00e9n\u00e9reux incluant la navigation de s\u00e9rie et un grand \u00e9cran tactile rotatif. Notez que ces tarifs sont communiqu\u00e9s sous r\u00e9serve d&rsquo;acceptation et peuvent varier selon les options choisies. Pour d\u00e9couvrir tous les d\u00e9tails de ce mod\u00e8le, consultez la page <a href=\"https:\/\/www.bymycar.fr\/marques\/byd\/seal-u\">BYD Seal U<\/a>.<\/p>\n<h2>Quelle Seal U choisir ? Comparaison \u00e9lectrique vs hybride<\/h2>\n<p>Le BYD Seal U se d\u00e9cline en deux versions distinctes : 100% \u00e9lectrique ou hybride rechargeable DM-i. La version \u00e9lectrique, bas\u00e9e sur la plateforme e-Platform 3.0, offre une recharge rapide de 30% \u00e0 80% en seulement 28 minutes avec sa capacit\u00e9 de 140 kW. Pour les longs trajets, la version hybride DM-i pr\u00e9sente l&rsquo;avantage d&rsquo;une autonomie impressionnante atteignant 1 080 km en cycle mixte WLTP, avec plus de 70 km en mode 100% \u00e9lectrique. Les deux mod\u00e8les b\u00e9n\u00e9ficient d&rsquo;un syst\u00e8me de navigation de s\u00e9rie et d&rsquo;un habitacle spacieux. <a href=\"https:\/\/www.bymycar.fr\/marques\/byd\/seal-u\">D\u00e9couvrez le BYD Seal U<\/a> dans notre r\u00e9seau BYmyCAR pour trouver la version qui correspond parfaitement \u00e0 vos besoins de mobilit\u00e9.<\/p>\n<h2>Avis BYD Seal U DM-i : ce que pensent les conducteurs<\/h2>\n<p>Les propri\u00e9taires du BYD Seal U DM-i sont unanimes quant \u00e0 la qualit\u00e9 exceptionnelle de l&rsquo;exp\u00e9rience de conduite. Ils soulignent particuli\u00e8rement le silence de fonctionnement en mode \u00e9lectrique et le confort sup\u00e9rieur des si\u00e8ges spacieux. Le syst\u00e8me audio offre une exp\u00e9rience d&rsquo;\u00e9coute in\u00e9gal\u00e9e avec son environnement st\u00e9r\u00e9o immersif qui transforme chaque trajet. Si l&rsquo;espace de chargement se r\u00e9v\u00e8le compact avec ses 425 litres, la modularit\u00e9 int\u00e9rieure compense largement cette caract\u00e9ristique pour les familles en d\u00e9placement.<\/p>\n<h2>FAQ : tout savoir sur le BYD Seal U DM-i<\/h2>\n<h3>Quelle autonomie offre le BYD Seal U DM-i ?<\/h3>\n<p>Le BYD Seal U DM-i offre environ 70 \u00e0 80 km d&rsquo;autonomie en mode 100% \u00e9lectrique, variable selon la temp\u00e9rature ext\u00e9rieure et l&rsquo;utilisation du chauffage.<\/p>\n<h3>Le BYD Seal U est-il compatible Android Auto et Apple CarPlay ?<\/h3>\n<p>Oui, le BYD Seal U DM-i est \u00e9quip\u00e9 de s\u00e9rie d&rsquo;Android Auto et Apple CarPlay sur l&rsquo;ensemble des versions, facilitant l&rsquo;interaction avec le syst\u00e8me multim\u00e9dia embarqu\u00e9.<\/p>\n<h3>Quel volume de coffre propose le SUV familial ?<\/h3>\n<p>Le BYD Seal U DM-i dispose d&rsquo;un volume de coffre de 425 litres, extensible jusqu&rsquo;\u00e0 1440 litres en rabattant les si\u00e8ges arri\u00e8re.<\/p>\n<h3>Combien de temps faut-il pour recharger la batterie Blade ?<\/h3>\n<p>La batterie Blade du BYD Seal U DM-i se recharge en environ 35 minutes (de 30 \u00e0 80%) sur borne rapide, offrant une flexibilit\u00e9 d&rsquo;utilisation optimale.<\/p>\n<h3>Le bonus \u00e9cologique s&rsquo;applique-t-il au BYD Seal U DM-i ?<\/h3>\n<p>Oui, le bonus \u00e9cologique s&rsquo;applique au BYD Seal U DM-i, rendant ce <a href=\"https:\/\/www.bymycar.fr\/marques\/byd\/seal-u\">BYD Seal U<\/a> encore plus attractif pour les familles. D\u00e9couvrez \u00e9galement nos <a href=\"https:\/\/www.bymycar.fr\/byd-seal-u-15l-dm-i-218-ch-phev-occasion-2024-toulon-la-garde-1274031\">BYD Seal U DM-i occasion<\/a>.<\/p>\n<p><em>*Les prix mentionn\u00e9s sont donn\u00e9s \u00e0 titre indicatif et ont \u00e9t\u00e9 constat\u00e9s au moment de la r\u00e9daction. Ils sont susceptibles d&rsquo;\u00e9voluer. Pour obtenir une information exacte et \u00e0 jour, nous vous recommandons de contacter directement votre concession BYmyCAR.<\/em><\/p>\n"}}]},"add-carousel-to-footer":true},"yoast_head":"<!-- This site is optimized with the Yoast SEO Premium plugin v26.4 (Yoast SEO v26.4) - https:\/\/yoast.com\/wordpress\/plugins\/seo\/ -->\n<title>BYD Seal U : int\u00e9rieur et espace familial, le SUV hybride pens\u00e9 pour les familles<\/title>\n<meta name=\"robots\" content=\"index, follow, max-snippet:-1, max-image-preview:large, max-video-preview:-1\" \/>\n<link rel=\"canonical\" href=\"https:\/\/www.bymycar.fr\/webzine\/byd-seal-u-interieur-et-espace-familial-le-suv-hybride-pense-pour-les-familles\/\" \/>\n<meta property=\"og:locale\" content=\"fr_FR\" \/>\n<meta property=\"og:type\" content=\"article\" \/>\n<meta property=\"og:title\" content=\"BYD Seal U : int\u00e9rieur et espace familial, le SUV hybride pens\u00e9 pour les familles\" \/>\n<meta property=\"og:url\" content=\"https:\/\/www.bymycar.fr\/webzine\/byd-seal-u-interieur-et-espace-familial-le-suv-hybride-pense-pour-les-familles\/\" \/>\n<meta property=\"og:site_name\" content=\"Webzine auto BYmyCAR\" \/>\n<meta property=\"article:published_time\" content=\"2025-10-01T12:28:03+00:00\" \/>\n<meta name=\"author\" content=\"Tom Fernandes\" \/>\n<meta name=\"twitter:card\" content=\"summary_large_image\" \/>\n<meta name=\"twitter:label1\" content=\"\u00c9crit par\" \/>\n\t<meta name=\"twitter:data1\" content=\"Tom Fernandes\" \/>\n<script type=\"application\/ld+json\" class=\"yoast-schema-graph\">{\"@context\":\"https:\/\/schema.org\",\"@graph\":[{\"@type\":\"Article\",\"@id\":\"https:\/\/www.bymycar.fr\/webzine\/byd-seal-u-interieur-et-espace-familial-le-suv-hybride-pense-pour-les-familles\/#article\",\"isPartOf\":{\"@id\":\"https:\/\/www.bymycar.fr\/webzine\/byd-seal-u-interieur-et-espace-familial-le-suv-hybride-pense-pour-les-familles\/\"},\"author\":{\"name\":\"Tom Fernandes\",\"@id\":\"https:\/\/www.bymycar.fr\/webzine\/#\/schema\/person\/5512d79b8d2dfe306dc0b5794eba0c76\"},\"headline\":\"BYD Seal U : int\u00e9rieur et espace familial, le SUV hybride pens\u00e9 pour les familles\",\"datePublished\":\"2025-10-01T12:28:03+00:00\",\"mainEntityOfPage\":{\"@id\":\"https:\/\/www.bymycar.fr\/webzine\/byd-seal-u-interieur-et-espace-familial-le-suv-hybride-pense-pour-les-familles\/\"},\"wordCount\":15,\"publisher\":{\"@id\":\"https:\/\/www.bymycar.fr\/webzine\/#organization\"},\"articleSection\":[\"Guide d'achat BYD\"],\"inLanguage\":\"fr-FR\"},{\"@type\":\"WebPage\",\"@id\":\"https:\/\/www.bymycar.fr\/webzine\/byd-seal-u-interieur-et-espace-familial-le-suv-hybride-pense-pour-les-familles\/\",\"url\":\"https:\/\/www.bymycar.fr\/webzine\/byd-seal-u-interieur-et-espace-familial-le-suv-hybride-pense-pour-les-familles\/\",\"name\":\"BYD Seal U : int\u00e9rieur et espace familial, le SUV hybride pens\u00e9 pour les familles\",\"isPartOf\":{\"@id\":\"https:\/\/www.bymycar.fr\/webzine\/#website\"},\"datePublished\":\"2025-10-01T12:28:03+00:00\",\"breadcrumb\":{\"@id\":\"https:\/\/www.bymycar.fr\/webzine\/byd-seal-u-interieur-et-espace-familial-le-suv-hybride-pense-pour-les-familles\/#breadcrumb\"},\"inLanguage\":\"fr-FR\",\"potentialAction\":[{\"@type\":\"ReadAction\",\"target\":[\"https:\/\/www.bymycar.fr\/webzine\/byd-seal-u-interieur-et-espace-familial-le-suv-hybride-pense-pour-les-familles\/\"]}]},{\"@type\":\"BreadcrumbList\",\"@id\":\"https:\/\/www.bymycar.fr\/webzine\/byd-seal-u-interieur-et-espace-familial-le-suv-hybride-pense-pour-les-familles\/#breadcrumb\",\"itemListElement\":[{\"@type\":\"ListItem\",\"position\":1,\"name\":\"Accueil\",\"item\":\"https:\/\/www.bymycar.fr\/webzine\/\"},{\"@type\":\"ListItem\",\"position\":2,\"name\":\"BYD Seal U : int\u00e9rieur et espace familial, le SUV hybride pens\u00e9 pour les familles\"}]},{\"@type\":\"WebSite\",\"@id\":\"https:\/\/www.bymycar.fr\/webzine\/#website\",\"url\":\"https:\/\/www.bymycar.fr\/webzine\/\",\"name\":\"Webzine auto BYmyCAR\",\"description\":\"La magazine auto de BYmyCAR\",\"publisher\":{\"@id\":\"https:\/\/www.bymycar.fr\/webzine\/#organization\"},\"potentialAction\":[{\"@type\":\"SearchAction\",\"target\":{\"@type\":\"EntryPoint\",\"urlTemplate\":\"https:\/\/www.bymycar.fr\/webzine\/?s={search_term_string}\"},\"query-input\":{\"@type\":\"PropertyValueSpecification\",\"valueRequired\":true,\"valueName\":\"search_term_string\"}}],\"inLanguage\":\"fr-FR\"},{\"@type\":\"Organization\",\"@id\":\"https:\/\/www.bymycar.fr\/webzine\/#organization\",\"name\":\"BYmyCAR\",\"url\":\"https:\/\/www.bymycar.fr\/webzine\/\",\"logo\":{\"@type\":\"ImageObject\",\"inLanguage\":\"fr-FR\",\"@id\":\"https:\/\/www.bymycar.fr\/webzine\/#\/schema\/logo\/image\/\",\"url\":\"https:\/\/cdn.bymycar.eu\/fr-webzine\/wp-content\/uploads\/medias\/2017\/08\/logo_DEALER_00000406_001.png\",\"contentUrl\":\"https:\/\/cdn.bymycar.eu\/fr-webzine\/wp-content\/uploads\/medias\/2017\/08\/logo_DEALER_00000406_001.png\",\"width\":2132,\"height\":720,\"caption\":\"BYmyCAR\"},\"image\":{\"@id\":\"https:\/\/www.bymycar.fr\/webzine\/#\/schema\/logo\/image\/\"}},{\"@type\":\"Person\",\"@id\":\"https:\/\/www.bymycar.fr\/webzine\/#\/schema\/person\/5512d79b8d2dfe306dc0b5794eba0c76\",\"name\":\"Tom Fernandes\",\"image\":{\"@type\":\"ImageObject\",\"inLanguage\":\"fr-FR\",\"@id\":\"https:\/\/www.bymycar.fr\/webzine\/#\/schema\/person\/image\/\",\"url\":\"https:\/\/secure.gravatar.com\/avatar\/81b17c0cc5a6f1f7f394984269a7cbad9c7cca9604839da024242cf665051fbf?s=96&d=mm&r=g\",\"contentUrl\":\"https:\/\/secure.gravatar.com\/avatar\/81b17c0cc5a6f1f7f394984269a7cbad9c7cca9604839da024242cf665051fbf?s=96&d=mm&r=g\",\"caption\":\"Tom Fernandes\"}}]}<\/script>\n<!-- \/ Yoast SEO Premium plugin. -->","yoast_head_json":{"title":"BYD Seal U : int\u00e9rieur et espace familial, le SUV hybride pens\u00e9 pour les familles","robots":{"index":"index","follow":"follow","max-snippet":"max-snippet:-1","max-image-preview":"max-image-preview:large","max-video-preview":"max-video-preview:-1"},"canonical":"https:\/\/www.bymycar.fr\/webzine\/byd-seal-u-interieur-et-espace-familial-le-suv-hybride-pense-pour-les-familles\/","og_locale":"fr_FR","og_type":"article","og_title":"BYD Seal U : int\u00e9rieur et espace familial, le SUV hybride pens\u00e9 pour les familles","og_url":"https:\/\/www.bymycar.fr\/webzine\/byd-seal-u-interieur-et-espace-familial-le-suv-hybride-pense-pour-les-familles\/","og_site_name":"Webzine auto BYmyCAR","article_published_time":"2025-10-01T12:28:03+00:00","author":"Tom Fernandes","twitter_card":"summary_large_image","twitter_misc":{"\u00c9crit par":"Tom Fernandes"},"schema":{"@context":"https:\/\/schema.org","@graph":[{"@type":"Article","@id":"https:\/\/www.bymycar.fr\/webzine\/byd-seal-u-interieur-et-espace-familial-le-suv-hybride-pense-pour-les-familles\/#article","isPartOf":{"@id":"https:\/\/www.bymycar.fr\/webzine\/byd-seal-u-interieur-et-espace-familial-le-suv-hybride-pense-pour-les-familles\/"},"author":{"name":"Tom Fernandes","@id":"https:\/\/www.bymycar.fr\/webzine\/#\/schema\/person\/5512d79b8d2dfe306dc0b5794eba0c76"},"headline":"BYD Seal U : int\u00e9rieur et espace familial, le SUV hybride pens\u00e9 pour les familles","datePublished":"2025-10-01T12:28:03+00:00","mainEntityOfPage":{"@id":"https:\/\/www.bymycar.fr\/webzine\/byd-seal-u-interieur-et-espace-familial-le-suv-hybride-pense-pour-les-familles\/"},"wordCount":15,"publisher":{"@id":"https:\/\/www.bymycar.fr\/webzine\/#organization"},"articleSection":["Guide d'achat BYD"],"inLanguage":"fr-FR"},{"@type":"WebPage","@id":"https:\/\/www.bymycar.fr\/webzine\/byd-seal-u-interieur-et-espace-familial-le-suv-hybride-pense-pour-les-familles\/","url":"https:\/\/www.bymycar.fr\/webzine\/byd-seal-u-interieur-et-espace-familial-le-suv-hybride-pense-pour-les-familles\/","name":"BYD Seal U : int\u00e9rieur et espace familial, le SUV hybride pens\u00e9 pour les familles","isPartOf":{"@id":"https:\/\/www.bymycar.fr\/webzine\/#website"},"datePublished":"2025-10-01T12:28:03+00:00","breadcrumb":{"@id":"https:\/\/www.bymycar.fr\/webzine\/byd-seal-u-interieur-et-espace-familial-le-suv-hybride-pense-pour-les-familles\/#breadcrumb"},"inLanguage":"fr-FR","potentialAction":[{"@type":"ReadAction","target":["https:\/\/www.bymycar.fr\/webzine\/byd-seal-u-interieur-et-espace-familial-le-suv-hybride-pense-pour-les-familles\/"]}]},{"@type":"BreadcrumbList","@id":"https:\/\/www.bymycar.fr\/webzine\/byd-seal-u-interieur-et-espace-familial-le-suv-hybride-pense-pour-les-familles\/#breadcrumb","itemListElement":[{"@type":"ListItem","position":1,"name":"Accueil","item":"https:\/\/www.bymycar.fr\/webzine\/"},{"@type":"ListItem","position":2,"name":"BYD Seal U : int\u00e9rieur et espace familial, le SUV hybride pens\u00e9 pour les familles"}]},{"@type":"WebSite","@id":"https:\/\/www.bymycar.fr\/webzine\/#website","url":"https:\/\/www.bymycar.fr\/webzine\/","name":"Webzine auto BYmyCAR","description":"La magazine auto de BYmyCAR","publisher":{"@id":"https:\/\/www.bymycar.fr\/webzine\/#organization"},"potentialAction":[{"@type":"SearchAction","target":{"@type":"EntryPoint","urlTemplate":"https:\/\/www.bymycar.fr\/webzine\/?s={search_term_string}"},"query-input":{"@type":"PropertyValueSpecification","valueRequired":true,"valueName":"search_term_string"}}],"inLanguage":"fr-FR"},{"@type":"Organization","@id":"https:\/\/www.bymycar.fr\/webzine\/#organization","name":"BYmyCAR","url":"https:\/\/www.bymycar.fr\/webzine\/","logo":{"@type":"ImageObject","inLanguage":"fr-FR","@id":"https:\/\/www.bymycar.fr\/webzine\/#\/schema\/logo\/image\/","url":"https:\/\/cdn.bymycar.eu\/fr-webzine\/wp-content\/uploads\/medias\/2017\/08\/logo_DEALER_00000406_001.png","contentUrl":"https:\/\/cdn.bymycar.eu\/fr-webzine\/wp-content\/uploads\/medias\/2017\/08\/logo_DEALER_00000406_001.png","width":2132,"height":720,"caption":"BYmyCAR"},"image":{"@id":"https:\/\/www.bymycar.fr\/webzine\/#\/schema\/logo\/image\/"}},{"@type":"Person","@id":"https:\/\/www.bymycar.fr\/webzine\/#\/schema\/person\/5512d79b8d2dfe306dc0b5794eba0c76","name":"Tom Fernandes","image":{"@type":"ImageObject","inLanguage":"fr-FR","@id":"https:\/\/www.bymycar.fr\/webzine\/#\/schema\/person\/image\/","url":"https:\/\/secure.gravatar.com\/avatar\/81b17c0cc5a6f1f7f394984269a7cbad9c7cca9604839da024242cf665051fbf?s=96&d=mm&r=g","contentUrl":"https:\/\/secure.gravatar.com\/avatar\/81b17c0cc5a6f1f7f394984269a7cbad9c7cca9604839da024242cf665051fbf?s=96&d=mm&r=g","caption":"Tom Fernandes"}}]}},"_links":{"self":[{"href":"https:\/\/www.bymycar.fr\/webzine\/wp-json\/wp\/v2\/posts\/60686","targetHints":{"allow":["GET"]}}],"collection":[{"href":"https:\/\/www.bymycar.fr\/webzine\/wp-json\/wp\/v2\/posts"}],"about":[{"href":"https:\/\/www.bymycar.fr\/webzine\/wp-json\/wp\/v2\/types\/post"}],"author":[{"embeddable":true,"href":"https:\/\/www.bymycar.fr\/webzine\/wp-json\/wp\/v2\/users\/87"}],"replies":[{"embeddable":true,"href":"https:\/\/www.bymycar.fr\/webzine\/wp-json\/wp\/v2\/comments?post=60686"}],"version-history":[{"count":3,"href":"https:\/\/www.bymycar.fr\/webzine\/wp-json\/wp\/v2\/posts\/60686\/revisions"}],"predecessor-version":[{"id":60690,"href":"https:\/\/www.bymycar.fr\/webzine\/wp-json\/wp\/v2\/posts\/60686\/revisions\/60690"}],"wp:attachment":[{"href":"https:\/\/www.bymycar.fr\/webzine\/wp-json\/wp\/v2\/media?parent=60686"}],"wp:term":[{"taxonomy":"category","embeddable":true,"href":"https:\/\/www.bymycar.fr\/webzine\/wp-json\/wp\/v2\/categories?post=60686"},{"taxonomy":"post_tag","embeddable":true,"href":"https:\/\/www.bymycar.fr\/webzine\/wp-json\/wp\/v2\/tags?post=60686"}],"curies":[{"name":"wp","href":"https:\/\/api.w.org\/{rel}","templated":true}]}}