{"id":60102,"date":"2025-09-10T14:40:45","date_gmt":"2025-09-10T12:40:45","guid":{"rendered":"https:\/\/www.bymycar.fr\/webzine\/?p=60102"},"modified":"2025-09-10T14:40:45","modified_gmt":"2025-09-10T12:40:45","slug":"audi-q8-vs-audi-q7-que-choisir-pour-2025","status":"publish","type":"post","link":"https:\/\/www.bymycar.fr\/webzine\/audi-q8-vs-audi-q7-que-choisir-pour-2025\/","title":{"rendered":"Audi Q8 vs Audi Q7 : que choisir pour 2025 ?"},"content":{"rendered":"","protected":false},"excerpt":{"rendered":"","protected":false},"author":87,"featured_media":0,"comment_status":"closed","ping_status":"closed","sticky":false,"template":"","format":"standard","meta":{"_acf_changed":false,"footnotes":""},"categories":[12899],"tags":[],"class_list":["post-60102","post","type-post","status-publish","format-standard","hentry","category-guide-dachat-audi"],"acf":{"image":{"ID":60103,"id":60103,"title":"Audi Q7 (1)","filename":"Audi-Q7-1-scaled.jpg","filesize":495562,"url":"https:\/\/cdn.bymycar.eu\/fr-webzine\/wp-content\/uploads\/medias\/Audi-Q7-1-scaled.jpg","link":"https:\/\/www.bymycar.fr\/webzine\/audi-q8-vs-audi-q7-que-choisir-pour-2025\/audi-q7-1\/","alt":"Audi Q7, couleur Bleu Ascari m\u00e9tallis\u00e9","author":"87","description":"","caption":"","name":"audi-q7-1","status":"inherit","uploaded_to":60102,"date":"2025-09-10 12:33:16","modified":"2025-09-10 12:34:06","menu_order":0,"mime_type":"image\/jpeg","type":"image","subtype":"jpeg","icon":"https:\/\/www.bymycar.fr\/webzine\/wp-includes\/images\/media\/default.png","width":2560,"height":1706,"sizes":{"thumbnail":"https:\/\/cdn.bymycar.eu\/fr-webzine\/wp-content\/uploads\/medias\/Audi-Q7-1-150x150.jpg","thumbnail-width":150,"thumbnail-height":150,"medium":"https:\/\/cdn.bymycar.eu\/fr-webzine\/wp-content\/uploads\/medias\/Audi-Q7-1-300x200.jpg","medium-width":300,"medium-height":200,"medium_large":"https:\/\/cdn.bymycar.eu\/fr-webzine\/wp-content\/uploads\/medias\/Audi-Q7-1-768x512.jpg","medium_large-width":768,"medium_large-height":512,"large":"https:\/\/cdn.bymycar.eu\/fr-webzine\/wp-content\/uploads\/medias\/Audi-Q7-1-1024x682.jpg","large-width":1024,"large-height":682,"1536x1536":"https:\/\/cdn.bymycar.eu\/fr-webzine\/wp-content\/uploads\/medias\/Audi-Q7-1-1536x1023.jpg","1536x1536-width":1536,"1536x1536-height":1023,"2048x2048":"https:\/\/cdn.bymycar.eu\/fr-webzine\/wp-content\/uploads\/medias\/Audi-Q7-1-2048x1365.jpg","2048x2048-width":2048,"2048x2048-height":1365}},"introduction":"<p><strong>Ce qu&rsquo;il faut retenir<\/strong><\/p>\n<ul>\n<li>L&rsquo;Audi Q7 est le choix id\u00e9al pour les familles, avec ses 7 places, son volume de coffre g\u00e9n\u00e9reux (jusqu&rsquo;\u00e0 865 litres) et son confort optimis\u00e9 pour les longs trajets. Il s&rsquo;av\u00e8re plus polyvalent et l\u00e9g\u00e8rement moins on\u00e9reux (\u00e0 partir de 64.230 \u20ac*).<\/li>\n<li>L&rsquo;Audi Q8 se destine aux conducteurs privil\u00e9giant le style et le dynamisme, avec sa silhouette de SUV coup\u00e9, ses motorisations plus performantes et son orientation premium assum\u00e9e. Plus exclusif, il est aussi plus cher (\u00e0 partir de 71.900 \u20ac*).<\/li>\n<li>Le choix final d\u00e9pend essentiellement de vos priorit\u00e9s : optez pour le Q7 si vous recherchez un v\u00e9hicule familial spacieux et polyvalent, pr\u00e9f\u00e9rez le Q8 si vous souhaitez un SUV plus dynamique et statutaire sans besoin d&rsquo;une troisi\u00e8me rang\u00e9e de si\u00e8ges.<\/li>\n<\/ul>\n<p>Vous h\u00e9sitez entre deux grands SUV premium du Groupe Volkswagen ? Ce comparatif d\u00e9taill\u00e9 entre l&rsquo;Audi Q8 et l&rsquo;Audi Q7 vous aidera \u00e0 faire le choix qui correspond le mieux \u00e0 vos attentes pour 2025. Contrairement \u00e0 ce que leur nom sugg\u00e8re, le Q8 n&rsquo;est pas le successeur du Q7, mais un mod\u00e8le distinct privil\u00e9giant davantage la sportivit\u00e9.<\/p>\n<p>Dans cette analyse, nous \u00e9valuerons ces deux SUV selon plusieurs crit\u00e8res essentiels : design, performances, technologies embarqu\u00e9es, habitabilit\u00e9, confort et rapport qualit\u00e9-prix. Un guide complet pour \u00e9clairer votre d\u00e9cision entre ces deux fleurons de la gamme Audi.<\/p>\n","add-to-bo":false,"page_content":{"block_content":[{"acf_fc_layout":"text-simple","--nav":{"-withNav":false,"-ancre":""},"--group":{"-text":"<h2>Pr\u00e9sentation g\u00e9n\u00e9rale des Audi Q7 et Q8<\/h2>\n<p>Au sein de la gamme des SUV premium, les Audi Q7 et Q8 occupent une place de choix en repr\u00e9sentant l&rsquo;excellence allemande dans deux philosophies distinctes. Ces deux mod\u00e8les phares du constructeur aux anneaux partagent de nombreux \u00e9l\u00e9ments techniques tout en proposant des positionnements et des silhouettes bien diff\u00e9renci\u00e9s. D\u00e9couvrons ce qui fait leur sp\u00e9cificit\u00e9 et comment ils se compl\u00e8tent dans l&rsquo;offre du constructeur d&rsquo;Ingolstadt.<\/p>\n<h3>Positionnement dans la gamme SUV<\/h3>\n<p>L&rsquo;Audi Q7, lanc\u00e9 initialement en 2005 et commercialis\u00e9 en 2006, fut le tout premier SUV de la marque allemande. Ce mod\u00e8le familial par excellence a rapidement conquis une client\u00e8le \u00e0 la recherche d&rsquo;un v\u00e9hicule spacieux et polyvalent. Le Q8, quant \u00e0 lui, est arriv\u00e9 bien plus tard sur le march\u00e9, en 2018, pour r\u00e9pondre \u00e0 une nouvelle tendance : celle des SUV coup\u00e9s. Contrairement \u00e0 ce que pourrait laisser penser sa d\u00e9nomination sup\u00e9rieure, le Q8 ne remplace pas le Q7 mais vient le compl\u00e9ter avec un positionnement plus dynamique et exclusif. Les deux mod\u00e8les cohabitent ainsi dans la gamme, ciblant des client\u00e8les aux attentes diff\u00e9rentes mais exigeantes.<\/p>\n<h3>Plateforme commune du Groupe Volkswagen<\/h3>\n<p>Les Audi Q7 et Q8 partagent la m\u00eame base technique : la plateforme MLB Evo (Modularer L\u00e4ngsbaukasten Evo) d\u00e9velopp\u00e9e par le Groupe Volkswagen. Cette architecture modulaire, inaugur\u00e9e en 2015 avec le Q7 de seconde g\u00e9n\u00e9ration, est sp\u00e9cifiquement con\u00e7ue pour les v\u00e9hicules dot\u00e9s de moteurs positionn\u00e9s longitudinalement. Cette plateforme sophistiqu\u00e9e est \u00e9galement utilis\u00e9e par d&rsquo;autres mod\u00e8les premium du groupe comme le Porsche Cayenne. Cette mutualisation technique permet non seulement de r\u00e9duire les co\u00fbts de d\u00e9veloppement mais aussi d&rsquo;optimiser les performances et la qualit\u00e9 per\u00e7ue de ces v\u00e9hicules haut de gamme, tout en conservant l&rsquo;identit\u00e9 propre \u00e0 chaque marque.<\/p>\n<h3>Design ext\u00e9rieur : SUV vs SUV coup\u00e9<\/h3>\n<p>La principale diff\u00e9rence visuelle entre ces deux mod\u00e8les r\u00e9side dans leur silhouette. Le Q7 adopte une ligne traditionnelle de SUV avec un profil rectangulaire privil\u00e9giant l&rsquo;espace int\u00e9rieur et la modularit\u00e9. Avec ses 5,05 m\u00e8tres de long, il peut accueillir jusqu&rsquo;\u00e0 sept passagers gr\u00e2ce \u00e0 une troisi\u00e8me rang\u00e9e de si\u00e8ges. Le Q8, bien que reposant sur la m\u00eame base, se distingue par sa silhouette plus dynamique avec un toit plongeant et une posture plus muscl\u00e9e. Plus court de 66 mm et moins haut de 36 mm que son fr\u00e8re, le Q8 sacrifie l&rsquo;aspect pratique au profit du style avec seulement cinq places et un coffre l\u00e9g\u00e8rement r\u00e9duit. Pour approfondir ces diff\u00e9rences et vous aider dans votre choix, consultez <a href=\"https:\/\/www.bymycar.fr\/webzine\/audi-q8-ou-q7\/\">notre comparatif complet BYmyCAR<\/a>.<\/p>\n<h2>Dimensions Audi Q8 vs Q7<\/h2>\n<p>Le choix entre l&rsquo;Audi Q8 et l&rsquo;Audi Q7 d\u00e9pend souvent des priorit\u00e9s de l&rsquo;acheteur : silhouette \u00e9lanc\u00e9e et dynamique ou espace familial g\u00e9n\u00e9reux. Examinons en d\u00e9tail les diff\u00e9rences dimensionnelles entre ces deux SUV premium.<\/p>\n<h3>Gabarit ext\u00e9rieur<\/h3>\n<p>L&rsquo;Audi Q7 se positionne comme le SUV familial par excellence avec sa silhouette imposante et fonctionnelle. Plus long de 8 cm par rapport au Q8, il offre une hauteur l\u00e9g\u00e8rement sup\u00e9rieure qui favorise l&rsquo;habitabilit\u00e9. Le Q8, quant \u00e0 lui, adopte une ligne de toit plus inclin\u00e9e et une posture plus large, lui conf\u00e9rant une allure plus sportive et dynamique. Son design plus affirm\u00e9 et ses proportions \u00e9quilibr\u00e9es en font un v\u00e9hicule particuli\u00e8rement \u00e9l\u00e9gant sur la route, sans sacrifier le confort int\u00e9rieur.<\/p>\n<h3>Volume de coffre et habitabilit\u00e9<\/h3>\n<p>En mati\u00e8re d&rsquo;habitabilit\u00e9, l&rsquo;Audi Q7 se d\u00e9marque par sa polyvalence avec ses 7 places disponibles et un espace aux jambes g\u00e9n\u00e9reux \u00e0 tous les rangs. Le Q8 propose une approche plus exclusive avec 5 places et un habitacle orient\u00e9 vers le confort premium. Malgr\u00e9 sa ligne de toit plongeante, le Q8 pr\u00e9serve une garde au toit tr\u00e8s correcte pour les passagers arri\u00e8re. La diff\u00e9rence majeure r\u00e9side dans la capacit\u00e9 de chargement, o\u00f9 le Q7 affiche une modularit\u00e9 sup\u00e9rieure, particuli\u00e8rement appr\u00e9ciable pour les familles nombreuses.<\/p>\n<table>\n<thead>\n<tr>\n<th>Caract\u00e9ristiques<\/th>\n<th>Audi Q8<\/th>\n<th>Audi Q7<\/th>\n<th>Diff\u00e9rence<\/th>\n<\/tr>\n<\/thead>\n<tbody>\n<tr>\n<td>Longueur<\/td>\n<td>4,99 m<\/td>\n<td>5,07 m<\/td>\n<td>+8 cm pour Q7<\/td>\n<\/tr>\n<tr>\n<td>Largeur (sans r\u00e9tros)<\/td>\n<td>1,99 m<\/td>\n<td>1,97 m<\/td>\n<td>+2 cm pour Q8<\/td>\n<\/tr>\n<tr>\n<td>Hauteur<\/td>\n<td>1,70 m<\/td>\n<td>1,73 m<\/td>\n<td>+3 cm pour Q7<\/td>\n<\/tr>\n<tr>\n<td>Empattement<\/td>\n<td>3,00 m<\/td>\n<td>3,00 m<\/td>\n<td>Identique<\/td>\n<\/tr>\n<tr>\n<td>Volume coffre (configuration 5 places)<\/td>\n<td>605 litres<\/td>\n<td>780-867 litres<\/td>\n<td>+175-262 l pour Q7<\/td>\n<\/tr>\n<tr>\n<td>Volume coffre (7 places d\u00e9ploy\u00e9es)<\/td>\n<td>Non disponible<\/td>\n<td>295 litres<\/td>\n<td>Exclusif au Q7<\/td>\n<\/tr>\n<tr>\n<td>Garde au toit<\/td>\n<td>Bonne malgr\u00e9 ligne coup\u00e9<\/td>\n<td>Excellente<\/td>\n<td>Avantage Q7<\/td>\n<\/tr>\n<\/tbody>\n<\/table>\n"}},{"acf_fc_layout":"carousel-produits"},{"acf_fc_layout":"text-simple","--nav":{"-withNav":false,"-ancre":""},"--group":{"-text":"<h2>Motorisations, performances et technologies embarqu\u00e9es<\/h2>\n<h3>Moteurs essence, diesel et hybrides<\/h3>\n<p>L&rsquo;Audi Q8 2025 propose une gamme de motorisations diversifi\u00e9e pour r\u00e9pondre aux attentes des conducteurs les plus exigeants. En entr\u00e9e de gamme, on retrouve un V6 3 litres turbo \u00e0 hybridation l\u00e9g\u00e8re d\u00e9veloppant 335 hp, associ\u00e9 \u00e0 un syst\u00e8me micro-hybride 48V qui optimise la consommation lors des phases d&rsquo;arr\u00eat et de d\u00e9marrage. Pour ceux qui recherchent davantage de puissance, le SQ8 offre un impressionnant V6 essence capable de d\u00e9livrer jusqu&rsquo;\u00e0 429 hp, tandis que le RS Q8 Performance s&rsquo;impose comme le v\u00e9hicule \u00e0 moteur thermique le plus puissant de l&rsquo;histoire de la marque avec son V8 biturbo de 4.0 litres d\u00e9veloppant 600 hp et 800 Nm de couple.<\/p>\n<p>La version hybride rechargeable TFSI e repr\u00e9sente le parfait \u00e9quilibre entre performances et efficience. Combinant un moteur TFSI et un moteur \u00e9lectrique, ce syst\u00e8me hybride offre une puissance cumul\u00e9e allant jusqu&rsquo;\u00e0 490 hp. Gr\u00e2ce \u00e0 sa batterie lithium-ion de 17,9 kWh, l&rsquo;autonomie en mode tout \u00e9lectrique peut atteindre 83 kilom\u00e8tres. Trois modes de conduite sont disponibles : \u00ab\u00a0EV\u00a0\u00bb pour une conduite 100% \u00e9lectrique, \u00ab\u00a0Battery Hold\u00a0\u00bb pour \u00e9conomiser la batterie, et \u00ab\u00a0Hybrid\u00a0\u00bb pour une gestion intelligente des deux motorisations.<\/p>\n<h3>Bo\u00eete automatique et transmission int\u00e9grale Quattro<\/h3>\n<p>Tous les mod\u00e8les de la gamme Q8 sont \u00e9quip\u00e9s d&rsquo;une bo\u00eete automatique \u00e0 8 rapports Tiptronic, reconnue pour sa r\u00e9activit\u00e9 et sa fluidit\u00e9. Cette transmission s&rsquo;adapte parfaitement au style de conduite, particuli\u00e8rement en mode Dynamic o\u00f9 elle offre des passages de rapports plus incisifs pour une exp\u00e9rience de conduite plus sportive.<\/p>\n<p>La transmission int\u00e9grale Quattro, v\u00e9ritable signature d&rsquo;Audi, \u00e9quipe l&rsquo;ensemble de la gamme Q8. Ce syst\u00e8me intelligent r\u00e9partit le couple entre les quatre roues selon les conditions d&rsquo;adh\u00e9rence. Sur le Q8, la technologie Quattro est capable de transmettre jusqu&rsquo;\u00e0 50% de la puissance aux roues avant si les roues arri\u00e8res patinent, garantissant une motricit\u00e9 optimale en toutes circonstances. Cette transmission assure une tenue de route exemplaire, m\u00eame dans les conditions les plus difficiles, tout en pr\u00e9servant le caract\u00e8re dynamique propre aux v\u00e9hicules de la marque aux anneaux.<\/p>\n<h3>Technologies de conduite et Audi virtual cockpit<\/h3>\n<p>L&rsquo;Audi Q8 embarque les technologies de conduite les plus avanc\u00e9es de la marque. Le syst\u00e8me MMI Navigation Plus s&rsquo;int\u00e8gre parfaitement \u00e0 l&rsquo;Audi virtual cockpit, un tableau de bord enti\u00e8rement num\u00e9rique de 12,3 pouces qui remplace les instruments traditionnels. Cette interface hautement personnalisable permet au conducteur d&rsquo;afficher les informations essentielles \u00e0 hauteur des yeux, qu&rsquo;il s&rsquo;agisse de la vitesse, du r\u00e9gime moteur, de la navigation GPS ou des syst\u00e8mes multim\u00e9dia.<\/p>\n<p>La version plus \u00e9volu\u00e9e, l&rsquo;Audi virtual cockpit Plus, propose un \u00e9cran plus grand de 14,7 pouces avec des fonctionnalit\u00e9s suppl\u00e9mentaires. Ce syst\u00e8me s&rsquo;accompagne d&rsquo;un large \u00e9cran tactile central de 10,1 pouces pour contr\u00f4ler les diff\u00e9rentes fonctions du v\u00e9hicule. Les modes de conduite Audi Drive Select permettent d&rsquo;adapter le comportement du v\u00e9hicule selon vos pr\u00e9f\u00e9rences, modifiant la r\u00e9ponse de l&rsquo;acc\u00e9l\u00e9rateur, la fermet\u00e9 de la direction et les r\u00e9glages de la suspension. L&rsquo;ensemble de ces technologies cr\u00e9e une exp\u00e9rience de conduite intuitive et personnalis\u00e9e, digne du statut de vaisseau amiral de la gamme SUV d&rsquo;Audi.<\/p>\n<h2>Confort de conduite et vie \u00e0 bord<\/h2>\n<h3>Ambiance int\u00e9rieure et connectivit\u00e9<\/h3>\n<p>L&rsquo;habitacle de l&rsquo;Audi Q8 se distingue par un niveau de finition exemplaire, associant des mat\u00e9riaux nobles et un design \u00e9pur\u00e9. Les surfaces sont habill\u00e9es de cuir Valcona, d&rsquo;inserts en aluminium bross\u00e9 et de plastiques mouss\u00e9s de haute qualit\u00e9 qui renforcent l&rsquo;impression de luxe. L&rsquo;Audi Virtual Cockpit, v\u00e9ritable signature technologique de la marque, offre un tableau de bord enti\u00e8rement digitalis\u00e9 avec un \u00e9cran de 12,3 pouces en r\u00e9solution Full HD. Cette interface personnalisable permet d&rsquo;afficher les informations essentielles \u00e0 la conduite selon vos pr\u00e9f\u00e9rences, avec trois modes de pr\u00e9sentation diff\u00e9rents (Dynamique, Sport ou Classique).<\/p>\n<p>Pour les m\u00e9lomanes exigeants, le syst\u00e8me audio Bang &amp; Olufsen transforme l&rsquo;habitacle en v\u00e9ritable salle de concert avec ses lentilles acoustiques mobiles qui emplissent l&rsquo;int\u00e9rieur d&rsquo;un son tridimensionnel immersif. Les grilles d&rsquo;enceintes en aluminium s&rsquo;int\u00e8grent parfaitement au design raffin\u00e9 de l&rsquo;habitacle sans compromettre les performances acoustiques.<\/p>\n<h3>Tenue de route et agr\u00e9ment<\/h3>\n<p>Contrairement au Q7 qui privil\u00e9gie le confort familial avec ses sept places, le Q8 mise davantage sur la sportivit\u00e9 et l&rsquo;agilit\u00e9. Sa suspension pneumatique adaptative, disponible en option, permet d&rsquo;ajuster la hauteur de caisse selon les conditions de conduite. Le syst\u00e8me peut abaisser la carrosserie pour am\u00e9liorer l&rsquo;a\u00e9rodynamisme \u00e0 haute vitesse ou la rehausser pour affronter les terrains difficiles.<\/p>\n<p>Le Q8 b\u00e9n\u00e9ficie \u00e9galement de quatre roues directrices qui am\u00e9liorent consid\u00e9rablement sa maniabilit\u00e9 malgr\u00e9 son gabarit imposant. Les versions sportives SQ8 re\u00e7oivent en plus un diff\u00e9rentiel sport et des barres stabilisatrices qui optimisent la tenue de route dans les virages, offrant ainsi le meilleur choix pour les conducteurs privil\u00e9giant le dynamisme \u00e0 bord d&rsquo;un SUV premium.<\/p>\n<ul>\n<li>Climatisation automatique 4 zones avec commandes tactiles<\/li>\n<li>Si\u00e8ges avant chauffants, ventil\u00e9s et massants<\/li>\n<li>Syst\u00e8me d&rsquo;infodivertissement MMI Navigation Plus avec \u00e9cran tactile 10,1&Prime;<\/li>\n<li>Aide au stationnement avec cam\u00e9ras 360\u00b0<\/li>\n<li>Toit panoramique en verre avec fonction d&rsquo;opacification \u00e9lectronique<\/li>\n<\/ul>\n<h2>Budget, prix* et co\u00fbts d&rsquo;usage<\/h2>\n<h3>Tarifs catalogue et options<\/h3>\n<p>L&rsquo;Audi Q8 TFSI e, ce SUV hybride rechargeable au design dynamique, s&rsquo;affiche \u00e0 partir de 86 770 \u20ac* dans sa version 55 TFSI e quattro d\u00e9veloppant 381 ch. La version plus puissante, baptis\u00e9e 60 TFSI e quattro avec ses 462 ch, d\u00e9marre quant \u00e0 elle \u00e0 101 700 \u20ac*. Ces tarifs se justifient par une dotation d&rsquo;\u00e9quipements g\u00e9n\u00e9reuse et des finitions haut de gamme. C\u00f4t\u00e9 options, comptez environ 1 500 \u20ac* pour le toit panoramique Solarbay, tandis que les jantes peuvent atteindre 23 pouces pour un style encore plus affirm\u00e9. Bonne nouvelle pour les acqu\u00e9reurs : le bonus \u00e9cologique s&rsquo;applique sur ce mod\u00e8le hybride rechargeable, ce qui am\u00e9liore l&rsquo;attractivit\u00e9 de ce SUV premium \u00e9quip\u00e9 d&rsquo;une bo\u00eete automatique.<\/p>\n<h3>Consommation et entretien<\/h3>\n<p>L&rsquo;Audi Q8 TFSI e affiche une consommation mixte officielle particuli\u00e8rement contenue, entre 2,6 et 2,8 l\/100 km selon la norme WLTP. Son autonomie en mode 100% \u00e9lectrique peut atteindre jusqu&rsquo;\u00e0 83 kilom\u00e8tres, permettant de r\u00e9aliser des \u00e9conomies substantielles au quotidien. C\u00f4t\u00e9 entretien, la motorisation hybride rechargeable offre plusieurs avantages : les intervalles de r\u00e9vision sont plus espac\u00e9s que sur un mod\u00e8le thermique classique, et le syst\u00e8me de r\u00e9cup\u00e9ration d&rsquo;\u00e9nergie au freinage permet de pr\u00e9server les plaquettes et disques, r\u00e9duisant ainsi les frais de maintenance. Sur le plan fiscal, ce SUV b\u00e9n\u00e9ficie d&rsquo;une TVS all\u00e9g\u00e9e pour les entreprises. Sa valeur r\u00e9siduelle se maintient particuli\u00e8rement bien sur le march\u00e9 de l&rsquo;occasion, ce qui constitue un atout suppl\u00e9mentaire pour un investissement automobile p\u00e9renne.<\/p>\n"}},{"acf_fc_layout":"text-simple","--nav":{"-withNav":false,"-ancre":""},"--group":{"-text":"<h2>Audi Q7 occasion : un achat pertinent ?<\/h2>\n<h3>Avantages du march\u00e9 de l&rsquo;occasion<\/h3>\n<p>L&rsquo;Audi Q7 d&rsquo;occasion repr\u00e9sente une opportunit\u00e9 s\u00e9duisante pour les amateurs de SUV premium. Ce mod\u00e8le imposant (5,10 m de long) offre un excellent rapport qualit\u00e9-prix sur le march\u00e9 de la seconde main. Avec des tarifs d\u00e9butant autour de 18 000 \u20ac* pour un mod\u00e8le d&rsquo;une quinzaine d&rsquo;ann\u00e9es affichant entre 120 000 et 140 000 km, vous acc\u00e9dez \u00e0 un v\u00e9hicule prestigieux \u00e0 prix ma\u00eetris\u00e9. Le Q7 se distingue par son habitacle spacieux pouvant accueillir sept personnes, son confort de conduite remarquable et ses motorisations performantes. La version la plus r\u00e9pandue sur le march\u00e9 est le 3.0 TDI, disponible en plusieurs niveaux de puissance (de 204 \u00e0 272 ch), offrant un excellent compromis entre performances et consommation.<\/p>\n<h3>Points de vigilance avant l&rsquo;achat<\/h3>\n<p>Malgr\u00e9 sa r\u00e9putation de fiabilit\u00e9 globalement bonne, quelques points m\u00e9ritent attention lors de l&rsquo;achat d&rsquo;un Q7 d&rsquo;occasion. V\u00e9rifiez soigneusement l&rsquo;\u00e9tat de la tubulure d&rsquo;admission, un \u00e9l\u00e9ment qui peut n\u00e9cessiter un entretien particulier sur certains mod\u00e8les, particuli\u00e8rement les 3.0 TDI. Sur les premiers mill\u00e9simes, des perfectionnements d&rsquo;\u00e9lectronique et d&rsquo;\u00e9tanch\u00e9it\u00e9 au niveau du toit ouvrant ont \u00e9t\u00e9 apport\u00e9s au fil des ann\u00e9es. L&rsquo;entretien repr\u00e9sente \u00e9galement un investissement significatif, les pi\u00e8ces et la main-d&rsquo;\u0153uvre \u00e9tant conformes au positionnement premium de la marque. Privil\u00e9giez les exemplaires disposant d&rsquo;un historique d&rsquo;entretien complet, id\u00e9alement suivis en concession, et pr\u00eatez attention aux suspensions pneumatiques sur les versions qui en sont \u00e9quip\u00e9es.<\/p>\n<blockquote><p><strong>Conseil BYmyCAR<\/strong> : Avant tout achat d&rsquo;un Audi Q7 d&rsquo;occasion, nous recommandons vivement une inspection m\u00e9canique compl\u00e8te par un sp\u00e9cialiste. Nos techniciens certifi\u00e9s peuvent r\u00e9aliser un diagnostic approfondi comprenant 100 points de contr\u00f4le, garantissant la tranquillit\u00e9 d&rsquo;esprit. Une attention particuli\u00e8re sera port\u00e9e au syst\u00e8me de transmission int\u00e9grale Quattro et aux composants \u00e9lectroniques, \u00e9l\u00e9ments cruciaux pour ce <a href=\"https:\/\/www.bymycar.fr\/v\/audi-q7-occasion\">Audi Q7 occasion<\/a>.<\/p><\/blockquote>\n<h2>Quel SUV choisir selon votre profil ?<\/h2>\n<ul>\n<li><strong>Famille nombreuse<\/strong> : Pour les parents avec plusieurs enfants, l&rsquo;Audi Q7 s&rsquo;impose comme le meilleur choix. Avec ses 7 places confortables, son espace modulable et son volume de coffre g\u00e9n\u00e9reux (jusqu&rsquo;\u00e0 865 litres en configuration 5 places), ce SUV familial garantit des d\u00e9placements sereins, m\u00eame lors des longs trajets. La troisi\u00e8me rang\u00e9e de si\u00e8ges, facilement escamotable, offre une flexibilit\u00e9 appr\u00e9ciable au quotidien.<\/li>\n<li><strong>Conducteur sportif<\/strong> : Les amateurs de sensations fortes trouveront leur bonheur avec l&rsquo;Audi Q8, particuli\u00e8rement dans sa version SQ8. Ce SUV conjugue puissance impressionnante, acc\u00e9l\u00e9ration fulgurante et tenue de route exceptionnelle. Son ch\u00e2ssis aff\u00fbt\u00e9 et sa suspension adaptative en font le meilleur choix pour qui recherche performances et plaisir de conduite sans sacrifier le confort et le prestige.<\/li>\n<li><strong>Usage urbain quotidien<\/strong> : Pour la ville, l&rsquo;Audi Q8 TFSI e hybride rechargeable s&rsquo;impose comme une r\u00e9f\u00e9rence. Sa capacit\u00e9 \u00e0 rouler en mode 100% \u00e9lectrique jusqu&rsquo;\u00e0 83 km est parfaite pour les trajets quotidiens sans \u00e9missions. Son gabarit, bien que g\u00e9n\u00e9reux, reste ma\u00eetrisable gr\u00e2ce aux quatre roues directrices qui r\u00e9duisent significativement le rayon de braquage.<\/li>\n<li><strong>Road-trip charg\u00e9<\/strong> : L&rsquo;Audi Q7 est le compagnon id\u00e9al des aventuriers. Avec son immense coffre pouvant atteindre plus de 2000 litres banquette rabattue, il accueille tous vos bagages sans compromis. Sa suspension pneumatique de s\u00e9rie sur certaines finitions et son confort sur longue distance en font le meilleur choix pour les voyageurs au long cours.<\/li>\n<li><strong>Image statutaire<\/strong> : Pour affirmer votre r\u00e9ussite, l&rsquo;Audi Q8 combine \u00e9l\u00e9gance et prestance. Son design distinctif, son int\u00e9rieur luxueux aux finitions impeccables et ses technologies de pointe refl\u00e8tent parfaitement votre statut. Le meilleur choix pour qui souhaite allier prestige et fonctionnalit\u00e9 au quotidien sans c\u00e9der aux modes passag\u00e8res.<\/li>\n<\/ul>\n<h2>FAQ Audi Q8 vs Audi Q7<\/h2>\n<h3>Le Q7 et le Q8 partagent-ils la m\u00eame plateforme ?<\/h3>\n<p>Oui, l&rsquo;Audi Q8 et l&rsquo;Audi Q7 partagent la m\u00eame plateforme technique, d\u00e9velopp\u00e9e par le groupe Volkswagen. Cette architecture modulaire sert \u00e9galement de base \u00e0 d&rsquo;autres v\u00e9hicules premium du groupe. Malgr\u00e9 cette base commune, le Q8 se distingue par une silhouette plus dynamique et une carrosserie l\u00e9g\u00e8rement plus compacte que le Q7.<\/p>\n<h3>Pourquoi l&rsquo;Audi Q8 est-elle plus ch\u00e8re que le Q7 ?<\/h3>\n<p>L&rsquo;Audi Q8 affiche un tarif sup\u00e9rieur au Q7 (environ 71.900 \u20ac* contre 64.230 \u20ac* pour le Q7) car elle se positionne comme un mod\u00e8le plus exclusif avec un positionnement r\u00e9solument premium. Son design plus travaill\u00e9, ses \u00e9quipements technologiques plus nombreux et son orientation sportive justifient cette diff\u00e9rence de prix. Le Q8 b\u00e9n\u00e9ficie \u00e9galement d&rsquo;un niveau de finition plus luxueux et d&rsquo;une dotation d&rsquo;aides \u00e0 la conduite plus compl\u00e8te.<\/p>\n<h3>Quel est le meilleur choix entre l&rsquo;Audi Q7 et l&rsquo;Audi Q8 ?<\/h3>\n<p>Le choix entre l&rsquo;Audi Q7 et l&rsquo;Audi Q8 d\u00e9pend principalement de vos priorit\u00e9s. Le Q7 se r\u00e9v\u00e8le plus polyvalent avec ses sept places et son volume de coffre sup\u00e9rieur, id\u00e9al pour les familles nombreuses. Le Q8, avec sa ligne de toit plongeante et son caract\u00e8re plus sportif, s\u00e9duira davantage les conducteurs recherchant un SUV \u00e0 la fois dynamique et statutaire, sans besoin d&rsquo;une troisi\u00e8me rang\u00e9e de si\u00e8ges.<\/p>\n<h3>\u00c0 quels mod\u00e8les l&rsquo;Audi Q8 peut-elle \u00eatre compar\u00e9e ?<\/h3>\n<p>L&rsquo;Audi Q8 se positionne directement face aux SUV coup\u00e9s premium comme le BMW X6 et le Mercedes GLE Coup\u00e9, ses principaux concurrents sur le segment. Au sein du groupe Volkswagen, elle peut \u00e9galement \u00eatre compar\u00e9e au Porsche Cayenne et au Volkswagen Touareg, qui partagent certains \u00e9l\u00e9ments techniques. Le Q8 se distingue toutefois par son positionnement interm\u00e9diaire, alliant sportivit\u00e9 et luxe dans un format de SUV coup\u00e9 \u00e9l\u00e9gant.<\/p>\n<p><em>*Les prix mentionn\u00e9s sont donn\u00e9s \u00e0 titre indicatif et ont \u00e9t\u00e9 constat\u00e9s au moment de la r\u00e9daction. Ils sont susceptibles d\u2019\u00e9voluer. Pour obtenir une information exacte et \u00e0 jour, nous vous recommandons de contacter directement votre concession BYmyCAR.<\/em><\/p>\n"}}]},"add-carousel-to-footer":true},"yoast_head":"<!-- This site is optimized with the Yoast SEO Premium plugin v26.4 (Yoast SEO v26.4) - https:\/\/yoast.com\/wordpress\/plugins\/seo\/ -->\n<title>Audi Q8 vs Audi Q7 : que choisir pour 2025 ?<\/title>\n<meta name=\"robots\" content=\"index, follow, max-snippet:-1, max-image-preview:large, max-video-preview:-1\" \/>\n<link rel=\"canonical\" href=\"https:\/\/www.bymycar.fr\/webzine\/audi-q8-vs-audi-q7-que-choisir-pour-2025\/\" \/>\n<meta property=\"og:locale\" content=\"fr_FR\" \/>\n<meta property=\"og:type\" content=\"article\" \/>\n<meta property=\"og:title\" content=\"Audi Q8 vs Audi Q7 : que choisir pour 2025 ?\" \/>\n<meta property=\"og:url\" content=\"https:\/\/www.bymycar.fr\/webzine\/audi-q8-vs-audi-q7-que-choisir-pour-2025\/\" \/>\n<meta property=\"og:site_name\" content=\"Webzine auto BYmyCAR\" \/>\n<meta property=\"article:published_time\" content=\"2025-09-10T12:40:45+00:00\" \/>\n<meta name=\"author\" content=\"Tom Fernandes\" \/>\n<meta name=\"twitter:card\" content=\"summary_large_image\" \/>\n<meta name=\"twitter:label1\" content=\"\u00c9crit par\" \/>\n\t<meta name=\"twitter:data1\" content=\"Tom Fernandes\" \/>\n<script type=\"application\/ld+json\" class=\"yoast-schema-graph\">{\"@context\":\"https:\/\/schema.org\",\"@graph\":[{\"@type\":\"Article\",\"@id\":\"https:\/\/www.bymycar.fr\/webzine\/audi-q8-vs-audi-q7-que-choisir-pour-2025\/#article\",\"isPartOf\":{\"@id\":\"https:\/\/www.bymycar.fr\/webzine\/audi-q8-vs-audi-q7-que-choisir-pour-2025\/\"},\"author\":{\"name\":\"Tom Fernandes\",\"@id\":\"https:\/\/www.bymycar.fr\/webzine\/#\/schema\/person\/5512d79b8d2dfe306dc0b5794eba0c76\"},\"headline\":\"Audi Q8 vs Audi Q7 : que choisir pour 2025 ?\",\"datePublished\":\"2025-09-10T12:40:45+00:00\",\"mainEntityOfPage\":{\"@id\":\"https:\/\/www.bymycar.fr\/webzine\/audi-q8-vs-audi-q7-que-choisir-pour-2025\/\"},\"wordCount\":8,\"publisher\":{\"@id\":\"https:\/\/www.bymycar.fr\/webzine\/#organization\"},\"articleSection\":[\"Guide d'achat Audi\"],\"inLanguage\":\"fr-FR\"},{\"@type\":\"WebPage\",\"@id\":\"https:\/\/www.bymycar.fr\/webzine\/audi-q8-vs-audi-q7-que-choisir-pour-2025\/\",\"url\":\"https:\/\/www.bymycar.fr\/webzine\/audi-q8-vs-audi-q7-que-choisir-pour-2025\/\",\"name\":\"Audi Q8 vs Audi Q7 : que choisir pour 2025 ?\",\"isPartOf\":{\"@id\":\"https:\/\/www.bymycar.fr\/webzine\/#website\"},\"datePublished\":\"2025-09-10T12:40:45+00:00\",\"breadcrumb\":{\"@id\":\"https:\/\/www.bymycar.fr\/webzine\/audi-q8-vs-audi-q7-que-choisir-pour-2025\/#breadcrumb\"},\"inLanguage\":\"fr-FR\",\"potentialAction\":[{\"@type\":\"ReadAction\",\"target\":[\"https:\/\/www.bymycar.fr\/webzine\/audi-q8-vs-audi-q7-que-choisir-pour-2025\/\"]}]},{\"@type\":\"BreadcrumbList\",\"@id\":\"https:\/\/www.bymycar.fr\/webzine\/audi-q8-vs-audi-q7-que-choisir-pour-2025\/#breadcrumb\",\"itemListElement\":[{\"@type\":\"ListItem\",\"position\":1,\"name\":\"Accueil\",\"item\":\"https:\/\/www.bymycar.fr\/webzine\/\"},{\"@type\":\"ListItem\",\"position\":2,\"name\":\"Audi Q8 vs Audi Q7 : que choisir pour 2025 ?\"}]},{\"@type\":\"WebSite\",\"@id\":\"https:\/\/www.bymycar.fr\/webzine\/#website\",\"url\":\"https:\/\/www.bymycar.fr\/webzine\/\",\"name\":\"Webzine auto BYmyCAR\",\"description\":\"La magazine auto de BYmyCAR\",\"publisher\":{\"@id\":\"https:\/\/www.bymycar.fr\/webzine\/#organization\"},\"potentialAction\":[{\"@type\":\"SearchAction\",\"target\":{\"@type\":\"EntryPoint\",\"urlTemplate\":\"https:\/\/www.bymycar.fr\/webzine\/?s={search_term_string}\"},\"query-input\":{\"@type\":\"PropertyValueSpecification\",\"valueRequired\":true,\"valueName\":\"search_term_string\"}}],\"inLanguage\":\"fr-FR\"},{\"@type\":\"Organization\",\"@id\":\"https:\/\/www.bymycar.fr\/webzine\/#organization\",\"name\":\"BYmyCAR\",\"url\":\"https:\/\/www.bymycar.fr\/webzine\/\",\"logo\":{\"@type\":\"ImageObject\",\"inLanguage\":\"fr-FR\",\"@id\":\"https:\/\/www.bymycar.fr\/webzine\/#\/schema\/logo\/image\/\",\"url\":\"https:\/\/cdn.bymycar.eu\/fr-webzine\/wp-content\/uploads\/medias\/2017\/08\/logo_DEALER_00000406_001.png\",\"contentUrl\":\"https:\/\/cdn.bymycar.eu\/fr-webzine\/wp-content\/uploads\/medias\/2017\/08\/logo_DEALER_00000406_001.png\",\"width\":2132,\"height\":720,\"caption\":\"BYmyCAR\"},\"image\":{\"@id\":\"https:\/\/www.bymycar.fr\/webzine\/#\/schema\/logo\/image\/\"}},{\"@type\":\"Person\",\"@id\":\"https:\/\/www.bymycar.fr\/webzine\/#\/schema\/person\/5512d79b8d2dfe306dc0b5794eba0c76\",\"name\":\"Tom Fernandes\",\"image\":{\"@type\":\"ImageObject\",\"inLanguage\":\"fr-FR\",\"@id\":\"https:\/\/www.bymycar.fr\/webzine\/#\/schema\/person\/image\/\",\"url\":\"https:\/\/secure.gravatar.com\/avatar\/81b17c0cc5a6f1f7f394984269a7cbad9c7cca9604839da024242cf665051fbf?s=96&d=mm&r=g\",\"contentUrl\":\"https:\/\/secure.gravatar.com\/avatar\/81b17c0cc5a6f1f7f394984269a7cbad9c7cca9604839da024242cf665051fbf?s=96&d=mm&r=g\",\"caption\":\"Tom Fernandes\"}}]}<\/script>\n<!-- \/ Yoast SEO Premium plugin. -->","yoast_head_json":{"title":"Audi Q8 vs Audi Q7 : que choisir pour 2025 ?","robots":{"index":"index","follow":"follow","max-snippet":"max-snippet:-1","max-image-preview":"max-image-preview:large","max-video-preview":"max-video-preview:-1"},"canonical":"https:\/\/www.bymycar.fr\/webzine\/audi-q8-vs-audi-q7-que-choisir-pour-2025\/","og_locale":"fr_FR","og_type":"article","og_title":"Audi Q8 vs Audi Q7 : que choisir pour 2025 ?","og_url":"https:\/\/www.bymycar.fr\/webzine\/audi-q8-vs-audi-q7-que-choisir-pour-2025\/","og_site_name":"Webzine auto BYmyCAR","article_published_time":"2025-09-10T12:40:45+00:00","author":"Tom Fernandes","twitter_card":"summary_large_image","twitter_misc":{"\u00c9crit par":"Tom Fernandes"},"schema":{"@context":"https:\/\/schema.org","@graph":[{"@type":"Article","@id":"https:\/\/www.bymycar.fr\/webzine\/audi-q8-vs-audi-q7-que-choisir-pour-2025\/#article","isPartOf":{"@id":"https:\/\/www.bymycar.fr\/webzine\/audi-q8-vs-audi-q7-que-choisir-pour-2025\/"},"author":{"name":"Tom Fernandes","@id":"https:\/\/www.bymycar.fr\/webzine\/#\/schema\/person\/5512d79b8d2dfe306dc0b5794eba0c76"},"headline":"Audi Q8 vs Audi Q7 : que choisir pour 2025 ?","datePublished":"2025-09-10T12:40:45+00:00","mainEntityOfPage":{"@id":"https:\/\/www.bymycar.fr\/webzine\/audi-q8-vs-audi-q7-que-choisir-pour-2025\/"},"wordCount":8,"publisher":{"@id":"https:\/\/www.bymycar.fr\/webzine\/#organization"},"articleSection":["Guide d'achat Audi"],"inLanguage":"fr-FR"},{"@type":"WebPage","@id":"https:\/\/www.bymycar.fr\/webzine\/audi-q8-vs-audi-q7-que-choisir-pour-2025\/","url":"https:\/\/www.bymycar.fr\/webzine\/audi-q8-vs-audi-q7-que-choisir-pour-2025\/","name":"Audi Q8 vs Audi Q7 : que choisir pour 2025 ?","isPartOf":{"@id":"https:\/\/www.bymycar.fr\/webzine\/#website"},"datePublished":"2025-09-10T12:40:45+00:00","breadcrumb":{"@id":"https:\/\/www.bymycar.fr\/webzine\/audi-q8-vs-audi-q7-que-choisir-pour-2025\/#breadcrumb"},"inLanguage":"fr-FR","potentialAction":[{"@type":"ReadAction","target":["https:\/\/www.bymycar.fr\/webzine\/audi-q8-vs-audi-q7-que-choisir-pour-2025\/"]}]},{"@type":"BreadcrumbList","@id":"https:\/\/www.bymycar.fr\/webzine\/audi-q8-vs-audi-q7-que-choisir-pour-2025\/#breadcrumb","itemListElement":[{"@type":"ListItem","position":1,"name":"Accueil","item":"https:\/\/www.bymycar.fr\/webzine\/"},{"@type":"ListItem","position":2,"name":"Audi Q8 vs Audi Q7 : que choisir pour 2025 ?"}]},{"@type":"WebSite","@id":"https:\/\/www.bymycar.fr\/webzine\/#website","url":"https:\/\/www.bymycar.fr\/webzine\/","name":"Webzine auto BYmyCAR","description":"La magazine auto de BYmyCAR","publisher":{"@id":"https:\/\/www.bymycar.fr\/webzine\/#organization"},"potentialAction":[{"@type":"SearchAction","target":{"@type":"EntryPoint","urlTemplate":"https:\/\/www.bymycar.fr\/webzine\/?s={search_term_string}"},"query-input":{"@type":"PropertyValueSpecification","valueRequired":true,"valueName":"search_term_string"}}],"inLanguage":"fr-FR"},{"@type":"Organization","@id":"https:\/\/www.bymycar.fr\/webzine\/#organization","name":"BYmyCAR","url":"https:\/\/www.bymycar.fr\/webzine\/","logo":{"@type":"ImageObject","inLanguage":"fr-FR","@id":"https:\/\/www.bymycar.fr\/webzine\/#\/schema\/logo\/image\/","url":"https:\/\/cdn.bymycar.eu\/fr-webzine\/wp-content\/uploads\/medias\/2017\/08\/logo_DEALER_00000406_001.png","contentUrl":"https:\/\/cdn.bymycar.eu\/fr-webzine\/wp-content\/uploads\/medias\/2017\/08\/logo_DEALER_00000406_001.png","width":2132,"height":720,"caption":"BYmyCAR"},"image":{"@id":"https:\/\/www.bymycar.fr\/webzine\/#\/schema\/logo\/image\/"}},{"@type":"Person","@id":"https:\/\/www.bymycar.fr\/webzine\/#\/schema\/person\/5512d79b8d2dfe306dc0b5794eba0c76","name":"Tom Fernandes","image":{"@type":"ImageObject","inLanguage":"fr-FR","@id":"https:\/\/www.bymycar.fr\/webzine\/#\/schema\/person\/image\/","url":"https:\/\/secure.gravatar.com\/avatar\/81b17c0cc5a6f1f7f394984269a7cbad9c7cca9604839da024242cf665051fbf?s=96&d=mm&r=g","contentUrl":"https:\/\/secure.gravatar.com\/avatar\/81b17c0cc5a6f1f7f394984269a7cbad9c7cca9604839da024242cf665051fbf?s=96&d=mm&r=g","caption":"Tom Fernandes"}}]}},"_links":{"self":[{"href":"https:\/\/www.bymycar.fr\/webzine\/wp-json\/wp\/v2\/posts\/60102","targetHints":{"allow":["GET"]}}],"collection":[{"href":"https:\/\/www.bymycar.fr\/webzine\/wp-json\/wp\/v2\/posts"}],"about":[{"href":"https:\/\/www.bymycar.fr\/webzine\/wp-json\/wp\/v2\/types\/post"}],"author":[{"embeddable":true,"href":"https:\/\/www.bymycar.fr\/webzine\/wp-json\/wp\/v2\/users\/87"}],"replies":[{"embeddable":true,"href":"https:\/\/www.bymycar.fr\/webzine\/wp-json\/wp\/v2\/comments?post=60102"}],"version-history":[{"count":2,"href":"https:\/\/www.bymycar.fr\/webzine\/wp-json\/wp\/v2\/posts\/60102\/revisions"}],"predecessor-version":[{"id":60105,"href":"https:\/\/www.bymycar.fr\/webzine\/wp-json\/wp\/v2\/posts\/60102\/revisions\/60105"}],"wp:attachment":[{"href":"https:\/\/www.bymycar.fr\/webzine\/wp-json\/wp\/v2\/media?parent=60102"}],"wp:term":[{"taxonomy":"category","embeddable":true,"href":"https:\/\/www.bymycar.fr\/webzine\/wp-json\/wp\/v2\/categories?post=60102"},{"taxonomy":"post_tag","embeddable":true,"href":"https:\/\/www.bymycar.fr\/webzine\/wp-json\/wp\/v2\/tags?post=60102"}],"curies":[{"name":"wp","href":"https:\/\/api.w.org\/{rel}","templated":true}]}}