{"id":60006,"date":"2025-09-09T12:07:51","date_gmt":"2025-09-09T10:07:51","guid":{"rendered":"https:\/\/www.bymycar.fr\/webzine\/?p=60006"},"modified":"2025-09-09T12:07:51","modified_gmt":"2025-09-09T10:07:51","slug":"combien-coute-laudi-e-tron-sportback","status":"publish","type":"post","link":"https:\/\/www.bymycar.fr\/webzine\/combien-coute-laudi-e-tron-sportback\/","title":{"rendered":"Combien co\u00fbte l&rsquo;Audi e-tron Sportback"},"content":{"rendered":"","protected":false},"excerpt":{"rendered":"","protected":false},"author":87,"featured_media":0,"comment_status":"closed","ping_status":"closed","sticky":false,"template":"","format":"standard","meta":{"_acf_changed":false,"footnotes":""},"categories":[12899],"tags":[],"class_list":["post-60006","post","type-post","status-publish","format-standard","hentry","category-guide-dachat-audi"],"acf":{"image":{"ID":60010,"id":60010,"title":"Audi Q4 Sportback e-tron (1)","filename":"Audi-Q4-Sportback-e-tron-1-1-scaled.jpg","filesize":485606,"url":"https:\/\/cdn.bymycar.eu\/fr-webzine\/wp-content\/uploads\/medias\/Audi-Q4-Sportback-e-tron-1-1-scaled.jpg","link":"https:\/\/www.bymycar.fr\/webzine\/combien-coute-laudi-e-tron-sportback\/audi-q4-sportback-e-tron-1-2\/","alt":"Audi Q4 Sportback e-tron, couleur Bleu geyser","author":"87","description":"","caption":"","name":"audi-q4-sportback-e-tron-1-2","status":"inherit","uploaded_to":60006,"date":"2025-09-09 09:50:29","modified":"2025-09-09 09:51:28","menu_order":0,"mime_type":"image\/jpeg","type":"image","subtype":"jpeg","icon":"https:\/\/www.bymycar.fr\/webzine\/wp-includes\/images\/media\/default.png","width":2560,"height":1706,"sizes":{"thumbnail":"https:\/\/cdn.bymycar.eu\/fr-webzine\/wp-content\/uploads\/medias\/Audi-Q4-Sportback-e-tron-1-1-150x150.jpg","thumbnail-width":150,"thumbnail-height":150,"medium":"https:\/\/cdn.bymycar.eu\/fr-webzine\/wp-content\/uploads\/medias\/Audi-Q4-Sportback-e-tron-1-1-300x200.jpg","medium-width":300,"medium-height":200,"medium_large":"https:\/\/cdn.bymycar.eu\/fr-webzine\/wp-content\/uploads\/medias\/Audi-Q4-Sportback-e-tron-1-1-768x512.jpg","medium_large-width":768,"medium_large-height":512,"large":"https:\/\/cdn.bymycar.eu\/fr-webzine\/wp-content\/uploads\/medias\/Audi-Q4-Sportback-e-tron-1-1-1024x682.jpg","large-width":1024,"large-height":682,"1536x1536":"https:\/\/cdn.bymycar.eu\/fr-webzine\/wp-content\/uploads\/medias\/Audi-Q4-Sportback-e-tron-1-1-1536x1023.jpg","1536x1536-width":1536,"1536x1536-height":1023,"2048x2048":"https:\/\/cdn.bymycar.eu\/fr-webzine\/wp-content\/uploads\/medias\/Audi-Q4-Sportback-e-tron-1-1-2048x1365.jpg","2048x2048-width":2048,"2048x2048-height":1365}},"introduction":"<p><strong>Ce qu&rsquo;il faut retenir<\/strong><\/p>\n<ul>\n<li>L&rsquo;Audi e-tron Sportback est propos\u00e9e \u00e0 partir de 74.900 \u20ac* en version 50 quattro (408 ch) et 86.480 \u20ac* en version 55 quattro (503 ch), avec une version S Sportback culminant \u00e0 98.900 \u20ac* pour 509 ch<\/li>\n<li>Le SUV coup\u00e9 \u00e9lectrique offre une autonomie allant de 347 km (version 50 quattro) \u00e0 448 km (version 55 quattro) en cycle WLTP, avec des batteries respectives de 71 kWh et 95 kWh<\/li>\n<li>Le mod\u00e8le b\u00e9n\u00e9ficie du bonus \u00e9cologique et propose trois finitions, dont l&rsquo;Avus particuli\u00e8rement bien \u00e9quip\u00e9e, avec des options comme la recharge rapide jusqu&rsquo;\u00e0 150 kW ou le toit panoramique en verre<\/li>\n<\/ul>\n<p>D\u00e9couvrez l&rsquo;Audi e-tron Sportback, un SUV coup\u00e9 100% \u00e9lectrique alliant \u00e9l\u00e9gance et performance. Ce mod\u00e8le premium de la gamme Audi se distingue par son design dynamique et son autonomie impressionnante pouvant atteindre jusqu&rsquo;\u00e0 444 km en cycle WLTP. C\u00f4t\u00e9 tarif, l&rsquo;e-tron Sportback est propos\u00e9 \u00e0 partir de 74.900 \u20ac* pour la version 50 quattro, et \u00e0 partir de 86.480 \u20ac* pour la version 55 plus puissante. Chez BYmyCAR, nous vous accompagnons dans la d\u00e9couverte de ce v\u00e9hicule d&rsquo;exception, du financement personnalis\u00e9 jusqu&rsquo;aux services d&rsquo;entretien d\u00e9di\u00e9s aux mod\u00e8les \u00e9lectriques Audi.<\/p>\n","add-to-bo":false,"page_content":{"block_content":[{"acf_fc_layout":"text-simple","--nav":{"-withNav":false,"-ancre":""},"--group":{"-text":"<h2>Pourquoi choisir l&rsquo;Audi e-tron Sportback ?<\/h2>\n<h3>Design coup\u00e9 et habitabilit\u00e9<\/h3>\n<p>L&rsquo;Audi e-tron Sportback allie \u00e9l\u00e9gamment la puissance d&rsquo;un SUV spacieux et l&rsquo;esth\u00e9tique d&rsquo;un coup\u00e9 quatre portes. Avec sa ligne de toit fuyante qui retombe abruptement \u00e0 l&rsquo;arri\u00e8re et son coffre \u00e0 hayon, ce mod\u00e8le affiche un profil dynamique sans compromettre l&rsquo;espace int\u00e9rieur. Mesurant 4,90 m\u00e8tres de long pour 1,93 m\u00e8tre de large, il offre un habitacle g\u00e9n\u00e9reux.<\/p>\n<p>L&rsquo;int\u00e9rieur \u00e9voque un salon \u00e9l\u00e9gant o\u00f9 design et technologie se rencontrent harmonieusement. Le toit panoramique en verre, disponible en option, sublime l&rsquo;exp\u00e9rience \u00e0 bord en baignant l&rsquo;habitacle de lumi\u00e8re naturelle. Le coffre de 517 litres compl\u00e8te parfaitement cette polyvalence quotidienne.<\/p>\n<h3>Technologies embarqu\u00e9es et moteurs \u00e9lectriques<\/h3>\n<p>L&rsquo;Audi e-tron Sportback embarque les technologies les plus innovantes du constructeur aux anneaux. Son poste de conduite num\u00e9rique, associ\u00e9 \u00e0 une interface intuitive, offre une ergonomie soign\u00e9e et une exp\u00e9rience de conduite connect\u00e9e. Les assistances \u00e0 la conduite de derni\u00e8re g\u00e9n\u00e9ration garantissent s\u00e9curit\u00e9 et confort sur tous les trajets.<\/p>\n<p>La motorisation de ce SUV coup\u00e9 propose plusieurs versions de moteurs \u00e9lectriques d\u00e9veloppant jusqu&rsquo;\u00e0 408 ch en version 55 quattro. La batterie de 95 kWh assure une autonomie pouvant atteindre 500 km. B\u00e9n\u00e9ficiant du bonus \u00e9cologique, l&rsquo;e-tron Sportback combine performances, agilit\u00e9 et respect de l&rsquo;environnement, id\u00e9al pour les d\u00e9placements quotidiens comme pour les longs voyages.<\/p>\n"}},{"acf_fc_layout":"text-simple","--nav":{"-withNav":false,"-ancre":""},"--group":{"-text":"<h2>Prix Audi e-tron Sportback : les finitions et \u00e9quipements<\/h2>\n<h3>Tarifs* des versions 50, 55 et S<\/h3>\n<p>L&rsquo;Audi e-tron Sportback se positionne comme un SUV coup\u00e9 \u00e9lectrique premium avec une gamme tarifaire adapt\u00e9e \u00e0 ses prestations technologiques de pointe. La version d&rsquo;entr\u00e9e de gamme, la 50 quattro, est propos\u00e9e \u00e0 partir de 74.900 \u20ac*, tandis que la version interm\u00e9diaire 55 quattro d\u00e9bute \u00e0 86.480 \u20ac*. Pour les amateurs de performances, la version sportive S Sportback avec ses trois moteurs \u00e9lectriques d\u00e9veloppant jusqu&rsquo;\u00e0 509 ch (370 kW en mode boost) est disponible \u00e0 partir de 98.900 \u20ac*. La finition Avus, particuli\u00e8rement appr\u00e9ci\u00e9e pour son \u00e9quipement complet, est propos\u00e9e sur toutes les motorisations avec les meilleurs tarifs lors des p\u00e9riodes de lancement.<\/p>\n<table>\n<thead>\n<tr>\n<th>Version<\/th>\n<th>Puissance<\/th>\n<th>Prix \u00e0 partir de<\/th>\n<\/tr>\n<\/thead>\n<tbody>\n<tr>\n<td>50 quattro<\/td>\n<td>300 kW (408 ch)<\/td>\n<td>74.900 \u20ac*<\/td>\n<\/tr>\n<tr>\n<td>55 quattro<\/td>\n<td>370 kW (503 ch)<\/td>\n<td>86.480 \u20ac*<\/td>\n<\/tr>\n<tr>\n<td>S Sportback<\/td>\n<td>370 kW (509 ch)<\/td>\n<td>98.900 \u20ac*<\/td>\n<\/tr>\n<\/tbody>\n<\/table>\n<h3>Facteurs qui influencent le co\u00fbt<\/h3>\n<p>Plusieurs \u00e9l\u00e9ments peuvent faire varier le prix final de votre Audi e-tron Sportback. Les finitions propos\u00e9es enrichissent l&rsquo;exp\u00e9rience de conduite avec des \u00e9quipements technologiques avanc\u00e9s comme l&rsquo;interface m\u00e9dia connect\u00e9e ou les syst\u00e8mes d&rsquo;aide \u00e0 la conduite. La capacit\u00e9 de recharge rapide jusqu&rsquo;\u00e0 150 kW pour la version 55 quattro constitue un atout majeur justifiant son positionnement tarifaire. Bonne nouvelle pour les acheteurs : le bonus \u00e9cologique s&rsquo;applique sur certaines configurations, rendant ce v\u00e9hicule \u00e9lectrique haut de gamme plus accessible. Assembl\u00e9 en Belgique dans l&rsquo;usine de Forest, l&rsquo;e-tron Sportback b\u00e9n\u00e9ficie des standards de qualit\u00e9 Audi qui garantissent une valeur r\u00e9siduelle optimale.<\/p>\n"}},{"acf_fc_layout":"carousel-produits"},{"acf_fc_layout":"text-simple","--nav":{"-withNav":false,"-ancre":""},"--group":{"-text":"<h2>Autonomie et performances de l&rsquo;Audi e-tron Sportback<\/h2>\n<h3>Batterie, cycle WLTP et \u00e9missions de CO\u2082<\/h3>\n<p>L&rsquo;Audi e-tron Sportback se d\u00e9cline en plusieurs versions offrant diff\u00e9rentes autonomies selon le cycle WLTP. La version 55 quattro est \u00e9quip\u00e9e d&rsquo;une batterie de 95 kWh (86,5 kWh utiles) permettant jusqu&rsquo;\u00e0 448 km d&rsquo;autonomie, tandis que la version 50 quattro dispose de 71 kWh (64,7 kWh utiles) pour parcourir jusqu&rsquo;\u00e0 347 km. En mati\u00e8re de recharge, le SUV coup\u00e9 peut se connecter \u00e0 des bornes en courant alternatif jusqu&rsquo;\u00e0 11 kW de s\u00e9rie, avec une option \u00e0 22 kW. Bien entendu, les \u00e9missions de CO\u2082 sont nulles \u00e0 l&rsquo;utilisation, faisant de ce mod\u00e8le une solution de mobilit\u00e9 respectueuse de l&rsquo;environnement.<\/p>\n<h3>Exp\u00e9rience de conduite et r\u00e9g\u00e9n\u00e9ration<\/h3>\n<p>L&rsquo;e-tron Sportback propose une exp\u00e9rience de conduite \u00e9lectrisante gr\u00e2ce \u00e0 ses moteurs \u00e9lectriques performants. Les versions varient de 230 kW (50 quattro) \u00e0 300 kW (55 quattro), tandis que la version S embarque trois moteurs \u00e9lectriques d\u00e9livrant jusqu&rsquo;\u00e0 370 kW (503 ch). L&rsquo;efficacit\u00e9 \u00e9nerg\u00e9tique, perfectible mais optimis\u00e9e, est sublim\u00e9e par un syst\u00e8me de r\u00e9cup\u00e9ration d&rsquo;\u00e9nergie sophistiqu\u00e9. Audi a d\u00e9velopp\u00e9 trois modes de r\u00e9g\u00e9n\u00e9ration, dont un mode manuel permettant d&rsquo;ajuster l&rsquo;intensit\u00e9 du frein moteur via des palettes au volant. Cette technologie intelligente peut augmenter l&rsquo;autonomie jusqu&rsquo;\u00e0 30%, prolongeant significativement l&rsquo;exp\u00e9rience de conduite entre deux recharges.<\/p>\n<h2>Audi Q4 e-tron Sportback \u00e9lectrique ou e-tron GT : quelle alternative ?<\/h2>\n<h3>Q4 e-tron Sportback : le SUV compact<\/h3>\n<p>Le Q4 e-tron Sportback allie l&rsquo;\u00e9l\u00e9gance d&rsquo;un coup\u00e9 \u00e0 la polyvalence d&rsquo;un SUV compact \u00e9lectrique. Reconnaissable \u00e0 son aileron sur la ligne de toit et son diffuseur arri\u00e8re distinctif, ce mod\u00e8le affiche une silhouette dynamique et avant-gardiste. Dot\u00e9 d&rsquo;une batterie de 77 kWh, il offre jusqu&rsquo;\u00e0 562 km d&rsquo;autonomie selon le cycle WLTP. Pour ce qui est des prix, le Q4 e-tron Sportback d\u00e9marre \u00e0 50.700 \u20ac* pour la version 40 e-tron, tandis que la puissante version 50 e-tron est propos\u00e9e \u00e0 partir de 67.700 \u20ac*. Chez BYmyCAR, vous b\u00e9n\u00e9ficiez d&rsquo;un accompagnement personnalis\u00e9 pour choisir la configuration id\u00e9ale.<\/p>\n<h3>e-tron GT : la berline sportive<\/h3>\n<p>L&rsquo;e-tron GT incarne la sportivit\u00e9 \u00e9lectrique selon Audi avec des performances impressionnantes. Cette berline Gran Turismo d\u00e9veloppe jusqu&rsquo;\u00e0 476 chevaux (530 en mode boost) dans sa version standard, tandis que la version RS e-tron GT atteint 646 chevaux pour une acc\u00e9l\u00e9ration de 0 \u00e0 100 km\/h en seulement 3,3 secondes. Avec sa silhouette \u00e9lanc\u00e9e et son habitacle luxueux, elle repr\u00e9sente le haut de gamme \u00e9lectrique de la marque. BYmyCAR vous propose cette berline d&rsquo;exception, qui b\u00e9n\u00e9ficie \u00e9galement du bonus \u00e9cologique, avec toutes les options de personnalisation pour r\u00e9pondre \u00e0 vos exigences de performance et de raffinement.<\/p>\n<h2>BYmyCAR : profitez des meilleurs services et tarifs<\/h2>\n<h3>Nos services exclusifs<\/h3>\n<p>D\u00e9couvrez l&rsquo;<a href=\"https:\/\/www.bymycar.fr\/v\/audi-e-tron-2022\">Audi<\/a> e-tron Sportback chez BYmyCAR \u00e0 partir de 74.900 \u20ac*. Nous disposons de mod\u00e8les Sportback neufs en stock et proposons une estimation de reprise de votre v\u00e9hicule actuel en moins d&rsquo;une heure, sans engagement.<\/p>\n<h3>Conseils pour r\u00e9server votre essai<\/h3>\n<p>Pour essayer l&rsquo;<a href=\"https:\/\/www.bymycar.fr\/audi-q4-e-tron-sportback-45-285-ch-82-kwh-neuf-fleury-les-aubrais-2121441\">Audi Q4<\/a> e-tron Sportback, prenez rendez-vous en ligne ou par t\u00e9l\u00e9phone. Nos experts vous guideront dans le choix de la motorisation et des finitions adapt\u00e9es \u00e0 vos besoins.<\/p>\n<h2>FAQ \u2013 Vos questions sur l&rsquo;Audi e-tron Sportback<\/h2>\n<h3>Quel est le prix de l&rsquo;Audi e-tron Sportback ?<\/h3>\n<p>L&rsquo;Audi e-tron Sportback est propos\u00e9e \u00e0 partir de 74.900 \u20ac* en version 50 quattro et \u00e0 partir de 86.480 \u20ac* pour la version 55 quattro plus puissante. Le prix varie selon la finition choisie, les \u00e9quipements optionnels et la capacit\u00e9 de batterie. Notez que l&rsquo;Audi e-tron Sportback b\u00e9n\u00e9ficie du bonus \u00e9cologique qui s&rsquo;applique sur certaines versions.<\/p>\n<h3>Quelle est l&rsquo;autonomie de l&rsquo;Audi e-tron Sportback ?<\/h3>\n<p>L&rsquo;autonomie de l&rsquo;Audi e-tron Sportback varie de 345 \u00e0 444 km selon la version, d&rsquo;apr\u00e8s le cycle WLTP. La version 55 quattro, \u00e9quip\u00e9e d&rsquo;une batterie de 95 kWh (86,5 kWh utiles), offre jusqu&rsquo;\u00e0 444 km d&rsquo;autonomie, tandis que la version 50 quattro avec sa batterie de 71 kWh (64,7 kWh utiles) propose environ 347 km. L&rsquo;autonomie r\u00e9elle d\u00e9pend des conditions de conduite, de la temp\u00e9rature et du style de conduite.<\/p>\n<p><em>*Les prix mentionn\u00e9s sont donn\u00e9s \u00e0 titre indicatif et ont \u00e9t\u00e9 constat\u00e9s au moment de la r\u00e9daction. Ils sont susceptibles d\u2019\u00e9voluer. Pour obtenir une information exacte et \u00e0 jour, nous vous recommandons de contacter directement votre concession BYmyCAR.<\/em><\/p>\n"}}]},"add-carousel-to-footer":true},"yoast_head":"<!-- This site is optimized with the Yoast SEO Premium plugin v26.4 (Yoast SEO v26.4) - https:\/\/yoast.com\/wordpress\/plugins\/seo\/ -->\n<title>Combien co\u00fbte l&#039;Audi e-tron Sportback<\/title>\n<meta name=\"robots\" content=\"index, follow, max-snippet:-1, max-image-preview:large, max-video-preview:-1\" \/>\n<link rel=\"canonical\" href=\"https:\/\/www.bymycar.fr\/webzine\/combien-coute-laudi-e-tron-sportback\/\" \/>\n<meta property=\"og:locale\" content=\"fr_FR\" \/>\n<meta property=\"og:type\" content=\"article\" \/>\n<meta property=\"og:title\" content=\"Combien co\u00fbte l&#039;Audi e-tron Sportback\" \/>\n<meta property=\"og:url\" content=\"https:\/\/www.bymycar.fr\/webzine\/combien-coute-laudi-e-tron-sportback\/\" \/>\n<meta property=\"og:site_name\" content=\"Webzine auto BYmyCAR\" \/>\n<meta property=\"article:published_time\" content=\"2025-09-09T10:07:51+00:00\" \/>\n<meta name=\"author\" content=\"Tom Fernandes\" \/>\n<meta name=\"twitter:card\" content=\"summary_large_image\" \/>\n<meta name=\"twitter:label1\" content=\"\u00c9crit par\" \/>\n\t<meta name=\"twitter:data1\" content=\"Tom Fernandes\" \/>\n<script type=\"application\/ld+json\" class=\"yoast-schema-graph\">{\"@context\":\"https:\/\/schema.org\",\"@graph\":[{\"@type\":\"Article\",\"@id\":\"https:\/\/www.bymycar.fr\/webzine\/combien-coute-laudi-e-tron-sportback\/#article\",\"isPartOf\":{\"@id\":\"https:\/\/www.bymycar.fr\/webzine\/combien-coute-laudi-e-tron-sportback\/\"},\"author\":{\"name\":\"Tom Fernandes\",\"@id\":\"https:\/\/www.bymycar.fr\/webzine\/#\/schema\/person\/5512d79b8d2dfe306dc0b5794eba0c76\"},\"headline\":\"Combien co\u00fbte l&rsquo;Audi e-tron Sportback\",\"datePublished\":\"2025-09-09T10:07:51+00:00\",\"mainEntityOfPage\":{\"@id\":\"https:\/\/www.bymycar.fr\/webzine\/combien-coute-laudi-e-tron-sportback\/\"},\"wordCount\":7,\"publisher\":{\"@id\":\"https:\/\/www.bymycar.fr\/webzine\/#organization\"},\"articleSection\":[\"Guide d'achat Audi\"],\"inLanguage\":\"fr-FR\"},{\"@type\":\"WebPage\",\"@id\":\"https:\/\/www.bymycar.fr\/webzine\/combien-coute-laudi-e-tron-sportback\/\",\"url\":\"https:\/\/www.bymycar.fr\/webzine\/combien-coute-laudi-e-tron-sportback\/\",\"name\":\"Combien co\u00fbte l'Audi e-tron Sportback\",\"isPartOf\":{\"@id\":\"https:\/\/www.bymycar.fr\/webzine\/#website\"},\"datePublished\":\"2025-09-09T10:07:51+00:00\",\"breadcrumb\":{\"@id\":\"https:\/\/www.bymycar.fr\/webzine\/combien-coute-laudi-e-tron-sportback\/#breadcrumb\"},\"inLanguage\":\"fr-FR\",\"potentialAction\":[{\"@type\":\"ReadAction\",\"target\":[\"https:\/\/www.bymycar.fr\/webzine\/combien-coute-laudi-e-tron-sportback\/\"]}]},{\"@type\":\"BreadcrumbList\",\"@id\":\"https:\/\/www.bymycar.fr\/webzine\/combien-coute-laudi-e-tron-sportback\/#breadcrumb\",\"itemListElement\":[{\"@type\":\"ListItem\",\"position\":1,\"name\":\"Accueil\",\"item\":\"https:\/\/www.bymycar.fr\/webzine\/\"},{\"@type\":\"ListItem\",\"position\":2,\"name\":\"Combien co\u00fbte l&rsquo;Audi e-tron Sportback\"}]},{\"@type\":\"WebSite\",\"@id\":\"https:\/\/www.bymycar.fr\/webzine\/#website\",\"url\":\"https:\/\/www.bymycar.fr\/webzine\/\",\"name\":\"Webzine auto BYmyCAR\",\"description\":\"La magazine auto de BYmyCAR\",\"publisher\":{\"@id\":\"https:\/\/www.bymycar.fr\/webzine\/#organization\"},\"potentialAction\":[{\"@type\":\"SearchAction\",\"target\":{\"@type\":\"EntryPoint\",\"urlTemplate\":\"https:\/\/www.bymycar.fr\/webzine\/?s={search_term_string}\"},\"query-input\":{\"@type\":\"PropertyValueSpecification\",\"valueRequired\":true,\"valueName\":\"search_term_string\"}}],\"inLanguage\":\"fr-FR\"},{\"@type\":\"Organization\",\"@id\":\"https:\/\/www.bymycar.fr\/webzine\/#organization\",\"name\":\"BYmyCAR\",\"url\":\"https:\/\/www.bymycar.fr\/webzine\/\",\"logo\":{\"@type\":\"ImageObject\",\"inLanguage\":\"fr-FR\",\"@id\":\"https:\/\/www.bymycar.fr\/webzine\/#\/schema\/logo\/image\/\",\"url\":\"https:\/\/cdn.bymycar.eu\/fr-webzine\/wp-content\/uploads\/medias\/2017\/08\/logo_DEALER_00000406_001.png\",\"contentUrl\":\"https:\/\/cdn.bymycar.eu\/fr-webzine\/wp-content\/uploads\/medias\/2017\/08\/logo_DEALER_00000406_001.png\",\"width\":2132,\"height\":720,\"caption\":\"BYmyCAR\"},\"image\":{\"@id\":\"https:\/\/www.bymycar.fr\/webzine\/#\/schema\/logo\/image\/\"}},{\"@type\":\"Person\",\"@id\":\"https:\/\/www.bymycar.fr\/webzine\/#\/schema\/person\/5512d79b8d2dfe306dc0b5794eba0c76\",\"name\":\"Tom Fernandes\",\"image\":{\"@type\":\"ImageObject\",\"inLanguage\":\"fr-FR\",\"@id\":\"https:\/\/www.bymycar.fr\/webzine\/#\/schema\/person\/image\/\",\"url\":\"https:\/\/secure.gravatar.com\/avatar\/81b17c0cc5a6f1f7f394984269a7cbad9c7cca9604839da024242cf665051fbf?s=96&d=mm&r=g\",\"contentUrl\":\"https:\/\/secure.gravatar.com\/avatar\/81b17c0cc5a6f1f7f394984269a7cbad9c7cca9604839da024242cf665051fbf?s=96&d=mm&r=g\",\"caption\":\"Tom Fernandes\"}}]}<\/script>\n<!-- \/ Yoast SEO Premium plugin. -->","yoast_head_json":{"title":"Combien co\u00fbte l'Audi e-tron Sportback","robots":{"index":"index","follow":"follow","max-snippet":"max-snippet:-1","max-image-preview":"max-image-preview:large","max-video-preview":"max-video-preview:-1"},"canonical":"https:\/\/www.bymycar.fr\/webzine\/combien-coute-laudi-e-tron-sportback\/","og_locale":"fr_FR","og_type":"article","og_title":"Combien co\u00fbte l'Audi e-tron Sportback","og_url":"https:\/\/www.bymycar.fr\/webzine\/combien-coute-laudi-e-tron-sportback\/","og_site_name":"Webzine auto BYmyCAR","article_published_time":"2025-09-09T10:07:51+00:00","author":"Tom Fernandes","twitter_card":"summary_large_image","twitter_misc":{"\u00c9crit par":"Tom Fernandes"},"schema":{"@context":"https:\/\/schema.org","@graph":[{"@type":"Article","@id":"https:\/\/www.bymycar.fr\/webzine\/combien-coute-laudi-e-tron-sportback\/#article","isPartOf":{"@id":"https:\/\/www.bymycar.fr\/webzine\/combien-coute-laudi-e-tron-sportback\/"},"author":{"name":"Tom Fernandes","@id":"https:\/\/www.bymycar.fr\/webzine\/#\/schema\/person\/5512d79b8d2dfe306dc0b5794eba0c76"},"headline":"Combien co\u00fbte l&rsquo;Audi e-tron Sportback","datePublished":"2025-09-09T10:07:51+00:00","mainEntityOfPage":{"@id":"https:\/\/www.bymycar.fr\/webzine\/combien-coute-laudi-e-tron-sportback\/"},"wordCount":7,"publisher":{"@id":"https:\/\/www.bymycar.fr\/webzine\/#organization"},"articleSection":["Guide d'achat Audi"],"inLanguage":"fr-FR"},{"@type":"WebPage","@id":"https:\/\/www.bymycar.fr\/webzine\/combien-coute-laudi-e-tron-sportback\/","url":"https:\/\/www.bymycar.fr\/webzine\/combien-coute-laudi-e-tron-sportback\/","name":"Combien co\u00fbte l'Audi e-tron Sportback","isPartOf":{"@id":"https:\/\/www.bymycar.fr\/webzine\/#website"},"datePublished":"2025-09-09T10:07:51+00:00","breadcrumb":{"@id":"https:\/\/www.bymycar.fr\/webzine\/combien-coute-laudi-e-tron-sportback\/#breadcrumb"},"inLanguage":"fr-FR","potentialAction":[{"@type":"ReadAction","target":["https:\/\/www.bymycar.fr\/webzine\/combien-coute-laudi-e-tron-sportback\/"]}]},{"@type":"BreadcrumbList","@id":"https:\/\/www.bymycar.fr\/webzine\/combien-coute-laudi-e-tron-sportback\/#breadcrumb","itemListElement":[{"@type":"ListItem","position":1,"name":"Accueil","item":"https:\/\/www.bymycar.fr\/webzine\/"},{"@type":"ListItem","position":2,"name":"Combien co\u00fbte l&rsquo;Audi e-tron Sportback"}]},{"@type":"WebSite","@id":"https:\/\/www.bymycar.fr\/webzine\/#website","url":"https:\/\/www.bymycar.fr\/webzine\/","name":"Webzine auto BYmyCAR","description":"La magazine auto de BYmyCAR","publisher":{"@id":"https:\/\/www.bymycar.fr\/webzine\/#organization"},"potentialAction":[{"@type":"SearchAction","target":{"@type":"EntryPoint","urlTemplate":"https:\/\/www.bymycar.fr\/webzine\/?s={search_term_string}"},"query-input":{"@type":"PropertyValueSpecification","valueRequired":true,"valueName":"search_term_string"}}],"inLanguage":"fr-FR"},{"@type":"Organization","@id":"https:\/\/www.bymycar.fr\/webzine\/#organization","name":"BYmyCAR","url":"https:\/\/www.bymycar.fr\/webzine\/","logo":{"@type":"ImageObject","inLanguage":"fr-FR","@id":"https:\/\/www.bymycar.fr\/webzine\/#\/schema\/logo\/image\/","url":"https:\/\/cdn.bymycar.eu\/fr-webzine\/wp-content\/uploads\/medias\/2017\/08\/logo_DEALER_00000406_001.png","contentUrl":"https:\/\/cdn.bymycar.eu\/fr-webzine\/wp-content\/uploads\/medias\/2017\/08\/logo_DEALER_00000406_001.png","width":2132,"height":720,"caption":"BYmyCAR"},"image":{"@id":"https:\/\/www.bymycar.fr\/webzine\/#\/schema\/logo\/image\/"}},{"@type":"Person","@id":"https:\/\/www.bymycar.fr\/webzine\/#\/schema\/person\/5512d79b8d2dfe306dc0b5794eba0c76","name":"Tom Fernandes","image":{"@type":"ImageObject","inLanguage":"fr-FR","@id":"https:\/\/www.bymycar.fr\/webzine\/#\/schema\/person\/image\/","url":"https:\/\/secure.gravatar.com\/avatar\/81b17c0cc5a6f1f7f394984269a7cbad9c7cca9604839da024242cf665051fbf?s=96&d=mm&r=g","contentUrl":"https:\/\/secure.gravatar.com\/avatar\/81b17c0cc5a6f1f7f394984269a7cbad9c7cca9604839da024242cf665051fbf?s=96&d=mm&r=g","caption":"Tom Fernandes"}}]}},"_links":{"self":[{"href":"https:\/\/www.bymycar.fr\/webzine\/wp-json\/wp\/v2\/posts\/60006","targetHints":{"allow":["GET"]}}],"collection":[{"href":"https:\/\/www.bymycar.fr\/webzine\/wp-json\/wp\/v2\/posts"}],"about":[{"href":"https:\/\/www.bymycar.fr\/webzine\/wp-json\/wp\/v2\/types\/post"}],"author":[{"embeddable":true,"href":"https:\/\/www.bymycar.fr\/webzine\/wp-json\/wp\/v2\/users\/87"}],"replies":[{"embeddable":true,"href":"https:\/\/www.bymycar.fr\/webzine\/wp-json\/wp\/v2\/comments?post=60006"}],"version-history":[{"count":4,"href":"https:\/\/www.bymycar.fr\/webzine\/wp-json\/wp\/v2\/posts\/60006\/revisions"}],"predecessor-version":[{"id":60014,"href":"https:\/\/www.bymycar.fr\/webzine\/wp-json\/wp\/v2\/posts\/60006\/revisions\/60014"}],"wp:attachment":[{"href":"https:\/\/www.bymycar.fr\/webzine\/wp-json\/wp\/v2\/media?parent=60006"}],"wp:term":[{"taxonomy":"category","embeddable":true,"href":"https:\/\/www.bymycar.fr\/webzine\/wp-json\/wp\/v2\/categories?post=60006"},{"taxonomy":"post_tag","embeddable":true,"href":"https:\/\/www.bymycar.fr\/webzine\/wp-json\/wp\/v2\/tags?post=60006"}],"curies":[{"name":"wp","href":"https:\/\/api.w.org\/{rel}","templated":true}]}}