{"id":598,"date":"2017-10-09T11:15:00","date_gmt":"2017-10-09T09:15:00","guid":{"rendered":"http:\/\/prod.bymycar.fr\/webzine\/?p=598"},"modified":"2018-07-04T08:40:10","modified_gmt":"2018-07-04T06:40:10","slug":"meilleure-marque-de-voiture-selon-francais","status":"publish","type":"post","link":"https:\/\/www.bymycar.fr\/webzine\/meilleure-marque-de-voiture-selon-francais\/","title":{"rendered":"Quelle est la meilleure marque de voiture selon les Fran\u00e7ais ?"},"content":{"rendered":"<p>&nbsp;<\/p>\n","protected":false},"excerpt":{"rendered":"<p>&nbsp;<\/p>\n","protected":false},"author":1,"featured_media":464,"comment_status":"closed","ping_status":"open","sticky":false,"template":"","format":"standard","meta":{"_acf_changed":false,"footnotes":""},"categories":[5,2],"tags":[],"class_list":["post-598","post","type-post","status-publish","format-standard","has-post-thumbnail","hentry","category-economie-des-marques","category-lactu-des-marques"],"acf":{"introduction":"<p>Peugeot ou Audi ? BMW ou Renault ? D\u00e9couvrez la meilleure marque de voiture selon les Fran\u00e7ais et les v\u00e9hicules les plus vendus en France en 2016.<\/p>\n","strates":[{"type_strate":"texte-simple","ancre":"","contenu":"<h2>Les marques de voitures pr\u00e9f\u00e9r\u00e9es des Fran\u00e7ais : je t\u2019aime, moi non plus !<\/h2>\n<p>Les marques de voitures pr\u00e9f\u00e9r\u00e9es des Fran\u00e7ais, tout comme celles les plus achet\u00e9es en France, ne sont pas toujours celles que l\u2019on croit. <strong>Qui de Peugeot, Audi, BMW ou encore Renault dominera ce classement des meilleures marques automobiles selon les Fran\u00e7ais ?<\/strong> Pr\u00e9parez-vous \u00e0 \u00eatre surpris !<\/p>\n","titre":"N\u2019attendez plus pour <a href=\"https:\/\/www.bymycar.fr\/rechercher-un-vehicule?marque=citroen&trier-par=prix&page=1\">acheter une voiture fran\u00e7aise sur ByMyCar<\/a>, votre concessionnaire multi-marques.","image":false,"image_libre":false,"image_800x500":false,"legende":"","zoom":false,"texte":"","articles":false,"categorie_droite":false,"images":false,"elements_comparatif":false,"texte_1":"","texte_2":"","image_1":{"ID":854,"id":854,"title":"voiture orange Renault Captur","filename":"Renault-Captur-e1500288686634.jpg","filesize":0,"url":"https:\/\/www.bymycar.fr\/webzine\/wp-content\/uploads\/2017\/07\/Renault-Captur-e1500288686634.jpg","link":"https:\/\/www.bymycar.fr\/webzine\/meilleure-marque-de-voiture-selon-francais\/renault-captur-2\/","alt":"voiture orange Renault Captur qui roule sur une route de campagne","author":"1","description":"voiture orange Renault Captur qui roule sur une route de campagne","caption":"Renault Captur\n","name":"renault-captur-2","status":"inherit","uploaded_to":598,"date":"2017-07-04 14:31:26","modified":"2017-08-01 14:28:11","menu_order":0,"mime_type":"image\/jpeg","type":"image","subtype":"jpeg","icon":"https:\/\/www.bymycar.fr\/webzine\/wp-includes\/images\/media\/default.png","width":2863,"height":1486,"sizes":{"thumbnail":"https:\/\/www.bymycar.fr\/webzine\/wp-content\/uploads\/2017\/07\/Renault-Captur-e1500288686634-150x150.jpg","thumbnail-width":150,"thumbnail-height":150,"medium":"https:\/\/www.bymycar.fr\/webzine\/wp-content\/uploads\/2017\/07\/Renault-Captur-e1500288686634-300x156.jpg","medium-width":300,"medium-height":156,"medium_large":"https:\/\/www.bymycar.fr\/webzine\/wp-content\/uploads\/2017\/07\/Renault-Captur-e1500288686634-768x399.jpg","medium_large-width":768,"medium_large-height":399,"large":"https:\/\/www.bymycar.fr\/webzine\/wp-content\/uploads\/2017\/07\/Renault-Captur-e1500288686634-1024x531.jpg","large-width":1024,"large-height":531,"1536x1536":"https:\/\/www.bymycar.fr\/webzine\/wp-content\/uploads\/2017\/07\/Renault-Captur-e1500288686634.jpg","1536x1536-width":1536,"1536x1536-height":797,"2048x2048":"https:\/\/www.bymycar.fr\/webzine\/wp-content\/uploads\/2017\/07\/Renault-Captur-e1500288686634.jpg","2048x2048-width":2048,"2048x2048-height":1063}},"image_1_563x400":false,"image_1_332x332":false,"image_2":{"ID":853,"id":853,"title":"voiture blanche Peugeot 2008","filename":"Peugeot-2008-e1499266335570.jpg","filesize":0,"url":"https:\/\/www.bymycar.fr\/webzine\/wp-content\/uploads\/2017\/07\/Peugeot-2008-e1499266335570.jpg","link":"https:\/\/www.bymycar.fr\/webzine\/meilleure-marque-de-voiture-selon-francais\/peugeot-2008\/","alt":"voiture blanche Peugeot 2008","author":"1","description":"voiture blanche Peugeot 2008","caption":"Peugeot 2008","name":"peugeot-2008","status":"inherit","uploaded_to":598,"date":"2017-07-04 14:30:43","modified":"2017-07-04 14:43:56","menu_order":0,"mime_type":"image\/jpeg","type":"image","subtype":"jpeg","icon":"https:\/\/www.bymycar.fr\/webzine\/wp-includes\/images\/media\/default.png","width":3000,"height":2002,"sizes":{"thumbnail":"https:\/\/www.bymycar.fr\/webzine\/wp-content\/uploads\/2017\/07\/Peugeot-2008-e1499266335570-150x150.jpg","thumbnail-width":150,"thumbnail-height":150,"medium":"https:\/\/www.bymycar.fr\/webzine\/wp-content\/uploads\/2017\/07\/Peugeot-2008-e1499266335570-300x200.jpg","medium-width":300,"medium-height":200,"medium_large":"https:\/\/www.bymycar.fr\/webzine\/wp-content\/uploads\/2017\/07\/Peugeot-2008-e1499266335570-768x513.jpg","medium_large-width":768,"medium_large-height":513,"large":"https:\/\/www.bymycar.fr\/webzine\/wp-content\/uploads\/2017\/07\/Peugeot-2008-e1499266335570-1024x683.jpg","large-width":1024,"large-height":683,"1536x1536":"https:\/\/www.bymycar.fr\/webzine\/wp-content\/uploads\/2017\/07\/Peugeot-2008-e1499266335570.jpg","1536x1536-width":1536,"1536x1536-height":1025,"2048x2048":"https:\/\/www.bymycar.fr\/webzine\/wp-content\/uploads\/2017\/07\/Peugeot-2008-e1499266335570.jpg","2048x2048-width":2048,"2048x2048-height":1367}},"image_2_333x240":false,"image_2_563x400":false,"image_3":{"ID":464,"id":464,"title":"peugeot_208gti","filename":"peugeot_208gti.jpg","filesize":0,"url":"https:\/\/www.bymycar.fr\/webzine\/wp-content\/uploads\/2017\/06\/peugeot_208gti.jpg","link":"https:\/\/www.bymycar.fr\/webzine\/automobile-sportive\/peugeot_208gti_mosai%cc%88que3\/","alt":"peugeot_208gti","author":"1","description":"peugeot_208gti","caption":"","name":"peugeot_208gti_mosai%cc%88que3","status":"inherit","uploaded_to":442,"date":"2017-06-28 13:28:11","modified":"2018-04-17 10:39:42","menu_order":0,"mime_type":"image\/jpeg","type":"image","subtype":"jpeg","icon":"https:\/\/www.bymycar.fr\/webzine\/wp-includes\/images\/media\/default.png","width":1920,"height":1080,"sizes":{"thumbnail":"https:\/\/www.bymycar.fr\/webzine\/wp-content\/uploads\/2017\/06\/peugeot_208gti-150x150.jpg","thumbnail-width":150,"thumbnail-height":150,"medium":"https:\/\/www.bymycar.fr\/webzine\/wp-content\/uploads\/2017\/06\/peugeot_208gti-300x169.jpg","medium-width":300,"medium-height":169,"medium_large":"https:\/\/www.bymycar.fr\/webzine\/wp-content\/uploads\/2017\/06\/peugeot_208gti-768x432.jpg","medium_large-width":768,"medium_large-height":432,"large":"https:\/\/www.bymycar.fr\/webzine\/wp-content\/uploads\/2017\/06\/peugeot_208gti-1024x576.jpg","large-width":1024,"large-height":576,"1536x1536":"https:\/\/www.bymycar.fr\/webzine\/wp-content\/uploads\/2017\/06\/peugeot_208gti.jpg","1536x1536-width":1536,"1536x1536-height":864,"2048x2048":"https:\/\/www.bymycar.fr\/webzine\/wp-content\/uploads\/2017\/06\/peugeot_208gti.jpg","2048x2048-width":1920,"2048x2048-height":1080}},"image_3_333x240":false,"image_3_332x450":false,"image_4":{"ID":852,"id":852,"title":"voiture noire Peugeot 308","filename":"Peugeot-308-1-e1499266384649.jpg","filesize":0,"url":"https:\/\/www.bymycar.fr\/webzine\/wp-content\/uploads\/2017\/07\/Peugeot-308-1-e1499266384649.jpg","link":"https:\/\/www.bymycar.fr\/webzine\/meilleure-marque-de-voiture-selon-francais\/black-colour-peugeot-308-car-on-background-of-french-mountains-2\/","alt":"voiture noire Peugeot 308 car on background of French mountains","author":"1","description":"voiture noire Peugeot 308","caption":"Peugeot 308","name":"black-colour-peugeot-308-car-on-background-of-french-mountains-2","status":"inherit","uploaded_to":598,"date":"2017-07-04 14:28:44","modified":"2017-07-04 14:44:13","menu_order":0,"mime_type":"image\/jpeg","type":"image","subtype":"jpeg","icon":"https:\/\/www.bymycar.fr\/webzine\/wp-includes\/images\/media\/default.png","width":2800,"height":1867,"sizes":{"thumbnail":"https:\/\/www.bymycar.fr\/webzine\/wp-content\/uploads\/2017\/07\/Peugeot-308-1-e1499266384649-150x150.jpg","thumbnail-width":150,"thumbnail-height":150,"medium":"https:\/\/www.bymycar.fr\/webzine\/wp-content\/uploads\/2017\/07\/Peugeot-308-1-e1499266384649-300x200.jpg","medium-width":300,"medium-height":200,"medium_large":"https:\/\/www.bymycar.fr\/webzine\/wp-content\/uploads\/2017\/07\/Peugeot-308-1-e1499266384649-768x512.jpg","medium_large-width":768,"medium_large-height":512,"large":"https:\/\/www.bymycar.fr\/webzine\/wp-content\/uploads\/2017\/07\/Peugeot-308-1-e1499266384649-1024x683.jpg","large-width":1024,"large-height":683,"1536x1536":"https:\/\/www.bymycar.fr\/webzine\/wp-content\/uploads\/2017\/07\/Peugeot-308-1-e1499266384649.jpg","1536x1536-width":1536,"1536x1536-height":1024,"2048x2048":"https:\/\/www.bymycar.fr\/webzine\/wp-content\/uploads\/2017\/07\/Peugeot-308-1-e1499266384649.jpg","2048x2048-width":2048,"2048x2048-height":1366}},"image_4_332x332":false,"image_4_563x400":false,"code_embed":"","legende_video":"","photo":false,"photo_100x100":false,"nom":"","fonction":"","elements_timeline":false,"entetes_colonnes":false,"entetes_lignes":false,"lignes":false,"introduction":"","formulaire":false,"question":"","reponse":"","libelle_bouton_lien":"","url_lien":"","questions":false,"conclusions":false,"pays":"1","region":"","marque":"3","marqueConcessions":false,"modele":false,"ptvente":"","typeV":false,"collection":false,"nombre_maximum_elements":10,"lien_fin_carousel":"","texte_lien_fin_carousel":"","trier_par":false},{"type_strate":"texte-simple","ancre":"","contenu":"<h2>Les Fran\u00e7ais aiment les voitures allemandes\u2026<\/h2>\n<p>De nombreux instituts ont d\u00e9j\u00e0 sond\u00e9 les Fran\u00e7ais sur une question de taille : quelle est votre marque de voiture pr\u00e9f\u00e9r\u00e9e ? Bien que toutes ces \u00e9tudes n&rsquo;arrivent pas exactement aux m\u00eames conclusions, un constat s&rsquo;impose : <strong>nous aimons les v\u00e9hicules allemands<\/strong>. Selon deux enqu\u00eates distinctes (l&rsquo;enqu\u00eate inter-constructeurs sur l&rsquo;image des marques en France et une \u00e9tude r\u00e9alis\u00e9e par L&rsquo;Automobile Magazine), <strong>quatre constructeurs outre-Rhin se classent dans le top 5 des marques automobiles pr\u00e9f\u00e9r\u00e9es des Fran\u00e7ais<\/strong>. Sans trop de surprises, <strong>il s&rsquo;agit d&rsquo;Audi, de Volkswagen, de BMW et de Mercedes<\/strong>. Autant de marques r\u00e9put\u00e9es pour la fiabilit\u00e9 de leurs mod\u00e8les et pour leur aspect haut de gamme. Seul un groupe hexagonal parvient \u00e0 se faufiler dans ce classement : Peugeot. Il faut dire que la marque au lion a vu deux de ses v\u00e9hicules remporter le troph\u00e9e europ\u00e9en de la voiture de l&rsquo;ann\u00e9e lors des quatre derni\u00e8res \u00e9ditions : la Peugeot 308 et la Peugeot 3008.<\/p>\n","titre":"","image":false,"image_libre":false,"image_800x500":false,"legende":"","zoom":false,"texte":"","articles":false,"categorie_droite":false,"images":[{"image":{"ID":1545,"id":1545,"title":"CLIO IV","filename":"CLIO-IV-1.jpg","filesize":0,"url":"https:\/\/www.bymycar.fr\/webzine\/wp-content\/uploads\/2017\/03\/CLIO-IV-1.jpg","link":"https:\/\/www.bymycar.fr\/webzine\/image-vehicule-marque-de-voiture\/clio-iv-3\/","alt":"","author":"1","description":"","caption":"","name":"clio-iv-3","status":"inherit","uploaded_to":690,"date":"2017-08-01 08:07:07","modified":"2017-08-01 12:05:47","menu_order":0,"mime_type":"image\/jpeg","type":"image","subtype":"jpeg","icon":"https:\/\/www.bymycar.fr\/webzine\/wp-includes\/images\/media\/default.png","width":1500,"height":843,"sizes":{"thumbnail":"https:\/\/www.bymycar.fr\/webzine\/wp-content\/uploads\/2017\/03\/CLIO-IV-1-150x150.jpg","thumbnail-width":150,"thumbnail-height":150,"medium":"https:\/\/www.bymycar.fr\/webzine\/wp-content\/uploads\/2017\/03\/CLIO-IV-1-300x169.jpg","medium-width":300,"medium-height":169,"medium_large":"https:\/\/www.bymycar.fr\/webzine\/wp-content\/uploads\/2017\/03\/CLIO-IV-1-768x432.jpg","medium_large-width":768,"medium_large-height":432,"large":"https:\/\/www.bymycar.fr\/webzine\/wp-content\/uploads\/2017\/03\/CLIO-IV-1-1024x575.jpg","large-width":1024,"large-height":575,"1536x1536":"https:\/\/www.bymycar.fr\/webzine\/wp-content\/uploads\/2017\/03\/CLIO-IV-1.jpg","1536x1536-width":1500,"1536x1536-height":843,"2048x2048":"https:\/\/www.bymycar.fr\/webzine\/wp-content\/uploads\/2017\/03\/CLIO-IV-1.jpg","2048x2048-width":1500,"2048x2048-height":843}},"image_1600x700":false,"image_920x500":false,"legende":""}],"elements_comparatif":false,"texte_1":"","texte_2":"","image_1":{"ID":854,"id":854,"title":"voiture orange Renault Captur","filename":"Renault-Captur-e1500288686634.jpg","filesize":0,"url":"https:\/\/www.bymycar.fr\/webzine\/wp-content\/uploads\/2017\/07\/Renault-Captur-e1500288686634.jpg","link":"https:\/\/www.bymycar.fr\/webzine\/meilleure-marque-de-voiture-selon-francais\/renault-captur-2\/","alt":"voiture orange Renault Captur qui roule sur une route de campagne","author":"1","description":"voiture orange Renault Captur qui roule sur une route de campagne","caption":"Renault Captur\n","name":"renault-captur-2","status":"inherit","uploaded_to":598,"date":"2017-07-04 14:31:26","modified":"2017-08-01 14:28:11","menu_order":0,"mime_type":"image\/jpeg","type":"image","subtype":"jpeg","icon":"https:\/\/www.bymycar.fr\/webzine\/wp-includes\/images\/media\/default.png","width":2863,"height":1486,"sizes":{"thumbnail":"https:\/\/www.bymycar.fr\/webzine\/wp-content\/uploads\/2017\/07\/Renault-Captur-e1500288686634-150x150.jpg","thumbnail-width":150,"thumbnail-height":150,"medium":"https:\/\/www.bymycar.fr\/webzine\/wp-content\/uploads\/2017\/07\/Renault-Captur-e1500288686634-300x156.jpg","medium-width":300,"medium-height":156,"medium_large":"https:\/\/www.bymycar.fr\/webzine\/wp-content\/uploads\/2017\/07\/Renault-Captur-e1500288686634-768x399.jpg","medium_large-width":768,"medium_large-height":399,"large":"https:\/\/www.bymycar.fr\/webzine\/wp-content\/uploads\/2017\/07\/Renault-Captur-e1500288686634-1024x531.jpg","large-width":1024,"large-height":531,"1536x1536":"https:\/\/www.bymycar.fr\/webzine\/wp-content\/uploads\/2017\/07\/Renault-Captur-e1500288686634.jpg","1536x1536-width":1536,"1536x1536-height":797,"2048x2048":"https:\/\/www.bymycar.fr\/webzine\/wp-content\/uploads\/2017\/07\/Renault-Captur-e1500288686634.jpg","2048x2048-width":2048,"2048x2048-height":1063}},"image_1_563x400":false,"image_1_332x332":false,"image_2":{"ID":853,"id":853,"title":"voiture blanche Peugeot 2008","filename":"Peugeot-2008-e1499266335570.jpg","filesize":0,"url":"https:\/\/www.bymycar.fr\/webzine\/wp-content\/uploads\/2017\/07\/Peugeot-2008-e1499266335570.jpg","link":"https:\/\/www.bymycar.fr\/webzine\/meilleure-marque-de-voiture-selon-francais\/peugeot-2008\/","alt":"voiture blanche Peugeot 2008","author":"1","description":"voiture blanche Peugeot 2008","caption":"Peugeot 2008","name":"peugeot-2008","status":"inherit","uploaded_to":598,"date":"2017-07-04 14:30:43","modified":"2017-07-04 14:43:56","menu_order":0,"mime_type":"image\/jpeg","type":"image","subtype":"jpeg","icon":"https:\/\/www.bymycar.fr\/webzine\/wp-includes\/images\/media\/default.png","width":3000,"height":2002,"sizes":{"thumbnail":"https:\/\/www.bymycar.fr\/webzine\/wp-content\/uploads\/2017\/07\/Peugeot-2008-e1499266335570-150x150.jpg","thumbnail-width":150,"thumbnail-height":150,"medium":"https:\/\/www.bymycar.fr\/webzine\/wp-content\/uploads\/2017\/07\/Peugeot-2008-e1499266335570-300x200.jpg","medium-width":300,"medium-height":200,"medium_large":"https:\/\/www.bymycar.fr\/webzine\/wp-content\/uploads\/2017\/07\/Peugeot-2008-e1499266335570-768x513.jpg","medium_large-width":768,"medium_large-height":513,"large":"https:\/\/www.bymycar.fr\/webzine\/wp-content\/uploads\/2017\/07\/Peugeot-2008-e1499266335570-1024x683.jpg","large-width":1024,"large-height":683,"1536x1536":"https:\/\/www.bymycar.fr\/webzine\/wp-content\/uploads\/2017\/07\/Peugeot-2008-e1499266335570.jpg","1536x1536-width":1536,"1536x1536-height":1025,"2048x2048":"https:\/\/www.bymycar.fr\/webzine\/wp-content\/uploads\/2017\/07\/Peugeot-2008-e1499266335570.jpg","2048x2048-width":2048,"2048x2048-height":1367}},"image_2_333x240":false,"image_2_563x400":false,"image_3":{"ID":464,"id":464,"title":"peugeot_208gti","filename":"peugeot_208gti.jpg","filesize":0,"url":"https:\/\/www.bymycar.fr\/webzine\/wp-content\/uploads\/2017\/06\/peugeot_208gti.jpg","link":"https:\/\/www.bymycar.fr\/webzine\/automobile-sportive\/peugeot_208gti_mosai%cc%88que3\/","alt":"peugeot_208gti","author":"1","description":"peugeot_208gti","caption":"","name":"peugeot_208gti_mosai%cc%88que3","status":"inherit","uploaded_to":442,"date":"2017-06-28 13:28:11","modified":"2018-04-17 10:39:42","menu_order":0,"mime_type":"image\/jpeg","type":"image","subtype":"jpeg","icon":"https:\/\/www.bymycar.fr\/webzine\/wp-includes\/images\/media\/default.png","width":1920,"height":1080,"sizes":{"thumbnail":"https:\/\/www.bymycar.fr\/webzine\/wp-content\/uploads\/2017\/06\/peugeot_208gti-150x150.jpg","thumbnail-width":150,"thumbnail-height":150,"medium":"https:\/\/www.bymycar.fr\/webzine\/wp-content\/uploads\/2017\/06\/peugeot_208gti-300x169.jpg","medium-width":300,"medium-height":169,"medium_large":"https:\/\/www.bymycar.fr\/webzine\/wp-content\/uploads\/2017\/06\/peugeot_208gti-768x432.jpg","medium_large-width":768,"medium_large-height":432,"large":"https:\/\/www.bymycar.fr\/webzine\/wp-content\/uploads\/2017\/06\/peugeot_208gti-1024x576.jpg","large-width":1024,"large-height":576,"1536x1536":"https:\/\/www.bymycar.fr\/webzine\/wp-content\/uploads\/2017\/06\/peugeot_208gti.jpg","1536x1536-width":1536,"1536x1536-height":864,"2048x2048":"https:\/\/www.bymycar.fr\/webzine\/wp-content\/uploads\/2017\/06\/peugeot_208gti.jpg","2048x2048-width":1920,"2048x2048-height":1080}},"image_3_333x240":false,"image_3_332x450":false,"image_4":{"ID":852,"id":852,"title":"voiture noire Peugeot 308","filename":"Peugeot-308-1-e1499266384649.jpg","filesize":0,"url":"https:\/\/www.bymycar.fr\/webzine\/wp-content\/uploads\/2017\/07\/Peugeot-308-1-e1499266384649.jpg","link":"https:\/\/www.bymycar.fr\/webzine\/meilleure-marque-de-voiture-selon-francais\/black-colour-peugeot-308-car-on-background-of-french-mountains-2\/","alt":"voiture noire Peugeot 308 car on background of French mountains","author":"1","description":"voiture noire Peugeot 308","caption":"Peugeot 308","name":"black-colour-peugeot-308-car-on-background-of-french-mountains-2","status":"inherit","uploaded_to":598,"date":"2017-07-04 14:28:44","modified":"2017-07-04 14:44:13","menu_order":0,"mime_type":"image\/jpeg","type":"image","subtype":"jpeg","icon":"https:\/\/www.bymycar.fr\/webzine\/wp-includes\/images\/media\/default.png","width":2800,"height":1867,"sizes":{"thumbnail":"https:\/\/www.bymycar.fr\/webzine\/wp-content\/uploads\/2017\/07\/Peugeot-308-1-e1499266384649-150x150.jpg","thumbnail-width":150,"thumbnail-height":150,"medium":"https:\/\/www.bymycar.fr\/webzine\/wp-content\/uploads\/2017\/07\/Peugeot-308-1-e1499266384649-300x200.jpg","medium-width":300,"medium-height":200,"medium_large":"https:\/\/www.bymycar.fr\/webzine\/wp-content\/uploads\/2017\/07\/Peugeot-308-1-e1499266384649-768x512.jpg","medium_large-width":768,"medium_large-height":512,"large":"https:\/\/www.bymycar.fr\/webzine\/wp-content\/uploads\/2017\/07\/Peugeot-308-1-e1499266384649-1024x683.jpg","large-width":1024,"large-height":683,"1536x1536":"https:\/\/www.bymycar.fr\/webzine\/wp-content\/uploads\/2017\/07\/Peugeot-308-1-e1499266384649.jpg","1536x1536-width":1536,"1536x1536-height":1024,"2048x2048":"https:\/\/www.bymycar.fr\/webzine\/wp-content\/uploads\/2017\/07\/Peugeot-308-1-e1499266384649.jpg","2048x2048-width":2048,"2048x2048-height":1366}},"image_4_332x332":false,"image_4_563x400":false,"code_embed":"","legende_video":"","photo":false,"photo_100x100":false,"nom":"","fonction":"","elements_timeline":false,"entetes_colonnes":false,"entetes_lignes":false,"lignes":false,"introduction":"","formulaire":false,"question":"","reponse":"","libelle_bouton_lien":"","url_lien":"","questions":false,"conclusions":false,"pays":false,"region":false,"marque":false,"marqueConcessions":false,"modele":false,"ptvente":false,"typeV":false,"collection":false,"nombre_maximum_elements":10,"lien_fin_carousel":"","texte_lien_fin_carousel":"","trier_par":false},{"type_strate":"texte-simple","ancre":"","contenu":"<h2>\u2026 mais ach\u00e8tent des v\u00e9hicules tricolores<\/h2>\n<p>Les Fran\u00e7ais consid\u00e8rent que les meilleures marques automobiles sont allemandes. Mais ach\u00e8tent-ils chez BMW, Audi ou encore Volkswagen ? Les chiffres r\u00e9v\u00e9l\u00e9s par le CCFA (Comit\u00e9 des Constructeurs Fran\u00e7ais d&rsquo;Automobiles) nous montrent que nous ne sommes pas \u00e0 une contradiction pr\u00e8s. <strong>En 2016, le podium des marques les plus vendues en France \u00e9tait uniquement compos\u00e9 de&#8230; constructeurs tricolores<\/strong>. Le premier allemand, \u00e0 savoir Volkswagen, n&rsquo;arrive qu&rsquo;en 4\u00e8me position. Quant \u00e0 Audi, Mercedes et BMW, ils sont rel\u00e9gu\u00e9s au-del\u00e0 de la 10\u00e8me place. Plus r\u00e9v\u00e9lateur encore, <strong>les deux premiers de ce classement, \u00e0 savoir Renault et Peugeot, ont r\u00e9alis\u00e9 pr\u00e8s d&rsquo;un tiers des ventes de v\u00e9hicules particuliers en 2016<\/strong>. Et toujours selon les chiffres du CCFA, il ne s&rsquo;agit pas d&rsquo;un simple \u00e9piph\u00e9nom\u00e8ne. <strong>Sur la p\u00e9riode de 2008 \u00e0 2016, c&rsquo;est de nouveau Renault, Peugeot et Citro\u00ebn qui ont r\u00e9alis\u00e9 le plus de ventes dans l&rsquo;Hexagone<\/strong>. Durant ces sept ann\u00e9es, Volkswagen se place \u00e9galement en 4\u00e8me position, tandis que les autres constructeurs allemands sont au-del\u00e0 de la 11\u00e8me place.<\/p>\n","titre":"<a href=\"https:\/\/www.bymycar.fr\/rechercher-un-vehicule?marque=citroen&trier-par=prix&page=1\">Achetez une voiture fran\u00e7aise sur ByMyCar<\/a>, votre concessionnaire multi-marques.","image":false,"image_libre":false,"image_800x500":false,"legende":"","zoom":false,"texte":"","articles":false,"categorie_droite":false,"images":false,"elements_comparatif":false,"texte_1":"","texte_2":"","image_1":false,"image_1_563x400":false,"image_1_332x332":false,"image_2":false,"image_2_333x240":false,"image_2_563x400":false,"image_3":false,"image_3_333x240":false,"image_3_332x450":false,"image_4":false,"image_4_332x332":false,"image_4_563x400":false,"code_embed":"","legende_video":"","photo":false,"photo_100x100":false,"nom":"","fonction":"","elements_timeline":false,"entetes_colonnes":false,"entetes_lignes":false,"lignes":false,"introduction":"","formulaire":false,"question":"","reponse":"","libelle_bouton_lien":"","url_lien":"","questions":false,"conclusions":false,"pays":"1","region":"","marque":"3","marqueConcessions":false,"modele":false,"ptvente":"","typeV":"","collection":"","nombre_maximum_elements":"10","lien_fin_carousel":"","texte_lien_fin_carousel":"","trier_par":""},{"type_strate":"image","ancre":"","contenu":"","titre":"<a href=\"https:\/\/www.bymycar.fr\/rechercher-un-vehicule?marque=citroen&trier-par=prix&page=1\">Achetez une voiture fran\u00e7aise sur ByMyCar<\/a>, votre concessionnaire multi-marques.","image":false,"image_libre":false,"image_800x500":false,"legende":"","zoom":false,"texte":"","articles":false,"categorie_droite":false,"images":[{"image":{"ID":1545,"id":1545,"title":"CLIO IV","filename":"CLIO-IV-1.jpg","filesize":0,"url":"https:\/\/www.bymycar.fr\/webzine\/wp-content\/uploads\/2017\/03\/CLIO-IV-1.jpg","link":"https:\/\/www.bymycar.fr\/webzine\/image-vehicule-marque-de-voiture\/clio-iv-3\/","alt":"","author":"1","description":"","caption":"","name":"clio-iv-3","status":"inherit","uploaded_to":690,"date":"2017-08-01 08:07:07","modified":"2017-08-01 12:05:47","menu_order":0,"mime_type":"image\/jpeg","type":"image","subtype":"jpeg","icon":"https:\/\/www.bymycar.fr\/webzine\/wp-includes\/images\/media\/default.png","width":1500,"height":843,"sizes":{"thumbnail":"https:\/\/www.bymycar.fr\/webzine\/wp-content\/uploads\/2017\/03\/CLIO-IV-1-150x150.jpg","thumbnail-width":150,"thumbnail-height":150,"medium":"https:\/\/www.bymycar.fr\/webzine\/wp-content\/uploads\/2017\/03\/CLIO-IV-1-300x169.jpg","medium-width":300,"medium-height":169,"medium_large":"https:\/\/www.bymycar.fr\/webzine\/wp-content\/uploads\/2017\/03\/CLIO-IV-1-768x432.jpg","medium_large-width":768,"medium_large-height":432,"large":"https:\/\/www.bymycar.fr\/webzine\/wp-content\/uploads\/2017\/03\/CLIO-IV-1-1024x575.jpg","large-width":1024,"large-height":575,"1536x1536":"https:\/\/www.bymycar.fr\/webzine\/wp-content\/uploads\/2017\/03\/CLIO-IV-1.jpg","1536x1536-width":1500,"1536x1536-height":843,"2048x2048":"https:\/\/www.bymycar.fr\/webzine\/wp-content\/uploads\/2017\/03\/CLIO-IV-1.jpg","2048x2048-width":1500,"2048x2048-height":843}},"image_1600x700":false,"image_920x500":false,"legende":""}],"elements_comparatif":false,"texte_1":"","texte_2":"","image_1":{"ID":854,"id":854,"title":"voiture orange Renault Captur","filename":"Renault-Captur-e1500288686634.jpg","filesize":0,"url":"https:\/\/www.bymycar.fr\/webzine\/wp-content\/uploads\/2017\/07\/Renault-Captur-e1500288686634.jpg","link":"https:\/\/www.bymycar.fr\/webzine\/meilleure-marque-de-voiture-selon-francais\/renault-captur-2\/","alt":"voiture orange Renault Captur qui roule sur une route de campagne","author":"1","description":"voiture orange Renault Captur qui roule sur une route de campagne","caption":"Renault Captur\n","name":"renault-captur-2","status":"inherit","uploaded_to":598,"date":"2017-07-04 14:31:26","modified":"2017-08-01 14:28:11","menu_order":0,"mime_type":"image\/jpeg","type":"image","subtype":"jpeg","icon":"https:\/\/www.bymycar.fr\/webzine\/wp-includes\/images\/media\/default.png","width":2863,"height":1486,"sizes":{"thumbnail":"https:\/\/www.bymycar.fr\/webzine\/wp-content\/uploads\/2017\/07\/Renault-Captur-e1500288686634-150x150.jpg","thumbnail-width":150,"thumbnail-height":150,"medium":"https:\/\/www.bymycar.fr\/webzine\/wp-content\/uploads\/2017\/07\/Renault-Captur-e1500288686634-300x156.jpg","medium-width":300,"medium-height":156,"medium_large":"https:\/\/www.bymycar.fr\/webzine\/wp-content\/uploads\/2017\/07\/Renault-Captur-e1500288686634-768x399.jpg","medium_large-width":768,"medium_large-height":399,"large":"https:\/\/www.bymycar.fr\/webzine\/wp-content\/uploads\/2017\/07\/Renault-Captur-e1500288686634-1024x531.jpg","large-width":1024,"large-height":531,"1536x1536":"https:\/\/www.bymycar.fr\/webzine\/wp-content\/uploads\/2017\/07\/Renault-Captur-e1500288686634.jpg","1536x1536-width":1536,"1536x1536-height":797,"2048x2048":"https:\/\/www.bymycar.fr\/webzine\/wp-content\/uploads\/2017\/07\/Renault-Captur-e1500288686634.jpg","2048x2048-width":2048,"2048x2048-height":1063}},"image_1_563x400":false,"image_1_332x332":false,"image_2":{"ID":853,"id":853,"title":"voiture blanche Peugeot 2008","filename":"Peugeot-2008-e1499266335570.jpg","filesize":0,"url":"https:\/\/www.bymycar.fr\/webzine\/wp-content\/uploads\/2017\/07\/Peugeot-2008-e1499266335570.jpg","link":"https:\/\/www.bymycar.fr\/webzine\/meilleure-marque-de-voiture-selon-francais\/peugeot-2008\/","alt":"voiture blanche Peugeot 2008","author":"1","description":"voiture blanche Peugeot 2008","caption":"Peugeot 2008","name":"peugeot-2008","status":"inherit","uploaded_to":598,"date":"2017-07-04 14:30:43","modified":"2017-07-04 14:43:56","menu_order":0,"mime_type":"image\/jpeg","type":"image","subtype":"jpeg","icon":"https:\/\/www.bymycar.fr\/webzine\/wp-includes\/images\/media\/default.png","width":3000,"height":2002,"sizes":{"thumbnail":"https:\/\/www.bymycar.fr\/webzine\/wp-content\/uploads\/2017\/07\/Peugeot-2008-e1499266335570-150x150.jpg","thumbnail-width":150,"thumbnail-height":150,"medium":"https:\/\/www.bymycar.fr\/webzine\/wp-content\/uploads\/2017\/07\/Peugeot-2008-e1499266335570-300x200.jpg","medium-width":300,"medium-height":200,"medium_large":"https:\/\/www.bymycar.fr\/webzine\/wp-content\/uploads\/2017\/07\/Peugeot-2008-e1499266335570-768x513.jpg","medium_large-width":768,"medium_large-height":513,"large":"https:\/\/www.bymycar.fr\/webzine\/wp-content\/uploads\/2017\/07\/Peugeot-2008-e1499266335570-1024x683.jpg","large-width":1024,"large-height":683,"1536x1536":"https:\/\/www.bymycar.fr\/webzine\/wp-content\/uploads\/2017\/07\/Peugeot-2008-e1499266335570.jpg","1536x1536-width":1536,"1536x1536-height":1025,"2048x2048":"https:\/\/www.bymycar.fr\/webzine\/wp-content\/uploads\/2017\/07\/Peugeot-2008-e1499266335570.jpg","2048x2048-width":2048,"2048x2048-height":1367}},"image_2_333x240":false,"image_2_563x400":false,"image_3":{"ID":464,"id":464,"title":"peugeot_208gti","filename":"peugeot_208gti.jpg","filesize":0,"url":"https:\/\/www.bymycar.fr\/webzine\/wp-content\/uploads\/2017\/06\/peugeot_208gti.jpg","link":"https:\/\/www.bymycar.fr\/webzine\/automobile-sportive\/peugeot_208gti_mosai%cc%88que3\/","alt":"peugeot_208gti","author":"1","description":"peugeot_208gti","caption":"","name":"peugeot_208gti_mosai%cc%88que3","status":"inherit","uploaded_to":442,"date":"2017-06-28 13:28:11","modified":"2018-04-17 10:39:42","menu_order":0,"mime_type":"image\/jpeg","type":"image","subtype":"jpeg","icon":"https:\/\/www.bymycar.fr\/webzine\/wp-includes\/images\/media\/default.png","width":1920,"height":1080,"sizes":{"thumbnail":"https:\/\/www.bymycar.fr\/webzine\/wp-content\/uploads\/2017\/06\/peugeot_208gti-150x150.jpg","thumbnail-width":150,"thumbnail-height":150,"medium":"https:\/\/www.bymycar.fr\/webzine\/wp-content\/uploads\/2017\/06\/peugeot_208gti-300x169.jpg","medium-width":300,"medium-height":169,"medium_large":"https:\/\/www.bymycar.fr\/webzine\/wp-content\/uploads\/2017\/06\/peugeot_208gti-768x432.jpg","medium_large-width":768,"medium_large-height":432,"large":"https:\/\/www.bymycar.fr\/webzine\/wp-content\/uploads\/2017\/06\/peugeot_208gti-1024x576.jpg","large-width":1024,"large-height":576,"1536x1536":"https:\/\/www.bymycar.fr\/webzine\/wp-content\/uploads\/2017\/06\/peugeot_208gti.jpg","1536x1536-width":1536,"1536x1536-height":864,"2048x2048":"https:\/\/www.bymycar.fr\/webzine\/wp-content\/uploads\/2017\/06\/peugeot_208gti.jpg","2048x2048-width":1920,"2048x2048-height":1080}},"image_3_333x240":false,"image_3_332x450":false,"image_4":{"ID":852,"id":852,"title":"voiture noire Peugeot 308","filename":"Peugeot-308-1-e1499266384649.jpg","filesize":0,"url":"https:\/\/www.bymycar.fr\/webzine\/wp-content\/uploads\/2017\/07\/Peugeot-308-1-e1499266384649.jpg","link":"https:\/\/www.bymycar.fr\/webzine\/meilleure-marque-de-voiture-selon-francais\/black-colour-peugeot-308-car-on-background-of-french-mountains-2\/","alt":"voiture noire Peugeot 308 car on background of French mountains","author":"1","description":"voiture noire Peugeot 308","caption":"Peugeot 308","name":"black-colour-peugeot-308-car-on-background-of-french-mountains-2","status":"inherit","uploaded_to":598,"date":"2017-07-04 14:28:44","modified":"2017-07-04 14:44:13","menu_order":0,"mime_type":"image\/jpeg","type":"image","subtype":"jpeg","icon":"https:\/\/www.bymycar.fr\/webzine\/wp-includes\/images\/media\/default.png","width":2800,"height":1867,"sizes":{"thumbnail":"https:\/\/www.bymycar.fr\/webzine\/wp-content\/uploads\/2017\/07\/Peugeot-308-1-e1499266384649-150x150.jpg","thumbnail-width":150,"thumbnail-height":150,"medium":"https:\/\/www.bymycar.fr\/webzine\/wp-content\/uploads\/2017\/07\/Peugeot-308-1-e1499266384649-300x200.jpg","medium-width":300,"medium-height":200,"medium_large":"https:\/\/www.bymycar.fr\/webzine\/wp-content\/uploads\/2017\/07\/Peugeot-308-1-e1499266384649-768x512.jpg","medium_large-width":768,"medium_large-height":512,"large":"https:\/\/www.bymycar.fr\/webzine\/wp-content\/uploads\/2017\/07\/Peugeot-308-1-e1499266384649-1024x683.jpg","large-width":1024,"large-height":683,"1536x1536":"https:\/\/www.bymycar.fr\/webzine\/wp-content\/uploads\/2017\/07\/Peugeot-308-1-e1499266384649.jpg","1536x1536-width":1536,"1536x1536-height":1024,"2048x2048":"https:\/\/www.bymycar.fr\/webzine\/wp-content\/uploads\/2017\/07\/Peugeot-308-1-e1499266384649.jpg","2048x2048-width":2048,"2048x2048-height":1366}},"image_4_332x332":false,"image_4_563x400":false,"code_embed":"","legende_video":"","photo":false,"photo_100x100":false,"nom":"","fonction":"","elements_timeline":false,"entetes_colonnes":false,"entetes_lignes":false,"lignes":false,"introduction":"","formulaire":false,"question":"","reponse":"","libelle_bouton_lien":"","url_lien":"","questions":false,"conclusions":false,"pays":"1","region":"","marque":"3","marqueConcessions":false,"modele":false,"ptvente":"","typeV":"","collection":"","nombre_maximum_elements":"10","lien_fin_carousel":"","texte_lien_fin_carousel":"","trier_par":""},{"type_strate":"texte-simple","ancre":"","contenu":"<p>Pour ce qui est des <strong>mod\u00e8les les plus vendus en France en 2016, c&rsquo;est la Renault Clio IV qui se place en pole position<\/strong> avec environ 112 500 immatriculations, soit presque l&rsquo;\u00e9quivalent de Mercedes et BMW r\u00e9unis. Derri\u00e8re elle, on retrouve quatre v\u00e9hicules fran\u00e7ais, \u00e0 savoir la Peugeot 208, la Peugeot 308, le Renault Captur et la Peugeot 2008. Le premier v\u00e9hicule \u00e9tranger (hormis la Sandero, mod\u00e8le de Dacia qui appartient \u00e0 Renault), \u00e0 savoir la Volkswagen Polo, n&rsquo;arrive qu&rsquo;\u00e0 la 11\u00e8me place. D\u00e9cid\u00e9ment, l\u2019adage <i>Faites ce que je dis, pas ce que je fais<\/i> semble avoir \u00e9t\u00e9 invent\u00e9 pour les Fran\u00e7ais.<\/p>\n","titre":"","image":false,"image_libre":false,"image_800x500":false,"legende":"","zoom":false,"texte":"","articles":false,"categorie_droite":false,"images":false,"elements_comparatif":false,"texte_1":"","texte_2":"","image_1":false,"image_1_563x400":false,"image_1_332x332":false,"image_2":false,"image_2_333x240":false,"image_2_563x400":false,"image_3":false,"image_3_333x240":false,"image_3_332x450":false,"image_4":false,"image_4_332x332":false,"image_4_563x400":false,"code_embed":"","legende_video":"","photo":false,"photo_100x100":false,"nom":"","fonction":"","elements_timeline":false,"entetes_colonnes":false,"entetes_lignes":false,"lignes":false,"introduction":"","formulaire":false,"question":"","reponse":"","libelle_bouton_lien":"","url_lien":"","questions":false,"conclusions":false,"pays":false,"region":false,"marque":false,"marqueConcessions":false,"modele":false,"ptvente":false,"typeV":false,"collection":false,"nombre_maximum_elements":10,"lien_fin_carousel":"","texte_lien_fin_carousel":"","trier_par":false},{"type_strate":"mosaique-1","ancre":"","contenu":"","titre":"<a href=\"https:\/\/www.bymycar.fr\/rechercher-un-vehicule?marque=citroen&trier-par=prix&page=1\">Achetez une voiture fran\u00e7aise sur ByMyCar<\/a>, votre concessionnaire multi-marques.","image":false,"image_libre":false,"image_800x500":false,"legende":"","zoom":false,"texte":"","articles":false,"categorie_droite":false,"images":false,"elements_comparatif":false,"texte_1":"","texte_2":"","image_1":{"ID":854,"id":854,"title":"voiture orange Renault Captur","filename":"Renault-Captur-e1500288686634.jpg","filesize":0,"url":"https:\/\/www.bymycar.fr\/webzine\/wp-content\/uploads\/2017\/07\/Renault-Captur-e1500288686634.jpg","link":"https:\/\/www.bymycar.fr\/webzine\/meilleure-marque-de-voiture-selon-francais\/renault-captur-2\/","alt":"voiture orange Renault Captur qui roule sur une route de campagne","author":"1","description":"voiture orange Renault Captur qui roule sur une route de campagne","caption":"Renault Captur\n","name":"renault-captur-2","status":"inherit","uploaded_to":598,"date":"2017-07-04 14:31:26","modified":"2017-08-01 14:28:11","menu_order":0,"mime_type":"image\/jpeg","type":"image","subtype":"jpeg","icon":"https:\/\/www.bymycar.fr\/webzine\/wp-includes\/images\/media\/default.png","width":2863,"height":1486,"sizes":{"thumbnail":"https:\/\/www.bymycar.fr\/webzine\/wp-content\/uploads\/2017\/07\/Renault-Captur-e1500288686634-150x150.jpg","thumbnail-width":150,"thumbnail-height":150,"medium":"https:\/\/www.bymycar.fr\/webzine\/wp-content\/uploads\/2017\/07\/Renault-Captur-e1500288686634-300x156.jpg","medium-width":300,"medium-height":156,"medium_large":"https:\/\/www.bymycar.fr\/webzine\/wp-content\/uploads\/2017\/07\/Renault-Captur-e1500288686634-768x399.jpg","medium_large-width":768,"medium_large-height":399,"large":"https:\/\/www.bymycar.fr\/webzine\/wp-content\/uploads\/2017\/07\/Renault-Captur-e1500288686634-1024x531.jpg","large-width":1024,"large-height":531,"1536x1536":"https:\/\/www.bymycar.fr\/webzine\/wp-content\/uploads\/2017\/07\/Renault-Captur-e1500288686634.jpg","1536x1536-width":1536,"1536x1536-height":797,"2048x2048":"https:\/\/www.bymycar.fr\/webzine\/wp-content\/uploads\/2017\/07\/Renault-Captur-e1500288686634.jpg","2048x2048-width":2048,"2048x2048-height":1063}},"image_1_563x400":false,"image_1_332x332":false,"image_2":{"ID":853,"id":853,"title":"voiture blanche Peugeot 2008","filename":"Peugeot-2008-e1499266335570.jpg","filesize":0,"url":"https:\/\/www.bymycar.fr\/webzine\/wp-content\/uploads\/2017\/07\/Peugeot-2008-e1499266335570.jpg","link":"https:\/\/www.bymycar.fr\/webzine\/meilleure-marque-de-voiture-selon-francais\/peugeot-2008\/","alt":"voiture blanche Peugeot 2008","author":"1","description":"voiture blanche Peugeot 2008","caption":"Peugeot 2008","name":"peugeot-2008","status":"inherit","uploaded_to":598,"date":"2017-07-04 14:30:43","modified":"2017-07-04 14:43:56","menu_order":0,"mime_type":"image\/jpeg","type":"image","subtype":"jpeg","icon":"https:\/\/www.bymycar.fr\/webzine\/wp-includes\/images\/media\/default.png","width":3000,"height":2002,"sizes":{"thumbnail":"https:\/\/www.bymycar.fr\/webzine\/wp-content\/uploads\/2017\/07\/Peugeot-2008-e1499266335570-150x150.jpg","thumbnail-width":150,"thumbnail-height":150,"medium":"https:\/\/www.bymycar.fr\/webzine\/wp-content\/uploads\/2017\/07\/Peugeot-2008-e1499266335570-300x200.jpg","medium-width":300,"medium-height":200,"medium_large":"https:\/\/www.bymycar.fr\/webzine\/wp-content\/uploads\/2017\/07\/Peugeot-2008-e1499266335570-768x513.jpg","medium_large-width":768,"medium_large-height":513,"large":"https:\/\/www.bymycar.fr\/webzine\/wp-content\/uploads\/2017\/07\/Peugeot-2008-e1499266335570-1024x683.jpg","large-width":1024,"large-height":683,"1536x1536":"https:\/\/www.bymycar.fr\/webzine\/wp-content\/uploads\/2017\/07\/Peugeot-2008-e1499266335570.jpg","1536x1536-width":1536,"1536x1536-height":1025,"2048x2048":"https:\/\/www.bymycar.fr\/webzine\/wp-content\/uploads\/2017\/07\/Peugeot-2008-e1499266335570.jpg","2048x2048-width":2048,"2048x2048-height":1367}},"image_2_333x240":false,"image_2_563x400":false,"image_3":{"ID":464,"id":464,"title":"peugeot_208gti","filename":"peugeot_208gti.jpg","filesize":0,"url":"https:\/\/www.bymycar.fr\/webzine\/wp-content\/uploads\/2017\/06\/peugeot_208gti.jpg","link":"https:\/\/www.bymycar.fr\/webzine\/automobile-sportive\/peugeot_208gti_mosai%cc%88que3\/","alt":"peugeot_208gti","author":"1","description":"peugeot_208gti","caption":"","name":"peugeot_208gti_mosai%cc%88que3","status":"inherit","uploaded_to":442,"date":"2017-06-28 13:28:11","modified":"2018-04-17 10:39:42","menu_order":0,"mime_type":"image\/jpeg","type":"image","subtype":"jpeg","icon":"https:\/\/www.bymycar.fr\/webzine\/wp-includes\/images\/media\/default.png","width":1920,"height":1080,"sizes":{"thumbnail":"https:\/\/www.bymycar.fr\/webzine\/wp-content\/uploads\/2017\/06\/peugeot_208gti-150x150.jpg","thumbnail-width":150,"thumbnail-height":150,"medium":"https:\/\/www.bymycar.fr\/webzine\/wp-content\/uploads\/2017\/06\/peugeot_208gti-300x169.jpg","medium-width":300,"medium-height":169,"medium_large":"https:\/\/www.bymycar.fr\/webzine\/wp-content\/uploads\/2017\/06\/peugeot_208gti-768x432.jpg","medium_large-width":768,"medium_large-height":432,"large":"https:\/\/www.bymycar.fr\/webzine\/wp-content\/uploads\/2017\/06\/peugeot_208gti-1024x576.jpg","large-width":1024,"large-height":576,"1536x1536":"https:\/\/www.bymycar.fr\/webzine\/wp-content\/uploads\/2017\/06\/peugeot_208gti.jpg","1536x1536-width":1536,"1536x1536-height":864,"2048x2048":"https:\/\/www.bymycar.fr\/webzine\/wp-content\/uploads\/2017\/06\/peugeot_208gti.jpg","2048x2048-width":1920,"2048x2048-height":1080}},"image_3_333x240":false,"image_3_332x450":false,"image_4":{"ID":852,"id":852,"title":"voiture noire Peugeot 308","filename":"Peugeot-308-1-e1499266384649.jpg","filesize":0,"url":"https:\/\/www.bymycar.fr\/webzine\/wp-content\/uploads\/2017\/07\/Peugeot-308-1-e1499266384649.jpg","link":"https:\/\/www.bymycar.fr\/webzine\/meilleure-marque-de-voiture-selon-francais\/black-colour-peugeot-308-car-on-background-of-french-mountains-2\/","alt":"voiture noire Peugeot 308 car on background of French mountains","author":"1","description":"voiture noire Peugeot 308","caption":"Peugeot 308","name":"black-colour-peugeot-308-car-on-background-of-french-mountains-2","status":"inherit","uploaded_to":598,"date":"2017-07-04 14:28:44","modified":"2017-07-04 14:44:13","menu_order":0,"mime_type":"image\/jpeg","type":"image","subtype":"jpeg","icon":"https:\/\/www.bymycar.fr\/webzine\/wp-includes\/images\/media\/default.png","width":2800,"height":1867,"sizes":{"thumbnail":"https:\/\/www.bymycar.fr\/webzine\/wp-content\/uploads\/2017\/07\/Peugeot-308-1-e1499266384649-150x150.jpg","thumbnail-width":150,"thumbnail-height":150,"medium":"https:\/\/www.bymycar.fr\/webzine\/wp-content\/uploads\/2017\/07\/Peugeot-308-1-e1499266384649-300x200.jpg","medium-width":300,"medium-height":200,"medium_large":"https:\/\/www.bymycar.fr\/webzine\/wp-content\/uploads\/2017\/07\/Peugeot-308-1-e1499266384649-768x512.jpg","medium_large-width":768,"medium_large-height":512,"large":"https:\/\/www.bymycar.fr\/webzine\/wp-content\/uploads\/2017\/07\/Peugeot-308-1-e1499266384649-1024x683.jpg","large-width":1024,"large-height":683,"1536x1536":"https:\/\/www.bymycar.fr\/webzine\/wp-content\/uploads\/2017\/07\/Peugeot-308-1-e1499266384649.jpg","1536x1536-width":1536,"1536x1536-height":1024,"2048x2048":"https:\/\/www.bymycar.fr\/webzine\/wp-content\/uploads\/2017\/07\/Peugeot-308-1-e1499266384649.jpg","2048x2048-width":2048,"2048x2048-height":1366}},"image_4_332x332":false,"image_4_563x400":false,"code_embed":"","legende_video":"","photo":false,"photo_100x100":false,"nom":"","fonction":"","elements_timeline":false,"entetes_colonnes":false,"entetes_lignes":false,"lignes":false,"introduction":"","formulaire":false,"question":"","reponse":"","libelle_bouton_lien":"","url_lien":"","questions":false,"conclusions":false,"pays":"1","region":"","marque":"3","marqueConcessions":false,"modele":false,"ptvente":"","typeV":"","collection":"","nombre_maximum_elements":"10","lien_fin_carousel":"","texte_lien_fin_carousel":"","trier_par":""},{"type_strate":"texte-simple","ancre":"","contenu":"<h2>Les marques automobiles nationales, les pr\u00e9f\u00e9r\u00e9es des Fran\u00e7ais<\/h2>\n<p>En 2016, le barom\u00e8tre Posternak-Ifop s&rsquo;est \u00e9galement int\u00e9ress\u00e9 aux <strong>marques hexagonales pr\u00e9f\u00e9r\u00e9es des Fran\u00e7ais<\/strong>. Bonne nouvelle pour le march\u00e9 automobile, les marques de voitures tricolores se placent en tr\u00e8s bonne position. <strong>Peugeot s&#8217;empare en effet de la seconde place, tandis que sa filiale Citro\u00ebn occupe la 5\u00e8me<\/strong>. Renault, quant \u00e0 lui, est sorti du top 10 et occupe d\u00e9sormais la 11\u00e8me place des marques fran\u00e7aises pr\u00e9f\u00e9r\u00e9es dans l&rsquo;Hexagone. Comme quoi, l\u2019amour des Fran\u00e7ais pour les voitures tricolores ne semble pas pr\u00eat de s\u2019arr\u00eater.<\/p>\n","titre":"","image":false,"image_libre":false,"image_800x500":false,"legende":"","zoom":false,"texte":"","articles":false,"categorie_droite":false,"images":false,"elements_comparatif":false,"texte_1":"","texte_2":"","image_1":false,"image_1_563x400":false,"image_1_332x332":false,"image_2":false,"image_2_333x240":false,"image_2_563x400":false,"image_3":false,"image_3_333x240":false,"image_3_332x450":false,"image_4":false,"image_4_332x332":false,"image_4_563x400":false,"code_embed":"","legende_video":"","photo":false,"photo_100x100":false,"nom":"","fonction":"","elements_timeline":false,"entetes_colonnes":false,"entetes_lignes":false,"lignes":false,"introduction":"","formulaire":false,"question":"","reponse":"","libelle_bouton_lien":"","url_lien":"","questions":false,"conclusions":false,"pays":false,"region":false,"marque":false,"marqueConcessions":false,"modele":false,"ptvente":false,"typeV":false,"collection":false,"nombre_maximum_elements":10,"lien_fin_carousel":"","texte_lien_fin_carousel":"","trier_par":false},{"type_strate":"texte-simple","ancre":"","contenu":"<p>Vous aimez les v\u00e9hicules allemands ? Dans ce cas, vous aussi n\u2019attendez plus pour <a href=\"https:\/\/www.bymycar.fr\/rechercher-un-vehicule?marque=citroen&amp;trier-par=prix&amp;page=1\">acheter une voiture fran\u00e7aise sur ByMyCar<\/a>, votre concessionnaire multi-marques.<\/p>\n","titre":"","image":false,"image_libre":false,"image_800x500":false,"legende":"","zoom":false,"texte":"","articles":false,"categorie_droite":false,"images":false,"elements_comparatif":false,"texte_1":"","texte_2":"","image_1":false,"image_1_563x400":false,"image_1_332x332":false,"image_2":false,"image_2_333x240":false,"image_2_563x400":false,"image_3":false,"image_3_333x240":false,"image_3_332x450":false,"image_4":false,"image_4_332x332":false,"image_4_563x400":false,"code_embed":"","legende_video":"","photo":false,"photo_100x100":false,"nom":"","fonction":"","elements_timeline":false,"entetes_colonnes":false,"entetes_lignes":false,"lignes":false,"introduction":"","formulaire":false,"question":"","reponse":"","libelle_bouton_lien":"","url_lien":"","questions":false,"conclusions":false,"pays":false,"region":false,"marque":false,"marqueConcessions":false,"modele":false,"ptvente":false,"typeV":false,"collection":false,"nombre_maximum_elements":10,"lien_fin_carousel":"","texte_lien_fin_carousel":"","trier_par":false},{"type_strate":"carousel-produits","ancre":"","contenu":"","titre":"<a href=\"https:\/\/www.bymycar.fr\/rechercher-un-vehicule?marque=citroen&trier-par=prix&page=1\">Achetez une voiture fran\u00e7aise sur ByMyCar<\/a>, votre concessionnaire aux multiples marques.","image":false,"image_libre":false,"image_800x500":false,"legende":"","zoom":false,"texte":"","articles":false,"categorie_droite":false,"images":false,"elements_comparatif":false,"texte_1":"","texte_2":"","image_1":false,"image_1_563x400":false,"image_1_332x332":false,"image_2":false,"image_2_333x240":false,"image_2_563x400":false,"image_3":false,"image_3_333x240":false,"image_3_332x450":false,"image_4":false,"image_4_332x332":false,"image_4_563x400":false,"code_embed":"","legende_video":"","photo":false,"photo_100x100":false,"nom":"","fonction":"","elements_timeline":false,"entetes_colonnes":false,"entetes_lignes":false,"lignes":false,"introduction":"","formulaire":false,"question":"","reponse":"","libelle_bouton_lien":"","url_lien":"","questions":false,"conclusions":false,"pays":"1","region":"","marque":"3","marqueConcessions":false,"modele":"","ptvente":"","typeV":"","collection":"","nombre_maximum_elements":"10","lien_fin_carousel":"","texte_lien_fin_carousel":"","trier_par":""}],"is_old_post":false,"image":{"ID":464,"id":464,"title":"peugeot_208gti","filename":"peugeot_208gti.jpg","filesize":0,"url":"https:\/\/www.bymycar.fr\/webzine\/wp-content\/uploads\/2017\/06\/peugeot_208gti.jpg","link":"https:\/\/www.bymycar.fr\/webzine\/automobile-sportive\/peugeot_208gti_mosai%cc%88que3\/","alt":"peugeot_208gti","author":"1","description":"peugeot_208gti","caption":"","name":"peugeot_208gti_mosai%cc%88que3","status":"inherit","uploaded_to":442,"date":"2017-06-28 13:28:11","modified":"2018-04-17 10:39:42","menu_order":0,"mime_type":"image\/jpeg","type":"image","subtype":"jpeg","icon":"https:\/\/www.bymycar.fr\/webzine\/wp-includes\/images\/media\/default.png","width":1920,"height":1080,"sizes":{"thumbnail":"https:\/\/www.bymycar.fr\/webzine\/wp-content\/uploads\/2017\/06\/peugeot_208gti-150x150.jpg","thumbnail-width":150,"thumbnail-height":150,"medium":"https:\/\/www.bymycar.fr\/webzine\/wp-content\/uploads\/2017\/06\/peugeot_208gti-300x169.jpg","medium-width":300,"medium-height":169,"medium_large":"https:\/\/www.bymycar.fr\/webzine\/wp-content\/uploads\/2017\/06\/peugeot_208gti-768x432.jpg","medium_large-width":768,"medium_large-height":432,"large":"https:\/\/www.bymycar.fr\/webzine\/wp-content\/uploads\/2017\/06\/peugeot_208gti-1024x576.jpg","large-width":1024,"large-height":576,"1536x1536":"https:\/\/www.bymycar.fr\/webzine\/wp-content\/uploads\/2017\/06\/peugeot_208gti.jpg","1536x1536-width":1536,"1536x1536-height":864,"2048x2048":"https:\/\/www.bymycar.fr\/webzine\/wp-content\/uploads\/2017\/06\/peugeot_208gti.jpg","2048x2048-width":1920,"2048x2048-height":1080}},"page_content":{"block_content":[{"acf_fc_layout":"carousel-produits"},{"acf_fc_layout":"text-simple","--nav":{"-withNav":false,"-ancre":""},"--group":{"-text":"<h2>Les marques de voitures pr\u00e9f\u00e9r\u00e9es des Fran\u00e7ais : je t\u2019aime, moi non plus !<\/h2>\n<p>Les marques de voitures pr\u00e9f\u00e9r\u00e9es des Fran\u00e7ais, tout comme celles les plus achet\u00e9es en France, ne sont pas toujours celles que l\u2019on croit. <strong>Qui de Peugeot, Audi, BMW ou encore Renault dominera ce classement des meilleures marques automobiles selon les Fran\u00e7ais ?<\/strong> Pr\u00e9parez-vous \u00e0 \u00eatre surpris !<\/p>\n"}},{"acf_fc_layout":"carousel-produits"},{"acf_fc_layout":"carousel-produits"},{"acf_fc_layout":"text-simple","--nav":{"-withNav":false,"-ancre":""},"--group":{"-text":"<h2>Les Fran\u00e7ais aiment les voitures allemandes\u2026<\/h2>\n<p>De nombreux instituts ont d\u00e9j\u00e0 sond\u00e9 les Fran\u00e7ais sur une question de taille : quelle est votre marque de voiture pr\u00e9f\u00e9r\u00e9e ? Bien que toutes ces \u00e9tudes n&rsquo;arrivent pas exactement aux m\u00eames conclusions, un constat s&rsquo;impose : <strong>nous aimons les v\u00e9hicules allemands<\/strong>. Selon deux enqu\u00eates distinctes (l&rsquo;enqu\u00eate inter-constructeurs sur l&rsquo;image des marques en France et une \u00e9tude r\u00e9alis\u00e9e par L&rsquo;Automobile Magazine), <strong>quatre constructeurs outre-Rhin se classent dans le top 5 des marques automobiles pr\u00e9f\u00e9r\u00e9es des Fran\u00e7ais<\/strong>. Sans trop de surprises, <strong>il s&rsquo;agit d&rsquo;Audi, de Volkswagen, de BMW et de Mercedes<\/strong>. Autant de marques r\u00e9put\u00e9es pour la fiabilit\u00e9 de leurs mod\u00e8les et pour leur aspect haut de gamme. Seul un groupe hexagonal parvient \u00e0 se faufiler dans ce classement : Peugeot. Il faut dire que la marque au lion a vu deux de ses v\u00e9hicules remporter le troph\u00e9e europ\u00e9en de la voiture de l&rsquo;ann\u00e9e lors des quatre derni\u00e8res \u00e9ditions : la Peugeot 308 et la Peugeot 3008.<\/p>\n"}},{"acf_fc_layout":"carousel-produits"},{"acf_fc_layout":"text-simple","--nav":{"-withNav":false,"-ancre":""},"--group":{"-text":"<h2>\u2026 mais ach\u00e8tent des v\u00e9hicules tricolores<\/h2>\n<p>Les Fran\u00e7ais consid\u00e8rent que les meilleures marques automobiles sont allemandes. Mais ach\u00e8tent-ils chez BMW, Audi ou encore Volkswagen ? Les chiffres r\u00e9v\u00e9l\u00e9s par le CCFA (Comit\u00e9 des Constructeurs Fran\u00e7ais d&rsquo;Automobiles) nous montrent que nous ne sommes pas \u00e0 une contradiction pr\u00e8s. <strong>En 2016, le podium des marques les plus vendues en France \u00e9tait uniquement compos\u00e9 de&#8230; constructeurs tricolores<\/strong>. Le premier allemand, \u00e0 savoir Volkswagen, n&rsquo;arrive qu&rsquo;en 4\u00e8me position. Quant \u00e0 Audi, Mercedes et BMW, ils sont rel\u00e9gu\u00e9s au-del\u00e0 de la 10\u00e8me place. Plus r\u00e9v\u00e9lateur encore, <strong>les deux premiers de ce classement, \u00e0 savoir Renault et Peugeot, ont r\u00e9alis\u00e9 pr\u00e8s d&rsquo;un tiers des ventes de v\u00e9hicules particuliers en 2016<\/strong>. Et toujours selon les chiffres du CCFA, il ne s&rsquo;agit pas d&rsquo;un simple \u00e9piph\u00e9nom\u00e8ne. <strong>Sur la p\u00e9riode de 2008 \u00e0 2016, c&rsquo;est de nouveau Renault, Peugeot et Citro\u00ebn qui ont r\u00e9alis\u00e9 le plus de ventes dans l&rsquo;Hexagone<\/strong>. Durant ces sept ann\u00e9es, Volkswagen se place \u00e9galement en 4\u00e8me position, tandis que les autres constructeurs allemands sont au-del\u00e0 de la 11\u00e8me place.<\/p>\n"}},{"acf_fc_layout":"images-slider","--nav":{"-withNav":false,"-ancre":""},"--group":{"-listibg":[{"--image":false,"--legend":""}]}},{"acf_fc_layout":"carousel-produits"},{"acf_fc_layout":"text-simple","--nav":{"-withNav":false,"-ancre":""},"--group":{"-text":"<p>Pour ce qui est des <strong>mod\u00e8les les plus vendus en France en 2016, c&rsquo;est la Renault Clio IV qui se place en pole position<\/strong> avec environ 112 500 immatriculations, soit presque l&rsquo;\u00e9quivalent de Mercedes et BMW r\u00e9unis. Derri\u00e8re elle, on retrouve quatre v\u00e9hicules fran\u00e7ais, \u00e0 savoir la Peugeot 208, la Peugeot 308, le Renault Captur et la Peugeot 2008. Le premier v\u00e9hicule \u00e9tranger (hormis la Sandero, mod\u00e8le de Dacia qui appartient \u00e0 Renault), \u00e0 savoir la Volkswagen Polo, n&rsquo;arrive qu&rsquo;\u00e0 la 11\u00e8me place. D\u00e9cid\u00e9ment, l\u2019adage <i>Faites ce que je dis, pas ce que je fais<\/i> semble avoir \u00e9t\u00e9 invent\u00e9 pour les Fran\u00e7ais.<\/p>\n"}},{"acf_fc_layout":"images-mosaique-x4","--nav":{"-withNav":false,"-ancre":""},"--group":{"-title":"","-images":false,"-title-2":""}},{"acf_fc_layout":"text-simple","--nav":{"-withNav":false,"-ancre":""},"--group":{"-text":"<h2>Les marques automobiles nationales, les pr\u00e9f\u00e9r\u00e9es des Fran\u00e7ais<\/h2>\n<p>En 2016, le barom\u00e8tre Posternak-Ifop s&rsquo;est \u00e9galement int\u00e9ress\u00e9 aux <strong>marques hexagonales pr\u00e9f\u00e9r\u00e9es des Fran\u00e7ais<\/strong>. Bonne nouvelle pour le march\u00e9 automobile, les marques de voitures tricolores se placent en tr\u00e8s bonne position. <strong>Peugeot s&#8217;empare en effet de la seconde place, tandis que sa filiale Citro\u00ebn occupe la 5\u00e8me<\/strong>. Renault, quant \u00e0 lui, est sorti du top 10 et occupe d\u00e9sormais la 11\u00e8me place des marques fran\u00e7aises pr\u00e9f\u00e9r\u00e9es dans l&rsquo;Hexagone. Comme quoi, l\u2019amour des Fran\u00e7ais pour les voitures tricolores ne semble pas pr\u00eat de s\u2019arr\u00eater.<\/p>\n"}},{"acf_fc_layout":"text-simple","--nav":{"-withNav":false,"-ancre":""},"--group":{"-text":"<p>Vous aimez les v\u00e9hicules allemands ? Dans ce cas, vous aussi n\u2019attendez plus pour <a href=\"https:\/\/www.bymycar.fr\/rechercher-un-vehicule?marque=citroen&amp;trier-par=prix&amp;page=1\">acheter une voiture fran\u00e7aise sur ByMyCar<\/a>, votre concessionnaire multi-marques.<\/p>\n"}}]},"add-carousel-to-footer":true},"yoast_head":"<!-- This site is optimized with the Yoast SEO Premium plugin v26.4 (Yoast SEO v26.4) - https:\/\/yoast.com\/wordpress\/plugins\/seo\/ -->\n<title>Quelle est la meilleure marque de voiture selon les Fran\u00e7ais ?<\/title>\n<meta name=\"description\" content=\"Peugeot ou Audi ? BMW ou Renault ? D\u00e9couvrez la meilleure marque de voiture selon les Fran\u00e7ais et les v\u00e9hicules les plus vendus en France en 2016.\" \/>\n<meta name=\"robots\" content=\"index, follow, max-snippet:-1, max-image-preview:large, max-video-preview:-1\" \/>\n<link rel=\"canonical\" href=\"https:\/\/www.bymycar.fr\/webzine\/meilleure-marque-de-voiture-selon-francais\/\" \/>\n<meta property=\"og:locale\" content=\"fr_FR\" \/>\n<meta property=\"og:type\" content=\"article\" \/>\n<meta property=\"og:title\" content=\"Quelle est la meilleure marque de voiture selon les Fran\u00e7ais ?\" \/>\n<meta property=\"og:description\" content=\"Peugeot ou Audi ? BMW ou Renault ? D\u00e9couvrez la meilleure marque de voiture selon les Fran\u00e7ais et les v\u00e9hicules les plus vendus en France en 2016.\" \/>\n<meta property=\"og:url\" content=\"https:\/\/www.bymycar.fr\/webzine\/meilleure-marque-de-voiture-selon-francais\/\" \/>\n<meta property=\"og:site_name\" content=\"Webzine auto BYmyCAR\" \/>\n<meta property=\"article:published_time\" content=\"2017-10-09T09:15:00+00:00\" \/>\n<meta property=\"article:modified_time\" content=\"2018-07-04T06:40:10+00:00\" \/>\n<meta property=\"og:image\" content=\"https:\/\/www.bymycar.fr\/webzine\/wp-content\/uploads\/2017\/06\/peugeot_208gti.jpg\" \/>\n\t<meta property=\"og:image:width\" content=\"1920\" \/>\n\t<meta property=\"og:image:height\" content=\"1080\" \/>\n\t<meta property=\"og:image:type\" content=\"image\/jpeg\" \/>\n<meta name=\"author\" content=\"William M.\" \/>\n<meta name=\"twitter:card\" content=\"summary_large_image\" \/>\n<meta name=\"twitter:label1\" content=\"\u00c9crit par\" \/>\n\t<meta name=\"twitter:data1\" content=\"William M.\" \/>\n<script type=\"application\/ld+json\" class=\"yoast-schema-graph\">{\"@context\":\"https:\/\/schema.org\",\"@graph\":[{\"@type\":\"Article\",\"@id\":\"https:\/\/www.bymycar.fr\/webzine\/meilleure-marque-de-voiture-selon-francais\/#article\",\"isPartOf\":{\"@id\":\"https:\/\/www.bymycar.fr\/webzine\/meilleure-marque-de-voiture-selon-francais\/\"},\"author\":{\"name\":\"William M.\",\"@id\":\"https:\/\/www.bymycar.fr\/webzine\/#\/schema\/person\/605ad02925224befd4475d11e8378cdc\"},\"headline\":\"Quelle est la meilleure marque de voiture selon les Fran\u00e7ais ?\",\"datePublished\":\"2017-10-09T09:15:00+00:00\",\"dateModified\":\"2018-07-04T06:40:10+00:00\",\"mainEntityOfPage\":{\"@id\":\"https:\/\/www.bymycar.fr\/webzine\/meilleure-marque-de-voiture-selon-francais\/\"},\"wordCount\":12,\"publisher\":{\"@id\":\"https:\/\/www.bymycar.fr\/webzine\/#organization\"},\"image\":{\"@id\":\"https:\/\/www.bymycar.fr\/webzine\/meilleure-marque-de-voiture-selon-francais\/#primaryimage\"},\"thumbnailUrl\":\"https:\/\/www.bymycar.fr\/webzine\/wp-content\/uploads\/2017\/06\/peugeot_208gti.jpg\",\"articleSection\":[\"Economie des marques\",\"L'actu des marques\"],\"inLanguage\":\"fr-FR\"},{\"@type\":\"WebPage\",\"@id\":\"https:\/\/www.bymycar.fr\/webzine\/meilleure-marque-de-voiture-selon-francais\/\",\"url\":\"https:\/\/www.bymycar.fr\/webzine\/meilleure-marque-de-voiture-selon-francais\/\",\"name\":\"Quelle est la meilleure marque de voiture selon les Fran\u00e7ais ?\",\"isPartOf\":{\"@id\":\"https:\/\/www.bymycar.fr\/webzine\/#website\"},\"primaryImageOfPage\":{\"@id\":\"https:\/\/www.bymycar.fr\/webzine\/meilleure-marque-de-voiture-selon-francais\/#primaryimage\"},\"image\":{\"@id\":\"https:\/\/www.bymycar.fr\/webzine\/meilleure-marque-de-voiture-selon-francais\/#primaryimage\"},\"thumbnailUrl\":\"https:\/\/www.bymycar.fr\/webzine\/wp-content\/uploads\/2017\/06\/peugeot_208gti.jpg\",\"datePublished\":\"2017-10-09T09:15:00+00:00\",\"dateModified\":\"2018-07-04T06:40:10+00:00\",\"description\":\"Peugeot ou Audi ? BMW ou Renault ? D\u00e9couvrez la meilleure marque de voiture selon les Fran\u00e7ais et les v\u00e9hicules les plus vendus en France en 2016.\",\"breadcrumb\":{\"@id\":\"https:\/\/www.bymycar.fr\/webzine\/meilleure-marque-de-voiture-selon-francais\/#breadcrumb\"},\"inLanguage\":\"fr-FR\",\"potentialAction\":[{\"@type\":\"ReadAction\",\"target\":[\"https:\/\/www.bymycar.fr\/webzine\/meilleure-marque-de-voiture-selon-francais\/\"]}]},{\"@type\":\"ImageObject\",\"inLanguage\":\"fr-FR\",\"@id\":\"https:\/\/www.bymycar.fr\/webzine\/meilleure-marque-de-voiture-selon-francais\/#primaryimage\",\"url\":\"https:\/\/www.bymycar.fr\/webzine\/wp-content\/uploads\/2017\/06\/peugeot_208gti.jpg\",\"contentUrl\":\"https:\/\/www.bymycar.fr\/webzine\/wp-content\/uploads\/2017\/06\/peugeot_208gti.jpg\",\"width\":1920,\"height\":1080,\"caption\":\"peugeot_208gti\"},{\"@type\":\"BreadcrumbList\",\"@id\":\"https:\/\/www.bymycar.fr\/webzine\/meilleure-marque-de-voiture-selon-francais\/#breadcrumb\",\"itemListElement\":[{\"@type\":\"ListItem\",\"position\":1,\"name\":\"Accueil\",\"item\":\"https:\/\/www.bymycar.fr\/webzine\/\"},{\"@type\":\"ListItem\",\"position\":2,\"name\":\"Quelle est la meilleure marque de voiture selon les Fran\u00e7ais ?\"}]},{\"@type\":\"WebSite\",\"@id\":\"https:\/\/www.bymycar.fr\/webzine\/#website\",\"url\":\"https:\/\/www.bymycar.fr\/webzine\/\",\"name\":\"Webzine auto BYmyCAR\",\"description\":\"La magazine auto de BYmyCAR\",\"publisher\":{\"@id\":\"https:\/\/www.bymycar.fr\/webzine\/#organization\"},\"potentialAction\":[{\"@type\":\"SearchAction\",\"target\":{\"@type\":\"EntryPoint\",\"urlTemplate\":\"https:\/\/www.bymycar.fr\/webzine\/?s={search_term_string}\"},\"query-input\":{\"@type\":\"PropertyValueSpecification\",\"valueRequired\":true,\"valueName\":\"search_term_string\"}}],\"inLanguage\":\"fr-FR\"},{\"@type\":\"Organization\",\"@id\":\"https:\/\/www.bymycar.fr\/webzine\/#organization\",\"name\":\"BYmyCAR\",\"url\":\"https:\/\/www.bymycar.fr\/webzine\/\",\"logo\":{\"@type\":\"ImageObject\",\"inLanguage\":\"fr-FR\",\"@id\":\"https:\/\/www.bymycar.fr\/webzine\/#\/schema\/logo\/image\/\",\"url\":\"https:\/\/cdn.bymycar.eu\/fr-webzine\/wp-content\/uploads\/medias\/2017\/08\/logo_DEALER_00000406_001.png\",\"contentUrl\":\"https:\/\/cdn.bymycar.eu\/fr-webzine\/wp-content\/uploads\/medias\/2017\/08\/logo_DEALER_00000406_001.png\",\"width\":2132,\"height\":720,\"caption\":\"BYmyCAR\"},\"image\":{\"@id\":\"https:\/\/www.bymycar.fr\/webzine\/#\/schema\/logo\/image\/\"}},{\"@type\":\"Person\",\"@id\":\"https:\/\/www.bymycar.fr\/webzine\/#\/schema\/person\/605ad02925224befd4475d11e8378cdc\",\"name\":\"William M.\",\"image\":{\"@type\":\"ImageObject\",\"inLanguage\":\"fr-FR\",\"@id\":\"https:\/\/www.bymycar.fr\/webzine\/#\/schema\/person\/image\/\",\"url\":\"https:\/\/secure.gravatar.com\/avatar\/8a53bfa67adaa4c04e552efd6b3d29aa707d64c3b462f4596e91af5e74cda882?s=96&d=mm&r=g\",\"contentUrl\":\"https:\/\/secure.gravatar.com\/avatar\/8a53bfa67adaa4c04e552efd6b3d29aa707d64c3b462f4596e91af5e74cda882?s=96&d=mm&r=g\",\"caption\":\"William M.\"}}]}<\/script>\n<!-- \/ Yoast SEO Premium plugin. -->","yoast_head_json":{"title":"Quelle est la meilleure marque de voiture selon les Fran\u00e7ais ?","description":"Peugeot ou Audi ? BMW ou Renault ? D\u00e9couvrez la meilleure marque de voiture selon les Fran\u00e7ais et les v\u00e9hicules les plus vendus en France en 2016.","robots":{"index":"index","follow":"follow","max-snippet":"max-snippet:-1","max-image-preview":"max-image-preview:large","max-video-preview":"max-video-preview:-1"},"canonical":"https:\/\/www.bymycar.fr\/webzine\/meilleure-marque-de-voiture-selon-francais\/","og_locale":"fr_FR","og_type":"article","og_title":"Quelle est la meilleure marque de voiture selon les Fran\u00e7ais ?","og_description":"Peugeot ou Audi ? BMW ou Renault ? D\u00e9couvrez la meilleure marque de voiture selon les Fran\u00e7ais et les v\u00e9hicules les plus vendus en France en 2016.","og_url":"https:\/\/www.bymycar.fr\/webzine\/meilleure-marque-de-voiture-selon-francais\/","og_site_name":"Webzine auto BYmyCAR","article_published_time":"2017-10-09T09:15:00+00:00","article_modified_time":"2018-07-04T06:40:10+00:00","og_image":[{"width":1920,"height":1080,"url":"https:\/\/www.bymycar.fr\/webzine\/wp-content\/uploads\/2017\/06\/peugeot_208gti.jpg","type":"image\/jpeg"}],"author":"William M.","twitter_card":"summary_large_image","twitter_misc":{"\u00c9crit par":"William M."},"schema":{"@context":"https:\/\/schema.org","@graph":[{"@type":"Article","@id":"https:\/\/www.bymycar.fr\/webzine\/meilleure-marque-de-voiture-selon-francais\/#article","isPartOf":{"@id":"https:\/\/www.bymycar.fr\/webzine\/meilleure-marque-de-voiture-selon-francais\/"},"author":{"name":"William M.","@id":"https:\/\/www.bymycar.fr\/webzine\/#\/schema\/person\/605ad02925224befd4475d11e8378cdc"},"headline":"Quelle est la meilleure marque de voiture selon les Fran\u00e7ais ?","datePublished":"2017-10-09T09:15:00+00:00","dateModified":"2018-07-04T06:40:10+00:00","mainEntityOfPage":{"@id":"https:\/\/www.bymycar.fr\/webzine\/meilleure-marque-de-voiture-selon-francais\/"},"wordCount":12,"publisher":{"@id":"https:\/\/www.bymycar.fr\/webzine\/#organization"},"image":{"@id":"https:\/\/www.bymycar.fr\/webzine\/meilleure-marque-de-voiture-selon-francais\/#primaryimage"},"thumbnailUrl":"https:\/\/www.bymycar.fr\/webzine\/wp-content\/uploads\/2017\/06\/peugeot_208gti.jpg","articleSection":["Economie des marques","L'actu des marques"],"inLanguage":"fr-FR"},{"@type":"WebPage","@id":"https:\/\/www.bymycar.fr\/webzine\/meilleure-marque-de-voiture-selon-francais\/","url":"https:\/\/www.bymycar.fr\/webzine\/meilleure-marque-de-voiture-selon-francais\/","name":"Quelle est la meilleure marque de voiture selon les Fran\u00e7ais ?","isPartOf":{"@id":"https:\/\/www.bymycar.fr\/webzine\/#website"},"primaryImageOfPage":{"@id":"https:\/\/www.bymycar.fr\/webzine\/meilleure-marque-de-voiture-selon-francais\/#primaryimage"},"image":{"@id":"https:\/\/www.bymycar.fr\/webzine\/meilleure-marque-de-voiture-selon-francais\/#primaryimage"},"thumbnailUrl":"https:\/\/www.bymycar.fr\/webzine\/wp-content\/uploads\/2017\/06\/peugeot_208gti.jpg","datePublished":"2017-10-09T09:15:00+00:00","dateModified":"2018-07-04T06:40:10+00:00","description":"Peugeot ou Audi ? BMW ou Renault ? D\u00e9couvrez la meilleure marque de voiture selon les Fran\u00e7ais et les v\u00e9hicules les plus vendus en France en 2016.","breadcrumb":{"@id":"https:\/\/www.bymycar.fr\/webzine\/meilleure-marque-de-voiture-selon-francais\/#breadcrumb"},"inLanguage":"fr-FR","potentialAction":[{"@type":"ReadAction","target":["https:\/\/www.bymycar.fr\/webzine\/meilleure-marque-de-voiture-selon-francais\/"]}]},{"@type":"ImageObject","inLanguage":"fr-FR","@id":"https:\/\/www.bymycar.fr\/webzine\/meilleure-marque-de-voiture-selon-francais\/#primaryimage","url":"https:\/\/www.bymycar.fr\/webzine\/wp-content\/uploads\/2017\/06\/peugeot_208gti.jpg","contentUrl":"https:\/\/www.bymycar.fr\/webzine\/wp-content\/uploads\/2017\/06\/peugeot_208gti.jpg","width":1920,"height":1080,"caption":"peugeot_208gti"},{"@type":"BreadcrumbList","@id":"https:\/\/www.bymycar.fr\/webzine\/meilleure-marque-de-voiture-selon-francais\/#breadcrumb","itemListElement":[{"@type":"ListItem","position":1,"name":"Accueil","item":"https:\/\/www.bymycar.fr\/webzine\/"},{"@type":"ListItem","position":2,"name":"Quelle est la meilleure marque de voiture selon les Fran\u00e7ais ?"}]},{"@type":"WebSite","@id":"https:\/\/www.bymycar.fr\/webzine\/#website","url":"https:\/\/www.bymycar.fr\/webzine\/","name":"Webzine auto BYmyCAR","description":"La magazine auto de BYmyCAR","publisher":{"@id":"https:\/\/www.bymycar.fr\/webzine\/#organization"},"potentialAction":[{"@type":"SearchAction","target":{"@type":"EntryPoint","urlTemplate":"https:\/\/www.bymycar.fr\/webzine\/?s={search_term_string}"},"query-input":{"@type":"PropertyValueSpecification","valueRequired":true,"valueName":"search_term_string"}}],"inLanguage":"fr-FR"},{"@type":"Organization","@id":"https:\/\/www.bymycar.fr\/webzine\/#organization","name":"BYmyCAR","url":"https:\/\/www.bymycar.fr\/webzine\/","logo":{"@type":"ImageObject","inLanguage":"fr-FR","@id":"https:\/\/www.bymycar.fr\/webzine\/#\/schema\/logo\/image\/","url":"https:\/\/cdn.bymycar.eu\/fr-webzine\/wp-content\/uploads\/medias\/2017\/08\/logo_DEALER_00000406_001.png","contentUrl":"https:\/\/cdn.bymycar.eu\/fr-webzine\/wp-content\/uploads\/medias\/2017\/08\/logo_DEALER_00000406_001.png","width":2132,"height":720,"caption":"BYmyCAR"},"image":{"@id":"https:\/\/www.bymycar.fr\/webzine\/#\/schema\/logo\/image\/"}},{"@type":"Person","@id":"https:\/\/www.bymycar.fr\/webzine\/#\/schema\/person\/605ad02925224befd4475d11e8378cdc","name":"William M.","image":{"@type":"ImageObject","inLanguage":"fr-FR","@id":"https:\/\/www.bymycar.fr\/webzine\/#\/schema\/person\/image\/","url":"https:\/\/secure.gravatar.com\/avatar\/8a53bfa67adaa4c04e552efd6b3d29aa707d64c3b462f4596e91af5e74cda882?s=96&d=mm&r=g","contentUrl":"https:\/\/secure.gravatar.com\/avatar\/8a53bfa67adaa4c04e552efd6b3d29aa707d64c3b462f4596e91af5e74cda882?s=96&d=mm&r=g","caption":"William M."}}]}},"_links":{"self":[{"href":"https:\/\/www.bymycar.fr\/webzine\/wp-json\/wp\/v2\/posts\/598","targetHints":{"allow":["GET"]}}],"collection":[{"href":"https:\/\/www.bymycar.fr\/webzine\/wp-json\/wp\/v2\/posts"}],"about":[{"href":"https:\/\/www.bymycar.fr\/webzine\/wp-json\/wp\/v2\/types\/post"}],"author":[{"embeddable":true,"href":"https:\/\/www.bymycar.fr\/webzine\/wp-json\/wp\/v2\/users\/1"}],"replies":[{"embeddable":true,"href":"https:\/\/www.bymycar.fr\/webzine\/wp-json\/wp\/v2\/comments?post=598"}],"version-history":[{"count":15,"href":"https:\/\/www.bymycar.fr\/webzine\/wp-json\/wp\/v2\/posts\/598\/revisions"}],"predecessor-version":[{"id":33867,"href":"https:\/\/www.bymycar.fr\/webzine\/wp-json\/wp\/v2\/posts\/598\/revisions\/33867"}],"wp:featuredmedia":[{"embeddable":true,"href":"https:\/\/www.bymycar.fr\/webzine\/wp-json\/wp\/v2\/media\/464"}],"wp:attachment":[{"href":"https:\/\/www.bymycar.fr\/webzine\/wp-json\/wp\/v2\/media?parent=598"}],"wp:term":[{"taxonomy":"category","embeddable":true,"href":"https:\/\/www.bymycar.fr\/webzine\/wp-json\/wp\/v2\/categories?post=598"},{"taxonomy":"post_tag","embeddable":true,"href":"https:\/\/www.bymycar.fr\/webzine\/wp-json\/wp\/v2\/tags?post=598"}],"curies":[{"name":"wp","href":"https:\/\/api.w.org\/{rel}","templated":true}]}}