{"id":59195,"date":"2025-07-18T17:04:28","date_gmt":"2025-07-18T15:04:28","guid":{"rendered":"https:\/\/www.bymycar.fr\/webzine\/?p=59195"},"modified":"2025-09-09T09:30:04","modified_gmt":"2025-09-09T07:30:04","slug":"guide-complet-quel-type-de-voiture-acheter-en-2025-pour-faire-le-meilleur-choix","status":"publish","type":"post","link":"https:\/\/www.bymycar.fr\/webzine\/guide-complet-quel-type-de-voiture-acheter-en-2025-pour-faire-le-meilleur-choix\/","title":{"rendered":"Guide complet : quel type de voiture acheter en 2025 pour faire le meilleur choix"},"content":{"rendered":"","protected":false},"excerpt":{"rendered":"","protected":false},"author":88,"featured_media":0,"comment_status":"closed","ping_status":"closed","sticky":false,"template":"","format":"standard","meta":{"_acf_changed":false,"footnotes":""},"categories":[13],"tags":[],"class_list":["post-59195","post","type-post","status-publish","format-standard","hentry","category-achat-location-et-vente"],"acf":{"image":{"ID":59205,"id":59205,"title":"type-voiture-acheter-mercedes-glc","filename":"type-voiture-acheter-mercedes-glc-scaled.jpg","filesize":270773,"url":"https:\/\/cdn.bymycar.eu\/fr-webzine\/wp-content\/uploads\/medias\/type-voiture-acheter-mercedes-glc-scaled.jpg","link":"https:\/\/www.bymycar.fr\/webzine\/guide-complet-quel-type-de-voiture-acheter-en-2025-pour-faire-le-meilleur-choix\/type-voiture-acheter-mercedes-glc\/","alt":"La r\u00e9putation de Mercedes-Benz n'est plus \u00e0 faire","author":"74","description":"","caption":"","name":"type-voiture-acheter-mercedes-glc","status":"inherit","uploaded_to":59195,"date":"2025-07-18 15:03:56","modified":"2025-07-18 15:04:26","menu_order":0,"mime_type":"image\/jpeg","type":"image","subtype":"jpeg","icon":"https:\/\/www.bymycar.fr\/webzine\/wp-includes\/images\/media\/default.png","width":2560,"height":1708,"sizes":{"thumbnail":"https:\/\/cdn.bymycar.eu\/fr-webzine\/wp-content\/uploads\/medias\/type-voiture-acheter-mercedes-glc-150x150.jpg","thumbnail-width":150,"thumbnail-height":150,"medium":"https:\/\/cdn.bymycar.eu\/fr-webzine\/wp-content\/uploads\/medias\/type-voiture-acheter-mercedes-glc-300x200.jpg","medium-width":300,"medium-height":200,"medium_large":"https:\/\/cdn.bymycar.eu\/fr-webzine\/wp-content\/uploads\/medias\/type-voiture-acheter-mercedes-glc-768x512.jpg","medium_large-width":768,"medium_large-height":512,"large":"https:\/\/cdn.bymycar.eu\/fr-webzine\/wp-content\/uploads\/medias\/type-voiture-acheter-mercedes-glc-1024x683.jpg","large-width":1024,"large-height":683,"1536x1536":"https:\/\/cdn.bymycar.eu\/fr-webzine\/wp-content\/uploads\/medias\/type-voiture-acheter-mercedes-glc-1536x1025.jpg","1536x1536-width":1536,"1536x1536-height":1025,"2048x2048":"https:\/\/cdn.bymycar.eu\/fr-webzine\/wp-content\/uploads\/medias\/type-voiture-acheter-mercedes-glc-2048x1366.jpg","2048x2048-width":2048,"2048x2048-height":1366}},"introduction":"<p>L&rsquo;ann\u00e9e 2025 marque un tournant majeur dans l&rsquo;industrie automobile avec une offre plus diversifi\u00e9e que jamais. Entre les nouveaux mod\u00e8les \u00e9lectriques comme la Renault M\u00e9gane E-Tech, les SUV hybrides \u00e0 l&rsquo;image du Peugeot 3008, ou encore les berlines thermiques optimis\u00e9es telles que l&rsquo;Audi A4, le choix n&rsquo;a jamais \u00e9t\u00e9 aussi vaste pour les automobilistes. Les constructeurs historiques comme Mercedes, BMW et Volkswagen rivalisent d&rsquo;innovations pour proposer des v\u00e9hicules adapt\u00e9s \u00e0 tous les usages.<\/p>\n","add-to-bo":false,"page_content":{"block_content":[{"acf_fc_layout":"text-simple","--nav":{"-withNav":false,"-ancre":""},"--group":{"-text":"<h2>Les grandes tendances automobiles de 2025<\/h2>\n<h3>L&rsquo;\u00e9lectrification massive du march\u00e9<\/h3>\n<p>Le passage \u00e0 l&rsquo;\u00e9lectrique s&rsquo;acc\u00e9l\u00e8re avec <strong>25% des ventes<\/strong> de voitures neuves en 2025. Une r\u00e9volution port\u00e9e par des <strong>mod\u00e8les embl\u00e9matiques<\/strong> comme le <a href=\"https:\/\/www.bymycar.fr\/v\/mercedes-eqa-occasion\">Mercedes EQA<\/a> et son <strong>autonomie de 700 km<\/strong>, ou l&rsquo;<a href=\"https:\/\/www.bymycar.fr\/v\/audi-e-tron-occasion\">Audi Q4 e-tron<\/a> dot\u00e9 d&rsquo;une <strong>batterie optimis\u00e9e<\/strong> de nouvelle g\u00e9n\u00e9ration.<\/p>\n<p>Les constructeurs traditionnels musclent leur offre : <a href=\"https:\/\/www.bymycar.fr\/v\/bmw-x1-occasion\">BMW X1<\/a>\u00a0avec son <strong>design audacieux<\/strong>, Volkswagen ID.4 int\u00e9grant une <strong>pompe \u00e0 chaleur<\/strong> de s\u00e9rie, ou Peugeot e-3008 proposant des <strong>technologies avanc\u00e9es<\/strong> in\u00e9dites. Le bonus \u00e9cologique s&rsquo;applique sur la majorit\u00e9 des nouveaux mod\u00e8les, rendant l&rsquo;\u00e9lectrique plus accessible.<\/p>\n<p>La <strong>recharge rapide<\/strong> se d\u00e9mocratise avec des puissances atteignant <strong>250 kW<\/strong>, permettant de r\u00e9cup\u00e9rer <strong>300 km<\/strong> en seulement 20 minutes. Les infrastructures suivent, avec <strong>100 000 bornes<\/strong> publiques d\u00e9sormais disponibles sur le territoire.<\/p>\n<h3>Le retour en force des motorisations hybrides<\/h3>\n<p>La technologie hybride franchit un nouveau cap en 2025. L&rsquo;<a href=\"https:\/\/www.bymycar.fr\/v\/audi-a5-occasion\">Audi A5<\/a> inaugure une <strong>nouvelle g\u00e9n\u00e9ration d&rsquo;hybridation<\/strong> avec 299 ch pour 45.900 \u20ac*. Le <a href=\"https:\/\/www.bymycar.fr\/v\/mercedes-classe-glc-occasion\">Mercedes GLC<\/a> propose une version <strong>PHEV de 381 ch<\/strong> combinant performance et sobri\u00e9t\u00e9.<\/p>\n<p>BMW d\u00e9mocratise sa technologie avec le X1 xDrive30e \u00e0 partir de 41.900 \u20ac*, tandis que le Volkswagen Tiguan adopte une <strong>micro-hybridation 48V<\/strong> sur toute sa gamme. Le bonus \u00e9cologique s&rsquo;applique sur ces motorisations hybrides rechargeables.<\/p>\n<p>La <a href=\"https:\/\/www.bymycar.fr\/v\/peugeot-3008-occasion\">Peugeot 3008<\/a> se distingue avec son <strong>nouveau syst\u00e8me e-DCS6<\/strong> de 136 ch, quand le <a href=\"https:\/\/www.bymycar.fr\/v\/renault-austral-occasion\">Renault Austral<\/a> atteint <strong>1100 km<\/strong> d&rsquo;autonomie totale gr\u00e2ce \u00e0 sa technologie E-Tech optimis\u00e9e.<\/p>\n<h3>Les citadines : segment en pleine r\u00e9volution<\/h3>\n<p>Les petites voitures urbaines changent radicalement de visage en 2025. L&rsquo;<a href=\"https:\/\/www.bymycar.fr\/v\/audi-a1-occasion\">Audi A1<\/a> se r\u00e9invente avec un <strong>habitacle premium<\/strong> et une motorisation micro-hybride \u00e0 partir de 23.900 \u20ac*. La <a href=\"https:\/\/www.bymycar.fr\/v\/mercedes-classe-a-occasion\">Mercedes Classe A<\/a> mise sur un <strong>design avant-gardiste<\/strong> int\u00e9grant un <strong>\u00e9cran tactile panoramique<\/strong>.<\/p>\n<p>La Peugeot 208 affirme son caract\u00e8re avec une version \u00e9lectrique b\u00e9n\u00e9ficiant du bonus \u00e9cologique. Le Renault Twingo fait son grand retour en <strong>100% \u00e9lectrique<\/strong>, promettant 300 km d&rsquo;autonomie. Le BMW i1 apporte sa touche sportive au segment avec <strong>204 ch<\/strong>, tandis que le Volkswagen ID.2 d\u00e9mocratise l&rsquo;\u00e9lectrique \u00e0 25.000 \u20ac*.<\/p>\n<p>Opel renouvelle sa Corsa avec une <strong>version GSE de 156 ch<\/strong>, quand Fiat modernise sa 500 hybride. Ces citadines nouvelle g\u00e9n\u00e9ration conjuguent d\u00e9sormais praticit\u00e9 urbaine et technologies avanc\u00e9es pour r\u00e9pondre aux attentes des familles modernes.<\/p>\n<h2>Les SUV \u00e9lectriques : stars de 2025<\/h2>\n<h3>BMW iX1 : le premium compact<\/h3>\n<p>Le <strong>SUV compact<\/strong> BMW iX1 affiche son ambition premium avec un <strong>int\u00e9rieur spacieux<\/strong> et un <strong>tableau de bord num\u00e9rique<\/strong> de 10,25 pouces. Sa version eDrive20 d\u00e9livre une puissance de <strong>204 ch<\/strong> aux <strong>roues motrices<\/strong> avant, tandis que la xDrive30 d\u00e9veloppe <strong>313 ch<\/strong> gr\u00e2ce \u00e0 deux moteurs \u00e9lectriques.<\/p>\n<p>L&rsquo;autonomie atteint <strong>474 km<\/strong> en <strong>cycle WLTP<\/strong> pour la version de base, disponible \u00e0 partir de 46.900 \u20ac*. Les <strong>aides \u00e0 la conduite<\/strong> de derni\u00e8re g\u00e9n\u00e9ration sont au rendez-vous : assistant de stationnement, r\u00e9gulateur adaptatif et surveillance des angles morts.<\/p>\n<p>Concurrent direct des Mercedes EQA et Audi Q4 e-tron, l&rsquo;iX1 se distingue par ses <strong>syst\u00e8mes d&rsquo;assistance<\/strong> et son comportement dynamique typiquement BMW. Les finitions M Sport int\u00e8grent une suspension adaptative pour les <strong>longs trajets<\/strong>. Le bonus \u00e9cologique s&rsquo;applique sur la version eDrive20.<\/p>\n<h3>Peugeot e-3008 : le best-seller fran\u00e7ais<\/h3>\n<p>Le nouveau Peugeot e-3008 r\u00e9volutionne les <strong>codes du SUV \u00e9lectrique<\/strong> avec son design fastback distinctif. Sa motorisation de <strong>210 ch<\/strong> s&rsquo;accompagne d&rsquo;une <strong>batterie de 73 kWh<\/strong> permettant une autonomie de <strong>527 km<\/strong> en cycle WLTP.<\/p>\n<p>Cette troisi\u00e8me g\u00e9n\u00e9ration propose une version encore plus ambitieuse avec <strong>700 km<\/strong> d&rsquo;autonomie gr\u00e2ce \u00e0 un accumulateur de <strong>98 kWh<\/strong>. L&rsquo;habitacle impressionne par son <strong>\u00e9cran panoramique HD de 21 pouces<\/strong> flottant au-dessus de la planche de bord. \u00c0 partir de 44.990 \u20ac*, le e-3008 b\u00e9n\u00e9ficie du bonus \u00e9cologique et propose des finitions Allure ou GT aux \u00e9quipements g\u00e9n\u00e9reux.<\/p>\n<h3>Volkswagen ID.4 : l&rsquo;allemand polyvalent<\/h3>\n<p><a href=\"https:\/\/www.bymycar.fr\/v\/volkswagen-id-4-occasion\">Le Volkswagen ID.4<\/a> s&rsquo;impose comme un <strong>v\u00e9hicule polyvalent<\/strong> par excellence. Son habitacle modulable accueille confortablement 5 adultes avec un <strong>volume de coffre de 543 litres<\/strong>. Sa motorisation de <strong>286 ch<\/strong> en version Pro s&rsquo;accompagne d&rsquo;une <strong>batterie de 77 kWh<\/strong>, assurant une autonomie de <strong>520 km<\/strong> en cycle WLTP.<\/p>\n<p>Une version \u00e0 transmission int\u00e9grale est propos\u00e9e \u00e0 44.900 \u20ac<em>, tandis que le mod\u00e8le propulsion d\u00e9bute \u00e0 41.500 \u20ac<\/em>. Le bonus \u00e9cologique s&rsquo;applique sur l&rsquo;ensemble de la gamme, hors GTX. L&rsquo;ID.4 se distingue par ses <strong>mat\u00e9riaux \u00e9coresponsables<\/strong> et son <strong>\u00e9cran tactile de 12 pouces<\/strong> intuitif.<\/p>\n<h2>Berlines \u00e9lectriques : l&rsquo;offensive des constructeurs<\/h2>\n<h3>Mercedes EQE : le confort \u00e0 l&rsquo;allemande<\/h3>\n<p>La Mercedes EQE red\u00e9finit les standards du confort routier avec sa suspension pneumatique adaptative. Sa motorisation <strong>EQE 350+<\/strong> d\u00e9veloppe <strong>292 ch<\/strong> pour une autonomie atteignant <strong>590 km<\/strong> en cycle WLTP. L&rsquo;habitabilit\u00e9 impressionne avec un <strong>empattement de 3,12 m<\/strong>, offrant un espace royal aux passagers arri\u00e8re.<\/p>\n<p>Propos\u00e9e \u00e0 partir de 70.050 \u20ac*, cette berline \u00e9lectrique dispose d&rsquo;un <strong>coffre de 430 litres<\/strong> et d&rsquo;une recharge rapide r\u00e9cup\u00e9rant <strong>250 km en 15 minutes<\/strong>. La version AMG pousse la puissance \u00e0 <strong>625 ch<\/strong> avec transmission int\u00e9grale. Le bonus \u00e9cologique s&rsquo;applique sur les finitions Executive et Electric Art, \u00e9quip\u00e9es de s\u00e9rie du syst\u00e8me MBUX nouvelle g\u00e9n\u00e9ration.<\/p>\n<h3>Renault M\u00e9gane E-Tech : la fran\u00e7aise performante<\/h3>\n<p>Adoptant une silhouette de crossover moderne, la berline \u00e9lectrique fran\u00e7aise impressionne par sa <strong>motorisation de 220 ch<\/strong> coupl\u00e9e \u00e0 une <strong>batterie de 60 kWh<\/strong>. Son <strong>autonomie de 468 km<\/strong> en cycle WLTP permet d&rsquo;envisager sereinement les longs trajets, avec une recharge rapide r\u00e9cup\u00e9rant <strong>300 km en 30 minutes<\/strong>.<\/p>\n<p>L&rsquo;E-Tech se d\u00e9marque par son <strong>cockpit OpenR<\/strong> associant un <strong>\u00e9cran conducteur de 12,3 pouces<\/strong> \u00e0 une <strong>dalle tactile verticale de 12 pouces<\/strong> int\u00e9grant Google Automotive. Le <strong>volume de coffre de 440 litres<\/strong> et l&rsquo;habitabilit\u00e9 g\u00e9n\u00e9reuse en font une familiale polyvalente.<\/p>\n<p>Commercialis\u00e9e \u00e0 partir de 39.500 \u20ac* en finition Techno, elle propose \u00e9galement les versions Esprit Alpine et Iconic aux prestations enrichies. Le bonus \u00e9cologique s&rsquo;applique sur l&rsquo;ensemble de la gamme, renfor\u00e7ant son rapport qualit\u00e9-prix d\u00e9j\u00e0 convaincant.<\/p>\n<h3>Audi A6 e-tron : la technologie au service du luxe<\/h3>\n<p>L&rsquo;Audi A6 e-tron r\u00e9volutionne les codes avec son <strong>syst\u00e8me d&rsquo;\u00e9clairage digital Matrix LED<\/strong> transformant chaque surface vitr\u00e9e en \u00e9cran interactif. Sa plateforme PPE lui conf\u00e8re une <strong>autonomie record de 757 km<\/strong> en cycle WLTP, tandis que sa <strong>batterie de 100 kWh<\/strong> accepte une recharge ultra-rapide de <strong>270 kW<\/strong>.<\/p>\n<p>Son <strong>a\u00e9rodynamisme exceptionnel<\/strong> (Cx de 0,21) s&rsquo;allie \u00e0 une <strong>puissance de 367 ch<\/strong> en version Performance. L&rsquo;habitacle premium impressionne avec son <strong>triple \u00e9cran incurv\u00e9<\/strong> totalisant 36,4 pouces et ses mat\u00e9riaux \u00e9co-responsables. Le <strong>coffre de 502 litres<\/strong> conserve un volume identique en version Avant.<\/p>\n<p>Disponible \u00e0 partir de 77.170 \u20ac* en finition Design, cette berline technologique b\u00e9n\u00e9ficie du bonus \u00e9cologique sur l&rsquo;ensemble de sa gamme. Sa suspension adaptative pneumatique et sa direction progressive assurent un comportement routier digne des meilleures berlines de luxe.<\/p>\n<h2>Quelle est la voiture la plus fiable en 2025 ?<\/h2>\n<h3>Les mod\u00e8les essence pl\u00e9biscit\u00e9s<\/h3>\n<p>Le march\u00e9 des motorisations essence conserve une place de choix en 2025. L&rsquo;Audi A3 35 TFSI s\u00e9duit avec son <strong>4 cylindres 150 ch<\/strong> sobre et performant, consommant seulement <strong>5,8 l\/100 km<\/strong>. La Mercedes Classe A se distingue par son <strong>moteur 1.3 essence<\/strong> coupl\u00e9 \u00e0 une bo\u00eete automatique 7G-DCT \u00e0 partir de 32.900 \u20ac*.<\/p>\n<p>Le Peugeot 2008 adopte un <strong>3 cylindres PureTech<\/strong> remarquablement \u00e9quilibr\u00e9, offrant 130 ch pour une consommation ma\u00eetris\u00e9e de <strong>6,1 l\/100 km<\/strong>. Le segment premium accueille la BMW S\u00e9rie 1 et son <strong>moteur 2.0l<\/strong> d\u00e9veloppant <strong>170 ch<\/strong>, tandis que le Volkswagen T-Roc mise sur un <strong>TSI 150 ch<\/strong> \u00e0 la fois dynamique et \u00e9conome.<\/p>\n<h3>Le palmar\u00e8s des voitures \u00e9lectriques<\/h3>\n<p>2025 marque l&rsquo;av\u00e8nement des <strong>nouvelles voitures<\/strong> \u00e9lectriques plus performantes. Le BMW iX3 red\u00e9finit les standards avec son <strong>moteur de 286 ch<\/strong> et sa <strong>batterie de 74 kWh<\/strong>, tandis que le Mercedes EQA s\u00e9duit par son <strong>\u00e9cran MBUX 10,25 pouces<\/strong> et son <strong>autonomie de 426 km<\/strong>.<\/p>\n<p>La Peugeot e-308 r\u00e9invente le segment compact avec son <strong>i-cockpit<\/strong> derni\u00e8re g\u00e9n\u00e9ration \u00e0 44.900 \u20ac<em>, b\u00e9n\u00e9ficiant du bonus \u00e9cologique. Le <strong>Volkswagen ID.3<\/strong> propose d\u00e9sormais une version d&rsquo;entr\u00e9e de gamme \u00e0 39.990 \u20ac<\/em>, dot\u00e9e d&rsquo;un <strong>moteur de 204 ch<\/strong> et d&rsquo;une <strong>batterie de 58 kWh<\/strong>. L&rsquo;<strong>Audi Q4 e-tron<\/strong> compl\u00e8te l&rsquo;offre premium avec sa <strong>direction progressive<\/strong> et son <strong>double \u00e9cran tactile<\/strong> de 11,6 pouces.<\/p>\n<h3>Les hybrides les plus robustes<\/h3>\n<p>La technologie <strong>hybride rechargeable<\/strong> atteint sa maturit\u00e9 avec une fiabilit\u00e9 record. Le <a href=\"https:\/\/www.bymycar.fr\/v\/mercedes-classe-glc-occasion\">Mercedes GLC 300e<\/a> affiche <strong>470 Nm<\/strong> de couple et une transmission int\u00e9grale 4MATIC \u00e0 57.900 \u20ac*. L&rsquo;Audi Q5 TFSI e conjugue <strong>299 ch<\/strong> et une bo\u00eete S tronic 7 rapports ultrafiable.<\/p>\n<p>Le BMW X3 xDrive30e se distingue par son <strong>syst\u00e8me xDrive<\/strong> optimis\u00e9 et sa batterie garantie 8 ans. Le Volkswagen Tiguan eHybrid associe un <strong>TSI 150 ch<\/strong> au moteur \u00e9lectrique pour une autonomie combin\u00e9e de 850 km. Le bonus \u00e9cologique s&rsquo;applique sur le Peugeot 3008 Hybrid4 et le Renault Austral E-Tech, deux r\u00e9f\u00e9rences en mati\u00e8re de durabilit\u00e9.<\/p>\n<h2>Guide d&rsquo;achat : bien choisir sa voiture en 2025<\/h2>\n<h3>Crit\u00e8res de s\u00e9lection essentiels<\/h3>\n<p>Face aux <strong>r\u00e9glementations en vigueur<\/strong>, le choix d&rsquo;une voiture en 2025 repose sur des crit\u00e8res pr\u00e9cis. L&rsquo;Audi Q4 se d\u00e9marque par son <strong>exp\u00e9rience utilisateur<\/strong> intuitive \u00e0 48.900 \u20ac*, tandis que le Mercedes GLC mise sur ses <strong>places modulables<\/strong> et son confort premium.<\/p>\n<p>Les <strong>co\u00fbts d&rsquo;entretien<\/strong> constituent un facteur d\u00e9terminant : le BMW X1 propose des forfaits maintenance optimis\u00e9s, quand le Peugeot 3008 s\u00e9duit par sa <strong>gamme multi-\u00e9nergies<\/strong>. Le Volkswagen Tiguan et le Renault Austral compl\u00e8tent l&rsquo;offre avec des garanties \u00e9tendues et des intervalles de r\u00e9vision espac\u00e9s.<\/p>\n<h3>Budget et aides gouvernementales<\/h3>\n<p>En 2025, l&rsquo;Audi A3 s&rsquo;impose comme r\u00e9f\u00e9rence \u00e0 partir de 32.900 \u20ac<em>, tandis que la Mercedes Classe A d\u00e9bute \u00e0 35.400 \u20ac<\/em>. Le bonus \u00e9cologique s&rsquo;applique sur leurs versions \u00e9lectrifi\u00e9es, r\u00e9duisant significativement l&rsquo;investissement initial.<\/p>\n<p>Le BMW X1 et le Peugeot 2008 profitent d&rsquo;une gamme <strong>multi-\u00e9nergies<\/strong> permettant d&rsquo;acc\u00e9der aux aides r\u00e9gionales, avec des tarifs respectifs de 38.900 \u20ac* et 29.900 \u20ac<em>. Pour sa part, le Volkswagen ID.4 b\u00e9n\u00e9ficie du bonus \u00e9cologique et propose des <strong>mensualit\u00e9s attractives<\/strong> \u00e0 partir de 399 \u20ac<\/em>.<\/p>\n<p>Le Renault Austral se d\u00e9marque avec un programme de <strong>financement flexible<\/strong> d\u00e9butant \u00e0 289 \u20ac* mensuel, incluant l&rsquo;entretien et l&rsquo;assurance. Les <strong>constructeurs chinois<\/strong> bousculent le march\u00e9 avec des tarifs agressifs, mais leurs mod\u00e8les ne sont pas tous \u00e9ligibles aux dispositifs d&rsquo;aide gouvernementaux.<\/p>\n<h3>Meilleur rapport qualit\u00e9-prix par segment<\/h3>\n<p>Sur le segment des berlines compactes, la Peugeot 308 red\u00e9finit les standards avec son <strong>PureTech 130 ch<\/strong> et son <strong>i-Cockpit<\/strong> derni\u00e8re g\u00e9n\u00e9ration. Cette polyvalence remarquable se retrouve chez la BMW S\u00e9rie 1, dont la <strong>motorisation 150 ch<\/strong> allie performances et sobri\u00e9t\u00e9.<\/p>\n<p>Les SUV urbains voient le Volkswagen T-Roc briller par sa <strong>suspension adaptative<\/strong> et son <strong>volume de coffre de 445 litres<\/strong>. Une concurrence relev\u00e9e face au <a href=\"https:\/\/www.bymycar.fr\/v\/renault-captur-occasion\">Renault Captur<\/a>, pl\u00e9biscit\u00e9 pour sa modularit\u00e9 et sa <strong>gamme multi-\u00e9nergies<\/strong>.<\/p>\n<p>Dans la cat\u00e9gorie premium, l&rsquo;Audi Q3 conjugue <strong>technologie Matrix LED<\/strong> et <strong>transmission quattro<\/strong> quand la Mercedes GLA s\u00e9duit par son <strong>habitacle num\u00e9rique<\/strong> et sa <strong>dotation g\u00e9n\u00e9reuse<\/strong>.<\/p>\n<h2>BYD : la nouvelle r\u00e9f\u00e9rence \u00e9lectrique<\/h2>\n<h3>Une gamme \u00e9lectrique compl\u00e8te<\/h3>\n<p>La gamme <strong>BYD<\/strong> s&rsquo;enrichit consid\u00e9rablement en 2025 avec l&rsquo;arriv\u00e9e du SEAL U, un SUV familial affich\u00e9 \u00e0 37.900 \u20ac* b\u00e9n\u00e9ficiant du bonus \u00e9cologique. Le constructeur chinois consolide son offensive avec le DOLPHIN, une compacte dynamique propos\u00e9e \u00e0 partir de 28.990 \u20ac<em>, tandis que le SEAL vient concurrencer les berlines premium \u00e0 39.990 \u20ac<\/em>.<\/p>\n<p>L&rsquo;<strong>ATTO 3<\/strong> demeure le best-seller de la marque avec son autonomie de <strong>420 km<\/strong> et son habitacle modulable. Les nouveaux mod\u00e8les adoptent la technologie <strong>Blade Battery<\/strong>, garantissant une recharge ultrarapide de <strong>30 \u00e0 80%<\/strong> en moins de 30 minutes. La gamme s&rsquo;appuie sur une architecture <strong>800V<\/strong> et des motorisations allant de <strong>150 \u00e0 530 ch<\/strong>, positionnant BYD comme un acteur majeur de la mobilit\u00e9 \u00e9lectrique.<\/p>\n<h3>Build Your Dreams : des prix comp\u00e9titifs<\/h3>\n<p>Le constructeur BYD red\u00e9finit les standards du march\u00e9 avec une politique tarifaire agressive. Le SEAL rivalise directement avec la BMW S\u00e9rie 3 tout en affichant un tarif inf\u00e9rieur de 15.000 \u20ac<em>. L&rsquo;ATTO 3 se positionne face au Peugeot e-3008 avec un prix d&rsquo;appel \u00e0 38.990 \u20ac<\/em>.<\/p>\n<p>La strat\u00e9gie multi-\u00e9nergies STLA permet au constructeur de maintenir des co\u00fbts de production ma\u00eetris\u00e9s. Les <strong>finitions Comfort<\/strong> et <strong>Design<\/strong> proposent un \u00e9quipement g\u00e9n\u00e9reux incluant la <strong>climatisation bi-zone<\/strong>, le <strong>toit panoramique<\/strong> et l&rsquo;<strong>affichage t\u00eate haute<\/strong>. Le bonus \u00e9cologique s&rsquo;applique sur l&rsquo;ensemble de la gamme, renfor\u00e7ant une proposition commerciale d\u00e9j\u00e0 attractive.<\/p>\n<h3>Une autonomie record sur tous les segments<\/h3>\n<p>Les <strong>citadines \u00e9lectriques<\/strong> franchissent un cap significatif en autonomie. La Renault M\u00e9gane E-Tech atteint <strong>480 km<\/strong> en cycle WLTP, tandis que l&rsquo;Audi A3 propose <strong>520 km<\/strong> gr\u00e2ce \u00e0 sa nouvelle plateforme 800V. Sur le segment des SUV compacts, le Mercedes GLA impressionne avec <strong>550 km<\/strong> d&rsquo;autonomie.<\/p>\n<p>La technologie <strong>Blade Battery<\/strong> r\u00e9volutionne le domaine de la mobilit\u00e9 avec des temps de charge optimis\u00e9s. Le BMW X3 r\u00e9cup\u00e8re <strong>250 km<\/strong> en seulement 15 minutes, quand le Peugeot e-3008 affiche une autonomie totale de <strong>570 km<\/strong>. Gr\u00e2ce \u00e0 l&rsquo;intelligence de leur gestion \u00e9nerg\u00e9tique, ces mod\u00e8les conservent plus de 90% de leur capacit\u00e9 apr\u00e8s 200 000 km, b\u00e9n\u00e9ficiant du bonus \u00e9cologique.<\/p>\n<h2>Les nouveaut\u00e9s attendues pour 2025<\/h2>\n<h3>Calendrier des sorties majeures<\/h3>\n<p>Le second semestre 2025 s&rsquo;annonce riche en nouveaut\u00e9s avec l&rsquo;Audi A7 Avant et sa <strong>motorisation hybride de 272 ch<\/strong>. La Mercedes CLA adopte une silhouette plus a\u00e9rodynamique et une <strong>batterie de 89 kWh<\/strong>. Le Volkswagen ID.2 d\u00e9mocratise l&rsquo;\u00e9lectrique avec un prix d&rsquo;entr\u00e9e \u00e0 25.000 \u20ac*.<\/p>\n<p>Le BMW X2 fait peau neuve avec un <strong>design plus muscl\u00e9<\/strong> et une <strong>version M Performance de 326 ch<\/strong>. Renault d\u00e9voilera sa nouvelle Clio en septembre, tandis que Peugeot pr\u00e9pare le restylage de sa 308 pour octobre avec une in\u00e9dite <strong>motorisation MHEV 136<\/strong>.<\/p>\n<h3>Les familiales les plus prometteuses<\/h3>\n<p>Le segment des familiales se r\u00e9invente avec des mod\u00e8les aux prestations \u00e9lev\u00e9es. La <a href=\"https:\/\/www.bymycar.fr\/v\/mercedes-classe-c-occasion\">Mercedes Classe C Break<\/a> offre un <strong>volume de coffre de 490 litres<\/strong> et un syst\u00e8me multim\u00e9dia MBUX derni\u00e8re g\u00e9n\u00e9ration. Le BMW X3 mise sur sa <strong>transmission xDrive<\/strong> et ses si\u00e8ges modulables pour s\u00e9duire les familles actives.<\/p>\n<p>L&rsquo;Audi A4 Avant impressionne avec sa <strong>motorisation hybride 204 ch<\/strong> et son habitacle num\u00e9ris\u00e9. Du c\u00f4t\u00e9 fran\u00e7ais, le Renault Austral conjugue modularit\u00e9 et confort avec sa banquette coulissante, tandis que le Peugeot 408 innove par sa silhouette fastback et son <strong>coffre de 536 litres<\/strong>. Le bonus \u00e9cologique s&rsquo;applique sur les versions \u00e9lectrifi\u00e9es de ces mod\u00e8les, \u00e0 partir de 42.900 \u20ac*.<\/p>\n<h3>Les luxueuses qui se r\u00e9inventent<\/h3>\n<p>L&rsquo;ann\u00e9e 2025 marque un tournant dans le segment premium avec des innovations majeures. L&rsquo;Audi A8 franchit un cap technologique gr\u00e2ce \u00e0 son <strong>cockpit num\u00e9rique 12,3 pouces<\/strong> et sa <strong>suspension pr\u00e9dictive<\/strong>. Le raffinement atteint des sommets avec la Mercedes Classe S, dot\u00e9e d&rsquo;un <strong>\u00e9clairage digital light<\/strong> et d&rsquo;un <strong>assistant vocal MBUX<\/strong> nouvelle g\u00e9n\u00e9ration.<\/p>\n<p>La BMW S\u00e9rie 7 impressionne par son <strong>affichage t\u00eate haute 3D<\/strong> et son <strong>syst\u00e8me de conduite semi-autonome<\/strong> de niveau 3. Le bonus \u00e9cologique s&rsquo;applique sur sa version i7 \u00e9lectrique, propos\u00e9e \u00e0 partir de 139.900 \u20ac*. <a href=\"https:\/\/www.bymycar.fr\/v\/volkswagen-touareg-occasion\">Le Volkswagen Touareg<\/a> se distingue avec sa <strong>motorisation hybride 462 ch<\/strong>, tandis que le Peugeot 908 adopte une silhouette fastback et un <strong>habitacle i-cockpit<\/strong> \u00e9volutif.<\/p>\n<p>&nbsp;<\/p>\n<p><em>*Les prix mentionn\u00e9s sont donn\u00e9s \u00e0 titre indicatif et ont \u00e9t\u00e9 constat\u00e9s au moment de la r\u00e9daction. Ils sont susceptibles d\u2019\u00e9voluer. Pour obtenir une information exacte et \u00e0 jour, nous vous recommandons de contacter directement votre concession BYmyCAR.<\/em><\/p>\n"}}]},"add-carousel-to-footer":true},"yoast_head":"<!-- This site is optimized with the Yoast SEO Premium plugin v26.4 (Yoast SEO v26.4) - https:\/\/yoast.com\/wordpress\/plugins\/seo\/ -->\n<title>Quel type de voiture acheter en 2025 ?<\/title>\n<meta name=\"robots\" content=\"index, follow, max-snippet:-1, max-image-preview:large, max-video-preview:-1\" \/>\n<link rel=\"canonical\" href=\"https:\/\/www.bymycar.fr\/webzine\/guide-complet-quel-type-de-voiture-acheter-en-2025-pour-faire-le-meilleur-choix\/\" \/>\n<meta property=\"og:locale\" content=\"fr_FR\" \/>\n<meta property=\"og:type\" content=\"article\" \/>\n<meta property=\"og:title\" content=\"Guide complet : quel type de voiture acheter en 2025 pour faire le meilleur choix\" \/>\n<meta property=\"og:url\" content=\"https:\/\/www.bymycar.fr\/webzine\/guide-complet-quel-type-de-voiture-acheter-en-2025-pour-faire-le-meilleur-choix\/\" \/>\n<meta property=\"og:site_name\" content=\"Webzine auto BYmyCAR\" \/>\n<meta property=\"article:published_time\" content=\"2025-07-18T15:04:28+00:00\" \/>\n<meta property=\"article:modified_time\" content=\"2025-09-09T07:30:04+00:00\" \/>\n<meta name=\"author\" content=\"La R\u00e9daction BYmyCAR\" \/>\n<meta name=\"twitter:card\" content=\"summary_large_image\" \/>\n<meta name=\"twitter:label1\" content=\"\u00c9crit par\" \/>\n\t<meta name=\"twitter:data1\" content=\"La R\u00e9daction BYmyCAR\" \/>\n<script type=\"application\/ld+json\" class=\"yoast-schema-graph\">{\"@context\":\"https:\/\/schema.org\",\"@graph\":[{\"@type\":\"Article\",\"@id\":\"https:\/\/www.bymycar.fr\/webzine\/guide-complet-quel-type-de-voiture-acheter-en-2025-pour-faire-le-meilleur-choix\/#article\",\"isPartOf\":{\"@id\":\"https:\/\/www.bymycar.fr\/webzine\/guide-complet-quel-type-de-voiture-acheter-en-2025-pour-faire-le-meilleur-choix\/\"},\"author\":{\"name\":\"La R\u00e9daction BYmyCAR\",\"@id\":\"https:\/\/www.bymycar.fr\/webzine\/#\/schema\/person\/8d570fe11eb8929f06c1e6d00f4d9689\"},\"headline\":\"Guide complet : quel type de voiture acheter en 2025 pour faire le meilleur choix\",\"datePublished\":\"2025-07-18T15:04:28+00:00\",\"dateModified\":\"2025-09-09T07:30:04+00:00\",\"mainEntityOfPage\":{\"@id\":\"https:\/\/www.bymycar.fr\/webzine\/guide-complet-quel-type-de-voiture-acheter-en-2025-pour-faire-le-meilleur-choix\/\"},\"wordCount\":13,\"publisher\":{\"@id\":\"https:\/\/www.bymycar.fr\/webzine\/#organization\"},\"articleSection\":[\"Achat, location et vente\"],\"inLanguage\":\"fr-FR\"},{\"@type\":\"WebPage\",\"@id\":\"https:\/\/www.bymycar.fr\/webzine\/guide-complet-quel-type-de-voiture-acheter-en-2025-pour-faire-le-meilleur-choix\/\",\"url\":\"https:\/\/www.bymycar.fr\/webzine\/guide-complet-quel-type-de-voiture-acheter-en-2025-pour-faire-le-meilleur-choix\/\",\"name\":\"Quel type de voiture acheter en 2025 ?\",\"isPartOf\":{\"@id\":\"https:\/\/www.bymycar.fr\/webzine\/#website\"},\"datePublished\":\"2025-07-18T15:04:28+00:00\",\"dateModified\":\"2025-09-09T07:30:04+00:00\",\"breadcrumb\":{\"@id\":\"https:\/\/www.bymycar.fr\/webzine\/guide-complet-quel-type-de-voiture-acheter-en-2025-pour-faire-le-meilleur-choix\/#breadcrumb\"},\"inLanguage\":\"fr-FR\",\"potentialAction\":[{\"@type\":\"ReadAction\",\"target\":[\"https:\/\/www.bymycar.fr\/webzine\/guide-complet-quel-type-de-voiture-acheter-en-2025-pour-faire-le-meilleur-choix\/\"]}]},{\"@type\":\"BreadcrumbList\",\"@id\":\"https:\/\/www.bymycar.fr\/webzine\/guide-complet-quel-type-de-voiture-acheter-en-2025-pour-faire-le-meilleur-choix\/#breadcrumb\",\"itemListElement\":[{\"@type\":\"ListItem\",\"position\":1,\"name\":\"Accueil\",\"item\":\"https:\/\/www.bymycar.fr\/webzine\/\"},{\"@type\":\"ListItem\",\"position\":2,\"name\":\"Guide complet : quel type de voiture acheter en 2025 pour faire le meilleur choix\"}]},{\"@type\":\"WebSite\",\"@id\":\"https:\/\/www.bymycar.fr\/webzine\/#website\",\"url\":\"https:\/\/www.bymycar.fr\/webzine\/\",\"name\":\"Webzine auto BYmyCAR\",\"description\":\"La magazine auto de BYmyCAR\",\"publisher\":{\"@id\":\"https:\/\/www.bymycar.fr\/webzine\/#organization\"},\"potentialAction\":[{\"@type\":\"SearchAction\",\"target\":{\"@type\":\"EntryPoint\",\"urlTemplate\":\"https:\/\/www.bymycar.fr\/webzine\/?s={search_term_string}\"},\"query-input\":{\"@type\":\"PropertyValueSpecification\",\"valueRequired\":true,\"valueName\":\"search_term_string\"}}],\"inLanguage\":\"fr-FR\"},{\"@type\":\"Organization\",\"@id\":\"https:\/\/www.bymycar.fr\/webzine\/#organization\",\"name\":\"BYmyCAR\",\"url\":\"https:\/\/www.bymycar.fr\/webzine\/\",\"logo\":{\"@type\":\"ImageObject\",\"inLanguage\":\"fr-FR\",\"@id\":\"https:\/\/www.bymycar.fr\/webzine\/#\/schema\/logo\/image\/\",\"url\":\"https:\/\/cdn.bymycar.eu\/fr-webzine\/wp-content\/uploads\/medias\/2017\/08\/logo_DEALER_00000406_001.png\",\"contentUrl\":\"https:\/\/cdn.bymycar.eu\/fr-webzine\/wp-content\/uploads\/medias\/2017\/08\/logo_DEALER_00000406_001.png\",\"width\":2132,\"height\":720,\"caption\":\"BYmyCAR\"},\"image\":{\"@id\":\"https:\/\/www.bymycar.fr\/webzine\/#\/schema\/logo\/image\/\"}},{\"@type\":\"Person\",\"@id\":\"https:\/\/www.bymycar.fr\/webzine\/#\/schema\/person\/8d570fe11eb8929f06c1e6d00f4d9689\",\"name\":\"La R\u00e9daction BYmyCAR\",\"image\":{\"@type\":\"ImageObject\",\"inLanguage\":\"fr-FR\",\"@id\":\"https:\/\/www.bymycar.fr\/webzine\/#\/schema\/person\/image\/\",\"url\":\"https:\/\/secure.gravatar.com\/avatar\/1aa6b039d0ce106989923af4e2d0f2a0c82bb070d5e449f1b9adf082a5863900?s=96&d=mm&r=g\",\"contentUrl\":\"https:\/\/secure.gravatar.com\/avatar\/1aa6b039d0ce106989923af4e2d0f2a0c82bb070d5e449f1b9adf082a5863900?s=96&d=mm&r=g\",\"caption\":\"La R\u00e9daction BYmyCAR\"},\"sameAs\":[\"https:\/\/www.bymycar.fr\/\"]}]}<\/script>\n<!-- \/ Yoast SEO Premium plugin. -->","yoast_head_json":{"title":"Quel type de voiture acheter en 2025 ?","robots":{"index":"index","follow":"follow","max-snippet":"max-snippet:-1","max-image-preview":"max-image-preview:large","max-video-preview":"max-video-preview:-1"},"canonical":"https:\/\/www.bymycar.fr\/webzine\/guide-complet-quel-type-de-voiture-acheter-en-2025-pour-faire-le-meilleur-choix\/","og_locale":"fr_FR","og_type":"article","og_title":"Guide complet : quel type de voiture acheter en 2025 pour faire le meilleur choix","og_url":"https:\/\/www.bymycar.fr\/webzine\/guide-complet-quel-type-de-voiture-acheter-en-2025-pour-faire-le-meilleur-choix\/","og_site_name":"Webzine auto BYmyCAR","article_published_time":"2025-07-18T15:04:28+00:00","article_modified_time":"2025-09-09T07:30:04+00:00","author":"La R\u00e9daction BYmyCAR","twitter_card":"summary_large_image","twitter_misc":{"\u00c9crit par":"La R\u00e9daction BYmyCAR"},"schema":{"@context":"https:\/\/schema.org","@graph":[{"@type":"Article","@id":"https:\/\/www.bymycar.fr\/webzine\/guide-complet-quel-type-de-voiture-acheter-en-2025-pour-faire-le-meilleur-choix\/#article","isPartOf":{"@id":"https:\/\/www.bymycar.fr\/webzine\/guide-complet-quel-type-de-voiture-acheter-en-2025-pour-faire-le-meilleur-choix\/"},"author":{"name":"La R\u00e9daction BYmyCAR","@id":"https:\/\/www.bymycar.fr\/webzine\/#\/schema\/person\/8d570fe11eb8929f06c1e6d00f4d9689"},"headline":"Guide complet : quel type de voiture acheter en 2025 pour faire le meilleur choix","datePublished":"2025-07-18T15:04:28+00:00","dateModified":"2025-09-09T07:30:04+00:00","mainEntityOfPage":{"@id":"https:\/\/www.bymycar.fr\/webzine\/guide-complet-quel-type-de-voiture-acheter-en-2025-pour-faire-le-meilleur-choix\/"},"wordCount":13,"publisher":{"@id":"https:\/\/www.bymycar.fr\/webzine\/#organization"},"articleSection":["Achat, location et vente"],"inLanguage":"fr-FR"},{"@type":"WebPage","@id":"https:\/\/www.bymycar.fr\/webzine\/guide-complet-quel-type-de-voiture-acheter-en-2025-pour-faire-le-meilleur-choix\/","url":"https:\/\/www.bymycar.fr\/webzine\/guide-complet-quel-type-de-voiture-acheter-en-2025-pour-faire-le-meilleur-choix\/","name":"Quel type de voiture acheter en 2025 ?","isPartOf":{"@id":"https:\/\/www.bymycar.fr\/webzine\/#website"},"datePublished":"2025-07-18T15:04:28+00:00","dateModified":"2025-09-09T07:30:04+00:00","breadcrumb":{"@id":"https:\/\/www.bymycar.fr\/webzine\/guide-complet-quel-type-de-voiture-acheter-en-2025-pour-faire-le-meilleur-choix\/#breadcrumb"},"inLanguage":"fr-FR","potentialAction":[{"@type":"ReadAction","target":["https:\/\/www.bymycar.fr\/webzine\/guide-complet-quel-type-de-voiture-acheter-en-2025-pour-faire-le-meilleur-choix\/"]}]},{"@type":"BreadcrumbList","@id":"https:\/\/www.bymycar.fr\/webzine\/guide-complet-quel-type-de-voiture-acheter-en-2025-pour-faire-le-meilleur-choix\/#breadcrumb","itemListElement":[{"@type":"ListItem","position":1,"name":"Accueil","item":"https:\/\/www.bymycar.fr\/webzine\/"},{"@type":"ListItem","position":2,"name":"Guide complet : quel type de voiture acheter en 2025 pour faire le meilleur choix"}]},{"@type":"WebSite","@id":"https:\/\/www.bymycar.fr\/webzine\/#website","url":"https:\/\/www.bymycar.fr\/webzine\/","name":"Webzine auto BYmyCAR","description":"La magazine auto de BYmyCAR","publisher":{"@id":"https:\/\/www.bymycar.fr\/webzine\/#organization"},"potentialAction":[{"@type":"SearchAction","target":{"@type":"EntryPoint","urlTemplate":"https:\/\/www.bymycar.fr\/webzine\/?s={search_term_string}"},"query-input":{"@type":"PropertyValueSpecification","valueRequired":true,"valueName":"search_term_string"}}],"inLanguage":"fr-FR"},{"@type":"Organization","@id":"https:\/\/www.bymycar.fr\/webzine\/#organization","name":"BYmyCAR","url":"https:\/\/www.bymycar.fr\/webzine\/","logo":{"@type":"ImageObject","inLanguage":"fr-FR","@id":"https:\/\/www.bymycar.fr\/webzine\/#\/schema\/logo\/image\/","url":"https:\/\/cdn.bymycar.eu\/fr-webzine\/wp-content\/uploads\/medias\/2017\/08\/logo_DEALER_00000406_001.png","contentUrl":"https:\/\/cdn.bymycar.eu\/fr-webzine\/wp-content\/uploads\/medias\/2017\/08\/logo_DEALER_00000406_001.png","width":2132,"height":720,"caption":"BYmyCAR"},"image":{"@id":"https:\/\/www.bymycar.fr\/webzine\/#\/schema\/logo\/image\/"}},{"@type":"Person","@id":"https:\/\/www.bymycar.fr\/webzine\/#\/schema\/person\/8d570fe11eb8929f06c1e6d00f4d9689","name":"La R\u00e9daction BYmyCAR","image":{"@type":"ImageObject","inLanguage":"fr-FR","@id":"https:\/\/www.bymycar.fr\/webzine\/#\/schema\/person\/image\/","url":"https:\/\/secure.gravatar.com\/avatar\/1aa6b039d0ce106989923af4e2d0f2a0c82bb070d5e449f1b9adf082a5863900?s=96&d=mm&r=g","contentUrl":"https:\/\/secure.gravatar.com\/avatar\/1aa6b039d0ce106989923af4e2d0f2a0c82bb070d5e449f1b9adf082a5863900?s=96&d=mm&r=g","caption":"La R\u00e9daction BYmyCAR"},"sameAs":["https:\/\/www.bymycar.fr\/"]}]}},"_links":{"self":[{"href":"https:\/\/www.bymycar.fr\/webzine\/wp-json\/wp\/v2\/posts\/59195","targetHints":{"allow":["GET"]}}],"collection":[{"href":"https:\/\/www.bymycar.fr\/webzine\/wp-json\/wp\/v2\/posts"}],"about":[{"href":"https:\/\/www.bymycar.fr\/webzine\/wp-json\/wp\/v2\/types\/post"}],"author":[{"embeddable":true,"href":"https:\/\/www.bymycar.fr\/webzine\/wp-json\/wp\/v2\/users\/88"}],"replies":[{"embeddable":true,"href":"https:\/\/www.bymycar.fr\/webzine\/wp-json\/wp\/v2\/comments?post=59195"}],"version-history":[{"count":1,"href":"https:\/\/www.bymycar.fr\/webzine\/wp-json\/wp\/v2\/posts\/59195\/revisions"}],"predecessor-version":[{"id":59206,"href":"https:\/\/www.bymycar.fr\/webzine\/wp-json\/wp\/v2\/posts\/59195\/revisions\/59206"}],"wp:attachment":[{"href":"https:\/\/www.bymycar.fr\/webzine\/wp-json\/wp\/v2\/media?parent=59195"}],"wp:term":[{"taxonomy":"category","embeddable":true,"href":"https:\/\/www.bymycar.fr\/webzine\/wp-json\/wp\/v2\/categories?post=59195"},{"taxonomy":"post_tag","embeddable":true,"href":"https:\/\/www.bymycar.fr\/webzine\/wp-json\/wp\/v2\/tags?post=59195"}],"curies":[{"name":"wp","href":"https:\/\/api.w.org\/{rel}","templated":true}]}}