{"id":58964,"date":"2025-07-07T14:59:16","date_gmt":"2025-07-07T12:59:16","guid":{"rendered":"https:\/\/www.bymycar.fr\/webzine\/?p=58964"},"modified":"2025-07-07T15:03:03","modified_gmt":"2025-07-07T13:03:03","slug":"challenge-jeunes-quand-les-jeunes-collaborateurs-participent-au-developpement-du-groupe","status":"publish","type":"post","link":"https:\/\/www.bymycar.fr\/webzine\/challenge-jeunes-quand-les-jeunes-collaborateurs-participent-au-developpement-du-groupe\/","title":{"rendered":"Challenge Jeunes : Quand les jeunes collaborateurs participent au d\u00e9veloppement du groupe"},"content":{"rendered":"","protected":false},"excerpt":{"rendered":"","protected":false},"author":88,"featured_media":58975,"comment_status":"closed","ping_status":"closed","sticky":false,"template":"","format":"standard","meta":{"_acf_changed":false,"footnotes":""},"categories":[2852,1643],"tags":[],"class_list":["post-58964","post","type-post","status-publish","format-standard","has-post-thumbnail","hentry","category-actus-rh","category-ressources-humaines"],"acf":{"image":{"ID":58975,"id":58975,"title":"Fonds Teams","filename":"Fonds-Teams.png","filesize":3579805,"url":"https:\/\/cdn.bymycar.eu\/fr-webzine\/wp-content\/uploads\/medias\/Fonds-Teams.png","link":"https:\/\/www.bymycar.fr\/webzine\/challenge-jeunes-quand-les-jeunes-collaborateurs-participent-au-developpement-du-groupe\/fonds-teams\/","alt":"","author":"88","description":"","caption":"","name":"fonds-teams","status":"inherit","uploaded_to":58964,"date":"2025-07-03 13:46:04","modified":"2025-07-03 13:46:04","menu_order":0,"mime_type":"image\/png","type":"image","subtype":"png","icon":"https:\/\/www.bymycar.fr\/webzine\/wp-includes\/images\/media\/default.png","width":1628,"height":1080,"sizes":{"thumbnail":"https:\/\/cdn.bymycar.eu\/fr-webzine\/wp-content\/uploads\/medias\/Fonds-Teams-150x150.png","thumbnail-width":150,"thumbnail-height":150,"medium":"https:\/\/cdn.bymycar.eu\/fr-webzine\/wp-content\/uploads\/medias\/Fonds-Teams-300x199.png","medium-width":300,"medium-height":199,"medium_large":"https:\/\/cdn.bymycar.eu\/fr-webzine\/wp-content\/uploads\/medias\/Fonds-Teams-768x509.png","medium_large-width":768,"medium_large-height":509,"large":"https:\/\/cdn.bymycar.eu\/fr-webzine\/wp-content\/uploads\/medias\/Fonds-Teams-1024x679.png","large-width":1024,"large-height":679,"1536x1536":"https:\/\/cdn.bymycar.eu\/fr-webzine\/wp-content\/uploads\/medias\/Fonds-Teams-1536x1019.png","1536x1536-width":1536,"1536x1536-height":1019,"2048x2048":"https:\/\/cdn.bymycar.eu\/fr-webzine\/wp-content\/uploads\/medias\/Fonds-Teams.png","2048x2048-width":1628,"2048x2048-height":1080}},"introduction":"<p>BYmyCAR a imagin\u00e9 un programme unique afin de laisser l\u2019opportunit\u00e9 \u00e0 nos jeunes collaborateurs de s\u2019exprimer et de partager leurs id\u00e9es autour des enjeux strat\u00e9giques du groupe.<\/p>\n","add-to-bo":false,"page_content":{"block_content":[{"acf_fc_layout":"text-image","--nav":{"-withNav":false,"-ancre":""},"--group":{"-image":{"ID":58965,"id":58965,"title":"challenge jeune 1","filename":"challenge-jeune-1.png","filesize":1137576,"url":"https:\/\/cdn.bymycar.eu\/fr-webzine\/wp-content\/uploads\/medias\/challenge-jeune-1.png","link":"https:\/\/www.bymycar.fr\/webzine\/challenge-jeunes-quand-les-jeunes-collaborateurs-participent-au-developpement-du-groupe\/challenge-jeune-1\/","alt":"","author":"88","description":"","caption":"","name":"challenge-jeune-1","status":"inherit","uploaded_to":58964,"date":"2025-07-03 13:02:42","modified":"2025-07-03 13:02:42","menu_order":0,"mime_type":"image\/png","type":"image","subtype":"png","icon":"https:\/\/www.bymycar.fr\/webzine\/wp-includes\/images\/media\/default.png","width":811,"height":540,"sizes":{"thumbnail":"https:\/\/cdn.bymycar.eu\/fr-webzine\/wp-content\/uploads\/medias\/challenge-jeune-1-150x150.png","thumbnail-width":150,"thumbnail-height":150,"medium":"https:\/\/cdn.bymycar.eu\/fr-webzine\/wp-content\/uploads\/medias\/challenge-jeune-1-300x200.png","medium-width":300,"medium-height":200,"medium_large":"https:\/\/cdn.bymycar.eu\/fr-webzine\/wp-content\/uploads\/medias\/challenge-jeune-1-768x511.png","medium_large-width":768,"medium_large-height":511,"large":"https:\/\/cdn.bymycar.eu\/fr-webzine\/wp-content\/uploads\/medias\/challenge-jeune-1.png","large-width":811,"large-height":540,"1536x1536":"https:\/\/cdn.bymycar.eu\/fr-webzine\/wp-content\/uploads\/medias\/challenge-jeune-1.png","1536x1536-width":811,"1536x1536-height":540,"2048x2048":"https:\/\/cdn.bymycar.eu\/fr-webzine\/wp-content\/uploads\/medias\/challenge-jeune-1.png","2048x2048-width":811,"2048x2048-height":540}},"-title":"","-text":"<p>Le Challenge Jeunes a \u00e9t\u00e9 imagin\u00e9 par et pour des jeunes collaborateurs de l\u2019entreprises. Cet \u00e9v\u00e9nement a eu lieu pour la premi\u00e8re fois en 2021. Depuis, ce projet s\u2019est r\u00e9alis\u00e9 tous les deux ans avec le m\u00eame exercice. Plusieurs \u00e9quipes se cr\u00e9aient au sein de chaque plaque compos\u00e9e entre 4 et 6 collaborateurs \u00e2g\u00e9e de moins de 26 ans. Ces derniers doivent s\u2019affronter autour d\u2019une th\u00e9matique commune afin de proposer des id\u00e9es de projets internes r\u00e9alisables dans l\u2019entreprise. Durant 1 mois, chaque \u00e9quipe tente de proposer les meilleures innovations, afin de les pr\u00e9senter devant un premier Jury. Les trois finalises ont l\u2019opportunit\u00e9 de pr\u00e9senter leur projet devant les membres du Comit\u00e9 de Direction Groupe.<\/p>\n"}},{"acf_fc_layout":"images-mosaique-x4","--nav":{"-withNav":false,"-ancre":""},"--group":{"-title":"Coup d\u2019\u0153il sur l\u2019\u00e9dition 2025 :","-images":[{"ID":58985,"id":58985,"title":"Equipe IDF CJ","filename":"Equipe-IDF-CJ.png","filesize":1618451,"url":"https:\/\/cdn.bymycar.eu\/fr-webzine\/wp-content\/uploads\/medias\/Equipe-IDF-CJ.png","link":"https:\/\/www.bymycar.fr\/webzine\/challenge-jeunes-quand-les-jeunes-collaborateurs-participent-au-developpement-du-groupe\/equipe-idf-cj\/","alt":"","author":"88","description":"","caption":"","name":"equipe-idf-cj","status":"inherit","uploaded_to":58964,"date":"2025-07-04 11:52:46","modified":"2025-07-04 11:53:11","menu_order":0,"mime_type":"image\/png","type":"image","subtype":"png","icon":"https:\/\/www.bymycar.fr\/webzine\/wp-includes\/images\/media\/default.png","width":1920,"height":915,"sizes":{"thumbnail":"https:\/\/cdn.bymycar.eu\/fr-webzine\/wp-content\/uploads\/medias\/Equipe-IDF-CJ-150x150.png","thumbnail-width":150,"thumbnail-height":150,"medium":"https:\/\/cdn.bymycar.eu\/fr-webzine\/wp-content\/uploads\/medias\/Equipe-IDF-CJ-300x143.png","medium-width":300,"medium-height":143,"medium_large":"https:\/\/cdn.bymycar.eu\/fr-webzine\/wp-content\/uploads\/medias\/Equipe-IDF-CJ-768x366.png","medium_large-width":768,"medium_large-height":366,"large":"https:\/\/cdn.bymycar.eu\/fr-webzine\/wp-content\/uploads\/medias\/Equipe-IDF-CJ-1024x488.png","large-width":1024,"large-height":488,"1536x1536":"https:\/\/cdn.bymycar.eu\/fr-webzine\/wp-content\/uploads\/medias\/Equipe-IDF-CJ-1536x732.png","1536x1536-width":1536,"1536x1536-height":732,"2048x2048":"https:\/\/cdn.bymycar.eu\/fr-webzine\/wp-content\/uploads\/medias\/Equipe-IDF-CJ.png","2048x2048-width":1920,"2048x2048-height":915}},{"ID":58978,"id":58978,"title":"Equipe Loire","filename":"Equipe-Loire.jpeg","filesize":1282828,"url":"https:\/\/cdn.bymycar.eu\/fr-webzine\/wp-content\/uploads\/medias\/Equipe-Loire.jpeg","link":"https:\/\/www.bymycar.fr\/webzine\/challenge-jeunes-quand-les-jeunes-collaborateurs-participent-au-developpement-du-groupe\/equipe-loire\/","alt":"","author":"88","description":"","caption":"","name":"equipe-loire","status":"inherit","uploaded_to":58964,"date":"2025-07-03 13:48:48","modified":"2025-07-03 13:48:59","menu_order":0,"mime_type":"image\/jpeg","type":"image","subtype":"jpeg","icon":"https:\/\/www.bymycar.fr\/webzine\/wp-includes\/images\/media\/default.png","width":2406,"height":2406,"sizes":{"thumbnail":"https:\/\/cdn.bymycar.eu\/fr-webzine\/wp-content\/uploads\/medias\/Equipe-Loire-150x150.jpeg","thumbnail-width":150,"thumbnail-height":150,"medium":"https:\/\/cdn.bymycar.eu\/fr-webzine\/wp-content\/uploads\/medias\/Equipe-Loire-300x300.jpeg","medium-width":300,"medium-height":300,"medium_large":"https:\/\/cdn.bymycar.eu\/fr-webzine\/wp-content\/uploads\/medias\/Equipe-Loire-768x768.jpeg","medium_large-width":768,"medium_large-height":768,"large":"https:\/\/cdn.bymycar.eu\/fr-webzine\/wp-content\/uploads\/medias\/Equipe-Loire-1024x1024.jpeg","large-width":1024,"large-height":1024,"1536x1536":"https:\/\/cdn.bymycar.eu\/fr-webzine\/wp-content\/uploads\/medias\/Equipe-Loire-1536x1536.jpeg","1536x1536-width":1536,"1536x1536-height":1536,"2048x2048":"https:\/\/cdn.bymycar.eu\/fr-webzine\/wp-content\/uploads\/medias\/Equipe-Loire-2048x2048.jpeg","2048x2048-width":2048,"2048x2048-height":2048}},{"ID":58991,"id":58991,"title":"Sud 2025","filename":"Sud-2025.png","filesize":1125786,"url":"https:\/\/cdn.bymycar.eu\/fr-webzine\/wp-content\/uploads\/medias\/Sud-2025.png","link":"https:\/\/www.bymycar.fr\/webzine\/challenge-jeunes-quand-les-jeunes-collaborateurs-participent-au-developpement-du-groupe\/sud-2025\/","alt":"","author":"88","description":"","caption":"","name":"sud-2025","status":"inherit","uploaded_to":58964,"date":"2025-07-04 12:12:58","modified":"2025-07-04 12:13:49","menu_order":0,"mime_type":"image\/png","type":"image","subtype":"png","icon":"https:\/\/www.bymycar.fr\/webzine\/wp-includes\/images\/media\/default.png","width":1084,"height":1080,"sizes":{"thumbnail":"https:\/\/cdn.bymycar.eu\/fr-webzine\/wp-content\/uploads\/medias\/Sud-2025-150x150.png","thumbnail-width":150,"thumbnail-height":150,"medium":"https:\/\/cdn.bymycar.eu\/fr-webzine\/wp-content\/uploads\/medias\/Sud-2025-300x300.png","medium-width":300,"medium-height":300,"medium_large":"https:\/\/cdn.bymycar.eu\/fr-webzine\/wp-content\/uploads\/medias\/Sud-2025-768x765.png","medium_large-width":768,"medium_large-height":765,"large":"https:\/\/cdn.bymycar.eu\/fr-webzine\/wp-content\/uploads\/medias\/Sud-2025-1024x1020.png","large-width":1024,"large-height":1020,"1536x1536":"https:\/\/cdn.bymycar.eu\/fr-webzine\/wp-content\/uploads\/medias\/Sud-2025.png","1536x1536-width":1084,"1536x1536-height":1080,"2048x2048":"https:\/\/cdn.bymycar.eu\/fr-webzine\/wp-content\/uploads\/medias\/Sud-2025.png","2048x2048-width":1084,"2048x2048-height":1080}},{"ID":58977,"id":58977,"title":"Equipe Orl\u00e9ans (1)","filename":"Equipe-Orleans-1-scaled.jpg","filesize":778008,"url":"https:\/\/cdn.bymycar.eu\/fr-webzine\/wp-content\/uploads\/medias\/Equipe-Orleans-1-scaled.jpg","link":"https:\/\/www.bymycar.fr\/webzine\/challenge-jeunes-quand-les-jeunes-collaborateurs-participent-au-developpement-du-groupe\/equipe-orleans-1\/","alt":"","author":"88","description":"","caption":"","name":"equipe-orleans-1","status":"inherit","uploaded_to":58964,"date":"2025-07-03 13:48:05","modified":"2025-07-03 13:48:35","menu_order":0,"mime_type":"image\/jpeg","type":"image","subtype":"jpeg","icon":"https:\/\/www.bymycar.fr\/webzine\/wp-includes\/images\/media\/default.png","width":2560,"height":2560,"sizes":{"thumbnail":"https:\/\/cdn.bymycar.eu\/fr-webzine\/wp-content\/uploads\/medias\/Equipe-Orleans-1-150x150.jpg","thumbnail-width":150,"thumbnail-height":150,"medium":"https:\/\/cdn.bymycar.eu\/fr-webzine\/wp-content\/uploads\/medias\/Equipe-Orleans-1-300x300.jpg","medium-width":300,"medium-height":300,"medium_large":"https:\/\/cdn.bymycar.eu\/fr-webzine\/wp-content\/uploads\/medias\/Equipe-Orleans-1-768x768.jpg","medium_large-width":768,"medium_large-height":768,"large":"https:\/\/cdn.bymycar.eu\/fr-webzine\/wp-content\/uploads\/medias\/Equipe-Orleans-1-1024x1024.jpg","large-width":1024,"large-height":1024,"1536x1536":"https:\/\/cdn.bymycar.eu\/fr-webzine\/wp-content\/uploads\/medias\/Equipe-Orleans-1-1536x1536.jpg","1536x1536-width":1536,"1536x1536-height":1536,"2048x2048":"https:\/\/cdn.bymycar.eu\/fr-webzine\/wp-content\/uploads\/medias\/Equipe-Orleans-1-2048x2048.jpg","2048x2048-width":2048,"2048x2048-height":2048}}],"-title-2":""}},{"acf_fc_layout":"text-simple","--nav":{"-withNav":false,"-ancre":""},"--group":{"-text":"<p>Cette ann\u00e9e, 18 \u00e9quipes vont s&rsquo;affronter autour de la th\u00e9matique choisie par le comit\u00e9 de direction : <strong>L&rsquo;intelligence artificielle<\/strong>. Un sujet d\u2019actualit\u00e9 et qui touche de plus en plus les entreprises et les organisations.<\/p>\n<p>A la suite d&rsquo;une pr\u00e9sentation face \u00e0 un jury compos\u00e9 de 8 personnalit\u00e9s de l&rsquo;entreprise, ces derniers vont \u00e9tablir un podium afin d&rsquo;\u00e9lire les trois \u00e9quipes finalistes. Elles passeront devant les membres du CODIR \u00e0 Paris afin de d\u00e9terminer les grands gagnants de ce challenge.<\/p>\n<p>Cet \u00e9v\u00e9nement ludique et convivial est grandement appr\u00e9cier tant par les jeunes collaborateurs que par les membres du CODIR.<\/p>\n"}},{"acf_fc_layout":"images-mosaique-x4","--nav":{"-withNav":false,"-ancre":""},"--group":{"-title":"Retour sur les ann\u00e9es pr\u00e9c\u00e9dentes :","-images":[{"ID":58966,"id":58966,"title":"Groupe 1 IDF 2023","filename":"Groupe-1-IDF-2023-scaled.jpg","filesize":484439,"url":"https:\/\/cdn.bymycar.eu\/fr-webzine\/wp-content\/uploads\/medias\/Groupe-1-IDF-2023-scaled.jpg","link":"https:\/\/www.bymycar.fr\/webzine\/challenge-jeunes-quand-les-jeunes-collaborateurs-participent-au-developpement-du-groupe\/groupe-1-idf-2023\/","alt":"","author":"88","description":"","caption":"","name":"groupe-1-idf-2023","status":"inherit","uploaded_to":58964,"date":"2025-07-03 13:12:29","modified":"2025-07-03 13:13:23","menu_order":0,"mime_type":"image\/jpeg","type":"image","subtype":"jpeg","icon":"https:\/\/www.bymycar.fr\/webzine\/wp-includes\/images\/media\/default.png","width":2560,"height":1920,"sizes":{"thumbnail":"https:\/\/cdn.bymycar.eu\/fr-webzine\/wp-content\/uploads\/medias\/Groupe-1-IDF-2023-150x150.jpg","thumbnail-width":150,"thumbnail-height":150,"medium":"https:\/\/cdn.bymycar.eu\/fr-webzine\/wp-content\/uploads\/medias\/Groupe-1-IDF-2023-300x225.jpg","medium-width":300,"medium-height":225,"medium_large":"https:\/\/cdn.bymycar.eu\/fr-webzine\/wp-content\/uploads\/medias\/Groupe-1-IDF-2023-768x576.jpg","medium_large-width":768,"medium_large-height":576,"large":"https:\/\/cdn.bymycar.eu\/fr-webzine\/wp-content\/uploads\/medias\/Groupe-1-IDF-2023-1024x768.jpg","large-width":1024,"large-height":768,"1536x1536":"https:\/\/cdn.bymycar.eu\/fr-webzine\/wp-content\/uploads\/medias\/Groupe-1-IDF-2023-1536x1152.jpg","1536x1536-width":1536,"1536x1536-height":1152,"2048x2048":"https:\/\/cdn.bymycar.eu\/fr-webzine\/wp-content\/uploads\/medias\/Groupe-1-IDF-2023-2048x1536.jpg","2048x2048-width":2048,"2048x2048-height":1536}},{"ID":58968,"id":58968,"title":"IMG_20230629_151105","filename":"IMG_20230629_151105.jpg","filesize":152730,"url":"https:\/\/cdn.bymycar.eu\/fr-webzine\/wp-content\/uploads\/medias\/IMG_20230629_151105.jpg","link":"https:\/\/www.bymycar.fr\/webzine\/challenge-jeunes-quand-les-jeunes-collaborateurs-participent-au-developpement-du-groupe\/img_20230629_151105\/","alt":"","author":"88","description":"","caption":"","name":"img_20230629_151105","status":"inherit","uploaded_to":58964,"date":"2025-07-03 13:15:56","modified":"2025-07-03 14:04:18","menu_order":0,"mime_type":"image\/jpeg","type":"image","subtype":"jpeg","icon":"https:\/\/www.bymycar.fr\/webzine\/wp-includes\/images\/media\/default.png","width":800,"height":600,"sizes":{"thumbnail":"https:\/\/cdn.bymycar.eu\/fr-webzine\/wp-content\/uploads\/medias\/IMG_20230629_151105-150x150.jpg","thumbnail-width":150,"thumbnail-height":150,"medium":"https:\/\/cdn.bymycar.eu\/fr-webzine\/wp-content\/uploads\/medias\/IMG_20230629_151105-300x225.jpg","medium-width":300,"medium-height":225,"medium_large":"https:\/\/cdn.bymycar.eu\/fr-webzine\/wp-content\/uploads\/medias\/IMG_20230629_151105-768x576.jpg","medium_large-width":768,"medium_large-height":576,"large":"https:\/\/cdn.bymycar.eu\/fr-webzine\/wp-content\/uploads\/medias\/IMG_20230629_151105.jpg","large-width":800,"large-height":600,"1536x1536":"https:\/\/cdn.bymycar.eu\/fr-webzine\/wp-content\/uploads\/medias\/IMG_20230629_151105.jpg","1536x1536-width":800,"1536x1536-height":600,"2048x2048":"https:\/\/cdn.bymycar.eu\/fr-webzine\/wp-content\/uploads\/medias\/IMG_20230629_151105.jpg","2048x2048-width":800,"2048x2048-height":600}},{"ID":58989,"id":58989,"title":"CJ 2021","filename":"CJ-2021.png","filesize":2363416,"url":"https:\/\/cdn.bymycar.eu\/fr-webzine\/wp-content\/uploads\/medias\/CJ-2021.png","link":"https:\/\/www.bymycar.fr\/webzine\/challenge-jeunes-quand-les-jeunes-collaborateurs-participent-au-developpement-du-groupe\/cj-2021\/","alt":"","author":"88","description":"","caption":"","name":"cj-2021","status":"inherit","uploaded_to":58964,"date":"2025-07-04 12:10:38","modified":"2025-07-04 12:10:54","menu_order":0,"mime_type":"image\/png","type":"image","subtype":"png","icon":"https:\/\/www.bymycar.fr\/webzine\/wp-includes\/images\/media\/default.png","width":1451,"height":1080,"sizes":{"thumbnail":"https:\/\/cdn.bymycar.eu\/fr-webzine\/wp-content\/uploads\/medias\/CJ-2021-150x150.png","thumbnail-width":150,"thumbnail-height":150,"medium":"https:\/\/cdn.bymycar.eu\/fr-webzine\/wp-content\/uploads\/medias\/CJ-2021-300x223.png","medium-width":300,"medium-height":223,"medium_large":"https:\/\/cdn.bymycar.eu\/fr-webzine\/wp-content\/uploads\/medias\/CJ-2021-768x572.png","medium_large-width":768,"medium_large-height":572,"large":"https:\/\/cdn.bymycar.eu\/fr-webzine\/wp-content\/uploads\/medias\/CJ-2021-1024x762.png","large-width":1024,"large-height":762,"1536x1536":"https:\/\/cdn.bymycar.eu\/fr-webzine\/wp-content\/uploads\/medias\/CJ-2021.png","1536x1536-width":1451,"1536x1536-height":1080,"2048x2048":"https:\/\/cdn.bymycar.eu\/fr-webzine\/wp-content\/uploads\/medias\/CJ-2021.png","2048x2048-width":1451,"2048x2048-height":1080}},{"ID":58987,"id":58987,"title":"2021","filename":"2021.png","filesize":2434484,"url":"https:\/\/cdn.bymycar.eu\/fr-webzine\/wp-content\/uploads\/medias\/2021.png","link":"https:\/\/www.bymycar.fr\/webzine\/challenge-jeunes-quand-les-jeunes-collaborateurs-participent-au-developpement-du-groupe\/attachment\/2021\/","alt":"","author":"88","description":"","caption":"","name":"2021","status":"inherit","uploaded_to":58964,"date":"2025-07-04 12:07:04","modified":"2025-07-04 12:07:20","menu_order":0,"mime_type":"image\/png","type":"image","subtype":"png","icon":"https:\/\/www.bymycar.fr\/webzine\/wp-includes\/images\/media\/default.png","width":1437,"height":1080,"sizes":{"thumbnail":"https:\/\/cdn.bymycar.eu\/fr-webzine\/wp-content\/uploads\/medias\/2021-150x150.png","thumbnail-width":150,"thumbnail-height":150,"medium":"https:\/\/cdn.bymycar.eu\/fr-webzine\/wp-content\/uploads\/medias\/2021-300x225.png","medium-width":300,"medium-height":225,"medium_large":"https:\/\/cdn.bymycar.eu\/fr-webzine\/wp-content\/uploads\/medias\/2021-768x577.png","medium_large-width":768,"medium_large-height":577,"large":"https:\/\/cdn.bymycar.eu\/fr-webzine\/wp-content\/uploads\/medias\/2021-1024x770.png","large-width":1024,"large-height":770,"1536x1536":"https:\/\/cdn.bymycar.eu\/fr-webzine\/wp-content\/uploads\/medias\/2021.png","1536x1536-width":1437,"1536x1536-height":1080,"2048x2048":"https:\/\/cdn.bymycar.eu\/fr-webzine\/wp-content\/uploads\/medias\/2021.png","2048x2048-width":1437,"2048x2048-height":1080}}],"-title-2":""}},{"acf_fc_layout":"text-simple","--nav":{"-withNav":false,"-ancre":""},"--group":{"-text":"<p>En 2021, 7 \u00e9quipes se sont affront\u00e9es autour d&rsquo;une th\u00e9matique RH au choix, en lien avec la probl\u00e9matique suivante : Comment contribuer \u00e0 la politique RH de BYmyCAR (communication, fid\u00e9lisation, adh\u00e9sion, talent management, int\u00e9gration, \u00e9volution&#8230;).<\/p>\n<p>En 2023, 13 \u00e9quipes ont concouru autour d&rsquo;une probl\u00e9matique en lien avec une entreprise associ\u00e9e : Quelles offres\/services de mobilit\u00e9 innovantes En Voiture Simone peut d\u00e9velopper pour les jeunes ?<\/p>\n"}}]},"add-carousel-to-footer":true},"yoast_head":"<!-- This site is optimized with the Yoast SEO Premium plugin v26.4 (Yoast SEO v26.4) - https:\/\/yoast.com\/wordpress\/plugins\/seo\/ -->\n<title>Challenge Jeunes : Quand les jeunes collaborateurs participent au d\u00e9veloppement du groupe<\/title>\n<meta name=\"description\" content=\"BYmyCAR a imagin\u00e9 un programme unique afin de laisser l\u2019opportunit\u00e9 \u00e0 nos jeunes collaborateurs de s\u2019exprimer et de partager leur id\u00e9e autour des enjeux strat\u00e9giques du groupe.\" \/>\n<meta name=\"robots\" content=\"index, follow, max-snippet:-1, max-image-preview:large, max-video-preview:-1\" \/>\n<link rel=\"canonical\" href=\"https:\/\/www.bymycar.fr\/webzine\/challenge-jeunes-quand-les-jeunes-collaborateurs-participent-au-developpement-du-groupe\/\" \/>\n<meta property=\"og:locale\" content=\"fr_FR\" \/>\n<meta property=\"og:type\" content=\"article\" \/>\n<meta property=\"og:title\" content=\"Challenge Jeunes : Quand les jeunes collaborateurs participent au d\u00e9veloppement du groupe\" \/>\n<meta property=\"og:description\" content=\"BYmyCAR a imagin\u00e9 un programme unique afin de laisser l\u2019opportunit\u00e9 \u00e0 nos jeunes collaborateurs de s\u2019exprimer et de partager leur id\u00e9e autour des enjeux strat\u00e9giques du groupe.\" \/>\n<meta property=\"og:url\" content=\"https:\/\/www.bymycar.fr\/webzine\/challenge-jeunes-quand-les-jeunes-collaborateurs-participent-au-developpement-du-groupe\/\" \/>\n<meta property=\"og:site_name\" content=\"Webzine auto BYmyCAR\" \/>\n<meta property=\"article:published_time\" content=\"2025-07-07T12:59:16+00:00\" \/>\n<meta property=\"article:modified_time\" content=\"2025-07-07T13:03:03+00:00\" \/>\n<meta property=\"og:image\" content=\"https:\/\/cdn.bymycar.eu\/fr-webzine\/wp-content\/uploads\/medias\/Fonds-Teams-1024x679.png\" \/>\n\t<meta property=\"og:image:width\" content=\"1024\" \/>\n\t<meta property=\"og:image:height\" content=\"679\" \/>\n\t<meta property=\"og:image:type\" content=\"image\/png\" \/>\n<meta name=\"author\" content=\"La R\u00e9daction BYmyCAR\" \/>\n<meta name=\"twitter:card\" content=\"summary_large_image\" \/>\n<meta name=\"twitter:label1\" content=\"\u00c9crit par\" \/>\n\t<meta name=\"twitter:data1\" content=\"La R\u00e9daction BYmyCAR\" \/>\n\t<meta name=\"twitter:label2\" content=\"Dur\u00e9e de lecture estim\u00e9e\" \/>\n\t<meta name=\"twitter:data2\" content=\"1 minute\" \/>\n<script type=\"application\/ld+json\" class=\"yoast-schema-graph\">{\"@context\":\"https:\/\/schema.org\",\"@graph\":[{\"@type\":\"Article\",\"@id\":\"https:\/\/www.bymycar.fr\/webzine\/challenge-jeunes-quand-les-jeunes-collaborateurs-participent-au-developpement-du-groupe\/#article\",\"isPartOf\":{\"@id\":\"https:\/\/www.bymycar.fr\/webzine\/challenge-jeunes-quand-les-jeunes-collaborateurs-participent-au-developpement-du-groupe\/\"},\"author\":{\"name\":\"La R\u00e9daction BYmyCAR\",\"@id\":\"https:\/\/www.bymycar.fr\/webzine\/#\/schema\/person\/8d570fe11eb8929f06c1e6d00f4d9689\"},\"headline\":\"Challenge Jeunes : Quand les jeunes collaborateurs participent au d\u00e9veloppement du groupe\",\"datePublished\":\"2025-07-07T12:59:16+00:00\",\"dateModified\":\"2025-07-07T13:03:03+00:00\",\"mainEntityOfPage\":{\"@id\":\"https:\/\/www.bymycar.fr\/webzine\/challenge-jeunes-quand-les-jeunes-collaborateurs-participent-au-developpement-du-groupe\/\"},\"wordCount\":12,\"publisher\":{\"@id\":\"https:\/\/www.bymycar.fr\/webzine\/#organization\"},\"image\":{\"@id\":\"https:\/\/www.bymycar.fr\/webzine\/challenge-jeunes-quand-les-jeunes-collaborateurs-participent-au-developpement-du-groupe\/#primaryimage\"},\"thumbnailUrl\":\"https:\/\/cdn.bymycar.eu\/fr-webzine\/wp-content\/uploads\/medias\/Fonds-Teams.png\",\"articleSection\":[\"Actus RH BYmyCAR\",\"Ressources humaines\"],\"inLanguage\":\"fr-FR\"},{\"@type\":\"WebPage\",\"@id\":\"https:\/\/www.bymycar.fr\/webzine\/challenge-jeunes-quand-les-jeunes-collaborateurs-participent-au-developpement-du-groupe\/\",\"url\":\"https:\/\/www.bymycar.fr\/webzine\/challenge-jeunes-quand-les-jeunes-collaborateurs-participent-au-developpement-du-groupe\/\",\"name\":\"Challenge Jeunes : Quand les jeunes collaborateurs participent au d\u00e9veloppement du groupe\",\"isPartOf\":{\"@id\":\"https:\/\/www.bymycar.fr\/webzine\/#website\"},\"primaryImageOfPage\":{\"@id\":\"https:\/\/www.bymycar.fr\/webzine\/challenge-jeunes-quand-les-jeunes-collaborateurs-participent-au-developpement-du-groupe\/#primaryimage\"},\"image\":{\"@id\":\"https:\/\/www.bymycar.fr\/webzine\/challenge-jeunes-quand-les-jeunes-collaborateurs-participent-au-developpement-du-groupe\/#primaryimage\"},\"thumbnailUrl\":\"https:\/\/cdn.bymycar.eu\/fr-webzine\/wp-content\/uploads\/medias\/Fonds-Teams.png\",\"datePublished\":\"2025-07-07T12:59:16+00:00\",\"dateModified\":\"2025-07-07T13:03:03+00:00\",\"description\":\"BYmyCAR a imagin\u00e9 un programme unique afin de laisser l\u2019opportunit\u00e9 \u00e0 nos jeunes collaborateurs de s\u2019exprimer et de partager leur id\u00e9e autour des enjeux strat\u00e9giques du groupe.\",\"breadcrumb\":{\"@id\":\"https:\/\/www.bymycar.fr\/webzine\/challenge-jeunes-quand-les-jeunes-collaborateurs-participent-au-developpement-du-groupe\/#breadcrumb\"},\"inLanguage\":\"fr-FR\",\"potentialAction\":[{\"@type\":\"ReadAction\",\"target\":[\"https:\/\/www.bymycar.fr\/webzine\/challenge-jeunes-quand-les-jeunes-collaborateurs-participent-au-developpement-du-groupe\/\"]}]},{\"@type\":\"ImageObject\",\"inLanguage\":\"fr-FR\",\"@id\":\"https:\/\/www.bymycar.fr\/webzine\/challenge-jeunes-quand-les-jeunes-collaborateurs-participent-au-developpement-du-groupe\/#primaryimage\",\"url\":\"https:\/\/cdn.bymycar.eu\/fr-webzine\/wp-content\/uploads\/medias\/Fonds-Teams.png\",\"contentUrl\":\"https:\/\/cdn.bymycar.eu\/fr-webzine\/wp-content\/uploads\/medias\/Fonds-Teams.png\",\"width\":1628,\"height\":1080},{\"@type\":\"BreadcrumbList\",\"@id\":\"https:\/\/www.bymycar.fr\/webzine\/challenge-jeunes-quand-les-jeunes-collaborateurs-participent-au-developpement-du-groupe\/#breadcrumb\",\"itemListElement\":[{\"@type\":\"ListItem\",\"position\":1,\"name\":\"Accueil\",\"item\":\"https:\/\/www.bymycar.fr\/webzine\/\"},{\"@type\":\"ListItem\",\"position\":2,\"name\":\"Challenge Jeunes : Quand les jeunes collaborateurs participent au d\u00e9veloppement du groupe\"}]},{\"@type\":\"WebSite\",\"@id\":\"https:\/\/www.bymycar.fr\/webzine\/#website\",\"url\":\"https:\/\/www.bymycar.fr\/webzine\/\",\"name\":\"Webzine auto BYmyCAR\",\"description\":\"La magazine auto de BYmyCAR\",\"publisher\":{\"@id\":\"https:\/\/www.bymycar.fr\/webzine\/#organization\"},\"potentialAction\":[{\"@type\":\"SearchAction\",\"target\":{\"@type\":\"EntryPoint\",\"urlTemplate\":\"https:\/\/www.bymycar.fr\/webzine\/?s={search_term_string}\"},\"query-input\":{\"@type\":\"PropertyValueSpecification\",\"valueRequired\":true,\"valueName\":\"search_term_string\"}}],\"inLanguage\":\"fr-FR\"},{\"@type\":\"Organization\",\"@id\":\"https:\/\/www.bymycar.fr\/webzine\/#organization\",\"name\":\"BYmyCAR\",\"url\":\"https:\/\/www.bymycar.fr\/webzine\/\",\"logo\":{\"@type\":\"ImageObject\",\"inLanguage\":\"fr-FR\",\"@id\":\"https:\/\/www.bymycar.fr\/webzine\/#\/schema\/logo\/image\/\",\"url\":\"https:\/\/cdn.bymycar.eu\/fr-webzine\/wp-content\/uploads\/medias\/2017\/08\/logo_DEALER_00000406_001.png\",\"contentUrl\":\"https:\/\/cdn.bymycar.eu\/fr-webzine\/wp-content\/uploads\/medias\/2017\/08\/logo_DEALER_00000406_001.png\",\"width\":2132,\"height\":720,\"caption\":\"BYmyCAR\"},\"image\":{\"@id\":\"https:\/\/www.bymycar.fr\/webzine\/#\/schema\/logo\/image\/\"}},{\"@type\":\"Person\",\"@id\":\"https:\/\/www.bymycar.fr\/webzine\/#\/schema\/person\/8d570fe11eb8929f06c1e6d00f4d9689\",\"name\":\"La R\u00e9daction BYmyCAR\",\"image\":{\"@type\":\"ImageObject\",\"inLanguage\":\"fr-FR\",\"@id\":\"https:\/\/www.bymycar.fr\/webzine\/#\/schema\/person\/image\/\",\"url\":\"https:\/\/secure.gravatar.com\/avatar\/1aa6b039d0ce106989923af4e2d0f2a0c82bb070d5e449f1b9adf082a5863900?s=96&d=mm&r=g\",\"contentUrl\":\"https:\/\/secure.gravatar.com\/avatar\/1aa6b039d0ce106989923af4e2d0f2a0c82bb070d5e449f1b9adf082a5863900?s=96&d=mm&r=g\",\"caption\":\"La R\u00e9daction BYmyCAR\"},\"sameAs\":[\"https:\/\/www.bymycar.fr\/\"]}]}<\/script>\n<!-- \/ Yoast SEO Premium plugin. -->","yoast_head_json":{"title":"Challenge Jeunes : Quand les jeunes collaborateurs participent au d\u00e9veloppement du groupe","description":"BYmyCAR a imagin\u00e9 un programme unique afin de laisser l\u2019opportunit\u00e9 \u00e0 nos jeunes collaborateurs de s\u2019exprimer et de partager leur id\u00e9e autour des enjeux strat\u00e9giques du groupe.","robots":{"index":"index","follow":"follow","max-snippet":"max-snippet:-1","max-image-preview":"max-image-preview:large","max-video-preview":"max-video-preview:-1"},"canonical":"https:\/\/www.bymycar.fr\/webzine\/challenge-jeunes-quand-les-jeunes-collaborateurs-participent-au-developpement-du-groupe\/","og_locale":"fr_FR","og_type":"article","og_title":"Challenge Jeunes : Quand les jeunes collaborateurs participent au d\u00e9veloppement du groupe","og_description":"BYmyCAR a imagin\u00e9 un programme unique afin de laisser l\u2019opportunit\u00e9 \u00e0 nos jeunes collaborateurs de s\u2019exprimer et de partager leur id\u00e9e autour des enjeux strat\u00e9giques du groupe.","og_url":"https:\/\/www.bymycar.fr\/webzine\/challenge-jeunes-quand-les-jeunes-collaborateurs-participent-au-developpement-du-groupe\/","og_site_name":"Webzine auto BYmyCAR","article_published_time":"2025-07-07T12:59:16+00:00","article_modified_time":"2025-07-07T13:03:03+00:00","og_image":[{"width":1024,"height":679,"url":"https:\/\/cdn.bymycar.eu\/fr-webzine\/wp-content\/uploads\/medias\/Fonds-Teams-1024x679.png","type":"image\/png"}],"author":"La R\u00e9daction BYmyCAR","twitter_card":"summary_large_image","twitter_misc":{"\u00c9crit par":"La R\u00e9daction BYmyCAR","Dur\u00e9e de lecture estim\u00e9e":"1 minute"},"schema":{"@context":"https:\/\/schema.org","@graph":[{"@type":"Article","@id":"https:\/\/www.bymycar.fr\/webzine\/challenge-jeunes-quand-les-jeunes-collaborateurs-participent-au-developpement-du-groupe\/#article","isPartOf":{"@id":"https:\/\/www.bymycar.fr\/webzine\/challenge-jeunes-quand-les-jeunes-collaborateurs-participent-au-developpement-du-groupe\/"},"author":{"name":"La R\u00e9daction BYmyCAR","@id":"https:\/\/www.bymycar.fr\/webzine\/#\/schema\/person\/8d570fe11eb8929f06c1e6d00f4d9689"},"headline":"Challenge Jeunes : Quand les jeunes collaborateurs participent au d\u00e9veloppement du groupe","datePublished":"2025-07-07T12:59:16+00:00","dateModified":"2025-07-07T13:03:03+00:00","mainEntityOfPage":{"@id":"https:\/\/www.bymycar.fr\/webzine\/challenge-jeunes-quand-les-jeunes-collaborateurs-participent-au-developpement-du-groupe\/"},"wordCount":12,"publisher":{"@id":"https:\/\/www.bymycar.fr\/webzine\/#organization"},"image":{"@id":"https:\/\/www.bymycar.fr\/webzine\/challenge-jeunes-quand-les-jeunes-collaborateurs-participent-au-developpement-du-groupe\/#primaryimage"},"thumbnailUrl":"https:\/\/cdn.bymycar.eu\/fr-webzine\/wp-content\/uploads\/medias\/Fonds-Teams.png","articleSection":["Actus RH BYmyCAR","Ressources humaines"],"inLanguage":"fr-FR"},{"@type":"WebPage","@id":"https:\/\/www.bymycar.fr\/webzine\/challenge-jeunes-quand-les-jeunes-collaborateurs-participent-au-developpement-du-groupe\/","url":"https:\/\/www.bymycar.fr\/webzine\/challenge-jeunes-quand-les-jeunes-collaborateurs-participent-au-developpement-du-groupe\/","name":"Challenge Jeunes : Quand les jeunes collaborateurs participent au d\u00e9veloppement du groupe","isPartOf":{"@id":"https:\/\/www.bymycar.fr\/webzine\/#website"},"primaryImageOfPage":{"@id":"https:\/\/www.bymycar.fr\/webzine\/challenge-jeunes-quand-les-jeunes-collaborateurs-participent-au-developpement-du-groupe\/#primaryimage"},"image":{"@id":"https:\/\/www.bymycar.fr\/webzine\/challenge-jeunes-quand-les-jeunes-collaborateurs-participent-au-developpement-du-groupe\/#primaryimage"},"thumbnailUrl":"https:\/\/cdn.bymycar.eu\/fr-webzine\/wp-content\/uploads\/medias\/Fonds-Teams.png","datePublished":"2025-07-07T12:59:16+00:00","dateModified":"2025-07-07T13:03:03+00:00","description":"BYmyCAR a imagin\u00e9 un programme unique afin de laisser l\u2019opportunit\u00e9 \u00e0 nos jeunes collaborateurs de s\u2019exprimer et de partager leur id\u00e9e autour des enjeux strat\u00e9giques du groupe.","breadcrumb":{"@id":"https:\/\/www.bymycar.fr\/webzine\/challenge-jeunes-quand-les-jeunes-collaborateurs-participent-au-developpement-du-groupe\/#breadcrumb"},"inLanguage":"fr-FR","potentialAction":[{"@type":"ReadAction","target":["https:\/\/www.bymycar.fr\/webzine\/challenge-jeunes-quand-les-jeunes-collaborateurs-participent-au-developpement-du-groupe\/"]}]},{"@type":"ImageObject","inLanguage":"fr-FR","@id":"https:\/\/www.bymycar.fr\/webzine\/challenge-jeunes-quand-les-jeunes-collaborateurs-participent-au-developpement-du-groupe\/#primaryimage","url":"https:\/\/cdn.bymycar.eu\/fr-webzine\/wp-content\/uploads\/medias\/Fonds-Teams.png","contentUrl":"https:\/\/cdn.bymycar.eu\/fr-webzine\/wp-content\/uploads\/medias\/Fonds-Teams.png","width":1628,"height":1080},{"@type":"BreadcrumbList","@id":"https:\/\/www.bymycar.fr\/webzine\/challenge-jeunes-quand-les-jeunes-collaborateurs-participent-au-developpement-du-groupe\/#breadcrumb","itemListElement":[{"@type":"ListItem","position":1,"name":"Accueil","item":"https:\/\/www.bymycar.fr\/webzine\/"},{"@type":"ListItem","position":2,"name":"Challenge Jeunes : Quand les jeunes collaborateurs participent au d\u00e9veloppement du groupe"}]},{"@type":"WebSite","@id":"https:\/\/www.bymycar.fr\/webzine\/#website","url":"https:\/\/www.bymycar.fr\/webzine\/","name":"Webzine auto BYmyCAR","description":"La magazine auto de BYmyCAR","publisher":{"@id":"https:\/\/www.bymycar.fr\/webzine\/#organization"},"potentialAction":[{"@type":"SearchAction","target":{"@type":"EntryPoint","urlTemplate":"https:\/\/www.bymycar.fr\/webzine\/?s={search_term_string}"},"query-input":{"@type":"PropertyValueSpecification","valueRequired":true,"valueName":"search_term_string"}}],"inLanguage":"fr-FR"},{"@type":"Organization","@id":"https:\/\/www.bymycar.fr\/webzine\/#organization","name":"BYmyCAR","url":"https:\/\/www.bymycar.fr\/webzine\/","logo":{"@type":"ImageObject","inLanguage":"fr-FR","@id":"https:\/\/www.bymycar.fr\/webzine\/#\/schema\/logo\/image\/","url":"https:\/\/cdn.bymycar.eu\/fr-webzine\/wp-content\/uploads\/medias\/2017\/08\/logo_DEALER_00000406_001.png","contentUrl":"https:\/\/cdn.bymycar.eu\/fr-webzine\/wp-content\/uploads\/medias\/2017\/08\/logo_DEALER_00000406_001.png","width":2132,"height":720,"caption":"BYmyCAR"},"image":{"@id":"https:\/\/www.bymycar.fr\/webzine\/#\/schema\/logo\/image\/"}},{"@type":"Person","@id":"https:\/\/www.bymycar.fr\/webzine\/#\/schema\/person\/8d570fe11eb8929f06c1e6d00f4d9689","name":"La R\u00e9daction BYmyCAR","image":{"@type":"ImageObject","inLanguage":"fr-FR","@id":"https:\/\/www.bymycar.fr\/webzine\/#\/schema\/person\/image\/","url":"https:\/\/secure.gravatar.com\/avatar\/1aa6b039d0ce106989923af4e2d0f2a0c82bb070d5e449f1b9adf082a5863900?s=96&d=mm&r=g","contentUrl":"https:\/\/secure.gravatar.com\/avatar\/1aa6b039d0ce106989923af4e2d0f2a0c82bb070d5e449f1b9adf082a5863900?s=96&d=mm&r=g","caption":"La R\u00e9daction BYmyCAR"},"sameAs":["https:\/\/www.bymycar.fr\/"]}]}},"_links":{"self":[{"href":"https:\/\/www.bymycar.fr\/webzine\/wp-json\/wp\/v2\/posts\/58964","targetHints":{"allow":["GET"]}}],"collection":[{"href":"https:\/\/www.bymycar.fr\/webzine\/wp-json\/wp\/v2\/posts"}],"about":[{"href":"https:\/\/www.bymycar.fr\/webzine\/wp-json\/wp\/v2\/types\/post"}],"author":[{"embeddable":true,"href":"https:\/\/www.bymycar.fr\/webzine\/wp-json\/wp\/v2\/users\/88"}],"replies":[{"embeddable":true,"href":"https:\/\/www.bymycar.fr\/webzine\/wp-json\/wp\/v2\/comments?post=58964"}],"version-history":[{"count":21,"href":"https:\/\/www.bymycar.fr\/webzine\/wp-json\/wp\/v2\/posts\/58964\/revisions"}],"predecessor-version":[{"id":59013,"href":"https:\/\/www.bymycar.fr\/webzine\/wp-json\/wp\/v2\/posts\/58964\/revisions\/59013"}],"wp:featuredmedia":[{"embeddable":true,"href":"https:\/\/www.bymycar.fr\/webzine\/wp-json\/wp\/v2\/media\/58975"}],"wp:attachment":[{"href":"https:\/\/www.bymycar.fr\/webzine\/wp-json\/wp\/v2\/media?parent=58964"}],"wp:term":[{"taxonomy":"category","embeddable":true,"href":"https:\/\/www.bymycar.fr\/webzine\/wp-json\/wp\/v2\/categories?post=58964"},{"taxonomy":"post_tag","embeddable":true,"href":"https:\/\/www.bymycar.fr\/webzine\/wp-json\/wp\/v2\/tags?post=58964"}],"curies":[{"name":"wp","href":"https:\/\/api.w.org\/{rel}","templated":true}]}}