{"id":58045,"date":"2025-05-19T15:44:33","date_gmt":"2025-05-19T13:44:33","guid":{"rendered":"https:\/\/prod.bymycar.fr\/webzine\/?p=58045"},"modified":"2025-09-09T10:14:53","modified_gmt":"2025-09-09T08:14:53","slug":"quels-sont-les-meilleurs-vans-a-acheter-en-2025","status":"publish","type":"post","link":"https:\/\/www.bymycar.fr\/webzine\/quels-sont-les-meilleurs-vans-a-acheter-en-2025\/","title":{"rendered":"Quels sont les meilleurs vans \u00e0 acheter en 2025 ?"},"content":{"rendered":"","protected":false},"excerpt":{"rendered":"","protected":false},"author":88,"featured_media":58090,"comment_status":"closed","ping_status":"open","sticky":false,"template":"","format":"standard","meta":{"_acf_changed":false,"footnotes":""},"categories":[13],"tags":[],"class_list":["post-58045","post","type-post","status-publish","format-standard","has-post-thumbnail","hentry","category-achat-location-et-vente"],"acf":{"template":"classique","introduction":"<p>En 2025, le march\u00e9 des vans conna\u00eet une v\u00e9ritable r\u00e9volution. L&rsquo;\u00e9lectrification massive des gammes, les nouvelles technologies embarqu\u00e9es et la diversification des usages transforment profond\u00e9ment ce segment automobile. Des v\u00e9hicules toujours plus polyvalents qui s&rsquo;adaptent aussi bien aux besoins professionnels que familiaux.\u00a0Choisir le van id\u00e9al n\u00e9cessite une analyse approfondie des diff\u00e9rentes propositions. Les constructeurs europ\u00e9ens rivalisent d&rsquo;innovations pour proposer des mod\u00e8les alliant praticit\u00e9, confort et performances. Motorisation thermique, hybride ou 100% \u00e9lectrique ? Configuration 5, 7 ou 9 places ? Usage professionnel ou familial ? Notre guide 2025 fait le point sur les crit\u00e8res essentiels pour s\u00e9lectionner le van qui correspond pr\u00e9cis\u00e9ment \u00e0 vos besoins, avec un focus particulier sur les derni\u00e8res nouveaut\u00e9s des constructeurs majeurs du march\u00e9.<\/p>\n<p>&nbsp;<\/p>\n<p>&nbsp;<\/p>\n<p style=\"text-align: center;\"><a href=\"https:\/\/www.bymycar.fr\/v\/utilitaire-occasion\" target=\"_blank\" class=\"css-button css-button--gold\" >\n                Tous nos vans disponibles en occasion\n        <\/a><\/p>\n<p>&nbsp;<\/p>\n<p>&nbsp;<\/p>\n","strates":[{"type_strate":"texte-simple","ancre":"","contenu":"<h2>Renault Trafic Van : le plus polyvalent<\/h2>\n<p>R\u00e9f\u00e9rence incontournable du segment, le <a href=\"https:\/\/www.bymycar.fr\/v\/renault-trafic\">Renault Trafic<\/a> Van 2025 se distingue par sa modularit\u00e9 exceptionnelle. Les Renault Trafic Van sont disponibles avec jusqu&rsquo;\u00e0 <strong>8,9 m\u00b3<\/strong> de volume utile dans sa version L2H2.\u00a0La nouvelle version propose un bureau mobile gr\u00e2ce au si\u00e8ge central transformable et <strong>88 L<\/strong> de rangements astucieux. Le syst\u00e8me multim\u00e9dia Easy Link avec \u00e9cran <strong>10,4&Prime;<\/strong> rend la vie \u00e0 bord plus connect\u00e9e, tandis que les <strong>10 aides<\/strong> \u00e0 la conduite, dont l&rsquo;avertisseur d&rsquo;angle mort, renforcent la s\u00e9curit\u00e9.\u00a0Disponible en <strong>2 longueurs<\/strong> et <strong>2 hauteurs<\/strong>, le Trafic Van s&rsquo;adapte \u00e0 tous les m\u00e9tiers. Son moteur Blue dCi <strong>110 ch<\/strong> affiche une sobri\u00e9t\u00e9 remarquable avec <strong>5,8 L\/100 km<\/strong> en cycle mixte. Un nouveau toit relevable permet m\u00eame sa transformation en v\u00e9hicule de loisirs.<\/p>\n<p>&nbsp;<\/p>\n<h2>Volkswagen Multivan : luxe et confort maximal<\/h2>\n<p>Star des vans premium en 2025, le Volkswagen Multivan se r\u00e9invente avec sa motorisation hybride rechargeable <strong>245 ch<\/strong> coupl\u00e9e \u00e0 une transmission int\u00e9grale. Son habitacle modulable accueille <strong>7 places<\/strong> sur rails avec si\u00e8ges pivotants, tandis que l&rsquo;\u00e9cran central tactile de <strong>10,4&Prime;<\/strong> pilote toutes les fonctions connect\u00e9es.\u00a0Profitez de leur finition exclusive Style int\u00e9grant toit panoramique Solarbay et projecteurs IQ.Light Matrix LED. L&#8217;empattement de\u00a0<strong>3,12 m<\/strong> garantit un espace g\u00e9n\u00e9reux, renforc\u00e9 par une version longue \u00e0 <strong>5,17 m<\/strong>.\u00a0Le syst\u00e8me hybride associe un moteur essence 1.5 TSI \u00e0 un bloc \u00e9lectrique pour une autonomie combin\u00e9e de <strong>50 km<\/strong> en mode z\u00e9ro \u00e9mission. La climatisation tri-zone et la suspension pilot\u00e9e assurent un confort premium digne des berlines haut de gamme.<\/p>\n<p>&nbsp;<\/p>\n<h2>Ford Transit Custom : l&rsquo;utilitaire \u00e9lectrique innovant<\/h2>\n<p>Le nouveau <a href=\"https:\/\/www.bymycar.fr\/v\/ford-transit\">Ford Transit<\/a> Custom r\u00e9volutionne le segment avec sa motorisation <strong>100% \u00e9lectrique<\/strong> offrant <strong>337 km<\/strong> d&rsquo;autonomie. Sa batterie de <strong>74 kWh<\/strong> alimente deux versions : <strong>135 ch<\/strong> ou <strong>217 ch<\/strong>, avec un couple g\u00e9n\u00e9reux de <strong>415 Nm<\/strong>.\u00a0Les Ford Transit Custom \u00e9lectriques sont \u00e9quip\u00e9es du syst\u00e8me Pro Power Onboard de\u00a0<strong>2,3 kW<\/strong>, permettant d&rsquo;alimenter des outils \u00e9lectriques directement depuis le fourgon. L&rsquo;\u00e9cran central <strong>SYNC 4<\/strong> de <strong>13 pouces<\/strong> int\u00e8gre une navigation sp\u00e9cifique pour optimiser l&rsquo;autonomie.\u00a0La recharge rapide en courant continu autorise une r\u00e9cup\u00e9ration de <strong>80%<\/strong> en moins de 40 minutes. Le volume utile atteint <strong>6,8 m\u00b3<\/strong> et la charge maximale <strong>1 327 kg<\/strong>, des valeurs identiques \u00e0 la version thermique.<\/p>\n<p>&nbsp;<\/p>\n<h2>Mercedes Vito (2025) : l&rsquo;excellence premium<\/h2>\n<p>Le <a href=\"https:\/\/www.bymycar.fr\/v\/mercedes-vito\">Mercedes Vito<\/a> 2025 d\u00e9montre sa ma\u00eetrise technologique avec son nouveau syst\u00e8me MBUX et ses phares MULTIBEAM LED adaptatifs. Sa gamme propose trois longueurs de caisse, garantissant un volume de chargement g\u00e9n\u00e9reux jusqu&rsquo;\u00e0 <strong>6,6 m\u00b3<\/strong> en version Extra-Long.\u00a0Les Mercedes Vito en stock sont \u00e9quip\u00e9s du moteur diesel OM654 de\u00a0<strong>1 950 cm\u00b3<\/strong>, disponible en versions <strong>116 ch<\/strong> et <strong>163 ch<\/strong> avec transmission int\u00e9grale 4MATIC en option. La nouvelle bo\u00eete automatique <strong>9G-TRONIC<\/strong> optimise la consommation \u00e0 <strong>5,8 L\/100 km<\/strong> en cycle mixte.\u00a0Le pack technologique Pro int\u00e8gre d\u00e9sormais <strong>10 syst\u00e8mes<\/strong> d&rsquo;aide \u00e0 la conduite, dont la surveillance d&rsquo;angle mort active et le freinage d&rsquo;urgence autonome. La suspension pneumatique adaptative AIRMATIC, une premi\u00e8re sur le segment, assure un confort premium in\u00e9dit.<\/p>\n<p>&nbsp;<\/p>\n<h2>Peugeot e-Expert : le fourgon am\u00e9nag\u00e9 branch\u00e9<\/h2>\n<p>L&rsquo;e-Expert 2025 marque une r\u00e9volution avec sa motorisation \u00e9lectrique de <strong>136 ch<\/strong> et son autonomie \u00e9tendue \u00e0 <strong>350 km<\/strong>. Sa batterie de <strong>75 kWh<\/strong> se recharge \u00e0 <strong>80%<\/strong> en seulement 45 minutes sur borne rapide, permettant une exploitation intensive sans compromis.\u00a0L&rsquo;e-Expert \u00e9lectrique est\u00a0disponible en <strong>3 longueurs<\/strong> de <strong>4,60<\/strong> \u00e0 <strong>5,30 m<\/strong> pour un volume utile maximal de <strong>6,6 m\u00b3<\/strong>. Son habitacle professionnel int\u00e8gre un \u00e9cran tactile de <strong>10 pouces<\/strong> avec navigation connect\u00e9e et <strong>6 places carte grise<\/strong> en version cabine approfondie.\u00a0La technologie e-Expert Connect propose une gestion \u00e0 distance via E-mail des donn\u00e9es du v\u00e9hicule, tandis que les am\u00e9nagements Hanroad et Cls-1 transforment ce van \u00e9lectrique en v\u00e9ritable atelier mobile avec \u00e9tabli et ressources en eau int\u00e9gr\u00e9s.<\/p>\n<p>&nbsp;<\/p>\n<h2>Fiat Ducato (2025) : le meilleur rapport qualit\u00e9-prix<\/h2>\n<p>Accessible d\u00e8s <strong>32 600 \u20ac*<\/strong>, le <a href=\"https:\/\/www.bymycar.fr\/v\/fiat-ducato\">Fiat Ducato<\/a> 2025 impressionne par son rapport qualit\u00e9-prix imbattable. Sa motorisation <strong>Multijet 140 ch<\/strong> associ\u00e9e \u00e0 la nouvelle bo\u00eete automatique AT8 offre souplesse et \u00e9conomie, avec une consommation mixte de <strong>6,8 L\/100 km<\/strong>.\u00a0Les Fiat Ducato professionnels sont dot\u00e9s d&rsquo;une capacit\u00e9 de chargement maximale de\u00a0<strong>17 m\u00b3<\/strong> et d&rsquo;une charge utile atteignant <strong>2 tonnes<\/strong>. Le syst\u00e8me de conduite autonome niveau 2 int\u00e8gre <strong>10 assistances<\/strong> dont le freinage d&rsquo;urgence et le maintien de voie actif.\u00a0L&rsquo;habitacle modernis\u00e9 accueille un \u00e9cran tactile de <strong>10 pouces<\/strong> compatible Apple CarPlay et Android Auto, tandis que la nouvelle calandre couleur carrosserie renforce son style professionnel. Sa modularit\u00e9 record propose <strong>8 configurations<\/strong> de carrosserie entre les 4 longueurs et 3 hauteurs disponibles.<\/p>\n<p>&nbsp;<\/p>\n<h2>BMW i5 Touring : le van familial haut de gamme<\/h2>\n<p>La BMW i5 Touring r\u00e9volutionne le segment des vans familiaux premium avec sa motorisation <strong>100% \u00e9lectrique<\/strong> d\u00e9veloppant <strong>340 ch<\/strong> en version eDrive40. Son immense coffre modulable offre un volume g\u00e9n\u00e9reux de <strong>570 \u00e0 1 700 litres<\/strong>, id\u00e9al pour les familles exigeantes.\u00a0Les BMW i5 Touring \u00e9lectriques sont \u00e9quip\u00e9s d&rsquo;une batterie haute capacit\u00e9 de\u00a0<strong>83,9 kWh<\/strong>, autorisant une autonomie exceptionnelle jusqu&rsquo;\u00e0 <strong>560 km<\/strong>. La recharge rapide <strong>205 kW<\/strong> permet de r\u00e9cup\u00e9rer <strong>80%<\/strong> d&rsquo;autonomie en seulement 30 minutes.\u00a0Le confort \u00e0 bord atteint des sommets gr\u00e2ce au BMW Curved Display combinant un \u00e9cran conducteur de <strong>12,3 pouces<\/strong> et une dalle tactile centrale de <strong>14,9 pouces<\/strong>. La suspension adaptative et les quatre roues directrices assurent une agilit\u00e9 remarquable malgr\u00e9 le gabarit imposant de <strong>5,06 m\u00e8tres<\/strong>.<\/p>\n<p>&nbsp;<\/p>\n<h2>Opel Vivaro-e : l&rsquo;alternative \u00e9lectrique accessible<\/h2>\n<p>Le Vivaro-e se distingue par sa motorisation \u00e9lectrique performante d\u00e9veloppant <strong>136 ch<\/strong>, associ\u00e9e \u00e0 une batterie haute capacit\u00e9 de <strong>75 kWh<\/strong>. Son autonomie atteint <strong>350 km<\/strong> en cycle WLTP, tandis que la recharge rapide <strong>100 kW<\/strong> permet de r\u00e9cup\u00e9rer <strong>80%<\/strong> de batterie en 45 minutes.\u00a0Les Opel Vivaro-e sont propos\u00e9s avec leur volume utile g\u00e9n\u00e9reux de\u00a0<strong>6,6 m\u00b3<\/strong> et leur charge maximale de <strong>1 200 kg<\/strong>. Le syst\u00e8me de navigation connect\u00e9e avec \u00e9cran <strong>10 pouces<\/strong> int\u00e8gre la planification intelligente des trajets et la localisation des bornes de recharge.\u00a0La version longue de <strong>5,30 m<\/strong> accueille jusqu&rsquo;\u00e0 <strong>9 places<\/strong> tout en conservant un coffre spacieux. Les portes lat\u00e9rales motoris\u00e9es \u00e0 ouverture mains-libres et la climatisation bi-zone offrent un confort d&rsquo;utilisation optimal pour les professionnels comme pour les familles.<\/p>\n<p>&nbsp;<\/p>\n<p>&nbsp;<\/p>\n<p><em>*Les prix mentionn\u00e9s sont donn\u00e9s \u00e0 titre indicatif et ont \u00e9t\u00e9 constat\u00e9s au moment de la r\u00e9daction. Ils sont susceptibles d\u2019\u00e9voluer. Pour obtenir une information exacte et \u00e0 jour, nous vous recommandons de contacter directement votre concession BYmyCAR.<\/em><\/p>\n","titre":"texte","image":false,"image_libre":false,"image_800x500":false,"legende":"","zoom":false,"texte":"","articles":false,"categorie_droite":false,"images":false,"elements_comparatif":false,"texte_1":"","texte_2":"","image_1":false,"image_1_563x400":false,"image_1_332x332":false,"image_2":false,"image_2_333x240":false,"image_2_563x400":false,"image_3":false,"image_3_333x240":false,"image_3_332x450":false,"image_4":false,"image_4_332x332":false,"image_4_563x400":false,"code_embed":"","legende_video":"","photo":false,"photo_100x100":false,"nom":"","fonction":"","elements_timeline":false,"entetes_colonnes":false,"entetes_lignes":false,"lignes":false,"introduction":"","formulaire":false,"question":"","reponse":"","libelle_bouton_lien":"","url_lien":"","questions":false,"conclusions":false,"pays":false,"region":false,"marque":false,"marqueConcessions":false,"modele":false,"ptvente":false,"typeV":false,"collection":false,"nombre_maximum_elements":10,"lien_fin_carousel":"","texte_lien_fin_carousel":"","trier_par":false}],"is_old_post":false,"image":{"ID":58090,"id":58090,"title":"mercedes-e-vito-2025","filename":"mercedes-e-vito-2025.jpg","filesize":414773,"url":"https:\/\/cdn.bymycar.eu\/fr-webzine\/wp-content\/uploads\/medias\/mercedes-e-vito-2025.jpg","link":"https:\/\/www.bymycar.fr\/webzine\/quels-sont-les-meilleurs-vans-a-acheter-en-2025\/mercedes-e-vito-2025\/","alt":"Le Mercedes e-Vito est une bonne alternative pour l'achat d'un van en 2025","author":"74","description":"","caption":"","name":"mercedes-e-vito-2025","status":"inherit","uploaded_to":58045,"date":"2025-05-19 13:40:49","modified":"2025-06-19 14:10:46","menu_order":0,"mime_type":"image\/jpeg","type":"image","subtype":"jpeg","icon":"https:\/\/www.bymycar.fr\/webzine\/wp-includes\/images\/media\/default.png","width":2560,"height":1440,"sizes":{"thumbnail":"https:\/\/cdn.bymycar.eu\/fr-webzine\/wp-content\/uploads\/medias\/mercedes-e-vito-2025-150x150.jpg","thumbnail-width":150,"thumbnail-height":150,"medium":"https:\/\/cdn.bymycar.eu\/fr-webzine\/wp-content\/uploads\/medias\/mercedes-e-vito-2025-300x169.jpg","medium-width":300,"medium-height":169,"medium_large":"https:\/\/cdn.bymycar.eu\/fr-webzine\/wp-content\/uploads\/medias\/mercedes-e-vito-2025-768x432.jpg","medium_large-width":768,"medium_large-height":432,"large":"https:\/\/cdn.bymycar.eu\/fr-webzine\/wp-content\/uploads\/medias\/mercedes-e-vito-2025-1024x576.jpg","large-width":1024,"large-height":576,"1536x1536":"https:\/\/cdn.bymycar.eu\/fr-webzine\/wp-content\/uploads\/medias\/mercedes-e-vito-2025-1536x864.jpg","1536x1536-width":1536,"1536x1536-height":864,"2048x2048":"https:\/\/cdn.bymycar.eu\/fr-webzine\/wp-content\/uploads\/medias\/mercedes-e-vito-2025-2048x1152.jpg","2048x2048-width":2048,"2048x2048-height":1152}},"page_content":{"block_content":[{"acf_fc_layout":"text-simple","--nav":{"-withNav":false,"-ancre":""},"--group":{"-text":"<h2>Renault Trafic Van : le plus polyvalent<\/h2>\n<p>R\u00e9f\u00e9rence incontournable du segment, le <a href=\"https:\/\/www.bymycar.fr\/v\/renault-trafic\">Renault Trafic<\/a> Van 2025 se distingue par sa modularit\u00e9 exceptionnelle. Les Renault Trafic Van sont disponibles avec jusqu&rsquo;\u00e0 <strong>8,9 m\u00b3<\/strong> de volume utile dans sa version L2H2.\u00a0La nouvelle version propose un bureau mobile gr\u00e2ce au si\u00e8ge central transformable et <strong>88 L<\/strong> de rangements astucieux. Le syst\u00e8me multim\u00e9dia Easy Link avec \u00e9cran <strong>10,4&Prime;<\/strong> rend la vie \u00e0 bord plus connect\u00e9e, tandis que les <strong>10 aides<\/strong> \u00e0 la conduite, dont l&rsquo;avertisseur d&rsquo;angle mort, renforcent la s\u00e9curit\u00e9.\u00a0Disponible en <strong>2 longueurs<\/strong> et <strong>2 hauteurs<\/strong>, le Trafic Van s&rsquo;adapte \u00e0 tous les m\u00e9tiers. Son moteur Blue dCi <strong>110 ch<\/strong> affiche une sobri\u00e9t\u00e9 remarquable avec <strong>5,8 L\/100 km<\/strong> en cycle mixte. Un nouveau toit relevable permet m\u00eame sa transformation en v\u00e9hicule de loisirs.<\/p>\n<p>&nbsp;<\/p>\n<h2>Volkswagen Multivan : luxe et confort maximal<\/h2>\n<p>Star des vans premium en 2025, le Volkswagen Multivan se r\u00e9invente avec sa motorisation hybride rechargeable <strong>245 ch<\/strong> coupl\u00e9e \u00e0 une transmission int\u00e9grale. Son habitacle modulable accueille <strong>7 places<\/strong> sur rails avec si\u00e8ges pivotants, tandis que l&rsquo;\u00e9cran central tactile de <strong>10,4&Prime;<\/strong> pilote toutes les fonctions connect\u00e9es.\u00a0Profitez de leur finition exclusive Style int\u00e9grant toit panoramique Solarbay et projecteurs IQ.Light Matrix LED. L&#8217;empattement de\u00a0<strong>3,12 m<\/strong> garantit un espace g\u00e9n\u00e9reux, renforc\u00e9 par une version longue \u00e0 <strong>5,17 m<\/strong>.\u00a0Le syst\u00e8me hybride associe un moteur essence 1.5 TSI \u00e0 un bloc \u00e9lectrique pour une autonomie combin\u00e9e de <strong>50 km<\/strong> en mode z\u00e9ro \u00e9mission. La climatisation tri-zone et la suspension pilot\u00e9e assurent un confort premium digne des berlines haut de gamme.<\/p>\n<p>&nbsp;<\/p>\n<h2>Ford Transit Custom : l&rsquo;utilitaire \u00e9lectrique innovant<\/h2>\n<p>Le nouveau <a href=\"https:\/\/www.bymycar.fr\/v\/ford-transit\">Ford Transit<\/a> Custom r\u00e9volutionne le segment avec sa motorisation <strong>100% \u00e9lectrique<\/strong> offrant <strong>337 km<\/strong> d&rsquo;autonomie. Sa batterie de <strong>74 kWh<\/strong> alimente deux versions : <strong>135 ch<\/strong> ou <strong>217 ch<\/strong>, avec un couple g\u00e9n\u00e9reux de <strong>415 Nm<\/strong>.\u00a0Les Ford Transit Custom \u00e9lectriques sont \u00e9quip\u00e9es du syst\u00e8me Pro Power Onboard de\u00a0<strong>2,3 kW<\/strong>, permettant d&rsquo;alimenter des outils \u00e9lectriques directement depuis le fourgon. L&rsquo;\u00e9cran central <strong>SYNC 4<\/strong> de <strong>13 pouces<\/strong> int\u00e8gre une navigation sp\u00e9cifique pour optimiser l&rsquo;autonomie.\u00a0La recharge rapide en courant continu autorise une r\u00e9cup\u00e9ration de <strong>80%<\/strong> en moins de 40 minutes. Le volume utile atteint <strong>6,8 m\u00b3<\/strong> et la charge maximale <strong>1 327 kg<\/strong>, des valeurs identiques \u00e0 la version thermique.<\/p>\n<p>&nbsp;<\/p>\n<h2>Mercedes Vito (2025) : l&rsquo;excellence premium<\/h2>\n<p>Le <a href=\"https:\/\/www.bymycar.fr\/v\/mercedes-vito\">Mercedes Vito<\/a> 2025 d\u00e9montre sa ma\u00eetrise technologique avec son nouveau syst\u00e8me MBUX et ses phares MULTIBEAM LED adaptatifs. Sa gamme propose trois longueurs de caisse, garantissant un volume de chargement g\u00e9n\u00e9reux jusqu&rsquo;\u00e0 <strong>6,6 m\u00b3<\/strong> en version Extra-Long.\u00a0Les Mercedes Vito en stock sont \u00e9quip\u00e9s du moteur diesel OM654 de\u00a0<strong>1 950 cm\u00b3<\/strong>, disponible en versions <strong>116 ch<\/strong> et <strong>163 ch<\/strong> avec transmission int\u00e9grale 4MATIC en option. La nouvelle bo\u00eete automatique <strong>9G-TRONIC<\/strong> optimise la consommation \u00e0 <strong>5,8 L\/100 km<\/strong> en cycle mixte.\u00a0Le pack technologique Pro int\u00e8gre d\u00e9sormais <strong>10 syst\u00e8mes<\/strong> d&rsquo;aide \u00e0 la conduite, dont la surveillance d&rsquo;angle mort active et le freinage d&rsquo;urgence autonome. La suspension pneumatique adaptative AIRMATIC, une premi\u00e8re sur le segment, assure un confort premium in\u00e9dit.<\/p>\n<p>&nbsp;<\/p>\n<h2>Peugeot e-Expert : le fourgon am\u00e9nag\u00e9 branch\u00e9<\/h2>\n<p>L&rsquo;e-Expert 2025 marque une r\u00e9volution avec sa motorisation \u00e9lectrique de <strong>136 ch<\/strong> et son autonomie \u00e9tendue \u00e0 <strong>350 km<\/strong>. Sa batterie de <strong>75 kWh<\/strong> se recharge \u00e0 <strong>80%<\/strong> en seulement 45 minutes sur borne rapide, permettant une exploitation intensive sans compromis.\u00a0L&rsquo;e-Expert \u00e9lectrique est\u00a0disponible en <strong>3 longueurs<\/strong> de <strong>4,60<\/strong> \u00e0 <strong>5,30 m<\/strong> pour un volume utile maximal de <strong>6,6 m\u00b3<\/strong>. Son habitacle professionnel int\u00e8gre un \u00e9cran tactile de <strong>10 pouces<\/strong> avec navigation connect\u00e9e et <strong>6 places carte grise<\/strong> en version cabine approfondie.\u00a0La technologie e-Expert Connect propose une gestion \u00e0 distance via E-mail des donn\u00e9es du v\u00e9hicule, tandis que les am\u00e9nagements Hanroad et Cls-1 transforment ce van \u00e9lectrique en v\u00e9ritable atelier mobile avec \u00e9tabli et ressources en eau int\u00e9gr\u00e9s.<\/p>\n<p>&nbsp;<\/p>\n<h2>Fiat Ducato (2025) : le meilleur rapport qualit\u00e9-prix<\/h2>\n<p>Accessible d\u00e8s <strong>32 600 \u20ac*<\/strong>, le <a href=\"https:\/\/www.bymycar.fr\/v\/fiat-ducato\">Fiat Ducato<\/a> 2025 impressionne par son rapport qualit\u00e9-prix imbattable. Sa motorisation <strong>Multijet 140 ch<\/strong> associ\u00e9e \u00e0 la nouvelle bo\u00eete automatique AT8 offre souplesse et \u00e9conomie, avec une consommation mixte de <strong>6,8 L\/100 km<\/strong>.\u00a0Les Fiat Ducato professionnels sont dot\u00e9s d&rsquo;une capacit\u00e9 de chargement maximale de\u00a0<strong>17 m\u00b3<\/strong> et d&rsquo;une charge utile atteignant <strong>2 tonnes<\/strong>. Le syst\u00e8me de conduite autonome niveau 2 int\u00e8gre <strong>10 assistances<\/strong> dont le freinage d&rsquo;urgence et le maintien de voie actif.\u00a0L&rsquo;habitacle modernis\u00e9 accueille un \u00e9cran tactile de <strong>10 pouces<\/strong> compatible Apple CarPlay et Android Auto, tandis que la nouvelle calandre couleur carrosserie renforce son style professionnel. Sa modularit\u00e9 record propose <strong>8 configurations<\/strong> de carrosserie entre les 4 longueurs et 3 hauteurs disponibles.<\/p>\n<p>&nbsp;<\/p>\n<h2>BMW i5 Touring : le van familial haut de gamme<\/h2>\n<p>La BMW i5 Touring r\u00e9volutionne le segment des vans familiaux premium avec sa motorisation <strong>100% \u00e9lectrique<\/strong> d\u00e9veloppant <strong>340 ch<\/strong> en version eDrive40. Son immense coffre modulable offre un volume g\u00e9n\u00e9reux de <strong>570 \u00e0 1 700 litres<\/strong>, id\u00e9al pour les familles exigeantes.\u00a0Les BMW i5 Touring \u00e9lectriques sont \u00e9quip\u00e9s d&rsquo;une batterie haute capacit\u00e9 de\u00a0<strong>83,9 kWh<\/strong>, autorisant une autonomie exceptionnelle jusqu&rsquo;\u00e0 <strong>560 km<\/strong>. La recharge rapide <strong>205 kW<\/strong> permet de r\u00e9cup\u00e9rer <strong>80%<\/strong> d&rsquo;autonomie en seulement 30 minutes.\u00a0Le confort \u00e0 bord atteint des sommets gr\u00e2ce au BMW Curved Display combinant un \u00e9cran conducteur de <strong>12,3 pouces<\/strong> et une dalle tactile centrale de <strong>14,9 pouces<\/strong>. La suspension adaptative et les quatre roues directrices assurent une agilit\u00e9 remarquable malgr\u00e9 le gabarit imposant de <strong>5,06 m\u00e8tres<\/strong>.<\/p>\n<p>&nbsp;<\/p>\n<h2>Opel Vivaro-e : l&rsquo;alternative \u00e9lectrique accessible<\/h2>\n<p>Le Vivaro-e se distingue par sa motorisation \u00e9lectrique performante d\u00e9veloppant <strong>136 ch<\/strong>, associ\u00e9e \u00e0 une batterie haute capacit\u00e9 de <strong>75 kWh<\/strong>. Son autonomie atteint <strong>350 km<\/strong> en cycle WLTP, tandis que la recharge rapide <strong>100 kW<\/strong> permet de r\u00e9cup\u00e9rer <strong>80%<\/strong> de batterie en 45 minutes.\u00a0Les Opel Vivaro-e sont propos\u00e9s avec leur volume utile g\u00e9n\u00e9reux de\u00a0<strong>6,6 m\u00b3<\/strong> et leur charge maximale de <strong>1 200 kg<\/strong>. Le syst\u00e8me de navigation connect\u00e9e avec \u00e9cran <strong>10 pouces<\/strong> int\u00e8gre la planification intelligente des trajets et la localisation des bornes de recharge.\u00a0La version longue de <strong>5,30 m<\/strong> accueille jusqu&rsquo;\u00e0 <strong>9 places<\/strong> tout en conservant un coffre spacieux. Les portes lat\u00e9rales motoris\u00e9es \u00e0 ouverture mains-libres et la climatisation bi-zone offrent un confort d&rsquo;utilisation optimal pour les professionnels comme pour les familles.<\/p>\n<p>&nbsp;<\/p>\n<p>&nbsp;<\/p>\n<p><em>*Les prix mentionn\u00e9s sont donn\u00e9s \u00e0 titre indicatif et ont \u00e9t\u00e9 constat\u00e9s au moment de la r\u00e9daction. Ils sont susceptibles d\u2019\u00e9voluer. Pour obtenir une information exacte et \u00e0 jour, nous vous recommandons de contacter directement votre concession BYmyCAR.<\/em><\/p>\n"}}]},"add-carousel-to-footer":true},"yoast_head":"<!-- This site is optimized with the Yoast SEO Premium plugin v26.4 (Yoast SEO v26.4) - https:\/\/yoast.com\/wordpress\/plugins\/seo\/ -->\n<title>Quels sont les meilleurs vans \u00e0 acheter en 2025 ?<\/title>\n<meta name=\"robots\" content=\"index, follow, max-snippet:-1, max-image-preview:large, max-video-preview:-1\" \/>\n<link rel=\"canonical\" href=\"https:\/\/www.bymycar.fr\/webzine\/quels-sont-les-meilleurs-vans-a-acheter-en-2025\/\" \/>\n<meta property=\"og:locale\" content=\"fr_FR\" \/>\n<meta property=\"og:type\" content=\"article\" \/>\n<meta property=\"og:title\" content=\"Quels sont les meilleurs vans \u00e0 acheter en 2025 ?\" \/>\n<meta property=\"og:url\" content=\"https:\/\/www.bymycar.fr\/webzine\/quels-sont-les-meilleurs-vans-a-acheter-en-2025\/\" \/>\n<meta property=\"og:site_name\" content=\"Webzine auto BYmyCAR\" \/>\n<meta property=\"article:published_time\" content=\"2025-05-19T13:44:33+00:00\" \/>\n<meta property=\"article:modified_time\" content=\"2025-09-09T08:14:53+00:00\" \/>\n<meta property=\"og:image\" content=\"https:\/\/cdn.bymycar.eu\/fr-webzine\/wp-content\/uploads\/medias\/mercedes-e-vito-2025.jpg\" \/>\n\t<meta property=\"og:image:width\" content=\"2560\" \/>\n\t<meta property=\"og:image:height\" content=\"1440\" \/>\n\t<meta property=\"og:image:type\" content=\"image\/jpeg\" \/>\n<meta name=\"author\" content=\"La R\u00e9daction BYmyCAR\" \/>\n<meta name=\"twitter:card\" content=\"summary_large_image\" \/>\n<meta name=\"twitter:label1\" content=\"\u00c9crit par\" \/>\n\t<meta name=\"twitter:data1\" content=\"La R\u00e9daction BYmyCAR\" \/>\n<script type=\"application\/ld+json\" class=\"yoast-schema-graph\">{\"@context\":\"https:\/\/schema.org\",\"@graph\":[{\"@type\":\"Article\",\"@id\":\"https:\/\/www.bymycar.fr\/webzine\/quels-sont-les-meilleurs-vans-a-acheter-en-2025\/#article\",\"isPartOf\":{\"@id\":\"https:\/\/www.bymycar.fr\/webzine\/quels-sont-les-meilleurs-vans-a-acheter-en-2025\/\"},\"author\":{\"name\":\"La R\u00e9daction BYmyCAR\",\"@id\":\"https:\/\/www.bymycar.fr\/webzine\/#\/schema\/person\/8d570fe11eb8929f06c1e6d00f4d9689\"},\"headline\":\"Quels sont les meilleurs vans \u00e0 acheter en 2025 ?\",\"datePublished\":\"2025-05-19T13:44:33+00:00\",\"dateModified\":\"2025-09-09T08:14:53+00:00\",\"mainEntityOfPage\":{\"@id\":\"https:\/\/www.bymycar.fr\/webzine\/quels-sont-les-meilleurs-vans-a-acheter-en-2025\/\"},\"wordCount\":7,\"publisher\":{\"@id\":\"https:\/\/www.bymycar.fr\/webzine\/#organization\"},\"image\":{\"@id\":\"https:\/\/www.bymycar.fr\/webzine\/quels-sont-les-meilleurs-vans-a-acheter-en-2025\/#primaryimage\"},\"thumbnailUrl\":\"https:\/\/cdn.bymycar.eu\/fr-webzine\/wp-content\/uploads\/medias\/mercedes-e-vito-2025.jpg\",\"articleSection\":[\"Achat, location et vente\"],\"inLanguage\":\"fr-FR\"},{\"@type\":\"WebPage\",\"@id\":\"https:\/\/www.bymycar.fr\/webzine\/quels-sont-les-meilleurs-vans-a-acheter-en-2025\/\",\"url\":\"https:\/\/www.bymycar.fr\/webzine\/quels-sont-les-meilleurs-vans-a-acheter-en-2025\/\",\"name\":\"Quels sont les meilleurs vans \u00e0 acheter en 2025 ?\",\"isPartOf\":{\"@id\":\"https:\/\/www.bymycar.fr\/webzine\/#website\"},\"primaryImageOfPage\":{\"@id\":\"https:\/\/www.bymycar.fr\/webzine\/quels-sont-les-meilleurs-vans-a-acheter-en-2025\/#primaryimage\"},\"image\":{\"@id\":\"https:\/\/www.bymycar.fr\/webzine\/quels-sont-les-meilleurs-vans-a-acheter-en-2025\/#primaryimage\"},\"thumbnailUrl\":\"https:\/\/cdn.bymycar.eu\/fr-webzine\/wp-content\/uploads\/medias\/mercedes-e-vito-2025.jpg\",\"datePublished\":\"2025-05-19T13:44:33+00:00\",\"dateModified\":\"2025-09-09T08:14:53+00:00\",\"breadcrumb\":{\"@id\":\"https:\/\/www.bymycar.fr\/webzine\/quels-sont-les-meilleurs-vans-a-acheter-en-2025\/#breadcrumb\"},\"inLanguage\":\"fr-FR\",\"potentialAction\":[{\"@type\":\"ReadAction\",\"target\":[\"https:\/\/www.bymycar.fr\/webzine\/quels-sont-les-meilleurs-vans-a-acheter-en-2025\/\"]}]},{\"@type\":\"ImageObject\",\"inLanguage\":\"fr-FR\",\"@id\":\"https:\/\/www.bymycar.fr\/webzine\/quels-sont-les-meilleurs-vans-a-acheter-en-2025\/#primaryimage\",\"url\":\"https:\/\/cdn.bymycar.eu\/fr-webzine\/wp-content\/uploads\/medias\/mercedes-e-vito-2025.jpg\",\"contentUrl\":\"https:\/\/cdn.bymycar.eu\/fr-webzine\/wp-content\/uploads\/medias\/mercedes-e-vito-2025.jpg\",\"width\":2560,\"height\":1440,\"caption\":\"Le Mercedes e-Vito est une bonne alternative pour l'achat d'un van en 2025\"},{\"@type\":\"BreadcrumbList\",\"@id\":\"https:\/\/www.bymycar.fr\/webzine\/quels-sont-les-meilleurs-vans-a-acheter-en-2025\/#breadcrumb\",\"itemListElement\":[{\"@type\":\"ListItem\",\"position\":1,\"name\":\"Accueil\",\"item\":\"https:\/\/www.bymycar.fr\/webzine\/\"},{\"@type\":\"ListItem\",\"position\":2,\"name\":\"Quels sont les meilleurs vans \u00e0 acheter en 2025 ?\"}]},{\"@type\":\"WebSite\",\"@id\":\"https:\/\/www.bymycar.fr\/webzine\/#website\",\"url\":\"https:\/\/www.bymycar.fr\/webzine\/\",\"name\":\"Webzine auto BYmyCAR\",\"description\":\"La magazine auto de BYmyCAR\",\"publisher\":{\"@id\":\"https:\/\/www.bymycar.fr\/webzine\/#organization\"},\"potentialAction\":[{\"@type\":\"SearchAction\",\"target\":{\"@type\":\"EntryPoint\",\"urlTemplate\":\"https:\/\/www.bymycar.fr\/webzine\/?s={search_term_string}\"},\"query-input\":{\"@type\":\"PropertyValueSpecification\",\"valueRequired\":true,\"valueName\":\"search_term_string\"}}],\"inLanguage\":\"fr-FR\"},{\"@type\":\"Organization\",\"@id\":\"https:\/\/www.bymycar.fr\/webzine\/#organization\",\"name\":\"BYmyCAR\",\"url\":\"https:\/\/www.bymycar.fr\/webzine\/\",\"logo\":{\"@type\":\"ImageObject\",\"inLanguage\":\"fr-FR\",\"@id\":\"https:\/\/www.bymycar.fr\/webzine\/#\/schema\/logo\/image\/\",\"url\":\"https:\/\/cdn.bymycar.eu\/fr-webzine\/wp-content\/uploads\/medias\/2017\/08\/logo_DEALER_00000406_001.png\",\"contentUrl\":\"https:\/\/cdn.bymycar.eu\/fr-webzine\/wp-content\/uploads\/medias\/2017\/08\/logo_DEALER_00000406_001.png\",\"width\":2132,\"height\":720,\"caption\":\"BYmyCAR\"},\"image\":{\"@id\":\"https:\/\/www.bymycar.fr\/webzine\/#\/schema\/logo\/image\/\"}},{\"@type\":\"Person\",\"@id\":\"https:\/\/www.bymycar.fr\/webzine\/#\/schema\/person\/8d570fe11eb8929f06c1e6d00f4d9689\",\"name\":\"La R\u00e9daction BYmyCAR\",\"image\":{\"@type\":\"ImageObject\",\"inLanguage\":\"fr-FR\",\"@id\":\"https:\/\/www.bymycar.fr\/webzine\/#\/schema\/person\/image\/\",\"url\":\"https:\/\/secure.gravatar.com\/avatar\/1aa6b039d0ce106989923af4e2d0f2a0c82bb070d5e449f1b9adf082a5863900?s=96&d=mm&r=g\",\"contentUrl\":\"https:\/\/secure.gravatar.com\/avatar\/1aa6b039d0ce106989923af4e2d0f2a0c82bb070d5e449f1b9adf082a5863900?s=96&d=mm&r=g\",\"caption\":\"La R\u00e9daction BYmyCAR\"},\"sameAs\":[\"https:\/\/www.bymycar.fr\/\"]}]}<\/script>\n<!-- \/ Yoast SEO Premium plugin. -->","yoast_head_json":{"title":"Quels sont les meilleurs vans \u00e0 acheter en 2025 ?","robots":{"index":"index","follow":"follow","max-snippet":"max-snippet:-1","max-image-preview":"max-image-preview:large","max-video-preview":"max-video-preview:-1"},"canonical":"https:\/\/www.bymycar.fr\/webzine\/quels-sont-les-meilleurs-vans-a-acheter-en-2025\/","og_locale":"fr_FR","og_type":"article","og_title":"Quels sont les meilleurs vans \u00e0 acheter en 2025 ?","og_url":"https:\/\/www.bymycar.fr\/webzine\/quels-sont-les-meilleurs-vans-a-acheter-en-2025\/","og_site_name":"Webzine auto BYmyCAR","article_published_time":"2025-05-19T13:44:33+00:00","article_modified_time":"2025-09-09T08:14:53+00:00","og_image":[{"width":2560,"height":1440,"url":"https:\/\/cdn.bymycar.eu\/fr-webzine\/wp-content\/uploads\/medias\/mercedes-e-vito-2025.jpg","type":"image\/jpeg"}],"author":"La R\u00e9daction BYmyCAR","twitter_card":"summary_large_image","twitter_misc":{"\u00c9crit par":"La R\u00e9daction BYmyCAR"},"schema":{"@context":"https:\/\/schema.org","@graph":[{"@type":"Article","@id":"https:\/\/www.bymycar.fr\/webzine\/quels-sont-les-meilleurs-vans-a-acheter-en-2025\/#article","isPartOf":{"@id":"https:\/\/www.bymycar.fr\/webzine\/quels-sont-les-meilleurs-vans-a-acheter-en-2025\/"},"author":{"name":"La R\u00e9daction BYmyCAR","@id":"https:\/\/www.bymycar.fr\/webzine\/#\/schema\/person\/8d570fe11eb8929f06c1e6d00f4d9689"},"headline":"Quels sont les meilleurs vans \u00e0 acheter en 2025 ?","datePublished":"2025-05-19T13:44:33+00:00","dateModified":"2025-09-09T08:14:53+00:00","mainEntityOfPage":{"@id":"https:\/\/www.bymycar.fr\/webzine\/quels-sont-les-meilleurs-vans-a-acheter-en-2025\/"},"wordCount":7,"publisher":{"@id":"https:\/\/www.bymycar.fr\/webzine\/#organization"},"image":{"@id":"https:\/\/www.bymycar.fr\/webzine\/quels-sont-les-meilleurs-vans-a-acheter-en-2025\/#primaryimage"},"thumbnailUrl":"https:\/\/cdn.bymycar.eu\/fr-webzine\/wp-content\/uploads\/medias\/mercedes-e-vito-2025.jpg","articleSection":["Achat, location et vente"],"inLanguage":"fr-FR"},{"@type":"WebPage","@id":"https:\/\/www.bymycar.fr\/webzine\/quels-sont-les-meilleurs-vans-a-acheter-en-2025\/","url":"https:\/\/www.bymycar.fr\/webzine\/quels-sont-les-meilleurs-vans-a-acheter-en-2025\/","name":"Quels sont les meilleurs vans \u00e0 acheter en 2025 ?","isPartOf":{"@id":"https:\/\/www.bymycar.fr\/webzine\/#website"},"primaryImageOfPage":{"@id":"https:\/\/www.bymycar.fr\/webzine\/quels-sont-les-meilleurs-vans-a-acheter-en-2025\/#primaryimage"},"image":{"@id":"https:\/\/www.bymycar.fr\/webzine\/quels-sont-les-meilleurs-vans-a-acheter-en-2025\/#primaryimage"},"thumbnailUrl":"https:\/\/cdn.bymycar.eu\/fr-webzine\/wp-content\/uploads\/medias\/mercedes-e-vito-2025.jpg","datePublished":"2025-05-19T13:44:33+00:00","dateModified":"2025-09-09T08:14:53+00:00","breadcrumb":{"@id":"https:\/\/www.bymycar.fr\/webzine\/quels-sont-les-meilleurs-vans-a-acheter-en-2025\/#breadcrumb"},"inLanguage":"fr-FR","potentialAction":[{"@type":"ReadAction","target":["https:\/\/www.bymycar.fr\/webzine\/quels-sont-les-meilleurs-vans-a-acheter-en-2025\/"]}]},{"@type":"ImageObject","inLanguage":"fr-FR","@id":"https:\/\/www.bymycar.fr\/webzine\/quels-sont-les-meilleurs-vans-a-acheter-en-2025\/#primaryimage","url":"https:\/\/cdn.bymycar.eu\/fr-webzine\/wp-content\/uploads\/medias\/mercedes-e-vito-2025.jpg","contentUrl":"https:\/\/cdn.bymycar.eu\/fr-webzine\/wp-content\/uploads\/medias\/mercedes-e-vito-2025.jpg","width":2560,"height":1440,"caption":"Le Mercedes e-Vito est une bonne alternative pour l'achat d'un van en 2025"},{"@type":"BreadcrumbList","@id":"https:\/\/www.bymycar.fr\/webzine\/quels-sont-les-meilleurs-vans-a-acheter-en-2025\/#breadcrumb","itemListElement":[{"@type":"ListItem","position":1,"name":"Accueil","item":"https:\/\/www.bymycar.fr\/webzine\/"},{"@type":"ListItem","position":2,"name":"Quels sont les meilleurs vans \u00e0 acheter en 2025 ?"}]},{"@type":"WebSite","@id":"https:\/\/www.bymycar.fr\/webzine\/#website","url":"https:\/\/www.bymycar.fr\/webzine\/","name":"Webzine auto BYmyCAR","description":"La magazine auto de BYmyCAR","publisher":{"@id":"https:\/\/www.bymycar.fr\/webzine\/#organization"},"potentialAction":[{"@type":"SearchAction","target":{"@type":"EntryPoint","urlTemplate":"https:\/\/www.bymycar.fr\/webzine\/?s={search_term_string}"},"query-input":{"@type":"PropertyValueSpecification","valueRequired":true,"valueName":"search_term_string"}}],"inLanguage":"fr-FR"},{"@type":"Organization","@id":"https:\/\/www.bymycar.fr\/webzine\/#organization","name":"BYmyCAR","url":"https:\/\/www.bymycar.fr\/webzine\/","logo":{"@type":"ImageObject","inLanguage":"fr-FR","@id":"https:\/\/www.bymycar.fr\/webzine\/#\/schema\/logo\/image\/","url":"https:\/\/cdn.bymycar.eu\/fr-webzine\/wp-content\/uploads\/medias\/2017\/08\/logo_DEALER_00000406_001.png","contentUrl":"https:\/\/cdn.bymycar.eu\/fr-webzine\/wp-content\/uploads\/medias\/2017\/08\/logo_DEALER_00000406_001.png","width":2132,"height":720,"caption":"BYmyCAR"},"image":{"@id":"https:\/\/www.bymycar.fr\/webzine\/#\/schema\/logo\/image\/"}},{"@type":"Person","@id":"https:\/\/www.bymycar.fr\/webzine\/#\/schema\/person\/8d570fe11eb8929f06c1e6d00f4d9689","name":"La R\u00e9daction BYmyCAR","image":{"@type":"ImageObject","inLanguage":"fr-FR","@id":"https:\/\/www.bymycar.fr\/webzine\/#\/schema\/person\/image\/","url":"https:\/\/secure.gravatar.com\/avatar\/1aa6b039d0ce106989923af4e2d0f2a0c82bb070d5e449f1b9adf082a5863900?s=96&d=mm&r=g","contentUrl":"https:\/\/secure.gravatar.com\/avatar\/1aa6b039d0ce106989923af4e2d0f2a0c82bb070d5e449f1b9adf082a5863900?s=96&d=mm&r=g","caption":"La R\u00e9daction BYmyCAR"},"sameAs":["https:\/\/www.bymycar.fr\/"]}]}},"_links":{"self":[{"href":"https:\/\/www.bymycar.fr\/webzine\/wp-json\/wp\/v2\/posts\/58045","targetHints":{"allow":["GET"]}}],"collection":[{"href":"https:\/\/www.bymycar.fr\/webzine\/wp-json\/wp\/v2\/posts"}],"about":[{"href":"https:\/\/www.bymycar.fr\/webzine\/wp-json\/wp\/v2\/types\/post"}],"author":[{"embeddable":true,"href":"https:\/\/www.bymycar.fr\/webzine\/wp-json\/wp\/v2\/users\/88"}],"replies":[{"embeddable":true,"href":"https:\/\/www.bymycar.fr\/webzine\/wp-json\/wp\/v2\/comments?post=58045"}],"version-history":[{"count":3,"href":"https:\/\/www.bymycar.fr\/webzine\/wp-json\/wp\/v2\/posts\/58045\/revisions"}],"predecessor-version":[{"id":58074,"href":"https:\/\/www.bymycar.fr\/webzine\/wp-json\/wp\/v2\/posts\/58045\/revisions\/58074"}],"wp:featuredmedia":[{"embeddable":true,"href":"https:\/\/www.bymycar.fr\/webzine\/wp-json\/wp\/v2\/media\/58090"}],"wp:attachment":[{"href":"https:\/\/www.bymycar.fr\/webzine\/wp-json\/wp\/v2\/media?parent=58045"}],"wp:term":[{"taxonomy":"category","embeddable":true,"href":"https:\/\/www.bymycar.fr\/webzine\/wp-json\/wp\/v2\/categories?post=58045"},{"taxonomy":"post_tag","embeddable":true,"href":"https:\/\/www.bymycar.fr\/webzine\/wp-json\/wp\/v2\/tags?post=58045"}],"curies":[{"name":"wp","href":"https:\/\/api.w.org\/{rel}","templated":true}]}}