{"id":57659,"date":"2025-04-09T09:03:04","date_gmt":"2025-04-09T07:03:04","guid":{"rendered":"https:\/\/prod.bymycar.fr\/webzine\/?p=57659"},"modified":"2025-04-22T10:11:25","modified_gmt":"2025-04-22T08:11:25","slug":"dream-teen","status":"publish","type":"post","link":"https:\/\/www.bymycar.fr\/webzine\/dream-teen\/","title":{"rendered":"Dream Teen : BYmyCAR soutient les projets port\u00e9s par les enfants de ses collaborateurs"},"content":{"rendered":"","protected":false},"excerpt":{"rendered":"","protected":false},"author":88,"featured_media":57710,"comment_status":"closed","ping_status":"open","sticky":false,"template":"","format":"standard","meta":{"_acf_changed":false,"footnotes":""},"categories":[2852,1643],"tags":[],"class_list":["post-57659","post","type-post","status-publish","format-standard","has-post-thumbnail","hentry","category-actus-rh","category-ressources-humaines"],"acf":{"template":"classique","introduction":"","strates":[{"type_strate":"texte-simple","ancre":"","contenu":"<p>BYmyCAR a imagin\u00e9 un concept unique : proposer aux enfants des collaborateurs, \u00e2g\u00e9s de 16 \u00e0 25 ans, de les encourager dans la r\u00e9alisation d\u2019un projet artistique, sportif, humanitaire ou culturel.<\/p>\n<p>Sponsoring, aide, pr\u00eat de mat\u00e9riel, l\u2019entreprise soutient et donne un coup de pouce dans la concr\u00e9tisation de projets ambitieux en ad\u00e9quation avec nos valeurs Int\u00e9grit\u00e9, Audace, Humilit\u00e9 et G\u00e9n\u00e9rosit\u00e9.<\/p>\n","titre":"Dream teen","image":false,"image_libre":false,"image_800x500":false,"legende":"","zoom":false,"texte":"","articles":false,"categorie_droite":false,"images":false,"elements_comparatif":false,"texte_1":"","texte_2":"","image_1":false,"image_1_563x400":false,"image_1_332x332":false,"image_2":false,"image_2_333x240":false,"image_2_563x400":false,"image_3":false,"image_3_333x240":false,"image_3_332x450":false,"image_4":false,"image_4_332x332":false,"image_4_563x400":false,"code_embed":"","legende_video":"","photo":false,"photo_100x100":false,"nom":"","fonction":"","elements_timeline":false,"entetes_colonnes":false,"entetes_lignes":false,"lignes":false,"introduction":"","formulaire":false,"question":"","reponse":"","libelle_bouton_lien":"","url_lien":"","questions":false,"conclusions":false,"pays":false,"region":false,"marque":false,"marqueConcessions":false,"modele":false,"ptvente":false,"typeV":false,"collection":false,"nombre_maximum_elements":10,"lien_fin_carousel":"","texte_lien_fin_carousel":"","trier_par":false},{"type_strate":"50-50-image-texte-full","ancre":"","contenu":"","titre":"","image":false,"image_libre":false,"image_800x500":{"ID":57699,"id":57699,"title":"WhatsApp Image 2025-04-01 \u00e0 15.05.16_070b16e0","filename":"WhatsApp-Image-2025-04-01-a-15.05.16_070b16e0.jpg","filesize":408255,"url":"https:\/\/cdn.bymycar.eu\/fr-webzine\/wp-content\/uploads\/medias\/WhatsApp-Image-2025-04-01-a-15.05.16_070b16e0.jpg","link":"https:\/\/www.bymycar.fr\/webzine\/dream-teen\/whatsapp-image-2025-04-01-a-15-05-16_070b16e0\/","alt":"","author":"88","description":"","caption":"","name":"whatsapp-image-2025-04-01-a-15-05-16_070b16e0","status":"inherit","uploaded_to":57659,"date":"2025-04-14 09:45:56","modified":"2025-04-14 09:45:56","menu_order":0,"mime_type":"image\/jpeg","type":"image","subtype":"jpeg","icon":"https:\/\/www.bymycar.fr\/webzine\/wp-includes\/images\/media\/default.png","width":2048,"height":1536,"sizes":{"thumbnail":"https:\/\/cdn.bymycar.eu\/fr-webzine\/wp-content\/uploads\/medias\/WhatsApp-Image-2025-04-01-a-15.05.16_070b16e0-150x150.jpg","thumbnail-width":150,"thumbnail-height":150,"medium":"https:\/\/cdn.bymycar.eu\/fr-webzine\/wp-content\/uploads\/medias\/WhatsApp-Image-2025-04-01-a-15.05.16_070b16e0-300x225.jpg","medium-width":300,"medium-height":225,"medium_large":"https:\/\/cdn.bymycar.eu\/fr-webzine\/wp-content\/uploads\/medias\/WhatsApp-Image-2025-04-01-a-15.05.16_070b16e0-768x576.jpg","medium_large-width":768,"medium_large-height":576,"large":"https:\/\/cdn.bymycar.eu\/fr-webzine\/wp-content\/uploads\/medias\/WhatsApp-Image-2025-04-01-a-15.05.16_070b16e0-1024x768.jpg","large-width":1024,"large-height":768,"1536x1536":"https:\/\/cdn.bymycar.eu\/fr-webzine\/wp-content\/uploads\/medias\/WhatsApp-Image-2025-04-01-a-15.05.16_070b16e0-1536x1152.jpg","1536x1536-width":1536,"1536x1536-height":1152,"2048x2048":"https:\/\/cdn.bymycar.eu\/fr-webzine\/wp-content\/uploads\/medias\/WhatsApp-Image-2025-04-01-a-15.05.16_070b16e0.jpg","2048x2048-width":2048,"2048x2048-height":1536}},"legende":"","zoom":false,"texte":"<p>Ce 1er avril, au si\u00e8ge de V\u00e9nissieux, s&rsquo;est tenue le premier jury 2025. Nous avons rencontr\u00e9 Lucas, un jeune \u00e9tudiant montpelli\u00e9rain venu partager une initiative qui lui tient particuli\u00e8rement \u00e0 c\u0153ur.<br \/>\nAvec son association, Lucas et ses camarades allient leurs \u00e9tudes \u00e0 une cause importante :\u00a0la sant\u00e9 mentale. Le projet s\u2019intitule\u00a0\u00ab Les 2ARCS \u00bb\u00a0et consiste \u00e0 courir de l\u2019Arc du Peyrou de Montpellier jusqu\u2019\u00e0 l\u2019Arc de Triomphe de Paris sous forme de relais.<\/p>\n<p>&nbsp;<\/p>\n<p><strong>L&rsquo;objectif est ambitieux : atteindre 1 000 km en 100 h\u00a0!<\/strong><\/p>\n","articles":false,"categorie_droite":false,"images":false,"elements_comparatif":false,"texte_1":"","texte_2":"","image_1":false,"image_1_563x400":false,"image_1_332x332":false,"image_2":false,"image_2_333x240":false,"image_2_563x400":false,"image_3":false,"image_3_333x240":false,"image_3_332x450":false,"image_4":false,"image_4_332x332":false,"image_4_563x400":false,"code_embed":"","legende_video":"","photo":false,"photo_100x100":false,"nom":"","fonction":"","elements_timeline":false,"entetes_colonnes":false,"entetes_lignes":false,"lignes":false,"introduction":"","formulaire":false,"question":"","reponse":"","libelle_bouton_lien":"","url_lien":"","questions":false,"conclusions":false,"pays":false,"region":false,"marque":false,"marqueConcessions":false,"modele":false,"ptvente":false,"typeV":false,"collection":false,"nombre_maximum_elements":10,"lien_fin_carousel":"","texte_lien_fin_carousel":"","trier_par":false},{"type_strate":"texte-simple","ancre":"","contenu":"<p>En 2024, ce sont 5 jeunes aux projets vari\u00e9s qui ont pu b\u00e9n\u00e9ficier du programme : participation au 4L Trophy, \u00e0 la F1 in Schools, aux championnats de France d\u2019\u00e9quitation, pr\u00e9paration au m\u00e9tier de pilote essayeur ou encore participation \u00e0 des comp\u00e9titions internationales de taekwondo.<\/p>\n","titre":"2024","image":false,"image_libre":false,"image_800x500":false,"legende":"","zoom":false,"texte":"","articles":false,"categorie_droite":false,"images":false,"elements_comparatif":false,"texte_1":"","texte_2":"","image_1":false,"image_1_563x400":false,"image_1_332x332":false,"image_2":false,"image_2_333x240":false,"image_2_563x400":false,"image_3":false,"image_3_333x240":false,"image_3_332x450":false,"image_4":false,"image_4_332x332":false,"image_4_563x400":false,"code_embed":"","legende_video":"","photo":false,"photo_100x100":false,"nom":"","fonction":"","elements_timeline":false,"entetes_colonnes":false,"entetes_lignes":false,"lignes":false,"introduction":"","formulaire":false,"question":"","reponse":"","libelle_bouton_lien":"","url_lien":"","questions":false,"conclusions":false,"pays":false,"region":false,"marque":false,"marqueConcessions":false,"modele":false,"ptvente":false,"typeV":false,"collection":false,"nombre_maximum_elements":10,"lien_fin_carousel":"","texte_lien_fin_carousel":"","trier_par":false},{"type_strate":"mosaique-1","ancre":"","contenu":"","titre":"","image":false,"image_libre":false,"image_800x500":false,"legende":"","zoom":false,"texte":"<p><strong>\u00ab Cette \u00e9tape t\u00e9moigne de mon engagement et de ma fiert\u00e9 de repr\u00e9senter ma discipline au plus haut niveau sous les couleurs fran\u00e7aises. \u00bb<\/strong><\/p>\n","articles":false,"categorie_droite":false,"images":false,"elements_comparatif":false,"texte_1":"","texte_2":"","image_1":false,"image_1_563x400":{"ID":57701,"id":57701,"title":"fb_img_1708350028170_2024-02-19_14-53-6_331","filename":"fb_img_1708350028170_2024-02-19_14-53-6_331.jpg","filesize":114414,"url":"https:\/\/cdn.bymycar.eu\/fr-webzine\/wp-content\/uploads\/medias\/fb_img_1708350028170_2024-02-19_14-53-6_331.jpg","link":"https:\/\/www.bymycar.fr\/webzine\/dream-teen\/fb_img_1708350028170_2024-02-19_14-53-6_331\/","alt":"","author":"88","description":"","caption":"","name":"fb_img_1708350028170_2024-02-19_14-53-6_331","status":"inherit","uploaded_to":57659,"date":"2025-04-14 09:56:16","modified":"2025-04-14 09:56:16","menu_order":0,"mime_type":"image\/jpeg","type":"image","subtype":"jpeg","icon":"https:\/\/www.bymycar.fr\/webzine\/wp-includes\/images\/media\/default.png","width":1080,"height":810,"sizes":{"thumbnail":"https:\/\/cdn.bymycar.eu\/fr-webzine\/wp-content\/uploads\/medias\/fb_img_1708350028170_2024-02-19_14-53-6_331-150x150.jpg","thumbnail-width":150,"thumbnail-height":150,"medium":"https:\/\/cdn.bymycar.eu\/fr-webzine\/wp-content\/uploads\/medias\/fb_img_1708350028170_2024-02-19_14-53-6_331-300x225.jpg","medium-width":300,"medium-height":225,"medium_large":"https:\/\/cdn.bymycar.eu\/fr-webzine\/wp-content\/uploads\/medias\/fb_img_1708350028170_2024-02-19_14-53-6_331-768x576.jpg","medium_large-width":768,"medium_large-height":576,"large":"https:\/\/cdn.bymycar.eu\/fr-webzine\/wp-content\/uploads\/medias\/fb_img_1708350028170_2024-02-19_14-53-6_331-1024x768.jpg","large-width":1024,"large-height":768,"1536x1536":"https:\/\/cdn.bymycar.eu\/fr-webzine\/wp-content\/uploads\/medias\/fb_img_1708350028170_2024-02-19_14-53-6_331.jpg","1536x1536-width":1080,"1536x1536-height":810,"2048x2048":"https:\/\/cdn.bymycar.eu\/fr-webzine\/wp-content\/uploads\/medias\/fb_img_1708350028170_2024-02-19_14-53-6_331.jpg","2048x2048-width":1080,"2048x2048-height":810}},"image_1_332x332":false,"image_2":false,"image_2_333x240":{"ID":57705,"id":57705,"title":"l\u00e9a \u00e9quipe","filename":"lea-equipe.jpg","filesize":629174,"url":"https:\/\/cdn.bymycar.eu\/fr-webzine\/wp-content\/uploads\/medias\/lea-equipe.jpg","link":"https:\/\/www.bymycar.fr\/webzine\/dream-teen\/lea-equipe\/","alt":"","author":"88","description":"","caption":"","name":"lea-equipe","status":"inherit","uploaded_to":57659,"date":"2025-04-14 09:56:34","modified":"2025-04-14 09:56:34","menu_order":0,"mime_type":"image\/jpeg","type":"image","subtype":"jpeg","icon":"https:\/\/www.bymycar.fr\/webzine\/wp-includes\/images\/media\/default.png","width":1707,"height":2560,"sizes":{"thumbnail":"https:\/\/cdn.bymycar.eu\/fr-webzine\/wp-content\/uploads\/medias\/lea-equipe-150x150.jpg","thumbnail-width":150,"thumbnail-height":150,"medium":"https:\/\/cdn.bymycar.eu\/fr-webzine\/wp-content\/uploads\/medias\/lea-equipe-200x300.jpg","medium-width":200,"medium-height":300,"medium_large":"https:\/\/cdn.bymycar.eu\/fr-webzine\/wp-content\/uploads\/medias\/lea-equipe-768x1152.jpg","medium_large-width":768,"medium_large-height":1152,"large":"https:\/\/cdn.bymycar.eu\/fr-webzine\/wp-content\/uploads\/medias\/lea-equipe-683x1024.jpg","large-width":683,"large-height":1024,"1536x1536":"https:\/\/cdn.bymycar.eu\/fr-webzine\/wp-content\/uploads\/medias\/lea-equipe-1024x1536.jpg","1536x1536-width":1024,"1536x1536-height":1536,"2048x2048":"https:\/\/cdn.bymycar.eu\/fr-webzine\/wp-content\/uploads\/medias\/lea-equipe-1365x2048.jpg","2048x2048-width":1365,"2048x2048-height":2048}},"image_2_563x400":false,"image_3":false,"image_3_333x240":{"ID":57703,"id":57703,"title":"Lou CF2","filename":"Lou-CF2.jpg","filesize":375046,"url":"https:\/\/cdn.bymycar.eu\/fr-webzine\/wp-content\/uploads\/medias\/Lou-CF2.jpg","link":"https:\/\/www.bymycar.fr\/webzine\/dream-teen\/lou-cf2\/","alt":"","author":"88","description":"","caption":"","name":"lou-cf2","status":"inherit","uploaded_to":57659,"date":"2025-04-14 09:56:27","modified":"2025-04-14 09:56:27","menu_order":0,"mime_type":"image\/jpeg","type":"image","subtype":"jpeg","icon":"https:\/\/www.bymycar.fr\/webzine\/wp-includes\/images\/media\/default.png","width":1600,"height":1071,"sizes":{"thumbnail":"https:\/\/cdn.bymycar.eu\/fr-webzine\/wp-content\/uploads\/medias\/Lou-CF2-150x150.jpg","thumbnail-width":150,"thumbnail-height":150,"medium":"https:\/\/cdn.bymycar.eu\/fr-webzine\/wp-content\/uploads\/medias\/Lou-CF2-300x201.jpg","medium-width":300,"medium-height":201,"medium_large":"https:\/\/cdn.bymycar.eu\/fr-webzine\/wp-content\/uploads\/medias\/Lou-CF2-768x514.jpg","medium_large-width":768,"medium_large-height":514,"large":"https:\/\/cdn.bymycar.eu\/fr-webzine\/wp-content\/uploads\/medias\/Lou-CF2-1024x685.jpg","large-width":1024,"large-height":685,"1536x1536":"https:\/\/cdn.bymycar.eu\/fr-webzine\/wp-content\/uploads\/medias\/Lou-CF2-1536x1028.jpg","1536x1536-width":1536,"1536x1536-height":1028,"2048x2048":"https:\/\/cdn.bymycar.eu\/fr-webzine\/wp-content\/uploads\/medias\/Lou-CF2.jpg","2048x2048-width":1600,"2048x2048-height":1071}},"image_3_332x450":false,"image_4":false,"image_4_332x332":{"ID":57707,"id":57707,"title":"Podium championnat de france","filename":"Podium-championnat-de-france.jpg","filesize":125700,"url":"https:\/\/cdn.bymycar.eu\/fr-webzine\/wp-content\/uploads\/medias\/Podium-championnat-de-france.jpg","link":"https:\/\/www.bymycar.fr\/webzine\/dream-teen\/podium-championnat-de-france\/","alt":"","author":"88","description":"","caption":"","name":"podium-championnat-de-france","status":"inherit","uploaded_to":57659,"date":"2025-04-14 09:56:49","modified":"2025-04-14 09:56:49","menu_order":0,"mime_type":"image\/jpeg","type":"image","subtype":"jpeg","icon":"https:\/\/www.bymycar.fr\/webzine\/wp-includes\/images\/media\/default.png","width":1170,"height":783,"sizes":{"thumbnail":"https:\/\/cdn.bymycar.eu\/fr-webzine\/wp-content\/uploads\/medias\/Podium-championnat-de-france-150x150.jpg","thumbnail-width":150,"thumbnail-height":150,"medium":"https:\/\/cdn.bymycar.eu\/fr-webzine\/wp-content\/uploads\/medias\/Podium-championnat-de-france-300x201.jpg","medium-width":300,"medium-height":201,"medium_large":"https:\/\/cdn.bymycar.eu\/fr-webzine\/wp-content\/uploads\/medias\/Podium-championnat-de-france-768x514.jpg","medium_large-width":768,"medium_large-height":514,"large":"https:\/\/cdn.bymycar.eu\/fr-webzine\/wp-content\/uploads\/medias\/Podium-championnat-de-france-1024x685.jpg","large-width":1024,"large-height":685,"1536x1536":"https:\/\/cdn.bymycar.eu\/fr-webzine\/wp-content\/uploads\/medias\/Podium-championnat-de-france.jpg","1536x1536-width":1170,"1536x1536-height":783,"2048x2048":"https:\/\/cdn.bymycar.eu\/fr-webzine\/wp-content\/uploads\/medias\/Podium-championnat-de-france.jpg","2048x2048-width":1170,"2048x2048-height":783}},"image_4_563x400":false,"code_embed":"","legende_video":"","photo":false,"photo_100x100":false,"nom":"","fonction":"","elements_timeline":false,"entetes_colonnes":false,"entetes_lignes":false,"lignes":false,"introduction":"","formulaire":false,"question":"","reponse":"","libelle_bouton_lien":"","url_lien":"","questions":false,"conclusions":false,"pays":false,"region":false,"marque":false,"marqueConcessions":false,"modele":false,"ptvente":false,"typeV":false,"collection":false,"nombre_maximum_elements":10,"lien_fin_carousel":"","texte_lien_fin_carousel":"","trier_par":false},{"type_strate":"texte-simple","ancre":"","contenu":"<p><strong>Un parcours de taekwondo\u00efste qui se poursuit d\u2019ailleurs pour Mazine, r\u00e9cemment reconnu Sportif de Haut Niveau par le minist\u00e8re des Sports.<\/strong><\/p>\n","titre":"Taekwondo\u00efste Mazine","image":false,"image_libre":false,"image_800x500":false,"legende":"","zoom":false,"texte":"","articles":false,"categorie_droite":false,"images":false,"elements_comparatif":false,"texte_1":"","texte_2":"","image_1":false,"image_1_563x400":{"ID":57701,"id":57701,"title":"fb_img_1708350028170_2024-02-19_14-53-6_331","filename":"fb_img_1708350028170_2024-02-19_14-53-6_331.jpg","filesize":114414,"url":"https:\/\/cdn.bymycar.eu\/fr-webzine\/wp-content\/uploads\/medias\/fb_img_1708350028170_2024-02-19_14-53-6_331.jpg","link":"https:\/\/www.bymycar.fr\/webzine\/dream-teen\/fb_img_1708350028170_2024-02-19_14-53-6_331\/","alt":"","author":"88","description":"","caption":"","name":"fb_img_1708350028170_2024-02-19_14-53-6_331","status":"inherit","uploaded_to":57659,"date":"2025-04-14 09:56:16","modified":"2025-04-14 09:56:16","menu_order":0,"mime_type":"image\/jpeg","type":"image","subtype":"jpeg","icon":"https:\/\/www.bymycar.fr\/webzine\/wp-includes\/images\/media\/default.png","width":1080,"height":810,"sizes":{"thumbnail":"https:\/\/cdn.bymycar.eu\/fr-webzine\/wp-content\/uploads\/medias\/fb_img_1708350028170_2024-02-19_14-53-6_331-150x150.jpg","thumbnail-width":150,"thumbnail-height":150,"medium":"https:\/\/cdn.bymycar.eu\/fr-webzine\/wp-content\/uploads\/medias\/fb_img_1708350028170_2024-02-19_14-53-6_331-300x225.jpg","medium-width":300,"medium-height":225,"medium_large":"https:\/\/cdn.bymycar.eu\/fr-webzine\/wp-content\/uploads\/medias\/fb_img_1708350028170_2024-02-19_14-53-6_331-768x576.jpg","medium_large-width":768,"medium_large-height":576,"large":"https:\/\/cdn.bymycar.eu\/fr-webzine\/wp-content\/uploads\/medias\/fb_img_1708350028170_2024-02-19_14-53-6_331-1024x768.jpg","large-width":1024,"large-height":768,"1536x1536":"https:\/\/cdn.bymycar.eu\/fr-webzine\/wp-content\/uploads\/medias\/fb_img_1708350028170_2024-02-19_14-53-6_331.jpg","1536x1536-width":1080,"1536x1536-height":810,"2048x2048":"https:\/\/cdn.bymycar.eu\/fr-webzine\/wp-content\/uploads\/medias\/fb_img_1708350028170_2024-02-19_14-53-6_331.jpg","2048x2048-width":1080,"2048x2048-height":810}},"image_1_332x332":false,"image_2":false,"image_2_333x240":{"ID":57705,"id":57705,"title":"l\u00e9a \u00e9quipe","filename":"lea-equipe.jpg","filesize":629174,"url":"https:\/\/cdn.bymycar.eu\/fr-webzine\/wp-content\/uploads\/medias\/lea-equipe.jpg","link":"https:\/\/www.bymycar.fr\/webzine\/dream-teen\/lea-equipe\/","alt":"","author":"88","description":"","caption":"","name":"lea-equipe","status":"inherit","uploaded_to":57659,"date":"2025-04-14 09:56:34","modified":"2025-04-14 09:56:34","menu_order":0,"mime_type":"image\/jpeg","type":"image","subtype":"jpeg","icon":"https:\/\/www.bymycar.fr\/webzine\/wp-includes\/images\/media\/default.png","width":1707,"height":2560,"sizes":{"thumbnail":"https:\/\/cdn.bymycar.eu\/fr-webzine\/wp-content\/uploads\/medias\/lea-equipe-150x150.jpg","thumbnail-width":150,"thumbnail-height":150,"medium":"https:\/\/cdn.bymycar.eu\/fr-webzine\/wp-content\/uploads\/medias\/lea-equipe-200x300.jpg","medium-width":200,"medium-height":300,"medium_large":"https:\/\/cdn.bymycar.eu\/fr-webzine\/wp-content\/uploads\/medias\/lea-equipe-768x1152.jpg","medium_large-width":768,"medium_large-height":1152,"large":"https:\/\/cdn.bymycar.eu\/fr-webzine\/wp-content\/uploads\/medias\/lea-equipe-683x1024.jpg","large-width":683,"large-height":1024,"1536x1536":"https:\/\/cdn.bymycar.eu\/fr-webzine\/wp-content\/uploads\/medias\/lea-equipe-1024x1536.jpg","1536x1536-width":1024,"1536x1536-height":1536,"2048x2048":"https:\/\/cdn.bymycar.eu\/fr-webzine\/wp-content\/uploads\/medias\/lea-equipe-1365x2048.jpg","2048x2048-width":1365,"2048x2048-height":2048}},"image_2_563x400":false,"image_3":false,"image_3_333x240":{"ID":57703,"id":57703,"title":"Lou CF2","filename":"Lou-CF2.jpg","filesize":375046,"url":"https:\/\/cdn.bymycar.eu\/fr-webzine\/wp-content\/uploads\/medias\/Lou-CF2.jpg","link":"https:\/\/www.bymycar.fr\/webzine\/dream-teen\/lou-cf2\/","alt":"","author":"88","description":"","caption":"","name":"lou-cf2","status":"inherit","uploaded_to":57659,"date":"2025-04-14 09:56:27","modified":"2025-04-14 09:56:27","menu_order":0,"mime_type":"image\/jpeg","type":"image","subtype":"jpeg","icon":"https:\/\/www.bymycar.fr\/webzine\/wp-includes\/images\/media\/default.png","width":1600,"height":1071,"sizes":{"thumbnail":"https:\/\/cdn.bymycar.eu\/fr-webzine\/wp-content\/uploads\/medias\/Lou-CF2-150x150.jpg","thumbnail-width":150,"thumbnail-height":150,"medium":"https:\/\/cdn.bymycar.eu\/fr-webzine\/wp-content\/uploads\/medias\/Lou-CF2-300x201.jpg","medium-width":300,"medium-height":201,"medium_large":"https:\/\/cdn.bymycar.eu\/fr-webzine\/wp-content\/uploads\/medias\/Lou-CF2-768x514.jpg","medium_large-width":768,"medium_large-height":514,"large":"https:\/\/cdn.bymycar.eu\/fr-webzine\/wp-content\/uploads\/medias\/Lou-CF2-1024x685.jpg","large-width":1024,"large-height":685,"1536x1536":"https:\/\/cdn.bymycar.eu\/fr-webzine\/wp-content\/uploads\/medias\/Lou-CF2-1536x1028.jpg","1536x1536-width":1536,"1536x1536-height":1028,"2048x2048":"https:\/\/cdn.bymycar.eu\/fr-webzine\/wp-content\/uploads\/medias\/Lou-CF2.jpg","2048x2048-width":1600,"2048x2048-height":1071}},"image_3_332x450":false,"image_4":false,"image_4_332x332":{"ID":57707,"id":57707,"title":"Podium championnat de france","filename":"Podium-championnat-de-france.jpg","filesize":125700,"url":"https:\/\/cdn.bymycar.eu\/fr-webzine\/wp-content\/uploads\/medias\/Podium-championnat-de-france.jpg","link":"https:\/\/www.bymycar.fr\/webzine\/dream-teen\/podium-championnat-de-france\/","alt":"","author":"88","description":"","caption":"","name":"podium-championnat-de-france","status":"inherit","uploaded_to":57659,"date":"2025-04-14 09:56:49","modified":"2025-04-14 09:56:49","menu_order":0,"mime_type":"image\/jpeg","type":"image","subtype":"jpeg","icon":"https:\/\/www.bymycar.fr\/webzine\/wp-includes\/images\/media\/default.png","width":1170,"height":783,"sizes":{"thumbnail":"https:\/\/cdn.bymycar.eu\/fr-webzine\/wp-content\/uploads\/medias\/Podium-championnat-de-france-150x150.jpg","thumbnail-width":150,"thumbnail-height":150,"medium":"https:\/\/cdn.bymycar.eu\/fr-webzine\/wp-content\/uploads\/medias\/Podium-championnat-de-france-300x201.jpg","medium-width":300,"medium-height":201,"medium_large":"https:\/\/cdn.bymycar.eu\/fr-webzine\/wp-content\/uploads\/medias\/Podium-championnat-de-france-768x514.jpg","medium_large-width":768,"medium_large-height":514,"large":"https:\/\/cdn.bymycar.eu\/fr-webzine\/wp-content\/uploads\/medias\/Podium-championnat-de-france-1024x685.jpg","large-width":1024,"large-height":685,"1536x1536":"https:\/\/cdn.bymycar.eu\/fr-webzine\/wp-content\/uploads\/medias\/Podium-championnat-de-france.jpg","1536x1536-width":1170,"1536x1536-height":783,"2048x2048":"https:\/\/cdn.bymycar.eu\/fr-webzine\/wp-content\/uploads\/medias\/Podium-championnat-de-france.jpg","2048x2048-width":1170,"2048x2048-height":783}},"image_4_563x400":false,"code_embed":"","legende_video":"","photo":false,"photo_100x100":false,"nom":"","fonction":"","elements_timeline":false,"entetes_colonnes":false,"entetes_lignes":false,"lignes":false,"introduction":"","formulaire":false,"question":"","reponse":"","libelle_bouton_lien":"","url_lien":"","questions":false,"conclusions":false,"pays":false,"region":false,"marque":false,"marqueConcessions":false,"modele":false,"ptvente":false,"typeV":false,"collection":false,"nombre_maximum_elements":10,"lien_fin_carousel":"","texte_lien_fin_carousel":"","trier_par":false},{"type_strate":"citation","ancre":"","contenu":"","titre":"","image":false,"image_libre":false,"image_800x500":false,"legende":"","zoom":false,"texte":"<p>Cette \u00e9tape t\u00e9moigne de mon engagement et de ma fiert\u00e9 de repr\u00e9senter ma discipline au plus haut niveau sous les couleurs fran\u00e7aises.<\/p>\n","articles":false,"categorie_droite":false,"images":false,"elements_comparatif":false,"texte_1":"","texte_2":"","image_1":false,"image_1_563x400":false,"image_1_332x332":false,"image_2":false,"image_2_333x240":false,"image_2_563x400":false,"image_3":false,"image_3_333x240":false,"image_3_332x450":false,"image_4":false,"image_4_332x332":false,"image_4_563x400":false,"code_embed":"","legende_video":"","photo":false,"photo_100x100":false,"nom":"","fonction":"","elements_timeline":false,"entetes_colonnes":false,"entetes_lignes":false,"lignes":false,"introduction":"","formulaire":false,"question":"","reponse":"","libelle_bouton_lien":"","url_lien":"","questions":false,"conclusions":false,"pays":false,"region":false,"marque":false,"marqueConcessions":false,"modele":false,"ptvente":false,"typeV":false,"collection":false,"nombre_maximum_elements":10,"lien_fin_carousel":"","texte_lien_fin_carousel":"","trier_par":false}],"is_old_post":false,"image":{"ID":57710,"id":57710,"title":"th-960x540-design_sans_titre_31.png","filename":"th-960x540-design_sans_titre_31.png.png","filesize":993057,"url":"https:\/\/cdn.bymycar.eu\/fr-webzine\/wp-content\/uploads\/medias\/th-960x540-design_sans_titre_31.png.png","link":"https:\/\/www.bymycar.fr\/webzine\/dream-teen\/th-960x540-design_sans_titre_31-png\/","alt":"","author":"88","description":"","caption":"","name":"th-960x540-design_sans_titre_31-png","status":"inherit","uploaded_to":57659,"date":"2025-04-14 10:00:30","modified":"2025-04-14 10:00:30","menu_order":0,"mime_type":"image\/png","type":"image","subtype":"png","icon":"https:\/\/www.bymycar.fr\/webzine\/wp-includes\/images\/media\/default.png","width":960,"height":540,"sizes":{"thumbnail":"https:\/\/cdn.bymycar.eu\/fr-webzine\/wp-content\/uploads\/medias\/th-960x540-design_sans_titre_31.png-150x150.png","thumbnail-width":150,"thumbnail-height":150,"medium":"https:\/\/cdn.bymycar.eu\/fr-webzine\/wp-content\/uploads\/medias\/th-960x540-design_sans_titre_31.png-300x169.png","medium-width":300,"medium-height":169,"medium_large":"https:\/\/cdn.bymycar.eu\/fr-webzine\/wp-content\/uploads\/medias\/th-960x540-design_sans_titre_31.png-768x432.png","medium_large-width":768,"medium_large-height":432,"large":"https:\/\/cdn.bymycar.eu\/fr-webzine\/wp-content\/uploads\/medias\/th-960x540-design_sans_titre_31.png.png","large-width":960,"large-height":540,"1536x1536":"https:\/\/cdn.bymycar.eu\/fr-webzine\/wp-content\/uploads\/medias\/th-960x540-design_sans_titre_31.png.png","1536x1536-width":960,"1536x1536-height":540,"2048x2048":"https:\/\/cdn.bymycar.eu\/fr-webzine\/wp-content\/uploads\/medias\/th-960x540-design_sans_titre_31.png.png","2048x2048-width":960,"2048x2048-height":540}},"page_content":{"block_content":[{"acf_fc_layout":"text-simple","--nav":{"-withNav":false,"-ancre":""},"--group":{"-text":"<p>BYmyCAR a imagin\u00e9 un concept unique : proposer aux enfants des collaborateurs, \u00e2g\u00e9s de 16 \u00e0 25 ans, de les encourager dans la r\u00e9alisation d\u2019un projet artistique, sportif, humanitaire ou culturel.<\/p>\n<p>Sponsoring, aide, pr\u00eat de mat\u00e9riel, l\u2019entreprise soutient et donne un coup de pouce dans la concr\u00e9tisation de projets ambitieux en ad\u00e9quation avec nos valeurs Int\u00e9grit\u00e9, Audace, Humilit\u00e9 et G\u00e9n\u00e9rosit\u00e9.<\/p>\n"}},{"acf_fc_layout":"text-image","--nav":{"-withNav":false,"-ancre":""},"--group":{"-image":{"ID":57699,"id":57699,"title":"WhatsApp Image 2025-04-01 \u00e0 15.05.16_070b16e0","filename":"WhatsApp-Image-2025-04-01-a-15.05.16_070b16e0.jpg","filesize":408255,"url":"https:\/\/cdn.bymycar.eu\/fr-webzine\/wp-content\/uploads\/medias\/WhatsApp-Image-2025-04-01-a-15.05.16_070b16e0.jpg","link":"https:\/\/www.bymycar.fr\/webzine\/dream-teen\/whatsapp-image-2025-04-01-a-15-05-16_070b16e0\/","alt":"","author":"88","description":"","caption":"","name":"whatsapp-image-2025-04-01-a-15-05-16_070b16e0","status":"inherit","uploaded_to":57659,"date":"2025-04-14 09:45:56","modified":"2025-04-14 09:45:56","menu_order":0,"mime_type":"image\/jpeg","type":"image","subtype":"jpeg","icon":"https:\/\/www.bymycar.fr\/webzine\/wp-includes\/images\/media\/default.png","width":2048,"height":1536,"sizes":{"thumbnail":"https:\/\/cdn.bymycar.eu\/fr-webzine\/wp-content\/uploads\/medias\/WhatsApp-Image-2025-04-01-a-15.05.16_070b16e0-150x150.jpg","thumbnail-width":150,"thumbnail-height":150,"medium":"https:\/\/cdn.bymycar.eu\/fr-webzine\/wp-content\/uploads\/medias\/WhatsApp-Image-2025-04-01-a-15.05.16_070b16e0-300x225.jpg","medium-width":300,"medium-height":225,"medium_large":"https:\/\/cdn.bymycar.eu\/fr-webzine\/wp-content\/uploads\/medias\/WhatsApp-Image-2025-04-01-a-15.05.16_070b16e0-768x576.jpg","medium_large-width":768,"medium_large-height":576,"large":"https:\/\/cdn.bymycar.eu\/fr-webzine\/wp-content\/uploads\/medias\/WhatsApp-Image-2025-04-01-a-15.05.16_070b16e0-1024x768.jpg","large-width":1024,"large-height":768,"1536x1536":"https:\/\/cdn.bymycar.eu\/fr-webzine\/wp-content\/uploads\/medias\/WhatsApp-Image-2025-04-01-a-15.05.16_070b16e0-1536x1152.jpg","1536x1536-width":1536,"1536x1536-height":1152,"2048x2048":"https:\/\/cdn.bymycar.eu\/fr-webzine\/wp-content\/uploads\/medias\/WhatsApp-Image-2025-04-01-a-15.05.16_070b16e0.jpg","2048x2048-width":2048,"2048x2048-height":1536}},"-title":"","-text":"<p>Ce 1er avril, au si\u00e8ge de V\u00e9nissieux, s&rsquo;est tenue le premier jury 2025. Nous avons rencontr\u00e9 Lucas, un jeune \u00e9tudiant montpelli\u00e9rain venu partager une initiative qui lui tient particuli\u00e8rement \u00e0 c\u0153ur.<br \/>\nAvec son association, Lucas et ses camarades allient leurs \u00e9tudes \u00e0 une cause importante :\u00a0la sant\u00e9 mentale. Le projet s\u2019intitule\u00a0\u00ab Les 2ARCS \u00bb\u00a0et consiste \u00e0 courir de l\u2019Arc du Peyrou de Montpellier jusqu\u2019\u00e0 l\u2019Arc de Triomphe de Paris sous forme de relais.<\/p>\n<p>&nbsp;<\/p>\n<p><strong>L&rsquo;objectif est ambitieux : atteindre 1 000 km en 100 h\u00a0!<\/strong><\/p>\n"}},{"acf_fc_layout":"text-simple","--nav":{"-withNav":false,"-ancre":""},"--group":{"-text":"<p>En 2024, ce sont 5 jeunes aux projets vari\u00e9s qui ont pu b\u00e9n\u00e9ficier du programme : participation au 4L Trophy, \u00e0 la F1 in Schools, aux championnats de France d\u2019\u00e9quitation, pr\u00e9paration au m\u00e9tier de pilote essayeur ou encore participation \u00e0 des comp\u00e9titions internationales de taekwondo.<\/p>\n"}},{"acf_fc_layout":"images-mosaique-x4","--nav":{"-withNav":false,"-ancre":""},"--group":{"-title":"","-images":[{"ID":57701,"id":57701,"title":"fb_img_1708350028170_2024-02-19_14-53-6_331","filename":"fb_img_1708350028170_2024-02-19_14-53-6_331.jpg","filesize":114414,"url":"https:\/\/cdn.bymycar.eu\/fr-webzine\/wp-content\/uploads\/medias\/fb_img_1708350028170_2024-02-19_14-53-6_331.jpg","link":"https:\/\/www.bymycar.fr\/webzine\/dream-teen\/fb_img_1708350028170_2024-02-19_14-53-6_331\/","alt":"","author":"88","description":"","caption":"","name":"fb_img_1708350028170_2024-02-19_14-53-6_331","status":"inherit","uploaded_to":57659,"date":"2025-04-14 09:56:16","modified":"2025-04-14 09:56:16","menu_order":0,"mime_type":"image\/jpeg","type":"image","subtype":"jpeg","icon":"https:\/\/www.bymycar.fr\/webzine\/wp-includes\/images\/media\/default.png","width":1080,"height":810,"sizes":{"thumbnail":"https:\/\/cdn.bymycar.eu\/fr-webzine\/wp-content\/uploads\/medias\/fb_img_1708350028170_2024-02-19_14-53-6_331-150x150.jpg","thumbnail-width":150,"thumbnail-height":150,"medium":"https:\/\/cdn.bymycar.eu\/fr-webzine\/wp-content\/uploads\/medias\/fb_img_1708350028170_2024-02-19_14-53-6_331-300x225.jpg","medium-width":300,"medium-height":225,"medium_large":"https:\/\/cdn.bymycar.eu\/fr-webzine\/wp-content\/uploads\/medias\/fb_img_1708350028170_2024-02-19_14-53-6_331-768x576.jpg","medium_large-width":768,"medium_large-height":576,"large":"https:\/\/cdn.bymycar.eu\/fr-webzine\/wp-content\/uploads\/medias\/fb_img_1708350028170_2024-02-19_14-53-6_331-1024x768.jpg","large-width":1024,"large-height":768,"1536x1536":"https:\/\/cdn.bymycar.eu\/fr-webzine\/wp-content\/uploads\/medias\/fb_img_1708350028170_2024-02-19_14-53-6_331.jpg","1536x1536-width":1080,"1536x1536-height":810,"2048x2048":"https:\/\/cdn.bymycar.eu\/fr-webzine\/wp-content\/uploads\/medias\/fb_img_1708350028170_2024-02-19_14-53-6_331.jpg","2048x2048-width":1080,"2048x2048-height":810}},{"ID":57705,"id":57705,"title":"l\u00e9a \u00e9quipe","filename":"lea-equipe.jpg","filesize":629174,"url":"https:\/\/cdn.bymycar.eu\/fr-webzine\/wp-content\/uploads\/medias\/lea-equipe.jpg","link":"https:\/\/www.bymycar.fr\/webzine\/dream-teen\/lea-equipe\/","alt":"","author":"88","description":"","caption":"","name":"lea-equipe","status":"inherit","uploaded_to":57659,"date":"2025-04-14 09:56:34","modified":"2025-04-14 09:56:34","menu_order":0,"mime_type":"image\/jpeg","type":"image","subtype":"jpeg","icon":"https:\/\/www.bymycar.fr\/webzine\/wp-includes\/images\/media\/default.png","width":1707,"height":2560,"sizes":{"thumbnail":"https:\/\/cdn.bymycar.eu\/fr-webzine\/wp-content\/uploads\/medias\/lea-equipe-150x150.jpg","thumbnail-width":150,"thumbnail-height":150,"medium":"https:\/\/cdn.bymycar.eu\/fr-webzine\/wp-content\/uploads\/medias\/lea-equipe-200x300.jpg","medium-width":200,"medium-height":300,"medium_large":"https:\/\/cdn.bymycar.eu\/fr-webzine\/wp-content\/uploads\/medias\/lea-equipe-768x1152.jpg","medium_large-width":768,"medium_large-height":1152,"large":"https:\/\/cdn.bymycar.eu\/fr-webzine\/wp-content\/uploads\/medias\/lea-equipe-683x1024.jpg","large-width":683,"large-height":1024,"1536x1536":"https:\/\/cdn.bymycar.eu\/fr-webzine\/wp-content\/uploads\/medias\/lea-equipe-1024x1536.jpg","1536x1536-width":1024,"1536x1536-height":1536,"2048x2048":"https:\/\/cdn.bymycar.eu\/fr-webzine\/wp-content\/uploads\/medias\/lea-equipe-1365x2048.jpg","2048x2048-width":1365,"2048x2048-height":2048}},{"ID":57703,"id":57703,"title":"Lou CF2","filename":"Lou-CF2.jpg","filesize":375046,"url":"https:\/\/cdn.bymycar.eu\/fr-webzine\/wp-content\/uploads\/medias\/Lou-CF2.jpg","link":"https:\/\/www.bymycar.fr\/webzine\/dream-teen\/lou-cf2\/","alt":"","author":"88","description":"","caption":"","name":"lou-cf2","status":"inherit","uploaded_to":57659,"date":"2025-04-14 09:56:27","modified":"2025-04-14 09:56:27","menu_order":0,"mime_type":"image\/jpeg","type":"image","subtype":"jpeg","icon":"https:\/\/www.bymycar.fr\/webzine\/wp-includes\/images\/media\/default.png","width":1600,"height":1071,"sizes":{"thumbnail":"https:\/\/cdn.bymycar.eu\/fr-webzine\/wp-content\/uploads\/medias\/Lou-CF2-150x150.jpg","thumbnail-width":150,"thumbnail-height":150,"medium":"https:\/\/cdn.bymycar.eu\/fr-webzine\/wp-content\/uploads\/medias\/Lou-CF2-300x201.jpg","medium-width":300,"medium-height":201,"medium_large":"https:\/\/cdn.bymycar.eu\/fr-webzine\/wp-content\/uploads\/medias\/Lou-CF2-768x514.jpg","medium_large-width":768,"medium_large-height":514,"large":"https:\/\/cdn.bymycar.eu\/fr-webzine\/wp-content\/uploads\/medias\/Lou-CF2-1024x685.jpg","large-width":1024,"large-height":685,"1536x1536":"https:\/\/cdn.bymycar.eu\/fr-webzine\/wp-content\/uploads\/medias\/Lou-CF2-1536x1028.jpg","1536x1536-width":1536,"1536x1536-height":1028,"2048x2048":"https:\/\/cdn.bymycar.eu\/fr-webzine\/wp-content\/uploads\/medias\/Lou-CF2.jpg","2048x2048-width":1600,"2048x2048-height":1071}},{"ID":57707,"id":57707,"title":"Podium championnat de france","filename":"Podium-championnat-de-france.jpg","filesize":125700,"url":"https:\/\/cdn.bymycar.eu\/fr-webzine\/wp-content\/uploads\/medias\/Podium-championnat-de-france.jpg","link":"https:\/\/www.bymycar.fr\/webzine\/dream-teen\/podium-championnat-de-france\/","alt":"","author":"88","description":"","caption":"","name":"podium-championnat-de-france","status":"inherit","uploaded_to":57659,"date":"2025-04-14 09:56:49","modified":"2025-04-14 09:56:49","menu_order":0,"mime_type":"image\/jpeg","type":"image","subtype":"jpeg","icon":"https:\/\/www.bymycar.fr\/webzine\/wp-includes\/images\/media\/default.png","width":1170,"height":783,"sizes":{"thumbnail":"https:\/\/cdn.bymycar.eu\/fr-webzine\/wp-content\/uploads\/medias\/Podium-championnat-de-france-150x150.jpg","thumbnail-width":150,"thumbnail-height":150,"medium":"https:\/\/cdn.bymycar.eu\/fr-webzine\/wp-content\/uploads\/medias\/Podium-championnat-de-france-300x201.jpg","medium-width":300,"medium-height":201,"medium_large":"https:\/\/cdn.bymycar.eu\/fr-webzine\/wp-content\/uploads\/medias\/Podium-championnat-de-france-768x514.jpg","medium_large-width":768,"medium_large-height":514,"large":"https:\/\/cdn.bymycar.eu\/fr-webzine\/wp-content\/uploads\/medias\/Podium-championnat-de-france-1024x685.jpg","large-width":1024,"large-height":685,"1536x1536":"https:\/\/cdn.bymycar.eu\/fr-webzine\/wp-content\/uploads\/medias\/Podium-championnat-de-france.jpg","1536x1536-width":1170,"1536x1536-height":783,"2048x2048":"https:\/\/cdn.bymycar.eu\/fr-webzine\/wp-content\/uploads\/medias\/Podium-championnat-de-france.jpg","2048x2048-width":1170,"2048x2048-height":783}}],"-title-2":""}},{"acf_fc_layout":"text-simple","--nav":{"-withNav":false,"-ancre":""},"--group":{"-text":"<p><strong>Un parcours de taekwondo\u00efste qui se poursuit d\u2019ailleurs pour Mazine, r\u00e9cemment reconnu Sportif de Haut Niveau par le minist\u00e8re des Sports.<\/strong><\/p>\n"}},{"acf_fc_layout":"citation","--nav":{"-withNav":false,"-ancre":""},"--group":{"-citation":"Cette \u00e9tape t\u00e9moigne de mon engagement et de ma fiert\u00e9 de repr\u00e9senter ma discipline au plus haut niveau sous les couleurs fran\u00e7aises.<br \/>\n","-image":false,"-nom":"","-function":""}}]},"add-carousel-to-footer":true},"yoast_head":"<!-- This site is optimized with the Yoast SEO Premium plugin v26.4 (Yoast SEO v26.4) - https:\/\/yoast.com\/wordpress\/plugins\/seo\/ -->\n<title>Dream Teen : BYmyCAR soutient les projets port\u00e9s par les enfants de ses collaborateurs<\/title>\n<meta name=\"robots\" content=\"index, follow, max-snippet:-1, max-image-preview:large, max-video-preview:-1\" \/>\n<link rel=\"canonical\" href=\"https:\/\/www.bymycar.fr\/webzine\/dream-teen\/\" \/>\n<meta property=\"og:locale\" content=\"fr_FR\" \/>\n<meta property=\"og:type\" content=\"article\" \/>\n<meta property=\"og:title\" content=\"Dream Teen : BYmyCAR soutient les projets port\u00e9s par les enfants de ses collaborateurs\" \/>\n<meta property=\"og:url\" content=\"https:\/\/www.bymycar.fr\/webzine\/dream-teen\/\" \/>\n<meta property=\"og:site_name\" content=\"Webzine auto BYmyCAR\" \/>\n<meta property=\"article:published_time\" content=\"2025-04-09T07:03:04+00:00\" \/>\n<meta property=\"article:modified_time\" content=\"2025-04-22T08:11:25+00:00\" \/>\n<meta property=\"og:image\" content=\"https:\/\/cdn.bymycar.eu\/fr-webzine\/wp-content\/uploads\/medias\/th-960x540-design_sans_titre_31.png.png\" \/>\n\t<meta property=\"og:image:width\" content=\"960\" \/>\n\t<meta property=\"og:image:height\" content=\"540\" \/>\n\t<meta property=\"og:image:type\" content=\"image\/png\" \/>\n<meta name=\"author\" content=\"La R\u00e9daction BYmyCAR\" \/>\n<meta name=\"twitter:card\" content=\"summary_large_image\" \/>\n<meta name=\"twitter:label1\" content=\"\u00c9crit par\" \/>\n\t<meta name=\"twitter:data1\" content=\"La R\u00e9daction BYmyCAR\" \/>\n<script type=\"application\/ld+json\" class=\"yoast-schema-graph\">{\"@context\":\"https:\/\/schema.org\",\"@graph\":[{\"@type\":\"Article\",\"@id\":\"https:\/\/www.bymycar.fr\/webzine\/dream-teen\/#article\",\"isPartOf\":{\"@id\":\"https:\/\/www.bymycar.fr\/webzine\/dream-teen\/\"},\"author\":{\"name\":\"La R\u00e9daction BYmyCAR\",\"@id\":\"https:\/\/www.bymycar.fr\/webzine\/#\/schema\/person\/8d570fe11eb8929f06c1e6d00f4d9689\"},\"headline\":\"Dream Teen : BYmyCAR soutient les projets port\u00e9s par les enfants de ses collaborateurs\",\"datePublished\":\"2025-04-09T07:03:04+00:00\",\"dateModified\":\"2025-04-22T08:11:25+00:00\",\"mainEntityOfPage\":{\"@id\":\"https:\/\/www.bymycar.fr\/webzine\/dream-teen\/\"},\"wordCount\":14,\"publisher\":{\"@id\":\"https:\/\/www.bymycar.fr\/webzine\/#organization\"},\"image\":{\"@id\":\"https:\/\/www.bymycar.fr\/webzine\/dream-teen\/#primaryimage\"},\"thumbnailUrl\":\"https:\/\/cdn.bymycar.eu\/fr-webzine\/wp-content\/uploads\/medias\/th-960x540-design_sans_titre_31.png.png\",\"articleSection\":[\"Actus RH BYmyCAR\",\"Ressources humaines\"],\"inLanguage\":\"fr-FR\"},{\"@type\":\"WebPage\",\"@id\":\"https:\/\/www.bymycar.fr\/webzine\/dream-teen\/\",\"url\":\"https:\/\/www.bymycar.fr\/webzine\/dream-teen\/\",\"name\":\"Dream Teen : BYmyCAR soutient les projets port\u00e9s par les enfants de ses collaborateurs\",\"isPartOf\":{\"@id\":\"https:\/\/www.bymycar.fr\/webzine\/#website\"},\"primaryImageOfPage\":{\"@id\":\"https:\/\/www.bymycar.fr\/webzine\/dream-teen\/#primaryimage\"},\"image\":{\"@id\":\"https:\/\/www.bymycar.fr\/webzine\/dream-teen\/#primaryimage\"},\"thumbnailUrl\":\"https:\/\/cdn.bymycar.eu\/fr-webzine\/wp-content\/uploads\/medias\/th-960x540-design_sans_titre_31.png.png\",\"datePublished\":\"2025-04-09T07:03:04+00:00\",\"dateModified\":\"2025-04-22T08:11:25+00:00\",\"breadcrumb\":{\"@id\":\"https:\/\/www.bymycar.fr\/webzine\/dream-teen\/#breadcrumb\"},\"inLanguage\":\"fr-FR\",\"potentialAction\":[{\"@type\":\"ReadAction\",\"target\":[\"https:\/\/www.bymycar.fr\/webzine\/dream-teen\/\"]}]},{\"@type\":\"ImageObject\",\"inLanguage\":\"fr-FR\",\"@id\":\"https:\/\/www.bymycar.fr\/webzine\/dream-teen\/#primaryimage\",\"url\":\"https:\/\/cdn.bymycar.eu\/fr-webzine\/wp-content\/uploads\/medias\/th-960x540-design_sans_titre_31.png.png\",\"contentUrl\":\"https:\/\/cdn.bymycar.eu\/fr-webzine\/wp-content\/uploads\/medias\/th-960x540-design_sans_titre_31.png.png\",\"width\":960,\"height\":540},{\"@type\":\"BreadcrumbList\",\"@id\":\"https:\/\/www.bymycar.fr\/webzine\/dream-teen\/#breadcrumb\",\"itemListElement\":[{\"@type\":\"ListItem\",\"position\":1,\"name\":\"Accueil\",\"item\":\"https:\/\/www.bymycar.fr\/webzine\/\"},{\"@type\":\"ListItem\",\"position\":2,\"name\":\"Dream Teen : BYmyCAR soutient les projets port\u00e9s par les enfants de ses collaborateurs\"}]},{\"@type\":\"WebSite\",\"@id\":\"https:\/\/www.bymycar.fr\/webzine\/#website\",\"url\":\"https:\/\/www.bymycar.fr\/webzine\/\",\"name\":\"Webzine auto BYmyCAR\",\"description\":\"La magazine auto de BYmyCAR\",\"publisher\":{\"@id\":\"https:\/\/www.bymycar.fr\/webzine\/#organization\"},\"potentialAction\":[{\"@type\":\"SearchAction\",\"target\":{\"@type\":\"EntryPoint\",\"urlTemplate\":\"https:\/\/www.bymycar.fr\/webzine\/?s={search_term_string}\"},\"query-input\":{\"@type\":\"PropertyValueSpecification\",\"valueRequired\":true,\"valueName\":\"search_term_string\"}}],\"inLanguage\":\"fr-FR\"},{\"@type\":\"Organization\",\"@id\":\"https:\/\/www.bymycar.fr\/webzine\/#organization\",\"name\":\"BYmyCAR\",\"url\":\"https:\/\/www.bymycar.fr\/webzine\/\",\"logo\":{\"@type\":\"ImageObject\",\"inLanguage\":\"fr-FR\",\"@id\":\"https:\/\/www.bymycar.fr\/webzine\/#\/schema\/logo\/image\/\",\"url\":\"https:\/\/cdn.bymycar.eu\/fr-webzine\/wp-content\/uploads\/medias\/2017\/08\/logo_DEALER_00000406_001.png\",\"contentUrl\":\"https:\/\/cdn.bymycar.eu\/fr-webzine\/wp-content\/uploads\/medias\/2017\/08\/logo_DEALER_00000406_001.png\",\"width\":2132,\"height\":720,\"caption\":\"BYmyCAR\"},\"image\":{\"@id\":\"https:\/\/www.bymycar.fr\/webzine\/#\/schema\/logo\/image\/\"}},{\"@type\":\"Person\",\"@id\":\"https:\/\/www.bymycar.fr\/webzine\/#\/schema\/person\/8d570fe11eb8929f06c1e6d00f4d9689\",\"name\":\"La R\u00e9daction BYmyCAR\",\"image\":{\"@type\":\"ImageObject\",\"inLanguage\":\"fr-FR\",\"@id\":\"https:\/\/www.bymycar.fr\/webzine\/#\/schema\/person\/image\/\",\"url\":\"https:\/\/secure.gravatar.com\/avatar\/1aa6b039d0ce106989923af4e2d0f2a0c82bb070d5e449f1b9adf082a5863900?s=96&d=mm&r=g\",\"contentUrl\":\"https:\/\/secure.gravatar.com\/avatar\/1aa6b039d0ce106989923af4e2d0f2a0c82bb070d5e449f1b9adf082a5863900?s=96&d=mm&r=g\",\"caption\":\"La R\u00e9daction BYmyCAR\"},\"sameAs\":[\"https:\/\/www.bymycar.fr\/\"]}]}<\/script>\n<!-- \/ Yoast SEO Premium plugin. -->","yoast_head_json":{"title":"Dream Teen : BYmyCAR soutient les projets port\u00e9s par les enfants de ses collaborateurs","robots":{"index":"index","follow":"follow","max-snippet":"max-snippet:-1","max-image-preview":"max-image-preview:large","max-video-preview":"max-video-preview:-1"},"canonical":"https:\/\/www.bymycar.fr\/webzine\/dream-teen\/","og_locale":"fr_FR","og_type":"article","og_title":"Dream Teen : BYmyCAR soutient les projets port\u00e9s par les enfants de ses collaborateurs","og_url":"https:\/\/www.bymycar.fr\/webzine\/dream-teen\/","og_site_name":"Webzine auto BYmyCAR","article_published_time":"2025-04-09T07:03:04+00:00","article_modified_time":"2025-04-22T08:11:25+00:00","og_image":[{"width":960,"height":540,"url":"https:\/\/cdn.bymycar.eu\/fr-webzine\/wp-content\/uploads\/medias\/th-960x540-design_sans_titre_31.png.png","type":"image\/png"}],"author":"La R\u00e9daction BYmyCAR","twitter_card":"summary_large_image","twitter_misc":{"\u00c9crit par":"La R\u00e9daction BYmyCAR"},"schema":{"@context":"https:\/\/schema.org","@graph":[{"@type":"Article","@id":"https:\/\/www.bymycar.fr\/webzine\/dream-teen\/#article","isPartOf":{"@id":"https:\/\/www.bymycar.fr\/webzine\/dream-teen\/"},"author":{"name":"La R\u00e9daction BYmyCAR","@id":"https:\/\/www.bymycar.fr\/webzine\/#\/schema\/person\/8d570fe11eb8929f06c1e6d00f4d9689"},"headline":"Dream Teen : BYmyCAR soutient les projets port\u00e9s par les enfants de ses collaborateurs","datePublished":"2025-04-09T07:03:04+00:00","dateModified":"2025-04-22T08:11:25+00:00","mainEntityOfPage":{"@id":"https:\/\/www.bymycar.fr\/webzine\/dream-teen\/"},"wordCount":14,"publisher":{"@id":"https:\/\/www.bymycar.fr\/webzine\/#organization"},"image":{"@id":"https:\/\/www.bymycar.fr\/webzine\/dream-teen\/#primaryimage"},"thumbnailUrl":"https:\/\/cdn.bymycar.eu\/fr-webzine\/wp-content\/uploads\/medias\/th-960x540-design_sans_titre_31.png.png","articleSection":["Actus RH BYmyCAR","Ressources humaines"],"inLanguage":"fr-FR"},{"@type":"WebPage","@id":"https:\/\/www.bymycar.fr\/webzine\/dream-teen\/","url":"https:\/\/www.bymycar.fr\/webzine\/dream-teen\/","name":"Dream Teen : BYmyCAR soutient les projets port\u00e9s par les enfants de ses collaborateurs","isPartOf":{"@id":"https:\/\/www.bymycar.fr\/webzine\/#website"},"primaryImageOfPage":{"@id":"https:\/\/www.bymycar.fr\/webzine\/dream-teen\/#primaryimage"},"image":{"@id":"https:\/\/www.bymycar.fr\/webzine\/dream-teen\/#primaryimage"},"thumbnailUrl":"https:\/\/cdn.bymycar.eu\/fr-webzine\/wp-content\/uploads\/medias\/th-960x540-design_sans_titre_31.png.png","datePublished":"2025-04-09T07:03:04+00:00","dateModified":"2025-04-22T08:11:25+00:00","breadcrumb":{"@id":"https:\/\/www.bymycar.fr\/webzine\/dream-teen\/#breadcrumb"},"inLanguage":"fr-FR","potentialAction":[{"@type":"ReadAction","target":["https:\/\/www.bymycar.fr\/webzine\/dream-teen\/"]}]},{"@type":"ImageObject","inLanguage":"fr-FR","@id":"https:\/\/www.bymycar.fr\/webzine\/dream-teen\/#primaryimage","url":"https:\/\/cdn.bymycar.eu\/fr-webzine\/wp-content\/uploads\/medias\/th-960x540-design_sans_titre_31.png.png","contentUrl":"https:\/\/cdn.bymycar.eu\/fr-webzine\/wp-content\/uploads\/medias\/th-960x540-design_sans_titre_31.png.png","width":960,"height":540},{"@type":"BreadcrumbList","@id":"https:\/\/www.bymycar.fr\/webzine\/dream-teen\/#breadcrumb","itemListElement":[{"@type":"ListItem","position":1,"name":"Accueil","item":"https:\/\/www.bymycar.fr\/webzine\/"},{"@type":"ListItem","position":2,"name":"Dream Teen : BYmyCAR soutient les projets port\u00e9s par les enfants de ses collaborateurs"}]},{"@type":"WebSite","@id":"https:\/\/www.bymycar.fr\/webzine\/#website","url":"https:\/\/www.bymycar.fr\/webzine\/","name":"Webzine auto BYmyCAR","description":"La magazine auto de BYmyCAR","publisher":{"@id":"https:\/\/www.bymycar.fr\/webzine\/#organization"},"potentialAction":[{"@type":"SearchAction","target":{"@type":"EntryPoint","urlTemplate":"https:\/\/www.bymycar.fr\/webzine\/?s={search_term_string}"},"query-input":{"@type":"PropertyValueSpecification","valueRequired":true,"valueName":"search_term_string"}}],"inLanguage":"fr-FR"},{"@type":"Organization","@id":"https:\/\/www.bymycar.fr\/webzine\/#organization","name":"BYmyCAR","url":"https:\/\/www.bymycar.fr\/webzine\/","logo":{"@type":"ImageObject","inLanguage":"fr-FR","@id":"https:\/\/www.bymycar.fr\/webzine\/#\/schema\/logo\/image\/","url":"https:\/\/cdn.bymycar.eu\/fr-webzine\/wp-content\/uploads\/medias\/2017\/08\/logo_DEALER_00000406_001.png","contentUrl":"https:\/\/cdn.bymycar.eu\/fr-webzine\/wp-content\/uploads\/medias\/2017\/08\/logo_DEALER_00000406_001.png","width":2132,"height":720,"caption":"BYmyCAR"},"image":{"@id":"https:\/\/www.bymycar.fr\/webzine\/#\/schema\/logo\/image\/"}},{"@type":"Person","@id":"https:\/\/www.bymycar.fr\/webzine\/#\/schema\/person\/8d570fe11eb8929f06c1e6d00f4d9689","name":"La R\u00e9daction BYmyCAR","image":{"@type":"ImageObject","inLanguage":"fr-FR","@id":"https:\/\/www.bymycar.fr\/webzine\/#\/schema\/person\/image\/","url":"https:\/\/secure.gravatar.com\/avatar\/1aa6b039d0ce106989923af4e2d0f2a0c82bb070d5e449f1b9adf082a5863900?s=96&d=mm&r=g","contentUrl":"https:\/\/secure.gravatar.com\/avatar\/1aa6b039d0ce106989923af4e2d0f2a0c82bb070d5e449f1b9adf082a5863900?s=96&d=mm&r=g","caption":"La R\u00e9daction BYmyCAR"},"sameAs":["https:\/\/www.bymycar.fr\/"]}]}},"_links":{"self":[{"href":"https:\/\/www.bymycar.fr\/webzine\/wp-json\/wp\/v2\/posts\/57659","targetHints":{"allow":["GET"]}}],"collection":[{"href":"https:\/\/www.bymycar.fr\/webzine\/wp-json\/wp\/v2\/posts"}],"about":[{"href":"https:\/\/www.bymycar.fr\/webzine\/wp-json\/wp\/v2\/types\/post"}],"author":[{"embeddable":true,"href":"https:\/\/www.bymycar.fr\/webzine\/wp-json\/wp\/v2\/users\/88"}],"replies":[{"embeddable":true,"href":"https:\/\/www.bymycar.fr\/webzine\/wp-json\/wp\/v2\/comments?post=57659"}],"version-history":[{"count":47,"href":"https:\/\/www.bymycar.fr\/webzine\/wp-json\/wp\/v2\/posts\/57659\/revisions"}],"predecessor-version":[{"id":57773,"href":"https:\/\/www.bymycar.fr\/webzine\/wp-json\/wp\/v2\/posts\/57659\/revisions\/57773"}],"wp:featuredmedia":[{"embeddable":true,"href":"https:\/\/www.bymycar.fr\/webzine\/wp-json\/wp\/v2\/media\/57710"}],"wp:attachment":[{"href":"https:\/\/www.bymycar.fr\/webzine\/wp-json\/wp\/v2\/media?parent=57659"}],"wp:term":[{"taxonomy":"category","embeddable":true,"href":"https:\/\/www.bymycar.fr\/webzine\/wp-json\/wp\/v2\/categories?post=57659"},{"taxonomy":"post_tag","embeddable":true,"href":"https:\/\/www.bymycar.fr\/webzine\/wp-json\/wp\/v2\/tags?post=57659"}],"curies":[{"name":"wp","href":"https:\/\/api.w.org\/{rel}","templated":true}]}}