{"id":576,"date":"2017-10-09T11:15:00","date_gmt":"2017-10-09T09:15:00","guid":{"rendered":"http:\/\/prod.bymycar.fr\/webzine\/?p=576"},"modified":"2022-06-23T12:59:38","modified_gmt":"2022-06-23T10:59:38","slug":"assurance-jeune-conducteur-modeles-plus-adaptes","status":"publish","type":"post","link":"https:\/\/www.bymycar.fr\/webzine\/assurance-jeune-conducteur-modeles-plus-adaptes\/","title":{"rendered":"Assurance auto jeune conducteur : d\u00e9finition, conseils, mod\u00e8les les plus adapt\u00e9s ? BYmyCAR"},"content":{"rendered":"","protected":false},"excerpt":{"rendered":"","protected":false},"author":1,"featured_media":858,"comment_status":"closed","ping_status":"open","sticky":false,"template":"","format":"standard","meta":{"_acf_changed":false,"footnotes":""},"categories":[13],"tags":[],"class_list":["post-576","post","type-post","status-publish","format-standard","has-post-thumbnail","hentry","category-achat-location-et-vente"],"acf":{"introduction":"<p><b>En France, la souscription \u00e0 une assurance auto est imp\u00e9rative pour tout v\u00e9hicule terrestre \u00e0 moteur ou VTAM. Les assureurs proposent un large choix de solutions d\u2019assurance auto avec un niveau de protection diff\u00e9rent. Parmi le tarif le plus \u00e9lev\u00e9 en assurance auto, il y a celui des jeunes conducteurs. Retrouvez dans ce guide les informations cruciales sur l\u2019assurance auto jeune conducteur.<\/b><\/p>\n<p>&nbsp;<\/p>\n<p style=\"text-align: center;\"><a href=\"https:\/\/www.bymycar.fr\/rechercher-un-vehicule\" target=\"_blank\" class=\"css-button css-button--gold\" >\n                D\u00e9couvrez nos voitures en stock &gt;\n        <\/a><\/p>\n","strates":[{"type_strate":"texte-simple","ancre":"","contenu":"<h2>Assurance auto et jeune conducteur<\/h2>\n<p>Une assurance auto couvre les dommages mat\u00e9riels et corporels que votre voiture peut causer \u00e0 autrui. Certaines formules assurent \u00e9galement vos biens endommag\u00e9s et les d\u00e9g\u00e2ts mat\u00e9riels de votre v\u00e9hicule. Vos dommages corporels, faisant suite \u00e0 un accident de la circulation, sont, d\u2019ailleurs, couverts dans le cadre d\u2019une assurance auto. Cependant, il faut noter que tous les contrats d\u2019assurance proposent une couverture diff\u00e9rente. De mani\u00e8re g\u00e9n\u00e9rale, trois grands types de contrats d\u2019assurance auto se pr\u00e9sentent aux jeunes conducteurs, \u00e0 savoir :<\/p>\n<ul>\n<li>L\u2019assurance au tiers : il s\u2019agit du d\u00e9dommagement des d\u00e9g\u00e2ts caus\u00e9s \u00e0 autrui. En cas d\u2019un sinistre responsable, cette formule vous exempt de toute couverture. Cela vous p\u00e9nalise d\u2019un malus de 25 % qui va augmenter votre cotisation de base.<\/li>\n<li>L\u2019assurance au tiers enrichie : elle fait partie des formules qui offrent une protection \u00e9largie. Vous obtenez, par exemple, les garanties de l\u2019assurance au tiers, une couverture en cas de vol, d&rsquo;incendie, de bris de glace. L\u2019assurance au tiers enrichie propose une protection en cas de d\u00e9g\u00e2ts provenant des catastrophes naturelles. Le jeune conducteur peut, en outre, ajouter des clauses sp\u00e9cifiques lors de la signature du contrat.<\/li>\n<li>L&rsquo;assurance tous risques : cette formule offre la meilleure et la plus compl\u00e8te couverture contre les risques. Elle couvre le propri\u00e9taire m\u00eame en cas d\u2019accident responsable. L\u2019assurance tous risques prend aussi en charge les diff\u00e9rentes d\u00e9gradations apr\u00e8s des actes de vandalisme. En cas de destruction totale de la voiture, vous pouvez choisir le type d\u2019indemnisation qui vous convient. Si vous souscrivez \u00e0 cette formule, il est possible d\u2019opter pour un remplacement du v\u00e9hicule endommag\u00e9 en valeur d\u2019achat.<\/li>\n<\/ul>\n<p>Un jeune conducteur est une personne disposant d\u2019un permis, mais qui va souscrire \u00e0 une assurance auto pour la premi\u00e8re fois. Pour les compagnies d\u2019assurance, il s\u2019agit sans exp\u00e9rience de conduite et non li\u00e9 \u00e0 un contrat d\u2019assurance auto. Un jeune conducteur est, donc, un individu inexp\u00e9riment\u00e9 sur la route. De ce fait, son risque d\u2019exposition au sinistre est plus \u00e9lev\u00e9. Cela augmente, ainsi, son tarif de souscription \u00e0 une assurance auto.<\/p>\n","titre":"texte 1","image":false,"image_libre":false,"image_800x500":false,"legende":"","zoom":false,"texte":"","articles":false,"categorie_droite":false,"images":false,"elements_comparatif":false,"texte_1":"","texte_2":"","image_1":{"ID":907,"id":907,"title":"voiture 2017 Nissan Micra","filename":"2017-Nissan-Micra-cote-e1499242829857.jpg","filesize":0,"url":"https:\/\/www.bymycar.fr\/webzine\/wp-content\/uploads\/2017\/07\/2017-Nissan-Micra-cote-e1499242829857.jpg","link":"https:\/\/www.bymycar.fr\/webzine\/sortie-skoda-kodiaq-petit-suv-grandes-familles\/2017-nissan-micra-2\/","alt":"voiture 2017 Nissan Micra grise vue avant","author":"1","description":"voiture 2017 Nissan Micra grise vue avant","caption":"","name":"2017-nissan-micra-2","status":"inherit","uploaded_to":733,"date":"2017-07-05 08:09:51","modified":"2017-07-11 10:18:06","menu_order":0,"mime_type":"image\/jpeg","type":"image","subtype":"jpeg","icon":"https:\/\/www.bymycar.fr\/webzine\/wp-includes\/images\/media\/default.png","width":5760,"height":3840,"sizes":{"thumbnail":"https:\/\/www.bymycar.fr\/webzine\/wp-content\/uploads\/2017\/07\/2017-Nissan-Micra-cote-e1499242829857-150x150.jpg","thumbnail-width":150,"thumbnail-height":150,"medium":"https:\/\/www.bymycar.fr\/webzine\/wp-content\/uploads\/2017\/07\/2017-Nissan-Micra-cote-e1499242829857-300x200.jpg","medium-width":300,"medium-height":200,"medium_large":"https:\/\/www.bymycar.fr\/webzine\/wp-content\/uploads\/2017\/07\/2017-Nissan-Micra-cote-e1499242829857-768x512.jpg","medium_large-width":768,"medium_large-height":512,"large":"https:\/\/www.bymycar.fr\/webzine\/wp-content\/uploads\/2017\/07\/2017-Nissan-Micra-cote-e1499242829857-1024x683.jpg","large-width":1024,"large-height":683,"1536x1536":"https:\/\/www.bymycar.fr\/webzine\/wp-content\/uploads\/2017\/07\/2017-Nissan-Micra-cote-e1499242829857.jpg","1536x1536-width":1536,"1536x1536-height":1024,"2048x2048":"https:\/\/www.bymycar.fr\/webzine\/wp-content\/uploads\/2017\/07\/2017-Nissan-Micra-cote-e1499242829857.jpg","2048x2048-width":2048,"2048x2048-height":1365}},"image_1_563x400":false,"image_1_332x332":false,"image_2":{"ID":464,"id":464,"title":"peugeot_208gti","filename":"peugeot_208gti.jpg","filesize":0,"url":"https:\/\/www.bymycar.fr\/webzine\/wp-content\/uploads\/2017\/06\/peugeot_208gti.jpg","link":"https:\/\/www.bymycar.fr\/webzine\/automobile-sportive\/peugeot_208gti_mosai%cc%88que3\/","alt":"peugeot_208gti","author":"1","description":"peugeot_208gti","caption":"","name":"peugeot_208gti_mosai%cc%88que3","status":"inherit","uploaded_to":442,"date":"2017-06-28 13:28:11","modified":"2018-04-17 10:39:42","menu_order":0,"mime_type":"image\/jpeg","type":"image","subtype":"jpeg","icon":"https:\/\/www.bymycar.fr\/webzine\/wp-includes\/images\/media\/default.png","width":1920,"height":1080,"sizes":{"thumbnail":"https:\/\/www.bymycar.fr\/webzine\/wp-content\/uploads\/2017\/06\/peugeot_208gti-150x150.jpg","thumbnail-width":150,"thumbnail-height":150,"medium":"https:\/\/www.bymycar.fr\/webzine\/wp-content\/uploads\/2017\/06\/peugeot_208gti-300x169.jpg","medium-width":300,"medium-height":169,"medium_large":"https:\/\/www.bymycar.fr\/webzine\/wp-content\/uploads\/2017\/06\/peugeot_208gti-768x432.jpg","medium_large-width":768,"medium_large-height":432,"large":"https:\/\/www.bymycar.fr\/webzine\/wp-content\/uploads\/2017\/06\/peugeot_208gti-1024x576.jpg","large-width":1024,"large-height":576,"1536x1536":"https:\/\/www.bymycar.fr\/webzine\/wp-content\/uploads\/2017\/06\/peugeot_208gti.jpg","1536x1536-width":1536,"1536x1536-height":864,"2048x2048":"https:\/\/www.bymycar.fr\/webzine\/wp-content\/uploads\/2017\/06\/peugeot_208gti.jpg","2048x2048-width":1920,"2048x2048-height":1080}},"image_2_333x240":false,"image_2_563x400":false,"image_3":{"ID":1083,"id":1083,"title":"SEAT Ibiza","filename":"Seat-ibiza-e1499768395759.jpg","filesize":0,"url":"https:\/\/www.bymycar.fr\/webzine\/wp-content\/uploads\/2017\/07\/Seat-ibiza-e1499768395759.jpg","link":"https:\/\/www.bymycar.fr\/webzine\/assurance-jeune-conducteur-modeles-plus-adaptes\/seat-ibiza\/","alt":"voiture blanche SEAT Ibiza","author":"1","description":"voiture blanche SEAT Ibiza","caption":"","name":"seat-ibiza","status":"inherit","uploaded_to":576,"date":"2017-07-11 10:10:14","modified":"2017-07-11 10:19:59","menu_order":0,"mime_type":"image\/jpeg","type":"image","subtype":"jpeg","icon":"https:\/\/www.bymycar.fr\/webzine\/wp-includes\/images\/media\/default.png","width":1281,"height":1659,"sizes":{"thumbnail":"https:\/\/www.bymycar.fr\/webzine\/wp-content\/uploads\/2017\/07\/Seat-ibiza-e1499768395759-150x150.jpg","thumbnail-width":150,"thumbnail-height":150,"medium":"https:\/\/www.bymycar.fr\/webzine\/wp-content\/uploads\/2017\/07\/Seat-ibiza-e1499768395759-232x300.jpg","medium-width":232,"medium-height":300,"medium_large":"https:\/\/www.bymycar.fr\/webzine\/wp-content\/uploads\/2017\/07\/Seat-ibiza-e1499768395759-768x995.jpg","medium_large-width":768,"medium_large-height":995,"large":"https:\/\/www.bymycar.fr\/webzine\/wp-content\/uploads\/2017\/07\/Seat-ibiza-e1499768395759-791x1024.jpg","large-width":791,"large-height":1024,"1536x1536":"https:\/\/www.bymycar.fr\/webzine\/wp-content\/uploads\/2017\/07\/Seat-ibiza-e1499768395759.jpg","1536x1536-width":1186,"1536x1536-height":1536,"2048x2048":"https:\/\/www.bymycar.fr\/webzine\/wp-content\/uploads\/2017\/07\/Seat-ibiza-e1499768395759.jpg","2048x2048-width":1281,"2048x2048-height":1659}},"image_3_333x240":false,"image_3_332x450":false,"image_4":false,"image_4_332x332":false,"image_4_563x400":false,"code_embed":"","legende_video":"","photo":false,"photo_100x100":false,"nom":"","fonction":"","elements_timeline":false,"entetes_colonnes":false,"entetes_lignes":false,"lignes":false,"introduction":"","formulaire":false,"question":"","reponse":"","libelle_bouton_lien":"","url_lien":"","questions":false,"conclusions":false,"pays":false,"region":false,"marque":false,"marqueConcessions":false,"modele":false,"ptvente":false,"typeV":false,"collection":false,"nombre_maximum_elements":10,"lien_fin_carousel":"","texte_lien_fin_carousel":"","trier_par":false},{"type_strate":"texte-simple","ancre":"","contenu":"<h2>Comment diminuer le prix de son assurance auto jeune conducteur ?<\/h2>\n<p>Le prix de l\u2019assurance auto varie en fonction du mod\u00e8le, de la motorisation, de l\u2019achat (neuf ou d\u2019occasion). En tant que jeune conducteur, il est tout d\u2019abord pr\u00e9f\u00e9rable d\u2019acheter une voiture d\u2019occasion. L\u2019id\u00e9al est, d\u2019ailleurs, qu\u2019elle affiche au moins 5 ans d\u2019anciennet\u00e9 et 100.000 km au compteur. Pr\u00e9f\u00e9rez \u00e9galement un mod\u00e8le dot\u00e9 d\u2019une puissance modeste pour diminuer le prix de l\u2019assurance. En ce qui concerne la motorisation, c\u2019est g\u00e9n\u00e9ralement l\u2019essence qui est \u00e0 privil\u00e9gier. Int\u00e9ressez-vous \u00e9galement au prix des pi\u00e8ces d\u00e9tach\u00e9es de votre voiture, car cela a une grande importance en cas de r\u00e9paration. Enfin, achetez plut\u00f4t une voiture riche en mati\u00e8re d\u2019\u00e9quipements de s\u00e9curit\u00e9 et d\u2019aide \u00e0 la conduite. Cela diminue les risques d\u2019accident aux yeux des assureurs.<\/p>\n<p>Pour b\u00e9n\u00e9ficier de la meilleure assurance auto jeune conducteur, r\u00e9alisez une simulation pour g\u00e9n\u00e9rer un devis gratuit. La plupart des assureurs auto proposent un outil en ligne permettant d\u2019estimer le taux de cotisation correspondant \u00e0 votre voiture. Sinon, faites appel \u00e0 un conseiller en assurance auto pour \u00e9tablir votre devis. Souscrivez, enfin, \u00e0 l\u2019offre qui procure le plus de couvertures et dont le prix entre dans votre ligne budg\u00e9taire.<\/p>\n","titre":"texte2","image":false,"image_libre":false,"image_800x500":false,"legende":"","zoom":false,"texte":"","articles":false,"categorie_droite":false,"images":false,"elements_comparatif":false,"texte_1":"","texte_2":"","image_1":false,"image_1_563x400":false,"image_1_332x332":false,"image_2":false,"image_2_333x240":false,"image_2_563x400":false,"image_3":false,"image_3_333x240":false,"image_3_332x450":false,"image_4":false,"image_4_332x332":false,"image_4_563x400":false,"code_embed":"","legende_video":"","photo":false,"photo_100x100":false,"nom":"","fonction":"","elements_timeline":false,"entetes_colonnes":false,"entetes_lignes":false,"lignes":false,"introduction":"","formulaire":false,"question":"","reponse":"","libelle_bouton_lien":"","url_lien":"","questions":false,"conclusions":false,"pays":false,"region":false,"marque":false,"marqueConcessions":false,"modele":false,"ptvente":false,"typeV":false,"collection":false,"nombre_maximum_elements":10,"lien_fin_carousel":"","texte_lien_fin_carousel":"","trier_par":false},{"type_strate":"texte-simple","ancre":"","contenu":"<h2>Les voitures les moins ch\u00e8res \u00e0 assurer pour chaque cat\u00e9gorie<\/h2>\n<p>L\u2019Argus a effectu\u00e9 un classement des voitures les moins ch\u00e8res \u00e0 assurer et les plus adapt\u00e9es aux jeunes conducteurs. On vous en pr\u00e9sente les r\u00e9sultats dans chaque cat\u00e9gorie de v\u00e9hicule.<\/p>\n","titre":"Texte 3","image":false,"image_libre":false,"image_800x500":false,"legende":"","zoom":false,"texte":"","articles":false,"categorie_droite":false,"images":false,"elements_comparatif":false,"texte_1":"","texte_2":"","image_1":{"ID":1036,"id":1036,"title":"Peugeot 5008 voiture bleue","filename":"PEUGEOT_5008_0709STYP_200.jpg","filesize":0,"url":"https:\/\/www.bymycar.fr\/webzine\/wp-content\/uploads\/2017\/07\/PEUGEOT_5008_0709STYP_200.jpg","link":"https:\/\/www.bymycar.fr\/webzine\/peugeot-suv-5008-7-places-1-001-possibilites\/peugeot_5008_0709styp_200\/","alt":"Peugeot 5008 voiture bleue","author":"1","description":"Peugeot 5008 voiture bleue","caption":"","name":"peugeot_5008_0709styp_200","status":"inherit","uploaded_to":720,"date":"2017-07-10 16:09:17","modified":"2017-07-11 09:25:34","menu_order":0,"mime_type":"image\/jpeg","type":"image","subtype":"jpeg","icon":"https:\/\/www.bymycar.fr\/webzine\/wp-includes\/images\/media\/default.png","width":800,"height":532,"sizes":{"thumbnail":"https:\/\/www.bymycar.fr\/webzine\/wp-content\/uploads\/2017\/07\/PEUGEOT_5008_0709STYP_200-150x150.jpg","thumbnail-width":150,"thumbnail-height":150,"medium":"https:\/\/www.bymycar.fr\/webzine\/wp-content\/uploads\/2017\/07\/PEUGEOT_5008_0709STYP_200-300x200.jpg","medium-width":300,"medium-height":200,"medium_large":"https:\/\/www.bymycar.fr\/webzine\/wp-content\/uploads\/2017\/07\/PEUGEOT_5008_0709STYP_200-768x511.jpg","medium_large-width":768,"medium_large-height":511,"large":"https:\/\/www.bymycar.fr\/webzine\/wp-content\/uploads\/2017\/07\/PEUGEOT_5008_0709STYP_200.jpg","large-width":800,"large-height":532,"1536x1536":"https:\/\/www.bymycar.fr\/webzine\/wp-content\/uploads\/2017\/07\/PEUGEOT_5008_0709STYP_200.jpg","1536x1536-width":800,"1536x1536-height":532,"2048x2048":"https:\/\/www.bymycar.fr\/webzine\/wp-content\/uploads\/2017\/07\/PEUGEOT_5008_0709STYP_200.jpg","2048x2048-width":800,"2048x2048-height":532}},"image_1_563x400":false,"image_1_332x332":false,"image_2":{"ID":980,"id":980,"title":"lodgy","filename":"lodgy-e1501596414270.jpg","filesize":0,"url":"https:\/\/www.bymycar.fr\/webzine\/wp-content\/uploads\/2017\/07\/lodgy-e1501596414270.jpg","link":"https:\/\/www.bymycar.fr\/webzine\/nouveaux-dacia-lodgy-dacia-dokker-duo-de-choc\/lodgy\/","alt":"","author":"1","description":"","caption":"","name":"lodgy","status":"inherit","uploaded_to":646,"date":"2017-07-06 15:52:37","modified":"2017-08-01 14:06:57","menu_order":0,"mime_type":"image\/jpeg","type":"image","subtype":"jpeg","icon":"https:\/\/www.bymycar.fr\/webzine\/wp-includes\/images\/media\/default.png","width":1387,"height":790,"sizes":{"thumbnail":"https:\/\/www.bymycar.fr\/webzine\/wp-content\/uploads\/2017\/07\/lodgy-e1501596414270-150x150.jpg","thumbnail-width":150,"thumbnail-height":150,"medium":"https:\/\/www.bymycar.fr\/webzine\/wp-content\/uploads\/2017\/07\/lodgy-e1501596414270-300x171.jpg","medium-width":300,"medium-height":171,"medium_large":"https:\/\/www.bymycar.fr\/webzine\/wp-content\/uploads\/2017\/07\/lodgy-e1501596414270-768x437.jpg","medium_large-width":768,"medium_large-height":437,"large":"https:\/\/www.bymycar.fr\/webzine\/wp-content\/uploads\/2017\/07\/lodgy-e1501596414270-1024x583.jpg","large-width":1024,"large-height":583,"1536x1536":"https:\/\/www.bymycar.fr\/webzine\/wp-content\/uploads\/2017\/07\/lodgy-e1501596414270.jpg","1536x1536-width":1387,"1536x1536-height":790,"2048x2048":"https:\/\/www.bymycar.fr\/webzine\/wp-content\/uploads\/2017\/07\/lodgy-e1501596414270.jpg","2048x2048-width":1387,"2048x2048-height":790}},"image_2_333x240":false,"image_2_563x400":false,"image_3":{"ID":1029,"id":1029,"title":"Peugeot 5008 voiture bleue","filename":"PEUGEOT_5008_0709STYP_103-e1499765930308.jpg","filesize":0,"url":"https:\/\/www.bymycar.fr\/webzine\/wp-content\/uploads\/2017\/07\/PEUGEOT_5008_0709STYP_103-e1499765930308.jpg","link":"https:\/\/www.bymycar.fr\/webzine\/peugeot-suv-5008-7-places-1-001-possibilites\/peugeot_5008_0709styp_103\/","alt":"Peugeot 5008 voiture bleuePeugeot 5008 voiture bleue","author":"1","description":"Peugeot 5008 voiture bleue","caption":"","name":"peugeot_5008_0709styp_103","status":"inherit","uploaded_to":720,"date":"2017-07-10 16:09:03","modified":"2017-07-11 09:38:53","menu_order":0,"mime_type":"image\/jpeg","type":"image","subtype":"jpeg","icon":"https:\/\/www.bymycar.fr\/webzine\/wp-includes\/images\/media\/default.png","width":518,"height":507,"sizes":{"thumbnail":"https:\/\/www.bymycar.fr\/webzine\/wp-content\/uploads\/2017\/07\/PEUGEOT_5008_0709STYP_103-e1499765930308-150x150.jpg","thumbnail-width":150,"thumbnail-height":150,"medium":"https:\/\/www.bymycar.fr\/webzine\/wp-content\/uploads\/2017\/07\/PEUGEOT_5008_0709STYP_103-e1499765930308-300x294.jpg","medium-width":300,"medium-height":294,"medium_large":"https:\/\/www.bymycar.fr\/webzine\/wp-content\/uploads\/2017\/07\/PEUGEOT_5008_0709STYP_103-e1499765930308.jpg","medium_large-width":518,"medium_large-height":507,"large":"https:\/\/www.bymycar.fr\/webzine\/wp-content\/uploads\/2017\/07\/PEUGEOT_5008_0709STYP_103-e1499765930308.jpg","large-width":518,"large-height":507,"1536x1536":"https:\/\/www.bymycar.fr\/webzine\/wp-content\/uploads\/2017\/07\/PEUGEOT_5008_0709STYP_103-e1499765930308.jpg","1536x1536-width":518,"1536x1536-height":507,"2048x2048":"https:\/\/www.bymycar.fr\/webzine\/wp-content\/uploads\/2017\/07\/PEUGEOT_5008_0709STYP_103-e1499765930308.jpg","2048x2048-width":518,"2048x2048-height":507}},"image_3_333x240":false,"image_3_332x450":false,"image_4":false,"image_4_332x332":false,"image_4_563x400":false,"code_embed":"","legende_video":"","photo":false,"photo_100x100":false,"nom":"","fonction":"","elements_timeline":false,"entetes_colonnes":false,"entetes_lignes":false,"lignes":false,"introduction":"","formulaire":false,"question":"","reponse":"","libelle_bouton_lien":"","url_lien":"","questions":false,"conclusions":false,"pays":false,"region":false,"marque":false,"marqueConcessions":false,"modele":false,"ptvente":false,"typeV":false,"collection":false,"nombre_maximum_elements":10,"lien_fin_carousel":"","texte_lien_fin_carousel":"","trier_par":false},{"type_strate":"texte-simple","ancre":"","contenu":"<h3>Quelles sont les citadines les moins ch\u00e8res \u00e0 assurer ?<\/h3>\n<p>Parmi les citadines, le mod\u00e8le le moins cher \u00e0 assurer est la Citro\u00ebn C1. Viennent, ensuite, des voitures incontournables, \u00e0 savoir la Fiat 500, la Peugeot 107 et la Renault Twingo. Notez \u00e9galement que les citadines sont les mod\u00e8les les plus \u00e9conomiques \u00e0 assurer toutes les cat\u00e9gories confondues.<\/p>\n","titre":"texte 4","image":false,"image_libre":false,"image_800x500":false,"legende":"","zoom":false,"texte":"","articles":false,"categorie_droite":false,"images":false,"elements_comparatif":false,"texte_1":"","texte_2":"","image_1":false,"image_1_563x400":false,"image_1_332x332":false,"image_2":false,"image_2_333x240":false,"image_2_563x400":false,"image_3":false,"image_3_333x240":false,"image_3_332x450":false,"image_4":false,"image_4_332x332":false,"image_4_563x400":false,"code_embed":"","legende_video":"","photo":false,"photo_100x100":false,"nom":"","fonction":"","elements_timeline":false,"entetes_colonnes":false,"entetes_lignes":false,"lignes":false,"introduction":"","formulaire":false,"question":"","reponse":"","libelle_bouton_lien":"","url_lien":"","questions":false,"conclusions":false,"pays":false,"region":false,"marque":false,"marqueConcessions":false,"modele":false,"ptvente":false,"typeV":false,"collection":false,"nombre_maximum_elements":10,"lien_fin_carousel":"","texte_lien_fin_carousel":"","trier_par":false},{"type_strate":"image","ancre":"","contenu":"","titre":"","image":false,"image_libre":false,"image_800x500":false,"legende":"","zoom":false,"texte":"","articles":false,"categorie_droite":false,"images":[{"image":{"ID":946,"id":946,"title":"FIAT500 rouge vue arrie\u0300re","filename":"fiat500-rouge-vue-arriere.jpg","filesize":0,"url":"https:\/\/www.bymycar.fr\/webzine\/wp-content\/uploads\/2017\/06\/fiat500-rouge-vue-arriere.jpg","link":"https:\/\/www.bymycar.fr\/webzine\/on-craque-voitures-modernes-design-vintage\/fiat-500-2014\/","alt":"voiture FIAT500 rouge vue arrie\u0300re gar\u00e9e dans la rue","author":"1","description":"voiture FIAT500 rouge vue arrie\u0300re gar\u00e9e dans la rue","caption":"","name":"fiat-500-2014","status":"inherit","uploaded_to":561,"date":"2017-07-05 09:38:19","modified":"2018-04-17 09:59:56","menu_order":0,"mime_type":"image\/jpeg","type":"image","subtype":"jpeg","icon":"https:\/\/www.bymycar.fr\/webzine\/wp-includes\/images\/media\/default.png","width":3000,"height":2000,"sizes":{"thumbnail":"https:\/\/www.bymycar.fr\/webzine\/wp-content\/uploads\/2017\/06\/fiat500-rouge-vue-arriere-150x150.jpg","thumbnail-width":150,"thumbnail-height":150,"medium":"https:\/\/www.bymycar.fr\/webzine\/wp-content\/uploads\/2017\/06\/fiat500-rouge-vue-arriere-300x200.jpg","medium-width":300,"medium-height":200,"medium_large":"https:\/\/www.bymycar.fr\/webzine\/wp-content\/uploads\/2017\/06\/fiat500-rouge-vue-arriere-768x512.jpg","medium_large-width":768,"medium_large-height":512,"large":"https:\/\/www.bymycar.fr\/webzine\/wp-content\/uploads\/2017\/06\/fiat500-rouge-vue-arriere-1024x683.jpg","large-width":1024,"large-height":683,"1536x1536":"https:\/\/www.bymycar.fr\/webzine\/wp-content\/uploads\/2017\/06\/fiat500-rouge-vue-arriere.jpg","1536x1536-width":1536,"1536x1536-height":1024,"2048x2048":"https:\/\/www.bymycar.fr\/webzine\/wp-content\/uploads\/2017\/06\/fiat500-rouge-vue-arriere.jpg","2048x2048-width":2048,"2048x2048-height":1365}},"image_1600x700":false,"image_920x500":{"ID":946,"id":946,"title":"FIAT500 rouge vue arrie\u0300re","filename":"fiat500-rouge-vue-arriere.jpg","filesize":0,"url":"https:\/\/www.bymycar.fr\/webzine\/wp-content\/uploads\/2017\/06\/fiat500-rouge-vue-arriere.jpg","link":"https:\/\/www.bymycar.fr\/webzine\/on-craque-voitures-modernes-design-vintage\/fiat-500-2014\/","alt":"voiture FIAT500 rouge vue arrie\u0300re gar\u00e9e dans la rue","author":"1","description":"voiture FIAT500 rouge vue arrie\u0300re gar\u00e9e dans la rue","caption":"","name":"fiat-500-2014","status":"inherit","uploaded_to":561,"date":"2017-07-05 09:38:19","modified":"2018-04-17 09:59:56","menu_order":0,"mime_type":"image\/jpeg","type":"image","subtype":"jpeg","icon":"https:\/\/www.bymycar.fr\/webzine\/wp-includes\/images\/media\/default.png","width":3000,"height":2000,"sizes":{"thumbnail":"https:\/\/www.bymycar.fr\/webzine\/wp-content\/uploads\/2017\/06\/fiat500-rouge-vue-arriere-150x150.jpg","thumbnail-width":150,"thumbnail-height":150,"medium":"https:\/\/www.bymycar.fr\/webzine\/wp-content\/uploads\/2017\/06\/fiat500-rouge-vue-arriere-300x200.jpg","medium-width":300,"medium-height":200,"medium_large":"https:\/\/www.bymycar.fr\/webzine\/wp-content\/uploads\/2017\/06\/fiat500-rouge-vue-arriere-768x512.jpg","medium_large-width":768,"medium_large-height":512,"large":"https:\/\/www.bymycar.fr\/webzine\/wp-content\/uploads\/2017\/06\/fiat500-rouge-vue-arriere-1024x683.jpg","large-width":1024,"large-height":683,"1536x1536":"https:\/\/www.bymycar.fr\/webzine\/wp-content\/uploads\/2017\/06\/fiat500-rouge-vue-arriere.jpg","1536x1536-width":1536,"1536x1536-height":1024,"2048x2048":"https:\/\/www.bymycar.fr\/webzine\/wp-content\/uploads\/2017\/06\/fiat500-rouge-vue-arriere.jpg","2048x2048-width":2048,"2048x2048-height":1365}},"legende":""}],"elements_comparatif":false,"texte_1":"","texte_2":"","image_1":false,"image_1_563x400":false,"image_1_332x332":false,"image_2":false,"image_2_333x240":false,"image_2_563x400":false,"image_3":false,"image_3_333x240":false,"image_3_332x450":false,"image_4":false,"image_4_332x332":false,"image_4_563x400":false,"code_embed":"","legende_video":"","photo":false,"photo_100x100":false,"nom":"","fonction":"","elements_timeline":false,"entetes_colonnes":false,"entetes_lignes":false,"lignes":false,"introduction":"","formulaire":false,"question":"","reponse":"","libelle_bouton_lien":"","url_lien":"","questions":false,"conclusions":false,"pays":false,"region":false,"marque":false,"marqueConcessions":false,"modele":false,"ptvente":false,"typeV":false,"collection":false,"nombre_maximum_elements":10,"lien_fin_carousel":"","texte_lien_fin_carousel":"","trier_par":false},{"type_strate":"texte-simple","ancre":"","contenu":"<h3>Les polyvalentes avec l\u2019assurance auto la moins \u00e9lev\u00e9e<\/h3>\n<p>Vous \u00eates jeune conducteur et vous souhaitez assurer une polyvalente ? Pour payer votre assurance automobile moins cher, il vous faut vous diriger de pr\u00e9f\u00e9rence vers la Dacia Sandero. Derri\u00e8re elle, on retrouve la Nissan Micra, la Seat Ibiza et la Peugeot 208.<\/p>\n","titre":"texte5","image":false,"image_libre":false,"image_800x500":false,"legende":"","zoom":false,"texte":"","articles":false,"categorie_droite":false,"images":false,"elements_comparatif":false,"texte_1":"","texte_2":"","image_1":false,"image_1_563x400":false,"image_1_332x332":false,"image_2":false,"image_2_333x240":false,"image_2_563x400":false,"image_3":false,"image_3_333x240":false,"image_3_332x450":false,"image_4":false,"image_4_332x332":false,"image_4_563x400":false,"code_embed":"","legende_video":"","photo":false,"photo_100x100":false,"nom":"","fonction":"","elements_timeline":false,"entetes_colonnes":false,"entetes_lignes":false,"lignes":false,"introduction":"","formulaire":false,"question":"","reponse":"","libelle_bouton_lien":"","url_lien":"","questions":false,"conclusions":false,"pays":false,"region":false,"marque":false,"marqueConcessions":false,"modele":false,"ptvente":false,"typeV":false,"collection":false,"nombre_maximum_elements":10,"lien_fin_carousel":"","texte_lien_fin_carousel":"","trier_par":false},{"type_strate":"mosaique-3","ancre":"","contenu":"","titre":"","image":false,"image_libre":false,"image_800x500":false,"legende":"","zoom":false,"texte":"","articles":false,"categorie_droite":false,"images":false,"elements_comparatif":false,"texte_1":"","texte_2":"","image_1":{"ID":907,"id":907,"title":"voiture 2017 Nissan Micra","filename":"2017-Nissan-Micra-cote-e1499242829857.jpg","filesize":0,"url":"https:\/\/www.bymycar.fr\/webzine\/wp-content\/uploads\/2017\/07\/2017-Nissan-Micra-cote-e1499242829857.jpg","link":"https:\/\/www.bymycar.fr\/webzine\/sortie-skoda-kodiaq-petit-suv-grandes-familles\/2017-nissan-micra-2\/","alt":"voiture 2017 Nissan Micra grise vue avant","author":"1","description":"voiture 2017 Nissan Micra grise vue avant","caption":"","name":"2017-nissan-micra-2","status":"inherit","uploaded_to":733,"date":"2017-07-05 08:09:51","modified":"2017-07-11 10:18:06","menu_order":0,"mime_type":"image\/jpeg","type":"image","subtype":"jpeg","icon":"https:\/\/www.bymycar.fr\/webzine\/wp-includes\/images\/media\/default.png","width":5760,"height":3840,"sizes":{"thumbnail":"https:\/\/www.bymycar.fr\/webzine\/wp-content\/uploads\/2017\/07\/2017-Nissan-Micra-cote-e1499242829857-150x150.jpg","thumbnail-width":150,"thumbnail-height":150,"medium":"https:\/\/www.bymycar.fr\/webzine\/wp-content\/uploads\/2017\/07\/2017-Nissan-Micra-cote-e1499242829857-300x200.jpg","medium-width":300,"medium-height":200,"medium_large":"https:\/\/www.bymycar.fr\/webzine\/wp-content\/uploads\/2017\/07\/2017-Nissan-Micra-cote-e1499242829857-768x512.jpg","medium_large-width":768,"medium_large-height":512,"large":"https:\/\/www.bymycar.fr\/webzine\/wp-content\/uploads\/2017\/07\/2017-Nissan-Micra-cote-e1499242829857-1024x683.jpg","large-width":1024,"large-height":683,"1536x1536":"https:\/\/www.bymycar.fr\/webzine\/wp-content\/uploads\/2017\/07\/2017-Nissan-Micra-cote-e1499242829857.jpg","1536x1536-width":1536,"1536x1536-height":1024,"2048x2048":"https:\/\/www.bymycar.fr\/webzine\/wp-content\/uploads\/2017\/07\/2017-Nissan-Micra-cote-e1499242829857.jpg","2048x2048-width":2048,"2048x2048-height":1365}},"image_1_563x400":false,"image_1_332x332":{"ID":907,"id":907,"title":"voiture 2017 Nissan Micra","filename":"2017-Nissan-Micra-cote-e1499242829857.jpg","filesize":0,"url":"https:\/\/www.bymycar.fr\/webzine\/wp-content\/uploads\/2017\/07\/2017-Nissan-Micra-cote-e1499242829857.jpg","link":"https:\/\/www.bymycar.fr\/webzine\/sortie-skoda-kodiaq-petit-suv-grandes-familles\/2017-nissan-micra-2\/","alt":"voiture 2017 Nissan Micra grise vue avant","author":"1","description":"voiture 2017 Nissan Micra grise vue avant","caption":"","name":"2017-nissan-micra-2","status":"inherit","uploaded_to":733,"date":"2017-07-05 08:09:51","modified":"2017-07-11 10:18:06","menu_order":0,"mime_type":"image\/jpeg","type":"image","subtype":"jpeg","icon":"https:\/\/www.bymycar.fr\/webzine\/wp-includes\/images\/media\/default.png","width":5760,"height":3840,"sizes":{"thumbnail":"https:\/\/www.bymycar.fr\/webzine\/wp-content\/uploads\/2017\/07\/2017-Nissan-Micra-cote-e1499242829857-150x150.jpg","thumbnail-width":150,"thumbnail-height":150,"medium":"https:\/\/www.bymycar.fr\/webzine\/wp-content\/uploads\/2017\/07\/2017-Nissan-Micra-cote-e1499242829857-300x200.jpg","medium-width":300,"medium-height":200,"medium_large":"https:\/\/www.bymycar.fr\/webzine\/wp-content\/uploads\/2017\/07\/2017-Nissan-Micra-cote-e1499242829857-768x512.jpg","medium_large-width":768,"medium_large-height":512,"large":"https:\/\/www.bymycar.fr\/webzine\/wp-content\/uploads\/2017\/07\/2017-Nissan-Micra-cote-e1499242829857-1024x683.jpg","large-width":1024,"large-height":683,"1536x1536":"https:\/\/www.bymycar.fr\/webzine\/wp-content\/uploads\/2017\/07\/2017-Nissan-Micra-cote-e1499242829857.jpg","1536x1536-width":1536,"1536x1536-height":1024,"2048x2048":"https:\/\/www.bymycar.fr\/webzine\/wp-content\/uploads\/2017\/07\/2017-Nissan-Micra-cote-e1499242829857.jpg","2048x2048-width":2048,"2048x2048-height":1365}},"image_2":{"ID":464,"id":464,"title":"peugeot_208gti","filename":"peugeot_208gti.jpg","filesize":0,"url":"https:\/\/www.bymycar.fr\/webzine\/wp-content\/uploads\/2017\/06\/peugeot_208gti.jpg","link":"https:\/\/www.bymycar.fr\/webzine\/automobile-sportive\/peugeot_208gti_mosai%cc%88que3\/","alt":"peugeot_208gti","author":"1","description":"peugeot_208gti","caption":"","name":"peugeot_208gti_mosai%cc%88que3","status":"inherit","uploaded_to":442,"date":"2017-06-28 13:28:11","modified":"2018-04-17 10:39:42","menu_order":0,"mime_type":"image\/jpeg","type":"image","subtype":"jpeg","icon":"https:\/\/www.bymycar.fr\/webzine\/wp-includes\/images\/media\/default.png","width":1920,"height":1080,"sizes":{"thumbnail":"https:\/\/www.bymycar.fr\/webzine\/wp-content\/uploads\/2017\/06\/peugeot_208gti-150x150.jpg","thumbnail-width":150,"thumbnail-height":150,"medium":"https:\/\/www.bymycar.fr\/webzine\/wp-content\/uploads\/2017\/06\/peugeot_208gti-300x169.jpg","medium-width":300,"medium-height":169,"medium_large":"https:\/\/www.bymycar.fr\/webzine\/wp-content\/uploads\/2017\/06\/peugeot_208gti-768x432.jpg","medium_large-width":768,"medium_large-height":432,"large":"https:\/\/www.bymycar.fr\/webzine\/wp-content\/uploads\/2017\/06\/peugeot_208gti-1024x576.jpg","large-width":1024,"large-height":576,"1536x1536":"https:\/\/www.bymycar.fr\/webzine\/wp-content\/uploads\/2017\/06\/peugeot_208gti.jpg","1536x1536-width":1536,"1536x1536-height":864,"2048x2048":"https:\/\/www.bymycar.fr\/webzine\/wp-content\/uploads\/2017\/06\/peugeot_208gti.jpg","2048x2048-width":1920,"2048x2048-height":1080}},"image_2_333x240":false,"image_2_563x400":{"ID":464,"id":464,"title":"peugeot_208gti","filename":"peugeot_208gti.jpg","filesize":0,"url":"https:\/\/www.bymycar.fr\/webzine\/wp-content\/uploads\/2017\/06\/peugeot_208gti.jpg","link":"https:\/\/www.bymycar.fr\/webzine\/automobile-sportive\/peugeot_208gti_mosai%cc%88que3\/","alt":"peugeot_208gti","author":"1","description":"peugeot_208gti","caption":"","name":"peugeot_208gti_mosai%cc%88que3","status":"inherit","uploaded_to":442,"date":"2017-06-28 13:28:11","modified":"2018-04-17 10:39:42","menu_order":0,"mime_type":"image\/jpeg","type":"image","subtype":"jpeg","icon":"https:\/\/www.bymycar.fr\/webzine\/wp-includes\/images\/media\/default.png","width":1920,"height":1080,"sizes":{"thumbnail":"https:\/\/www.bymycar.fr\/webzine\/wp-content\/uploads\/2017\/06\/peugeot_208gti-150x150.jpg","thumbnail-width":150,"thumbnail-height":150,"medium":"https:\/\/www.bymycar.fr\/webzine\/wp-content\/uploads\/2017\/06\/peugeot_208gti-300x169.jpg","medium-width":300,"medium-height":169,"medium_large":"https:\/\/www.bymycar.fr\/webzine\/wp-content\/uploads\/2017\/06\/peugeot_208gti-768x432.jpg","medium_large-width":768,"medium_large-height":432,"large":"https:\/\/www.bymycar.fr\/webzine\/wp-content\/uploads\/2017\/06\/peugeot_208gti-1024x576.jpg","large-width":1024,"large-height":576,"1536x1536":"https:\/\/www.bymycar.fr\/webzine\/wp-content\/uploads\/2017\/06\/peugeot_208gti.jpg","1536x1536-width":1536,"1536x1536-height":864,"2048x2048":"https:\/\/www.bymycar.fr\/webzine\/wp-content\/uploads\/2017\/06\/peugeot_208gti.jpg","2048x2048-width":1920,"2048x2048-height":1080}},"image_3":{"ID":1083,"id":1083,"title":"SEAT Ibiza","filename":"Seat-ibiza-e1499768395759.jpg","filesize":0,"url":"https:\/\/www.bymycar.fr\/webzine\/wp-content\/uploads\/2017\/07\/Seat-ibiza-e1499768395759.jpg","link":"https:\/\/www.bymycar.fr\/webzine\/assurance-jeune-conducteur-modeles-plus-adaptes\/seat-ibiza\/","alt":"voiture blanche SEAT Ibiza","author":"1","description":"voiture blanche SEAT Ibiza","caption":"","name":"seat-ibiza","status":"inherit","uploaded_to":576,"date":"2017-07-11 10:10:14","modified":"2017-07-11 10:19:59","menu_order":0,"mime_type":"image\/jpeg","type":"image","subtype":"jpeg","icon":"https:\/\/www.bymycar.fr\/webzine\/wp-includes\/images\/media\/default.png","width":1281,"height":1659,"sizes":{"thumbnail":"https:\/\/www.bymycar.fr\/webzine\/wp-content\/uploads\/2017\/07\/Seat-ibiza-e1499768395759-150x150.jpg","thumbnail-width":150,"thumbnail-height":150,"medium":"https:\/\/www.bymycar.fr\/webzine\/wp-content\/uploads\/2017\/07\/Seat-ibiza-e1499768395759-232x300.jpg","medium-width":232,"medium-height":300,"medium_large":"https:\/\/www.bymycar.fr\/webzine\/wp-content\/uploads\/2017\/07\/Seat-ibiza-e1499768395759-768x995.jpg","medium_large-width":768,"medium_large-height":995,"large":"https:\/\/www.bymycar.fr\/webzine\/wp-content\/uploads\/2017\/07\/Seat-ibiza-e1499768395759-791x1024.jpg","large-width":791,"large-height":1024,"1536x1536":"https:\/\/www.bymycar.fr\/webzine\/wp-content\/uploads\/2017\/07\/Seat-ibiza-e1499768395759.jpg","1536x1536-width":1186,"1536x1536-height":1536,"2048x2048":"https:\/\/www.bymycar.fr\/webzine\/wp-content\/uploads\/2017\/07\/Seat-ibiza-e1499768395759.jpg","2048x2048-width":1281,"2048x2048-height":1659}},"image_3_333x240":false,"image_3_332x450":{"ID":1083,"id":1083,"title":"SEAT Ibiza","filename":"Seat-ibiza-e1499768395759.jpg","filesize":0,"url":"https:\/\/www.bymycar.fr\/webzine\/wp-content\/uploads\/2017\/07\/Seat-ibiza-e1499768395759.jpg","link":"https:\/\/www.bymycar.fr\/webzine\/assurance-jeune-conducteur-modeles-plus-adaptes\/seat-ibiza\/","alt":"voiture blanche SEAT Ibiza","author":"1","description":"voiture blanche SEAT Ibiza","caption":"","name":"seat-ibiza","status":"inherit","uploaded_to":576,"date":"2017-07-11 10:10:14","modified":"2017-07-11 10:19:59","menu_order":0,"mime_type":"image\/jpeg","type":"image","subtype":"jpeg","icon":"https:\/\/www.bymycar.fr\/webzine\/wp-includes\/images\/media\/default.png","width":1281,"height":1659,"sizes":{"thumbnail":"https:\/\/www.bymycar.fr\/webzine\/wp-content\/uploads\/2017\/07\/Seat-ibiza-e1499768395759-150x150.jpg","thumbnail-width":150,"thumbnail-height":150,"medium":"https:\/\/www.bymycar.fr\/webzine\/wp-content\/uploads\/2017\/07\/Seat-ibiza-e1499768395759-232x300.jpg","medium-width":232,"medium-height":300,"medium_large":"https:\/\/www.bymycar.fr\/webzine\/wp-content\/uploads\/2017\/07\/Seat-ibiza-e1499768395759-768x995.jpg","medium_large-width":768,"medium_large-height":995,"large":"https:\/\/www.bymycar.fr\/webzine\/wp-content\/uploads\/2017\/07\/Seat-ibiza-e1499768395759-791x1024.jpg","large-width":791,"large-height":1024,"1536x1536":"https:\/\/www.bymycar.fr\/webzine\/wp-content\/uploads\/2017\/07\/Seat-ibiza-e1499768395759.jpg","1536x1536-width":1186,"1536x1536-height":1536,"2048x2048":"https:\/\/www.bymycar.fr\/webzine\/wp-content\/uploads\/2017\/07\/Seat-ibiza-e1499768395759.jpg","2048x2048-width":1281,"2048x2048-height":1659}},"image_4":false,"image_4_332x332":false,"image_4_563x400":false,"code_embed":"","legende_video":"","photo":false,"photo_100x100":false,"nom":"","fonction":"","elements_timeline":false,"entetes_colonnes":false,"entetes_lignes":false,"lignes":false,"introduction":"","formulaire":false,"question":"","reponse":"","libelle_bouton_lien":"","url_lien":"","questions":false,"conclusions":false,"pays":false,"region":false,"marque":false,"marqueConcessions":false,"modele":false,"ptvente":false,"typeV":false,"collection":false,"nombre_maximum_elements":10,"lien_fin_carousel":"","texte_lien_fin_carousel":"","trier_par":false},{"type_strate":"texte-simple","ancre":"","contenu":"<h3>Jeune conducteur : quel monospace acheter pour baisser le prix de son assurance auto ?<\/h3>\n<p>En ce qui concerne les monospaces\/ludospaces, il est pr\u00e9f\u00e9rable d\u2019acheter un Dacia Lodgy pour b\u00e9n\u00e9ficier d\u2019une assurance auto moins ch\u00e8re. Dans la m\u00eame gamme de prix, on retrouve le Dacia Dokker, la Peugeot 5008 et la Citro\u00ebn Berlingo.<\/p>\n","titre":"texte 8","image":false,"image_libre":false,"image_800x500":false,"legende":"","zoom":false,"texte":"","articles":false,"categorie_droite":false,"images":false,"elements_comparatif":false,"texte_1":"","texte_2":"","image_1":false,"image_1_563x400":false,"image_1_332x332":false,"image_2":false,"image_2_333x240":false,"image_2_563x400":false,"image_3":false,"image_3_333x240":false,"image_3_332x450":false,"image_4":false,"image_4_332x332":false,"image_4_563x400":false,"code_embed":"","legende_video":"","photo":false,"photo_100x100":false,"nom":"","fonction":"","elements_timeline":false,"entetes_colonnes":false,"entetes_lignes":false,"lignes":false,"introduction":"","formulaire":false,"question":"","reponse":"","libelle_bouton_lien":"","url_lien":"","questions":false,"conclusions":false,"pays":false,"region":false,"marque":false,"marqueConcessions":false,"modele":false,"ptvente":false,"typeV":false,"collection":false,"nombre_maximum_elements":10,"lien_fin_carousel":"","texte_lien_fin_carousel":"","trier_par":false},{"type_strate":"mosaique-3","ancre":"","contenu":"","titre":"","image":false,"image_libre":false,"image_800x500":false,"legende":"","zoom":false,"texte":"","articles":false,"categorie_droite":false,"images":false,"elements_comparatif":false,"texte_1":"","texte_2":"","image_1":{"ID":1036,"id":1036,"title":"Peugeot 5008 voiture bleue","filename":"PEUGEOT_5008_0709STYP_200.jpg","filesize":0,"url":"https:\/\/www.bymycar.fr\/webzine\/wp-content\/uploads\/2017\/07\/PEUGEOT_5008_0709STYP_200.jpg","link":"https:\/\/www.bymycar.fr\/webzine\/peugeot-suv-5008-7-places-1-001-possibilites\/peugeot_5008_0709styp_200\/","alt":"Peugeot 5008 voiture bleue","author":"1","description":"Peugeot 5008 voiture bleue","caption":"","name":"peugeot_5008_0709styp_200","status":"inherit","uploaded_to":720,"date":"2017-07-10 16:09:17","modified":"2017-07-11 09:25:34","menu_order":0,"mime_type":"image\/jpeg","type":"image","subtype":"jpeg","icon":"https:\/\/www.bymycar.fr\/webzine\/wp-includes\/images\/media\/default.png","width":800,"height":532,"sizes":{"thumbnail":"https:\/\/www.bymycar.fr\/webzine\/wp-content\/uploads\/2017\/07\/PEUGEOT_5008_0709STYP_200-150x150.jpg","thumbnail-width":150,"thumbnail-height":150,"medium":"https:\/\/www.bymycar.fr\/webzine\/wp-content\/uploads\/2017\/07\/PEUGEOT_5008_0709STYP_200-300x200.jpg","medium-width":300,"medium-height":200,"medium_large":"https:\/\/www.bymycar.fr\/webzine\/wp-content\/uploads\/2017\/07\/PEUGEOT_5008_0709STYP_200-768x511.jpg","medium_large-width":768,"medium_large-height":511,"large":"https:\/\/www.bymycar.fr\/webzine\/wp-content\/uploads\/2017\/07\/PEUGEOT_5008_0709STYP_200.jpg","large-width":800,"large-height":532,"1536x1536":"https:\/\/www.bymycar.fr\/webzine\/wp-content\/uploads\/2017\/07\/PEUGEOT_5008_0709STYP_200.jpg","1536x1536-width":800,"1536x1536-height":532,"2048x2048":"https:\/\/www.bymycar.fr\/webzine\/wp-content\/uploads\/2017\/07\/PEUGEOT_5008_0709STYP_200.jpg","2048x2048-width":800,"2048x2048-height":532}},"image_1_563x400":false,"image_1_332x332":{"ID":1036,"id":1036,"title":"Peugeot 5008 voiture bleue","filename":"PEUGEOT_5008_0709STYP_200.jpg","filesize":0,"url":"https:\/\/www.bymycar.fr\/webzine\/wp-content\/uploads\/2017\/07\/PEUGEOT_5008_0709STYP_200.jpg","link":"https:\/\/www.bymycar.fr\/webzine\/peugeot-suv-5008-7-places-1-001-possibilites\/peugeot_5008_0709styp_200\/","alt":"Peugeot 5008 voiture bleue","author":"1","description":"Peugeot 5008 voiture bleue","caption":"","name":"peugeot_5008_0709styp_200","status":"inherit","uploaded_to":720,"date":"2017-07-10 16:09:17","modified":"2017-07-11 09:25:34","menu_order":0,"mime_type":"image\/jpeg","type":"image","subtype":"jpeg","icon":"https:\/\/www.bymycar.fr\/webzine\/wp-includes\/images\/media\/default.png","width":800,"height":532,"sizes":{"thumbnail":"https:\/\/www.bymycar.fr\/webzine\/wp-content\/uploads\/2017\/07\/PEUGEOT_5008_0709STYP_200-150x150.jpg","thumbnail-width":150,"thumbnail-height":150,"medium":"https:\/\/www.bymycar.fr\/webzine\/wp-content\/uploads\/2017\/07\/PEUGEOT_5008_0709STYP_200-300x200.jpg","medium-width":300,"medium-height":200,"medium_large":"https:\/\/www.bymycar.fr\/webzine\/wp-content\/uploads\/2017\/07\/PEUGEOT_5008_0709STYP_200-768x511.jpg","medium_large-width":768,"medium_large-height":511,"large":"https:\/\/www.bymycar.fr\/webzine\/wp-content\/uploads\/2017\/07\/PEUGEOT_5008_0709STYP_200.jpg","large-width":800,"large-height":532,"1536x1536":"https:\/\/www.bymycar.fr\/webzine\/wp-content\/uploads\/2017\/07\/PEUGEOT_5008_0709STYP_200.jpg","1536x1536-width":800,"1536x1536-height":532,"2048x2048":"https:\/\/www.bymycar.fr\/webzine\/wp-content\/uploads\/2017\/07\/PEUGEOT_5008_0709STYP_200.jpg","2048x2048-width":800,"2048x2048-height":532}},"image_2":{"ID":980,"id":980,"title":"lodgy","filename":"lodgy-e1501596414270.jpg","filesize":0,"url":"https:\/\/www.bymycar.fr\/webzine\/wp-content\/uploads\/2017\/07\/lodgy-e1501596414270.jpg","link":"https:\/\/www.bymycar.fr\/webzine\/nouveaux-dacia-lodgy-dacia-dokker-duo-de-choc\/lodgy\/","alt":"","author":"1","description":"","caption":"","name":"lodgy","status":"inherit","uploaded_to":646,"date":"2017-07-06 15:52:37","modified":"2017-08-01 14:06:57","menu_order":0,"mime_type":"image\/jpeg","type":"image","subtype":"jpeg","icon":"https:\/\/www.bymycar.fr\/webzine\/wp-includes\/images\/media\/default.png","width":1387,"height":790,"sizes":{"thumbnail":"https:\/\/www.bymycar.fr\/webzine\/wp-content\/uploads\/2017\/07\/lodgy-e1501596414270-150x150.jpg","thumbnail-width":150,"thumbnail-height":150,"medium":"https:\/\/www.bymycar.fr\/webzine\/wp-content\/uploads\/2017\/07\/lodgy-e1501596414270-300x171.jpg","medium-width":300,"medium-height":171,"medium_large":"https:\/\/www.bymycar.fr\/webzine\/wp-content\/uploads\/2017\/07\/lodgy-e1501596414270-768x437.jpg","medium_large-width":768,"medium_large-height":437,"large":"https:\/\/www.bymycar.fr\/webzine\/wp-content\/uploads\/2017\/07\/lodgy-e1501596414270-1024x583.jpg","large-width":1024,"large-height":583,"1536x1536":"https:\/\/www.bymycar.fr\/webzine\/wp-content\/uploads\/2017\/07\/lodgy-e1501596414270.jpg","1536x1536-width":1387,"1536x1536-height":790,"2048x2048":"https:\/\/www.bymycar.fr\/webzine\/wp-content\/uploads\/2017\/07\/lodgy-e1501596414270.jpg","2048x2048-width":1387,"2048x2048-height":790}},"image_2_333x240":false,"image_2_563x400":{"ID":1410,"id":1410,"title":"lodgy","filename":"lodgy-1.jpg","filesize":0,"url":"https:\/\/www.bymycar.fr\/webzine\/wp-content\/uploads\/2017\/07\/lodgy-1.jpg","link":"https:\/\/www.bymycar.fr\/webzine\/nouveaux-dacia-lodgy-dacia-dokker-duo-de-choc\/lodgy-2\/","alt":"","author":"1","description":"","caption":"","name":"lodgy-2","status":"inherit","uploaded_to":646,"date":"2017-07-28 09:27:39","modified":"2020-01-02 10:32:55","menu_order":0,"mime_type":"image\/jpeg","type":"image","subtype":"jpeg","icon":"https:\/\/www.bymycar.fr\/webzine\/wp-includes\/images\/media\/default.png","width":1500,"height":1000,"sizes":{"thumbnail":"https:\/\/www.bymycar.fr\/webzine\/wp-content\/uploads\/2017\/07\/lodgy-1-150x150.jpg","thumbnail-width":150,"thumbnail-height":150,"medium":"https:\/\/www.bymycar.fr\/webzine\/wp-content\/uploads\/2017\/07\/lodgy-1-300x200.jpg","medium-width":300,"medium-height":200,"medium_large":"https:\/\/www.bymycar.fr\/webzine\/wp-content\/uploads\/2017\/07\/lodgy-1-768x512.jpg","medium_large-width":768,"medium_large-height":512,"large":"https:\/\/www.bymycar.fr\/webzine\/wp-content\/uploads\/2017\/07\/lodgy-1-1024x683.jpg","large-width":1024,"large-height":683,"1536x1536":"https:\/\/www.bymycar.fr\/webzine\/wp-content\/uploads\/2017\/07\/lodgy-1.jpg","1536x1536-width":1500,"1536x1536-height":1000,"2048x2048":"https:\/\/www.bymycar.fr\/webzine\/wp-content\/uploads\/2017\/07\/lodgy-1.jpg","2048x2048-width":1500,"2048x2048-height":1000}},"image_3":{"ID":1029,"id":1029,"title":"Peugeot 5008 voiture bleue","filename":"PEUGEOT_5008_0709STYP_103-e1499765930308.jpg","filesize":0,"url":"https:\/\/www.bymycar.fr\/webzine\/wp-content\/uploads\/2017\/07\/PEUGEOT_5008_0709STYP_103-e1499765930308.jpg","link":"https:\/\/www.bymycar.fr\/webzine\/peugeot-suv-5008-7-places-1-001-possibilites\/peugeot_5008_0709styp_103\/","alt":"Peugeot 5008 voiture bleuePeugeot 5008 voiture bleue","author":"1","description":"Peugeot 5008 voiture bleue","caption":"","name":"peugeot_5008_0709styp_103","status":"inherit","uploaded_to":720,"date":"2017-07-10 16:09:03","modified":"2017-07-11 09:38:53","menu_order":0,"mime_type":"image\/jpeg","type":"image","subtype":"jpeg","icon":"https:\/\/www.bymycar.fr\/webzine\/wp-includes\/images\/media\/default.png","width":518,"height":507,"sizes":{"thumbnail":"https:\/\/www.bymycar.fr\/webzine\/wp-content\/uploads\/2017\/07\/PEUGEOT_5008_0709STYP_103-e1499765930308-150x150.jpg","thumbnail-width":150,"thumbnail-height":150,"medium":"https:\/\/www.bymycar.fr\/webzine\/wp-content\/uploads\/2017\/07\/PEUGEOT_5008_0709STYP_103-e1499765930308-300x294.jpg","medium-width":300,"medium-height":294,"medium_large":"https:\/\/www.bymycar.fr\/webzine\/wp-content\/uploads\/2017\/07\/PEUGEOT_5008_0709STYP_103-e1499765930308.jpg","medium_large-width":518,"medium_large-height":507,"large":"https:\/\/www.bymycar.fr\/webzine\/wp-content\/uploads\/2017\/07\/PEUGEOT_5008_0709STYP_103-e1499765930308.jpg","large-width":518,"large-height":507,"1536x1536":"https:\/\/www.bymycar.fr\/webzine\/wp-content\/uploads\/2017\/07\/PEUGEOT_5008_0709STYP_103-e1499765930308.jpg","1536x1536-width":518,"1536x1536-height":507,"2048x2048":"https:\/\/www.bymycar.fr\/webzine\/wp-content\/uploads\/2017\/07\/PEUGEOT_5008_0709STYP_103-e1499765930308.jpg","2048x2048-width":518,"2048x2048-height":507}},"image_3_333x240":false,"image_3_332x450":{"ID":1029,"id":1029,"title":"Peugeot 5008 voiture bleue","filename":"PEUGEOT_5008_0709STYP_103-e1499765930308.jpg","filesize":0,"url":"https:\/\/www.bymycar.fr\/webzine\/wp-content\/uploads\/2017\/07\/PEUGEOT_5008_0709STYP_103-e1499765930308.jpg","link":"https:\/\/www.bymycar.fr\/webzine\/peugeot-suv-5008-7-places-1-001-possibilites\/peugeot_5008_0709styp_103\/","alt":"Peugeot 5008 voiture bleuePeugeot 5008 voiture bleue","author":"1","description":"Peugeot 5008 voiture bleue","caption":"","name":"peugeot_5008_0709styp_103","status":"inherit","uploaded_to":720,"date":"2017-07-10 16:09:03","modified":"2017-07-11 09:38:53","menu_order":0,"mime_type":"image\/jpeg","type":"image","subtype":"jpeg","icon":"https:\/\/www.bymycar.fr\/webzine\/wp-includes\/images\/media\/default.png","width":518,"height":507,"sizes":{"thumbnail":"https:\/\/www.bymycar.fr\/webzine\/wp-content\/uploads\/2017\/07\/PEUGEOT_5008_0709STYP_103-e1499765930308-150x150.jpg","thumbnail-width":150,"thumbnail-height":150,"medium":"https:\/\/www.bymycar.fr\/webzine\/wp-content\/uploads\/2017\/07\/PEUGEOT_5008_0709STYP_103-e1499765930308-300x294.jpg","medium-width":300,"medium-height":294,"medium_large":"https:\/\/www.bymycar.fr\/webzine\/wp-content\/uploads\/2017\/07\/PEUGEOT_5008_0709STYP_103-e1499765930308.jpg","medium_large-width":518,"medium_large-height":507,"large":"https:\/\/www.bymycar.fr\/webzine\/wp-content\/uploads\/2017\/07\/PEUGEOT_5008_0709STYP_103-e1499765930308.jpg","large-width":518,"large-height":507,"1536x1536":"https:\/\/www.bymycar.fr\/webzine\/wp-content\/uploads\/2017\/07\/PEUGEOT_5008_0709STYP_103-e1499765930308.jpg","1536x1536-width":518,"1536x1536-height":507,"2048x2048":"https:\/\/www.bymycar.fr\/webzine\/wp-content\/uploads\/2017\/07\/PEUGEOT_5008_0709STYP_103-e1499765930308.jpg","2048x2048-width":518,"2048x2048-height":507}},"image_4":false,"image_4_332x332":false,"image_4_563x400":false,"code_embed":"","legende_video":"","photo":false,"photo_100x100":false,"nom":"","fonction":"","elements_timeline":false,"entetes_colonnes":false,"entetes_lignes":false,"lignes":false,"introduction":"","formulaire":false,"question":"","reponse":"","libelle_bouton_lien":"","url_lien":"","questions":false,"conclusions":false,"pays":false,"region":false,"marque":false,"marqueConcessions":false,"modele":false,"ptvente":false,"typeV":false,"collection":false,"nombre_maximum_elements":10,"lien_fin_carousel":"","texte_lien_fin_carousel":"","trier_par":false},{"type_strate":"texte-simple","ancre":"","contenu":"<h3>Les compactes id\u00e9ales pour un jeune conducteur<\/h3>\n<p>Dans la cat\u00e9gorie des compactes, c\u2019est assur\u00e9ment la Dacia Logan qui fait figure de r\u00e9f\u00e9rence. Prix tr\u00e8s bas, co\u00fbt de r\u00e9paration minime et assurance auto raisonnable : elle a tout pour s\u00e9duire un jeune conducteur. Viennent, ensuite, la Volkswagen Golf et la Skoda Spaceback.<\/p>\n","titre":"texte 9","image":false,"image_libre":false,"image_800x500":false,"legende":"","zoom":false,"texte":"","articles":false,"categorie_droite":false,"images":false,"elements_comparatif":false,"texte_1":"","texte_2":"","image_1":false,"image_1_563x400":false,"image_1_332x332":false,"image_2":false,"image_2_333x240":false,"image_2_563x400":false,"image_3":false,"image_3_333x240":false,"image_3_332x450":false,"image_4":false,"image_4_332x332":false,"image_4_563x400":false,"code_embed":"","legende_video":"","photo":false,"photo_100x100":false,"nom":"","fonction":"","elements_timeline":false,"entetes_colonnes":false,"entetes_lignes":false,"lignes":false,"introduction":"","formulaire":false,"question":"","reponse":"","libelle_bouton_lien":"","url_lien":"","questions":false,"conclusions":false,"pays":false,"region":false,"marque":false,"marqueConcessions":false,"modele":false,"ptvente":false,"typeV":false,"collection":false,"nombre_maximum_elements":10,"lien_fin_carousel":"","texte_lien_fin_carousel":"","trier_par":false},{"type_strate":"image","ancre":"","contenu":"","titre":"","image":false,"image_libre":false,"image_800x500":false,"legende":"","zoom":false,"texte":"","articles":false,"categorie_droite":false,"images":[{"image":{"ID":1084,"id":1084,"title":"VW Golf","filename":"VW-GOLF-e1499768188911.jpg","filesize":0,"url":"https:\/\/www.bymycar.fr\/webzine\/wp-content\/uploads\/2017\/07\/VW-GOLF-e1499768188911.jpg","link":"https:\/\/www.bymycar.fr\/webzine\/assurance-jeune-conducteur-modeles-plus-adaptes\/vw-golf\/","alt":"","author":"1","description":"","caption":"\"Wiesbaden, Germany - July 14, 2012: Silver-metallic Volkswagen Golf on a street corner in the city of Wiesbaden (Germany). Volkswagen (VW) Golf is a small family car made by the german car manufacturer Volkswagen since 1974. VW is a brand of the Volkswagen Group, which is a German automobile manufacturing group based in Wolfsburg, Germany and founded in 1937.\"","name":"vw-golf","status":"inherit","uploaded_to":576,"date":"2017-07-11 10:15:42","modified":"2017-08-02 09:39:58","menu_order":0,"mime_type":"image\/jpeg","type":"image","subtype":"jpeg","icon":"https:\/\/www.bymycar.fr\/webzine\/wp-includes\/images\/media\/default.png","width":2262,"height":1243,"sizes":{"thumbnail":"https:\/\/www.bymycar.fr\/webzine\/wp-content\/uploads\/2017\/07\/VW-GOLF-e1499768188911-150x150.jpg","thumbnail-width":150,"thumbnail-height":150,"medium":"https:\/\/www.bymycar.fr\/webzine\/wp-content\/uploads\/2017\/07\/VW-GOLF-e1499768188911-300x165.jpg","medium-width":300,"medium-height":165,"medium_large":"https:\/\/www.bymycar.fr\/webzine\/wp-content\/uploads\/2017\/07\/VW-GOLF-e1499768188911-768x422.jpg","medium_large-width":768,"medium_large-height":422,"large":"https:\/\/www.bymycar.fr\/webzine\/wp-content\/uploads\/2017\/07\/VW-GOLF-e1499768188911-1024x563.jpg","large-width":1024,"large-height":563,"1536x1536":"https:\/\/www.bymycar.fr\/webzine\/wp-content\/uploads\/2017\/07\/VW-GOLF-e1499768188911.jpg","1536x1536-width":1536,"1536x1536-height":844,"2048x2048":"https:\/\/www.bymycar.fr\/webzine\/wp-content\/uploads\/2017\/07\/VW-GOLF-e1499768188911.jpg","2048x2048-width":2048,"2048x2048-height":1125}},"image_1600x700":false,"image_920x500":{"ID":1084,"id":1084,"title":"VW Golf","filename":"VW-GOLF-e1499768188911.jpg","filesize":0,"url":"https:\/\/www.bymycar.fr\/webzine\/wp-content\/uploads\/2017\/07\/VW-GOLF-e1499768188911.jpg","link":"https:\/\/www.bymycar.fr\/webzine\/assurance-jeune-conducteur-modeles-plus-adaptes\/vw-golf\/","alt":"","author":"1","description":"","caption":"\"Wiesbaden, Germany - July 14, 2012: Silver-metallic Volkswagen Golf on a street corner in the city of Wiesbaden (Germany). Volkswagen (VW) Golf is a small family car made by the german car manufacturer Volkswagen since 1974. VW is a brand of the Volkswagen Group, which is a German automobile manufacturing group based in Wolfsburg, Germany and founded in 1937.\"","name":"vw-golf","status":"inherit","uploaded_to":576,"date":"2017-07-11 10:15:42","modified":"2017-08-02 09:39:58","menu_order":0,"mime_type":"image\/jpeg","type":"image","subtype":"jpeg","icon":"https:\/\/www.bymycar.fr\/webzine\/wp-includes\/images\/media\/default.png","width":2262,"height":1243,"sizes":{"thumbnail":"https:\/\/www.bymycar.fr\/webzine\/wp-content\/uploads\/2017\/07\/VW-GOLF-e1499768188911-150x150.jpg","thumbnail-width":150,"thumbnail-height":150,"medium":"https:\/\/www.bymycar.fr\/webzine\/wp-content\/uploads\/2017\/07\/VW-GOLF-e1499768188911-300x165.jpg","medium-width":300,"medium-height":165,"medium_large":"https:\/\/www.bymycar.fr\/webzine\/wp-content\/uploads\/2017\/07\/VW-GOLF-e1499768188911-768x422.jpg","medium_large-width":768,"medium_large-height":422,"large":"https:\/\/www.bymycar.fr\/webzine\/wp-content\/uploads\/2017\/07\/VW-GOLF-e1499768188911-1024x563.jpg","large-width":1024,"large-height":563,"1536x1536":"https:\/\/www.bymycar.fr\/webzine\/wp-content\/uploads\/2017\/07\/VW-GOLF-e1499768188911.jpg","1536x1536-width":1536,"1536x1536-height":844,"2048x2048":"https:\/\/www.bymycar.fr\/webzine\/wp-content\/uploads\/2017\/07\/VW-GOLF-e1499768188911.jpg","2048x2048-width":2048,"2048x2048-height":1125}},"legende":""}],"elements_comparatif":false,"texte_1":"","texte_2":"","image_1":false,"image_1_563x400":false,"image_1_332x332":false,"image_2":false,"image_2_333x240":false,"image_2_563x400":false,"image_3":false,"image_3_333x240":false,"image_3_332x450":false,"image_4":false,"image_4_332x332":false,"image_4_563x400":false,"code_embed":"","legende_video":"","photo":false,"photo_100x100":false,"nom":"","fonction":"","elements_timeline":false,"entetes_colonnes":false,"entetes_lignes":false,"lignes":false,"introduction":"","formulaire":false,"question":"","reponse":"","libelle_bouton_lien":"","url_lien":"","questions":false,"conclusions":false,"pays":false,"region":false,"marque":false,"marqueConcessions":false,"modele":false,"ptvente":false,"typeV":false,"collection":false,"nombre_maximum_elements":10,"lien_fin_carousel":"","texte_lien_fin_carousel":"","trier_par":false},{"type_strate":"texte-simple","ancre":"","contenu":"<h2>Le classement des voitures les plus assur\u00e9es chez les jeunes conducteurs en 2022<\/h2>\n<p>Maintenant, on conna\u00eet les voitures les moins ch\u00e8res \u00e0 assurer. Int\u00e9ressons-nous aux v\u00e9hicules les plus assur\u00e9s par les jeunes conducteurs en 2022. Selon une \u00e9tude \u00e9tablie par Le Jeune Conducteur, c\u2019est la Renault Clio (9.4 %) qui se place en premi\u00e8re position. C\u2019est \u00e9vident \u00e9tant donn\u00e9 que ses prix d\u2019achat et d\u2019assurance sont peu \u00e9lev\u00e9s. 5.8 % des jeunes conducteurs ont opt\u00e9 pour la Peugeot 206 et 4.4 % en faveur de la Volkswagen Golf. La Renault M\u00e9gane se trouve en 4e position avec la souscription de 4.3 % des jeunes conducteurs assur\u00e9s.<\/p>\n<p>Voici le reste du classement :<\/p>\n<ul>\n<li>Volkswagen Polo : 4 %<\/li>\n<li>Citro\u00ebn C3 et Peugeot 208 : 3,7 %<\/li>\n<li>Peugeot 308 : 2,9 %<\/li>\n<\/ul>\n","titre":"texte 10","image":false,"image_libre":false,"image_800x500":false,"legende":"","zoom":false,"texte":"","articles":false,"categorie_droite":false,"images":false,"elements_comparatif":false,"texte_1":"","texte_2":"","image_1":false,"image_1_563x400":false,"image_1_332x332":false,"image_2":false,"image_2_333x240":false,"image_2_563x400":false,"image_3":false,"image_3_333x240":false,"image_3_332x450":false,"image_4":false,"image_4_332x332":false,"image_4_563x400":false,"code_embed":"","legende_video":"","photo":false,"photo_100x100":false,"nom":"","fonction":"","elements_timeline":false,"entetes_colonnes":false,"entetes_lignes":false,"lignes":false,"introduction":"","formulaire":false,"question":"","reponse":"","libelle_bouton_lien":"","url_lien":"","questions":false,"conclusions":false,"pays":false,"region":false,"marque":false,"marqueConcessions":false,"modele":false,"ptvente":false,"typeV":false,"collection":false,"nombre_maximum_elements":10,"lien_fin_carousel":"","texte_lien_fin_carousel":"","trier_par":false},{"type_strate":"texte-simple","ancre":"","contenu":"<h2>Vous avez choisi votre v\u00e9hicule id\u00e9al pour \u00e9trenner votre permis de conduire ?<\/h2>\n<p>Vous souhaitez trouver une bonne assurance jeune conducteur sans vous ruiner ? Orientez-vous vers un comparateur d\u2019assurance auto comme <a href=\"https:\/\/www.lesfurets.com\/assurance-auto\/projet\/assurance-jeune-conducteur\">lesfurets<\/a> ? Il vous suffit simplement d\u2019indiquer vos besoins, la couverture et les options souhait\u00e9es ainsi que votre budget. Les conseillers chez lesfurets s\u2019occupent de vous s\u00e9lectionner les offres susceptibles de vous correspondre. Et en plus ? C\u2019est gratuit et sans engagement !<\/p>\n<p>&nbsp;<\/p>\n<p style=\"text-align: center;\"><a href=\"https:\/\/www.bymycar.fr\/rechercher-un-vehicule\" target=\"_blank\" class=\"css-button css-button--gold\" >\n                D\u00e9couvrez nos voitures en stock &gt;\n        <\/a><\/p>\n<p>&nbsp;<\/p>\n<p><em><b>D\u00e9couvrez aussi :<\/b><\/em><\/p>\n<p><em><a href=\"https:\/\/www.bymycar.fr\/webzine\/est-ce-interessant-dopter-pour-un-financement-loa-pour-une-voiture\/\"><span style=\"font-weight: 400;\">Loa<\/span><\/a><\/em><\/p>\n<p><em><a href=\"https:\/\/www.bymycar.fr\/webzine\/vehicule-occasion-bymycar\/\"><span style=\"font-weight: 400;\">V\u00e9hicule occasion<\/span><\/a><\/em><\/p>\n<p><em><a href=\"https:\/\/www.bymycar.fr\/webzine\/loa-ou-credit-auto-quelle-option-choisir-pour-ma-voiture\/\"><span style=\"font-weight: 400;\">Cr\u00e9dit auto<\/span><\/a><\/em><\/p>\n<p><em><a href=\"https:\/\/www.bymycar.fr\/webzine\/le-fonctionnement-dune-loa-en-fin-de-contrat-2\/\"><span style=\"font-weight: 400;\">Contrat loa, fin contrat location, fin de contrat, fin leasing, fin loa<\/span><\/a><\/em><\/p>\n<p><em><a href=\"https:\/\/www.bymycar.fr\/webzine\/quand-peut-on-changer-de-voiture-en-loa\/\"><span style=\"font-weight: 400;\">Voiture loa<\/span><\/a><\/em><\/p>\n<p><em><a href=\"https:\/\/www.bymycar.fr\/webzine\/lld-ou-loa-quelle-formule-de-location-de-vehicule-choisir-pour-une-entreprise\/\"><span style=\"font-weight: 400;\">Lld leasing<\/span><\/a><\/em><\/p>\n<p><em><a href=\"https:\/\/www.bymycar.fr\/webzine\/voiture-electrique-faut-il-opter-pour-lachat-ou-la-location-bymycar\/\"><span style=\"font-weight: 400;\">Louez voiture<\/span><\/a><\/em><\/p>\n<p><em><a href=\"https:\/\/www.bymycar.fr\/webzine\/location-vente-bymycar\/\"><span style=\"font-weight: 400;\">Location vente<\/span><\/a><\/em><\/p>\n<p><em><a href=\"https:\/\/www.bymycar.fr\/webzine\/acquerir-vehicule-bymycar\/\"><span style=\"font-weight: 400;\">Acqu\u00e9rir v\u00e9hicule<\/span><\/a><\/em><\/p>\n<p><em><a href=\"https:\/\/www.bymycar.fr\/webzine\/credit-auto-classique\/\"><span style=\"font-weight: 400;\">Cr\u00e9dit auto classique<\/span><\/a><\/em><\/p>\n<p><em><a href=\"https:\/\/www.bymycar.fr\/webzine\/que-faut-il-savoir-sur-la-location-avec-option-dachat-et-lachat-dun-vehicule-en-leasing\/\"><span style=\"font-weight: 400;\">Contrat leasing<\/span><\/a><\/em><\/p>\n<p><em><a href=\"https:\/\/www.bymycar.fr\/webzine\/formules-de-location-bymycar\/\"><span style=\"font-weight: 400;\">Formules de location<\/span><\/a><\/em><\/p>\n<p><em><a href=\"https:\/\/www.bymycar.fr\/webzine\/location-occasion\/\"><span style=\"font-weight: 400;\">Location d&rsquo;occasion<\/span><\/a><\/em><\/p>\n<p><em><a href=\"https:\/\/www.bymycar.fr\/webzine\/contrat-de-financement-automobile-bymycar\/\"><span style=\"font-weight: 400;\">Contrat de financement<\/span><\/a><\/em><\/p>\n<p><em><a href=\"https:\/\/www.bymycar.fr\/webzine\/periode-de-leasing-bymycar\/\"><span style=\"font-weight: 400;\">P\u00e9riode de leasing<\/span><\/a><\/em><\/p>\n<p><em><a href=\"https:\/\/www.bymycar.fr\/webzine\/acquisition-en-fin-de-location-bymycar\/\"><span style=\"font-weight: 400;\">Acquisition en fin de location<\/span><\/a><\/em><\/p>\n<p><em><a href=\"https:\/\/www.bymycar.fr\/webzine\/comment-financer-lachat-ou-la-location-dune-voiture-bymycar\/\"><span style=\"font-weight: 400;\">Financer voiture<\/span><\/a><\/em><\/p>\n<p><em><a href=\"https:\/\/www.bymycar.fr\/webzine\/restituez-voiture-bymycar\/\"><span style=\"font-weight: 400;\">Restituez voiture<\/span><\/a><\/em><\/p>\n<p><em><a href=\"https:\/\/www.bymycar.fr\/webzine\/solution-de-financement-pour-acheter-une-voiture\/\"><span style=\"font-weight: 400;\">Solution de financement<\/span><\/a><\/em><\/p>\n<p><em><a href=\"https:\/\/www.bymycar.fr\/webzine\/le-contrat-de-credit-auto-bymycar\/\"><span style=\"font-weight: 400;\">Contrat de cr\u00e9dit<\/span><\/a><\/em><\/p>\n<p><em><a href=\"https:\/\/www.bymycar.fr\/webzine\/contrat-de-location-bymycar\/\"><span style=\"font-weight: 400;\">Contrat de location<\/span><\/a><\/em><\/p>\n<p><em><a href=\"https:\/\/www.bymycar.fr\/webzine\/societe-de-location-de-voitures\/\"><span style=\"font-weight: 400;\">Soci\u00e9t\u00e9 de location<\/span><\/a><\/em><\/p>\n<p>&nbsp;<\/p>\n<p style=\"text-align: center;\">\n","titre":"texte 11","image":false,"image_libre":false,"image_800x500":false,"legende":"","zoom":false,"texte":"","articles":false,"categorie_droite":false,"images":false,"elements_comparatif":false,"texte_1":"","texte_2":"","image_1":false,"image_1_563x400":false,"image_1_332x332":false,"image_2":false,"image_2_333x240":false,"image_2_563x400":false,"image_3":false,"image_3_333x240":false,"image_3_332x450":false,"image_4":false,"image_4_332x332":false,"image_4_563x400":false,"code_embed":"","legende_video":"","photo":false,"photo_100x100":false,"nom":"","fonction":"","elements_timeline":false,"entetes_colonnes":false,"entetes_lignes":false,"lignes":false,"introduction":"","formulaire":false,"question":"","reponse":"","libelle_bouton_lien":"","url_lien":"","questions":false,"conclusions":false,"pays":false,"region":false,"marque":false,"marqueConcessions":false,"modele":false,"ptvente":false,"typeV":false,"collection":false,"nombre_maximum_elements":10,"lien_fin_carousel":"","texte_lien_fin_carousel":"","trier_par":false}],"template":"classique","is_old_post":false,"image":{"ID":858,"id":858,"title":"jeune femme qui conduit","filename":"jeune-au-volant-e1499766032673-scaled.jpg","filesize":0,"url":"https:\/\/www.bymycar.fr\/webzine\/wp-content\/uploads\/2017\/07\/jeune-au-volant-e1499766032673-scaled.jpg","link":"https:\/\/www.bymycar.fr\/webzine\/assurance-jeune-conducteur-modeles-plus-adaptes\/enjoying-the-ride\/","alt":"Jeune femme souriante au volant d'une voiture; Le soleil entre dans la voiture.","author":"1","description":"Jeune femme souriante au volant d'une voiture; Le soleil entre dans la voiture.","caption":"","name":"enjoying-the-ride","status":"inherit","uploaded_to":576,"date":"2017-07-04 14:48:33","modified":"2017-07-04 14:49:31","menu_order":0,"mime_type":"image\/jpeg","type":"image","subtype":"jpeg","icon":"https:\/\/www.bymycar.fr\/webzine\/wp-includes\/images\/media\/default.png","width":2560,"height":1273,"sizes":{"thumbnail":"https:\/\/www.bymycar.fr\/webzine\/wp-content\/uploads\/2017\/07\/jeune-au-volant-e1499766032673-150x150.jpg","thumbnail-width":150,"thumbnail-height":150,"medium":"https:\/\/www.bymycar.fr\/webzine\/wp-content\/uploads\/2017\/07\/jeune-au-volant-e1499766032673-300x149.jpg","medium-width":300,"medium-height":149,"medium_large":"https:\/\/www.bymycar.fr\/webzine\/wp-content\/uploads\/2017\/07\/jeune-au-volant-e1499766032673-768x382.jpg","medium_large-width":768,"medium_large-height":382,"large":"https:\/\/www.bymycar.fr\/webzine\/wp-content\/uploads\/2017\/07\/jeune-au-volant-e1499766032673-1024x509.jpg","large-width":1024,"large-height":509,"1536x1536":"https:\/\/www.bymycar.fr\/webzine\/wp-content\/uploads\/2017\/07\/jeune-au-volant-e1499766032673-1536x764.jpg","1536x1536-width":1536,"1536x1536-height":764,"2048x2048":"https:\/\/www.bymycar.fr\/webzine\/wp-content\/uploads\/2017\/07\/jeune-au-volant-e1499766032673-2048x1019.jpg","2048x2048-width":2048,"2048x2048-height":1019}},"page_content":{"block_content":[{"acf_fc_layout":"text-simple","--nav":{"-withNav":false,"-ancre":""},"--group":{"-text":"<h2>Assurance auto et jeune conducteur<\/h2>\n<p>Une assurance auto couvre les dommages mat\u00e9riels et corporels que votre voiture peut causer \u00e0 autrui. Certaines formules assurent \u00e9galement vos biens endommag\u00e9s et les d\u00e9g\u00e2ts mat\u00e9riels de votre v\u00e9hicule. Vos dommages corporels, faisant suite \u00e0 un accident de la circulation, sont, d\u2019ailleurs, couverts dans le cadre d\u2019une assurance auto. Cependant, il faut noter que tous les contrats d\u2019assurance proposent une couverture diff\u00e9rente. De mani\u00e8re g\u00e9n\u00e9rale, trois grands types de contrats d\u2019assurance auto se pr\u00e9sentent aux jeunes conducteurs, \u00e0 savoir :<\/p>\n<ul>\n<li>L\u2019assurance au tiers : il s\u2019agit du d\u00e9dommagement des d\u00e9g\u00e2ts caus\u00e9s \u00e0 autrui. En cas d\u2019un sinistre responsable, cette formule vous exempt de toute couverture. Cela vous p\u00e9nalise d\u2019un malus de 25 % qui va augmenter votre cotisation de base.<\/li>\n<li>L\u2019assurance au tiers enrichie : elle fait partie des formules qui offrent une protection \u00e9largie. Vous obtenez, par exemple, les garanties de l\u2019assurance au tiers, une couverture en cas de vol, d&rsquo;incendie, de bris de glace. L\u2019assurance au tiers enrichie propose une protection en cas de d\u00e9g\u00e2ts provenant des catastrophes naturelles. Le jeune conducteur peut, en outre, ajouter des clauses sp\u00e9cifiques lors de la signature du contrat.<\/li>\n<li>L&rsquo;assurance tous risques : cette formule offre la meilleure et la plus compl\u00e8te couverture contre les risques. Elle couvre le propri\u00e9taire m\u00eame en cas d\u2019accident responsable. L\u2019assurance tous risques prend aussi en charge les diff\u00e9rentes d\u00e9gradations apr\u00e8s des actes de vandalisme. En cas de destruction totale de la voiture, vous pouvez choisir le type d\u2019indemnisation qui vous convient. Si vous souscrivez \u00e0 cette formule, il est possible d\u2019opter pour un remplacement du v\u00e9hicule endommag\u00e9 en valeur d\u2019achat.<\/li>\n<\/ul>\n<p>Un jeune conducteur est une personne disposant d\u2019un permis, mais qui va souscrire \u00e0 une assurance auto pour la premi\u00e8re fois. Pour les compagnies d\u2019assurance, il s\u2019agit sans exp\u00e9rience de conduite et non li\u00e9 \u00e0 un contrat d\u2019assurance auto. Un jeune conducteur est, donc, un individu inexp\u00e9riment\u00e9 sur la route. De ce fait, son risque d\u2019exposition au sinistre est plus \u00e9lev\u00e9. Cela augmente, ainsi, son tarif de souscription \u00e0 une assurance auto.<\/p>\n"}},{"acf_fc_layout":"text-simple","--nav":{"-withNav":false,"-ancre":""},"--group":{"-text":"<h2>Comment diminuer le prix de son assurance auto jeune conducteur ?<\/h2>\n<p>Le prix de l\u2019assurance auto varie en fonction du mod\u00e8le, de la motorisation, de l\u2019achat (neuf ou d\u2019occasion). En tant que jeune conducteur, il est tout d\u2019abord pr\u00e9f\u00e9rable d\u2019acheter une voiture d\u2019occasion. L\u2019id\u00e9al est, d\u2019ailleurs, qu\u2019elle affiche au moins 5 ans d\u2019anciennet\u00e9 et 100.000 km au compteur. Pr\u00e9f\u00e9rez \u00e9galement un mod\u00e8le dot\u00e9 d\u2019une puissance modeste pour diminuer le prix de l\u2019assurance. En ce qui concerne la motorisation, c\u2019est g\u00e9n\u00e9ralement l\u2019essence qui est \u00e0 privil\u00e9gier. Int\u00e9ressez-vous \u00e9galement au prix des pi\u00e8ces d\u00e9tach\u00e9es de votre voiture, car cela a une grande importance en cas de r\u00e9paration. Enfin, achetez plut\u00f4t une voiture riche en mati\u00e8re d\u2019\u00e9quipements de s\u00e9curit\u00e9 et d\u2019aide \u00e0 la conduite. Cela diminue les risques d\u2019accident aux yeux des assureurs.<\/p>\n<p>Pour b\u00e9n\u00e9ficier de la meilleure assurance auto jeune conducteur, r\u00e9alisez une simulation pour g\u00e9n\u00e9rer un devis gratuit. La plupart des assureurs auto proposent un outil en ligne permettant d\u2019estimer le taux de cotisation correspondant \u00e0 votre voiture. Sinon, faites appel \u00e0 un conseiller en assurance auto pour \u00e9tablir votre devis. Souscrivez, enfin, \u00e0 l\u2019offre qui procure le plus de couvertures et dont le prix entre dans votre ligne budg\u00e9taire.<\/p>\n"}},{"acf_fc_layout":"text-simple","--nav":{"-withNav":false,"-ancre":""},"--group":{"-text":"<h2>Les voitures les moins ch\u00e8res \u00e0 assurer pour chaque cat\u00e9gorie<\/h2>\n<p>L\u2019Argus a effectu\u00e9 un classement des voitures les moins ch\u00e8res \u00e0 assurer et les plus adapt\u00e9es aux jeunes conducteurs. On vous en pr\u00e9sente les r\u00e9sultats dans chaque cat\u00e9gorie de v\u00e9hicule.<\/p>\n"}},{"acf_fc_layout":"text-simple","--nav":{"-withNav":false,"-ancre":""},"--group":{"-text":"<h3>Quelles sont les citadines les moins ch\u00e8res \u00e0 assurer ?<\/h3>\n<p>Parmi les citadines, le mod\u00e8le le moins cher \u00e0 assurer est la Citro\u00ebn C1. Viennent, ensuite, des voitures incontournables, \u00e0 savoir la Fiat 500, la Peugeot 107 et la Renault Twingo. Notez \u00e9galement que les citadines sont les mod\u00e8les les plus \u00e9conomiques \u00e0 assurer toutes les cat\u00e9gories confondues.<\/p>\n"}},{"acf_fc_layout":"images-slider","--nav":{"-withNav":false,"-ancre":""},"--group":{"-listibg":[{"--image":{"ID":946,"id":946,"title":"FIAT500 rouge vue arrie\u0300re","filename":"fiat500-rouge-vue-arriere.jpg","filesize":0,"url":"https:\/\/www.bymycar.fr\/webzine\/wp-content\/uploads\/2017\/06\/fiat500-rouge-vue-arriere.jpg","link":"https:\/\/www.bymycar.fr\/webzine\/on-craque-voitures-modernes-design-vintage\/fiat-500-2014\/","alt":"voiture FIAT500 rouge vue arrie\u0300re gar\u00e9e dans la rue","author":"1","description":"voiture FIAT500 rouge vue arrie\u0300re gar\u00e9e dans la rue","caption":"","name":"fiat-500-2014","status":"inherit","uploaded_to":561,"date":"2017-07-05 09:38:19","modified":"2018-04-17 09:59:56","menu_order":0,"mime_type":"image\/jpeg","type":"image","subtype":"jpeg","icon":"https:\/\/www.bymycar.fr\/webzine\/wp-includes\/images\/media\/default.png","width":3000,"height":2000,"sizes":{"thumbnail":"https:\/\/www.bymycar.fr\/webzine\/wp-content\/uploads\/2017\/06\/fiat500-rouge-vue-arriere-150x150.jpg","thumbnail-width":150,"thumbnail-height":150,"medium":"https:\/\/www.bymycar.fr\/webzine\/wp-content\/uploads\/2017\/06\/fiat500-rouge-vue-arriere-300x200.jpg","medium-width":300,"medium-height":200,"medium_large":"https:\/\/www.bymycar.fr\/webzine\/wp-content\/uploads\/2017\/06\/fiat500-rouge-vue-arriere-768x512.jpg","medium_large-width":768,"medium_large-height":512,"large":"https:\/\/www.bymycar.fr\/webzine\/wp-content\/uploads\/2017\/06\/fiat500-rouge-vue-arriere-1024x683.jpg","large-width":1024,"large-height":683,"1536x1536":"https:\/\/www.bymycar.fr\/webzine\/wp-content\/uploads\/2017\/06\/fiat500-rouge-vue-arriere.jpg","1536x1536-width":1536,"1536x1536-height":1024,"2048x2048":"https:\/\/www.bymycar.fr\/webzine\/wp-content\/uploads\/2017\/06\/fiat500-rouge-vue-arriere.jpg","2048x2048-width":2048,"2048x2048-height":1365}},"--legend":""}]}},{"acf_fc_layout":"text-simple","--nav":{"-withNav":false,"-ancre":""},"--group":{"-text":"<h3>Les polyvalentes avec l\u2019assurance auto la moins \u00e9lev\u00e9e<\/h3>\n<p>Vous \u00eates jeune conducteur et vous souhaitez assurer une polyvalente ? Pour payer votre assurance automobile moins cher, il vous faut vous diriger de pr\u00e9f\u00e9rence vers la Dacia Sandero. Derri\u00e8re elle, on retrouve la Nissan Micra, la Seat Ibiza et la Peugeot 208.<\/p>\n"}},{"acf_fc_layout":"images-mosaique-x3","--nav":{"-withNav":false,"-ancre":""},"--group":{"-title":"","-images":[{"ID":907,"id":907,"title":"voiture 2017 Nissan Micra","filename":"2017-Nissan-Micra-cote-e1499242829857.jpg","filesize":0,"url":"https:\/\/www.bymycar.fr\/webzine\/wp-content\/uploads\/2017\/07\/2017-Nissan-Micra-cote-e1499242829857.jpg","link":"https:\/\/www.bymycar.fr\/webzine\/sortie-skoda-kodiaq-petit-suv-grandes-familles\/2017-nissan-micra-2\/","alt":"voiture 2017 Nissan Micra grise vue avant","author":"1","description":"voiture 2017 Nissan Micra grise vue avant","caption":"","name":"2017-nissan-micra-2","status":"inherit","uploaded_to":733,"date":"2017-07-05 08:09:51","modified":"2017-07-11 10:18:06","menu_order":0,"mime_type":"image\/jpeg","type":"image","subtype":"jpeg","icon":"https:\/\/www.bymycar.fr\/webzine\/wp-includes\/images\/media\/default.png","width":5760,"height":3840,"sizes":{"thumbnail":"https:\/\/www.bymycar.fr\/webzine\/wp-content\/uploads\/2017\/07\/2017-Nissan-Micra-cote-e1499242829857-150x150.jpg","thumbnail-width":150,"thumbnail-height":150,"medium":"https:\/\/www.bymycar.fr\/webzine\/wp-content\/uploads\/2017\/07\/2017-Nissan-Micra-cote-e1499242829857-300x200.jpg","medium-width":300,"medium-height":200,"medium_large":"https:\/\/www.bymycar.fr\/webzine\/wp-content\/uploads\/2017\/07\/2017-Nissan-Micra-cote-e1499242829857-768x512.jpg","medium_large-width":768,"medium_large-height":512,"large":"https:\/\/www.bymycar.fr\/webzine\/wp-content\/uploads\/2017\/07\/2017-Nissan-Micra-cote-e1499242829857-1024x683.jpg","large-width":1024,"large-height":683,"1536x1536":"https:\/\/www.bymycar.fr\/webzine\/wp-content\/uploads\/2017\/07\/2017-Nissan-Micra-cote-e1499242829857.jpg","1536x1536-width":1536,"1536x1536-height":1024,"2048x2048":"https:\/\/www.bymycar.fr\/webzine\/wp-content\/uploads\/2017\/07\/2017-Nissan-Micra-cote-e1499242829857.jpg","2048x2048-width":2048,"2048x2048-height":1365}},{"ID":464,"id":464,"title":"peugeot_208gti","filename":"peugeot_208gti.jpg","filesize":0,"url":"https:\/\/www.bymycar.fr\/webzine\/wp-content\/uploads\/2017\/06\/peugeot_208gti.jpg","link":"https:\/\/www.bymycar.fr\/webzine\/automobile-sportive\/peugeot_208gti_mosai%cc%88que3\/","alt":"peugeot_208gti","author":"1","description":"peugeot_208gti","caption":"","name":"peugeot_208gti_mosai%cc%88que3","status":"inherit","uploaded_to":442,"date":"2017-06-28 13:28:11","modified":"2018-04-17 10:39:42","menu_order":0,"mime_type":"image\/jpeg","type":"image","subtype":"jpeg","icon":"https:\/\/www.bymycar.fr\/webzine\/wp-includes\/images\/media\/default.png","width":1920,"height":1080,"sizes":{"thumbnail":"https:\/\/www.bymycar.fr\/webzine\/wp-content\/uploads\/2017\/06\/peugeot_208gti-150x150.jpg","thumbnail-width":150,"thumbnail-height":150,"medium":"https:\/\/www.bymycar.fr\/webzine\/wp-content\/uploads\/2017\/06\/peugeot_208gti-300x169.jpg","medium-width":300,"medium-height":169,"medium_large":"https:\/\/www.bymycar.fr\/webzine\/wp-content\/uploads\/2017\/06\/peugeot_208gti-768x432.jpg","medium_large-width":768,"medium_large-height":432,"large":"https:\/\/www.bymycar.fr\/webzine\/wp-content\/uploads\/2017\/06\/peugeot_208gti-1024x576.jpg","large-width":1024,"large-height":576,"1536x1536":"https:\/\/www.bymycar.fr\/webzine\/wp-content\/uploads\/2017\/06\/peugeot_208gti.jpg","1536x1536-width":1536,"1536x1536-height":864,"2048x2048":"https:\/\/www.bymycar.fr\/webzine\/wp-content\/uploads\/2017\/06\/peugeot_208gti.jpg","2048x2048-width":1920,"2048x2048-height":1080}},{"ID":1083,"id":1083,"title":"SEAT Ibiza","filename":"Seat-ibiza-e1499768395759.jpg","filesize":0,"url":"https:\/\/www.bymycar.fr\/webzine\/wp-content\/uploads\/2017\/07\/Seat-ibiza-e1499768395759.jpg","link":"https:\/\/www.bymycar.fr\/webzine\/assurance-jeune-conducteur-modeles-plus-adaptes\/seat-ibiza\/","alt":"voiture blanche SEAT Ibiza","author":"1","description":"voiture blanche SEAT Ibiza","caption":"","name":"seat-ibiza","status":"inherit","uploaded_to":576,"date":"2017-07-11 10:10:14","modified":"2017-07-11 10:19:59","menu_order":0,"mime_type":"image\/jpeg","type":"image","subtype":"jpeg","icon":"https:\/\/www.bymycar.fr\/webzine\/wp-includes\/images\/media\/default.png","width":1281,"height":1659,"sizes":{"thumbnail":"https:\/\/www.bymycar.fr\/webzine\/wp-content\/uploads\/2017\/07\/Seat-ibiza-e1499768395759-150x150.jpg","thumbnail-width":150,"thumbnail-height":150,"medium":"https:\/\/www.bymycar.fr\/webzine\/wp-content\/uploads\/2017\/07\/Seat-ibiza-e1499768395759-232x300.jpg","medium-width":232,"medium-height":300,"medium_large":"https:\/\/www.bymycar.fr\/webzine\/wp-content\/uploads\/2017\/07\/Seat-ibiza-e1499768395759-768x995.jpg","medium_large-width":768,"medium_large-height":995,"large":"https:\/\/www.bymycar.fr\/webzine\/wp-content\/uploads\/2017\/07\/Seat-ibiza-e1499768395759-791x1024.jpg","large-width":791,"large-height":1024,"1536x1536":"https:\/\/www.bymycar.fr\/webzine\/wp-content\/uploads\/2017\/07\/Seat-ibiza-e1499768395759.jpg","1536x1536-width":1186,"1536x1536-height":1536,"2048x2048":"https:\/\/www.bymycar.fr\/webzine\/wp-content\/uploads\/2017\/07\/Seat-ibiza-e1499768395759.jpg","2048x2048-width":1281,"2048x2048-height":1659}}],"-title-2":""}},{"acf_fc_layout":"text-simple","--nav":{"-withNav":false,"-ancre":""},"--group":{"-text":"<h3>Jeune conducteur : quel monospace acheter pour baisser le prix de son assurance auto ?<\/h3>\n<p>En ce qui concerne les monospaces\/ludospaces, il est pr\u00e9f\u00e9rable d\u2019acheter un Dacia Lodgy pour b\u00e9n\u00e9ficier d\u2019une assurance auto moins ch\u00e8re. Dans la m\u00eame gamme de prix, on retrouve le Dacia Dokker, la Peugeot 5008 et la Citro\u00ebn Berlingo.<\/p>\n"}},{"acf_fc_layout":"images-mosaique-x3","--nav":{"-withNav":false,"-ancre":""},"--group":{"-title":"","-images":[{"ID":1036,"id":1036,"title":"Peugeot 5008 voiture bleue","filename":"PEUGEOT_5008_0709STYP_200.jpg","filesize":0,"url":"https:\/\/www.bymycar.fr\/webzine\/wp-content\/uploads\/2017\/07\/PEUGEOT_5008_0709STYP_200.jpg","link":"https:\/\/www.bymycar.fr\/webzine\/peugeot-suv-5008-7-places-1-001-possibilites\/peugeot_5008_0709styp_200\/","alt":"Peugeot 5008 voiture bleue","author":"1","description":"Peugeot 5008 voiture bleue","caption":"","name":"peugeot_5008_0709styp_200","status":"inherit","uploaded_to":720,"date":"2017-07-10 16:09:17","modified":"2017-07-11 09:25:34","menu_order":0,"mime_type":"image\/jpeg","type":"image","subtype":"jpeg","icon":"https:\/\/www.bymycar.fr\/webzine\/wp-includes\/images\/media\/default.png","width":800,"height":532,"sizes":{"thumbnail":"https:\/\/www.bymycar.fr\/webzine\/wp-content\/uploads\/2017\/07\/PEUGEOT_5008_0709STYP_200-150x150.jpg","thumbnail-width":150,"thumbnail-height":150,"medium":"https:\/\/www.bymycar.fr\/webzine\/wp-content\/uploads\/2017\/07\/PEUGEOT_5008_0709STYP_200-300x200.jpg","medium-width":300,"medium-height":200,"medium_large":"https:\/\/www.bymycar.fr\/webzine\/wp-content\/uploads\/2017\/07\/PEUGEOT_5008_0709STYP_200-768x511.jpg","medium_large-width":768,"medium_large-height":511,"large":"https:\/\/www.bymycar.fr\/webzine\/wp-content\/uploads\/2017\/07\/PEUGEOT_5008_0709STYP_200.jpg","large-width":800,"large-height":532,"1536x1536":"https:\/\/www.bymycar.fr\/webzine\/wp-content\/uploads\/2017\/07\/PEUGEOT_5008_0709STYP_200.jpg","1536x1536-width":800,"1536x1536-height":532,"2048x2048":"https:\/\/www.bymycar.fr\/webzine\/wp-content\/uploads\/2017\/07\/PEUGEOT_5008_0709STYP_200.jpg","2048x2048-width":800,"2048x2048-height":532}},{"ID":1410,"id":1410,"title":"lodgy","filename":"lodgy-1.jpg","filesize":0,"url":"https:\/\/www.bymycar.fr\/webzine\/wp-content\/uploads\/2017\/07\/lodgy-1.jpg","link":"https:\/\/www.bymycar.fr\/webzine\/nouveaux-dacia-lodgy-dacia-dokker-duo-de-choc\/lodgy-2\/","alt":"","author":"1","description":"","caption":"","name":"lodgy-2","status":"inherit","uploaded_to":646,"date":"2017-07-28 09:27:39","modified":"2020-01-02 10:32:55","menu_order":0,"mime_type":"image\/jpeg","type":"image","subtype":"jpeg","icon":"https:\/\/www.bymycar.fr\/webzine\/wp-includes\/images\/media\/default.png","width":1500,"height":1000,"sizes":{"thumbnail":"https:\/\/www.bymycar.fr\/webzine\/wp-content\/uploads\/2017\/07\/lodgy-1-150x150.jpg","thumbnail-width":150,"thumbnail-height":150,"medium":"https:\/\/www.bymycar.fr\/webzine\/wp-content\/uploads\/2017\/07\/lodgy-1-300x200.jpg","medium-width":300,"medium-height":200,"medium_large":"https:\/\/www.bymycar.fr\/webzine\/wp-content\/uploads\/2017\/07\/lodgy-1-768x512.jpg","medium_large-width":768,"medium_large-height":512,"large":"https:\/\/www.bymycar.fr\/webzine\/wp-content\/uploads\/2017\/07\/lodgy-1-1024x683.jpg","large-width":1024,"large-height":683,"1536x1536":"https:\/\/www.bymycar.fr\/webzine\/wp-content\/uploads\/2017\/07\/lodgy-1.jpg","1536x1536-width":1500,"1536x1536-height":1000,"2048x2048":"https:\/\/www.bymycar.fr\/webzine\/wp-content\/uploads\/2017\/07\/lodgy-1.jpg","2048x2048-width":1500,"2048x2048-height":1000}},{"ID":1029,"id":1029,"title":"Peugeot 5008 voiture bleue","filename":"PEUGEOT_5008_0709STYP_103-e1499765930308.jpg","filesize":0,"url":"https:\/\/www.bymycar.fr\/webzine\/wp-content\/uploads\/2017\/07\/PEUGEOT_5008_0709STYP_103-e1499765930308.jpg","link":"https:\/\/www.bymycar.fr\/webzine\/peugeot-suv-5008-7-places-1-001-possibilites\/peugeot_5008_0709styp_103\/","alt":"Peugeot 5008 voiture bleuePeugeot 5008 voiture bleue","author":"1","description":"Peugeot 5008 voiture bleue","caption":"","name":"peugeot_5008_0709styp_103","status":"inherit","uploaded_to":720,"date":"2017-07-10 16:09:03","modified":"2017-07-11 09:38:53","menu_order":0,"mime_type":"image\/jpeg","type":"image","subtype":"jpeg","icon":"https:\/\/www.bymycar.fr\/webzine\/wp-includes\/images\/media\/default.png","width":518,"height":507,"sizes":{"thumbnail":"https:\/\/www.bymycar.fr\/webzine\/wp-content\/uploads\/2017\/07\/PEUGEOT_5008_0709STYP_103-e1499765930308-150x150.jpg","thumbnail-width":150,"thumbnail-height":150,"medium":"https:\/\/www.bymycar.fr\/webzine\/wp-content\/uploads\/2017\/07\/PEUGEOT_5008_0709STYP_103-e1499765930308-300x294.jpg","medium-width":300,"medium-height":294,"medium_large":"https:\/\/www.bymycar.fr\/webzine\/wp-content\/uploads\/2017\/07\/PEUGEOT_5008_0709STYP_103-e1499765930308.jpg","medium_large-width":518,"medium_large-height":507,"large":"https:\/\/www.bymycar.fr\/webzine\/wp-content\/uploads\/2017\/07\/PEUGEOT_5008_0709STYP_103-e1499765930308.jpg","large-width":518,"large-height":507,"1536x1536":"https:\/\/www.bymycar.fr\/webzine\/wp-content\/uploads\/2017\/07\/PEUGEOT_5008_0709STYP_103-e1499765930308.jpg","1536x1536-width":518,"1536x1536-height":507,"2048x2048":"https:\/\/www.bymycar.fr\/webzine\/wp-content\/uploads\/2017\/07\/PEUGEOT_5008_0709STYP_103-e1499765930308.jpg","2048x2048-width":518,"2048x2048-height":507}}],"-title-2":""}},{"acf_fc_layout":"text-simple","--nav":{"-withNav":false,"-ancre":""},"--group":{"-text":"<h3>Les compactes id\u00e9ales pour un jeune conducteur<\/h3>\n<p>Dans la cat\u00e9gorie des compactes, c\u2019est assur\u00e9ment la Dacia Logan qui fait figure de r\u00e9f\u00e9rence. Prix tr\u00e8s bas, co\u00fbt de r\u00e9paration minime et assurance auto raisonnable : elle a tout pour s\u00e9duire un jeune conducteur. Viennent, ensuite, la Volkswagen Golf et la Skoda Spaceback.<\/p>\n"}},{"acf_fc_layout":"images-slider","--nav":{"-withNav":false,"-ancre":""},"--group":{"-listibg":[{"--image":{"ID":1084,"id":1084,"title":"VW Golf","filename":"VW-GOLF-e1499768188911.jpg","filesize":0,"url":"https:\/\/www.bymycar.fr\/webzine\/wp-content\/uploads\/2017\/07\/VW-GOLF-e1499768188911.jpg","link":"https:\/\/www.bymycar.fr\/webzine\/assurance-jeune-conducteur-modeles-plus-adaptes\/vw-golf\/","alt":"","author":"1","description":"","caption":"\"Wiesbaden, Germany - July 14, 2012: Silver-metallic Volkswagen Golf on a street corner in the city of Wiesbaden (Germany). Volkswagen (VW) Golf is a small family car made by the german car manufacturer Volkswagen since 1974. VW is a brand of the Volkswagen Group, which is a German automobile manufacturing group based in Wolfsburg, Germany and founded in 1937.\"","name":"vw-golf","status":"inherit","uploaded_to":576,"date":"2017-07-11 10:15:42","modified":"2017-08-02 09:39:58","menu_order":0,"mime_type":"image\/jpeg","type":"image","subtype":"jpeg","icon":"https:\/\/www.bymycar.fr\/webzine\/wp-includes\/images\/media\/default.png","width":2262,"height":1243,"sizes":{"thumbnail":"https:\/\/www.bymycar.fr\/webzine\/wp-content\/uploads\/2017\/07\/VW-GOLF-e1499768188911-150x150.jpg","thumbnail-width":150,"thumbnail-height":150,"medium":"https:\/\/www.bymycar.fr\/webzine\/wp-content\/uploads\/2017\/07\/VW-GOLF-e1499768188911-300x165.jpg","medium-width":300,"medium-height":165,"medium_large":"https:\/\/www.bymycar.fr\/webzine\/wp-content\/uploads\/2017\/07\/VW-GOLF-e1499768188911-768x422.jpg","medium_large-width":768,"medium_large-height":422,"large":"https:\/\/www.bymycar.fr\/webzine\/wp-content\/uploads\/2017\/07\/VW-GOLF-e1499768188911-1024x563.jpg","large-width":1024,"large-height":563,"1536x1536":"https:\/\/www.bymycar.fr\/webzine\/wp-content\/uploads\/2017\/07\/VW-GOLF-e1499768188911.jpg","1536x1536-width":1536,"1536x1536-height":844,"2048x2048":"https:\/\/www.bymycar.fr\/webzine\/wp-content\/uploads\/2017\/07\/VW-GOLF-e1499768188911.jpg","2048x2048-width":2048,"2048x2048-height":1125}},"--legend":""}]}},{"acf_fc_layout":"text-simple","--nav":{"-withNav":false,"-ancre":""},"--group":{"-text":"<h2>Le classement des voitures les plus assur\u00e9es chez les jeunes conducteurs en 2022<\/h2>\n<p>Maintenant, on conna\u00eet les voitures les moins ch\u00e8res \u00e0 assurer. Int\u00e9ressons-nous aux v\u00e9hicules les plus assur\u00e9s par les jeunes conducteurs en 2022. Selon une \u00e9tude \u00e9tablie par Le Jeune Conducteur, c\u2019est la Renault Clio (9.4 %) qui se place en premi\u00e8re position. C\u2019est \u00e9vident \u00e9tant donn\u00e9 que ses prix d\u2019achat et d\u2019assurance sont peu \u00e9lev\u00e9s. 5.8 % des jeunes conducteurs ont opt\u00e9 pour la Peugeot 206 et 4.4 % en faveur de la Volkswagen Golf. La Renault M\u00e9gane se trouve en 4e position avec la souscription de 4.3 % des jeunes conducteurs assur\u00e9s.<\/p>\n<p>Voici le reste du classement :<\/p>\n<ul>\n<li>Volkswagen Polo : 4 %<\/li>\n<li>Citro\u00ebn C3 et Peugeot 208 : 3,7 %<\/li>\n<li>Peugeot 308 : 2,9 %<\/li>\n<\/ul>\n"}},{"acf_fc_layout":"text-simple","--nav":{"-withNav":false,"-ancre":""},"--group":{"-text":"<h2>Vous avez choisi votre v\u00e9hicule id\u00e9al pour \u00e9trenner votre permis de conduire ?<\/h2>\n<p>Vous souhaitez trouver une bonne assurance jeune conducteur sans vous ruiner ? Orientez-vous vers un comparateur d\u2019assurance auto comme <a href=\"https:\/\/www.lesfurets.com\/assurance-auto\/projet\/assurance-jeune-conducteur\">lesfurets<\/a> ? Il vous suffit simplement d\u2019indiquer vos besoins, la couverture et les options souhait\u00e9es ainsi que votre budget. Les conseillers chez lesfurets s\u2019occupent de vous s\u00e9lectionner les offres susceptibles de vous correspondre. Et en plus ? C\u2019est gratuit et sans engagement !<\/p>\n<p>&nbsp;<\/p>\n<p style=\"text-align: center;\"><a href=\"https:\/\/www.bymycar.fr\/rechercher-un-vehicule\" target=\"_blank\" class=\"css-button css-button--gold\" ><br \/>\n                D\u00e9couvrez nos voitures en stock &gt;<br \/>\n        <\/a><\/p>\n<p>&nbsp;<\/p>\n<p><em><b>D\u00e9couvrez aussi :<\/b><\/em><\/p>\n<p><em><a href=\"https:\/\/www.bymycar.fr\/webzine\/est-ce-interessant-dopter-pour-un-financement-loa-pour-une-voiture\/\"><span style=\"font-weight: 400;\">Loa<\/span><\/a><\/em><\/p>\n<p><em><a href=\"https:\/\/www.bymycar.fr\/webzine\/vehicule-occasion-bymycar\/\"><span style=\"font-weight: 400;\">V\u00e9hicule occasion<\/span><\/a><\/em><\/p>\n<p><em><a href=\"https:\/\/www.bymycar.fr\/webzine\/loa-ou-credit-auto-quelle-option-choisir-pour-ma-voiture\/\"><span style=\"font-weight: 400;\">Cr\u00e9dit auto<\/span><\/a><\/em><\/p>\n<p><em><a href=\"https:\/\/www.bymycar.fr\/webzine\/le-fonctionnement-dune-loa-en-fin-de-contrat-2\/\"><span style=\"font-weight: 400;\">Contrat loa, fin contrat location, fin de contrat, fin leasing, fin loa<\/span><\/a><\/em><\/p>\n<p><em><a href=\"https:\/\/www.bymycar.fr\/webzine\/quand-peut-on-changer-de-voiture-en-loa\/\"><span style=\"font-weight: 400;\">Voiture loa<\/span><\/a><\/em><\/p>\n<p><em><a href=\"https:\/\/www.bymycar.fr\/webzine\/lld-ou-loa-quelle-formule-de-location-de-vehicule-choisir-pour-une-entreprise\/\"><span style=\"font-weight: 400;\">Lld leasing<\/span><\/a><\/em><\/p>\n<p><em><a href=\"https:\/\/www.bymycar.fr\/webzine\/voiture-electrique-faut-il-opter-pour-lachat-ou-la-location-bymycar\/\"><span style=\"font-weight: 400;\">Louez voiture<\/span><\/a><\/em><\/p>\n<p><em><a href=\"https:\/\/www.bymycar.fr\/webzine\/location-vente-bymycar\/\"><span style=\"font-weight: 400;\">Location vente<\/span><\/a><\/em><\/p>\n<p><em><a href=\"https:\/\/www.bymycar.fr\/webzine\/acquerir-vehicule-bymycar\/\"><span style=\"font-weight: 400;\">Acqu\u00e9rir v\u00e9hicule<\/span><\/a><\/em><\/p>\n<p><em><a href=\"https:\/\/www.bymycar.fr\/webzine\/credit-auto-classique\/\"><span style=\"font-weight: 400;\">Cr\u00e9dit auto classique<\/span><\/a><\/em><\/p>\n<p><em><a href=\"https:\/\/www.bymycar.fr\/webzine\/que-faut-il-savoir-sur-la-location-avec-option-dachat-et-lachat-dun-vehicule-en-leasing\/\"><span style=\"font-weight: 400;\">Contrat leasing<\/span><\/a><\/em><\/p>\n<p><em><a href=\"https:\/\/www.bymycar.fr\/webzine\/formules-de-location-bymycar\/\"><span style=\"font-weight: 400;\">Formules de location<\/span><\/a><\/em><\/p>\n<p><em><a href=\"https:\/\/www.bymycar.fr\/webzine\/location-occasion\/\"><span style=\"font-weight: 400;\">Location d&rsquo;occasion<\/span><\/a><\/em><\/p>\n<p><em><a href=\"https:\/\/www.bymycar.fr\/webzine\/contrat-de-financement-automobile-bymycar\/\"><span style=\"font-weight: 400;\">Contrat de financement<\/span><\/a><\/em><\/p>\n<p><em><a href=\"https:\/\/www.bymycar.fr\/webzine\/periode-de-leasing-bymycar\/\"><span style=\"font-weight: 400;\">P\u00e9riode de leasing<\/span><\/a><\/em><\/p>\n<p><em><a href=\"https:\/\/www.bymycar.fr\/webzine\/acquisition-en-fin-de-location-bymycar\/\"><span style=\"font-weight: 400;\">Acquisition en fin de location<\/span><\/a><\/em><\/p>\n<p><em><a href=\"https:\/\/www.bymycar.fr\/webzine\/comment-financer-lachat-ou-la-location-dune-voiture-bymycar\/\"><span style=\"font-weight: 400;\">Financer voiture<\/span><\/a><\/em><\/p>\n<p><em><a href=\"https:\/\/www.bymycar.fr\/webzine\/restituez-voiture-bymycar\/\"><span style=\"font-weight: 400;\">Restituez voiture<\/span><\/a><\/em><\/p>\n<p><em><a href=\"https:\/\/www.bymycar.fr\/webzine\/solution-de-financement-pour-acheter-une-voiture\/\"><span style=\"font-weight: 400;\">Solution de financement<\/span><\/a><\/em><\/p>\n<p><em><a href=\"https:\/\/www.bymycar.fr\/webzine\/le-contrat-de-credit-auto-bymycar\/\"><span style=\"font-weight: 400;\">Contrat de cr\u00e9dit<\/span><\/a><\/em><\/p>\n<p><em><a href=\"https:\/\/www.bymycar.fr\/webzine\/contrat-de-location-bymycar\/\"><span style=\"font-weight: 400;\">Contrat de location<\/span><\/a><\/em><\/p>\n<p><em><a href=\"https:\/\/www.bymycar.fr\/webzine\/societe-de-location-de-voitures\/\"><span style=\"font-weight: 400;\">Soci\u00e9t\u00e9 de location<\/span><\/a><\/em><\/p>\n<p>&nbsp;<\/p>\n<p style=\"text-align: center;\">\n"}}]},"add-carousel-to-footer":true},"yoast_head":"<!-- This site is optimized with the Yoast SEO Premium plugin v26.4 (Yoast SEO v26.4) - https:\/\/yoast.com\/wordpress\/plugins\/seo\/ -->\n<title>Assurance jeune conducteur : les mod\u00e8les les plus adapt\u00e9s ?<\/title>\n<meta name=\"description\" content=\"En France, la souscription \u00e0 une assurance auto est imp\u00e9rative pour tout v\u00e9hicule terrestre \u00e0 moteur ou VTAM. Les assureurs proposent un large choix de solutions d\u2019assurance auto avec un niveau de protection diff\u00e9rent.\" \/>\n<meta name=\"robots\" content=\"index, follow, max-snippet:-1, max-image-preview:large, max-video-preview:-1\" \/>\n<link rel=\"canonical\" href=\"https:\/\/www.bymycar.fr\/webzine\/assurance-jeune-conducteur-modeles-plus-adaptes\/\" \/>\n<meta property=\"og:locale\" content=\"fr_FR\" \/>\n<meta property=\"og:type\" content=\"article\" \/>\n<meta property=\"og:title\" content=\"Assurance auto jeune conducteur : d\u00e9finition, conseils, mod\u00e8les les plus adapt\u00e9s ? BYmyCAR\" \/>\n<meta property=\"og:description\" content=\"En France, la souscription \u00e0 une assurance auto est imp\u00e9rative pour tout v\u00e9hicule terrestre \u00e0 moteur ou VTAM. Les assureurs proposent un large choix de solutions d\u2019assurance auto avec un niveau de protection diff\u00e9rent.\" \/>\n<meta property=\"og:url\" content=\"https:\/\/www.bymycar.fr\/webzine\/assurance-jeune-conducteur-modeles-plus-adaptes\/\" \/>\n<meta property=\"og:site_name\" content=\"Webzine auto BYmyCAR\" \/>\n<meta property=\"article:published_time\" content=\"2017-10-09T09:15:00+00:00\" \/>\n<meta property=\"article:modified_time\" content=\"2022-06-23T10:59:38+00:00\" \/>\n<meta property=\"og:image\" content=\"https:\/\/www.bymycar.fr\/webzine\/wp-content\/uploads\/2017\/07\/jeune-au-volant-e1499766032673-scaled.jpg\" \/>\n\t<meta property=\"og:image:width\" content=\"2560\" \/>\n\t<meta property=\"og:image:height\" content=\"1273\" \/>\n\t<meta property=\"og:image:type\" content=\"image\/jpeg\" \/>\n<meta name=\"author\" content=\"William M.\" \/>\n<meta name=\"twitter:card\" content=\"summary_large_image\" \/>\n<meta name=\"twitter:label1\" content=\"\u00c9crit par\" \/>\n\t<meta name=\"twitter:data1\" content=\"William M.\" \/>\n<script type=\"application\/ld+json\" class=\"yoast-schema-graph\">{\"@context\":\"https:\/\/schema.org\",\"@graph\":[{\"@type\":\"Article\",\"@id\":\"https:\/\/www.bymycar.fr\/webzine\/assurance-jeune-conducteur-modeles-plus-adaptes\/#article\",\"isPartOf\":{\"@id\":\"https:\/\/www.bymycar.fr\/webzine\/assurance-jeune-conducteur-modeles-plus-adaptes\/\"},\"author\":{\"name\":\"William M.\",\"@id\":\"https:\/\/www.bymycar.fr\/webzine\/#\/schema\/person\/605ad02925224befd4475d11e8378cdc\"},\"headline\":\"Assurance auto jeune conducteur : d\u00e9finition, conseils, mod\u00e8les les plus adapt\u00e9s ? BYmyCAR\",\"datePublished\":\"2017-10-09T09:15:00+00:00\",\"dateModified\":\"2022-06-23T10:59:38+00:00\",\"mainEntityOfPage\":{\"@id\":\"https:\/\/www.bymycar.fr\/webzine\/assurance-jeune-conducteur-modeles-plus-adaptes\/\"},\"wordCount\":14,\"publisher\":{\"@id\":\"https:\/\/www.bymycar.fr\/webzine\/#organization\"},\"image\":{\"@id\":\"https:\/\/www.bymycar.fr\/webzine\/assurance-jeune-conducteur-modeles-plus-adaptes\/#primaryimage\"},\"thumbnailUrl\":\"https:\/\/www.bymycar.fr\/webzine\/wp-content\/uploads\/2017\/07\/jeune-au-volant-e1499766032673-scaled.jpg\",\"articleSection\":[\"Achat, location et vente\"],\"inLanguage\":\"fr-FR\"},{\"@type\":\"WebPage\",\"@id\":\"https:\/\/www.bymycar.fr\/webzine\/assurance-jeune-conducteur-modeles-plus-adaptes\/\",\"url\":\"https:\/\/www.bymycar.fr\/webzine\/assurance-jeune-conducteur-modeles-plus-adaptes\/\",\"name\":\"Assurance jeune conducteur : les mod\u00e8les les plus adapt\u00e9s ?\",\"isPartOf\":{\"@id\":\"https:\/\/www.bymycar.fr\/webzine\/#website\"},\"primaryImageOfPage\":{\"@id\":\"https:\/\/www.bymycar.fr\/webzine\/assurance-jeune-conducteur-modeles-plus-adaptes\/#primaryimage\"},\"image\":{\"@id\":\"https:\/\/www.bymycar.fr\/webzine\/assurance-jeune-conducteur-modeles-plus-adaptes\/#primaryimage\"},\"thumbnailUrl\":\"https:\/\/www.bymycar.fr\/webzine\/wp-content\/uploads\/2017\/07\/jeune-au-volant-e1499766032673-scaled.jpg\",\"datePublished\":\"2017-10-09T09:15:00+00:00\",\"dateModified\":\"2022-06-23T10:59:38+00:00\",\"description\":\"En France, la souscription \u00e0 une assurance auto est imp\u00e9rative pour tout v\u00e9hicule terrestre \u00e0 moteur ou VTAM. Les assureurs proposent un large choix de solutions d\u2019assurance auto avec un niveau de protection diff\u00e9rent.\",\"breadcrumb\":{\"@id\":\"https:\/\/www.bymycar.fr\/webzine\/assurance-jeune-conducteur-modeles-plus-adaptes\/#breadcrumb\"},\"inLanguage\":\"fr-FR\",\"potentialAction\":[{\"@type\":\"ReadAction\",\"target\":[\"https:\/\/www.bymycar.fr\/webzine\/assurance-jeune-conducteur-modeles-plus-adaptes\/\"]}]},{\"@type\":\"ImageObject\",\"inLanguage\":\"fr-FR\",\"@id\":\"https:\/\/www.bymycar.fr\/webzine\/assurance-jeune-conducteur-modeles-plus-adaptes\/#primaryimage\",\"url\":\"https:\/\/www.bymycar.fr\/webzine\/wp-content\/uploads\/2017\/07\/jeune-au-volant-e1499766032673-scaled.jpg\",\"contentUrl\":\"https:\/\/www.bymycar.fr\/webzine\/wp-content\/uploads\/2017\/07\/jeune-au-volant-e1499766032673-scaled.jpg\",\"width\":2560,\"height\":1273,\"caption\":\"Jeune femme souriante au volant d'une voiture; Le soleil entre dans la voiture.\"},{\"@type\":\"BreadcrumbList\",\"@id\":\"https:\/\/www.bymycar.fr\/webzine\/assurance-jeune-conducteur-modeles-plus-adaptes\/#breadcrumb\",\"itemListElement\":[{\"@type\":\"ListItem\",\"position\":1,\"name\":\"Accueil\",\"item\":\"https:\/\/www.bymycar.fr\/webzine\/\"},{\"@type\":\"ListItem\",\"position\":2,\"name\":\"Assurance auto jeune conducteur : d\u00e9finition, conseils, mod\u00e8les les plus adapt\u00e9s ? BYmyCAR\"}]},{\"@type\":\"WebSite\",\"@id\":\"https:\/\/www.bymycar.fr\/webzine\/#website\",\"url\":\"https:\/\/www.bymycar.fr\/webzine\/\",\"name\":\"Webzine auto BYmyCAR\",\"description\":\"La magazine auto de BYmyCAR\",\"publisher\":{\"@id\":\"https:\/\/www.bymycar.fr\/webzine\/#organization\"},\"potentialAction\":[{\"@type\":\"SearchAction\",\"target\":{\"@type\":\"EntryPoint\",\"urlTemplate\":\"https:\/\/www.bymycar.fr\/webzine\/?s={search_term_string}\"},\"query-input\":{\"@type\":\"PropertyValueSpecification\",\"valueRequired\":true,\"valueName\":\"search_term_string\"}}],\"inLanguage\":\"fr-FR\"},{\"@type\":\"Organization\",\"@id\":\"https:\/\/www.bymycar.fr\/webzine\/#organization\",\"name\":\"BYmyCAR\",\"url\":\"https:\/\/www.bymycar.fr\/webzine\/\",\"logo\":{\"@type\":\"ImageObject\",\"inLanguage\":\"fr-FR\",\"@id\":\"https:\/\/www.bymycar.fr\/webzine\/#\/schema\/logo\/image\/\",\"url\":\"https:\/\/cdn.bymycar.eu\/fr-webzine\/wp-content\/uploads\/medias\/2017\/08\/logo_DEALER_00000406_001.png\",\"contentUrl\":\"https:\/\/cdn.bymycar.eu\/fr-webzine\/wp-content\/uploads\/medias\/2017\/08\/logo_DEALER_00000406_001.png\",\"width\":2132,\"height\":720,\"caption\":\"BYmyCAR\"},\"image\":{\"@id\":\"https:\/\/www.bymycar.fr\/webzine\/#\/schema\/logo\/image\/\"}},{\"@type\":\"Person\",\"@id\":\"https:\/\/www.bymycar.fr\/webzine\/#\/schema\/person\/605ad02925224befd4475d11e8378cdc\",\"name\":\"William M.\",\"image\":{\"@type\":\"ImageObject\",\"inLanguage\":\"fr-FR\",\"@id\":\"https:\/\/www.bymycar.fr\/webzine\/#\/schema\/person\/image\/\",\"url\":\"https:\/\/secure.gravatar.com\/avatar\/8a53bfa67adaa4c04e552efd6b3d29aa707d64c3b462f4596e91af5e74cda882?s=96&d=mm&r=g\",\"contentUrl\":\"https:\/\/secure.gravatar.com\/avatar\/8a53bfa67adaa4c04e552efd6b3d29aa707d64c3b462f4596e91af5e74cda882?s=96&d=mm&r=g\",\"caption\":\"William M.\"}}]}<\/script>\n<!-- \/ Yoast SEO Premium plugin. -->","yoast_head_json":{"title":"Assurance jeune conducteur : les mod\u00e8les les plus adapt\u00e9s ?","description":"En France, la souscription \u00e0 une assurance auto est imp\u00e9rative pour tout v\u00e9hicule terrestre \u00e0 moteur ou VTAM. Les assureurs proposent un large choix de solutions d\u2019assurance auto avec un niveau de protection diff\u00e9rent.","robots":{"index":"index","follow":"follow","max-snippet":"max-snippet:-1","max-image-preview":"max-image-preview:large","max-video-preview":"max-video-preview:-1"},"canonical":"https:\/\/www.bymycar.fr\/webzine\/assurance-jeune-conducteur-modeles-plus-adaptes\/","og_locale":"fr_FR","og_type":"article","og_title":"Assurance auto jeune conducteur : d\u00e9finition, conseils, mod\u00e8les les plus adapt\u00e9s ? BYmyCAR","og_description":"En France, la souscription \u00e0 une assurance auto est imp\u00e9rative pour tout v\u00e9hicule terrestre \u00e0 moteur ou VTAM. Les assureurs proposent un large choix de solutions d\u2019assurance auto avec un niveau de protection diff\u00e9rent.","og_url":"https:\/\/www.bymycar.fr\/webzine\/assurance-jeune-conducteur-modeles-plus-adaptes\/","og_site_name":"Webzine auto BYmyCAR","article_published_time":"2017-10-09T09:15:00+00:00","article_modified_time":"2022-06-23T10:59:38+00:00","og_image":[{"width":2560,"height":1273,"url":"https:\/\/www.bymycar.fr\/webzine\/wp-content\/uploads\/2017\/07\/jeune-au-volant-e1499766032673-scaled.jpg","type":"image\/jpeg"}],"author":"William M.","twitter_card":"summary_large_image","twitter_misc":{"\u00c9crit par":"William M."},"schema":{"@context":"https:\/\/schema.org","@graph":[{"@type":"Article","@id":"https:\/\/www.bymycar.fr\/webzine\/assurance-jeune-conducteur-modeles-plus-adaptes\/#article","isPartOf":{"@id":"https:\/\/www.bymycar.fr\/webzine\/assurance-jeune-conducteur-modeles-plus-adaptes\/"},"author":{"name":"William M.","@id":"https:\/\/www.bymycar.fr\/webzine\/#\/schema\/person\/605ad02925224befd4475d11e8378cdc"},"headline":"Assurance auto jeune conducteur : d\u00e9finition, conseils, mod\u00e8les les plus adapt\u00e9s ? BYmyCAR","datePublished":"2017-10-09T09:15:00+00:00","dateModified":"2022-06-23T10:59:38+00:00","mainEntityOfPage":{"@id":"https:\/\/www.bymycar.fr\/webzine\/assurance-jeune-conducteur-modeles-plus-adaptes\/"},"wordCount":14,"publisher":{"@id":"https:\/\/www.bymycar.fr\/webzine\/#organization"},"image":{"@id":"https:\/\/www.bymycar.fr\/webzine\/assurance-jeune-conducteur-modeles-plus-adaptes\/#primaryimage"},"thumbnailUrl":"https:\/\/www.bymycar.fr\/webzine\/wp-content\/uploads\/2017\/07\/jeune-au-volant-e1499766032673-scaled.jpg","articleSection":["Achat, location et vente"],"inLanguage":"fr-FR"},{"@type":"WebPage","@id":"https:\/\/www.bymycar.fr\/webzine\/assurance-jeune-conducteur-modeles-plus-adaptes\/","url":"https:\/\/www.bymycar.fr\/webzine\/assurance-jeune-conducteur-modeles-plus-adaptes\/","name":"Assurance jeune conducteur : les mod\u00e8les les plus adapt\u00e9s ?","isPartOf":{"@id":"https:\/\/www.bymycar.fr\/webzine\/#website"},"primaryImageOfPage":{"@id":"https:\/\/www.bymycar.fr\/webzine\/assurance-jeune-conducteur-modeles-plus-adaptes\/#primaryimage"},"image":{"@id":"https:\/\/www.bymycar.fr\/webzine\/assurance-jeune-conducteur-modeles-plus-adaptes\/#primaryimage"},"thumbnailUrl":"https:\/\/www.bymycar.fr\/webzine\/wp-content\/uploads\/2017\/07\/jeune-au-volant-e1499766032673-scaled.jpg","datePublished":"2017-10-09T09:15:00+00:00","dateModified":"2022-06-23T10:59:38+00:00","description":"En France, la souscription \u00e0 une assurance auto est imp\u00e9rative pour tout v\u00e9hicule terrestre \u00e0 moteur ou VTAM. Les assureurs proposent un large choix de solutions d\u2019assurance auto avec un niveau de protection diff\u00e9rent.","breadcrumb":{"@id":"https:\/\/www.bymycar.fr\/webzine\/assurance-jeune-conducteur-modeles-plus-adaptes\/#breadcrumb"},"inLanguage":"fr-FR","potentialAction":[{"@type":"ReadAction","target":["https:\/\/www.bymycar.fr\/webzine\/assurance-jeune-conducteur-modeles-plus-adaptes\/"]}]},{"@type":"ImageObject","inLanguage":"fr-FR","@id":"https:\/\/www.bymycar.fr\/webzine\/assurance-jeune-conducteur-modeles-plus-adaptes\/#primaryimage","url":"https:\/\/www.bymycar.fr\/webzine\/wp-content\/uploads\/2017\/07\/jeune-au-volant-e1499766032673-scaled.jpg","contentUrl":"https:\/\/www.bymycar.fr\/webzine\/wp-content\/uploads\/2017\/07\/jeune-au-volant-e1499766032673-scaled.jpg","width":2560,"height":1273,"caption":"Jeune femme souriante au volant d'une voiture; Le soleil entre dans la voiture."},{"@type":"BreadcrumbList","@id":"https:\/\/www.bymycar.fr\/webzine\/assurance-jeune-conducteur-modeles-plus-adaptes\/#breadcrumb","itemListElement":[{"@type":"ListItem","position":1,"name":"Accueil","item":"https:\/\/www.bymycar.fr\/webzine\/"},{"@type":"ListItem","position":2,"name":"Assurance auto jeune conducteur : d\u00e9finition, conseils, mod\u00e8les les plus adapt\u00e9s ? BYmyCAR"}]},{"@type":"WebSite","@id":"https:\/\/www.bymycar.fr\/webzine\/#website","url":"https:\/\/www.bymycar.fr\/webzine\/","name":"Webzine auto BYmyCAR","description":"La magazine auto de BYmyCAR","publisher":{"@id":"https:\/\/www.bymycar.fr\/webzine\/#organization"},"potentialAction":[{"@type":"SearchAction","target":{"@type":"EntryPoint","urlTemplate":"https:\/\/www.bymycar.fr\/webzine\/?s={search_term_string}"},"query-input":{"@type":"PropertyValueSpecification","valueRequired":true,"valueName":"search_term_string"}}],"inLanguage":"fr-FR"},{"@type":"Organization","@id":"https:\/\/www.bymycar.fr\/webzine\/#organization","name":"BYmyCAR","url":"https:\/\/www.bymycar.fr\/webzine\/","logo":{"@type":"ImageObject","inLanguage":"fr-FR","@id":"https:\/\/www.bymycar.fr\/webzine\/#\/schema\/logo\/image\/","url":"https:\/\/cdn.bymycar.eu\/fr-webzine\/wp-content\/uploads\/medias\/2017\/08\/logo_DEALER_00000406_001.png","contentUrl":"https:\/\/cdn.bymycar.eu\/fr-webzine\/wp-content\/uploads\/medias\/2017\/08\/logo_DEALER_00000406_001.png","width":2132,"height":720,"caption":"BYmyCAR"},"image":{"@id":"https:\/\/www.bymycar.fr\/webzine\/#\/schema\/logo\/image\/"}},{"@type":"Person","@id":"https:\/\/www.bymycar.fr\/webzine\/#\/schema\/person\/605ad02925224befd4475d11e8378cdc","name":"William M.","image":{"@type":"ImageObject","inLanguage":"fr-FR","@id":"https:\/\/www.bymycar.fr\/webzine\/#\/schema\/person\/image\/","url":"https:\/\/secure.gravatar.com\/avatar\/8a53bfa67adaa4c04e552efd6b3d29aa707d64c3b462f4596e91af5e74cda882?s=96&d=mm&r=g","contentUrl":"https:\/\/secure.gravatar.com\/avatar\/8a53bfa67adaa4c04e552efd6b3d29aa707d64c3b462f4596e91af5e74cda882?s=96&d=mm&r=g","caption":"William M."}}]}},"_links":{"self":[{"href":"https:\/\/www.bymycar.fr\/webzine\/wp-json\/wp\/v2\/posts\/576","targetHints":{"allow":["GET"]}}],"collection":[{"href":"https:\/\/www.bymycar.fr\/webzine\/wp-json\/wp\/v2\/posts"}],"about":[{"href":"https:\/\/www.bymycar.fr\/webzine\/wp-json\/wp\/v2\/types\/post"}],"author":[{"embeddable":true,"href":"https:\/\/www.bymycar.fr\/webzine\/wp-json\/wp\/v2\/users\/1"}],"replies":[{"embeddable":true,"href":"https:\/\/www.bymycar.fr\/webzine\/wp-json\/wp\/v2\/comments?post=576"}],"version-history":[{"count":30,"href":"https:\/\/www.bymycar.fr\/webzine\/wp-json\/wp\/v2\/posts\/576\/revisions"}],"predecessor-version":[{"id":31095,"href":"https:\/\/www.bymycar.fr\/webzine\/wp-json\/wp\/v2\/posts\/576\/revisions\/31095"}],"wp:featuredmedia":[{"embeddable":true,"href":"https:\/\/www.bymycar.fr\/webzine\/wp-json\/wp\/v2\/media\/858"}],"wp:attachment":[{"href":"https:\/\/www.bymycar.fr\/webzine\/wp-json\/wp\/v2\/media?parent=576"}],"wp:term":[{"taxonomy":"category","embeddable":true,"href":"https:\/\/www.bymycar.fr\/webzine\/wp-json\/wp\/v2\/categories?post=576"},{"taxonomy":"post_tag","embeddable":true,"href":"https:\/\/www.bymycar.fr\/webzine\/wp-json\/wp\/v2\/tags?post=576"}],"curies":[{"name":"wp","href":"https:\/\/api.w.org\/{rel}","templated":true}]}}