{"id":57044,"date":"2024-12-24T08:53:20","date_gmt":"2024-12-24T07:53:20","guid":{"rendered":"https:\/\/prod.bymycar.fr\/webzine\/?p=57044"},"modified":"2024-12-24T08:53:57","modified_gmt":"2024-12-24T07:53:57","slug":"mercedes-bymycar-villeneuve-loubet-concession-de-lannee-2024","status":"publish","type":"post","link":"https:\/\/www.bymycar.fr\/webzine\/mercedes-bymycar-villeneuve-loubet-concession-de-lannee-2024\/","title":{"rendered":"Mercedes BYmyCAR Villeneuve-Loubet\u00a0: Concession de l\u2019ann\u00e9e 2024"},"content":{"rendered":"","protected":false},"excerpt":{"rendered":"","protected":false},"author":26,"featured_media":57078,"comment_status":"closed","ping_status":"open","sticky":false,"template":"","format":"standard","meta":{"_acf_changed":false,"footnotes":""},"categories":[9014],"tags":[35,31,12831],"class_list":["post-57044","post","type-post","status-publish","format-standard","has-post-thumbnail","hentry","category-actualites-concessions-bymycar","tag-bymycar","tag-mercedes","tag-nouveaute"],"acf":{"template":"classique","introduction":"","strates":[{"type_strate":"texte-simple","ancre":"","contenu":"<p><strong>Une distinction qui refl\u00e8te l\u2019excellence<\/strong><\/p>\n<p>Mercedes BYmyCAR Villeneuve-Loubet est fi\u00e8re d\u2019\u00eatre \u00e9lu <strong>Concession de l\u2019Ann\u00e9e 2024<\/strong>. Cette r\u00e9compense prestigieuse, d\u00e9cern\u00e9e par Les Grands Prix de la Distribution Automobile, vient saluer notre engagement \u00e0 offrir une exp\u00e9rience client d\u2019exception, un service apr\u00e8s-vente irr\u00e9prochable, et un showroom moderne o\u00f9 luxe et innovation se rencontrent.<\/p>\n<p><strong>Un succ\u00e8s partag\u00e9 avec vous<\/strong><\/p>\n<p>Cette victoire est avant tout celle de nos clients et partenaires, dont la confiance nous inspire chaque jour \u00e0 viser l\u2019excellence. Gr\u00e2ce \u00e0 une \u00e9quipe passionn\u00e9e et une gamme de v\u00e9hicules premium, nous continuons \u00e0 red\u00e9finir les standards de l\u2019automobile haut de gamme.<\/p>\n","titre":"Mercedes prix","image":false,"image_libre":false,"image_800x500":false,"legende":"","zoom":false,"texte":"","articles":false,"categorie_droite":false,"images":false,"elements_comparatif":false,"texte_1":"","texte_2":"","image_1":false,"image_1_563x400":false,"image_1_332x332":false,"image_2":false,"image_2_333x240":false,"image_2_563x400":false,"image_3":false,"image_3_333x240":false,"image_3_332x450":false,"image_4":false,"image_4_332x332":false,"image_4_563x400":false,"code_embed":"","legende_video":"","photo":false,"photo_100x100":false,"nom":"","fonction":"","elements_timeline":false,"entetes_colonnes":false,"entetes_lignes":false,"lignes":false,"introduction":"","formulaire":false,"question":"","reponse":"","libelle_bouton_lien":"","url_lien":"","questions":false,"conclusions":false,"pays":false,"region":false,"marque":false,"marqueConcessions":false,"modele":false,"ptvente":false,"typeV":false,"collection":false,"nombre_maximum_elements":10,"lien_fin_carousel":"","texte_lien_fin_carousel":"","trier_par":false},{"type_strate":"mosaique-2","ancre":"","contenu":"","titre":"","image":false,"image_libre":false,"image_800x500":false,"legende":"","zoom":false,"texte":"","articles":false,"categorie_droite":false,"images":false,"elements_comparatif":false,"texte_1":"","texte_2":"","image_1":false,"image_1_563x400":{"ID":57045,"id":57045,"title":"563400","filename":"563400.png","filesize":339463,"url":"https:\/\/cdn.bymycar.eu\/fr-webzine\/wp-content\/uploads\/medias\/563400.png","link":"https:\/\/www.bymycar.fr\/webzine\/mercedes-bymycar-villeneuve-loubet-concession-de-lannee-2024\/attachment\/563400\/","alt":"","author":"26","description":"","caption":"","name":"563400","status":"inherit","uploaded_to":57044,"date":"2024-12-13 13:39:19","modified":"2024-12-13 13:39:19","menu_order":0,"mime_type":"image\/png","type":"image","subtype":"png","icon":"https:\/\/www.bymycar.fr\/webzine\/wp-includes\/images\/media\/default.png","width":563,"height":400,"sizes":{"thumbnail":"https:\/\/cdn.bymycar.eu\/fr-webzine\/wp-content\/uploads\/medias\/563400-150x150.png","thumbnail-width":150,"thumbnail-height":150,"medium":"https:\/\/cdn.bymycar.eu\/fr-webzine\/wp-content\/uploads\/medias\/563400-300x213.png","medium-width":300,"medium-height":213,"medium_large":"https:\/\/cdn.bymycar.eu\/fr-webzine\/wp-content\/uploads\/medias\/563400.png","medium_large-width":563,"medium_large-height":400,"large":"https:\/\/cdn.bymycar.eu\/fr-webzine\/wp-content\/uploads\/medias\/563400.png","large-width":563,"large-height":400,"1536x1536":"https:\/\/cdn.bymycar.eu\/fr-webzine\/wp-content\/uploads\/medias\/563400.png","1536x1536-width":563,"1536x1536-height":400,"2048x2048":"https:\/\/cdn.bymycar.eu\/fr-webzine\/wp-content\/uploads\/medias\/563400.png","2048x2048-width":563,"2048x2048-height":400}},"image_1_332x332":{"ID":57080,"id":57080,"title":"WEBZINE 332 (1)","filename":"WEBZINE-332-1.png","filesize":217400,"url":"https:\/\/cdn.bymycar.eu\/fr-webzine\/wp-content\/uploads\/medias\/WEBZINE-332-1.png","link":"https:\/\/www.bymycar.fr\/webzine\/mercedes-bymycar-villeneuve-loubet-concession-de-lannee-2024\/webzine-332-1\/","alt":"","author":"26","description":"","caption":"","name":"webzine-332-1","status":"inherit","uploaded_to":57044,"date":"2024-12-16 10:58:38","modified":"2024-12-16 10:58:38","menu_order":0,"mime_type":"image\/png","type":"image","subtype":"png","icon":"https:\/\/www.bymycar.fr\/webzine\/wp-includes\/images\/media\/default.png","width":332,"height":332,"sizes":{"thumbnail":"https:\/\/cdn.bymycar.eu\/fr-webzine\/wp-content\/uploads\/medias\/WEBZINE-332-1-150x150.png","thumbnail-width":150,"thumbnail-height":150,"medium":"https:\/\/cdn.bymycar.eu\/fr-webzine\/wp-content\/uploads\/medias\/WEBZINE-332-1-300x300.png","medium-width":300,"medium-height":300,"medium_large":"https:\/\/cdn.bymycar.eu\/fr-webzine\/wp-content\/uploads\/medias\/WEBZINE-332-1.png","medium_large-width":332,"medium_large-height":332,"large":"https:\/\/cdn.bymycar.eu\/fr-webzine\/wp-content\/uploads\/medias\/WEBZINE-332-1.png","large-width":332,"large-height":332,"1536x1536":"https:\/\/cdn.bymycar.eu\/fr-webzine\/wp-content\/uploads\/medias\/WEBZINE-332-1.png","1536x1536-width":332,"1536x1536-height":332,"2048x2048":"https:\/\/cdn.bymycar.eu\/fr-webzine\/wp-content\/uploads\/medias\/WEBZINE-332-1.png","2048x2048-width":332,"2048x2048-height":332}},"image_2":false,"image_2_333x240":{"ID":57079,"id":57079,"title":"WEBZINE 333240","filename":"WEBZINE-333240.png","filesize":93444,"url":"https:\/\/cdn.bymycar.eu\/fr-webzine\/wp-content\/uploads\/medias\/WEBZINE-333240.png","link":"https:\/\/www.bymycar.fr\/webzine\/mercedes-bymycar-villeneuve-loubet-concession-de-lannee-2024\/webzine-333240\/","alt":"","author":"26","description":"","caption":"","name":"webzine-333240","status":"inherit","uploaded_to":57044,"date":"2024-12-16 10:57:45","modified":"2024-12-16 10:57:45","menu_order":0,"mime_type":"image\/png","type":"image","subtype":"png","icon":"https:\/\/www.bymycar.fr\/webzine\/wp-includes\/images\/media\/default.png","width":333,"height":240,"sizes":{"thumbnail":"https:\/\/cdn.bymycar.eu\/fr-webzine\/wp-content\/uploads\/medias\/WEBZINE-333240-150x150.png","thumbnail-width":150,"thumbnail-height":150,"medium":"https:\/\/cdn.bymycar.eu\/fr-webzine\/wp-content\/uploads\/medias\/WEBZINE-333240-300x216.png","medium-width":300,"medium-height":216,"medium_large":"https:\/\/cdn.bymycar.eu\/fr-webzine\/wp-content\/uploads\/medias\/WEBZINE-333240.png","medium_large-width":333,"medium_large-height":240,"large":"https:\/\/cdn.bymycar.eu\/fr-webzine\/wp-content\/uploads\/medias\/WEBZINE-333240.png","large-width":333,"large-height":240,"1536x1536":"https:\/\/cdn.bymycar.eu\/fr-webzine\/wp-content\/uploads\/medias\/WEBZINE-333240.png","1536x1536-width":333,"1536x1536-height":240,"2048x2048":"https:\/\/cdn.bymycar.eu\/fr-webzine\/wp-content\/uploads\/medias\/WEBZINE-333240.png","2048x2048-width":333,"2048x2048-height":240}},"image_2_563x400":false,"image_3":false,"image_3_333x240":{"ID":57085,"id":57085,"title":"WEBZINE 333240 (1)","filename":"WEBZINE-333240-1.png","filesize":142879,"url":"https:\/\/cdn.bymycar.eu\/fr-webzine\/wp-content\/uploads\/medias\/WEBZINE-333240-1.png","link":"https:\/\/www.bymycar.fr\/webzine\/mercedes-bymycar-villeneuve-loubet-concession-de-lannee-2024\/webzine-333240-1\/","alt":"","author":"26","description":"","caption":"","name":"webzine-333240-1","status":"inherit","uploaded_to":57044,"date":"2024-12-16 10:59:49","modified":"2024-12-16 10:59:49","menu_order":0,"mime_type":"image\/png","type":"image","subtype":"png","icon":"https:\/\/www.bymycar.fr\/webzine\/wp-includes\/images\/media\/default.png","width":333,"height":240,"sizes":{"thumbnail":"https:\/\/cdn.bymycar.eu\/fr-webzine\/wp-content\/uploads\/medias\/WEBZINE-333240-1-150x150.png","thumbnail-width":150,"thumbnail-height":150,"medium":"https:\/\/cdn.bymycar.eu\/fr-webzine\/wp-content\/uploads\/medias\/WEBZINE-333240-1-300x216.png","medium-width":300,"medium-height":216,"medium_large":"https:\/\/cdn.bymycar.eu\/fr-webzine\/wp-content\/uploads\/medias\/WEBZINE-333240-1.png","medium_large-width":333,"medium_large-height":240,"large":"https:\/\/cdn.bymycar.eu\/fr-webzine\/wp-content\/uploads\/medias\/WEBZINE-333240-1.png","large-width":333,"large-height":240,"1536x1536":"https:\/\/cdn.bymycar.eu\/fr-webzine\/wp-content\/uploads\/medias\/WEBZINE-333240-1.png","1536x1536-width":333,"1536x1536-height":240,"2048x2048":"https:\/\/cdn.bymycar.eu\/fr-webzine\/wp-content\/uploads\/medias\/WEBZINE-333240-1.png","2048x2048-width":333,"2048x2048-height":240}},"image_3_332x450":false,"image_4":false,"image_4_332x332":{"ID":57047,"id":57047,"title":"332","filename":"332.png","filesize":176712,"url":"https:\/\/cdn.bymycar.eu\/fr-webzine\/wp-content\/uploads\/medias\/332.png","link":"https:\/\/www.bymycar.fr\/webzine\/mercedes-bymycar-villeneuve-loubet-concession-de-lannee-2024\/attachment\/332\/","alt":"","author":"26","description":"","caption":"","name":"332","status":"inherit","uploaded_to":57044,"date":"2024-12-13 13:39:48","modified":"2024-12-13 13:39:48","menu_order":0,"mime_type":"image\/png","type":"image","subtype":"png","icon":"https:\/\/www.bymycar.fr\/webzine\/wp-includes\/images\/media\/default.png","width":332,"height":332,"sizes":{"thumbnail":"https:\/\/cdn.bymycar.eu\/fr-webzine\/wp-content\/uploads\/medias\/332-150x150.png","thumbnail-width":150,"thumbnail-height":150,"medium":"https:\/\/cdn.bymycar.eu\/fr-webzine\/wp-content\/uploads\/medias\/332-300x300.png","medium-width":300,"medium-height":300,"medium_large":"https:\/\/cdn.bymycar.eu\/fr-webzine\/wp-content\/uploads\/medias\/332.png","medium_large-width":332,"medium_large-height":332,"large":"https:\/\/cdn.bymycar.eu\/fr-webzine\/wp-content\/uploads\/medias\/332.png","large-width":332,"large-height":332,"1536x1536":"https:\/\/cdn.bymycar.eu\/fr-webzine\/wp-content\/uploads\/medias\/332.png","1536x1536-width":332,"1536x1536-height":332,"2048x2048":"https:\/\/cdn.bymycar.eu\/fr-webzine\/wp-content\/uploads\/medias\/332.png","2048x2048-width":332,"2048x2048-height":332}},"image_4_563x400":{"ID":57078,"id":57078,"title":"WEBZINE 563400","filename":"WEBZINE-563400.png","filesize":350373,"url":"https:\/\/cdn.bymycar.eu\/fr-webzine\/wp-content\/uploads\/medias\/WEBZINE-563400.png","link":"https:\/\/www.bymycar.fr\/webzine\/mercedes-bymycar-villeneuve-loubet-concession-de-lannee-2024\/webzine-563400\/","alt":"","author":"26","description":"","caption":"","name":"webzine-563400","status":"inherit","uploaded_to":57044,"date":"2024-12-16 10:56:53","modified":"2024-12-16 10:56:53","menu_order":0,"mime_type":"image\/png","type":"image","subtype":"png","icon":"https:\/\/www.bymycar.fr\/webzine\/wp-includes\/images\/media\/default.png","width":563,"height":400,"sizes":{"thumbnail":"https:\/\/cdn.bymycar.eu\/fr-webzine\/wp-content\/uploads\/medias\/WEBZINE-563400-150x150.png","thumbnail-width":150,"thumbnail-height":150,"medium":"https:\/\/cdn.bymycar.eu\/fr-webzine\/wp-content\/uploads\/medias\/WEBZINE-563400-300x213.png","medium-width":300,"medium-height":213,"medium_large":"https:\/\/cdn.bymycar.eu\/fr-webzine\/wp-content\/uploads\/medias\/WEBZINE-563400.png","medium_large-width":563,"medium_large-height":400,"large":"https:\/\/cdn.bymycar.eu\/fr-webzine\/wp-content\/uploads\/medias\/WEBZINE-563400.png","large-width":563,"large-height":400,"1536x1536":"https:\/\/cdn.bymycar.eu\/fr-webzine\/wp-content\/uploads\/medias\/WEBZINE-563400.png","1536x1536-width":563,"1536x1536-height":400,"2048x2048":"https:\/\/cdn.bymycar.eu\/fr-webzine\/wp-content\/uploads\/medias\/WEBZINE-563400.png","2048x2048-width":563,"2048x2048-height":400}},"code_embed":"","legende_video":"","photo":false,"photo_100x100":false,"nom":"","fonction":"","elements_timeline":false,"entetes_colonnes":false,"entetes_lignes":false,"lignes":false,"introduction":"","formulaire":false,"question":"","reponse":"","libelle_bouton_lien":"","url_lien":"","questions":false,"conclusions":false,"pays":false,"region":false,"marque":false,"marqueConcessions":false,"modele":false,"ptvente":false,"typeV":false,"collection":false,"nombre_maximum_elements":10,"lien_fin_carousel":"","texte_lien_fin_carousel":"","trier_par":false},{"type_strate":"texte-simple","ancre":"","contenu":"<p><strong>Merci et bienvenue chez nous !<\/strong><\/p>\n<p>Nous vous invitons \u00e0 venir d\u00e9couvrir pourquoi Mercedes BYmyCAR Villeneuve-Loubet est une r\u00e9f\u00e9rence. Que vous soyez s\u00e9duit par nos mod\u00e8les ou nos services, notre \u00e9quipe est \u00e0 votre disposition pour r\u00e9pondre \u00e0 vos attentes.<\/p>\n","titre":"Mercedes concession de l'ann\u00e9e","image":false,"image_libre":false,"image_800x500":false,"legende":"","zoom":false,"texte":"","articles":false,"categorie_droite":false,"images":false,"elements_comparatif":false,"texte_1":"","texte_2":"","image_1":false,"image_1_563x400":false,"image_1_332x332":false,"image_2":false,"image_2_333x240":false,"image_2_563x400":false,"image_3":false,"image_3_333x240":false,"image_3_332x450":false,"image_4":false,"image_4_332x332":false,"image_4_563x400":false,"code_embed":"","legende_video":"","photo":false,"photo_100x100":false,"nom":"","fonction":"","elements_timeline":false,"entetes_colonnes":false,"entetes_lignes":false,"lignes":false,"introduction":"","formulaire":false,"question":"","reponse":"","libelle_bouton_lien":"","url_lien":"","questions":false,"conclusions":false,"pays":false,"region":false,"marque":false,"marqueConcessions":false,"modele":false,"ptvente":false,"typeV":false,"collection":false,"nombre_maximum_elements":10,"lien_fin_carousel":"","texte_lien_fin_carousel":"","trier_par":false}],"is_old_post":false,"image":{"ID":57078,"id":57078,"title":"WEBZINE 563400","filename":"WEBZINE-563400.png","filesize":350373,"url":"https:\/\/cdn.bymycar.eu\/fr-webzine\/wp-content\/uploads\/medias\/WEBZINE-563400.png","link":"https:\/\/www.bymycar.fr\/webzine\/mercedes-bymycar-villeneuve-loubet-concession-de-lannee-2024\/webzine-563400\/","alt":"","author":"26","description":"","caption":"","name":"webzine-563400","status":"inherit","uploaded_to":57044,"date":"2024-12-16 10:56:53","modified":"2024-12-16 10:56:53","menu_order":0,"mime_type":"image\/png","type":"image","subtype":"png","icon":"https:\/\/www.bymycar.fr\/webzine\/wp-includes\/images\/media\/default.png","width":563,"height":400,"sizes":{"thumbnail":"https:\/\/cdn.bymycar.eu\/fr-webzine\/wp-content\/uploads\/medias\/WEBZINE-563400-150x150.png","thumbnail-width":150,"thumbnail-height":150,"medium":"https:\/\/cdn.bymycar.eu\/fr-webzine\/wp-content\/uploads\/medias\/WEBZINE-563400-300x213.png","medium-width":300,"medium-height":213,"medium_large":"https:\/\/cdn.bymycar.eu\/fr-webzine\/wp-content\/uploads\/medias\/WEBZINE-563400.png","medium_large-width":563,"medium_large-height":400,"large":"https:\/\/cdn.bymycar.eu\/fr-webzine\/wp-content\/uploads\/medias\/WEBZINE-563400.png","large-width":563,"large-height":400,"1536x1536":"https:\/\/cdn.bymycar.eu\/fr-webzine\/wp-content\/uploads\/medias\/WEBZINE-563400.png","1536x1536-width":563,"1536x1536-height":400,"2048x2048":"https:\/\/cdn.bymycar.eu\/fr-webzine\/wp-content\/uploads\/medias\/WEBZINE-563400.png","2048x2048-width":563,"2048x2048-height":400}},"page_content":{"block_content":[{"acf_fc_layout":"text-simple","--nav":{"-withNav":false,"-ancre":""},"--group":{"-text":"<p><strong>Une distinction qui refl\u00e8te l\u2019excellence<\/strong><\/p>\n<p>Mercedes BYmyCAR Villeneuve-Loubet est fi\u00e8re d\u2019\u00eatre \u00e9lu <strong>Concession de l\u2019Ann\u00e9e 2024<\/strong>. Cette r\u00e9compense prestigieuse, d\u00e9cern\u00e9e par Les Grands Prix de la Distribution Automobile, vient saluer notre engagement \u00e0 offrir une exp\u00e9rience client d\u2019exception, un service apr\u00e8s-vente irr\u00e9prochable, et un showroom moderne o\u00f9 luxe et innovation se rencontrent.<\/p>\n<p><strong>Un succ\u00e8s partag\u00e9 avec vous<\/strong><\/p>\n<p>Cette victoire est avant tout celle de nos clients et partenaires, dont la confiance nous inspire chaque jour \u00e0 viser l\u2019excellence. Gr\u00e2ce \u00e0 une \u00e9quipe passionn\u00e9e et une gamme de v\u00e9hicules premium, nous continuons \u00e0 red\u00e9finir les standards de l\u2019automobile haut de gamme.<\/p>\n"}},{"acf_fc_layout":"images-mosaique-x4-2","--nav":{"-withNav":false,"-ancre":""},"--group":{"-title":"","-images":[{"ID":57080,"id":57080,"title":"WEBZINE 332 (1)","filename":"WEBZINE-332-1.png","filesize":217400,"url":"https:\/\/cdn.bymycar.eu\/fr-webzine\/wp-content\/uploads\/medias\/WEBZINE-332-1.png","link":"https:\/\/www.bymycar.fr\/webzine\/mercedes-bymycar-villeneuve-loubet-concession-de-lannee-2024\/webzine-332-1\/","alt":"","author":"26","description":"","caption":"","name":"webzine-332-1","status":"inherit","uploaded_to":57044,"date":"2024-12-16 10:58:38","modified":"2024-12-16 10:58:38","menu_order":0,"mime_type":"image\/png","type":"image","subtype":"png","icon":"https:\/\/www.bymycar.fr\/webzine\/wp-includes\/images\/media\/default.png","width":332,"height":332,"sizes":{"thumbnail":"https:\/\/cdn.bymycar.eu\/fr-webzine\/wp-content\/uploads\/medias\/WEBZINE-332-1-150x150.png","thumbnail-width":150,"thumbnail-height":150,"medium":"https:\/\/cdn.bymycar.eu\/fr-webzine\/wp-content\/uploads\/medias\/WEBZINE-332-1-300x300.png","medium-width":300,"medium-height":300,"medium_large":"https:\/\/cdn.bymycar.eu\/fr-webzine\/wp-content\/uploads\/medias\/WEBZINE-332-1.png","medium_large-width":332,"medium_large-height":332,"large":"https:\/\/cdn.bymycar.eu\/fr-webzine\/wp-content\/uploads\/medias\/WEBZINE-332-1.png","large-width":332,"large-height":332,"1536x1536":"https:\/\/cdn.bymycar.eu\/fr-webzine\/wp-content\/uploads\/medias\/WEBZINE-332-1.png","1536x1536-width":332,"1536x1536-height":332,"2048x2048":"https:\/\/cdn.bymycar.eu\/fr-webzine\/wp-content\/uploads\/medias\/WEBZINE-332-1.png","2048x2048-width":332,"2048x2048-height":332}},{"ID":57079,"id":57079,"title":"WEBZINE 333240","filename":"WEBZINE-333240.png","filesize":93444,"url":"https:\/\/cdn.bymycar.eu\/fr-webzine\/wp-content\/uploads\/medias\/WEBZINE-333240.png","link":"https:\/\/www.bymycar.fr\/webzine\/mercedes-bymycar-villeneuve-loubet-concession-de-lannee-2024\/webzine-333240\/","alt":"","author":"26","description":"","caption":"","name":"webzine-333240","status":"inherit","uploaded_to":57044,"date":"2024-12-16 10:57:45","modified":"2024-12-16 10:57:45","menu_order":0,"mime_type":"image\/png","type":"image","subtype":"png","icon":"https:\/\/www.bymycar.fr\/webzine\/wp-includes\/images\/media\/default.png","width":333,"height":240,"sizes":{"thumbnail":"https:\/\/cdn.bymycar.eu\/fr-webzine\/wp-content\/uploads\/medias\/WEBZINE-333240-150x150.png","thumbnail-width":150,"thumbnail-height":150,"medium":"https:\/\/cdn.bymycar.eu\/fr-webzine\/wp-content\/uploads\/medias\/WEBZINE-333240-300x216.png","medium-width":300,"medium-height":216,"medium_large":"https:\/\/cdn.bymycar.eu\/fr-webzine\/wp-content\/uploads\/medias\/WEBZINE-333240.png","medium_large-width":333,"medium_large-height":240,"large":"https:\/\/cdn.bymycar.eu\/fr-webzine\/wp-content\/uploads\/medias\/WEBZINE-333240.png","large-width":333,"large-height":240,"1536x1536":"https:\/\/cdn.bymycar.eu\/fr-webzine\/wp-content\/uploads\/medias\/WEBZINE-333240.png","1536x1536-width":333,"1536x1536-height":240,"2048x2048":"https:\/\/cdn.bymycar.eu\/fr-webzine\/wp-content\/uploads\/medias\/WEBZINE-333240.png","2048x2048-width":333,"2048x2048-height":240}},{"ID":57085,"id":57085,"title":"WEBZINE 333240 (1)","filename":"WEBZINE-333240-1.png","filesize":142879,"url":"https:\/\/cdn.bymycar.eu\/fr-webzine\/wp-content\/uploads\/medias\/WEBZINE-333240-1.png","link":"https:\/\/www.bymycar.fr\/webzine\/mercedes-bymycar-villeneuve-loubet-concession-de-lannee-2024\/webzine-333240-1\/","alt":"","author":"26","description":"","caption":"","name":"webzine-333240-1","status":"inherit","uploaded_to":57044,"date":"2024-12-16 10:59:49","modified":"2024-12-16 10:59:49","menu_order":0,"mime_type":"image\/png","type":"image","subtype":"png","icon":"https:\/\/www.bymycar.fr\/webzine\/wp-includes\/images\/media\/default.png","width":333,"height":240,"sizes":{"thumbnail":"https:\/\/cdn.bymycar.eu\/fr-webzine\/wp-content\/uploads\/medias\/WEBZINE-333240-1-150x150.png","thumbnail-width":150,"thumbnail-height":150,"medium":"https:\/\/cdn.bymycar.eu\/fr-webzine\/wp-content\/uploads\/medias\/WEBZINE-333240-1-300x216.png","medium-width":300,"medium-height":216,"medium_large":"https:\/\/cdn.bymycar.eu\/fr-webzine\/wp-content\/uploads\/medias\/WEBZINE-333240-1.png","medium_large-width":333,"medium_large-height":240,"large":"https:\/\/cdn.bymycar.eu\/fr-webzine\/wp-content\/uploads\/medias\/WEBZINE-333240-1.png","large-width":333,"large-height":240,"1536x1536":"https:\/\/cdn.bymycar.eu\/fr-webzine\/wp-content\/uploads\/medias\/WEBZINE-333240-1.png","1536x1536-width":333,"1536x1536-height":240,"2048x2048":"https:\/\/cdn.bymycar.eu\/fr-webzine\/wp-content\/uploads\/medias\/WEBZINE-333240-1.png","2048x2048-width":333,"2048x2048-height":240}},{"ID":57078,"id":57078,"title":"WEBZINE 563400","filename":"WEBZINE-563400.png","filesize":350373,"url":"https:\/\/cdn.bymycar.eu\/fr-webzine\/wp-content\/uploads\/medias\/WEBZINE-563400.png","link":"https:\/\/www.bymycar.fr\/webzine\/mercedes-bymycar-villeneuve-loubet-concession-de-lannee-2024\/webzine-563400\/","alt":"","author":"26","description":"","caption":"","name":"webzine-563400","status":"inherit","uploaded_to":57044,"date":"2024-12-16 10:56:53","modified":"2024-12-16 10:56:53","menu_order":0,"mime_type":"image\/png","type":"image","subtype":"png","icon":"https:\/\/www.bymycar.fr\/webzine\/wp-includes\/images\/media\/default.png","width":563,"height":400,"sizes":{"thumbnail":"https:\/\/cdn.bymycar.eu\/fr-webzine\/wp-content\/uploads\/medias\/WEBZINE-563400-150x150.png","thumbnail-width":150,"thumbnail-height":150,"medium":"https:\/\/cdn.bymycar.eu\/fr-webzine\/wp-content\/uploads\/medias\/WEBZINE-563400-300x213.png","medium-width":300,"medium-height":213,"medium_large":"https:\/\/cdn.bymycar.eu\/fr-webzine\/wp-content\/uploads\/medias\/WEBZINE-563400.png","medium_large-width":563,"medium_large-height":400,"large":"https:\/\/cdn.bymycar.eu\/fr-webzine\/wp-content\/uploads\/medias\/WEBZINE-563400.png","large-width":563,"large-height":400,"1536x1536":"https:\/\/cdn.bymycar.eu\/fr-webzine\/wp-content\/uploads\/medias\/WEBZINE-563400.png","1536x1536-width":563,"1536x1536-height":400,"2048x2048":"https:\/\/cdn.bymycar.eu\/fr-webzine\/wp-content\/uploads\/medias\/WEBZINE-563400.png","2048x2048-width":563,"2048x2048-height":400}}],"-title-2":""}},{"acf_fc_layout":"text-simple","--nav":{"-withNav":false,"-ancre":""},"--group":{"-text":"<p><strong>Merci et bienvenue chez nous !<\/strong><\/p>\n<p>Nous vous invitons \u00e0 venir d\u00e9couvrir pourquoi Mercedes BYmyCAR Villeneuve-Loubet est une r\u00e9f\u00e9rence. Que vous soyez s\u00e9duit par nos mod\u00e8les ou nos services, notre \u00e9quipe est \u00e0 votre disposition pour r\u00e9pondre \u00e0 vos attentes.<\/p>\n"}}]},"add-carousel-to-footer":true},"yoast_head":"<!-- This site is optimized with the Yoast SEO Premium plugin v26.4 (Yoast SEO v26.4) - https:\/\/yoast.com\/wordpress\/plugins\/seo\/ -->\n<title>Mercedes BYmyCAR Villeneuve-Loubet\u00a0: Concession de l\u2019ann\u00e9e 2024<\/title>\n<meta name=\"robots\" content=\"index, follow, max-snippet:-1, max-image-preview:large, max-video-preview:-1\" \/>\n<link rel=\"canonical\" href=\"https:\/\/www.bymycar.fr\/webzine\/mercedes-bymycar-villeneuve-loubet-concession-de-lannee-2024\/\" \/>\n<meta property=\"og:locale\" content=\"fr_FR\" \/>\n<meta property=\"og:type\" content=\"article\" \/>\n<meta property=\"og:title\" content=\"Mercedes BYmyCAR Villeneuve-Loubet\u00a0: Concession de l\u2019ann\u00e9e 2024\" \/>\n<meta property=\"og:url\" content=\"https:\/\/www.bymycar.fr\/webzine\/mercedes-bymycar-villeneuve-loubet-concession-de-lannee-2024\/\" \/>\n<meta property=\"og:site_name\" content=\"Webzine auto BYmyCAR\" \/>\n<meta property=\"article:published_time\" content=\"2024-12-24T07:53:20+00:00\" \/>\n<meta property=\"article:modified_time\" content=\"2024-12-24T07:53:57+00:00\" \/>\n<meta property=\"og:image\" content=\"https:\/\/cdn.bymycar.eu\/fr-webzine\/wp-content\/uploads\/medias\/WEBZINE-563400.png\" \/>\n\t<meta property=\"og:image:width\" content=\"563\" \/>\n\t<meta property=\"og:image:height\" content=\"400\" \/>\n\t<meta property=\"og:image:type\" content=\"image\/png\" \/>\n<meta name=\"author\" content=\"Romane Bachi\" \/>\n<meta name=\"twitter:card\" content=\"summary_large_image\" \/>\n<meta name=\"twitter:label1\" content=\"\u00c9crit par\" \/>\n\t<meta name=\"twitter:data1\" content=\"Romane Bachi\" \/>\n<script type=\"application\/ld+json\" class=\"yoast-schema-graph\">{\"@context\":\"https:\/\/schema.org\",\"@graph\":[{\"@type\":\"Article\",\"@id\":\"https:\/\/www.bymycar.fr\/webzine\/mercedes-bymycar-villeneuve-loubet-concession-de-lannee-2024\/#article\",\"isPartOf\":{\"@id\":\"https:\/\/www.bymycar.fr\/webzine\/mercedes-bymycar-villeneuve-loubet-concession-de-lannee-2024\/\"},\"author\":{\"name\":\"Romane Bachi\",\"@id\":\"https:\/\/www.bymycar.fr\/webzine\/#\/schema\/person\/431493796d18cf15420e51b4412ad259\"},\"headline\":\"Mercedes BYmyCAR Villeneuve-Loubet\u00a0: Concession de l\u2019ann\u00e9e 2024\",\"datePublished\":\"2024-12-24T07:53:20+00:00\",\"dateModified\":\"2024-12-24T07:53:57+00:00\",\"mainEntityOfPage\":{\"@id\":\"https:\/\/www.bymycar.fr\/webzine\/mercedes-bymycar-villeneuve-loubet-concession-de-lannee-2024\/\"},\"wordCount\":8,\"publisher\":{\"@id\":\"https:\/\/www.bymycar.fr\/webzine\/#organization\"},\"image\":{\"@id\":\"https:\/\/www.bymycar.fr\/webzine\/mercedes-bymycar-villeneuve-loubet-concession-de-lannee-2024\/#primaryimage\"},\"thumbnailUrl\":\"https:\/\/cdn.bymycar.eu\/fr-webzine\/wp-content\/uploads\/medias\/WEBZINE-563400.png\",\"keywords\":[\"BYmyCAR\",\"Mercedes\",\"nouveaut\u00e9\"],\"articleSection\":[\"Actualit\u00e9s des concessions\"],\"inLanguage\":\"fr-FR\"},{\"@type\":\"WebPage\",\"@id\":\"https:\/\/www.bymycar.fr\/webzine\/mercedes-bymycar-villeneuve-loubet-concession-de-lannee-2024\/\",\"url\":\"https:\/\/www.bymycar.fr\/webzine\/mercedes-bymycar-villeneuve-loubet-concession-de-lannee-2024\/\",\"name\":\"Mercedes BYmyCAR Villeneuve-Loubet\u00a0: Concession de l\u2019ann\u00e9e 2024\",\"isPartOf\":{\"@id\":\"https:\/\/www.bymycar.fr\/webzine\/#website\"},\"primaryImageOfPage\":{\"@id\":\"https:\/\/www.bymycar.fr\/webzine\/mercedes-bymycar-villeneuve-loubet-concession-de-lannee-2024\/#primaryimage\"},\"image\":{\"@id\":\"https:\/\/www.bymycar.fr\/webzine\/mercedes-bymycar-villeneuve-loubet-concession-de-lannee-2024\/#primaryimage\"},\"thumbnailUrl\":\"https:\/\/cdn.bymycar.eu\/fr-webzine\/wp-content\/uploads\/medias\/WEBZINE-563400.png\",\"datePublished\":\"2024-12-24T07:53:20+00:00\",\"dateModified\":\"2024-12-24T07:53:57+00:00\",\"breadcrumb\":{\"@id\":\"https:\/\/www.bymycar.fr\/webzine\/mercedes-bymycar-villeneuve-loubet-concession-de-lannee-2024\/#breadcrumb\"},\"inLanguage\":\"fr-FR\",\"potentialAction\":[{\"@type\":\"ReadAction\",\"target\":[\"https:\/\/www.bymycar.fr\/webzine\/mercedes-bymycar-villeneuve-loubet-concession-de-lannee-2024\/\"]}]},{\"@type\":\"ImageObject\",\"inLanguage\":\"fr-FR\",\"@id\":\"https:\/\/www.bymycar.fr\/webzine\/mercedes-bymycar-villeneuve-loubet-concession-de-lannee-2024\/#primaryimage\",\"url\":\"https:\/\/cdn.bymycar.eu\/fr-webzine\/wp-content\/uploads\/medias\/WEBZINE-563400.png\",\"contentUrl\":\"https:\/\/cdn.bymycar.eu\/fr-webzine\/wp-content\/uploads\/medias\/WEBZINE-563400.png\",\"width\":563,\"height\":400},{\"@type\":\"BreadcrumbList\",\"@id\":\"https:\/\/www.bymycar.fr\/webzine\/mercedes-bymycar-villeneuve-loubet-concession-de-lannee-2024\/#breadcrumb\",\"itemListElement\":[{\"@type\":\"ListItem\",\"position\":1,\"name\":\"Accueil\",\"item\":\"https:\/\/www.bymycar.fr\/webzine\/\"},{\"@type\":\"ListItem\",\"position\":2,\"name\":\"Mercedes BYmyCAR Villeneuve-Loubet\u00a0: Concession de l\u2019ann\u00e9e 2024\"}]},{\"@type\":\"WebSite\",\"@id\":\"https:\/\/www.bymycar.fr\/webzine\/#website\",\"url\":\"https:\/\/www.bymycar.fr\/webzine\/\",\"name\":\"Webzine auto BYmyCAR\",\"description\":\"La magazine auto de BYmyCAR\",\"publisher\":{\"@id\":\"https:\/\/www.bymycar.fr\/webzine\/#organization\"},\"potentialAction\":[{\"@type\":\"SearchAction\",\"target\":{\"@type\":\"EntryPoint\",\"urlTemplate\":\"https:\/\/www.bymycar.fr\/webzine\/?s={search_term_string}\"},\"query-input\":{\"@type\":\"PropertyValueSpecification\",\"valueRequired\":true,\"valueName\":\"search_term_string\"}}],\"inLanguage\":\"fr-FR\"},{\"@type\":\"Organization\",\"@id\":\"https:\/\/www.bymycar.fr\/webzine\/#organization\",\"name\":\"BYmyCAR\",\"url\":\"https:\/\/www.bymycar.fr\/webzine\/\",\"logo\":{\"@type\":\"ImageObject\",\"inLanguage\":\"fr-FR\",\"@id\":\"https:\/\/www.bymycar.fr\/webzine\/#\/schema\/logo\/image\/\",\"url\":\"https:\/\/cdn.bymycar.eu\/fr-webzine\/wp-content\/uploads\/medias\/2017\/08\/logo_DEALER_00000406_001.png\",\"contentUrl\":\"https:\/\/cdn.bymycar.eu\/fr-webzine\/wp-content\/uploads\/medias\/2017\/08\/logo_DEALER_00000406_001.png\",\"width\":2132,\"height\":720,\"caption\":\"BYmyCAR\"},\"image\":{\"@id\":\"https:\/\/www.bymycar.fr\/webzine\/#\/schema\/logo\/image\/\"}},{\"@type\":\"Person\",\"@id\":\"https:\/\/www.bymycar.fr\/webzine\/#\/schema\/person\/431493796d18cf15420e51b4412ad259\",\"name\":\"Romane Bachi\",\"image\":{\"@type\":\"ImageObject\",\"inLanguage\":\"fr-FR\",\"@id\":\"https:\/\/www.bymycar.fr\/webzine\/#\/schema\/person\/image\/\",\"url\":\"https:\/\/secure.gravatar.com\/avatar\/e51d4400a8d88b09c857e48b529b085dd7d56a15328b4305e818ea03c1e3843a?s=96&d=mm&r=g\",\"contentUrl\":\"https:\/\/secure.gravatar.com\/avatar\/e51d4400a8d88b09c857e48b529b085dd7d56a15328b4305e818ea03c1e3843a?s=96&d=mm&r=g\",\"caption\":\"Romane Bachi\"}}]}<\/script>\n<!-- \/ Yoast SEO Premium plugin. -->","yoast_head_json":{"title":"Mercedes BYmyCAR Villeneuve-Loubet\u00a0: Concession de l\u2019ann\u00e9e 2024","robots":{"index":"index","follow":"follow","max-snippet":"max-snippet:-1","max-image-preview":"max-image-preview:large","max-video-preview":"max-video-preview:-1"},"canonical":"https:\/\/www.bymycar.fr\/webzine\/mercedes-bymycar-villeneuve-loubet-concession-de-lannee-2024\/","og_locale":"fr_FR","og_type":"article","og_title":"Mercedes BYmyCAR Villeneuve-Loubet\u00a0: Concession de l\u2019ann\u00e9e 2024","og_url":"https:\/\/www.bymycar.fr\/webzine\/mercedes-bymycar-villeneuve-loubet-concession-de-lannee-2024\/","og_site_name":"Webzine auto BYmyCAR","article_published_time":"2024-12-24T07:53:20+00:00","article_modified_time":"2024-12-24T07:53:57+00:00","og_image":[{"width":563,"height":400,"url":"https:\/\/cdn.bymycar.eu\/fr-webzine\/wp-content\/uploads\/medias\/WEBZINE-563400.png","type":"image\/png"}],"author":"Romane Bachi","twitter_card":"summary_large_image","twitter_misc":{"\u00c9crit par":"Romane Bachi"},"schema":{"@context":"https:\/\/schema.org","@graph":[{"@type":"Article","@id":"https:\/\/www.bymycar.fr\/webzine\/mercedes-bymycar-villeneuve-loubet-concession-de-lannee-2024\/#article","isPartOf":{"@id":"https:\/\/www.bymycar.fr\/webzine\/mercedes-bymycar-villeneuve-loubet-concession-de-lannee-2024\/"},"author":{"name":"Romane Bachi","@id":"https:\/\/www.bymycar.fr\/webzine\/#\/schema\/person\/431493796d18cf15420e51b4412ad259"},"headline":"Mercedes BYmyCAR Villeneuve-Loubet\u00a0: Concession de l\u2019ann\u00e9e 2024","datePublished":"2024-12-24T07:53:20+00:00","dateModified":"2024-12-24T07:53:57+00:00","mainEntityOfPage":{"@id":"https:\/\/www.bymycar.fr\/webzine\/mercedes-bymycar-villeneuve-loubet-concession-de-lannee-2024\/"},"wordCount":8,"publisher":{"@id":"https:\/\/www.bymycar.fr\/webzine\/#organization"},"image":{"@id":"https:\/\/www.bymycar.fr\/webzine\/mercedes-bymycar-villeneuve-loubet-concession-de-lannee-2024\/#primaryimage"},"thumbnailUrl":"https:\/\/cdn.bymycar.eu\/fr-webzine\/wp-content\/uploads\/medias\/WEBZINE-563400.png","keywords":["BYmyCAR","Mercedes","nouveaut\u00e9"],"articleSection":["Actualit\u00e9s des concessions"],"inLanguage":"fr-FR"},{"@type":"WebPage","@id":"https:\/\/www.bymycar.fr\/webzine\/mercedes-bymycar-villeneuve-loubet-concession-de-lannee-2024\/","url":"https:\/\/www.bymycar.fr\/webzine\/mercedes-bymycar-villeneuve-loubet-concession-de-lannee-2024\/","name":"Mercedes BYmyCAR Villeneuve-Loubet\u00a0: Concession de l\u2019ann\u00e9e 2024","isPartOf":{"@id":"https:\/\/www.bymycar.fr\/webzine\/#website"},"primaryImageOfPage":{"@id":"https:\/\/www.bymycar.fr\/webzine\/mercedes-bymycar-villeneuve-loubet-concession-de-lannee-2024\/#primaryimage"},"image":{"@id":"https:\/\/www.bymycar.fr\/webzine\/mercedes-bymycar-villeneuve-loubet-concession-de-lannee-2024\/#primaryimage"},"thumbnailUrl":"https:\/\/cdn.bymycar.eu\/fr-webzine\/wp-content\/uploads\/medias\/WEBZINE-563400.png","datePublished":"2024-12-24T07:53:20+00:00","dateModified":"2024-12-24T07:53:57+00:00","breadcrumb":{"@id":"https:\/\/www.bymycar.fr\/webzine\/mercedes-bymycar-villeneuve-loubet-concession-de-lannee-2024\/#breadcrumb"},"inLanguage":"fr-FR","potentialAction":[{"@type":"ReadAction","target":["https:\/\/www.bymycar.fr\/webzine\/mercedes-bymycar-villeneuve-loubet-concession-de-lannee-2024\/"]}]},{"@type":"ImageObject","inLanguage":"fr-FR","@id":"https:\/\/www.bymycar.fr\/webzine\/mercedes-bymycar-villeneuve-loubet-concession-de-lannee-2024\/#primaryimage","url":"https:\/\/cdn.bymycar.eu\/fr-webzine\/wp-content\/uploads\/medias\/WEBZINE-563400.png","contentUrl":"https:\/\/cdn.bymycar.eu\/fr-webzine\/wp-content\/uploads\/medias\/WEBZINE-563400.png","width":563,"height":400},{"@type":"BreadcrumbList","@id":"https:\/\/www.bymycar.fr\/webzine\/mercedes-bymycar-villeneuve-loubet-concession-de-lannee-2024\/#breadcrumb","itemListElement":[{"@type":"ListItem","position":1,"name":"Accueil","item":"https:\/\/www.bymycar.fr\/webzine\/"},{"@type":"ListItem","position":2,"name":"Mercedes BYmyCAR Villeneuve-Loubet\u00a0: Concession de l\u2019ann\u00e9e 2024"}]},{"@type":"WebSite","@id":"https:\/\/www.bymycar.fr\/webzine\/#website","url":"https:\/\/www.bymycar.fr\/webzine\/","name":"Webzine auto BYmyCAR","description":"La magazine auto de BYmyCAR","publisher":{"@id":"https:\/\/www.bymycar.fr\/webzine\/#organization"},"potentialAction":[{"@type":"SearchAction","target":{"@type":"EntryPoint","urlTemplate":"https:\/\/www.bymycar.fr\/webzine\/?s={search_term_string}"},"query-input":{"@type":"PropertyValueSpecification","valueRequired":true,"valueName":"search_term_string"}}],"inLanguage":"fr-FR"},{"@type":"Organization","@id":"https:\/\/www.bymycar.fr\/webzine\/#organization","name":"BYmyCAR","url":"https:\/\/www.bymycar.fr\/webzine\/","logo":{"@type":"ImageObject","inLanguage":"fr-FR","@id":"https:\/\/www.bymycar.fr\/webzine\/#\/schema\/logo\/image\/","url":"https:\/\/cdn.bymycar.eu\/fr-webzine\/wp-content\/uploads\/medias\/2017\/08\/logo_DEALER_00000406_001.png","contentUrl":"https:\/\/cdn.bymycar.eu\/fr-webzine\/wp-content\/uploads\/medias\/2017\/08\/logo_DEALER_00000406_001.png","width":2132,"height":720,"caption":"BYmyCAR"},"image":{"@id":"https:\/\/www.bymycar.fr\/webzine\/#\/schema\/logo\/image\/"}},{"@type":"Person","@id":"https:\/\/www.bymycar.fr\/webzine\/#\/schema\/person\/431493796d18cf15420e51b4412ad259","name":"Romane Bachi","image":{"@type":"ImageObject","inLanguage":"fr-FR","@id":"https:\/\/www.bymycar.fr\/webzine\/#\/schema\/person\/image\/","url":"https:\/\/secure.gravatar.com\/avatar\/e51d4400a8d88b09c857e48b529b085dd7d56a15328b4305e818ea03c1e3843a?s=96&d=mm&r=g","contentUrl":"https:\/\/secure.gravatar.com\/avatar\/e51d4400a8d88b09c857e48b529b085dd7d56a15328b4305e818ea03c1e3843a?s=96&d=mm&r=g","caption":"Romane Bachi"}}]}},"_links":{"self":[{"href":"https:\/\/www.bymycar.fr\/webzine\/wp-json\/wp\/v2\/posts\/57044","targetHints":{"allow":["GET"]}}],"collection":[{"href":"https:\/\/www.bymycar.fr\/webzine\/wp-json\/wp\/v2\/posts"}],"about":[{"href":"https:\/\/www.bymycar.fr\/webzine\/wp-json\/wp\/v2\/types\/post"}],"author":[{"embeddable":true,"href":"https:\/\/www.bymycar.fr\/webzine\/wp-json\/wp\/v2\/users\/26"}],"replies":[{"embeddable":true,"href":"https:\/\/www.bymycar.fr\/webzine\/wp-json\/wp\/v2\/comments?post=57044"}],"version-history":[{"count":15,"href":"https:\/\/www.bymycar.fr\/webzine\/wp-json\/wp\/v2\/posts\/57044\/revisions"}],"predecessor-version":[{"id":57104,"href":"https:\/\/www.bymycar.fr\/webzine\/wp-json\/wp\/v2\/posts\/57044\/revisions\/57104"}],"wp:featuredmedia":[{"embeddable":true,"href":"https:\/\/www.bymycar.fr\/webzine\/wp-json\/wp\/v2\/media\/57078"}],"wp:attachment":[{"href":"https:\/\/www.bymycar.fr\/webzine\/wp-json\/wp\/v2\/media?parent=57044"}],"wp:term":[{"taxonomy":"category","embeddable":true,"href":"https:\/\/www.bymycar.fr\/webzine\/wp-json\/wp\/v2\/categories?post=57044"},{"taxonomy":"post_tag","embeddable":true,"href":"https:\/\/www.bymycar.fr\/webzine\/wp-json\/wp\/v2\/tags?post=57044"}],"curies":[{"name":"wp","href":"https:\/\/api.w.org\/{rel}","templated":true}]}}