{"id":56940,"date":"2025-01-29T10:12:23","date_gmt":"2025-01-29T09:12:23","guid":{"rendered":"https:\/\/prod.bymycar.fr\/webzine\/?p=56940"},"modified":"2025-01-29T10:17:20","modified_gmt":"2025-01-29T09:17:20","slug":"le-tournoi-de-lapres-vente-2024-levenement-dedie-aux-equipes-de-nos-ateliers","status":"publish","type":"post","link":"https:\/\/www.bymycar.fr\/webzine\/le-tournoi-de-lapres-vente-2024-levenement-dedie-aux-equipes-de-nos-ateliers\/","title":{"rendered":"Le Tournoi de l&rsquo;Apr\u00e8s-Vente 2024, l&rsquo;\u00e9v\u00e9nement d\u00e9di\u00e9 aux \u00e9quipes de nos ateliers"},"content":{"rendered":"","protected":false},"excerpt":{"rendered":"","protected":false},"author":88,"featured_media":56941,"comment_status":"closed","ping_status":"open","sticky":false,"template":"","format":"standard","meta":{"_acf_changed":false,"footnotes":""},"categories":[2852,1643],"tags":[],"class_list":["post-56940","post","type-post","status-publish","format-standard","has-post-thumbnail","hentry","category-actus-rh","category-ressources-humaines"],"acf":{"template":"classique","introduction":"<p>BYmyCAR a organis\u00e9 un \u00e9v\u00e9nement sp\u00e9cialement con\u00e7u pour les collaborateurs de l&rsquo;Apr\u00e8s-Vente, alliant convivialit\u00e9, esprit d&rsquo;\u00e9quipe et divertissement !<\/p>\n<p>&nbsp;<\/p>\n","strates":[{"type_strate":"texte-simple","ancre":"","contenu":"<p><em><span style=\"font-size: 14pt\"><strong>Le tournoi de l\u2019APV, qu\u2019est-ce que c\u2019est ?<\/strong><\/span><\/em><\/p>\n<p>Le Tournoi de l&rsquo;APV est un \u00e9v\u00e9nement in\u00e9dit, qui s&rsquo;est d\u00e9roul\u00e9 de juillet \u00e0 d\u00e9cembre 2024 dans toutes nos concessions en France, en Suisse et de Belgique.<\/p>\n<p>Chaque concession a constitu\u00e9 plusieurs \u00e9quipes de 3 \u00e0 4 collaborateurs de l&rsquo;Apr\u00e8s-Vente, comprenant des m\u00e9caniciens, carrossiers, magasiniers, r\u00e9ceptionnaires ou des secr\u00e9taires commerciales.<\/p>\n<p>Les \u00e9quipes se sont affront\u00e9es lors d&rsquo;un tournoi r\u00e9gional, organis\u00e9s d\u00e9but octobre, autour de deux \u00e9preuves conviviales. Des animations qui ont permis de r\u00e9colter des points, et l&rsquo;\u00e9quipe ayant obtenu le meilleur score dans chaque r\u00e9gion a \u00e9t\u00e9 s\u00e9lectionn\u00e9e pour participer \u00e0 un s\u00e9minaire national APV \u00e0 Lyon.<\/p>\n","titre":"Le tournoi de l\u2019APV, qu\u2019est-ce que c\u2019est ?","image":false,"image_libre":false,"image_800x500":{"ID":56943,"id":56943,"title":"Paris","filename":"Paris.jpeg","filesize":595195,"url":"https:\/\/cdn.bymycar.eu\/fr-webzine\/wp-content\/uploads\/medias\/Paris.jpeg","link":"https:\/\/www.bymycar.fr\/webzine\/le-tournoi-de-lapres-vente-2024-levenement-dedie-aux-equipes-de-nos-ateliers\/paris-2\/","alt":"","author":"88","description":"","caption":"","name":"paris-2","status":"inherit","uploaded_to":56940,"date":"2024-11-26 15:45:56","modified":"2024-11-26 15:46:50","menu_order":0,"mime_type":"image\/jpeg","type":"image","subtype":"jpeg","icon":"https:\/\/www.bymycar.fr\/webzine\/wp-includes\/images\/media\/default.png","width":1920,"height":2560,"sizes":{"thumbnail":"https:\/\/cdn.bymycar.eu\/fr-webzine\/wp-content\/uploads\/medias\/Paris-scaled-e1732636003436-150x150.jpeg","thumbnail-width":150,"thumbnail-height":150,"medium":"https:\/\/cdn.bymycar.eu\/fr-webzine\/wp-content\/uploads\/medias\/Paris-scaled-e1732636003436-225x300.jpeg","medium-width":225,"medium-height":300,"medium_large":"https:\/\/cdn.bymycar.eu\/fr-webzine\/wp-content\/uploads\/medias\/Paris-scaled-e1732636003436-768x1024.jpeg","medium_large-width":768,"medium_large-height":1024,"large":"https:\/\/cdn.bymycar.eu\/fr-webzine\/wp-content\/uploads\/medias\/Paris-scaled-e1732636003436-768x1024.jpeg","large-width":768,"large-height":1024,"1536x1536":"https:\/\/cdn.bymycar.eu\/fr-webzine\/wp-content\/uploads\/medias\/Paris-scaled-e1732636003436-1152x1536.jpeg","1536x1536-width":1152,"1536x1536-height":1536,"2048x2048":"https:\/\/cdn.bymycar.eu\/fr-webzine\/wp-content\/uploads\/medias\/Paris-scaled-e1732636003436-1536x2048.jpeg","2048x2048-width":1536,"2048x2048-height":2048}},"legende":"","zoom":false,"texte":"<p><em><span style=\"font-size: 14pt\"><strong>Le tournoi de l\u2019APV, qu\u2019est-ce que c\u2019est ?<\/strong><\/span><\/em><\/p>\n<p>Le Tournoi de l&rsquo;APV est un \u00e9v\u00e9nement in\u00e9dit, qui se d\u00e9roule de d\u00e9cembre \u00e0 juillet 2024 dans toutes nos concessions en France, en Suisse et en Belgique.<\/p>\n<p>Chaque concession a constitu\u00e9 une ou plusieurs \u00e9quipes de 3 \u00e0 4 collaborateurs de l&rsquo;Apr\u00e8s-Vente, comprenant des m\u00e9caniciens, carrossiers, magasiniers, r\u00e9ceptionnaires et secr\u00e9taires commerciales.<\/p>\n<p>Les \u00e9quipes se sont affront\u00e9es lors de tournois r\u00e9gionaux, organis\u00e9s d\u00e9but octobre, autour de deux \u00e9preuves. Ces animations ont permis de r\u00e9colter des points, et l&rsquo;\u00e9quipe ayant obtenu le meilleur score dans chaque r\u00e9gion a \u00e9t\u00e9 s\u00e9lectionn\u00e9e pour participer \u00e0 un s\u00e9minaire national APV.<\/p>\n","articles":false,"categorie_droite":false,"images":false,"elements_comparatif":false,"texte_1":"","texte_2":"","image_1":false,"image_1_563x400":false,"image_1_332x332":false,"image_2":false,"image_2_333x240":false,"image_2_563x400":false,"image_3":false,"image_3_333x240":false,"image_3_332x450":false,"image_4":false,"image_4_332x332":false,"image_4_563x400":false,"code_embed":"","legende_video":"","photo":false,"photo_100x100":false,"nom":"","fonction":"","elements_timeline":false,"entetes_colonnes":false,"entetes_lignes":false,"lignes":false,"introduction":"","formulaire":false,"question":"","reponse":"","libelle_bouton_lien":"","url_lien":"","questions":false,"conclusions":false,"pays":false,"region":false,"marque":false,"marqueConcessions":false,"modele":false,"ptvente":false,"typeV":false,"collection":false,"nombre_maximum_elements":10,"lien_fin_carousel":"","texte_lien_fin_carousel":"","trier_par":false},{"type_strate":"50-50-image-texte-full","ancre":"","contenu":"<p><em><span style=\"font-size: 14pt\"><strong>Quel \u00e9tait le but de cet \u00e9v\u00e9nement\u00a0?<\/strong><\/span><\/em><\/p>\n<p>Cet \u00e9v\u00e9nement divertissant avait tout d\u2019abord pour objectif de mettre en valeur le service et nos collaborateurs de l\u2019APV. Le but \u00e9tait de f\u00e9d\u00e9rer et de cr\u00e9er de la coh\u00e9sion d\u2019\u00e9quipe sur un moment informel.<\/p>\n","titre":"Quel \u00e9tait le but de cet \u00e9v\u00e9nement\u00a0?","image":false,"image_libre":false,"image_800x500":{"ID":56944,"id":56944,"title":"Lun\u00e9ville (2)","filename":"Luneville-2.jpg","filesize":657052,"url":"https:\/\/cdn.bymycar.eu\/fr-webzine\/wp-content\/uploads\/medias\/Luneville-2.jpg","link":"https:\/\/www.bymycar.fr\/webzine\/le-tournoi-de-lapres-vente-2024-levenement-dedie-aux-equipes-de-nos-ateliers\/luneville-2\/","alt":"","author":"88","description":"","caption":"","name":"luneville-2","status":"inherit","uploaded_to":56940,"date":"2024-11-26 15:48:07","modified":"2024-11-26 15:48:07","menu_order":0,"mime_type":"image\/jpeg","type":"image","subtype":"jpeg","icon":"https:\/\/www.bymycar.fr\/webzine\/wp-includes\/images\/media\/default.png","width":2016,"height":1512,"sizes":{"thumbnail":"https:\/\/cdn.bymycar.eu\/fr-webzine\/wp-content\/uploads\/medias\/Luneville-2-150x150.jpg","thumbnail-width":150,"thumbnail-height":150,"medium":"https:\/\/cdn.bymycar.eu\/fr-webzine\/wp-content\/uploads\/medias\/Luneville-2-300x225.jpg","medium-width":300,"medium-height":225,"medium_large":"https:\/\/cdn.bymycar.eu\/fr-webzine\/wp-content\/uploads\/medias\/Luneville-2-768x576.jpg","medium_large-width":768,"medium_large-height":576,"large":"https:\/\/cdn.bymycar.eu\/fr-webzine\/wp-content\/uploads\/medias\/Luneville-2-1024x768.jpg","large-width":1024,"large-height":768,"1536x1536":"https:\/\/cdn.bymycar.eu\/fr-webzine\/wp-content\/uploads\/medias\/Luneville-2-1536x1152.jpg","1536x1536-width":1536,"1536x1536-height":1152,"2048x2048":"https:\/\/cdn.bymycar.eu\/fr-webzine\/wp-content\/uploads\/medias\/Luneville-2.jpg","2048x2048-width":2016,"2048x2048-height":1512}},"legende":"","zoom":false,"texte":"<p><em><span style=\"font-size: 14pt\"><strong>Quel \u00e9tait le but de cet \u00e9v\u00e9nement ?<\/strong><\/span><\/em><\/p>\n<div class=\"group\/conversation-turn relative flex w-full min-w-0 flex-col agent-turn\">\n<div class=\"flex-col gap-1 md:gap-3\">\n<div class=\"flex max-w-full flex-col flex-grow\">\n<div class=\"min-h-8 text-message flex w-full flex-col items-end gap-2 whitespace-normal break-words text-start [.text-message+&amp;]:mt-5\" dir=\"auto\" data-message-author-role=\"assistant\" data-message-id=\"13c99d98-6196-4307-be80-4cc1af58543d\" data-message-model-slug=\"gpt-4o-mini\">\n<div class=\"flex w-full flex-col gap-1 empty:hidden first:pt-[3px]\">\n<div class=\"markdown prose w-full break-words dark:prose-invert light\">\n<p>Cet \u00e9v\u00e9nement in\u00e9dit visait avant tout \u00e0 mettre en lumi\u00e8re les services et les \u00e9quipes de l&rsquo;Apr\u00e8s-Vente gr\u00e2ce \u00e0 un dispositif d\u00e9ploy\u00e9 \u00e0 l\u2019\u00e9chelle nationale. Pendant plusieurs mois, les collaborateurs se sont affront\u00e9s dans un esprit de comp\u00e9tition et de coh\u00e9sion \u00e0 travers diverses animations.<\/p>\n<p>Au programme, deux \u00e9preuves phares :<\/p>\n<ul>\n<li>Un grand quiz d\u00e9di\u00e9 \u00e0 la culture automobile<\/li>\n<li>Un escape game organis\u00e9 en concession<\/li>\n<\/ul>\n<p>Que ce soit durant la pause d\u00e9jeuner ou en afterwork, cet \u00e9v\u00e9nement offrait une parenth\u00e8se conviviale, propice aux \u00e9changes et au partage, au-del\u00e0 des missions quotidiennes.<\/p>\n<\/div>\n<\/div>\n<\/div>\n<\/div>\n<\/div>\n<\/div>\n","articles":false,"categorie_droite":false,"images":false,"elements_comparatif":false,"texte_1":"","texte_2":"","image_1":false,"image_1_563x400":false,"image_1_332x332":false,"image_2":false,"image_2_333x240":false,"image_2_563x400":false,"image_3":false,"image_3_333x240":false,"image_3_332x450":false,"image_4":false,"image_4_332x332":false,"image_4_563x400":false,"code_embed":"","legende_video":"","photo":false,"photo_100x100":false,"nom":"","fonction":"","elements_timeline":false,"entetes_colonnes":false,"entetes_lignes":false,"lignes":false,"introduction":"","formulaire":false,"question":"","reponse":"","libelle_bouton_lien":"","url_lien":"","questions":false,"conclusions":false,"pays":false,"region":false,"marque":false,"marqueConcessions":false,"modele":false,"ptvente":false,"typeV":false,"collection":false,"nombre_maximum_elements":10,"lien_fin_carousel":"","texte_lien_fin_carousel":"","trier_par":false},{"type_strate":"citation","ancre":"","contenu":"","titre":"","image":false,"image_libre":false,"image_800x500":{"ID":56989,"id":56989,"title":"IMG-20241211-WA0005","filename":"IMG-20241211-WA0005.jpg","filesize":357945,"url":"https:\/\/cdn.bymycar.eu\/fr-webzine\/wp-content\/uploads\/medias\/IMG-20241211-WA0005.jpg","link":"https:\/\/www.bymycar.fr\/webzine\/le-tournoi-de-lapres-vente-2024-levenement-dedie-aux-equipes-de-nos-ateliers\/img-20241211-wa0005\/","alt":"","author":"88","description":"","caption":"","name":"img-20241211-wa0005","status":"inherit","uploaded_to":56940,"date":"2024-12-11 09:39:45","modified":"2024-12-11 09:39:45","menu_order":0,"mime_type":"image\/jpeg","type":"image","subtype":"jpeg","icon":"https:\/\/www.bymycar.fr\/webzine\/wp-includes\/images\/media\/default.png","width":2048,"height":1536,"sizes":{"thumbnail":"https:\/\/cdn.bymycar.eu\/fr-webzine\/wp-content\/uploads\/medias\/IMG-20241211-WA0005-150x150.jpg","thumbnail-width":150,"thumbnail-height":150,"medium":"https:\/\/cdn.bymycar.eu\/fr-webzine\/wp-content\/uploads\/medias\/IMG-20241211-WA0005-300x225.jpg","medium-width":300,"medium-height":225,"medium_large":"https:\/\/cdn.bymycar.eu\/fr-webzine\/wp-content\/uploads\/medias\/IMG-20241211-WA0005-768x576.jpg","medium_large-width":768,"medium_large-height":576,"large":"https:\/\/cdn.bymycar.eu\/fr-webzine\/wp-content\/uploads\/medias\/IMG-20241211-WA0005-1024x768.jpg","large-width":1024,"large-height":768,"1536x1536":"https:\/\/cdn.bymycar.eu\/fr-webzine\/wp-content\/uploads\/medias\/IMG-20241211-WA0005-1536x1152.jpg","1536x1536-width":1536,"1536x1536-height":1152,"2048x2048":"https:\/\/cdn.bymycar.eu\/fr-webzine\/wp-content\/uploads\/medias\/IMG-20241211-WA0005.jpg","2048x2048-width":2048,"2048x2048-height":1536}},"legende":"","zoom":false,"texte":"<p><em>Organisation au top, \u00e0 refaire ! \u00c7a fait plaisir que l\u2019Apr\u00e8s-Vente soit mis en avant.<\/em>\u00a0 &#8211; K\u00e9vin Garnier, Technicien APV \u00e0 Renault Nancy<\/p>\n","articles":false,"categorie_droite":false,"images":[{"image":false,"image_1600x700":false,"image_920x500":{"ID":56945,"id":56945,"title":"Epinal (1)","filename":"Epinal-1.jpg","filesize":738821,"url":"https:\/\/cdn.bymycar.eu\/fr-webzine\/wp-content\/uploads\/medias\/Epinal-1.jpg","link":"https:\/\/www.bymycar.fr\/webzine\/le-tournoi-de-lapres-vente-2024-levenement-dedie-aux-equipes-de-nos-ateliers\/epinal-1\/","alt":"","author":"88","description":"","caption":"","name":"epinal-1","status":"inherit","uploaded_to":56940,"date":"2024-11-26 15:50:34","modified":"2024-11-26 15:50:34","menu_order":0,"mime_type":"image\/jpeg","type":"image","subtype":"jpeg","icon":"https:\/\/www.bymycar.fr\/webzine\/wp-includes\/images\/media\/default.png","width":2016,"height":1512,"sizes":{"thumbnail":"https:\/\/cdn.bymycar.eu\/fr-webzine\/wp-content\/uploads\/medias\/Epinal-1-150x150.jpg","thumbnail-width":150,"thumbnail-height":150,"medium":"https:\/\/cdn.bymycar.eu\/fr-webzine\/wp-content\/uploads\/medias\/Epinal-1-300x225.jpg","medium-width":300,"medium-height":225,"medium_large":"https:\/\/cdn.bymycar.eu\/fr-webzine\/wp-content\/uploads\/medias\/Epinal-1-768x576.jpg","medium_large-width":768,"medium_large-height":576,"large":"https:\/\/cdn.bymycar.eu\/fr-webzine\/wp-content\/uploads\/medias\/Epinal-1-1024x768.jpg","large-width":1024,"large-height":768,"1536x1536":"https:\/\/cdn.bymycar.eu\/fr-webzine\/wp-content\/uploads\/medias\/Epinal-1-1536x1152.jpg","1536x1536-width":1536,"1536x1536-height":1152,"2048x2048":"https:\/\/cdn.bymycar.eu\/fr-webzine\/wp-content\/uploads\/medias\/Epinal-1.jpg","2048x2048-width":2016,"2048x2048-height":1512}},"legende":""},{"image":false,"image_1600x700":false,"image_920x500":{"ID":56946,"id":56946,"title":"Epinal (5)","filename":"Epinal-5.jpg","filesize":760632,"url":"https:\/\/cdn.bymycar.eu\/fr-webzine\/wp-content\/uploads\/medias\/Epinal-5.jpg","link":"https:\/\/www.bymycar.fr\/webzine\/le-tournoi-de-lapres-vente-2024-levenement-dedie-aux-equipes-de-nos-ateliers\/epinal-5\/","alt":"","author":"88","description":"","caption":"","name":"epinal-5","status":"inherit","uploaded_to":56940,"date":"2024-11-26 15:50:38","modified":"2024-11-26 15:50:38","menu_order":0,"mime_type":"image\/jpeg","type":"image","subtype":"jpeg","icon":"https:\/\/www.bymycar.fr\/webzine\/wp-includes\/images\/media\/default.png","width":2016,"height":1512,"sizes":{"thumbnail":"https:\/\/cdn.bymycar.eu\/fr-webzine\/wp-content\/uploads\/medias\/Epinal-5-150x150.jpg","thumbnail-width":150,"thumbnail-height":150,"medium":"https:\/\/cdn.bymycar.eu\/fr-webzine\/wp-content\/uploads\/medias\/Epinal-5-300x225.jpg","medium-width":300,"medium-height":225,"medium_large":"https:\/\/cdn.bymycar.eu\/fr-webzine\/wp-content\/uploads\/medias\/Epinal-5-768x576.jpg","medium_large-width":768,"medium_large-height":576,"large":"https:\/\/cdn.bymycar.eu\/fr-webzine\/wp-content\/uploads\/medias\/Epinal-5-1024x768.jpg","large-width":1024,"large-height":768,"1536x1536":"https:\/\/cdn.bymycar.eu\/fr-webzine\/wp-content\/uploads\/medias\/Epinal-5-1536x1152.jpg","1536x1536-width":1536,"1536x1536-height":1152,"2048x2048":"https:\/\/cdn.bymycar.eu\/fr-webzine\/wp-content\/uploads\/medias\/Epinal-5.jpg","2048x2048-width":2016,"2048x2048-height":1512}},"legende":""},{"image":false,"image_1600x700":false,"image_920x500":{"ID":56947,"id":56947,"title":"Lun\u00e9ville (3)","filename":"Luneville-3.jpg","filesize":752079,"url":"https:\/\/cdn.bymycar.eu\/fr-webzine\/wp-content\/uploads\/medias\/Luneville-3.jpg","link":"https:\/\/www.bymycar.fr\/webzine\/le-tournoi-de-lapres-vente-2024-levenement-dedie-aux-equipes-de-nos-ateliers\/luneville-3\/","alt":"","author":"88","description":"","caption":"","name":"luneville-3","status":"inherit","uploaded_to":56940,"date":"2024-11-26 15:50:41","modified":"2024-11-26 15:50:41","menu_order":0,"mime_type":"image\/jpeg","type":"image","subtype":"jpeg","icon":"https:\/\/www.bymycar.fr\/webzine\/wp-includes\/images\/media\/default.png","width":2016,"height":1512,"sizes":{"thumbnail":"https:\/\/cdn.bymycar.eu\/fr-webzine\/wp-content\/uploads\/medias\/Luneville-3-150x150.jpg","thumbnail-width":150,"thumbnail-height":150,"medium":"https:\/\/cdn.bymycar.eu\/fr-webzine\/wp-content\/uploads\/medias\/Luneville-3-300x225.jpg","medium-width":300,"medium-height":225,"medium_large":"https:\/\/cdn.bymycar.eu\/fr-webzine\/wp-content\/uploads\/medias\/Luneville-3-768x576.jpg","medium_large-width":768,"medium_large-height":576,"large":"https:\/\/cdn.bymycar.eu\/fr-webzine\/wp-content\/uploads\/medias\/Luneville-3-1024x768.jpg","large-width":1024,"large-height":768,"1536x1536":"https:\/\/cdn.bymycar.eu\/fr-webzine\/wp-content\/uploads\/medias\/Luneville-3-1536x1152.jpg","1536x1536-width":1536,"1536x1536-height":1152,"2048x2048":"https:\/\/cdn.bymycar.eu\/fr-webzine\/wp-content\/uploads\/medias\/Luneville-3.jpg","2048x2048-width":2016,"2048x2048-height":1512}},"legende":""},{"image":false,"image_1600x700":false,"image_920x500":{"ID":56948,"id":56948,"title":"Nancy (2)","filename":"Nancy-2.jpg","filesize":868169,"url":"https:\/\/cdn.bymycar.eu\/fr-webzine\/wp-content\/uploads\/medias\/Nancy-2.jpg","link":"https:\/\/www.bymycar.fr\/webzine\/le-tournoi-de-lapres-vente-2024-levenement-dedie-aux-equipes-de-nos-ateliers\/nancy-2\/","alt":"","author":"88","description":"","caption":"","name":"nancy-2","status":"inherit","uploaded_to":56940,"date":"2024-11-26 15:50:47","modified":"2024-11-26 15:50:47","menu_order":0,"mime_type":"image\/jpeg","type":"image","subtype":"jpeg","icon":"https:\/\/www.bymycar.fr\/webzine\/wp-includes\/images\/media\/default.png","width":2016,"height":1512,"sizes":{"thumbnail":"https:\/\/cdn.bymycar.eu\/fr-webzine\/wp-content\/uploads\/medias\/Nancy-2-150x150.jpg","thumbnail-width":150,"thumbnail-height":150,"medium":"https:\/\/cdn.bymycar.eu\/fr-webzine\/wp-content\/uploads\/medias\/Nancy-2-300x225.jpg","medium-width":300,"medium-height":225,"medium_large":"https:\/\/cdn.bymycar.eu\/fr-webzine\/wp-content\/uploads\/medias\/Nancy-2-768x576.jpg","medium_large-width":768,"medium_large-height":576,"large":"https:\/\/cdn.bymycar.eu\/fr-webzine\/wp-content\/uploads\/medias\/Nancy-2-1024x768.jpg","large-width":1024,"large-height":768,"1536x1536":"https:\/\/cdn.bymycar.eu\/fr-webzine\/wp-content\/uploads\/medias\/Nancy-2-1536x1152.jpg","1536x1536-width":1536,"1536x1536-height":1152,"2048x2048":"https:\/\/cdn.bymycar.eu\/fr-webzine\/wp-content\/uploads\/medias\/Nancy-2.jpg","2048x2048-width":2016,"2048x2048-height":1512}},"legende":""},{"image":false,"image_1600x700":false,"image_920x500":{"ID":56949,"id":56949,"title":"Orl\u00e9ans (3)","filename":"Orleans-3.jpg","filesize":368800,"url":"https:\/\/cdn.bymycar.eu\/fr-webzine\/wp-content\/uploads\/medias\/Orleans-3.jpg","link":"https:\/\/www.bymycar.fr\/webzine\/le-tournoi-de-lapres-vente-2024-levenement-dedie-aux-equipes-de-nos-ateliers\/orleans-3-2\/","alt":"","author":"88","description":"","caption":"","name":"orleans-3-2","status":"inherit","uploaded_to":56940,"date":"2024-11-26 15:50:50","modified":"2024-11-26 15:50:50","menu_order":0,"mime_type":"image\/jpeg","type":"image","subtype":"jpeg","icon":"https:\/\/www.bymycar.fr\/webzine\/wp-includes\/images\/media\/default.png","width":1530,"height":2040,"sizes":{"thumbnail":"https:\/\/cdn.bymycar.eu\/fr-webzine\/wp-content\/uploads\/medias\/Orleans-3-150x150.jpg","thumbnail-width":150,"thumbnail-height":150,"medium":"https:\/\/cdn.bymycar.eu\/fr-webzine\/wp-content\/uploads\/medias\/Orleans-3-225x300.jpg","medium-width":225,"medium-height":300,"medium_large":"https:\/\/cdn.bymycar.eu\/fr-webzine\/wp-content\/uploads\/medias\/Orleans-3-768x1024.jpg","medium_large-width":768,"medium_large-height":1024,"large":"https:\/\/cdn.bymycar.eu\/fr-webzine\/wp-content\/uploads\/medias\/Orleans-3-768x1024.jpg","large-width":768,"large-height":1024,"1536x1536":"https:\/\/cdn.bymycar.eu\/fr-webzine\/wp-content\/uploads\/medias\/Orleans-3-1152x1536.jpg","1536x1536-width":1152,"1536x1536-height":1536,"2048x2048":"https:\/\/cdn.bymycar.eu\/fr-webzine\/wp-content\/uploads\/medias\/Orleans-3.jpg","2048x2048-width":1530,"2048x2048-height":2040}},"legende":""},{"image":false,"image_1600x700":false,"image_920x500":{"ID":56952,"id":56952,"title":"saint di\u00e9 (4)","filename":"saint-die-4.jpg","filesize":840769,"url":"https:\/\/cdn.bymycar.eu\/fr-webzine\/wp-content\/uploads\/medias\/saint-die-4.jpg","link":"https:\/\/www.bymycar.fr\/webzine\/le-tournoi-de-lapres-vente-2024-levenement-dedie-aux-equipes-de-nos-ateliers\/saint-die-4\/","alt":"","author":"88","description":"","caption":"","name":"saint-die-4","status":"inherit","uploaded_to":56940,"date":"2024-11-26 15:51:22","modified":"2024-11-26 15:51:22","menu_order":0,"mime_type":"image\/jpeg","type":"image","subtype":"jpeg","icon":"https:\/\/www.bymycar.fr\/webzine\/wp-includes\/images\/media\/default.png","width":2016,"height":1512,"sizes":{"thumbnail":"https:\/\/cdn.bymycar.eu\/fr-webzine\/wp-content\/uploads\/medias\/saint-die-4-150x150.jpg","thumbnail-width":150,"thumbnail-height":150,"medium":"https:\/\/cdn.bymycar.eu\/fr-webzine\/wp-content\/uploads\/medias\/saint-die-4-300x225.jpg","medium-width":300,"medium-height":225,"medium_large":"https:\/\/cdn.bymycar.eu\/fr-webzine\/wp-content\/uploads\/medias\/saint-die-4-768x576.jpg","medium_large-width":768,"medium_large-height":576,"large":"https:\/\/cdn.bymycar.eu\/fr-webzine\/wp-content\/uploads\/medias\/saint-die-4-1024x768.jpg","large-width":1024,"large-height":768,"1536x1536":"https:\/\/cdn.bymycar.eu\/fr-webzine\/wp-content\/uploads\/medias\/saint-die-4-1536x1152.jpg","1536x1536-width":1536,"1536x1536-height":1152,"2048x2048":"https:\/\/cdn.bymycar.eu\/fr-webzine\/wp-content\/uploads\/medias\/saint-die-4.jpg","2048x2048-width":2016,"2048x2048-height":1512}},"legende":""},{"image":false,"image_1600x700":false,"image_920x500":{"ID":56953,"id":56953,"title":"Verdun","filename":"Verdun.png","filesize":1947319,"url":"https:\/\/cdn.bymycar.eu\/fr-webzine\/wp-content\/uploads\/medias\/Verdun.png","link":"https:\/\/www.bymycar.fr\/webzine\/le-tournoi-de-lapres-vente-2024-levenement-dedie-aux-equipes-de-nos-ateliers\/verdun\/","alt":"","author":"88","description":"","caption":"","name":"verdun","status":"inherit","uploaded_to":56940,"date":"2024-11-26 15:51:26","modified":"2024-11-26 15:51:26","menu_order":0,"mime_type":"image\/png","type":"image","subtype":"png","icon":"https:\/\/www.bymycar.fr\/webzine\/wp-includes\/images\/media\/default.png","width":1206,"height":833,"sizes":{"thumbnail":"https:\/\/cdn.bymycar.eu\/fr-webzine\/wp-content\/uploads\/medias\/Verdun-150x150.png","thumbnail-width":150,"thumbnail-height":150,"medium":"https:\/\/cdn.bymycar.eu\/fr-webzine\/wp-content\/uploads\/medias\/Verdun-300x207.png","medium-width":300,"medium-height":207,"medium_large":"https:\/\/cdn.bymycar.eu\/fr-webzine\/wp-content\/uploads\/medias\/Verdun-768x530.png","medium_large-width":768,"medium_large-height":530,"large":"https:\/\/cdn.bymycar.eu\/fr-webzine\/wp-content\/uploads\/medias\/Verdun-1024x707.png","large-width":1024,"large-height":707,"1536x1536":"https:\/\/cdn.bymycar.eu\/fr-webzine\/wp-content\/uploads\/medias\/Verdun.png","1536x1536-width":1206,"1536x1536-height":833,"2048x2048":"https:\/\/cdn.bymycar.eu\/fr-webzine\/wp-content\/uploads\/medias\/Verdun.png","2048x2048-width":1206,"2048x2048-height":833}},"legende":""},{"image":false,"image_1600x700":false,"image_920x500":{"ID":56950,"id":56950,"title":"Paris (3)","filename":"Paris-3.jpeg","filesize":651482,"url":"https:\/\/cdn.bymycar.eu\/fr-webzine\/wp-content\/uploads\/medias\/Paris-3.jpeg","link":"https:\/\/www.bymycar.fr\/webzine\/le-tournoi-de-lapres-vente-2024-levenement-dedie-aux-equipes-de-nos-ateliers\/paris-3\/","alt":"","author":"88","description":"","caption":"","name":"paris-3","status":"inherit","uploaded_to":56940,"date":"2024-11-26 15:50:54","modified":"2024-11-26 15:50:54","menu_order":0,"mime_type":"image\/jpeg","type":"image","subtype":"jpeg","icon":"https:\/\/www.bymycar.fr\/webzine\/wp-includes\/images\/media\/default.png","width":1920,"height":2560,"sizes":{"thumbnail":"https:\/\/cdn.bymycar.eu\/fr-webzine\/wp-content\/uploads\/medias\/Paris-3-scaled-e1733296709435-150x150.jpeg","thumbnail-width":150,"thumbnail-height":150,"medium":"https:\/\/cdn.bymycar.eu\/fr-webzine\/wp-content\/uploads\/medias\/Paris-3-scaled-e1733296709435-225x300.jpeg","medium-width":225,"medium-height":300,"medium_large":"https:\/\/cdn.bymycar.eu\/fr-webzine\/wp-content\/uploads\/medias\/Paris-3-scaled-e1733296709435-768x1024.jpeg","medium_large-width":768,"medium_large-height":1024,"large":"https:\/\/cdn.bymycar.eu\/fr-webzine\/wp-content\/uploads\/medias\/Paris-3-scaled-e1733296709435-768x1024.jpeg","large-width":768,"large-height":1024,"1536x1536":"https:\/\/cdn.bymycar.eu\/fr-webzine\/wp-content\/uploads\/medias\/Paris-3-scaled-e1733296709435-1152x1536.jpeg","1536x1536-width":1152,"1536x1536-height":1536,"2048x2048":"https:\/\/cdn.bymycar.eu\/fr-webzine\/wp-content\/uploads\/medias\/Paris-3-scaled-e1733296709435-1536x2048.jpeg","2048x2048-width":1536,"2048x2048-height":2048}},"legende":""},{"image":false,"image_1600x700":false,"image_920x500":{"ID":56951,"id":56951,"title":"Roquebrune (1)","filename":"Roquebrune-1.jpg","filesize":492242,"url":"https:\/\/cdn.bymycar.eu\/fr-webzine\/wp-content\/uploads\/medias\/Roquebrune-1.jpg","link":"https:\/\/www.bymycar.fr\/webzine\/le-tournoi-de-lapres-vente-2024-levenement-dedie-aux-equipes-de-nos-ateliers\/roquebrune-1\/","alt":"","author":"88","description":"","caption":"","name":"roquebrune-1","status":"inherit","uploaded_to":56940,"date":"2024-11-26 15:51:08","modified":"2024-11-26 15:51:08","menu_order":0,"mime_type":"image\/jpeg","type":"image","subtype":"jpeg","icon":"https:\/\/www.bymycar.fr\/webzine\/wp-includes\/images\/media\/default.png","width":1920,"height":1843,"sizes":{"thumbnail":"https:\/\/cdn.bymycar.eu\/fr-webzine\/wp-content\/uploads\/medias\/Roquebrune-1-scaled-e1733296793578-150x150.jpg","thumbnail-width":150,"thumbnail-height":150,"medium":"https:\/\/cdn.bymycar.eu\/fr-webzine\/wp-content\/uploads\/medias\/Roquebrune-1-scaled-e1733296793578-300x288.jpg","medium-width":300,"medium-height":288,"medium_large":"https:\/\/cdn.bymycar.eu\/fr-webzine\/wp-content\/uploads\/medias\/Roquebrune-1-scaled-e1733296793578-768x737.jpg","medium_large-width":768,"medium_large-height":737,"large":"https:\/\/cdn.bymycar.eu\/fr-webzine\/wp-content\/uploads\/medias\/Roquebrune-1-scaled-e1733296793578-1024x983.jpg","large-width":1024,"large-height":983,"1536x1536":"https:\/\/cdn.bymycar.eu\/fr-webzine\/wp-content\/uploads\/medias\/Roquebrune-1-scaled-e1733296793578-1536x1474.jpg","1536x1536-width":1536,"1536x1536-height":1474,"2048x2048":"https:\/\/cdn.bymycar.eu\/fr-webzine\/wp-content\/uploads\/medias\/Roquebrune-1-scaled-e1733296750755-1536x2048.jpg","2048x2048-width":1536,"2048x2048-height":2048}},"legende":""}],"elements_comparatif":false,"texte_1":"","texte_2":"","image_1":false,"image_1_563x400":false,"image_1_332x332":false,"image_2":false,"image_2_333x240":false,"image_2_563x400":false,"image_3":false,"image_3_333x240":false,"image_3_332x450":false,"image_4":false,"image_4_332x332":false,"image_4_563x400":false,"code_embed":"","legende_video":"","photo":false,"photo_100x100":false,"nom":"","fonction":"","elements_timeline":false,"entetes_colonnes":false,"entetes_lignes":false,"lignes":false,"introduction":"","formulaire":false,"question":"","reponse":"","libelle_bouton_lien":"","url_lien":"","questions":false,"conclusions":false,"pays":false,"region":false,"marque":false,"marqueConcessions":false,"modele":false,"ptvente":false,"typeV":false,"collection":false,"nombre_maximum_elements":10,"lien_fin_carousel":"","texte_lien_fin_carousel":"","trier_par":false},{"type_strate":"50-50-image-texte-full","ancre":"","contenu":"<p>Le s\u00e9minaire<\/p>\n","titre":"","image":false,"image_libre":false,"image_800x500":{"ID":57227,"id":57227,"title":"1733938990364","filename":"1733938990364.jpg","filesize":138193,"url":"https:\/\/cdn.bymycar.eu\/fr-webzine\/wp-content\/uploads\/medias\/1733938990364.jpg","link":"https:\/\/www.bymycar.fr\/webzine\/le-tournoi-de-lapres-vente-2024-levenement-dedie-aux-equipes-de-nos-ateliers\/attachment\/1733938990364\/","alt":"","author":"88","description":"","caption":"","name":"1733938990364","status":"inherit","uploaded_to":56940,"date":"2025-01-29 09:10:54","modified":"2025-01-29 09:10:54","menu_order":0,"mime_type":"image\/jpeg","type":"image","subtype":"jpeg","icon":"https:\/\/www.bymycar.fr\/webzine\/wp-includes\/images\/media\/default.png","width":1280,"height":806,"sizes":{"thumbnail":"https:\/\/cdn.bymycar.eu\/fr-webzine\/wp-content\/uploads\/medias\/1733938990364-150x150.jpg","thumbnail-width":150,"thumbnail-height":150,"medium":"https:\/\/cdn.bymycar.eu\/fr-webzine\/wp-content\/uploads\/medias\/1733938990364-300x189.jpg","medium-width":300,"medium-height":189,"medium_large":"https:\/\/cdn.bymycar.eu\/fr-webzine\/wp-content\/uploads\/medias\/1733938990364-768x484.jpg","medium_large-width":768,"medium_large-height":484,"large":"https:\/\/cdn.bymycar.eu\/fr-webzine\/wp-content\/uploads\/medias\/1733938990364-1024x645.jpg","large-width":1024,"large-height":645,"1536x1536":"https:\/\/cdn.bymycar.eu\/fr-webzine\/wp-content\/uploads\/medias\/1733938990364.jpg","1536x1536-width":1280,"1536x1536-height":806,"2048x2048":"https:\/\/cdn.bymycar.eu\/fr-webzine\/wp-content\/uploads\/medias\/1733938990364.jpg","2048x2048-width":1280,"2048x2048-height":806}},"legende":"","zoom":false,"texte":"<p><em><strong><span style=\"font-size: 14pt\">Quelle \u00e9tait la r\u00e9compense pour les \u00e9quipes gagnantes ?<\/span><\/strong><\/em><\/p>\n<p>Les \u00e9quipes victorieuses ont \u00e9t\u00e9 convi\u00e9es \u00e0 c\u00e9l\u00e9brer leur succ\u00e8s lors du 1er s\u00e9minaire de l\u2019APV Groupe. L\u2019\u00e9v\u00e9nement s\u2019est tenu \u00e0 Lyon, au Groupama Stadium, le stade des \u00ab\u00a0Gones\u00a0\u00bb, en pr\u00e9sence de leurs managers, de la Direction G\u00e9n\u00e9rale et de Carlos GOMES, CEO du Groupe Cosmobilis.<\/p>\n<p>Au programme : une pl\u00e9ni\u00e8re sur l\u2019importance de l\u2019APV dans les concessions, des f\u00e9licitations et remerciements, une visite du stade et un d\u00eener \u00e0 la Brasserie Bocuse.<\/p>\n<p>Le lendemain matin, les collaborateurs ont pris la direction du Circuit du Laquais pour un stage de pilotage sur piste GT et une course de karting. Une exp\u00e9rience appr\u00e9ci\u00e9e par tous, malgr\u00e9 des temp\u00e9ratures fra\u00eeches, qui a permis de m\u00ealer plaisir et reconnaissance.<\/p>\n","articles":false,"categorie_droite":false,"images":[{"image":false,"image_1600x700":false,"image_920x500":{"ID":56946,"id":56946,"title":"Epinal (5)","filename":"Epinal-5.jpg","filesize":760632,"url":"https:\/\/cdn.bymycar.eu\/fr-webzine\/wp-content\/uploads\/medias\/Epinal-5.jpg","link":"https:\/\/www.bymycar.fr\/webzine\/le-tournoi-de-lapres-vente-2024-levenement-dedie-aux-equipes-de-nos-ateliers\/epinal-5\/","alt":"","author":"88","description":"","caption":"","name":"epinal-5","status":"inherit","uploaded_to":56940,"date":"2024-11-26 15:50:38","modified":"2024-11-26 15:50:38","menu_order":0,"mime_type":"image\/jpeg","type":"image","subtype":"jpeg","icon":"https:\/\/www.bymycar.fr\/webzine\/wp-includes\/images\/media\/default.png","width":2016,"height":1512,"sizes":{"thumbnail":"https:\/\/cdn.bymycar.eu\/fr-webzine\/wp-content\/uploads\/medias\/Epinal-5-150x150.jpg","thumbnail-width":150,"thumbnail-height":150,"medium":"https:\/\/cdn.bymycar.eu\/fr-webzine\/wp-content\/uploads\/medias\/Epinal-5-300x225.jpg","medium-width":300,"medium-height":225,"medium_large":"https:\/\/cdn.bymycar.eu\/fr-webzine\/wp-content\/uploads\/medias\/Epinal-5-768x576.jpg","medium_large-width":768,"medium_large-height":576,"large":"https:\/\/cdn.bymycar.eu\/fr-webzine\/wp-content\/uploads\/medias\/Epinal-5-1024x768.jpg","large-width":1024,"large-height":768,"1536x1536":"https:\/\/cdn.bymycar.eu\/fr-webzine\/wp-content\/uploads\/medias\/Epinal-5-1536x1152.jpg","1536x1536-width":1536,"1536x1536-height":1152,"2048x2048":"https:\/\/cdn.bymycar.eu\/fr-webzine\/wp-content\/uploads\/medias\/Epinal-5.jpg","2048x2048-width":2016,"2048x2048-height":1512}},"legende":""},{"image":false,"image_1600x700":false,"image_920x500":{"ID":56944,"id":56944,"title":"Lun\u00e9ville (2)","filename":"Luneville-2.jpg","filesize":657052,"url":"https:\/\/cdn.bymycar.eu\/fr-webzine\/wp-content\/uploads\/medias\/Luneville-2.jpg","link":"https:\/\/www.bymycar.fr\/webzine\/le-tournoi-de-lapres-vente-2024-levenement-dedie-aux-equipes-de-nos-ateliers\/luneville-2\/","alt":"","author":"88","description":"","caption":"","name":"luneville-2","status":"inherit","uploaded_to":56940,"date":"2024-11-26 15:48:07","modified":"2024-11-26 15:48:07","menu_order":0,"mime_type":"image\/jpeg","type":"image","subtype":"jpeg","icon":"https:\/\/www.bymycar.fr\/webzine\/wp-includes\/images\/media\/default.png","width":2016,"height":1512,"sizes":{"thumbnail":"https:\/\/cdn.bymycar.eu\/fr-webzine\/wp-content\/uploads\/medias\/Luneville-2-150x150.jpg","thumbnail-width":150,"thumbnail-height":150,"medium":"https:\/\/cdn.bymycar.eu\/fr-webzine\/wp-content\/uploads\/medias\/Luneville-2-300x225.jpg","medium-width":300,"medium-height":225,"medium_large":"https:\/\/cdn.bymycar.eu\/fr-webzine\/wp-content\/uploads\/medias\/Luneville-2-768x576.jpg","medium_large-width":768,"medium_large-height":576,"large":"https:\/\/cdn.bymycar.eu\/fr-webzine\/wp-content\/uploads\/medias\/Luneville-2-1024x768.jpg","large-width":1024,"large-height":768,"1536x1536":"https:\/\/cdn.bymycar.eu\/fr-webzine\/wp-content\/uploads\/medias\/Luneville-2-1536x1152.jpg","1536x1536-width":1536,"1536x1536-height":1152,"2048x2048":"https:\/\/cdn.bymycar.eu\/fr-webzine\/wp-content\/uploads\/medias\/Luneville-2.jpg","2048x2048-width":2016,"2048x2048-height":1512}},"legende":""},{"image":false,"image_1600x700":false,"image_920x500":{"ID":56945,"id":56945,"title":"Epinal (1)","filename":"Epinal-1.jpg","filesize":738821,"url":"https:\/\/cdn.bymycar.eu\/fr-webzine\/wp-content\/uploads\/medias\/Epinal-1.jpg","link":"https:\/\/www.bymycar.fr\/webzine\/le-tournoi-de-lapres-vente-2024-levenement-dedie-aux-equipes-de-nos-ateliers\/epinal-1\/","alt":"","author":"88","description":"","caption":"","name":"epinal-1","status":"inherit","uploaded_to":56940,"date":"2024-11-26 15:50:34","modified":"2024-11-26 15:50:34","menu_order":0,"mime_type":"image\/jpeg","type":"image","subtype":"jpeg","icon":"https:\/\/www.bymycar.fr\/webzine\/wp-includes\/images\/media\/default.png","width":2016,"height":1512,"sizes":{"thumbnail":"https:\/\/cdn.bymycar.eu\/fr-webzine\/wp-content\/uploads\/medias\/Epinal-1-150x150.jpg","thumbnail-width":150,"thumbnail-height":150,"medium":"https:\/\/cdn.bymycar.eu\/fr-webzine\/wp-content\/uploads\/medias\/Epinal-1-300x225.jpg","medium-width":300,"medium-height":225,"medium_large":"https:\/\/cdn.bymycar.eu\/fr-webzine\/wp-content\/uploads\/medias\/Epinal-1-768x576.jpg","medium_large-width":768,"medium_large-height":576,"large":"https:\/\/cdn.bymycar.eu\/fr-webzine\/wp-content\/uploads\/medias\/Epinal-1-1024x768.jpg","large-width":1024,"large-height":768,"1536x1536":"https:\/\/cdn.bymycar.eu\/fr-webzine\/wp-content\/uploads\/medias\/Epinal-1-1536x1152.jpg","1536x1536-width":1536,"1536x1536-height":1152,"2048x2048":"https:\/\/cdn.bymycar.eu\/fr-webzine\/wp-content\/uploads\/medias\/Epinal-1.jpg","2048x2048-width":2016,"2048x2048-height":1512}},"legende":""},{"image":false,"image_1600x700":false,"image_920x500":{"ID":56950,"id":56950,"title":"Paris (3)","filename":"Paris-3.jpeg","filesize":651482,"url":"https:\/\/cdn.bymycar.eu\/fr-webzine\/wp-content\/uploads\/medias\/Paris-3.jpeg","link":"https:\/\/www.bymycar.fr\/webzine\/le-tournoi-de-lapres-vente-2024-levenement-dedie-aux-equipes-de-nos-ateliers\/paris-3\/","alt":"","author":"88","description":"","caption":"","name":"paris-3","status":"inherit","uploaded_to":56940,"date":"2024-11-26 15:50:54","modified":"2024-11-26 15:50:54","menu_order":0,"mime_type":"image\/jpeg","type":"image","subtype":"jpeg","icon":"https:\/\/www.bymycar.fr\/webzine\/wp-includes\/images\/media\/default.png","width":1920,"height":2560,"sizes":{"thumbnail":"https:\/\/cdn.bymycar.eu\/fr-webzine\/wp-content\/uploads\/medias\/Paris-3-scaled-e1733296709435-150x150.jpeg","thumbnail-width":150,"thumbnail-height":150,"medium":"https:\/\/cdn.bymycar.eu\/fr-webzine\/wp-content\/uploads\/medias\/Paris-3-scaled-e1733296709435-225x300.jpeg","medium-width":225,"medium-height":300,"medium_large":"https:\/\/cdn.bymycar.eu\/fr-webzine\/wp-content\/uploads\/medias\/Paris-3-scaled-e1733296709435-768x1024.jpeg","medium_large-width":768,"medium_large-height":1024,"large":"https:\/\/cdn.bymycar.eu\/fr-webzine\/wp-content\/uploads\/medias\/Paris-3-scaled-e1733296709435-768x1024.jpeg","large-width":768,"large-height":1024,"1536x1536":"https:\/\/cdn.bymycar.eu\/fr-webzine\/wp-content\/uploads\/medias\/Paris-3-scaled-e1733296709435-1152x1536.jpeg","1536x1536-width":1152,"1536x1536-height":1536,"2048x2048":"https:\/\/cdn.bymycar.eu\/fr-webzine\/wp-content\/uploads\/medias\/Paris-3-scaled-e1733296709435-1536x2048.jpeg","2048x2048-width":1536,"2048x2048-height":2048}},"legende":""},{"image":false,"image_1600x700":false,"image_920x500":{"ID":56952,"id":56952,"title":"saint di\u00e9 (4)","filename":"saint-die-4.jpg","filesize":840769,"url":"https:\/\/cdn.bymycar.eu\/fr-webzine\/wp-content\/uploads\/medias\/saint-die-4.jpg","link":"https:\/\/www.bymycar.fr\/webzine\/le-tournoi-de-lapres-vente-2024-levenement-dedie-aux-equipes-de-nos-ateliers\/saint-die-4\/","alt":"","author":"88","description":"","caption":"","name":"saint-die-4","status":"inherit","uploaded_to":56940,"date":"2024-11-26 15:51:22","modified":"2024-11-26 15:51:22","menu_order":0,"mime_type":"image\/jpeg","type":"image","subtype":"jpeg","icon":"https:\/\/www.bymycar.fr\/webzine\/wp-includes\/images\/media\/default.png","width":2016,"height":1512,"sizes":{"thumbnail":"https:\/\/cdn.bymycar.eu\/fr-webzine\/wp-content\/uploads\/medias\/saint-die-4-150x150.jpg","thumbnail-width":150,"thumbnail-height":150,"medium":"https:\/\/cdn.bymycar.eu\/fr-webzine\/wp-content\/uploads\/medias\/saint-die-4-300x225.jpg","medium-width":300,"medium-height":225,"medium_large":"https:\/\/cdn.bymycar.eu\/fr-webzine\/wp-content\/uploads\/medias\/saint-die-4-768x576.jpg","medium_large-width":768,"medium_large-height":576,"large":"https:\/\/cdn.bymycar.eu\/fr-webzine\/wp-content\/uploads\/medias\/saint-die-4-1024x768.jpg","large-width":1024,"large-height":768,"1536x1536":"https:\/\/cdn.bymycar.eu\/fr-webzine\/wp-content\/uploads\/medias\/saint-die-4-1536x1152.jpg","1536x1536-width":1536,"1536x1536-height":1152,"2048x2048":"https:\/\/cdn.bymycar.eu\/fr-webzine\/wp-content\/uploads\/medias\/saint-die-4.jpg","2048x2048-width":2016,"2048x2048-height":1512}},"legende":""},{"image":false,"image_1600x700":false,"image_920x500":{"ID":56947,"id":56947,"title":"Lun\u00e9ville (3)","filename":"Luneville-3.jpg","filesize":752079,"url":"https:\/\/cdn.bymycar.eu\/fr-webzine\/wp-content\/uploads\/medias\/Luneville-3.jpg","link":"https:\/\/www.bymycar.fr\/webzine\/le-tournoi-de-lapres-vente-2024-levenement-dedie-aux-equipes-de-nos-ateliers\/luneville-3\/","alt":"","author":"88","description":"","caption":"","name":"luneville-3","status":"inherit","uploaded_to":56940,"date":"2024-11-26 15:50:41","modified":"2024-11-26 15:50:41","menu_order":0,"mime_type":"image\/jpeg","type":"image","subtype":"jpeg","icon":"https:\/\/www.bymycar.fr\/webzine\/wp-includes\/images\/media\/default.png","width":2016,"height":1512,"sizes":{"thumbnail":"https:\/\/cdn.bymycar.eu\/fr-webzine\/wp-content\/uploads\/medias\/Luneville-3-150x150.jpg","thumbnail-width":150,"thumbnail-height":150,"medium":"https:\/\/cdn.bymycar.eu\/fr-webzine\/wp-content\/uploads\/medias\/Luneville-3-300x225.jpg","medium-width":300,"medium-height":225,"medium_large":"https:\/\/cdn.bymycar.eu\/fr-webzine\/wp-content\/uploads\/medias\/Luneville-3-768x576.jpg","medium_large-width":768,"medium_large-height":576,"large":"https:\/\/cdn.bymycar.eu\/fr-webzine\/wp-content\/uploads\/medias\/Luneville-3-1024x768.jpg","large-width":1024,"large-height":768,"1536x1536":"https:\/\/cdn.bymycar.eu\/fr-webzine\/wp-content\/uploads\/medias\/Luneville-3-1536x1152.jpg","1536x1536-width":1536,"1536x1536-height":1152,"2048x2048":"https:\/\/cdn.bymycar.eu\/fr-webzine\/wp-content\/uploads\/medias\/Luneville-3.jpg","2048x2048-width":2016,"2048x2048-height":1512}},"legende":""},{"image":false,"image_1600x700":false,"image_920x500":{"ID":56990,"id":56990,"title":"IMG-20241211-WA0058","filename":"IMG-20241211-WA0058.jpg","filesize":562269,"url":"https:\/\/cdn.bymycar.eu\/fr-webzine\/wp-content\/uploads\/medias\/IMG-20241211-WA0058.jpg","link":"https:\/\/www.bymycar.fr\/webzine\/le-tournoi-de-lapres-vente-2024-levenement-dedie-aux-equipes-de-nos-ateliers\/img-20241211-wa0058\/","alt":"","author":"88","description":"","caption":"","name":"img-20241211-wa0058","status":"inherit","uploaded_to":56940,"date":"2024-12-11 09:47:26","modified":"2024-12-11 09:47:26","menu_order":0,"mime_type":"image\/jpeg","type":"image","subtype":"jpeg","icon":"https:\/\/www.bymycar.fr\/webzine\/wp-includes\/images\/media\/default.png","width":2048,"height":1536,"sizes":{"thumbnail":"https:\/\/cdn.bymycar.eu\/fr-webzine\/wp-content\/uploads\/medias\/IMG-20241211-WA0058-150x150.jpg","thumbnail-width":150,"thumbnail-height":150,"medium":"https:\/\/cdn.bymycar.eu\/fr-webzine\/wp-content\/uploads\/medias\/IMG-20241211-WA0058-300x225.jpg","medium-width":300,"medium-height":225,"medium_large":"https:\/\/cdn.bymycar.eu\/fr-webzine\/wp-content\/uploads\/medias\/IMG-20241211-WA0058-768x576.jpg","medium_large-width":768,"medium_large-height":576,"large":"https:\/\/cdn.bymycar.eu\/fr-webzine\/wp-content\/uploads\/medias\/IMG-20241211-WA0058-1024x768.jpg","large-width":1024,"large-height":768,"1536x1536":"https:\/\/cdn.bymycar.eu\/fr-webzine\/wp-content\/uploads\/medias\/IMG-20241211-WA0058-1536x1152.jpg","1536x1536-width":1536,"1536x1536-height":1152,"2048x2048":"https:\/\/cdn.bymycar.eu\/fr-webzine\/wp-content\/uploads\/medias\/IMG-20241211-WA0058.jpg","2048x2048-width":2048,"2048x2048-height":1536}},"legende":""},{"image":false,"image_1600x700":false,"image_920x500":{"ID":56991,"id":56991,"title":"IMG-20241211-WA0031","filename":"IMG-20241211-WA0031.jpg","filesize":282766,"url":"https:\/\/cdn.bymycar.eu\/fr-webzine\/wp-content\/uploads\/medias\/IMG-20241211-WA0031.jpg","link":"https:\/\/www.bymycar.fr\/webzine\/le-tournoi-de-lapres-vente-2024-levenement-dedie-aux-equipes-de-nos-ateliers\/img-20241211-wa0031\/","alt":"","author":"88","description":"","caption":"","name":"img-20241211-wa0031","status":"inherit","uploaded_to":56940,"date":"2024-12-11 09:52:53","modified":"2024-12-11 09:52:53","menu_order":0,"mime_type":"image\/jpeg","type":"image","subtype":"jpeg","icon":"https:\/\/www.bymycar.fr\/webzine\/wp-includes\/images\/media\/default.png","width":2048,"height":1536,"sizes":{"thumbnail":"https:\/\/cdn.bymycar.eu\/fr-webzine\/wp-content\/uploads\/medias\/IMG-20241211-WA0031-150x150.jpg","thumbnail-width":150,"thumbnail-height":150,"medium":"https:\/\/cdn.bymycar.eu\/fr-webzine\/wp-content\/uploads\/medias\/IMG-20241211-WA0031-300x225.jpg","medium-width":300,"medium-height":225,"medium_large":"https:\/\/cdn.bymycar.eu\/fr-webzine\/wp-content\/uploads\/medias\/IMG-20241211-WA0031-768x576.jpg","medium_large-width":768,"medium_large-height":576,"large":"https:\/\/cdn.bymycar.eu\/fr-webzine\/wp-content\/uploads\/medias\/IMG-20241211-WA0031-1024x768.jpg","large-width":1024,"large-height":768,"1536x1536":"https:\/\/cdn.bymycar.eu\/fr-webzine\/wp-content\/uploads\/medias\/IMG-20241211-WA0031-1536x1152.jpg","1536x1536-width":1536,"1536x1536-height":1152,"2048x2048":"https:\/\/cdn.bymycar.eu\/fr-webzine\/wp-content\/uploads\/medias\/IMG-20241211-WA0031.jpg","2048x2048-width":2048,"2048x2048-height":1536}},"legende":""},{"image":false,"image_1600x700":false,"image_920x500":{"ID":56992,"id":56992,"title":"IMG-20241211-WA0017","filename":"IMG-20241211-WA0017.jpg","filesize":303571,"url":"https:\/\/cdn.bymycar.eu\/fr-webzine\/wp-content\/uploads\/medias\/IMG-20241211-WA0017.jpg","link":"https:\/\/www.bymycar.fr\/webzine\/le-tournoi-de-lapres-vente-2024-levenement-dedie-aux-equipes-de-nos-ateliers\/img-20241211-wa0017\/","alt":"","author":"88","description":"","caption":"","name":"img-20241211-wa0017","status":"inherit","uploaded_to":56940,"date":"2024-12-11 09:53:32","modified":"2024-12-11 09:53:32","menu_order":0,"mime_type":"image\/jpeg","type":"image","subtype":"jpeg","icon":"https:\/\/www.bymycar.fr\/webzine\/wp-includes\/images\/media\/default.png","width":2048,"height":1536,"sizes":{"thumbnail":"https:\/\/cdn.bymycar.eu\/fr-webzine\/wp-content\/uploads\/medias\/IMG-20241211-WA0017-150x150.jpg","thumbnail-width":150,"thumbnail-height":150,"medium":"https:\/\/cdn.bymycar.eu\/fr-webzine\/wp-content\/uploads\/medias\/IMG-20241211-WA0017-300x225.jpg","medium-width":300,"medium-height":225,"medium_large":"https:\/\/cdn.bymycar.eu\/fr-webzine\/wp-content\/uploads\/medias\/IMG-20241211-WA0017-768x576.jpg","medium_large-width":768,"medium_large-height":576,"large":"https:\/\/cdn.bymycar.eu\/fr-webzine\/wp-content\/uploads\/medias\/IMG-20241211-WA0017-1024x768.jpg","large-width":1024,"large-height":768,"1536x1536":"https:\/\/cdn.bymycar.eu\/fr-webzine\/wp-content\/uploads\/medias\/IMG-20241211-WA0017-1536x1152.jpg","1536x1536-width":1536,"1536x1536-height":1152,"2048x2048":"https:\/\/cdn.bymycar.eu\/fr-webzine\/wp-content\/uploads\/medias\/IMG-20241211-WA0017.jpg","2048x2048-width":2048,"2048x2048-height":1536}},"legende":""},{"image":false,"image_1600x700":false,"image_920x500":{"ID":56993,"id":56993,"title":"IMG-20241211-WA0089","filename":"IMG-20241211-WA0089.jpg","filesize":402482,"url":"https:\/\/cdn.bymycar.eu\/fr-webzine\/wp-content\/uploads\/medias\/IMG-20241211-WA0089.jpg","link":"https:\/\/www.bymycar.fr\/webzine\/le-tournoi-de-lapres-vente-2024-levenement-dedie-aux-equipes-de-nos-ateliers\/img-20241211-wa0089\/","alt":"","author":"88","description":"","caption":"","name":"img-20241211-wa0089","status":"inherit","uploaded_to":56940,"date":"2024-12-11 09:54:24","modified":"2024-12-11 09:54:24","menu_order":0,"mime_type":"image\/jpeg","type":"image","subtype":"jpeg","icon":"https:\/\/www.bymycar.fr\/webzine\/wp-includes\/images\/media\/default.png","width":2048,"height":1536,"sizes":{"thumbnail":"https:\/\/cdn.bymycar.eu\/fr-webzine\/wp-content\/uploads\/medias\/IMG-20241211-WA0089-150x150.jpg","thumbnail-width":150,"thumbnail-height":150,"medium":"https:\/\/cdn.bymycar.eu\/fr-webzine\/wp-content\/uploads\/medias\/IMG-20241211-WA0089-300x225.jpg","medium-width":300,"medium-height":225,"medium_large":"https:\/\/cdn.bymycar.eu\/fr-webzine\/wp-content\/uploads\/medias\/IMG-20241211-WA0089-768x576.jpg","medium_large-width":768,"medium_large-height":576,"large":"https:\/\/cdn.bymycar.eu\/fr-webzine\/wp-content\/uploads\/medias\/IMG-20241211-WA0089-1024x768.jpg","large-width":1024,"large-height":768,"1536x1536":"https:\/\/cdn.bymycar.eu\/fr-webzine\/wp-content\/uploads\/medias\/IMG-20241211-WA0089-1536x1152.jpg","1536x1536-width":1536,"1536x1536-height":1152,"2048x2048":"https:\/\/cdn.bymycar.eu\/fr-webzine\/wp-content\/uploads\/medias\/IMG-20241211-WA0089.jpg","2048x2048-width":2048,"2048x2048-height":1536}},"legende":""},{"image":false,"image_1600x700":false,"image_920x500":{"ID":56994,"id":56994,"title":"IMG-20241211-WA0085","filename":"IMG-20241211-WA0085.jpg","filesize":405246,"url":"https:\/\/cdn.bymycar.eu\/fr-webzine\/wp-content\/uploads\/medias\/IMG-20241211-WA0085.jpg","link":"https:\/\/www.bymycar.fr\/webzine\/le-tournoi-de-lapres-vente-2024-levenement-dedie-aux-equipes-de-nos-ateliers\/img-20241211-wa0085\/","alt":"","author":"88","description":"","caption":"","name":"img-20241211-wa0085","status":"inherit","uploaded_to":56940,"date":"2024-12-11 09:55:33","modified":"2024-12-11 09:55:33","menu_order":0,"mime_type":"image\/jpeg","type":"image","subtype":"jpeg","icon":"https:\/\/www.bymycar.fr\/webzine\/wp-includes\/images\/media\/default.png","width":2048,"height":1536,"sizes":{"thumbnail":"https:\/\/cdn.bymycar.eu\/fr-webzine\/wp-content\/uploads\/medias\/IMG-20241211-WA0085-150x150.jpg","thumbnail-width":150,"thumbnail-height":150,"medium":"https:\/\/cdn.bymycar.eu\/fr-webzine\/wp-content\/uploads\/medias\/IMG-20241211-WA0085-300x225.jpg","medium-width":300,"medium-height":225,"medium_large":"https:\/\/cdn.bymycar.eu\/fr-webzine\/wp-content\/uploads\/medias\/IMG-20241211-WA0085-768x576.jpg","medium_large-width":768,"medium_large-height":576,"large":"https:\/\/cdn.bymycar.eu\/fr-webzine\/wp-content\/uploads\/medias\/IMG-20241211-WA0085-1024x768.jpg","large-width":1024,"large-height":768,"1536x1536":"https:\/\/cdn.bymycar.eu\/fr-webzine\/wp-content\/uploads\/medias\/IMG-20241211-WA0085-1536x1152.jpg","1536x1536-width":1536,"1536x1536-height":1152,"2048x2048":"https:\/\/cdn.bymycar.eu\/fr-webzine\/wp-content\/uploads\/medias\/IMG-20241211-WA0085.jpg","2048x2048-width":2048,"2048x2048-height":1536}},"legende":""}],"elements_comparatif":false,"texte_1":"","texte_2":"","image_1":false,"image_1_563x400":false,"image_1_332x332":false,"image_2":false,"image_2_333x240":false,"image_2_563x400":false,"image_3":false,"image_3_333x240":false,"image_3_332x450":false,"image_4":false,"image_4_332x332":false,"image_4_563x400":false,"code_embed":"","legende_video":"","photo":false,"photo_100x100":false,"nom":"","fonction":"","elements_timeline":false,"entetes_colonnes":false,"entetes_lignes":false,"lignes":false,"introduction":"","formulaire":false,"question":"","reponse":"","libelle_bouton_lien":"","url_lien":"","questions":false,"conclusions":false,"pays":false,"region":false,"marque":false,"marqueConcessions":false,"modele":false,"ptvente":false,"typeV":false,"collection":false,"nombre_maximum_elements":10,"lien_fin_carousel":"","texte_lien_fin_carousel":"","trier_par":false},{"type_strate":"citation","ancre":"","contenu":"","titre":"","image":false,"image_libre":false,"image_800x500":false,"legende":"","zoom":false,"texte":"<p><em>Ev\u00e9nement plut\u00f4t amusant, et g\u00e9n\u00e8re un bon esprit de groupe. Je suis heureux d\u2019avoir particip\u00e9 \u00e0 ce premier tournoi des APV.<\/em> &#8211; Baptiste Beguier, Technicien APV \u00e0 Volkswagen Orl\u00e9ans<\/p>\n","articles":false,"categorie_droite":false,"images":false,"elements_comparatif":false,"texte_1":"","texte_2":"","image_1":false,"image_1_563x400":false,"image_1_332x332":false,"image_2":false,"image_2_333x240":false,"image_2_563x400":false,"image_3":false,"image_3_333x240":false,"image_3_332x450":false,"image_4":false,"image_4_332x332":false,"image_4_563x400":false,"code_embed":"","legende_video":"","photo":false,"photo_100x100":false,"nom":"","fonction":"","elements_timeline":false,"entetes_colonnes":false,"entetes_lignes":false,"lignes":false,"introduction":"","formulaire":false,"question":"","reponse":"","libelle_bouton_lien":"","url_lien":"","questions":false,"conclusions":false,"pays":false,"region":false,"marque":false,"marqueConcessions":false,"modele":false,"ptvente":false,"typeV":false,"collection":false,"nombre_maximum_elements":10,"lien_fin_carousel":"","texte_lien_fin_carousel":"","trier_par":false},{"type_strate":"image","ancre":"","contenu":"","titre":"","image":false,"image_libre":false,"image_800x500":false,"legende":"","zoom":false,"texte":"","articles":false,"categorie_droite":false,"images":[{"image":false,"image_1600x700":false,"image_920x500":{"ID":56946,"id":56946,"title":"Epinal (5)","filename":"Epinal-5.jpg","filesize":760632,"url":"https:\/\/cdn.bymycar.eu\/fr-webzine\/wp-content\/uploads\/medias\/Epinal-5.jpg","link":"https:\/\/www.bymycar.fr\/webzine\/le-tournoi-de-lapres-vente-2024-levenement-dedie-aux-equipes-de-nos-ateliers\/epinal-5\/","alt":"","author":"88","description":"","caption":"","name":"epinal-5","status":"inherit","uploaded_to":56940,"date":"2024-11-26 15:50:38","modified":"2024-11-26 15:50:38","menu_order":0,"mime_type":"image\/jpeg","type":"image","subtype":"jpeg","icon":"https:\/\/www.bymycar.fr\/webzine\/wp-includes\/images\/media\/default.png","width":2016,"height":1512,"sizes":{"thumbnail":"https:\/\/cdn.bymycar.eu\/fr-webzine\/wp-content\/uploads\/medias\/Epinal-5-150x150.jpg","thumbnail-width":150,"thumbnail-height":150,"medium":"https:\/\/cdn.bymycar.eu\/fr-webzine\/wp-content\/uploads\/medias\/Epinal-5-300x225.jpg","medium-width":300,"medium-height":225,"medium_large":"https:\/\/cdn.bymycar.eu\/fr-webzine\/wp-content\/uploads\/medias\/Epinal-5-768x576.jpg","medium_large-width":768,"medium_large-height":576,"large":"https:\/\/cdn.bymycar.eu\/fr-webzine\/wp-content\/uploads\/medias\/Epinal-5-1024x768.jpg","large-width":1024,"large-height":768,"1536x1536":"https:\/\/cdn.bymycar.eu\/fr-webzine\/wp-content\/uploads\/medias\/Epinal-5-1536x1152.jpg","1536x1536-width":1536,"1536x1536-height":1152,"2048x2048":"https:\/\/cdn.bymycar.eu\/fr-webzine\/wp-content\/uploads\/medias\/Epinal-5.jpg","2048x2048-width":2016,"2048x2048-height":1512}},"legende":""},{"image":false,"image_1600x700":false,"image_920x500":{"ID":56944,"id":56944,"title":"Lun\u00e9ville (2)","filename":"Luneville-2.jpg","filesize":657052,"url":"https:\/\/cdn.bymycar.eu\/fr-webzine\/wp-content\/uploads\/medias\/Luneville-2.jpg","link":"https:\/\/www.bymycar.fr\/webzine\/le-tournoi-de-lapres-vente-2024-levenement-dedie-aux-equipes-de-nos-ateliers\/luneville-2\/","alt":"","author":"88","description":"","caption":"","name":"luneville-2","status":"inherit","uploaded_to":56940,"date":"2024-11-26 15:48:07","modified":"2024-11-26 15:48:07","menu_order":0,"mime_type":"image\/jpeg","type":"image","subtype":"jpeg","icon":"https:\/\/www.bymycar.fr\/webzine\/wp-includes\/images\/media\/default.png","width":2016,"height":1512,"sizes":{"thumbnail":"https:\/\/cdn.bymycar.eu\/fr-webzine\/wp-content\/uploads\/medias\/Luneville-2-150x150.jpg","thumbnail-width":150,"thumbnail-height":150,"medium":"https:\/\/cdn.bymycar.eu\/fr-webzine\/wp-content\/uploads\/medias\/Luneville-2-300x225.jpg","medium-width":300,"medium-height":225,"medium_large":"https:\/\/cdn.bymycar.eu\/fr-webzine\/wp-content\/uploads\/medias\/Luneville-2-768x576.jpg","medium_large-width":768,"medium_large-height":576,"large":"https:\/\/cdn.bymycar.eu\/fr-webzine\/wp-content\/uploads\/medias\/Luneville-2-1024x768.jpg","large-width":1024,"large-height":768,"1536x1536":"https:\/\/cdn.bymycar.eu\/fr-webzine\/wp-content\/uploads\/medias\/Luneville-2-1536x1152.jpg","1536x1536-width":1536,"1536x1536-height":1152,"2048x2048":"https:\/\/cdn.bymycar.eu\/fr-webzine\/wp-content\/uploads\/medias\/Luneville-2.jpg","2048x2048-width":2016,"2048x2048-height":1512}},"legende":""},{"image":false,"image_1600x700":false,"image_920x500":{"ID":56945,"id":56945,"title":"Epinal (1)","filename":"Epinal-1.jpg","filesize":738821,"url":"https:\/\/cdn.bymycar.eu\/fr-webzine\/wp-content\/uploads\/medias\/Epinal-1.jpg","link":"https:\/\/www.bymycar.fr\/webzine\/le-tournoi-de-lapres-vente-2024-levenement-dedie-aux-equipes-de-nos-ateliers\/epinal-1\/","alt":"","author":"88","description":"","caption":"","name":"epinal-1","status":"inherit","uploaded_to":56940,"date":"2024-11-26 15:50:34","modified":"2024-11-26 15:50:34","menu_order":0,"mime_type":"image\/jpeg","type":"image","subtype":"jpeg","icon":"https:\/\/www.bymycar.fr\/webzine\/wp-includes\/images\/media\/default.png","width":2016,"height":1512,"sizes":{"thumbnail":"https:\/\/cdn.bymycar.eu\/fr-webzine\/wp-content\/uploads\/medias\/Epinal-1-150x150.jpg","thumbnail-width":150,"thumbnail-height":150,"medium":"https:\/\/cdn.bymycar.eu\/fr-webzine\/wp-content\/uploads\/medias\/Epinal-1-300x225.jpg","medium-width":300,"medium-height":225,"medium_large":"https:\/\/cdn.bymycar.eu\/fr-webzine\/wp-content\/uploads\/medias\/Epinal-1-768x576.jpg","medium_large-width":768,"medium_large-height":576,"large":"https:\/\/cdn.bymycar.eu\/fr-webzine\/wp-content\/uploads\/medias\/Epinal-1-1024x768.jpg","large-width":1024,"large-height":768,"1536x1536":"https:\/\/cdn.bymycar.eu\/fr-webzine\/wp-content\/uploads\/medias\/Epinal-1-1536x1152.jpg","1536x1536-width":1536,"1536x1536-height":1152,"2048x2048":"https:\/\/cdn.bymycar.eu\/fr-webzine\/wp-content\/uploads\/medias\/Epinal-1.jpg","2048x2048-width":2016,"2048x2048-height":1512}},"legende":""},{"image":false,"image_1600x700":false,"image_920x500":{"ID":56950,"id":56950,"title":"Paris (3)","filename":"Paris-3.jpeg","filesize":651482,"url":"https:\/\/cdn.bymycar.eu\/fr-webzine\/wp-content\/uploads\/medias\/Paris-3.jpeg","link":"https:\/\/www.bymycar.fr\/webzine\/le-tournoi-de-lapres-vente-2024-levenement-dedie-aux-equipes-de-nos-ateliers\/paris-3\/","alt":"","author":"88","description":"","caption":"","name":"paris-3","status":"inherit","uploaded_to":56940,"date":"2024-11-26 15:50:54","modified":"2024-11-26 15:50:54","menu_order":0,"mime_type":"image\/jpeg","type":"image","subtype":"jpeg","icon":"https:\/\/www.bymycar.fr\/webzine\/wp-includes\/images\/media\/default.png","width":1920,"height":2560,"sizes":{"thumbnail":"https:\/\/cdn.bymycar.eu\/fr-webzine\/wp-content\/uploads\/medias\/Paris-3-scaled-e1733296709435-150x150.jpeg","thumbnail-width":150,"thumbnail-height":150,"medium":"https:\/\/cdn.bymycar.eu\/fr-webzine\/wp-content\/uploads\/medias\/Paris-3-scaled-e1733296709435-225x300.jpeg","medium-width":225,"medium-height":300,"medium_large":"https:\/\/cdn.bymycar.eu\/fr-webzine\/wp-content\/uploads\/medias\/Paris-3-scaled-e1733296709435-768x1024.jpeg","medium_large-width":768,"medium_large-height":1024,"large":"https:\/\/cdn.bymycar.eu\/fr-webzine\/wp-content\/uploads\/medias\/Paris-3-scaled-e1733296709435-768x1024.jpeg","large-width":768,"large-height":1024,"1536x1536":"https:\/\/cdn.bymycar.eu\/fr-webzine\/wp-content\/uploads\/medias\/Paris-3-scaled-e1733296709435-1152x1536.jpeg","1536x1536-width":1152,"1536x1536-height":1536,"2048x2048":"https:\/\/cdn.bymycar.eu\/fr-webzine\/wp-content\/uploads\/medias\/Paris-3-scaled-e1733296709435-1536x2048.jpeg","2048x2048-width":1536,"2048x2048-height":2048}},"legende":""},{"image":false,"image_1600x700":false,"image_920x500":{"ID":56952,"id":56952,"title":"saint di\u00e9 (4)","filename":"saint-die-4.jpg","filesize":840769,"url":"https:\/\/cdn.bymycar.eu\/fr-webzine\/wp-content\/uploads\/medias\/saint-die-4.jpg","link":"https:\/\/www.bymycar.fr\/webzine\/le-tournoi-de-lapres-vente-2024-levenement-dedie-aux-equipes-de-nos-ateliers\/saint-die-4\/","alt":"","author":"88","description":"","caption":"","name":"saint-die-4","status":"inherit","uploaded_to":56940,"date":"2024-11-26 15:51:22","modified":"2024-11-26 15:51:22","menu_order":0,"mime_type":"image\/jpeg","type":"image","subtype":"jpeg","icon":"https:\/\/www.bymycar.fr\/webzine\/wp-includes\/images\/media\/default.png","width":2016,"height":1512,"sizes":{"thumbnail":"https:\/\/cdn.bymycar.eu\/fr-webzine\/wp-content\/uploads\/medias\/saint-die-4-150x150.jpg","thumbnail-width":150,"thumbnail-height":150,"medium":"https:\/\/cdn.bymycar.eu\/fr-webzine\/wp-content\/uploads\/medias\/saint-die-4-300x225.jpg","medium-width":300,"medium-height":225,"medium_large":"https:\/\/cdn.bymycar.eu\/fr-webzine\/wp-content\/uploads\/medias\/saint-die-4-768x576.jpg","medium_large-width":768,"medium_large-height":576,"large":"https:\/\/cdn.bymycar.eu\/fr-webzine\/wp-content\/uploads\/medias\/saint-die-4-1024x768.jpg","large-width":1024,"large-height":768,"1536x1536":"https:\/\/cdn.bymycar.eu\/fr-webzine\/wp-content\/uploads\/medias\/saint-die-4-1536x1152.jpg","1536x1536-width":1536,"1536x1536-height":1152,"2048x2048":"https:\/\/cdn.bymycar.eu\/fr-webzine\/wp-content\/uploads\/medias\/saint-die-4.jpg","2048x2048-width":2016,"2048x2048-height":1512}},"legende":""},{"image":false,"image_1600x700":false,"image_920x500":{"ID":56947,"id":56947,"title":"Lun\u00e9ville (3)","filename":"Luneville-3.jpg","filesize":752079,"url":"https:\/\/cdn.bymycar.eu\/fr-webzine\/wp-content\/uploads\/medias\/Luneville-3.jpg","link":"https:\/\/www.bymycar.fr\/webzine\/le-tournoi-de-lapres-vente-2024-levenement-dedie-aux-equipes-de-nos-ateliers\/luneville-3\/","alt":"","author":"88","description":"","caption":"","name":"luneville-3","status":"inherit","uploaded_to":56940,"date":"2024-11-26 15:50:41","modified":"2024-11-26 15:50:41","menu_order":0,"mime_type":"image\/jpeg","type":"image","subtype":"jpeg","icon":"https:\/\/www.bymycar.fr\/webzine\/wp-includes\/images\/media\/default.png","width":2016,"height":1512,"sizes":{"thumbnail":"https:\/\/cdn.bymycar.eu\/fr-webzine\/wp-content\/uploads\/medias\/Luneville-3-150x150.jpg","thumbnail-width":150,"thumbnail-height":150,"medium":"https:\/\/cdn.bymycar.eu\/fr-webzine\/wp-content\/uploads\/medias\/Luneville-3-300x225.jpg","medium-width":300,"medium-height":225,"medium_large":"https:\/\/cdn.bymycar.eu\/fr-webzine\/wp-content\/uploads\/medias\/Luneville-3-768x576.jpg","medium_large-width":768,"medium_large-height":576,"large":"https:\/\/cdn.bymycar.eu\/fr-webzine\/wp-content\/uploads\/medias\/Luneville-3-1024x768.jpg","large-width":1024,"large-height":768,"1536x1536":"https:\/\/cdn.bymycar.eu\/fr-webzine\/wp-content\/uploads\/medias\/Luneville-3-1536x1152.jpg","1536x1536-width":1536,"1536x1536-height":1152,"2048x2048":"https:\/\/cdn.bymycar.eu\/fr-webzine\/wp-content\/uploads\/medias\/Luneville-3.jpg","2048x2048-width":2016,"2048x2048-height":1512}},"legende":""},{"image":false,"image_1600x700":false,"image_920x500":{"ID":56990,"id":56990,"title":"IMG-20241211-WA0058","filename":"IMG-20241211-WA0058.jpg","filesize":562269,"url":"https:\/\/cdn.bymycar.eu\/fr-webzine\/wp-content\/uploads\/medias\/IMG-20241211-WA0058.jpg","link":"https:\/\/www.bymycar.fr\/webzine\/le-tournoi-de-lapres-vente-2024-levenement-dedie-aux-equipes-de-nos-ateliers\/img-20241211-wa0058\/","alt":"","author":"88","description":"","caption":"","name":"img-20241211-wa0058","status":"inherit","uploaded_to":56940,"date":"2024-12-11 09:47:26","modified":"2024-12-11 09:47:26","menu_order":0,"mime_type":"image\/jpeg","type":"image","subtype":"jpeg","icon":"https:\/\/www.bymycar.fr\/webzine\/wp-includes\/images\/media\/default.png","width":2048,"height":1536,"sizes":{"thumbnail":"https:\/\/cdn.bymycar.eu\/fr-webzine\/wp-content\/uploads\/medias\/IMG-20241211-WA0058-150x150.jpg","thumbnail-width":150,"thumbnail-height":150,"medium":"https:\/\/cdn.bymycar.eu\/fr-webzine\/wp-content\/uploads\/medias\/IMG-20241211-WA0058-300x225.jpg","medium-width":300,"medium-height":225,"medium_large":"https:\/\/cdn.bymycar.eu\/fr-webzine\/wp-content\/uploads\/medias\/IMG-20241211-WA0058-768x576.jpg","medium_large-width":768,"medium_large-height":576,"large":"https:\/\/cdn.bymycar.eu\/fr-webzine\/wp-content\/uploads\/medias\/IMG-20241211-WA0058-1024x768.jpg","large-width":1024,"large-height":768,"1536x1536":"https:\/\/cdn.bymycar.eu\/fr-webzine\/wp-content\/uploads\/medias\/IMG-20241211-WA0058-1536x1152.jpg","1536x1536-width":1536,"1536x1536-height":1152,"2048x2048":"https:\/\/cdn.bymycar.eu\/fr-webzine\/wp-content\/uploads\/medias\/IMG-20241211-WA0058.jpg","2048x2048-width":2048,"2048x2048-height":1536}},"legende":""},{"image":false,"image_1600x700":false,"image_920x500":{"ID":56991,"id":56991,"title":"IMG-20241211-WA0031","filename":"IMG-20241211-WA0031.jpg","filesize":282766,"url":"https:\/\/cdn.bymycar.eu\/fr-webzine\/wp-content\/uploads\/medias\/IMG-20241211-WA0031.jpg","link":"https:\/\/www.bymycar.fr\/webzine\/le-tournoi-de-lapres-vente-2024-levenement-dedie-aux-equipes-de-nos-ateliers\/img-20241211-wa0031\/","alt":"","author":"88","description":"","caption":"","name":"img-20241211-wa0031","status":"inherit","uploaded_to":56940,"date":"2024-12-11 09:52:53","modified":"2024-12-11 09:52:53","menu_order":0,"mime_type":"image\/jpeg","type":"image","subtype":"jpeg","icon":"https:\/\/www.bymycar.fr\/webzine\/wp-includes\/images\/media\/default.png","width":2048,"height":1536,"sizes":{"thumbnail":"https:\/\/cdn.bymycar.eu\/fr-webzine\/wp-content\/uploads\/medias\/IMG-20241211-WA0031-150x150.jpg","thumbnail-width":150,"thumbnail-height":150,"medium":"https:\/\/cdn.bymycar.eu\/fr-webzine\/wp-content\/uploads\/medias\/IMG-20241211-WA0031-300x225.jpg","medium-width":300,"medium-height":225,"medium_large":"https:\/\/cdn.bymycar.eu\/fr-webzine\/wp-content\/uploads\/medias\/IMG-20241211-WA0031-768x576.jpg","medium_large-width":768,"medium_large-height":576,"large":"https:\/\/cdn.bymycar.eu\/fr-webzine\/wp-content\/uploads\/medias\/IMG-20241211-WA0031-1024x768.jpg","large-width":1024,"large-height":768,"1536x1536":"https:\/\/cdn.bymycar.eu\/fr-webzine\/wp-content\/uploads\/medias\/IMG-20241211-WA0031-1536x1152.jpg","1536x1536-width":1536,"1536x1536-height":1152,"2048x2048":"https:\/\/cdn.bymycar.eu\/fr-webzine\/wp-content\/uploads\/medias\/IMG-20241211-WA0031.jpg","2048x2048-width":2048,"2048x2048-height":1536}},"legende":""},{"image":false,"image_1600x700":false,"image_920x500":{"ID":56992,"id":56992,"title":"IMG-20241211-WA0017","filename":"IMG-20241211-WA0017.jpg","filesize":303571,"url":"https:\/\/cdn.bymycar.eu\/fr-webzine\/wp-content\/uploads\/medias\/IMG-20241211-WA0017.jpg","link":"https:\/\/www.bymycar.fr\/webzine\/le-tournoi-de-lapres-vente-2024-levenement-dedie-aux-equipes-de-nos-ateliers\/img-20241211-wa0017\/","alt":"","author":"88","description":"","caption":"","name":"img-20241211-wa0017","status":"inherit","uploaded_to":56940,"date":"2024-12-11 09:53:32","modified":"2024-12-11 09:53:32","menu_order":0,"mime_type":"image\/jpeg","type":"image","subtype":"jpeg","icon":"https:\/\/www.bymycar.fr\/webzine\/wp-includes\/images\/media\/default.png","width":2048,"height":1536,"sizes":{"thumbnail":"https:\/\/cdn.bymycar.eu\/fr-webzine\/wp-content\/uploads\/medias\/IMG-20241211-WA0017-150x150.jpg","thumbnail-width":150,"thumbnail-height":150,"medium":"https:\/\/cdn.bymycar.eu\/fr-webzine\/wp-content\/uploads\/medias\/IMG-20241211-WA0017-300x225.jpg","medium-width":300,"medium-height":225,"medium_large":"https:\/\/cdn.bymycar.eu\/fr-webzine\/wp-content\/uploads\/medias\/IMG-20241211-WA0017-768x576.jpg","medium_large-width":768,"medium_large-height":576,"large":"https:\/\/cdn.bymycar.eu\/fr-webzine\/wp-content\/uploads\/medias\/IMG-20241211-WA0017-1024x768.jpg","large-width":1024,"large-height":768,"1536x1536":"https:\/\/cdn.bymycar.eu\/fr-webzine\/wp-content\/uploads\/medias\/IMG-20241211-WA0017-1536x1152.jpg","1536x1536-width":1536,"1536x1536-height":1152,"2048x2048":"https:\/\/cdn.bymycar.eu\/fr-webzine\/wp-content\/uploads\/medias\/IMG-20241211-WA0017.jpg","2048x2048-width":2048,"2048x2048-height":1536}},"legende":""},{"image":false,"image_1600x700":false,"image_920x500":{"ID":56993,"id":56993,"title":"IMG-20241211-WA0089","filename":"IMG-20241211-WA0089.jpg","filesize":402482,"url":"https:\/\/cdn.bymycar.eu\/fr-webzine\/wp-content\/uploads\/medias\/IMG-20241211-WA0089.jpg","link":"https:\/\/www.bymycar.fr\/webzine\/le-tournoi-de-lapres-vente-2024-levenement-dedie-aux-equipes-de-nos-ateliers\/img-20241211-wa0089\/","alt":"","author":"88","description":"","caption":"","name":"img-20241211-wa0089","status":"inherit","uploaded_to":56940,"date":"2024-12-11 09:54:24","modified":"2024-12-11 09:54:24","menu_order":0,"mime_type":"image\/jpeg","type":"image","subtype":"jpeg","icon":"https:\/\/www.bymycar.fr\/webzine\/wp-includes\/images\/media\/default.png","width":2048,"height":1536,"sizes":{"thumbnail":"https:\/\/cdn.bymycar.eu\/fr-webzine\/wp-content\/uploads\/medias\/IMG-20241211-WA0089-150x150.jpg","thumbnail-width":150,"thumbnail-height":150,"medium":"https:\/\/cdn.bymycar.eu\/fr-webzine\/wp-content\/uploads\/medias\/IMG-20241211-WA0089-300x225.jpg","medium-width":300,"medium-height":225,"medium_large":"https:\/\/cdn.bymycar.eu\/fr-webzine\/wp-content\/uploads\/medias\/IMG-20241211-WA0089-768x576.jpg","medium_large-width":768,"medium_large-height":576,"large":"https:\/\/cdn.bymycar.eu\/fr-webzine\/wp-content\/uploads\/medias\/IMG-20241211-WA0089-1024x768.jpg","large-width":1024,"large-height":768,"1536x1536":"https:\/\/cdn.bymycar.eu\/fr-webzine\/wp-content\/uploads\/medias\/IMG-20241211-WA0089-1536x1152.jpg","1536x1536-width":1536,"1536x1536-height":1152,"2048x2048":"https:\/\/cdn.bymycar.eu\/fr-webzine\/wp-content\/uploads\/medias\/IMG-20241211-WA0089.jpg","2048x2048-width":2048,"2048x2048-height":1536}},"legende":""},{"image":false,"image_1600x700":false,"image_920x500":{"ID":56994,"id":56994,"title":"IMG-20241211-WA0085","filename":"IMG-20241211-WA0085.jpg","filesize":405246,"url":"https:\/\/cdn.bymycar.eu\/fr-webzine\/wp-content\/uploads\/medias\/IMG-20241211-WA0085.jpg","link":"https:\/\/www.bymycar.fr\/webzine\/le-tournoi-de-lapres-vente-2024-levenement-dedie-aux-equipes-de-nos-ateliers\/img-20241211-wa0085\/","alt":"","author":"88","description":"","caption":"","name":"img-20241211-wa0085","status":"inherit","uploaded_to":56940,"date":"2024-12-11 09:55:33","modified":"2024-12-11 09:55:33","menu_order":0,"mime_type":"image\/jpeg","type":"image","subtype":"jpeg","icon":"https:\/\/www.bymycar.fr\/webzine\/wp-includes\/images\/media\/default.png","width":2048,"height":1536,"sizes":{"thumbnail":"https:\/\/cdn.bymycar.eu\/fr-webzine\/wp-content\/uploads\/medias\/IMG-20241211-WA0085-150x150.jpg","thumbnail-width":150,"thumbnail-height":150,"medium":"https:\/\/cdn.bymycar.eu\/fr-webzine\/wp-content\/uploads\/medias\/IMG-20241211-WA0085-300x225.jpg","medium-width":300,"medium-height":225,"medium_large":"https:\/\/cdn.bymycar.eu\/fr-webzine\/wp-content\/uploads\/medias\/IMG-20241211-WA0085-768x576.jpg","medium_large-width":768,"medium_large-height":576,"large":"https:\/\/cdn.bymycar.eu\/fr-webzine\/wp-content\/uploads\/medias\/IMG-20241211-WA0085-1024x768.jpg","large-width":1024,"large-height":768,"1536x1536":"https:\/\/cdn.bymycar.eu\/fr-webzine\/wp-content\/uploads\/medias\/IMG-20241211-WA0085-1536x1152.jpg","1536x1536-width":1536,"1536x1536-height":1152,"2048x2048":"https:\/\/cdn.bymycar.eu\/fr-webzine\/wp-content\/uploads\/medias\/IMG-20241211-WA0085.jpg","2048x2048-width":2048,"2048x2048-height":1536}},"legende":""}],"elements_comparatif":false,"texte_1":"","texte_2":"","image_1":false,"image_1_563x400":false,"image_1_332x332":false,"image_2":false,"image_2_333x240":false,"image_2_563x400":false,"image_3":false,"image_3_333x240":false,"image_3_332x450":false,"image_4":false,"image_4_332x332":false,"image_4_563x400":false,"code_embed":"","legende_video":"","photo":false,"photo_100x100":false,"nom":"","fonction":"","elements_timeline":false,"entetes_colonnes":false,"entetes_lignes":false,"lignes":false,"introduction":"","formulaire":false,"question":"","reponse":"","libelle_bouton_lien":"","url_lien":"","questions":false,"conclusions":false,"pays":false,"region":false,"marque":false,"marqueConcessions":false,"modele":false,"ptvente":false,"typeV":false,"collection":false,"nombre_maximum_elements":10,"lien_fin_carousel":"","texte_lien_fin_carousel":"","trier_par":false}],"is_old_post":false,"image":{"ID":56941,"id":56941,"title":"Orl\u00e9ans","filename":"Orleans.jpg","filesize":375701,"url":"https:\/\/cdn.bymycar.eu\/fr-webzine\/wp-content\/uploads\/medias\/Orleans.jpg","link":"https:\/\/www.bymycar.fr\/webzine\/le-tournoi-de-lapres-vente-2024-levenement-dedie-aux-equipes-de-nos-ateliers\/orleans-3\/","alt":"","author":"88","description":"","caption":"","name":"orleans-3","status":"inherit","uploaded_to":56940,"date":"2024-11-26 15:43:16","modified":"2024-11-26 15:43:16","menu_order":0,"mime_type":"image\/jpeg","type":"image","subtype":"jpeg","icon":"https:\/\/www.bymycar.fr\/webzine\/wp-includes\/images\/media\/default.png","width":2040,"height":1530,"sizes":{"thumbnail":"https:\/\/cdn.bymycar.eu\/fr-webzine\/wp-content\/uploads\/medias\/Orleans-150x150.jpg","thumbnail-width":150,"thumbnail-height":150,"medium":"https:\/\/cdn.bymycar.eu\/fr-webzine\/wp-content\/uploads\/medias\/Orleans-300x225.jpg","medium-width":300,"medium-height":225,"medium_large":"https:\/\/cdn.bymycar.eu\/fr-webzine\/wp-content\/uploads\/medias\/Orleans-768x576.jpg","medium_large-width":768,"medium_large-height":576,"large":"https:\/\/cdn.bymycar.eu\/fr-webzine\/wp-content\/uploads\/medias\/Orleans-1024x768.jpg","large-width":1024,"large-height":768,"1536x1536":"https:\/\/cdn.bymycar.eu\/fr-webzine\/wp-content\/uploads\/medias\/Orleans-1536x1152.jpg","1536x1536-width":1536,"1536x1536-height":1152,"2048x2048":"https:\/\/cdn.bymycar.eu\/fr-webzine\/wp-content\/uploads\/medias\/Orleans.jpg","2048x2048-width":2040,"2048x2048-height":1530}},"page_content":{"block_content":[{"acf_fc_layout":"text-simple","--nav":{"-withNav":false,"-ancre":""},"--group":{"-text":"<p><em><span style=\"font-size: 14pt\"><strong>Le tournoi de l\u2019APV, qu\u2019est-ce que c\u2019est ?<\/strong><\/span><\/em><\/p>\n<p>Le Tournoi de l&rsquo;APV est un \u00e9v\u00e9nement in\u00e9dit, qui s&rsquo;est d\u00e9roul\u00e9 de juillet \u00e0 d\u00e9cembre 2024 dans toutes nos concessions en France, en Suisse et de Belgique.<\/p>\n<p>Chaque concession a constitu\u00e9 plusieurs \u00e9quipes de 3 \u00e0 4 collaborateurs de l&rsquo;Apr\u00e8s-Vente, comprenant des m\u00e9caniciens, carrossiers, magasiniers, r\u00e9ceptionnaires ou des secr\u00e9taires commerciales.<\/p>\n<p>Les \u00e9quipes se sont affront\u00e9es lors d&rsquo;un tournoi r\u00e9gional, organis\u00e9s d\u00e9but octobre, autour de deux \u00e9preuves conviviales. Des animations qui ont permis de r\u00e9colter des points, et l&rsquo;\u00e9quipe ayant obtenu le meilleur score dans chaque r\u00e9gion a \u00e9t\u00e9 s\u00e9lectionn\u00e9e pour participer \u00e0 un s\u00e9minaire national APV \u00e0 Lyon.<\/p>\n"}},{"acf_fc_layout":"text-image","--nav":{"-withNav":false,"-ancre":""},"--group":{"-image":{"ID":56944,"id":56944,"title":"Lun\u00e9ville (2)","filename":"Luneville-2.jpg","filesize":657052,"url":"https:\/\/cdn.bymycar.eu\/fr-webzine\/wp-content\/uploads\/medias\/Luneville-2.jpg","link":"https:\/\/www.bymycar.fr\/webzine\/le-tournoi-de-lapres-vente-2024-levenement-dedie-aux-equipes-de-nos-ateliers\/luneville-2\/","alt":"","author":"88","description":"","caption":"","name":"luneville-2","status":"inherit","uploaded_to":56940,"date":"2024-11-26 15:48:07","modified":"2024-11-26 15:48:07","menu_order":0,"mime_type":"image\/jpeg","type":"image","subtype":"jpeg","icon":"https:\/\/www.bymycar.fr\/webzine\/wp-includes\/images\/media\/default.png","width":2016,"height":1512,"sizes":{"thumbnail":"https:\/\/cdn.bymycar.eu\/fr-webzine\/wp-content\/uploads\/medias\/Luneville-2-150x150.jpg","thumbnail-width":150,"thumbnail-height":150,"medium":"https:\/\/cdn.bymycar.eu\/fr-webzine\/wp-content\/uploads\/medias\/Luneville-2-300x225.jpg","medium-width":300,"medium-height":225,"medium_large":"https:\/\/cdn.bymycar.eu\/fr-webzine\/wp-content\/uploads\/medias\/Luneville-2-768x576.jpg","medium_large-width":768,"medium_large-height":576,"large":"https:\/\/cdn.bymycar.eu\/fr-webzine\/wp-content\/uploads\/medias\/Luneville-2-1024x768.jpg","large-width":1024,"large-height":768,"1536x1536":"https:\/\/cdn.bymycar.eu\/fr-webzine\/wp-content\/uploads\/medias\/Luneville-2-1536x1152.jpg","1536x1536-width":1536,"1536x1536-height":1152,"2048x2048":"https:\/\/cdn.bymycar.eu\/fr-webzine\/wp-content\/uploads\/medias\/Luneville-2.jpg","2048x2048-width":2016,"2048x2048-height":1512}},"-title":"","-text":"<p><em><span style=\"font-size: 14pt\"><strong>Quel \u00e9tait le but de cet \u00e9v\u00e9nement ?<\/strong><\/span><\/em><\/p>\n<div class=\"group\/conversation-turn relative flex w-full min-w-0 flex-col agent-turn\">\n<div class=\"flex-col gap-1 md:gap-3\">\n<div class=\"flex max-w-full flex-col flex-grow\">\n<div class=\"min-h-8 text-message flex w-full flex-col items-end gap-2 whitespace-normal break-words text-start [.text-message+&amp;]:mt-5\" dir=\"auto\" data-message-author-role=\"assistant\" data-message-id=\"13c99d98-6196-4307-be80-4cc1af58543d\" data-message-model-slug=\"gpt-4o-mini\">\n<div class=\"flex w-full flex-col gap-1 empty:hidden first:pt-[3px]\">\n<div class=\"markdown prose w-full break-words dark:prose-invert light\">\n<p>Cet \u00e9v\u00e9nement in\u00e9dit visait avant tout \u00e0 mettre en lumi\u00e8re les services et les \u00e9quipes de l&rsquo;Apr\u00e8s-Vente gr\u00e2ce \u00e0 un dispositif d\u00e9ploy\u00e9 \u00e0 l\u2019\u00e9chelle nationale. Pendant plusieurs mois, les collaborateurs se sont affront\u00e9s dans un esprit de comp\u00e9tition et de coh\u00e9sion \u00e0 travers diverses animations.<\/p>\n<p>Au programme, deux \u00e9preuves phares :<\/p>\n<ul>\n<li>Un grand quiz d\u00e9di\u00e9 \u00e0 la culture automobile<\/li>\n<li>Un escape game organis\u00e9 en concession<\/li>\n<\/ul>\n<p>Que ce soit durant la pause d\u00e9jeuner ou en afterwork, cet \u00e9v\u00e9nement offrait une parenth\u00e8se conviviale, propice aux \u00e9changes et au partage, au-del\u00e0 des missions quotidiennes.<\/p>\n<\/div>\n<\/div>\n<\/div>\n<\/div>\n<\/div>\n<\/div>\n"}},{"acf_fc_layout":"citation","--nav":{"-withNav":false,"-ancre":""},"--group":{"-citation":"Organisation au top, \u00e0 refaire ! \u00c7a fait plaisir que l\u2019Apr\u00e8s-Vente soit mis en avant.\u00a0 &#8211; K\u00e9vin Garnier, Technicien APV \u00e0 Renault Nancy<br \/>\n","-image":false,"-nom":"","-function":""}},{"acf_fc_layout":"text-image","--nav":{"-withNav":false,"-ancre":""},"--group":{"-image":{"ID":57227,"id":57227,"title":"1733938990364","filename":"1733938990364.jpg","filesize":138193,"url":"https:\/\/cdn.bymycar.eu\/fr-webzine\/wp-content\/uploads\/medias\/1733938990364.jpg","link":"https:\/\/www.bymycar.fr\/webzine\/le-tournoi-de-lapres-vente-2024-levenement-dedie-aux-equipes-de-nos-ateliers\/attachment\/1733938990364\/","alt":"","author":"88","description":"","caption":"","name":"1733938990364","status":"inherit","uploaded_to":56940,"date":"2025-01-29 09:10:54","modified":"2025-01-29 09:10:54","menu_order":0,"mime_type":"image\/jpeg","type":"image","subtype":"jpeg","icon":"https:\/\/www.bymycar.fr\/webzine\/wp-includes\/images\/media\/default.png","width":1280,"height":806,"sizes":{"thumbnail":"https:\/\/cdn.bymycar.eu\/fr-webzine\/wp-content\/uploads\/medias\/1733938990364-150x150.jpg","thumbnail-width":150,"thumbnail-height":150,"medium":"https:\/\/cdn.bymycar.eu\/fr-webzine\/wp-content\/uploads\/medias\/1733938990364-300x189.jpg","medium-width":300,"medium-height":189,"medium_large":"https:\/\/cdn.bymycar.eu\/fr-webzine\/wp-content\/uploads\/medias\/1733938990364-768x484.jpg","medium_large-width":768,"medium_large-height":484,"large":"https:\/\/cdn.bymycar.eu\/fr-webzine\/wp-content\/uploads\/medias\/1733938990364-1024x645.jpg","large-width":1024,"large-height":645,"1536x1536":"https:\/\/cdn.bymycar.eu\/fr-webzine\/wp-content\/uploads\/medias\/1733938990364.jpg","1536x1536-width":1280,"1536x1536-height":806,"2048x2048":"https:\/\/cdn.bymycar.eu\/fr-webzine\/wp-content\/uploads\/medias\/1733938990364.jpg","2048x2048-width":1280,"2048x2048-height":806}},"-title":"","-text":"<p><em><strong><span style=\"font-size: 14pt\">Quelle \u00e9tait la r\u00e9compense pour les \u00e9quipes gagnantes ?<\/span><\/strong><\/em><\/p>\n<p>Les \u00e9quipes victorieuses ont \u00e9t\u00e9 convi\u00e9es \u00e0 c\u00e9l\u00e9brer leur succ\u00e8s lors du 1er s\u00e9minaire de l\u2019APV Groupe. L\u2019\u00e9v\u00e9nement s\u2019est tenu \u00e0 Lyon, au Groupama Stadium, le stade des \u00ab\u00a0Gones\u00a0\u00bb, en pr\u00e9sence de leurs managers, de la Direction G\u00e9n\u00e9rale et de Carlos GOMES, CEO du Groupe Cosmobilis.<\/p>\n<p>Au programme : une pl\u00e9ni\u00e8re sur l\u2019importance de l\u2019APV dans les concessions, des f\u00e9licitations et remerciements, une visite du stade et un d\u00eener \u00e0 la Brasserie Bocuse.<\/p>\n<p>Le lendemain matin, les collaborateurs ont pris la direction du Circuit du Laquais pour un stage de pilotage sur piste GT et une course de karting. Une exp\u00e9rience appr\u00e9ci\u00e9e par tous, malgr\u00e9 des temp\u00e9ratures fra\u00eeches, qui a permis de m\u00ealer plaisir et reconnaissance.<\/p>\n"}},{"acf_fc_layout":"citation","--nav":{"-withNav":false,"-ancre":""},"--group":{"-citation":"Ev\u00e9nement plut\u00f4t amusant, et g\u00e9n\u00e8re un bon esprit de groupe. Je suis heureux d\u2019avoir particip\u00e9 \u00e0 ce premier tournoi des APV. &#8211; Baptiste Beguier, Technicien APV \u00e0 Volkswagen Orl\u00e9ans<br \/>\n","-image":false,"-nom":"","-function":""}},{"acf_fc_layout":"images-slider","--nav":{"-withNav":false,"-ancre":""},"--group":{"-listibg":[{"--image":{"ID":56946,"id":56946,"title":"Epinal (5)","filename":"Epinal-5.jpg","filesize":760632,"url":"https:\/\/cdn.bymycar.eu\/fr-webzine\/wp-content\/uploads\/medias\/Epinal-5.jpg","link":"https:\/\/www.bymycar.fr\/webzine\/le-tournoi-de-lapres-vente-2024-levenement-dedie-aux-equipes-de-nos-ateliers\/epinal-5\/","alt":"","author":"88","description":"","caption":"","name":"epinal-5","status":"inherit","uploaded_to":56940,"date":"2024-11-26 15:50:38","modified":"2024-11-26 15:50:38","menu_order":0,"mime_type":"image\/jpeg","type":"image","subtype":"jpeg","icon":"https:\/\/www.bymycar.fr\/webzine\/wp-includes\/images\/media\/default.png","width":2016,"height":1512,"sizes":{"thumbnail":"https:\/\/cdn.bymycar.eu\/fr-webzine\/wp-content\/uploads\/medias\/Epinal-5-150x150.jpg","thumbnail-width":150,"thumbnail-height":150,"medium":"https:\/\/cdn.bymycar.eu\/fr-webzine\/wp-content\/uploads\/medias\/Epinal-5-300x225.jpg","medium-width":300,"medium-height":225,"medium_large":"https:\/\/cdn.bymycar.eu\/fr-webzine\/wp-content\/uploads\/medias\/Epinal-5-768x576.jpg","medium_large-width":768,"medium_large-height":576,"large":"https:\/\/cdn.bymycar.eu\/fr-webzine\/wp-content\/uploads\/medias\/Epinal-5-1024x768.jpg","large-width":1024,"large-height":768,"1536x1536":"https:\/\/cdn.bymycar.eu\/fr-webzine\/wp-content\/uploads\/medias\/Epinal-5-1536x1152.jpg","1536x1536-width":1536,"1536x1536-height":1152,"2048x2048":"https:\/\/cdn.bymycar.eu\/fr-webzine\/wp-content\/uploads\/medias\/Epinal-5.jpg","2048x2048-width":2016,"2048x2048-height":1512}},"--legend":""},{"--image":{"ID":56944,"id":56944,"title":"Lun\u00e9ville (2)","filename":"Luneville-2.jpg","filesize":657052,"url":"https:\/\/cdn.bymycar.eu\/fr-webzine\/wp-content\/uploads\/medias\/Luneville-2.jpg","link":"https:\/\/www.bymycar.fr\/webzine\/le-tournoi-de-lapres-vente-2024-levenement-dedie-aux-equipes-de-nos-ateliers\/luneville-2\/","alt":"","author":"88","description":"","caption":"","name":"luneville-2","status":"inherit","uploaded_to":56940,"date":"2024-11-26 15:48:07","modified":"2024-11-26 15:48:07","menu_order":0,"mime_type":"image\/jpeg","type":"image","subtype":"jpeg","icon":"https:\/\/www.bymycar.fr\/webzine\/wp-includes\/images\/media\/default.png","width":2016,"height":1512,"sizes":{"thumbnail":"https:\/\/cdn.bymycar.eu\/fr-webzine\/wp-content\/uploads\/medias\/Luneville-2-150x150.jpg","thumbnail-width":150,"thumbnail-height":150,"medium":"https:\/\/cdn.bymycar.eu\/fr-webzine\/wp-content\/uploads\/medias\/Luneville-2-300x225.jpg","medium-width":300,"medium-height":225,"medium_large":"https:\/\/cdn.bymycar.eu\/fr-webzine\/wp-content\/uploads\/medias\/Luneville-2-768x576.jpg","medium_large-width":768,"medium_large-height":576,"large":"https:\/\/cdn.bymycar.eu\/fr-webzine\/wp-content\/uploads\/medias\/Luneville-2-1024x768.jpg","large-width":1024,"large-height":768,"1536x1536":"https:\/\/cdn.bymycar.eu\/fr-webzine\/wp-content\/uploads\/medias\/Luneville-2-1536x1152.jpg","1536x1536-width":1536,"1536x1536-height":1152,"2048x2048":"https:\/\/cdn.bymycar.eu\/fr-webzine\/wp-content\/uploads\/medias\/Luneville-2.jpg","2048x2048-width":2016,"2048x2048-height":1512}},"--legend":""},{"--image":{"ID":56945,"id":56945,"title":"Epinal (1)","filename":"Epinal-1.jpg","filesize":738821,"url":"https:\/\/cdn.bymycar.eu\/fr-webzine\/wp-content\/uploads\/medias\/Epinal-1.jpg","link":"https:\/\/www.bymycar.fr\/webzine\/le-tournoi-de-lapres-vente-2024-levenement-dedie-aux-equipes-de-nos-ateliers\/epinal-1\/","alt":"","author":"88","description":"","caption":"","name":"epinal-1","status":"inherit","uploaded_to":56940,"date":"2024-11-26 15:50:34","modified":"2024-11-26 15:50:34","menu_order":0,"mime_type":"image\/jpeg","type":"image","subtype":"jpeg","icon":"https:\/\/www.bymycar.fr\/webzine\/wp-includes\/images\/media\/default.png","width":2016,"height":1512,"sizes":{"thumbnail":"https:\/\/cdn.bymycar.eu\/fr-webzine\/wp-content\/uploads\/medias\/Epinal-1-150x150.jpg","thumbnail-width":150,"thumbnail-height":150,"medium":"https:\/\/cdn.bymycar.eu\/fr-webzine\/wp-content\/uploads\/medias\/Epinal-1-300x225.jpg","medium-width":300,"medium-height":225,"medium_large":"https:\/\/cdn.bymycar.eu\/fr-webzine\/wp-content\/uploads\/medias\/Epinal-1-768x576.jpg","medium_large-width":768,"medium_large-height":576,"large":"https:\/\/cdn.bymycar.eu\/fr-webzine\/wp-content\/uploads\/medias\/Epinal-1-1024x768.jpg","large-width":1024,"large-height":768,"1536x1536":"https:\/\/cdn.bymycar.eu\/fr-webzine\/wp-content\/uploads\/medias\/Epinal-1-1536x1152.jpg","1536x1536-width":1536,"1536x1536-height":1152,"2048x2048":"https:\/\/cdn.bymycar.eu\/fr-webzine\/wp-content\/uploads\/medias\/Epinal-1.jpg","2048x2048-width":2016,"2048x2048-height":1512}},"--legend":""},{"--image":{"ID":56950,"id":56950,"title":"Paris (3)","filename":"Paris-3.jpeg","filesize":651482,"url":"https:\/\/cdn.bymycar.eu\/fr-webzine\/wp-content\/uploads\/medias\/Paris-3.jpeg","link":"https:\/\/www.bymycar.fr\/webzine\/le-tournoi-de-lapres-vente-2024-levenement-dedie-aux-equipes-de-nos-ateliers\/paris-3\/","alt":"","author":"88","description":"","caption":"","name":"paris-3","status":"inherit","uploaded_to":56940,"date":"2024-11-26 15:50:54","modified":"2024-11-26 15:50:54","menu_order":0,"mime_type":"image\/jpeg","type":"image","subtype":"jpeg","icon":"https:\/\/www.bymycar.fr\/webzine\/wp-includes\/images\/media\/default.png","width":1920,"height":2560,"sizes":{"thumbnail":"https:\/\/cdn.bymycar.eu\/fr-webzine\/wp-content\/uploads\/medias\/Paris-3-scaled-e1733296709435-150x150.jpeg","thumbnail-width":150,"thumbnail-height":150,"medium":"https:\/\/cdn.bymycar.eu\/fr-webzine\/wp-content\/uploads\/medias\/Paris-3-scaled-e1733296709435-225x300.jpeg","medium-width":225,"medium-height":300,"medium_large":"https:\/\/cdn.bymycar.eu\/fr-webzine\/wp-content\/uploads\/medias\/Paris-3-scaled-e1733296709435-768x1024.jpeg","medium_large-width":768,"medium_large-height":1024,"large":"https:\/\/cdn.bymycar.eu\/fr-webzine\/wp-content\/uploads\/medias\/Paris-3-scaled-e1733296709435-768x1024.jpeg","large-width":768,"large-height":1024,"1536x1536":"https:\/\/cdn.bymycar.eu\/fr-webzine\/wp-content\/uploads\/medias\/Paris-3-scaled-e1733296709435-1152x1536.jpeg","1536x1536-width":1152,"1536x1536-height":1536,"2048x2048":"https:\/\/cdn.bymycar.eu\/fr-webzine\/wp-content\/uploads\/medias\/Paris-3-scaled-e1733296709435-1536x2048.jpeg","2048x2048-width":1536,"2048x2048-height":2048}},"--legend":""},{"--image":{"ID":56952,"id":56952,"title":"saint di\u00e9 (4)","filename":"saint-die-4.jpg","filesize":840769,"url":"https:\/\/cdn.bymycar.eu\/fr-webzine\/wp-content\/uploads\/medias\/saint-die-4.jpg","link":"https:\/\/www.bymycar.fr\/webzine\/le-tournoi-de-lapres-vente-2024-levenement-dedie-aux-equipes-de-nos-ateliers\/saint-die-4\/","alt":"","author":"88","description":"","caption":"","name":"saint-die-4","status":"inherit","uploaded_to":56940,"date":"2024-11-26 15:51:22","modified":"2024-11-26 15:51:22","menu_order":0,"mime_type":"image\/jpeg","type":"image","subtype":"jpeg","icon":"https:\/\/www.bymycar.fr\/webzine\/wp-includes\/images\/media\/default.png","width":2016,"height":1512,"sizes":{"thumbnail":"https:\/\/cdn.bymycar.eu\/fr-webzine\/wp-content\/uploads\/medias\/saint-die-4-150x150.jpg","thumbnail-width":150,"thumbnail-height":150,"medium":"https:\/\/cdn.bymycar.eu\/fr-webzine\/wp-content\/uploads\/medias\/saint-die-4-300x225.jpg","medium-width":300,"medium-height":225,"medium_large":"https:\/\/cdn.bymycar.eu\/fr-webzine\/wp-content\/uploads\/medias\/saint-die-4-768x576.jpg","medium_large-width":768,"medium_large-height":576,"large":"https:\/\/cdn.bymycar.eu\/fr-webzine\/wp-content\/uploads\/medias\/saint-die-4-1024x768.jpg","large-width":1024,"large-height":768,"1536x1536":"https:\/\/cdn.bymycar.eu\/fr-webzine\/wp-content\/uploads\/medias\/saint-die-4-1536x1152.jpg","1536x1536-width":1536,"1536x1536-height":1152,"2048x2048":"https:\/\/cdn.bymycar.eu\/fr-webzine\/wp-content\/uploads\/medias\/saint-die-4.jpg","2048x2048-width":2016,"2048x2048-height":1512}},"--legend":""},{"--image":{"ID":56947,"id":56947,"title":"Lun\u00e9ville (3)","filename":"Luneville-3.jpg","filesize":752079,"url":"https:\/\/cdn.bymycar.eu\/fr-webzine\/wp-content\/uploads\/medias\/Luneville-3.jpg","link":"https:\/\/www.bymycar.fr\/webzine\/le-tournoi-de-lapres-vente-2024-levenement-dedie-aux-equipes-de-nos-ateliers\/luneville-3\/","alt":"","author":"88","description":"","caption":"","name":"luneville-3","status":"inherit","uploaded_to":56940,"date":"2024-11-26 15:50:41","modified":"2024-11-26 15:50:41","menu_order":0,"mime_type":"image\/jpeg","type":"image","subtype":"jpeg","icon":"https:\/\/www.bymycar.fr\/webzine\/wp-includes\/images\/media\/default.png","width":2016,"height":1512,"sizes":{"thumbnail":"https:\/\/cdn.bymycar.eu\/fr-webzine\/wp-content\/uploads\/medias\/Luneville-3-150x150.jpg","thumbnail-width":150,"thumbnail-height":150,"medium":"https:\/\/cdn.bymycar.eu\/fr-webzine\/wp-content\/uploads\/medias\/Luneville-3-300x225.jpg","medium-width":300,"medium-height":225,"medium_large":"https:\/\/cdn.bymycar.eu\/fr-webzine\/wp-content\/uploads\/medias\/Luneville-3-768x576.jpg","medium_large-width":768,"medium_large-height":576,"large":"https:\/\/cdn.bymycar.eu\/fr-webzine\/wp-content\/uploads\/medias\/Luneville-3-1024x768.jpg","large-width":1024,"large-height":768,"1536x1536":"https:\/\/cdn.bymycar.eu\/fr-webzine\/wp-content\/uploads\/medias\/Luneville-3-1536x1152.jpg","1536x1536-width":1536,"1536x1536-height":1152,"2048x2048":"https:\/\/cdn.bymycar.eu\/fr-webzine\/wp-content\/uploads\/medias\/Luneville-3.jpg","2048x2048-width":2016,"2048x2048-height":1512}},"--legend":""},{"--image":{"ID":56990,"id":56990,"title":"IMG-20241211-WA0058","filename":"IMG-20241211-WA0058.jpg","filesize":562269,"url":"https:\/\/cdn.bymycar.eu\/fr-webzine\/wp-content\/uploads\/medias\/IMG-20241211-WA0058.jpg","link":"https:\/\/www.bymycar.fr\/webzine\/le-tournoi-de-lapres-vente-2024-levenement-dedie-aux-equipes-de-nos-ateliers\/img-20241211-wa0058\/","alt":"","author":"88","description":"","caption":"","name":"img-20241211-wa0058","status":"inherit","uploaded_to":56940,"date":"2024-12-11 09:47:26","modified":"2024-12-11 09:47:26","menu_order":0,"mime_type":"image\/jpeg","type":"image","subtype":"jpeg","icon":"https:\/\/www.bymycar.fr\/webzine\/wp-includes\/images\/media\/default.png","width":2048,"height":1536,"sizes":{"thumbnail":"https:\/\/cdn.bymycar.eu\/fr-webzine\/wp-content\/uploads\/medias\/IMG-20241211-WA0058-150x150.jpg","thumbnail-width":150,"thumbnail-height":150,"medium":"https:\/\/cdn.bymycar.eu\/fr-webzine\/wp-content\/uploads\/medias\/IMG-20241211-WA0058-300x225.jpg","medium-width":300,"medium-height":225,"medium_large":"https:\/\/cdn.bymycar.eu\/fr-webzine\/wp-content\/uploads\/medias\/IMG-20241211-WA0058-768x576.jpg","medium_large-width":768,"medium_large-height":576,"large":"https:\/\/cdn.bymycar.eu\/fr-webzine\/wp-content\/uploads\/medias\/IMG-20241211-WA0058-1024x768.jpg","large-width":1024,"large-height":768,"1536x1536":"https:\/\/cdn.bymycar.eu\/fr-webzine\/wp-content\/uploads\/medias\/IMG-20241211-WA0058-1536x1152.jpg","1536x1536-width":1536,"1536x1536-height":1152,"2048x2048":"https:\/\/cdn.bymycar.eu\/fr-webzine\/wp-content\/uploads\/medias\/IMG-20241211-WA0058.jpg","2048x2048-width":2048,"2048x2048-height":1536}},"--legend":""},{"--image":{"ID":56991,"id":56991,"title":"IMG-20241211-WA0031","filename":"IMG-20241211-WA0031.jpg","filesize":282766,"url":"https:\/\/cdn.bymycar.eu\/fr-webzine\/wp-content\/uploads\/medias\/IMG-20241211-WA0031.jpg","link":"https:\/\/www.bymycar.fr\/webzine\/le-tournoi-de-lapres-vente-2024-levenement-dedie-aux-equipes-de-nos-ateliers\/img-20241211-wa0031\/","alt":"","author":"88","description":"","caption":"","name":"img-20241211-wa0031","status":"inherit","uploaded_to":56940,"date":"2024-12-11 09:52:53","modified":"2024-12-11 09:52:53","menu_order":0,"mime_type":"image\/jpeg","type":"image","subtype":"jpeg","icon":"https:\/\/www.bymycar.fr\/webzine\/wp-includes\/images\/media\/default.png","width":2048,"height":1536,"sizes":{"thumbnail":"https:\/\/cdn.bymycar.eu\/fr-webzine\/wp-content\/uploads\/medias\/IMG-20241211-WA0031-150x150.jpg","thumbnail-width":150,"thumbnail-height":150,"medium":"https:\/\/cdn.bymycar.eu\/fr-webzine\/wp-content\/uploads\/medias\/IMG-20241211-WA0031-300x225.jpg","medium-width":300,"medium-height":225,"medium_large":"https:\/\/cdn.bymycar.eu\/fr-webzine\/wp-content\/uploads\/medias\/IMG-20241211-WA0031-768x576.jpg","medium_large-width":768,"medium_large-height":576,"large":"https:\/\/cdn.bymycar.eu\/fr-webzine\/wp-content\/uploads\/medias\/IMG-20241211-WA0031-1024x768.jpg","large-width":1024,"large-height":768,"1536x1536":"https:\/\/cdn.bymycar.eu\/fr-webzine\/wp-content\/uploads\/medias\/IMG-20241211-WA0031-1536x1152.jpg","1536x1536-width":1536,"1536x1536-height":1152,"2048x2048":"https:\/\/cdn.bymycar.eu\/fr-webzine\/wp-content\/uploads\/medias\/IMG-20241211-WA0031.jpg","2048x2048-width":2048,"2048x2048-height":1536}},"--legend":""},{"--image":{"ID":56992,"id":56992,"title":"IMG-20241211-WA0017","filename":"IMG-20241211-WA0017.jpg","filesize":303571,"url":"https:\/\/cdn.bymycar.eu\/fr-webzine\/wp-content\/uploads\/medias\/IMG-20241211-WA0017.jpg","link":"https:\/\/www.bymycar.fr\/webzine\/le-tournoi-de-lapres-vente-2024-levenement-dedie-aux-equipes-de-nos-ateliers\/img-20241211-wa0017\/","alt":"","author":"88","description":"","caption":"","name":"img-20241211-wa0017","status":"inherit","uploaded_to":56940,"date":"2024-12-11 09:53:32","modified":"2024-12-11 09:53:32","menu_order":0,"mime_type":"image\/jpeg","type":"image","subtype":"jpeg","icon":"https:\/\/www.bymycar.fr\/webzine\/wp-includes\/images\/media\/default.png","width":2048,"height":1536,"sizes":{"thumbnail":"https:\/\/cdn.bymycar.eu\/fr-webzine\/wp-content\/uploads\/medias\/IMG-20241211-WA0017-150x150.jpg","thumbnail-width":150,"thumbnail-height":150,"medium":"https:\/\/cdn.bymycar.eu\/fr-webzine\/wp-content\/uploads\/medias\/IMG-20241211-WA0017-300x225.jpg","medium-width":300,"medium-height":225,"medium_large":"https:\/\/cdn.bymycar.eu\/fr-webzine\/wp-content\/uploads\/medias\/IMG-20241211-WA0017-768x576.jpg","medium_large-width":768,"medium_large-height":576,"large":"https:\/\/cdn.bymycar.eu\/fr-webzine\/wp-content\/uploads\/medias\/IMG-20241211-WA0017-1024x768.jpg","large-width":1024,"large-height":768,"1536x1536":"https:\/\/cdn.bymycar.eu\/fr-webzine\/wp-content\/uploads\/medias\/IMG-20241211-WA0017-1536x1152.jpg","1536x1536-width":1536,"1536x1536-height":1152,"2048x2048":"https:\/\/cdn.bymycar.eu\/fr-webzine\/wp-content\/uploads\/medias\/IMG-20241211-WA0017.jpg","2048x2048-width":2048,"2048x2048-height":1536}},"--legend":""},{"--image":{"ID":56993,"id":56993,"title":"IMG-20241211-WA0089","filename":"IMG-20241211-WA0089.jpg","filesize":402482,"url":"https:\/\/cdn.bymycar.eu\/fr-webzine\/wp-content\/uploads\/medias\/IMG-20241211-WA0089.jpg","link":"https:\/\/www.bymycar.fr\/webzine\/le-tournoi-de-lapres-vente-2024-levenement-dedie-aux-equipes-de-nos-ateliers\/img-20241211-wa0089\/","alt":"","author":"88","description":"","caption":"","name":"img-20241211-wa0089","status":"inherit","uploaded_to":56940,"date":"2024-12-11 09:54:24","modified":"2024-12-11 09:54:24","menu_order":0,"mime_type":"image\/jpeg","type":"image","subtype":"jpeg","icon":"https:\/\/www.bymycar.fr\/webzine\/wp-includes\/images\/media\/default.png","width":2048,"height":1536,"sizes":{"thumbnail":"https:\/\/cdn.bymycar.eu\/fr-webzine\/wp-content\/uploads\/medias\/IMG-20241211-WA0089-150x150.jpg","thumbnail-width":150,"thumbnail-height":150,"medium":"https:\/\/cdn.bymycar.eu\/fr-webzine\/wp-content\/uploads\/medias\/IMG-20241211-WA0089-300x225.jpg","medium-width":300,"medium-height":225,"medium_large":"https:\/\/cdn.bymycar.eu\/fr-webzine\/wp-content\/uploads\/medias\/IMG-20241211-WA0089-768x576.jpg","medium_large-width":768,"medium_large-height":576,"large":"https:\/\/cdn.bymycar.eu\/fr-webzine\/wp-content\/uploads\/medias\/IMG-20241211-WA0089-1024x768.jpg","large-width":1024,"large-height":768,"1536x1536":"https:\/\/cdn.bymycar.eu\/fr-webzine\/wp-content\/uploads\/medias\/IMG-20241211-WA0089-1536x1152.jpg","1536x1536-width":1536,"1536x1536-height":1152,"2048x2048":"https:\/\/cdn.bymycar.eu\/fr-webzine\/wp-content\/uploads\/medias\/IMG-20241211-WA0089.jpg","2048x2048-width":2048,"2048x2048-height":1536}},"--legend":""},{"--image":{"ID":56994,"id":56994,"title":"IMG-20241211-WA0085","filename":"IMG-20241211-WA0085.jpg","filesize":405246,"url":"https:\/\/cdn.bymycar.eu\/fr-webzine\/wp-content\/uploads\/medias\/IMG-20241211-WA0085.jpg","link":"https:\/\/www.bymycar.fr\/webzine\/le-tournoi-de-lapres-vente-2024-levenement-dedie-aux-equipes-de-nos-ateliers\/img-20241211-wa0085\/","alt":"","author":"88","description":"","caption":"","name":"img-20241211-wa0085","status":"inherit","uploaded_to":56940,"date":"2024-12-11 09:55:33","modified":"2024-12-11 09:55:33","menu_order":0,"mime_type":"image\/jpeg","type":"image","subtype":"jpeg","icon":"https:\/\/www.bymycar.fr\/webzine\/wp-includes\/images\/media\/default.png","width":2048,"height":1536,"sizes":{"thumbnail":"https:\/\/cdn.bymycar.eu\/fr-webzine\/wp-content\/uploads\/medias\/IMG-20241211-WA0085-150x150.jpg","thumbnail-width":150,"thumbnail-height":150,"medium":"https:\/\/cdn.bymycar.eu\/fr-webzine\/wp-content\/uploads\/medias\/IMG-20241211-WA0085-300x225.jpg","medium-width":300,"medium-height":225,"medium_large":"https:\/\/cdn.bymycar.eu\/fr-webzine\/wp-content\/uploads\/medias\/IMG-20241211-WA0085-768x576.jpg","medium_large-width":768,"medium_large-height":576,"large":"https:\/\/cdn.bymycar.eu\/fr-webzine\/wp-content\/uploads\/medias\/IMG-20241211-WA0085-1024x768.jpg","large-width":1024,"large-height":768,"1536x1536":"https:\/\/cdn.bymycar.eu\/fr-webzine\/wp-content\/uploads\/medias\/IMG-20241211-WA0085-1536x1152.jpg","1536x1536-width":1536,"1536x1536-height":1152,"2048x2048":"https:\/\/cdn.bymycar.eu\/fr-webzine\/wp-content\/uploads\/medias\/IMG-20241211-WA0085.jpg","2048x2048-width":2048,"2048x2048-height":1536}},"--legend":""}]}}]},"add-carousel-to-footer":true},"yoast_head":"<!-- This site is optimized with the Yoast SEO Premium plugin v26.4 (Yoast SEO v26.4) - https:\/\/yoast.com\/wordpress\/plugins\/seo\/ -->\n<title>Le Tournoi de l&#039;Apr\u00e8s-Vente 2024, l&#039;\u00e9v\u00e9nement d\u00e9di\u00e9 aux \u00e9quipes de nos ateliers<\/title>\n<meta name=\"robots\" content=\"index, follow, max-snippet:-1, max-image-preview:large, max-video-preview:-1\" \/>\n<link rel=\"canonical\" href=\"https:\/\/www.bymycar.fr\/webzine\/le-tournoi-de-lapres-vente-2024-levenement-dedie-aux-equipes-de-nos-ateliers\/\" \/>\n<meta property=\"og:locale\" content=\"fr_FR\" \/>\n<meta property=\"og:type\" content=\"article\" \/>\n<meta property=\"og:title\" content=\"Le Tournoi de l&#039;Apr\u00e8s-Vente 2024, l&#039;\u00e9v\u00e9nement d\u00e9di\u00e9 aux \u00e9quipes de nos ateliers\" \/>\n<meta property=\"og:url\" content=\"https:\/\/www.bymycar.fr\/webzine\/le-tournoi-de-lapres-vente-2024-levenement-dedie-aux-equipes-de-nos-ateliers\/\" \/>\n<meta property=\"og:site_name\" content=\"Webzine auto BYmyCAR\" \/>\n<meta property=\"article:published_time\" content=\"2025-01-29T09:12:23+00:00\" \/>\n<meta property=\"article:modified_time\" content=\"2025-01-29T09:17:20+00:00\" \/>\n<meta property=\"og:image\" content=\"https:\/\/cdn.bymycar.eu\/fr-webzine\/wp-content\/uploads\/medias\/Orleans.jpg\" \/>\n\t<meta property=\"og:image:width\" content=\"2040\" \/>\n\t<meta property=\"og:image:height\" content=\"1530\" \/>\n\t<meta property=\"og:image:type\" content=\"image\/jpeg\" \/>\n<meta name=\"author\" content=\"La R\u00e9daction BYmyCAR\" \/>\n<meta name=\"twitter:card\" content=\"summary_large_image\" \/>\n<meta name=\"twitter:label1\" content=\"\u00c9crit par\" \/>\n\t<meta name=\"twitter:data1\" content=\"La R\u00e9daction BYmyCAR\" \/>\n<script type=\"application\/ld+json\" class=\"yoast-schema-graph\">{\"@context\":\"https:\/\/schema.org\",\"@graph\":[{\"@type\":\"Article\",\"@id\":\"https:\/\/www.bymycar.fr\/webzine\/le-tournoi-de-lapres-vente-2024-levenement-dedie-aux-equipes-de-nos-ateliers\/#article\",\"isPartOf\":{\"@id\":\"https:\/\/www.bymycar.fr\/webzine\/le-tournoi-de-lapres-vente-2024-levenement-dedie-aux-equipes-de-nos-ateliers\/\"},\"author\":{\"name\":\"La R\u00e9daction BYmyCAR\",\"@id\":\"https:\/\/www.bymycar.fr\/webzine\/#\/schema\/person\/8d570fe11eb8929f06c1e6d00f4d9689\"},\"headline\":\"Le Tournoi de l&rsquo;Apr\u00e8s-Vente 2024, l&rsquo;\u00e9v\u00e9nement d\u00e9di\u00e9 aux \u00e9quipes de nos ateliers\",\"datePublished\":\"2025-01-29T09:12:23+00:00\",\"dateModified\":\"2025-01-29T09:17:20+00:00\",\"mainEntityOfPage\":{\"@id\":\"https:\/\/www.bymycar.fr\/webzine\/le-tournoi-de-lapres-vente-2024-levenement-dedie-aux-equipes-de-nos-ateliers\/\"},\"wordCount\":16,\"publisher\":{\"@id\":\"https:\/\/www.bymycar.fr\/webzine\/#organization\"},\"image\":{\"@id\":\"https:\/\/www.bymycar.fr\/webzine\/le-tournoi-de-lapres-vente-2024-levenement-dedie-aux-equipes-de-nos-ateliers\/#primaryimage\"},\"thumbnailUrl\":\"https:\/\/cdn.bymycar.eu\/fr-webzine\/wp-content\/uploads\/medias\/Orleans.jpg\",\"articleSection\":[\"Actus RH BYmyCAR\",\"Ressources humaines\"],\"inLanguage\":\"fr-FR\"},{\"@type\":\"WebPage\",\"@id\":\"https:\/\/www.bymycar.fr\/webzine\/le-tournoi-de-lapres-vente-2024-levenement-dedie-aux-equipes-de-nos-ateliers\/\",\"url\":\"https:\/\/www.bymycar.fr\/webzine\/le-tournoi-de-lapres-vente-2024-levenement-dedie-aux-equipes-de-nos-ateliers\/\",\"name\":\"Le Tournoi de l'Apr\u00e8s-Vente 2024, l'\u00e9v\u00e9nement d\u00e9di\u00e9 aux \u00e9quipes de nos ateliers\",\"isPartOf\":{\"@id\":\"https:\/\/www.bymycar.fr\/webzine\/#website\"},\"primaryImageOfPage\":{\"@id\":\"https:\/\/www.bymycar.fr\/webzine\/le-tournoi-de-lapres-vente-2024-levenement-dedie-aux-equipes-de-nos-ateliers\/#primaryimage\"},\"image\":{\"@id\":\"https:\/\/www.bymycar.fr\/webzine\/le-tournoi-de-lapres-vente-2024-levenement-dedie-aux-equipes-de-nos-ateliers\/#primaryimage\"},\"thumbnailUrl\":\"https:\/\/cdn.bymycar.eu\/fr-webzine\/wp-content\/uploads\/medias\/Orleans.jpg\",\"datePublished\":\"2025-01-29T09:12:23+00:00\",\"dateModified\":\"2025-01-29T09:17:20+00:00\",\"breadcrumb\":{\"@id\":\"https:\/\/www.bymycar.fr\/webzine\/le-tournoi-de-lapres-vente-2024-levenement-dedie-aux-equipes-de-nos-ateliers\/#breadcrumb\"},\"inLanguage\":\"fr-FR\",\"potentialAction\":[{\"@type\":\"ReadAction\",\"target\":[\"https:\/\/www.bymycar.fr\/webzine\/le-tournoi-de-lapres-vente-2024-levenement-dedie-aux-equipes-de-nos-ateliers\/\"]}]},{\"@type\":\"ImageObject\",\"inLanguage\":\"fr-FR\",\"@id\":\"https:\/\/www.bymycar.fr\/webzine\/le-tournoi-de-lapres-vente-2024-levenement-dedie-aux-equipes-de-nos-ateliers\/#primaryimage\",\"url\":\"https:\/\/cdn.bymycar.eu\/fr-webzine\/wp-content\/uploads\/medias\/Orleans.jpg\",\"contentUrl\":\"https:\/\/cdn.bymycar.eu\/fr-webzine\/wp-content\/uploads\/medias\/Orleans.jpg\",\"width\":2040,\"height\":1530},{\"@type\":\"BreadcrumbList\",\"@id\":\"https:\/\/www.bymycar.fr\/webzine\/le-tournoi-de-lapres-vente-2024-levenement-dedie-aux-equipes-de-nos-ateliers\/#breadcrumb\",\"itemListElement\":[{\"@type\":\"ListItem\",\"position\":1,\"name\":\"Accueil\",\"item\":\"https:\/\/www.bymycar.fr\/webzine\/\"},{\"@type\":\"ListItem\",\"position\":2,\"name\":\"Le Tournoi de l&rsquo;Apr\u00e8s-Vente 2024, l&rsquo;\u00e9v\u00e9nement d\u00e9di\u00e9 aux \u00e9quipes de nos ateliers\"}]},{\"@type\":\"WebSite\",\"@id\":\"https:\/\/www.bymycar.fr\/webzine\/#website\",\"url\":\"https:\/\/www.bymycar.fr\/webzine\/\",\"name\":\"Webzine auto BYmyCAR\",\"description\":\"La magazine auto de BYmyCAR\",\"publisher\":{\"@id\":\"https:\/\/www.bymycar.fr\/webzine\/#organization\"},\"potentialAction\":[{\"@type\":\"SearchAction\",\"target\":{\"@type\":\"EntryPoint\",\"urlTemplate\":\"https:\/\/www.bymycar.fr\/webzine\/?s={search_term_string}\"},\"query-input\":{\"@type\":\"PropertyValueSpecification\",\"valueRequired\":true,\"valueName\":\"search_term_string\"}}],\"inLanguage\":\"fr-FR\"},{\"@type\":\"Organization\",\"@id\":\"https:\/\/www.bymycar.fr\/webzine\/#organization\",\"name\":\"BYmyCAR\",\"url\":\"https:\/\/www.bymycar.fr\/webzine\/\",\"logo\":{\"@type\":\"ImageObject\",\"inLanguage\":\"fr-FR\",\"@id\":\"https:\/\/www.bymycar.fr\/webzine\/#\/schema\/logo\/image\/\",\"url\":\"https:\/\/cdn.bymycar.eu\/fr-webzine\/wp-content\/uploads\/medias\/2017\/08\/logo_DEALER_00000406_001.png\",\"contentUrl\":\"https:\/\/cdn.bymycar.eu\/fr-webzine\/wp-content\/uploads\/medias\/2017\/08\/logo_DEALER_00000406_001.png\",\"width\":2132,\"height\":720,\"caption\":\"BYmyCAR\"},\"image\":{\"@id\":\"https:\/\/www.bymycar.fr\/webzine\/#\/schema\/logo\/image\/\"}},{\"@type\":\"Person\",\"@id\":\"https:\/\/www.bymycar.fr\/webzine\/#\/schema\/person\/8d570fe11eb8929f06c1e6d00f4d9689\",\"name\":\"La R\u00e9daction BYmyCAR\",\"image\":{\"@type\":\"ImageObject\",\"inLanguage\":\"fr-FR\",\"@id\":\"https:\/\/www.bymycar.fr\/webzine\/#\/schema\/person\/image\/\",\"url\":\"https:\/\/secure.gravatar.com\/avatar\/1aa6b039d0ce106989923af4e2d0f2a0c82bb070d5e449f1b9adf082a5863900?s=96&d=mm&r=g\",\"contentUrl\":\"https:\/\/secure.gravatar.com\/avatar\/1aa6b039d0ce106989923af4e2d0f2a0c82bb070d5e449f1b9adf082a5863900?s=96&d=mm&r=g\",\"caption\":\"La R\u00e9daction BYmyCAR\"},\"sameAs\":[\"https:\/\/www.bymycar.fr\/\"]}]}<\/script>\n<!-- \/ Yoast SEO Premium plugin. -->","yoast_head_json":{"title":"Le Tournoi de l'Apr\u00e8s-Vente 2024, l'\u00e9v\u00e9nement d\u00e9di\u00e9 aux \u00e9quipes de nos ateliers","robots":{"index":"index","follow":"follow","max-snippet":"max-snippet:-1","max-image-preview":"max-image-preview:large","max-video-preview":"max-video-preview:-1"},"canonical":"https:\/\/www.bymycar.fr\/webzine\/le-tournoi-de-lapres-vente-2024-levenement-dedie-aux-equipes-de-nos-ateliers\/","og_locale":"fr_FR","og_type":"article","og_title":"Le Tournoi de l'Apr\u00e8s-Vente 2024, l'\u00e9v\u00e9nement d\u00e9di\u00e9 aux \u00e9quipes de nos ateliers","og_url":"https:\/\/www.bymycar.fr\/webzine\/le-tournoi-de-lapres-vente-2024-levenement-dedie-aux-equipes-de-nos-ateliers\/","og_site_name":"Webzine auto BYmyCAR","article_published_time":"2025-01-29T09:12:23+00:00","article_modified_time":"2025-01-29T09:17:20+00:00","og_image":[{"width":2040,"height":1530,"url":"https:\/\/cdn.bymycar.eu\/fr-webzine\/wp-content\/uploads\/medias\/Orleans.jpg","type":"image\/jpeg"}],"author":"La R\u00e9daction BYmyCAR","twitter_card":"summary_large_image","twitter_misc":{"\u00c9crit par":"La R\u00e9daction BYmyCAR"},"schema":{"@context":"https:\/\/schema.org","@graph":[{"@type":"Article","@id":"https:\/\/www.bymycar.fr\/webzine\/le-tournoi-de-lapres-vente-2024-levenement-dedie-aux-equipes-de-nos-ateliers\/#article","isPartOf":{"@id":"https:\/\/www.bymycar.fr\/webzine\/le-tournoi-de-lapres-vente-2024-levenement-dedie-aux-equipes-de-nos-ateliers\/"},"author":{"name":"La R\u00e9daction BYmyCAR","@id":"https:\/\/www.bymycar.fr\/webzine\/#\/schema\/person\/8d570fe11eb8929f06c1e6d00f4d9689"},"headline":"Le Tournoi de l&rsquo;Apr\u00e8s-Vente 2024, l&rsquo;\u00e9v\u00e9nement d\u00e9di\u00e9 aux \u00e9quipes de nos ateliers","datePublished":"2025-01-29T09:12:23+00:00","dateModified":"2025-01-29T09:17:20+00:00","mainEntityOfPage":{"@id":"https:\/\/www.bymycar.fr\/webzine\/le-tournoi-de-lapres-vente-2024-levenement-dedie-aux-equipes-de-nos-ateliers\/"},"wordCount":16,"publisher":{"@id":"https:\/\/www.bymycar.fr\/webzine\/#organization"},"image":{"@id":"https:\/\/www.bymycar.fr\/webzine\/le-tournoi-de-lapres-vente-2024-levenement-dedie-aux-equipes-de-nos-ateliers\/#primaryimage"},"thumbnailUrl":"https:\/\/cdn.bymycar.eu\/fr-webzine\/wp-content\/uploads\/medias\/Orleans.jpg","articleSection":["Actus RH BYmyCAR","Ressources humaines"],"inLanguage":"fr-FR"},{"@type":"WebPage","@id":"https:\/\/www.bymycar.fr\/webzine\/le-tournoi-de-lapres-vente-2024-levenement-dedie-aux-equipes-de-nos-ateliers\/","url":"https:\/\/www.bymycar.fr\/webzine\/le-tournoi-de-lapres-vente-2024-levenement-dedie-aux-equipes-de-nos-ateliers\/","name":"Le Tournoi de l'Apr\u00e8s-Vente 2024, l'\u00e9v\u00e9nement d\u00e9di\u00e9 aux \u00e9quipes de nos ateliers","isPartOf":{"@id":"https:\/\/www.bymycar.fr\/webzine\/#website"},"primaryImageOfPage":{"@id":"https:\/\/www.bymycar.fr\/webzine\/le-tournoi-de-lapres-vente-2024-levenement-dedie-aux-equipes-de-nos-ateliers\/#primaryimage"},"image":{"@id":"https:\/\/www.bymycar.fr\/webzine\/le-tournoi-de-lapres-vente-2024-levenement-dedie-aux-equipes-de-nos-ateliers\/#primaryimage"},"thumbnailUrl":"https:\/\/cdn.bymycar.eu\/fr-webzine\/wp-content\/uploads\/medias\/Orleans.jpg","datePublished":"2025-01-29T09:12:23+00:00","dateModified":"2025-01-29T09:17:20+00:00","breadcrumb":{"@id":"https:\/\/www.bymycar.fr\/webzine\/le-tournoi-de-lapres-vente-2024-levenement-dedie-aux-equipes-de-nos-ateliers\/#breadcrumb"},"inLanguage":"fr-FR","potentialAction":[{"@type":"ReadAction","target":["https:\/\/www.bymycar.fr\/webzine\/le-tournoi-de-lapres-vente-2024-levenement-dedie-aux-equipes-de-nos-ateliers\/"]}]},{"@type":"ImageObject","inLanguage":"fr-FR","@id":"https:\/\/www.bymycar.fr\/webzine\/le-tournoi-de-lapres-vente-2024-levenement-dedie-aux-equipes-de-nos-ateliers\/#primaryimage","url":"https:\/\/cdn.bymycar.eu\/fr-webzine\/wp-content\/uploads\/medias\/Orleans.jpg","contentUrl":"https:\/\/cdn.bymycar.eu\/fr-webzine\/wp-content\/uploads\/medias\/Orleans.jpg","width":2040,"height":1530},{"@type":"BreadcrumbList","@id":"https:\/\/www.bymycar.fr\/webzine\/le-tournoi-de-lapres-vente-2024-levenement-dedie-aux-equipes-de-nos-ateliers\/#breadcrumb","itemListElement":[{"@type":"ListItem","position":1,"name":"Accueil","item":"https:\/\/www.bymycar.fr\/webzine\/"},{"@type":"ListItem","position":2,"name":"Le Tournoi de l&rsquo;Apr\u00e8s-Vente 2024, l&rsquo;\u00e9v\u00e9nement d\u00e9di\u00e9 aux \u00e9quipes de nos ateliers"}]},{"@type":"WebSite","@id":"https:\/\/www.bymycar.fr\/webzine\/#website","url":"https:\/\/www.bymycar.fr\/webzine\/","name":"Webzine auto BYmyCAR","description":"La magazine auto de BYmyCAR","publisher":{"@id":"https:\/\/www.bymycar.fr\/webzine\/#organization"},"potentialAction":[{"@type":"SearchAction","target":{"@type":"EntryPoint","urlTemplate":"https:\/\/www.bymycar.fr\/webzine\/?s={search_term_string}"},"query-input":{"@type":"PropertyValueSpecification","valueRequired":true,"valueName":"search_term_string"}}],"inLanguage":"fr-FR"},{"@type":"Organization","@id":"https:\/\/www.bymycar.fr\/webzine\/#organization","name":"BYmyCAR","url":"https:\/\/www.bymycar.fr\/webzine\/","logo":{"@type":"ImageObject","inLanguage":"fr-FR","@id":"https:\/\/www.bymycar.fr\/webzine\/#\/schema\/logo\/image\/","url":"https:\/\/cdn.bymycar.eu\/fr-webzine\/wp-content\/uploads\/medias\/2017\/08\/logo_DEALER_00000406_001.png","contentUrl":"https:\/\/cdn.bymycar.eu\/fr-webzine\/wp-content\/uploads\/medias\/2017\/08\/logo_DEALER_00000406_001.png","width":2132,"height":720,"caption":"BYmyCAR"},"image":{"@id":"https:\/\/www.bymycar.fr\/webzine\/#\/schema\/logo\/image\/"}},{"@type":"Person","@id":"https:\/\/www.bymycar.fr\/webzine\/#\/schema\/person\/8d570fe11eb8929f06c1e6d00f4d9689","name":"La R\u00e9daction BYmyCAR","image":{"@type":"ImageObject","inLanguage":"fr-FR","@id":"https:\/\/www.bymycar.fr\/webzine\/#\/schema\/person\/image\/","url":"https:\/\/secure.gravatar.com\/avatar\/1aa6b039d0ce106989923af4e2d0f2a0c82bb070d5e449f1b9adf082a5863900?s=96&d=mm&r=g","contentUrl":"https:\/\/secure.gravatar.com\/avatar\/1aa6b039d0ce106989923af4e2d0f2a0c82bb070d5e449f1b9adf082a5863900?s=96&d=mm&r=g","caption":"La R\u00e9daction BYmyCAR"},"sameAs":["https:\/\/www.bymycar.fr\/"]}]}},"_links":{"self":[{"href":"https:\/\/www.bymycar.fr\/webzine\/wp-json\/wp\/v2\/posts\/56940","targetHints":{"allow":["GET"]}}],"collection":[{"href":"https:\/\/www.bymycar.fr\/webzine\/wp-json\/wp\/v2\/posts"}],"about":[{"href":"https:\/\/www.bymycar.fr\/webzine\/wp-json\/wp\/v2\/types\/post"}],"author":[{"embeddable":true,"href":"https:\/\/www.bymycar.fr\/webzine\/wp-json\/wp\/v2\/users\/88"}],"replies":[{"embeddable":true,"href":"https:\/\/www.bymycar.fr\/webzine\/wp-json\/wp\/v2\/comments?post=56940"}],"version-history":[{"count":40,"href":"https:\/\/www.bymycar.fr\/webzine\/wp-json\/wp\/v2\/posts\/56940\/revisions"}],"predecessor-version":[{"id":57236,"href":"https:\/\/www.bymycar.fr\/webzine\/wp-json\/wp\/v2\/posts\/56940\/revisions\/57236"}],"wp:featuredmedia":[{"embeddable":true,"href":"https:\/\/www.bymycar.fr\/webzine\/wp-json\/wp\/v2\/media\/56941"}],"wp:attachment":[{"href":"https:\/\/www.bymycar.fr\/webzine\/wp-json\/wp\/v2\/media?parent=56940"}],"wp:term":[{"taxonomy":"category","embeddable":true,"href":"https:\/\/www.bymycar.fr\/webzine\/wp-json\/wp\/v2\/categories?post=56940"},{"taxonomy":"post_tag","embeddable":true,"href":"https:\/\/www.bymycar.fr\/webzine\/wp-json\/wp\/v2\/tags?post=56940"}],"curies":[{"name":"wp","href":"https:\/\/api.w.org\/{rel}","templated":true}]}}